{"id":2084,"date":"2019-01-16T11:34:22","date_gmt":"2019-01-16T10:34:22","guid":{"rendered":"http:\/\/www.meslibellules.fr\/blog\/?p=2084"},"modified":"2026-01-04T19:20:44","modified_gmt":"2026-01-04T18:20:44","slug":"prodasineura-croconota","status":"publish","type":"post","link":"https:\/\/www.meslibellules.fr\/blog\/2019\/01\/16\/prodasineura-croconota\/","title":{"rendered":"Vietnam 2018 &#8211; Prodasineura croconota (Ris, 1916)"},"content":{"rendered":"\n<figure class=\"wp-block-image aligncenter is-resized\"><a href=\"https:\/\/www.meslibellules.fr\/blog\/wp-content\/uploads\/2019\/01\/prodasineura-croconota.jpg\"><img decoding=\"async\" width=\"1764\" height=\"1204\" data-src=\"https:\/\/www.meslibellules.fr\/blog\/wp-content\/uploads\/2019\/01\/prodasineura-croconota.jpg\" alt=\"Prodasineura croconota m\u00e2le, Vietnam, Xuan Son, 08\/06\/2018\" class=\"wp-image-2082 lazyload\" style=\"--smush-placeholder-width: 1764px; --smush-placeholder-aspect-ratio: 1764\/1204;width:627px;height:auto\" data-srcset=\"https:\/\/www.meslibellules.fr\/blog\/wp-content\/uploads\/2019\/01\/prodasineura-croconota.jpg 1764w, https:\/\/www.meslibellules.fr\/blog\/wp-content\/uploads\/2019\/01\/prodasineura-croconota-768x524.jpg 768w, https:\/\/www.meslibellules.fr\/blog\/wp-content\/uploads\/2019\/01\/prodasineura-croconota-1200x819.jpg 1200w\" data-sizes=\"(max-width: 1764px) 100vw, 1764px\" src=\"data:image\/svg+xml;base64,PHN2ZyB3aWR0aD0iMSIgaGVpZ2h0PSIxIiB4bWxucz0iaHR0cDovL3d3dy53My5vcmcvMjAwMC9zdmciPjwvc3ZnPg==\" \/><\/a><figcaption class=\"wp-element-caption\">Prodasineura croconota m\u00e2le, Vietnam, Xuan Son, 08\/06\/2018<\/figcaption><\/figure>\n\n\n\n<p style=\"font-size:14px\">Prodasineura croconota (Platycnemididae, ex-Protoneuridae) se distingue des autres Prodasineura par les tr\u00e8s larges marques jaunes ou orange de la face dorsale de son thorax et la ligne jaune lat\u00e9rale qui le parcourt. En anglais, il prend le nom de Orange-backed Threadtail.<br>Il \u00ab\u00a0pendait\u00a0\u00bb \u00e0 une feuille sur le chemin qui longe une des rivi\u00e8res du parc de Xuan Son. Il mesure 35 \u00e0 37 mm et se rencontre dans le sud de la Chine, y compris Hong Kong, et le nord et le centre du Vietnam.<br><a href=\"https:\/\/www.iucnredlist.org\/species\/167213\/6316377\">IUCN Red List <\/a><br><br>Quelques dizaines de jours apr\u00e8s avoir r\u00e9alis\u00e9 cette page, j&rsquo;ai retrouv\u00e9, mal class\u00e9e dans les Protosticta, cette femelle tr\u00e8s jeune qui a tout l&rsquo;air d&rsquo;\u00eatre une femelle Prodasineura croconota; comme les m\u00e2les, elle montre ces petits points clairs sur l&rsquo;abdomen pr\u00e8s de la base de chaque segment abdominal (alors que les marques plus larges sont \u00e0 l&rsquo;apex du segment pr\u00e9c\u00e9dent). Elle a cependant un tout petit peu plus de coloration blanche sur le 9\u00b0 segment que ce que j&rsquo;ai pu trouver sur le Web.<\/p>\n\n\n\n<figure class=\"wp-block-image aligncenter is-resized\"><a href=\"https:\/\/www.meslibellules.fr\/blog\/wp-content\/uploads\/2019\/01\/prodasineura-croconota-femelle.jpg\"><img decoding=\"async\" width=\"1319\" height=\"1204\" data-src=\"https:\/\/www.meslibellules.fr\/blog\/wp-content\/uploads\/2019\/01\/prodasineura-croconota-femelle.jpg\" alt=\"Prodasineura croconota femelle, Vietnam, Xuan Son, 09\/06\/2018\" class=\"wp-image-2199 lazyload\" style=\"--smush-placeholder-width: 1319px; --smush-placeholder-aspect-ratio: 1319\/1204;width:557px;height:auto\" data-srcset=\"https:\/\/www.meslibellules.fr\/blog\/wp-content\/uploads\/2019\/01\/prodasineura-croconota-femelle.jpg 1319w, https:\/\/www.meslibellules.fr\/blog\/wp-content\/uploads\/2019\/01\/prodasineura-croconota-femelle-768x701.jpg 768w, https:\/\/www.meslibellules.fr\/blog\/wp-content\/uploads\/2019\/01\/prodasineura-croconota-femelle-1200x1095.jpg 1200w\" data-sizes=\"(max-width: 1319px) 100vw, 1319px\" src=\"data:image\/svg+xml;base64,PHN2ZyB3aWR0aD0iMSIgaGVpZ2h0PSIxIiB4bWxucz0iaHR0cDovL3d3dy53My5vcmcvMjAwMC9zdmciPjwvc3ZnPg==\" \/><\/a><figcaption class=\"wp-element-caption\">Prodasineura croconota femelle, Vietnam, Xuan Son, 09\/06\/2018<\/figcaption><\/figure>\n\n\n\n<p><strong>\u00c9tymologie<\/strong><br>Ris a d\u00e9crit cette esp\u00e8ce sous le nom de genre Disparoneura (Selys, 1860).<br><strong>Prodasineura<\/strong>\u00a0(Cowley, 1934) ; je ne suis pas parvenu \u00e0 acc\u00e9der au document dans lequel Cowley s\u00e9pare ce genre des Disparoneura (il reste quelques esp\u00e8ces appartenant \u00e0 ce genre en Inde et en Afrique). Les deux genres sont tr\u00e8s proches et pour insister sur cette cette proximit\u00e9, il a cr\u00e9\u00e9 un\u00a0<em>anagramme<\/em>\u00a0de Disparoneura.<br><strong>Croconota<\/strong> du grec <em>krokos<\/em> qui signifie<em> safran<\/em> (jaune orang\u00e9 intense) et du grec <em>noton<\/em> qui signifie<em> dos<\/em> et qui s&rsquo;applique, en entomologie, \u00e0 la face dorsale de l&rsquo;abdomen ou du thorax. C&rsquo;est bien s\u00fbr ici une r\u00e9f\u00e9rence \u00e0 la face dorsale jaune vif du thorax : \u00ab\u00a0Thorax-dorsum leuchtend orange\u00a0\u00bb. Cette interpr\u00e9tation de l&rsquo;\u00e9tymologie est confirm\u00e9e par Fliedner (2021).<\/p>\n\n\n\n<div style=\"height:30px\" aria-hidden=\"true\" class=\"wp-block-spacer\"><\/div>\n\n\n\n<p><strong>Cowley, 1934<\/strong>\u00a0&#8211; Notes on some generic names of Odonata &#8211;\u00a0<em>Entomologist&rsquo;s Monthly Magazine<\/em>\u00a0-Volume 70, pages 240 \u00e0 247.<br><strong>Fliedner Heinrich, 2021<\/strong> &#8211; <a href=\"https:\/\/www.researchgate.net\/publication\/367150062_The_scientific_names_of_Ris'_odonate_taxa#fullTextFileContent\">The scientific names of Ris&rsquo; odonate taxa<\/a> &#8211; Journal of the International Dragonfly Fund<br><strong>Ris, 1916<\/strong>. <a href=\"https:\/\/sdei.senckenberg.de\/media\/openaccess\/01473.pdf\" target=\"_blank\" rel=\"noreferrer noopener\">H. Sauter&rsquo;s Formosa-Ausbeute. Odonata<\/a>. <em>Supplementa Entomologica<\/em>, 5, 1\u201381- p.18.<\/p>\n\n\n\n<div style=\"height:30px\" aria-hidden=\"true\" class=\"wp-block-spacer\"><\/div>\n\n\n\n\n\n<div class=\"wp-block-buttons is-vertical is-layout-flex wp-container-core-buttons-is-layout-fe9cc265 wp-block-buttons-is-layout-flex\">\n<div class=\"wp-block-button\"><a class=\"wp-block-button__link wp-element-button\" href=\"https:\/\/www.meslibellules.fr\/blog\/odonates-du-vietnam-2012-2018\/\">Accueil Vietnam<\/a><\/div>\n\n\n\n<div class=\"wp-block-button\"><a class=\"wp-block-button__link wp-element-button\" href=\"http:\/\/www.meslibellules.fr\/pagesweb\/divers\/liste-generale-odonates-du-site\/asia-odonates.php\">Liste Asie<\/a><\/div>\n\n\n\n<div class=\"wp-block-button\"><a class=\"wp-block-button__link wp-element-button\" href=\"https:\/\/www.meslibellules.fr\/blog\/\">Accueil<\/a><\/div>\n<\/div>\n\n\n\n<p><\/p>\n","protected":false},"excerpt":{"rendered":"<p>Prodasineura croconota (Platycnemididae, ex-Protoneuridae) se distingue des autres Prodasineura par les tr\u00e8s larges marques jaunes ou orange de la face dorsale de son thorax et la ligne jaune lat\u00e9rale qui le parcourt. En anglais, il prend le nom de Orange-backed Threadtail.Il \u00ab\u00a0pendait\u00a0\u00bb \u00e0 une feuille sur le chemin qui longe une des rivi\u00e8res du parc [&hellip;]<\/p>\n","protected":false},"author":1,"featured_media":0,"comment_status":"open","ping_status":"open","sticky":false,"template":"","format":"image","meta":{"site-sidebar-layout":"default","site-content-layout":"","ast-site-content-layout":"default","site-content-style":"default","site-sidebar-style":"default","ast-global-header-display":"","ast-banner-title-visibility":"","ast-main-header-display":"","ast-hfb-above-header-display":"","ast-hfb-below-header-display":"","ast-hfb-mobile-header-display":"","site-post-title":"","ast-breadcrumbs-content":"","ast-featured-img":"","footer-sml-layout":"","ast-disable-related-posts":"","theme-transparent-header-meta":"","adv-header-id-meta":"","stick-header-meta":"","header-above-stick-meta":"","header-main-stick-meta":"","header-below-stick-meta":"","astra-migrate-meta-layouts":"set","ast-page-background-enabled":"default","ast-page-background-meta":{"desktop":{"background-color":"var(--ast-global-color-4)","background-image":"","background-repeat":"repeat","background-position":"center center","background-size":"auto","background-attachment":"scroll","background-type":"","background-media":"","overlay-type":"","overlay-color":"","overlay-opacity":"","overlay-gradient":""},"tablet":{"background-color":"","background-image":"","background-repeat":"repeat","background-position":"center center","background-size":"auto","background-attachment":"scroll","background-type":"","background-media":"","overlay-type":"","overlay-color":"","overlay-opacity":"","overlay-gradient":""},"mobile":{"background-color":"","background-image":"","background-repeat":"repeat","background-position":"center center","background-size":"auto","background-attachment":"scroll","background-type":"","background-media":"","overlay-type":"","overlay-color":"","overlay-opacity":"","overlay-gradient":""}},"ast-content-background-meta":{"desktop":{"background-color":"var(--ast-global-color-5)","background-image":"","background-repeat":"repeat","background-position":"center center","background-size":"auto","background-attachment":"scroll","background-type":"","background-media":"","overlay-type":"","overlay-color":"","overlay-opacity":"","overlay-gradient":""},"tablet":{"background-color":"var(--ast-global-color-5)","background-image":"","background-repeat":"repeat","background-position":"center center","background-size":"auto","background-attachment":"scroll","background-type":"","background-media":"","overlay-type":"","overlay-color":"","overlay-opacity":"","overlay-gradient":""},"mobile":{"background-color":"var(--ast-global-color-5)","background-image":"","background-repeat":"repeat","background-position":"center center","background-size":"auto","background-attachment":"scroll","background-type":"","background-media":"","overlay-type":"","overlay-color":"","overlay-opacity":"","overlay-gradient":""}},"footnotes":""},"categories":[74,54],"tags":[],"class_list":["post-2084","post","type-post","status-publish","format-image","hentry","category-protoneuridae","category-vietnam","post_format-post-format-image"],"yoast_head":"<!-- This site is optimized with the Yoast SEO plugin v27.4 - https:\/\/yoast.com\/product\/yoast-seo-wordpress\/ -->\n<title>Prodasineura croconota - Mes Libellules<\/title>\n<meta name=\"description\" content=\"Prodasineura croconota m\u00e2le et femelle au Vietnam, description, identification, taille, habitat, distribution g\u00e9ographique\" \/>\n<meta name=\"robots\" content=\"index, follow, max-snippet:-1, max-image-preview:large, max-video-preview:-1\" \/>\n<link rel=\"canonical\" href=\"https:\/\/www.meslibellules.fr\/blog\/2019\/01\/16\/prodasineura-croconota\/\" \/>\n<meta property=\"og:locale\" content=\"fr_FR\" \/>\n<meta property=\"og:type\" content=\"article\" \/>\n<meta property=\"og:title\" content=\"Prodasineura croconota - Mes Libellules\" \/>\n<meta property=\"og:description\" content=\"Prodasineura croconota m\u00e2le et femelle au Vietnam, description, identification, taille, habitat, distribution g\u00e9ographique\" \/>\n<meta property=\"og:url\" content=\"https:\/\/www.meslibellules.fr\/blog\/2019\/01\/16\/prodasineura-croconota\/\" \/>\n<meta property=\"og:site_name\" content=\"Mes Libellules\" \/>\n<meta property=\"article:publisher\" content=\"https:\/\/www.facebook.com\/benoit.guillon.96\/\" \/>\n<meta property=\"article:author\" content=\"https:\/\/www.facebook.com\/benoit.guillon.96\/\" \/>\n<meta property=\"article:published_time\" content=\"2019-01-16T10:34:22+00:00\" \/>\n<meta property=\"article:modified_time\" content=\"2026-01-04T18:20:44+00:00\" \/>\n<meta property=\"og:image\" content=\"http:\/\/www.meslibellules.fr\/blog\/wp-content\/uploads\/2019\/01\/prodasineura-croconota.jpg\" \/>\n<meta name=\"author\" content=\"Beno\u00eet Guillon\" \/>\n<meta name=\"twitter:card\" content=\"summary_large_image\" \/>\n<meta name=\"twitter:label1\" content=\"\u00c9crit par\" \/>\n\t<meta name=\"twitter:data1\" content=\"Beno\u00eet Guillon\" \/>\n\t<meta name=\"twitter:label2\" content=\"Dur\u00e9e de lecture estim\u00e9e\" \/>\n\t<meta name=\"twitter:data2\" content=\"3 minutes\" \/>\n<script type=\"application\/ld+json\" class=\"yoast-schema-graph\">{\"@context\":\"https:\\\/\\\/schema.org\",\"@graph\":[{\"@type\":\"Article\",\"@id\":\"https:\\\/\\\/www.meslibellules.fr\\\/blog\\\/2019\\\/01\\\/16\\\/prodasineura-croconota\\\/#article\",\"isPartOf\":{\"@id\":\"https:\\\/\\\/www.meslibellules.fr\\\/blog\\\/2019\\\/01\\\/16\\\/prodasineura-croconota\\\/\"},\"author\":{\"name\":\"Beno\u00eet Guillon\",\"@id\":\"https:\\\/\\\/www.meslibellules.fr\\\/blog\\\/#\\\/schema\\\/person\\\/9aa3586f9dd053fcf329f43b8b053c77\"},\"headline\":\"Vietnam 2018 &#8211; Prodasineura croconota (Ris, 1916)\",\"datePublished\":\"2019-01-16T10:34:22+00:00\",\"dateModified\":\"2026-01-04T18:20:44+00:00\",\"mainEntityOfPage\":{\"@id\":\"https:\\\/\\\/www.meslibellules.fr\\\/blog\\\/2019\\\/01\\\/16\\\/prodasineura-croconota\\\/\"},\"wordCount\":377,\"commentCount\":0,\"publisher\":{\"@id\":\"https:\\\/\\\/www.meslibellules.fr\\\/blog\\\/#\\\/schema\\\/person\\\/9aa3586f9dd053fcf329f43b8b053c77\"},\"image\":{\"@id\":\"https:\\\/\\\/www.meslibellules.fr\\\/blog\\\/2019\\\/01\\\/16\\\/prodasineura-croconota\\\/#primaryimage\"},\"thumbnailUrl\":\"http:\\\/\\\/www.meslibellules.fr\\\/blog\\\/wp-content\\\/uploads\\\/2019\\\/01\\\/prodasineura-croconota.jpg\",\"articleSection\":[\"Protoneuridae\",\"Vietnam\"],\"inLanguage\":\"fr-FR\",\"potentialAction\":[{\"@type\":\"CommentAction\",\"name\":\"Comment\",\"target\":[\"https:\\\/\\\/www.meslibellules.fr\\\/blog\\\/2019\\\/01\\\/16\\\/prodasineura-croconota\\\/#respond\"]}]},{\"@type\":\"WebPage\",\"@id\":\"https:\\\/\\\/www.meslibellules.fr\\\/blog\\\/2019\\\/01\\\/16\\\/prodasineura-croconota\\\/\",\"url\":\"https:\\\/\\\/www.meslibellules.fr\\\/blog\\\/2019\\\/01\\\/16\\\/prodasineura-croconota\\\/\",\"name\":\"Prodasineura croconota - Mes Libellules\",\"isPartOf\":{\"@id\":\"https:\\\/\\\/www.meslibellules.fr\\\/blog\\\/#website\"},\"primaryImageOfPage\":{\"@id\":\"https:\\\/\\\/www.meslibellules.fr\\\/blog\\\/2019\\\/01\\\/16\\\/prodasineura-croconota\\\/#primaryimage\"},\"image\":{\"@id\":\"https:\\\/\\\/www.meslibellules.fr\\\/blog\\\/2019\\\/01\\\/16\\\/prodasineura-croconota\\\/#primaryimage\"},\"thumbnailUrl\":\"http:\\\/\\\/www.meslibellules.fr\\\/blog\\\/wp-content\\\/uploads\\\/2019\\\/01\\\/prodasineura-croconota.jpg\",\"datePublished\":\"2019-01-16T10:34:22+00:00\",\"dateModified\":\"2026-01-04T18:20:44+00:00\",\"description\":\"Prodasineura croconota m\u00e2le et femelle au Vietnam, description, identification, taille, habitat, distribution g\u00e9ographique\",\"breadcrumb\":{\"@id\":\"https:\\\/\\\/www.meslibellules.fr\\\/blog\\\/2019\\\/01\\\/16\\\/prodasineura-croconota\\\/#breadcrumb\"},\"inLanguage\":\"fr-FR\",\"potentialAction\":[{\"@type\":\"ReadAction\",\"target\":[\"https:\\\/\\\/www.meslibellules.fr\\\/blog\\\/2019\\\/01\\\/16\\\/prodasineura-croconota\\\/\"]}]},{\"@type\":\"ImageObject\",\"inLanguage\":\"fr-FR\",\"@id\":\"https:\\\/\\\/www.meslibellules.fr\\\/blog\\\/2019\\\/01\\\/16\\\/prodasineura-croconota\\\/#primaryimage\",\"url\":\"http:\\\/\\\/www.meslibellules.fr\\\/blog\\\/wp-content\\\/uploads\\\/2019\\\/01\\\/prodasineura-croconota.jpg\",\"contentUrl\":\"http:\\\/\\\/www.meslibellules.fr\\\/blog\\\/wp-content\\\/uploads\\\/2019\\\/01\\\/prodasineura-croconota.jpg\"},{\"@type\":\"BreadcrumbList\",\"@id\":\"https:\\\/\\\/www.meslibellules.fr\\\/blog\\\/2019\\\/01\\\/16\\\/prodasineura-croconota\\\/#breadcrumb\",\"itemListElement\":[{\"@type\":\"ListItem\",\"position\":1,\"name\":\"Accueil\",\"item\":\"https:\\\/\\\/www.meslibellules.fr\\\/blog\\\/\"},{\"@type\":\"ListItem\",\"position\":2,\"name\":\"Vietnam 2018 &#8211; Prodasineura croconota (Ris, 1916)\"}]},{\"@type\":\"WebSite\",\"@id\":\"https:\\\/\\\/www.meslibellules.fr\\\/blog\\\/#website\",\"url\":\"https:\\\/\\\/www.meslibellules.fr\\\/blog\\\/\",\"name\":\"Mes Libellules\",\"description\":\"Pr\u00e9sentation des libellules rencontr\u00e9es dans le monde\",\"publisher\":{\"@id\":\"https:\\\/\\\/www.meslibellules.fr\\\/blog\\\/#\\\/schema\\\/person\\\/9aa3586f9dd053fcf329f43b8b053c77\"},\"potentialAction\":[{\"@type\":\"SearchAction\",\"target\":{\"@type\":\"EntryPoint\",\"urlTemplate\":\"https:\\\/\\\/www.meslibellules.fr\\\/blog\\\/?s={search_term_string}\"},\"query-input\":{\"@type\":\"PropertyValueSpecification\",\"valueRequired\":true,\"valueName\":\"search_term_string\"}}],\"inLanguage\":\"fr-FR\"},{\"@type\":[\"Person\",\"Organization\"],\"@id\":\"https:\\\/\\\/www.meslibellules.fr\\\/blog\\\/#\\\/schema\\\/person\\\/9aa3586f9dd053fcf329f43b8b053c77\",\"name\":\"Beno\u00eet Guillon\",\"image\":{\"@type\":\"ImageObject\",\"inLanguage\":\"fr-FR\",\"@id\":\"https:\\\/\\\/www.meslibellules.fr\\\/blog\\\/wp-content\\\/uploads\\\/cropped-avatar-150-pix.jpg\",\"url\":\"https:\\\/\\\/www.meslibellules.fr\\\/blog\\\/wp-content\\\/uploads\\\/cropped-avatar-150-pix.jpg\",\"contentUrl\":\"https:\\\/\\\/www.meslibellules.fr\\\/blog\\\/wp-content\\\/uploads\\\/cropped-avatar-150-pix.jpg\",\"width\":150,\"height\":137,\"caption\":\"Beno\u00eet Guillon\"},\"logo\":{\"@id\":\"https:\\\/\\\/www.meslibellules.fr\\\/blog\\\/wp-content\\\/uploads\\\/cropped-avatar-150-pix.jpg\"},\"sameAs\":[\"https:\\\/\\\/www.facebook.com\\\/benoit.guillon.96\\\/\"]}]}<\/script>\n<!-- \/ Yoast SEO plugin. -->","yoast_head_json":{"title":"Prodasineura croconota - Mes Libellules","description":"Prodasineura croconota m\u00e2le et femelle au Vietnam, description, identification, taille, habitat, distribution g\u00e9ographique","robots":{"index":"index","follow":"follow","max-snippet":"max-snippet:-1","max-image-preview":"max-image-preview:large","max-video-preview":"max-video-preview:-1"},"canonical":"https:\/\/www.meslibellules.fr\/blog\/2019\/01\/16\/prodasineura-croconota\/","og_locale":"fr_FR","og_type":"article","og_title":"Prodasineura croconota - Mes Libellules","og_description":"Prodasineura croconota m\u00e2le et femelle au Vietnam, description, identification, taille, habitat, distribution g\u00e9ographique","og_url":"https:\/\/www.meslibellules.fr\/blog\/2019\/01\/16\/prodasineura-croconota\/","og_site_name":"Mes Libellules","article_publisher":"https:\/\/www.facebook.com\/benoit.guillon.96\/","article_author":"https:\/\/www.facebook.com\/benoit.guillon.96\/","article_published_time":"2019-01-16T10:34:22+00:00","article_modified_time":"2026-01-04T18:20:44+00:00","og_image":[{"url":"http:\/\/www.meslibellules.fr\/blog\/wp-content\/uploads\/2019\/01\/prodasineura-croconota.jpg","type":"","width":"","height":""}],"author":"Beno\u00eet Guillon","twitter_card":"summary_large_image","twitter_misc":{"\u00c9crit par":"Beno\u00eet Guillon","Dur\u00e9e de lecture estim\u00e9e":"3 minutes"},"schema":{"@context":"https:\/\/schema.org","@graph":[{"@type":"Article","@id":"https:\/\/www.meslibellules.fr\/blog\/2019\/01\/16\/prodasineura-croconota\/#article","isPartOf":{"@id":"https:\/\/www.meslibellules.fr\/blog\/2019\/01\/16\/prodasineura-croconota\/"},"author":{"name":"Beno\u00eet Guillon","@id":"https:\/\/www.meslibellules.fr\/blog\/#\/schema\/person\/9aa3586f9dd053fcf329f43b8b053c77"},"headline":"Vietnam 2018 &#8211; Prodasineura croconota (Ris, 1916)","datePublished":"2019-01-16T10:34:22+00:00","dateModified":"2026-01-04T18:20:44+00:00","mainEntityOfPage":{"@id":"https:\/\/www.meslibellules.fr\/blog\/2019\/01\/16\/prodasineura-croconota\/"},"wordCount":377,"commentCount":0,"publisher":{"@id":"https:\/\/www.meslibellules.fr\/blog\/#\/schema\/person\/9aa3586f9dd053fcf329f43b8b053c77"},"image":{"@id":"https:\/\/www.meslibellules.fr\/blog\/2019\/01\/16\/prodasineura-croconota\/#primaryimage"},"thumbnailUrl":"http:\/\/www.meslibellules.fr\/blog\/wp-content\/uploads\/2019\/01\/prodasineura-croconota.jpg","articleSection":["Protoneuridae","Vietnam"],"inLanguage":"fr-FR","potentialAction":[{"@type":"CommentAction","name":"Comment","target":["https:\/\/www.meslibellules.fr\/blog\/2019\/01\/16\/prodasineura-croconota\/#respond"]}]},{"@type":"WebPage","@id":"https:\/\/www.meslibellules.fr\/blog\/2019\/01\/16\/prodasineura-croconota\/","url":"https:\/\/www.meslibellules.fr\/blog\/2019\/01\/16\/prodasineura-croconota\/","name":"Prodasineura croconota - Mes Libellules","isPartOf":{"@id":"https:\/\/www.meslibellules.fr\/blog\/#website"},"primaryImageOfPage":{"@id":"https:\/\/www.meslibellules.fr\/blog\/2019\/01\/16\/prodasineura-croconota\/#primaryimage"},"image":{"@id":"https:\/\/www.meslibellules.fr\/blog\/2019\/01\/16\/prodasineura-croconota\/#primaryimage"},"thumbnailUrl":"http:\/\/www.meslibellules.fr\/blog\/wp-content\/uploads\/2019\/01\/prodasineura-croconota.jpg","datePublished":"2019-01-16T10:34:22+00:00","dateModified":"2026-01-04T18:20:44+00:00","description":"Prodasineura croconota m\u00e2le et femelle au Vietnam, description, identification, taille, habitat, distribution g\u00e9ographique","breadcrumb":{"@id":"https:\/\/www.meslibellules.fr\/blog\/2019\/01\/16\/prodasineura-croconota\/#breadcrumb"},"inLanguage":"fr-FR","potentialAction":[{"@type":"ReadAction","target":["https:\/\/www.meslibellules.fr\/blog\/2019\/01\/16\/prodasineura-croconota\/"]}]},{"@type":"ImageObject","inLanguage":"fr-FR","@id":"https:\/\/www.meslibellules.fr\/blog\/2019\/01\/16\/prodasineura-croconota\/#primaryimage","url":"http:\/\/www.meslibellules.fr\/blog\/wp-content\/uploads\/2019\/01\/prodasineura-croconota.jpg","contentUrl":"http:\/\/www.meslibellules.fr\/blog\/wp-content\/uploads\/2019\/01\/prodasineura-croconota.jpg"},{"@type":"BreadcrumbList","@id":"https:\/\/www.meslibellules.fr\/blog\/2019\/01\/16\/prodasineura-croconota\/#breadcrumb","itemListElement":[{"@type":"ListItem","position":1,"name":"Accueil","item":"https:\/\/www.meslibellules.fr\/blog\/"},{"@type":"ListItem","position":2,"name":"Vietnam 2018 &#8211; Prodasineura croconota (Ris, 1916)"}]},{"@type":"WebSite","@id":"https:\/\/www.meslibellules.fr\/blog\/#website","url":"https:\/\/www.meslibellules.fr\/blog\/","name":"Mes Libellules","description":"Pr\u00e9sentation des libellules rencontr\u00e9es dans le monde","publisher":{"@id":"https:\/\/www.meslibellules.fr\/blog\/#\/schema\/person\/9aa3586f9dd053fcf329f43b8b053c77"},"potentialAction":[{"@type":"SearchAction","target":{"@type":"EntryPoint","urlTemplate":"https:\/\/www.meslibellules.fr\/blog\/?s={search_term_string}"},"query-input":{"@type":"PropertyValueSpecification","valueRequired":true,"valueName":"search_term_string"}}],"inLanguage":"fr-FR"},{"@type":["Person","Organization"],"@id":"https:\/\/www.meslibellules.fr\/blog\/#\/schema\/person\/9aa3586f9dd053fcf329f43b8b053c77","name":"Beno\u00eet Guillon","image":{"@type":"ImageObject","inLanguage":"fr-FR","@id":"https:\/\/www.meslibellules.fr\/blog\/wp-content\/uploads\/cropped-avatar-150-pix.jpg","url":"https:\/\/www.meslibellules.fr\/blog\/wp-content\/uploads\/cropped-avatar-150-pix.jpg","contentUrl":"https:\/\/www.meslibellules.fr\/blog\/wp-content\/uploads\/cropped-avatar-150-pix.jpg","width":150,"height":137,"caption":"Beno\u00eet Guillon"},"logo":{"@id":"https:\/\/www.meslibellules.fr\/blog\/wp-content\/uploads\/cropped-avatar-150-pix.jpg"},"sameAs":["https:\/\/www.facebook.com\/benoit.guillon.96\/"]}]}},"_links":{"self":[{"href":"https:\/\/www.meslibellules.fr\/blog\/wp-json\/wp\/v2\/posts\/2084","targetHints":{"allow":["GET"]}}],"collection":[{"href":"https:\/\/www.meslibellules.fr\/blog\/wp-json\/wp\/v2\/posts"}],"about":[{"href":"https:\/\/www.meslibellules.fr\/blog\/wp-json\/wp\/v2\/types\/post"}],"author":[{"embeddable":true,"href":"https:\/\/www.meslibellules.fr\/blog\/wp-json\/wp\/v2\/users\/1"}],"replies":[{"embeddable":true,"href":"https:\/\/www.meslibellules.fr\/blog\/wp-json\/wp\/v2\/comments?post=2084"}],"version-history":[{"count":4,"href":"https:\/\/www.meslibellules.fr\/blog\/wp-json\/wp\/v2\/posts\/2084\/revisions"}],"predecessor-version":[{"id":27719,"href":"https:\/\/www.meslibellules.fr\/blog\/wp-json\/wp\/v2\/posts\/2084\/revisions\/27719"}],"wp:attachment":[{"href":"https:\/\/www.meslibellules.fr\/blog\/wp-json\/wp\/v2\/media?parent=2084"}],"wp:term":[{"taxonomy":"category","embeddable":true,"href":"https:\/\/www.meslibellules.fr\/blog\/wp-json\/wp\/v2\/categories?post=2084"},{"taxonomy":"post_tag","embeddable":true,"href":"https:\/\/www.meslibellules.fr\/blog\/wp-json\/wp\/v2\/tags?post=2084"}],"curies":[{"name":"wp","href":"https:\/\/api.w.org\/{rel}","templated":true}]}}