{"id":20850,"date":"2024-08-23T12:30:19","date_gmt":"2024-08-23T10:30:19","guid":{"rendered":"https:\/\/www.meslibellules.fr\/blog\/?p=20850"},"modified":"2024-08-23T18:58:41","modified_gmt":"2024-08-23T16:58:41","slug":"coeliccia-poungyi","status":"publish","type":"post","link":"https:\/\/www.meslibellules.fr\/blog\/2024\/08\/23\/coeliccia-poungyi\/","title":{"rendered":"Tha\u00eflande &#8211; Coeliccia poungyi (Fraser, 1933)"},"content":{"rendered":"\n<div class=\"wp-block-columns is-layout-flex wp-container-core-columns-is-layout-28f84493 wp-block-columns-is-layout-flex\">\n<div class=\"wp-block-column is-vertically-aligned-center is-layout-flow wp-block-column-is-layout-flow\">\n<figure class=\"wp-block-image alignright size-full is-resized\"><a href=\"https:\/\/www.meslibellules.fr\/blog\/wp-content\/uploads\/Coeliccia-poungyi-male-1.webp\"><img decoding=\"async\" width=\"774\" height=\"1204\" data-src=\"https:\/\/www.meslibellules.fr\/blog\/wp-content\/uploads\/Coeliccia-poungyi-male-1.webp\" alt=\"Coeliccia poungyi m\u00e2le, Tha\u00eflande, Mae Sa Waterfall, 28\/05\/2024\" class=\"wp-image-20840 lazyload\" style=\"--smush-placeholder-width: 774px; --smush-placeholder-aspect-ratio: 774\/1204;width:266px;height:auto\" data-srcset=\"https:\/\/www.meslibellules.fr\/blog\/wp-content\/uploads\/Coeliccia-poungyi-male-1.webp 774w, https:\/\/www.meslibellules.fr\/blog\/wp-content\/uploads\/Coeliccia-poungyi-male-1-768x1195.webp 768w\" data-sizes=\"(max-width: 774px) 100vw, 774px\" src=\"data:image\/svg+xml;base64,PHN2ZyB3aWR0aD0iMSIgaGVpZ2h0PSIxIiB4bWxucz0iaHR0cDovL3d3dy53My5vcmcvMjAwMC9zdmciPjwvc3ZnPg==\" \/><\/a><figcaption class=\"wp-element-caption\">Coeliccia poungyi m\u00e2le, Tha\u00eflande, <br>Mae Sa Waterfall, 28\/05\/2024<\/figcaption><\/figure>\n<\/div>\n\n\n\n<div class=\"wp-block-column is-layout-flow wp-block-column-is-layout-flow\">\n<figure class=\"wp-block-image size-full is-resized\"><a href=\"https:\/\/www.meslibellules.fr\/blog\/wp-content\/uploads\/Coeliccia-poungyi-male-2.webp\"><img decoding=\"async\" width=\"746\" height=\"1204\" data-src=\"https:\/\/www.meslibellules.fr\/blog\/wp-content\/uploads\/Coeliccia-poungyi-male-2.webp\" alt=\"Coeliccia poungyi m\u00e2le, Tha\u00eflande, Mae Sa Waterfall, 28\/05\/2024\" class=\"wp-image-20841 lazyload\" style=\"--smush-placeholder-width: 746px; --smush-placeholder-aspect-ratio: 746\/1204;width:255px;height:auto\" src=\"data:image\/svg+xml;base64,PHN2ZyB3aWR0aD0iMSIgaGVpZ2h0PSIxIiB4bWxucz0iaHR0cDovL3d3dy53My5vcmcvMjAwMC9zdmciPjwvc3ZnPg==\" \/><\/a><figcaption class=\"wp-element-caption\">Coeliccia poungyi m\u00e2le, Tha\u00eflande,<br> Mae Sa Waterfall, 28\/05\/2024<\/figcaption><\/figure>\n<\/div>\n<\/div>\n\n\n\n<p>Coeliccia poungyi est un Platycnemididae que j&rsquo;avais d\u00e9j\u00e0 bri\u00e8vement rencontr\u00e9<a href=\"https:\/\/www.meslibellules.fr\/voyages\/laos\/coeliccpoun\/coeliccia-poungyi.php\"> au Laos<\/a> il y a 14 ans. Il fait partie du genre le plus important de cette famille avec 80 membres, le plus grand nombre d&rsquo;esp\u00e8ces se rencontrant au Vietnam.<br>Il est assez facile \u00e0 identifier avec ses tr\u00e8s larges taches bleues sur la face dorsale du thorax et ses segments 10, 9 et l&rsquo;apex du 8\u00b0 jaunes. L&rsquo;appartenance au genre peut pratiquement \u00eatre d\u00e9duite par la forme et l&#8217;emplacement des taches postoculaires : elles sont fines, un simple trait, parfois l\u00e9g\u00e8rement cun\u00e9iformes et plac\u00e9es tr\u00e8s en arri\u00e8re de la t\u00eate.<br><br>Je ne sais pas pourquoi ceux que j&rsquo;ai vus en Tha\u00eflande ont tous adopt\u00e9s le format \u00ab\u00a0portrait\u00a0\u00bb en pendant \u00e0 une feuille ; ce n&rsquo;est pas forc\u00e9ment l&rsquo;attitude des Coeliccia et celui que j&rsquo;avais photographi\u00e9 au Laos \u00e9tait sans doute plus conscient que nos \u00e9crans d&rsquo;ordinateurs sont faits pour le format \u00ab\u00a0paysage\u00a0\u00bb \ud83d\ude09<\/p>\n\n\n\n<div class=\"wp-block-columns is-layout-flex wp-container-core-columns-is-layout-28f84493 wp-block-columns-is-layout-flex\" style=\"border-style:none;border-width:0px\">\n<div class=\"wp-block-column is-layout-flow wp-block-column-is-layout-flow\">\n<figure class=\"wp-block-image alignright size-full is-resized\"><a href=\"https:\/\/www.meslibellules.fr\/blog\/wp-content\/uploads\/Coeliccia-poungyi-male-3.webp\"><img decoding=\"async\" width=\"948\" height=\"1204\" data-src=\"https:\/\/www.meslibellules.fr\/blog\/wp-content\/uploads\/Coeliccia-poungyi-male-3.webp\" alt=\"Coeliccia poungyi m\u00e2le, Tha\u00eflande, Mae Sa Waterfall, 28\/05\/2024\" class=\"wp-image-20842 lazyload\" style=\"--smush-placeholder-width: 948px; --smush-placeholder-aspect-ratio: 948\/1204;width:330px;height:auto\" data-srcset=\"https:\/\/www.meslibellules.fr\/blog\/wp-content\/uploads\/Coeliccia-poungyi-male-3.webp 948w, https:\/\/www.meslibellules.fr\/blog\/wp-content\/uploads\/Coeliccia-poungyi-male-3-768x975.webp 768w\" data-sizes=\"(max-width: 948px) 100vw, 948px\" src=\"data:image\/svg+xml;base64,PHN2ZyB3aWR0aD0iMSIgaGVpZ2h0PSIxIiB4bWxucz0iaHR0cDovL3d3dy53My5vcmcvMjAwMC9zdmciPjwvc3ZnPg==\" \/><\/a><figcaption class=\"wp-element-caption\">Coeliccia poungyi m\u00e2le, Tha\u00eflande, Mae Sa Waterfall, 28\/05\/2024<\/figcaption><\/figure>\n<\/div>\n\n\n\n<div class=\"wp-block-column is-layout-flow wp-block-column-is-layout-flow\">\n<figure class=\"wp-block-image size-full is-resized\"><a href=\"https:\/\/www.meslibellules.fr\/blog\/wp-content\/uploads\/Coeliccia-poungyi-male-4.webp\"><img decoding=\"async\" width=\"923\" height=\"1204\" data-src=\"https:\/\/www.meslibellules.fr\/blog\/wp-content\/uploads\/Coeliccia-poungyi-male-4.webp\" alt=\"Coeliccia poungyi m\u00e2le, Tha\u00eflande, Pha Lad temple, Chiang Mai, 31\/05\/2024\" class=\"wp-image-20843 lazyload\" style=\"--smush-placeholder-width: 923px; --smush-placeholder-aspect-ratio: 923\/1204;width:322px;height:auto\" data-srcset=\"https:\/\/www.meslibellules.fr\/blog\/wp-content\/uploads\/Coeliccia-poungyi-male-4.webp 923w, https:\/\/www.meslibellules.fr\/blog\/wp-content\/uploads\/Coeliccia-poungyi-male-4-768x1002.webp 768w\" data-sizes=\"(max-width: 923px) 100vw, 923px\" src=\"data:image\/svg+xml;base64,PHN2ZyB3aWR0aD0iMSIgaGVpZ2h0PSIxIiB4bWxucz0iaHR0cDovL3d3dy53My5vcmcvMjAwMC9zdmciPjwvc3ZnPg==\" \/><\/a><figcaption class=\"wp-element-caption\">Coeliccia poungyi m\u00e2le, Tha\u00eflande,<br> Pha Lad temple, Chiang Mai, 31\/05\/2024<\/figcaption><\/figure>\n<\/div>\n<\/div>\n\n\n\n<p>Coeliccia poungyi a \u00e9t\u00e9 d\u00e9crit par Fraser dans son monumental ouvrage (1) sur les odonates de l&rsquo;Inde, <em>Birmanie<\/em> (2) et <em>Ceylan <\/em>(3)<em>.<\/em> Il indique que l&rsquo;abdomen des m\u00e2les mesure 40 \u00e0 43 mm, la longueur totale de l&rsquo;insecte atteint donc environ 48 mm.<br>Nous les avons rencontr\u00e9s dans la v\u00e9g\u00e9tation des rives de la rivi\u00e8re Mae Sa, apr\u00e8s une de ses chutes.<br><br>Nous avons \u00e9galement contact\u00e9 des m\u00e2les immatures qui ressemblent beaucoup aux m\u00e2les Coeliccia chromothorax matures pour le motif thoracique jaune. Ils diff\u00e8rent par la coloration des derniers segments, C. chromothorax ne portant de jaune que sur le S et une faible partie du S9.<\/p>\n\n\n\n<div class=\"wp-block-columns is-layout-flex wp-container-core-columns-is-layout-b197c411 wp-block-columns-is-layout-flex\" style=\"padding-top:0;padding-bottom:0\">\n<div class=\"wp-block-column is-layout-flow wp-container-core-column-is-layout-8a368f38 wp-block-column-is-layout-flow\">\n<figure class=\"wp-block-image alignright size-full is-resized\"><a href=\"https:\/\/www.meslibellules.fr\/blog\/wp-content\/uploads\/28-05-24-Mae-Sa-Waterfall.webp\"><img decoding=\"async\" width=\"587\" height=\"1204\" data-src=\"https:\/\/www.meslibellules.fr\/blog\/wp-content\/uploads\/28-05-24-Mae-Sa-Waterfall.webp\" alt=\"28 05 24 Mae Sa Waterfall, Tha\u00eflande\" class=\"wp-image-20868 lazyload\" style=\"--smush-placeholder-width: 587px; --smush-placeholder-aspect-ratio: 587\/1204;width:239px;height:auto\" src=\"data:image\/svg+xml;base64,PHN2ZyB3aWR0aD0iMSIgaGVpZ2h0PSIxIiB4bWxucz0iaHR0cDovL3d3dy53My5vcmcvMjAwMC9zdmciPjwvc3ZnPg==\" \/><\/a><figcaption class=\"wp-element-caption\">28 05 24 Mae Sa Waterfall, Tha\u00eflande<\/figcaption><\/figure>\n<\/div>\n\n\n\n<div class=\"wp-block-column is-layout-flow wp-block-column-is-layout-flow\">\n<figure class=\"wp-block-image size-full is-resized\"><a href=\"https:\/\/www.meslibellules.fr\/blog\/wp-content\/uploads\/Coeliccia-poungyi-male-immature-1.webp\"><img decoding=\"async\" width=\"967\" height=\"1204\" data-src=\"https:\/\/www.meslibellules.fr\/blog\/wp-content\/uploads\/Coeliccia-poungyi-male-immature-1.webp\" alt=\"Coeliccia poungyi m\u00e2le immature, Tha\u00eflande, Mae Sa Waterfall, 28\/05\/2024\" class=\"wp-image-20844 lazyload\" style=\"--smush-placeholder-width: 967px; --smush-placeholder-aspect-ratio: 967\/1204;width:396px;height:auto\" data-srcset=\"https:\/\/www.meslibellules.fr\/blog\/wp-content\/uploads\/Coeliccia-poungyi-male-immature-1.webp 967w, https:\/\/www.meslibellules.fr\/blog\/wp-content\/uploads\/Coeliccia-poungyi-male-immature-1-768x956.webp 768w\" data-sizes=\"(max-width: 967px) 100vw, 967px\" src=\"data:image\/svg+xml;base64,PHN2ZyB3aWR0aD0iMSIgaGVpZ2h0PSIxIiB4bWxucz0iaHR0cDovL3d3dy53My5vcmcvMjAwMC9zdmciPjwvc3ZnPg==\" \/><\/a><figcaption class=\"wp-element-caption\">Coeliccia poungyi m\u00e2le immature, Tha\u00eflande,<br>Mae Sa Waterfall, 28\/05\/2024<\/figcaption><\/figure>\n<\/div>\n<\/div>\n\n\n\n<p>Je suis surpris de constater sur le thorax jaune ces bandes plus sombres ; je ne sais pas ce qu&rsquo;elles signifient, n&rsquo;ayant jamais vu de sujets tr\u00e8s jeunes. Le changement de couleur, du jaune au bleu, est vraiment surprenant.<\/p>\n\n\n\n<div class=\"wp-block-columns is-layout-flex wp-container-core-columns-is-layout-f5a44f5b wp-block-columns-is-layout-flex\">\n<div class=\"wp-block-column is-vertically-aligned-center is-layout-flow wp-block-column-is-layout-flow\">\n<figure class=\"wp-block-image alignright size-full is-resized\"><a href=\"https:\/\/www.meslibellules.fr\/blog\/wp-content\/uploads\/Coeliccia-poungyi-male-immature-2.webp\"><img decoding=\"async\" width=\"933\" height=\"1204\" data-src=\"https:\/\/www.meslibellules.fr\/blog\/wp-content\/uploads\/Coeliccia-poungyi-male-immature-2.webp\" alt=\"Coeliccia poungyi m\u00e2le immature, Tha\u00eflande, Mae Sa Waterfall, 28\/05\/2024\" class=\"wp-image-20845 lazyload\" style=\"--smush-placeholder-width: 933px; --smush-placeholder-aspect-ratio: 933\/1204;width:316px;height:auto\" data-srcset=\"https:\/\/www.meslibellules.fr\/blog\/wp-content\/uploads\/Coeliccia-poungyi-male-immature-2.webp 933w, https:\/\/www.meslibellules.fr\/blog\/wp-content\/uploads\/Coeliccia-poungyi-male-immature-2-768x991.webp 768w\" data-sizes=\"(max-width: 933px) 100vw, 933px\" src=\"data:image\/svg+xml;base64,PHN2ZyB3aWR0aD0iMSIgaGVpZ2h0PSIxIiB4bWxucz0iaHR0cDovL3d3dy53My5vcmcvMjAwMC9zdmciPjwvc3ZnPg==\" \/><\/a><figcaption class=\"wp-element-caption\">Coeliccia poungyi m\u00e2le immature, Tha\u00eflande, Mae Sa Waterfall, 28\/05\/2024<\/figcaption><\/figure>\n<\/div>\n\n\n\n<div class=\"wp-block-column is-layout-flow wp-block-column-is-layout-flow\">\n<figure class=\"wp-block-image size-full is-resized\"><a href=\"https:\/\/www.meslibellules.fr\/blog\/wp-content\/uploads\/Coeliccia-poungyi-male-immature-2-1.webp\"><img decoding=\"async\" width=\"764\" height=\"1204\" data-src=\"https:\/\/www.meslibellules.fr\/blog\/wp-content\/uploads\/Coeliccia-poungyi-male-immature-2-1.webp\" alt=\"Coeliccia poungyi m\u00e2le immature, Tha\u00eflande, Mae Sa Waterfall, 28\/05\/2024\" class=\"wp-image-20846 lazyload\" style=\"--smush-placeholder-width: 764px; --smush-placeholder-aspect-ratio: 764\/1204;width:258px;height:auto\" src=\"data:image\/svg+xml;base64,PHN2ZyB3aWR0aD0iMSIgaGVpZ2h0PSIxIiB4bWxucz0iaHR0cDovL3d3dy53My5vcmcvMjAwMC9zdmciPjwvc3ZnPg==\" \/><\/a><figcaption class=\"wp-element-caption\">Coeliccia poungyi m\u00e2le immature,<br> Tha\u00eflande, Mae Sa Waterfall, 28\/05\/2024<\/figcaption><\/figure>\n<\/div>\n<\/div>\n\n\n\n<p>Nous n&rsquo;avons pas vu de femelles isol\u00e9es et il est toujours int\u00e9ressant de rencontrer des tandems qui permettent d&rsquo;\u00eatre certain de leur apparence, car les femelles sont souvent difficiles \u00e0 identifier.<br><br>L&rsquo;esp\u00e8ce est connue au Myanmar, au Laos, dans le nord de la Tha\u00eflande, au Vietnam et au Yunnan, dans le sud de la Chine.<br><a href=\"https:\/\/www.iucnredlist.org\/species\/168067\/123028890\">IUCN Red List<\/a><\/p>\n\n\n\n<div class=\"wp-block-columns is-layout-flex wp-container-core-columns-is-layout-28f84493 wp-block-columns-is-layout-flex\">\n<div class=\"wp-block-column is-layout-flow wp-block-column-is-layout-flow\">\n<figure class=\"wp-block-image alignright size-full is-resized\"><a href=\"https:\/\/www.meslibellules.fr\/blog\/wp-content\/uploads\/Coeliccia-poungyi-tandem-2.webp\"><img decoding=\"async\" width=\"556\" height=\"1204\" data-src=\"https:\/\/www.meslibellules.fr\/blog\/wp-content\/uploads\/Coeliccia-poungyi-tandem-2.webp\" alt=\"Coeliccia poungyi Tandem, Tha\u00eflande, Mae Sa Waterfall, 28\/05\/2024\" class=\"wp-image-20848 lazyload\" style=\"--smush-placeholder-width: 556px; --smush-placeholder-aspect-ratio: 556\/1204;width:234px;height:auto\" src=\"data:image\/svg+xml;base64,PHN2ZyB3aWR0aD0iMSIgaGVpZ2h0PSIxIiB4bWxucz0iaHR0cDovL3d3dy53My5vcmcvMjAwMC9zdmciPjwvc3ZnPg==\" \/><\/a><figcaption class=\"wp-element-caption\">Coeliccia poungyi, Tandem, Tha\u00eflande, Mae Sa Waterfall, 28\/05\/2024<\/figcaption><\/figure>\n<\/div>\n\n\n\n<div class=\"wp-block-column is-layout-flow wp-block-column-is-layout-flow\">\n<figure class=\"wp-block-image size-full is-resized\"><a href=\"https:\/\/www.meslibellules.fr\/blog\/wp-content\/uploads\/Coeliccia-poungyi-tandem-1.webp\"><img decoding=\"async\" width=\"642\" height=\"1204\" data-src=\"https:\/\/www.meslibellules.fr\/blog\/wp-content\/uploads\/Coeliccia-poungyi-tandem-1.webp\" alt=\"Coeliccia poungyi Tandem, Tha\u00eflande, Mae Sa Waterfall, 28\/05\/2024\" class=\"wp-image-20847 lazyload\" style=\"--smush-placeholder-width: 642px; --smush-placeholder-aspect-ratio: 642\/1204;width:270px;height:auto\" src=\"data:image\/svg+xml;base64,PHN2ZyB3aWR0aD0iMSIgaGVpZ2h0PSIxIiB4bWxucz0iaHR0cDovL3d3dy53My5vcmcvMjAwMC9zdmciPjwvc3ZnPg==\" \/><\/a><figcaption class=\"wp-element-caption\">Coeliccia poungyi Tandem, Tha\u00eflande,<br> Mae Sa Waterfall, 28\/05\/2024<\/figcaption><\/figure>\n<\/div>\n<\/div>\n\n\n\n<p><span style=\"text-decoration: underline;\">\u00c9tymologie<\/span><br \/>Selys a d\u00e9crit la premi\u00e8re esp\u00e8ce du genre en 1863 sous le nom pr\u00e9occup\u00e9 de Trichocnemis (col\u00e9opt\u00e8re longicorne) et c\u2019est Kirby qui a rectifi\u00e9 et cr\u00e9\u00e9 le genre <strong>Coeliccia<\/strong>\u00a0en 1890. Ce nom de genre, inexpliqu\u00e9 par l&rsquo;auteur \u00e0 ma connaissance, vient peut-\u00eatre du latin <strong>coelum\u00a0\u00bb<\/strong> (ou <strong>\u00ab\u00a0caelum\u00a0\u00bb<\/strong>), qui signifie \u00ab\u00a0<em>ciel<\/em>\u00a0\u00bb ou \u00ab\u00a0<em>c\u00e9leste<\/em>\u00ab\u00a0, et d&rsquo;un suffixe ou simple terminaison choisie pour l&rsquo;esth\u00e9tique ou la phon\u00e9tique. En effet, la premi\u00e8re esp\u00e8ce d\u00e9crite par Selys, Trichocnemis membranipes, est <em>bleu-ciel<\/em>, pour toutes ses parties non noires.<br \/>Fraser ne donne aucune indication pour le choix de <em>poungyi<\/em>. En birman, <strong>\u00ab\u00a0poungyi\u00a0\u00bb (\u1015\u102f\u100a\u102e)<\/strong> fait r\u00e9f\u00e9rence \u00e0 un moine bouddhiste, souvent un moine v\u00e9n\u00e9rable ou respect\u00e9. Fraser a probablement voulu rendre hommage \u00e0 une personnalit\u00e9 locale.<\/p>\n\n\n\n<div style=\"height:30px\" aria-hidden=\"true\" class=\"wp-block-spacer\"><\/div>\n\n\n\n<p style=\"font-size:13px\">Fraser, 1933 &#8211; <a href=\"https:\/\/archive.org\/details\/in.ernet.dli.2015.62282\/page\/n179\/mode\/2up\">The Fauna of British India including Burma and Ceylon. Odonata<\/a>. Vol. I (1933).<\/p>\n\n\n\n<div style=\"height:31px\" aria-hidden=\"true\" class=\"wp-block-spacer\"><\/div>\n\n\n\n<div class=\"wp-block-buttons is-vertical is-layout-flex wp-container-core-buttons-is-layout-16cda065 wp-block-buttons-is-layout-flex\">\n<div class=\"wp-block-button\"><a class=\"wp-block-button__link wp-element-button\" href=\"https:\/\/www.meslibellules.fr\/blog\/libellules-de-thailande\/\">Accueil Tha\u00eflande<\/a><\/div>\n\n\n\n<div class=\"wp-block-button\"><a class=\"wp-block-button__link wp-element-button\" href=\"http:\/\/www.meslibellules.fr\/pagesweb\/divers\/liste-generale-odonates-du-site\/asia-odonates.php\">Liste Asie<\/a><\/div>\n\n\n\n<div class=\"wp-block-button\"><a class=\"wp-block-button__link wp-element-button\" href=\"https:\/\/www.meslibellules.fr\/blog\/\">Accueil<\/a><\/div>\n<\/div>\n","protected":false},"excerpt":{"rendered":"<p>Coeliccia poungyi est un Platycnemididae que j&rsquo;avais d\u00e9j\u00e0 bri\u00e8vement rencontr\u00e9 au Laos il y a 14 ans. Il fait partie du genre le plus important de cette famille avec 80 membres, le plus grand nombre d&rsquo;esp\u00e8ces se rencontrant au Vietnam.Il est assez facile \u00e0 identifier avec ses tr\u00e8s larges taches bleues sur la face dorsale [&hellip;]<\/p>\n","protected":false},"author":1,"featured_media":0,"comment_status":"open","ping_status":"open","sticky":false,"template":"","format":"image","meta":{"site-sidebar-layout":"default","site-content-layout":"","ast-site-content-layout":"default","site-content-style":"default","site-sidebar-style":"default","ast-global-header-display":"","ast-banner-title-visibility":"","ast-main-header-display":"","ast-hfb-above-header-display":"","ast-hfb-below-header-display":"","ast-hfb-mobile-header-display":"","site-post-title":"","ast-breadcrumbs-content":"","ast-featured-img":"","footer-sml-layout":"","ast-disable-related-posts":"","theme-transparent-header-meta":"","adv-header-id-meta":"","stick-header-meta":"","header-above-stick-meta":"","header-main-stick-meta":"","header-below-stick-meta":"","astra-migrate-meta-layouts":"set","ast-page-background-enabled":"default","ast-page-background-meta":{"desktop":{"background-color":"var(--ast-global-color-4)","background-image":"","background-repeat":"repeat","background-position":"center center","background-size":"auto","background-attachment":"scroll","background-type":"","background-media":"","overlay-type":"","overlay-color":"","overlay-opacity":"","overlay-gradient":""},"tablet":{"background-color":"","background-image":"","background-repeat":"repeat","background-position":"center center","background-size":"auto","background-attachment":"scroll","background-type":"","background-media":"","overlay-type":"","overlay-color":"","overlay-opacity":"","overlay-gradient":""},"mobile":{"background-color":"","background-image":"","background-repeat":"repeat","background-position":"center center","background-size":"auto","background-attachment":"scroll","background-type":"","background-media":"","overlay-type":"","overlay-color":"","overlay-opacity":"","overlay-gradient":""}},"ast-content-background-meta":{"desktop":{"background-color":"var(--ast-global-color-5)","background-image":"","background-repeat":"repeat","background-position":"center center","background-size":"auto","background-attachment":"scroll","background-type":"","background-media":"","overlay-type":"","overlay-color":"","overlay-opacity":"","overlay-gradient":""},"tablet":{"background-color":"var(--ast-global-color-5)","background-image":"","background-repeat":"repeat","background-position":"center center","background-size":"auto","background-attachment":"scroll","background-type":"","background-media":"","overlay-type":"","overlay-color":"","overlay-opacity":"","overlay-gradient":""},"mobile":{"background-color":"var(--ast-global-color-5)","background-image":"","background-repeat":"repeat","background-position":"center center","background-size":"auto","background-attachment":"scroll","background-type":"","background-media":"","overlay-type":"","overlay-color":"","overlay-opacity":"","overlay-gradient":""}},"footnotes":""},"categories":[1386,1379],"tags":[509,1381],"class_list":["post-20850","post","type-post","status-publish","format-image","hentry","category-platycnemididae-thailande","category-thailande","tag-platycnemididae","tag-thailande","post_format-post-format-image"],"yoast_head":"<!-- This site is optimized with the Yoast SEO plugin v27.5 - https:\/\/yoast.com\/product\/yoast-seo-wordpress\/ -->\n<title>Coeliccia poungyi - Mes Libellules<\/title>\n<meta name=\"description\" content=\"Coeliccia poungyi m\u00e2les et femelles en Tha\u00eflande, description, identification, taille, habitat, distribution g\u00e9ographique, \u00e9tymologie\" \/>\n<meta name=\"robots\" content=\"index, follow, max-snippet:-1, max-image-preview:large, max-video-preview:-1\" \/>\n<link rel=\"canonical\" href=\"https:\/\/www.meslibellules.fr\/blog\/2024\/08\/23\/coeliccia-poungyi\/\" \/>\n<meta property=\"og:locale\" content=\"fr_FR\" \/>\n<meta property=\"og:type\" content=\"article\" \/>\n<meta property=\"og:title\" content=\"Coeliccia poungyi - Mes Libellules\" \/>\n<meta property=\"og:description\" content=\"Coeliccia poungyi m\u00e2les et femelles en Tha\u00eflande, description, identification, taille, habitat, distribution g\u00e9ographique, \u00e9tymologie\" \/>\n<meta property=\"og:url\" content=\"https:\/\/www.meslibellules.fr\/blog\/2024\/08\/23\/coeliccia-poungyi\/\" \/>\n<meta property=\"og:site_name\" content=\"Mes Libellules\" \/>\n<meta property=\"article:publisher\" content=\"https:\/\/www.facebook.com\/benoit.guillon.96\/\" \/>\n<meta property=\"article:author\" content=\"https:\/\/www.facebook.com\/benoit.guillon.96\/\" \/>\n<meta property=\"article:published_time\" content=\"2024-08-23T10:30:19+00:00\" \/>\n<meta property=\"article:modified_time\" content=\"2024-08-23T16:58:41+00:00\" \/>\n<meta property=\"og:image\" content=\"https:\/\/www.meslibellules.fr\/blog\/wp-content\/uploads\/Coeliccia-poungyi-male-1.webp\" \/>\n<meta name=\"author\" content=\"Beno\u00eet Guillon\" \/>\n<meta name=\"twitter:card\" content=\"summary_large_image\" \/>\n<meta name=\"twitter:label1\" content=\"\u00c9crit par\" \/>\n\t<meta name=\"twitter:data1\" content=\"Beno\u00eet Guillon\" \/>\n\t<meta name=\"twitter:label2\" content=\"Dur\u00e9e de lecture estim\u00e9e\" \/>\n\t<meta name=\"twitter:data2\" content=\"5 minutes\" \/>\n<script type=\"application\/ld+json\" class=\"yoast-schema-graph\">{\"@context\":\"https:\\\/\\\/schema.org\",\"@graph\":[{\"@type\":\"Article\",\"@id\":\"https:\\\/\\\/www.meslibellules.fr\\\/blog\\\/2024\\\/08\\\/23\\\/coeliccia-poungyi\\\/#article\",\"isPartOf\":{\"@id\":\"https:\\\/\\\/www.meslibellules.fr\\\/blog\\\/2024\\\/08\\\/23\\\/coeliccia-poungyi\\\/\"},\"author\":{\"name\":\"Beno\u00eet Guillon\",\"@id\":\"https:\\\/\\\/www.meslibellules.fr\\\/blog\\\/#\\\/schema\\\/person\\\/9aa3586f9dd053fcf329f43b8b053c77\"},\"headline\":\"Tha\u00eflande &#8211; Coeliccia poungyi (Fraser, 1933)\",\"datePublished\":\"2024-08-23T10:30:19+00:00\",\"dateModified\":\"2024-08-23T16:58:41+00:00\",\"mainEntityOfPage\":{\"@id\":\"https:\\\/\\\/www.meslibellules.fr\\\/blog\\\/2024\\\/08\\\/23\\\/coeliccia-poungyi\\\/\"},\"wordCount\":630,\"commentCount\":0,\"publisher\":{\"@id\":\"https:\\\/\\\/www.meslibellules.fr\\\/blog\\\/#\\\/schema\\\/person\\\/9aa3586f9dd053fcf329f43b8b053c77\"},\"image\":{\"@id\":\"https:\\\/\\\/www.meslibellules.fr\\\/blog\\\/2024\\\/08\\\/23\\\/coeliccia-poungyi\\\/#primaryimage\"},\"thumbnailUrl\":\"https:\\\/\\\/www.meslibellules.fr\\\/blog\\\/wp-content\\\/uploads\\\/Coeliccia-poungyi-male-1.webp\",\"keywords\":[\"Platycnemididae\",\"Tha\u00eflande\"],\"articleSection\":[\"Platycnemididae\",\"Tha\u00eflande\"],\"inLanguage\":\"fr-FR\",\"potentialAction\":[{\"@type\":\"CommentAction\",\"name\":\"Comment\",\"target\":[\"https:\\\/\\\/www.meslibellules.fr\\\/blog\\\/2024\\\/08\\\/23\\\/coeliccia-poungyi\\\/#respond\"]}]},{\"@type\":\"WebPage\",\"@id\":\"https:\\\/\\\/www.meslibellules.fr\\\/blog\\\/2024\\\/08\\\/23\\\/coeliccia-poungyi\\\/\",\"url\":\"https:\\\/\\\/www.meslibellules.fr\\\/blog\\\/2024\\\/08\\\/23\\\/coeliccia-poungyi\\\/\",\"name\":\"Coeliccia poungyi - Mes Libellules\",\"isPartOf\":{\"@id\":\"https:\\\/\\\/www.meslibellules.fr\\\/blog\\\/#website\"},\"primaryImageOfPage\":{\"@id\":\"https:\\\/\\\/www.meslibellules.fr\\\/blog\\\/2024\\\/08\\\/23\\\/coeliccia-poungyi\\\/#primaryimage\"},\"image\":{\"@id\":\"https:\\\/\\\/www.meslibellules.fr\\\/blog\\\/2024\\\/08\\\/23\\\/coeliccia-poungyi\\\/#primaryimage\"},\"thumbnailUrl\":\"https:\\\/\\\/www.meslibellules.fr\\\/blog\\\/wp-content\\\/uploads\\\/Coeliccia-poungyi-male-1.webp\",\"datePublished\":\"2024-08-23T10:30:19+00:00\",\"dateModified\":\"2024-08-23T16:58:41+00:00\",\"description\":\"Coeliccia poungyi m\u00e2les et femelles en Tha\u00eflande, description, identification, taille, habitat, distribution g\u00e9ographique, \u00e9tymologie\",\"breadcrumb\":{\"@id\":\"https:\\\/\\\/www.meslibellules.fr\\\/blog\\\/2024\\\/08\\\/23\\\/coeliccia-poungyi\\\/#breadcrumb\"},\"inLanguage\":\"fr-FR\",\"potentialAction\":[{\"@type\":\"ReadAction\",\"target\":[\"https:\\\/\\\/www.meslibellules.fr\\\/blog\\\/2024\\\/08\\\/23\\\/coeliccia-poungyi\\\/\"]}]},{\"@type\":\"ImageObject\",\"inLanguage\":\"fr-FR\",\"@id\":\"https:\\\/\\\/www.meslibellules.fr\\\/blog\\\/2024\\\/08\\\/23\\\/coeliccia-poungyi\\\/#primaryimage\",\"url\":\"https:\\\/\\\/www.meslibellules.fr\\\/blog\\\/wp-content\\\/uploads\\\/Coeliccia-poungyi-male-1.webp\",\"contentUrl\":\"https:\\\/\\\/www.meslibellules.fr\\\/blog\\\/wp-content\\\/uploads\\\/Coeliccia-poungyi-male-1.webp\"},{\"@type\":\"BreadcrumbList\",\"@id\":\"https:\\\/\\\/www.meslibellules.fr\\\/blog\\\/2024\\\/08\\\/23\\\/coeliccia-poungyi\\\/#breadcrumb\",\"itemListElement\":[{\"@type\":\"ListItem\",\"position\":1,\"name\":\"Accueil\",\"item\":\"https:\\\/\\\/www.meslibellules.fr\\\/blog\\\/\"},{\"@type\":\"ListItem\",\"position\":2,\"name\":\"Tha\u00eflande &#8211; Coeliccia poungyi (Fraser, 1933)\"}]},{\"@type\":\"WebSite\",\"@id\":\"https:\\\/\\\/www.meslibellules.fr\\\/blog\\\/#website\",\"url\":\"https:\\\/\\\/www.meslibellules.fr\\\/blog\\\/\",\"name\":\"Mes Libellules\",\"description\":\"Pr\u00e9sentation des libellules rencontr\u00e9es dans le monde\",\"publisher\":{\"@id\":\"https:\\\/\\\/www.meslibellules.fr\\\/blog\\\/#\\\/schema\\\/person\\\/9aa3586f9dd053fcf329f43b8b053c77\"},\"potentialAction\":[{\"@type\":\"SearchAction\",\"target\":{\"@type\":\"EntryPoint\",\"urlTemplate\":\"https:\\\/\\\/www.meslibellules.fr\\\/blog\\\/?s={search_term_string}\"},\"query-input\":{\"@type\":\"PropertyValueSpecification\",\"valueRequired\":true,\"valueName\":\"search_term_string\"}}],\"inLanguage\":\"fr-FR\"},{\"@type\":[\"Person\",\"Organization\"],\"@id\":\"https:\\\/\\\/www.meslibellules.fr\\\/blog\\\/#\\\/schema\\\/person\\\/9aa3586f9dd053fcf329f43b8b053c77\",\"name\":\"Beno\u00eet Guillon\",\"image\":{\"@type\":\"ImageObject\",\"inLanguage\":\"fr-FR\",\"@id\":\"https:\\\/\\\/www.meslibellules.fr\\\/blog\\\/wp-content\\\/uploads\\\/cropped-avatar-150-pix.jpg\",\"url\":\"https:\\\/\\\/www.meslibellules.fr\\\/blog\\\/wp-content\\\/uploads\\\/cropped-avatar-150-pix.jpg\",\"contentUrl\":\"https:\\\/\\\/www.meslibellules.fr\\\/blog\\\/wp-content\\\/uploads\\\/cropped-avatar-150-pix.jpg\",\"width\":150,\"height\":137,\"caption\":\"Beno\u00eet Guillon\"},\"logo\":{\"@id\":\"https:\\\/\\\/www.meslibellules.fr\\\/blog\\\/wp-content\\\/uploads\\\/cropped-avatar-150-pix.jpg\"},\"sameAs\":[\"https:\\\/\\\/www.facebook.com\\\/benoit.guillon.96\\\/\"]}]}<\/script>\n<!-- \/ Yoast SEO plugin. -->","yoast_head_json":{"title":"Coeliccia poungyi - Mes Libellules","description":"Coeliccia poungyi m\u00e2les et femelles en Tha\u00eflande, description, identification, taille, habitat, distribution g\u00e9ographique, \u00e9tymologie","robots":{"index":"index","follow":"follow","max-snippet":"max-snippet:-1","max-image-preview":"max-image-preview:large","max-video-preview":"max-video-preview:-1"},"canonical":"https:\/\/www.meslibellules.fr\/blog\/2024\/08\/23\/coeliccia-poungyi\/","og_locale":"fr_FR","og_type":"article","og_title":"Coeliccia poungyi - Mes Libellules","og_description":"Coeliccia poungyi m\u00e2les et femelles en Tha\u00eflande, description, identification, taille, habitat, distribution g\u00e9ographique, \u00e9tymologie","og_url":"https:\/\/www.meslibellules.fr\/blog\/2024\/08\/23\/coeliccia-poungyi\/","og_site_name":"Mes Libellules","article_publisher":"https:\/\/www.facebook.com\/benoit.guillon.96\/","article_author":"https:\/\/www.facebook.com\/benoit.guillon.96\/","article_published_time":"2024-08-23T10:30:19+00:00","article_modified_time":"2024-08-23T16:58:41+00:00","og_image":[{"url":"https:\/\/www.meslibellules.fr\/blog\/wp-content\/uploads\/Coeliccia-poungyi-male-1.webp","type":"","width":"","height":""}],"author":"Beno\u00eet Guillon","twitter_card":"summary_large_image","twitter_misc":{"\u00c9crit par":"Beno\u00eet Guillon","Dur\u00e9e de lecture estim\u00e9e":"5 minutes"},"schema":{"@context":"https:\/\/schema.org","@graph":[{"@type":"Article","@id":"https:\/\/www.meslibellules.fr\/blog\/2024\/08\/23\/coeliccia-poungyi\/#article","isPartOf":{"@id":"https:\/\/www.meslibellules.fr\/blog\/2024\/08\/23\/coeliccia-poungyi\/"},"author":{"name":"Beno\u00eet Guillon","@id":"https:\/\/www.meslibellules.fr\/blog\/#\/schema\/person\/9aa3586f9dd053fcf329f43b8b053c77"},"headline":"Tha\u00eflande &#8211; Coeliccia poungyi (Fraser, 1933)","datePublished":"2024-08-23T10:30:19+00:00","dateModified":"2024-08-23T16:58:41+00:00","mainEntityOfPage":{"@id":"https:\/\/www.meslibellules.fr\/blog\/2024\/08\/23\/coeliccia-poungyi\/"},"wordCount":630,"commentCount":0,"publisher":{"@id":"https:\/\/www.meslibellules.fr\/blog\/#\/schema\/person\/9aa3586f9dd053fcf329f43b8b053c77"},"image":{"@id":"https:\/\/www.meslibellules.fr\/blog\/2024\/08\/23\/coeliccia-poungyi\/#primaryimage"},"thumbnailUrl":"https:\/\/www.meslibellules.fr\/blog\/wp-content\/uploads\/Coeliccia-poungyi-male-1.webp","keywords":["Platycnemididae","Tha\u00eflande"],"articleSection":["Platycnemididae","Tha\u00eflande"],"inLanguage":"fr-FR","potentialAction":[{"@type":"CommentAction","name":"Comment","target":["https:\/\/www.meslibellules.fr\/blog\/2024\/08\/23\/coeliccia-poungyi\/#respond"]}]},{"@type":"WebPage","@id":"https:\/\/www.meslibellules.fr\/blog\/2024\/08\/23\/coeliccia-poungyi\/","url":"https:\/\/www.meslibellules.fr\/blog\/2024\/08\/23\/coeliccia-poungyi\/","name":"Coeliccia poungyi - Mes Libellules","isPartOf":{"@id":"https:\/\/www.meslibellules.fr\/blog\/#website"},"primaryImageOfPage":{"@id":"https:\/\/www.meslibellules.fr\/blog\/2024\/08\/23\/coeliccia-poungyi\/#primaryimage"},"image":{"@id":"https:\/\/www.meslibellules.fr\/blog\/2024\/08\/23\/coeliccia-poungyi\/#primaryimage"},"thumbnailUrl":"https:\/\/www.meslibellules.fr\/blog\/wp-content\/uploads\/Coeliccia-poungyi-male-1.webp","datePublished":"2024-08-23T10:30:19+00:00","dateModified":"2024-08-23T16:58:41+00:00","description":"Coeliccia poungyi m\u00e2les et femelles en Tha\u00eflande, description, identification, taille, habitat, distribution g\u00e9ographique, \u00e9tymologie","breadcrumb":{"@id":"https:\/\/www.meslibellules.fr\/blog\/2024\/08\/23\/coeliccia-poungyi\/#breadcrumb"},"inLanguage":"fr-FR","potentialAction":[{"@type":"ReadAction","target":["https:\/\/www.meslibellules.fr\/blog\/2024\/08\/23\/coeliccia-poungyi\/"]}]},{"@type":"ImageObject","inLanguage":"fr-FR","@id":"https:\/\/www.meslibellules.fr\/blog\/2024\/08\/23\/coeliccia-poungyi\/#primaryimage","url":"https:\/\/www.meslibellules.fr\/blog\/wp-content\/uploads\/Coeliccia-poungyi-male-1.webp","contentUrl":"https:\/\/www.meslibellules.fr\/blog\/wp-content\/uploads\/Coeliccia-poungyi-male-1.webp"},{"@type":"BreadcrumbList","@id":"https:\/\/www.meslibellules.fr\/blog\/2024\/08\/23\/coeliccia-poungyi\/#breadcrumb","itemListElement":[{"@type":"ListItem","position":1,"name":"Accueil","item":"https:\/\/www.meslibellules.fr\/blog\/"},{"@type":"ListItem","position":2,"name":"Tha\u00eflande &#8211; Coeliccia poungyi (Fraser, 1933)"}]},{"@type":"WebSite","@id":"https:\/\/www.meslibellules.fr\/blog\/#website","url":"https:\/\/www.meslibellules.fr\/blog\/","name":"Mes Libellules","description":"Pr\u00e9sentation des libellules rencontr\u00e9es dans le monde","publisher":{"@id":"https:\/\/www.meslibellules.fr\/blog\/#\/schema\/person\/9aa3586f9dd053fcf329f43b8b053c77"},"potentialAction":[{"@type":"SearchAction","target":{"@type":"EntryPoint","urlTemplate":"https:\/\/www.meslibellules.fr\/blog\/?s={search_term_string}"},"query-input":{"@type":"PropertyValueSpecification","valueRequired":true,"valueName":"search_term_string"}}],"inLanguage":"fr-FR"},{"@type":["Person","Organization"],"@id":"https:\/\/www.meslibellules.fr\/blog\/#\/schema\/person\/9aa3586f9dd053fcf329f43b8b053c77","name":"Beno\u00eet Guillon","image":{"@type":"ImageObject","inLanguage":"fr-FR","@id":"https:\/\/www.meslibellules.fr\/blog\/wp-content\/uploads\/cropped-avatar-150-pix.jpg","url":"https:\/\/www.meslibellules.fr\/blog\/wp-content\/uploads\/cropped-avatar-150-pix.jpg","contentUrl":"https:\/\/www.meslibellules.fr\/blog\/wp-content\/uploads\/cropped-avatar-150-pix.jpg","width":150,"height":137,"caption":"Beno\u00eet Guillon"},"logo":{"@id":"https:\/\/www.meslibellules.fr\/blog\/wp-content\/uploads\/cropped-avatar-150-pix.jpg"},"sameAs":["https:\/\/www.facebook.com\/benoit.guillon.96\/"]}]}},"_links":{"self":[{"href":"https:\/\/www.meslibellules.fr\/blog\/wp-json\/wp\/v2\/posts\/20850","targetHints":{"allow":["GET"]}}],"collection":[{"href":"https:\/\/www.meslibellules.fr\/blog\/wp-json\/wp\/v2\/posts"}],"about":[{"href":"https:\/\/www.meslibellules.fr\/blog\/wp-json\/wp\/v2\/types\/post"}],"author":[{"embeddable":true,"href":"https:\/\/www.meslibellules.fr\/blog\/wp-json\/wp\/v2\/users\/1"}],"replies":[{"embeddable":true,"href":"https:\/\/www.meslibellules.fr\/blog\/wp-json\/wp\/v2\/comments?post=20850"}],"version-history":[{"count":0,"href":"https:\/\/www.meslibellules.fr\/blog\/wp-json\/wp\/v2\/posts\/20850\/revisions"}],"wp:attachment":[{"href":"https:\/\/www.meslibellules.fr\/blog\/wp-json\/wp\/v2\/media?parent=20850"}],"wp:term":[{"taxonomy":"category","embeddable":true,"href":"https:\/\/www.meslibellules.fr\/blog\/wp-json\/wp\/v2\/categories?post=20850"},{"taxonomy":"post_tag","embeddable":true,"href":"https:\/\/www.meslibellules.fr\/blog\/wp-json\/wp\/v2\/tags?post=20850"}],"curies":[{"name":"wp","href":"https:\/\/api.w.org\/{rel}","templated":true}]}}