{"id":21602,"date":"2024-09-18T08:23:55","date_gmt":"2024-09-18T06:23:55","guid":{"rendered":"https:\/\/www.meslibellules.fr\/blog\/?p=21602"},"modified":"2025-01-09T15:23:35","modified_gmt":"2025-01-09T14:23:35","slug":"sarasaeschna-pramoti","status":"publish","type":"post","link":"https:\/\/www.meslibellules.fr\/blog\/2024\/09\/18\/sarasaeschna-pramoti\/","title":{"rendered":"Tha\u00eflande &#8211; Sarasaeschna pramoti (Yeh, 2000)"},"content":{"rendered":"\n<figure class=\"wp-block-image aligncenter size-full is-resized\"><a href=\"https:\/\/www.meslibellules.fr\/blog\/wp-content\/uploads\/Sarasaeschna-pramoti-male-7.webp\"><img decoding=\"async\" width=\"1787\" height=\"1204\" data-src=\"https:\/\/www.meslibellules.fr\/blog\/wp-content\/uploads\/Sarasaeschna-pramoti-male-7.webp\" alt=\"Sarasaeschna pramoti m\u00e2le, Tha\u00eflande, Do Inthanon, Mr Deang\u2019s Shop, 03\/06\/2024\" class=\"wp-image-21588 lazyload\" style=\"--smush-placeholder-width: 1787px; --smush-placeholder-aspect-ratio: 1787\/1204;width:603px;height:auto\" data-srcset=\"https:\/\/www.meslibellules.fr\/blog\/wp-content\/uploads\/Sarasaeschna-pramoti-male-7.webp 1787w, https:\/\/www.meslibellules.fr\/blog\/wp-content\/uploads\/Sarasaeschna-pramoti-male-7-768x517.webp 768w, https:\/\/www.meslibellules.fr\/blog\/wp-content\/uploads\/Sarasaeschna-pramoti-male-7-1536x1035.webp 1536w\" data-sizes=\"(max-width: 1787px) 100vw, 1787px\" src=\"data:image\/svg+xml;base64,PHN2ZyB3aWR0aD0iMSIgaGVpZ2h0PSIxIiB4bWxucz0iaHR0cDovL3d3dy53My5vcmcvMjAwMC9zdmciPjwvc3ZnPg==\" \/><\/a><figcaption class=\"wp-element-caption\">Sarasaeschna pramoti\/niisatoi m\u00e2le, Tha\u00eflande, Do Inthanon, Mr Deang\u2019s Shop, 03\/06\/2024<\/figcaption><\/figure>\n\n\n\n<p>C&rsquo;est en observant un odonate louvoyer entre les grandes herbes d&rsquo;un foss\u00e9 assez profond que Chris Heaivilin a d\u00e9couvert ce tr\u00e8s rare Sarasaeschna pramoti. Il semble qu&rsquo;il n&rsquo;avait pas \u00e9t\u00e9 photographi\u00e9 ou m\u00eame retrouv\u00e9 depuis sa description en 2000, sous le nom de Oligoaeschna pramoti. On ne trouve, sur iNaturalist, que les photos de notre \u00e9quipe.<br>Cette d\u00e9couverte a fait l&rsquo;objet d&rsquo;un article : Benstead P., Guillon B., Heavilin C., 2025 &#8211; <a href=\"https:\/\/www.meslibellules.fr\/blog\/wp-content\/uploads\/S-pramoti-AgrionJan2025Final-lowres-part-2.pdf\" target=\"_blank\" rel=\"noreferrer noopener\">Recent observations of male and female<br>Sarasaeschna pramoti (Anisoptera: Aeshnidae) in north-west Thailand <\/a>&#8211; Agrion 29(1) &#8211; January 2025. Si la date de cet article appara\u00eet \u00eatre ant\u00e9rieure \u00e0 la publication dans <em>Agrion<\/em>, il n&rsquo;\u00e9tait pas alors en acc\u00e8s public, attendant cette publication.<\/p>\n\n\n\n<p>Agrion 29(1) &#8211; January 2025.<\/p>\n\n\n\n<figure class=\"wp-block-gallery has-nested-images columns-default is-cropped wp-block-gallery-1 is-layout-flex wp-block-gallery-is-layout-flex\">\n<figure class=\"wp-block-image aligncenter size-large\"><a href=\"https:\/\/www.meslibellules.fr\/blog\/wp-content\/uploads\/Sarasaeschna-pramoti-male-3.webp\"><img decoding=\"async\" width=\"1633\" height=\"1204\" data-id=\"21584\" data-src=\"https:\/\/www.meslibellules.fr\/blog\/wp-content\/uploads\/Sarasaeschna-pramoti-male-3.webp\" alt=\"Sarasaeschna pramoti m\u00e2le, Tha\u00eflande, Do Inthanon, Mr Deang\u2019s Shop, 03\/06\/2024\" class=\"wp-image-21584 lazyload\" data-srcset=\"https:\/\/www.meslibellules.fr\/blog\/wp-content\/uploads\/Sarasaeschna-pramoti-male-3.webp 1633w, https:\/\/www.meslibellules.fr\/blog\/wp-content\/uploads\/Sarasaeschna-pramoti-male-3-768x566.webp 768w, https:\/\/www.meslibellules.fr\/blog\/wp-content\/uploads\/Sarasaeschna-pramoti-male-3-1536x1132.webp 1536w\" data-sizes=\"(max-width: 1633px) 100vw, 1633px\" src=\"data:image\/svg+xml;base64,PHN2ZyB3aWR0aD0iMSIgaGVpZ2h0PSIxIiB4bWxucz0iaHR0cDovL3d3dy53My5vcmcvMjAwMC9zdmciPjwvc3ZnPg==\" style=\"--smush-placeholder-width: 1633px; --smush-placeholder-aspect-ratio: 1633\/1204;\" \/><\/a><\/figure>\n\n\n\n<figure class=\"wp-block-image size-large\"><a href=\"https:\/\/www.meslibellules.fr\/blog\/wp-content\/uploads\/Sarasaeschna-pramoti-male-1.webp\"><img decoding=\"async\" width=\"1583\" height=\"1204\" data-id=\"21582\" data-src=\"https:\/\/www.meslibellules.fr\/blog\/wp-content\/uploads\/Sarasaeschna-pramoti-male-1.webp\" alt=\"Sarasaeschna pramoti m\u00e2le, Tha\u00eflande, Do Inthanon, Mr Deang\u2019s Shop, 03\/06\/2024\" class=\"wp-image-21582 lazyload\" data-srcset=\"https:\/\/www.meslibellules.fr\/blog\/wp-content\/uploads\/Sarasaeschna-pramoti-male-1.webp 1583w, https:\/\/www.meslibellules.fr\/blog\/wp-content\/uploads\/Sarasaeschna-pramoti-male-1-768x584.webp 768w, https:\/\/www.meslibellules.fr\/blog\/wp-content\/uploads\/Sarasaeschna-pramoti-male-1-1536x1168.webp 1536w\" data-sizes=\"(max-width: 1583px) 100vw, 1583px\" src=\"data:image\/svg+xml;base64,PHN2ZyB3aWR0aD0iMSIgaGVpZ2h0PSIxIiB4bWxucz0iaHR0cDovL3d3dy53My5vcmcvMjAwMC9zdmciPjwvc3ZnPg==\" style=\"--smush-placeholder-width: 1583px; --smush-placeholder-aspect-ratio: 1583\/1204;\" \/><\/a><\/figure>\n<figcaption class=\"blocks-gallery-caption wp-element-caption\">Sarasaeschna pramoti\/niisatoi m\u00e2le, Tha\u00eflande, Do Inthanon, Mr Deang\u2019s Shop, 03\/06\/2024<\/figcaption><\/figure>\n\n\n\n<p>D&rsquo;ailleurs toutes les 18 esp\u00e8ces du genre sont rares, la premi\u00e8re n&rsquo;ayant \u00e9t\u00e9 d\u00e9crite que tout r\u00e9cemment, en 1951. Le genre Sarasaeschna a \u00e9t\u00e9 cr\u00e9\u00e9&nbsp;par Karube &amp; Yeh, 2001(2) pour r\u00e9soudre d\u00e9finitivement la division en deux sections distinctes du genre Oligoaeschna (Selys). Les deux genres sont tr\u00e8s proches et les diff\u00e9rences structurelles essentielles se situent au niveau du quatri\u00e8me segment de leur \u00ab&nbsp;p\u00e9nis&nbsp;\u00bb et la pr\u00e9sence ou non de denticules sur le 10\u00b0 segment (pour Oligoaeschna).<\/p>\n\n\n\n<figure class=\"wp-block-gallery has-nested-images columns-default is-cropped wp-block-gallery-2 is-layout-flex wp-block-gallery-is-layout-flex\">\n<figure class=\"wp-block-image size-large\"><a href=\"https:\/\/www.meslibellules.fr\/blog\/wp-content\/uploads\/Sarasaeschna-pramoti-male-4.webp\"><img decoding=\"async\" width=\"903\" height=\"1204\" data-id=\"21585\" data-src=\"https:\/\/www.meslibellules.fr\/blog\/wp-content\/uploads\/Sarasaeschna-pramoti-male-4.webp\" alt=\"Sarasaeschna pramoti m\u00e2le, Tha\u00eflande, Do Inthanon, Mr Deang\u2019s Shop, 03\/06\/2024\" class=\"wp-image-21585 lazyload\" data-srcset=\"https:\/\/www.meslibellules.fr\/blog\/wp-content\/uploads\/Sarasaeschna-pramoti-male-4.webp 903w, https:\/\/www.meslibellules.fr\/blog\/wp-content\/uploads\/Sarasaeschna-pramoti-male-4-768x1024.webp 768w\" data-sizes=\"(max-width: 903px) 100vw, 903px\" src=\"data:image\/svg+xml;base64,PHN2ZyB3aWR0aD0iMSIgaGVpZ2h0PSIxIiB4bWxucz0iaHR0cDovL3d3dy53My5vcmcvMjAwMC9zdmciPjwvc3ZnPg==\" style=\"--smush-placeholder-width: 903px; --smush-placeholder-aspect-ratio: 903\/1204;\" \/><\/a><\/figure>\n\n\n\n<figure class=\"wp-block-image size-large\"><a href=\"https:\/\/www.meslibellules.fr\/blog\/wp-content\/uploads\/Sarasaeschna-pramoti-male-8.webp\"><img decoding=\"async\" width=\"919\" height=\"1204\" data-id=\"21589\" data-src=\"https:\/\/www.meslibellules.fr\/blog\/wp-content\/uploads\/Sarasaeschna-pramoti-male-8.webp\" alt=\"Sarasaeschna pramoti m\u00e2le, Tha\u00eflande, Do Inthanon, Mr Deang\u2019s Shop, 03\/06\/2024\" class=\"wp-image-21589 lazyload\" data-srcset=\"https:\/\/www.meslibellules.fr\/blog\/wp-content\/uploads\/Sarasaeschna-pramoti-male-8.webp 919w, https:\/\/www.meslibellules.fr\/blog\/wp-content\/uploads\/Sarasaeschna-pramoti-male-8-768x1006.webp 768w\" data-sizes=\"(max-width: 919px) 100vw, 919px\" src=\"data:image\/svg+xml;base64,PHN2ZyB3aWR0aD0iMSIgaGVpZ2h0PSIxIiB4bWxucz0iaHR0cDovL3d3dy53My5vcmcvMjAwMC9zdmciPjwvc3ZnPg==\" style=\"--smush-placeholder-width: 919px; --smush-placeholder-aspect-ratio: 919\/1204;\" \/><\/a><\/figure>\n<figcaption class=\"blocks-gallery-caption wp-element-caption\">Sarasaeschna pramoti\/niisatoi m\u00e2le, Tha\u00eflande, Do Inthanon, Mr Deang\u2019s Shop, 03\/06\/2024<\/figcaption><\/figure>\n\n\n\n<p>Il est <em>extr\u00eamement<\/em> proche de <a href=\"https:\/\/www.meslibellules.fr\/blog\/wp-content\/uploads\/2018\/12\/sarasaeschna-niisatoi-3.jpg\">Sarasaeschna niisatoi<\/a> que j&rsquo;ai eu la chance de rencontrer au Vietnam, \u00e0 7 ou 800 kilom\u00e8tres \u00e0 vol de libellule ; d&rsquo;apr\u00e8s Yeh (1), il s&rsquo;en distingue principalement par des cerques plus courts avec des expansions plus courtes, les spots de part et d&rsquo;autre du \u00ab\u00a0T\u00a0\u00bb frontal plus petits et compacts, il serait plus grand (58 mm au total, 42 pour l&rsquo;abdomen), les marques m\u00e9dio dorsales sur S2 plus grandes et plus allong\u00e9es transversalement et les spots lat\u00e9raux des segments 3 \u00e0 6 plus d\u00e9velopp\u00e9s [en tout cas plus marqu\u00e9s, car ils sont peu visibles, mais aussi d\u00e9velopp\u00e9s sur S. niisatoi]. Il n&rsquo;y a que ce dernier caract\u00e8re qui est en accord avec ce que je peux constater sur mes photos, ce qui est trop peu, d&rsquo;autant que Yeh pr\u00e9cise dans sa publication qu&rsquo;ils ont \u00ab\u00a0des marques corporelles et une structure p\u00e9nienne dispos\u00e9es de mani\u00e8re similaire\u00a0\u00bb.<\/p>\n\n\n\n<figure class=\"wp-block-image aligncenter size-full\"><a href=\"https:\/\/www.meslibellules.fr\/blog\/wp-content\/uploads\/Sarasaeschna-niisatoi-vs-S-pramoti-niisatoi-1200-scaled.webp\"><img decoding=\"async\" width=\"2560\" height=\"987\" data-src=\"https:\/\/www.meslibellules.fr\/blog\/wp-content\/uploads\/Sarasaeschna-niisatoi-vs-S-pramoti-niisatoi-1200-scaled.webp\" alt=\"Comparaison Sarasaeschna niisatoi (Vietnam) et Sarasaeschna Tha\u00eflande\" class=\"wp-image-21626 lazyload\" data-srcset=\"https:\/\/www.meslibellules.fr\/blog\/wp-content\/uploads\/Sarasaeschna-niisatoi-vs-S-pramoti-niisatoi-1200-scaled.webp 2560w, https:\/\/www.meslibellules.fr\/blog\/wp-content\/uploads\/Sarasaeschna-niisatoi-vs-S-pramoti-niisatoi-1200-768x296.webp 768w, https:\/\/www.meslibellules.fr\/blog\/wp-content\/uploads\/Sarasaeschna-niisatoi-vs-S-pramoti-niisatoi-1200-1536x592.webp 1536w, https:\/\/www.meslibellules.fr\/blog\/wp-content\/uploads\/Sarasaeschna-niisatoi-vs-S-pramoti-niisatoi-1200-2048x790.webp 2048w\" data-sizes=\"(max-width: 2560px) 100vw, 2560px\" src=\"data:image\/svg+xml;base64,PHN2ZyB3aWR0aD0iMSIgaGVpZ2h0PSIxIiB4bWxucz0iaHR0cDovL3d3dy53My5vcmcvMjAwMC9zdmciPjwvc3ZnPg==\" style=\"--smush-placeholder-width: 2560px; --smush-placeholder-aspect-ratio: 2560\/987;\" \/><\/a><figcaption class=\"wp-element-caption\">Comparaison Sarasaeschna niisatoi (Vietnam) et Sarasaeschna sp. Tha\u00eflande<\/figcaption><\/figure>\n\n\n\n<div class=\"wp-block-media-text is-stacked-on-mobile\"><figure class=\"wp-block-media-text__media\"><a href=\"https:\/\/www.meslibellules.fr\/blog\/wp-content\/uploads\/appendices-anaux.webp\"><img decoding=\"async\" width=\"585\" height=\"408\" data-src=\"https:\/\/www.meslibellules.fr\/blog\/wp-content\/uploads\/appendices-anaux.webp\" alt=\"Appendices anaux Sarasaeschna niisatoi vs pramoti or niisatoi...\" class=\"wp-image-21650 size-full lazyload\" src=\"data:image\/svg+xml;base64,PHN2ZyB3aWR0aD0iMSIgaGVpZ2h0PSIxIiB4bWxucz0iaHR0cDovL3d3dy53My5vcmcvMjAwMC9zdmciPjwvc3ZnPg==\" style=\"--smush-placeholder-width: 585px; --smush-placeholder-aspect-ratio: 585\/408;\" \/><\/a><\/figure><div class=\"wp-block-media-text__content\">\n<p><em>D\u00e8s lors, je ne vois pas pourquoi on aurait affaire \u00e0 une autre esp\u00e8ce que S. niisatoi, si les seules diff\u00e9rences reposent sur des variations l\u00e9g\u00e8res de coloration ou de taille que la variabilit\u00e9 g\u00e9ographique peuvent parfaitement expliquer.<\/em><\/p>\n<\/div><\/div>\n\n\n\n<div style=\"height:41px\" aria-hidden=\"true\" class=\"wp-block-spacer\"><\/div>\n\n\n\n\n\n<figure class=\"wp-block-gallery aligncenter has-nested-images columns-default is-cropped wp-block-gallery-3 is-layout-flex wp-block-gallery-is-layout-flex\">\n<figure class=\"wp-block-image size-large\"><a href=\"https:\/\/www.meslibellules.fr\/blog\/wp-content\/uploads\/Sarasaeschna-pramoti-male-6.webp\"><img decoding=\"async\" width=\"1763\" height=\"1204\" data-id=\"21587\" data-src=\"https:\/\/www.meslibellules.fr\/blog\/wp-content\/uploads\/Sarasaeschna-pramoti-male-6.webp\" alt=\"Sarasaeschna pramoti m\u00e2le, Tha\u00eflande, Do Inthanon, Mr Deang\u2019s Shop, 03\/06\/2024\" class=\"wp-image-21587 lazyload\" data-srcset=\"https:\/\/www.meslibellules.fr\/blog\/wp-content\/uploads\/Sarasaeschna-pramoti-male-6.webp 1763w, https:\/\/www.meslibellules.fr\/blog\/wp-content\/uploads\/Sarasaeschna-pramoti-male-6-768x524.webp 768w, https:\/\/www.meslibellules.fr\/blog\/wp-content\/uploads\/Sarasaeschna-pramoti-male-6-1536x1049.webp 1536w\" data-sizes=\"(max-width: 1763px) 100vw, 1763px\" src=\"data:image\/svg+xml;base64,PHN2ZyB3aWR0aD0iMSIgaGVpZ2h0PSIxIiB4bWxucz0iaHR0cDovL3d3dy53My5vcmcvMjAwMC9zdmciPjwvc3ZnPg==\" style=\"--smush-placeholder-width: 1763px; --smush-placeholder-aspect-ratio: 1763\/1204;\" \/><\/a><\/figure>\n\n\n\n<figure class=\"wp-block-image size-large\"><a href=\"https:\/\/www.meslibellules.fr\/blog\/wp-content\/uploads\/Sarasaeschna-pramoti-male-2.webp\"><img decoding=\"async\" width=\"1519\" height=\"1204\" data-id=\"21583\" data-src=\"https:\/\/www.meslibellules.fr\/blog\/wp-content\/uploads\/Sarasaeschna-pramoti-male-2.webp\" alt=\"Sarasaeschna pramoti m\u00e2le, Tha\u00eflande, Do Inthanon, Mr Deang\u2019s Shop, 03\/06\/2024\" class=\"wp-image-21583 lazyload\" data-srcset=\"https:\/\/www.meslibellules.fr\/blog\/wp-content\/uploads\/Sarasaeschna-pramoti-male-2.webp 1519w, https:\/\/www.meslibellules.fr\/blog\/wp-content\/uploads\/Sarasaeschna-pramoti-male-2-768x609.webp 768w\" data-sizes=\"(max-width: 1519px) 100vw, 1519px\" src=\"data:image\/svg+xml;base64,PHN2ZyB3aWR0aD0iMSIgaGVpZ2h0PSIxIiB4bWxucz0iaHR0cDovL3d3dy53My5vcmcvMjAwMC9zdmciPjwvc3ZnPg==\" style=\"--smush-placeholder-width: 1519px; --smush-placeholder-aspect-ratio: 1519\/1204;\" \/><\/a><\/figure>\n<figcaption class=\"blocks-gallery-caption wp-element-caption\">Sarasaeschna pramoti\/niisatoi m\u00e2le, Tha\u00eflande, Do Inthanon, Mr Deang\u2019s Shop, 03\/06\/2024<\/figcaption><\/figure>\n\n\n\n<p>Ce sont des esp\u00e8ces qui fr\u00e9quentent les zones mar\u00e9cageuses en for\u00eat ; le m\u00e2le se trouvait donc dans un foss\u00e9 (18.532778, 98.522778), en limite d&rsquo;une zone mar\u00e9cageuse cr\u00e9e par le d\u00e9bordement de la rivi\u00e8re Klang. La femelle ci-dessous \u00e9tait \u00e9galement en for\u00eat, pr\u00e8s d&rsquo;un \u00e9tang (18.515254, 98.529717), dans la zone mar\u00e9cageuse form\u00e9e par le ruisseau qui l&rsquo;alimente.<\/p>\n\n\n\n<figure class=\"wp-block-gallery has-nested-images columns-default is-cropped wp-block-gallery-4 is-layout-flex wp-block-gallery-is-layout-flex\">\n<figure class=\"wp-block-image size-large\"><a href=\"https:\/\/www.meslibellules.fr\/blog\/wp-content\/uploads\/Sarasaeschna-pramoti-femelle-2.webp\"><img decoding=\"async\" width=\"1459\" height=\"1204\" data-id=\"21577\" data-src=\"https:\/\/www.meslibellules.fr\/blog\/wp-content\/uploads\/Sarasaeschna-pramoti-femelle-2.webp\" alt=\"Sarasaeschna pramoti femelle, Tha\u00eflande, Ban Luang, Chon Thong, 05\/06\/2024\" class=\"wp-image-21577 lazyload\" data-srcset=\"https:\/\/www.meslibellules.fr\/blog\/wp-content\/uploads\/Sarasaeschna-pramoti-femelle-2.webp 1459w, https:\/\/www.meslibellules.fr\/blog\/wp-content\/uploads\/Sarasaeschna-pramoti-femelle-2-768x634.webp 768w\" data-sizes=\"(max-width: 1459px) 100vw, 1459px\" src=\"data:image\/svg+xml;base64,PHN2ZyB3aWR0aD0iMSIgaGVpZ2h0PSIxIiB4bWxucz0iaHR0cDovL3d3dy53My5vcmcvMjAwMC9zdmciPjwvc3ZnPg==\" style=\"--smush-placeholder-width: 1459px; --smush-placeholder-aspect-ratio: 1459\/1204;\" \/><\/a><\/figure>\n\n\n\n<figure class=\"wp-block-image size-large\"><a href=\"https:\/\/www.meslibellules.fr\/blog\/wp-content\/uploads\/Sarasaeschna-pramoti-femelle-3.webp\"><img decoding=\"async\" width=\"1319\" height=\"1204\" data-id=\"21578\" data-src=\"https:\/\/www.meslibellules.fr\/blog\/wp-content\/uploads\/Sarasaeschna-pramoti-femelle-3.webp\" alt=\"Sarasaeschna pramoti femelle, Tha\u00eflande, Ban Luang, Chon Thong, 05\/06\/2024\" class=\"wp-image-21578 lazyload\" data-srcset=\"https:\/\/www.meslibellules.fr\/blog\/wp-content\/uploads\/Sarasaeschna-pramoti-femelle-3.webp 1319w, https:\/\/www.meslibellules.fr\/blog\/wp-content\/uploads\/Sarasaeschna-pramoti-femelle-3-768x701.webp 768w\" data-sizes=\"(max-width: 1319px) 100vw, 1319px\" src=\"data:image\/svg+xml;base64,PHN2ZyB3aWR0aD0iMSIgaGVpZ2h0PSIxIiB4bWxucz0iaHR0cDovL3d3dy53My5vcmcvMjAwMC9zdmciPjwvc3ZnPg==\" style=\"--smush-placeholder-width: 1319px; --smush-placeholder-aspect-ratio: 1319\/1204;\" \/><\/a><\/figure>\n<figcaption class=\"blocks-gallery-caption wp-element-caption\">Sarasaeschna pramoti\/niisatoi femelle, Tha\u00eflande, Ban Luang, Chon Thong, 05\/06\/2024<\/figcaption><\/figure>\n\n\n\n<p>Sarasaeschna pramoti n&rsquo;est connu que de la r\u00e9gion de Do Inthanon en Tha\u00eflande, c&rsquo;est la r\u00e9gion du plus haut sommet du pays, c&rsquo;est l\u00e0 que nous nous trouvions.<br>Sarasaeschna niisatoi n&rsquo;a, pour l&rsquo;instant&#8230; \u00e9t\u00e9 rencontr\u00e9 qu&rsquo;au Vietnam, tr\u00e8s localement et en Chine (ile d&rsquo;Hainan). <br>Que ce soit pour une esp\u00e8ce ou pour l&rsquo;autre, les donn\u00e9es sont tr\u00e8s lacunaires ; comme d\u00e9j\u00e0 dit plus haut, ce sont des esp\u00e8ces rares, vivant dans des zones sombres, peu fr\u00e9quent\u00e9es et peu prospect\u00e9es.<\/p>\n\n\n\n<figure class=\"wp-block-gallery has-nested-images columns-default is-cropped wp-block-gallery-5 is-layout-flex wp-block-gallery-is-layout-flex\">\n<figure class=\"wp-block-image size-large\"><a href=\"https:\/\/www.meslibellules.fr\/blog\/wp-content\/uploads\/Sarasaeschna-pramoti-femelle-1.webp\"><img decoding=\"async\" width=\"925\" height=\"1204\" data-id=\"21576\" data-src=\"https:\/\/www.meslibellules.fr\/blog\/wp-content\/uploads\/Sarasaeschna-pramoti-femelle-1.webp\" alt=\"Sarasaeschna pramoti femelle, Tha\u00eflande, Ban Luang, Chon Thong, 05\/06\/2024\" class=\"wp-image-21576 lazyload\" data-srcset=\"https:\/\/www.meslibellules.fr\/blog\/wp-content\/uploads\/Sarasaeschna-pramoti-femelle-1.webp 925w, https:\/\/www.meslibellules.fr\/blog\/wp-content\/uploads\/Sarasaeschna-pramoti-femelle-1-768x1000.webp 768w\" data-sizes=\"(max-width: 925px) 100vw, 925px\" src=\"data:image\/svg+xml;base64,PHN2ZyB3aWR0aD0iMSIgaGVpZ2h0PSIxIiB4bWxucz0iaHR0cDovL3d3dy53My5vcmcvMjAwMC9zdmciPjwvc3ZnPg==\" style=\"--smush-placeholder-width: 925px; --smush-placeholder-aspect-ratio: 925\/1204;\" \/><\/a><\/figure>\n\n\n\n<figure class=\"wp-block-image size-full\"><a href=\"https:\/\/www.meslibellules.fr\/blog\/wp-content\/uploads\/Sarasaeschna-pramoti-femelle-5.webp\"><img decoding=\"async\" width=\"866\" height=\"1204\" data-id=\"21580\" data-src=\"https:\/\/www.meslibellules.fr\/blog\/wp-content\/uploads\/Sarasaeschna-pramoti-femelle-5.webp\" alt=\"Sarasaeschna pramoti femelle, Tha\u00eflande, Ban Luang, Chon Thong, 05\/06\/2024\" class=\"wp-image-21580 lazyload\" data-srcset=\"https:\/\/www.meslibellules.fr\/blog\/wp-content\/uploads\/Sarasaeschna-pramoti-femelle-5.webp 866w, https:\/\/www.meslibellules.fr\/blog\/wp-content\/uploads\/Sarasaeschna-pramoti-femelle-5-768x1068.webp 768w\" data-sizes=\"(max-width: 866px) 100vw, 866px\" src=\"data:image\/svg+xml;base64,PHN2ZyB3aWR0aD0iMSIgaGVpZ2h0PSIxIiB4bWxucz0iaHR0cDovL3d3dy53My5vcmcvMjAwMC9zdmciPjwvc3ZnPg==\" style=\"--smush-placeholder-width: 866px; --smush-placeholder-aspect-ratio: 866\/1204;\" \/><\/a><\/figure>\n<figcaption class=\"blocks-gallery-caption wp-element-caption\">Sarasaeschna pramoti\/niisatoi femelle, Tha\u00eflande, Ban Luang, Chon Thong, 05\/06\/2024<\/figcaption><\/figure>\n\n\n\n<p>Ci-dessus, on peut observer l&rsquo;ovipositeur de la femelle, garni d&rsquo;un puissant stylet qui lui sert vraisemblablement \u00e0 ins\u00e9rer ses \u0153ufs dans les v\u00e9g\u00e9taux.<\/p>\n\n\n\n<figure class=\"wp-block-gallery has-nested-images columns-default is-cropped wp-block-gallery-6 is-layout-flex wp-block-gallery-is-layout-flex\">\n<figure class=\"wp-block-image size-large\"><a href=\"https:\/\/www.meslibellules.fr\/blog\/wp-content\/uploads\/Sarasaeschna-pramoti-femelle-4.webp\"><img decoding=\"async\" width=\"1501\" height=\"1204\" data-id=\"21579\" data-src=\"https:\/\/www.meslibellules.fr\/blog\/wp-content\/uploads\/Sarasaeschna-pramoti-femelle-4.webp\" alt=\"Sarasaeschna pramoti femelle, Tha\u00eflande, Ban Luang, Chon Thong, 05\/06\/2024\" class=\"wp-image-21579 lazyload\" data-srcset=\"https:\/\/www.meslibellules.fr\/blog\/wp-content\/uploads\/Sarasaeschna-pramoti-femelle-4.webp 1501w, https:\/\/www.meslibellules.fr\/blog\/wp-content\/uploads\/Sarasaeschna-pramoti-femelle-4-768x616.webp 768w\" data-sizes=\"(max-width: 1501px) 100vw, 1501px\" src=\"data:image\/svg+xml;base64,PHN2ZyB3aWR0aD0iMSIgaGVpZ2h0PSIxIiB4bWxucz0iaHR0cDovL3d3dy53My5vcmcvMjAwMC9zdmciPjwvc3ZnPg==\" style=\"--smush-placeholder-width: 1501px; --smush-placeholder-aspect-ratio: 1501\/1204;\" \/><\/a><\/figure>\n\n\n\n<figure class=\"wp-block-image size-large\"><a href=\"https:\/\/www.meslibellules.fr\/blog\/wp-content\/uploads\/Sarasaeschna-pramoti-femelle-en-vol.webp\"><img decoding=\"async\" width=\"1352\" height=\"1204\" data-id=\"21581\" data-src=\"https:\/\/www.meslibellules.fr\/blog\/wp-content\/uploads\/Sarasaeschna-pramoti-femelle-en-vol.webp\" alt=\"Sarasaeschna pramoti femelle, Tha\u00eflande, Ban Luang, Chon Thong, 05\/06\/2024\" class=\"wp-image-21581 lazyload\" data-srcset=\"https:\/\/www.meslibellules.fr\/blog\/wp-content\/uploads\/Sarasaeschna-pramoti-femelle-en-vol.webp 1352w, https:\/\/www.meslibellules.fr\/blog\/wp-content\/uploads\/Sarasaeschna-pramoti-femelle-en-vol-768x684.webp 768w\" data-sizes=\"(max-width: 1352px) 100vw, 1352px\" src=\"data:image\/svg+xml;base64,PHN2ZyB3aWR0aD0iMSIgaGVpZ2h0PSIxIiB4bWxucz0iaHR0cDovL3d3dy53My5vcmcvMjAwMC9zdmciPjwvc3ZnPg==\" style=\"--smush-placeholder-width: 1352px; --smush-placeholder-aspect-ratio: 1352\/1204;\" \/><\/a><\/figure>\n<figcaption class=\"blocks-gallery-caption wp-element-caption\">Sarasaeschna pramoti\/niisatoi femelle, Tha\u00eflande, Ban Luang, Chon Thong, 05\/06\/2024<\/figcaption><\/figure>\n\n\n\n<p><strong><span style=\"text-decoration: underline;\">\u00c9tymologie<\/span><\/strong><br \/><strong>Sarasaeschna<\/strong>, du japonais <em>sarasa<\/em> qui signifie <em>chintz<\/em>, un tissu de coton imprim\u00e9 de motifs multicolores et brillants et qui se rapporte certainement \u00e0 l&rsquo;habit color\u00e9, h\u00e9liochromique (dont la couleur se modifie avec la lumi\u00e8re) de cet odonate.<br \/>Aeschna est un cas particulier dans l\u2019\u00e9tymologie des noms d\u2019odonates. Il est ici \u00e9crit dans sa version\u00a0<em>corrig\u00e9e<\/em>, et on a, en Europe, l\u2019habitude de l\u2019\u00e9crire sans \u00ab\u00a0c\u00a0\u00bb, la version de Fabricius (1775) qui a cr\u00e9\u00e9 le nom de genre Aeshna.<br \/>On suppose, car il ne l\u2019a pas pr\u00e9cis\u00e9, que Fabricius a form\u00e9 ce nom depuis un mot grec signifiant\u00a0<em>d\u00e9figurer<\/em>\u00a0ou\u00a0<em>ternir<\/em>\u00a0(pourquoi, c\u2019est une autre \u00e9nigme ?) ; mais Fabricius est un puriste et on ne peut expliquer cette absence de \u00ab\u00a0c \u00a0\u00bb que par une erreur de transcription ou une erreur typographique.<br \/>L\u2019absence de ce \u00ab\u00a0c\u00a0\u00bb n\u2019est rest\u00e9e la norme que pour le genre Aeshna et tous les \u00ab\u00a0compos\u00e9s\u00a0\u00bb cr\u00e9\u00e9s \u00e0 l&rsquo;\u00e9poque <em>moderne<\/em> l\u2019ont int\u00e9gr\u00e9.<br \/><br \/><strong>Pramoti<\/strong> est un hommage \u00e0 Pramote Saiwichien qui a longtemps support\u00e9 et particip\u00e9 aux activit\u00e9s entomologiques de Bro. Amnuays Pinratana. Il \u00e9tait \u00e9galement pr\u00e9sident de Do Inthanon [National Park] quand l&rsquo;esp\u00e8ce a \u00e9t\u00e9 d\u00e9couverte.<br \/><br \/>Niisatoi est un hommage \u00e0 Tatsuya Niisato, entomologiste japonais.<\/p>\n\n\n\n<figure class=\"wp-block-image aligncenter size-full is-resized\"><a href=\"https:\/\/www.meslibellules.fr\/blog\/wp-content\/uploads\/Sarasaeschna-pramoti-male-5.webp\"><img decoding=\"async\" width=\"1528\" height=\"1204\" data-src=\"https:\/\/www.meslibellules.fr\/blog\/wp-content\/uploads\/Sarasaeschna-pramoti-male-5.webp\" alt=\"Sarasaeschna pramoti m\u00e2le, Tha\u00eflande, Do Inthanon, Mr Deang\u2019s Shop, 03\/06\/2024\" class=\"wp-image-21586 lazyload\" style=\"--smush-placeholder-width: 1528px; --smush-placeholder-aspect-ratio: 1528\/1204;width:495px;height:auto\" data-srcset=\"https:\/\/www.meslibellules.fr\/blog\/wp-content\/uploads\/Sarasaeschna-pramoti-male-5.webp 1528w, https:\/\/www.meslibellules.fr\/blog\/wp-content\/uploads\/Sarasaeschna-pramoti-male-5-768x605.webp 768w\" data-sizes=\"(max-width: 1528px) 100vw, 1528px\" src=\"data:image\/svg+xml;base64,PHN2ZyB3aWR0aD0iMSIgaGVpZ2h0PSIxIiB4bWxucz0iaHR0cDovL3d3dy53My5vcmcvMjAwMC9zdmciPjwvc3ZnPg==\" \/><\/a><figcaption class=\"wp-element-caption\">Sarasaeschna pramoti m\u00e2le, Tha\u00eflande, Do Inthanon, Mr Deang\u2019s Shop, 03\/06\/2024<\/figcaption><\/figure>\n\n\n\n<div style=\"height:29px\" aria-hidden=\"true\" class=\"wp-block-spacer\"><\/div>\n\n\n\n<p>1- Yey &#8211; <a href=\"https:\/\/www.researchgate.net\/publication\/257326391_Description_of_a_new_species_of_the_genus_Oligoaeschna_Selys_Anisoptera_Aeshnidae_from_Northern_Thailand\">Description of a new species of the genus Oligoaeschna Selys (Anisoptera : Aeshnidae) from Northern Thailand<\/a> &#8211; Chinese J. Entomol. 20: 225-231, 2000<br>2- H. Karube &amp; Wen-Chi Yeh, <a href=\"https:\/\/www.researchgate.net\/publication\/257325875_Sarasaescha_gen_nov_with_descriptions_of_female_S_minuta_Asahina_and_male_penile_structures_of_Linaeschna_Anisoptera_Aeshnidae\">Sarasaescha gen. nov., with descriptions of female S. minuta (Asahina) and male penile structures of Linaeschna (Anisoptera: Aeshnidae)<\/a> &#8211; Tombo XLIII, 2001<\/p>\n\n\n\n<div style=\"height:30px\" aria-hidden=\"true\" class=\"wp-block-spacer\"><\/div>\n\n\n\n<div class=\"wp-block-buttons is-vertical is-layout-flex wp-container-core-buttons-is-layout-16cda065 wp-block-buttons-is-layout-flex\">\n<div class=\"wp-block-button\"><a class=\"wp-block-button__link wp-element-button\" href=\"https:\/\/www.meslibellules.fr\/blog\/libellules-de-thailande\/\">Accueil Tha\u00eflande<\/a><\/div>\n\n\n\n<div class=\"wp-block-button\"><a class=\"wp-block-button__link wp-element-button\" href=\"http:\/\/www.meslibellules.fr\/pagesweb\/divers\/liste-generale-odonates-du-site\/asia-odonates.php\">Liste Asie<\/a><\/div>\n\n\n\n<div class=\"wp-block-button\"><a class=\"wp-block-button__link wp-element-button\" href=\"https:\/\/www.meslibellules.fr\/blog\/\">Accueil<\/a><\/div>\n<\/div>\n","protected":false},"excerpt":{"rendered":"<p>C&rsquo;est en observant un odonate louvoyer entre les grandes herbes d&rsquo;un foss\u00e9 assez profond que Chris Heaivilin a d\u00e9couvert ce tr\u00e8s rare Sarasaeschna pramoti. Il semble qu&rsquo;il n&rsquo;avait pas \u00e9t\u00e9 photographi\u00e9 ou m\u00eame retrouv\u00e9 depuis sa description en 2000, sous le nom de Oligoaeschna pramoti. On ne trouve, sur iNaturalist, que les photos de notre [&hellip;]<\/p>\n","protected":false},"author":1,"featured_media":0,"comment_status":"open","ping_status":"open","sticky":true,"template":"","format":"image","meta":{"site-sidebar-layout":"default","site-content-layout":"","ast-site-content-layout":"default","site-content-style":"default","site-sidebar-style":"default","ast-global-header-display":"","ast-banner-title-visibility":"","ast-main-header-display":"","ast-hfb-above-header-display":"","ast-hfb-below-header-display":"","ast-hfb-mobile-header-display":"","site-post-title":"","ast-breadcrumbs-content":"","ast-featured-img":"","footer-sml-layout":"","ast-disable-related-posts":"","theme-transparent-header-meta":"","adv-header-id-meta":"","stick-header-meta":"","header-above-stick-meta":"","header-main-stick-meta":"","header-below-stick-meta":"","astra-migrate-meta-layouts":"set","ast-page-background-enabled":"default","ast-page-background-meta":{"desktop":{"background-color":"var(--ast-global-color-4)","background-image":"","background-repeat":"repeat","background-position":"center center","background-size":"auto","background-attachment":"scroll","background-type":"","background-media":"","overlay-type":"","overlay-color":"","overlay-opacity":"","overlay-gradient":""},"tablet":{"background-color":"","background-image":"","background-repeat":"repeat","background-position":"center center","background-size":"auto","background-attachment":"scroll","background-type":"","background-media":"","overlay-type":"","overlay-color":"","overlay-opacity":"","overlay-gradient":""},"mobile":{"background-color":"","background-image":"","background-repeat":"repeat","background-position":"center center","background-size":"auto","background-attachment":"scroll","background-type":"","background-media":"","overlay-type":"","overlay-color":"","overlay-opacity":"","overlay-gradient":""}},"ast-content-background-meta":{"desktop":{"background-color":"var(--ast-global-color-5)","background-image":"","background-repeat":"repeat","background-position":"center center","background-size":"auto","background-attachment":"scroll","background-type":"","background-media":"","overlay-type":"","overlay-color":"","overlay-opacity":"","overlay-gradient":""},"tablet":{"background-color":"var(--ast-global-color-5)","background-image":"","background-repeat":"repeat","background-position":"center center","background-size":"auto","background-attachment":"scroll","background-type":"","background-media":"","overlay-type":"","overlay-color":"","overlay-opacity":"","overlay-gradient":""},"mobile":{"background-color":"var(--ast-global-color-5)","background-image":"","background-repeat":"repeat","background-position":"center center","background-size":"auto","background-attachment":"scroll","background-type":"","background-media":"","overlay-type":"","overlay-color":"","overlay-opacity":"","overlay-gradient":""}},"footnotes":""},"categories":[38523,1379],"tags":[],"class_list":["post-21602","post","type-post","status-publish","format-image","hentry","category-aeshnidae-thailande","category-thailande","post_format-post-format-image"],"yoast_head":"<!-- This site is optimized with the Yoast SEO plugin v27.5 - https:\/\/yoast.com\/product\/yoast-seo-wordpress\/ -->\n<title>Sarasaeschna pramoti - Mes Libellules<\/title>\n<meta name=\"description\" content=\"Sarasaeschna pramoti ou Sarasaeschna niisatoi ? en Tha\u00eflande, description, comparaison, taille, habitat, distribution, \u00e9tymologie\" \/>\n<meta name=\"robots\" content=\"index, follow, max-snippet:-1, max-image-preview:large, max-video-preview:-1\" \/>\n<link rel=\"canonical\" href=\"https:\/\/www.meslibellules.fr\/blog\/2024\/09\/18\/sarasaeschna-pramoti\/\" \/>\n<meta property=\"og:locale\" content=\"fr_FR\" \/>\n<meta property=\"og:type\" content=\"article\" \/>\n<meta property=\"og:title\" content=\"Sarasaeschna pramoti - Mes Libellules\" \/>\n<meta property=\"og:description\" content=\"Sarasaeschna pramoti ou Sarasaeschna niisatoi ? en Tha\u00eflande, description, comparaison, taille, habitat, distribution, \u00e9tymologie\" \/>\n<meta property=\"og:url\" content=\"https:\/\/www.meslibellules.fr\/blog\/2024\/09\/18\/sarasaeschna-pramoti\/\" \/>\n<meta property=\"og:site_name\" content=\"Mes Libellules\" \/>\n<meta property=\"article:publisher\" content=\"https:\/\/www.facebook.com\/benoit.guillon.96\/\" \/>\n<meta property=\"article:author\" content=\"https:\/\/www.facebook.com\/benoit.guillon.96\/\" \/>\n<meta property=\"article:published_time\" content=\"2024-09-18T06:23:55+00:00\" \/>\n<meta property=\"article:modified_time\" content=\"2025-01-09T14:23:35+00:00\" \/>\n<meta property=\"og:image\" content=\"https:\/\/www.meslibellules.fr\/blog\/wp-content\/uploads\/Sarasaeschna-pramoti-male-7.webp\" \/>\n\t<meta property=\"og:image:width\" content=\"1787\" \/>\n\t<meta property=\"og:image:height\" content=\"1204\" \/>\n\t<meta property=\"og:image:type\" content=\"image\/webp\" \/>\n<meta name=\"author\" content=\"Beno\u00eet Guillon\" \/>\n<meta name=\"twitter:card\" content=\"summary_large_image\" \/>\n<meta name=\"twitter:label1\" content=\"\u00c9crit par\" \/>\n\t<meta name=\"twitter:data1\" content=\"Beno\u00eet Guillon\" \/>\n\t<meta name=\"twitter:label2\" content=\"Dur\u00e9e de lecture estim\u00e9e\" \/>\n\t<meta name=\"twitter:data2\" content=\"8 minutes\" \/>\n<script type=\"application\/ld+json\" class=\"yoast-schema-graph\">{\"@context\":\"https:\\\/\\\/schema.org\",\"@graph\":[{\"@type\":\"Article\",\"@id\":\"https:\\\/\\\/www.meslibellules.fr\\\/blog\\\/2024\\\/09\\\/18\\\/sarasaeschna-pramoti\\\/#article\",\"isPartOf\":{\"@id\":\"https:\\\/\\\/www.meslibellules.fr\\\/blog\\\/2024\\\/09\\\/18\\\/sarasaeschna-pramoti\\\/\"},\"author\":{\"name\":\"Beno\u00eet Guillon\",\"@id\":\"https:\\\/\\\/www.meslibellules.fr\\\/blog\\\/#\\\/schema\\\/person\\\/9aa3586f9dd053fcf329f43b8b053c77\"},\"headline\":\"Tha\u00eflande &#8211; Sarasaeschna pramoti (Yeh, 2000)\",\"datePublished\":\"2024-09-18T06:23:55+00:00\",\"dateModified\":\"2025-01-09T14:23:35+00:00\",\"mainEntityOfPage\":{\"@id\":\"https:\\\/\\\/www.meslibellules.fr\\\/blog\\\/2024\\\/09\\\/18\\\/sarasaeschna-pramoti\\\/\"},\"wordCount\":989,\"commentCount\":0,\"publisher\":{\"@id\":\"https:\\\/\\\/www.meslibellules.fr\\\/blog\\\/#\\\/schema\\\/person\\\/9aa3586f9dd053fcf329f43b8b053c77\"},\"image\":{\"@id\":\"https:\\\/\\\/www.meslibellules.fr\\\/blog\\\/2024\\\/09\\\/18\\\/sarasaeschna-pramoti\\\/#primaryimage\"},\"thumbnailUrl\":\"https:\\\/\\\/www.meslibellules.fr\\\/blog\\\/wp-content\\\/uploads\\\/Sarasaeschna-pramoti-male-7.webp\",\"articleSection\":[\"Aeshnidae\",\"Tha\u00eflande\"],\"inLanguage\":\"fr-FR\",\"potentialAction\":[{\"@type\":\"CommentAction\",\"name\":\"Comment\",\"target\":[\"https:\\\/\\\/www.meslibellules.fr\\\/blog\\\/2024\\\/09\\\/18\\\/sarasaeschna-pramoti\\\/#respond\"]}]},{\"@type\":\"WebPage\",\"@id\":\"https:\\\/\\\/www.meslibellules.fr\\\/blog\\\/2024\\\/09\\\/18\\\/sarasaeschna-pramoti\\\/\",\"url\":\"https:\\\/\\\/www.meslibellules.fr\\\/blog\\\/2024\\\/09\\\/18\\\/sarasaeschna-pramoti\\\/\",\"name\":\"Sarasaeschna pramoti - Mes Libellules\",\"isPartOf\":{\"@id\":\"https:\\\/\\\/www.meslibellules.fr\\\/blog\\\/#website\"},\"primaryImageOfPage\":{\"@id\":\"https:\\\/\\\/www.meslibellules.fr\\\/blog\\\/2024\\\/09\\\/18\\\/sarasaeschna-pramoti\\\/#primaryimage\"},\"image\":{\"@id\":\"https:\\\/\\\/www.meslibellules.fr\\\/blog\\\/2024\\\/09\\\/18\\\/sarasaeschna-pramoti\\\/#primaryimage\"},\"thumbnailUrl\":\"https:\\\/\\\/www.meslibellules.fr\\\/blog\\\/wp-content\\\/uploads\\\/Sarasaeschna-pramoti-male-7.webp\",\"datePublished\":\"2024-09-18T06:23:55+00:00\",\"dateModified\":\"2025-01-09T14:23:35+00:00\",\"description\":\"Sarasaeschna pramoti ou Sarasaeschna niisatoi ? en Tha\u00eflande, description, comparaison, taille, habitat, distribution, \u00e9tymologie\",\"breadcrumb\":{\"@id\":\"https:\\\/\\\/www.meslibellules.fr\\\/blog\\\/2024\\\/09\\\/18\\\/sarasaeschna-pramoti\\\/#breadcrumb\"},\"inLanguage\":\"fr-FR\",\"potentialAction\":[{\"@type\":\"ReadAction\",\"target\":[\"https:\\\/\\\/www.meslibellules.fr\\\/blog\\\/2024\\\/09\\\/18\\\/sarasaeschna-pramoti\\\/\"]}]},{\"@type\":\"ImageObject\",\"inLanguage\":\"fr-FR\",\"@id\":\"https:\\\/\\\/www.meslibellules.fr\\\/blog\\\/2024\\\/09\\\/18\\\/sarasaeschna-pramoti\\\/#primaryimage\",\"url\":\"https:\\\/\\\/www.meslibellules.fr\\\/blog\\\/wp-content\\\/uploads\\\/Sarasaeschna-pramoti-male-7.webp\",\"contentUrl\":\"https:\\\/\\\/www.meslibellules.fr\\\/blog\\\/wp-content\\\/uploads\\\/Sarasaeschna-pramoti-male-7.webp\"},{\"@type\":\"BreadcrumbList\",\"@id\":\"https:\\\/\\\/www.meslibellules.fr\\\/blog\\\/2024\\\/09\\\/18\\\/sarasaeschna-pramoti\\\/#breadcrumb\",\"itemListElement\":[{\"@type\":\"ListItem\",\"position\":1,\"name\":\"Accueil\",\"item\":\"https:\\\/\\\/www.meslibellules.fr\\\/blog\\\/\"},{\"@type\":\"ListItem\",\"position\":2,\"name\":\"Tha\u00eflande &#8211; Sarasaeschna pramoti (Yeh, 2000)\"}]},{\"@type\":\"WebSite\",\"@id\":\"https:\\\/\\\/www.meslibellules.fr\\\/blog\\\/#website\",\"url\":\"https:\\\/\\\/www.meslibellules.fr\\\/blog\\\/\",\"name\":\"Mes Libellules\",\"description\":\"Pr\u00e9sentation des libellules rencontr\u00e9es dans le monde\",\"publisher\":{\"@id\":\"https:\\\/\\\/www.meslibellules.fr\\\/blog\\\/#\\\/schema\\\/person\\\/9aa3586f9dd053fcf329f43b8b053c77\"},\"potentialAction\":[{\"@type\":\"SearchAction\",\"target\":{\"@type\":\"EntryPoint\",\"urlTemplate\":\"https:\\\/\\\/www.meslibellules.fr\\\/blog\\\/?s={search_term_string}\"},\"query-input\":{\"@type\":\"PropertyValueSpecification\",\"valueRequired\":true,\"valueName\":\"search_term_string\"}}],\"inLanguage\":\"fr-FR\"},{\"@type\":[\"Person\",\"Organization\"],\"@id\":\"https:\\\/\\\/www.meslibellules.fr\\\/blog\\\/#\\\/schema\\\/person\\\/9aa3586f9dd053fcf329f43b8b053c77\",\"name\":\"Beno\u00eet Guillon\",\"image\":{\"@type\":\"ImageObject\",\"inLanguage\":\"fr-FR\",\"@id\":\"https:\\\/\\\/www.meslibellules.fr\\\/blog\\\/wp-content\\\/uploads\\\/cropped-avatar-150-pix.jpg\",\"url\":\"https:\\\/\\\/www.meslibellules.fr\\\/blog\\\/wp-content\\\/uploads\\\/cropped-avatar-150-pix.jpg\",\"contentUrl\":\"https:\\\/\\\/www.meslibellules.fr\\\/blog\\\/wp-content\\\/uploads\\\/cropped-avatar-150-pix.jpg\",\"width\":150,\"height\":137,\"caption\":\"Beno\u00eet Guillon\"},\"logo\":{\"@id\":\"https:\\\/\\\/www.meslibellules.fr\\\/blog\\\/wp-content\\\/uploads\\\/cropped-avatar-150-pix.jpg\"},\"sameAs\":[\"https:\\\/\\\/www.facebook.com\\\/benoit.guillon.96\\\/\"]}]}<\/script>\n<!-- \/ Yoast SEO plugin. -->","yoast_head_json":{"title":"Sarasaeschna pramoti - Mes Libellules","description":"Sarasaeschna pramoti ou Sarasaeschna niisatoi ? en Tha\u00eflande, description, comparaison, taille, habitat, distribution, \u00e9tymologie","robots":{"index":"index","follow":"follow","max-snippet":"max-snippet:-1","max-image-preview":"max-image-preview:large","max-video-preview":"max-video-preview:-1"},"canonical":"https:\/\/www.meslibellules.fr\/blog\/2024\/09\/18\/sarasaeschna-pramoti\/","og_locale":"fr_FR","og_type":"article","og_title":"Sarasaeschna pramoti - Mes Libellules","og_description":"Sarasaeschna pramoti ou Sarasaeschna niisatoi ? en Tha\u00eflande, description, comparaison, taille, habitat, distribution, \u00e9tymologie","og_url":"https:\/\/www.meslibellules.fr\/blog\/2024\/09\/18\/sarasaeschna-pramoti\/","og_site_name":"Mes Libellules","article_publisher":"https:\/\/www.facebook.com\/benoit.guillon.96\/","article_author":"https:\/\/www.facebook.com\/benoit.guillon.96\/","article_published_time":"2024-09-18T06:23:55+00:00","article_modified_time":"2025-01-09T14:23:35+00:00","og_image":[{"width":1787,"height":1204,"url":"https:\/\/www.meslibellules.fr\/blog\/wp-content\/uploads\/Sarasaeschna-pramoti-male-7.webp","type":"image\/webp"}],"author":"Beno\u00eet Guillon","twitter_card":"summary_large_image","twitter_misc":{"\u00c9crit par":"Beno\u00eet Guillon","Dur\u00e9e de lecture estim\u00e9e":"8 minutes"},"schema":{"@context":"https:\/\/schema.org","@graph":[{"@type":"Article","@id":"https:\/\/www.meslibellules.fr\/blog\/2024\/09\/18\/sarasaeschna-pramoti\/#article","isPartOf":{"@id":"https:\/\/www.meslibellules.fr\/blog\/2024\/09\/18\/sarasaeschna-pramoti\/"},"author":{"name":"Beno\u00eet Guillon","@id":"https:\/\/www.meslibellules.fr\/blog\/#\/schema\/person\/9aa3586f9dd053fcf329f43b8b053c77"},"headline":"Tha\u00eflande &#8211; Sarasaeschna pramoti (Yeh, 2000)","datePublished":"2024-09-18T06:23:55+00:00","dateModified":"2025-01-09T14:23:35+00:00","mainEntityOfPage":{"@id":"https:\/\/www.meslibellules.fr\/blog\/2024\/09\/18\/sarasaeschna-pramoti\/"},"wordCount":989,"commentCount":0,"publisher":{"@id":"https:\/\/www.meslibellules.fr\/blog\/#\/schema\/person\/9aa3586f9dd053fcf329f43b8b053c77"},"image":{"@id":"https:\/\/www.meslibellules.fr\/blog\/2024\/09\/18\/sarasaeschna-pramoti\/#primaryimage"},"thumbnailUrl":"https:\/\/www.meslibellules.fr\/blog\/wp-content\/uploads\/Sarasaeschna-pramoti-male-7.webp","articleSection":["Aeshnidae","Tha\u00eflande"],"inLanguage":"fr-FR","potentialAction":[{"@type":"CommentAction","name":"Comment","target":["https:\/\/www.meslibellules.fr\/blog\/2024\/09\/18\/sarasaeschna-pramoti\/#respond"]}]},{"@type":"WebPage","@id":"https:\/\/www.meslibellules.fr\/blog\/2024\/09\/18\/sarasaeschna-pramoti\/","url":"https:\/\/www.meslibellules.fr\/blog\/2024\/09\/18\/sarasaeschna-pramoti\/","name":"Sarasaeschna pramoti - Mes Libellules","isPartOf":{"@id":"https:\/\/www.meslibellules.fr\/blog\/#website"},"primaryImageOfPage":{"@id":"https:\/\/www.meslibellules.fr\/blog\/2024\/09\/18\/sarasaeschna-pramoti\/#primaryimage"},"image":{"@id":"https:\/\/www.meslibellules.fr\/blog\/2024\/09\/18\/sarasaeschna-pramoti\/#primaryimage"},"thumbnailUrl":"https:\/\/www.meslibellules.fr\/blog\/wp-content\/uploads\/Sarasaeschna-pramoti-male-7.webp","datePublished":"2024-09-18T06:23:55+00:00","dateModified":"2025-01-09T14:23:35+00:00","description":"Sarasaeschna pramoti ou Sarasaeschna niisatoi ? en Tha\u00eflande, description, comparaison, taille, habitat, distribution, \u00e9tymologie","breadcrumb":{"@id":"https:\/\/www.meslibellules.fr\/blog\/2024\/09\/18\/sarasaeschna-pramoti\/#breadcrumb"},"inLanguage":"fr-FR","potentialAction":[{"@type":"ReadAction","target":["https:\/\/www.meslibellules.fr\/blog\/2024\/09\/18\/sarasaeschna-pramoti\/"]}]},{"@type":"ImageObject","inLanguage":"fr-FR","@id":"https:\/\/www.meslibellules.fr\/blog\/2024\/09\/18\/sarasaeschna-pramoti\/#primaryimage","url":"https:\/\/www.meslibellules.fr\/blog\/wp-content\/uploads\/Sarasaeschna-pramoti-male-7.webp","contentUrl":"https:\/\/www.meslibellules.fr\/blog\/wp-content\/uploads\/Sarasaeschna-pramoti-male-7.webp"},{"@type":"BreadcrumbList","@id":"https:\/\/www.meslibellules.fr\/blog\/2024\/09\/18\/sarasaeschna-pramoti\/#breadcrumb","itemListElement":[{"@type":"ListItem","position":1,"name":"Accueil","item":"https:\/\/www.meslibellules.fr\/blog\/"},{"@type":"ListItem","position":2,"name":"Tha\u00eflande &#8211; Sarasaeschna pramoti (Yeh, 2000)"}]},{"@type":"WebSite","@id":"https:\/\/www.meslibellules.fr\/blog\/#website","url":"https:\/\/www.meslibellules.fr\/blog\/","name":"Mes Libellules","description":"Pr\u00e9sentation des libellules rencontr\u00e9es dans le monde","publisher":{"@id":"https:\/\/www.meslibellules.fr\/blog\/#\/schema\/person\/9aa3586f9dd053fcf329f43b8b053c77"},"potentialAction":[{"@type":"SearchAction","target":{"@type":"EntryPoint","urlTemplate":"https:\/\/www.meslibellules.fr\/blog\/?s={search_term_string}"},"query-input":{"@type":"PropertyValueSpecification","valueRequired":true,"valueName":"search_term_string"}}],"inLanguage":"fr-FR"},{"@type":["Person","Organization"],"@id":"https:\/\/www.meslibellules.fr\/blog\/#\/schema\/person\/9aa3586f9dd053fcf329f43b8b053c77","name":"Beno\u00eet Guillon","image":{"@type":"ImageObject","inLanguage":"fr-FR","@id":"https:\/\/www.meslibellules.fr\/blog\/wp-content\/uploads\/cropped-avatar-150-pix.jpg","url":"https:\/\/www.meslibellules.fr\/blog\/wp-content\/uploads\/cropped-avatar-150-pix.jpg","contentUrl":"https:\/\/www.meslibellules.fr\/blog\/wp-content\/uploads\/cropped-avatar-150-pix.jpg","width":150,"height":137,"caption":"Beno\u00eet Guillon"},"logo":{"@id":"https:\/\/www.meslibellules.fr\/blog\/wp-content\/uploads\/cropped-avatar-150-pix.jpg"},"sameAs":["https:\/\/www.facebook.com\/benoit.guillon.96\/"]}]}},"_links":{"self":[{"href":"https:\/\/www.meslibellules.fr\/blog\/wp-json\/wp\/v2\/posts\/21602","targetHints":{"allow":["GET"]}}],"collection":[{"href":"https:\/\/www.meslibellules.fr\/blog\/wp-json\/wp\/v2\/posts"}],"about":[{"href":"https:\/\/www.meslibellules.fr\/blog\/wp-json\/wp\/v2\/types\/post"}],"author":[{"embeddable":true,"href":"https:\/\/www.meslibellules.fr\/blog\/wp-json\/wp\/v2\/users\/1"}],"replies":[{"embeddable":true,"href":"https:\/\/www.meslibellules.fr\/blog\/wp-json\/wp\/v2\/comments?post=21602"}],"version-history":[{"count":0,"href":"https:\/\/www.meslibellules.fr\/blog\/wp-json\/wp\/v2\/posts\/21602\/revisions"}],"wp:attachment":[{"href":"https:\/\/www.meslibellules.fr\/blog\/wp-json\/wp\/v2\/media?parent=21602"}],"wp:term":[{"taxonomy":"category","embeddable":true,"href":"https:\/\/www.meslibellules.fr\/blog\/wp-json\/wp\/v2\/categories?post=21602"},{"taxonomy":"post_tag","embeddable":true,"href":"https:\/\/www.meslibellules.fr\/blog\/wp-json\/wp\/v2\/tags?post=21602"}],"curies":[{"name":"wp","href":"https:\/\/api.w.org\/{rel}","templated":true}]}}