{"id":2175,"date":"2019-02-01T07:24:30","date_gmt":"2019-02-01T06:24:30","guid":{"rendered":"http:\/\/www.meslibellules.fr\/blog\/?p=2175"},"modified":"2026-01-06T20:57:38","modified_gmt":"2026-01-06T19:57:38","slug":"vietnam-2018-protosticta-spinosa","status":"publish","type":"post","link":"https:\/\/www.meslibellules.fr\/blog\/2019\/02\/01\/vietnam-2018-protosticta-spinosa\/","title":{"rendered":"Vietnam 2018 &#8211; Protosticta spinosa (Phan &#038; Kompier, 2016)"},"content":{"rendered":"\n<figure class=\"wp-block-image aligncenter is-resized\"><a href=\"https:\/\/www.meslibellules.fr\/blog\/wp-content\/uploads\/2019\/01\/protosticta-spinosa.jpg\"><img decoding=\"async\" width=\"1040\" height=\"1204\" data-src=\"https:\/\/www.meslibellules.fr\/blog\/wp-content\/uploads\/2019\/01\/protosticta-spinosa.jpg\" alt=\"Protosticta spinosa femelle, Vietnam, Khau Pha, 10\/06\/2018\" class=\"wp-image-2174 lazyload\" style=\"--smush-placeholder-width: 1040px; --smush-placeholder-aspect-ratio: 1040\/1204;aspect-ratio:0.8638114362840307;width:424px;height:auto\" data-srcset=\"https:\/\/www.meslibellules.fr\/blog\/wp-content\/uploads\/2019\/01\/protosticta-spinosa.jpg 1040w, https:\/\/www.meslibellules.fr\/blog\/wp-content\/uploads\/2019\/01\/protosticta-spinosa-768x889.jpg 768w\" data-sizes=\"(max-width: 1040px) 100vw, 1040px\" src=\"data:image\/svg+xml;base64,PHN2ZyB3aWR0aD0iMSIgaGVpZ2h0PSIxIiB4bWxucz0iaHR0cDovL3d3dy53My5vcmcvMjAwMC9zdmciPjwvc3ZnPg==\" \/><\/a><figcaption class=\"wp-element-caption\">               Protosticta spinosa femelle, Vietnam, Khau Pha, 10\/06\/2018<\/figcaption><\/figure>\n\n\n\n<p style=\"font-size:14px\">Protosticta spinosa (Plastyctidae) est un des 9 Protosticta du Vietnam depuis sa description dans \u00ab\u00a0<a href=\"https:\/\/www.researchgate.net\/publication\/300346245_A_study_of_the_genus_Protosticta_Selys_1855_with_descriptions_of_four_new_species_from_Vietnam_Odonata_Platystictidae#fullTextFileContent\">A study of the genus Protosticta Selys, 1855, with descriptions of four new species from Vietnam (Odonata: Platystictidae)<\/a>\u00ab\u00a0, par Phan &amp; Kompier en 2016. Les auteurs y expliquent que le nom d&rsquo;esp\u00e8ce souligne la forte \u00e9pine port\u00e9e par le m\u00e2le sur les cerques. Malheureusement, nous n&rsquo;avons pas rencontr\u00e9 de m\u00e2le.<\/p>\n\n\n\n<figure class=\"wp-block-image aligncenter is-resized\"><a href=\"https:\/\/www.meslibellules.fr\/blog\/wp-content\/uploads\/2019\/01\/protosticta-spinosa-femelle-2.jpg\"><img decoding=\"async\" width=\"1038\" height=\"1204\" data-src=\"https:\/\/www.meslibellules.fr\/blog\/wp-content\/uploads\/2019\/01\/protosticta-spinosa-femelle-2.jpg\" alt=\"Protosticta spinosa femelle, Vietnam, Khau Pha, 10\/06\/2018\" class=\"wp-image-2181 lazyload\" style=\"--smush-placeholder-width: 1038px; --smush-placeholder-aspect-ratio: 1038\/1204;aspect-ratio:0.8621378769262653;width:438px;height:auto\" data-srcset=\"https:\/\/www.meslibellules.fr\/blog\/wp-content\/uploads\/2019\/01\/protosticta-spinosa-femelle-2.jpg 1038w, https:\/\/www.meslibellules.fr\/blog\/wp-content\/uploads\/2019\/01\/protosticta-spinosa-femelle-2-768x891.jpg 768w\" data-sizes=\"(max-width: 1038px) 100vw, 1038px\" src=\"data:image\/svg+xml;base64,PHN2ZyB3aWR0aD0iMSIgaGVpZ2h0PSIxIiB4bWxucz0iaHR0cDovL3d3dy53My5vcmcvMjAwMC9zdmciPjwvc3ZnPg==\" \/><\/a><figcaption class=\"wp-element-caption\">Protosticta spinosa femelle, Vietnam, Khau Pha, 10\/06\/2018<\/figcaption><\/figure>\n\n\n\n<p style=\"font-size:14px\">Elle se distingue des autres Protosticta par cette tache claire sous le 8\u00b0 segment abdominal, alors que les trois derniers segments sont noirs.<br>Nous l&rsquo;avons trouv\u00e9 en limite de for\u00eat, \u00e0 quelques dizaines de m\u00e8tres d&rsquo;une rivi\u00e8re.<br>La femelle mesure environ 44 mm et l&rsquo;esp\u00e8ce n&rsquo;est actuellement connue qu&rsquo;au Nord Vietnam.<br><a href=\"https:\/\/www.iucnredlist.org\/species\/173721301\/173775460\">IUCN Red List<\/a><br><\/p>\n\n\n\n<figure class=\"wp-block-image aligncenter is-resized\"><a href=\"https:\/\/www.meslibellules.fr\/blog\/wp-content\/uploads\/2019\/01\/protosticta-spinosa-femelle-3.jpg\"><img decoding=\"async\" width=\"977\" height=\"1204\" data-src=\"https:\/\/www.meslibellules.fr\/blog\/wp-content\/uploads\/2019\/01\/protosticta-spinosa-femelle-3.jpg\" alt=\"Protosticta spinosa femelle, Vietnam, Khau Pha, 10\/06\/2018\" class=\"wp-image-2182 lazyload\" style=\"--smush-placeholder-width: 977px; --smush-placeholder-aspect-ratio: 977\/1204;aspect-ratio:0.8114698137130596;width:422px;height:auto\" data-srcset=\"https:\/\/www.meslibellules.fr\/blog\/wp-content\/uploads\/2019\/01\/protosticta-spinosa-femelle-3.jpg 977w, https:\/\/www.meslibellules.fr\/blog\/wp-content\/uploads\/2019\/01\/protosticta-spinosa-femelle-3-768x946.jpg 768w\" data-sizes=\"(max-width: 977px) 100vw, 977px\" src=\"data:image\/svg+xml;base64,PHN2ZyB3aWR0aD0iMSIgaGVpZ2h0PSIxIiB4bWxucz0iaHR0cDovL3d3dy53My5vcmcvMjAwMC9zdmciPjwvc3ZnPg==\" \/><\/a><figcaption class=\"wp-element-caption\">P. spinosa femelle, Vietnam, Khau Pha, 10\/06\/2018<\/figcaption><\/figure>\n\n\n\n<p><strong>\u00c9tymologie<\/strong><br><strong>Protosticta\u00a0<\/strong>(Selys, 1885), du grec\u00a0<em>protos<\/em>,\u00a0<em>premier<\/em>\u00a0et de\u00a0<em>sticta<\/em>, forme latinis\u00e9e du grec\u00a0<em>stiktos<\/em>, pour\u00a0<em>tatou\u00e9, marqu\u00e9<\/em>, bien qu\u2019il ne faille certainement pas y chercher un sens particulier se rapportant \u00e0 une ou des marques sp\u00e9cifiques, mais plut\u00f4t l\u2019appartenance \u00e0 un famille d\u2019insectes d\u2019apparence voisine : Platysticta, Drepanosticta, Isosticta, Ceylonosticta, Sinosticta, Sulcosticta, Telosticta, Yunnanosticta, tous membres des Platystictidae. Selys dans \u00ab\u00a0<em>Programme d\u2019une revision des Agrionines<\/em>\u00a0\u00bb (4) dans lequel il cr\u00e9e ce nouveau genre, pr\u00e9cise qu\u2019il est tr\u00e8s proche, mais sans doute ant\u00e9rieur (<em>premier<\/em>\u00a0dans l\u2019\u00e9volution) aux Platysticta, car on note \u00ab\u00a0<em>l\u2019absence de rudiment du secteur inf\u00e9rieur du triangle<\/em>\u00ab\u00a0. Il est \u00e9vident que \u00ab\u00a0sticta\u00a0\u00bb s\u2019est s\u00fbrement rapport\u00e9, \u00e0 l\u2019origine, \u00e0 un d\u00e9tail de coloration particulier, pour un de ces genres, mais j\u2019ignore lequel\u2026<br><strong>Spinosa<\/strong>, du latin spinosus, qui signifie dot\u00e9 d&rsquo;\u00e9pine ou piquant et se rapporte au cerques du m\u00e2le, comme mentionn\u00e9 plus haut.<\/p>\n\n\n\n<div style=\"height:29px\" aria-hidden=\"true\" class=\"wp-block-spacer\"><\/div>\n\n\n\n<p style=\"font-size:13px\"><strong>Selys, 1885<\/strong> &#8211; <a href=\"https:\/\/books.google.fr\/books?id=pCQqAAAAYAAJ&amp;pg=PA1&amp;hl=fr&amp;source=gbs_selected_pages&amp;cad=1#v=onepage&amp;q&amp;f=false\">Programme d\u2019une revision desAgrionines<\/a>. Annales de la Soci\u00e9t\u00e9 Entomologique de Belgique,29, 141\u2013146<\/p>\n\n\n\n<div style=\"height:30px\" aria-hidden=\"true\" class=\"wp-block-spacer\"><\/div>\n\n\n\n\n\n<div class=\"wp-block-buttons is-vertical is-layout-flex wp-container-core-buttons-is-layout-fe9cc265 wp-block-buttons-is-layout-flex\">\n<div class=\"wp-block-button\"><a class=\"wp-block-button__link wp-element-button\" href=\"https:\/\/www.meslibellules.fr\/blog\/odonates-du-vietnam-2012-2018\/\">Accueil Vietnam<\/a><\/div>\n\n\n\n<div class=\"wp-block-button\"><a class=\"wp-block-button__link wp-element-button\" href=\"http:\/\/www.meslibellules.fr\/pagesweb\/divers\/liste-generale-odonates-du-site\/asia-odonates.php\">Liste Asie<\/a><\/div>\n\n\n\n<div class=\"wp-block-button\"><a class=\"wp-block-button__link wp-element-button\" href=\"https:\/\/www.meslibellules.fr\/blog\/\">Accueil<\/a><\/div>\n<\/div>\n","protected":false},"excerpt":{"rendered":"<p>Protosticta spinosa (Plastyctidae) est un des 9 Protosticta du Vietnam depuis sa description dans \u00ab\u00a0A study of the genus Protosticta Selys, 1855, with descriptions of four new species from Vietnam (Odonata: Platystictidae)\u00ab\u00a0, par Phan &amp; Kompier en 2016. Les auteurs y expliquent que le nom d&rsquo;esp\u00e8ce souligne la forte \u00e9pine port\u00e9e par le m\u00e2le sur [&hellip;]<\/p>\n","protected":false},"author":1,"featured_media":0,"comment_status":"open","ping_status":"open","sticky":false,"template":"","format":"image","meta":{"site-sidebar-layout":"default","site-content-layout":"","ast-site-content-layout":"default","site-content-style":"default","site-sidebar-style":"default","ast-global-header-display":"","ast-banner-title-visibility":"","ast-main-header-display":"","ast-hfb-above-header-display":"","ast-hfb-below-header-display":"","ast-hfb-mobile-header-display":"","site-post-title":"","ast-breadcrumbs-content":"","ast-featured-img":"","footer-sml-layout":"","ast-disable-related-posts":"","theme-transparent-header-meta":"","adv-header-id-meta":"","stick-header-meta":"","header-above-stick-meta":"","header-main-stick-meta":"","header-below-stick-meta":"","astra-migrate-meta-layouts":"set","ast-page-background-enabled":"default","ast-page-background-meta":{"desktop":{"background-color":"var(--ast-global-color-4)","background-image":"","background-repeat":"repeat","background-position":"center center","background-size":"auto","background-attachment":"scroll","background-type":"","background-media":"","overlay-type":"","overlay-color":"","overlay-opacity":"","overlay-gradient":""},"tablet":{"background-color":"","background-image":"","background-repeat":"repeat","background-position":"center center","background-size":"auto","background-attachment":"scroll","background-type":"","background-media":"","overlay-type":"","overlay-color":"","overlay-opacity":"","overlay-gradient":""},"mobile":{"background-color":"","background-image":"","background-repeat":"repeat","background-position":"center center","background-size":"auto","background-attachment":"scroll","background-type":"","background-media":"","overlay-type":"","overlay-color":"","overlay-opacity":"","overlay-gradient":""}},"ast-content-background-meta":{"desktop":{"background-color":"var(--ast-global-color-5)","background-image":"","background-repeat":"repeat","background-position":"center center","background-size":"auto","background-attachment":"scroll","background-type":"","background-media":"","overlay-type":"","overlay-color":"","overlay-opacity":"","overlay-gradient":""},"tablet":{"background-color":"var(--ast-global-color-5)","background-image":"","background-repeat":"repeat","background-position":"center center","background-size":"auto","background-attachment":"scroll","background-type":"","background-media":"","overlay-type":"","overlay-color":"","overlay-opacity":"","overlay-gradient":""},"mobile":{"background-color":"var(--ast-global-color-5)","background-image":"","background-repeat":"repeat","background-position":"center center","background-size":"auto","background-attachment":"scroll","background-type":"","background-media":"","overlay-type":"","overlay-color":"","overlay-opacity":"","overlay-gradient":""}},"footnotes":""},"categories":[28,54],"tags":[],"class_list":["post-2175","post","type-post","status-publish","format-image","hentry","category-plastystictidae","category-vietnam","post_format-post-format-image"],"yoast_head":"<!-- This site is optimized with the Yoast SEO plugin v27.4 - https:\/\/yoast.com\/product\/yoast-seo-wordpress\/ -->\n<title>Protosticta spinosa - Mes Libellules<\/title>\n<meta name=\"description\" content=\"Protosticta spinosa femelle au Vietnam, description, identification, distribution g\u00e9ographique, \u00e9tymologie, taille\" \/>\n<meta name=\"robots\" content=\"index, follow, max-snippet:-1, max-image-preview:large, max-video-preview:-1\" \/>\n<link rel=\"canonical\" href=\"https:\/\/www.meslibellules.fr\/blog\/2019\/02\/01\/vietnam-2018-protosticta-spinosa\/\" \/>\n<meta property=\"og:locale\" content=\"fr_FR\" \/>\n<meta property=\"og:type\" content=\"article\" \/>\n<meta property=\"og:title\" content=\"Protosticta spinosa - Mes Libellules\" \/>\n<meta property=\"og:description\" content=\"Protosticta spinosa femelle au Vietnam, description, identification, distribution g\u00e9ographique, \u00e9tymologie, taille\" \/>\n<meta property=\"og:url\" content=\"https:\/\/www.meslibellules.fr\/blog\/2019\/02\/01\/vietnam-2018-protosticta-spinosa\/\" \/>\n<meta property=\"og:site_name\" content=\"Mes Libellules\" \/>\n<meta property=\"article:publisher\" content=\"https:\/\/www.facebook.com\/benoit.guillon.96\/\" \/>\n<meta property=\"article:author\" content=\"https:\/\/www.facebook.com\/benoit.guillon.96\/\" \/>\n<meta property=\"article:published_time\" content=\"2019-02-01T06:24:30+00:00\" \/>\n<meta property=\"article:modified_time\" content=\"2026-01-06T19:57:38+00:00\" \/>\n<meta property=\"og:image\" content=\"http:\/\/www.meslibellules.fr\/blog\/wp-content\/uploads\/2019\/01\/protosticta-spinosa.jpg\" \/>\n<meta name=\"author\" content=\"Beno\u00eet Guillon\" \/>\n<meta name=\"twitter:card\" content=\"summary_large_image\" \/>\n<meta name=\"twitter:label1\" content=\"\u00c9crit par\" \/>\n\t<meta name=\"twitter:data1\" content=\"Beno\u00eet Guillon\" \/>\n\t<meta name=\"twitter:label2\" content=\"Dur\u00e9e de lecture estim\u00e9e\" \/>\n\t<meta name=\"twitter:data2\" content=\"5 minutes\" \/>\n<script type=\"application\/ld+json\" class=\"yoast-schema-graph\">{\"@context\":\"https:\\\/\\\/schema.org\",\"@graph\":[{\"@type\":\"Article\",\"@id\":\"https:\\\/\\\/www.meslibellules.fr\\\/blog\\\/2019\\\/02\\\/01\\\/vietnam-2018-protosticta-spinosa\\\/#article\",\"isPartOf\":{\"@id\":\"https:\\\/\\\/www.meslibellules.fr\\\/blog\\\/2019\\\/02\\\/01\\\/vietnam-2018-protosticta-spinosa\\\/\"},\"author\":{\"name\":\"Beno\u00eet Guillon\",\"@id\":\"https:\\\/\\\/www.meslibellules.fr\\\/blog\\\/#\\\/schema\\\/person\\\/9aa3586f9dd053fcf329f43b8b053c77\"},\"headline\":\"Vietnam 2018 &#8211; Protosticta spinosa (Phan &#038; Kompier, 2016)\",\"datePublished\":\"2019-02-01T06:24:30+00:00\",\"dateModified\":\"2026-01-06T19:57:38+00:00\",\"mainEntityOfPage\":{\"@id\":\"https:\\\/\\\/www.meslibellules.fr\\\/blog\\\/2019\\\/02\\\/01\\\/vietnam-2018-protosticta-spinosa\\\/\"},\"wordCount\":327,\"commentCount\":0,\"publisher\":{\"@id\":\"https:\\\/\\\/www.meslibellules.fr\\\/blog\\\/#\\\/schema\\\/person\\\/9aa3586f9dd053fcf329f43b8b053c77\"},\"image\":{\"@id\":\"https:\\\/\\\/www.meslibellules.fr\\\/blog\\\/2019\\\/02\\\/01\\\/vietnam-2018-protosticta-spinosa\\\/#primaryimage\"},\"thumbnailUrl\":\"http:\\\/\\\/www.meslibellules.fr\\\/blog\\\/wp-content\\\/uploads\\\/2019\\\/01\\\/protosticta-spinosa.jpg\",\"articleSection\":[\"Plastystictidae\",\"Vietnam\"],\"inLanguage\":\"fr-FR\",\"potentialAction\":[{\"@type\":\"CommentAction\",\"name\":\"Comment\",\"target\":[\"https:\\\/\\\/www.meslibellules.fr\\\/blog\\\/2019\\\/02\\\/01\\\/vietnam-2018-protosticta-spinosa\\\/#respond\"]}]},{\"@type\":\"WebPage\",\"@id\":\"https:\\\/\\\/www.meslibellules.fr\\\/blog\\\/2019\\\/02\\\/01\\\/vietnam-2018-protosticta-spinosa\\\/\",\"url\":\"https:\\\/\\\/www.meslibellules.fr\\\/blog\\\/2019\\\/02\\\/01\\\/vietnam-2018-protosticta-spinosa\\\/\",\"name\":\"Protosticta spinosa - Mes Libellules\",\"isPartOf\":{\"@id\":\"https:\\\/\\\/www.meslibellules.fr\\\/blog\\\/#website\"},\"primaryImageOfPage\":{\"@id\":\"https:\\\/\\\/www.meslibellules.fr\\\/blog\\\/2019\\\/02\\\/01\\\/vietnam-2018-protosticta-spinosa\\\/#primaryimage\"},\"image\":{\"@id\":\"https:\\\/\\\/www.meslibellules.fr\\\/blog\\\/2019\\\/02\\\/01\\\/vietnam-2018-protosticta-spinosa\\\/#primaryimage\"},\"thumbnailUrl\":\"http:\\\/\\\/www.meslibellules.fr\\\/blog\\\/wp-content\\\/uploads\\\/2019\\\/01\\\/protosticta-spinosa.jpg\",\"datePublished\":\"2019-02-01T06:24:30+00:00\",\"dateModified\":\"2026-01-06T19:57:38+00:00\",\"description\":\"Protosticta spinosa femelle au Vietnam, description, identification, distribution g\u00e9ographique, \u00e9tymologie, taille\",\"breadcrumb\":{\"@id\":\"https:\\\/\\\/www.meslibellules.fr\\\/blog\\\/2019\\\/02\\\/01\\\/vietnam-2018-protosticta-spinosa\\\/#breadcrumb\"},\"inLanguage\":\"fr-FR\",\"potentialAction\":[{\"@type\":\"ReadAction\",\"target\":[\"https:\\\/\\\/www.meslibellules.fr\\\/blog\\\/2019\\\/02\\\/01\\\/vietnam-2018-protosticta-spinosa\\\/\"]}]},{\"@type\":\"ImageObject\",\"inLanguage\":\"fr-FR\",\"@id\":\"https:\\\/\\\/www.meslibellules.fr\\\/blog\\\/2019\\\/02\\\/01\\\/vietnam-2018-protosticta-spinosa\\\/#primaryimage\",\"url\":\"http:\\\/\\\/www.meslibellules.fr\\\/blog\\\/wp-content\\\/uploads\\\/2019\\\/01\\\/protosticta-spinosa.jpg\",\"contentUrl\":\"http:\\\/\\\/www.meslibellules.fr\\\/blog\\\/wp-content\\\/uploads\\\/2019\\\/01\\\/protosticta-spinosa.jpg\"},{\"@type\":\"BreadcrumbList\",\"@id\":\"https:\\\/\\\/www.meslibellules.fr\\\/blog\\\/2019\\\/02\\\/01\\\/vietnam-2018-protosticta-spinosa\\\/#breadcrumb\",\"itemListElement\":[{\"@type\":\"ListItem\",\"position\":1,\"name\":\"Accueil\",\"item\":\"https:\\\/\\\/www.meslibellules.fr\\\/blog\\\/\"},{\"@type\":\"ListItem\",\"position\":2,\"name\":\"Vietnam 2018 &#8211; Protosticta spinosa (Phan &#038; Kompier, 2016)\"}]},{\"@type\":\"WebSite\",\"@id\":\"https:\\\/\\\/www.meslibellules.fr\\\/blog\\\/#website\",\"url\":\"https:\\\/\\\/www.meslibellules.fr\\\/blog\\\/\",\"name\":\"Mes Libellules\",\"description\":\"Pr\u00e9sentation des libellules rencontr\u00e9es dans le monde\",\"publisher\":{\"@id\":\"https:\\\/\\\/www.meslibellules.fr\\\/blog\\\/#\\\/schema\\\/person\\\/9aa3586f9dd053fcf329f43b8b053c77\"},\"potentialAction\":[{\"@type\":\"SearchAction\",\"target\":{\"@type\":\"EntryPoint\",\"urlTemplate\":\"https:\\\/\\\/www.meslibellules.fr\\\/blog\\\/?s={search_term_string}\"},\"query-input\":{\"@type\":\"PropertyValueSpecification\",\"valueRequired\":true,\"valueName\":\"search_term_string\"}}],\"inLanguage\":\"fr-FR\"},{\"@type\":[\"Person\",\"Organization\"],\"@id\":\"https:\\\/\\\/www.meslibellules.fr\\\/blog\\\/#\\\/schema\\\/person\\\/9aa3586f9dd053fcf329f43b8b053c77\",\"name\":\"Beno\u00eet Guillon\",\"image\":{\"@type\":\"ImageObject\",\"inLanguage\":\"fr-FR\",\"@id\":\"https:\\\/\\\/www.meslibellules.fr\\\/blog\\\/wp-content\\\/uploads\\\/cropped-avatar-150-pix.jpg\",\"url\":\"https:\\\/\\\/www.meslibellules.fr\\\/blog\\\/wp-content\\\/uploads\\\/cropped-avatar-150-pix.jpg\",\"contentUrl\":\"https:\\\/\\\/www.meslibellules.fr\\\/blog\\\/wp-content\\\/uploads\\\/cropped-avatar-150-pix.jpg\",\"width\":150,\"height\":137,\"caption\":\"Beno\u00eet Guillon\"},\"logo\":{\"@id\":\"https:\\\/\\\/www.meslibellules.fr\\\/blog\\\/wp-content\\\/uploads\\\/cropped-avatar-150-pix.jpg\"},\"sameAs\":[\"https:\\\/\\\/www.facebook.com\\\/benoit.guillon.96\\\/\"]}]}<\/script>\n<!-- \/ Yoast SEO plugin. -->","yoast_head_json":{"title":"Protosticta spinosa - Mes Libellules","description":"Protosticta spinosa femelle au Vietnam, description, identification, distribution g\u00e9ographique, \u00e9tymologie, taille","robots":{"index":"index","follow":"follow","max-snippet":"max-snippet:-1","max-image-preview":"max-image-preview:large","max-video-preview":"max-video-preview:-1"},"canonical":"https:\/\/www.meslibellules.fr\/blog\/2019\/02\/01\/vietnam-2018-protosticta-spinosa\/","og_locale":"fr_FR","og_type":"article","og_title":"Protosticta spinosa - Mes Libellules","og_description":"Protosticta spinosa femelle au Vietnam, description, identification, distribution g\u00e9ographique, \u00e9tymologie, taille","og_url":"https:\/\/www.meslibellules.fr\/blog\/2019\/02\/01\/vietnam-2018-protosticta-spinosa\/","og_site_name":"Mes Libellules","article_publisher":"https:\/\/www.facebook.com\/benoit.guillon.96\/","article_author":"https:\/\/www.facebook.com\/benoit.guillon.96\/","article_published_time":"2019-02-01T06:24:30+00:00","article_modified_time":"2026-01-06T19:57:38+00:00","og_image":[{"url":"http:\/\/www.meslibellules.fr\/blog\/wp-content\/uploads\/2019\/01\/protosticta-spinosa.jpg","type":"","width":"","height":""}],"author":"Beno\u00eet Guillon","twitter_card":"summary_large_image","twitter_misc":{"\u00c9crit par":"Beno\u00eet Guillon","Dur\u00e9e de lecture estim\u00e9e":"5 minutes"},"schema":{"@context":"https:\/\/schema.org","@graph":[{"@type":"Article","@id":"https:\/\/www.meslibellules.fr\/blog\/2019\/02\/01\/vietnam-2018-protosticta-spinosa\/#article","isPartOf":{"@id":"https:\/\/www.meslibellules.fr\/blog\/2019\/02\/01\/vietnam-2018-protosticta-spinosa\/"},"author":{"name":"Beno\u00eet Guillon","@id":"https:\/\/www.meslibellules.fr\/blog\/#\/schema\/person\/9aa3586f9dd053fcf329f43b8b053c77"},"headline":"Vietnam 2018 &#8211; Protosticta spinosa (Phan &#038; Kompier, 2016)","datePublished":"2019-02-01T06:24:30+00:00","dateModified":"2026-01-06T19:57:38+00:00","mainEntityOfPage":{"@id":"https:\/\/www.meslibellules.fr\/blog\/2019\/02\/01\/vietnam-2018-protosticta-spinosa\/"},"wordCount":327,"commentCount":0,"publisher":{"@id":"https:\/\/www.meslibellules.fr\/blog\/#\/schema\/person\/9aa3586f9dd053fcf329f43b8b053c77"},"image":{"@id":"https:\/\/www.meslibellules.fr\/blog\/2019\/02\/01\/vietnam-2018-protosticta-spinosa\/#primaryimage"},"thumbnailUrl":"http:\/\/www.meslibellules.fr\/blog\/wp-content\/uploads\/2019\/01\/protosticta-spinosa.jpg","articleSection":["Plastystictidae","Vietnam"],"inLanguage":"fr-FR","potentialAction":[{"@type":"CommentAction","name":"Comment","target":["https:\/\/www.meslibellules.fr\/blog\/2019\/02\/01\/vietnam-2018-protosticta-spinosa\/#respond"]}]},{"@type":"WebPage","@id":"https:\/\/www.meslibellules.fr\/blog\/2019\/02\/01\/vietnam-2018-protosticta-spinosa\/","url":"https:\/\/www.meslibellules.fr\/blog\/2019\/02\/01\/vietnam-2018-protosticta-spinosa\/","name":"Protosticta spinosa - Mes Libellules","isPartOf":{"@id":"https:\/\/www.meslibellules.fr\/blog\/#website"},"primaryImageOfPage":{"@id":"https:\/\/www.meslibellules.fr\/blog\/2019\/02\/01\/vietnam-2018-protosticta-spinosa\/#primaryimage"},"image":{"@id":"https:\/\/www.meslibellules.fr\/blog\/2019\/02\/01\/vietnam-2018-protosticta-spinosa\/#primaryimage"},"thumbnailUrl":"http:\/\/www.meslibellules.fr\/blog\/wp-content\/uploads\/2019\/01\/protosticta-spinosa.jpg","datePublished":"2019-02-01T06:24:30+00:00","dateModified":"2026-01-06T19:57:38+00:00","description":"Protosticta spinosa femelle au Vietnam, description, identification, distribution g\u00e9ographique, \u00e9tymologie, taille","breadcrumb":{"@id":"https:\/\/www.meslibellules.fr\/blog\/2019\/02\/01\/vietnam-2018-protosticta-spinosa\/#breadcrumb"},"inLanguage":"fr-FR","potentialAction":[{"@type":"ReadAction","target":["https:\/\/www.meslibellules.fr\/blog\/2019\/02\/01\/vietnam-2018-protosticta-spinosa\/"]}]},{"@type":"ImageObject","inLanguage":"fr-FR","@id":"https:\/\/www.meslibellules.fr\/blog\/2019\/02\/01\/vietnam-2018-protosticta-spinosa\/#primaryimage","url":"http:\/\/www.meslibellules.fr\/blog\/wp-content\/uploads\/2019\/01\/protosticta-spinosa.jpg","contentUrl":"http:\/\/www.meslibellules.fr\/blog\/wp-content\/uploads\/2019\/01\/protosticta-spinosa.jpg"},{"@type":"BreadcrumbList","@id":"https:\/\/www.meslibellules.fr\/blog\/2019\/02\/01\/vietnam-2018-protosticta-spinosa\/#breadcrumb","itemListElement":[{"@type":"ListItem","position":1,"name":"Accueil","item":"https:\/\/www.meslibellules.fr\/blog\/"},{"@type":"ListItem","position":2,"name":"Vietnam 2018 &#8211; Protosticta spinosa (Phan &#038; Kompier, 2016)"}]},{"@type":"WebSite","@id":"https:\/\/www.meslibellules.fr\/blog\/#website","url":"https:\/\/www.meslibellules.fr\/blog\/","name":"Mes Libellules","description":"Pr\u00e9sentation des libellules rencontr\u00e9es dans le monde","publisher":{"@id":"https:\/\/www.meslibellules.fr\/blog\/#\/schema\/person\/9aa3586f9dd053fcf329f43b8b053c77"},"potentialAction":[{"@type":"SearchAction","target":{"@type":"EntryPoint","urlTemplate":"https:\/\/www.meslibellules.fr\/blog\/?s={search_term_string}"},"query-input":{"@type":"PropertyValueSpecification","valueRequired":true,"valueName":"search_term_string"}}],"inLanguage":"fr-FR"},{"@type":["Person","Organization"],"@id":"https:\/\/www.meslibellules.fr\/blog\/#\/schema\/person\/9aa3586f9dd053fcf329f43b8b053c77","name":"Beno\u00eet Guillon","image":{"@type":"ImageObject","inLanguage":"fr-FR","@id":"https:\/\/www.meslibellules.fr\/blog\/wp-content\/uploads\/cropped-avatar-150-pix.jpg","url":"https:\/\/www.meslibellules.fr\/blog\/wp-content\/uploads\/cropped-avatar-150-pix.jpg","contentUrl":"https:\/\/www.meslibellules.fr\/blog\/wp-content\/uploads\/cropped-avatar-150-pix.jpg","width":150,"height":137,"caption":"Beno\u00eet Guillon"},"logo":{"@id":"https:\/\/www.meslibellules.fr\/blog\/wp-content\/uploads\/cropped-avatar-150-pix.jpg"},"sameAs":["https:\/\/www.facebook.com\/benoit.guillon.96\/"]}]}},"_links":{"self":[{"href":"https:\/\/www.meslibellules.fr\/blog\/wp-json\/wp\/v2\/posts\/2175","targetHints":{"allow":["GET"]}}],"collection":[{"href":"https:\/\/www.meslibellules.fr\/blog\/wp-json\/wp\/v2\/posts"}],"about":[{"href":"https:\/\/www.meslibellules.fr\/blog\/wp-json\/wp\/v2\/types\/post"}],"author":[{"embeddable":true,"href":"https:\/\/www.meslibellules.fr\/blog\/wp-json\/wp\/v2\/users\/1"}],"replies":[{"embeddable":true,"href":"https:\/\/www.meslibellules.fr\/blog\/wp-json\/wp\/v2\/comments?post=2175"}],"version-history":[{"count":1,"href":"https:\/\/www.meslibellules.fr\/blog\/wp-json\/wp\/v2\/posts\/2175\/revisions"}],"predecessor-version":[{"id":27735,"href":"https:\/\/www.meslibellules.fr\/blog\/wp-json\/wp\/v2\/posts\/2175\/revisions\/27735"}],"wp:attachment":[{"href":"https:\/\/www.meslibellules.fr\/blog\/wp-json\/wp\/v2\/media?parent=2175"}],"wp:term":[{"taxonomy":"category","embeddable":true,"href":"https:\/\/www.meslibellules.fr\/blog\/wp-json\/wp\/v2\/categories?post=2175"},{"taxonomy":"post_tag","embeddable":true,"href":"https:\/\/www.meslibellules.fr\/blog\/wp-json\/wp\/v2\/tags?post=2175"}],"curies":[{"name":"wp","href":"https:\/\/api.w.org\/{rel}","templated":true}]}}