{"id":22126,"date":"2024-10-18T21:41:50","date_gmt":"2024-10-18T19:41:50","guid":{"rendered":"https:\/\/www.meslibellules.fr\/blog\/?p=22126"},"modified":"2025-12-15T19:39:38","modified_gmt":"2025-12-15T18:39:38","slug":"africallagma-glaucum","status":"publish","type":"post","link":"https:\/\/www.meslibellules.fr\/blog\/2024\/10\/18\/africallagma-glaucum\/","title":{"rendered":"Afrique du Sud &#8211; Africallagma glaucum (Burmeister, 1839)"},"content":{"rendered":"\n<figure class=\"wp-block-image aligncenter size-full is-resized\"><a href=\"https:\/\/www.meslibellules.fr\/blog\/wp-content\/uploads\/africallagma-glaucum-male-1.webp\"><img decoding=\"async\" width=\"2078\" height=\"1187\" data-src=\"https:\/\/www.meslibellules.fr\/blog\/wp-content\/uploads\/africallagma-glaucum-male-1.webp\" alt=\"Africallagma glaucum m\u00e2le, Afrique du Sud, Johannesburg, 30\/10\/2017\" class=\"wp-image-22121 lazyload\" style=\"--smush-placeholder-width: 2078px; --smush-placeholder-aspect-ratio: 2078\/1187;width:666px;height:auto\" data-srcset=\"https:\/\/www.meslibellules.fr\/blog\/wp-content\/uploads\/africallagma-glaucum-male-1.webp 2078w, https:\/\/www.meslibellules.fr\/blog\/wp-content\/uploads\/africallagma-glaucum-male-1-768x439.webp 768w, https:\/\/www.meslibellules.fr\/blog\/wp-content\/uploads\/africallagma-glaucum-male-1-1536x877.webp 1536w, https:\/\/www.meslibellules.fr\/blog\/wp-content\/uploads\/africallagma-glaucum-male-1-2048x1170.webp 2048w\" data-sizes=\"(max-width: 2078px) 100vw, 2078px\" src=\"data:image\/svg+xml;base64,PHN2ZyB3aWR0aD0iMSIgaGVpZ2h0PSIxIiB4bWxucz0iaHR0cDovL3d3dy53My5vcmcvMjAwMC9zdmciPjwvc3ZnPg==\" \/><\/a><figcaption class=\"wp-element-caption\">Africallagma glaucum m\u00e2le, Afrique du Sud, Johannesburg, 30\/10\/2017<\/figcaption><\/figure>\n\n\n\n<p>J&rsquo;ai rencontr\u00e9 Africallagma glaucum dans les jardins du mus\u00e9e&nbsp;de l&rsquo;Apartheid, \u00e0 Johannesburg, le 30 octobre 2017, dans des herbes hautes, \u00e0 une vingtaine de m\u00e8tres d&rsquo;un tout petit bassin d\u00e9coratif. Il est facilement identifiable avec l&rsquo;absence de ligne noire sur la suture m\u00e9tapleurale et la large ligne bleue entre les taches postoculaires, comme notre Enallagma europ\u00e9en.<br>Il se diff\u00e9rencie des autres Enallagma africains par la quantit\u00e9 de noir qu&rsquo;il porte sur le thorax et l&rsquo;abdomen.<br><br>Le sujet ci-dessus porte quelques parasites, sans doute des hydracariens du genre Arrenurus, fix\u00e9s sur ses nervures, afin de se nourrir de l&rsquo;h\u00e9molymphe de leur h\u00f4te.<br>Cette observation m&rsquo;a donn\u00e9 l&rsquo;id\u00e9e de parcourir les photos de cette esp\u00e8ce sur iNaturalist ; m\u00eame si je n&rsquo;ai visionn\u00e9 qu&rsquo;environ 500 photos, l&rsquo;esp\u00e8ce appara\u00eet souvent parasit\u00e9e et le plus surprenant est que la localisation est toujours la m\u00eame, \u00e0 la base des ailes. On sait que la contamination se produit au dernier stade larvaire, o\u00f9 les parasites se logent sous les fourreaux alaires pour migrer d\u00e8s l&rsquo;\u00e9mergence, de ce qui devient l&rsquo;exuvie, vers l&rsquo;imago. Mais bien fr\u00e9quemment, ces parasites ne se limitent pas aux ailes et leur pr\u00e9sence est plus g\u00e9n\u00e9ralement observ\u00e9e sur le thorax des zygopt\u00e8res.<br><a href=\"https:\/\/www.inaturalist.org\/observations?project_id=219549&amp;place_id=any&amp;verifiable=any&amp;captive=any&amp;taxon_id=93468\">Ici quelques-unes de ces observations<\/a> sur iNaturalist.<\/p>\n\n\n\n<figure class=\"wp-block-image aligncenter size-full is-resized\"><a href=\"https:\/\/www.meslibellules.fr\/blog\/wp-content\/uploads\/africallagma-glaucum-male-2.webp\"><img decoding=\"async\" width=\"1663\" height=\"1204\" data-src=\"https:\/\/www.meslibellules.fr\/blog\/wp-content\/uploads\/africallagma-glaucum-male-2.webp\" alt=\"Africallagma glaucum m\u00e2le, Afrique du Sud, Johannesburg, 30\/10\/2017\" class=\"wp-image-22122 lazyload\" style=\"--smush-placeholder-width: 1663px; --smush-placeholder-aspect-ratio: 1663\/1204;width:543px;height:auto\" data-srcset=\"https:\/\/www.meslibellules.fr\/blog\/wp-content\/uploads\/africallagma-glaucum-male-2.webp 1663w, https:\/\/www.meslibellules.fr\/blog\/wp-content\/uploads\/africallagma-glaucum-male-2-768x556.webp 768w, https:\/\/www.meslibellules.fr\/blog\/wp-content\/uploads\/africallagma-glaucum-male-2-1536x1112.webp 1536w\" data-sizes=\"(max-width: 1663px) 100vw, 1663px\" src=\"data:image\/svg+xml;base64,PHN2ZyB3aWR0aD0iMSIgaGVpZ2h0PSIxIiB4bWxucz0iaHR0cDovL3d3dy53My5vcmcvMjAwMC9zdmciPjwvc3ZnPg==\" \/><\/a><figcaption class=\"wp-element-caption\">Africallagma glaucum m\u00e2le, Afrique du Sud, Johannesburg, 30\/10\/2017<\/figcaption><\/figure>\n\n\n\n<p>Il mesure environ 28 mm, se plait dans les eaux calmes ou faiblement courantes, et, tr\u00e8s commun, on le rencontre dans toute la moiti\u00e9 sud de l&rsquo;Afrique, parfois en nombre, t\u00e9moin de son comportement gr\u00e9gaire.<br><a href=\"https:\/\/www.iucnredlist.org\/species\/59795\/75312788\">IUCN Red List<\/a><br>En anglais, il prend le nom de Swamp bluet.<\/p>\n\n\n\n<figure class=\"wp-block-image aligncenter size-full is-resized\"><a href=\"https:\/\/www.meslibellules.fr\/blog\/wp-content\/uploads\/africallagma-glaucum-male-3.webp\"><img decoding=\"async\" width=\"1833\" height=\"1105\" data-src=\"https:\/\/www.meslibellules.fr\/blog\/wp-content\/uploads\/africallagma-glaucum-male-3.webp\" alt=\"Africallagma glaucum m\u00e2le, Afrique du Sud, Johannesburg, 30\/10\/2017\" class=\"wp-image-22123 lazyload\" style=\"--smush-placeholder-width: 1833px; --smush-placeholder-aspect-ratio: 1833\/1105;width:606px;height:auto\" data-srcset=\"https:\/\/www.meslibellules.fr\/blog\/wp-content\/uploads\/africallagma-glaucum-male-3.webp 1833w, https:\/\/www.meslibellules.fr\/blog\/wp-content\/uploads\/africallagma-glaucum-male-3-768x463.webp 768w, https:\/\/www.meslibellules.fr\/blog\/wp-content\/uploads\/africallagma-glaucum-male-3-1536x926.webp 1536w\" data-sizes=\"(max-width: 1833px) 100vw, 1833px\" src=\"data:image\/svg+xml;base64,PHN2ZyB3aWR0aD0iMSIgaGVpZ2h0PSIxIiB4bWxucz0iaHR0cDovL3d3dy53My5vcmcvMjAwMC9zdmciPjwvc3ZnPg==\" \/><\/a><figcaption class=\"wp-element-caption\">Africallagma glaucum m\u00e2le, Afrique du Sud, Johannesburg, 30\/10\/2017<\/figcaption><\/figure>\n\n\n\n<p>Je suppose que ces jeunes m\u00e2les Africallagma glaucum \u00e9mergeaient du bassin en marbre agr\u00e9ment\u00e9 de quelques plantes aquatiques \u00e0 peu de distance, en plein passage de la foule de touristes. Il n&rsquo;y a actuellement pas d&rsquo;autre point d&rsquo;eau alentour, et m\u00eame si un \u00ab\u00a0lac\u00a0\u00bb est signal\u00e9 \u00e0 l&rsquo;int\u00e9rieur du site, il ne contient pas une goutte d&rsquo;eau ni de boue tant la s\u00e9cheresse est s\u00e9v\u00e8re. <\/p>\n\n\n\n<figure class=\"wp-block-gallery has-nested-images columns-default is-cropped wp-block-gallery-1 is-layout-flex wp-block-gallery-is-layout-flex\">\n<figure class=\"wp-block-image size-large\"><a href=\"https:\/\/www.meslibellules.fr\/blog\/wp-content\/uploads\/africallagma-glaucum-male-immature-1.webp\"><img decoding=\"async\" width=\"2120\" height=\"1204\" data-id=\"22124\" data-src=\"https:\/\/www.meslibellules.fr\/blog\/wp-content\/uploads\/africallagma-glaucum-male-immature-1.webp\" alt=\"Africallagma glaucum m\u00e2le immature, Afrique du Sud, Johannesburg, 30\/10\/2017\" class=\"wp-image-22124 lazyload\" data-srcset=\"https:\/\/www.meslibellules.fr\/blog\/wp-content\/uploads\/africallagma-glaucum-male-immature-1.webp 2120w, https:\/\/www.meslibellules.fr\/blog\/wp-content\/uploads\/africallagma-glaucum-male-immature-1-768x436.webp 768w, https:\/\/www.meslibellules.fr\/blog\/wp-content\/uploads\/africallagma-glaucum-male-immature-1-1536x872.webp 1536w, https:\/\/www.meslibellules.fr\/blog\/wp-content\/uploads\/africallagma-glaucum-male-immature-1-2048x1163.webp 2048w\" data-sizes=\"(max-width: 2120px) 100vw, 2120px\" src=\"data:image\/svg+xml;base64,PHN2ZyB3aWR0aD0iMSIgaGVpZ2h0PSIxIiB4bWxucz0iaHR0cDovL3d3dy53My5vcmcvMjAwMC9zdmciPjwvc3ZnPg==\" style=\"--smush-placeholder-width: 2120px; --smush-placeholder-aspect-ratio: 2120\/1204;\" \/><\/a><\/figure>\n\n\n\n<figure class=\"wp-block-image size-large\"><a href=\"https:\/\/www.meslibellules.fr\/blog\/wp-content\/uploads\/africallagma-glaucum-male-immature-2.webp\"><img decoding=\"async\" width=\"2429\" height=\"1204\" data-id=\"22125\" data-src=\"https:\/\/www.meslibellules.fr\/blog\/wp-content\/uploads\/africallagma-glaucum-male-immature-2.webp\" alt=\"Africallagma glaucum m\u00e2le immature, Afrique du Sud, Johannesburg, 30\/10\/2017\" class=\"wp-image-22125 lazyload\" data-srcset=\"https:\/\/www.meslibellules.fr\/blog\/wp-content\/uploads\/africallagma-glaucum-male-immature-2.webp 2429w, https:\/\/www.meslibellules.fr\/blog\/wp-content\/uploads\/africallagma-glaucum-male-immature-2-768x381.webp 768w, https:\/\/www.meslibellules.fr\/blog\/wp-content\/uploads\/africallagma-glaucum-male-immature-2-1536x761.webp 1536w, https:\/\/www.meslibellules.fr\/blog\/wp-content\/uploads\/africallagma-glaucum-male-immature-2-2048x1015.webp 2048w\" data-sizes=\"(max-width: 2429px) 100vw, 2429px\" src=\"data:image\/svg+xml;base64,PHN2ZyB3aWR0aD0iMSIgaGVpZ2h0PSIxIiB4bWxucz0iaHR0cDovL3d3dy53My5vcmcvMjAwMC9zdmciPjwvc3ZnPg==\" style=\"--smush-placeholder-width: 2429px; --smush-placeholder-aspect-ratio: 2429\/1204;\" \/><\/a><\/figure>\n<figcaption class=\"blocks-gallery-caption wp-element-caption\">Africallagma glaucum m\u00e2le immature, Afrique du Sud, Johannesburg, 30\/10\/2017<\/figcaption><\/figure>\n\n\n\n<p>Comme on le voit ci-dessous,  les m\u00e2les immatures sont de la m\u00eame couleur que les femelles, mais celles-ci portent aussi du noir sur les derniers segments.<\/p>\n\n\n\n<figure class=\"wp-block-image aligncenter size-full is-resized\"><a href=\"https:\/\/www.meslibellules.fr\/blog\/wp-content\/uploads\/africallagma-glaucum-femelle.webp\"><img decoding=\"async\" width=\"2151\" height=\"1204\" data-src=\"https:\/\/www.meslibellules.fr\/blog\/wp-content\/uploads\/africallagma-glaucum-femelle.webp\" alt=\"Africallagma glaucum femelle, Afrique du Sud, Johannesburg, 30\/10\/2017\" class=\"wp-image-22120 lazyload\" style=\"--smush-placeholder-width: 2151px; --smush-placeholder-aspect-ratio: 2151\/1204;width:608px;height:auto\" data-srcset=\"https:\/\/www.meslibellules.fr\/blog\/wp-content\/uploads\/africallagma-glaucum-femelle.webp 2151w, https:\/\/www.meslibellules.fr\/blog\/wp-content\/uploads\/africallagma-glaucum-femelle-768x430.webp 768w, https:\/\/www.meslibellules.fr\/blog\/wp-content\/uploads\/africallagma-glaucum-femelle-1536x860.webp 1536w, https:\/\/www.meslibellules.fr\/blog\/wp-content\/uploads\/africallagma-glaucum-femelle-2048x1146.webp 2048w\" data-sizes=\"(max-width: 2151px) 100vw, 2151px\" src=\"data:image\/svg+xml;base64,PHN2ZyB3aWR0aD0iMSIgaGVpZ2h0PSIxIiB4bWxucz0iaHR0cDovL3d3dy53My5vcmcvMjAwMC9zdmciPjwvc3ZnPg==\" \/><\/a><figcaption class=\"wp-element-caption\">Africallagma glaucum femelle, Afrique du Sud, Johannesburg, 30\/10\/2017<\/figcaption><\/figure>\n\n\n\n<p><strong><span style=\"text-decoration: underline;\">\u00c9tymologie<\/span><\/strong><br \/><strong>Africallagma<\/strong> est un genre cr\u00e9\u00e9 par Kennedy en 1920. S&rsquo;il n&rsquo;explique pas l&rsquo;\u00e9tymologie, elle semble \u00e9vidente, de Africa pour Afrique et <em>allagma<\/em> pour signaler qu&rsquo;il cr\u00e9e ce nouveau pour justement abriter certains Enallagma africains, et en particulier Enallagma glaucum dont il fait l&rsquo;esp\u00e8ce type. Ils se distinguent en effet des Enallagma (absence de ligne noire sur la <a href=\"https:\/\/www.meslibellules.fr\/blog\/enallagma-cyathigerum\/\">suture m\u00e9tapleurale<\/a>) par la pr\u00e9sence sur le S10 d&rsquo;une cr\u00eate entaill\u00e9e longitudinalement, que l&rsquo;on voit malheureusement assez mal sur ma photo ci-dessous, et dont les fl\u00e8ches signalent les deux berges.<\/p>\n\n\n\n<figure class=\"wp-block-image aligncenter size-full is-resized\"><a href=\"https:\/\/www.meslibellules.fr\/blog\/wp-content\/uploads\/Africallagma-glaucum-crete-S10.webp\"><img decoding=\"async\" width=\"874\" height=\"528\" data-src=\"https:\/\/www.meslibellules.fr\/blog\/wp-content\/uploads\/Africallagma-glaucum-crete-S10.webp\" alt=\"\" class=\"wp-image-22130 lazyload\" style=\"--smush-placeholder-width: 874px; --smush-placeholder-aspect-ratio: 874\/528;width:403px;height:auto\" data-srcset=\"https:\/\/www.meslibellules.fr\/blog\/wp-content\/uploads\/Africallagma-glaucum-crete-S10.webp 874w, https:\/\/www.meslibellules.fr\/blog\/wp-content\/uploads\/Africallagma-glaucum-crete-S10-768x464.webp 768w\" data-sizes=\"(max-width: 874px) 100vw, 874px\" src=\"data:image\/svg+xml;base64,PHN2ZyB3aWR0aD0iMSIgaGVpZ2h0PSIxIiB4bWxucz0iaHR0cDovL3d3dy53My5vcmcvMjAwMC9zdmciPjwvc3ZnPg==\" \/><\/a><\/figure>\n\n\n\n<p style=\"font-size:15px\"><strong>Glaucum<\/strong>, signifie bleu-gris en latin et serait, d&rsquo;apr\u00e8s S\u00fchling et Martens (2), en rapport avec la couleur de l&rsquo;abdomen. En fait, Burmeister ne pr\u00e9cise pas ce qui est glauque, et nous le voyons plut\u00f4t bleu ciel, comme beaucoup d&rsquo;Enallagma ou d&rsquo;Africallagma. Mais, comme tr\u00e8s souvent, la description de Burmeister a \u00e9t\u00e9 faite sur un sujet en collection, dess\u00e9ch\u00e9 et dont les couleurs ne refl\u00e8tent pas la r\u00e9alit\u00e9. Il a en effet fallu sans doute quelques mois avant que ces 2 sujets m\u00e2les ne fassent le trajet depuis le Cap de Bonne \u00c9sp\u00e9rance, en Afrique du Sud, dans la collection de l&rsquo;explorateur et botaniste Johann Franz Dr\u00e8ge.<br><br>Ci-dessous, la description de Burmeister (3). Comme tr\u00e8s souvent lorsque je lis ces textes d\u00e9pourvus de dessins et bien s\u00fbr de photos, m\u00eame en \u00e9tant plus familier que je ne le suis en latin, je me demande comment on a pu reconna\u00eetre l&rsquo;esp\u00e8ce avec cette description, m\u00eame s&rsquo;il n&rsquo;y a que 4 Africallagma en Afrique du Sud.<\/p>\n\n\n\n<div style=\"height:16px\" aria-hidden=\"true\" class=\"wp-block-spacer\"><\/div>\n\n\n\n<figure class=\"wp-block-image aligncenter size-full is-resized\"><a href=\"https:\/\/www.meslibellules.fr\/blog\/wp-content\/uploads\/Agrion-glaucum-Burmeister.webp\"><img decoding=\"async\" width=\"1317\" height=\"347\" data-src=\"https:\/\/www.meslibellules.fr\/blog\/wp-content\/uploads\/Agrion-glaucum-Burmeister.webp\" alt=\"Agrion glaucum, Burmeister\" class=\"wp-image-27343 lazyload\" style=\"--smush-placeholder-width: 1317px; --smush-placeholder-aspect-ratio: 1317\/347;aspect-ratio:3.795620437956204;width:857px;height:auto\" data-srcset=\"https:\/\/www.meslibellules.fr\/blog\/wp-content\/uploads\/Agrion-glaucum-Burmeister.webp 1317w, https:\/\/www.meslibellules.fr\/blog\/wp-content\/uploads\/Agrion-glaucum-Burmeister-768x202.webp 768w\" data-sizes=\"(max-width: 1317px) 100vw, 1317px\" src=\"data:image\/svg+xml;base64,PHN2ZyB3aWR0aD0iMSIgaGVpZ2h0PSIxIiB4bWxucz0iaHR0cDovL3d3dy53My5vcmcvMjAwMC9zdmciPjwvc3ZnPg==\" \/><\/a><figcaption class=\"wp-element-caption\">Agrion glaucum, Burmeister<\/figcaption><\/figure>\n\n\n\n<div style=\"height:45px\" aria-hidden=\"true\" class=\"wp-block-spacer\"><\/div>\n\n\n\n<p style=\"font-size:13px\">1- Kennedy, Clarence H. 1920. <a href=\"https:\/\/kb.osu.edu\/server\/api\/core\/bitstreams\/35fbe3b9-1917-5392-b02d-bd539e3a31f7\/content\">Forty-two hitherto unrecognized genera and subgenera of Zygoptera<\/a>. The Ohio Journal of Science 21(2): 83-88.<br>2- Dragonflies and Damselflies of Namibia \u2013 Frank Suhling et Andreas Martens<br>3- Burmeister, 1839 \u2013\u00a0<a href=\"https:\/\/www.biodiversitylibrary.org\/item\/34110#page\/73\/mode\/1up\">Handbuch der Entomologie (vol. 2)<\/a>\u00a0p. 859.<\/p>\n\n\n\n<div class=\"wp-block-buttons is-layout-flex wp-block-buttons-is-layout-flex\">\n<div class=\"wp-block-button\"><a class=\"wp-block-button__link wp-element-button\" href=\"https:\/\/www.meslibellules.fr\/voyages\/afrique-du-sud\/accueil-afriquedusud.php\">Afrique du Sud<\/a><\/div>\n<\/div>\n\n\n\n<p><\/p>\n","protected":false},"excerpt":{"rendered":"<p>J&rsquo;ai rencontr\u00e9 Africallagma glaucum dans les jardins du mus\u00e9e&nbsp;de l&rsquo;Apartheid, \u00e0 Johannesburg, le 30 octobre 2017, dans des herbes hautes, \u00e0 une vingtaine de m\u00e8tres d&rsquo;un tout petit bassin d\u00e9coratif. Il est facilement identifiable avec l&rsquo;absence de ligne noire sur la suture m\u00e9tapleurale et la large ligne bleue entre les taches postoculaires, comme notre Enallagma [&hellip;]<\/p>\n","protected":false},"author":1,"featured_media":0,"comment_status":"open","ping_status":"open","sticky":false,"template":"","format":"image","meta":{"site-sidebar-layout":"default","site-content-layout":"","ast-site-content-layout":"default","site-content-style":"default","site-sidebar-style":"default","ast-global-header-display":"","ast-banner-title-visibility":"","ast-main-header-display":"","ast-hfb-above-header-display":"","ast-hfb-below-header-display":"","ast-hfb-mobile-header-display":"","site-post-title":"","ast-breadcrumbs-content":"","ast-featured-img":"","footer-sml-layout":"","ast-disable-related-posts":"","theme-transparent-header-meta":"","adv-header-id-meta":"","stick-header-meta":"","header-above-stick-meta":"","header-main-stick-meta":"","header-below-stick-meta":"","astra-migrate-meta-layouts":"set","ast-page-background-enabled":"default","ast-page-background-meta":{"desktop":{"background-color":"var(--ast-global-color-4)","background-image":"","background-repeat":"repeat","background-position":"center center","background-size":"auto","background-attachment":"scroll","background-type":"","background-media":"","overlay-type":"","overlay-color":"","overlay-opacity":"","overlay-gradient":""},"tablet":{"background-color":"","background-image":"","background-repeat":"repeat","background-position":"center center","background-size":"auto","background-attachment":"scroll","background-type":"","background-media":"","overlay-type":"","overlay-color":"","overlay-opacity":"","overlay-gradient":""},"mobile":{"background-color":"","background-image":"","background-repeat":"repeat","background-position":"center center","background-size":"auto","background-attachment":"scroll","background-type":"","background-media":"","overlay-type":"","overlay-color":"","overlay-opacity":"","overlay-gradient":""}},"ast-content-background-meta":{"desktop":{"background-color":"var(--ast-global-color-5)","background-image":"","background-repeat":"repeat","background-position":"center center","background-size":"auto","background-attachment":"scroll","background-type":"","background-media":"","overlay-type":"","overlay-color":"","overlay-opacity":"","overlay-gradient":""},"tablet":{"background-color":"var(--ast-global-color-5)","background-image":"","background-repeat":"repeat","background-position":"center center","background-size":"auto","background-attachment":"scroll","background-type":"","background-media":"","overlay-type":"","overlay-color":"","overlay-opacity":"","overlay-gradient":""},"mobile":{"background-color":"var(--ast-global-color-5)","background-image":"","background-repeat":"repeat","background-position":"center center","background-size":"auto","background-attachment":"scroll","background-type":"","background-media":"","overlay-type":"","overlay-color":"","overlay-opacity":"","overlay-gradient":""}},"footnotes":""},"categories":[1354,38534],"tags":[1356,38535],"class_list":["post-22126","post","type-post","status-publish","format-image","hentry","category-afrique-du-sud","category-coenagrionidae-afrique-du-sud-2","tag-afrique-du-sud","tag-coenagrionidae-afrique-du-sud","post_format-post-format-image"],"yoast_head":"<!-- This site is optimized with the Yoast SEO plugin v27.4 - https:\/\/yoast.com\/product\/yoast-seo-wordpress\/ -->\n<title>Africallagma glaucum - Mes Libellules<\/title>\n<meta name=\"description\" content=\"Africallagma glaucum m\u00e2les et femelles en Namibie, description, identification, taille, habitat, distribution g\u00e9ographique, \u00e9tymologie\" \/>\n<meta name=\"robots\" content=\"index, follow, max-snippet:-1, max-image-preview:large, max-video-preview:-1\" \/>\n<link rel=\"canonical\" href=\"https:\/\/www.meslibellules.fr\/blog\/2024\/10\/18\/africallagma-glaucum\/\" \/>\n<meta property=\"og:locale\" content=\"fr_FR\" \/>\n<meta property=\"og:type\" content=\"article\" \/>\n<meta property=\"og:title\" content=\"Africallagma glaucum - Mes Libellules\" \/>\n<meta property=\"og:description\" content=\"Africallagma glaucum m\u00e2les et femelles en Namibie, description, identification, taille, habitat, distribution g\u00e9ographique, \u00e9tymologie\" \/>\n<meta property=\"og:url\" content=\"https:\/\/www.meslibellules.fr\/blog\/2024\/10\/18\/africallagma-glaucum\/\" \/>\n<meta property=\"og:site_name\" content=\"Mes Libellules\" \/>\n<meta property=\"article:publisher\" content=\"https:\/\/www.facebook.com\/benoit.guillon.96\/\" \/>\n<meta property=\"article:author\" content=\"https:\/\/www.facebook.com\/benoit.guillon.96\/\" \/>\n<meta property=\"article:published_time\" content=\"2024-10-18T19:41:50+00:00\" \/>\n<meta property=\"article:modified_time\" content=\"2025-12-15T18:39:38+00:00\" \/>\n<meta property=\"og:image\" content=\"https:\/\/www.meslibellules.fr\/blog\/wp-content\/uploads\/africallagma-glaucum-male-1.webp\" \/>\n\t<meta property=\"og:image:width\" content=\"2078\" \/>\n\t<meta property=\"og:image:height\" content=\"1187\" \/>\n\t<meta property=\"og:image:type\" content=\"image\/webp\" \/>\n<meta name=\"author\" content=\"Beno\u00eet Guillon\" \/>\n<meta name=\"twitter:card\" content=\"summary_large_image\" \/>\n<meta name=\"twitter:label1\" content=\"\u00c9crit par\" \/>\n\t<meta name=\"twitter:data1\" content=\"Beno\u00eet Guillon\" \/>\n\t<meta name=\"twitter:label2\" content=\"Dur\u00e9e de lecture estim\u00e9e\" \/>\n\t<meta name=\"twitter:data2\" content=\"6 minutes\" \/>\n<script type=\"application\/ld+json\" class=\"yoast-schema-graph\">{\"@context\":\"https:\\\/\\\/schema.org\",\"@graph\":[{\"@type\":\"Article\",\"@id\":\"https:\\\/\\\/www.meslibellules.fr\\\/blog\\\/2024\\\/10\\\/18\\\/africallagma-glaucum\\\/#article\",\"isPartOf\":{\"@id\":\"https:\\\/\\\/www.meslibellules.fr\\\/blog\\\/2024\\\/10\\\/18\\\/africallagma-glaucum\\\/\"},\"author\":{\"name\":\"Beno\u00eet Guillon\",\"@id\":\"https:\\\/\\\/www.meslibellules.fr\\\/blog\\\/#\\\/schema\\\/person\\\/9aa3586f9dd053fcf329f43b8b053c77\"},\"headline\":\"Afrique du Sud &#8211; Africallagma glaucum (Burmeister, 1839)\",\"datePublished\":\"2024-10-18T19:41:50+00:00\",\"dateModified\":\"2025-12-15T18:39:38+00:00\",\"mainEntityOfPage\":{\"@id\":\"https:\\\/\\\/www.meslibellules.fr\\\/blog\\\/2024\\\/10\\\/18\\\/africallagma-glaucum\\\/\"},\"wordCount\":767,\"commentCount\":0,\"publisher\":{\"@id\":\"https:\\\/\\\/www.meslibellules.fr\\\/blog\\\/#\\\/schema\\\/person\\\/9aa3586f9dd053fcf329f43b8b053c77\"},\"image\":{\"@id\":\"https:\\\/\\\/www.meslibellules.fr\\\/blog\\\/2024\\\/10\\\/18\\\/africallagma-glaucum\\\/#primaryimage\"},\"thumbnailUrl\":\"https:\\\/\\\/www.meslibellules.fr\\\/blog\\\/wp-content\\\/uploads\\\/africallagma-glaucum-male-1.webp\",\"keywords\":[\"Afrique du Sud\",\"Coenagrionidae -Afrique du Sud\"],\"articleSection\":[\"Afrique du Sud\",\"Coenagrionidae\"],\"inLanguage\":\"fr-FR\",\"potentialAction\":[{\"@type\":\"CommentAction\",\"name\":\"Comment\",\"target\":[\"https:\\\/\\\/www.meslibellules.fr\\\/blog\\\/2024\\\/10\\\/18\\\/africallagma-glaucum\\\/#respond\"]}]},{\"@type\":\"WebPage\",\"@id\":\"https:\\\/\\\/www.meslibellules.fr\\\/blog\\\/2024\\\/10\\\/18\\\/africallagma-glaucum\\\/\",\"url\":\"https:\\\/\\\/www.meslibellules.fr\\\/blog\\\/2024\\\/10\\\/18\\\/africallagma-glaucum\\\/\",\"name\":\"Africallagma glaucum - Mes Libellules\",\"isPartOf\":{\"@id\":\"https:\\\/\\\/www.meslibellules.fr\\\/blog\\\/#website\"},\"primaryImageOfPage\":{\"@id\":\"https:\\\/\\\/www.meslibellules.fr\\\/blog\\\/2024\\\/10\\\/18\\\/africallagma-glaucum\\\/#primaryimage\"},\"image\":{\"@id\":\"https:\\\/\\\/www.meslibellules.fr\\\/blog\\\/2024\\\/10\\\/18\\\/africallagma-glaucum\\\/#primaryimage\"},\"thumbnailUrl\":\"https:\\\/\\\/www.meslibellules.fr\\\/blog\\\/wp-content\\\/uploads\\\/africallagma-glaucum-male-1.webp\",\"datePublished\":\"2024-10-18T19:41:50+00:00\",\"dateModified\":\"2025-12-15T18:39:38+00:00\",\"description\":\"Africallagma glaucum m\u00e2les et femelles en Namibie, description, identification, taille, habitat, distribution g\u00e9ographique, \u00e9tymologie\",\"breadcrumb\":{\"@id\":\"https:\\\/\\\/www.meslibellules.fr\\\/blog\\\/2024\\\/10\\\/18\\\/africallagma-glaucum\\\/#breadcrumb\"},\"inLanguage\":\"fr-FR\",\"potentialAction\":[{\"@type\":\"ReadAction\",\"target\":[\"https:\\\/\\\/www.meslibellules.fr\\\/blog\\\/2024\\\/10\\\/18\\\/africallagma-glaucum\\\/\"]}]},{\"@type\":\"ImageObject\",\"inLanguage\":\"fr-FR\",\"@id\":\"https:\\\/\\\/www.meslibellules.fr\\\/blog\\\/2024\\\/10\\\/18\\\/africallagma-glaucum\\\/#primaryimage\",\"url\":\"https:\\\/\\\/www.meslibellules.fr\\\/blog\\\/wp-content\\\/uploads\\\/africallagma-glaucum-male-1.webp\",\"contentUrl\":\"https:\\\/\\\/www.meslibellules.fr\\\/blog\\\/wp-content\\\/uploads\\\/africallagma-glaucum-male-1.webp\"},{\"@type\":\"BreadcrumbList\",\"@id\":\"https:\\\/\\\/www.meslibellules.fr\\\/blog\\\/2024\\\/10\\\/18\\\/africallagma-glaucum\\\/#breadcrumb\",\"itemListElement\":[{\"@type\":\"ListItem\",\"position\":1,\"name\":\"Accueil\",\"item\":\"https:\\\/\\\/www.meslibellules.fr\\\/blog\\\/\"},{\"@type\":\"ListItem\",\"position\":2,\"name\":\"Afrique du Sud &#8211; Africallagma glaucum (Burmeister, 1839)\"}]},{\"@type\":\"WebSite\",\"@id\":\"https:\\\/\\\/www.meslibellules.fr\\\/blog\\\/#website\",\"url\":\"https:\\\/\\\/www.meslibellules.fr\\\/blog\\\/\",\"name\":\"Mes Libellules\",\"description\":\"Pr\u00e9sentation des libellules rencontr\u00e9es dans le monde\",\"publisher\":{\"@id\":\"https:\\\/\\\/www.meslibellules.fr\\\/blog\\\/#\\\/schema\\\/person\\\/9aa3586f9dd053fcf329f43b8b053c77\"},\"potentialAction\":[{\"@type\":\"SearchAction\",\"target\":{\"@type\":\"EntryPoint\",\"urlTemplate\":\"https:\\\/\\\/www.meslibellules.fr\\\/blog\\\/?s={search_term_string}\"},\"query-input\":{\"@type\":\"PropertyValueSpecification\",\"valueRequired\":true,\"valueName\":\"search_term_string\"}}],\"inLanguage\":\"fr-FR\"},{\"@type\":[\"Person\",\"Organization\"],\"@id\":\"https:\\\/\\\/www.meslibellules.fr\\\/blog\\\/#\\\/schema\\\/person\\\/9aa3586f9dd053fcf329f43b8b053c77\",\"name\":\"Beno\u00eet Guillon\",\"image\":{\"@type\":\"ImageObject\",\"inLanguage\":\"fr-FR\",\"@id\":\"https:\\\/\\\/www.meslibellules.fr\\\/blog\\\/wp-content\\\/uploads\\\/cropped-avatar-150-pix.jpg\",\"url\":\"https:\\\/\\\/www.meslibellules.fr\\\/blog\\\/wp-content\\\/uploads\\\/cropped-avatar-150-pix.jpg\",\"contentUrl\":\"https:\\\/\\\/www.meslibellules.fr\\\/blog\\\/wp-content\\\/uploads\\\/cropped-avatar-150-pix.jpg\",\"width\":150,\"height\":137,\"caption\":\"Beno\u00eet Guillon\"},\"logo\":{\"@id\":\"https:\\\/\\\/www.meslibellules.fr\\\/blog\\\/wp-content\\\/uploads\\\/cropped-avatar-150-pix.jpg\"},\"sameAs\":[\"https:\\\/\\\/www.facebook.com\\\/benoit.guillon.96\\\/\"]}]}<\/script>\n<!-- \/ Yoast SEO plugin. -->","yoast_head_json":{"title":"Africallagma glaucum - Mes Libellules","description":"Africallagma glaucum m\u00e2les et femelles en Namibie, description, identification, taille, habitat, distribution g\u00e9ographique, \u00e9tymologie","robots":{"index":"index","follow":"follow","max-snippet":"max-snippet:-1","max-image-preview":"max-image-preview:large","max-video-preview":"max-video-preview:-1"},"canonical":"https:\/\/www.meslibellules.fr\/blog\/2024\/10\/18\/africallagma-glaucum\/","og_locale":"fr_FR","og_type":"article","og_title":"Africallagma glaucum - Mes Libellules","og_description":"Africallagma glaucum m\u00e2les et femelles en Namibie, description, identification, taille, habitat, distribution g\u00e9ographique, \u00e9tymologie","og_url":"https:\/\/www.meslibellules.fr\/blog\/2024\/10\/18\/africallagma-glaucum\/","og_site_name":"Mes Libellules","article_publisher":"https:\/\/www.facebook.com\/benoit.guillon.96\/","article_author":"https:\/\/www.facebook.com\/benoit.guillon.96\/","article_published_time":"2024-10-18T19:41:50+00:00","article_modified_time":"2025-12-15T18:39:38+00:00","og_image":[{"width":2078,"height":1187,"url":"https:\/\/www.meslibellules.fr\/blog\/wp-content\/uploads\/africallagma-glaucum-male-1.webp","type":"image\/webp"}],"author":"Beno\u00eet Guillon","twitter_card":"summary_large_image","twitter_misc":{"\u00c9crit par":"Beno\u00eet Guillon","Dur\u00e9e de lecture estim\u00e9e":"6 minutes"},"schema":{"@context":"https:\/\/schema.org","@graph":[{"@type":"Article","@id":"https:\/\/www.meslibellules.fr\/blog\/2024\/10\/18\/africallagma-glaucum\/#article","isPartOf":{"@id":"https:\/\/www.meslibellules.fr\/blog\/2024\/10\/18\/africallagma-glaucum\/"},"author":{"name":"Beno\u00eet Guillon","@id":"https:\/\/www.meslibellules.fr\/blog\/#\/schema\/person\/9aa3586f9dd053fcf329f43b8b053c77"},"headline":"Afrique du Sud &#8211; Africallagma glaucum (Burmeister, 1839)","datePublished":"2024-10-18T19:41:50+00:00","dateModified":"2025-12-15T18:39:38+00:00","mainEntityOfPage":{"@id":"https:\/\/www.meslibellules.fr\/blog\/2024\/10\/18\/africallagma-glaucum\/"},"wordCount":767,"commentCount":0,"publisher":{"@id":"https:\/\/www.meslibellules.fr\/blog\/#\/schema\/person\/9aa3586f9dd053fcf329f43b8b053c77"},"image":{"@id":"https:\/\/www.meslibellules.fr\/blog\/2024\/10\/18\/africallagma-glaucum\/#primaryimage"},"thumbnailUrl":"https:\/\/www.meslibellules.fr\/blog\/wp-content\/uploads\/africallagma-glaucum-male-1.webp","keywords":["Afrique du Sud","Coenagrionidae -Afrique du Sud"],"articleSection":["Afrique du Sud","Coenagrionidae"],"inLanguage":"fr-FR","potentialAction":[{"@type":"CommentAction","name":"Comment","target":["https:\/\/www.meslibellules.fr\/blog\/2024\/10\/18\/africallagma-glaucum\/#respond"]}]},{"@type":"WebPage","@id":"https:\/\/www.meslibellules.fr\/blog\/2024\/10\/18\/africallagma-glaucum\/","url":"https:\/\/www.meslibellules.fr\/blog\/2024\/10\/18\/africallagma-glaucum\/","name":"Africallagma glaucum - Mes Libellules","isPartOf":{"@id":"https:\/\/www.meslibellules.fr\/blog\/#website"},"primaryImageOfPage":{"@id":"https:\/\/www.meslibellules.fr\/blog\/2024\/10\/18\/africallagma-glaucum\/#primaryimage"},"image":{"@id":"https:\/\/www.meslibellules.fr\/blog\/2024\/10\/18\/africallagma-glaucum\/#primaryimage"},"thumbnailUrl":"https:\/\/www.meslibellules.fr\/blog\/wp-content\/uploads\/africallagma-glaucum-male-1.webp","datePublished":"2024-10-18T19:41:50+00:00","dateModified":"2025-12-15T18:39:38+00:00","description":"Africallagma glaucum m\u00e2les et femelles en Namibie, description, identification, taille, habitat, distribution g\u00e9ographique, \u00e9tymologie","breadcrumb":{"@id":"https:\/\/www.meslibellules.fr\/blog\/2024\/10\/18\/africallagma-glaucum\/#breadcrumb"},"inLanguage":"fr-FR","potentialAction":[{"@type":"ReadAction","target":["https:\/\/www.meslibellules.fr\/blog\/2024\/10\/18\/africallagma-glaucum\/"]}]},{"@type":"ImageObject","inLanguage":"fr-FR","@id":"https:\/\/www.meslibellules.fr\/blog\/2024\/10\/18\/africallagma-glaucum\/#primaryimage","url":"https:\/\/www.meslibellules.fr\/blog\/wp-content\/uploads\/africallagma-glaucum-male-1.webp","contentUrl":"https:\/\/www.meslibellules.fr\/blog\/wp-content\/uploads\/africallagma-glaucum-male-1.webp"},{"@type":"BreadcrumbList","@id":"https:\/\/www.meslibellules.fr\/blog\/2024\/10\/18\/africallagma-glaucum\/#breadcrumb","itemListElement":[{"@type":"ListItem","position":1,"name":"Accueil","item":"https:\/\/www.meslibellules.fr\/blog\/"},{"@type":"ListItem","position":2,"name":"Afrique du Sud &#8211; Africallagma glaucum (Burmeister, 1839)"}]},{"@type":"WebSite","@id":"https:\/\/www.meslibellules.fr\/blog\/#website","url":"https:\/\/www.meslibellules.fr\/blog\/","name":"Mes Libellules","description":"Pr\u00e9sentation des libellules rencontr\u00e9es dans le monde","publisher":{"@id":"https:\/\/www.meslibellules.fr\/blog\/#\/schema\/person\/9aa3586f9dd053fcf329f43b8b053c77"},"potentialAction":[{"@type":"SearchAction","target":{"@type":"EntryPoint","urlTemplate":"https:\/\/www.meslibellules.fr\/blog\/?s={search_term_string}"},"query-input":{"@type":"PropertyValueSpecification","valueRequired":true,"valueName":"search_term_string"}}],"inLanguage":"fr-FR"},{"@type":["Person","Organization"],"@id":"https:\/\/www.meslibellules.fr\/blog\/#\/schema\/person\/9aa3586f9dd053fcf329f43b8b053c77","name":"Beno\u00eet Guillon","image":{"@type":"ImageObject","inLanguage":"fr-FR","@id":"https:\/\/www.meslibellules.fr\/blog\/wp-content\/uploads\/cropped-avatar-150-pix.jpg","url":"https:\/\/www.meslibellules.fr\/blog\/wp-content\/uploads\/cropped-avatar-150-pix.jpg","contentUrl":"https:\/\/www.meslibellules.fr\/blog\/wp-content\/uploads\/cropped-avatar-150-pix.jpg","width":150,"height":137,"caption":"Beno\u00eet Guillon"},"logo":{"@id":"https:\/\/www.meslibellules.fr\/blog\/wp-content\/uploads\/cropped-avatar-150-pix.jpg"},"sameAs":["https:\/\/www.facebook.com\/benoit.guillon.96\/"]}]}},"_links":{"self":[{"href":"https:\/\/www.meslibellules.fr\/blog\/wp-json\/wp\/v2\/posts\/22126","targetHints":{"allow":["GET"]}}],"collection":[{"href":"https:\/\/www.meslibellules.fr\/blog\/wp-json\/wp\/v2\/posts"}],"about":[{"href":"https:\/\/www.meslibellules.fr\/blog\/wp-json\/wp\/v2\/types\/post"}],"author":[{"embeddable":true,"href":"https:\/\/www.meslibellules.fr\/blog\/wp-json\/wp\/v2\/users\/1"}],"replies":[{"embeddable":true,"href":"https:\/\/www.meslibellules.fr\/blog\/wp-json\/wp\/v2\/comments?post=22126"}],"version-history":[{"count":3,"href":"https:\/\/www.meslibellules.fr\/blog\/wp-json\/wp\/v2\/posts\/22126\/revisions"}],"predecessor-version":[{"id":27346,"href":"https:\/\/www.meslibellules.fr\/blog\/wp-json\/wp\/v2\/posts\/22126\/revisions\/27346"}],"wp:attachment":[{"href":"https:\/\/www.meslibellules.fr\/blog\/wp-json\/wp\/v2\/media?parent=22126"}],"wp:term":[{"taxonomy":"category","embeddable":true,"href":"https:\/\/www.meslibellules.fr\/blog\/wp-json\/wp\/v2\/categories?post=22126"},{"taxonomy":"post_tag","embeddable":true,"href":"https:\/\/www.meslibellules.fr\/blog\/wp-json\/wp\/v2\/tags?post=22126"}],"curies":[{"name":"wp","href":"https:\/\/api.w.org\/{rel}","templated":true}]}}