{"id":22263,"date":"2024-10-28T16:16:59","date_gmt":"2024-10-28T15:16:59","guid":{"rendered":"https:\/\/www.meslibellules.fr\/blog\/?p=22263"},"modified":"2024-10-29T20:45:21","modified_gmt":"2024-10-29T19:45:21","slug":"lestes-forficula","status":"publish","type":"post","link":"https:\/\/www.meslibellules.fr\/blog\/2024\/10\/28\/lestes-forficula\/","title":{"rendered":"Br\u00e9sil &#8211; Lestes forficula (Rambur, 1842)"},"content":{"rendered":"\n<figure class=\"wp-block-gallery has-nested-images columns-default is-cropped wp-block-gallery-1 is-layout-flex wp-block-gallery-is-layout-flex\">\n<figure class=\"wp-block-image size-large\"><a href=\"https:\/\/www.meslibellules.fr\/blog\/wp-content\/uploads\/Lestes-forficula-male-3.webp\"><img decoding=\"async\" width=\"1290\" height=\"1504\" data-id=\"22257\" data-src=\"https:\/\/www.meslibellules.fr\/blog\/wp-content\/uploads\/Lestes-forficula-male-3.webp\" alt=\"Lestes forficula m\u00e2le, Br\u00e9sil, zone humide du lodge de REGUA, 15\/01\/2015\" class=\"wp-image-22257 lazyload\" data-srcset=\"https:\/\/www.meslibellules.fr\/blog\/wp-content\/uploads\/Lestes-forficula-male-3.webp 1290w, https:\/\/www.meslibellules.fr\/blog\/wp-content\/uploads\/Lestes-forficula-male-3-768x895.webp 768w\" data-sizes=\"(max-width: 1290px) 100vw, 1290px\" src=\"data:image\/svg+xml;base64,PHN2ZyB3aWR0aD0iMSIgaGVpZ2h0PSIxIiB4bWxucz0iaHR0cDovL3d3dy53My5vcmcvMjAwMC9zdmciPjwvc3ZnPg==\" style=\"--smush-placeholder-width: 1290px; --smush-placeholder-aspect-ratio: 1290\/1504;\" \/><\/a><\/figure>\n\n\n\n<figure class=\"wp-block-image size-full\"><a href=\"https:\/\/www.meslibellules.fr\/blog\/wp-content\/uploads\/Lestes-forficula-male-6.webp\"><img decoding=\"async\" width=\"1356\" height=\"1504\" data-id=\"22260\" data-src=\"https:\/\/www.meslibellules.fr\/blog\/wp-content\/uploads\/Lestes-forficula-male-6.webp\" alt=\"Lestes forficula m\u00e2le, Br\u00e9sil, zone humide du lodge de REGUA, 15\/01\/2015\" class=\"wp-image-22260 lazyload\" data-srcset=\"https:\/\/www.meslibellules.fr\/blog\/wp-content\/uploads\/Lestes-forficula-male-6.webp 1356w, https:\/\/www.meslibellules.fr\/blog\/wp-content\/uploads\/Lestes-forficula-male-6-768x852.webp 768w\" data-sizes=\"(max-width: 1356px) 100vw, 1356px\" src=\"data:image\/svg+xml;base64,PHN2ZyB3aWR0aD0iMSIgaGVpZ2h0PSIxIiB4bWxucz0iaHR0cDovL3d3dy53My5vcmcvMjAwMC9zdmciPjwvc3ZnPg==\" style=\"--smush-placeholder-width: 1356px; --smush-placeholder-aspect-ratio: 1356\/1504;\" \/><\/a><\/figure>\n<figcaption class=\"blocks-gallery-caption wp-element-caption\">Lestes forficula m\u00e2le, Br\u00e9sil, zone humide du lodge de REGUA, 15\/01\/2015<\/figcaption><\/figure>\n\n\n\n<p>Je n&rsquo;ai rencontr\u00e9 Lestes forficula que sur la <a href=\"https:\/\/www.meslibellules.fr\/voyages\/bresil\/acanthagrion-temporale\/acanthagrion%20temporale-male-1\/wetland.jpg\">zone humide du lodge de REGUA<\/a>, et uniquement sur un petit secteur, \u00e0 quelques m\u00e8tres de l&rsquo;eau. Il semble se plaire parmi les herbes hautes et les petits arbustes qui bordent la rive \u00e0 cet endroit. Tous les Lestess sont \u00e9l\u00e9gants et ceux-ci sont de plus dot\u00e9s d&rsquo;yeux bleus magnifiques, couleur de porcelaine.<\/p>\n\n\n\n<div class=\"wp-block-columns is-layout-flex wp-container-core-columns-is-layout-28f84493 wp-block-columns-is-layout-flex\">\n<div class=\"wp-block-column is-layout-flow wp-block-column-is-layout-flow\">\n<figure class=\"wp-block-image size-full is-resized\"><a href=\"https:\/\/www.meslibellules.fr\/blog\/wp-content\/uploads\/Lestes-forficula-male-5.webp\"><img decoding=\"async\" width=\"2209\" height=\"1504\" data-src=\"https:\/\/www.meslibellules.fr\/blog\/wp-content\/uploads\/Lestes-forficula-male-5.webp\" alt=\"Lestes forficula m\u00e2le, Br\u00e9sil, zone humide du lodge de REGUA, 15\/01\/2015\" class=\"wp-image-22259 lazyload\" style=\"--smush-placeholder-width: 2209px; --smush-placeholder-aspect-ratio: 2209\/1504;width:auto;height:310px\" data-srcset=\"https:\/\/www.meslibellules.fr\/blog\/wp-content\/uploads\/Lestes-forficula-male-5.webp 2209w, https:\/\/www.meslibellules.fr\/blog\/wp-content\/uploads\/Lestes-forficula-male-5-768x523.webp 768w, https:\/\/www.meslibellules.fr\/blog\/wp-content\/uploads\/Lestes-forficula-male-5-1536x1046.webp 1536w, https:\/\/www.meslibellules.fr\/blog\/wp-content\/uploads\/Lestes-forficula-male-5-2048x1394.webp 2048w\" data-sizes=\"(max-width: 2209px) 100vw, 2209px\" src=\"data:image\/svg+xml;base64,PHN2ZyB3aWR0aD0iMSIgaGVpZ2h0PSIxIiB4bWxucz0iaHR0cDovL3d3dy53My5vcmcvMjAwMC9zdmciPjwvc3ZnPg==\" \/><\/a><\/figure>\n<\/div>\n\n\n\n<div class=\"wp-block-column is-layout-flow wp-block-column-is-layout-flow\">\n<figure class=\"wp-block-image size-full is-resized\"><a href=\"https:\/\/www.meslibellules.fr\/blog\/wp-content\/uploads\/Lestes-forficula-male-1.webp\"><img decoding=\"async\" width=\"1747\" height=\"1204\" data-src=\"https:\/\/www.meslibellules.fr\/blog\/wp-content\/uploads\/Lestes-forficula-male-1.webp\" alt=\"Rainpool Spreadwing male, Brazil, REGUA Wetland, 15\/01\/2015\" class=\"wp-image-22255 lazyload\" style=\"--smush-placeholder-width: 1747px; --smush-placeholder-aspect-ratio: 1747\/1204;width:auto;height:310px\" data-srcset=\"https:\/\/www.meslibellules.fr\/blog\/wp-content\/uploads\/Lestes-forficula-male-1.webp 1747w, https:\/\/www.meslibellules.fr\/blog\/wp-content\/uploads\/Lestes-forficula-male-1-768x529.webp 768w, https:\/\/www.meslibellules.fr\/blog\/wp-content\/uploads\/Lestes-forficula-male-1-1536x1059.webp 1536w\" data-sizes=\"(max-width: 1747px) 100vw, 1747px\" src=\"data:image\/svg+xml;base64,PHN2ZyB3aWR0aD0iMSIgaGVpZ2h0PSIxIiB4bWxucz0iaHR0cDovL3d3dy53My5vcmcvMjAwMC9zdmciPjwvc3ZnPg==\" \/><\/a><\/figure>\n<\/div>\n<\/div>\n\n\n\n<div style=\"height:30px\" aria-hidden=\"true\" class=\"wp-block-spacer\"><\/div>\n\n\n\n<p>Toutes ces photos de m\u00e2les sont de la m\u00eame date et sur le m\u00eame lieu.<br><br>Lestes forficula est le plus commun dans la r\u00e9gion de REGUA (Rio de Janeiro) mais il existe 2 autres Lestes (parmi les 40 esp\u00e8ces d&rsquo;Am\u00e9rique du Sud) L. pictus et L. tricolor. L. forficula se distingue des deux autres, par la pruinosit\u00e9 (pulv\u00e9rulence) sur les 2 ou 3 derniers segments, entre autres d\u00e9tails.<\/p>\n\n\n\n<div class=\"wp-block-columns is-layout-flex wp-container-core-columns-is-layout-28f84493 wp-block-columns-is-layout-flex\">\n<div class=\"wp-block-column is-layout-flow wp-block-column-is-layout-flow\">\n<figure class=\"wp-block-image alignright size-full is-resized\"><a href=\"https:\/\/www.meslibellules.fr\/blog\/wp-content\/uploads\/Lestes-forficula-male-7.webp\"><img decoding=\"async\" width=\"1448\" height=\"1504\" data-src=\"https:\/\/www.meslibellules.fr\/blog\/wp-content\/uploads\/Lestes-forficula-male-7.webp\" alt=\"Lestes forficula m\u00e2le, Br\u00e9sil, zone humide du lodge de REGUA, 15\/01\/2015\" class=\"wp-image-22261 lazyload\" style=\"--smush-placeholder-width: 1448px; --smush-placeholder-aspect-ratio: 1448\/1504;width:auto;height:390px\" data-srcset=\"https:\/\/www.meslibellules.fr\/blog\/wp-content\/uploads\/Lestes-forficula-male-7.webp 1448w, https:\/\/www.meslibellules.fr\/blog\/wp-content\/uploads\/Lestes-forficula-male-7-768x798.webp 768w\" data-sizes=\"(max-width: 1448px) 100vw, 1448px\" src=\"data:image\/svg+xml;base64,PHN2ZyB3aWR0aD0iMSIgaGVpZ2h0PSIxIiB4bWxucz0iaHR0cDovL3d3dy53My5vcmcvMjAwMC9zdmciPjwvc3ZnPg==\" \/><\/a><\/figure>\n<\/div>\n\n\n\n<div class=\"wp-block-column is-layout-flow wp-block-column-is-layout-flow\">\n<figure class=\"wp-block-image size-full is-resized\"><a href=\"https:\/\/www.meslibellules.fr\/blog\/wp-content\/uploads\/Lestes-forficula-male-2.webp\"><img decoding=\"async\" width=\"1914\" height=\"1504\" data-src=\"https:\/\/www.meslibellules.fr\/blog\/wp-content\/uploads\/Lestes-forficula-male-2.webp\" alt=\"Lestes forficula m\u00e2le, Br\u00e9sil, zone humide du lodge de REGUA, 15\/01\/2015\" class=\"wp-image-22256 lazyload\" style=\"--smush-placeholder-width: 1914px; --smush-placeholder-aspect-ratio: 1914\/1504;width:auto;height:390px\" data-srcset=\"https:\/\/www.meslibellules.fr\/blog\/wp-content\/uploads\/Lestes-forficula-male-2.webp 1914w, https:\/\/www.meslibellules.fr\/blog\/wp-content\/uploads\/Lestes-forficula-male-2-768x603.webp 768w, https:\/\/www.meslibellules.fr\/blog\/wp-content\/uploads\/Lestes-forficula-male-2-1536x1207.webp 1536w\" data-sizes=\"(max-width: 1914px) 100vw, 1914px\" src=\"data:image\/svg+xml;base64,PHN2ZyB3aWR0aD0iMSIgaGVpZ2h0PSIxIiB4bWxucz0iaHR0cDovL3d3dy53My5vcmcvMjAwMC9zdmciPjwvc3ZnPg==\" \/><\/a><\/figure>\n<\/div>\n<\/div>\n\n\n\n<div style=\"height:30px\" aria-hidden=\"true\" class=\"wp-block-spacer\"><\/div>\n\n\n\n<p>Il mesure environ 37 mm et se rencontre du sud des USA \u00e0 l&rsquo;Argentine. <a href=\"https:\/\/www.iucnredlist.org\/species\/49254380\/49255721#geographic-range\">IUCN Red List<\/a>.<br><br>M\u00eame s&rsquo;il appr\u00e9cie les milieux humides comme celui de la r\u00e9serve de REGUA, il se contente parfois de mares temporaires comme le confirme son nom anglais de Rainpool Spreadwing. Il peut \u00eatre actif m\u00eame quand le ciel est nuageux ou qu&rsquo;il pleut.<br><br>Ci-dessous, on voit facilement cette pruinosit\u00e9 caract\u00e9ristique sur les derniers segments. On note la fine \u00e9pine \u00e0 la base du cerque (<a href=\"https:\/\/martinia.insectes.org\/nomenclature-francaise-des-appendices-anaux-des-imagos-et-larves-dodonates-pour-labandon-du-terme-cercoides\/\">voir ici pour la nouvelle terminologie<\/a>) gauche et l&rsquo;aplatissement de ce cerque dans sa partie m\u00e9diane.&nbsp;<\/p>\n\n\n\n<figure class=\"wp-block-image aligncenter size-full is-resized\"><a href=\"https:\/\/www.meslibellules.fr\/blog\/wp-content\/uploads\/Lestes-forficula-maleappendices-anaux.webp\"><img decoding=\"async\" width=\"1034\" height=\"571\" data-src=\"https:\/\/www.meslibellules.fr\/blog\/wp-content\/uploads\/Lestes-forficula-maleappendices-anaux.webp\" alt=\"Lestes forficula m\u00e2le, appendices anaux, Br\u00e9sil, zone humide du lodge de REGUA, 15\/01\/2015\" class=\"wp-image-22262 lazyload\" style=\"--smush-placeholder-width: 1034px; --smush-placeholder-aspect-ratio: 1034\/571;width:584px;height:auto\" data-srcset=\"https:\/\/www.meslibellules.fr\/blog\/wp-content\/uploads\/Lestes-forficula-maleappendices-anaux.webp 1034w, https:\/\/www.meslibellules.fr\/blog\/wp-content\/uploads\/Lestes-forficula-maleappendices-anaux-768x424.webp 768w\" data-sizes=\"(max-width: 1034px) 100vw, 1034px\" src=\"data:image\/svg+xml;base64,PHN2ZyB3aWR0aD0iMSIgaGVpZ2h0PSIxIiB4bWxucz0iaHR0cDovL3d3dy53My5vcmcvMjAwMC9zdmciPjwvc3ZnPg==\" \/><\/a><figcaption class=\"wp-element-caption\">Lestes forficula m\u00e2le, appendices anaux, Br\u00e9sil, zone humide du lodge de REGUA, 15\/01\/2015<\/figcaption><\/figure>\n\n\n\n<p>Ces 2 femelles Lestes forficula, ci-dessous, sont du premier matin, le 4 janvier 2015, parmi les premi\u00e8res photos et il faut croire que je n&rsquo;\u00e9tais pas remis du voyage&#8230; Comme les autres m\u00e2les, ces photos sont faites sur les bords de la zone humide de REGUA. J&rsquo;ai tout de m\u00eame eu de la chance, car je n&rsquo;ai jamais r\u00e9ussi plus tard \u00e0 revoir de femelles&#8230;<\/p>\n\n\n\n<div class=\"wp-block-columns is-layout-flex wp-container-core-columns-is-layout-28f84493 wp-block-columns-is-layout-flex\">\n<div class=\"wp-block-column is-layout-flow wp-block-column-is-layout-flow\">\n<figure class=\"wp-block-image alignright size-full is-resized\"><a href=\"https:\/\/www.meslibellules.fr\/blog\/wp-content\/uploads\/Lestes-forficula-femelle-2.webp\"><img decoding=\"async\" width=\"1061\" height=\"1204\" data-src=\"https:\/\/www.meslibellules.fr\/blog\/wp-content\/uploads\/Lestes-forficula-femelle-2.webp\" alt=\"Rainpool Spreadwing female, Brazil, REGUA Wetland, 04\/01\/2015\" class=\"wp-image-22254 lazyload\" style=\"--smush-placeholder-width: 1061px; --smush-placeholder-aspect-ratio: 1061\/1204;width:auto;height:390px\" data-srcset=\"https:\/\/www.meslibellules.fr\/blog\/wp-content\/uploads\/Lestes-forficula-femelle-2.webp 1061w, https:\/\/www.meslibellules.fr\/blog\/wp-content\/uploads\/Lestes-forficula-femelle-2-768x872.webp 768w\" data-sizes=\"(max-width: 1061px) 100vw, 1061px\" src=\"data:image\/svg+xml;base64,PHN2ZyB3aWR0aD0iMSIgaGVpZ2h0PSIxIiB4bWxucz0iaHR0cDovL3d3dy53My5vcmcvMjAwMC9zdmciPjwvc3ZnPg==\" \/><\/a><\/figure>\n<\/div>\n\n\n\n<div class=\"wp-block-column is-layout-flow wp-block-column-is-layout-flow\">\n<figure class=\"wp-block-image size-full is-resized\"><a href=\"https:\/\/www.meslibellules.fr\/blog\/wp-content\/uploads\/Lestes-forficula-femelle-1.webp\"><img decoding=\"async\" width=\"1380\" height=\"1204\" data-src=\"https:\/\/www.meslibellules.fr\/blog\/wp-content\/uploads\/Lestes-forficula-femelle-1.webp\" alt=\"Lestes forficula femelle, appendices anaux, Br\u00e9sil, zone humide du lodge de REGUA, 04\/01\/2015\" class=\"wp-image-22253 lazyload\" style=\"--smush-placeholder-width: 1380px; --smush-placeholder-aspect-ratio: 1380\/1204;width:auto;height:390px\" data-srcset=\"https:\/\/www.meslibellules.fr\/blog\/wp-content\/uploads\/Lestes-forficula-femelle-1.webp 1380w, https:\/\/www.meslibellules.fr\/blog\/wp-content\/uploads\/Lestes-forficula-femelle-1-768x670.webp 768w\" data-sizes=\"(max-width: 1380px) 100vw, 1380px\" src=\"data:image\/svg+xml;base64,PHN2ZyB3aWR0aD0iMSIgaGVpZ2h0PSIxIiB4bWxucz0iaHR0cDovL3d3dy53My5vcmcvMjAwMC9zdmciPjwvc3ZnPg==\" \/><\/a><\/figure>\n<\/div>\n<\/div>\n\n\n\n<div style=\"height:31px\" aria-hidden=\"true\" class=\"wp-block-spacer\"><\/div>\n\n\n\n<div style=\"height:21px\" aria-hidden=\"true\" class=\"wp-block-spacer\"><\/div>\n\n\n\n<p><span style=\"text-decoration: underline;\">\u00c9tymologie<\/span><br><strong>Lestes<\/strong> a \u00e9t\u00e9 cr\u00e9\u00e9 par Leach (1815) et vient du mot grec \u03bb\u03b7\u03c3\u03c4\u03b7\u03c3 qui signifie <em>voleur<\/em> ou <em>pirate<\/em>, tr\u00e8s vraisemblablement en raison de la forme des appendices anaux qui \u00e9voque le coutelas courb\u00e9 des pirates.<br>Et non du fait de leur agilit\u00e9, du fait qu\u2019ils soient lestes, comme j\u2019avais essay\u00e9 de le d\u00e9montrer&nbsp;<a href=\"https:\/\/www.meslibellules.fr\/blog\/2023\/10\/16\/lestes-concinnus\/\">ici<\/a>&nbsp;(sans savoir, d\u2019ailleurs, que c\u2019\u00e9tait la th\u00e9orie que d\u00e9fendait Paul Henri Robert dans ses \u00ab&nbsp;Libellules&nbsp;\u00bb).<br>Il est tr\u00e8s int\u00e9ressant de lire \u00e0 ce sujet l\u2019analyse, sans doute d\u00e9finitive, faite par Matti H\u00e4m\u00e4l\u00e4inen &amp; Heinrich Fliedner (1).<br><strong>Forficula<\/strong> (2) signifie <em>petit ciseau en latin<\/em> et se rapporte probablement aux paraproctes du m\u00e2le (ex-cerques, <a href=\"https:\/\/martinia.insectes.org\/nomenclature-francaise-des-appendices-anaux-des-imagos-et-larves-dodonates-pour-labandon-du-terme-cercoides\/\">voir ici<\/a>), \u201cappendices inf\u00e9rieurs comme chez la Sponsa, laissant entre eux un espace triangulaire \u00a0\u00bb \u00e9crit Rambur \u00e0 la page 347 de son <em>Histoire Naturelle des Insectes N\u00e9vropt\u00e8res<\/em>.<\/p>\n\n\n\n<div style=\"height:14px\" aria-hidden=\"true\" class=\"wp-block-spacer\"><\/div>\n\n\n\n<div class=\"wp-block-media-text is-stacked-on-mobile\"><figure class=\"wp-block-media-text__media\"><a href=\"https:\/\/www.meslibellules.fr\/blog\/wp-content\/uploads\/Lestes-forficula-male-4.webp\"><img decoding=\"async\" width=\"1459\" height=\"1504\" data-src=\"https:\/\/www.meslibellules.fr\/blog\/wp-content\/uploads\/Lestes-forficula-male-4.webp\" alt=\"Lestes forficula m\u00e2le, Br\u00e9sil, zone humide du lodge de REGUA, 15\/01\/2015\" class=\"wp-image-22258 size-full lazyload\" data-srcset=\"https:\/\/www.meslibellules.fr\/blog\/wp-content\/uploads\/Lestes-forficula-male-4.webp 1459w, https:\/\/www.meslibellules.fr\/blog\/wp-content\/uploads\/Lestes-forficula-male-4-768x792.webp 768w\" data-sizes=\"(max-width: 1459px) 100vw, 1459px\" src=\"data:image\/svg+xml;base64,PHN2ZyB3aWR0aD0iMSIgaGVpZ2h0PSIxIiB4bWxucz0iaHR0cDovL3d3dy53My5vcmcvMjAwMC9zdmciPjwvc3ZnPg==\" style=\"--smush-placeholder-width: 1459px; --smush-placeholder-aspect-ratio: 1459\/1504;\" \/><\/a><\/figure><div class=\"wp-block-media-text__content\">\n<p>1- Heinrich Fliedner, Ian Endersby, The Scientific Names of North American Dragonflies, Busybird Publishing 2019<\/p>\n\n\n\n<p><br \/>2- <a href=\"https:\/\/www.researchgate.net\/publication\/373156947_Why_did_William_Elford_Leach_call_a_small_damselfly_a_'pirate'_-_Revisiting_the_etymology_of_the_genus_Lestes_Odonata_Lestidae\">Why did William Elford Leach call a small damselfly a \u00ab\u00a0pirate\u00a0\u00bb ? \u2013 Revisiting the etymology of the genus Lestes (Odonata: Lestidae)<\/a>, Matti H\u00e4m\u00e4l\u00e4inen &amp; Heinrich Fliedner, Notulae odonatologicae 10(1) 2023:8-16.<br \/><br \/><br \/><span style=\"font-size: 10pt;\">Lestes forficula m\u00e2le, appendices anaux, Br\u00e9sil, zone humide du lodge de REGUA, 15\/01\/2015<\/span><\/p>\n<\/div><\/div>\n\n\n\n<div style=\"height:62px\" aria-hidden=\"true\" class=\"wp-block-spacer\"><\/div>\n\n\n\n<div class=\"wp-block-buttons is-layout-flex wp-block-buttons-is-layout-flex\">\n<div class=\"wp-block-button\"><a class=\"wp-block-button__link wp-element-button\" href=\"https:\/\/www.meslibellules.fr\/voyages\/bresil\/accueil-bresil.php\">Accueil Br\u00e9sil<\/a><\/div>\n<\/div>\n","protected":false},"excerpt":{"rendered":"<p>Je n&rsquo;ai rencontr\u00e9 Lestes forficula que sur la zone humide du lodge de REGUA, et uniquement sur un petit secteur, \u00e0 quelques m\u00e8tres de l&rsquo;eau. Il semble se plaire parmi les herbes hautes et les petits arbustes qui bordent la rive \u00e0 cet endroit. Tous les Lestess sont \u00e9l\u00e9gants et ceux-ci sont de plus dot\u00e9s [&hellip;]<\/p>\n","protected":false},"author":1,"featured_media":0,"comment_status":"open","ping_status":"open","sticky":false,"template":"","format":"image","meta":{"site-sidebar-layout":"default","site-content-layout":"","ast-site-content-layout":"default","site-content-style":"default","site-sidebar-style":"default","ast-global-header-display":"","ast-banner-title-visibility":"","ast-main-header-display":"","ast-hfb-above-header-display":"","ast-hfb-below-header-display":"","ast-hfb-mobile-header-display":"","site-post-title":"","ast-breadcrumbs-content":"","ast-featured-img":"","footer-sml-layout":"","ast-disable-related-posts":"","theme-transparent-header-meta":"","adv-header-id-meta":"","stick-header-meta":"","header-above-stick-meta":"","header-main-stick-meta":"","header-below-stick-meta":"","astra-migrate-meta-layouts":"set","ast-page-background-enabled":"default","ast-page-background-meta":{"desktop":{"background-color":"var(--ast-global-color-4)","background-image":"","background-repeat":"repeat","background-position":"center center","background-size":"auto","background-attachment":"scroll","background-type":"","background-media":"","overlay-type":"","overlay-color":"","overlay-opacity":"","overlay-gradient":""},"tablet":{"background-color":"","background-image":"","background-repeat":"repeat","background-position":"center center","background-size":"auto","background-attachment":"scroll","background-type":"","background-media":"","overlay-type":"","overlay-color":"","overlay-opacity":"","overlay-gradient":""},"mobile":{"background-color":"","background-image":"","background-repeat":"repeat","background-position":"center center","background-size":"auto","background-attachment":"scroll","background-type":"","background-media":"","overlay-type":"","overlay-color":"","overlay-opacity":"","overlay-gradient":""}},"ast-content-background-meta":{"desktop":{"background-color":"var(--ast-global-color-5)","background-image":"","background-repeat":"repeat","background-position":"center center","background-size":"auto","background-attachment":"scroll","background-type":"","background-media":"","overlay-type":"","overlay-color":"","overlay-opacity":"","overlay-gradient":""},"tablet":{"background-color":"var(--ast-global-color-5)","background-image":"","background-repeat":"repeat","background-position":"center center","background-size":"auto","background-attachment":"scroll","background-type":"","background-media":"","overlay-type":"","overlay-color":"","overlay-opacity":"","overlay-gradient":""},"mobile":{"background-color":"var(--ast-global-color-5)","background-image":"","background-repeat":"repeat","background-position":"center center","background-size":"auto","background-attachment":"scroll","background-type":"","background-media":"","overlay-type":"","overlay-color":"","overlay-opacity":"","overlay-gradient":""}},"footnotes":""},"categories":[1315,38541],"tags":[1316,38542],"class_list":["post-22263","post","type-post","status-publish","format-image","hentry","category-bresil","category-lestidae-bresil-2","tag-bresil","tag-lestidae-bresil","post_format-post-format-image"],"yoast_head":"<!-- This site is optimized with the Yoast SEO plugin v27.5 - https:\/\/yoast.com\/product\/yoast-seo-wordpress\/ -->\n<title>Lestes forficula - Mes Libellules<\/title>\n<meta name=\"description\" content=\"Lestes forficula m\u00e2les et femelles au Br\u00e9sil, description, identification, taille, habitat, distribution g\u00e9ographique, \u00e9tymologie\" \/>\n<meta name=\"robots\" content=\"index, follow, max-snippet:-1, max-image-preview:large, max-video-preview:-1\" \/>\n<link rel=\"canonical\" href=\"https:\/\/www.meslibellules.fr\/blog\/2024\/10\/28\/lestes-forficula\/\" \/>\n<meta property=\"og:locale\" content=\"fr_FR\" \/>\n<meta property=\"og:type\" content=\"article\" \/>\n<meta property=\"og:title\" content=\"Lestes forficula - Mes Libellules\" \/>\n<meta property=\"og:description\" content=\"Lestes forficula m\u00e2les et femelles au Br\u00e9sil, description, identification, taille, habitat, distribution g\u00e9ographique, \u00e9tymologie\" \/>\n<meta property=\"og:url\" content=\"https:\/\/www.meslibellules.fr\/blog\/2024\/10\/28\/lestes-forficula\/\" \/>\n<meta property=\"og:site_name\" content=\"Mes Libellules\" \/>\n<meta property=\"article:publisher\" content=\"https:\/\/www.facebook.com\/benoit.guillon.96\/\" \/>\n<meta property=\"article:author\" content=\"https:\/\/www.facebook.com\/benoit.guillon.96\/\" \/>\n<meta property=\"article:published_time\" content=\"2024-10-28T15:16:59+00:00\" \/>\n<meta property=\"article:modified_time\" content=\"2024-10-29T19:45:21+00:00\" \/>\n<meta property=\"og:image\" content=\"https:\/\/www.meslibellules.fr\/blog\/wp-content\/uploads\/Lestes-forficula-male-3.webp\" \/>\n\t<meta property=\"og:image:width\" content=\"1290\" \/>\n\t<meta property=\"og:image:height\" content=\"1504\" \/>\n\t<meta property=\"og:image:type\" content=\"image\/webp\" \/>\n<meta name=\"author\" content=\"Beno\u00eet Guillon\" \/>\n<meta name=\"twitter:card\" content=\"summary_large_image\" \/>\n<meta name=\"twitter:label1\" content=\"\u00c9crit par\" \/>\n\t<meta name=\"twitter:data1\" content=\"Beno\u00eet Guillon\" \/>\n\t<meta name=\"twitter:label2\" content=\"Dur\u00e9e de lecture estim\u00e9e\" \/>\n\t<meta name=\"twitter:data2\" content=\"5 minutes\" \/>\n<script type=\"application\/ld+json\" class=\"yoast-schema-graph\">{\"@context\":\"https:\\\/\\\/schema.org\",\"@graph\":[{\"@type\":\"Article\",\"@id\":\"https:\\\/\\\/www.meslibellules.fr\\\/blog\\\/2024\\\/10\\\/28\\\/lestes-forficula\\\/#article\",\"isPartOf\":{\"@id\":\"https:\\\/\\\/www.meslibellules.fr\\\/blog\\\/2024\\\/10\\\/28\\\/lestes-forficula\\\/\"},\"author\":{\"name\":\"Beno\u00eet Guillon\",\"@id\":\"https:\\\/\\\/www.meslibellules.fr\\\/blog\\\/#\\\/schema\\\/person\\\/9aa3586f9dd053fcf329f43b8b053c77\"},\"headline\":\"Br\u00e9sil &#8211; Lestes forficula (Rambur, 1842)\",\"datePublished\":\"2024-10-28T15:16:59+00:00\",\"dateModified\":\"2024-10-29T19:45:21+00:00\",\"mainEntityOfPage\":{\"@id\":\"https:\\\/\\\/www.meslibellules.fr\\\/blog\\\/2024\\\/10\\\/28\\\/lestes-forficula\\\/\"},\"wordCount\":555,\"commentCount\":0,\"publisher\":{\"@id\":\"https:\\\/\\\/www.meslibellules.fr\\\/blog\\\/#\\\/schema\\\/person\\\/9aa3586f9dd053fcf329f43b8b053c77\"},\"image\":{\"@id\":\"https:\\\/\\\/www.meslibellules.fr\\\/blog\\\/2024\\\/10\\\/28\\\/lestes-forficula\\\/#primaryimage\"},\"thumbnailUrl\":\"https:\\\/\\\/www.meslibellules.fr\\\/blog\\\/wp-content\\\/uploads\\\/Lestes-forficula-male-3.webp\",\"keywords\":[\"Br\u00e9sil\",\"Lestidae - Br\u00e9sil\"],\"articleSection\":[\"Br\u00e9sil\",\"Lestidae\"],\"inLanguage\":\"fr-FR\",\"potentialAction\":[{\"@type\":\"CommentAction\",\"name\":\"Comment\",\"target\":[\"https:\\\/\\\/www.meslibellules.fr\\\/blog\\\/2024\\\/10\\\/28\\\/lestes-forficula\\\/#respond\"]}]},{\"@type\":\"WebPage\",\"@id\":\"https:\\\/\\\/www.meslibellules.fr\\\/blog\\\/2024\\\/10\\\/28\\\/lestes-forficula\\\/\",\"url\":\"https:\\\/\\\/www.meslibellules.fr\\\/blog\\\/2024\\\/10\\\/28\\\/lestes-forficula\\\/\",\"name\":\"Lestes forficula - Mes Libellules\",\"isPartOf\":{\"@id\":\"https:\\\/\\\/www.meslibellules.fr\\\/blog\\\/#website\"},\"primaryImageOfPage\":{\"@id\":\"https:\\\/\\\/www.meslibellules.fr\\\/blog\\\/2024\\\/10\\\/28\\\/lestes-forficula\\\/#primaryimage\"},\"image\":{\"@id\":\"https:\\\/\\\/www.meslibellules.fr\\\/blog\\\/2024\\\/10\\\/28\\\/lestes-forficula\\\/#primaryimage\"},\"thumbnailUrl\":\"https:\\\/\\\/www.meslibellules.fr\\\/blog\\\/wp-content\\\/uploads\\\/Lestes-forficula-male-3.webp\",\"datePublished\":\"2024-10-28T15:16:59+00:00\",\"dateModified\":\"2024-10-29T19:45:21+00:00\",\"description\":\"Lestes forficula m\u00e2les et femelles au Br\u00e9sil, description, identification, taille, habitat, distribution g\u00e9ographique, \u00e9tymologie\",\"breadcrumb\":{\"@id\":\"https:\\\/\\\/www.meslibellules.fr\\\/blog\\\/2024\\\/10\\\/28\\\/lestes-forficula\\\/#breadcrumb\"},\"inLanguage\":\"fr-FR\",\"potentialAction\":[{\"@type\":\"ReadAction\",\"target\":[\"https:\\\/\\\/www.meslibellules.fr\\\/blog\\\/2024\\\/10\\\/28\\\/lestes-forficula\\\/\"]}]},{\"@type\":\"ImageObject\",\"inLanguage\":\"fr-FR\",\"@id\":\"https:\\\/\\\/www.meslibellules.fr\\\/blog\\\/2024\\\/10\\\/28\\\/lestes-forficula\\\/#primaryimage\",\"url\":\"https:\\\/\\\/www.meslibellules.fr\\\/blog\\\/wp-content\\\/uploads\\\/Lestes-forficula-male-3.webp\",\"contentUrl\":\"https:\\\/\\\/www.meslibellules.fr\\\/blog\\\/wp-content\\\/uploads\\\/Lestes-forficula-male-3.webp\"},{\"@type\":\"BreadcrumbList\",\"@id\":\"https:\\\/\\\/www.meslibellules.fr\\\/blog\\\/2024\\\/10\\\/28\\\/lestes-forficula\\\/#breadcrumb\",\"itemListElement\":[{\"@type\":\"ListItem\",\"position\":1,\"name\":\"Accueil\",\"item\":\"https:\\\/\\\/www.meslibellules.fr\\\/blog\\\/\"},{\"@type\":\"ListItem\",\"position\":2,\"name\":\"Br\u00e9sil &#8211; Lestes forficula (Rambur, 1842)\"}]},{\"@type\":\"WebSite\",\"@id\":\"https:\\\/\\\/www.meslibellules.fr\\\/blog\\\/#website\",\"url\":\"https:\\\/\\\/www.meslibellules.fr\\\/blog\\\/\",\"name\":\"Mes Libellules\",\"description\":\"Pr\u00e9sentation des libellules rencontr\u00e9es dans le monde\",\"publisher\":{\"@id\":\"https:\\\/\\\/www.meslibellules.fr\\\/blog\\\/#\\\/schema\\\/person\\\/9aa3586f9dd053fcf329f43b8b053c77\"},\"potentialAction\":[{\"@type\":\"SearchAction\",\"target\":{\"@type\":\"EntryPoint\",\"urlTemplate\":\"https:\\\/\\\/www.meslibellules.fr\\\/blog\\\/?s={search_term_string}\"},\"query-input\":{\"@type\":\"PropertyValueSpecification\",\"valueRequired\":true,\"valueName\":\"search_term_string\"}}],\"inLanguage\":\"fr-FR\"},{\"@type\":[\"Person\",\"Organization\"],\"@id\":\"https:\\\/\\\/www.meslibellules.fr\\\/blog\\\/#\\\/schema\\\/person\\\/9aa3586f9dd053fcf329f43b8b053c77\",\"name\":\"Beno\u00eet Guillon\",\"image\":{\"@type\":\"ImageObject\",\"inLanguage\":\"fr-FR\",\"@id\":\"https:\\\/\\\/www.meslibellules.fr\\\/blog\\\/wp-content\\\/uploads\\\/cropped-avatar-150-pix.jpg\",\"url\":\"https:\\\/\\\/www.meslibellules.fr\\\/blog\\\/wp-content\\\/uploads\\\/cropped-avatar-150-pix.jpg\",\"contentUrl\":\"https:\\\/\\\/www.meslibellules.fr\\\/blog\\\/wp-content\\\/uploads\\\/cropped-avatar-150-pix.jpg\",\"width\":150,\"height\":137,\"caption\":\"Beno\u00eet Guillon\"},\"logo\":{\"@id\":\"https:\\\/\\\/www.meslibellules.fr\\\/blog\\\/wp-content\\\/uploads\\\/cropped-avatar-150-pix.jpg\"},\"sameAs\":[\"https:\\\/\\\/www.facebook.com\\\/benoit.guillon.96\\\/\"]}]}<\/script>\n<!-- \/ Yoast SEO plugin. -->","yoast_head_json":{"title":"Lestes forficula - Mes Libellules","description":"Lestes forficula m\u00e2les et femelles au Br\u00e9sil, description, identification, taille, habitat, distribution g\u00e9ographique, \u00e9tymologie","robots":{"index":"index","follow":"follow","max-snippet":"max-snippet:-1","max-image-preview":"max-image-preview:large","max-video-preview":"max-video-preview:-1"},"canonical":"https:\/\/www.meslibellules.fr\/blog\/2024\/10\/28\/lestes-forficula\/","og_locale":"fr_FR","og_type":"article","og_title":"Lestes forficula - Mes Libellules","og_description":"Lestes forficula m\u00e2les et femelles au Br\u00e9sil, description, identification, taille, habitat, distribution g\u00e9ographique, \u00e9tymologie","og_url":"https:\/\/www.meslibellules.fr\/blog\/2024\/10\/28\/lestes-forficula\/","og_site_name":"Mes Libellules","article_publisher":"https:\/\/www.facebook.com\/benoit.guillon.96\/","article_author":"https:\/\/www.facebook.com\/benoit.guillon.96\/","article_published_time":"2024-10-28T15:16:59+00:00","article_modified_time":"2024-10-29T19:45:21+00:00","og_image":[{"width":1290,"height":1504,"url":"https:\/\/www.meslibellules.fr\/blog\/wp-content\/uploads\/Lestes-forficula-male-3.webp","type":"image\/webp"}],"author":"Beno\u00eet Guillon","twitter_card":"summary_large_image","twitter_misc":{"\u00c9crit par":"Beno\u00eet Guillon","Dur\u00e9e de lecture estim\u00e9e":"5 minutes"},"schema":{"@context":"https:\/\/schema.org","@graph":[{"@type":"Article","@id":"https:\/\/www.meslibellules.fr\/blog\/2024\/10\/28\/lestes-forficula\/#article","isPartOf":{"@id":"https:\/\/www.meslibellules.fr\/blog\/2024\/10\/28\/lestes-forficula\/"},"author":{"name":"Beno\u00eet Guillon","@id":"https:\/\/www.meslibellules.fr\/blog\/#\/schema\/person\/9aa3586f9dd053fcf329f43b8b053c77"},"headline":"Br\u00e9sil &#8211; Lestes forficula (Rambur, 1842)","datePublished":"2024-10-28T15:16:59+00:00","dateModified":"2024-10-29T19:45:21+00:00","mainEntityOfPage":{"@id":"https:\/\/www.meslibellules.fr\/blog\/2024\/10\/28\/lestes-forficula\/"},"wordCount":555,"commentCount":0,"publisher":{"@id":"https:\/\/www.meslibellules.fr\/blog\/#\/schema\/person\/9aa3586f9dd053fcf329f43b8b053c77"},"image":{"@id":"https:\/\/www.meslibellules.fr\/blog\/2024\/10\/28\/lestes-forficula\/#primaryimage"},"thumbnailUrl":"https:\/\/www.meslibellules.fr\/blog\/wp-content\/uploads\/Lestes-forficula-male-3.webp","keywords":["Br\u00e9sil","Lestidae - Br\u00e9sil"],"articleSection":["Br\u00e9sil","Lestidae"],"inLanguage":"fr-FR","potentialAction":[{"@type":"CommentAction","name":"Comment","target":["https:\/\/www.meslibellules.fr\/blog\/2024\/10\/28\/lestes-forficula\/#respond"]}]},{"@type":"WebPage","@id":"https:\/\/www.meslibellules.fr\/blog\/2024\/10\/28\/lestes-forficula\/","url":"https:\/\/www.meslibellules.fr\/blog\/2024\/10\/28\/lestes-forficula\/","name":"Lestes forficula - Mes Libellules","isPartOf":{"@id":"https:\/\/www.meslibellules.fr\/blog\/#website"},"primaryImageOfPage":{"@id":"https:\/\/www.meslibellules.fr\/blog\/2024\/10\/28\/lestes-forficula\/#primaryimage"},"image":{"@id":"https:\/\/www.meslibellules.fr\/blog\/2024\/10\/28\/lestes-forficula\/#primaryimage"},"thumbnailUrl":"https:\/\/www.meslibellules.fr\/blog\/wp-content\/uploads\/Lestes-forficula-male-3.webp","datePublished":"2024-10-28T15:16:59+00:00","dateModified":"2024-10-29T19:45:21+00:00","description":"Lestes forficula m\u00e2les et femelles au Br\u00e9sil, description, identification, taille, habitat, distribution g\u00e9ographique, \u00e9tymologie","breadcrumb":{"@id":"https:\/\/www.meslibellules.fr\/blog\/2024\/10\/28\/lestes-forficula\/#breadcrumb"},"inLanguage":"fr-FR","potentialAction":[{"@type":"ReadAction","target":["https:\/\/www.meslibellules.fr\/blog\/2024\/10\/28\/lestes-forficula\/"]}]},{"@type":"ImageObject","inLanguage":"fr-FR","@id":"https:\/\/www.meslibellules.fr\/blog\/2024\/10\/28\/lestes-forficula\/#primaryimage","url":"https:\/\/www.meslibellules.fr\/blog\/wp-content\/uploads\/Lestes-forficula-male-3.webp","contentUrl":"https:\/\/www.meslibellules.fr\/blog\/wp-content\/uploads\/Lestes-forficula-male-3.webp"},{"@type":"BreadcrumbList","@id":"https:\/\/www.meslibellules.fr\/blog\/2024\/10\/28\/lestes-forficula\/#breadcrumb","itemListElement":[{"@type":"ListItem","position":1,"name":"Accueil","item":"https:\/\/www.meslibellules.fr\/blog\/"},{"@type":"ListItem","position":2,"name":"Br\u00e9sil &#8211; Lestes forficula (Rambur, 1842)"}]},{"@type":"WebSite","@id":"https:\/\/www.meslibellules.fr\/blog\/#website","url":"https:\/\/www.meslibellules.fr\/blog\/","name":"Mes Libellules","description":"Pr\u00e9sentation des libellules rencontr\u00e9es dans le monde","publisher":{"@id":"https:\/\/www.meslibellules.fr\/blog\/#\/schema\/person\/9aa3586f9dd053fcf329f43b8b053c77"},"potentialAction":[{"@type":"SearchAction","target":{"@type":"EntryPoint","urlTemplate":"https:\/\/www.meslibellules.fr\/blog\/?s={search_term_string}"},"query-input":{"@type":"PropertyValueSpecification","valueRequired":true,"valueName":"search_term_string"}}],"inLanguage":"fr-FR"},{"@type":["Person","Organization"],"@id":"https:\/\/www.meslibellules.fr\/blog\/#\/schema\/person\/9aa3586f9dd053fcf329f43b8b053c77","name":"Beno\u00eet Guillon","image":{"@type":"ImageObject","inLanguage":"fr-FR","@id":"https:\/\/www.meslibellules.fr\/blog\/wp-content\/uploads\/cropped-avatar-150-pix.jpg","url":"https:\/\/www.meslibellules.fr\/blog\/wp-content\/uploads\/cropped-avatar-150-pix.jpg","contentUrl":"https:\/\/www.meslibellules.fr\/blog\/wp-content\/uploads\/cropped-avatar-150-pix.jpg","width":150,"height":137,"caption":"Beno\u00eet Guillon"},"logo":{"@id":"https:\/\/www.meslibellules.fr\/blog\/wp-content\/uploads\/cropped-avatar-150-pix.jpg"},"sameAs":["https:\/\/www.facebook.com\/benoit.guillon.96\/"]}]}},"_links":{"self":[{"href":"https:\/\/www.meslibellules.fr\/blog\/wp-json\/wp\/v2\/posts\/22263","targetHints":{"allow":["GET"]}}],"collection":[{"href":"https:\/\/www.meslibellules.fr\/blog\/wp-json\/wp\/v2\/posts"}],"about":[{"href":"https:\/\/www.meslibellules.fr\/blog\/wp-json\/wp\/v2\/types\/post"}],"author":[{"embeddable":true,"href":"https:\/\/www.meslibellules.fr\/blog\/wp-json\/wp\/v2\/users\/1"}],"replies":[{"embeddable":true,"href":"https:\/\/www.meslibellules.fr\/blog\/wp-json\/wp\/v2\/comments?post=22263"}],"version-history":[{"count":0,"href":"https:\/\/www.meslibellules.fr\/blog\/wp-json\/wp\/v2\/posts\/22263\/revisions"}],"wp:attachment":[{"href":"https:\/\/www.meslibellules.fr\/blog\/wp-json\/wp\/v2\/media?parent=22263"}],"wp:term":[{"taxonomy":"category","embeddable":true,"href":"https:\/\/www.meslibellules.fr\/blog\/wp-json\/wp\/v2\/categories?post=22263"},{"taxonomy":"post_tag","embeddable":true,"href":"https:\/\/www.meslibellules.fr\/blog\/wp-json\/wp\/v2\/tags?post=22263"}],"curies":[{"name":"wp","href":"https:\/\/api.w.org\/{rel}","templated":true}]}}