{"id":22318,"date":"2024-11-04T09:11:48","date_gmt":"2024-11-04T08:11:48","guid":{"rendered":"https:\/\/www.meslibellules.fr\/blog\/?p=22318"},"modified":"2024-11-04T09:11:50","modified_gmt":"2024-11-04T08:11:50","slug":"erythrodiplax-attenuata","status":"publish","type":"post","link":"https:\/\/www.meslibellules.fr\/blog\/2024\/11\/04\/erythrodiplax-attenuata\/","title":{"rendered":"P\u00e9rou &#8211; Erythrodiplax attenuata (Kirby, 1889)"},"content":{"rendered":"\n<figure class=\"wp-block-image aligncenter size-full is-resized\"><a href=\"https:\/\/www.meslibellules.fr\/blog\/wp-content\/uploads\/Erythrodiplax-attenuata-male-1.webp\"><img decoding=\"async\" width=\"1575\" height=\"1204\" data-src=\"https:\/\/www.meslibellules.fr\/blog\/wp-content\/uploads\/Erythrodiplax-attenuata-male-1.webp\" alt=\"Erythrodiplax attenuata m\u00e2le, P\u00e9rou, Iquitos, Tahuayo Lodge, 15\/08\/2023\" class=\"wp-image-22312 lazyload\" style=\"--smush-placeholder-width: 1575px; --smush-placeholder-aspect-ratio: 1575\/1204;width:508px;height:auto\" data-srcset=\"https:\/\/www.meslibellules.fr\/blog\/wp-content\/uploads\/Erythrodiplax-attenuata-male-1.webp 1575w, https:\/\/www.meslibellules.fr\/blog\/wp-content\/uploads\/Erythrodiplax-attenuata-male-1-768x587.webp 768w, https:\/\/www.meslibellules.fr\/blog\/wp-content\/uploads\/Erythrodiplax-attenuata-male-1-1536x1174.webp 1536w\" data-sizes=\"(max-width: 1575px) 100vw, 1575px\" src=\"data:image\/svg+xml;base64,PHN2ZyB3aWR0aD0iMSIgaGVpZ2h0PSIxIiB4bWxucz0iaHR0cDovL3d3dy53My5vcmcvMjAwMC9zdmciPjwvc3ZnPg==\" \/><\/a><figcaption class=\"wp-element-caption\">Erythrodiplax attenuata m\u00e2le, P\u00e9rou, Iquitos, Tahuayo Lodge, 15\/08\/2023<\/figcaption><\/figure>\n\n\n\n<p>J&rsquo;avais d\u00e9j\u00e0 rencontr\u00e9 Erythrodiplax attenuata en <a href=\"https:\/\/meslibellules.fr\/voyages\/colombie\/erythrodiplax-attenuata\/erythrodiplax-attenuata-male-1.php\">Colombie<\/a> voisine, et j&rsquo;y avais fait d&rsquo;assez m\u00e9diocres photos ; c&rsquo;est sans doute par souci de ne pas les d\u00e9valoriser que celles-ci ne sont pas beaucoup meilleures et m&rsquo;ont beaucoup d\u00e9\u00e7u.<br>C&rsquo;est pourtant un odonate tr\u00e8s int\u00e9ressant, car il pr\u00e9sente deux formes (morphes) pour les m\u00e2les : l&rsquo;une comme ci-dessus aux ailes color\u00e9es, l&rsquo;autre aux ailes hyalines, celui que nous avons rencontr\u00e9 le plus souvent au P\u00e9rou.<\/p>\n\n\n\n<figure class=\"wp-block-image aligncenter size-full is-resized\"><a href=\"https:\/\/www.meslibellules.fr\/blog\/wp-content\/uploads\/Erythrodiplax-attenuata-male-3.webp\"><img decoding=\"async\" width=\"1586\" height=\"1504\" data-src=\"https:\/\/www.meslibellules.fr\/blog\/wp-content\/uploads\/Erythrodiplax-attenuata-male-3.webp\" alt=\"Erythrodiplax attenuata m\u00e2le, P\u00e9rou, Iquitos, Tahuayo Lodge, 15\/08\/2023\" class=\"wp-image-22314 lazyload\" style=\"--smush-placeholder-width: 1586px; --smush-placeholder-aspect-ratio: 1586\/1504;width:512px;height:auto\" data-srcset=\"https:\/\/www.meslibellules.fr\/blog\/wp-content\/uploads\/Erythrodiplax-attenuata-male-3.webp 1586w, https:\/\/www.meslibellules.fr\/blog\/wp-content\/uploads\/Erythrodiplax-attenuata-male-3-768x728.webp 768w, https:\/\/www.meslibellules.fr\/blog\/wp-content\/uploads\/Erythrodiplax-attenuata-male-3-1536x1457.webp 1536w\" data-sizes=\"(max-width: 1586px) 100vw, 1586px\" src=\"data:image\/svg+xml;base64,PHN2ZyB3aWR0aD0iMSIgaGVpZ2h0PSIxIiB4bWxucz0iaHR0cDovL3d3dy53My5vcmcvMjAwMC9zdmciPjwvc3ZnPg==\" \/><\/a><figcaption class=\"wp-element-caption\">Erythrodiplax attenuata m\u00e2le, P\u00e9rou, Iquitos, Tahuayo Lodge, 15\/08\/2023<\/figcaption><\/figure>\n\n\n\n<p>D&rsquo;ailleurs, la forme aux ailes color\u00e9es a \u00e9t\u00e9 d\u00e9crite par Kirby (sous le nom de <em>Trithemis (?) attenuata<\/em>) en 1889, et Sj\u00f6stedt en 1918, a d\u00e9crit un<em> <\/em>Erythrodiplax attenuata<em> forma hyalina<\/em>, mais cette derni\u00e8re forme a \u00e9t\u00e9 synonymis\u00e9e avec la forme nominale. Heureusement, la forme des taches abdominales est vraiment identique.<\/p>\n\n\n\n<div class=\"wp-block-columns is-layout-flex wp-container-core-columns-is-layout-28f84493 wp-block-columns-is-layout-flex\">\n<div class=\"wp-block-column is-layout-flow wp-block-column-is-layout-flow\">\n<figure class=\"wp-block-image alignright size-full is-resized\"><a href=\"https:\/\/www.meslibellules.fr\/blog\/wp-content\/uploads\/Erythrodiplax-attenuata-male-2.webp\"><img decoding=\"async\" width=\"1766\" height=\"1204\" data-src=\"https:\/\/www.meslibellules.fr\/blog\/wp-content\/uploads\/Erythrodiplax-attenuata-male-2.webp\" alt=\"Erythrodiplax attenuata m\u00e2le, P\u00e9rou, Iquitos, Tahuayo Lodge, 15\/08\/2023\" class=\"wp-image-22313 lazyload\" style=\"--smush-placeholder-width: 1766px; --smush-placeholder-aspect-ratio: 1766\/1204;width:auto;height:265px\" data-srcset=\"https:\/\/www.meslibellules.fr\/blog\/wp-content\/uploads\/Erythrodiplax-attenuata-male-2.webp 1766w, https:\/\/www.meslibellules.fr\/blog\/wp-content\/uploads\/Erythrodiplax-attenuata-male-2-768x524.webp 768w, https:\/\/www.meslibellules.fr\/blog\/wp-content\/uploads\/Erythrodiplax-attenuata-male-2-1536x1047.webp 1536w\" data-sizes=\"(max-width: 1766px) 100vw, 1766px\" src=\"data:image\/svg+xml;base64,PHN2ZyB3aWR0aD0iMSIgaGVpZ2h0PSIxIiB4bWxucz0iaHR0cDovL3d3dy53My5vcmcvMjAwMC9zdmciPjwvc3ZnPg==\" \/><\/a><\/figure>\n<\/div>\n\n\n\n<div class=\"wp-block-column is-layout-flow wp-block-column-is-layout-flow\">\n<figure class=\"wp-block-image size-full is-resized\"><a href=\"https:\/\/www.meslibellules.fr\/blog\/wp-content\/uploads\/Erythrodiplax-attenuata-male-4.webp\"><img decoding=\"async\" width=\"2498\" height=\"1504\" data-src=\"https:\/\/www.meslibellules.fr\/blog\/wp-content\/uploads\/Erythrodiplax-attenuata-male-4.webp\" alt=\"Erythrodiplax attenuata m\u00e2le, P\u00e9rou, Iquitos, Tahuayo Lodge, 15\/08\/2023\" class=\"wp-image-22315 lazyload\" style=\"--smush-placeholder-width: 2498px; --smush-placeholder-aspect-ratio: 2498\/1504;width:auto;height:265px\" data-srcset=\"https:\/\/www.meslibellules.fr\/blog\/wp-content\/uploads\/Erythrodiplax-attenuata-male-4.webp 2498w, https:\/\/www.meslibellules.fr\/blog\/wp-content\/uploads\/Erythrodiplax-attenuata-male-4-768x462.webp 768w, https:\/\/www.meslibellules.fr\/blog\/wp-content\/uploads\/Erythrodiplax-attenuata-male-4-1536x925.webp 1536w, https:\/\/www.meslibellules.fr\/blog\/wp-content\/uploads\/Erythrodiplax-attenuata-male-4-2048x1233.webp 2048w\" data-sizes=\"(max-width: 2498px) 100vw, 2498px\" src=\"data:image\/svg+xml;base64,PHN2ZyB3aWR0aD0iMSIgaGVpZ2h0PSIxIiB4bWxucz0iaHR0cDovL3d3dy53My5vcmcvMjAwMC9zdmciPjwvc3ZnPg==\" \/><\/a><\/figure>\n<\/div>\n<\/div>\n\n\n\n<p>Les deux photos ci-dessus ont \u00e9t\u00e9 prises dans une zone plus ou moins mar\u00e9cageuse du lodge de Tahuayo le 15\/08\/2023 ; un sujet aux ailes color\u00e9es, aux yeux devenus verts est pleinement mature, l&rsquo;autre aux yeux bleus, aux ailes qui resteront hyalines est encore jeune.<br>Il mesure 30 \u00e0 35 mm.<\/p>\n\n\n\n<div class=\"wp-block-columns is-layout-flex wp-container-core-columns-is-layout-28f84493 wp-block-columns-is-layout-flex\">\n<div class=\"wp-block-column is-layout-flow wp-block-column-is-layout-flow\">\n<figure class=\"wp-block-image size-full is-resized\"><a href=\"https:\/\/www.meslibellules.fr\/blog\/wp-content\/uploads\/Erythrodiplax-attenuata-male-5.webp\"><img decoding=\"async\" width=\"1681\" height=\"1504\" data-src=\"https:\/\/www.meslibellules.fr\/blog\/wp-content\/uploads\/Erythrodiplax-attenuata-male-5.webp\" alt=\"Erythrodiplax attenuata m\u00e2le, P\u00e9rou, Iquitos, lac pr\u00e8s de l'Amazon Research Center, 15\/08\/2023\" class=\"wp-image-22316 lazyload\" style=\"--smush-placeholder-width: 1681px; --smush-placeholder-aspect-ratio: 1681\/1504;width:423px\" data-srcset=\"https:\/\/www.meslibellules.fr\/blog\/wp-content\/uploads\/Erythrodiplax-attenuata-male-5.webp 1681w, https:\/\/www.meslibellules.fr\/blog\/wp-content\/uploads\/Erythrodiplax-attenuata-male-5-768x687.webp 768w, https:\/\/www.meslibellules.fr\/blog\/wp-content\/uploads\/Erythrodiplax-attenuata-male-5-1536x1374.webp 1536w\" data-sizes=\"(max-width: 1681px) 100vw, 1681px\" src=\"data:image\/svg+xml;base64,PHN2ZyB3aWR0aD0iMSIgaGVpZ2h0PSIxIiB4bWxucz0iaHR0cDovL3d3dy53My5vcmcvMjAwMC9zdmciPjwvc3ZnPg==\" \/><\/a><figcaption class=\"wp-element-caption\">Erythrodiplax attenuata m\u00e2le, P\u00e9rou, Iquitos, lac pr\u00e8s de l&rsquo;Amazon Research Center, 15\/08\/2023<\/figcaption><\/figure>\n<\/div>\n\n\n\n<div class=\"wp-block-column is-layout-flow wp-block-column-is-layout-flow\">\n<figure class=\"wp-block-image size-full\"><a href=\"https:\/\/www.meslibellules.fr\/blog\/wp-content\/uploads\/Erythrodiplax-attenuata-male-6.webp\"><img decoding=\"async\" width=\"1759\" height=\"1504\" data-src=\"https:\/\/www.meslibellules.fr\/blog\/wp-content\/uploads\/Erythrodiplax-attenuata-male-6.webp\" alt=\"Erythrodiplax attenuata m\u00e2le, P\u00e9rou, Iquitos, lac pr\u00e8s de l'Amazon Research Center, 15\/08\/2023\" class=\"wp-image-22317 lazyload\" data-srcset=\"https:\/\/www.meslibellules.fr\/blog\/wp-content\/uploads\/Erythrodiplax-attenuata-male-6.webp 1759w, https:\/\/www.meslibellules.fr\/blog\/wp-content\/uploads\/Erythrodiplax-attenuata-male-6-768x657.webp 768w, https:\/\/www.meslibellules.fr\/blog\/wp-content\/uploads\/Erythrodiplax-attenuata-male-6-1536x1313.webp 1536w\" data-sizes=\"(max-width: 1759px) 100vw, 1759px\" src=\"data:image\/svg+xml;base64,PHN2ZyB3aWR0aD0iMSIgaGVpZ2h0PSIxIiB4bWxucz0iaHR0cDovL3d3dy53My5vcmcvMjAwMC9zdmciPjwvc3ZnPg==\" style=\"--smush-placeholder-width: 1759px; --smush-placeholder-aspect-ratio: 1759\/1504;\" \/><\/a><figcaption class=\"wp-element-caption\">Erythrodiplax attenuata m\u00e2le, P\u00e9rou, Iquitos, lac pr\u00e8s de l&rsquo;Amazon Research Center, 15\/08\/2023<\/figcaption><\/figure>\n<\/div>\n<\/div>\n\n\n\n<p>Ils habitent les zones mar\u00e9cageuses, les \u00e9tangs et lacs, c&rsquo;est une esp\u00e8ce commune dans cette aire.<br>La distribution de l&rsquo;esp\u00e8ce est \u00e9tonnante ; s&rsquo;il est bien pr\u00e9sent au P\u00e9rou, en Colombie et en \u00c9quateur, malgr\u00e9 d&rsquo;immenses lacunes, il est aussi signal\u00e9 tout au nord du Br\u00e9sil, puis au sud de Rio de Janeiro&#8230;<br><a href=\"https:\/\/www.iucnredlist.org\/species\/49254259\/49255837#geographic-range\">IUCN Red List<\/a><\/p>\n\n\n\n<div class=\"wp-block-columns is-layout-flex wp-container-core-columns-is-layout-28f84493 wp-block-columns-is-layout-flex\">\n<div class=\"wp-block-column is-layout-flow wp-block-column-is-layout-flow\">\n<figure class=\"wp-block-image size-full is-resized\"><a href=\"https:\/\/www.meslibellules.fr\/blog\/wp-content\/uploads\/Erythrodiplax-attenuata-femelle-1.webp\"><img decoding=\"async\" width=\"1635\" height=\"1504\" data-src=\"https:\/\/www.meslibellules.fr\/blog\/wp-content\/uploads\/Erythrodiplax-attenuata-femelle-1.webp\" alt=\"Erythrodiplax attenuata femelle, P\u00e9rou, Iquitos, Tahuayo Lodge, 15\/08\/2023\" class=\"wp-image-22309 lazyload\" style=\"--smush-placeholder-width: 1635px; --smush-placeholder-aspect-ratio: 1635\/1504;width:auto;height:360px\" data-srcset=\"https:\/\/www.meslibellules.fr\/blog\/wp-content\/uploads\/Erythrodiplax-attenuata-femelle-1.webp 1635w, https:\/\/www.meslibellules.fr\/blog\/wp-content\/uploads\/Erythrodiplax-attenuata-femelle-1-768x706.webp 768w, https:\/\/www.meslibellules.fr\/blog\/wp-content\/uploads\/Erythrodiplax-attenuata-femelle-1-1536x1413.webp 1536w\" data-sizes=\"(max-width: 1635px) 100vw, 1635px\" src=\"data:image\/svg+xml;base64,PHN2ZyB3aWR0aD0iMSIgaGVpZ2h0PSIxIiB4bWxucz0iaHR0cDovL3d3dy53My5vcmcvMjAwMC9zdmciPjwvc3ZnPg==\" \/><\/a><figcaption class=\"wp-element-caption\">Erythrodiplax attenuata femelle, P\u00e9rou, Iquitos, Tahuayo Lodge, 15\/08\/2023<\/figcaption><\/figure>\n<\/div>\n\n\n\n<div class=\"wp-block-column is-layout-flow wp-block-column-is-layout-flow\">\n<figure class=\"wp-block-image size-full is-resized\"><a href=\"https:\/\/www.meslibellules.fr\/blog\/wp-content\/uploads\/Erythrodiplax-attenuata-femelle-2.webp\"><img decoding=\"async\" width=\"1775\" height=\"1504\" data-src=\"https:\/\/www.meslibellules.fr\/blog\/wp-content\/uploads\/Erythrodiplax-attenuata-femelle-2.webp\" alt=\"Erythrodiplax attenuata femelle, P\u00e9rou, Tabano Lake (Iquitos), 21\/08\/2024\" class=\"wp-image-22310 lazyload\" style=\"--smush-placeholder-width: 1775px; --smush-placeholder-aspect-ratio: 1775\/1504;width:auto;height:360px\" data-srcset=\"https:\/\/www.meslibellules.fr\/blog\/wp-content\/uploads\/Erythrodiplax-attenuata-femelle-2.webp 1775w, https:\/\/www.meslibellules.fr\/blog\/wp-content\/uploads\/Erythrodiplax-attenuata-femelle-2-768x651.webp 768w, https:\/\/www.meslibellules.fr\/blog\/wp-content\/uploads\/Erythrodiplax-attenuata-femelle-2-1536x1301.webp 1536w\" data-sizes=\"(max-width: 1775px) 100vw, 1775px\" src=\"data:image\/svg+xml;base64,PHN2ZyB3aWR0aD0iMSIgaGVpZ2h0PSIxIiB4bWxucz0iaHR0cDovL3d3dy53My5vcmcvMjAwMC9zdmciPjwvc3ZnPg==\" \/><\/a><figcaption class=\"wp-element-caption\">Erythrodiplax attenuata femelle, P\u00e9rou, Tabano Lake (Iquitos), 21\/08\/2024<\/figcaption><\/figure>\n<\/div>\n<\/div>\n\n\n\n<p>Les femelles sont la copie conforme des m\u00e2les immatures (et vice et versa) pour les motifs abdominaux, ce qui facilite l&rsquo;identification, car entre une femelle aux ailes hyalines et un m\u00e2le bien mature aux ailes noires, la parent\u00e9 ne serait pas facile \u00e0 \u00e9tablir sur le terrain.<\/p>\n\n\n\n<figure class=\"wp-block-image aligncenter size-full is-resized\"><a href=\"https:\/\/www.meslibellules.fr\/blog\/wp-content\/uploads\/Erythrodiplax-attenuata-femelle-3.webp\"><img decoding=\"async\" width=\"1696\" height=\"1504\" data-src=\"https:\/\/www.meslibellules.fr\/blog\/wp-content\/uploads\/Erythrodiplax-attenuata-femelle-3.webp\" alt=\"Erythrodiplax attenuata femelle, P\u00e9rou, Tabano Lake (Iquitos), 21\/08\/2024\" class=\"wp-image-22311 lazyload\" style=\"--smush-placeholder-width: 1696px; --smush-placeholder-aspect-ratio: 1696\/1504;width:466px;height:auto\" data-srcset=\"https:\/\/www.meslibellules.fr\/blog\/wp-content\/uploads\/Erythrodiplax-attenuata-femelle-3.webp 1696w, https:\/\/www.meslibellules.fr\/blog\/wp-content\/uploads\/Erythrodiplax-attenuata-femelle-3-768x681.webp 768w, https:\/\/www.meslibellules.fr\/blog\/wp-content\/uploads\/Erythrodiplax-attenuata-femelle-3-1536x1362.webp 1536w\" data-sizes=\"(max-width: 1696px) 100vw, 1696px\" src=\"data:image\/svg+xml;base64,PHN2ZyB3aWR0aD0iMSIgaGVpZ2h0PSIxIiB4bWxucz0iaHR0cDovL3d3dy53My5vcmcvMjAwMC9zdmciPjwvc3ZnPg==\" \/><\/a><figcaption class=\"wp-element-caption\">Erythrodiplax attenuata femelle, P\u00e9rou, Tabano Lake (Iquitos), 21\/08\/2024<\/figcaption><\/figure>\n\n\n\n<p><strong><span style=\"text-decoration: underline;\">\u00c9tymologie<\/span><\/strong><br \/><strong>Erythrodiplax<\/strong> (2) (Brauer, 1868) du grec\u00a0<em>erythro<\/em>, signifiant\u00a0<em>rouge<\/em>\u00a0et de\u00a0<em>diplax<\/em>. Diplax (1840) est un nom de genre donn\u00e9 par Charpentier, form\u00e9 par un pr\u00e9fixe signifiant\u00a0<em>deux<\/em>\u00a0ou\u00a0<em>double\u00a0<\/em>\u2013 et\u00a0<em>plax<\/em>\u00a0qualifiant quelque chose de plat, en accord avec la forme de la partie post\u00e9rieure du pronotum pr\u00e9sentant 2 structures semi-circulaires.<br \/>Charpentier ignorait que Newman avait d\u00e9j\u00e0 d\u00e9crit ce genre sous le nom de Sympetrum (1833), et longtemps le genre Diplax est rest\u00e9 en usage ; aussi quand on a commenc\u00e9 \u00e0 scinder ce genre, on a conserv\u00e9 le terme\u00a0<em>diplax<\/em>\u00a0dans des noms compos\u00e9s.<br \/>Pourquoi avoir qualifi\u00e9 ce\u00a0<em>Diplax<\/em>\u00a0de\u00a0<em>rouge<\/em>\u00a0? L\u2019explication est pour moi assez confuse ; disons que Kirby a retenu\u00a0<em>Erythrodiplax corallina<\/em>, presque totalement rouge, comme l\u2019esp\u00e8ce type du genre Erythrodiplax.<br \/><strong>Attenuata<\/strong>, du latin <em>attenuatus<\/em> qui signifie<em> att\u00e9nu\u00e9, amoindri, affin\u00e9<\/em>, se rapporte sans doute \u00e0 la forme de l&rsquo;abdomen. Kirby \u00e9crit : \u00ab\u00a0Abdomen black, slender, gradually thickened at base and tip &#8211; L&rsquo;abdomen noir, mince, progressivement \u00e9paissi \u00e0 la base et \u00e0 la pointe\u00a0\u00bb.<\/p>\n\n\n\n<figure class=\"wp-block-image aligncenter size-full\"><img decoding=\"async\" width=\"405\" height=\"334\" data-src=\"https:\/\/www.meslibellules.fr\/blog\/wp-content\/uploads\/Trithemis-attenuata-Kirby.webp\" alt=\"Trithemis attenuata, Kirby, 1889\" class=\"wp-image-22346 lazyload\" src=\"data:image\/svg+xml;base64,PHN2ZyB3aWR0aD0iMSIgaGVpZ2h0PSIxIiB4bWxucz0iaHR0cDovL3d3dy53My5vcmcvMjAwMC9zdmciPjwvc3ZnPg==\" style=\"--smush-placeholder-width: 405px; --smush-placeholder-aspect-ratio: 405\/334;\" \/><figcaption class=\"wp-element-caption\"><em>Trithemis<\/em> <em>(?) attenuata<\/em>, Kirby, 1889 (1)<\/figcaption><\/figure>\n\n\n\n<p>1- Kirby, 1889 &#8211; <a href=\"https:\/\/www.biodiversitylibrary.org\/page\/32227964#page\/444\/mode\/1up\">A revision of the subfamily Libellulinae, with descriptions of new genera and species<\/a>, p. 328.<br>2- The Scientific Names of North American Dragonflies, Heinrich Fliedner &amp; Ian Endersby, Busybird Publishing, 2019.<\/p>\n\n\n\n<div style=\"height:30px\" aria-hidden=\"true\" class=\"wp-block-spacer\"><\/div>\n\n\n\n<div class=\"wp-block-buttons is-layout-flex wp-block-buttons-is-layout-flex\">\n<div class=\"wp-block-button\"><a class=\"wp-block-button__link wp-element-button\" href=\"https:\/\/www.meslibellules.fr\/blog\/odonates-du-perou-peruvian-odonates\/\">Accueil P\u00e9rou<\/a><\/div>\n<\/div>\n","protected":false},"excerpt":{"rendered":"<p>J&rsquo;avais d\u00e9j\u00e0 rencontr\u00e9 Erythrodiplax attenuata en Colombie voisine, et j&rsquo;y avais fait d&rsquo;assez m\u00e9diocres photos ; c&rsquo;est sans doute par souci de ne pas les d\u00e9valoriser que celles-ci ne sont pas beaucoup meilleures et m&rsquo;ont beaucoup d\u00e9\u00e7u.C&rsquo;est pourtant un odonate tr\u00e8s int\u00e9ressant, car il pr\u00e9sente deux formes (morphes) pour les m\u00e2les : l&rsquo;une comme ci-dessus [&hellip;]<\/p>\n","protected":false},"author":1,"featured_media":0,"comment_status":"open","ping_status":"open","sticky":false,"template":"","format":"image","meta":{"site-sidebar-layout":"default","site-content-layout":"","ast-site-content-layout":"default","site-content-style":"default","site-sidebar-style":"default","ast-global-header-display":"","ast-banner-title-visibility":"","ast-main-header-display":"","ast-hfb-above-header-display":"","ast-hfb-below-header-display":"","ast-hfb-mobile-header-display":"","site-post-title":"","ast-breadcrumbs-content":"","ast-featured-img":"","footer-sml-layout":"","ast-disable-related-posts":"","theme-transparent-header-meta":"","adv-header-id-meta":"","stick-header-meta":"","header-above-stick-meta":"","header-main-stick-meta":"","header-below-stick-meta":"","astra-migrate-meta-layouts":"set","ast-page-background-enabled":"default","ast-page-background-meta":{"desktop":{"background-color":"var(--ast-global-color-4)","background-image":"","background-repeat":"repeat","background-position":"center center","background-size":"auto","background-attachment":"scroll","background-type":"","background-media":"","overlay-type":"","overlay-color":"","overlay-opacity":"","overlay-gradient":""},"tablet":{"background-color":"","background-image":"","background-repeat":"repeat","background-position":"center center","background-size":"auto","background-attachment":"scroll","background-type":"","background-media":"","overlay-type":"","overlay-color":"","overlay-opacity":"","overlay-gradient":""},"mobile":{"background-color":"","background-image":"","background-repeat":"repeat","background-position":"center center","background-size":"auto","background-attachment":"scroll","background-type":"","background-media":"","overlay-type":"","overlay-color":"","overlay-opacity":"","overlay-gradient":""}},"ast-content-background-meta":{"desktop":{"background-color":"var(--ast-global-color-5)","background-image":"","background-repeat":"repeat","background-position":"center center","background-size":"auto","background-attachment":"scroll","background-type":"","background-media":"","overlay-type":"","overlay-color":"","overlay-opacity":"","overlay-gradient":""},"tablet":{"background-color":"var(--ast-global-color-5)","background-image":"","background-repeat":"repeat","background-position":"center center","background-size":"auto","background-attachment":"scroll","background-type":"","background-media":"","overlay-type":"","overlay-color":"","overlay-opacity":"","overlay-gradient":""},"mobile":{"background-color":"var(--ast-global-color-5)","background-image":"","background-repeat":"repeat","background-position":"center center","background-size":"auto","background-attachment":"scroll","background-type":"","background-media":"","overlay-type":"","overlay-color":"","overlay-opacity":"","overlay-gradient":""}},"footnotes":""},"categories":[1304,1303],"tags":[1306,1305],"class_list":["post-22318","post","type-post","status-publish","format-image","hentry","category-libellulidae-perou-2","category-perou","tag-libellulidae-perou","tag-perou","post_format-post-format-image"],"yoast_head":"<!-- This site is optimized with the Yoast SEO plugin v27.5 - https:\/\/yoast.com\/product\/yoast-seo-wordpress\/ -->\n<title>Erythrodiplax attenuata - Mes Libellules<\/title>\n<meta name=\"description\" content=\"Erythrodiplax attenuata m\u00e2les et femelles au P\u00e9rou, description, identification, taille, habitat, distribution g\u00e9ographique, \u00e9tymologie\" \/>\n<meta name=\"robots\" content=\"index, follow, max-snippet:-1, max-image-preview:large, max-video-preview:-1\" \/>\n<link rel=\"canonical\" href=\"https:\/\/www.meslibellules.fr\/blog\/2024\/11\/04\/erythrodiplax-attenuata\/\" \/>\n<meta property=\"og:locale\" content=\"fr_FR\" \/>\n<meta property=\"og:type\" content=\"article\" \/>\n<meta property=\"og:title\" content=\"Erythrodiplax attenuata - Mes Libellules\" \/>\n<meta property=\"og:description\" content=\"Erythrodiplax attenuata m\u00e2les et femelles au P\u00e9rou, description, identification, taille, habitat, distribution g\u00e9ographique, \u00e9tymologie\" \/>\n<meta property=\"og:url\" content=\"https:\/\/www.meslibellules.fr\/blog\/2024\/11\/04\/erythrodiplax-attenuata\/\" \/>\n<meta property=\"og:site_name\" content=\"Mes Libellules\" \/>\n<meta property=\"article:publisher\" content=\"https:\/\/www.facebook.com\/benoit.guillon.96\/\" \/>\n<meta property=\"article:author\" content=\"https:\/\/www.facebook.com\/benoit.guillon.96\/\" \/>\n<meta property=\"article:published_time\" content=\"2024-11-04T08:11:48+00:00\" \/>\n<meta property=\"article:modified_time\" content=\"2024-11-04T08:11:50+00:00\" \/>\n<meta property=\"og:image\" content=\"https:\/\/www.meslibellules.fr\/blog\/wp-content\/uploads\/Erythrodiplax-attenuata-male-1.webp\" \/>\n\t<meta property=\"og:image:width\" content=\"1575\" \/>\n\t<meta property=\"og:image:height\" content=\"1204\" \/>\n\t<meta property=\"og:image:type\" content=\"image\/webp\" \/>\n<meta name=\"author\" content=\"Beno\u00eet Guillon\" \/>\n<meta name=\"twitter:card\" content=\"summary_large_image\" \/>\n<meta name=\"twitter:label1\" content=\"\u00c9crit par\" \/>\n\t<meta name=\"twitter:data1\" content=\"Beno\u00eet Guillon\" \/>\n\t<meta name=\"twitter:label2\" content=\"Dur\u00e9e de lecture estim\u00e9e\" \/>\n\t<meta name=\"twitter:data2\" content=\"5 minutes\" \/>\n<script type=\"application\/ld+json\" class=\"yoast-schema-graph\">{\"@context\":\"https:\\\/\\\/schema.org\",\"@graph\":[{\"@type\":\"Article\",\"@id\":\"https:\\\/\\\/www.meslibellules.fr\\\/blog\\\/2024\\\/11\\\/04\\\/erythrodiplax-attenuata\\\/#article\",\"isPartOf\":{\"@id\":\"https:\\\/\\\/www.meslibellules.fr\\\/blog\\\/2024\\\/11\\\/04\\\/erythrodiplax-attenuata\\\/\"},\"author\":{\"name\":\"Beno\u00eet Guillon\",\"@id\":\"https:\\\/\\\/www.meslibellules.fr\\\/blog\\\/#\\\/schema\\\/person\\\/9aa3586f9dd053fcf329f43b8b053c77\"},\"headline\":\"P\u00e9rou &#8211; Erythrodiplax attenuata (Kirby, 1889)\",\"datePublished\":\"2024-11-04T08:11:48+00:00\",\"dateModified\":\"2024-11-04T08:11:50+00:00\",\"mainEntityOfPage\":{\"@id\":\"https:\\\/\\\/www.meslibellules.fr\\\/blog\\\/2024\\\/11\\\/04\\\/erythrodiplax-attenuata\\\/\"},\"wordCount\":590,\"commentCount\":0,\"publisher\":{\"@id\":\"https:\\\/\\\/www.meslibellules.fr\\\/blog\\\/#\\\/schema\\\/person\\\/9aa3586f9dd053fcf329f43b8b053c77\"},\"image\":{\"@id\":\"https:\\\/\\\/www.meslibellules.fr\\\/blog\\\/2024\\\/11\\\/04\\\/erythrodiplax-attenuata\\\/#primaryimage\"},\"thumbnailUrl\":\"https:\\\/\\\/www.meslibellules.fr\\\/blog\\\/wp-content\\\/uploads\\\/Erythrodiplax-attenuata-male-1.webp\",\"keywords\":[\"Libellulidae - P\u00e9rou\",\"P\u00e9rou\"],\"articleSection\":[\"Libellulidae\",\"P\u00e9rou\"],\"inLanguage\":\"fr-FR\",\"potentialAction\":[{\"@type\":\"CommentAction\",\"name\":\"Comment\",\"target\":[\"https:\\\/\\\/www.meslibellules.fr\\\/blog\\\/2024\\\/11\\\/04\\\/erythrodiplax-attenuata\\\/#respond\"]}]},{\"@type\":\"WebPage\",\"@id\":\"https:\\\/\\\/www.meslibellules.fr\\\/blog\\\/2024\\\/11\\\/04\\\/erythrodiplax-attenuata\\\/\",\"url\":\"https:\\\/\\\/www.meslibellules.fr\\\/blog\\\/2024\\\/11\\\/04\\\/erythrodiplax-attenuata\\\/\",\"name\":\"Erythrodiplax attenuata - Mes Libellules\",\"isPartOf\":{\"@id\":\"https:\\\/\\\/www.meslibellules.fr\\\/blog\\\/#website\"},\"primaryImageOfPage\":{\"@id\":\"https:\\\/\\\/www.meslibellules.fr\\\/blog\\\/2024\\\/11\\\/04\\\/erythrodiplax-attenuata\\\/#primaryimage\"},\"image\":{\"@id\":\"https:\\\/\\\/www.meslibellules.fr\\\/blog\\\/2024\\\/11\\\/04\\\/erythrodiplax-attenuata\\\/#primaryimage\"},\"thumbnailUrl\":\"https:\\\/\\\/www.meslibellules.fr\\\/blog\\\/wp-content\\\/uploads\\\/Erythrodiplax-attenuata-male-1.webp\",\"datePublished\":\"2024-11-04T08:11:48+00:00\",\"dateModified\":\"2024-11-04T08:11:50+00:00\",\"description\":\"Erythrodiplax attenuata m\u00e2les et femelles au P\u00e9rou, description, identification, taille, habitat, distribution g\u00e9ographique, \u00e9tymologie\",\"breadcrumb\":{\"@id\":\"https:\\\/\\\/www.meslibellules.fr\\\/blog\\\/2024\\\/11\\\/04\\\/erythrodiplax-attenuata\\\/#breadcrumb\"},\"inLanguage\":\"fr-FR\",\"potentialAction\":[{\"@type\":\"ReadAction\",\"target\":[\"https:\\\/\\\/www.meslibellules.fr\\\/blog\\\/2024\\\/11\\\/04\\\/erythrodiplax-attenuata\\\/\"]}]},{\"@type\":\"ImageObject\",\"inLanguage\":\"fr-FR\",\"@id\":\"https:\\\/\\\/www.meslibellules.fr\\\/blog\\\/2024\\\/11\\\/04\\\/erythrodiplax-attenuata\\\/#primaryimage\",\"url\":\"https:\\\/\\\/www.meslibellules.fr\\\/blog\\\/wp-content\\\/uploads\\\/Erythrodiplax-attenuata-male-1.webp\",\"contentUrl\":\"https:\\\/\\\/www.meslibellules.fr\\\/blog\\\/wp-content\\\/uploads\\\/Erythrodiplax-attenuata-male-1.webp\"},{\"@type\":\"BreadcrumbList\",\"@id\":\"https:\\\/\\\/www.meslibellules.fr\\\/blog\\\/2024\\\/11\\\/04\\\/erythrodiplax-attenuata\\\/#breadcrumb\",\"itemListElement\":[{\"@type\":\"ListItem\",\"position\":1,\"name\":\"Accueil\",\"item\":\"https:\\\/\\\/www.meslibellules.fr\\\/blog\\\/\"},{\"@type\":\"ListItem\",\"position\":2,\"name\":\"P\u00e9rou &#8211; Erythrodiplax attenuata (Kirby, 1889)\"}]},{\"@type\":\"WebSite\",\"@id\":\"https:\\\/\\\/www.meslibellules.fr\\\/blog\\\/#website\",\"url\":\"https:\\\/\\\/www.meslibellules.fr\\\/blog\\\/\",\"name\":\"Mes Libellules\",\"description\":\"Pr\u00e9sentation des libellules rencontr\u00e9es dans le monde\",\"publisher\":{\"@id\":\"https:\\\/\\\/www.meslibellules.fr\\\/blog\\\/#\\\/schema\\\/person\\\/9aa3586f9dd053fcf329f43b8b053c77\"},\"potentialAction\":[{\"@type\":\"SearchAction\",\"target\":{\"@type\":\"EntryPoint\",\"urlTemplate\":\"https:\\\/\\\/www.meslibellules.fr\\\/blog\\\/?s={search_term_string}\"},\"query-input\":{\"@type\":\"PropertyValueSpecification\",\"valueRequired\":true,\"valueName\":\"search_term_string\"}}],\"inLanguage\":\"fr-FR\"},{\"@type\":[\"Person\",\"Organization\"],\"@id\":\"https:\\\/\\\/www.meslibellules.fr\\\/blog\\\/#\\\/schema\\\/person\\\/9aa3586f9dd053fcf329f43b8b053c77\",\"name\":\"Beno\u00eet Guillon\",\"image\":{\"@type\":\"ImageObject\",\"inLanguage\":\"fr-FR\",\"@id\":\"https:\\\/\\\/www.meslibellules.fr\\\/blog\\\/wp-content\\\/uploads\\\/cropped-avatar-150-pix.jpg\",\"url\":\"https:\\\/\\\/www.meslibellules.fr\\\/blog\\\/wp-content\\\/uploads\\\/cropped-avatar-150-pix.jpg\",\"contentUrl\":\"https:\\\/\\\/www.meslibellules.fr\\\/blog\\\/wp-content\\\/uploads\\\/cropped-avatar-150-pix.jpg\",\"width\":150,\"height\":137,\"caption\":\"Beno\u00eet Guillon\"},\"logo\":{\"@id\":\"https:\\\/\\\/www.meslibellules.fr\\\/blog\\\/wp-content\\\/uploads\\\/cropped-avatar-150-pix.jpg\"},\"sameAs\":[\"https:\\\/\\\/www.facebook.com\\\/benoit.guillon.96\\\/\"]}]}<\/script>\n<!-- \/ Yoast SEO plugin. -->","yoast_head_json":{"title":"Erythrodiplax attenuata - Mes Libellules","description":"Erythrodiplax attenuata m\u00e2les et femelles au P\u00e9rou, description, identification, taille, habitat, distribution g\u00e9ographique, \u00e9tymologie","robots":{"index":"index","follow":"follow","max-snippet":"max-snippet:-1","max-image-preview":"max-image-preview:large","max-video-preview":"max-video-preview:-1"},"canonical":"https:\/\/www.meslibellules.fr\/blog\/2024\/11\/04\/erythrodiplax-attenuata\/","og_locale":"fr_FR","og_type":"article","og_title":"Erythrodiplax attenuata - Mes Libellules","og_description":"Erythrodiplax attenuata m\u00e2les et femelles au P\u00e9rou, description, identification, taille, habitat, distribution g\u00e9ographique, \u00e9tymologie","og_url":"https:\/\/www.meslibellules.fr\/blog\/2024\/11\/04\/erythrodiplax-attenuata\/","og_site_name":"Mes Libellules","article_publisher":"https:\/\/www.facebook.com\/benoit.guillon.96\/","article_author":"https:\/\/www.facebook.com\/benoit.guillon.96\/","article_published_time":"2024-11-04T08:11:48+00:00","article_modified_time":"2024-11-04T08:11:50+00:00","og_image":[{"width":1575,"height":1204,"url":"https:\/\/www.meslibellules.fr\/blog\/wp-content\/uploads\/Erythrodiplax-attenuata-male-1.webp","type":"image\/webp"}],"author":"Beno\u00eet Guillon","twitter_card":"summary_large_image","twitter_misc":{"\u00c9crit par":"Beno\u00eet Guillon","Dur\u00e9e de lecture estim\u00e9e":"5 minutes"},"schema":{"@context":"https:\/\/schema.org","@graph":[{"@type":"Article","@id":"https:\/\/www.meslibellules.fr\/blog\/2024\/11\/04\/erythrodiplax-attenuata\/#article","isPartOf":{"@id":"https:\/\/www.meslibellules.fr\/blog\/2024\/11\/04\/erythrodiplax-attenuata\/"},"author":{"name":"Beno\u00eet Guillon","@id":"https:\/\/www.meslibellules.fr\/blog\/#\/schema\/person\/9aa3586f9dd053fcf329f43b8b053c77"},"headline":"P\u00e9rou &#8211; Erythrodiplax attenuata (Kirby, 1889)","datePublished":"2024-11-04T08:11:48+00:00","dateModified":"2024-11-04T08:11:50+00:00","mainEntityOfPage":{"@id":"https:\/\/www.meslibellules.fr\/blog\/2024\/11\/04\/erythrodiplax-attenuata\/"},"wordCount":590,"commentCount":0,"publisher":{"@id":"https:\/\/www.meslibellules.fr\/blog\/#\/schema\/person\/9aa3586f9dd053fcf329f43b8b053c77"},"image":{"@id":"https:\/\/www.meslibellules.fr\/blog\/2024\/11\/04\/erythrodiplax-attenuata\/#primaryimage"},"thumbnailUrl":"https:\/\/www.meslibellules.fr\/blog\/wp-content\/uploads\/Erythrodiplax-attenuata-male-1.webp","keywords":["Libellulidae - P\u00e9rou","P\u00e9rou"],"articleSection":["Libellulidae","P\u00e9rou"],"inLanguage":"fr-FR","potentialAction":[{"@type":"CommentAction","name":"Comment","target":["https:\/\/www.meslibellules.fr\/blog\/2024\/11\/04\/erythrodiplax-attenuata\/#respond"]}]},{"@type":"WebPage","@id":"https:\/\/www.meslibellules.fr\/blog\/2024\/11\/04\/erythrodiplax-attenuata\/","url":"https:\/\/www.meslibellules.fr\/blog\/2024\/11\/04\/erythrodiplax-attenuata\/","name":"Erythrodiplax attenuata - Mes Libellules","isPartOf":{"@id":"https:\/\/www.meslibellules.fr\/blog\/#website"},"primaryImageOfPage":{"@id":"https:\/\/www.meslibellules.fr\/blog\/2024\/11\/04\/erythrodiplax-attenuata\/#primaryimage"},"image":{"@id":"https:\/\/www.meslibellules.fr\/blog\/2024\/11\/04\/erythrodiplax-attenuata\/#primaryimage"},"thumbnailUrl":"https:\/\/www.meslibellules.fr\/blog\/wp-content\/uploads\/Erythrodiplax-attenuata-male-1.webp","datePublished":"2024-11-04T08:11:48+00:00","dateModified":"2024-11-04T08:11:50+00:00","description":"Erythrodiplax attenuata m\u00e2les et femelles au P\u00e9rou, description, identification, taille, habitat, distribution g\u00e9ographique, \u00e9tymologie","breadcrumb":{"@id":"https:\/\/www.meslibellules.fr\/blog\/2024\/11\/04\/erythrodiplax-attenuata\/#breadcrumb"},"inLanguage":"fr-FR","potentialAction":[{"@type":"ReadAction","target":["https:\/\/www.meslibellules.fr\/blog\/2024\/11\/04\/erythrodiplax-attenuata\/"]}]},{"@type":"ImageObject","inLanguage":"fr-FR","@id":"https:\/\/www.meslibellules.fr\/blog\/2024\/11\/04\/erythrodiplax-attenuata\/#primaryimage","url":"https:\/\/www.meslibellules.fr\/blog\/wp-content\/uploads\/Erythrodiplax-attenuata-male-1.webp","contentUrl":"https:\/\/www.meslibellules.fr\/blog\/wp-content\/uploads\/Erythrodiplax-attenuata-male-1.webp"},{"@type":"BreadcrumbList","@id":"https:\/\/www.meslibellules.fr\/blog\/2024\/11\/04\/erythrodiplax-attenuata\/#breadcrumb","itemListElement":[{"@type":"ListItem","position":1,"name":"Accueil","item":"https:\/\/www.meslibellules.fr\/blog\/"},{"@type":"ListItem","position":2,"name":"P\u00e9rou &#8211; Erythrodiplax attenuata (Kirby, 1889)"}]},{"@type":"WebSite","@id":"https:\/\/www.meslibellules.fr\/blog\/#website","url":"https:\/\/www.meslibellules.fr\/blog\/","name":"Mes Libellules","description":"Pr\u00e9sentation des libellules rencontr\u00e9es dans le monde","publisher":{"@id":"https:\/\/www.meslibellules.fr\/blog\/#\/schema\/person\/9aa3586f9dd053fcf329f43b8b053c77"},"potentialAction":[{"@type":"SearchAction","target":{"@type":"EntryPoint","urlTemplate":"https:\/\/www.meslibellules.fr\/blog\/?s={search_term_string}"},"query-input":{"@type":"PropertyValueSpecification","valueRequired":true,"valueName":"search_term_string"}}],"inLanguage":"fr-FR"},{"@type":["Person","Organization"],"@id":"https:\/\/www.meslibellules.fr\/blog\/#\/schema\/person\/9aa3586f9dd053fcf329f43b8b053c77","name":"Beno\u00eet Guillon","image":{"@type":"ImageObject","inLanguage":"fr-FR","@id":"https:\/\/www.meslibellules.fr\/blog\/wp-content\/uploads\/cropped-avatar-150-pix.jpg","url":"https:\/\/www.meslibellules.fr\/blog\/wp-content\/uploads\/cropped-avatar-150-pix.jpg","contentUrl":"https:\/\/www.meslibellules.fr\/blog\/wp-content\/uploads\/cropped-avatar-150-pix.jpg","width":150,"height":137,"caption":"Beno\u00eet Guillon"},"logo":{"@id":"https:\/\/www.meslibellules.fr\/blog\/wp-content\/uploads\/cropped-avatar-150-pix.jpg"},"sameAs":["https:\/\/www.facebook.com\/benoit.guillon.96\/"]}]}},"_links":{"self":[{"href":"https:\/\/www.meslibellules.fr\/blog\/wp-json\/wp\/v2\/posts\/22318","targetHints":{"allow":["GET"]}}],"collection":[{"href":"https:\/\/www.meslibellules.fr\/blog\/wp-json\/wp\/v2\/posts"}],"about":[{"href":"https:\/\/www.meslibellules.fr\/blog\/wp-json\/wp\/v2\/types\/post"}],"author":[{"embeddable":true,"href":"https:\/\/www.meslibellules.fr\/blog\/wp-json\/wp\/v2\/users\/1"}],"replies":[{"embeddable":true,"href":"https:\/\/www.meslibellules.fr\/blog\/wp-json\/wp\/v2\/comments?post=22318"}],"version-history":[{"count":0,"href":"https:\/\/www.meslibellules.fr\/blog\/wp-json\/wp\/v2\/posts\/22318\/revisions"}],"wp:attachment":[{"href":"https:\/\/www.meslibellules.fr\/blog\/wp-json\/wp\/v2\/media?parent=22318"}],"wp:term":[{"taxonomy":"category","embeddable":true,"href":"https:\/\/www.meslibellules.fr\/blog\/wp-json\/wp\/v2\/categories?post=22318"},{"taxonomy":"post_tag","embeddable":true,"href":"https:\/\/www.meslibellules.fr\/blog\/wp-json\/wp\/v2\/tags?post=22318"}],"curies":[{"name":"wp","href":"https:\/\/api.w.org\/{rel}","templated":true}]}}