{"id":22667,"date":"2024-11-17T22:25:50","date_gmt":"2024-11-17T21:25:50","guid":{"rendered":"https:\/\/www.meslibellules.fr\/blog\/?p=22667"},"modified":"2024-11-18T04:42:49","modified_gmt":"2024-11-18T03:42:49","slug":"erythrodiplax-justiniana","status":"publish","type":"post","link":"https:\/\/www.meslibellules.fr\/blog\/2024\/11\/17\/erythrodiplax-justiniana\/","title":{"rendered":"Cuba &#8211; Erythrodiplax justiniana (Selys in Sagra, 1857)"},"content":{"rendered":"\n<figure class=\"wp-block-image aligncenter size-full is-resized\"><a href=\"https:\/\/www.meslibellules.fr\/blog\/wp-content\/uploads\/Erythrodiplax-justiniana-male-1.webp\"><img decoding=\"async\" width=\"1625\" height=\"1204\" data-src=\"https:\/\/www.meslibellules.fr\/blog\/wp-content\/uploads\/Erythrodiplax-justiniana-male-1.webp\" alt=\"Erythrodiplax justiniana m\u00e2le, Cuba, Punta Perdiz, 15\/11\/2023\" class=\"wp-image-22660 lazyload\" style=\"--smush-placeholder-width: 1625px; --smush-placeholder-aspect-ratio: 1625\/1204;width:513px;height:auto\" data-srcset=\"https:\/\/www.meslibellules.fr\/blog\/wp-content\/uploads\/Erythrodiplax-justiniana-male-1.webp 1625w, https:\/\/www.meslibellules.fr\/blog\/wp-content\/uploads\/Erythrodiplax-justiniana-male-1-768x569.webp 768w, https:\/\/www.meslibellules.fr\/blog\/wp-content\/uploads\/Erythrodiplax-justiniana-male-1-1536x1138.webp 1536w\" data-sizes=\"(max-width: 1625px) 100vw, 1625px\" src=\"data:image\/svg+xml;base64,PHN2ZyB3aWR0aD0iMSIgaGVpZ2h0PSIxIiB4bWxucz0iaHR0cDovL3d3dy53My5vcmcvMjAwMC9zdmciPjwvc3ZnPg==\" \/><\/a><figcaption class=\"wp-element-caption\">Erythrodiplax justiniana m\u00e2le, Cuba, Punta Perdiz, 15\/11\/2023<\/figcaption><\/figure>\n\n\n\n<p>Erythrodiplax justiniana est un des 5 Erythrodiplax de Cuba, assez peu fr\u00e9quent sans doute, mais tout de m\u00eame plus commun que le tr\u00e8s rare et tr\u00e8s \u00e9trange E. bromeliicola dont les larves se d\u00e9veloppent dans l&rsquo;eau stock\u00e9e \u00e0 la base des feuilles des bromeliac\u00e9es.<\/p>\n\n\n\n<figure class=\"wp-block-gallery has-nested-images columns-default is-cropped wp-block-gallery-1 is-layout-flex wp-block-gallery-is-layout-flex\">\n<figure class=\"wp-block-image size-large\"><a href=\"https:\/\/www.meslibellules.fr\/blog\/wp-content\/uploads\/Erythrodiplax-justiniana-male-4.webp\"><img decoding=\"async\" width=\"1514\" height=\"1204\" data-id=\"22663\" data-src=\"https:\/\/www.meslibellules.fr\/blog\/wp-content\/uploads\/Erythrodiplax-justiniana-male-4.webp\" alt=\"Erythrodiplax justiniana m\u00e2le, Cuba, Punta Perdiz, 15\/11\/2023\" class=\"wp-image-22663 lazyload\" data-srcset=\"https:\/\/www.meslibellules.fr\/blog\/wp-content\/uploads\/Erythrodiplax-justiniana-male-4.webp 1514w, https:\/\/www.meslibellules.fr\/blog\/wp-content\/uploads\/Erythrodiplax-justiniana-male-4-768x611.webp 768w\" data-sizes=\"(max-width: 1514px) 100vw, 1514px\" src=\"data:image\/svg+xml;base64,PHN2ZyB3aWR0aD0iMSIgaGVpZ2h0PSIxIiB4bWxucz0iaHR0cDovL3d3dy53My5vcmcvMjAwMC9zdmciPjwvc3ZnPg==\" style=\"--smush-placeholder-width: 1514px; --smush-placeholder-aspect-ratio: 1514\/1204;\" \/><\/a><\/figure>\n\n\n\n<figure class=\"wp-block-image size-full\"><a href=\"https:\/\/www.meslibellules.fr\/blog\/wp-content\/uploads\/Erythrodiplax-justiniana-male-3.webp\"><img decoding=\"async\" width=\"1502\" height=\"1204\" data-id=\"22662\" data-src=\"https:\/\/www.meslibellules.fr\/blog\/wp-content\/uploads\/Erythrodiplax-justiniana-male-3.webp\" alt=\"Erythrodiplax justiniana m\u00e2le, Cuba, Punta Perdiz, 15\/11\/2023\" class=\"wp-image-22662 lazyload\" data-srcset=\"https:\/\/www.meslibellules.fr\/blog\/wp-content\/uploads\/Erythrodiplax-justiniana-male-3.webp 1502w, https:\/\/www.meslibellules.fr\/blog\/wp-content\/uploads\/Erythrodiplax-justiniana-male-3-768x616.webp 768w\" data-sizes=\"(max-width: 1502px) 100vw, 1502px\" src=\"data:image\/svg+xml;base64,PHN2ZyB3aWR0aD0iMSIgaGVpZ2h0PSIxIiB4bWxucz0iaHR0cDovL3d3dy53My5vcmcvMjAwMC9zdmciPjwvc3ZnPg==\" style=\"--smush-placeholder-width: 1502px; --smush-placeholder-aspect-ratio: 1502\/1204;\" \/><\/a><\/figure>\n<figcaption class=\"blocks-gallery-caption wp-element-caption\">Erythrodiplax justiniana m\u00e2le, Cuba, Punta Perdiz, 15\/11\/2023<\/figcaption><\/figure>\n\n\n\n<p>Il est facile \u00e0 identifier et il est difficile de le confondre avec un autre Erythrodiplax \u00e0 Cuba ; le seul autre \u00e0 arborer une large tache alaire basale est <a href=\"https:\/\/www.meslibellules.fr\/voyages\/costa-rica\/erythrodiplax-fervida\/erythrodiplax-fervida-male-1\/erythrodiplax-fervida-male-1big.jpg\">E. fervida<\/a>, et son abdomen est rouge. Il est bien plus proche de <a href=\"https:\/\/www.meslibellules.fr\/blog\/wp-content\/uploads\/Erythrodiplax-unimaculata-male-3.webp\">E. unimaculata<\/a> mais celui-ci n&rsquo;est pas pr\u00e9sent sur l&rsquo;\u00eele.<br>Selys (1)  nous dit que Libellula justiniana qu&rsquo;il appelle aussi la Libellule justinienne mesure 24.5 \u00e0 28 mm.<\/p>\n\n\n\n<div class=\"wp-block-columns is-layout-flex wp-container-core-columns-is-layout-28f84493 wp-block-columns-is-layout-flex\">\n<div class=\"wp-block-column is-layout-flow wp-block-column-is-layout-flow\">\n<figure class=\"wp-block-image size-full is-resized\"><a href=\"https:\/\/www.meslibellules.fr\/blog\/wp-content\/uploads\/Erythrodiplax-justiniana-male-7.webp\"><img decoding=\"async\" width=\"1815\" height=\"1504\" data-src=\"https:\/\/www.meslibellules.fr\/blog\/wp-content\/uploads\/Erythrodiplax-justiniana-male-7.webp\" alt=\"Erythrodiplax justiniana m\u00e2le, Cuba, Punta Perdiz, 15\/11\/2023\" class=\"wp-image-22666 lazyload\" style=\"--smush-placeholder-width: 1815px; --smush-placeholder-aspect-ratio: 1815\/1504;width:auto;height:366px\" data-srcset=\"https:\/\/www.meslibellules.fr\/blog\/wp-content\/uploads\/Erythrodiplax-justiniana-male-7.webp 1815w, https:\/\/www.meslibellules.fr\/blog\/wp-content\/uploads\/Erythrodiplax-justiniana-male-7-768x636.webp 768w, https:\/\/www.meslibellules.fr\/blog\/wp-content\/uploads\/Erythrodiplax-justiniana-male-7-1536x1273.webp 1536w\" data-sizes=\"(max-width: 1815px) 100vw, 1815px\" src=\"data:image\/svg+xml;base64,PHN2ZyB3aWR0aD0iMSIgaGVpZ2h0PSIxIiB4bWxucz0iaHR0cDovL3d3dy53My5vcmcvMjAwMC9zdmciPjwvc3ZnPg==\" \/><\/a><\/figure>\n<\/div>\n\n\n\n<div class=\"wp-block-column is-layout-flow wp-block-column-is-layout-flow\">\n<figure class=\"wp-block-image size-full is-resized\"><a href=\"https:\/\/www.meslibellules.fr\/blog\/wp-content\/uploads\/Erythrodiplax-justiniana-male-2.webp\"><img decoding=\"async\" width=\"1251\" height=\"1204\" data-src=\"https:\/\/www.meslibellules.fr\/blog\/wp-content\/uploads\/Erythrodiplax-justiniana-male-2.webp\" alt=\"Erythrodiplax justiniana m\u00e2le, Cuba, Punta Perdiz, 15\/11\/2023\" class=\"wp-image-22661 lazyload\" style=\"--smush-placeholder-width: 1251px; --smush-placeholder-aspect-ratio: 1251\/1204;width:auto;height:366px\" data-srcset=\"https:\/\/www.meslibellules.fr\/blog\/wp-content\/uploads\/Erythrodiplax-justiniana-male-2.webp 1251w, https:\/\/www.meslibellules.fr\/blog\/wp-content\/uploads\/Erythrodiplax-justiniana-male-2-768x739.webp 768w\" data-sizes=\"(max-width: 1251px) 100vw, 1251px\" src=\"data:image\/svg+xml;base64,PHN2ZyB3aWR0aD0iMSIgaGVpZ2h0PSIxIiB4bWxucz0iaHR0cDovL3d3dy53My5vcmcvMjAwMC9zdmciPjwvc3ZnPg==\" \/><\/a><\/figure>\n<\/div>\n<\/div>\n\n\n\n<div style=\"height:30px\" aria-hidden=\"true\" class=\"wp-block-spacer\"><\/div>\n\n\n\n<p>Toutes ces photos sont faites au m\u00eame endroit et au m\u00eame moment, sur une zone de parking non goudronn\u00e9e, presque un terrain vague au bord d&rsquo;une route passante, \u00e0 environ 150 m de la mer. Ce biotope surprenant aupr\u00e8s duquel, malgr\u00e9 mes recherches, je n&rsquo;ai pas trouv\u00e9 de pi\u00e8ce d&rsquo;eau, s&rsquo;est av\u00e9r\u00e9 le plus riche de mon voyage !<br>J&rsquo;ai cependant d\u00e9couvert \u00e0 mon retour  que cette zone fait partie du Marais de Zapata, la plus grande zone humide des Cara\u00efbes : l&rsquo;endroit pr\u00e9cis o\u00f9 je me trouvais \u00e9tait compl\u00e8tement dess\u00e9ch\u00e9 et toute une zone d&rsquo;herbes hautes et d&rsquo;arbustes malingres avaient brul\u00e9.<\/p>\n\n\n\n<div class=\"wp-block-columns is-layout-flex wp-container-core-columns-is-layout-28f84493 wp-block-columns-is-layout-flex\">\n<div class=\"wp-block-column is-layout-flow wp-block-column-is-layout-flow\">\n<figure class=\"wp-block-image size-full is-resized\"><a href=\"https:\/\/www.meslibellules.fr\/blog\/wp-content\/uploads\/Erythrodiplax-justiniana-male-5.webp\"><img decoding=\"async\" width=\"1700\" height=\"1204\" data-src=\"https:\/\/www.meslibellules.fr\/blog\/wp-content\/uploads\/Erythrodiplax-justiniana-male-5.webp\" alt=\"Erythrodiplax justiniana m\u00e2le, Cuba, Punta Perdiz, 15\/11\/2023\" class=\"wp-image-22664 lazyload\" style=\"--smush-placeholder-width: 1700px; --smush-placeholder-aspect-ratio: 1700\/1204;width:auto;height:315px\" data-srcset=\"https:\/\/www.meslibellules.fr\/blog\/wp-content\/uploads\/Erythrodiplax-justiniana-male-5.webp 1700w, https:\/\/www.meslibellules.fr\/blog\/wp-content\/uploads\/Erythrodiplax-justiniana-male-5-768x544.webp 768w, https:\/\/www.meslibellules.fr\/blog\/wp-content\/uploads\/Erythrodiplax-justiniana-male-5-1536x1088.webp 1536w\" data-sizes=\"(max-width: 1700px) 100vw, 1700px\" src=\"data:image\/svg+xml;base64,PHN2ZyB3aWR0aD0iMSIgaGVpZ2h0PSIxIiB4bWxucz0iaHR0cDovL3d3dy53My5vcmcvMjAwMC9zdmciPjwvc3ZnPg==\" \/><\/a><\/figure>\n<\/div>\n\n\n\n<div class=\"wp-block-column is-layout-flow wp-block-column-is-layout-flow\">\n<figure class=\"wp-block-image size-full is-resized\"><a href=\"https:\/\/www.meslibellules.fr\/blog\/wp-content\/uploads\/Erythrodiplax-justiniana-male-6.webp\"><img decoding=\"async\" width=\"1487\" height=\"1204\" data-src=\"https:\/\/www.meslibellules.fr\/blog\/wp-content\/uploads\/Erythrodiplax-justiniana-male-6.webp\" alt=\"Erythrodiplax justiniana m\u00e2le, Cuba, Punta Perdiz, 15\/11\/2023\" class=\"wp-image-22665 lazyload\" style=\"--smush-placeholder-width: 1487px; --smush-placeholder-aspect-ratio: 1487\/1204;width:auto;height:315px\" data-srcset=\"https:\/\/www.meslibellules.fr\/blog\/wp-content\/uploads\/Erythrodiplax-justiniana-male-6.webp 1487w, https:\/\/www.meslibellules.fr\/blog\/wp-content\/uploads\/Erythrodiplax-justiniana-male-6-768x622.webp 768w\" data-sizes=\"(max-width: 1487px) 100vw, 1487px\" src=\"data:image\/svg+xml;base64,PHN2ZyB3aWR0aD0iMSIgaGVpZ2h0PSIxIiB4bWxucz0iaHR0cDovL3d3dy53My5vcmcvMjAwMC9zdmciPjwvc3ZnPg==\" \/><\/a><\/figure>\n<\/div>\n<\/div>\n\n\n\n<div style=\"height:31px\" aria-hidden=\"true\" class=\"wp-block-spacer\"><\/div>\n\n\n\n<p>Dans Trapero et Naranjo (2) on lit :\u00a0\u00bb G\u00e9n\u00e9ralement, on le trouve sur les lacs et les mares, mais aussi sur les eaux calmes et ombrag\u00e9es des ruisseaux et rivi\u00e8res\u00a0\u00bb. <br><br>Si les m\u00eames auteurs nous disent qu&rsquo;il est largement distribu\u00e9 \u00e0 Cuba (on le trouve dans diff\u00e9rentes zones), le nombre de donn\u00e9es sur iNaturalist est tr\u00e8s faible.<br>On le trouve des Bahamas \u00e0 Cuba, \u00e0 la Jama\u00efque, en Ha\u00efti, en R\u00e9publique dominicaine et \u00e0 Porto Rico.<br><a href=\"https:\/\/www.iucnredlist.org\/species\/125267864\/125329033#geographic-range\">IUCN Red List<\/a>.<\/p>\n\n\n\n<figure class=\"wp-block-gallery has-nested-images columns-default is-cropped wp-block-gallery-2 is-layout-flex wp-block-gallery-is-layout-flex\">\n<figure class=\"wp-block-image size-large\"><a href=\"https:\/\/www.meslibellules.fr\/blog\/wp-content\/uploads\/Erythrodiplax-justiniana-femelle-1.webp\"><img decoding=\"async\" width=\"1663\" height=\"1504\" data-id=\"22656\" data-src=\"https:\/\/www.meslibellules.fr\/blog\/wp-content\/uploads\/Erythrodiplax-justiniana-femelle-1.webp\" alt=\"Erythrodiplax justiniana femelle, Cuba, Punta Perdiz, 15\/11\/2023\" class=\"wp-image-22656 lazyload\" data-srcset=\"https:\/\/www.meslibellules.fr\/blog\/wp-content\/uploads\/Erythrodiplax-justiniana-femelle-1.webp 1663w, https:\/\/www.meslibellules.fr\/blog\/wp-content\/uploads\/Erythrodiplax-justiniana-femelle-1-768x695.webp 768w, https:\/\/www.meslibellules.fr\/blog\/wp-content\/uploads\/Erythrodiplax-justiniana-femelle-1-1536x1389.webp 1536w\" data-sizes=\"(max-width: 1663px) 100vw, 1663px\" src=\"data:image\/svg+xml;base64,PHN2ZyB3aWR0aD0iMSIgaGVpZ2h0PSIxIiB4bWxucz0iaHR0cDovL3d3dy53My5vcmcvMjAwMC9zdmciPjwvc3ZnPg==\" style=\"--smush-placeholder-width: 1663px; --smush-placeholder-aspect-ratio: 1663\/1504;\" \/><\/a><\/figure>\n\n\n\n<figure class=\"wp-block-image size-full\"><a href=\"https:\/\/www.meslibellules.fr\/blog\/wp-content\/uploads\/Erythrodiplax-justiniana-femelle-3.webp\"><img decoding=\"async\" width=\"1720\" height=\"1504\" data-id=\"22658\" data-src=\"https:\/\/www.meslibellules.fr\/blog\/wp-content\/uploads\/Erythrodiplax-justiniana-femelle-3.webp\" alt=\"Erythrodiplax justiniana femelle, Cuba, Punta Perdiz, 15\/11\/2023\" class=\"wp-image-22658 lazyload\" data-srcset=\"https:\/\/www.meslibellules.fr\/blog\/wp-content\/uploads\/Erythrodiplax-justiniana-femelle-3.webp 1720w, https:\/\/www.meslibellules.fr\/blog\/wp-content\/uploads\/Erythrodiplax-justiniana-femelle-3-768x672.webp 768w, https:\/\/www.meslibellules.fr\/blog\/wp-content\/uploads\/Erythrodiplax-justiniana-femelle-3-1536x1343.webp 1536w\" data-sizes=\"(max-width: 1720px) 100vw, 1720px\" src=\"data:image\/svg+xml;base64,PHN2ZyB3aWR0aD0iMSIgaGVpZ2h0PSIxIiB4bWxucz0iaHR0cDovL3d3dy53My5vcmcvMjAwMC9zdmciPjwvc3ZnPg==\" style=\"--smush-placeholder-width: 1720px; --smush-placeholder-aspect-ratio: 1720\/1504;\" \/><\/a><\/figure>\n<figcaption class=\"blocks-gallery-caption wp-element-caption\">Erythrodiplax justiniana femelle, Cuba, Punta Perdiz, 15\/11\/2023<\/figcaption><\/figure>\n\n\n\n<p>Les femelles sont tr\u00e8s diff\u00e9rentes et si je ne les avais pas trouv\u00e9es avec les m\u00e2les, j&rsquo;aurais certainement eu plus de difficult\u00e9 \u00e0 les identifier. On ne retrouve du m\u00e2le que la t\u00e2che alaire.<\/p>\n\n\n\n<figure class=\"wp-block-gallery has-nested-images columns-default is-cropped wp-block-gallery-3 is-layout-flex wp-block-gallery-is-layout-flex\">\n<figure class=\"wp-block-image size-large\"><a href=\"https:\/\/www.meslibellules.fr\/blog\/wp-content\/uploads\/Erythrodiplax-justiniana-femelle-2.webp\"><img decoding=\"async\" width=\"1963\" height=\"1504\" data-id=\"22657\" data-src=\"https:\/\/www.meslibellules.fr\/blog\/wp-content\/uploads\/Erythrodiplax-justiniana-femelle-2.webp\" alt=\"Erythrodiplax justiniana femelle, Cuba, Punta Perdiz, 15\/11\/2023\" class=\"wp-image-22657 lazyload\" data-srcset=\"https:\/\/www.meslibellules.fr\/blog\/wp-content\/uploads\/Erythrodiplax-justiniana-femelle-2.webp 1963w, https:\/\/www.meslibellules.fr\/blog\/wp-content\/uploads\/Erythrodiplax-justiniana-femelle-2-768x588.webp 768w, https:\/\/www.meslibellules.fr\/blog\/wp-content\/uploads\/Erythrodiplax-justiniana-femelle-2-1536x1177.webp 1536w\" data-sizes=\"(max-width: 1963px) 100vw, 1963px\" src=\"data:image\/svg+xml;base64,PHN2ZyB3aWR0aD0iMSIgaGVpZ2h0PSIxIiB4bWxucz0iaHR0cDovL3d3dy53My5vcmcvMjAwMC9zdmciPjwvc3ZnPg==\" style=\"--smush-placeholder-width: 1963px; --smush-placeholder-aspect-ratio: 1963\/1504;\" \/><\/a><\/figure>\n\n\n\n<figure class=\"wp-block-image size-large\"><a href=\"https:\/\/www.meslibellules.fr\/blog\/wp-content\/uploads\/Erythrodiplax-justiniana-femelle-4.webp\"><img decoding=\"async\" width=\"2098\" height=\"1504\" data-id=\"22659\" data-src=\"https:\/\/www.meslibellules.fr\/blog\/wp-content\/uploads\/Erythrodiplax-justiniana-femelle-4.webp\" alt=\"Erythrodiplax justiniana femelle, Cuba, Punta Perdiz, 15\/11\/2023\" class=\"wp-image-22659 lazyload\" data-srcset=\"https:\/\/www.meslibellules.fr\/blog\/wp-content\/uploads\/Erythrodiplax-justiniana-femelle-4.webp 2098w, https:\/\/www.meslibellules.fr\/blog\/wp-content\/uploads\/Erythrodiplax-justiniana-femelle-4-768x551.webp 768w, https:\/\/www.meslibellules.fr\/blog\/wp-content\/uploads\/Erythrodiplax-justiniana-femelle-4-1536x1101.webp 1536w, https:\/\/www.meslibellules.fr\/blog\/wp-content\/uploads\/Erythrodiplax-justiniana-femelle-4-2048x1468.webp 2048w\" data-sizes=\"(max-width: 2098px) 100vw, 2098px\" src=\"data:image\/svg+xml;base64,PHN2ZyB3aWR0aD0iMSIgaGVpZ2h0PSIxIiB4bWxucz0iaHR0cDovL3d3dy53My5vcmcvMjAwMC9zdmciPjwvc3ZnPg==\" style=\"--smush-placeholder-width: 2098px; --smush-placeholder-aspect-ratio: 2098\/1504;\" \/><\/a><\/figure>\n<figcaption class=\"blocks-gallery-caption wp-element-caption\">Erythrodiplax justiniana femelle, Cuba, Punta Perdiz, 15\/11\/2023<\/figcaption><\/figure>\n\n\n\n<p><span style=\"text-decoration: underline;\"><strong>\u00c9tymologie<\/strong><\/span><br \/><strong>Erythrodiplax<\/strong> (3) (Brauer, 1868) du grec\u00a0<em>erythro<\/em>, signifiant\u00a0<em>rouge<\/em>\u00a0et de\u00a0<em>diplax<\/em>. Diplax (1840) est un nom de genre donn\u00e9 par Charpentier, form\u00e9 par un pr\u00e9fixe signifiant\u00a0<em>deux<\/em>\u00a0ou\u00a0<em>double\u00a0<\/em>\u2013 et\u00a0<em>plax<\/em>\u00a0qualifiant quelque chose de plat, en accord avec la forme de la partie post\u00e9rieure du pronotum pr\u00e9sentant deux structures semi-circulaires.<br \/>Charpentier ignorait que Newman avait d\u00e9j\u00e0 d\u00e9crit ce genre sous le nom de Sympetrum (1833), et longtemps le genre Diplax est rest\u00e9 en usage ; aussi quand on a commenc\u00e9 \u00e0 scinder ce genre, on a conserv\u00e9 le terme\u00a0<em>diplax<\/em>\u00a0dans des noms compos\u00e9s.<br \/><strong>Justininia<\/strong> ; Selys (1) dans le document d\u00e9j\u00e0 cit\u00e9 d\u00e9crit successivement Libellula justina (synonymis\u00e9 avec E. fervida) et Libellula justiniana, qu&rsquo;il appelle aussi respectivement Libellule justine et Libellule justinienne. Si l&rsquo;origine du nom de ces 2 esp\u00e8ces semble apparent\u00e9, Selys n&rsquo;explique pas son choix et peut-\u00eatre ne faut-il y voir que l&rsquo;habitude de donner des noms en rapport avec l&rsquo;histoire antique.<\/p>\n\n\n\n<div style=\"height:25px\" aria-hidden=\"true\" class=\"wp-block-spacer\"><\/div>\n\n\n\n<p style=\"font-size:13px\">1- Selys Longchamps, E. de, 1857.&nbsp;<a href=\"https:\/\/www.biodiversitylibrary.org\/page\/24480774#page\/544\/mode\/1up\">Odonates de Cuba.<\/a>&nbsp;In: Sagra, R. de la (ed.) \u201cHistoire physique, politique et naturelle de l\u2019Ile de Cuba\u201d, 8: 336-472.<br>2- Adrian Trapero &amp; Carlos Naranjo &#8211; <a href=\"https:\/\/static1.squarespace.com\/static\/5bf443d3f8370a0c796d6447\/t\/5d73dae76d7e84225d76cee2\/1567873788307\/BAO_2003_7_2.pdf\">Revision of the Order Odonata in Cuba &#8211; Bulletin of American Odonatology<\/a> &#8211; vol. 7, Aug. 2023<br>3- The Scientific Names of North American Dragonflies, Heinrich Fliedner &amp; Ian Endersby, Busybird Publishing, 2019.<\/p>\n\n\n\n<div style=\"height:30px\" aria-hidden=\"true\" class=\"wp-block-spacer\"><\/div>\n\n\n\n<div class=\"wp-block-buttons is-layout-flex wp-block-buttons-is-layout-flex\">\n<div class=\"wp-block-button\"><a class=\"wp-block-button__link wp-element-button\" href=\"https:\/\/www.meslibellules.fr\/blog\/libellules-de-cuba\/\">Accueil Cuba<\/a><\/div>\n<\/div>\n","protected":false},"excerpt":{"rendered":"<p>Erythrodiplax justiniana est un des 5 Erythrodiplax de Cuba, assez peu fr\u00e9quent sans doute, mais tout de m\u00eame plus commun que le tr\u00e8s rare et tr\u00e8s \u00e9trange E. bromeliicola dont les larves se d\u00e9veloppent dans l&rsquo;eau stock\u00e9e \u00e0 la base des feuilles des bromeliac\u00e9es. Il est facile \u00e0 identifier et il est difficile de le [&hellip;]<\/p>\n","protected":false},"author":1,"featured_media":0,"comment_status":"open","ping_status":"open","sticky":false,"template":"","format":"image","meta":{"site-sidebar-layout":"default","site-content-layout":"","ast-site-content-layout":"default","site-content-style":"default","site-sidebar-style":"default","ast-global-header-display":"","ast-banner-title-visibility":"","ast-main-header-display":"","ast-hfb-above-header-display":"","ast-hfb-below-header-display":"","ast-hfb-mobile-header-display":"","site-post-title":"","ast-breadcrumbs-content":"","ast-featured-img":"","footer-sml-layout":"","ast-disable-related-posts":"","theme-transparent-header-meta":"","adv-header-id-meta":"","stick-header-meta":"","header-above-stick-meta":"","header-main-stick-meta":"","header-below-stick-meta":"","astra-migrate-meta-layouts":"set","ast-page-background-enabled":"default","ast-page-background-meta":{"desktop":{"background-color":"var(--ast-global-color-4)","background-image":"","background-repeat":"repeat","background-position":"center center","background-size":"auto","background-attachment":"scroll","background-type":"","background-media":"","overlay-type":"","overlay-color":"","overlay-opacity":"","overlay-gradient":""},"tablet":{"background-color":"","background-image":"","background-repeat":"repeat","background-position":"center center","background-size":"auto","background-attachment":"scroll","background-type":"","background-media":"","overlay-type":"","overlay-color":"","overlay-opacity":"","overlay-gradient":""},"mobile":{"background-color":"","background-image":"","background-repeat":"repeat","background-position":"center center","background-size":"auto","background-attachment":"scroll","background-type":"","background-media":"","overlay-type":"","overlay-color":"","overlay-opacity":"","overlay-gradient":""}},"ast-content-background-meta":{"desktop":{"background-color":"var(--ast-global-color-5)","background-image":"","background-repeat":"repeat","background-position":"center center","background-size":"auto","background-attachment":"scroll","background-type":"","background-media":"","overlay-type":"","overlay-color":"","overlay-opacity":"","overlay-gradient":""},"tablet":{"background-color":"var(--ast-global-color-5)","background-image":"","background-repeat":"repeat","background-position":"center center","background-size":"auto","background-attachment":"scroll","background-type":"","background-media":"","overlay-type":"","overlay-color":"","overlay-opacity":"","overlay-gradient":""},"mobile":{"background-color":"var(--ast-global-color-5)","background-image":"","background-repeat":"repeat","background-position":"center center","background-size":"auto","background-attachment":"scroll","background-type":"","background-media":"","overlay-type":"","overlay-color":"","overlay-opacity":"","overlay-gradient":""}},"footnotes":""},"categories":[38548,38549],"tags":[38550,38551],"class_list":["post-22667","post","type-post","status-publish","format-image","hentry","category-cuba","category-libellulidae-cuba-2","tag-cuba","tag-libellulidae-cuba","post_format-post-format-image"],"yoast_head":"<!-- This site is optimized with the Yoast SEO plugin v27.5 - https:\/\/yoast.com\/product\/yoast-seo-wordpress\/ -->\n<title>Erythrodiplax justiniana - Mes Libellules<\/title>\n<meta name=\"description\" content=\"Erythrodiplax justiniana m\u00e2les et femelles \u00e0 Cuba, description, identification, taille, habitat, distribution g\u00e9ographique, \u00e9tymologie\" \/>\n<meta name=\"robots\" content=\"index, follow, max-snippet:-1, max-image-preview:large, max-video-preview:-1\" \/>\n<link rel=\"canonical\" href=\"https:\/\/www.meslibellules.fr\/blog\/2024\/11\/17\/erythrodiplax-justiniana\/\" \/>\n<meta property=\"og:locale\" content=\"fr_FR\" \/>\n<meta property=\"og:type\" content=\"article\" \/>\n<meta property=\"og:title\" content=\"Erythrodiplax justiniana - Mes Libellules\" \/>\n<meta property=\"og:description\" content=\"Erythrodiplax justiniana m\u00e2les et femelles \u00e0 Cuba, description, identification, taille, habitat, distribution g\u00e9ographique, \u00e9tymologie\" \/>\n<meta property=\"og:url\" content=\"https:\/\/www.meslibellules.fr\/blog\/2024\/11\/17\/erythrodiplax-justiniana\/\" \/>\n<meta property=\"og:site_name\" content=\"Mes Libellules\" \/>\n<meta property=\"article:publisher\" content=\"https:\/\/www.facebook.com\/benoit.guillon.96\/\" \/>\n<meta property=\"article:author\" content=\"https:\/\/www.facebook.com\/benoit.guillon.96\/\" \/>\n<meta property=\"article:published_time\" content=\"2024-11-17T21:25:50+00:00\" \/>\n<meta property=\"article:modified_time\" content=\"2024-11-18T03:42:49+00:00\" \/>\n<meta property=\"og:image\" content=\"https:\/\/www.meslibellules.fr\/blog\/wp-content\/uploads\/Erythrodiplax-justiniana-male-1.webp\" \/>\n\t<meta property=\"og:image:width\" content=\"1625\" \/>\n\t<meta property=\"og:image:height\" content=\"1204\" \/>\n\t<meta property=\"og:image:type\" content=\"image\/webp\" \/>\n<meta name=\"author\" content=\"Beno\u00eet Guillon\" \/>\n<meta name=\"twitter:card\" content=\"summary_large_image\" \/>\n<meta name=\"twitter:label1\" content=\"\u00c9crit par\" \/>\n\t<meta name=\"twitter:data1\" content=\"Beno\u00eet Guillon\" \/>\n\t<meta name=\"twitter:label2\" content=\"Dur\u00e9e de lecture estim\u00e9e\" \/>\n\t<meta name=\"twitter:data2\" content=\"6 minutes\" \/>\n<script type=\"application\/ld+json\" class=\"yoast-schema-graph\">{\"@context\":\"https:\\\/\\\/schema.org\",\"@graph\":[{\"@type\":\"Article\",\"@id\":\"https:\\\/\\\/www.meslibellules.fr\\\/blog\\\/2024\\\/11\\\/17\\\/erythrodiplax-justiniana\\\/#article\",\"isPartOf\":{\"@id\":\"https:\\\/\\\/www.meslibellules.fr\\\/blog\\\/2024\\\/11\\\/17\\\/erythrodiplax-justiniana\\\/\"},\"author\":{\"name\":\"Beno\u00eet Guillon\",\"@id\":\"https:\\\/\\\/www.meslibellules.fr\\\/blog\\\/#\\\/schema\\\/person\\\/9aa3586f9dd053fcf329f43b8b053c77\"},\"headline\":\"Cuba &#8211; Erythrodiplax justiniana (Selys in Sagra, 1857)\",\"datePublished\":\"2024-11-17T21:25:50+00:00\",\"dateModified\":\"2024-11-18T03:42:49+00:00\",\"mainEntityOfPage\":{\"@id\":\"https:\\\/\\\/www.meslibellules.fr\\\/blog\\\/2024\\\/11\\\/17\\\/erythrodiplax-justiniana\\\/\"},\"wordCount\":620,\"commentCount\":0,\"publisher\":{\"@id\":\"https:\\\/\\\/www.meslibellules.fr\\\/blog\\\/#\\\/schema\\\/person\\\/9aa3586f9dd053fcf329f43b8b053c77\"},\"image\":{\"@id\":\"https:\\\/\\\/www.meslibellules.fr\\\/blog\\\/2024\\\/11\\\/17\\\/erythrodiplax-justiniana\\\/#primaryimage\"},\"thumbnailUrl\":\"https:\\\/\\\/www.meslibellules.fr\\\/blog\\\/wp-content\\\/uploads\\\/Erythrodiplax-justiniana-male-1.webp\",\"keywords\":[\"Cuba\",\"Libellulidae - Cuba\"],\"articleSection\":[\"Cuba\",\"Libellulidae\"],\"inLanguage\":\"fr-FR\",\"potentialAction\":[{\"@type\":\"CommentAction\",\"name\":\"Comment\",\"target\":[\"https:\\\/\\\/www.meslibellules.fr\\\/blog\\\/2024\\\/11\\\/17\\\/erythrodiplax-justiniana\\\/#respond\"]}]},{\"@type\":\"WebPage\",\"@id\":\"https:\\\/\\\/www.meslibellules.fr\\\/blog\\\/2024\\\/11\\\/17\\\/erythrodiplax-justiniana\\\/\",\"url\":\"https:\\\/\\\/www.meslibellules.fr\\\/blog\\\/2024\\\/11\\\/17\\\/erythrodiplax-justiniana\\\/\",\"name\":\"Erythrodiplax justiniana - Mes Libellules\",\"isPartOf\":{\"@id\":\"https:\\\/\\\/www.meslibellules.fr\\\/blog\\\/#website\"},\"primaryImageOfPage\":{\"@id\":\"https:\\\/\\\/www.meslibellules.fr\\\/blog\\\/2024\\\/11\\\/17\\\/erythrodiplax-justiniana\\\/#primaryimage\"},\"image\":{\"@id\":\"https:\\\/\\\/www.meslibellules.fr\\\/blog\\\/2024\\\/11\\\/17\\\/erythrodiplax-justiniana\\\/#primaryimage\"},\"thumbnailUrl\":\"https:\\\/\\\/www.meslibellules.fr\\\/blog\\\/wp-content\\\/uploads\\\/Erythrodiplax-justiniana-male-1.webp\",\"datePublished\":\"2024-11-17T21:25:50+00:00\",\"dateModified\":\"2024-11-18T03:42:49+00:00\",\"description\":\"Erythrodiplax justiniana m\u00e2les et femelles \u00e0 Cuba, description, identification, taille, habitat, distribution g\u00e9ographique, \u00e9tymologie\",\"breadcrumb\":{\"@id\":\"https:\\\/\\\/www.meslibellules.fr\\\/blog\\\/2024\\\/11\\\/17\\\/erythrodiplax-justiniana\\\/#breadcrumb\"},\"inLanguage\":\"fr-FR\",\"potentialAction\":[{\"@type\":\"ReadAction\",\"target\":[\"https:\\\/\\\/www.meslibellules.fr\\\/blog\\\/2024\\\/11\\\/17\\\/erythrodiplax-justiniana\\\/\"]}]},{\"@type\":\"ImageObject\",\"inLanguage\":\"fr-FR\",\"@id\":\"https:\\\/\\\/www.meslibellules.fr\\\/blog\\\/2024\\\/11\\\/17\\\/erythrodiplax-justiniana\\\/#primaryimage\",\"url\":\"https:\\\/\\\/www.meslibellules.fr\\\/blog\\\/wp-content\\\/uploads\\\/Erythrodiplax-justiniana-male-1.webp\",\"contentUrl\":\"https:\\\/\\\/www.meslibellules.fr\\\/blog\\\/wp-content\\\/uploads\\\/Erythrodiplax-justiniana-male-1.webp\"},{\"@type\":\"BreadcrumbList\",\"@id\":\"https:\\\/\\\/www.meslibellules.fr\\\/blog\\\/2024\\\/11\\\/17\\\/erythrodiplax-justiniana\\\/#breadcrumb\",\"itemListElement\":[{\"@type\":\"ListItem\",\"position\":1,\"name\":\"Accueil\",\"item\":\"https:\\\/\\\/www.meslibellules.fr\\\/blog\\\/\"},{\"@type\":\"ListItem\",\"position\":2,\"name\":\"Cuba &#8211; Erythrodiplax justiniana (Selys in Sagra, 1857)\"}]},{\"@type\":\"WebSite\",\"@id\":\"https:\\\/\\\/www.meslibellules.fr\\\/blog\\\/#website\",\"url\":\"https:\\\/\\\/www.meslibellules.fr\\\/blog\\\/\",\"name\":\"Mes Libellules\",\"description\":\"Pr\u00e9sentation des libellules rencontr\u00e9es dans le monde\",\"publisher\":{\"@id\":\"https:\\\/\\\/www.meslibellules.fr\\\/blog\\\/#\\\/schema\\\/person\\\/9aa3586f9dd053fcf329f43b8b053c77\"},\"potentialAction\":[{\"@type\":\"SearchAction\",\"target\":{\"@type\":\"EntryPoint\",\"urlTemplate\":\"https:\\\/\\\/www.meslibellules.fr\\\/blog\\\/?s={search_term_string}\"},\"query-input\":{\"@type\":\"PropertyValueSpecification\",\"valueRequired\":true,\"valueName\":\"search_term_string\"}}],\"inLanguage\":\"fr-FR\"},{\"@type\":[\"Person\",\"Organization\"],\"@id\":\"https:\\\/\\\/www.meslibellules.fr\\\/blog\\\/#\\\/schema\\\/person\\\/9aa3586f9dd053fcf329f43b8b053c77\",\"name\":\"Beno\u00eet Guillon\",\"image\":{\"@type\":\"ImageObject\",\"inLanguage\":\"fr-FR\",\"@id\":\"https:\\\/\\\/www.meslibellules.fr\\\/blog\\\/wp-content\\\/uploads\\\/cropped-avatar-150-pix.jpg\",\"url\":\"https:\\\/\\\/www.meslibellules.fr\\\/blog\\\/wp-content\\\/uploads\\\/cropped-avatar-150-pix.jpg\",\"contentUrl\":\"https:\\\/\\\/www.meslibellules.fr\\\/blog\\\/wp-content\\\/uploads\\\/cropped-avatar-150-pix.jpg\",\"width\":150,\"height\":137,\"caption\":\"Beno\u00eet Guillon\"},\"logo\":{\"@id\":\"https:\\\/\\\/www.meslibellules.fr\\\/blog\\\/wp-content\\\/uploads\\\/cropped-avatar-150-pix.jpg\"},\"sameAs\":[\"https:\\\/\\\/www.facebook.com\\\/benoit.guillon.96\\\/\"]}]}<\/script>\n<!-- \/ Yoast SEO plugin. -->","yoast_head_json":{"title":"Erythrodiplax justiniana - Mes Libellules","description":"Erythrodiplax justiniana m\u00e2les et femelles \u00e0 Cuba, description, identification, taille, habitat, distribution g\u00e9ographique, \u00e9tymologie","robots":{"index":"index","follow":"follow","max-snippet":"max-snippet:-1","max-image-preview":"max-image-preview:large","max-video-preview":"max-video-preview:-1"},"canonical":"https:\/\/www.meslibellules.fr\/blog\/2024\/11\/17\/erythrodiplax-justiniana\/","og_locale":"fr_FR","og_type":"article","og_title":"Erythrodiplax justiniana - Mes Libellules","og_description":"Erythrodiplax justiniana m\u00e2les et femelles \u00e0 Cuba, description, identification, taille, habitat, distribution g\u00e9ographique, \u00e9tymologie","og_url":"https:\/\/www.meslibellules.fr\/blog\/2024\/11\/17\/erythrodiplax-justiniana\/","og_site_name":"Mes Libellules","article_publisher":"https:\/\/www.facebook.com\/benoit.guillon.96\/","article_author":"https:\/\/www.facebook.com\/benoit.guillon.96\/","article_published_time":"2024-11-17T21:25:50+00:00","article_modified_time":"2024-11-18T03:42:49+00:00","og_image":[{"width":1625,"height":1204,"url":"https:\/\/www.meslibellules.fr\/blog\/wp-content\/uploads\/Erythrodiplax-justiniana-male-1.webp","type":"image\/webp"}],"author":"Beno\u00eet Guillon","twitter_card":"summary_large_image","twitter_misc":{"\u00c9crit par":"Beno\u00eet Guillon","Dur\u00e9e de lecture estim\u00e9e":"6 minutes"},"schema":{"@context":"https:\/\/schema.org","@graph":[{"@type":"Article","@id":"https:\/\/www.meslibellules.fr\/blog\/2024\/11\/17\/erythrodiplax-justiniana\/#article","isPartOf":{"@id":"https:\/\/www.meslibellules.fr\/blog\/2024\/11\/17\/erythrodiplax-justiniana\/"},"author":{"name":"Beno\u00eet Guillon","@id":"https:\/\/www.meslibellules.fr\/blog\/#\/schema\/person\/9aa3586f9dd053fcf329f43b8b053c77"},"headline":"Cuba &#8211; Erythrodiplax justiniana (Selys in Sagra, 1857)","datePublished":"2024-11-17T21:25:50+00:00","dateModified":"2024-11-18T03:42:49+00:00","mainEntityOfPage":{"@id":"https:\/\/www.meslibellules.fr\/blog\/2024\/11\/17\/erythrodiplax-justiniana\/"},"wordCount":620,"commentCount":0,"publisher":{"@id":"https:\/\/www.meslibellules.fr\/blog\/#\/schema\/person\/9aa3586f9dd053fcf329f43b8b053c77"},"image":{"@id":"https:\/\/www.meslibellules.fr\/blog\/2024\/11\/17\/erythrodiplax-justiniana\/#primaryimage"},"thumbnailUrl":"https:\/\/www.meslibellules.fr\/blog\/wp-content\/uploads\/Erythrodiplax-justiniana-male-1.webp","keywords":["Cuba","Libellulidae - Cuba"],"articleSection":["Cuba","Libellulidae"],"inLanguage":"fr-FR","potentialAction":[{"@type":"CommentAction","name":"Comment","target":["https:\/\/www.meslibellules.fr\/blog\/2024\/11\/17\/erythrodiplax-justiniana\/#respond"]}]},{"@type":"WebPage","@id":"https:\/\/www.meslibellules.fr\/blog\/2024\/11\/17\/erythrodiplax-justiniana\/","url":"https:\/\/www.meslibellules.fr\/blog\/2024\/11\/17\/erythrodiplax-justiniana\/","name":"Erythrodiplax justiniana - Mes Libellules","isPartOf":{"@id":"https:\/\/www.meslibellules.fr\/blog\/#website"},"primaryImageOfPage":{"@id":"https:\/\/www.meslibellules.fr\/blog\/2024\/11\/17\/erythrodiplax-justiniana\/#primaryimage"},"image":{"@id":"https:\/\/www.meslibellules.fr\/blog\/2024\/11\/17\/erythrodiplax-justiniana\/#primaryimage"},"thumbnailUrl":"https:\/\/www.meslibellules.fr\/blog\/wp-content\/uploads\/Erythrodiplax-justiniana-male-1.webp","datePublished":"2024-11-17T21:25:50+00:00","dateModified":"2024-11-18T03:42:49+00:00","description":"Erythrodiplax justiniana m\u00e2les et femelles \u00e0 Cuba, description, identification, taille, habitat, distribution g\u00e9ographique, \u00e9tymologie","breadcrumb":{"@id":"https:\/\/www.meslibellules.fr\/blog\/2024\/11\/17\/erythrodiplax-justiniana\/#breadcrumb"},"inLanguage":"fr-FR","potentialAction":[{"@type":"ReadAction","target":["https:\/\/www.meslibellules.fr\/blog\/2024\/11\/17\/erythrodiplax-justiniana\/"]}]},{"@type":"ImageObject","inLanguage":"fr-FR","@id":"https:\/\/www.meslibellules.fr\/blog\/2024\/11\/17\/erythrodiplax-justiniana\/#primaryimage","url":"https:\/\/www.meslibellules.fr\/blog\/wp-content\/uploads\/Erythrodiplax-justiniana-male-1.webp","contentUrl":"https:\/\/www.meslibellules.fr\/blog\/wp-content\/uploads\/Erythrodiplax-justiniana-male-1.webp"},{"@type":"BreadcrumbList","@id":"https:\/\/www.meslibellules.fr\/blog\/2024\/11\/17\/erythrodiplax-justiniana\/#breadcrumb","itemListElement":[{"@type":"ListItem","position":1,"name":"Accueil","item":"https:\/\/www.meslibellules.fr\/blog\/"},{"@type":"ListItem","position":2,"name":"Cuba &#8211; Erythrodiplax justiniana (Selys in Sagra, 1857)"}]},{"@type":"WebSite","@id":"https:\/\/www.meslibellules.fr\/blog\/#website","url":"https:\/\/www.meslibellules.fr\/blog\/","name":"Mes Libellules","description":"Pr\u00e9sentation des libellules rencontr\u00e9es dans le monde","publisher":{"@id":"https:\/\/www.meslibellules.fr\/blog\/#\/schema\/person\/9aa3586f9dd053fcf329f43b8b053c77"},"potentialAction":[{"@type":"SearchAction","target":{"@type":"EntryPoint","urlTemplate":"https:\/\/www.meslibellules.fr\/blog\/?s={search_term_string}"},"query-input":{"@type":"PropertyValueSpecification","valueRequired":true,"valueName":"search_term_string"}}],"inLanguage":"fr-FR"},{"@type":["Person","Organization"],"@id":"https:\/\/www.meslibellules.fr\/blog\/#\/schema\/person\/9aa3586f9dd053fcf329f43b8b053c77","name":"Beno\u00eet Guillon","image":{"@type":"ImageObject","inLanguage":"fr-FR","@id":"https:\/\/www.meslibellules.fr\/blog\/wp-content\/uploads\/cropped-avatar-150-pix.jpg","url":"https:\/\/www.meslibellules.fr\/blog\/wp-content\/uploads\/cropped-avatar-150-pix.jpg","contentUrl":"https:\/\/www.meslibellules.fr\/blog\/wp-content\/uploads\/cropped-avatar-150-pix.jpg","width":150,"height":137,"caption":"Beno\u00eet Guillon"},"logo":{"@id":"https:\/\/www.meslibellules.fr\/blog\/wp-content\/uploads\/cropped-avatar-150-pix.jpg"},"sameAs":["https:\/\/www.facebook.com\/benoit.guillon.96\/"]}]}},"_links":{"self":[{"href":"https:\/\/www.meslibellules.fr\/blog\/wp-json\/wp\/v2\/posts\/22667","targetHints":{"allow":["GET"]}}],"collection":[{"href":"https:\/\/www.meslibellules.fr\/blog\/wp-json\/wp\/v2\/posts"}],"about":[{"href":"https:\/\/www.meslibellules.fr\/blog\/wp-json\/wp\/v2\/types\/post"}],"author":[{"embeddable":true,"href":"https:\/\/www.meslibellules.fr\/blog\/wp-json\/wp\/v2\/users\/1"}],"replies":[{"embeddable":true,"href":"https:\/\/www.meslibellules.fr\/blog\/wp-json\/wp\/v2\/comments?post=22667"}],"version-history":[{"count":0,"href":"https:\/\/www.meslibellules.fr\/blog\/wp-json\/wp\/v2\/posts\/22667\/revisions"}],"wp:attachment":[{"href":"https:\/\/www.meslibellules.fr\/blog\/wp-json\/wp\/v2\/media?parent=22667"}],"wp:term":[{"taxonomy":"category","embeddable":true,"href":"https:\/\/www.meslibellules.fr\/blog\/wp-json\/wp\/v2\/categories?post=22667"},{"taxonomy":"post_tag","embeddable":true,"href":"https:\/\/www.meslibellules.fr\/blog\/wp-json\/wp\/v2\/tags?post=22667"}],"curies":[{"name":"wp","href":"https:\/\/api.w.org\/{rel}","templated":true}]}}