{"id":22705,"date":"2024-11-19T05:38:59","date_gmt":"2024-11-19T04:38:59","guid":{"rendered":"https:\/\/www.meslibellules.fr\/blog\/?p=22705"},"modified":"2025-12-13T09:22:08","modified_gmt":"2025-12-13T08:22:08","slug":"dythemis-sterilis","status":"publish","type":"post","link":"https:\/\/www.meslibellules.fr\/blog\/2024\/11\/19\/dythemis-sterilis\/","title":{"rendered":"Cuba &#8211; Dythemis sterilis (Hagen, 1861)"},"content":{"rendered":"\n<figure class=\"wp-block-image aligncenter size-full is-resized\"><a href=\"https:\/\/www.meslibellules.fr\/blog\/wp-content\/uploads\/Dythemis-sterilis-male-4.webp\"><img decoding=\"async\" width=\"1635\" height=\"1504\" data-src=\"https:\/\/www.meslibellules.fr\/blog\/wp-content\/uploads\/Dythemis-sterilis-male-4.webp\" alt=\"Dythemis sterilis m\u00e2le, Cuba, Soroa (Candelaria), 17\/11\/2023\" class=\"wp-image-22699 lazyload\" style=\"--smush-placeholder-width: 1635px; --smush-placeholder-aspect-ratio: 1635\/1504;width:513px;height:auto\" data-srcset=\"https:\/\/www.meslibellules.fr\/blog\/wp-content\/uploads\/Dythemis-sterilis-male-4.webp 1635w, https:\/\/www.meslibellules.fr\/blog\/wp-content\/uploads\/Dythemis-sterilis-male-4-768x706.webp 768w, https:\/\/www.meslibellules.fr\/blog\/wp-content\/uploads\/Dythemis-sterilis-male-4-1536x1413.webp 1536w\" data-sizes=\"(max-width: 1635px) 100vw, 1635px\" src=\"data:image\/svg+xml;base64,PHN2ZyB3aWR0aD0iMSIgaGVpZ2h0PSIxIiB4bWxucz0iaHR0cDovL3d3dy53My5vcmcvMjAwMC9zdmciPjwvc3ZnPg==\" \/><\/a><figcaption class=\"wp-element-caption\">Dythemis sterilis m\u00e2le, Cuba, Soroa (Candelaria), 17\/11\/2023<\/figcaption><\/figure>\n\n\n\n<p>Ce jeune m\u00e2le dythemis sterilis, Brown setwing pour les am\u00e9ricains, se tenait sur les berges impraticables d&rsquo;une petite rivi\u00e8re,en limite de for\u00eat. Un coin bien sympathique pour les libellules : de l&rsquo;eau claire qui court sur les cailloux entre des rochers, des rives bien v\u00e9g\u00e9talis\u00e9es, mais il \u00e9tait sans doute trop t\u00f4t, le soleil ne paraissait que par flaques \u00e0 travers les arbres et outre cette esp\u00e8ce, je n&rsquo;ai contact\u00e9 que Enallagma cardenium, tout de m\u00eame une nouvelle esp\u00e8ce pour moi.<br>Son identification ne pose pas de probl\u00e8me avec son thorax qui montre un motif complexe de bandes jaunes sur fond noir, l&rsquo;abdomen tr\u00e8s fin, ponctu\u00e9 de taches jaunes allong\u00e9es ; il n&rsquo;y a qu&rsquo;un seul autre Dythemis \u00e0 Cuba, <a href=\"https:\/\/www.meslibellules.fr\/blog\/2024\/11\/16\/dythemis-rufinervis\/\">Dythemis rufinervis<\/a>, tr\u00e8s diff\u00e9rent.<\/p>\n\n\n\n<figure class=\"wp-block-gallery has-nested-images columns-default is-cropped wp-block-gallery-1 is-layout-flex wp-block-gallery-is-layout-flex\">\n<figure class=\"wp-block-image size-large\"><a href=\"https:\/\/www.meslibellules.fr\/blog\/wp-content\/uploads\/Dythemis-sterilis-male-2.webp\"><img decoding=\"async\" width=\"2039\" height=\"1204\" data-id=\"22697\" data-src=\"https:\/\/www.meslibellules.fr\/blog\/wp-content\/uploads\/Dythemis-sterilis-male-2.webp\" alt=\"Dythemis sterilis m\u00e2le, Cuba, Soroa (Candelaria), 17\/11\/2023\" class=\"wp-image-22697 lazyload\" data-srcset=\"https:\/\/www.meslibellules.fr\/blog\/wp-content\/uploads\/Dythemis-sterilis-male-2.webp 2039w, https:\/\/www.meslibellules.fr\/blog\/wp-content\/uploads\/Dythemis-sterilis-male-2-768x453.webp 768w, https:\/\/www.meslibellules.fr\/blog\/wp-content\/uploads\/Dythemis-sterilis-male-2-1536x907.webp 1536w\" data-sizes=\"(max-width: 2039px) 100vw, 2039px\" src=\"data:image\/svg+xml;base64,PHN2ZyB3aWR0aD0iMSIgaGVpZ2h0PSIxIiB4bWxucz0iaHR0cDovL3d3dy53My5vcmcvMjAwMC9zdmciPjwvc3ZnPg==\" style=\"--smush-placeholder-width: 2039px; --smush-placeholder-aspect-ratio: 2039\/1204;\" \/><\/a><\/figure>\n\n\n\n<figure class=\"wp-block-image size-large\"><a href=\"https:\/\/www.meslibellules.fr\/blog\/wp-content\/uploads\/Dythemis-sterilis-male-1.webp\"><img decoding=\"async\" width=\"2424\" height=\"1504\" data-id=\"22696\" data-src=\"https:\/\/www.meslibellules.fr\/blog\/wp-content\/uploads\/Dythemis-sterilis-male-1.webp\" alt=\"Dythemis sterilis m\u00e2le, Cuba, Soroa (Candelaria), 17\/11\/2023\" class=\"wp-image-22696 lazyload\" data-srcset=\"https:\/\/www.meslibellules.fr\/blog\/wp-content\/uploads\/Dythemis-sterilis-male-1.webp 2424w, https:\/\/www.meslibellules.fr\/blog\/wp-content\/uploads\/Dythemis-sterilis-male-1-768x477.webp 768w, https:\/\/www.meslibellules.fr\/blog\/wp-content\/uploads\/Dythemis-sterilis-male-1-1536x953.webp 1536w, https:\/\/www.meslibellules.fr\/blog\/wp-content\/uploads\/Dythemis-sterilis-male-1-2048x1271.webp 2048w\" data-sizes=\"(max-width: 2424px) 100vw, 2424px\" src=\"data:image\/svg+xml;base64,PHN2ZyB3aWR0aD0iMSIgaGVpZ2h0PSIxIiB4bWxucz0iaHR0cDovL3d3dy53My5vcmcvMjAwMC9zdmciPjwvc3ZnPg==\" style=\"--smush-placeholder-width: 2424px; --smush-placeholder-aspect-ratio: 2424\/1504;\" \/><\/a><\/figure>\n<figcaption class=\"blocks-gallery-caption wp-element-caption\">Dythemis sterilis m\u00e2le, Cuba, Soroa (Candelaria), 17\/11\/2023<\/figcaption><\/figure>\n\n\n\n<p>La posture adopt\u00e9e ci-dessous, avec les ailes plus basses que le thorax, est habituelle \u00e0 ce genre et leur vaut ce <em>brownsetwing<\/em>.<br>C&rsquo;est certainement un sujet jeune, ce qui explique en partie ses yeux tr\u00e8s rouges ; mais m\u00eame chez les sujets matures, les yeux sont d&rsquo;une couleur \u00e9tonnante et peu d&rsquo;odonates affichent de telles teintes, comme on pourra le constater sur des photos prises, au <a href=\"https:\/\/www.meslibellules.fr\/voyages\/panama\/dythemis-sterilis\/dythemis-sterilis-male-1.php\">Panama<\/a>, au <a href=\"https:\/\/www.meslibellules.fr\/voyages\/costa-rica\/dythemis-sterilis\/dythemis-sterilis.php\">Costa Rica<\/a>, ou au <a href=\"https:\/\/www.meslibellules.fr\/blog\/2019\/11\/05\/mexique-dythemis-sterilis-hagen-1861\/\">Mexique<\/a>.<br>Il mesure 40 mm et son aire de r\u00e9partition s\u2019\u00e9tend \u00e0 travers l\u2019Am\u00e9rique Centrale, du Mexique au Venezuela et \u00e0 la Colombie et aux Antilles. Le biotope sur lequel je l&rsquo;ai rencontr\u00e9 est son milieu de vie typique. <br><a href=\"https:\/\/www.iucnredlist.org\/species\/49254637\/49255801\">IUCN Red List<\/a>.<\/p>\n\n\n\n<figure class=\"wp-block-gallery has-nested-images columns-default is-cropped wp-block-gallery-2 is-layout-flex wp-block-gallery-is-layout-flex\">\n<figure class=\"wp-block-image size-full\"><a href=\"https:\/\/www.meslibellules.fr\/blog\/wp-content\/uploads\/Dythemis-sterilis-male-3.webp\"><img decoding=\"async\" width=\"2023\" height=\"1504\" data-id=\"22698\" data-src=\"https:\/\/www.meslibellules.fr\/blog\/wp-content\/uploads\/Dythemis-sterilis-male-3.webp\" alt=\"Dythemis sterilis m\u00e2le, Cuba, Soroa (Candelaria), 17\/11\/2023\" class=\"wp-image-22698 lazyload\" data-srcset=\"https:\/\/www.meslibellules.fr\/blog\/wp-content\/uploads\/Dythemis-sterilis-male-3.webp 2023w, https:\/\/www.meslibellules.fr\/blog\/wp-content\/uploads\/Dythemis-sterilis-male-3-768x571.webp 768w, https:\/\/www.meslibellules.fr\/blog\/wp-content\/uploads\/Dythemis-sterilis-male-3-1536x1142.webp 1536w\" data-sizes=\"(max-width: 2023px) 100vw, 2023px\" src=\"data:image\/svg+xml;base64,PHN2ZyB3aWR0aD0iMSIgaGVpZ2h0PSIxIiB4bWxucz0iaHR0cDovL3d3dy53My5vcmcvMjAwMC9zdmciPjwvc3ZnPg==\" style=\"--smush-placeholder-width: 2023px; --smush-placeholder-aspect-ratio: 2023\/1504;\" \/><\/a><\/figure>\n\n\n\n<figure class=\"wp-block-image size-large\"><a href=\"https:\/\/www.meslibellules.fr\/blog\/wp-content\/uploads\/Dythemis-sterilis-male-5-e1731989872500.webp\"><img decoding=\"async\" width=\"2116\" height=\"1504\" data-id=\"22700\" data-src=\"https:\/\/www.meslibellules.fr\/blog\/wp-content\/uploads\/Dythemis-sterilis-male-5-e1731989872500.webp\" alt=\"Brown setwing m\u00e2le, Cuba, Soroa (Candelaria), 17\/11\/2023\" class=\"wp-image-22700 lazyload\" data-srcset=\"https:\/\/www.meslibellules.fr\/blog\/wp-content\/uploads\/Dythemis-sterilis-male-5-e1731989872500.webp 2116w, https:\/\/www.meslibellules.fr\/blog\/wp-content\/uploads\/Dythemis-sterilis-male-5-e1731989872500-768x546.webp 768w, https:\/\/www.meslibellules.fr\/blog\/wp-content\/uploads\/Dythemis-sterilis-male-5-e1731989872500-1536x1092.webp 1536w, https:\/\/www.meslibellules.fr\/blog\/wp-content\/uploads\/Dythemis-sterilis-male-5-e1731989872500-2048x1456.webp 2048w\" data-sizes=\"(max-width: 2116px) 100vw, 2116px\" src=\"data:image\/svg+xml;base64,PHN2ZyB3aWR0aD0iMSIgaGVpZ2h0PSIxIiB4bWxucz0iaHR0cDovL3d3dy53My5vcmcvMjAwMC9zdmciPjwvc3ZnPg==\" style=\"--smush-placeholder-width: 2116px; --smush-placeholder-aspect-ratio: 2116\/1504;\" \/><\/a><\/figure>\n<figcaption class=\"blocks-gallery-caption wp-element-caption\">Dythemis sterilis m\u00e2le, Cuba, Soroa (Candelaria), 17\/11\/2023<\/figcaption><\/figure>\n\n\n\n<p><span style=\"text-decoration: underline;\"><strong>\u00c9tymologie<\/strong><\/span><br \/><strong>Dythemis (1)<\/strong>, du mot grec\u00a0<em>dy\u00a0<\/em>qui signifie\u00a0<em>deux<\/em>\u00a0et de Themis. Il faut supposer que si Hagen a choisi Themis, \u2013 d\u00e9esse grecque de l\u2019ordre et de la justice, c\u2019est \u00e0 la fois pour respecter la \u00ab mode \u00bb qui consistait \u00e0 donner un nom en rapport avec la mythologie, tr\u00e8s en vogue \u00e0 cette \u00e9poque, et parce qu\u2019elle est particuli\u00e8rement bien adapt\u00e9e \u00e0 la taxonomie, science qui vise \u00e0 d\u00e9crire et ordonner et classer les familles, genres et esp\u00e8ces. \u00ab\u00a0Deux\u00a0\u00bb pourrait faire r\u00e9f\u00e9rence au 10\u00b0 segment de la femelle qui pr\u00e9sente deux tubercules.<br \/><strong>Sterilis<\/strong>, du latin\u00a0<em>sterilis<\/em>, pour\u00a0<em>st\u00e9rile<\/em>,\u00a0<em>inf\u00e9cond<\/em>. Je ne suis pas parvenu \u00e0 retrouver la description de Hagen concernant cette libellule d\u00e9j\u00e0 d\u00e9crite par Rambur sous le nom de Libellula tessellata. Je suppose qu\u2019elle a fait l\u2019objet d\u2019une publication ant\u00e9rieure \u00e0 1861 et je ne peux donc expliquer le choix de cet \u00e9tonnant \u00e9pith\u00e8te sp\u00e9cifique.<\/p>\n\n\n\n<div style=\"height:32px\" aria-hidden=\"true\" class=\"wp-block-spacer\"><\/div>\n\n\n\n<p style=\"font-size:13px\">1 \u2013 <a href=\"https:\/\/www.researchgate.net\/publication\/334046392_The_Scientific_Names_of_North_American_Dragonflies\">The Scientific Names of North American Dragonflies<\/a>, Heinrich Fliedner &amp; Ian Endersby, Busybird Publishing, 2019.<\/p>\n\n\n\n<div style=\"height:29px\" aria-hidden=\"true\" class=\"wp-block-spacer\"><\/div>\n\n\n\n<div class=\"wp-block-buttons is-layout-flex wp-block-buttons-is-layout-flex\">\n<div class=\"wp-block-button\"><a class=\"wp-block-button__link wp-element-button\" href=\"https:\/\/www.meslibellules.fr\/blog\/libellules-de-cuba\/\">Accueil Cuba<\/a><\/div>\n<\/div>\n\n\n\n<p><\/p>\n","protected":false},"excerpt":{"rendered":"<p>Ce jeune m\u00e2le dythemis sterilis, Brown setwing pour les am\u00e9ricains, se tenait sur les berges impraticables d&rsquo;une petite rivi\u00e8re,en limite de for\u00eat. Un coin bien sympathique pour les libellules : de l&rsquo;eau claire qui court sur les cailloux entre des rochers, des rives bien v\u00e9g\u00e9talis\u00e9es, mais il \u00e9tait sans doute trop t\u00f4t, le soleil ne [&hellip;]<\/p>\n","protected":false},"author":1,"featured_media":0,"comment_status":"open","ping_status":"open","sticky":false,"template":"","format":"image","meta":{"site-sidebar-layout":"default","site-content-layout":"","ast-site-content-layout":"default","site-content-style":"default","site-sidebar-style":"default","ast-global-header-display":"","ast-banner-title-visibility":"","ast-main-header-display":"","ast-hfb-above-header-display":"","ast-hfb-below-header-display":"","ast-hfb-mobile-header-display":"","site-post-title":"","ast-breadcrumbs-content":"","ast-featured-img":"","footer-sml-layout":"","ast-disable-related-posts":"","theme-transparent-header-meta":"","adv-header-id-meta":"","stick-header-meta":"","header-above-stick-meta":"","header-main-stick-meta":"","header-below-stick-meta":"","astra-migrate-meta-layouts":"set","ast-page-background-enabled":"default","ast-page-background-meta":{"desktop":{"background-color":"var(--ast-global-color-4)","background-image":"","background-repeat":"repeat","background-position":"center center","background-size":"auto","background-attachment":"scroll","background-type":"","background-media":"","overlay-type":"","overlay-color":"","overlay-opacity":"","overlay-gradient":""},"tablet":{"background-color":"","background-image":"","background-repeat":"repeat","background-position":"center center","background-size":"auto","background-attachment":"scroll","background-type":"","background-media":"","overlay-type":"","overlay-color":"","overlay-opacity":"","overlay-gradient":""},"mobile":{"background-color":"","background-image":"","background-repeat":"repeat","background-position":"center center","background-size":"auto","background-attachment":"scroll","background-type":"","background-media":"","overlay-type":"","overlay-color":"","overlay-opacity":"","overlay-gradient":""}},"ast-content-background-meta":{"desktop":{"background-color":"var(--ast-global-color-5)","background-image":"","background-repeat":"repeat","background-position":"center center","background-size":"auto","background-attachment":"scroll","background-type":"","background-media":"","overlay-type":"","overlay-color":"","overlay-opacity":"","overlay-gradient":""},"tablet":{"background-color":"var(--ast-global-color-5)","background-image":"","background-repeat":"repeat","background-position":"center center","background-size":"auto","background-attachment":"scroll","background-type":"","background-media":"","overlay-type":"","overlay-color":"","overlay-opacity":"","overlay-gradient":""},"mobile":{"background-color":"var(--ast-global-color-5)","background-image":"","background-repeat":"repeat","background-position":"center center","background-size":"auto","background-attachment":"scroll","background-type":"","background-media":"","overlay-type":"","overlay-color":"","overlay-opacity":"","overlay-gradient":""}},"footnotes":""},"categories":[38548,38549],"tags":[38550,38551],"class_list":["post-22705","post","type-post","status-publish","format-image","hentry","category-cuba","category-libellulidae-cuba-2","tag-cuba","tag-libellulidae-cuba","post_format-post-format-image"],"yoast_head":"<!-- This site is optimized with the Yoast SEO plugin v27.5 - https:\/\/yoast.com\/product\/yoast-seo-wordpress\/ -->\n<title>Dythemis sterilis - Mes Libellules<\/title>\n<meta name=\"description\" content=\"Dythemis sterilis m\u00e2le \u00e0 Cuba, description, identification, taille, habitat, distribution g\u00e9ographique, \u00e9tymologie\" \/>\n<meta name=\"robots\" content=\"index, follow, max-snippet:-1, max-image-preview:large, max-video-preview:-1\" \/>\n<link rel=\"canonical\" href=\"https:\/\/www.meslibellules.fr\/blog\/2024\/11\/19\/dythemis-sterilis\/\" \/>\n<meta property=\"og:locale\" content=\"fr_FR\" \/>\n<meta property=\"og:type\" content=\"article\" \/>\n<meta property=\"og:title\" content=\"Dythemis sterilis - Mes Libellules\" \/>\n<meta property=\"og:description\" content=\"Dythemis sterilis m\u00e2le \u00e0 Cuba, description, identification, taille, habitat, distribution g\u00e9ographique, \u00e9tymologie\" \/>\n<meta property=\"og:url\" content=\"https:\/\/www.meslibellules.fr\/blog\/2024\/11\/19\/dythemis-sterilis\/\" \/>\n<meta property=\"og:site_name\" content=\"Mes Libellules\" \/>\n<meta property=\"article:publisher\" content=\"https:\/\/www.facebook.com\/benoit.guillon.96\/\" \/>\n<meta property=\"article:author\" content=\"https:\/\/www.facebook.com\/benoit.guillon.96\/\" \/>\n<meta property=\"article:published_time\" content=\"2024-11-19T04:38:59+00:00\" \/>\n<meta property=\"article:modified_time\" content=\"2025-12-13T08:22:08+00:00\" \/>\n<meta property=\"og:image\" content=\"https:\/\/www.meslibellules.fr\/blog\/wp-content\/uploads\/Dythemis-sterilis-male-4.webp\" \/>\n\t<meta property=\"og:image:width\" content=\"1635\" \/>\n\t<meta property=\"og:image:height\" content=\"1504\" \/>\n\t<meta property=\"og:image:type\" content=\"image\/webp\" \/>\n<meta name=\"author\" content=\"Beno\u00eet Guillon\" \/>\n<meta name=\"twitter:card\" content=\"summary_large_image\" \/>\n<meta name=\"twitter:label1\" content=\"\u00c9crit par\" \/>\n\t<meta name=\"twitter:data1\" content=\"Beno\u00eet Guillon\" \/>\n\t<meta name=\"twitter:label2\" content=\"Dur\u00e9e de lecture estim\u00e9e\" \/>\n\t<meta name=\"twitter:data2\" content=\"4 minutes\" \/>\n<script type=\"application\/ld+json\" class=\"yoast-schema-graph\">{\"@context\":\"https:\\\/\\\/schema.org\",\"@graph\":[{\"@type\":\"Article\",\"@id\":\"https:\\\/\\\/www.meslibellules.fr\\\/blog\\\/2024\\\/11\\\/19\\\/dythemis-sterilis\\\/#article\",\"isPartOf\":{\"@id\":\"https:\\\/\\\/www.meslibellules.fr\\\/blog\\\/2024\\\/11\\\/19\\\/dythemis-sterilis\\\/\"},\"author\":{\"name\":\"Beno\u00eet Guillon\",\"@id\":\"https:\\\/\\\/www.meslibellules.fr\\\/blog\\\/#\\\/schema\\\/person\\\/9aa3586f9dd053fcf329f43b8b053c77\"},\"headline\":\"Cuba &#8211; Dythemis sterilis (Hagen, 1861)\",\"datePublished\":\"2024-11-19T04:38:59+00:00\",\"dateModified\":\"2025-12-13T08:22:08+00:00\",\"mainEntityOfPage\":{\"@id\":\"https:\\\/\\\/www.meslibellules.fr\\\/blog\\\/2024\\\/11\\\/19\\\/dythemis-sterilis\\\/\"},\"wordCount\":463,\"commentCount\":0,\"publisher\":{\"@id\":\"https:\\\/\\\/www.meslibellules.fr\\\/blog\\\/#\\\/schema\\\/person\\\/9aa3586f9dd053fcf329f43b8b053c77\"},\"image\":{\"@id\":\"https:\\\/\\\/www.meslibellules.fr\\\/blog\\\/2024\\\/11\\\/19\\\/dythemis-sterilis\\\/#primaryimage\"},\"thumbnailUrl\":\"https:\\\/\\\/www.meslibellules.fr\\\/blog\\\/wp-content\\\/uploads\\\/Dythemis-sterilis-male-4.webp\",\"keywords\":[\"Cuba\",\"Libellulidae - Cuba\"],\"articleSection\":[\"Cuba\",\"Libellulidae\"],\"inLanguage\":\"fr-FR\",\"potentialAction\":[{\"@type\":\"CommentAction\",\"name\":\"Comment\",\"target\":[\"https:\\\/\\\/www.meslibellules.fr\\\/blog\\\/2024\\\/11\\\/19\\\/dythemis-sterilis\\\/#respond\"]}]},{\"@type\":\"WebPage\",\"@id\":\"https:\\\/\\\/www.meslibellules.fr\\\/blog\\\/2024\\\/11\\\/19\\\/dythemis-sterilis\\\/\",\"url\":\"https:\\\/\\\/www.meslibellules.fr\\\/blog\\\/2024\\\/11\\\/19\\\/dythemis-sterilis\\\/\",\"name\":\"Dythemis sterilis - Mes Libellules\",\"isPartOf\":{\"@id\":\"https:\\\/\\\/www.meslibellules.fr\\\/blog\\\/#website\"},\"primaryImageOfPage\":{\"@id\":\"https:\\\/\\\/www.meslibellules.fr\\\/blog\\\/2024\\\/11\\\/19\\\/dythemis-sterilis\\\/#primaryimage\"},\"image\":{\"@id\":\"https:\\\/\\\/www.meslibellules.fr\\\/blog\\\/2024\\\/11\\\/19\\\/dythemis-sterilis\\\/#primaryimage\"},\"thumbnailUrl\":\"https:\\\/\\\/www.meslibellules.fr\\\/blog\\\/wp-content\\\/uploads\\\/Dythemis-sterilis-male-4.webp\",\"datePublished\":\"2024-11-19T04:38:59+00:00\",\"dateModified\":\"2025-12-13T08:22:08+00:00\",\"description\":\"Dythemis sterilis m\u00e2le \u00e0 Cuba, description, identification, taille, habitat, distribution g\u00e9ographique, \u00e9tymologie\",\"breadcrumb\":{\"@id\":\"https:\\\/\\\/www.meslibellules.fr\\\/blog\\\/2024\\\/11\\\/19\\\/dythemis-sterilis\\\/#breadcrumb\"},\"inLanguage\":\"fr-FR\",\"potentialAction\":[{\"@type\":\"ReadAction\",\"target\":[\"https:\\\/\\\/www.meslibellules.fr\\\/blog\\\/2024\\\/11\\\/19\\\/dythemis-sterilis\\\/\"]}]},{\"@type\":\"ImageObject\",\"inLanguage\":\"fr-FR\",\"@id\":\"https:\\\/\\\/www.meslibellules.fr\\\/blog\\\/2024\\\/11\\\/19\\\/dythemis-sterilis\\\/#primaryimage\",\"url\":\"https:\\\/\\\/www.meslibellules.fr\\\/blog\\\/wp-content\\\/uploads\\\/Dythemis-sterilis-male-4.webp\",\"contentUrl\":\"https:\\\/\\\/www.meslibellules.fr\\\/blog\\\/wp-content\\\/uploads\\\/Dythemis-sterilis-male-4.webp\"},{\"@type\":\"BreadcrumbList\",\"@id\":\"https:\\\/\\\/www.meslibellules.fr\\\/blog\\\/2024\\\/11\\\/19\\\/dythemis-sterilis\\\/#breadcrumb\",\"itemListElement\":[{\"@type\":\"ListItem\",\"position\":1,\"name\":\"Accueil\",\"item\":\"https:\\\/\\\/www.meslibellules.fr\\\/blog\\\/\"},{\"@type\":\"ListItem\",\"position\":2,\"name\":\"Cuba &#8211; Dythemis sterilis (Hagen, 1861)\"}]},{\"@type\":\"WebSite\",\"@id\":\"https:\\\/\\\/www.meslibellules.fr\\\/blog\\\/#website\",\"url\":\"https:\\\/\\\/www.meslibellules.fr\\\/blog\\\/\",\"name\":\"Mes Libellules\",\"description\":\"Pr\u00e9sentation des libellules rencontr\u00e9es dans le monde\",\"publisher\":{\"@id\":\"https:\\\/\\\/www.meslibellules.fr\\\/blog\\\/#\\\/schema\\\/person\\\/9aa3586f9dd053fcf329f43b8b053c77\"},\"potentialAction\":[{\"@type\":\"SearchAction\",\"target\":{\"@type\":\"EntryPoint\",\"urlTemplate\":\"https:\\\/\\\/www.meslibellules.fr\\\/blog\\\/?s={search_term_string}\"},\"query-input\":{\"@type\":\"PropertyValueSpecification\",\"valueRequired\":true,\"valueName\":\"search_term_string\"}}],\"inLanguage\":\"fr-FR\"},{\"@type\":[\"Person\",\"Organization\"],\"@id\":\"https:\\\/\\\/www.meslibellules.fr\\\/blog\\\/#\\\/schema\\\/person\\\/9aa3586f9dd053fcf329f43b8b053c77\",\"name\":\"Beno\u00eet Guillon\",\"image\":{\"@type\":\"ImageObject\",\"inLanguage\":\"fr-FR\",\"@id\":\"https:\\\/\\\/www.meslibellules.fr\\\/blog\\\/wp-content\\\/uploads\\\/cropped-avatar-150-pix.jpg\",\"url\":\"https:\\\/\\\/www.meslibellules.fr\\\/blog\\\/wp-content\\\/uploads\\\/cropped-avatar-150-pix.jpg\",\"contentUrl\":\"https:\\\/\\\/www.meslibellules.fr\\\/blog\\\/wp-content\\\/uploads\\\/cropped-avatar-150-pix.jpg\",\"width\":150,\"height\":137,\"caption\":\"Beno\u00eet Guillon\"},\"logo\":{\"@id\":\"https:\\\/\\\/www.meslibellules.fr\\\/blog\\\/wp-content\\\/uploads\\\/cropped-avatar-150-pix.jpg\"},\"sameAs\":[\"https:\\\/\\\/www.facebook.com\\\/benoit.guillon.96\\\/\"]}]}<\/script>\n<!-- \/ Yoast SEO plugin. -->","yoast_head_json":{"title":"Dythemis sterilis - Mes Libellules","description":"Dythemis sterilis m\u00e2le \u00e0 Cuba, description, identification, taille, habitat, distribution g\u00e9ographique, \u00e9tymologie","robots":{"index":"index","follow":"follow","max-snippet":"max-snippet:-1","max-image-preview":"max-image-preview:large","max-video-preview":"max-video-preview:-1"},"canonical":"https:\/\/www.meslibellules.fr\/blog\/2024\/11\/19\/dythemis-sterilis\/","og_locale":"fr_FR","og_type":"article","og_title":"Dythemis sterilis - Mes Libellules","og_description":"Dythemis sterilis m\u00e2le \u00e0 Cuba, description, identification, taille, habitat, distribution g\u00e9ographique, \u00e9tymologie","og_url":"https:\/\/www.meslibellules.fr\/blog\/2024\/11\/19\/dythemis-sterilis\/","og_site_name":"Mes Libellules","article_publisher":"https:\/\/www.facebook.com\/benoit.guillon.96\/","article_author":"https:\/\/www.facebook.com\/benoit.guillon.96\/","article_published_time":"2024-11-19T04:38:59+00:00","article_modified_time":"2025-12-13T08:22:08+00:00","og_image":[{"width":1635,"height":1504,"url":"https:\/\/www.meslibellules.fr\/blog\/wp-content\/uploads\/Dythemis-sterilis-male-4.webp","type":"image\/webp"}],"author":"Beno\u00eet Guillon","twitter_card":"summary_large_image","twitter_misc":{"\u00c9crit par":"Beno\u00eet Guillon","Dur\u00e9e de lecture estim\u00e9e":"4 minutes"},"schema":{"@context":"https:\/\/schema.org","@graph":[{"@type":"Article","@id":"https:\/\/www.meslibellules.fr\/blog\/2024\/11\/19\/dythemis-sterilis\/#article","isPartOf":{"@id":"https:\/\/www.meslibellules.fr\/blog\/2024\/11\/19\/dythemis-sterilis\/"},"author":{"name":"Beno\u00eet Guillon","@id":"https:\/\/www.meslibellules.fr\/blog\/#\/schema\/person\/9aa3586f9dd053fcf329f43b8b053c77"},"headline":"Cuba &#8211; Dythemis sterilis (Hagen, 1861)","datePublished":"2024-11-19T04:38:59+00:00","dateModified":"2025-12-13T08:22:08+00:00","mainEntityOfPage":{"@id":"https:\/\/www.meslibellules.fr\/blog\/2024\/11\/19\/dythemis-sterilis\/"},"wordCount":463,"commentCount":0,"publisher":{"@id":"https:\/\/www.meslibellules.fr\/blog\/#\/schema\/person\/9aa3586f9dd053fcf329f43b8b053c77"},"image":{"@id":"https:\/\/www.meslibellules.fr\/blog\/2024\/11\/19\/dythemis-sterilis\/#primaryimage"},"thumbnailUrl":"https:\/\/www.meslibellules.fr\/blog\/wp-content\/uploads\/Dythemis-sterilis-male-4.webp","keywords":["Cuba","Libellulidae - Cuba"],"articleSection":["Cuba","Libellulidae"],"inLanguage":"fr-FR","potentialAction":[{"@type":"CommentAction","name":"Comment","target":["https:\/\/www.meslibellules.fr\/blog\/2024\/11\/19\/dythemis-sterilis\/#respond"]}]},{"@type":"WebPage","@id":"https:\/\/www.meslibellules.fr\/blog\/2024\/11\/19\/dythemis-sterilis\/","url":"https:\/\/www.meslibellules.fr\/blog\/2024\/11\/19\/dythemis-sterilis\/","name":"Dythemis sterilis - Mes Libellules","isPartOf":{"@id":"https:\/\/www.meslibellules.fr\/blog\/#website"},"primaryImageOfPage":{"@id":"https:\/\/www.meslibellules.fr\/blog\/2024\/11\/19\/dythemis-sterilis\/#primaryimage"},"image":{"@id":"https:\/\/www.meslibellules.fr\/blog\/2024\/11\/19\/dythemis-sterilis\/#primaryimage"},"thumbnailUrl":"https:\/\/www.meslibellules.fr\/blog\/wp-content\/uploads\/Dythemis-sterilis-male-4.webp","datePublished":"2024-11-19T04:38:59+00:00","dateModified":"2025-12-13T08:22:08+00:00","description":"Dythemis sterilis m\u00e2le \u00e0 Cuba, description, identification, taille, habitat, distribution g\u00e9ographique, \u00e9tymologie","breadcrumb":{"@id":"https:\/\/www.meslibellules.fr\/blog\/2024\/11\/19\/dythemis-sterilis\/#breadcrumb"},"inLanguage":"fr-FR","potentialAction":[{"@type":"ReadAction","target":["https:\/\/www.meslibellules.fr\/blog\/2024\/11\/19\/dythemis-sterilis\/"]}]},{"@type":"ImageObject","inLanguage":"fr-FR","@id":"https:\/\/www.meslibellules.fr\/blog\/2024\/11\/19\/dythemis-sterilis\/#primaryimage","url":"https:\/\/www.meslibellules.fr\/blog\/wp-content\/uploads\/Dythemis-sterilis-male-4.webp","contentUrl":"https:\/\/www.meslibellules.fr\/blog\/wp-content\/uploads\/Dythemis-sterilis-male-4.webp"},{"@type":"BreadcrumbList","@id":"https:\/\/www.meslibellules.fr\/blog\/2024\/11\/19\/dythemis-sterilis\/#breadcrumb","itemListElement":[{"@type":"ListItem","position":1,"name":"Accueil","item":"https:\/\/www.meslibellules.fr\/blog\/"},{"@type":"ListItem","position":2,"name":"Cuba &#8211; Dythemis sterilis (Hagen, 1861)"}]},{"@type":"WebSite","@id":"https:\/\/www.meslibellules.fr\/blog\/#website","url":"https:\/\/www.meslibellules.fr\/blog\/","name":"Mes Libellules","description":"Pr\u00e9sentation des libellules rencontr\u00e9es dans le monde","publisher":{"@id":"https:\/\/www.meslibellules.fr\/blog\/#\/schema\/person\/9aa3586f9dd053fcf329f43b8b053c77"},"potentialAction":[{"@type":"SearchAction","target":{"@type":"EntryPoint","urlTemplate":"https:\/\/www.meslibellules.fr\/blog\/?s={search_term_string}"},"query-input":{"@type":"PropertyValueSpecification","valueRequired":true,"valueName":"search_term_string"}}],"inLanguage":"fr-FR"},{"@type":["Person","Organization"],"@id":"https:\/\/www.meslibellules.fr\/blog\/#\/schema\/person\/9aa3586f9dd053fcf329f43b8b053c77","name":"Beno\u00eet Guillon","image":{"@type":"ImageObject","inLanguage":"fr-FR","@id":"https:\/\/www.meslibellules.fr\/blog\/wp-content\/uploads\/cropped-avatar-150-pix.jpg","url":"https:\/\/www.meslibellules.fr\/blog\/wp-content\/uploads\/cropped-avatar-150-pix.jpg","contentUrl":"https:\/\/www.meslibellules.fr\/blog\/wp-content\/uploads\/cropped-avatar-150-pix.jpg","width":150,"height":137,"caption":"Beno\u00eet Guillon"},"logo":{"@id":"https:\/\/www.meslibellules.fr\/blog\/wp-content\/uploads\/cropped-avatar-150-pix.jpg"},"sameAs":["https:\/\/www.facebook.com\/benoit.guillon.96\/"]}]}},"_links":{"self":[{"href":"https:\/\/www.meslibellules.fr\/blog\/wp-json\/wp\/v2\/posts\/22705","targetHints":{"allow":["GET"]}}],"collection":[{"href":"https:\/\/www.meslibellules.fr\/blog\/wp-json\/wp\/v2\/posts"}],"about":[{"href":"https:\/\/www.meslibellules.fr\/blog\/wp-json\/wp\/v2\/types\/post"}],"author":[{"embeddable":true,"href":"https:\/\/www.meslibellules.fr\/blog\/wp-json\/wp\/v2\/users\/1"}],"replies":[{"embeddable":true,"href":"https:\/\/www.meslibellules.fr\/blog\/wp-json\/wp\/v2\/comments?post=22705"}],"version-history":[{"count":1,"href":"https:\/\/www.meslibellules.fr\/blog\/wp-json\/wp\/v2\/posts\/22705\/revisions"}],"predecessor-version":[{"id":27294,"href":"https:\/\/www.meslibellules.fr\/blog\/wp-json\/wp\/v2\/posts\/22705\/revisions\/27294"}],"wp:attachment":[{"href":"https:\/\/www.meslibellules.fr\/blog\/wp-json\/wp\/v2\/media?parent=22705"}],"wp:term":[{"taxonomy":"category","embeddable":true,"href":"https:\/\/www.meslibellules.fr\/blog\/wp-json\/wp\/v2\/categories?post=22705"},{"taxonomy":"post_tag","embeddable":true,"href":"https:\/\/www.meslibellules.fr\/blog\/wp-json\/wp\/v2\/tags?post=22705"}],"curies":[{"name":"wp","href":"https:\/\/api.w.org\/{rel}","templated":true}]}}