{"id":22994,"date":"2024-12-13T18:44:22","date_gmt":"2024-12-13T17:44:22","guid":{"rendered":"https:\/\/www.meslibellules.fr\/blog\/?p=22994"},"modified":"2024-12-13T18:51:56","modified_gmt":"2024-12-13T17:51:56","slug":"orolestes-octomaculatus","status":"publish","type":"post","link":"https:\/\/www.meslibellules.fr\/blog\/2024\/12\/13\/orolestes-octomaculatus\/","title":{"rendered":"Tha\u00eflande &#8211; Orolestes octomaculatus (Martin, 1902)"},"content":{"rendered":"\n<figure class=\"wp-block-image aligncenter size-full is-resized\"><a href=\"https:\/\/www.meslibellules.fr\/blog\/wp-content\/uploads\/Orolestes-octomaculatus-male-4.webp\"><img decoding=\"async\" width=\"1377\" height=\"1204\" data-src=\"https:\/\/www.meslibellules.fr\/blog\/wp-content\/uploads\/Orolestes-octomaculatus-male-4.webp\" alt=\"Orolestes maculatus m\u00e2le, Tha\u00eflande, Pha Lad temple (Doi Suthep NP), 31\/05\/2024\" class=\"wp-image-22991 lazyload\" style=\"--smush-placeholder-width: 1377px; --smush-placeholder-aspect-ratio: 1377\/1204;width:638px;height:auto\" data-srcset=\"https:\/\/www.meslibellules.fr\/blog\/wp-content\/uploads\/Orolestes-octomaculatus-male-4.webp 1377w, https:\/\/www.meslibellules.fr\/blog\/wp-content\/uploads\/Orolestes-octomaculatus-male-4-768x672.webp 768w\" data-sizes=\"(max-width: 1377px) 100vw, 1377px\" src=\"data:image\/svg+xml;base64,PHN2ZyB3aWR0aD0iMSIgaGVpZ2h0PSIxIiB4bWxucz0iaHR0cDovL3d3dy53My5vcmcvMjAwMC9zdmciPjwvc3ZnPg==\" \/><\/a><figcaption class=\"wp-element-caption\">Orolestes maculatus m\u00e2le, Tha\u00eflande, Pha Lad temple (Doi Suthep NP), 31\/05\/2024<\/figcaption><\/figure>\n\n\n\n<p>Ren\u00e9 Martin a d\u00e9crit Orolestes octomaculatus d&rsquo;apr\u00e8s un sp\u00e9cimen captur\u00e9 au Cambodge pendant la Mission Pavie (1).  Ce spectaculaire Lestidae mesure 53 mm pour l&rsquo;abdomen, soit environ 68 mm de longueur totale. Martin ne donne bien s\u00fbr aucun d\u00e9tail suppl\u00e9mentaire et se cantonne \u00e0 son r\u00f4le d&rsquo;entomologiste, sp\u00e9cialiste des odonates, descripteur d&rsquo;esp\u00e8ces qu&rsquo;il n&rsquo;a jamais vues vivantes. C&rsquo;est en son hommage qu&rsquo;est titr\u00e9e la revue fran\u00e7aise, malheureusement uniquement num\u00e9rique maintenant, <a href=\"https:\/\/martinia.insectes.org\/\">Martinia<\/a>.<\/p>\n\n\n\n<figure class=\"wp-block-image aligncenter size-full is-resized\"><a href=\"https:\/\/www.meslibellules.fr\/blog\/wp-content\/uploads\/Orolestes-octomaculatus-male-2.webp\"><img decoding=\"async\" width=\"1373\" height=\"1504\" data-src=\"https:\/\/www.meslibellules.fr\/blog\/wp-content\/uploads\/Orolestes-octomaculatus-male-2.webp\" alt=\"Orolestes maculatus m\u00e2le, Tha\u00eflande, Pha Lad temple (Doi Suthep NP), 31\/05\/2024\" class=\"wp-image-22989 lazyload\" style=\"--smush-placeholder-width: 1373px; --smush-placeholder-aspect-ratio: 1373\/1504;width:413px;height:auto\" data-srcset=\"https:\/\/www.meslibellules.fr\/blog\/wp-content\/uploads\/Orolestes-octomaculatus-male-2.webp 1373w, https:\/\/www.meslibellules.fr\/blog\/wp-content\/uploads\/Orolestes-octomaculatus-male-2-768x841.webp 768w\" data-sizes=\"(max-width: 1373px) 100vw, 1373px\" src=\"data:image\/svg+xml;base64,PHN2ZyB3aWR0aD0iMSIgaGVpZ2h0PSIxIiB4bWxucz0iaHR0cDovL3d3dy53My5vcmcvMjAwMC9zdmciPjwvc3ZnPg==\" \/><\/a><figcaption class=\"wp-element-caption\">Orolestes maculatus m\u00e2le, Tha\u00eflande, Pha Lad temple (Doi Suthep NP), 31\/05\/2024<\/figcaption><\/figure>\n\n\n\n<p>On ne conna\u00eet actuellement que 4 Orolestes. Deux ont les ailes color\u00e9es O. octomaculatus et <a href=\"https:\/\/www.meslibellules.fr\/blog\/2018\/09\/08\/orolestes-selysi\/\">O. selysi<\/a>, 2 ont les ailes hyalines, <a href=\"https:\/\/www.meslibellules.fr\/voyages\/malaisie\/orolestes-wallacei\/orolestes-wallacei-male-1.php\">Orolestes Wallacei<\/a> et O. durga qui semble tr\u00e8s rare, confin\u00e9 \u00e0 l&rsquo;est de l&rsquo;Inde, dont je n&rsquo;ai pas trouv\u00e9 de photo, mais dont la description est disponible <a href=\"https:\/\/ia803104.us.archive.org\/1\/items\/dli.zoological.occpapers.099\/index.pdf\">ici<\/a> (p. 61 et la <a href=\"https:\/\/meslibellules.fr\/pagesweb\/divers\/glossaire.php\">pt\u00e9rographie<\/a> p. 389). Cet Orolestes octomaculatus fait donc partie des tr\u00e8s rares Lestidae aux ailes color\u00e9es.<\/p>\n\n\n\n<figure class=\"wp-block-gallery has-nested-images columns-default is-cropped wp-block-gallery-1 is-layout-flex wp-block-gallery-is-layout-flex\">\n<figure class=\"wp-block-image size-large\"><a href=\"https:\/\/www.meslibellules.fr\/blog\/wp-content\/uploads\/Orolestes-octomaculatus-male-3.webp\"><img decoding=\"async\" width=\"1051\" height=\"1204\" data-id=\"22990\" data-src=\"https:\/\/www.meslibellules.fr\/blog\/wp-content\/uploads\/Orolestes-octomaculatus-male-3.webp\" alt=\"Orolestes maculatus m\u00e2le, Tha\u00eflande, Pha Lad temple (Doi Suthep NP), 31\/05\/2024\" class=\"wp-image-22990 lazyload\" data-srcset=\"https:\/\/www.meslibellules.fr\/blog\/wp-content\/uploads\/Orolestes-octomaculatus-male-3.webp 1051w, https:\/\/www.meslibellules.fr\/blog\/wp-content\/uploads\/Orolestes-octomaculatus-male-3-768x880.webp 768w\" data-sizes=\"(max-width: 1051px) 100vw, 1051px\" src=\"data:image\/svg+xml;base64,PHN2ZyB3aWR0aD0iMSIgaGVpZ2h0PSIxIiB4bWxucz0iaHR0cDovL3d3dy53My5vcmcvMjAwMC9zdmciPjwvc3ZnPg==\" style=\"--smush-placeholder-width: 1051px; --smush-placeholder-aspect-ratio: 1051\/1204;\" \/><\/a><\/figure>\n\n\n\n<figure class=\"wp-block-image size-large\"><a href=\"https:\/\/www.meslibellules.fr\/blog\/wp-content\/uploads\/Orolestes-octomaculatus-male-6.webp\"><img decoding=\"async\" width=\"1090\" height=\"1204\" data-id=\"22993\" data-src=\"https:\/\/www.meslibellules.fr\/blog\/wp-content\/uploads\/Orolestes-octomaculatus-male-6.webp\" alt=\"Orolestes maculatus m\u00e2le, Tha\u00eflande, Pha Lad temple (Doi Suthep NP), 31\/05\/2024\" class=\"wp-image-22993 lazyload\" data-srcset=\"https:\/\/www.meslibellules.fr\/blog\/wp-content\/uploads\/Orolestes-octomaculatus-male-6.webp 1090w, https:\/\/www.meslibellules.fr\/blog\/wp-content\/uploads\/Orolestes-octomaculatus-male-6-768x848.webp 768w\" data-sizes=\"(max-width: 1090px) 100vw, 1090px\" src=\"data:image\/svg+xml;base64,PHN2ZyB3aWR0aD0iMSIgaGVpZ2h0PSIxIiB4bWxucz0iaHR0cDovL3d3dy53My5vcmcvMjAwMC9zdmciPjwvc3ZnPg==\" style=\"--smush-placeholder-width: 1090px; --smush-placeholder-aspect-ratio: 1090\/1204;\" \/><\/a><figcaption class=\"wp-element-caption\">Orolestes maculatus m\u00e2le, Tha\u00eflande, Pha Lad temple (Doi Suthep NP), 31\/05\/2024<\/figcaption><\/figure>\n<figcaption class=\"blocks-gallery-caption wp-element-caption\">Orolestes maculatus m\u00e2le, Tha\u00eflande, Pha Lad temple (Doi Suthep NP), 31\/05\/2024<\/figcaption><\/figure>\n\n\n\n<p>L&rsquo;identification ne pose bien s\u00fbr pas de probl\u00e8me ; peu de libellules se posent les quatre ailes ouvertes exhibant huit taches alaires, m\u00eame si celles-ci sont variables avec l&rsquo;\u00e2ge et entre les individus.<br>Nous l&rsquo;avons rencontr\u00e9 en limite de for\u00eat pr\u00e8s d&rsquo;une <a href=\"https:\/\/www.meslibellules.fr\/blog\/wp-content\/uploads\/31-05-24-Pha-Lad-Temple.webp\">pauvre mare artificielle<\/a> presque ass\u00e9ch\u00e9e.<\/p>\n\n\n\n<figure class=\"wp-block-image aligncenter size-full is-resized\"><a href=\"https:\/\/www.meslibellules.fr\/blog\/wp-content\/uploads\/Orolestes-octomaculatus-male-5.webp\"><img decoding=\"async\" width=\"1407\" height=\"1204\" data-src=\"https:\/\/www.meslibellules.fr\/blog\/wp-content\/uploads\/Orolestes-octomaculatus-male-5.webp\" alt=\"Orolestes maculatus m\u00e2le, Tha\u00eflande, Pha Lad temple (Doi Suthep NP), 31\/05\/2024\" class=\"wp-image-22992 lazyload\" style=\"--smush-placeholder-width: 1407px; --smush-placeholder-aspect-ratio: 1407\/1204;width:596px;height:auto\" data-srcset=\"https:\/\/www.meslibellules.fr\/blog\/wp-content\/uploads\/Orolestes-octomaculatus-male-5.webp 1407w, https:\/\/www.meslibellules.fr\/blog\/wp-content\/uploads\/Orolestes-octomaculatus-male-5-768x657.webp 768w\" data-sizes=\"(max-width: 1407px) 100vw, 1407px\" src=\"data:image\/svg+xml;base64,PHN2ZyB3aWR0aD0iMSIgaGVpZ2h0PSIxIiB4bWxucz0iaHR0cDovL3d3dy53My5vcmcvMjAwMC9zdmciPjwvc3ZnPg==\" \/><\/a><figcaption class=\"wp-element-caption\">Orolestes maculatus m\u00e2le, Tha\u00eflande, Pha Lad temple (Doi Suthep NP), 31\/05\/2024<\/figcaption><\/figure>\n\n\n\n<p>L&rsquo;esp\u00e8ce est pr\u00e9sente en Tha\u00eflande, au Laos, au Cambodge et au Vietnam.<br>Sur le site de l&rsquo;IUCN, on peut lire : \u00ab\u00a0Il est probable qu&rsquo;on le trouve aussi au Cambodge\u00a0\u00bb. Oui, c&rsquo;est certain, il  a m\u00eame \u00e9t\u00e9 d\u00e9crit \u00e0 partir d&rsquo;un sujet captur\u00e9 dans ce pays !<\/p>\n\n\n\n<div class=\"wp-block-media-text is-stacked-on-mobile\" style=\"grid-template-columns:52% auto\"><figure class=\"wp-block-media-text__media\"><a href=\"https:\/\/www.meslibellules.fr\/blog\/wp-content\/uploads\/Orolestes-octomaculatus-male-1.webp\"><img decoding=\"async\" width=\"1620\" height=\"1204\" data-src=\"https:\/\/www.meslibellules.fr\/blog\/wp-content\/uploads\/Orolestes-octomaculatus-male-1.webp\" alt=\"Orolestes maculatus m\u00e2le, Tha\u00eflande, Pha Lad temple (Doi Suthep NP), 31\/05\/2024\" class=\"wp-image-22988 size-full lazyload\" data-srcset=\"https:\/\/www.meslibellules.fr\/blog\/wp-content\/uploads\/Orolestes-octomaculatus-male-1.webp 1620w, https:\/\/www.meslibellules.fr\/blog\/wp-content\/uploads\/Orolestes-octomaculatus-male-1-768x571.webp 768w, https:\/\/www.meslibellules.fr\/blog\/wp-content\/uploads\/Orolestes-octomaculatus-male-1-1536x1142.webp 1536w\" data-sizes=\"(max-width: 1620px) 100vw, 1620px\" src=\"data:image\/svg+xml;base64,PHN2ZyB3aWR0aD0iMSIgaGVpZ2h0PSIxIiB4bWxucz0iaHR0cDovL3d3dy53My5vcmcvMjAwMC9zdmciPjwvc3ZnPg==\" style=\"--smush-placeholder-width: 1620px; --smush-placeholder-aspect-ratio: 1620\/1204;\" \/><\/a><\/figure><div class=\"wp-block-media-text__content\">\n<p><strong><span style=\"text-decoration: underline;\">\u00c9tymologie<\/span><br \/>Orolestes<\/strong> (MacLahan, 1895)(2) ; <em>oro<\/em> du grec <em>oros<\/em> pour montagne et de lestes. Je suppose que l&rsquo;auteur l&rsquo;a nomm\u00e9 ainsi, car il l&rsquo;a captur\u00e9 au nord de l&rsquo;Inde, au Darjeeling, r\u00e9gion montagneuse au pied de l&rsquo;Himalaya.<br \/>Lestes a \u00e9t\u00e9 cr\u00e9\u00e9 par Leach (1815) et vient du mot grec \u03bb\u03b7\u03c3\u03c4\u03b7\u03c3 qui signifie voleur ou pirate, tr\u00e8s vraisemblablement en raison de la forme des appendices anaux qui \u00e9voque le coutelas courb\u00e9 des pirates (3).<\/p>\n<\/div><\/div>\n\n\n\n<div style=\"height:19px\" aria-hidden=\"true\" class=\"wp-block-spacer\"><\/div>\n\n\n\n<p><strong>Octomaculatus<\/strong> ; du latin <em>octo<\/em> pour <em>huit<\/em> et de <em>maculatus<\/em> pour <em>tach\u00e9<\/em>, en r\u00e9f\u00e9rence au huit taches port\u00e9es par les quatre ailes.<\/p>\n\n\n\n<div style=\"height:30px\" aria-hidden=\"true\" class=\"wp-block-spacer\"><\/div>\n\n\n\n<p>1- Martin, Ren\u00e9. 1904&nbsp;<a href=\"https:\/\/www.biodiversitylibrary.org\/item\/228414#page\/268\/mode\/1up\">Liste des N\u00e9vropt\u00e8res de l\u2019Indo-Chine<\/a> [pp. 204-221]. In: Mission Pavie Indo-Chine, 1879-1895. Vol. 3, P. 220.<br>2- MacLahan, 1895 &#8211; <a href=\"https:\/\/ia804503.us.archive.org\/8\/items\/biostor-72342\/biostor-72342.pdf\">Some new species of Odonata of the \u201cLegion\u201d Lestes, with notes<\/a>. Annals and Magazine of Natural History, p. 21.<br>3- 4 \u2013&nbsp;<a href=\"https:\/\/www.researchgate.net\/publication\/373156947_Why_did_William_Elford_Leach_call_a_small_damselfly_a_'pirate'_-_Revisiting_the_etymology_of_the_genus_Lestes_Odonata_Lestidae\">Why did William Elford Leach call a small damselfly a \u00ab&nbsp;pirate&nbsp;\u00bb ? \u2013 Revisiting the etymology of the genus Lestes (Odonata: Lestidae)<\/a>, Matti H\u00e4m\u00e4l\u00e4inen &amp; Heinrich Fliedner, Notulae odonatologicae 10(1) 2023:8-16<\/p>\n\n\n\n<div style=\"height:30px\" aria-hidden=\"true\" class=\"wp-block-spacer\"><\/div>\n\n\n\n<div class=\"wp-block-buttons is-vertical is-layout-flex wp-container-core-buttons-is-layout-16cda065 wp-block-buttons-is-layout-flex\">\n<div class=\"wp-block-button\"><a class=\"wp-block-button__link wp-element-button\" href=\"https:\/\/www.meslibellules.fr\/blog\/libellules-de-thailande\/\">Accueil Tha\u00eflande<\/a><\/div>\n\n\n\n<div class=\"wp-block-button\"><a class=\"wp-block-button__link wp-element-button\" href=\"http:\/\/www.meslibellules.fr\/pagesweb\/divers\/liste-generale-odonates-du-site\/asia-odonates.php\">Liste Asie<\/a><\/div>\n\n\n\n<div class=\"wp-block-button\"><a class=\"wp-block-button__link wp-element-button\" href=\"https:\/\/www.meslibellules.fr\/blog\/\">Accueil<\/a><\/div>\n<\/div>\n","protected":false},"excerpt":{"rendered":"<p>Ren\u00e9 Martin a d\u00e9crit Orolestes octomaculatus d&rsquo;apr\u00e8s un sp\u00e9cimen captur\u00e9 au Cambodge pendant la Mission Pavie (1). Ce spectaculaire Lestidae mesure 53 mm pour l&rsquo;abdomen, soit environ 68 mm de longueur totale. Martin ne donne bien s\u00fbr aucun d\u00e9tail suppl\u00e9mentaire et se cantonne \u00e0 son r\u00f4le d&rsquo;entomologiste, sp\u00e9cialiste des odonates, descripteur d&rsquo;esp\u00e8ces qu&rsquo;il n&rsquo;a jamais [&hellip;]<\/p>\n","protected":false},"author":1,"featured_media":0,"comment_status":"open","ping_status":"open","sticky":false,"template":"","format":"image","meta":{"site-sidebar-layout":"default","site-content-layout":"","ast-site-content-layout":"default","site-content-style":"default","site-sidebar-style":"default","ast-global-header-display":"","ast-banner-title-visibility":"","ast-main-header-display":"","ast-hfb-above-header-display":"","ast-hfb-below-header-display":"","ast-hfb-mobile-header-display":"","site-post-title":"","ast-breadcrumbs-content":"","ast-featured-img":"","footer-sml-layout":"","ast-disable-related-posts":"","theme-transparent-header-meta":"","adv-header-id-meta":"","stick-header-meta":"","header-above-stick-meta":"","header-main-stick-meta":"","header-below-stick-meta":"","astra-migrate-meta-layouts":"set","ast-page-background-enabled":"default","ast-page-background-meta":{"desktop":{"background-color":"var(--ast-global-color-4)","background-image":"","background-repeat":"repeat","background-position":"center center","background-size":"auto","background-attachment":"scroll","background-type":"","background-media":"","overlay-type":"","overlay-color":"","overlay-opacity":"","overlay-gradient":""},"tablet":{"background-color":"","background-image":"","background-repeat":"repeat","background-position":"center center","background-size":"auto","background-attachment":"scroll","background-type":"","background-media":"","overlay-type":"","overlay-color":"","overlay-opacity":"","overlay-gradient":""},"mobile":{"background-color":"","background-image":"","background-repeat":"repeat","background-position":"center center","background-size":"auto","background-attachment":"scroll","background-type":"","background-media":"","overlay-type":"","overlay-color":"","overlay-opacity":"","overlay-gradient":""}},"ast-content-background-meta":{"desktop":{"background-color":"var(--ast-global-color-5)","background-image":"","background-repeat":"repeat","background-position":"center center","background-size":"auto","background-attachment":"scroll","background-type":"","background-media":"","overlay-type":"","overlay-color":"","overlay-opacity":"","overlay-gradient":""},"tablet":{"background-color":"var(--ast-global-color-5)","background-image":"","background-repeat":"repeat","background-position":"center center","background-size":"auto","background-attachment":"scroll","background-type":"","background-media":"","overlay-type":"","overlay-color":"","overlay-opacity":"","overlay-gradient":""},"mobile":{"background-color":"var(--ast-global-color-5)","background-image":"","background-repeat":"repeat","background-position":"center center","background-size":"auto","background-attachment":"scroll","background-type":"","background-media":"","overlay-type":"","overlay-color":"","overlay-opacity":"","overlay-gradient":""}},"footnotes":""},"categories":[38558,1379],"tags":[38559,1381],"class_list":["post-22994","post","type-post","status-publish","format-image","hentry","category-lestidae-thailande","category-thailande","tag-lestidae-thailande","tag-thailande","post_format-post-format-image"],"yoast_head":"<!-- This site is optimized with the Yoast SEO plugin v27.5 - https:\/\/yoast.com\/product\/yoast-seo-wordpress\/ -->\n<title>Orolestes octomaculatus - Mes Libellules<\/title>\n<meta name=\"description\" content=\"Orolestes octomaculatus m\u00e2le en Tha\u00eflande, description, identification, taille, habitat, distribution g\u00e9ographique, \u00e9tymologie\" \/>\n<meta name=\"robots\" content=\"index, follow, max-snippet:-1, max-image-preview:large, max-video-preview:-1\" \/>\n<link rel=\"canonical\" href=\"https:\/\/www.meslibellules.fr\/blog\/2024\/12\/13\/orolestes-octomaculatus\/\" \/>\n<meta property=\"og:locale\" content=\"fr_FR\" \/>\n<meta property=\"og:type\" content=\"article\" \/>\n<meta property=\"og:title\" content=\"Orolestes octomaculatus - Mes Libellules\" \/>\n<meta property=\"og:description\" content=\"Orolestes octomaculatus m\u00e2le en Tha\u00eflande, description, identification, taille, habitat, distribution g\u00e9ographique, \u00e9tymologie\" \/>\n<meta property=\"og:url\" content=\"https:\/\/www.meslibellules.fr\/blog\/2024\/12\/13\/orolestes-octomaculatus\/\" \/>\n<meta property=\"og:site_name\" content=\"Mes Libellules\" \/>\n<meta property=\"article:publisher\" content=\"https:\/\/www.facebook.com\/benoit.guillon.96\/\" \/>\n<meta property=\"article:author\" content=\"https:\/\/www.facebook.com\/benoit.guillon.96\/\" \/>\n<meta property=\"article:published_time\" content=\"2024-12-13T17:44:22+00:00\" \/>\n<meta property=\"article:modified_time\" content=\"2024-12-13T17:51:56+00:00\" \/>\n<meta property=\"og:image\" content=\"https:\/\/www.meslibellules.fr\/blog\/wp-content\/uploads\/Orolestes-octomaculatus-male-4.webp\" \/>\n\t<meta property=\"og:image:width\" content=\"1377\" \/>\n\t<meta property=\"og:image:height\" content=\"1204\" \/>\n\t<meta property=\"og:image:type\" content=\"image\/webp\" \/>\n<meta name=\"author\" content=\"Beno\u00eet Guillon\" \/>\n<meta name=\"twitter:card\" content=\"summary_large_image\" \/>\n<meta name=\"twitter:label1\" content=\"\u00c9crit par\" \/>\n\t<meta name=\"twitter:data1\" content=\"Beno\u00eet Guillon\" \/>\n\t<meta name=\"twitter:label2\" content=\"Dur\u00e9e de lecture estim\u00e9e\" \/>\n\t<meta name=\"twitter:data2\" content=\"4 minutes\" \/>\n<script type=\"application\/ld+json\" class=\"yoast-schema-graph\">{\"@context\":\"https:\\\/\\\/schema.org\",\"@graph\":[{\"@type\":\"Article\",\"@id\":\"https:\\\/\\\/www.meslibellules.fr\\\/blog\\\/2024\\\/12\\\/13\\\/orolestes-octomaculatus\\\/#article\",\"isPartOf\":{\"@id\":\"https:\\\/\\\/www.meslibellules.fr\\\/blog\\\/2024\\\/12\\\/13\\\/orolestes-octomaculatus\\\/\"},\"author\":{\"name\":\"Beno\u00eet Guillon\",\"@id\":\"https:\\\/\\\/www.meslibellules.fr\\\/blog\\\/#\\\/schema\\\/person\\\/9aa3586f9dd053fcf329f43b8b053c77\"},\"headline\":\"Tha\u00eflande &#8211; Orolestes octomaculatus (Martin, 1902)\",\"datePublished\":\"2024-12-13T17:44:22+00:00\",\"dateModified\":\"2024-12-13T17:51:56+00:00\",\"mainEntityOfPage\":{\"@id\":\"https:\\\/\\\/www.meslibellules.fr\\\/blog\\\/2024\\\/12\\\/13\\\/orolestes-octomaculatus\\\/\"},\"wordCount\":514,\"commentCount\":0,\"publisher\":{\"@id\":\"https:\\\/\\\/www.meslibellules.fr\\\/blog\\\/#\\\/schema\\\/person\\\/9aa3586f9dd053fcf329f43b8b053c77\"},\"image\":{\"@id\":\"https:\\\/\\\/www.meslibellules.fr\\\/blog\\\/2024\\\/12\\\/13\\\/orolestes-octomaculatus\\\/#primaryimage\"},\"thumbnailUrl\":\"https:\\\/\\\/www.meslibellules.fr\\\/blog\\\/wp-content\\\/uploads\\\/Orolestes-octomaculatus-male-4.webp\",\"keywords\":[\"Lestidae - Tha\u00eflande\",\"Tha\u00eflande\"],\"articleSection\":[\"Lestidae\",\"Tha\u00eflande\"],\"inLanguage\":\"fr-FR\",\"potentialAction\":[{\"@type\":\"CommentAction\",\"name\":\"Comment\",\"target\":[\"https:\\\/\\\/www.meslibellules.fr\\\/blog\\\/2024\\\/12\\\/13\\\/orolestes-octomaculatus\\\/#respond\"]}]},{\"@type\":\"WebPage\",\"@id\":\"https:\\\/\\\/www.meslibellules.fr\\\/blog\\\/2024\\\/12\\\/13\\\/orolestes-octomaculatus\\\/\",\"url\":\"https:\\\/\\\/www.meslibellules.fr\\\/blog\\\/2024\\\/12\\\/13\\\/orolestes-octomaculatus\\\/\",\"name\":\"Orolestes octomaculatus - Mes Libellules\",\"isPartOf\":{\"@id\":\"https:\\\/\\\/www.meslibellules.fr\\\/blog\\\/#website\"},\"primaryImageOfPage\":{\"@id\":\"https:\\\/\\\/www.meslibellules.fr\\\/blog\\\/2024\\\/12\\\/13\\\/orolestes-octomaculatus\\\/#primaryimage\"},\"image\":{\"@id\":\"https:\\\/\\\/www.meslibellules.fr\\\/blog\\\/2024\\\/12\\\/13\\\/orolestes-octomaculatus\\\/#primaryimage\"},\"thumbnailUrl\":\"https:\\\/\\\/www.meslibellules.fr\\\/blog\\\/wp-content\\\/uploads\\\/Orolestes-octomaculatus-male-4.webp\",\"datePublished\":\"2024-12-13T17:44:22+00:00\",\"dateModified\":\"2024-12-13T17:51:56+00:00\",\"description\":\"Orolestes octomaculatus m\u00e2le en Tha\u00eflande, description, identification, taille, habitat, distribution g\u00e9ographique, \u00e9tymologie\",\"breadcrumb\":{\"@id\":\"https:\\\/\\\/www.meslibellules.fr\\\/blog\\\/2024\\\/12\\\/13\\\/orolestes-octomaculatus\\\/#breadcrumb\"},\"inLanguage\":\"fr-FR\",\"potentialAction\":[{\"@type\":\"ReadAction\",\"target\":[\"https:\\\/\\\/www.meslibellules.fr\\\/blog\\\/2024\\\/12\\\/13\\\/orolestes-octomaculatus\\\/\"]}]},{\"@type\":\"ImageObject\",\"inLanguage\":\"fr-FR\",\"@id\":\"https:\\\/\\\/www.meslibellules.fr\\\/blog\\\/2024\\\/12\\\/13\\\/orolestes-octomaculatus\\\/#primaryimage\",\"url\":\"https:\\\/\\\/www.meslibellules.fr\\\/blog\\\/wp-content\\\/uploads\\\/Orolestes-octomaculatus-male-4.webp\",\"contentUrl\":\"https:\\\/\\\/www.meslibellules.fr\\\/blog\\\/wp-content\\\/uploads\\\/Orolestes-octomaculatus-male-4.webp\"},{\"@type\":\"BreadcrumbList\",\"@id\":\"https:\\\/\\\/www.meslibellules.fr\\\/blog\\\/2024\\\/12\\\/13\\\/orolestes-octomaculatus\\\/#breadcrumb\",\"itemListElement\":[{\"@type\":\"ListItem\",\"position\":1,\"name\":\"Accueil\",\"item\":\"https:\\\/\\\/www.meslibellules.fr\\\/blog\\\/\"},{\"@type\":\"ListItem\",\"position\":2,\"name\":\"Tha\u00eflande &#8211; Orolestes octomaculatus (Martin, 1902)\"}]},{\"@type\":\"WebSite\",\"@id\":\"https:\\\/\\\/www.meslibellules.fr\\\/blog\\\/#website\",\"url\":\"https:\\\/\\\/www.meslibellules.fr\\\/blog\\\/\",\"name\":\"Mes Libellules\",\"description\":\"Pr\u00e9sentation des libellules rencontr\u00e9es dans le monde\",\"publisher\":{\"@id\":\"https:\\\/\\\/www.meslibellules.fr\\\/blog\\\/#\\\/schema\\\/person\\\/9aa3586f9dd053fcf329f43b8b053c77\"},\"potentialAction\":[{\"@type\":\"SearchAction\",\"target\":{\"@type\":\"EntryPoint\",\"urlTemplate\":\"https:\\\/\\\/www.meslibellules.fr\\\/blog\\\/?s={search_term_string}\"},\"query-input\":{\"@type\":\"PropertyValueSpecification\",\"valueRequired\":true,\"valueName\":\"search_term_string\"}}],\"inLanguage\":\"fr-FR\"},{\"@type\":[\"Person\",\"Organization\"],\"@id\":\"https:\\\/\\\/www.meslibellules.fr\\\/blog\\\/#\\\/schema\\\/person\\\/9aa3586f9dd053fcf329f43b8b053c77\",\"name\":\"Beno\u00eet Guillon\",\"image\":{\"@type\":\"ImageObject\",\"inLanguage\":\"fr-FR\",\"@id\":\"https:\\\/\\\/www.meslibellules.fr\\\/blog\\\/wp-content\\\/uploads\\\/cropped-avatar-150-pix.jpg\",\"url\":\"https:\\\/\\\/www.meslibellules.fr\\\/blog\\\/wp-content\\\/uploads\\\/cropped-avatar-150-pix.jpg\",\"contentUrl\":\"https:\\\/\\\/www.meslibellules.fr\\\/blog\\\/wp-content\\\/uploads\\\/cropped-avatar-150-pix.jpg\",\"width\":150,\"height\":137,\"caption\":\"Beno\u00eet Guillon\"},\"logo\":{\"@id\":\"https:\\\/\\\/www.meslibellules.fr\\\/blog\\\/wp-content\\\/uploads\\\/cropped-avatar-150-pix.jpg\"},\"sameAs\":[\"https:\\\/\\\/www.facebook.com\\\/benoit.guillon.96\\\/\"]}]}<\/script>\n<!-- \/ Yoast SEO plugin. -->","yoast_head_json":{"title":"Orolestes octomaculatus - Mes Libellules","description":"Orolestes octomaculatus m\u00e2le en Tha\u00eflande, description, identification, taille, habitat, distribution g\u00e9ographique, \u00e9tymologie","robots":{"index":"index","follow":"follow","max-snippet":"max-snippet:-1","max-image-preview":"max-image-preview:large","max-video-preview":"max-video-preview:-1"},"canonical":"https:\/\/www.meslibellules.fr\/blog\/2024\/12\/13\/orolestes-octomaculatus\/","og_locale":"fr_FR","og_type":"article","og_title":"Orolestes octomaculatus - Mes Libellules","og_description":"Orolestes octomaculatus m\u00e2le en Tha\u00eflande, description, identification, taille, habitat, distribution g\u00e9ographique, \u00e9tymologie","og_url":"https:\/\/www.meslibellules.fr\/blog\/2024\/12\/13\/orolestes-octomaculatus\/","og_site_name":"Mes Libellules","article_publisher":"https:\/\/www.facebook.com\/benoit.guillon.96\/","article_author":"https:\/\/www.facebook.com\/benoit.guillon.96\/","article_published_time":"2024-12-13T17:44:22+00:00","article_modified_time":"2024-12-13T17:51:56+00:00","og_image":[{"width":1377,"height":1204,"url":"https:\/\/www.meslibellules.fr\/blog\/wp-content\/uploads\/Orolestes-octomaculatus-male-4.webp","type":"image\/webp"}],"author":"Beno\u00eet Guillon","twitter_card":"summary_large_image","twitter_misc":{"\u00c9crit par":"Beno\u00eet Guillon","Dur\u00e9e de lecture estim\u00e9e":"4 minutes"},"schema":{"@context":"https:\/\/schema.org","@graph":[{"@type":"Article","@id":"https:\/\/www.meslibellules.fr\/blog\/2024\/12\/13\/orolestes-octomaculatus\/#article","isPartOf":{"@id":"https:\/\/www.meslibellules.fr\/blog\/2024\/12\/13\/orolestes-octomaculatus\/"},"author":{"name":"Beno\u00eet Guillon","@id":"https:\/\/www.meslibellules.fr\/blog\/#\/schema\/person\/9aa3586f9dd053fcf329f43b8b053c77"},"headline":"Tha\u00eflande &#8211; Orolestes octomaculatus (Martin, 1902)","datePublished":"2024-12-13T17:44:22+00:00","dateModified":"2024-12-13T17:51:56+00:00","mainEntityOfPage":{"@id":"https:\/\/www.meslibellules.fr\/blog\/2024\/12\/13\/orolestes-octomaculatus\/"},"wordCount":514,"commentCount":0,"publisher":{"@id":"https:\/\/www.meslibellules.fr\/blog\/#\/schema\/person\/9aa3586f9dd053fcf329f43b8b053c77"},"image":{"@id":"https:\/\/www.meslibellules.fr\/blog\/2024\/12\/13\/orolestes-octomaculatus\/#primaryimage"},"thumbnailUrl":"https:\/\/www.meslibellules.fr\/blog\/wp-content\/uploads\/Orolestes-octomaculatus-male-4.webp","keywords":["Lestidae - Tha\u00eflande","Tha\u00eflande"],"articleSection":["Lestidae","Tha\u00eflande"],"inLanguage":"fr-FR","potentialAction":[{"@type":"CommentAction","name":"Comment","target":["https:\/\/www.meslibellules.fr\/blog\/2024\/12\/13\/orolestes-octomaculatus\/#respond"]}]},{"@type":"WebPage","@id":"https:\/\/www.meslibellules.fr\/blog\/2024\/12\/13\/orolestes-octomaculatus\/","url":"https:\/\/www.meslibellules.fr\/blog\/2024\/12\/13\/orolestes-octomaculatus\/","name":"Orolestes octomaculatus - Mes Libellules","isPartOf":{"@id":"https:\/\/www.meslibellules.fr\/blog\/#website"},"primaryImageOfPage":{"@id":"https:\/\/www.meslibellules.fr\/blog\/2024\/12\/13\/orolestes-octomaculatus\/#primaryimage"},"image":{"@id":"https:\/\/www.meslibellules.fr\/blog\/2024\/12\/13\/orolestes-octomaculatus\/#primaryimage"},"thumbnailUrl":"https:\/\/www.meslibellules.fr\/blog\/wp-content\/uploads\/Orolestes-octomaculatus-male-4.webp","datePublished":"2024-12-13T17:44:22+00:00","dateModified":"2024-12-13T17:51:56+00:00","description":"Orolestes octomaculatus m\u00e2le en Tha\u00eflande, description, identification, taille, habitat, distribution g\u00e9ographique, \u00e9tymologie","breadcrumb":{"@id":"https:\/\/www.meslibellules.fr\/blog\/2024\/12\/13\/orolestes-octomaculatus\/#breadcrumb"},"inLanguage":"fr-FR","potentialAction":[{"@type":"ReadAction","target":["https:\/\/www.meslibellules.fr\/blog\/2024\/12\/13\/orolestes-octomaculatus\/"]}]},{"@type":"ImageObject","inLanguage":"fr-FR","@id":"https:\/\/www.meslibellules.fr\/blog\/2024\/12\/13\/orolestes-octomaculatus\/#primaryimage","url":"https:\/\/www.meslibellules.fr\/blog\/wp-content\/uploads\/Orolestes-octomaculatus-male-4.webp","contentUrl":"https:\/\/www.meslibellules.fr\/blog\/wp-content\/uploads\/Orolestes-octomaculatus-male-4.webp"},{"@type":"BreadcrumbList","@id":"https:\/\/www.meslibellules.fr\/blog\/2024\/12\/13\/orolestes-octomaculatus\/#breadcrumb","itemListElement":[{"@type":"ListItem","position":1,"name":"Accueil","item":"https:\/\/www.meslibellules.fr\/blog\/"},{"@type":"ListItem","position":2,"name":"Tha\u00eflande &#8211; Orolestes octomaculatus (Martin, 1902)"}]},{"@type":"WebSite","@id":"https:\/\/www.meslibellules.fr\/blog\/#website","url":"https:\/\/www.meslibellules.fr\/blog\/","name":"Mes Libellules","description":"Pr\u00e9sentation des libellules rencontr\u00e9es dans le monde","publisher":{"@id":"https:\/\/www.meslibellules.fr\/blog\/#\/schema\/person\/9aa3586f9dd053fcf329f43b8b053c77"},"potentialAction":[{"@type":"SearchAction","target":{"@type":"EntryPoint","urlTemplate":"https:\/\/www.meslibellules.fr\/blog\/?s={search_term_string}"},"query-input":{"@type":"PropertyValueSpecification","valueRequired":true,"valueName":"search_term_string"}}],"inLanguage":"fr-FR"},{"@type":["Person","Organization"],"@id":"https:\/\/www.meslibellules.fr\/blog\/#\/schema\/person\/9aa3586f9dd053fcf329f43b8b053c77","name":"Beno\u00eet Guillon","image":{"@type":"ImageObject","inLanguage":"fr-FR","@id":"https:\/\/www.meslibellules.fr\/blog\/wp-content\/uploads\/cropped-avatar-150-pix.jpg","url":"https:\/\/www.meslibellules.fr\/blog\/wp-content\/uploads\/cropped-avatar-150-pix.jpg","contentUrl":"https:\/\/www.meslibellules.fr\/blog\/wp-content\/uploads\/cropped-avatar-150-pix.jpg","width":150,"height":137,"caption":"Beno\u00eet Guillon"},"logo":{"@id":"https:\/\/www.meslibellules.fr\/blog\/wp-content\/uploads\/cropped-avatar-150-pix.jpg"},"sameAs":["https:\/\/www.facebook.com\/benoit.guillon.96\/"]}]}},"_links":{"self":[{"href":"https:\/\/www.meslibellules.fr\/blog\/wp-json\/wp\/v2\/posts\/22994","targetHints":{"allow":["GET"]}}],"collection":[{"href":"https:\/\/www.meslibellules.fr\/blog\/wp-json\/wp\/v2\/posts"}],"about":[{"href":"https:\/\/www.meslibellules.fr\/blog\/wp-json\/wp\/v2\/types\/post"}],"author":[{"embeddable":true,"href":"https:\/\/www.meslibellules.fr\/blog\/wp-json\/wp\/v2\/users\/1"}],"replies":[{"embeddable":true,"href":"https:\/\/www.meslibellules.fr\/blog\/wp-json\/wp\/v2\/comments?post=22994"}],"version-history":[{"count":0,"href":"https:\/\/www.meslibellules.fr\/blog\/wp-json\/wp\/v2\/posts\/22994\/revisions"}],"wp:attachment":[{"href":"https:\/\/www.meslibellules.fr\/blog\/wp-json\/wp\/v2\/media?parent=22994"}],"wp:term":[{"taxonomy":"category","embeddable":true,"href":"https:\/\/www.meslibellules.fr\/blog\/wp-json\/wp\/v2\/categories?post=22994"},{"taxonomy":"post_tag","embeddable":true,"href":"https:\/\/www.meslibellules.fr\/blog\/wp-json\/wp\/v2\/tags?post=22994"}],"curies":[{"name":"wp","href":"https:\/\/api.w.org\/{rel}","templated":true}]}}