{"id":23009,"date":"2024-12-15T09:47:48","date_gmt":"2024-12-15T08:47:48","guid":{"rendered":"https:\/\/www.meslibellules.fr\/blog\/?p=23009"},"modified":"2025-01-22T10:28:12","modified_gmt":"2025-01-22T09:28:12","slug":"prodasineura-doisuthepensis","status":"publish","type":"post","link":"https:\/\/www.meslibellules.fr\/blog\/2024\/12\/15\/prodasineura-doisuthepensis\/","title":{"rendered":"Tha\u00eflande &#8211; Prodasineura doisuthepensis (Hoess, 2007)"},"content":{"rendered":"\n<figure class=\"wp-block-image aligncenter size-full is-resized\"><a href=\"https:\/\/www.meslibellules.fr\/blog\/wp-content\/uploads\/Prodasineura-doisuthepensis-male-2.webp\"><img decoding=\"async\" width=\"1297\" height=\"1204\" data-src=\"https:\/\/www.meslibellules.fr\/blog\/wp-content\/uploads\/Prodasineura-doisuthepensis-male-2.webp\" alt=\"Prodasineura doisuthepensis m\u00e2le, Tha\u00eflande, Mon Tha Than Waterfall, 27\/05\/2024\" class=\"wp-image-23005 lazyload\" style=\"--smush-placeholder-width: 1297px; --smush-placeholder-aspect-ratio: 1297\/1204;width:503px;height:auto\" data-srcset=\"https:\/\/www.meslibellules.fr\/blog\/wp-content\/uploads\/Prodasineura-doisuthepensis-male-2.webp 1297w, https:\/\/www.meslibellules.fr\/blog\/wp-content\/uploads\/Prodasineura-doisuthepensis-male-2-768x713.webp 768w\" data-sizes=\"(max-width: 1297px) 100vw, 1297px\" src=\"data:image\/svg+xml;base64,PHN2ZyB3aWR0aD0iMSIgaGVpZ2h0PSIxIiB4bWxucz0iaHR0cDovL3d3dy53My5vcmcvMjAwMC9zdmciPjwvc3ZnPg==\" \/><\/a><figcaption class=\"wp-element-caption\">Prodasineura doisuthepensis m\u00e2le, Tha\u00eflande, Mon Tha Than Waterfall, 27\/05\/2024<\/figcaption><\/figure>\n\n\n\n<p>Prodasineura doisuthepensis (1) est un Platycnemididae (les Prodasineura \u00e9taient autrefois plac\u00e9s dans les Protoneuridae) de d\u00e9couverte r\u00e9cente, qui n&rsquo;\u00e9tait connu que de Tha\u00eflande et exclusivement du Parc National Doi Suthep. Si sa distribution \u00e9tait consid\u00e9r\u00e9e comme excessivement limit\u00e9e, il ne serait pas rare localement. Nous n&rsquo;avons pas eu ce sentiment, car nous n&rsquo;avons vu qu&rsquo;un seul individu dont j&rsquo;ai fait des photos tr\u00e8s m\u00e9diocres.<br><br>En 2024, 8 esp\u00e8ces de ce genre sont connues en Tha\u00eflande, 38 dans le monde, depuis l&rsquo;est de l&rsquo;Afrique jusqu&rsquo;aux Philippines.<br>Six esp\u00e8ces ont \u00e9t\u00e9 d\u00e9crites depuis 2007, la derni\u00e8re, ce mois de d\u00e9cembre 2024, \u00e0 l&rsquo;ouest de la Tha\u00eflande, Prodasineura sangkhla (Makbun, Ignatius &amp; Phan, 2024).<br>Il est probable que le compte mondial soit encore modifi\u00e9 dans les ann\u00e9es qui viennent&#8230;<\/p>\n\n\n\n<figure class=\"wp-block-image aligncenter size-full is-resized\"><a href=\"https:\/\/www.meslibellules.fr\/blog\/wp-content\/uploads\/Prodasineura-doisuthepensis-male-1.webp\"><img decoding=\"async\" width=\"1150\" height=\"760\" data-src=\"https:\/\/www.meslibellules.fr\/blog\/wp-content\/uploads\/Prodasineura-doisuthepensis-male-1.webp\" alt=\"Prodasineura doisuthepensis m\u00e2le, Tha\u00eflande, Mon Tha Than Waterfall, 27\/05\/2024\" class=\"wp-image-23008 lazyload\" style=\"--smush-placeholder-width: 1150px; --smush-placeholder-aspect-ratio: 1150\/760;width:612px;height:auto\" data-srcset=\"https:\/\/www.meslibellules.fr\/blog\/wp-content\/uploads\/Prodasineura-doisuthepensis-male-1.webp 1150w, https:\/\/www.meslibellules.fr\/blog\/wp-content\/uploads\/Prodasineura-doisuthepensis-male-1-768x508.webp 768w\" data-sizes=\"(max-width: 1150px) 100vw, 1150px\" src=\"data:image\/svg+xml;base64,PHN2ZyB3aWR0aD0iMSIgaGVpZ2h0PSIxIiB4bWxucz0iaHR0cDovL3d3dy53My5vcmcvMjAwMC9zdmciPjwvc3ZnPg==\" \/><\/a><figcaption class=\"wp-element-caption\">Prodasineura doisuthepensis m\u00e2le, Tha\u00eflande, Mon Tha Than Waterfall, 27\/05\/2024<\/figcaption><\/figure>\n\n\n\n<p>Il n&rsquo;est pas possible de le confondre avec un autre Prodasineura, la face dorsale de son thorax \u00e9tant presque enti\u00e8rement couverte de bleu-ciel (mes photos sont irr\u00e9m\u00e9diablement surexpos\u00e9es). Si d&rsquo;autres esp\u00e8ces ont ce type de coloration, elle n&rsquo;est jamais aussi \u00e9tendue. Le plus proche est certainement Prodasineura collaris, pr\u00e9sent en Tha\u00eflande, dont la coloration sur la face dorsale est un peu plus limit\u00e9e et qui ne pr\u00e9sente de bleu que sur le 10\u00b0 segment, sans d\u00e9bordement sur S9, <a href=\"https:\/\/www.meslibellules.fr\/voyages\/malaisie\/prodasineura-collaris\/prodasineura-collaris-male-1\/prodasineura-collaris-male-3big.jpg\">ici en Malaisie<\/a>.<br><br>C&rsquo;est une esp\u00e8ce de rivi\u00e8re de montagne.<br>L&rsquo;abdomen mesure 28.4 mm (1) soit environ 35 mm de longueur totale.<br>Tous les Prodasineura ont en commun le fait d&rsquo;\u00eatre capable de rester tr\u00e8s longuement en vol stationnaire.<br><br>Depuis 2007, comme je l&rsquo;ai \u00e9voqu\u00e9 plus haut, la connaissance des Prodasineura a beaucoup \u00e9volu\u00e9 et l&rsquo;aire de distribution de cette esp\u00e8ce s&rsquo;est consid\u00e9rablement d\u00e9velopp\u00e9e ; il est certain que, dans le cas d&rsquo;esp\u00e8ces tr\u00e8s voisines, d\u00e8s qu&rsquo;une nouvelle esp\u00e8ce est valid\u00e9e, les sujets qu&rsquo;on attribuait comme simplement variants d&rsquo;une autre esp\u00e8ce (comme P. collaris) sont int\u00e9gr\u00e9es et l&rsquo;aire de distribution s&rsquo;en trouve rapidement augment\u00e9e. Il est donc pr\u00e9sent en Tha\u00eflande, mais aussi au Laos, au Cambodge et au Vietnam. <a href=\"https:\/\/www.iucnredlist.org\/species\/190784\/138286013#geographic-range\">IUCN Red List<\/a>.<br>Il reste tout de m\u00eame rarement vu car avant nos donn\u00e9es, il n&rsquo;y avait que  15 observations sur <a href=\"https:\/\/www.inaturalist.org\/observations?taxon_id=149664\">inaturalist<\/a>.<\/p>\n\n\n\n<figure class=\"wp-block-image aligncenter size-full is-resized\"><a href=\"https:\/\/www.meslibellules.fr\/blog\/wp-content\/uploads\/Prodasineura-doisuthepensis-male-3.webp\"><img decoding=\"async\" width=\"1010\" height=\"1204\" data-src=\"https:\/\/www.meslibellules.fr\/blog\/wp-content\/uploads\/Prodasineura-doisuthepensis-male-3.webp\" alt=\"Prodasineura doisuthepensis m\u00e2le, Tha\u00eflande, Mon Tha Than Waterfall, 27\/05\/2024\" class=\"wp-image-23006 lazyload\" style=\"--smush-placeholder-width: 1010px; --smush-placeholder-aspect-ratio: 1010\/1204;width:407px;height:auto\" data-srcset=\"https:\/\/www.meslibellules.fr\/blog\/wp-content\/uploads\/Prodasineura-doisuthepensis-male-3.webp 1010w, https:\/\/www.meslibellules.fr\/blog\/wp-content\/uploads\/Prodasineura-doisuthepensis-male-3-768x916.webp 768w\" data-sizes=\"(max-width: 1010px) 100vw, 1010px\" src=\"data:image\/svg+xml;base64,PHN2ZyB3aWR0aD0iMSIgaGVpZ2h0PSIxIiB4bWxucz0iaHR0cDovL3d3dy53My5vcmcvMjAwMC9zdmciPjwvc3ZnPg==\" \/><\/a><figcaption class=\"wp-element-caption\">Prodasineura doisuthepensis m\u00e2le, Tha\u00eflande, Mon Tha Than Waterfall, 27\/05\/2024<\/figcaption><\/figure>\n\n\n\n<p><span style=\"text-decoration: underline;\"><strong>\u00c9tymologie<\/strong><\/span><br \/><strong>Prodasineura<\/strong> (Cowley, 1934) (2) ; je ne suis pas parvenu \u00e0 trouver le document dans lequel Cowley s\u00e9pare ce genre des Disparoneura (Selys, 1860). Disparoneura signifie \u00ab\u00a0nervation \u00e0 part\u00a0\u00bb pour insister sur la particularit\u00e9 de celle-ci et Cowley conservant cette id\u00e9e, a cr\u00e9\u00e9 cette anagramme de Disparoneura, car ce genre pr\u00e9sente une nervation tr\u00e8s proche.<br \/><strong>Doisuthepensis<\/strong> reprend le nom de la zone et du parc national o\u00f9 il a \u00e9t\u00e9 d\u00e9couvert auquel est ajout\u00e9 le suffixe &#8211;<em>ensis<\/em> signifiant \u00ab\u00a0<em>originaire de<\/em>\u00ab\u00a0. Ren\u00e9 Hoess \u00e9crit (1)\u00a0\u00bb<em>The name derives from Doi Suthep, a mountain to the west of Chiang Mai, on the slopes of which the specimens where captured hovering over the narrow mountain stream Huai Kaeo<\/em>\u00ab\u00a0. C&rsquo;est dans ce parc que nous l&rsquo;avons \u00e9galement contact\u00e9.<\/p>\n\n\n\n<div style=\"height:38px\" aria-hidden=\"true\" class=\"wp-block-spacer\"><\/div>\n\n\n\n<p style=\"font-size:13px\">1- Ren\u00e9 Hoess (2007) <a href=\"https:\/\/www.researchgate.net\/publication\/261585869_Prodasineura_doisuthepensis_sp_nov_from_Thailand_Odonata_Protoneuridae\">Prodasineura doisuthepensis sp. nov. from Thailand (Odonata: Protoneuridae)<\/a>, International Journal of Odonatology, 10:1, 65-69.<br>2- Robin Ngiam &amp; Marcus Ng &#8211; A photographic guide to the Dragonflies and Damselflies of Singapore &#8211; John Beaufoy Publishing \u2013 2022<\/p>\n\n\n\n<div style=\"height:32px\" aria-hidden=\"true\" class=\"wp-block-spacer\"><\/div>\n\n\n\n<div class=\"wp-block-buttons is-vertical is-layout-flex wp-container-core-buttons-is-layout-16cda065 wp-block-buttons-is-layout-flex\">\n<div class=\"wp-block-button\"><a class=\"wp-block-button__link wp-element-button\" href=\"https:\/\/www.meslibellules.fr\/blog\/libellules-de-thailande\/\">Accueil Tha\u00eflande<\/a><\/div>\n\n\n\n<div class=\"wp-block-button\"><a class=\"wp-block-button__link wp-element-button\" href=\"http:\/\/www.meslibellules.fr\/pagesweb\/divers\/liste-generale-odonates-du-site\/asia-odonates.php\">Liste Asie<\/a><\/div>\n\n\n\n<div class=\"wp-block-button\"><a class=\"wp-block-button__link wp-element-button\" href=\"https:\/\/www.meslibellules.fr\/blog\/\">Accueil<\/a><\/div>\n<\/div>\n\n\n\n<p><\/p>\n","protected":false},"excerpt":{"rendered":"<p>Prodasineura doisuthepensis (1) est un Platycnemididae (les Prodasineura \u00e9taient autrefois plac\u00e9s dans les Protoneuridae) de d\u00e9couverte r\u00e9cente, qui n&rsquo;\u00e9tait connu que de Tha\u00eflande et exclusivement du Parc National Doi Suthep. Si sa distribution \u00e9tait consid\u00e9r\u00e9e comme excessivement limit\u00e9e, il ne serait pas rare localement. Nous n&rsquo;avons pas eu ce sentiment, car nous n&rsquo;avons vu qu&rsquo;un [&hellip;]<\/p>\n","protected":false},"author":1,"featured_media":0,"comment_status":"open","ping_status":"open","sticky":false,"template":"","format":"image","meta":{"site-sidebar-layout":"default","site-content-layout":"","ast-site-content-layout":"default","site-content-style":"default","site-sidebar-style":"default","ast-global-header-display":"","ast-banner-title-visibility":"","ast-main-header-display":"","ast-hfb-above-header-display":"","ast-hfb-below-header-display":"","ast-hfb-mobile-header-display":"","site-post-title":"","ast-breadcrumbs-content":"","ast-featured-img":"","footer-sml-layout":"","ast-disable-related-posts":"","theme-transparent-header-meta":"","adv-header-id-meta":"","stick-header-meta":"","header-above-stick-meta":"","header-main-stick-meta":"","header-below-stick-meta":"","astra-migrate-meta-layouts":"set","ast-page-background-enabled":"default","ast-page-background-meta":{"desktop":{"background-color":"var(--ast-global-color-4)","background-image":"","background-repeat":"repeat","background-position":"center center","background-size":"auto","background-attachment":"scroll","background-type":"","background-media":"","overlay-type":"","overlay-color":"","overlay-opacity":"","overlay-gradient":""},"tablet":{"background-color":"","background-image":"","background-repeat":"repeat","background-position":"center center","background-size":"auto","background-attachment":"scroll","background-type":"","background-media":"","overlay-type":"","overlay-color":"","overlay-opacity":"","overlay-gradient":""},"mobile":{"background-color":"","background-image":"","background-repeat":"repeat","background-position":"center center","background-size":"auto","background-attachment":"scroll","background-type":"","background-media":"","overlay-type":"","overlay-color":"","overlay-opacity":"","overlay-gradient":""}},"ast-content-background-meta":{"desktop":{"background-color":"var(--ast-global-color-5)","background-image":"","background-repeat":"repeat","background-position":"center center","background-size":"auto","background-attachment":"scroll","background-type":"","background-media":"","overlay-type":"","overlay-color":"","overlay-opacity":"","overlay-gradient":""},"tablet":{"background-color":"var(--ast-global-color-5)","background-image":"","background-repeat":"repeat","background-position":"center center","background-size":"auto","background-attachment":"scroll","background-type":"","background-media":"","overlay-type":"","overlay-color":"","overlay-opacity":"","overlay-gradient":""},"mobile":{"background-color":"var(--ast-global-color-5)","background-image":"","background-repeat":"repeat","background-position":"center center","background-size":"auto","background-attachment":"scroll","background-type":"","background-media":"","overlay-type":"","overlay-color":"","overlay-opacity":"","overlay-gradient":""}},"footnotes":""},"categories":[1386,1379],"tags":[1381],"class_list":["post-23009","post","type-post","status-publish","format-image","hentry","category-platycnemididae-thailande","category-thailande","tag-thailande","post_format-post-format-image"],"yoast_head":"<!-- This site is optimized with the Yoast SEO plugin v27.5 - https:\/\/yoast.com\/product\/yoast-seo-wordpress\/ -->\n<title>Prodasineura doisuthepensis - Mes Libellules<\/title>\n<meta name=\"description\" content=\"Prodasineura doisuthepensis m\u00e2le en Tha\u00eflande, description, identification, taille, habitat, distribution g\u00e9ographique, \u00e9tymologie\" \/>\n<meta name=\"robots\" content=\"index, follow, max-snippet:-1, max-image-preview:large, max-video-preview:-1\" \/>\n<link rel=\"canonical\" href=\"https:\/\/www.meslibellules.fr\/blog\/2024\/12\/15\/prodasineura-doisuthepensis\/\" \/>\n<meta property=\"og:locale\" content=\"fr_FR\" \/>\n<meta property=\"og:type\" content=\"article\" \/>\n<meta property=\"og:title\" content=\"Prodasineura doisuthepensis - Mes Libellules\" \/>\n<meta property=\"og:description\" content=\"Prodasineura doisuthepensis m\u00e2le en Tha\u00eflande, description, identification, taille, habitat, distribution g\u00e9ographique, \u00e9tymologie\" \/>\n<meta property=\"og:url\" content=\"https:\/\/www.meslibellules.fr\/blog\/2024\/12\/15\/prodasineura-doisuthepensis\/\" \/>\n<meta property=\"og:site_name\" content=\"Mes Libellules\" \/>\n<meta property=\"article:publisher\" content=\"https:\/\/www.facebook.com\/benoit.guillon.96\/\" \/>\n<meta property=\"article:author\" content=\"https:\/\/www.facebook.com\/benoit.guillon.96\/\" \/>\n<meta property=\"article:published_time\" content=\"2024-12-15T08:47:48+00:00\" \/>\n<meta property=\"article:modified_time\" content=\"2025-01-22T09:28:12+00:00\" \/>\n<meta property=\"og:image\" content=\"https:\/\/www.meslibellules.fr\/blog\/wp-content\/uploads\/Prodasineura-doisuthepensis-male-2.webp\" \/>\n\t<meta property=\"og:image:width\" content=\"1297\" \/>\n\t<meta property=\"og:image:height\" content=\"1204\" \/>\n\t<meta property=\"og:image:type\" content=\"image\/webp\" \/>\n<meta name=\"author\" content=\"Beno\u00eet Guillon\" \/>\n<meta name=\"twitter:card\" content=\"summary_large_image\" \/>\n<meta name=\"twitter:label1\" content=\"\u00c9crit par\" \/>\n\t<meta name=\"twitter:data1\" content=\"Beno\u00eet Guillon\" \/>\n\t<meta name=\"twitter:label2\" content=\"Dur\u00e9e de lecture estim\u00e9e\" \/>\n\t<meta name=\"twitter:data2\" content=\"4 minutes\" \/>\n<script type=\"application\/ld+json\" class=\"yoast-schema-graph\">{\"@context\":\"https:\\\/\\\/schema.org\",\"@graph\":[{\"@type\":\"Article\",\"@id\":\"https:\\\/\\\/www.meslibellules.fr\\\/blog\\\/2024\\\/12\\\/15\\\/prodasineura-doisuthepensis\\\/#article\",\"isPartOf\":{\"@id\":\"https:\\\/\\\/www.meslibellules.fr\\\/blog\\\/2024\\\/12\\\/15\\\/prodasineura-doisuthepensis\\\/\"},\"author\":{\"name\":\"Beno\u00eet Guillon\",\"@id\":\"https:\\\/\\\/www.meslibellules.fr\\\/blog\\\/#\\\/schema\\\/person\\\/9aa3586f9dd053fcf329f43b8b053c77\"},\"headline\":\"Tha\u00eflande &#8211; Prodasineura doisuthepensis (Hoess, 2007)\",\"datePublished\":\"2024-12-15T08:47:48+00:00\",\"dateModified\":\"2025-01-22T09:28:12+00:00\",\"mainEntityOfPage\":{\"@id\":\"https:\\\/\\\/www.meslibellules.fr\\\/blog\\\/2024\\\/12\\\/15\\\/prodasineura-doisuthepensis\\\/\"},\"wordCount\":600,\"commentCount\":0,\"publisher\":{\"@id\":\"https:\\\/\\\/www.meslibellules.fr\\\/blog\\\/#\\\/schema\\\/person\\\/9aa3586f9dd053fcf329f43b8b053c77\"},\"image\":{\"@id\":\"https:\\\/\\\/www.meslibellules.fr\\\/blog\\\/2024\\\/12\\\/15\\\/prodasineura-doisuthepensis\\\/#primaryimage\"},\"thumbnailUrl\":\"https:\\\/\\\/www.meslibellules.fr\\\/blog\\\/wp-content\\\/uploads\\\/Prodasineura-doisuthepensis-male-2.webp\",\"keywords\":[\"Tha\u00eflande\"],\"articleSection\":[\"Platycnemididae\",\"Tha\u00eflande\"],\"inLanguage\":\"fr-FR\",\"potentialAction\":[{\"@type\":\"CommentAction\",\"name\":\"Comment\",\"target\":[\"https:\\\/\\\/www.meslibellules.fr\\\/blog\\\/2024\\\/12\\\/15\\\/prodasineura-doisuthepensis\\\/#respond\"]}]},{\"@type\":\"WebPage\",\"@id\":\"https:\\\/\\\/www.meslibellules.fr\\\/blog\\\/2024\\\/12\\\/15\\\/prodasineura-doisuthepensis\\\/\",\"url\":\"https:\\\/\\\/www.meslibellules.fr\\\/blog\\\/2024\\\/12\\\/15\\\/prodasineura-doisuthepensis\\\/\",\"name\":\"Prodasineura doisuthepensis - Mes Libellules\",\"isPartOf\":{\"@id\":\"https:\\\/\\\/www.meslibellules.fr\\\/blog\\\/#website\"},\"primaryImageOfPage\":{\"@id\":\"https:\\\/\\\/www.meslibellules.fr\\\/blog\\\/2024\\\/12\\\/15\\\/prodasineura-doisuthepensis\\\/#primaryimage\"},\"image\":{\"@id\":\"https:\\\/\\\/www.meslibellules.fr\\\/blog\\\/2024\\\/12\\\/15\\\/prodasineura-doisuthepensis\\\/#primaryimage\"},\"thumbnailUrl\":\"https:\\\/\\\/www.meslibellules.fr\\\/blog\\\/wp-content\\\/uploads\\\/Prodasineura-doisuthepensis-male-2.webp\",\"datePublished\":\"2024-12-15T08:47:48+00:00\",\"dateModified\":\"2025-01-22T09:28:12+00:00\",\"description\":\"Prodasineura doisuthepensis m\u00e2le en Tha\u00eflande, description, identification, taille, habitat, distribution g\u00e9ographique, \u00e9tymologie\",\"breadcrumb\":{\"@id\":\"https:\\\/\\\/www.meslibellules.fr\\\/blog\\\/2024\\\/12\\\/15\\\/prodasineura-doisuthepensis\\\/#breadcrumb\"},\"inLanguage\":\"fr-FR\",\"potentialAction\":[{\"@type\":\"ReadAction\",\"target\":[\"https:\\\/\\\/www.meslibellules.fr\\\/blog\\\/2024\\\/12\\\/15\\\/prodasineura-doisuthepensis\\\/\"]}]},{\"@type\":\"ImageObject\",\"inLanguage\":\"fr-FR\",\"@id\":\"https:\\\/\\\/www.meslibellules.fr\\\/blog\\\/2024\\\/12\\\/15\\\/prodasineura-doisuthepensis\\\/#primaryimage\",\"url\":\"https:\\\/\\\/www.meslibellules.fr\\\/blog\\\/wp-content\\\/uploads\\\/Prodasineura-doisuthepensis-male-2.webp\",\"contentUrl\":\"https:\\\/\\\/www.meslibellules.fr\\\/blog\\\/wp-content\\\/uploads\\\/Prodasineura-doisuthepensis-male-2.webp\"},{\"@type\":\"BreadcrumbList\",\"@id\":\"https:\\\/\\\/www.meslibellules.fr\\\/blog\\\/2024\\\/12\\\/15\\\/prodasineura-doisuthepensis\\\/#breadcrumb\",\"itemListElement\":[{\"@type\":\"ListItem\",\"position\":1,\"name\":\"Accueil\",\"item\":\"https:\\\/\\\/www.meslibellules.fr\\\/blog\\\/\"},{\"@type\":\"ListItem\",\"position\":2,\"name\":\"Tha\u00eflande &#8211; Prodasineura doisuthepensis (Hoess, 2007)\"}]},{\"@type\":\"WebSite\",\"@id\":\"https:\\\/\\\/www.meslibellules.fr\\\/blog\\\/#website\",\"url\":\"https:\\\/\\\/www.meslibellules.fr\\\/blog\\\/\",\"name\":\"Mes Libellules\",\"description\":\"Pr\u00e9sentation des libellules rencontr\u00e9es dans le monde\",\"publisher\":{\"@id\":\"https:\\\/\\\/www.meslibellules.fr\\\/blog\\\/#\\\/schema\\\/person\\\/9aa3586f9dd053fcf329f43b8b053c77\"},\"potentialAction\":[{\"@type\":\"SearchAction\",\"target\":{\"@type\":\"EntryPoint\",\"urlTemplate\":\"https:\\\/\\\/www.meslibellules.fr\\\/blog\\\/?s={search_term_string}\"},\"query-input\":{\"@type\":\"PropertyValueSpecification\",\"valueRequired\":true,\"valueName\":\"search_term_string\"}}],\"inLanguage\":\"fr-FR\"},{\"@type\":[\"Person\",\"Organization\"],\"@id\":\"https:\\\/\\\/www.meslibellules.fr\\\/blog\\\/#\\\/schema\\\/person\\\/9aa3586f9dd053fcf329f43b8b053c77\",\"name\":\"Beno\u00eet Guillon\",\"image\":{\"@type\":\"ImageObject\",\"inLanguage\":\"fr-FR\",\"@id\":\"https:\\\/\\\/www.meslibellules.fr\\\/blog\\\/wp-content\\\/uploads\\\/cropped-avatar-150-pix.jpg\",\"url\":\"https:\\\/\\\/www.meslibellules.fr\\\/blog\\\/wp-content\\\/uploads\\\/cropped-avatar-150-pix.jpg\",\"contentUrl\":\"https:\\\/\\\/www.meslibellules.fr\\\/blog\\\/wp-content\\\/uploads\\\/cropped-avatar-150-pix.jpg\",\"width\":150,\"height\":137,\"caption\":\"Beno\u00eet Guillon\"},\"logo\":{\"@id\":\"https:\\\/\\\/www.meslibellules.fr\\\/blog\\\/wp-content\\\/uploads\\\/cropped-avatar-150-pix.jpg\"},\"sameAs\":[\"https:\\\/\\\/www.facebook.com\\\/benoit.guillon.96\\\/\"]}]}<\/script>\n<!-- \/ Yoast SEO plugin. -->","yoast_head_json":{"title":"Prodasineura doisuthepensis - Mes Libellules","description":"Prodasineura doisuthepensis m\u00e2le en Tha\u00eflande, description, identification, taille, habitat, distribution g\u00e9ographique, \u00e9tymologie","robots":{"index":"index","follow":"follow","max-snippet":"max-snippet:-1","max-image-preview":"max-image-preview:large","max-video-preview":"max-video-preview:-1"},"canonical":"https:\/\/www.meslibellules.fr\/blog\/2024\/12\/15\/prodasineura-doisuthepensis\/","og_locale":"fr_FR","og_type":"article","og_title":"Prodasineura doisuthepensis - Mes Libellules","og_description":"Prodasineura doisuthepensis m\u00e2le en Tha\u00eflande, description, identification, taille, habitat, distribution g\u00e9ographique, \u00e9tymologie","og_url":"https:\/\/www.meslibellules.fr\/blog\/2024\/12\/15\/prodasineura-doisuthepensis\/","og_site_name":"Mes Libellules","article_publisher":"https:\/\/www.facebook.com\/benoit.guillon.96\/","article_author":"https:\/\/www.facebook.com\/benoit.guillon.96\/","article_published_time":"2024-12-15T08:47:48+00:00","article_modified_time":"2025-01-22T09:28:12+00:00","og_image":[{"width":1297,"height":1204,"url":"https:\/\/www.meslibellules.fr\/blog\/wp-content\/uploads\/Prodasineura-doisuthepensis-male-2.webp","type":"image\/webp"}],"author":"Beno\u00eet Guillon","twitter_card":"summary_large_image","twitter_misc":{"\u00c9crit par":"Beno\u00eet Guillon","Dur\u00e9e de lecture estim\u00e9e":"4 minutes"},"schema":{"@context":"https:\/\/schema.org","@graph":[{"@type":"Article","@id":"https:\/\/www.meslibellules.fr\/blog\/2024\/12\/15\/prodasineura-doisuthepensis\/#article","isPartOf":{"@id":"https:\/\/www.meslibellules.fr\/blog\/2024\/12\/15\/prodasineura-doisuthepensis\/"},"author":{"name":"Beno\u00eet Guillon","@id":"https:\/\/www.meslibellules.fr\/blog\/#\/schema\/person\/9aa3586f9dd053fcf329f43b8b053c77"},"headline":"Tha\u00eflande &#8211; Prodasineura doisuthepensis (Hoess, 2007)","datePublished":"2024-12-15T08:47:48+00:00","dateModified":"2025-01-22T09:28:12+00:00","mainEntityOfPage":{"@id":"https:\/\/www.meslibellules.fr\/blog\/2024\/12\/15\/prodasineura-doisuthepensis\/"},"wordCount":600,"commentCount":0,"publisher":{"@id":"https:\/\/www.meslibellules.fr\/blog\/#\/schema\/person\/9aa3586f9dd053fcf329f43b8b053c77"},"image":{"@id":"https:\/\/www.meslibellules.fr\/blog\/2024\/12\/15\/prodasineura-doisuthepensis\/#primaryimage"},"thumbnailUrl":"https:\/\/www.meslibellules.fr\/blog\/wp-content\/uploads\/Prodasineura-doisuthepensis-male-2.webp","keywords":["Tha\u00eflande"],"articleSection":["Platycnemididae","Tha\u00eflande"],"inLanguage":"fr-FR","potentialAction":[{"@type":"CommentAction","name":"Comment","target":["https:\/\/www.meslibellules.fr\/blog\/2024\/12\/15\/prodasineura-doisuthepensis\/#respond"]}]},{"@type":"WebPage","@id":"https:\/\/www.meslibellules.fr\/blog\/2024\/12\/15\/prodasineura-doisuthepensis\/","url":"https:\/\/www.meslibellules.fr\/blog\/2024\/12\/15\/prodasineura-doisuthepensis\/","name":"Prodasineura doisuthepensis - Mes Libellules","isPartOf":{"@id":"https:\/\/www.meslibellules.fr\/blog\/#website"},"primaryImageOfPage":{"@id":"https:\/\/www.meslibellules.fr\/blog\/2024\/12\/15\/prodasineura-doisuthepensis\/#primaryimage"},"image":{"@id":"https:\/\/www.meslibellules.fr\/blog\/2024\/12\/15\/prodasineura-doisuthepensis\/#primaryimage"},"thumbnailUrl":"https:\/\/www.meslibellules.fr\/blog\/wp-content\/uploads\/Prodasineura-doisuthepensis-male-2.webp","datePublished":"2024-12-15T08:47:48+00:00","dateModified":"2025-01-22T09:28:12+00:00","description":"Prodasineura doisuthepensis m\u00e2le en Tha\u00eflande, description, identification, taille, habitat, distribution g\u00e9ographique, \u00e9tymologie","breadcrumb":{"@id":"https:\/\/www.meslibellules.fr\/blog\/2024\/12\/15\/prodasineura-doisuthepensis\/#breadcrumb"},"inLanguage":"fr-FR","potentialAction":[{"@type":"ReadAction","target":["https:\/\/www.meslibellules.fr\/blog\/2024\/12\/15\/prodasineura-doisuthepensis\/"]}]},{"@type":"ImageObject","inLanguage":"fr-FR","@id":"https:\/\/www.meslibellules.fr\/blog\/2024\/12\/15\/prodasineura-doisuthepensis\/#primaryimage","url":"https:\/\/www.meslibellules.fr\/blog\/wp-content\/uploads\/Prodasineura-doisuthepensis-male-2.webp","contentUrl":"https:\/\/www.meslibellules.fr\/blog\/wp-content\/uploads\/Prodasineura-doisuthepensis-male-2.webp"},{"@type":"BreadcrumbList","@id":"https:\/\/www.meslibellules.fr\/blog\/2024\/12\/15\/prodasineura-doisuthepensis\/#breadcrumb","itemListElement":[{"@type":"ListItem","position":1,"name":"Accueil","item":"https:\/\/www.meslibellules.fr\/blog\/"},{"@type":"ListItem","position":2,"name":"Tha\u00eflande &#8211; Prodasineura doisuthepensis (Hoess, 2007)"}]},{"@type":"WebSite","@id":"https:\/\/www.meslibellules.fr\/blog\/#website","url":"https:\/\/www.meslibellules.fr\/blog\/","name":"Mes Libellules","description":"Pr\u00e9sentation des libellules rencontr\u00e9es dans le monde","publisher":{"@id":"https:\/\/www.meslibellules.fr\/blog\/#\/schema\/person\/9aa3586f9dd053fcf329f43b8b053c77"},"potentialAction":[{"@type":"SearchAction","target":{"@type":"EntryPoint","urlTemplate":"https:\/\/www.meslibellules.fr\/blog\/?s={search_term_string}"},"query-input":{"@type":"PropertyValueSpecification","valueRequired":true,"valueName":"search_term_string"}}],"inLanguage":"fr-FR"},{"@type":["Person","Organization"],"@id":"https:\/\/www.meslibellules.fr\/blog\/#\/schema\/person\/9aa3586f9dd053fcf329f43b8b053c77","name":"Beno\u00eet Guillon","image":{"@type":"ImageObject","inLanguage":"fr-FR","@id":"https:\/\/www.meslibellules.fr\/blog\/wp-content\/uploads\/cropped-avatar-150-pix.jpg","url":"https:\/\/www.meslibellules.fr\/blog\/wp-content\/uploads\/cropped-avatar-150-pix.jpg","contentUrl":"https:\/\/www.meslibellules.fr\/blog\/wp-content\/uploads\/cropped-avatar-150-pix.jpg","width":150,"height":137,"caption":"Beno\u00eet Guillon"},"logo":{"@id":"https:\/\/www.meslibellules.fr\/blog\/wp-content\/uploads\/cropped-avatar-150-pix.jpg"},"sameAs":["https:\/\/www.facebook.com\/benoit.guillon.96\/"]}]}},"_links":{"self":[{"href":"https:\/\/www.meslibellules.fr\/blog\/wp-json\/wp\/v2\/posts\/23009","targetHints":{"allow":["GET"]}}],"collection":[{"href":"https:\/\/www.meslibellules.fr\/blog\/wp-json\/wp\/v2\/posts"}],"about":[{"href":"https:\/\/www.meslibellules.fr\/blog\/wp-json\/wp\/v2\/types\/post"}],"author":[{"embeddable":true,"href":"https:\/\/www.meslibellules.fr\/blog\/wp-json\/wp\/v2\/users\/1"}],"replies":[{"embeddable":true,"href":"https:\/\/www.meslibellules.fr\/blog\/wp-json\/wp\/v2\/comments?post=23009"}],"version-history":[{"count":0,"href":"https:\/\/www.meslibellules.fr\/blog\/wp-json\/wp\/v2\/posts\/23009\/revisions"}],"wp:attachment":[{"href":"https:\/\/www.meslibellules.fr\/blog\/wp-json\/wp\/v2\/media?parent=23009"}],"wp:term":[{"taxonomy":"category","embeddable":true,"href":"https:\/\/www.meslibellules.fr\/blog\/wp-json\/wp\/v2\/categories?post=23009"},{"taxonomy":"post_tag","embeddable":true,"href":"https:\/\/www.meslibellules.fr\/blog\/wp-json\/wp\/v2\/tags?post=23009"}],"curies":[{"name":"wp","href":"https:\/\/api.w.org\/{rel}","templated":true}]}}