{"id":23042,"date":"2024-12-19T13:05:35","date_gmt":"2024-12-19T12:05:35","guid":{"rendered":"https:\/\/www.meslibellules.fr\/blog\/?p=23042"},"modified":"2024-12-19T13:05:37","modified_gmt":"2024-12-19T12:05:37","slug":"calicnemia-imitans","status":"publish","type":"post","link":"https:\/\/www.meslibellules.fr\/blog\/2024\/12\/19\/calicnemia-imitans\/","title":{"rendered":"Tha\u00eflande &#8211; Calicnemia imitans (Lieftinck, 1942)"},"content":{"rendered":"\n<figure class=\"wp-block-image aligncenter size-full is-resized\"><a href=\"https:\/\/www.meslibellules.fr\/blog\/wp-content\/uploads\/Calicnemia-imitans-male-1-scaled.webp\"><img decoding=\"async\" width=\"2560\" height=\"1418\" data-src=\"https:\/\/www.meslibellules.fr\/blog\/wp-content\/uploads\/Calicnemia-imitans-male-1-scaled.webp\" alt=\"Calicnemia imitans m\u00e2le, Tha\u00eflande, Pha Lad temple (Doi Suthep NP), 31\/05\/2024\" class=\"wp-image-23036 lazyload\" style=\"--smush-placeholder-width: 2560px; --smush-placeholder-aspect-ratio: 2560\/1418;width:628px;height:auto\" data-srcset=\"https:\/\/www.meslibellules.fr\/blog\/wp-content\/uploads\/Calicnemia-imitans-male-1-scaled.webp 2560w, https:\/\/www.meslibellules.fr\/blog\/wp-content\/uploads\/Calicnemia-imitans-male-1-768x425.webp 768w, https:\/\/www.meslibellules.fr\/blog\/wp-content\/uploads\/Calicnemia-imitans-male-1-1536x851.webp 1536w, https:\/\/www.meslibellules.fr\/blog\/wp-content\/uploads\/Calicnemia-imitans-male-1-2048x1134.webp 2048w\" data-sizes=\"(max-width: 2560px) 100vw, 2560px\" src=\"data:image\/svg+xml;base64,PHN2ZyB3aWR0aD0iMSIgaGVpZ2h0PSIxIiB4bWxucz0iaHR0cDovL3d3dy53My5vcmcvMjAwMC9zdmciPjwvc3ZnPg==\" \/><\/a><figcaption class=\"wp-element-caption\">Calicnemia imitans m\u00e2le, Tha\u00eflande, Pha Lad temple (Doi Suthep NP), 31\/05\/2024<\/figcaption><\/figure>\n\n\n\n<p>Calicnemia imitans (Platycnemididae) est \u00e9tonnant parmi ses pairs qui sont pour la plupart rouges et noirs. Seuls, semble-t-il, C. pulverulans et sudhaae pr\u00e9sentent le m\u00eame aspect, noir avec des parties claires couvertes d&rsquo;une pruine bleut\u00e9e (1).<br>Il mesure 29 \u00e0 30.5 mm, \u00e0 peu pr\u00e8s comme C. sudhaae alors que C. pulverulans atteint 32 \u00e0 34 mm. Mais ces derniers trouvent leur aire de distribution plus au nord et \u00e0 l&rsquo;ouest et ne sont pas pr\u00e9sents en Tha\u00eflande. Il n&rsquo;y a donc pas de risque de confusion avec les trois autres esp\u00e8ces pr\u00e9sent en Tha\u00eflande qui sont <a href=\"https:\/\/www.meslibellules.fr\/blog\/wp-content\/uploads\/2018\/11\/calicnemis-miles-male-2.jpg\">C. miles<\/a>, C. chaseni, que nous n&rsquo;avons pas observ\u00e9 et le magnifique <a href=\"https:\/\/www.meslibellules.fr\/blog\/wp-content\/uploads\/2018\/09\/calicnemia-erythromelas-1big.jpg\">C. erythromelas<\/a> (ici au Vietnam).<\/p>\n\n\n\n<figure class=\"wp-block-gallery has-nested-images columns-default is-cropped wp-block-gallery-1 is-layout-flex wp-block-gallery-is-layout-flex\">\n<figure class=\"wp-block-image size-large\"><a href=\"https:\/\/www.meslibellules.fr\/blog\/wp-content\/uploads\/Calicnemia-imitans-male-5.webp\"><img decoding=\"async\" width=\"1504\" height=\"1504\" data-id=\"23040\" data-src=\"https:\/\/www.meslibellules.fr\/blog\/wp-content\/uploads\/Calicnemia-imitans-male-5.webp\" alt=\"Calicnemia imitans m\u00e2le, Tha\u00eflande, Suthep, Mueang Chiang Mai, 29\/05\/2024\" class=\"wp-image-23040 lazyload\" data-srcset=\"https:\/\/www.meslibellules.fr\/blog\/wp-content\/uploads\/Calicnemia-imitans-male-5.webp 1504w, https:\/\/www.meslibellules.fr\/blog\/wp-content\/uploads\/Calicnemia-imitans-male-5-768x768.webp 768w, https:\/\/www.meslibellules.fr\/blog\/wp-content\/uploads\/Calicnemia-imitans-male-5-150x150.webp 150w\" data-sizes=\"(max-width: 1504px) 100vw, 1504px\" src=\"data:image\/svg+xml;base64,PHN2ZyB3aWR0aD0iMSIgaGVpZ2h0PSIxIiB4bWxucz0iaHR0cDovL3d3dy53My5vcmcvMjAwMC9zdmciPjwvc3ZnPg==\" style=\"--smush-placeholder-width: 1504px; --smush-placeholder-aspect-ratio: 1504\/1504;\" \/><\/a><\/figure>\n\n\n\n<figure class=\"wp-block-image size-large\"><a href=\"https:\/\/www.meslibellules.fr\/blog\/wp-content\/uploads\/Calicnemia-imitans-male-4.webp\"><img decoding=\"async\" width=\"1360\" height=\"1504\" data-id=\"23039\" data-src=\"https:\/\/www.meslibellules.fr\/blog\/wp-content\/uploads\/Calicnemia-imitans-male-4.webp\" alt=\"Calicnemia imitans m\u00e2le, Tha\u00eflande, Suthep, Mueang Chiang Mai, 29\/05\/2024\" class=\"wp-image-23039 lazyload\" data-srcset=\"https:\/\/www.meslibellules.fr\/blog\/wp-content\/uploads\/Calicnemia-imitans-male-4.webp 1360w, https:\/\/www.meslibellules.fr\/blog\/wp-content\/uploads\/Calicnemia-imitans-male-4-768x849.webp 768w\" data-sizes=\"(max-width: 1360px) 100vw, 1360px\" src=\"data:image\/svg+xml;base64,PHN2ZyB3aWR0aD0iMSIgaGVpZ2h0PSIxIiB4bWxucz0iaHR0cDovL3d3dy53My5vcmcvMjAwMC9zdmciPjwvc3ZnPg==\" style=\"--smush-placeholder-width: 1360px; --smush-placeholder-aspect-ratio: 1360\/1504;\" \/><\/a><\/figure>\n<figcaption class=\"blocks-gallery-caption wp-element-caption\">Calicnemia imitans m\u00e2le, Tha\u00eflande, Suthep, Mueang Chiang Mai, 29\/05\/2024<\/figcaption><\/figure>\n\n\n\n<p>C&rsquo;est une esp\u00e8ce qui affectionne les ruisseaux en for\u00eat et nous l&rsquo;avons observ\u00e9 deux fois \u00e0 proximit\u00e9 imm\u00e9diate de petites cascades, pos\u00e9s presque les pieds dans l&rsquo;eau ruisselante,  comme ci-dessus \u00e0 droite.<br>Les femelles et les jeunes m\u00e2les sont jaunes et noirs, les bandes bleut\u00e9es dissimulant progressivement les zones jaunes pour les m\u00e2les matures.<\/p>\n\n\n\n<figure class=\"wp-block-gallery has-nested-images columns-default is-cropped wp-block-gallery-2 is-layout-flex wp-block-gallery-is-layout-flex\">\n<figure class=\"wp-block-image size-large\"><a href=\"https:\/\/www.meslibellules.fr\/blog\/wp-content\/uploads\/Calicnemia-imitans-male-2.webp\"><img decoding=\"async\" width=\"2384\" height=\"1504\" data-id=\"23037\" data-src=\"https:\/\/www.meslibellules.fr\/blog\/wp-content\/uploads\/Calicnemia-imitans-male-2.webp\" alt=\"Calicnemia imitans m\u00e2le, Tha\u00eflande, Mon Tha Waterfall, 30\/05\/2024\" class=\"wp-image-23037 lazyload\" data-srcset=\"https:\/\/www.meslibellules.fr\/blog\/wp-content\/uploads\/Calicnemia-imitans-male-2.webp 2384w, https:\/\/www.meslibellules.fr\/blog\/wp-content\/uploads\/Calicnemia-imitans-male-2-768x485.webp 768w, https:\/\/www.meslibellules.fr\/blog\/wp-content\/uploads\/Calicnemia-imitans-male-2-1536x969.webp 1536w, https:\/\/www.meslibellules.fr\/blog\/wp-content\/uploads\/Calicnemia-imitans-male-2-2048x1292.webp 2048w\" data-sizes=\"(max-width: 2384px) 100vw, 2384px\" src=\"data:image\/svg+xml;base64,PHN2ZyB3aWR0aD0iMSIgaGVpZ2h0PSIxIiB4bWxucz0iaHR0cDovL3d3dy53My5vcmcvMjAwMC9zdmciPjwvc3ZnPg==\" style=\"--smush-placeholder-width: 2384px; --smush-placeholder-aspect-ratio: 2384\/1504;\" \/><\/a><\/figure>\n\n\n\n<figure class=\"wp-block-image size-full\"><a href=\"https:\/\/www.meslibellules.fr\/blog\/wp-content\/uploads\/Calicnemia-imitans-male-6.webp\"><img decoding=\"async\" width=\"2536\" height=\"1504\" data-id=\"23041\" data-src=\"https:\/\/www.meslibellules.fr\/blog\/wp-content\/uploads\/Calicnemia-imitans-male-6.webp\" alt=\"Calicnemia imitans m\u00e2le, Tha\u00eflande, Mon Tha Waterfall, 30\/05\/2024\" class=\"wp-image-23041 lazyload\" data-srcset=\"https:\/\/www.meslibellules.fr\/blog\/wp-content\/uploads\/Calicnemia-imitans-male-6.webp 2536w, https:\/\/www.meslibellules.fr\/blog\/wp-content\/uploads\/Calicnemia-imitans-male-6-768x455.webp 768w, https:\/\/www.meslibellules.fr\/blog\/wp-content\/uploads\/Calicnemia-imitans-male-6-1536x911.webp 1536w, https:\/\/www.meslibellules.fr\/blog\/wp-content\/uploads\/Calicnemia-imitans-male-6-2048x1215.webp 2048w\" data-sizes=\"(max-width: 2536px) 100vw, 2536px\" src=\"data:image\/svg+xml;base64,PHN2ZyB3aWR0aD0iMSIgaGVpZ2h0PSIxIiB4bWxucz0iaHR0cDovL3d3dy53My5vcmcvMjAwMC9zdmciPjwvc3ZnPg==\" style=\"--smush-placeholder-width: 2536px; --smush-placeholder-aspect-ratio: 2536\/1504;\" \/><\/a><\/figure>\n<figcaption class=\"blocks-gallery-caption wp-element-caption\">Calicnemia imitans m\u00e2le, Tha\u00eflande, Mon Tha Waterfall, 30\/05\/2024<\/figcaption><\/figure>\n\n\n\n<p>Calicnemia imitans se rencontre au Vietnam, au Laos, en Tha\u00eflande, au Myanmar, dans certains \u00e9tats de l&rsquo;est de l&rsquo;inde et au Bangladesh (2).<\/p>\n\n\n\n<figure class=\"wp-block-image aligncenter size-full is-resized\"><a href=\"https:\/\/www.meslibellules.fr\/blog\/wp-content\/uploads\/Calicnemia-imitans-male-3.webp\"><img decoding=\"async\" width=\"2259\" height=\"1204\" data-src=\"https:\/\/www.meslibellules.fr\/blog\/wp-content\/uploads\/Calicnemia-imitans-male-3.webp\" alt=\"Calicnemia imitans et miles m\u00e2le, Tha\u00eflande, Suthep, Mon tha Waterfall, 27\/05\/2024\" class=\"wp-image-23038 lazyload\" style=\"--smush-placeholder-width: 2259px; --smush-placeholder-aspect-ratio: 2259\/1204;width:649px;height:auto\" data-srcset=\"https:\/\/www.meslibellules.fr\/blog\/wp-content\/uploads\/Calicnemia-imitans-male-3.webp 2259w, https:\/\/www.meslibellules.fr\/blog\/wp-content\/uploads\/Calicnemia-imitans-male-3-768x409.webp 768w, https:\/\/www.meslibellules.fr\/blog\/wp-content\/uploads\/Calicnemia-imitans-male-3-1536x819.webp 1536w, https:\/\/www.meslibellules.fr\/blog\/wp-content\/uploads\/Calicnemia-imitans-male-3-2048x1092.webp 2048w\" data-sizes=\"(max-width: 2259px) 100vw, 2259px\" src=\"data:image\/svg+xml;base64,PHN2ZyB3aWR0aD0iMSIgaGVpZ2h0PSIxIiB4bWxucz0iaHR0cDovL3d3dy53My5vcmcvMjAwMC9zdmciPjwvc3ZnPg==\" \/><\/a><figcaption class=\"wp-element-caption\">Calicnemia imitans et miles m\u00e2le, Tha\u00eflande, Suthep, Mon tha Waterfall, 27\/05\/2024<\/figcaption><\/figure>\n\n\n\n<p><strong>Calicnemia<\/strong> est un genre d&rsquo;abord cr\u00e9\u00e9 par Selys sous le nom de Calicnemis dans sa<em> R\u00e9vision du Synopsis des Agrionines<\/em> (3) o\u00f9 il explique, que consid\u00e9r\u00e9 d&rsquo;abord comme un sous-genre des Platycnemis, il a d\u00e9cid\u00e9 d&rsquo;en faire un genre \u00e0 part enti\u00e8re (le genre \u00e9tant pr\u00e9occup\u00e9 par un Col\u00e9opt\u00e8re, Strand, 1928, l&rsquo;a f\u00e9minis\u00e9 et appel\u00e9 Calicnemia). Malheureusement, il n&rsquo;explique pas son cheminement pour le nommer. Calicnemia est compos\u00e9 de Cali qui est pour moi une \u00e9nigme. Et de <em>knemis<\/em>, qui signifie ici <em>jambe<\/em> ou <em>patte<\/em>. La seule r\u00e9f\u00e9rence aux pattes que fait Selys dans les caract\u00e9ristiques du genre est : \u00ab\u00a0<em>Tibias non dilat\u00e9s (comme tous les autres genres <\/em>[en \u00ab\u00a0cnemis\u00a0\u00bb]<em>, except\u00e9 Platycnemis)<\/em>, ce qui n&rsquo;est donc en rien <em>sp\u00e9cifique<\/em> \u00e0 ce genre. <em>Cali<\/em> signifie <em>tasse<\/em> ou <em>nid, v<\/em>oire <em>hutte<\/em>&#8230; \u00e0 moins qu&rsquo;il ne s&rsquo;agisse plut\u00f4t du pr\u00e9fixe  &#8211;<em>cal<\/em>, signifiant tout simplement <em>beau<\/em> (comme pour les belles ailes de nos Calopteryx !) . Il faudrait supposer que Selys ait \u00e9t\u00e9 en mal de qualificatif pour trouver belles les pattes de ce nouveau genre !<br><strong>Imitans<\/strong>, du latin <em>imitans<\/em>, signifie <em>qui a imit\u00e9<\/em>, certainement en raison de sa ressemblance avec Calicnemia pulverulans (Selys, 1886).<\/p>\n\n\n\n<div style=\"height:31px\" aria-hidden=\"true\" class=\"wp-block-spacer\"><\/div>\n\n\n\n<p style=\"font-size:13px\">1- Babu &amp; Nandy, 2009 &#8211; <a href=\"https:\/\/recordsofzsi.com\/index.php\/zsoi\/article\/view\/158994\/109639\">A comparative study of three closely related Calicnemia species Selys<\/a> &#8211; C. pulverulans Selys,, C. imitans Lieftinck and C. sudhaae mitra (Odonata : Zygoptera : Platycnemididae). Rec. zool. Surv. India: 109(Part-3) : 79-84, 2009.<br>2- Kawsar Khan, 2017 &#8211; <a href=\"https:\/\/www.researchgate.net\/publication\/345698105_Odonata_diversity_of_the_eastern_region_of_Bangladesh_with_four_new_addition_to_the_Bangladeshi_dragonfly_fauna\">Odonata diversity of the eastern region of Bangladesh with four new addition to the<br>3 Bangladeshi dragonfly fauna<\/a>.<br>3- Selys, 1886 &#8211; <a href=\"https:\/\/www.persee.fr\/doc\/marb_0770-8459_1886_num_38_1_2330?pageId=T5_130\">R\u00e9vision du Synopsis des Agrionines<\/a>. Premi\u00e8re partie comprenant les l\u00e9gions Pseudostigma &#8211; Podagrion &#8211; Platycemis et Protonevra (M\u00e9moires de l&rsquo;Acad\u00e9mie royale de Belgique. P. 130.<\/p>\n\n\n\n<div style=\"height:30px\" aria-hidden=\"true\" class=\"wp-block-spacer\"><\/div>\n\n\n\n<div class=\"wp-block-buttons is-vertical is-layout-flex wp-container-core-buttons-is-layout-16cda065 wp-block-buttons-is-layout-flex\">\n<div class=\"wp-block-button\"><a class=\"wp-block-button__link wp-element-button\" href=\"https:\/\/www.meslibellules.fr\/blog\/libellules-de-thailande\/\">Accueil Tha\u00eflande<\/a><\/div>\n\n\n\n<div class=\"wp-block-button\"><a class=\"wp-block-button__link wp-element-button\" href=\"http:\/\/www.meslibellules.fr\/pagesweb\/divers\/liste-generale-odonates-du-site\/asia-odonates.php\">Liste Asie<\/a><\/div>\n\n\n\n<div class=\"wp-block-button\"><a class=\"wp-block-button__link wp-element-button\" href=\"https:\/\/www.meslibellules.fr\/blog\/\">Accueil<\/a><\/div>\n<\/div>\n\n\n\n<p><\/p>\n","protected":false},"excerpt":{"rendered":"<p>Calicnemia imitans (Platycnemididae) est \u00e9tonnant parmi ses pairs qui sont pour la plupart rouges et noirs. Seuls, semble-t-il, C. pulverulans et sudhaae pr\u00e9sentent le m\u00eame aspect, noir avec des parties claires couvertes d&rsquo;une pruine bleut\u00e9e (1).Il mesure 29 \u00e0 30.5 mm, \u00e0 peu pr\u00e8s comme C. sudhaae alors que C. pulverulans atteint 32 \u00e0 34 [&hellip;]<\/p>\n","protected":false},"author":1,"featured_media":0,"comment_status":"open","ping_status":"open","sticky":false,"template":"","format":"image","meta":{"site-sidebar-layout":"default","site-content-layout":"","ast-site-content-layout":"default","site-content-style":"default","site-sidebar-style":"default","ast-global-header-display":"","ast-banner-title-visibility":"","ast-main-header-display":"","ast-hfb-above-header-display":"","ast-hfb-below-header-display":"","ast-hfb-mobile-header-display":"","site-post-title":"","ast-breadcrumbs-content":"","ast-featured-img":"","footer-sml-layout":"","ast-disable-related-posts":"","theme-transparent-header-meta":"","adv-header-id-meta":"","stick-header-meta":"","header-above-stick-meta":"","header-main-stick-meta":"","header-below-stick-meta":"","astra-migrate-meta-layouts":"set","ast-page-background-enabled":"default","ast-page-background-meta":{"desktop":{"background-color":"var(--ast-global-color-4)","background-image":"","background-repeat":"repeat","background-position":"center center","background-size":"auto","background-attachment":"scroll","background-type":"","background-media":"","overlay-type":"","overlay-color":"","overlay-opacity":"","overlay-gradient":""},"tablet":{"background-color":"","background-image":"","background-repeat":"repeat","background-position":"center center","background-size":"auto","background-attachment":"scroll","background-type":"","background-media":"","overlay-type":"","overlay-color":"","overlay-opacity":"","overlay-gradient":""},"mobile":{"background-color":"","background-image":"","background-repeat":"repeat","background-position":"center center","background-size":"auto","background-attachment":"scroll","background-type":"","background-media":"","overlay-type":"","overlay-color":"","overlay-opacity":"","overlay-gradient":""}},"ast-content-background-meta":{"desktop":{"background-color":"var(--ast-global-color-5)","background-image":"","background-repeat":"repeat","background-position":"center center","background-size":"auto","background-attachment":"scroll","background-type":"","background-media":"","overlay-type":"","overlay-color":"","overlay-opacity":"","overlay-gradient":""},"tablet":{"background-color":"var(--ast-global-color-5)","background-image":"","background-repeat":"repeat","background-position":"center center","background-size":"auto","background-attachment":"scroll","background-type":"","background-media":"","overlay-type":"","overlay-color":"","overlay-opacity":"","overlay-gradient":""},"mobile":{"background-color":"var(--ast-global-color-5)","background-image":"","background-repeat":"repeat","background-position":"center center","background-size":"auto","background-attachment":"scroll","background-type":"","background-media":"","overlay-type":"","overlay-color":"","overlay-opacity":"","overlay-gradient":""}},"footnotes":""},"categories":[1386,1379],"tags":[38563,38562],"class_list":["post-23042","post","type-post","status-publish","format-image","hentry","category-platycnemididae-thailande","category-thailande","tag-platycnemididae-thailande","tag-thailande-2","post_format-post-format-image"],"yoast_head":"<!-- This site is optimized with the Yoast SEO plugin v27.5 - https:\/\/yoast.com\/product\/yoast-seo-wordpress\/ -->\n<title>Calicnemia imitans - Mes Libellules<\/title>\n<meta name=\"description\" content=\"Calicnemia imitans m\u00e2le en Tha\u00eflande, description, identification, taille, habitat, distribution g\u00e9ographique, \u00e9tymologie\" \/>\n<meta name=\"robots\" content=\"index, follow, max-snippet:-1, max-image-preview:large, max-video-preview:-1\" \/>\n<link rel=\"canonical\" href=\"https:\/\/www.meslibellules.fr\/blog\/2024\/12\/19\/calicnemia-imitans\/\" \/>\n<meta property=\"og:locale\" content=\"fr_FR\" \/>\n<meta property=\"og:type\" content=\"article\" \/>\n<meta property=\"og:title\" content=\"Calicnemia imitans - Mes Libellules\" \/>\n<meta property=\"og:description\" content=\"Calicnemia imitans m\u00e2le en Tha\u00eflande, description, identification, taille, habitat, distribution g\u00e9ographique, \u00e9tymologie\" \/>\n<meta property=\"og:url\" content=\"https:\/\/www.meslibellules.fr\/blog\/2024\/12\/19\/calicnemia-imitans\/\" \/>\n<meta property=\"og:site_name\" content=\"Mes Libellules\" \/>\n<meta property=\"article:publisher\" content=\"https:\/\/www.facebook.com\/benoit.guillon.96\/\" \/>\n<meta property=\"article:author\" content=\"https:\/\/www.facebook.com\/benoit.guillon.96\/\" \/>\n<meta property=\"article:published_time\" content=\"2024-12-19T12:05:35+00:00\" \/>\n<meta property=\"article:modified_time\" content=\"2024-12-19T12:05:37+00:00\" \/>\n<meta property=\"og:image\" content=\"https:\/\/www.meslibellules.fr\/blog\/wp-content\/uploads\/Calicnemia-imitans-male-1-scaled.webp\" \/>\n\t<meta property=\"og:image:width\" content=\"2560\" \/>\n\t<meta property=\"og:image:height\" content=\"1418\" \/>\n\t<meta property=\"og:image:type\" content=\"image\/webp\" \/>\n<meta name=\"author\" content=\"Beno\u00eet Guillon\" \/>\n<meta name=\"twitter:card\" content=\"summary_large_image\" \/>\n<meta name=\"twitter:label1\" content=\"\u00c9crit par\" \/>\n\t<meta name=\"twitter:data1\" content=\"Beno\u00eet Guillon\" \/>\n\t<meta name=\"twitter:label2\" content=\"Dur\u00e9e de lecture estim\u00e9e\" \/>\n\t<meta name=\"twitter:data2\" content=\"4 minutes\" \/>\n<script type=\"application\/ld+json\" class=\"yoast-schema-graph\">{\"@context\":\"https:\\\/\\\/schema.org\",\"@graph\":[{\"@type\":\"Article\",\"@id\":\"https:\\\/\\\/www.meslibellules.fr\\\/blog\\\/2024\\\/12\\\/19\\\/calicnemia-imitans\\\/#article\",\"isPartOf\":{\"@id\":\"https:\\\/\\\/www.meslibellules.fr\\\/blog\\\/2024\\\/12\\\/19\\\/calicnemia-imitans\\\/\"},\"author\":{\"name\":\"Beno\u00eet Guillon\",\"@id\":\"https:\\\/\\\/www.meslibellules.fr\\\/blog\\\/#\\\/schema\\\/person\\\/9aa3586f9dd053fcf329f43b8b053c77\"},\"headline\":\"Tha\u00eflande &#8211; Calicnemia imitans (Lieftinck, 1942)\",\"datePublished\":\"2024-12-19T12:05:35+00:00\",\"dateModified\":\"2024-12-19T12:05:37+00:00\",\"mainEntityOfPage\":{\"@id\":\"https:\\\/\\\/www.meslibellules.fr\\\/blog\\\/2024\\\/12\\\/19\\\/calicnemia-imitans\\\/\"},\"wordCount\":548,\"commentCount\":0,\"publisher\":{\"@id\":\"https:\\\/\\\/www.meslibellules.fr\\\/blog\\\/#\\\/schema\\\/person\\\/9aa3586f9dd053fcf329f43b8b053c77\"},\"image\":{\"@id\":\"https:\\\/\\\/www.meslibellules.fr\\\/blog\\\/2024\\\/12\\\/19\\\/calicnemia-imitans\\\/#primaryimage\"},\"thumbnailUrl\":\"https:\\\/\\\/www.meslibellules.fr\\\/blog\\\/wp-content\\\/uploads\\\/Calicnemia-imitans-male-1-scaled.webp\",\"keywords\":[\"Platycnemididae - Tha\u00eflande\",\"ThaIlande\"],\"articleSection\":[\"Platycnemididae\",\"Tha\u00eflande\"],\"inLanguage\":\"fr-FR\",\"potentialAction\":[{\"@type\":\"CommentAction\",\"name\":\"Comment\",\"target\":[\"https:\\\/\\\/www.meslibellules.fr\\\/blog\\\/2024\\\/12\\\/19\\\/calicnemia-imitans\\\/#respond\"]}]},{\"@type\":\"WebPage\",\"@id\":\"https:\\\/\\\/www.meslibellules.fr\\\/blog\\\/2024\\\/12\\\/19\\\/calicnemia-imitans\\\/\",\"url\":\"https:\\\/\\\/www.meslibellules.fr\\\/blog\\\/2024\\\/12\\\/19\\\/calicnemia-imitans\\\/\",\"name\":\"Calicnemia imitans - Mes Libellules\",\"isPartOf\":{\"@id\":\"https:\\\/\\\/www.meslibellules.fr\\\/blog\\\/#website\"},\"primaryImageOfPage\":{\"@id\":\"https:\\\/\\\/www.meslibellules.fr\\\/blog\\\/2024\\\/12\\\/19\\\/calicnemia-imitans\\\/#primaryimage\"},\"image\":{\"@id\":\"https:\\\/\\\/www.meslibellules.fr\\\/blog\\\/2024\\\/12\\\/19\\\/calicnemia-imitans\\\/#primaryimage\"},\"thumbnailUrl\":\"https:\\\/\\\/www.meslibellules.fr\\\/blog\\\/wp-content\\\/uploads\\\/Calicnemia-imitans-male-1-scaled.webp\",\"datePublished\":\"2024-12-19T12:05:35+00:00\",\"dateModified\":\"2024-12-19T12:05:37+00:00\",\"description\":\"Calicnemia imitans m\u00e2le en Tha\u00eflande, description, identification, taille, habitat, distribution g\u00e9ographique, \u00e9tymologie\",\"breadcrumb\":{\"@id\":\"https:\\\/\\\/www.meslibellules.fr\\\/blog\\\/2024\\\/12\\\/19\\\/calicnemia-imitans\\\/#breadcrumb\"},\"inLanguage\":\"fr-FR\",\"potentialAction\":[{\"@type\":\"ReadAction\",\"target\":[\"https:\\\/\\\/www.meslibellules.fr\\\/blog\\\/2024\\\/12\\\/19\\\/calicnemia-imitans\\\/\"]}]},{\"@type\":\"ImageObject\",\"inLanguage\":\"fr-FR\",\"@id\":\"https:\\\/\\\/www.meslibellules.fr\\\/blog\\\/2024\\\/12\\\/19\\\/calicnemia-imitans\\\/#primaryimage\",\"url\":\"https:\\\/\\\/www.meslibellules.fr\\\/blog\\\/wp-content\\\/uploads\\\/Calicnemia-imitans-male-1-scaled.webp\",\"contentUrl\":\"https:\\\/\\\/www.meslibellules.fr\\\/blog\\\/wp-content\\\/uploads\\\/Calicnemia-imitans-male-1-scaled.webp\"},{\"@type\":\"BreadcrumbList\",\"@id\":\"https:\\\/\\\/www.meslibellules.fr\\\/blog\\\/2024\\\/12\\\/19\\\/calicnemia-imitans\\\/#breadcrumb\",\"itemListElement\":[{\"@type\":\"ListItem\",\"position\":1,\"name\":\"Accueil\",\"item\":\"https:\\\/\\\/www.meslibellules.fr\\\/blog\\\/\"},{\"@type\":\"ListItem\",\"position\":2,\"name\":\"Tha\u00eflande &#8211; Calicnemia imitans (Lieftinck, 1942)\"}]},{\"@type\":\"WebSite\",\"@id\":\"https:\\\/\\\/www.meslibellules.fr\\\/blog\\\/#website\",\"url\":\"https:\\\/\\\/www.meslibellules.fr\\\/blog\\\/\",\"name\":\"Mes Libellules\",\"description\":\"Pr\u00e9sentation des libellules rencontr\u00e9es dans le monde\",\"publisher\":{\"@id\":\"https:\\\/\\\/www.meslibellules.fr\\\/blog\\\/#\\\/schema\\\/person\\\/9aa3586f9dd053fcf329f43b8b053c77\"},\"potentialAction\":[{\"@type\":\"SearchAction\",\"target\":{\"@type\":\"EntryPoint\",\"urlTemplate\":\"https:\\\/\\\/www.meslibellules.fr\\\/blog\\\/?s={search_term_string}\"},\"query-input\":{\"@type\":\"PropertyValueSpecification\",\"valueRequired\":true,\"valueName\":\"search_term_string\"}}],\"inLanguage\":\"fr-FR\"},{\"@type\":[\"Person\",\"Organization\"],\"@id\":\"https:\\\/\\\/www.meslibellules.fr\\\/blog\\\/#\\\/schema\\\/person\\\/9aa3586f9dd053fcf329f43b8b053c77\",\"name\":\"Beno\u00eet Guillon\",\"image\":{\"@type\":\"ImageObject\",\"inLanguage\":\"fr-FR\",\"@id\":\"https:\\\/\\\/www.meslibellules.fr\\\/blog\\\/wp-content\\\/uploads\\\/cropped-avatar-150-pix.jpg\",\"url\":\"https:\\\/\\\/www.meslibellules.fr\\\/blog\\\/wp-content\\\/uploads\\\/cropped-avatar-150-pix.jpg\",\"contentUrl\":\"https:\\\/\\\/www.meslibellules.fr\\\/blog\\\/wp-content\\\/uploads\\\/cropped-avatar-150-pix.jpg\",\"width\":150,\"height\":137,\"caption\":\"Beno\u00eet Guillon\"},\"logo\":{\"@id\":\"https:\\\/\\\/www.meslibellules.fr\\\/blog\\\/wp-content\\\/uploads\\\/cropped-avatar-150-pix.jpg\"},\"sameAs\":[\"https:\\\/\\\/www.facebook.com\\\/benoit.guillon.96\\\/\"]}]}<\/script>\n<!-- \/ Yoast SEO plugin. -->","yoast_head_json":{"title":"Calicnemia imitans - Mes Libellules","description":"Calicnemia imitans m\u00e2le en Tha\u00eflande, description, identification, taille, habitat, distribution g\u00e9ographique, \u00e9tymologie","robots":{"index":"index","follow":"follow","max-snippet":"max-snippet:-1","max-image-preview":"max-image-preview:large","max-video-preview":"max-video-preview:-1"},"canonical":"https:\/\/www.meslibellules.fr\/blog\/2024\/12\/19\/calicnemia-imitans\/","og_locale":"fr_FR","og_type":"article","og_title":"Calicnemia imitans - Mes Libellules","og_description":"Calicnemia imitans m\u00e2le en Tha\u00eflande, description, identification, taille, habitat, distribution g\u00e9ographique, \u00e9tymologie","og_url":"https:\/\/www.meslibellules.fr\/blog\/2024\/12\/19\/calicnemia-imitans\/","og_site_name":"Mes Libellules","article_publisher":"https:\/\/www.facebook.com\/benoit.guillon.96\/","article_author":"https:\/\/www.facebook.com\/benoit.guillon.96\/","article_published_time":"2024-12-19T12:05:35+00:00","article_modified_time":"2024-12-19T12:05:37+00:00","og_image":[{"width":2560,"height":1418,"url":"https:\/\/www.meslibellules.fr\/blog\/wp-content\/uploads\/Calicnemia-imitans-male-1-scaled.webp","type":"image\/webp"}],"author":"Beno\u00eet Guillon","twitter_card":"summary_large_image","twitter_misc":{"\u00c9crit par":"Beno\u00eet Guillon","Dur\u00e9e de lecture estim\u00e9e":"4 minutes"},"schema":{"@context":"https:\/\/schema.org","@graph":[{"@type":"Article","@id":"https:\/\/www.meslibellules.fr\/blog\/2024\/12\/19\/calicnemia-imitans\/#article","isPartOf":{"@id":"https:\/\/www.meslibellules.fr\/blog\/2024\/12\/19\/calicnemia-imitans\/"},"author":{"name":"Beno\u00eet Guillon","@id":"https:\/\/www.meslibellules.fr\/blog\/#\/schema\/person\/9aa3586f9dd053fcf329f43b8b053c77"},"headline":"Tha\u00eflande &#8211; Calicnemia imitans (Lieftinck, 1942)","datePublished":"2024-12-19T12:05:35+00:00","dateModified":"2024-12-19T12:05:37+00:00","mainEntityOfPage":{"@id":"https:\/\/www.meslibellules.fr\/blog\/2024\/12\/19\/calicnemia-imitans\/"},"wordCount":548,"commentCount":0,"publisher":{"@id":"https:\/\/www.meslibellules.fr\/blog\/#\/schema\/person\/9aa3586f9dd053fcf329f43b8b053c77"},"image":{"@id":"https:\/\/www.meslibellules.fr\/blog\/2024\/12\/19\/calicnemia-imitans\/#primaryimage"},"thumbnailUrl":"https:\/\/www.meslibellules.fr\/blog\/wp-content\/uploads\/Calicnemia-imitans-male-1-scaled.webp","keywords":["Platycnemididae - Tha\u00eflande","ThaIlande"],"articleSection":["Platycnemididae","Tha\u00eflande"],"inLanguage":"fr-FR","potentialAction":[{"@type":"CommentAction","name":"Comment","target":["https:\/\/www.meslibellules.fr\/blog\/2024\/12\/19\/calicnemia-imitans\/#respond"]}]},{"@type":"WebPage","@id":"https:\/\/www.meslibellules.fr\/blog\/2024\/12\/19\/calicnemia-imitans\/","url":"https:\/\/www.meslibellules.fr\/blog\/2024\/12\/19\/calicnemia-imitans\/","name":"Calicnemia imitans - Mes Libellules","isPartOf":{"@id":"https:\/\/www.meslibellules.fr\/blog\/#website"},"primaryImageOfPage":{"@id":"https:\/\/www.meslibellules.fr\/blog\/2024\/12\/19\/calicnemia-imitans\/#primaryimage"},"image":{"@id":"https:\/\/www.meslibellules.fr\/blog\/2024\/12\/19\/calicnemia-imitans\/#primaryimage"},"thumbnailUrl":"https:\/\/www.meslibellules.fr\/blog\/wp-content\/uploads\/Calicnemia-imitans-male-1-scaled.webp","datePublished":"2024-12-19T12:05:35+00:00","dateModified":"2024-12-19T12:05:37+00:00","description":"Calicnemia imitans m\u00e2le en Tha\u00eflande, description, identification, taille, habitat, distribution g\u00e9ographique, \u00e9tymologie","breadcrumb":{"@id":"https:\/\/www.meslibellules.fr\/blog\/2024\/12\/19\/calicnemia-imitans\/#breadcrumb"},"inLanguage":"fr-FR","potentialAction":[{"@type":"ReadAction","target":["https:\/\/www.meslibellules.fr\/blog\/2024\/12\/19\/calicnemia-imitans\/"]}]},{"@type":"ImageObject","inLanguage":"fr-FR","@id":"https:\/\/www.meslibellules.fr\/blog\/2024\/12\/19\/calicnemia-imitans\/#primaryimage","url":"https:\/\/www.meslibellules.fr\/blog\/wp-content\/uploads\/Calicnemia-imitans-male-1-scaled.webp","contentUrl":"https:\/\/www.meslibellules.fr\/blog\/wp-content\/uploads\/Calicnemia-imitans-male-1-scaled.webp"},{"@type":"BreadcrumbList","@id":"https:\/\/www.meslibellules.fr\/blog\/2024\/12\/19\/calicnemia-imitans\/#breadcrumb","itemListElement":[{"@type":"ListItem","position":1,"name":"Accueil","item":"https:\/\/www.meslibellules.fr\/blog\/"},{"@type":"ListItem","position":2,"name":"Tha\u00eflande &#8211; Calicnemia imitans (Lieftinck, 1942)"}]},{"@type":"WebSite","@id":"https:\/\/www.meslibellules.fr\/blog\/#website","url":"https:\/\/www.meslibellules.fr\/blog\/","name":"Mes Libellules","description":"Pr\u00e9sentation des libellules rencontr\u00e9es dans le monde","publisher":{"@id":"https:\/\/www.meslibellules.fr\/blog\/#\/schema\/person\/9aa3586f9dd053fcf329f43b8b053c77"},"potentialAction":[{"@type":"SearchAction","target":{"@type":"EntryPoint","urlTemplate":"https:\/\/www.meslibellules.fr\/blog\/?s={search_term_string}"},"query-input":{"@type":"PropertyValueSpecification","valueRequired":true,"valueName":"search_term_string"}}],"inLanguage":"fr-FR"},{"@type":["Person","Organization"],"@id":"https:\/\/www.meslibellules.fr\/blog\/#\/schema\/person\/9aa3586f9dd053fcf329f43b8b053c77","name":"Beno\u00eet Guillon","image":{"@type":"ImageObject","inLanguage":"fr-FR","@id":"https:\/\/www.meslibellules.fr\/blog\/wp-content\/uploads\/cropped-avatar-150-pix.jpg","url":"https:\/\/www.meslibellules.fr\/blog\/wp-content\/uploads\/cropped-avatar-150-pix.jpg","contentUrl":"https:\/\/www.meslibellules.fr\/blog\/wp-content\/uploads\/cropped-avatar-150-pix.jpg","width":150,"height":137,"caption":"Beno\u00eet Guillon"},"logo":{"@id":"https:\/\/www.meslibellules.fr\/blog\/wp-content\/uploads\/cropped-avatar-150-pix.jpg"},"sameAs":["https:\/\/www.facebook.com\/benoit.guillon.96\/"]}]}},"_links":{"self":[{"href":"https:\/\/www.meslibellules.fr\/blog\/wp-json\/wp\/v2\/posts\/23042","targetHints":{"allow":["GET"]}}],"collection":[{"href":"https:\/\/www.meslibellules.fr\/blog\/wp-json\/wp\/v2\/posts"}],"about":[{"href":"https:\/\/www.meslibellules.fr\/blog\/wp-json\/wp\/v2\/types\/post"}],"author":[{"embeddable":true,"href":"https:\/\/www.meslibellules.fr\/blog\/wp-json\/wp\/v2\/users\/1"}],"replies":[{"embeddable":true,"href":"https:\/\/www.meslibellules.fr\/blog\/wp-json\/wp\/v2\/comments?post=23042"}],"version-history":[{"count":0,"href":"https:\/\/www.meslibellules.fr\/blog\/wp-json\/wp\/v2\/posts\/23042\/revisions"}],"wp:attachment":[{"href":"https:\/\/www.meslibellules.fr\/blog\/wp-json\/wp\/v2\/media?parent=23042"}],"wp:term":[{"taxonomy":"category","embeddable":true,"href":"https:\/\/www.meslibellules.fr\/blog\/wp-json\/wp\/v2\/categories?post=23042"},{"taxonomy":"post_tag","embeddable":true,"href":"https:\/\/www.meslibellules.fr\/blog\/wp-json\/wp\/v2\/tags?post=23042"}],"curies":[{"name":"wp","href":"https:\/\/api.w.org\/{rel}","templated":true}]}}