{"id":23163,"date":"2024-12-27T09:45:00","date_gmt":"2024-12-27T08:45:00","guid":{"rendered":"https:\/\/www.meslibellules.fr\/blog\/?p=23163"},"modified":"2025-01-24T10:01:02","modified_gmt":"2025-01-24T09:01:02","slug":"indothemis-carnatica-2","status":"publish","type":"post","link":"https:\/\/www.meslibellules.fr\/blog\/2024\/12\/27\/indothemis-carnatica-2\/","title":{"rendered":"Tha\u00eflande &#8211; Indothemis carnatica (Fabricius, 1798)"},"content":{"rendered":"\n<figure class=\"wp-block-image aligncenter size-full is-resized\"><a href=\"https:\/\/www.meslibellules.fr\/blog\/wp-content\/uploads\/Indothemis-carnatica-male-1.webp\"><img decoding=\"async\" width=\"1656\" height=\"1504\" data-src=\"https:\/\/www.meslibellules.fr\/blog\/wp-content\/uploads\/Indothemis-carnatica-male-1.webp\" alt=\"Indothemis carnatica m\u00e2le, Tha\u00eflande, Chiang Mai, Ang Kaeo Reservoir, 31\/05\/2024\" class=\"wp-image-23156 lazyload\" style=\"--smush-placeholder-width: 1656px; --smush-placeholder-aspect-ratio: 1656\/1504;width:584px;height:auto\" data-srcset=\"https:\/\/www.meslibellules.fr\/blog\/wp-content\/uploads\/Indothemis-carnatica-male-1.webp 1656w, https:\/\/www.meslibellules.fr\/blog\/wp-content\/uploads\/Indothemis-carnatica-male-1-768x698.webp 768w, https:\/\/www.meslibellules.fr\/blog\/wp-content\/uploads\/Indothemis-carnatica-male-1-1536x1395.webp 1536w\" data-sizes=\"(max-width: 1656px) 100vw, 1656px\" src=\"data:image\/svg+xml;base64,PHN2ZyB3aWR0aD0iMSIgaGVpZ2h0PSIxIiB4bWxucz0iaHR0cDovL3d3dy53My5vcmcvMjAwMC9zdmciPjwvc3ZnPg==\" \/><\/a><figcaption class=\"wp-element-caption\">Indothemis carnatica m\u00e2le, Tha\u00eflande, Chiang Mai, Ang Kaeo Reservoir, 31\/05\/2024<\/figcaption><\/figure>\n\n\n\n<p>Indothemis carnatica fait partie d&rsquo;un genre qui ne contient qu&rsquo;une seule autre esp\u00e8ce, <a href=\"https:\/\/www.meslibellules.fr\/voyages\/malaisie\/indothemis-limbata\/indothemis-limbata.php\" target=\"_blank\" rel=\"noreferrer noopener\">I. limbata<\/a> pr\u00e9sente en Tha\u00eflande, mais que nous n&rsquo;avons pas rencontr\u00e9e. La confusion est cependant difficile avec cette cousine qui a la base des ailes largement ambr\u00e9e.<br>On le confondrait plus facilement avec <a href=\"https:\/\/www.meslibellules.fr\/blog\/wp-content\/uploads\/2019\/06\/trithemis-festiva.jpg\">Trithemis festiva<\/a>, aussi pr\u00e9sent, qui lui aussi a pourtant la base des ailes ambr\u00e9es et les derniers segments sombres.<\/p>\n\n\n\n<figure class=\"wp-block-gallery has-nested-images columns-default is-cropped wp-block-gallery-1 is-layout-flex wp-block-gallery-is-layout-flex\">\n<figure class=\"wp-block-image size-large\"><a href=\"https:\/\/www.meslibellules.fr\/blog\/wp-content\/uploads\/Indothemis-carnatica-male-2.webp\"><img decoding=\"async\" width=\"1597\" height=\"1504\" data-id=\"23157\" data-src=\"https:\/\/www.meslibellules.fr\/blog\/wp-content\/uploads\/Indothemis-carnatica-male-2.webp\" alt=\"Indothemis carnatica m\u00e2le, Tha\u00eflande, Chiang Mai, Ang Kaeo Reservoir, 31\/05\/2024\" class=\"wp-image-23157 lazyload\" data-srcset=\"https:\/\/www.meslibellules.fr\/blog\/wp-content\/uploads\/Indothemis-carnatica-male-2.webp 1597w, https:\/\/www.meslibellules.fr\/blog\/wp-content\/uploads\/Indothemis-carnatica-male-2-768x723.webp 768w, https:\/\/www.meslibellules.fr\/blog\/wp-content\/uploads\/Indothemis-carnatica-male-2-1536x1447.webp 1536w\" data-sizes=\"(max-width: 1597px) 100vw, 1597px\" src=\"data:image\/svg+xml;base64,PHN2ZyB3aWR0aD0iMSIgaGVpZ2h0PSIxIiB4bWxucz0iaHR0cDovL3d3dy53My5vcmcvMjAwMC9zdmciPjwvc3ZnPg==\" style=\"--smush-placeholder-width: 1597px; --smush-placeholder-aspect-ratio: 1597\/1504;\" \/><\/a><\/figure>\n\n\n\n<figure class=\"wp-block-image size-large\"><a href=\"https:\/\/www.meslibellules.fr\/blog\/wp-content\/uploads\/Indothemis-carnatica-male-3.webp\"><img decoding=\"async\" width=\"1824\" height=\"1504\" data-id=\"23158\" data-src=\"https:\/\/www.meslibellules.fr\/blog\/wp-content\/uploads\/Indothemis-carnatica-male-3.webp\" alt=\"Indothemis carnatica m\u00e2le, Tha\u00eflande, Chiang Mai, Ang Kaeo Reservoir, 31\/05\/2024\" class=\"wp-image-23158 lazyload\" data-srcset=\"https:\/\/www.meslibellules.fr\/blog\/wp-content\/uploads\/Indothemis-carnatica-male-3.webp 1824w, https:\/\/www.meslibellules.fr\/blog\/wp-content\/uploads\/Indothemis-carnatica-male-3-768x633.webp 768w, https:\/\/www.meslibellules.fr\/blog\/wp-content\/uploads\/Indothemis-carnatica-male-3-1536x1267.webp 1536w\" data-sizes=\"(max-width: 1824px) 100vw, 1824px\" src=\"data:image\/svg+xml;base64,PHN2ZyB3aWR0aD0iMSIgaGVpZ2h0PSIxIiB4bWxucz0iaHR0cDovL3d3dy53My5vcmcvMjAwMC9zdmciPjwvc3ZnPg==\" style=\"--smush-placeholder-width: 1824px; --smush-placeholder-aspect-ratio: 1824\/1504;\" \/><\/a><\/figure>\n<figcaption class=\"blocks-gallery-caption wp-element-caption\">Indothemis carnatica m\u00e2le, Tha\u00eflande, Chiang Mai, Ang Kaeo Reservoir, 31\/05\/2024<\/figcaption><\/figure>\n\n\n\n<p>J&rsquo;avais d\u00e9j\u00e0 rencontr\u00e9 ce <a href=\"https:\/\/www.meslibellules.fr\/blog\/wp-content\/uploads\/2018\/09\/indothemis-carnatica-1.jpg\"><em>Light-tipped Demon<\/em> au Vietnam<\/a>, sur une mare, mais toujours en vol ! Ici, il s&rsquo;est montr\u00e9 patient et j&rsquo;ai pu l&rsquo;approcher et l&rsquo;observer quelques instants, sur la rive d&rsquo;un <a href=\"https:\/\/www.meslibellules.fr\/blog\/wp-content\/uploads\/31-05-2024-Ang-Kaeo-Reservoir-2.webp\">grand r\u00e9servoir<\/a> du campus de l&rsquo;universit\u00e9 de Chiang Mai, pr\u00e9cis\u00e9ment \u00e0 l&rsquo;endroit de la fl\u00e8che rouge.<br>Le <em>White-Tipped Demon<\/em>, on l&rsquo;appelle ainsi \u00e0 Singapour, se pla\u00eet donc sur les eaux stagnantes, mares, lacs et \u00e9tangs bien v\u00e9g\u00e9talis\u00e9s, garnis d&rsquo;herbes hautes sur leurs rives. M\u00eame s&rsquo;il est peu commun et dispers\u00e9 dans son aire de r\u00e9partition, il est souvent remarquable par son activit\u00e9 quasi-constante.<br>Qu&rsquo;il soit appel\u00e9 Light-tipped ou White-tipped, cette <em><a href=\"https:\/\/www.meslibellules.fr\/blog\/wp-content\/uploads\/Indothemis-carnatica-male-5bis.webp\">extr\u00e9mit\u00e9 claire<\/a><\/em> fait r\u00e9f\u00e9rence \u00e0 l&rsquo;<a href=\"https:\/\/www.galerie-insecte.org\/galerie\/view.php?ref=335476\">\u00e9piprocte clair<\/a> (lame supra-anale, sous les cerques(1)).<\/p>\n\n\n\n<figure class=\"wp-block-image aligncenter size-full is-resized\"><a href=\"https:\/\/www.meslibellules.fr\/blog\/wp-content\/uploads\/Indothemis-carnatica-male-4.webp\"><img decoding=\"async\" width=\"2012\" height=\"1504\" data-src=\"https:\/\/www.meslibellules.fr\/blog\/wp-content\/uploads\/Indothemis-carnatica-male-4.webp\" alt=\"Indothemis carnatica m\u00e2le, Tha\u00eflande, Chiang Mai, Ang Kaeo Reservoir, 31\/05\/2024\" class=\"wp-image-23159 lazyload\" style=\"--smush-placeholder-width: 2012px; --smush-placeholder-aspect-ratio: 2012\/1504;width:576px;height:auto\" data-srcset=\"https:\/\/www.meslibellules.fr\/blog\/wp-content\/uploads\/Indothemis-carnatica-male-4.webp 2012w, https:\/\/www.meslibellules.fr\/blog\/wp-content\/uploads\/Indothemis-carnatica-male-4-768x574.webp 768w, https:\/\/www.meslibellules.fr\/blog\/wp-content\/uploads\/Indothemis-carnatica-male-4-1536x1148.webp 1536w\" data-sizes=\"(max-width: 2012px) 100vw, 2012px\" src=\"data:image\/svg+xml;base64,PHN2ZyB3aWR0aD0iMSIgaGVpZ2h0PSIxIiB4bWxucz0iaHR0cDovL3d3dy53My5vcmcvMjAwMC9zdmciPjwvc3ZnPg==\" \/><\/a><figcaption class=\"wp-element-caption\">Indothemis carnatica m\u00e2le, Tha\u00eflande, Chiang Mai, Ang Kaeo Reservoir, 31\/05\/2024<\/figcaption><\/figure>\n\n\n\n<p>Il mesure 33 \u00e0 39 mm (2).<br>L&rsquo;<a href=\"https:\/\/www.iucnredlist.org\/species\/163674\/123027708#geographic-range\">IUCN<\/a> n&rsquo;a pas vraiment am\u00e9lior\u00e9 la d\u00e9finition de son aire de distribution depuis que je l&rsquo;ai vu <a href=\"https:\/\/www.meslibellules.fr\/blog\/2018\/09\/12\/indothemis-carnatica\/\" target=\"_blank\" rel=\"noreferrer noopener\">au Vietnam<\/a> : depuis le Sri Lanka et le sud-ouest de l&rsquo;Inde jusqu&rsquo;au Vietnam. En fait, les donn\u00e9es de iNaturalist l&#8217;emm\u00e8nent sur la c\u00f4te est de la Chine, jusqu&rsquo;\u00e0 la latitude de Taipei.<br>Sur une mare, un peu plus en altitude, nous avons observ\u00e9 un tandem en ponte, bien s\u00fbr en vol, et les photos permettent tout juste de se faire une id\u00e9e de l&rsquo;aspect de la femelle.<\/p>\n\n\n\n<figure class=\"wp-block-gallery has-nested-images columns-default is-cropped wp-block-gallery-2 is-layout-flex wp-block-gallery-is-layout-flex\">\n<figure class=\"wp-block-image size-large\"><a href=\"https:\/\/www.meslibellules.fr\/blog\/wp-content\/uploads\/Indothemis-carnatica-tandem-2.webp\"><img decoding=\"async\" width=\"1440\" height=\"1004\" data-id=\"23162\" data-src=\"https:\/\/www.meslibellules.fr\/blog\/wp-content\/uploads\/Indothemis-carnatica-tandem-2.webp\" alt=\"Indothemis carnatica tandem, Tha\u00eflande, Mare Chom Thong (Ban Luang), 04\/06\/2024\" class=\"wp-image-23162 lazyload\" data-srcset=\"https:\/\/www.meslibellules.fr\/blog\/wp-content\/uploads\/Indothemis-carnatica-tandem-2.webp 1440w, https:\/\/www.meslibellules.fr\/blog\/wp-content\/uploads\/Indothemis-carnatica-tandem-2-768x535.webp 768w\" data-sizes=\"(max-width: 1440px) 100vw, 1440px\" src=\"data:image\/svg+xml;base64,PHN2ZyB3aWR0aD0iMSIgaGVpZ2h0PSIxIiB4bWxucz0iaHR0cDovL3d3dy53My5vcmcvMjAwMC9zdmciPjwvc3ZnPg==\" style=\"--smush-placeholder-width: 1440px; --smush-placeholder-aspect-ratio: 1440\/1004;\" \/><\/a><\/figure>\n\n\n\n<figure class=\"wp-block-image size-large\"><a href=\"https:\/\/www.meslibellules.fr\/blog\/wp-content\/uploads\/Indothemis-carnatica-tandem-1.webp\"><img decoding=\"async\" width=\"1496\" height=\"1004\" data-id=\"23161\" data-src=\"https:\/\/www.meslibellules.fr\/blog\/wp-content\/uploads\/Indothemis-carnatica-tandem-1.webp\" alt=\"Light-tipped Demon tandem, Tha\u00eflande, Mare Chom Thong (Ban Luang), 04\/06\/2024\" class=\"wp-image-23161 lazyload\" data-srcset=\"https:\/\/www.meslibellules.fr\/blog\/wp-content\/uploads\/Indothemis-carnatica-tandem-1.webp 1496w, https:\/\/www.meslibellules.fr\/blog\/wp-content\/uploads\/Indothemis-carnatica-tandem-1-768x515.webp 768w\" data-sizes=\"(max-width: 1496px) 100vw, 1496px\" src=\"data:image\/svg+xml;base64,PHN2ZyB3aWR0aD0iMSIgaGVpZ2h0PSIxIiB4bWxucz0iaHR0cDovL3d3dy53My5vcmcvMjAwMC9zdmciPjwvc3ZnPg==\" style=\"--smush-placeholder-width: 1496px; --smush-placeholder-aspect-ratio: 1496\/1004;\" \/><\/a><\/figure>\n<figcaption class=\"blocks-gallery-caption wp-element-caption\">Indothemis carnatica tandem, Tha\u00eflande, Mare Chom Thong (Ban Luang), 04\/06\/2024<\/figcaption><\/figure>\n\n\n\n<p><span style=\"text-decoration: underline;\"><strong>\u00c9tymologie<\/strong><\/span> (3)<br><strong>Indothemis,<\/strong> de <em>Indus<\/em>, <em>provenant d&rsquo;Inde<\/em> et de Themis. <em>Themis<\/em>, est la d\u00e9esse grecque de l\u2019ordre et de la justice, qui a \u00e9t\u00e9 utilis\u00e9 de nombreuses fois depuis Hagen (1861), et Ris a suivi la mode en 1916 quand il a cr\u00e9\u00e9 ce genre. Le nom de la d\u00e9esse de l\u2019ordre est particuli\u00e8rement bien adapt\u00e9 \u00e0 la taxonomie, science qui vise \u00e0 d\u00e9crire et ordonner les familles, genres et esp\u00e8ces. Les deux esp\u00e8ces composant ce genre ont en effet et captur\u00e9es l&rsquo;une en Inde, \u00e0 Bombay, pour I. carnatica (plus exactement I. caesia (Rambur, 1842) synonymis\u00e9e avec I. carnatica par Lieftinck en 1961(4)) l&rsquo;autre, I. limbata (Selys) en Malaisie et \u00e0 Singapour (alors aux \u00ab\u00a0Indes Orientales\u00a0\u00bb).<br><strong>Carnatica<\/strong> pourrait provenir selon R. Ngiam &amp; M. Ng (5) de la r\u00e9gion anciennement appel\u00e9e Carnatique, au sud-est de l&rsquo;Inde, actuellement Tamil Nadu et Andhra Pradesh. On sait que le sujet d\u00e9crit par Fabricius (Libellula carnatica) provenait d&rsquo;Inde Orientale (\u00ab\u00a0<em>Habitat in India orientali<\/em>\u00ab\u00a0).<br>Un \u00e9tat indien, juste \u00e0 l&rsquo;ouest des deux pr\u00e9c\u00e9demment cit\u00e9s, s&rsquo;appelle aujourd&rsquo;hui le Karnataka.<\/p>\n\n\n\n<figure class=\"wp-block-image aligncenter size-full is-resized\"><a href=\"https:\/\/www.meslibellules.fr\/blog\/wp-content\/uploads\/Indothemis-carnatica-male-5.webp\"><img decoding=\"async\" width=\"2368\" height=\"1504\" data-src=\"https:\/\/www.meslibellules.fr\/blog\/wp-content\/uploads\/Indothemis-carnatica-male-5.webp\" alt=\"White-Tipped Demon m\u00e2le, Tha\u00eflande, Mare Chom Thong (Ban Luang), 05\/06\/2024\" class=\"wp-image-23160 lazyload\" style=\"--smush-placeholder-width: 2368px; --smush-placeholder-aspect-ratio: 2368\/1504;width:573px;height:auto\" data-srcset=\"https:\/\/www.meslibellules.fr\/blog\/wp-content\/uploads\/Indothemis-carnatica-male-5.webp 2368w, https:\/\/www.meslibellules.fr\/blog\/wp-content\/uploads\/Indothemis-carnatica-male-5-768x488.webp 768w, https:\/\/www.meslibellules.fr\/blog\/wp-content\/uploads\/Indothemis-carnatica-male-5-1536x976.webp 1536w, https:\/\/www.meslibellules.fr\/blog\/wp-content\/uploads\/Indothemis-carnatica-male-5-2048x1301.webp 2048w\" data-sizes=\"(max-width: 2368px) 100vw, 2368px\" src=\"data:image\/svg+xml;base64,PHN2ZyB3aWR0aD0iMSIgaGVpZ2h0PSIxIiB4bWxucz0iaHR0cDovL3d3dy53My5vcmcvMjAwMC9zdmciPjwvc3ZnPg==\" \/><\/a><figcaption class=\"wp-element-caption\">Indothemis carnatica m\u00e2le, Tha\u00eflande, Mare Chom Thong (Ban Luang), 05\/06\/2024<\/figcaption><\/figure>\n\n\n\n<div style=\"height:33px\" aria-hidden=\"true\" class=\"wp-block-spacer\"><\/div>\n\n\n\n<p style=\"font-size:13px\">1- Bertrand Piney &amp; R\u00e9gis Krieg-Jacquier \u2013&nbsp;<a href=\"https:\/\/martinia.insectes.org\/nomenclature-francaise-des-appendices-anaux-des-imagos-et-larves-dodonates-pour-labandon-du-terme-cercoides\/\">Nomenclature fran\u00e7aise des appendices anaux des imagos et larves d\u2019odonates : pour l\u2019abandon du terme \u00ab cerco\u00efdes \u00bb<\/a>, Martinia 38 (1) : 1\u201319, 2024\/01<br>2- <a href=\"https:\/\/dragonflies.kiz.ac.cn\/species\/Indothemis%20carnatica\">Odonata of China<\/a><br>3- Heinrich Fliedner, <a href=\"https:\/\/www.researchgate.net\/publication\/367150062_The_scientific_names_of_Ris%27_odonate_taxa#fullTextFileContent\">The scientific names of Ris\u2019 odonate taxa<\/a>, published: 09.03.2021, Journal of the International Dragonfly Fund<br>4- Von Ellenrieder et al. 2015 &#8211; <a href=\"https:\/\/www.researchgate.net\/publication\/270453180_First_records_of_Macromia_katae_Macromiidae_and_Indothemis_carnatica_Libellulidae_from_Vietnam_Insecta_Odonata\">First records of Macromia katae (Macromiidae) and Indothemis carnatica (Libellulidae) from Vietnam (Insecta: Odonata)<\/a> &#8211; Check List, the journal of biodiversity data.<br>5- Robin Ngiam &amp; Marcus Ng &#8211; A photographic guide to the Dragonflies and Damselflies of Singapore &#8211; John Beaufoy Publishing \u2013 2022<br><\/p>\n\n\n\n<div style=\"height:30px\" aria-hidden=\"true\" class=\"wp-block-spacer\"><\/div>\n\n\n\n<div class=\"wp-block-buttons is-vertical is-layout-flex wp-container-core-buttons-is-layout-16cda065 wp-block-buttons-is-layout-flex\">\n<div class=\"wp-block-button\"><a class=\"wp-block-button__link wp-element-button\" href=\"https:\/\/www.meslibellules.fr\/blog\/libellules-de-thailande\/\">Accueil Tha\u00eflande<\/a><\/div>\n\n\n\n<div class=\"wp-block-button\"><a class=\"wp-block-button__link wp-element-button\" href=\"http:\/\/www.meslibellules.fr\/pagesweb\/divers\/liste-generale-odonates-du-site\/asia-odonates.php\">Liste Asie<\/a><\/div>\n\n\n\n<div class=\"wp-block-button\"><a class=\"wp-block-button__link wp-element-button\" href=\"https:\/\/www.meslibellules.fr\/blog\/\">Accueil<\/a><\/div>\n<\/div>\n\n\n\n<p><\/p>\n","protected":false},"excerpt":{"rendered":"<p>Indothemis carnatica fait partie d&rsquo;un genre qui ne contient qu&rsquo;une seule autre esp\u00e8ce, I. limbata pr\u00e9sente en Tha\u00eflande, mais que nous n&rsquo;avons pas rencontr\u00e9e. La confusion est cependant difficile avec cette cousine qui a la base des ailes largement ambr\u00e9e.On le confondrait plus facilement avec Trithemis festiva, aussi pr\u00e9sent, qui lui aussi a pourtant la [&hellip;]<\/p>\n","protected":false},"author":1,"featured_media":0,"comment_status":"open","ping_status":"open","sticky":false,"template":"","format":"image","meta":{"site-sidebar-layout":"default","site-content-layout":"","ast-site-content-layout":"default","site-content-style":"default","site-sidebar-style":"default","ast-global-header-display":"","ast-banner-title-visibility":"","ast-main-header-display":"","ast-hfb-above-header-display":"","ast-hfb-below-header-display":"","ast-hfb-mobile-header-display":"","site-post-title":"","ast-breadcrumbs-content":"","ast-featured-img":"","footer-sml-layout":"","ast-disable-related-posts":"","theme-transparent-header-meta":"","adv-header-id-meta":"","stick-header-meta":"","header-above-stick-meta":"","header-main-stick-meta":"","header-below-stick-meta":"","astra-migrate-meta-layouts":"set","ast-page-background-enabled":"default","ast-page-background-meta":{"desktop":{"background-color":"var(--ast-global-color-4)","background-image":"","background-repeat":"repeat","background-position":"center center","background-size":"auto","background-attachment":"scroll","background-type":"","background-media":"","overlay-type":"","overlay-color":"","overlay-opacity":"","overlay-gradient":""},"tablet":{"background-color":"","background-image":"","background-repeat":"repeat","background-position":"center center","background-size":"auto","background-attachment":"scroll","background-type":"","background-media":"","overlay-type":"","overlay-color":"","overlay-opacity":"","overlay-gradient":""},"mobile":{"background-color":"","background-image":"","background-repeat":"repeat","background-position":"center center","background-size":"auto","background-attachment":"scroll","background-type":"","background-media":"","overlay-type":"","overlay-color":"","overlay-opacity":"","overlay-gradient":""}},"ast-content-background-meta":{"desktop":{"background-color":"var(--ast-global-color-5)","background-image":"","background-repeat":"repeat","background-position":"center center","background-size":"auto","background-attachment":"scroll","background-type":"","background-media":"","overlay-type":"","overlay-color":"","overlay-opacity":"","overlay-gradient":""},"tablet":{"background-color":"var(--ast-global-color-5)","background-image":"","background-repeat":"repeat","background-position":"center center","background-size":"auto","background-attachment":"scroll","background-type":"","background-media":"","overlay-type":"","overlay-color":"","overlay-opacity":"","overlay-gradient":""},"mobile":{"background-color":"var(--ast-global-color-5)","background-image":"","background-repeat":"repeat","background-position":"center center","background-size":"auto","background-attachment":"scroll","background-type":"","background-media":"","overlay-type":"","overlay-color":"","overlay-opacity":"","overlay-gradient":""}},"footnotes":""},"categories":[38544,1379],"tags":[38536,1381],"class_list":["post-23163","post","type-post","status-publish","format-image","hentry","category-libellulidae-thailande-2","category-thailande","tag-libellulidae-thailande","tag-thailande","post_format-post-format-image"],"yoast_head":"<!-- This site is optimized with the Yoast SEO plugin v27.5 - https:\/\/yoast.com\/product\/yoast-seo-wordpress\/ -->\n<title>Indothemis carnatica - Mes Libellules<\/title>\n<meta name=\"description\" content=\"Indothemis carnatica m\u00e2le et tandem en Tha\u00eflande, description, identification, taille, habitat, distribution g\u00e9ographique, \u00e9tymologie\" \/>\n<meta name=\"robots\" content=\"index, follow, max-snippet:-1, max-image-preview:large, max-video-preview:-1\" \/>\n<link rel=\"canonical\" href=\"https:\/\/www.meslibellules.fr\/blog\/2024\/12\/27\/indothemis-carnatica-2\/\" \/>\n<meta property=\"og:locale\" content=\"fr_FR\" \/>\n<meta property=\"og:type\" content=\"article\" \/>\n<meta property=\"og:title\" content=\"Indothemis carnatica - Mes Libellules\" \/>\n<meta property=\"og:description\" content=\"Indothemis carnatica m\u00e2le et tandem en Tha\u00eflande, description, identification, taille, habitat, distribution g\u00e9ographique, \u00e9tymologie\" \/>\n<meta property=\"og:url\" content=\"https:\/\/www.meslibellules.fr\/blog\/2024\/12\/27\/indothemis-carnatica-2\/\" \/>\n<meta property=\"og:site_name\" content=\"Mes Libellules\" \/>\n<meta property=\"article:publisher\" content=\"https:\/\/www.facebook.com\/benoit.guillon.96\/\" \/>\n<meta property=\"article:author\" content=\"https:\/\/www.facebook.com\/benoit.guillon.96\/\" \/>\n<meta property=\"article:published_time\" content=\"2024-12-27T08:45:00+00:00\" \/>\n<meta property=\"article:modified_time\" content=\"2025-01-24T09:01:02+00:00\" \/>\n<meta property=\"og:image\" content=\"https:\/\/www.meslibellules.fr\/blog\/wp-content\/uploads\/Indothemis-carnatica-male-1.webp\" \/>\n\t<meta property=\"og:image:width\" content=\"1656\" \/>\n\t<meta property=\"og:image:height\" content=\"1504\" \/>\n\t<meta property=\"og:image:type\" content=\"image\/webp\" \/>\n<meta name=\"author\" content=\"Beno\u00eet Guillon\" \/>\n<meta name=\"twitter:card\" content=\"summary_large_image\" \/>\n<meta name=\"twitter:label1\" content=\"\u00c9crit par\" \/>\n\t<meta name=\"twitter:data1\" content=\"Beno\u00eet Guillon\" \/>\n\t<meta name=\"twitter:label2\" content=\"Dur\u00e9e de lecture estim\u00e9e\" \/>\n\t<meta name=\"twitter:data2\" content=\"5 minutes\" \/>\n<script type=\"application\/ld+json\" class=\"yoast-schema-graph\">{\"@context\":\"https:\\\/\\\/schema.org\",\"@graph\":[{\"@type\":\"Article\",\"@id\":\"https:\\\/\\\/www.meslibellules.fr\\\/blog\\\/2024\\\/12\\\/27\\\/indothemis-carnatica-2\\\/#article\",\"isPartOf\":{\"@id\":\"https:\\\/\\\/www.meslibellules.fr\\\/blog\\\/2024\\\/12\\\/27\\\/indothemis-carnatica-2\\\/\"},\"author\":{\"name\":\"Beno\u00eet Guillon\",\"@id\":\"https:\\\/\\\/www.meslibellules.fr\\\/blog\\\/#\\\/schema\\\/person\\\/9aa3586f9dd053fcf329f43b8b053c77\"},\"headline\":\"Tha\u00eflande &#8211; Indothemis carnatica (Fabricius, 1798)\",\"datePublished\":\"2024-12-27T08:45:00+00:00\",\"dateModified\":\"2025-01-24T09:01:02+00:00\",\"mainEntityOfPage\":{\"@id\":\"https:\\\/\\\/www.meslibellules.fr\\\/blog\\\/2024\\\/12\\\/27\\\/indothemis-carnatica-2\\\/\"},\"wordCount\":659,\"commentCount\":0,\"publisher\":{\"@id\":\"https:\\\/\\\/www.meslibellules.fr\\\/blog\\\/#\\\/schema\\\/person\\\/9aa3586f9dd053fcf329f43b8b053c77\"},\"image\":{\"@id\":\"https:\\\/\\\/www.meslibellules.fr\\\/blog\\\/2024\\\/12\\\/27\\\/indothemis-carnatica-2\\\/#primaryimage\"},\"thumbnailUrl\":\"https:\\\/\\\/www.meslibellules.fr\\\/blog\\\/wp-content\\\/uploads\\\/Indothemis-carnatica-male-1.webp\",\"keywords\":[\"Libellulidae - Tha\u00eflande\",\"Tha\u00eflande\"],\"articleSection\":[\"Libellulidae\",\"Tha\u00eflande\"],\"inLanguage\":\"fr-FR\",\"potentialAction\":[{\"@type\":\"CommentAction\",\"name\":\"Comment\",\"target\":[\"https:\\\/\\\/www.meslibellules.fr\\\/blog\\\/2024\\\/12\\\/27\\\/indothemis-carnatica-2\\\/#respond\"]}]},{\"@type\":\"WebPage\",\"@id\":\"https:\\\/\\\/www.meslibellules.fr\\\/blog\\\/2024\\\/12\\\/27\\\/indothemis-carnatica-2\\\/\",\"url\":\"https:\\\/\\\/www.meslibellules.fr\\\/blog\\\/2024\\\/12\\\/27\\\/indothemis-carnatica-2\\\/\",\"name\":\"Indothemis carnatica - Mes Libellules\",\"isPartOf\":{\"@id\":\"https:\\\/\\\/www.meslibellules.fr\\\/blog\\\/#website\"},\"primaryImageOfPage\":{\"@id\":\"https:\\\/\\\/www.meslibellules.fr\\\/blog\\\/2024\\\/12\\\/27\\\/indothemis-carnatica-2\\\/#primaryimage\"},\"image\":{\"@id\":\"https:\\\/\\\/www.meslibellules.fr\\\/blog\\\/2024\\\/12\\\/27\\\/indothemis-carnatica-2\\\/#primaryimage\"},\"thumbnailUrl\":\"https:\\\/\\\/www.meslibellules.fr\\\/blog\\\/wp-content\\\/uploads\\\/Indothemis-carnatica-male-1.webp\",\"datePublished\":\"2024-12-27T08:45:00+00:00\",\"dateModified\":\"2025-01-24T09:01:02+00:00\",\"description\":\"Indothemis carnatica m\u00e2le et tandem en Tha\u00eflande, description, identification, taille, habitat, distribution g\u00e9ographique, \u00e9tymologie\",\"breadcrumb\":{\"@id\":\"https:\\\/\\\/www.meslibellules.fr\\\/blog\\\/2024\\\/12\\\/27\\\/indothemis-carnatica-2\\\/#breadcrumb\"},\"inLanguage\":\"fr-FR\",\"potentialAction\":[{\"@type\":\"ReadAction\",\"target\":[\"https:\\\/\\\/www.meslibellules.fr\\\/blog\\\/2024\\\/12\\\/27\\\/indothemis-carnatica-2\\\/\"]}]},{\"@type\":\"ImageObject\",\"inLanguage\":\"fr-FR\",\"@id\":\"https:\\\/\\\/www.meslibellules.fr\\\/blog\\\/2024\\\/12\\\/27\\\/indothemis-carnatica-2\\\/#primaryimage\",\"url\":\"https:\\\/\\\/www.meslibellules.fr\\\/blog\\\/wp-content\\\/uploads\\\/Indothemis-carnatica-male-1.webp\",\"contentUrl\":\"https:\\\/\\\/www.meslibellules.fr\\\/blog\\\/wp-content\\\/uploads\\\/Indothemis-carnatica-male-1.webp\"},{\"@type\":\"BreadcrumbList\",\"@id\":\"https:\\\/\\\/www.meslibellules.fr\\\/blog\\\/2024\\\/12\\\/27\\\/indothemis-carnatica-2\\\/#breadcrumb\",\"itemListElement\":[{\"@type\":\"ListItem\",\"position\":1,\"name\":\"Accueil\",\"item\":\"https:\\\/\\\/www.meslibellules.fr\\\/blog\\\/\"},{\"@type\":\"ListItem\",\"position\":2,\"name\":\"Tha\u00eflande &#8211; Indothemis carnatica (Fabricius, 1798)\"}]},{\"@type\":\"WebSite\",\"@id\":\"https:\\\/\\\/www.meslibellules.fr\\\/blog\\\/#website\",\"url\":\"https:\\\/\\\/www.meslibellules.fr\\\/blog\\\/\",\"name\":\"Mes Libellules\",\"description\":\"Pr\u00e9sentation des libellules rencontr\u00e9es dans le monde\",\"publisher\":{\"@id\":\"https:\\\/\\\/www.meslibellules.fr\\\/blog\\\/#\\\/schema\\\/person\\\/9aa3586f9dd053fcf329f43b8b053c77\"},\"potentialAction\":[{\"@type\":\"SearchAction\",\"target\":{\"@type\":\"EntryPoint\",\"urlTemplate\":\"https:\\\/\\\/www.meslibellules.fr\\\/blog\\\/?s={search_term_string}\"},\"query-input\":{\"@type\":\"PropertyValueSpecification\",\"valueRequired\":true,\"valueName\":\"search_term_string\"}}],\"inLanguage\":\"fr-FR\"},{\"@type\":[\"Person\",\"Organization\"],\"@id\":\"https:\\\/\\\/www.meslibellules.fr\\\/blog\\\/#\\\/schema\\\/person\\\/9aa3586f9dd053fcf329f43b8b053c77\",\"name\":\"Beno\u00eet Guillon\",\"image\":{\"@type\":\"ImageObject\",\"inLanguage\":\"fr-FR\",\"@id\":\"https:\\\/\\\/www.meslibellules.fr\\\/blog\\\/wp-content\\\/uploads\\\/cropped-avatar-150-pix.jpg\",\"url\":\"https:\\\/\\\/www.meslibellules.fr\\\/blog\\\/wp-content\\\/uploads\\\/cropped-avatar-150-pix.jpg\",\"contentUrl\":\"https:\\\/\\\/www.meslibellules.fr\\\/blog\\\/wp-content\\\/uploads\\\/cropped-avatar-150-pix.jpg\",\"width\":150,\"height\":137,\"caption\":\"Beno\u00eet Guillon\"},\"logo\":{\"@id\":\"https:\\\/\\\/www.meslibellules.fr\\\/blog\\\/wp-content\\\/uploads\\\/cropped-avatar-150-pix.jpg\"},\"sameAs\":[\"https:\\\/\\\/www.facebook.com\\\/benoit.guillon.96\\\/\"]}]}<\/script>\n<!-- \/ Yoast SEO plugin. -->","yoast_head_json":{"title":"Indothemis carnatica - Mes Libellules","description":"Indothemis carnatica m\u00e2le et tandem en Tha\u00eflande, description, identification, taille, habitat, distribution g\u00e9ographique, \u00e9tymologie","robots":{"index":"index","follow":"follow","max-snippet":"max-snippet:-1","max-image-preview":"max-image-preview:large","max-video-preview":"max-video-preview:-1"},"canonical":"https:\/\/www.meslibellules.fr\/blog\/2024\/12\/27\/indothemis-carnatica-2\/","og_locale":"fr_FR","og_type":"article","og_title":"Indothemis carnatica - Mes Libellules","og_description":"Indothemis carnatica m\u00e2le et tandem en Tha\u00eflande, description, identification, taille, habitat, distribution g\u00e9ographique, \u00e9tymologie","og_url":"https:\/\/www.meslibellules.fr\/blog\/2024\/12\/27\/indothemis-carnatica-2\/","og_site_name":"Mes Libellules","article_publisher":"https:\/\/www.facebook.com\/benoit.guillon.96\/","article_author":"https:\/\/www.facebook.com\/benoit.guillon.96\/","article_published_time":"2024-12-27T08:45:00+00:00","article_modified_time":"2025-01-24T09:01:02+00:00","og_image":[{"width":1656,"height":1504,"url":"https:\/\/www.meslibellules.fr\/blog\/wp-content\/uploads\/Indothemis-carnatica-male-1.webp","type":"image\/webp"}],"author":"Beno\u00eet Guillon","twitter_card":"summary_large_image","twitter_misc":{"\u00c9crit par":"Beno\u00eet Guillon","Dur\u00e9e de lecture estim\u00e9e":"5 minutes"},"schema":{"@context":"https:\/\/schema.org","@graph":[{"@type":"Article","@id":"https:\/\/www.meslibellules.fr\/blog\/2024\/12\/27\/indothemis-carnatica-2\/#article","isPartOf":{"@id":"https:\/\/www.meslibellules.fr\/blog\/2024\/12\/27\/indothemis-carnatica-2\/"},"author":{"name":"Beno\u00eet Guillon","@id":"https:\/\/www.meslibellules.fr\/blog\/#\/schema\/person\/9aa3586f9dd053fcf329f43b8b053c77"},"headline":"Tha\u00eflande &#8211; Indothemis carnatica (Fabricius, 1798)","datePublished":"2024-12-27T08:45:00+00:00","dateModified":"2025-01-24T09:01:02+00:00","mainEntityOfPage":{"@id":"https:\/\/www.meslibellules.fr\/blog\/2024\/12\/27\/indothemis-carnatica-2\/"},"wordCount":659,"commentCount":0,"publisher":{"@id":"https:\/\/www.meslibellules.fr\/blog\/#\/schema\/person\/9aa3586f9dd053fcf329f43b8b053c77"},"image":{"@id":"https:\/\/www.meslibellules.fr\/blog\/2024\/12\/27\/indothemis-carnatica-2\/#primaryimage"},"thumbnailUrl":"https:\/\/www.meslibellules.fr\/blog\/wp-content\/uploads\/Indothemis-carnatica-male-1.webp","keywords":["Libellulidae - Tha\u00eflande","Tha\u00eflande"],"articleSection":["Libellulidae","Tha\u00eflande"],"inLanguage":"fr-FR","potentialAction":[{"@type":"CommentAction","name":"Comment","target":["https:\/\/www.meslibellules.fr\/blog\/2024\/12\/27\/indothemis-carnatica-2\/#respond"]}]},{"@type":"WebPage","@id":"https:\/\/www.meslibellules.fr\/blog\/2024\/12\/27\/indothemis-carnatica-2\/","url":"https:\/\/www.meslibellules.fr\/blog\/2024\/12\/27\/indothemis-carnatica-2\/","name":"Indothemis carnatica - Mes Libellules","isPartOf":{"@id":"https:\/\/www.meslibellules.fr\/blog\/#website"},"primaryImageOfPage":{"@id":"https:\/\/www.meslibellules.fr\/blog\/2024\/12\/27\/indothemis-carnatica-2\/#primaryimage"},"image":{"@id":"https:\/\/www.meslibellules.fr\/blog\/2024\/12\/27\/indothemis-carnatica-2\/#primaryimage"},"thumbnailUrl":"https:\/\/www.meslibellules.fr\/blog\/wp-content\/uploads\/Indothemis-carnatica-male-1.webp","datePublished":"2024-12-27T08:45:00+00:00","dateModified":"2025-01-24T09:01:02+00:00","description":"Indothemis carnatica m\u00e2le et tandem en Tha\u00eflande, description, identification, taille, habitat, distribution g\u00e9ographique, \u00e9tymologie","breadcrumb":{"@id":"https:\/\/www.meslibellules.fr\/blog\/2024\/12\/27\/indothemis-carnatica-2\/#breadcrumb"},"inLanguage":"fr-FR","potentialAction":[{"@type":"ReadAction","target":["https:\/\/www.meslibellules.fr\/blog\/2024\/12\/27\/indothemis-carnatica-2\/"]}]},{"@type":"ImageObject","inLanguage":"fr-FR","@id":"https:\/\/www.meslibellules.fr\/blog\/2024\/12\/27\/indothemis-carnatica-2\/#primaryimage","url":"https:\/\/www.meslibellules.fr\/blog\/wp-content\/uploads\/Indothemis-carnatica-male-1.webp","contentUrl":"https:\/\/www.meslibellules.fr\/blog\/wp-content\/uploads\/Indothemis-carnatica-male-1.webp"},{"@type":"BreadcrumbList","@id":"https:\/\/www.meslibellules.fr\/blog\/2024\/12\/27\/indothemis-carnatica-2\/#breadcrumb","itemListElement":[{"@type":"ListItem","position":1,"name":"Accueil","item":"https:\/\/www.meslibellules.fr\/blog\/"},{"@type":"ListItem","position":2,"name":"Tha\u00eflande &#8211; Indothemis carnatica (Fabricius, 1798)"}]},{"@type":"WebSite","@id":"https:\/\/www.meslibellules.fr\/blog\/#website","url":"https:\/\/www.meslibellules.fr\/blog\/","name":"Mes Libellules","description":"Pr\u00e9sentation des libellules rencontr\u00e9es dans le monde","publisher":{"@id":"https:\/\/www.meslibellules.fr\/blog\/#\/schema\/person\/9aa3586f9dd053fcf329f43b8b053c77"},"potentialAction":[{"@type":"SearchAction","target":{"@type":"EntryPoint","urlTemplate":"https:\/\/www.meslibellules.fr\/blog\/?s={search_term_string}"},"query-input":{"@type":"PropertyValueSpecification","valueRequired":true,"valueName":"search_term_string"}}],"inLanguage":"fr-FR"},{"@type":["Person","Organization"],"@id":"https:\/\/www.meslibellules.fr\/blog\/#\/schema\/person\/9aa3586f9dd053fcf329f43b8b053c77","name":"Beno\u00eet Guillon","image":{"@type":"ImageObject","inLanguage":"fr-FR","@id":"https:\/\/www.meslibellules.fr\/blog\/wp-content\/uploads\/cropped-avatar-150-pix.jpg","url":"https:\/\/www.meslibellules.fr\/blog\/wp-content\/uploads\/cropped-avatar-150-pix.jpg","contentUrl":"https:\/\/www.meslibellules.fr\/blog\/wp-content\/uploads\/cropped-avatar-150-pix.jpg","width":150,"height":137,"caption":"Beno\u00eet Guillon"},"logo":{"@id":"https:\/\/www.meslibellules.fr\/blog\/wp-content\/uploads\/cropped-avatar-150-pix.jpg"},"sameAs":["https:\/\/www.facebook.com\/benoit.guillon.96\/"]}]}},"_links":{"self":[{"href":"https:\/\/www.meslibellules.fr\/blog\/wp-json\/wp\/v2\/posts\/23163","targetHints":{"allow":["GET"]}}],"collection":[{"href":"https:\/\/www.meslibellules.fr\/blog\/wp-json\/wp\/v2\/posts"}],"about":[{"href":"https:\/\/www.meslibellules.fr\/blog\/wp-json\/wp\/v2\/types\/post"}],"author":[{"embeddable":true,"href":"https:\/\/www.meslibellules.fr\/blog\/wp-json\/wp\/v2\/users\/1"}],"replies":[{"embeddable":true,"href":"https:\/\/www.meslibellules.fr\/blog\/wp-json\/wp\/v2\/comments?post=23163"}],"version-history":[{"count":0,"href":"https:\/\/www.meslibellules.fr\/blog\/wp-json\/wp\/v2\/posts\/23163\/revisions"}],"wp:attachment":[{"href":"https:\/\/www.meslibellules.fr\/blog\/wp-json\/wp\/v2\/media?parent=23163"}],"wp:term":[{"taxonomy":"category","embeddable":true,"href":"https:\/\/www.meslibellules.fr\/blog\/wp-json\/wp\/v2\/categories?post=23163"},{"taxonomy":"post_tag","embeddable":true,"href":"https:\/\/www.meslibellules.fr\/blog\/wp-json\/wp\/v2\/tags?post=23163"}],"curies":[{"name":"wp","href":"https:\/\/api.w.org\/{rel}","templated":true}]}}