{"id":23231,"date":"2025-01-03T19:35:53","date_gmt":"2025-01-03T18:35:53","guid":{"rendered":"https:\/\/www.meslibellules.fr\/blog\/?p=23231"},"modified":"2025-01-03T19:35:55","modified_gmt":"2025-01-03T18:35:55","slug":"anax-nigrofasciatus","status":"publish","type":"post","link":"https:\/\/www.meslibellules.fr\/blog\/2025\/01\/03\/anax-nigrofasciatus\/","title":{"rendered":"Tha\u00eflande &#8211; Anax nigrofasciatus (Oguma, 1915)"},"content":{"rendered":"\n<figure class=\"wp-block-image aligncenter size-full is-resized\"><a href=\"https:\/\/www.meslibellules.fr\/blog\/wp-content\/uploads\/Anax-nigrofasciatus-male-1.webp\"><img decoding=\"async\" width=\"1462\" height=\"1204\" data-src=\"https:\/\/www.meslibellules.fr\/blog\/wp-content\/uploads\/Anax-nigrofasciatus-male-1.webp\" alt=\"Anax nigrofasciatus m\u00e2le, Tha\u00eflande, mare pr\u00e8s de Chom Thong (Ban Luang), 04\/06\/2024\" class=\"wp-image-23229 lazyload\" style=\"--smush-placeholder-width: 1462px; --smush-placeholder-aspect-ratio: 1462\/1204;width:621px;height:auto\" data-srcset=\"https:\/\/www.meslibellules.fr\/blog\/wp-content\/uploads\/Anax-nigrofasciatus-male-1.webp 1462w, https:\/\/www.meslibellules.fr\/blog\/wp-content\/uploads\/Anax-nigrofasciatus-male-1-768x632.webp 768w\" data-sizes=\"(max-width: 1462px) 100vw, 1462px\" src=\"data:image\/svg+xml;base64,PHN2ZyB3aWR0aD0iMSIgaGVpZ2h0PSIxIiB4bWxucz0iaHR0cDovL3d3dy53My5vcmcvMjAwMC9zdmciPjwvc3ZnPg==\" \/><\/a><figcaption class=\"wp-element-caption\">Anax nigrofasciatus m\u00e2le, Tha\u00eflande, mare pr\u00e8s de Chom Thong (Ban Luang), 04\/06\/2024<\/figcaption><\/figure>\n\n\n\n<p>Nous avons rencontr\u00e9 Anax nigrofasciatus, un grand Aeshnidae, dans la partie peu profonde d&rsquo;<a href=\"https:\/\/www.meslibellules.fr\/blog\/wp-content\/uploads\/Mare-Chom-Thong-1.webp\">un \u00e9tang de montagne<\/a> (au premier plan \u00e0 gauche), \u00e0 environ 1400 m. Il explorait les herbes basses d&rsquo;une zone inond\u00e9e, certainement \u00e0 la recherche d&rsquo;une femelle en ponte.<br>Son identification est assez ais\u00e9e et se base sur les sutures thoraciques soulign\u00e9es de sombre sur fond vert, l&rsquo;angle de la face et du front soulign\u00e9 d&rsquo;un fort \u00ab\u00a0T\u00a0\u00bb noir, et les paires de points bleus sur l&rsquo;abdomen. Il prend d&rsquo;ailleurs en anglais le nom de Blue-spotted emperor.<\/p>\n\n\n\n<figure class=\"wp-block-image aligncenter size-full is-resized\"><a href=\"https:\/\/www.meslibellules.fr\/blog\/wp-content\/uploads\/Anax-nigrofasciatus-male-3.webp\"><img decoding=\"async\" width=\"2551\" height=\"1204\" data-src=\"https:\/\/www.meslibellules.fr\/blog\/wp-content\/uploads\/Anax-nigrofasciatus-male-3.webp\" alt=\"Anax nigrofasciatus m\u00e2le, Tha\u00eflande, mare pr\u00e8s de Chom Thong (Ban Luang), 04\/06\/2024\" class=\"wp-image-23232 lazyload\" style=\"--smush-placeholder-width: 2551px; --smush-placeholder-aspect-ratio: 2551\/1204;width:591px;height:auto\" data-srcset=\"https:\/\/www.meslibellules.fr\/blog\/wp-content\/uploads\/Anax-nigrofasciatus-male-3.webp 2551w, https:\/\/www.meslibellules.fr\/blog\/wp-content\/uploads\/Anax-nigrofasciatus-male-3-768x362.webp 768w, https:\/\/www.meslibellules.fr\/blog\/wp-content\/uploads\/Anax-nigrofasciatus-male-3-1536x725.webp 1536w, https:\/\/www.meslibellules.fr\/blog\/wp-content\/uploads\/Anax-nigrofasciatus-male-3-2048x967.webp 2048w\" data-sizes=\"(max-width: 2551px) 100vw, 2551px\" src=\"data:image\/svg+xml;base64,PHN2ZyB3aWR0aD0iMSIgaGVpZ2h0PSIxIiB4bWxucz0iaHR0cDovL3d3dy53My5vcmcvMjAwMC9zdmciPjwvc3ZnPg==\" \/><\/a><figcaption class=\"wp-element-caption\">Anax nigrofasciatus m\u00e2le, Tha\u00eflande, mare pr\u00e8s de Chom Thong (Ban Luang), 04\/06\/2024<\/figcaption><\/figure>\n\n\n\n<p>Les m\u00e2les Anax nigrofasciatus mesurent mesure 75 \u00e0 80 mm,  les femelles sont plus petites de quelques millim\u00e8tres (1).<br>On le rencontre de l&rsquo;est de l&rsquo;Inde au Japon, au sud jusqu&rsquo;en Malaisie et aux Philippines.<br><a href=\"https:\/\/www.iucnredlist.org\/species\/164783\/5925749#geographic-range\">IUCN Red List<\/a>.<br><br>Comme souvent pour les esp\u00e8ces d\u00e9crites par des auteurs asiatiques, je ne suis pas parvenu \u00e0 trouver les documents originaux.<\/p>\n\n\n\n<figure class=\"wp-block-image aligncenter size-full is-resized\"><a href=\"https:\/\/www.meslibellules.fr\/blog\/wp-content\/uploads\/Anax-nigrofasciatus-male-2.webp\"><img decoding=\"async\" width=\"1852\" height=\"1204\" data-src=\"https:\/\/www.meslibellules.fr\/blog\/wp-content\/uploads\/Anax-nigrofasciatus-male-2.webp\" alt=\"Anax nigrofasciatus m\u00e2le, Tha\u00eflande, mare pr\u00e8s de Chom Thong (Ban Luang), 04\/06\/2024\" class=\"wp-image-23230 lazyload\" style=\"--smush-placeholder-width: 1852px; --smush-placeholder-aspect-ratio: 1852\/1204;width:618px;height:auto\" data-srcset=\"https:\/\/www.meslibellules.fr\/blog\/wp-content\/uploads\/Anax-nigrofasciatus-male-2.webp 1852w, https:\/\/www.meslibellules.fr\/blog\/wp-content\/uploads\/Anax-nigrofasciatus-male-2-768x499.webp 768w, https:\/\/www.meslibellules.fr\/blog\/wp-content\/uploads\/Anax-nigrofasciatus-male-2-1536x999.webp 1536w\" data-sizes=\"(max-width: 1852px) 100vw, 1852px\" src=\"data:image\/svg+xml;base64,PHN2ZyB3aWR0aD0iMSIgaGVpZ2h0PSIxIiB4bWxucz0iaHR0cDovL3d3dy53My5vcmcvMjAwMC9zdmciPjwvc3ZnPg==\" \/><\/a><figcaption class=\"wp-element-caption\">Anax nigrofasciatus m\u00e2le, Tha\u00eflande, mare pr\u00e8s de Chom Thong (Ban Luang), 04\/06\/2024<\/figcaption><\/figure>\n\n\n\n<p>Nous avions rencontr\u00e9<a href=\"https:\/\/www.meslibellules.fr\/voyages\/vietnam\/anax-nigrofasciatus\/anax-nigrofasciatus.php\"> une femelle en ponte au Vietnam<\/a>, en 2018, autour d&rsquo;une tr\u00e8s petite mare d&rsquo;altitude, dans le paysage d\u00e9solant d&rsquo;un vallon ruin\u00e9 par la construction de piscicultures dans des zones interdites d&rsquo;exploitation. \u00ab\u00a0Heureusement\u00a0\u00bb, car cette fois-ci, celle que nous avons aper\u00e7ue le lendemain pondait tr\u00e8s loin de nous. Ces deux observations de femelles en ponte confirment ce qu&rsquo;on peut lire dans le \u00ab\u00a0<em>Field Guide to the Dragonflies &amp; Damselflies of Northwest india<\/em> \u00a0\u00bb (2) c&rsquo;est-\u00e0-dire que les femelles de cette esp\u00e8ce pondent seules, hors de la pr\u00e9sence des m\u00e2les.<\/p>\n\n\n\n<figure class=\"wp-block-image aligncenter size-full is-resized\"><a href=\"https:\/\/www.meslibellules.fr\/blog\/wp-content\/uploads\/Anax-nigrofasciatus-femelle-1.webp\"><img decoding=\"async\" width=\"1124\" height=\"869\" data-src=\"https:\/\/www.meslibellules.fr\/blog\/wp-content\/uploads\/Anax-nigrofasciatus-femelle-1.webp\" alt=\"Anax nigrofasciatus m\u00e2le, Tha\u00eflande, mare pr\u00e8s de Chom Thong (Ban Luang), 05\/06\/2024\" class=\"wp-image-23228 lazyload\" style=\"--smush-placeholder-width: 1124px; --smush-placeholder-aspect-ratio: 1124\/869;width:499px;height:auto\" data-srcset=\"https:\/\/www.meslibellules.fr\/blog\/wp-content\/uploads\/Anax-nigrofasciatus-femelle-1.webp 1124w, https:\/\/www.meslibellules.fr\/blog\/wp-content\/uploads\/Anax-nigrofasciatus-femelle-1-768x594.webp 768w\" data-sizes=\"(max-width: 1124px) 100vw, 1124px\" src=\"data:image\/svg+xml;base64,PHN2ZyB3aWR0aD0iMSIgaGVpZ2h0PSIxIiB4bWxucz0iaHR0cDovL3d3dy53My5vcmcvMjAwMC9zdmciPjwvc3ZnPg==\" \/><\/a><figcaption class=\"wp-element-caption\">Anax nigrofasciatus m\u00e2le, Tha\u00eflande, mare pr\u00e8s de Chom Thong (Ban Luang), 05\/06\/2024<\/figcaption><\/figure>\n\n\n\n<p><strong><span style=\"text-decoration: underline;\">\u00c9tymologie<\/span><\/strong><br \/><strong>Anax<\/strong> vient d\u2019un mot grec signifiant\u00a0<em>roi<\/em>,\u00a0<em>souverain<\/em>\u00a0et est attribu\u00e9 au caract\u00e8re dominant que sugg\u00e8rent sa grande taille et son comportement.<br \/><strong>Nigrofasciatus<\/strong> du latin <em>niger<\/em>, <em>noir<\/em> et de <em>fasciatus<\/em> qui signifie <em>fasci\u00e9<\/em>, <em>band\u00e9<\/em>, au sens de <em>bandeau<\/em> et souligne le bandeau sombre des sutures (qui d\u00e9limitent ce que certains appellent des fascia&#8230;).<\/p>\n\n\n\n<div style=\"height:31px\" aria-hidden=\"true\" class=\"wp-block-spacer\"><\/div>\n\n\n\n<p style=\"font-size:13px\">1- <a href=\"https:\/\/dragonflies.kiz.ac.cn\/species\/Anax%20nigrofasciatus\">Odonata of China<\/a> <br>2- Field Guide to the Dragonflies &amp; Damselflies of Northwest india, Dheerendra Singh \u2013 Bishen Singh Mahendra Pal Singh \u2013 2022<\/p>\n\n\n\n<div style=\"height:32px\" aria-hidden=\"true\" class=\"wp-block-spacer\"><\/div>\n\n\n\n<div class=\"wp-block-buttons is-vertical is-layout-flex wp-container-core-buttons-is-layout-16cda065 wp-block-buttons-is-layout-flex\">\n<div class=\"wp-block-button\"><a class=\"wp-block-button__link wp-element-button\" href=\"https:\/\/www.meslibellules.fr\/blog\/libellules-de-thailande\/\">Accueil Tha\u00eflande<\/a><\/div>\n\n\n\n<div class=\"wp-block-button\"><a class=\"wp-block-button__link wp-element-button\" href=\"http:\/\/www.meslibellules.fr\/pagesweb\/divers\/liste-generale-odonates-du-site\/asia-odonates.php\">Liste Asie<\/a><\/div>\n\n\n\n<div class=\"wp-block-button\"><a class=\"wp-block-button__link wp-element-button\" href=\"https:\/\/www.meslibellules.fr\/blog\/\">Accueil<\/a><\/div>\n<\/div>\n","protected":false},"excerpt":{"rendered":"<p>Nous avons rencontr\u00e9 Anax nigrofasciatus, un grand Aeshnidae, dans la partie peu profonde d&rsquo;un \u00e9tang de montagne (au premier plan \u00e0 gauche), \u00e0 environ 1400 m. Il explorait les herbes basses d&rsquo;une zone inond\u00e9e, certainement \u00e0 la recherche d&rsquo;une femelle en ponte.Son identification est assez ais\u00e9e et se base sur les sutures thoraciques soulign\u00e9es de [&hellip;]<\/p>\n","protected":false},"author":1,"featured_media":0,"comment_status":"open","ping_status":"open","sticky":false,"template":"","format":"image","meta":{"site-sidebar-layout":"default","site-content-layout":"","ast-site-content-layout":"default","site-content-style":"default","site-sidebar-style":"default","ast-global-header-display":"","ast-banner-title-visibility":"","ast-main-header-display":"","ast-hfb-above-header-display":"","ast-hfb-below-header-display":"","ast-hfb-mobile-header-display":"","site-post-title":"","ast-breadcrumbs-content":"","ast-featured-img":"","footer-sml-layout":"","ast-disable-related-posts":"","theme-transparent-header-meta":"","adv-header-id-meta":"","stick-header-meta":"","header-above-stick-meta":"","header-main-stick-meta":"","header-below-stick-meta":"","astra-migrate-meta-layouts":"set","ast-page-background-enabled":"default","ast-page-background-meta":{"desktop":{"background-color":"var(--ast-global-color-4)","background-image":"","background-repeat":"repeat","background-position":"center center","background-size":"auto","background-attachment":"scroll","background-type":"","background-media":"","overlay-type":"","overlay-color":"","overlay-opacity":"","overlay-gradient":""},"tablet":{"background-color":"","background-image":"","background-repeat":"repeat","background-position":"center center","background-size":"auto","background-attachment":"scroll","background-type":"","background-media":"","overlay-type":"","overlay-color":"","overlay-opacity":"","overlay-gradient":""},"mobile":{"background-color":"","background-image":"","background-repeat":"repeat","background-position":"center center","background-size":"auto","background-attachment":"scroll","background-type":"","background-media":"","overlay-type":"","overlay-color":"","overlay-opacity":"","overlay-gradient":""}},"ast-content-background-meta":{"desktop":{"background-color":"var(--ast-global-color-5)","background-image":"","background-repeat":"repeat","background-position":"center center","background-size":"auto","background-attachment":"scroll","background-type":"","background-media":"","overlay-type":"","overlay-color":"","overlay-opacity":"","overlay-gradient":""},"tablet":{"background-color":"var(--ast-global-color-5)","background-image":"","background-repeat":"repeat","background-position":"center center","background-size":"auto","background-attachment":"scroll","background-type":"","background-media":"","overlay-type":"","overlay-color":"","overlay-opacity":"","overlay-gradient":""},"mobile":{"background-color":"var(--ast-global-color-5)","background-image":"","background-repeat":"repeat","background-position":"center center","background-size":"auto","background-attachment":"scroll","background-type":"","background-media":"","overlay-type":"","overlay-color":"","overlay-opacity":"","overlay-gradient":""}},"footnotes":""},"categories":[38523,1379],"tags":[38539,1381],"class_list":["post-23231","post","type-post","status-publish","format-image","hentry","category-aeshnidae-thailande","category-thailande","tag-aeshnidae-thailande","tag-thailande","post_format-post-format-image"],"yoast_head":"<!-- This site is optimized with the Yoast SEO plugin v27.5 - https:\/\/yoast.com\/product\/yoast-seo-wordpress\/ -->\n<title>Anax nigrofasciatus - Mes Libellules<\/title>\n<meta name=\"description\" content=\"Anax nigrofasciatus m\u00e2le et femelle en Tha\u00eflande, description, identification, taille, habitat, distribution g\u00e9ographique, \u00e9tymologie\" \/>\n<meta name=\"robots\" content=\"index, follow, max-snippet:-1, max-image-preview:large, max-video-preview:-1\" \/>\n<link rel=\"canonical\" href=\"https:\/\/www.meslibellules.fr\/blog\/2025\/01\/03\/anax-nigrofasciatus\/\" \/>\n<meta property=\"og:locale\" content=\"fr_FR\" \/>\n<meta property=\"og:type\" content=\"article\" \/>\n<meta property=\"og:title\" content=\"Anax nigrofasciatus - Mes Libellules\" \/>\n<meta property=\"og:description\" content=\"Anax nigrofasciatus m\u00e2le et femelle en Tha\u00eflande, description, identification, taille, habitat, distribution g\u00e9ographique, \u00e9tymologie\" \/>\n<meta property=\"og:url\" content=\"https:\/\/www.meslibellules.fr\/blog\/2025\/01\/03\/anax-nigrofasciatus\/\" \/>\n<meta property=\"og:site_name\" content=\"Mes Libellules\" \/>\n<meta property=\"article:publisher\" content=\"https:\/\/www.facebook.com\/benoit.guillon.96\/\" \/>\n<meta property=\"article:author\" content=\"https:\/\/www.facebook.com\/benoit.guillon.96\/\" \/>\n<meta property=\"article:published_time\" content=\"2025-01-03T18:35:53+00:00\" \/>\n<meta property=\"article:modified_time\" content=\"2025-01-03T18:35:55+00:00\" \/>\n<meta property=\"og:image\" content=\"https:\/\/www.meslibellules.fr\/blog\/wp-content\/uploads\/Anax-nigrofasciatus-male-1.webp\" \/>\n\t<meta property=\"og:image:width\" content=\"1462\" \/>\n\t<meta property=\"og:image:height\" content=\"1204\" \/>\n\t<meta property=\"og:image:type\" content=\"image\/webp\" \/>\n<meta name=\"author\" content=\"Beno\u00eet Guillon\" \/>\n<meta name=\"twitter:card\" content=\"summary_large_image\" \/>\n<meta name=\"twitter:label1\" content=\"\u00c9crit par\" \/>\n\t<meta name=\"twitter:data1\" content=\"Beno\u00eet Guillon\" \/>\n\t<meta name=\"twitter:label2\" content=\"Dur\u00e9e de lecture estim\u00e9e\" \/>\n\t<meta name=\"twitter:data2\" content=\"3 minutes\" \/>\n<script type=\"application\/ld+json\" class=\"yoast-schema-graph\">{\"@context\":\"https:\\\/\\\/schema.org\",\"@graph\":[{\"@type\":\"Article\",\"@id\":\"https:\\\/\\\/www.meslibellules.fr\\\/blog\\\/2025\\\/01\\\/03\\\/anax-nigrofasciatus\\\/#article\",\"isPartOf\":{\"@id\":\"https:\\\/\\\/www.meslibellules.fr\\\/blog\\\/2025\\\/01\\\/03\\\/anax-nigrofasciatus\\\/\"},\"author\":{\"name\":\"Beno\u00eet Guillon\",\"@id\":\"https:\\\/\\\/www.meslibellules.fr\\\/blog\\\/#\\\/schema\\\/person\\\/9aa3586f9dd053fcf329f43b8b053c77\"},\"headline\":\"Tha\u00eflande &#8211; Anax nigrofasciatus (Oguma, 1915)\",\"datePublished\":\"2025-01-03T18:35:53+00:00\",\"dateModified\":\"2025-01-03T18:35:55+00:00\",\"mainEntityOfPage\":{\"@id\":\"https:\\\/\\\/www.meslibellules.fr\\\/blog\\\/2025\\\/01\\\/03\\\/anax-nigrofasciatus\\\/\"},\"wordCount\":400,\"commentCount\":2,\"publisher\":{\"@id\":\"https:\\\/\\\/www.meslibellules.fr\\\/blog\\\/#\\\/schema\\\/person\\\/9aa3586f9dd053fcf329f43b8b053c77\"},\"image\":{\"@id\":\"https:\\\/\\\/www.meslibellules.fr\\\/blog\\\/2025\\\/01\\\/03\\\/anax-nigrofasciatus\\\/#primaryimage\"},\"thumbnailUrl\":\"https:\\\/\\\/www.meslibellules.fr\\\/blog\\\/wp-content\\\/uploads\\\/Anax-nigrofasciatus-male-1.webp\",\"keywords\":[\"Aeshnidae - Tha\u00eflande\",\"Tha\u00eflande\"],\"articleSection\":[\"Aeshnidae\",\"Tha\u00eflande\"],\"inLanguage\":\"fr-FR\",\"potentialAction\":[{\"@type\":\"CommentAction\",\"name\":\"Comment\",\"target\":[\"https:\\\/\\\/www.meslibellules.fr\\\/blog\\\/2025\\\/01\\\/03\\\/anax-nigrofasciatus\\\/#respond\"]}]},{\"@type\":\"WebPage\",\"@id\":\"https:\\\/\\\/www.meslibellules.fr\\\/blog\\\/2025\\\/01\\\/03\\\/anax-nigrofasciatus\\\/\",\"url\":\"https:\\\/\\\/www.meslibellules.fr\\\/blog\\\/2025\\\/01\\\/03\\\/anax-nigrofasciatus\\\/\",\"name\":\"Anax nigrofasciatus - Mes Libellules\",\"isPartOf\":{\"@id\":\"https:\\\/\\\/www.meslibellules.fr\\\/blog\\\/#website\"},\"primaryImageOfPage\":{\"@id\":\"https:\\\/\\\/www.meslibellules.fr\\\/blog\\\/2025\\\/01\\\/03\\\/anax-nigrofasciatus\\\/#primaryimage\"},\"image\":{\"@id\":\"https:\\\/\\\/www.meslibellules.fr\\\/blog\\\/2025\\\/01\\\/03\\\/anax-nigrofasciatus\\\/#primaryimage\"},\"thumbnailUrl\":\"https:\\\/\\\/www.meslibellules.fr\\\/blog\\\/wp-content\\\/uploads\\\/Anax-nigrofasciatus-male-1.webp\",\"datePublished\":\"2025-01-03T18:35:53+00:00\",\"dateModified\":\"2025-01-03T18:35:55+00:00\",\"description\":\"Anax nigrofasciatus m\u00e2le et femelle en Tha\u00eflande, description, identification, taille, habitat, distribution g\u00e9ographique, \u00e9tymologie\",\"breadcrumb\":{\"@id\":\"https:\\\/\\\/www.meslibellules.fr\\\/blog\\\/2025\\\/01\\\/03\\\/anax-nigrofasciatus\\\/#breadcrumb\"},\"inLanguage\":\"fr-FR\",\"potentialAction\":[{\"@type\":\"ReadAction\",\"target\":[\"https:\\\/\\\/www.meslibellules.fr\\\/blog\\\/2025\\\/01\\\/03\\\/anax-nigrofasciatus\\\/\"]}]},{\"@type\":\"ImageObject\",\"inLanguage\":\"fr-FR\",\"@id\":\"https:\\\/\\\/www.meslibellules.fr\\\/blog\\\/2025\\\/01\\\/03\\\/anax-nigrofasciatus\\\/#primaryimage\",\"url\":\"https:\\\/\\\/www.meslibellules.fr\\\/blog\\\/wp-content\\\/uploads\\\/Anax-nigrofasciatus-male-1.webp\",\"contentUrl\":\"https:\\\/\\\/www.meslibellules.fr\\\/blog\\\/wp-content\\\/uploads\\\/Anax-nigrofasciatus-male-1.webp\"},{\"@type\":\"BreadcrumbList\",\"@id\":\"https:\\\/\\\/www.meslibellules.fr\\\/blog\\\/2025\\\/01\\\/03\\\/anax-nigrofasciatus\\\/#breadcrumb\",\"itemListElement\":[{\"@type\":\"ListItem\",\"position\":1,\"name\":\"Accueil\",\"item\":\"https:\\\/\\\/www.meslibellules.fr\\\/blog\\\/\"},{\"@type\":\"ListItem\",\"position\":2,\"name\":\"Tha\u00eflande &#8211; Anax nigrofasciatus (Oguma, 1915)\"}]},{\"@type\":\"WebSite\",\"@id\":\"https:\\\/\\\/www.meslibellules.fr\\\/blog\\\/#website\",\"url\":\"https:\\\/\\\/www.meslibellules.fr\\\/blog\\\/\",\"name\":\"Mes Libellules\",\"description\":\"Pr\u00e9sentation des libellules rencontr\u00e9es dans le monde\",\"publisher\":{\"@id\":\"https:\\\/\\\/www.meslibellules.fr\\\/blog\\\/#\\\/schema\\\/person\\\/9aa3586f9dd053fcf329f43b8b053c77\"},\"potentialAction\":[{\"@type\":\"SearchAction\",\"target\":{\"@type\":\"EntryPoint\",\"urlTemplate\":\"https:\\\/\\\/www.meslibellules.fr\\\/blog\\\/?s={search_term_string}\"},\"query-input\":{\"@type\":\"PropertyValueSpecification\",\"valueRequired\":true,\"valueName\":\"search_term_string\"}}],\"inLanguage\":\"fr-FR\"},{\"@type\":[\"Person\",\"Organization\"],\"@id\":\"https:\\\/\\\/www.meslibellules.fr\\\/blog\\\/#\\\/schema\\\/person\\\/9aa3586f9dd053fcf329f43b8b053c77\",\"name\":\"Beno\u00eet Guillon\",\"image\":{\"@type\":\"ImageObject\",\"inLanguage\":\"fr-FR\",\"@id\":\"https:\\\/\\\/www.meslibellules.fr\\\/blog\\\/wp-content\\\/uploads\\\/cropped-avatar-150-pix.jpg\",\"url\":\"https:\\\/\\\/www.meslibellules.fr\\\/blog\\\/wp-content\\\/uploads\\\/cropped-avatar-150-pix.jpg\",\"contentUrl\":\"https:\\\/\\\/www.meslibellules.fr\\\/blog\\\/wp-content\\\/uploads\\\/cropped-avatar-150-pix.jpg\",\"width\":150,\"height\":137,\"caption\":\"Beno\u00eet Guillon\"},\"logo\":{\"@id\":\"https:\\\/\\\/www.meslibellules.fr\\\/blog\\\/wp-content\\\/uploads\\\/cropped-avatar-150-pix.jpg\"},\"sameAs\":[\"https:\\\/\\\/www.facebook.com\\\/benoit.guillon.96\\\/\"]}]}<\/script>\n<!-- \/ Yoast SEO plugin. -->","yoast_head_json":{"title":"Anax nigrofasciatus - Mes Libellules","description":"Anax nigrofasciatus m\u00e2le et femelle en Tha\u00eflande, description, identification, taille, habitat, distribution g\u00e9ographique, \u00e9tymologie","robots":{"index":"index","follow":"follow","max-snippet":"max-snippet:-1","max-image-preview":"max-image-preview:large","max-video-preview":"max-video-preview:-1"},"canonical":"https:\/\/www.meslibellules.fr\/blog\/2025\/01\/03\/anax-nigrofasciatus\/","og_locale":"fr_FR","og_type":"article","og_title":"Anax nigrofasciatus - Mes Libellules","og_description":"Anax nigrofasciatus m\u00e2le et femelle en Tha\u00eflande, description, identification, taille, habitat, distribution g\u00e9ographique, \u00e9tymologie","og_url":"https:\/\/www.meslibellules.fr\/blog\/2025\/01\/03\/anax-nigrofasciatus\/","og_site_name":"Mes Libellules","article_publisher":"https:\/\/www.facebook.com\/benoit.guillon.96\/","article_author":"https:\/\/www.facebook.com\/benoit.guillon.96\/","article_published_time":"2025-01-03T18:35:53+00:00","article_modified_time":"2025-01-03T18:35:55+00:00","og_image":[{"width":1462,"height":1204,"url":"https:\/\/www.meslibellules.fr\/blog\/wp-content\/uploads\/Anax-nigrofasciatus-male-1.webp","type":"image\/webp"}],"author":"Beno\u00eet Guillon","twitter_card":"summary_large_image","twitter_misc":{"\u00c9crit par":"Beno\u00eet Guillon","Dur\u00e9e de lecture estim\u00e9e":"3 minutes"},"schema":{"@context":"https:\/\/schema.org","@graph":[{"@type":"Article","@id":"https:\/\/www.meslibellules.fr\/blog\/2025\/01\/03\/anax-nigrofasciatus\/#article","isPartOf":{"@id":"https:\/\/www.meslibellules.fr\/blog\/2025\/01\/03\/anax-nigrofasciatus\/"},"author":{"name":"Beno\u00eet Guillon","@id":"https:\/\/www.meslibellules.fr\/blog\/#\/schema\/person\/9aa3586f9dd053fcf329f43b8b053c77"},"headline":"Tha\u00eflande &#8211; Anax nigrofasciatus (Oguma, 1915)","datePublished":"2025-01-03T18:35:53+00:00","dateModified":"2025-01-03T18:35:55+00:00","mainEntityOfPage":{"@id":"https:\/\/www.meslibellules.fr\/blog\/2025\/01\/03\/anax-nigrofasciatus\/"},"wordCount":400,"commentCount":2,"publisher":{"@id":"https:\/\/www.meslibellules.fr\/blog\/#\/schema\/person\/9aa3586f9dd053fcf329f43b8b053c77"},"image":{"@id":"https:\/\/www.meslibellules.fr\/blog\/2025\/01\/03\/anax-nigrofasciatus\/#primaryimage"},"thumbnailUrl":"https:\/\/www.meslibellules.fr\/blog\/wp-content\/uploads\/Anax-nigrofasciatus-male-1.webp","keywords":["Aeshnidae - Tha\u00eflande","Tha\u00eflande"],"articleSection":["Aeshnidae","Tha\u00eflande"],"inLanguage":"fr-FR","potentialAction":[{"@type":"CommentAction","name":"Comment","target":["https:\/\/www.meslibellules.fr\/blog\/2025\/01\/03\/anax-nigrofasciatus\/#respond"]}]},{"@type":"WebPage","@id":"https:\/\/www.meslibellules.fr\/blog\/2025\/01\/03\/anax-nigrofasciatus\/","url":"https:\/\/www.meslibellules.fr\/blog\/2025\/01\/03\/anax-nigrofasciatus\/","name":"Anax nigrofasciatus - Mes Libellules","isPartOf":{"@id":"https:\/\/www.meslibellules.fr\/blog\/#website"},"primaryImageOfPage":{"@id":"https:\/\/www.meslibellules.fr\/blog\/2025\/01\/03\/anax-nigrofasciatus\/#primaryimage"},"image":{"@id":"https:\/\/www.meslibellules.fr\/blog\/2025\/01\/03\/anax-nigrofasciatus\/#primaryimage"},"thumbnailUrl":"https:\/\/www.meslibellules.fr\/blog\/wp-content\/uploads\/Anax-nigrofasciatus-male-1.webp","datePublished":"2025-01-03T18:35:53+00:00","dateModified":"2025-01-03T18:35:55+00:00","description":"Anax nigrofasciatus m\u00e2le et femelle en Tha\u00eflande, description, identification, taille, habitat, distribution g\u00e9ographique, \u00e9tymologie","breadcrumb":{"@id":"https:\/\/www.meslibellules.fr\/blog\/2025\/01\/03\/anax-nigrofasciatus\/#breadcrumb"},"inLanguage":"fr-FR","potentialAction":[{"@type":"ReadAction","target":["https:\/\/www.meslibellules.fr\/blog\/2025\/01\/03\/anax-nigrofasciatus\/"]}]},{"@type":"ImageObject","inLanguage":"fr-FR","@id":"https:\/\/www.meslibellules.fr\/blog\/2025\/01\/03\/anax-nigrofasciatus\/#primaryimage","url":"https:\/\/www.meslibellules.fr\/blog\/wp-content\/uploads\/Anax-nigrofasciatus-male-1.webp","contentUrl":"https:\/\/www.meslibellules.fr\/blog\/wp-content\/uploads\/Anax-nigrofasciatus-male-1.webp"},{"@type":"BreadcrumbList","@id":"https:\/\/www.meslibellules.fr\/blog\/2025\/01\/03\/anax-nigrofasciatus\/#breadcrumb","itemListElement":[{"@type":"ListItem","position":1,"name":"Accueil","item":"https:\/\/www.meslibellules.fr\/blog\/"},{"@type":"ListItem","position":2,"name":"Tha\u00eflande &#8211; Anax nigrofasciatus (Oguma, 1915)"}]},{"@type":"WebSite","@id":"https:\/\/www.meslibellules.fr\/blog\/#website","url":"https:\/\/www.meslibellules.fr\/blog\/","name":"Mes Libellules","description":"Pr\u00e9sentation des libellules rencontr\u00e9es dans le monde","publisher":{"@id":"https:\/\/www.meslibellules.fr\/blog\/#\/schema\/person\/9aa3586f9dd053fcf329f43b8b053c77"},"potentialAction":[{"@type":"SearchAction","target":{"@type":"EntryPoint","urlTemplate":"https:\/\/www.meslibellules.fr\/blog\/?s={search_term_string}"},"query-input":{"@type":"PropertyValueSpecification","valueRequired":true,"valueName":"search_term_string"}}],"inLanguage":"fr-FR"},{"@type":["Person","Organization"],"@id":"https:\/\/www.meslibellules.fr\/blog\/#\/schema\/person\/9aa3586f9dd053fcf329f43b8b053c77","name":"Beno\u00eet Guillon","image":{"@type":"ImageObject","inLanguage":"fr-FR","@id":"https:\/\/www.meslibellules.fr\/blog\/wp-content\/uploads\/cropped-avatar-150-pix.jpg","url":"https:\/\/www.meslibellules.fr\/blog\/wp-content\/uploads\/cropped-avatar-150-pix.jpg","contentUrl":"https:\/\/www.meslibellules.fr\/blog\/wp-content\/uploads\/cropped-avatar-150-pix.jpg","width":150,"height":137,"caption":"Beno\u00eet Guillon"},"logo":{"@id":"https:\/\/www.meslibellules.fr\/blog\/wp-content\/uploads\/cropped-avatar-150-pix.jpg"},"sameAs":["https:\/\/www.facebook.com\/benoit.guillon.96\/"]}]}},"_links":{"self":[{"href":"https:\/\/www.meslibellules.fr\/blog\/wp-json\/wp\/v2\/posts\/23231","targetHints":{"allow":["GET"]}}],"collection":[{"href":"https:\/\/www.meslibellules.fr\/blog\/wp-json\/wp\/v2\/posts"}],"about":[{"href":"https:\/\/www.meslibellules.fr\/blog\/wp-json\/wp\/v2\/types\/post"}],"author":[{"embeddable":true,"href":"https:\/\/www.meslibellules.fr\/blog\/wp-json\/wp\/v2\/users\/1"}],"replies":[{"embeddable":true,"href":"https:\/\/www.meslibellules.fr\/blog\/wp-json\/wp\/v2\/comments?post=23231"}],"version-history":[{"count":0,"href":"https:\/\/www.meslibellules.fr\/blog\/wp-json\/wp\/v2\/posts\/23231\/revisions"}],"wp:attachment":[{"href":"https:\/\/www.meslibellules.fr\/blog\/wp-json\/wp\/v2\/media?parent=23231"}],"wp:term":[{"taxonomy":"category","embeddable":true,"href":"https:\/\/www.meslibellules.fr\/blog\/wp-json\/wp\/v2\/categories?post=23231"},{"taxonomy":"post_tag","embeddable":true,"href":"https:\/\/www.meslibellules.fr\/blog\/wp-json\/wp\/v2\/tags?post=23231"}],"curies":[{"name":"wp","href":"https:\/\/api.w.org\/{rel}","templated":true}]}}