{"id":23305,"date":"2025-01-07T21:27:01","date_gmt":"2025-01-07T20:27:01","guid":{"rendered":"https:\/\/www.meslibellules.fr\/blog\/?p=23305"},"modified":"2026-01-09T22:09:07","modified_gmt":"2026-01-09T21:09:07","slug":"matrona-nigripectus","status":"publish","type":"post","link":"https:\/\/www.meslibellules.fr\/blog\/2025\/01\/07\/matrona-nigripectus\/","title":{"rendered":"Tha\u00eflande &#8211; Matrona nigripectus (Selys, 1879)"},"content":{"rendered":"\n<figure class=\"wp-block-image aligncenter size-full is-resized\"><a href=\"https:\/\/www.meslibellules.fr\/blog\/wp-content\/uploads\/Matrona-nigripectus-male-2.webp\"><img decoding=\"async\" width=\"2127\" height=\"1504\" data-src=\"https:\/\/www.meslibellules.fr\/blog\/wp-content\/uploads\/Matrona-nigripectus-male-2.webp\" alt=\"Matrona nigripectus m\u00e2le, Tha\u00eflande, Ban Luang, 06\/06\/2024\" class=\"wp-image-23301 lazyload\" style=\"--smush-placeholder-width: 2127px; --smush-placeholder-aspect-ratio: 2127\/1504;width:576px;height:auto\" data-srcset=\"https:\/\/www.meslibellules.fr\/blog\/wp-content\/uploads\/Matrona-nigripectus-male-2.webp 2127w, https:\/\/www.meslibellules.fr\/blog\/wp-content\/uploads\/Matrona-nigripectus-male-2-768x543.webp 768w, https:\/\/www.meslibellules.fr\/blog\/wp-content\/uploads\/Matrona-nigripectus-male-2-1536x1086.webp 1536w, https:\/\/www.meslibellules.fr\/blog\/wp-content\/uploads\/Matrona-nigripectus-male-2-2048x1448.webp 2048w\" data-sizes=\"(max-width: 2127px) 100vw, 2127px\" src=\"data:image\/svg+xml;base64,PHN2ZyB3aWR0aD0iMSIgaGVpZ2h0PSIxIiB4bWxucz0iaHR0cDovL3d3dy53My5vcmcvMjAwMC9zdmciPjwvc3ZnPg==\" \/><\/a><figcaption class=\"wp-element-caption\">Matrona nigripectus m\u00e2le, Tha\u00eflande, Ban Luang, 06\/06\/2024<\/figcaption><\/figure>\n\n\n\n<p>Matrona nigripectus est un grand Calopterygidae de 62 \u00e0 70 mm (1). Il est facile \u00e0 identifier en Tha\u00eflande ; c&rsquo;est le seul de son genre et c&rsquo;est aussi le seul Calopterygidae aux ailes compl\u00e8tement sombres, \u00e0 part <a href=\"https:\/\/www.meslibellules.fr\/blog\/wp-content\/uploads\/2019\/05\/neurobasis-chinensis-male.jpg\">Neurobasis chinensis<\/a>, plus petit (56-60 mm) aux ailes plus claires, plus \u00e9troites et \u00e0 la coloration m\u00e9tallis\u00e9e verte du thorax et de l&rsquo;abdomen, plus jaune.<br>Il adopte l&rsquo;habitat classique de sa famille, c&rsquo;est-\u00e0-dire des ruisseaux et rivi\u00e8res aux berges garnies d&rsquo;ombre et de soleil, mais il pr\u00e9f\u00e8re la montagne et ne se rencontre pas en plaine. Par exemple le long de la <a href=\"https:\/\/www.meslibellules.fr\/blog\/wp-content\/uploads\/Mae-Klang-waterfall-2-scaled.webp\">Mae Klang River<\/a>, o\u00f9 nous \u00e9tions \u00e0 environ 400 m d&rsquo;altitude.<\/p>\n\n\n\n<figure class=\"wp-block-image aligncenter size-full is-resized\"><a href=\"https:\/\/www.meslibellules.fr\/blog\/wp-content\/uploads\/Matrona-nigripectus-male-1.webp\"><img decoding=\"async\" width=\"1620\" height=\"1504\" data-src=\"https:\/\/www.meslibellules.fr\/blog\/wp-content\/uploads\/Matrona-nigripectus-male-1.webp\" alt=\"Matrona nigripectus m\u00e2le, Tha\u00eflande, Mae Klang Waterfall, 02\/06\/2024\" class=\"wp-image-23300 lazyload\" style=\"--smush-placeholder-width: 1620px; --smush-placeholder-aspect-ratio: 1620\/1504;width:551px;height:auto\" data-srcset=\"https:\/\/www.meslibellules.fr\/blog\/wp-content\/uploads\/Matrona-nigripectus-male-1.webp 1620w, https:\/\/www.meslibellules.fr\/blog\/wp-content\/uploads\/Matrona-nigripectus-male-1-768x713.webp 768w, https:\/\/www.meslibellules.fr\/blog\/wp-content\/uploads\/Matrona-nigripectus-male-1-1536x1426.webp 1536w\" data-sizes=\"(max-width: 1620px) 100vw, 1620px\" src=\"data:image\/svg+xml;base64,PHN2ZyB3aWR0aD0iMSIgaGVpZ2h0PSIxIiB4bWxucz0iaHR0cDovL3d3dy53My5vcmcvMjAwMC9zdmciPjwvc3ZnPg==\" \/><\/a><figcaption class=\"wp-element-caption\">Matrona nigripectus m\u00e2le, Tha\u00eflande, Mae Klang Waterfall, 02\/06\/2024<\/figcaption><\/figure>\n\n\n\n<p>Selys qui a d\u00e9crit Matrona nigripectus (2) et basilaris (3), et ne connaissait que ces deux esp\u00e8ces, les a trouv\u00e9es tr\u00e8s proches au point qu&rsquo;il pensait que la premi\u00e8re \u00e9tait \u00ab\u00a0<em>une race<\/em>\u00a0\u00bb de la seconde. Il a not\u00e9 cependant des diff\u00e9rences comme la nervation de la base de l&rsquo;aile qui appara\u00eet claire jusqu&rsquo;au nodus, pour peu qu&rsquo;on ne soit pas dans une vue de profil stricte. Je remarque \u00e9galement que l&rsquo;aile sombre est enti\u00e8rement entour\u00e9e d&rsquo;une ligne claire (mais pas toujours&#8230;). <br>Et si Selys fait une r\u00e9flexion sur la couleur de la face ventrale du thorax de M. nigripectus : \u00ab\u00a0<em>La poitrine noire dans les deux sexes fortement tach\u00e9e de jaune livide chez la basilaris<\/em>\u00ab\u00a0, il n&rsquo;a pas remarqu\u00e9 que la face inf\u00e9rieure des segments 8 \u00e0 10 est noire pour M. nigripectus, jaune pour M. basilaris. Je regrette de ne pas l&rsquo;avoir su lorsque j&rsquo;\u00e9tais sur le terrain et je n&rsquo;ai donc pas cherch\u00e9 \u00e0 le montrer sur mes photos.<br>Dans Yu, X., Xue, J., H\u00e4m\u00e4l\u00e4inen, M., Liu, Y., &amp; Bu, W. (2015) (4) on trouve une cl\u00e9 pour identifier les Matrona ; elle souligne une autre diff\u00e9rence que je peux constater en comparant mes photos, la densit\u00e9 plus importante de la nervation \u00e0 la base de l&rsquo;aile pour M. basilaris.<br><br>La situation s&rsquo;est maintenant compliqu\u00e9e puisque neuf esp\u00e8ces sont connues. Matrona basilaris est cependant pr\u00e9sent dans le nord (nord-est plus pr\u00e9cis\u00e9ment) du Laos (4), il n&rsquo;est donc pas \u00ab\u00a0impossible\u00a0\u00bb de le voir en Tha\u00eflande un jour.<\/p>\n\n\n\n<div style=\"height:32px\" aria-hidden=\"true\" class=\"wp-block-spacer\"><\/div>\n\n\n\n<div class=\"wp-block-media-text is-stacked-on-mobile\" style=\"grid-template-columns:38% auto\"><figure class=\"wp-block-media-text__media\"><a href=\"https:\/\/www.meslibellules.fr\/blog\/wp-content\/uploads\/Matrona-nigripectus-male-3.webp\"><img decoding=\"async\" width=\"1212\" height=\"1504\" data-src=\"https:\/\/www.meslibellules.fr\/blog\/wp-content\/uploads\/Matrona-nigripectus-male-3.webp\" alt=\"Matrona nigripectus m\u00e2le, Tha\u00eflande, Mae Klang Waterfall, 02\/06\/2024\" class=\"wp-image-23302 size-full lazyload\" data-srcset=\"https:\/\/www.meslibellules.fr\/blog\/wp-content\/uploads\/Matrona-nigripectus-male-3.webp 1212w, https:\/\/www.meslibellules.fr\/blog\/wp-content\/uploads\/Matrona-nigripectus-male-3-768x953.webp 768w\" data-sizes=\"(max-width: 1212px) 100vw, 1212px\" src=\"data:image\/svg+xml;base64,PHN2ZyB3aWR0aD0iMSIgaGVpZ2h0PSIxIiB4bWxucz0iaHR0cDovL3d3dy53My5vcmcvMjAwMC9zdmciPjwvc3ZnPg==\" style=\"--smush-placeholder-width: 1212px; --smush-placeholder-aspect-ratio: 1212\/1504;\" \/><\/a><\/figure><div class=\"wp-block-media-text__content\">\n<p>Une vue \u00e0 peine d\u00e9cal\u00e9e par rapport au profil permet de nettement voir ces nervures basales color\u00e9es ; sans doute ces nervures ne sont-elles claires que sur leurs faces lat\u00e9rales et pas jusqu&rsquo;\u00e0 leur sommet&#8230;<br>Noter \u00e9galement la taille impressionnante des \u00e9pines des pattes, ce qu&rsquo;on voit encore mieux sur la derni\u00e8re photo de ce m\u00e2le immature.<\/p>\n\n\n\n<p><span style=\"font-size: 10pt;\">Matrona nigripectus m\u00e2le, Tha\u00eflande, Mae Klang Waterfall, 02\/06\/2024<\/span><\/p>\n<\/div><\/div>\n\n\n\n<div style=\"height:30px\" aria-hidden=\"true\" class=\"wp-block-spacer\"><\/div>\n\n\n\n<p>Je regrette de ne pas avoir r\u00e9ussi \u00e0 le photographier les ailes ouvertes, car il est magnifique, la base des quatre ailes \u00e9tant bleu iridescent alors que le reste est sombre&#8230; (on a la m\u00eame surprise en observant Neurobasis chinensis).<br><br>On rencontre cette esp\u00e8ce du nord-est de l&rsquo;Inde et du Bangladesh au nord du Vietnam et au Yunnan (Chine) en passant par le Myanmar, le nord de la Tha\u00eflande et du Laos.<br><a href=\"https:\/\/www.iucnredlist.org\/species\/139120122\/167179961#geographic-range\">IUCN Red List<\/a>.<br><br>J&rsquo;ai finalement aper\u00e7u un tr\u00e8s jeune m\u00e2le aux yeux encore clairs et aux tr\u00e8s spectaculaires \u00e9pines sur les pattes.<\/p>\n\n\n\n<figure class=\"wp-block-image aligncenter size-full is-resized\"><a href=\"https:\/\/www.meslibellules.fr\/blog\/wp-content\/uploads\/Matrona-nigripectus-male-immature-1.webp\"><img decoding=\"async\" width=\"2388\" height=\"1504\" data-src=\"https:\/\/www.meslibellules.fr\/blog\/wp-content\/uploads\/Matrona-nigripectus-male-immature-1.webp\" alt=\"Matrona nigripectus m\u00e2le, Tha\u00eflande, Hua Sai Lueang Waterfall, 04\/06\/2024\" class=\"wp-image-23304 lazyload\" style=\"--smush-placeholder-width: 2388px; --smush-placeholder-aspect-ratio: 2388\/1504;width:617px;height:auto\" data-srcset=\"https:\/\/www.meslibellules.fr\/blog\/wp-content\/uploads\/Matrona-nigripectus-male-immature-1.webp 2388w, https:\/\/www.meslibellules.fr\/blog\/wp-content\/uploads\/Matrona-nigripectus-male-immature-1-768x484.webp 768w, https:\/\/www.meslibellules.fr\/blog\/wp-content\/uploads\/Matrona-nigripectus-male-immature-1-1536x967.webp 1536w, https:\/\/www.meslibellules.fr\/blog\/wp-content\/uploads\/Matrona-nigripectus-male-immature-1-2048x1290.webp 2048w\" data-sizes=\"(max-width: 2388px) 100vw, 2388px\" src=\"data:image\/svg+xml;base64,PHN2ZyB3aWR0aD0iMSIgaGVpZ2h0PSIxIiB4bWxucz0iaHR0cDovL3d3dy53My5vcmcvMjAwMC9zdmciPjwvc3ZnPg==\" \/><\/a><figcaption class=\"wp-element-caption\">Matrona nigripectus m\u00e2le immature, Tha\u00eflande, Hua Sai Lueang Waterfall, 04\/06\/2024<\/figcaption><\/figure>\n\n\n\n<p><span style=\"text-decoration: underline;\"><strong>\u00c9tymologie<\/strong><\/span><br \/><strong>Matrona<\/strong>, du latin <em>matrona<\/em> qui signifie <em>dame<\/em>, <em>femme mari\u00e9e<\/em>. Le terme \u00ab\u00a0matrone\u00a0\u00bb au XIX\u1d49 si\u00e8cle n&rsquo;avait pas la connotation parfois p\u00e9jorative qu&rsquo;il a aujourd&rsquo;hui. Il d\u00e9signait une femme d&rsquo;une beaut\u00e9 m\u00fbre, <b data-path-to-node=\"7,0,0\" data-index-in-node=\"143\">imposante et respect\u00e9e<\/b>. Et c&rsquo;est sans doute cette imposante beaut\u00e9 que Selys a voulu souligner lorsqu&rsquo;il a cr\u00e9\u00e9 le nom de genre pour Matrona basilaris.<br \/><strong>Nigripectus<\/strong> du latin niger, pour <em>noir<\/em> et <em>pectus<\/em>, pour <em>c\u0153ur<\/em> ou <em>poitrine<\/em>. Et Selys \u00e9crit (2) : \u00ab\u00a0<em>La poitrine noire dans les deux sexes <\/em>&#8230;\u00a0\u00bb.<\/p>\n\n\n\n<figure class=\"wp-block-image aligncenter size-full is-resized\"><a href=\"https:\/\/www.meslibellules.fr\/blog\/wp-content\/uploads\/Matrona-nigripectus-male-4.webp\"><img decoding=\"async\" width=\"1957\" height=\"1504\" data-src=\"https:\/\/www.meslibellules.fr\/blog\/wp-content\/uploads\/Matrona-nigripectus-male-4.webp\" alt=\"Matrona nigripectus m\u00e2le, Tha\u00eflande, Mae Klang Waterfall, 02\/06\/2024\" class=\"wp-image-23303 lazyload\" style=\"--smush-placeholder-width: 1957px; --smush-placeholder-aspect-ratio: 1957\/1504;width:531px;height:auto\" data-srcset=\"https:\/\/www.meslibellules.fr\/blog\/wp-content\/uploads\/Matrona-nigripectus-male-4.webp 1957w, https:\/\/www.meslibellules.fr\/blog\/wp-content\/uploads\/Matrona-nigripectus-male-4-768x590.webp 768w, https:\/\/www.meslibellules.fr\/blog\/wp-content\/uploads\/Matrona-nigripectus-male-4-1536x1180.webp 1536w\" data-sizes=\"(max-width: 1957px) 100vw, 1957px\" src=\"data:image\/svg+xml;base64,PHN2ZyB3aWR0aD0iMSIgaGVpZ2h0PSIxIiB4bWxucz0iaHR0cDovL3d3dy53My5vcmcvMjAwMC9zdmciPjwvc3ZnPg==\" \/><\/a><figcaption class=\"wp-element-caption\">Matrona nigripectus m\u00e2le, Tha\u00eflande, Mae Klang Waterfall, 02\/06\/2024<\/figcaption><\/figure>\n\n\n\n<div style=\"height:36px\" aria-hidden=\"true\" class=\"wp-block-spacer\"><\/div>\n\n\n\n<p>1- <a href=\"https:\/\/dragonflies.kiz.ac.cn\/species\/Matrona%20nigripectus\">Odonata of China<\/a><br>2- Selys,&nbsp;<a href=\"https:\/\/www.biodiversitylibrary.org\/item\/111107#page\/359\/mode\/1up\">Quatri\u00e8mes additions au Synopsis des Calopt\u00e9rygines<\/a>, 1879.<br>3- Selys-Longchamps, Edm. de. 1853.&nbsp;<a href=\"https:\/\/www.biodiversitylibrary.org\/page\/2728662#page\/31\/mode\/1up\">Synopsis des Calopt\u00e9rygines<\/a>. Bull. Acad. Belg. 20, Annexe, 1-73, p. 17.<br>4- Yu, X., Xue, J., H\u00e4m\u00e4l\u00e4inen, M., Liu, Y., &amp; Bu, W. (2015). <em>A revised classification of the genus Matrona\u2005Selys, 1853 using molecular and morphological methods (Odonata: Calopterygidae). Zoological Journal of the Linnean Society, 174(3), 473\u2013486<\/em>.<\/p>\n\n\n\n<div style=\"height:33px\" aria-hidden=\"true\" class=\"wp-block-spacer\"><\/div>\n\n\n\n<div class=\"wp-block-buttons is-vertical is-layout-flex wp-container-core-buttons-is-layout-16cda065 wp-block-buttons-is-layout-flex\">\n<div class=\"wp-block-button\"><a class=\"wp-block-button__link wp-element-button\" href=\"https:\/\/www.meslibellules.fr\/blog\/libellules-de-thailande\/\">Accueil Tha\u00eflande<\/a><\/div>\n\n\n\n<div class=\"wp-block-button\"><a class=\"wp-block-button__link wp-element-button\" href=\"http:\/\/www.meslibellules.fr\/pagesweb\/divers\/liste-generale-odonates-du-site\/asia-odonates.php\">Liste Asie<\/a><\/div>\n\n\n\n<div class=\"wp-block-button\"><a class=\"wp-block-button__link wp-element-button\" href=\"https:\/\/www.meslibellules.fr\/blog\/\">Accueil<\/a><\/div>\n<\/div>\n\n\n\n<p><\/p>\n","protected":false},"excerpt":{"rendered":"<p>Matrona nigripectus est un grand Calopterygidae de 62 \u00e0 70 mm (1). Il est facile \u00e0 identifier en Tha\u00eflande ; c&rsquo;est le seul de son genre et c&rsquo;est aussi le seul Calopterygidae aux ailes compl\u00e8tement sombres, \u00e0 part Neurobasis chinensis, plus petit (56-60 mm) aux ailes plus claires, plus \u00e9troites et \u00e0 la coloration m\u00e9tallis\u00e9e [&hellip;]<\/p>\n","protected":false},"author":1,"featured_media":0,"comment_status":"open","ping_status":"open","sticky":false,"template":"","format":"image","meta":{"site-sidebar-layout":"default","site-content-layout":"","ast-site-content-layout":"default","site-content-style":"default","site-sidebar-style":"default","ast-global-header-display":"","ast-banner-title-visibility":"","ast-main-header-display":"","ast-hfb-above-header-display":"","ast-hfb-below-header-display":"","ast-hfb-mobile-header-display":"","site-post-title":"","ast-breadcrumbs-content":"","ast-featured-img":"","footer-sml-layout":"","ast-disable-related-posts":"","theme-transparent-header-meta":"","adv-header-id-meta":"","stick-header-meta":"","header-above-stick-meta":"","header-main-stick-meta":"","header-below-stick-meta":"","astra-migrate-meta-layouts":"set","ast-page-background-enabled":"default","ast-page-background-meta":{"desktop":{"background-color":"var(--ast-global-color-4)","background-image":"","background-repeat":"repeat","background-position":"center center","background-size":"auto","background-attachment":"scroll","background-type":"","background-media":"","overlay-type":"","overlay-color":"","overlay-opacity":"","overlay-gradient":""},"tablet":{"background-color":"","background-image":"","background-repeat":"repeat","background-position":"center center","background-size":"auto","background-attachment":"scroll","background-type":"","background-media":"","overlay-type":"","overlay-color":"","overlay-opacity":"","overlay-gradient":""},"mobile":{"background-color":"","background-image":"","background-repeat":"repeat","background-position":"center center","background-size":"auto","background-attachment":"scroll","background-type":"","background-media":"","overlay-type":"","overlay-color":"","overlay-opacity":"","overlay-gradient":""}},"ast-content-background-meta":{"desktop":{"background-color":"var(--ast-global-color-5)","background-image":"","background-repeat":"repeat","background-position":"center center","background-size":"auto","background-attachment":"scroll","background-type":"","background-media":"","overlay-type":"","overlay-color":"","overlay-opacity":"","overlay-gradient":""},"tablet":{"background-color":"var(--ast-global-color-5)","background-image":"","background-repeat":"repeat","background-position":"center center","background-size":"auto","background-attachment":"scroll","background-type":"","background-media":"","overlay-type":"","overlay-color":"","overlay-opacity":"","overlay-gradient":""},"mobile":{"background-color":"var(--ast-global-color-5)","background-image":"","background-repeat":"repeat","background-position":"center center","background-size":"auto","background-attachment":"scroll","background-type":"","background-media":"","overlay-type":"","overlay-color":"","overlay-opacity":"","overlay-gradient":""}},"footnotes":""},"categories":[38571,1379],"tags":[38572,1381],"class_list":["post-23305","post","type-post","status-publish","format-image","hentry","category-calopterygidae-thailande-2","category-thailande","tag-calopterygidae-thailande","tag-thailande","post_format-post-format-image"],"yoast_head":"<!-- This site is optimized with the Yoast SEO plugin v27.5 - https:\/\/yoast.com\/product\/yoast-seo-wordpress\/ -->\n<title>Matrona nigripectus - Mes Libellules<\/title>\n<meta name=\"description\" content=\"Matrona nigripectus m\u00e2le en Tha\u00eflande, description, identification, taille, habitat, distribution g\u00e9ographique, \u00e9tymologie\" \/>\n<meta name=\"robots\" content=\"index, follow, max-snippet:-1, max-image-preview:large, max-video-preview:-1\" \/>\n<link rel=\"canonical\" href=\"https:\/\/www.meslibellules.fr\/blog\/2025\/01\/07\/matrona-nigripectus\/\" \/>\n<meta property=\"og:locale\" content=\"fr_FR\" \/>\n<meta property=\"og:type\" content=\"article\" \/>\n<meta property=\"og:title\" content=\"Matrona nigripectus - Mes Libellules\" \/>\n<meta property=\"og:description\" content=\"Matrona nigripectus m\u00e2le en Tha\u00eflande, description, identification, taille, habitat, distribution g\u00e9ographique, \u00e9tymologie\" \/>\n<meta property=\"og:url\" content=\"https:\/\/www.meslibellules.fr\/blog\/2025\/01\/07\/matrona-nigripectus\/\" \/>\n<meta property=\"og:site_name\" content=\"Mes Libellules\" \/>\n<meta property=\"article:publisher\" content=\"https:\/\/www.facebook.com\/benoit.guillon.96\/\" \/>\n<meta property=\"article:author\" content=\"https:\/\/www.facebook.com\/benoit.guillon.96\/\" \/>\n<meta property=\"article:published_time\" content=\"2025-01-07T20:27:01+00:00\" \/>\n<meta property=\"article:modified_time\" content=\"2026-01-09T21:09:07+00:00\" \/>\n<meta property=\"og:image\" content=\"https:\/\/www.meslibellules.fr\/blog\/wp-content\/uploads\/Matrona-nigripectus-male-2.webp\" \/>\n\t<meta property=\"og:image:width\" content=\"2127\" \/>\n\t<meta property=\"og:image:height\" content=\"1504\" \/>\n\t<meta property=\"og:image:type\" content=\"image\/webp\" \/>\n<meta name=\"author\" content=\"Beno\u00eet Guillon\" \/>\n<meta name=\"twitter:card\" content=\"summary_large_image\" \/>\n<meta name=\"twitter:label1\" content=\"\u00c9crit par\" \/>\n\t<meta name=\"twitter:data1\" content=\"Beno\u00eet Guillon\" \/>\n\t<meta name=\"twitter:label2\" content=\"Dur\u00e9e de lecture estim\u00e9e\" \/>\n\t<meta name=\"twitter:data2\" content=\"5 minutes\" \/>\n<script type=\"application\/ld+json\" class=\"yoast-schema-graph\">{\"@context\":\"https:\\\/\\\/schema.org\",\"@graph\":[{\"@type\":\"Article\",\"@id\":\"https:\\\/\\\/www.meslibellules.fr\\\/blog\\\/2025\\\/01\\\/07\\\/matrona-nigripectus\\\/#article\",\"isPartOf\":{\"@id\":\"https:\\\/\\\/www.meslibellules.fr\\\/blog\\\/2025\\\/01\\\/07\\\/matrona-nigripectus\\\/\"},\"author\":{\"name\":\"Beno\u00eet Guillon\",\"@id\":\"https:\\\/\\\/www.meslibellules.fr\\\/blog\\\/#\\\/schema\\\/person\\\/9aa3586f9dd053fcf329f43b8b053c77\"},\"headline\":\"Tha\u00eflande &#8211; Matrona nigripectus (Selys, 1879)\",\"datePublished\":\"2025-01-07T20:27:01+00:00\",\"dateModified\":\"2026-01-09T21:09:07+00:00\",\"mainEntityOfPage\":{\"@id\":\"https:\\\/\\\/www.meslibellules.fr\\\/blog\\\/2025\\\/01\\\/07\\\/matrona-nigripectus\\\/\"},\"wordCount\":762,\"commentCount\":0,\"publisher\":{\"@id\":\"https:\\\/\\\/www.meslibellules.fr\\\/blog\\\/#\\\/schema\\\/person\\\/9aa3586f9dd053fcf329f43b8b053c77\"},\"image\":{\"@id\":\"https:\\\/\\\/www.meslibellules.fr\\\/blog\\\/2025\\\/01\\\/07\\\/matrona-nigripectus\\\/#primaryimage\"},\"thumbnailUrl\":\"https:\\\/\\\/www.meslibellules.fr\\\/blog\\\/wp-content\\\/uploads\\\/Matrona-nigripectus-male-2.webp\",\"keywords\":[\"Calopterygidae - Tha\u00eflande\",\"Tha\u00eflande\"],\"articleSection\":[\"Calopterygidae\",\"Tha\u00eflande\"],\"inLanguage\":\"fr-FR\",\"potentialAction\":[{\"@type\":\"CommentAction\",\"name\":\"Comment\",\"target\":[\"https:\\\/\\\/www.meslibellules.fr\\\/blog\\\/2025\\\/01\\\/07\\\/matrona-nigripectus\\\/#respond\"]}]},{\"@type\":\"WebPage\",\"@id\":\"https:\\\/\\\/www.meslibellules.fr\\\/blog\\\/2025\\\/01\\\/07\\\/matrona-nigripectus\\\/\",\"url\":\"https:\\\/\\\/www.meslibellules.fr\\\/blog\\\/2025\\\/01\\\/07\\\/matrona-nigripectus\\\/\",\"name\":\"Matrona nigripectus - Mes Libellules\",\"isPartOf\":{\"@id\":\"https:\\\/\\\/www.meslibellules.fr\\\/blog\\\/#website\"},\"primaryImageOfPage\":{\"@id\":\"https:\\\/\\\/www.meslibellules.fr\\\/blog\\\/2025\\\/01\\\/07\\\/matrona-nigripectus\\\/#primaryimage\"},\"image\":{\"@id\":\"https:\\\/\\\/www.meslibellules.fr\\\/blog\\\/2025\\\/01\\\/07\\\/matrona-nigripectus\\\/#primaryimage\"},\"thumbnailUrl\":\"https:\\\/\\\/www.meslibellules.fr\\\/blog\\\/wp-content\\\/uploads\\\/Matrona-nigripectus-male-2.webp\",\"datePublished\":\"2025-01-07T20:27:01+00:00\",\"dateModified\":\"2026-01-09T21:09:07+00:00\",\"description\":\"Matrona nigripectus m\u00e2le en Tha\u00eflande, description, identification, taille, habitat, distribution g\u00e9ographique, \u00e9tymologie\",\"breadcrumb\":{\"@id\":\"https:\\\/\\\/www.meslibellules.fr\\\/blog\\\/2025\\\/01\\\/07\\\/matrona-nigripectus\\\/#breadcrumb\"},\"inLanguage\":\"fr-FR\",\"potentialAction\":[{\"@type\":\"ReadAction\",\"target\":[\"https:\\\/\\\/www.meslibellules.fr\\\/blog\\\/2025\\\/01\\\/07\\\/matrona-nigripectus\\\/\"]}]},{\"@type\":\"ImageObject\",\"inLanguage\":\"fr-FR\",\"@id\":\"https:\\\/\\\/www.meslibellules.fr\\\/blog\\\/2025\\\/01\\\/07\\\/matrona-nigripectus\\\/#primaryimage\",\"url\":\"https:\\\/\\\/www.meslibellules.fr\\\/blog\\\/wp-content\\\/uploads\\\/Matrona-nigripectus-male-2.webp\",\"contentUrl\":\"https:\\\/\\\/www.meslibellules.fr\\\/blog\\\/wp-content\\\/uploads\\\/Matrona-nigripectus-male-2.webp\"},{\"@type\":\"BreadcrumbList\",\"@id\":\"https:\\\/\\\/www.meslibellules.fr\\\/blog\\\/2025\\\/01\\\/07\\\/matrona-nigripectus\\\/#breadcrumb\",\"itemListElement\":[{\"@type\":\"ListItem\",\"position\":1,\"name\":\"Accueil\",\"item\":\"https:\\\/\\\/www.meslibellules.fr\\\/blog\\\/\"},{\"@type\":\"ListItem\",\"position\":2,\"name\":\"Tha\u00eflande &#8211; Matrona nigripectus (Selys, 1879)\"}]},{\"@type\":\"WebSite\",\"@id\":\"https:\\\/\\\/www.meslibellules.fr\\\/blog\\\/#website\",\"url\":\"https:\\\/\\\/www.meslibellules.fr\\\/blog\\\/\",\"name\":\"Mes Libellules\",\"description\":\"Pr\u00e9sentation des libellules rencontr\u00e9es dans le monde\",\"publisher\":{\"@id\":\"https:\\\/\\\/www.meslibellules.fr\\\/blog\\\/#\\\/schema\\\/person\\\/9aa3586f9dd053fcf329f43b8b053c77\"},\"potentialAction\":[{\"@type\":\"SearchAction\",\"target\":{\"@type\":\"EntryPoint\",\"urlTemplate\":\"https:\\\/\\\/www.meslibellules.fr\\\/blog\\\/?s={search_term_string}\"},\"query-input\":{\"@type\":\"PropertyValueSpecification\",\"valueRequired\":true,\"valueName\":\"search_term_string\"}}],\"inLanguage\":\"fr-FR\"},{\"@type\":[\"Person\",\"Organization\"],\"@id\":\"https:\\\/\\\/www.meslibellules.fr\\\/blog\\\/#\\\/schema\\\/person\\\/9aa3586f9dd053fcf329f43b8b053c77\",\"name\":\"Beno\u00eet Guillon\",\"image\":{\"@type\":\"ImageObject\",\"inLanguage\":\"fr-FR\",\"@id\":\"https:\\\/\\\/www.meslibellules.fr\\\/blog\\\/wp-content\\\/uploads\\\/cropped-avatar-150-pix.jpg\",\"url\":\"https:\\\/\\\/www.meslibellules.fr\\\/blog\\\/wp-content\\\/uploads\\\/cropped-avatar-150-pix.jpg\",\"contentUrl\":\"https:\\\/\\\/www.meslibellules.fr\\\/blog\\\/wp-content\\\/uploads\\\/cropped-avatar-150-pix.jpg\",\"width\":150,\"height\":137,\"caption\":\"Beno\u00eet Guillon\"},\"logo\":{\"@id\":\"https:\\\/\\\/www.meslibellules.fr\\\/blog\\\/wp-content\\\/uploads\\\/cropped-avatar-150-pix.jpg\"},\"sameAs\":[\"https:\\\/\\\/www.facebook.com\\\/benoit.guillon.96\\\/\"]}]}<\/script>\n<!-- \/ Yoast SEO plugin. -->","yoast_head_json":{"title":"Matrona nigripectus - Mes Libellules","description":"Matrona nigripectus m\u00e2le en Tha\u00eflande, description, identification, taille, habitat, distribution g\u00e9ographique, \u00e9tymologie","robots":{"index":"index","follow":"follow","max-snippet":"max-snippet:-1","max-image-preview":"max-image-preview:large","max-video-preview":"max-video-preview:-1"},"canonical":"https:\/\/www.meslibellules.fr\/blog\/2025\/01\/07\/matrona-nigripectus\/","og_locale":"fr_FR","og_type":"article","og_title":"Matrona nigripectus - Mes Libellules","og_description":"Matrona nigripectus m\u00e2le en Tha\u00eflande, description, identification, taille, habitat, distribution g\u00e9ographique, \u00e9tymologie","og_url":"https:\/\/www.meslibellules.fr\/blog\/2025\/01\/07\/matrona-nigripectus\/","og_site_name":"Mes Libellules","article_publisher":"https:\/\/www.facebook.com\/benoit.guillon.96\/","article_author":"https:\/\/www.facebook.com\/benoit.guillon.96\/","article_published_time":"2025-01-07T20:27:01+00:00","article_modified_time":"2026-01-09T21:09:07+00:00","og_image":[{"width":2127,"height":1504,"url":"https:\/\/www.meslibellules.fr\/blog\/wp-content\/uploads\/Matrona-nigripectus-male-2.webp","type":"image\/webp"}],"author":"Beno\u00eet Guillon","twitter_card":"summary_large_image","twitter_misc":{"\u00c9crit par":"Beno\u00eet Guillon","Dur\u00e9e de lecture estim\u00e9e":"5 minutes"},"schema":{"@context":"https:\/\/schema.org","@graph":[{"@type":"Article","@id":"https:\/\/www.meslibellules.fr\/blog\/2025\/01\/07\/matrona-nigripectus\/#article","isPartOf":{"@id":"https:\/\/www.meslibellules.fr\/blog\/2025\/01\/07\/matrona-nigripectus\/"},"author":{"name":"Beno\u00eet Guillon","@id":"https:\/\/www.meslibellules.fr\/blog\/#\/schema\/person\/9aa3586f9dd053fcf329f43b8b053c77"},"headline":"Tha\u00eflande &#8211; Matrona nigripectus (Selys, 1879)","datePublished":"2025-01-07T20:27:01+00:00","dateModified":"2026-01-09T21:09:07+00:00","mainEntityOfPage":{"@id":"https:\/\/www.meslibellules.fr\/blog\/2025\/01\/07\/matrona-nigripectus\/"},"wordCount":762,"commentCount":0,"publisher":{"@id":"https:\/\/www.meslibellules.fr\/blog\/#\/schema\/person\/9aa3586f9dd053fcf329f43b8b053c77"},"image":{"@id":"https:\/\/www.meslibellules.fr\/blog\/2025\/01\/07\/matrona-nigripectus\/#primaryimage"},"thumbnailUrl":"https:\/\/www.meslibellules.fr\/blog\/wp-content\/uploads\/Matrona-nigripectus-male-2.webp","keywords":["Calopterygidae - Tha\u00eflande","Tha\u00eflande"],"articleSection":["Calopterygidae","Tha\u00eflande"],"inLanguage":"fr-FR","potentialAction":[{"@type":"CommentAction","name":"Comment","target":["https:\/\/www.meslibellules.fr\/blog\/2025\/01\/07\/matrona-nigripectus\/#respond"]}]},{"@type":"WebPage","@id":"https:\/\/www.meslibellules.fr\/blog\/2025\/01\/07\/matrona-nigripectus\/","url":"https:\/\/www.meslibellules.fr\/blog\/2025\/01\/07\/matrona-nigripectus\/","name":"Matrona nigripectus - Mes Libellules","isPartOf":{"@id":"https:\/\/www.meslibellules.fr\/blog\/#website"},"primaryImageOfPage":{"@id":"https:\/\/www.meslibellules.fr\/blog\/2025\/01\/07\/matrona-nigripectus\/#primaryimage"},"image":{"@id":"https:\/\/www.meslibellules.fr\/blog\/2025\/01\/07\/matrona-nigripectus\/#primaryimage"},"thumbnailUrl":"https:\/\/www.meslibellules.fr\/blog\/wp-content\/uploads\/Matrona-nigripectus-male-2.webp","datePublished":"2025-01-07T20:27:01+00:00","dateModified":"2026-01-09T21:09:07+00:00","description":"Matrona nigripectus m\u00e2le en Tha\u00eflande, description, identification, taille, habitat, distribution g\u00e9ographique, \u00e9tymologie","breadcrumb":{"@id":"https:\/\/www.meslibellules.fr\/blog\/2025\/01\/07\/matrona-nigripectus\/#breadcrumb"},"inLanguage":"fr-FR","potentialAction":[{"@type":"ReadAction","target":["https:\/\/www.meslibellules.fr\/blog\/2025\/01\/07\/matrona-nigripectus\/"]}]},{"@type":"ImageObject","inLanguage":"fr-FR","@id":"https:\/\/www.meslibellules.fr\/blog\/2025\/01\/07\/matrona-nigripectus\/#primaryimage","url":"https:\/\/www.meslibellules.fr\/blog\/wp-content\/uploads\/Matrona-nigripectus-male-2.webp","contentUrl":"https:\/\/www.meslibellules.fr\/blog\/wp-content\/uploads\/Matrona-nigripectus-male-2.webp"},{"@type":"BreadcrumbList","@id":"https:\/\/www.meslibellules.fr\/blog\/2025\/01\/07\/matrona-nigripectus\/#breadcrumb","itemListElement":[{"@type":"ListItem","position":1,"name":"Accueil","item":"https:\/\/www.meslibellules.fr\/blog\/"},{"@type":"ListItem","position":2,"name":"Tha\u00eflande &#8211; Matrona nigripectus (Selys, 1879)"}]},{"@type":"WebSite","@id":"https:\/\/www.meslibellules.fr\/blog\/#website","url":"https:\/\/www.meslibellules.fr\/blog\/","name":"Mes Libellules","description":"Pr\u00e9sentation des libellules rencontr\u00e9es dans le monde","publisher":{"@id":"https:\/\/www.meslibellules.fr\/blog\/#\/schema\/person\/9aa3586f9dd053fcf329f43b8b053c77"},"potentialAction":[{"@type":"SearchAction","target":{"@type":"EntryPoint","urlTemplate":"https:\/\/www.meslibellules.fr\/blog\/?s={search_term_string}"},"query-input":{"@type":"PropertyValueSpecification","valueRequired":true,"valueName":"search_term_string"}}],"inLanguage":"fr-FR"},{"@type":["Person","Organization"],"@id":"https:\/\/www.meslibellules.fr\/blog\/#\/schema\/person\/9aa3586f9dd053fcf329f43b8b053c77","name":"Beno\u00eet Guillon","image":{"@type":"ImageObject","inLanguage":"fr-FR","@id":"https:\/\/www.meslibellules.fr\/blog\/wp-content\/uploads\/cropped-avatar-150-pix.jpg","url":"https:\/\/www.meslibellules.fr\/blog\/wp-content\/uploads\/cropped-avatar-150-pix.jpg","contentUrl":"https:\/\/www.meslibellules.fr\/blog\/wp-content\/uploads\/cropped-avatar-150-pix.jpg","width":150,"height":137,"caption":"Beno\u00eet Guillon"},"logo":{"@id":"https:\/\/www.meslibellules.fr\/blog\/wp-content\/uploads\/cropped-avatar-150-pix.jpg"},"sameAs":["https:\/\/www.facebook.com\/benoit.guillon.96\/"]}]}},"_links":{"self":[{"href":"https:\/\/www.meslibellules.fr\/blog\/wp-json\/wp\/v2\/posts\/23305","targetHints":{"allow":["GET"]}}],"collection":[{"href":"https:\/\/www.meslibellules.fr\/blog\/wp-json\/wp\/v2\/posts"}],"about":[{"href":"https:\/\/www.meslibellules.fr\/blog\/wp-json\/wp\/v2\/types\/post"}],"author":[{"embeddable":true,"href":"https:\/\/www.meslibellules.fr\/blog\/wp-json\/wp\/v2\/users\/1"}],"replies":[{"embeddable":true,"href":"https:\/\/www.meslibellules.fr\/blog\/wp-json\/wp\/v2\/comments?post=23305"}],"version-history":[{"count":2,"href":"https:\/\/www.meslibellules.fr\/blog\/wp-json\/wp\/v2\/posts\/23305\/revisions"}],"predecessor-version":[{"id":27799,"href":"https:\/\/www.meslibellules.fr\/blog\/wp-json\/wp\/v2\/posts\/23305\/revisions\/27799"}],"wp:attachment":[{"href":"https:\/\/www.meslibellules.fr\/blog\/wp-json\/wp\/v2\/media?parent=23305"}],"wp:term":[{"taxonomy":"category","embeddable":true,"href":"https:\/\/www.meslibellules.fr\/blog\/wp-json\/wp\/v2\/categories?post=23305"},{"taxonomy":"post_tag","embeddable":true,"href":"https:\/\/www.meslibellules.fr\/blog\/wp-json\/wp\/v2\/tags?post=23305"}],"curies":[{"name":"wp","href":"https:\/\/api.w.org\/{rel}","templated":true}]}}