{"id":23440,"date":"2025-01-17T08:07:07","date_gmt":"2025-01-17T07:07:07","guid":{"rendered":"https:\/\/www.meslibellules.fr\/blog\/?p=23440"},"modified":"2025-01-17T08:08:07","modified_gmt":"2025-01-17T07:08:07","slug":"hylaeothemis-clementia","status":"publish","type":"post","link":"https:\/\/www.meslibellules.fr\/blog\/2025\/01\/17\/hylaeothemis-clementia\/","title":{"rendered":"Tha\u00eflande &#8211; Hyaleothemis clementia (Ris, 1909)"},"content":{"rendered":"\n<figure class=\"wp-block-image aligncenter size-full is-resized wp-duotone-unset-1\"><a href=\"https:\/\/www.meslibellules.fr\/blog\/wp-content\/uploads\/Hylaeothemis-clementia-male-1.webp\"><img decoding=\"async\" width=\"1993\" height=\"1504\" data-src=\"https:\/\/www.meslibellules.fr\/blog\/wp-content\/uploads\/Hylaeothemis-clementia-male-1.webp\" alt=\"Hylaeothemis clementia m\u00e2le, Tha\u00eflande, Ban Luang, 03\/06\/2024\" class=\"wp-image-23436 lazyload\" style=\"--smush-placeholder-width: 1993px; --smush-placeholder-aspect-ratio: 1993\/1504;width:558px;height:auto\" data-srcset=\"https:\/\/www.meslibellules.fr\/blog\/wp-content\/uploads\/Hylaeothemis-clementia-male-1.webp 1993w, https:\/\/www.meslibellules.fr\/blog\/wp-content\/uploads\/Hylaeothemis-clementia-male-1-768x580.webp 768w, https:\/\/www.meslibellules.fr\/blog\/wp-content\/uploads\/Hylaeothemis-clementia-male-1-1536x1159.webp 1536w\" data-sizes=\"(max-width: 1993px) 100vw, 1993px\" src=\"data:image\/svg+xml;base64,PHN2ZyB3aWR0aD0iMSIgaGVpZ2h0PSIxIiB4bWxucz0iaHR0cDovL3d3dy53My5vcmcvMjAwMC9zdmciPjwvc3ZnPg==\" \/><\/a><figcaption class=\"wp-element-caption\">Hylaeothemis clementia m\u00e2le, Tha\u00eflande, Ban Luang, 03\/06\/2024<\/figcaption><\/figure>\n\n\n\n<p>Ris cr\u00e9e le genre Hylaeothemis en 1909 pour y inclure deux esp\u00e8ces, Hylaeothemis clementia, \u00e0 partir d&rsquo;un jeune m\u00e2le de Born\u00e9o, et H. fruhstorferi d&rsquo;un sujet de Ceylan. Il pr\u00e9cise dans \u00ab\u00a0<em>Libellulinen monographisch bearbeitet<\/em>\u00a0\u00bb (1) que l&rsquo;abdomen mesure environ 23 mm (20 mm pour  Asahina (2)) ce qui nous fait un tout petit Libellulidae d&rsquo;\u00e0 peu pr\u00e8s 34 mm.<\/p>\n\n\n\n<figure class=\"wp-block-image aligncenter size-large is-resized\"><a href=\"https:\/\/www.meslibellules.fr\/blog\/wp-content\/uploads\/Hylaeothemis-clementia-male-2.webp\"><img decoding=\"async\" width=\"1928\" height=\"1504\" data-src=\"https:\/\/www.meslibellules.fr\/blog\/wp-content\/uploads\/Hylaeothemis-clementia-male-2.webp\" alt=\"Hylaeothemis clementia m\u00e2le, Tha\u00eflande, Ban Luang, 03\/06\/2024\" class=\"wp-image-23437 lazyload\" style=\"--smush-placeholder-width: 1928px; --smush-placeholder-aspect-ratio: 1928\/1504;width:496px;height:auto\" data-srcset=\"https:\/\/www.meslibellules.fr\/blog\/wp-content\/uploads\/Hylaeothemis-clementia-male-2.webp 1928w, https:\/\/www.meslibellules.fr\/blog\/wp-content\/uploads\/Hylaeothemis-clementia-male-2-768x599.webp 768w, https:\/\/www.meslibellules.fr\/blog\/wp-content\/uploads\/Hylaeothemis-clementia-male-2-1536x1198.webp 1536w\" data-sizes=\"(max-width: 1928px) 100vw, 1928px\" src=\"data:image\/svg+xml;base64,PHN2ZyB3aWR0aD0iMSIgaGVpZ2h0PSIxIiB4bWxucz0iaHR0cDovL3d3dy53My5vcmcvMjAwMC9zdmciPjwvc3ZnPg==\" \/><\/a><figcaption class=\"wp-element-caption\">Hylaeothemis clementia m\u00e2le, Tha\u00eflande, Ban Luang, 03\/06\/2024<\/figcaption><\/figure>\n\n\n\n<p>Je l&rsquo;avais d\u00e9j\u00e0 rencontr\u00e9 <a href=\"https:\/\/www.meslibellules.fr\/blog\/2018\/09\/05\/vietnam-2018-hylaeothemis-cf-clementia\/\">au Vietnam<\/a> et j&rsquo;avais d\u00e9j\u00e0 \u00e9mis des doutes sur son identification en le nommant Hylaeothemis cf. clementia. <br>Deux d\u00e9tails \u00e9vidents le s\u00e9parent de l&rsquo;esp\u00e8ce d\u00e9crite par Ris, de Born\u00e9o (ici <a href=\"https:\/\/inaturalist-open-data.s3.amazonaws.com\/photos\/153221342\/original.jpg\">une photo<\/a> de Budak, du nord de Born\u00e9o) :<br>&#8211; la <em>n\u00f4tre<\/em> ne montre qu&rsquo;un tout petit trait clair, l\u00e0 o\u00f9 devrait se trouver une bande ant\u00e9hum\u00e9rale claire, s&rsquo;\u00e9largissant en avant<br>&#8211; <em>notre<\/em> sujet porte deux taches dorsales larges et grossi\u00e8rement ovales sur le 7\u00b0 segment (tr\u00e8s \u00e9vocatrices du genre Micrathyria en Am\u00e9rique) et pas de marque lat\u00e9rale sur le 6\u00b0 ; celui de Ris montre une continuit\u00e9 des taches abdominales lat\u00e9rales jusqu&rsquo;au 7\u00b0 segment inclus, et pas de marques dorsales. <br>Si le premier d\u00e9tail pourrait \u00eatre consid\u00e9r\u00e9 comme une variation g\u00e9ographique, on devrait trouver des interm\u00e9diaires entre les 2 formes, entre Born\u00e9o et le nord de la Tha\u00eflande, le Vietnam et m\u00eame le Yunnan, ce qui n&rsquo;est pas le cas. Le 2\u00b0 d\u00e9tail, \u00e0 mon avis, permet d&rsquo;exclure que ce soit la m\u00eame esp\u00e8ce, car il ne s&rsquo;agit pas du tout d&rsquo;une simple diminution ou extension d&rsquo;un d\u00e9cor abdominal, mais d&rsquo;une marque bien diff\u00e9rente.<\/p>\n\n\n\n<figure class=\"wp-block-image aligncenter size-full is-resized\"><a href=\"https:\/\/www.meslibellules.fr\/blog\/wp-content\/uploads\/Hylaeothemis-clementia-male-3.webp\"><img decoding=\"async\" width=\"1806\" height=\"1204\" data-src=\"https:\/\/www.meslibellules.fr\/blog\/wp-content\/uploads\/Hylaeothemis-clementia-male-3.webp\" alt=\"Hylaeothemis clementia m\u00e2le, Tha\u00eflande, Ban Luang, 03\/06\/2024\" class=\"wp-image-23438 lazyload\" style=\"--smush-placeholder-width: 1806px; --smush-placeholder-aspect-ratio: 1806\/1204;width:523px;height:auto\" data-srcset=\"https:\/\/www.meslibellules.fr\/blog\/wp-content\/uploads\/Hylaeothemis-clementia-male-3.webp 1806w, https:\/\/www.meslibellules.fr\/blog\/wp-content\/uploads\/Hylaeothemis-clementia-male-3-768x512.webp 768w, https:\/\/www.meslibellules.fr\/blog\/wp-content\/uploads\/Hylaeothemis-clementia-male-3-1536x1024.webp 1536w\" data-sizes=\"(max-width: 1806px) 100vw, 1806px\" src=\"data:image\/svg+xml;base64,PHN2ZyB3aWR0aD0iMSIgaGVpZ2h0PSIxIiB4bWxucz0iaHR0cDovL3d3dy53My5vcmcvMjAwMC9zdmciPjwvc3ZnPg==\" \/><\/a><figcaption class=\"wp-element-caption\">Hylaeothemis clementia m\u00e2le, Tha\u00eflande, Ban Luang, 03\/06\/2024<\/figcaption><\/figure>\n\n\n\n<p>Cette diff\u00e9rence est connue depuis longtemps et au moins depuis l&rsquo;article d&rsquo;Asahina (1992), inclut dans le livre d\u00e9j\u00e0 cit\u00e9 (2), dans lequel il montre les profils des deux sujets. Il montre \u00e9galement l&rsquo;appareil g\u00e9nital secondaire des deux esp\u00e8ces, sous le S2, et les trouve ressemblant.<br>Ce n&rsquo;est pas mon cas, quand je compare (les deux images ne sont pas \u00e0 la m\u00eame \u00e9chelle) ce qu&rsquo;a dessin\u00e9 Ris, et ce que je peux tirer de la premi\u00e8re photo de cette page :<\/p>\n\n\n\n<figure class=\"wp-block-image aligncenter size-full\"><img decoding=\"async\" width=\"897\" height=\"371\" data-src=\"https:\/\/www.meslibellules.fr\/blog\/wp-content\/uploads\/Hylaeothemis-clementia-male-1bis.webp\" alt=\"Hylaeothemis clementia m\u00e2le, appareil g\u00e9nital secondaire\" class=\"wp-image-23447 lazyload\" data-srcset=\"https:\/\/www.meslibellules.fr\/blog\/wp-content\/uploads\/Hylaeothemis-clementia-male-1bis.webp 897w, https:\/\/www.meslibellules.fr\/blog\/wp-content\/uploads\/Hylaeothemis-clementia-male-1bis-768x318.webp 768w\" data-sizes=\"(max-width: 897px) 100vw, 897px\" src=\"data:image\/svg+xml;base64,PHN2ZyB3aWR0aD0iMSIgaGVpZ2h0PSIxIiB4bWxucz0iaHR0cDovL3d3dy53My5vcmcvMjAwMC9zdmciPjwvc3ZnPg==\" style=\"--smush-placeholder-width: 897px; --smush-placeholder-aspect-ratio: 897\/371;\" \/><figcaption class=\"wp-element-caption\">Hylaeothemis clementia m\u00e2le, appareil g\u00e9nital secondaire<\/figcaption><\/figure>\n\n\n\n<p>Nous avons eu beaucoup de chance avec les femelles que nous avons observ\u00e9es deux jours diff\u00e9rents sur le m\u00eame site, plusieurs matures et une jeune (\u00e0 droite ci-dessous). Il faut de la chance, car que ce soit pour les m\u00e2les ou les femelles, que ce soit pour l&rsquo;esp\u00e8ce nominale ou <em>la n\u00f4tre<\/em>, elles sont rarement vues (3). Et, comme presque toujours pour les Libellulidae, les femelles sont encore plus discr\u00e8tes.<\/p>\n\n\n\n<figure class=\"wp-block-gallery has-nested-images columns-default is-cropped wp-block-gallery-2 is-layout-flex wp-block-gallery-is-layout-flex\">\n<figure class=\"wp-block-image size-large\"><a href=\"https:\/\/www.meslibellules.fr\/blog\/wp-content\/uploads\/Hylaeothemis-clementia-femelle-1.webp\"><img decoding=\"async\" width=\"1980\" height=\"1504\" data-id=\"23431\" data-src=\"https:\/\/www.meslibellules.fr\/blog\/wp-content\/uploads\/Hylaeothemis-clementia-femelle-1.webp\" alt=\"Hylaeothemis clementia femelle, Tha\u00eflande, Ban Luang, 03\/06\/2024\" class=\"wp-image-23431 lazyload\" data-srcset=\"https:\/\/www.meslibellules.fr\/blog\/wp-content\/uploads\/Hylaeothemis-clementia-femelle-1.webp 1980w, https:\/\/www.meslibellules.fr\/blog\/wp-content\/uploads\/Hylaeothemis-clementia-femelle-1-768x583.webp 768w, https:\/\/www.meslibellules.fr\/blog\/wp-content\/uploads\/Hylaeothemis-clementia-femelle-1-1536x1167.webp 1536w\" data-sizes=\"(max-width: 1980px) 100vw, 1980px\" src=\"data:image\/svg+xml;base64,PHN2ZyB3aWR0aD0iMSIgaGVpZ2h0PSIxIiB4bWxucz0iaHR0cDovL3d3dy53My5vcmcvMjAwMC9zdmciPjwvc3ZnPg==\" style=\"--smush-placeholder-width: 1980px; --smush-placeholder-aspect-ratio: 1980\/1504;\" \/><\/a><\/figure>\n\n\n\n<figure class=\"wp-block-image size-large\"><a href=\"https:\/\/www.meslibellules.fr\/blog\/wp-content\/uploads\/Hylaeothemis-clementia-femelle-2.webp\"><img decoding=\"async\" width=\"2213\" height=\"1504\" data-id=\"23432\" data-src=\"https:\/\/www.meslibellules.fr\/blog\/wp-content\/uploads\/Hylaeothemis-clementia-femelle-2.webp\" alt=\"Hylaeothemis clementia femelle, Tha\u00eflande, Ban Luang, 06\/06\/2024\" class=\"wp-image-23432 lazyload\" data-srcset=\"https:\/\/www.meslibellules.fr\/blog\/wp-content\/uploads\/Hylaeothemis-clementia-femelle-2.webp 2213w, https:\/\/www.meslibellules.fr\/blog\/wp-content\/uploads\/Hylaeothemis-clementia-femelle-2-768x522.webp 768w, https:\/\/www.meslibellules.fr\/blog\/wp-content\/uploads\/Hylaeothemis-clementia-femelle-2-1536x1044.webp 1536w, https:\/\/www.meslibellules.fr\/blog\/wp-content\/uploads\/Hylaeothemis-clementia-femelle-2-2048x1392.webp 2048w\" data-sizes=\"(max-width: 2213px) 100vw, 2213px\" src=\"data:image\/svg+xml;base64,PHN2ZyB3aWR0aD0iMSIgaGVpZ2h0PSIxIiB4bWxucz0iaHR0cDovL3d3dy53My5vcmcvMjAwMC9zdmciPjwvc3ZnPg==\" style=\"--smush-placeholder-width: 2213px; --smush-placeholder-aspect-ratio: 2213\/1504;\" \/><\/a><\/figure>\n<figcaption class=\"blocks-gallery-caption wp-element-caption\">Hylaeothemis clementia femelle, Tha\u00eflande, Ban Luang, 03\/06\/2024<\/figcaption><\/figure>\n\n\n\n<p>Et pour ces femelles, on retrouve les m\u00eames diff\u00e9rences que pour les m\u00e2les, bande ant\u00e9hum\u00e9rale \u00e0 peine visible et tache dorsale sur S7, sauf le S6 porte une marque claire lat\u00e9rale, \u00e0 comparer avec <a href=\"https:\/\/www.inaturalist.org\/observations\/92530507\">cette photo<\/a> (du m\u00eame Budak, \u00e0 Sabah, au nord de Born\u00e9o).<br>La tache gris\u00e2tre sur la femelle ci-dessous \u00e0 droite est certainement un reste du substrat de ponte. On note l&rsquo;\u00e9paisseur de l&rsquo;abdomen.<\/p>\n\n\n\n<div class=\"wp-block-columns is-layout-flex wp-container-core-columns-is-layout-28f84493 wp-block-columns-is-layout-flex\">\n<div class=\"wp-block-column is-layout-flow wp-block-column-is-layout-flow\">\n<figure class=\"wp-block-image alignright size-full is-resized\"><a href=\"https:\/\/www.meslibellules.fr\/blog\/wp-content\/uploads\/Hylaeothemis-clementia-femelle-5.webp\"><img decoding=\"async\" width=\"1514\" height=\"1504\" data-src=\"https:\/\/www.meslibellules.fr\/blog\/wp-content\/uploads\/Hylaeothemis-clementia-femelle-5.webp\" alt=\"Hylaeothemis clementia femelle, Tha\u00eflande, Ban Luang, 03\/06\/2024\" class=\"wp-image-23435 lazyload\" style=\"--smush-placeholder-width: 1514px; --smush-placeholder-aspect-ratio: 1514\/1504;width:407px;height:auto\" data-srcset=\"https:\/\/www.meslibellules.fr\/blog\/wp-content\/uploads\/Hylaeothemis-clementia-femelle-5.webp 1514w, https:\/\/www.meslibellules.fr\/blog\/wp-content\/uploads\/Hylaeothemis-clementia-femelle-5-768x763.webp 768w, https:\/\/www.meslibellules.fr\/blog\/wp-content\/uploads\/Hylaeothemis-clementia-femelle-5-150x150.webp 150w\" data-sizes=\"(max-width: 1514px) 100vw, 1514px\" src=\"data:image\/svg+xml;base64,PHN2ZyB3aWR0aD0iMSIgaGVpZ2h0PSIxIiB4bWxucz0iaHR0cDovL3d3dy53My5vcmcvMjAwMC9zdmciPjwvc3ZnPg==\" \/><\/a><\/figure>\n<\/div>\n\n\n\n<div class=\"wp-block-column is-layout-flow wp-block-column-is-layout-flow\">\n<figure class=\"wp-block-image size-full\"><a href=\"https:\/\/www.meslibellules.fr\/blog\/wp-content\/uploads\/Hylaeothemis-clementia-femelle-4.webp\"><img decoding=\"async\" width=\"1646\" height=\"1504\" data-src=\"https:\/\/www.meslibellules.fr\/blog\/wp-content\/uploads\/Hylaeothemis-clementia-femelle-4.webp\" alt=\"Hylaeothemis clementia femelle, Tha\u00eflande, Ban Luang, 06\/06\/2024\" class=\"wp-image-23434 lazyload\" data-srcset=\"https:\/\/www.meslibellules.fr\/blog\/wp-content\/uploads\/Hylaeothemis-clementia-femelle-4.webp 1646w, https:\/\/www.meslibellules.fr\/blog\/wp-content\/uploads\/Hylaeothemis-clementia-femelle-4-768x702.webp 768w, https:\/\/www.meslibellules.fr\/blog\/wp-content\/uploads\/Hylaeothemis-clementia-femelle-4-1536x1403.webp 1536w\" data-sizes=\"(max-width: 1646px) 100vw, 1646px\" src=\"data:image\/svg+xml;base64,PHN2ZyB3aWR0aD0iMSIgaGVpZ2h0PSIxIiB4bWxucz0iaHR0cDovL3d3dy53My5vcmcvMjAwMC9zdmciPjwvc3ZnPg==\" style=\"--smush-placeholder-width: 1646px; --smush-placeholder-aspect-ratio: 1646\/1504;\" \/><\/a><\/figure>\n<\/div>\n<\/div>\n\n\n\n<p class=\"has-text-align-center\">Hylaeothemis clementia femelle, Tha\u00eflande, Ban Luang, 03 et 06\/06\/2024<\/p>\n\n\n\n<p>Sa distribution, si l&rsquo;on se r\u00e9f\u00e8re \u00e0 l&rsquo;<a href=\"https:\/\/www.iucnredlist.org\/species\/167404\/123028561#geographic-range\">IUCN<\/a> qui confond les <em>deux<\/em> esp\u00e8ces, comprend Born\u00e9o, la p\u00e9ninsule malaisienne, la Tha\u00eflande, le Laos, le Vietnam et, en Chine, le Yunnan et Hainan. Mais, une mise \u00e0 jour est survenue en 2019, donc apr\u00e8s que j&rsquo;ai \u00e9crit la page sur l&rsquo;esp\u00e8ce au Vietnam ; elle mentionne que les donn\u00e9es nordistes pourraient bien appartenir \u00e0 une autre esp\u00e8ce !<br>Ce qu&rsquo;on rel\u00e8ve sur iNaturalist montre que le partage entre les deux esp\u00e8ces se fait entre la p\u00e9nisule malaisienne et la Tha\u00eflande, l\u00e0 o\u00f9 se trouve une importante lacune de distribution.<\/p>\n\n\n\n<figure class=\"wp-block-image aligncenter size-full is-resized\"><a href=\"https:\/\/www.meslibellules.fr\/blog\/wp-content\/uploads\/Hylaeothemis-clementia-femelle-3.webp\"><img decoding=\"async\" width=\"1750\" height=\"1504\" data-src=\"https:\/\/www.meslibellules.fr\/blog\/wp-content\/uploads\/Hylaeothemis-clementia-femelle-3.webp\" alt=\"Hylaeothemis clementia femelle, Tha\u00eflande, Ban Luang, 06\/06\/2024\" class=\"wp-image-23433 lazyload\" style=\"--smush-placeholder-width: 1750px; --smush-placeholder-aspect-ratio: 1750\/1504;width:451px;height:auto\" data-srcset=\"https:\/\/www.meslibellules.fr\/blog\/wp-content\/uploads\/Hylaeothemis-clementia-femelle-3.webp 1750w, https:\/\/www.meslibellules.fr\/blog\/wp-content\/uploads\/Hylaeothemis-clementia-femelle-3-768x660.webp 768w, https:\/\/www.meslibellules.fr\/blog\/wp-content\/uploads\/Hylaeothemis-clementia-femelle-3-1536x1320.webp 1536w\" data-sizes=\"(max-width: 1750px) 100vw, 1750px\" src=\"data:image\/svg+xml;base64,PHN2ZyB3aWR0aD0iMSIgaGVpZ2h0PSIxIiB4bWxucz0iaHR0cDovL3d3dy53My5vcmcvMjAwMC9zdmciPjwvc3ZnPg==\" \/><\/a><figcaption class=\"wp-element-caption\">Hylaeothemis clementia femelle, Tha\u00eflande, Ban Luang, 06\/06\/2024<\/figcaption><\/figure>\n\n\n\n<p>Nous les avons rencontr\u00e9s tous, m\u00e2les, femelles immatures et matures, accouplement, pr\u00e8s d&rsquo;une petite rivi\u00e8re tr\u00e8s encaiss\u00e9e \u00e0 ce niveau, dont les rives bois\u00e9es \u00e9taient tr\u00e8s difficilement praticables, tr\u00e8s pentues, sorte de parcours du combattant en raison d&rsquo;une grande quantit\u00e9 de bambous d\u00e9vers\u00e9s \u00e0 cet endroit et de nombreux tuyaux d&rsquo;irrigation.<br>Tous ensemble, nous avons cherch\u00e9 \u00e0 approcher cet accouplement, les premiers sujets que nous avons rencontr\u00e9s. Et cela n&rsquo;a pas \u00e9t\u00e9 sans mal <a href=\"https:\/\/www.meslibellules.fr\/blog\/wp-content\/uploads\/03-06-2024-Siriphum-car-park.webp\">pour certains<\/a> qui se sont enfonc\u00e9s dans l&rsquo;amoncellement de bambous.<\/p>\n\n\n\n<figure class=\"wp-block-image aligncenter size-full is-resized\"><a href=\"https:\/\/www.meslibellules.fr\/blog\/wp-content\/uploads\/Hylaeothemis-clementia-male-accouplement.webp\"><img decoding=\"async\" width=\"1785\" height=\"1204\" data-src=\"https:\/\/www.meslibellules.fr\/blog\/wp-content\/uploads\/Hylaeothemis-clementia-male-accouplement.webp\" alt=\"Hylaeothemis clementia accouplement, Tha\u00eflande, Ban Luang, 03\/06\/2024\" class=\"wp-image-23439 lazyload\" style=\"--smush-placeholder-width: 1785px; --smush-placeholder-aspect-ratio: 1785\/1204;width:595px;height:auto\" data-srcset=\"https:\/\/www.meslibellules.fr\/blog\/wp-content\/uploads\/Hylaeothemis-clementia-male-accouplement.webp 1785w, https:\/\/www.meslibellules.fr\/blog\/wp-content\/uploads\/Hylaeothemis-clementia-male-accouplement-768x518.webp 768w, https:\/\/www.meslibellules.fr\/blog\/wp-content\/uploads\/Hylaeothemis-clementia-male-accouplement-1536x1036.webp 1536w\" data-sizes=\"(max-width: 1785px) 100vw, 1785px\" src=\"data:image\/svg+xml;base64,PHN2ZyB3aWR0aD0iMSIgaGVpZ2h0PSIxIiB4bWxucz0iaHR0cDovL3d3dy53My5vcmcvMjAwMC9zdmciPjwvc3ZnPg==\" \/><\/a><figcaption class=\"wp-element-caption\">Hylaeothemis clementia accouplement, Tha\u00eflande, Ban Luang, 03\/06\/2024<\/figcaption><\/figure>\n\n\n\n<p><strong>\u00c9tymologie<\/strong> (4)<br><strong>Hyleaothemis<\/strong>, d&rsquo;un mot grec signifiant \u00ab\u00a0appartenant \u00e0 la for\u00eat\u00a0\u00bb et de Themis. Themis n\u2019a jamais \u00e9t\u00e9 un nom de libellule \u00e0 part enti\u00e8re. Il a \u00e9t\u00e9 \u00e9tabli comme \u00e9l\u00e9ment dans les noms de genres de libellules par Hagen (1861), lorsqu\u2019il a d\u00fb nommer de nombreux nouveaux genres nord-am\u00e9ricains. Son mod\u00e8le \u00e9tait les noms en \u2013etrum sugg\u00e9r\u00e9s, pour les nouveaux genres de libellules, par Newman (1833) (par exemple Orthetrum, voir p. 113). Mais comme les noms d\u2019esp\u00e8ces adjectivaux s\u2019ils \u00e9taient transf\u00e9r\u00e9s de Libellula, \u00e0 un genre en \u2013etrum, devaient \u00eatre chang\u00e9s de genre en neutre, Hagen a \u00e9vit\u00e9 de tels changements en choisissant l\u2019\u00e9l\u00e9ment f\u00e9minin \u2013themis comme deuxi\u00e8me partie des nouveaux noms (voir Hagen 1888), signifiant simplement \u00ab genre de libellule \u00bb. Il a probablement \u00e9t\u00e9 inspir\u00e9 dans son choix par des noms de dieux, dans la nomenclature comme Nehalennia ou Cora. <br>Themis est un excellent choix, c&rsquo;est la d\u00e9esse de la justice et de l&rsquo;ordre, ce qui s&rsquo;applique tr\u00e8s bien \u00e0 une classification.<br>Ris, cr\u00e9ant ce genre, \u00e9crit que ces esp\u00e8ces sont des \u00ab\u00a0habitants de la foret\u00a0\u00bb.<br><strong>Clementia<\/strong> est un hommage \u00e0 un certain Monsieur <em>Cl\u00e9ment<\/em> (avec un accent sur le \u00ab\u00a0e\u00a0\u00bb dans le texte de Ris), d\u00e9couvreur de l&rsquo;esp\u00e8ce ou ayant seulement eu un r\u00f4le d&rsquo;interm\u00e9diaire en fournissant l&rsquo;esp\u00e8ce \u00e0 Selys, on ne le saura sans doute jamais.<\/p>\n\n\n\n<div style=\"height:31px\" aria-hidden=\"true\" class=\"wp-block-spacer\"><\/div>\n\n\n\n<p style=\"font-size:13px\">1- RIS, F., 1909 &#8211; <a href=\"https:\/\/www.biodiversitylibrary.org\/item\/40852?t=107088#page\/78\/mode\/1up\">Libellulinen monographisch bearbeitet, 1. Colins zool Edm. de Selys Longchamps<\/a> 9: 1-120, p. 64.<br>2- Dr Syoziro Asahina, 1993 \u2013 A List of the Odonata from Thailand (Parts I \u2013 XXI), Bro. Amnuay Pinratana, 1993.<br>3- A Guide to the Dragonflies of Borneo, their identification and biology. A.G. Orr, Natural History Publication (Borneo) \u2013 2003.<br>4- Heinrich Fliedner, 2021 &#8211; <a href=\"https:\/\/www.researchgate.net\/publication\/367150062_The_scientific_names_of_Ris'_odonate_taxa\">The scientific names of Ris&rsquo; odonate taxa<\/a> &#8211; Journal of the International Dragonfly Fund.<\/p>\n\n\n\n<div style=\"height:30px\" aria-hidden=\"true\" class=\"wp-block-spacer\"><\/div>\n\n\n\n<div class=\"wp-block-buttons is-vertical is-layout-flex wp-container-core-buttons-is-layout-16cda065 wp-block-buttons-is-layout-flex\">\n<div class=\"wp-block-button\"><a class=\"wp-block-button__link wp-element-button\" href=\"https:\/\/www.meslibellules.fr\/blog\/libellules-de-thailande\/\">Accueil Tha\u00eflande<\/a><\/div>\n\n\n\n<div class=\"wp-block-button\"><a class=\"wp-block-button__link wp-element-button\" href=\"http:\/\/www.meslibellules.fr\/pagesweb\/divers\/liste-generale-odonates-du-site\/asia-odonates.php\">Liste Asie<\/a><\/div>\n\n\n\n<div class=\"wp-block-button\"><a class=\"wp-block-button__link wp-element-button\" href=\"https:\/\/www.meslibellules.fr\/blog\/\">Accueil<\/a><\/div>\n<\/div>\n","protected":false},"excerpt":{"rendered":"<p>Ris cr\u00e9e le genre Hylaeothemis en 1909 pour y inclure deux esp\u00e8ces, Hylaeothemis clementia, \u00e0 partir d&rsquo;un jeune m\u00e2le de Born\u00e9o, et H. fruhstorferi d&rsquo;un sujet de Ceylan. Il pr\u00e9cise dans \u00ab\u00a0Libellulinen monographisch bearbeitet\u00a0\u00bb (1) que l&rsquo;abdomen mesure environ 23 mm (20 mm pour Asahina (2)) ce qui nous fait un tout petit Libellulidae d&rsquo;\u00e0 [&hellip;]<\/p>\n","protected":false},"author":1,"featured_media":0,"comment_status":"open","ping_status":"open","sticky":false,"template":"","format":"image","meta":{"site-sidebar-layout":"default","site-content-layout":"","ast-site-content-layout":"default","site-content-style":"default","site-sidebar-style":"default","ast-global-header-display":"","ast-banner-title-visibility":"","ast-main-header-display":"","ast-hfb-above-header-display":"","ast-hfb-below-header-display":"","ast-hfb-mobile-header-display":"","site-post-title":"","ast-breadcrumbs-content":"","ast-featured-img":"","footer-sml-layout":"","ast-disable-related-posts":"","theme-transparent-header-meta":"","adv-header-id-meta":"","stick-header-meta":"","header-above-stick-meta":"","header-main-stick-meta":"","header-below-stick-meta":"","astra-migrate-meta-layouts":"set","ast-page-background-enabled":"default","ast-page-background-meta":{"desktop":{"background-color":"var(--ast-global-color-4)","background-image":"","background-repeat":"repeat","background-position":"center center","background-size":"auto","background-attachment":"scroll","background-type":"","background-media":"","overlay-type":"","overlay-color":"","overlay-opacity":"","overlay-gradient":""},"tablet":{"background-color":"","background-image":"","background-repeat":"repeat","background-position":"center center","background-size":"auto","background-attachment":"scroll","background-type":"","background-media":"","overlay-type":"","overlay-color":"","overlay-opacity":"","overlay-gradient":""},"mobile":{"background-color":"","background-image":"","background-repeat":"repeat","background-position":"center center","background-size":"auto","background-attachment":"scroll","background-type":"","background-media":"","overlay-type":"","overlay-color":"","overlay-opacity":"","overlay-gradient":""}},"ast-content-background-meta":{"desktop":{"background-color":"var(--ast-global-color-5)","background-image":"","background-repeat":"repeat","background-position":"center center","background-size":"auto","background-attachment":"scroll","background-type":"","background-media":"","overlay-type":"","overlay-color":"","overlay-opacity":"","overlay-gradient":""},"tablet":{"background-color":"var(--ast-global-color-5)","background-image":"","background-repeat":"repeat","background-position":"center center","background-size":"auto","background-attachment":"scroll","background-type":"","background-media":"","overlay-type":"","overlay-color":"","overlay-opacity":"","overlay-gradient":""},"mobile":{"background-color":"var(--ast-global-color-5)","background-image":"","background-repeat":"repeat","background-position":"center center","background-size":"auto","background-attachment":"scroll","background-type":"","background-media":"","overlay-type":"","overlay-color":"","overlay-opacity":"","overlay-gradient":""}},"footnotes":""},"categories":[38544,1379],"tags":[38536,1381],"class_list":["post-23440","post","type-post","status-publish","format-image","hentry","category-libellulidae-thailande-2","category-thailande","tag-libellulidae-thailande","tag-thailande","post_format-post-format-image"],"yoast_head":"<!-- This site is optimized with the Yoast SEO plugin v27.5 - https:\/\/yoast.com\/product\/yoast-seo-wordpress\/ -->\n<title>Hylaeothemis clementia - Mes Libellules<\/title>\n<meta name=\"description\" content=\"Hylaeothemis clementia m\u00e2les, femelles, accouplement en Tha\u00eflande, identification et diff\u00e9rences, taille, habitat, distribution, \u00e9tymologie\" \/>\n<meta name=\"robots\" content=\"index, follow, max-snippet:-1, max-image-preview:large, max-video-preview:-1\" \/>\n<link rel=\"canonical\" href=\"https:\/\/www.meslibellules.fr\/blog\/2025\/01\/17\/hylaeothemis-clementia\/\" \/>\n<meta property=\"og:locale\" content=\"fr_FR\" \/>\n<meta property=\"og:type\" content=\"article\" \/>\n<meta property=\"og:title\" content=\"Hylaeothemis clementia - Mes Libellules\" \/>\n<meta property=\"og:description\" content=\"Hylaeothemis clementia m\u00e2les, femelles, accouplement en Tha\u00eflande, identification et diff\u00e9rences, taille, habitat, distribution, \u00e9tymologie\" \/>\n<meta property=\"og:url\" content=\"https:\/\/www.meslibellules.fr\/blog\/2025\/01\/17\/hylaeothemis-clementia\/\" \/>\n<meta property=\"og:site_name\" content=\"Mes Libellules\" \/>\n<meta property=\"article:publisher\" content=\"https:\/\/www.facebook.com\/benoit.guillon.96\/\" \/>\n<meta property=\"article:author\" content=\"https:\/\/www.facebook.com\/benoit.guillon.96\/\" \/>\n<meta property=\"article:published_time\" content=\"2025-01-17T07:07:07+00:00\" \/>\n<meta property=\"article:modified_time\" content=\"2025-01-17T07:08:07+00:00\" \/>\n<meta property=\"og:image\" content=\"https:\/\/www.meslibellules.fr\/blog\/wp-content\/uploads\/Hylaeothemis-clementia-male-1.webp\" \/>\n\t<meta property=\"og:image:width\" content=\"1993\" \/>\n\t<meta property=\"og:image:height\" content=\"1504\" \/>\n\t<meta property=\"og:image:type\" content=\"image\/webp\" \/>\n<meta name=\"author\" content=\"Beno\u00eet Guillon\" \/>\n<meta name=\"twitter:card\" content=\"summary_large_image\" \/>\n<meta name=\"twitter:label1\" content=\"\u00c9crit par\" \/>\n\t<meta name=\"twitter:data1\" content=\"Beno\u00eet Guillon\" \/>\n\t<meta name=\"twitter:label2\" content=\"Dur\u00e9e de lecture estim\u00e9e\" \/>\n\t<meta name=\"twitter:data2\" content=\"8 minutes\" \/>\n<script type=\"application\/ld+json\" class=\"yoast-schema-graph\">{\"@context\":\"https:\\\/\\\/schema.org\",\"@graph\":[{\"@type\":\"Article\",\"@id\":\"https:\\\/\\\/www.meslibellules.fr\\\/blog\\\/2025\\\/01\\\/17\\\/hylaeothemis-clementia\\\/#article\",\"isPartOf\":{\"@id\":\"https:\\\/\\\/www.meslibellules.fr\\\/blog\\\/2025\\\/01\\\/17\\\/hylaeothemis-clementia\\\/\"},\"author\":{\"name\":\"Beno\u00eet Guillon\",\"@id\":\"https:\\\/\\\/www.meslibellules.fr\\\/blog\\\/#\\\/schema\\\/person\\\/9aa3586f9dd053fcf329f43b8b053c77\"},\"headline\":\"Tha\u00eflande &#8211; Hyaleothemis clementia (Ris, 1909)\",\"datePublished\":\"2025-01-17T07:07:07+00:00\",\"dateModified\":\"2025-01-17T07:08:07+00:00\",\"mainEntityOfPage\":{\"@id\":\"https:\\\/\\\/www.meslibellules.fr\\\/blog\\\/2025\\\/01\\\/17\\\/hylaeothemis-clementia\\\/\"},\"wordCount\":1108,\"commentCount\":0,\"publisher\":{\"@id\":\"https:\\\/\\\/www.meslibellules.fr\\\/blog\\\/#\\\/schema\\\/person\\\/9aa3586f9dd053fcf329f43b8b053c77\"},\"image\":{\"@id\":\"https:\\\/\\\/www.meslibellules.fr\\\/blog\\\/2025\\\/01\\\/17\\\/hylaeothemis-clementia\\\/#primaryimage\"},\"thumbnailUrl\":\"https:\\\/\\\/www.meslibellules.fr\\\/blog\\\/wp-content\\\/uploads\\\/Hylaeothemis-clementia-male-1.webp\",\"keywords\":[\"Libellulidae - Tha\u00eflande\",\"Tha\u00eflande\"],\"articleSection\":[\"Libellulidae\",\"Tha\u00eflande\"],\"inLanguage\":\"fr-FR\",\"potentialAction\":[{\"@type\":\"CommentAction\",\"name\":\"Comment\",\"target\":[\"https:\\\/\\\/www.meslibellules.fr\\\/blog\\\/2025\\\/01\\\/17\\\/hylaeothemis-clementia\\\/#respond\"]}]},{\"@type\":\"WebPage\",\"@id\":\"https:\\\/\\\/www.meslibellules.fr\\\/blog\\\/2025\\\/01\\\/17\\\/hylaeothemis-clementia\\\/\",\"url\":\"https:\\\/\\\/www.meslibellules.fr\\\/blog\\\/2025\\\/01\\\/17\\\/hylaeothemis-clementia\\\/\",\"name\":\"Hylaeothemis clementia - Mes Libellules\",\"isPartOf\":{\"@id\":\"https:\\\/\\\/www.meslibellules.fr\\\/blog\\\/#website\"},\"primaryImageOfPage\":{\"@id\":\"https:\\\/\\\/www.meslibellules.fr\\\/blog\\\/2025\\\/01\\\/17\\\/hylaeothemis-clementia\\\/#primaryimage\"},\"image\":{\"@id\":\"https:\\\/\\\/www.meslibellules.fr\\\/blog\\\/2025\\\/01\\\/17\\\/hylaeothemis-clementia\\\/#primaryimage\"},\"thumbnailUrl\":\"https:\\\/\\\/www.meslibellules.fr\\\/blog\\\/wp-content\\\/uploads\\\/Hylaeothemis-clementia-male-1.webp\",\"datePublished\":\"2025-01-17T07:07:07+00:00\",\"dateModified\":\"2025-01-17T07:08:07+00:00\",\"description\":\"Hylaeothemis clementia m\u00e2les, femelles, accouplement en Tha\u00eflande, identification et diff\u00e9rences, taille, habitat, distribution, \u00e9tymologie\",\"breadcrumb\":{\"@id\":\"https:\\\/\\\/www.meslibellules.fr\\\/blog\\\/2025\\\/01\\\/17\\\/hylaeothemis-clementia\\\/#breadcrumb\"},\"inLanguage\":\"fr-FR\",\"potentialAction\":[{\"@type\":\"ReadAction\",\"target\":[\"https:\\\/\\\/www.meslibellules.fr\\\/blog\\\/2025\\\/01\\\/17\\\/hylaeothemis-clementia\\\/\"]}]},{\"@type\":\"ImageObject\",\"inLanguage\":\"fr-FR\",\"@id\":\"https:\\\/\\\/www.meslibellules.fr\\\/blog\\\/2025\\\/01\\\/17\\\/hylaeothemis-clementia\\\/#primaryimage\",\"url\":\"https:\\\/\\\/www.meslibellules.fr\\\/blog\\\/wp-content\\\/uploads\\\/Hylaeothemis-clementia-male-1.webp\",\"contentUrl\":\"https:\\\/\\\/www.meslibellules.fr\\\/blog\\\/wp-content\\\/uploads\\\/Hylaeothemis-clementia-male-1.webp\"},{\"@type\":\"BreadcrumbList\",\"@id\":\"https:\\\/\\\/www.meslibellules.fr\\\/blog\\\/2025\\\/01\\\/17\\\/hylaeothemis-clementia\\\/#breadcrumb\",\"itemListElement\":[{\"@type\":\"ListItem\",\"position\":1,\"name\":\"Accueil\",\"item\":\"https:\\\/\\\/www.meslibellules.fr\\\/blog\\\/\"},{\"@type\":\"ListItem\",\"position\":2,\"name\":\"Tha\u00eflande &#8211; Hyaleothemis clementia (Ris, 1909)\"}]},{\"@type\":\"WebSite\",\"@id\":\"https:\\\/\\\/www.meslibellules.fr\\\/blog\\\/#website\",\"url\":\"https:\\\/\\\/www.meslibellules.fr\\\/blog\\\/\",\"name\":\"Mes Libellules\",\"description\":\"Pr\u00e9sentation des libellules rencontr\u00e9es dans le monde\",\"publisher\":{\"@id\":\"https:\\\/\\\/www.meslibellules.fr\\\/blog\\\/#\\\/schema\\\/person\\\/9aa3586f9dd053fcf329f43b8b053c77\"},\"potentialAction\":[{\"@type\":\"SearchAction\",\"target\":{\"@type\":\"EntryPoint\",\"urlTemplate\":\"https:\\\/\\\/www.meslibellules.fr\\\/blog\\\/?s={search_term_string}\"},\"query-input\":{\"@type\":\"PropertyValueSpecification\",\"valueRequired\":true,\"valueName\":\"search_term_string\"}}],\"inLanguage\":\"fr-FR\"},{\"@type\":[\"Person\",\"Organization\"],\"@id\":\"https:\\\/\\\/www.meslibellules.fr\\\/blog\\\/#\\\/schema\\\/person\\\/9aa3586f9dd053fcf329f43b8b053c77\",\"name\":\"Beno\u00eet Guillon\",\"image\":{\"@type\":\"ImageObject\",\"inLanguage\":\"fr-FR\",\"@id\":\"https:\\\/\\\/www.meslibellules.fr\\\/blog\\\/wp-content\\\/uploads\\\/cropped-avatar-150-pix.jpg\",\"url\":\"https:\\\/\\\/www.meslibellules.fr\\\/blog\\\/wp-content\\\/uploads\\\/cropped-avatar-150-pix.jpg\",\"contentUrl\":\"https:\\\/\\\/www.meslibellules.fr\\\/blog\\\/wp-content\\\/uploads\\\/cropped-avatar-150-pix.jpg\",\"width\":150,\"height\":137,\"caption\":\"Beno\u00eet Guillon\"},\"logo\":{\"@id\":\"https:\\\/\\\/www.meslibellules.fr\\\/blog\\\/wp-content\\\/uploads\\\/cropped-avatar-150-pix.jpg\"},\"sameAs\":[\"https:\\\/\\\/www.facebook.com\\\/benoit.guillon.96\\\/\"]}]}<\/script>\n<!-- \/ Yoast SEO plugin. -->","yoast_head_json":{"title":"Hylaeothemis clementia - Mes Libellules","description":"Hylaeothemis clementia m\u00e2les, femelles, accouplement en Tha\u00eflande, identification et diff\u00e9rences, taille, habitat, distribution, \u00e9tymologie","robots":{"index":"index","follow":"follow","max-snippet":"max-snippet:-1","max-image-preview":"max-image-preview:large","max-video-preview":"max-video-preview:-1"},"canonical":"https:\/\/www.meslibellules.fr\/blog\/2025\/01\/17\/hylaeothemis-clementia\/","og_locale":"fr_FR","og_type":"article","og_title":"Hylaeothemis clementia - Mes Libellules","og_description":"Hylaeothemis clementia m\u00e2les, femelles, accouplement en Tha\u00eflande, identification et diff\u00e9rences, taille, habitat, distribution, \u00e9tymologie","og_url":"https:\/\/www.meslibellules.fr\/blog\/2025\/01\/17\/hylaeothemis-clementia\/","og_site_name":"Mes Libellules","article_publisher":"https:\/\/www.facebook.com\/benoit.guillon.96\/","article_author":"https:\/\/www.facebook.com\/benoit.guillon.96\/","article_published_time":"2025-01-17T07:07:07+00:00","article_modified_time":"2025-01-17T07:08:07+00:00","og_image":[{"width":1993,"height":1504,"url":"https:\/\/www.meslibellules.fr\/blog\/wp-content\/uploads\/Hylaeothemis-clementia-male-1.webp","type":"image\/webp"}],"author":"Beno\u00eet Guillon","twitter_card":"summary_large_image","twitter_misc":{"\u00c9crit par":"Beno\u00eet Guillon","Dur\u00e9e de lecture estim\u00e9e":"8 minutes"},"schema":{"@context":"https:\/\/schema.org","@graph":[{"@type":"Article","@id":"https:\/\/www.meslibellules.fr\/blog\/2025\/01\/17\/hylaeothemis-clementia\/#article","isPartOf":{"@id":"https:\/\/www.meslibellules.fr\/blog\/2025\/01\/17\/hylaeothemis-clementia\/"},"author":{"name":"Beno\u00eet Guillon","@id":"https:\/\/www.meslibellules.fr\/blog\/#\/schema\/person\/9aa3586f9dd053fcf329f43b8b053c77"},"headline":"Tha\u00eflande &#8211; Hyaleothemis clementia (Ris, 1909)","datePublished":"2025-01-17T07:07:07+00:00","dateModified":"2025-01-17T07:08:07+00:00","mainEntityOfPage":{"@id":"https:\/\/www.meslibellules.fr\/blog\/2025\/01\/17\/hylaeothemis-clementia\/"},"wordCount":1108,"commentCount":0,"publisher":{"@id":"https:\/\/www.meslibellules.fr\/blog\/#\/schema\/person\/9aa3586f9dd053fcf329f43b8b053c77"},"image":{"@id":"https:\/\/www.meslibellules.fr\/blog\/2025\/01\/17\/hylaeothemis-clementia\/#primaryimage"},"thumbnailUrl":"https:\/\/www.meslibellules.fr\/blog\/wp-content\/uploads\/Hylaeothemis-clementia-male-1.webp","keywords":["Libellulidae - Tha\u00eflande","Tha\u00eflande"],"articleSection":["Libellulidae","Tha\u00eflande"],"inLanguage":"fr-FR","potentialAction":[{"@type":"CommentAction","name":"Comment","target":["https:\/\/www.meslibellules.fr\/blog\/2025\/01\/17\/hylaeothemis-clementia\/#respond"]}]},{"@type":"WebPage","@id":"https:\/\/www.meslibellules.fr\/blog\/2025\/01\/17\/hylaeothemis-clementia\/","url":"https:\/\/www.meslibellules.fr\/blog\/2025\/01\/17\/hylaeothemis-clementia\/","name":"Hylaeothemis clementia - Mes Libellules","isPartOf":{"@id":"https:\/\/www.meslibellules.fr\/blog\/#website"},"primaryImageOfPage":{"@id":"https:\/\/www.meslibellules.fr\/blog\/2025\/01\/17\/hylaeothemis-clementia\/#primaryimage"},"image":{"@id":"https:\/\/www.meslibellules.fr\/blog\/2025\/01\/17\/hylaeothemis-clementia\/#primaryimage"},"thumbnailUrl":"https:\/\/www.meslibellules.fr\/blog\/wp-content\/uploads\/Hylaeothemis-clementia-male-1.webp","datePublished":"2025-01-17T07:07:07+00:00","dateModified":"2025-01-17T07:08:07+00:00","description":"Hylaeothemis clementia m\u00e2les, femelles, accouplement en Tha\u00eflande, identification et diff\u00e9rences, taille, habitat, distribution, \u00e9tymologie","breadcrumb":{"@id":"https:\/\/www.meslibellules.fr\/blog\/2025\/01\/17\/hylaeothemis-clementia\/#breadcrumb"},"inLanguage":"fr-FR","potentialAction":[{"@type":"ReadAction","target":["https:\/\/www.meslibellules.fr\/blog\/2025\/01\/17\/hylaeothemis-clementia\/"]}]},{"@type":"ImageObject","inLanguage":"fr-FR","@id":"https:\/\/www.meslibellules.fr\/blog\/2025\/01\/17\/hylaeothemis-clementia\/#primaryimage","url":"https:\/\/www.meslibellules.fr\/blog\/wp-content\/uploads\/Hylaeothemis-clementia-male-1.webp","contentUrl":"https:\/\/www.meslibellules.fr\/blog\/wp-content\/uploads\/Hylaeothemis-clementia-male-1.webp"},{"@type":"BreadcrumbList","@id":"https:\/\/www.meslibellules.fr\/blog\/2025\/01\/17\/hylaeothemis-clementia\/#breadcrumb","itemListElement":[{"@type":"ListItem","position":1,"name":"Accueil","item":"https:\/\/www.meslibellules.fr\/blog\/"},{"@type":"ListItem","position":2,"name":"Tha\u00eflande &#8211; Hyaleothemis clementia (Ris, 1909)"}]},{"@type":"WebSite","@id":"https:\/\/www.meslibellules.fr\/blog\/#website","url":"https:\/\/www.meslibellules.fr\/blog\/","name":"Mes Libellules","description":"Pr\u00e9sentation des libellules rencontr\u00e9es dans le monde","publisher":{"@id":"https:\/\/www.meslibellules.fr\/blog\/#\/schema\/person\/9aa3586f9dd053fcf329f43b8b053c77"},"potentialAction":[{"@type":"SearchAction","target":{"@type":"EntryPoint","urlTemplate":"https:\/\/www.meslibellules.fr\/blog\/?s={search_term_string}"},"query-input":{"@type":"PropertyValueSpecification","valueRequired":true,"valueName":"search_term_string"}}],"inLanguage":"fr-FR"},{"@type":["Person","Organization"],"@id":"https:\/\/www.meslibellules.fr\/blog\/#\/schema\/person\/9aa3586f9dd053fcf329f43b8b053c77","name":"Beno\u00eet Guillon","image":{"@type":"ImageObject","inLanguage":"fr-FR","@id":"https:\/\/www.meslibellules.fr\/blog\/wp-content\/uploads\/cropped-avatar-150-pix.jpg","url":"https:\/\/www.meslibellules.fr\/blog\/wp-content\/uploads\/cropped-avatar-150-pix.jpg","contentUrl":"https:\/\/www.meslibellules.fr\/blog\/wp-content\/uploads\/cropped-avatar-150-pix.jpg","width":150,"height":137,"caption":"Beno\u00eet Guillon"},"logo":{"@id":"https:\/\/www.meslibellules.fr\/blog\/wp-content\/uploads\/cropped-avatar-150-pix.jpg"},"sameAs":["https:\/\/www.facebook.com\/benoit.guillon.96\/"]}]}},"_links":{"self":[{"href":"https:\/\/www.meslibellules.fr\/blog\/wp-json\/wp\/v2\/posts\/23440","targetHints":{"allow":["GET"]}}],"collection":[{"href":"https:\/\/www.meslibellules.fr\/blog\/wp-json\/wp\/v2\/posts"}],"about":[{"href":"https:\/\/www.meslibellules.fr\/blog\/wp-json\/wp\/v2\/types\/post"}],"author":[{"embeddable":true,"href":"https:\/\/www.meslibellules.fr\/blog\/wp-json\/wp\/v2\/users\/1"}],"replies":[{"embeddable":true,"href":"https:\/\/www.meslibellules.fr\/blog\/wp-json\/wp\/v2\/comments?post=23440"}],"version-history":[{"count":0,"href":"https:\/\/www.meslibellules.fr\/blog\/wp-json\/wp\/v2\/posts\/23440\/revisions"}],"wp:attachment":[{"href":"https:\/\/www.meslibellules.fr\/blog\/wp-json\/wp\/v2\/media?parent=23440"}],"wp:term":[{"taxonomy":"category","embeddable":true,"href":"https:\/\/www.meslibellules.fr\/blog\/wp-json\/wp\/v2\/categories?post=23440"},{"taxonomy":"post_tag","embeddable":true,"href":"https:\/\/www.meslibellules.fr\/blog\/wp-json\/wp\/v2\/tags?post=23440"}],"curies":[{"name":"wp","href":"https:\/\/api.w.org\/{rel}","templated":true}]}}