{"id":23594,"date":"2025-01-26T13:45:04","date_gmt":"2025-01-26T12:45:04","guid":{"rendered":"https:\/\/www.meslibellules.fr\/blog\/?p=23594"},"modified":"2025-01-29T10:09:06","modified_gmt":"2025-01-29T09:09:06","slug":"amphiallagma-parvum","status":"publish","type":"post","link":"https:\/\/www.meslibellules.fr\/blog\/2025\/01\/26\/amphiallagma-parvum\/","title":{"rendered":"Tha\u00eflande &#8211; Amphiallagma parvum (Selys, 1876)"},"content":{"rendered":"\n<figure class=\"wp-block-image aligncenter size-full is-resized\"><a href=\"https:\/\/www.meslibellules.fr\/blog\/wp-content\/uploads\/Amphiallagma-parvum-femelle-1-scaled.webp\"><img decoding=\"async\" width=\"2560\" height=\"1370\" data-src=\"https:\/\/www.meslibellules.fr\/blog\/wp-content\/uploads\/Amphiallagma-parvum-femelle-1-scaled.webp\" alt=\"Amphiallagma parvum femelle, Tha\u00eflande, mare Ban Luang, Chom Thong, 05\/06\/2024\" class=\"wp-image-23590 lazyload\" style=\"--smush-placeholder-width: 2560px; --smush-placeholder-aspect-ratio: 2560\/1370;width:676px;height:auto\" data-srcset=\"https:\/\/www.meslibellules.fr\/blog\/wp-content\/uploads\/Amphiallagma-parvum-femelle-1-scaled.webp 2560w, https:\/\/www.meslibellules.fr\/blog\/wp-content\/uploads\/Amphiallagma-parvum-femelle-1-768x411.webp 768w, https:\/\/www.meslibellules.fr\/blog\/wp-content\/uploads\/Amphiallagma-parvum-femelle-1-1536x822.webp 1536w, https:\/\/www.meslibellules.fr\/blog\/wp-content\/uploads\/Amphiallagma-parvum-femelle-1-2048x1096.webp 2048w\" data-sizes=\"(max-width: 2560px) 100vw, 2560px\" src=\"data:image\/svg+xml;base64,PHN2ZyB3aWR0aD0iMSIgaGVpZ2h0PSIxIiB4bWxucz0iaHR0cDovL3d3dy53My5vcmcvMjAwMC9zdmciPjwvc3ZnPg==\" \/><\/a><figcaption class=\"wp-element-caption\">Amphiallagma parvum femelle, Tha\u00eflande, mare Ban Luang, Chom Thong, 05\/06\/2024<\/figcaption><\/figure>\n\n\n\n<p>C&rsquo;est avec surprise que j&rsquo;ai d\u00e9couvert, \u00e0 mon retour, qu&rsquo;au moins deux de mes compagnons avaient observ\u00e9 Amphiallagma parvum sur le m\u00eame site, mais des sujets vivants. Il est vrai, qu&rsquo;heureusement, nous ne nous d\u00e9pla\u00e7ons pas en groupe, mais le plus souvent, quand l&rsquo;un d&rsquo;entre nous trouve une nouveaut\u00e9, il appelle les autres. \u00c0 la m\u00eame heure exactement, j&rsquo;\u00e9tais en train d&rsquo;observer le \u00ab\u00a0<em>banal<\/em>\u00a0\u00bb Orthetrum luzonicum, mais c&rsquo;\u00e9tait la premi\u00e8re fois que j&rsquo;avais l&rsquo;occasion de photographier un accouplement et je comprends pourquoi je n&rsquo;ai pas r\u00e9agi \u00e0 un \u00e9ventuel appel.<br><br>Je l&rsquo;avais d\u00e9j\u00e0 rencontr\u00e9 <a href=\"https:\/\/www.meslibellules.fr\/voyages\/rajasthan\/amphiallagma-parvum\/amphiallagma-parvum.php\">au Rajasthan<\/a> (Inde), tr\u00e8s bri\u00e8vement, dans de mauvaises conditions, mais le sujet \u00e9tait vivant.<br>Pourquoi ai-je r\u00e9ussi \u00e0 faire d&rsquo;aussi mauvaises photos d&rsquo;un sujet immobile est une autre \u00e9nigme (beaucoup de photos sur lesquelles le flash ne s&rsquo;est pas d\u00e9clench\u00e9 (batterie morte), avec une exposition biais\u00e9e \u00e0 -3 ! ).<\/p>\n\n\n\n<figure class=\"wp-block-image aligncenter size-full is-resized\"><a href=\"https:\/\/www.meslibellules.fr\/blog\/wp-content\/uploads\/Amphiallagma-parvum-femelle-4.webp\"><img decoding=\"async\" width=\"2549\" height=\"1204\" data-src=\"https:\/\/www.meslibellules.fr\/blog\/wp-content\/uploads\/Amphiallagma-parvum-femelle-4.webp\" alt=\"Amphiallagma parvum femelle, Tha\u00eflande, mare Ban Luang, Chom Thong, 05\/06\/2024\" class=\"wp-image-23593 lazyload\" style=\"--smush-placeholder-width: 2549px; --smush-placeholder-aspect-ratio: 2549\/1204;width:801px;height:auto\" data-srcset=\"https:\/\/www.meslibellules.fr\/blog\/wp-content\/uploads\/Amphiallagma-parvum-femelle-4.webp 2549w, https:\/\/www.meslibellules.fr\/blog\/wp-content\/uploads\/Amphiallagma-parvum-femelle-4-768x363.webp 768w, https:\/\/www.meslibellules.fr\/blog\/wp-content\/uploads\/Amphiallagma-parvum-femelle-4-1536x726.webp 1536w, https:\/\/www.meslibellules.fr\/blog\/wp-content\/uploads\/Amphiallagma-parvum-femelle-4-2048x967.webp 2048w\" data-sizes=\"(max-width: 2549px) 100vw, 2549px\" src=\"data:image\/svg+xml;base64,PHN2ZyB3aWR0aD0iMSIgaGVpZ2h0PSIxIiB4bWxucz0iaHR0cDovL3d3dy53My5vcmcvMjAwMC9zdmciPjwvc3ZnPg==\" \/><\/a><figcaption class=\"wp-element-caption\">Amphiallagma parvum femelle, Tha\u00eflande, mare Ban Luang, Chom Thong, 05\/06\/2024<\/figcaption><\/figure>\n\n\n\n<p>Heureusement, m\u00eame avec ces photos, il n&rsquo;est pas possible de le (la) confondre avec un autre Coenagrionidae en Tha\u00eflande.<br>On retrouve bien s\u00fbr les caract\u00e9ristiques communes des \u00ab\u00a0<em>&#8230;allagma<\/em>\u00a0\u00bb ; l&rsquo;absence de noire sur la <a href=\"https:\/\/www.meslibellules.fr\/thematique\/anat\/schemanat\/robert7\/planche7-big.jpg\">suture interpleurale<\/a> et, pour les femelles, une \u00e9pine vulvaire sp\u00e9cifique, \u00e0 limite du S8 et S9.<br>Et m\u00e2les comme femelles ont un abdomen de 17 mm, soit une longueur totale d&rsquo;environ 21 mm, ce qui en fait un tr\u00e8s petit Coenagrionidae.<br>Selys (je n&rsquo;ai pas r\u00e9ussi \u00e0 trouver la description originale&#8230;) l&rsquo;a d\u00e9crit en 1876 ou 1877 selon les auteurs, comme Enallagma parvum, et c&rsquo;est Kennedy, 1920 (1) qui a cr\u00e9\u00e9 le genre pour cette esp\u00e8ce. Il est d&rsquo;ailleurs rest\u00e9 seul dans son genre. Mais il a fallu attendre M. May (2) en 2002, pour que ce changement de genre soit largement accept\u00e9, sur la base de diff\u00e9rence dans la structure p\u00e9nienne.<br><\/p>\n\n\n\n<div class=\"wp-block-media-text is-stacked-on-mobile\"><figure class=\"wp-block-media-text__media\"><a href=\"https:\/\/www.meslibellules.fr\/blog\/wp-content\/uploads\/Amphiallagma-parvum-femelle-2.webp\"><img decoding=\"async\" width=\"1318\" height=\"1204\" data-src=\"https:\/\/www.meslibellules.fr\/blog\/wp-content\/uploads\/Amphiallagma-parvum-femelle-2.webp\" alt=\"Amphiallagma parvum femelle, Tha\u00eflande, mare Ban Luang, Chom Thong, 05\/06\/2024\" class=\"wp-image-23591 size-full lazyload\" data-srcset=\"https:\/\/www.meslibellules.fr\/blog\/wp-content\/uploads\/Amphiallagma-parvum-femelle-2.webp 1318w, https:\/\/www.meslibellules.fr\/blog\/wp-content\/uploads\/Amphiallagma-parvum-femelle-2-768x702.webp 768w\" data-sizes=\"(max-width: 1318px) 100vw, 1318px\" src=\"data:image\/svg+xml;base64,PHN2ZyB3aWR0aD0iMSIgaGVpZ2h0PSIxIiB4bWxucz0iaHR0cDovL3d3dy53My5vcmcvMjAwMC9zdmciPjwvc3ZnPg==\" style=\"--smush-placeholder-width: 1318px; --smush-placeholder-aspect-ratio: 1318\/1204;\" \/><\/a><\/figure><div class=\"wp-block-media-text__content\">\n<p>Une caract\u00e9ristique de ces Amphiallagma parvum est une bande interoculaire, \u00e9largie en goutte ou en poire \u00e0 chaque extr\u00e9mit\u00e9 ; elle n&rsquo;est qu&rsquo;\u00e0 peine visible ici, en bleu un peu plus clair.<br>Si nous l&rsquo;avons trouv\u00e9 dans les herbes d&rsquo;<a href=\"https:\/\/www.meslibellules.fr\/blog\/wp-content\/uploads\/Mare-Chom-Thong-1.webp\">une mare<\/a>, \u00e0 environ 1500 m d&rsquo;altitude, il appr\u00e9cie \u00e9galement les rives enherb\u00e9es des lacs et les prairies humides.<br>Il se d\u00e9place d&rsquo;un vol saccad\u00e9, se posant dans les herbes et parfois sur le sol (3).<br>Sa distribution s&rsquo;\u00e9tend du Sri Lanka et de l&rsquo;Inde au N\u00e9pal, Myanmar et Tha\u00eflande et vraisemblablement au Bangladesh.<br><a href=\"https:\/\/www.iucnredlist.org\/species\/167258\/6318791#geographic-range\">IUCN Red List<\/a>.<br><\/p>\n<\/div><\/div>\n\n\n\n<div style=\"height:31px\" aria-hidden=\"true\" class=\"wp-block-spacer\"><\/div>\n\n\n\n<p><span style=\"text-decoration: underline;\"><strong>\u00c9tymologie<\/strong><\/span><br \/><strong>Amphiallagma<\/strong> ; Kennedy a cr\u00e9\u00e9 le genre en le s\u00e9parant des Enallagma, et on retrouve, en rappel, <em>allagma<\/em> \u00e0 la fin de ce nouveau genre. Il explique (1) : \u00ab\u00a0Characters as in Amphiagrion&#8230;\u00a0\u00bb (\u00ab\u00a0Caract\u00e9ristiques comme Amphiagrion&#8230;\u00a0\u00bb), et il reprend la premi\u00e8re partie du nom de cet autre genre pour en indiquer la proximit\u00e9.<br \/>Le genre Amphiagrion (4) avait \u00e9t\u00e9 cr\u00e9\u00e9 par Selys pour l&rsquo;esp\u00e8ce Amphiagrion amphion (depuis synonymis\u00e9e avec Ischnura verticalis), en utilisant pour Amphion une r\u00e9f\u00e9rence mythologique (un h\u00e9ros de Th\u00e8bes) et comme pour plusieurs autres odonates, il reprend une partie du nom d&rsquo;esp\u00e8ce pour fabriquer le nouveau nom de genre, en y ajoutant le tr\u00e8s utile \u00ab\u00a0agrion\u00a0\u00bb (du grec <em>agrios<\/em>\u00a0\u2013\u00a0<em>vivant dans les champs, sauvage<\/em>) ! <br \/>Enallagma (Charpentier, 1840), \u00e9tant form\u00e9 du grec <em>enallax<\/em> \u2013\u00a0<em>altern\u00e9, se succ\u00e9dant<\/em>\u00a0et\u00a0<em>agma<\/em>\u00a0\u2013 <em>fragment<\/em> qui pourrait \u00e9voquer l\u2019alternance de marques bleues et noires du thorax, il aurait \u00e9t\u00e9 plus logique, pour moi qui ne suis pas linguiste, que Kennedy nomme son nouveau genre <em>Amphiagma<\/em>.<br \/><strong>Parvum<\/strong>, du latin <em>parvus<\/em> qui signifie <em>petit<\/em>, rappelle la tr\u00e8s petite taille de cet insecte. Ses noms anglais insistent \u00e9galement sur sa petite taille, comme Azur dartlet en Inde ou Little blue en Inde et en Tha\u00eflande.<\/p>\n\n\n\n<div style=\"height:30px\" aria-hidden=\"true\" class=\"wp-block-spacer\"><\/div>\n\n\n\n<div class=\"wp-block-media-text is-stacked-on-mobile\"><figure class=\"wp-block-media-text__media\"><a href=\"https:\/\/www.meslibellules.fr\/blog\/wp-content\/uploads\/Amphiallagma-parvum-femelle-3.webp\"><img decoding=\"async\" width=\"1275\" height=\"1204\" data-src=\"https:\/\/www.meslibellules.fr\/blog\/wp-content\/uploads\/Amphiallagma-parvum-femelle-3.webp\" alt=\"Amphiallagma parvum femelle, Tha\u00eflande, mare Ban Luang, Chom Thong, 05\/06\/2024\" class=\"wp-image-23592 size-full lazyload\" data-srcset=\"https:\/\/www.meslibellules.fr\/blog\/wp-content\/uploads\/Amphiallagma-parvum-femelle-3.webp 1275w, https:\/\/www.meslibellules.fr\/blog\/wp-content\/uploads\/Amphiallagma-parvum-femelle-3-768x725.webp 768w\" data-sizes=\"(max-width: 1275px) 100vw, 1275px\" src=\"data:image\/svg+xml;base64,PHN2ZyB3aWR0aD0iMSIgaGVpZ2h0PSIxIiB4bWxucz0iaHR0cDovL3d3dy53My5vcmcvMjAwMC9zdmciPjwvc3ZnPg==\" style=\"--smush-placeholder-width: 1275px; --smush-placeholder-aspect-ratio: 1275\/1204;\" \/><\/a><\/figure><div class=\"wp-block-media-text__content\">\n<p>1- Kennedy, 1920 &#8211; Forty-two hitherto unrecognized genera and subgenera of Zygoptera ; Ohio Journal of Science 21, pages 83&#8211;88.<br>2- May M., 2002 &#8211; Phylogeny and taxonomy of the damselfly genus Enallagma and related taxa (Odonata: Zygoptera: Coenagrionidae) &#8211; October 2002 -Systematic Entomology 27(4):387 &#8211; 408<br>3-<a href=\"https:\/\/venus.strandls.com\/species\/show\/275500\"> India Biodiversity Portal<\/a><br>4- Heinrich Fliedner, Ian Endersby, <a href=\"https:\/\/www.researchgate.net\/publication\/334046392_The_Scientific_Names_of_North_American_Dragonflies\">The Scientific Names of North American Dragonflies<\/a>, Busybird Publishing 2019<br><\/p>\n<\/div><\/div>\n\n\n\n<div style=\"height:35px\" aria-hidden=\"true\" class=\"wp-block-spacer\"><\/div>\n\n\n\n<div class=\"wp-block-buttons is-vertical is-layout-flex wp-container-core-buttons-is-layout-16cda065 wp-block-buttons-is-layout-flex\">\n<div class=\"wp-block-button\"><a class=\"wp-block-button__link wp-element-button\" href=\"https:\/\/www.meslibellules.fr\/blog\/libellules-de-thailande\/\">Accueil Tha\u00eflande<\/a><\/div>\n\n\n\n<div class=\"wp-block-button\"><a class=\"wp-block-button__link wp-element-button\" href=\"http:\/\/www.meslibellules.fr\/pagesweb\/divers\/liste-generale-odonates-du-site\/asia-odonates.php\">Liste Asie<\/a><\/div>\n\n\n\n<div class=\"wp-block-button\"><a class=\"wp-block-button__link wp-element-button\" href=\"https:\/\/www.meslibellules.fr\/blog\/\">Accueil<\/a><\/div>\n<\/div>\n","protected":false},"excerpt":{"rendered":"<p>C&rsquo;est avec surprise que j&rsquo;ai d\u00e9couvert, \u00e0 mon retour, qu&rsquo;au moins deux de mes compagnons avaient observ\u00e9 Amphiallagma parvum sur le m\u00eame site, mais des sujets vivants. Il est vrai, qu&rsquo;heureusement, nous ne nous d\u00e9pla\u00e7ons pas en groupe, mais le plus souvent, quand l&rsquo;un d&rsquo;entre nous trouve une nouveaut\u00e9, il appelle les autres. \u00c0 la [&hellip;]<\/p>\n","protected":false},"author":1,"featured_media":0,"comment_status":"open","ping_status":"open","sticky":false,"template":"","format":"image","meta":{"site-sidebar-layout":"default","site-content-layout":"","ast-site-content-layout":"default","site-content-style":"default","site-sidebar-style":"default","ast-global-header-display":"","ast-banner-title-visibility":"","ast-main-header-display":"","ast-hfb-above-header-display":"","ast-hfb-below-header-display":"","ast-hfb-mobile-header-display":"","site-post-title":"","ast-breadcrumbs-content":"","ast-featured-img":"","footer-sml-layout":"","ast-disable-related-posts":"","theme-transparent-header-meta":"","adv-header-id-meta":"","stick-header-meta":"","header-above-stick-meta":"","header-main-stick-meta":"","header-below-stick-meta":"","astra-migrate-meta-layouts":"set","ast-page-background-enabled":"default","ast-page-background-meta":{"desktop":{"background-color":"var(--ast-global-color-4)","background-image":"","background-repeat":"repeat","background-position":"center center","background-size":"auto","background-attachment":"scroll","background-type":"","background-media":"","overlay-type":"","overlay-color":"","overlay-opacity":"","overlay-gradient":""},"tablet":{"background-color":"","background-image":"","background-repeat":"repeat","background-position":"center center","background-size":"auto","background-attachment":"scroll","background-type":"","background-media":"","overlay-type":"","overlay-color":"","overlay-opacity":"","overlay-gradient":""},"mobile":{"background-color":"","background-image":"","background-repeat":"repeat","background-position":"center center","background-size":"auto","background-attachment":"scroll","background-type":"","background-media":"","overlay-type":"","overlay-color":"","overlay-opacity":"","overlay-gradient":""}},"ast-content-background-meta":{"desktop":{"background-color":"var(--ast-global-color-5)","background-image":"","background-repeat":"repeat","background-position":"center center","background-size":"auto","background-attachment":"scroll","background-type":"","background-media":"","overlay-type":"","overlay-color":"","overlay-opacity":"","overlay-gradient":""},"tablet":{"background-color":"var(--ast-global-color-5)","background-image":"","background-repeat":"repeat","background-position":"center center","background-size":"auto","background-attachment":"scroll","background-type":"","background-media":"","overlay-type":"","overlay-color":"","overlay-opacity":"","overlay-gradient":""},"mobile":{"background-color":"var(--ast-global-color-5)","background-image":"","background-repeat":"repeat","background-position":"center center","background-size":"auto","background-attachment":"scroll","background-type":"","background-media":"","overlay-type":"","overlay-color":"","overlay-opacity":"","overlay-gradient":""}},"footnotes":""},"categories":[1380,1379],"tags":[1382,1381],"class_list":["post-23594","post","type-post","status-publish","format-image","hentry","category-coenagrionidae-thailande-2","category-thailande","tag-coenagrionidae-thailande","tag-thailande","post_format-post-format-image"],"yoast_head":"<!-- This site is optimized with the Yoast SEO plugin v27.5 - https:\/\/yoast.com\/product\/yoast-seo-wordpress\/ -->\n<title>Amphiallagma parvum - Mes Libellules<\/title>\n<meta name=\"description\" content=\"Amphiallagma parvum femelle en Tha\u00eflande, description, identification, taille, habitat, distribution g\u00e9ographique, \u00e9tymologie\" \/>\n<meta name=\"robots\" content=\"index, follow, max-snippet:-1, max-image-preview:large, max-video-preview:-1\" \/>\n<link rel=\"canonical\" href=\"https:\/\/www.meslibellules.fr\/blog\/2025\/01\/26\/amphiallagma-parvum\/\" \/>\n<meta property=\"og:locale\" content=\"fr_FR\" \/>\n<meta property=\"og:type\" content=\"article\" \/>\n<meta property=\"og:title\" content=\"Amphiallagma parvum - Mes Libellules\" \/>\n<meta property=\"og:description\" content=\"Amphiallagma parvum femelle en Tha\u00eflande, description, identification, taille, habitat, distribution g\u00e9ographique, \u00e9tymologie\" \/>\n<meta property=\"og:url\" content=\"https:\/\/www.meslibellules.fr\/blog\/2025\/01\/26\/amphiallagma-parvum\/\" \/>\n<meta property=\"og:site_name\" content=\"Mes Libellules\" \/>\n<meta property=\"article:publisher\" content=\"https:\/\/www.facebook.com\/benoit.guillon.96\/\" \/>\n<meta property=\"article:author\" content=\"https:\/\/www.facebook.com\/benoit.guillon.96\/\" \/>\n<meta property=\"article:published_time\" content=\"2025-01-26T12:45:04+00:00\" \/>\n<meta property=\"article:modified_time\" content=\"2025-01-29T09:09:06+00:00\" \/>\n<meta property=\"og:image\" content=\"https:\/\/www.meslibellules.fr\/blog\/wp-content\/uploads\/Amphiallagma-parvum-femelle-1-scaled.webp\" \/>\n\t<meta property=\"og:image:width\" content=\"2560\" \/>\n\t<meta property=\"og:image:height\" content=\"1370\" \/>\n\t<meta property=\"og:image:type\" content=\"image\/webp\" \/>\n<meta name=\"author\" content=\"Beno\u00eet Guillon\" \/>\n<meta name=\"twitter:card\" content=\"summary_large_image\" \/>\n<meta name=\"twitter:label1\" content=\"\u00c9crit par\" \/>\n\t<meta name=\"twitter:data1\" content=\"Beno\u00eet Guillon\" \/>\n\t<meta name=\"twitter:label2\" content=\"Dur\u00e9e de lecture estim\u00e9e\" \/>\n\t<meta name=\"twitter:data2\" content=\"5 minutes\" \/>\n<script type=\"application\/ld+json\" class=\"yoast-schema-graph\">{\"@context\":\"https:\\\/\\\/schema.org\",\"@graph\":[{\"@type\":\"Article\",\"@id\":\"https:\\\/\\\/www.meslibellules.fr\\\/blog\\\/2025\\\/01\\\/26\\\/amphiallagma-parvum\\\/#article\",\"isPartOf\":{\"@id\":\"https:\\\/\\\/www.meslibellules.fr\\\/blog\\\/2025\\\/01\\\/26\\\/amphiallagma-parvum\\\/\"},\"author\":{\"name\":\"Beno\u00eet Guillon\",\"@id\":\"https:\\\/\\\/www.meslibellules.fr\\\/blog\\\/#\\\/schema\\\/person\\\/9aa3586f9dd053fcf329f43b8b053c77\"},\"headline\":\"Tha\u00eflande &#8211; Amphiallagma parvum (Selys, 1876)\",\"datePublished\":\"2025-01-26T12:45:04+00:00\",\"dateModified\":\"2025-01-29T09:09:06+00:00\",\"mainEntityOfPage\":{\"@id\":\"https:\\\/\\\/www.meslibellules.fr\\\/blog\\\/2025\\\/01\\\/26\\\/amphiallagma-parvum\\\/\"},\"wordCount\":719,\"commentCount\":0,\"publisher\":{\"@id\":\"https:\\\/\\\/www.meslibellules.fr\\\/blog\\\/#\\\/schema\\\/person\\\/9aa3586f9dd053fcf329f43b8b053c77\"},\"image\":{\"@id\":\"https:\\\/\\\/www.meslibellules.fr\\\/blog\\\/2025\\\/01\\\/26\\\/amphiallagma-parvum\\\/#primaryimage\"},\"thumbnailUrl\":\"https:\\\/\\\/www.meslibellules.fr\\\/blog\\\/wp-content\\\/uploads\\\/Amphiallagma-parvum-femelle-1-scaled.webp\",\"keywords\":[\"Coenagrionidae - Tha\u00eflande\",\"Tha\u00eflande\"],\"articleSection\":[\"Coenagrionidae\",\"Tha\u00eflande\"],\"inLanguage\":\"fr-FR\",\"potentialAction\":[{\"@type\":\"CommentAction\",\"name\":\"Comment\",\"target\":[\"https:\\\/\\\/www.meslibellules.fr\\\/blog\\\/2025\\\/01\\\/26\\\/amphiallagma-parvum\\\/#respond\"]}]},{\"@type\":\"WebPage\",\"@id\":\"https:\\\/\\\/www.meslibellules.fr\\\/blog\\\/2025\\\/01\\\/26\\\/amphiallagma-parvum\\\/\",\"url\":\"https:\\\/\\\/www.meslibellules.fr\\\/blog\\\/2025\\\/01\\\/26\\\/amphiallagma-parvum\\\/\",\"name\":\"Amphiallagma parvum - Mes Libellules\",\"isPartOf\":{\"@id\":\"https:\\\/\\\/www.meslibellules.fr\\\/blog\\\/#website\"},\"primaryImageOfPage\":{\"@id\":\"https:\\\/\\\/www.meslibellules.fr\\\/blog\\\/2025\\\/01\\\/26\\\/amphiallagma-parvum\\\/#primaryimage\"},\"image\":{\"@id\":\"https:\\\/\\\/www.meslibellules.fr\\\/blog\\\/2025\\\/01\\\/26\\\/amphiallagma-parvum\\\/#primaryimage\"},\"thumbnailUrl\":\"https:\\\/\\\/www.meslibellules.fr\\\/blog\\\/wp-content\\\/uploads\\\/Amphiallagma-parvum-femelle-1-scaled.webp\",\"datePublished\":\"2025-01-26T12:45:04+00:00\",\"dateModified\":\"2025-01-29T09:09:06+00:00\",\"description\":\"Amphiallagma parvum femelle en Tha\u00eflande, description, identification, taille, habitat, distribution g\u00e9ographique, \u00e9tymologie\",\"breadcrumb\":{\"@id\":\"https:\\\/\\\/www.meslibellules.fr\\\/blog\\\/2025\\\/01\\\/26\\\/amphiallagma-parvum\\\/#breadcrumb\"},\"inLanguage\":\"fr-FR\",\"potentialAction\":[{\"@type\":\"ReadAction\",\"target\":[\"https:\\\/\\\/www.meslibellules.fr\\\/blog\\\/2025\\\/01\\\/26\\\/amphiallagma-parvum\\\/\"]}]},{\"@type\":\"ImageObject\",\"inLanguage\":\"fr-FR\",\"@id\":\"https:\\\/\\\/www.meslibellules.fr\\\/blog\\\/2025\\\/01\\\/26\\\/amphiallagma-parvum\\\/#primaryimage\",\"url\":\"https:\\\/\\\/www.meslibellules.fr\\\/blog\\\/wp-content\\\/uploads\\\/Amphiallagma-parvum-femelle-1-scaled.webp\",\"contentUrl\":\"https:\\\/\\\/www.meslibellules.fr\\\/blog\\\/wp-content\\\/uploads\\\/Amphiallagma-parvum-femelle-1-scaled.webp\"},{\"@type\":\"BreadcrumbList\",\"@id\":\"https:\\\/\\\/www.meslibellules.fr\\\/blog\\\/2025\\\/01\\\/26\\\/amphiallagma-parvum\\\/#breadcrumb\",\"itemListElement\":[{\"@type\":\"ListItem\",\"position\":1,\"name\":\"Accueil\",\"item\":\"https:\\\/\\\/www.meslibellules.fr\\\/blog\\\/\"},{\"@type\":\"ListItem\",\"position\":2,\"name\":\"Tha\u00eflande &#8211; Amphiallagma parvum (Selys, 1876)\"}]},{\"@type\":\"WebSite\",\"@id\":\"https:\\\/\\\/www.meslibellules.fr\\\/blog\\\/#website\",\"url\":\"https:\\\/\\\/www.meslibellules.fr\\\/blog\\\/\",\"name\":\"Mes Libellules\",\"description\":\"Pr\u00e9sentation des libellules rencontr\u00e9es dans le monde\",\"publisher\":{\"@id\":\"https:\\\/\\\/www.meslibellules.fr\\\/blog\\\/#\\\/schema\\\/person\\\/9aa3586f9dd053fcf329f43b8b053c77\"},\"potentialAction\":[{\"@type\":\"SearchAction\",\"target\":{\"@type\":\"EntryPoint\",\"urlTemplate\":\"https:\\\/\\\/www.meslibellules.fr\\\/blog\\\/?s={search_term_string}\"},\"query-input\":{\"@type\":\"PropertyValueSpecification\",\"valueRequired\":true,\"valueName\":\"search_term_string\"}}],\"inLanguage\":\"fr-FR\"},{\"@type\":[\"Person\",\"Organization\"],\"@id\":\"https:\\\/\\\/www.meslibellules.fr\\\/blog\\\/#\\\/schema\\\/person\\\/9aa3586f9dd053fcf329f43b8b053c77\",\"name\":\"Beno\u00eet Guillon\",\"image\":{\"@type\":\"ImageObject\",\"inLanguage\":\"fr-FR\",\"@id\":\"https:\\\/\\\/www.meslibellules.fr\\\/blog\\\/wp-content\\\/uploads\\\/cropped-avatar-150-pix.jpg\",\"url\":\"https:\\\/\\\/www.meslibellules.fr\\\/blog\\\/wp-content\\\/uploads\\\/cropped-avatar-150-pix.jpg\",\"contentUrl\":\"https:\\\/\\\/www.meslibellules.fr\\\/blog\\\/wp-content\\\/uploads\\\/cropped-avatar-150-pix.jpg\",\"width\":150,\"height\":137,\"caption\":\"Beno\u00eet Guillon\"},\"logo\":{\"@id\":\"https:\\\/\\\/www.meslibellules.fr\\\/blog\\\/wp-content\\\/uploads\\\/cropped-avatar-150-pix.jpg\"},\"sameAs\":[\"https:\\\/\\\/www.facebook.com\\\/benoit.guillon.96\\\/\"]}]}<\/script>\n<!-- \/ Yoast SEO plugin. -->","yoast_head_json":{"title":"Amphiallagma parvum - Mes Libellules","description":"Amphiallagma parvum femelle en Tha\u00eflande, description, identification, taille, habitat, distribution g\u00e9ographique, \u00e9tymologie","robots":{"index":"index","follow":"follow","max-snippet":"max-snippet:-1","max-image-preview":"max-image-preview:large","max-video-preview":"max-video-preview:-1"},"canonical":"https:\/\/www.meslibellules.fr\/blog\/2025\/01\/26\/amphiallagma-parvum\/","og_locale":"fr_FR","og_type":"article","og_title":"Amphiallagma parvum - Mes Libellules","og_description":"Amphiallagma parvum femelle en Tha\u00eflande, description, identification, taille, habitat, distribution g\u00e9ographique, \u00e9tymologie","og_url":"https:\/\/www.meslibellules.fr\/blog\/2025\/01\/26\/amphiallagma-parvum\/","og_site_name":"Mes Libellules","article_publisher":"https:\/\/www.facebook.com\/benoit.guillon.96\/","article_author":"https:\/\/www.facebook.com\/benoit.guillon.96\/","article_published_time":"2025-01-26T12:45:04+00:00","article_modified_time":"2025-01-29T09:09:06+00:00","og_image":[{"width":2560,"height":1370,"url":"https:\/\/www.meslibellules.fr\/blog\/wp-content\/uploads\/Amphiallagma-parvum-femelle-1-scaled.webp","type":"image\/webp"}],"author":"Beno\u00eet Guillon","twitter_card":"summary_large_image","twitter_misc":{"\u00c9crit par":"Beno\u00eet Guillon","Dur\u00e9e de lecture estim\u00e9e":"5 minutes"},"schema":{"@context":"https:\/\/schema.org","@graph":[{"@type":"Article","@id":"https:\/\/www.meslibellules.fr\/blog\/2025\/01\/26\/amphiallagma-parvum\/#article","isPartOf":{"@id":"https:\/\/www.meslibellules.fr\/blog\/2025\/01\/26\/amphiallagma-parvum\/"},"author":{"name":"Beno\u00eet Guillon","@id":"https:\/\/www.meslibellules.fr\/blog\/#\/schema\/person\/9aa3586f9dd053fcf329f43b8b053c77"},"headline":"Tha\u00eflande &#8211; Amphiallagma parvum (Selys, 1876)","datePublished":"2025-01-26T12:45:04+00:00","dateModified":"2025-01-29T09:09:06+00:00","mainEntityOfPage":{"@id":"https:\/\/www.meslibellules.fr\/blog\/2025\/01\/26\/amphiallagma-parvum\/"},"wordCount":719,"commentCount":0,"publisher":{"@id":"https:\/\/www.meslibellules.fr\/blog\/#\/schema\/person\/9aa3586f9dd053fcf329f43b8b053c77"},"image":{"@id":"https:\/\/www.meslibellules.fr\/blog\/2025\/01\/26\/amphiallagma-parvum\/#primaryimage"},"thumbnailUrl":"https:\/\/www.meslibellules.fr\/blog\/wp-content\/uploads\/Amphiallagma-parvum-femelle-1-scaled.webp","keywords":["Coenagrionidae - Tha\u00eflande","Tha\u00eflande"],"articleSection":["Coenagrionidae","Tha\u00eflande"],"inLanguage":"fr-FR","potentialAction":[{"@type":"CommentAction","name":"Comment","target":["https:\/\/www.meslibellules.fr\/blog\/2025\/01\/26\/amphiallagma-parvum\/#respond"]}]},{"@type":"WebPage","@id":"https:\/\/www.meslibellules.fr\/blog\/2025\/01\/26\/amphiallagma-parvum\/","url":"https:\/\/www.meslibellules.fr\/blog\/2025\/01\/26\/amphiallagma-parvum\/","name":"Amphiallagma parvum - Mes Libellules","isPartOf":{"@id":"https:\/\/www.meslibellules.fr\/blog\/#website"},"primaryImageOfPage":{"@id":"https:\/\/www.meslibellules.fr\/blog\/2025\/01\/26\/amphiallagma-parvum\/#primaryimage"},"image":{"@id":"https:\/\/www.meslibellules.fr\/blog\/2025\/01\/26\/amphiallagma-parvum\/#primaryimage"},"thumbnailUrl":"https:\/\/www.meslibellules.fr\/blog\/wp-content\/uploads\/Amphiallagma-parvum-femelle-1-scaled.webp","datePublished":"2025-01-26T12:45:04+00:00","dateModified":"2025-01-29T09:09:06+00:00","description":"Amphiallagma parvum femelle en Tha\u00eflande, description, identification, taille, habitat, distribution g\u00e9ographique, \u00e9tymologie","breadcrumb":{"@id":"https:\/\/www.meslibellules.fr\/blog\/2025\/01\/26\/amphiallagma-parvum\/#breadcrumb"},"inLanguage":"fr-FR","potentialAction":[{"@type":"ReadAction","target":["https:\/\/www.meslibellules.fr\/blog\/2025\/01\/26\/amphiallagma-parvum\/"]}]},{"@type":"ImageObject","inLanguage":"fr-FR","@id":"https:\/\/www.meslibellules.fr\/blog\/2025\/01\/26\/amphiallagma-parvum\/#primaryimage","url":"https:\/\/www.meslibellules.fr\/blog\/wp-content\/uploads\/Amphiallagma-parvum-femelle-1-scaled.webp","contentUrl":"https:\/\/www.meslibellules.fr\/blog\/wp-content\/uploads\/Amphiallagma-parvum-femelle-1-scaled.webp"},{"@type":"BreadcrumbList","@id":"https:\/\/www.meslibellules.fr\/blog\/2025\/01\/26\/amphiallagma-parvum\/#breadcrumb","itemListElement":[{"@type":"ListItem","position":1,"name":"Accueil","item":"https:\/\/www.meslibellules.fr\/blog\/"},{"@type":"ListItem","position":2,"name":"Tha\u00eflande &#8211; Amphiallagma parvum (Selys, 1876)"}]},{"@type":"WebSite","@id":"https:\/\/www.meslibellules.fr\/blog\/#website","url":"https:\/\/www.meslibellules.fr\/blog\/","name":"Mes Libellules","description":"Pr\u00e9sentation des libellules rencontr\u00e9es dans le monde","publisher":{"@id":"https:\/\/www.meslibellules.fr\/blog\/#\/schema\/person\/9aa3586f9dd053fcf329f43b8b053c77"},"potentialAction":[{"@type":"SearchAction","target":{"@type":"EntryPoint","urlTemplate":"https:\/\/www.meslibellules.fr\/blog\/?s={search_term_string}"},"query-input":{"@type":"PropertyValueSpecification","valueRequired":true,"valueName":"search_term_string"}}],"inLanguage":"fr-FR"},{"@type":["Person","Organization"],"@id":"https:\/\/www.meslibellules.fr\/blog\/#\/schema\/person\/9aa3586f9dd053fcf329f43b8b053c77","name":"Beno\u00eet Guillon","image":{"@type":"ImageObject","inLanguage":"fr-FR","@id":"https:\/\/www.meslibellules.fr\/blog\/wp-content\/uploads\/cropped-avatar-150-pix.jpg","url":"https:\/\/www.meslibellules.fr\/blog\/wp-content\/uploads\/cropped-avatar-150-pix.jpg","contentUrl":"https:\/\/www.meslibellules.fr\/blog\/wp-content\/uploads\/cropped-avatar-150-pix.jpg","width":150,"height":137,"caption":"Beno\u00eet Guillon"},"logo":{"@id":"https:\/\/www.meslibellules.fr\/blog\/wp-content\/uploads\/cropped-avatar-150-pix.jpg"},"sameAs":["https:\/\/www.facebook.com\/benoit.guillon.96\/"]}]}},"_links":{"self":[{"href":"https:\/\/www.meslibellules.fr\/blog\/wp-json\/wp\/v2\/posts\/23594","targetHints":{"allow":["GET"]}}],"collection":[{"href":"https:\/\/www.meslibellules.fr\/blog\/wp-json\/wp\/v2\/posts"}],"about":[{"href":"https:\/\/www.meslibellules.fr\/blog\/wp-json\/wp\/v2\/types\/post"}],"author":[{"embeddable":true,"href":"https:\/\/www.meslibellules.fr\/blog\/wp-json\/wp\/v2\/users\/1"}],"replies":[{"embeddable":true,"href":"https:\/\/www.meslibellules.fr\/blog\/wp-json\/wp\/v2\/comments?post=23594"}],"version-history":[{"count":0,"href":"https:\/\/www.meslibellules.fr\/blog\/wp-json\/wp\/v2\/posts\/23594\/revisions"}],"wp:attachment":[{"href":"https:\/\/www.meslibellules.fr\/blog\/wp-json\/wp\/v2\/media?parent=23594"}],"wp:term":[{"taxonomy":"category","embeddable":true,"href":"https:\/\/www.meslibellules.fr\/blog\/wp-json\/wp\/v2\/categories?post=23594"},{"taxonomy":"post_tag","embeddable":true,"href":"https:\/\/www.meslibellules.fr\/blog\/wp-json\/wp\/v2\/tags?post=23594"}],"curies":[{"name":"wp","href":"https:\/\/api.w.org\/{rel}","templated":true}]}}