{"id":23620,"date":"2025-01-29T09:58:38","date_gmt":"2025-01-29T08:58:38","guid":{"rendered":"https:\/\/www.meslibellules.fr\/blog\/?p=23620"},"modified":"2025-01-31T09:29:23","modified_gmt":"2025-01-31T08:29:23","slug":"periaeschna-nocturnalis","status":"publish","type":"post","link":"https:\/\/www.meslibellules.fr\/blog\/2025\/01\/29\/periaeschna-nocturnalis\/","title":{"rendered":"Tha\u00eflande &#8211; Periaeschna nocturnalis (Fraser, 1927)"},"content":{"rendered":"\n<p>Cette unique photo, la seule que j&rsquo;ose montrer, est notre unique rencontre avec Periaeschna nocturnalis. Cette femelle en ponte s&rsquo;est pos\u00e9e et a rapidement d\u00e9coll\u00e9 \u00e0 plusieurs reprises alors que nous remontions une rivi\u00e8re, dans un tunnel de v\u00e9g\u00e9tation.<br>Nous avons longtemps attendu qu&rsquo;elle revienne, pour moi, en photographiant de tr\u00e8s pr\u00e8s un Aristocypha fenestrella, en vain&#8230;<\/p>\n\n\n\n<figure class=\"wp-block-image aligncenter size-full is-resized\"><a href=\"https:\/\/www.meslibellules.fr\/blog\/wp-content\/uploads\/Periaeschna-nocturnalis-femelle-1-1.webp\"><img decoding=\"async\" width=\"1441\" height=\"1204\" data-src=\"https:\/\/www.meslibellules.fr\/blog\/wp-content\/uploads\/Periaeschna-nocturnalis-femelle-1-1.webp\" alt=\"Periaeschna nocturnalis femelle, Tha\u00eflande, Ban Luang, Chom Thong, 06\/06\/2024\" class=\"wp-image-23661 lazyload\" style=\"--smush-placeholder-width: 1441px; --smush-placeholder-aspect-ratio: 1441\/1204;width:576px;height:auto\" data-srcset=\"https:\/\/www.meslibellules.fr\/blog\/wp-content\/uploads\/Periaeschna-nocturnalis-femelle-1-1.webp 1441w, https:\/\/www.meslibellules.fr\/blog\/wp-content\/uploads\/Periaeschna-nocturnalis-femelle-1-1-768x642.webp 768w\" data-sizes=\"(max-width: 1441px) 100vw, 1441px\" src=\"data:image\/svg+xml;base64,PHN2ZyB3aWR0aD0iMSIgaGVpZ2h0PSIxIiB4bWxucz0iaHR0cDovL3d3dy53My5vcmcvMjAwMC9zdmciPjwvc3ZnPg==\" \/><\/a><figcaption class=\"wp-element-caption\">Periaeschna nocturnalis femelle, Tha\u00eflande, Ban Luang, Chom Thong, 06\/06\/2024<\/figcaption><\/figure>\n\n\n\n<p>L&rsquo;esp\u00e8ce a \u00e9t\u00e9 d\u00e9crite par Fraser (1) qui pr\u00e9cise que l&rsquo;abdomen de son sujet mesurait 48 mm. On trouve des valeurs tr\u00e8s voisines dans Asahina (2) avec 50 mm. Mes photos ne permettent pas de d\u00e9duire pr\u00e9cis\u00e9ment la longueur totale de cet Aeshnidae, mais sur le site<em> Odonates of China<\/em>, bas\u00e9e sur les 2 volumes de <em>Dragonflies and Damselflies of China<\/em>  (3) on lit qu&rsquo;il mesure entre 63 et 68 mm.<br>L&rsquo;esp\u00e8ce est rare, rarement photographi\u00e9e en tout cas, moins de 20 observations sur iNaturalist \u00e0 ce jour. <br><br>Son identification repose sur ses motifs thoraciques et abdominaux, notamment la ligne jaune sur la face dorsale de l&rsquo;abdomen (peu visible sur cette photo&#8230;).<br><br>Cette femelle pondait sur un tronc en d\u00e9composition (entre les 2 t\u00eates ci-dessous !), au-dessus de la Mae Klang Rive, \u00e0 environ 1300 m\u00e8tres d&rsquo;altitude. Il semble qu&rsquo;elle ponde \u00e9galement dans la terre des rives. Pour Fraser, c&rsquo;est une esp\u00e8ce cr\u00e9pusculaire et comme pour de nombreux Aeshnidae, ils sont surtout actifs l&rsquo;apr\u00e8s-midi ; nous l&rsquo;avons rencontr\u00e9 \u00e0 15 heures.<\/p>\n\n\n\n<figure class=\"wp-block-image aligncenter size-full is-resized\"><a href=\"https:\/\/www.meslibellules.fr\/blog\/wp-content\/uploads\/06-06-24-Power-station-Siriphum.webp\"><img decoding=\"async\" width=\"2473\" height=\"1204\" data-src=\"https:\/\/www.meslibellules.fr\/blog\/wp-content\/uploads\/06-06-24-Power-station-Siriphum.webp\" alt=\"Biotope P. nocturnalis, Tha\u00eflande, Sirphum Power Station, 06\/06\/2024\" class=\"wp-image-23647 lazyload\" style=\"--smush-placeholder-width: 2473px; --smush-placeholder-aspect-ratio: 2473\/1204;width:741px;height:auto\" data-srcset=\"https:\/\/www.meslibellules.fr\/blog\/wp-content\/uploads\/06-06-24-Power-station-Siriphum.webp 2473w, https:\/\/www.meslibellules.fr\/blog\/wp-content\/uploads\/06-06-24-Power-station-Siriphum-768x374.webp 768w, https:\/\/www.meslibellules.fr\/blog\/wp-content\/uploads\/06-06-24-Power-station-Siriphum-1536x748.webp 1536w, https:\/\/www.meslibellules.fr\/blog\/wp-content\/uploads\/06-06-24-Power-station-Siriphum-2048x997.webp 2048w\" data-sizes=\"(max-width: 2473px) 100vw, 2473px\" src=\"data:image\/svg+xml;base64,PHN2ZyB3aWR0aD0iMSIgaGVpZ2h0PSIxIiB4bWxucz0iaHR0cDovL3d3dy53My5vcmcvMjAwMC9zdmciPjwvc3ZnPg==\" \/><\/a><figcaption class=\"wp-element-caption\">Biotope Periaeschna nocturnalis, Tha\u00eflande, Sirphum Power Station, 06\/06\/2024<br>De dos, Chris \u00e0 G, Phil \u00e0 D.<\/figcaption><\/figure>\n\n\n\n<p>L&rsquo;esp\u00e8ce est certainement pr\u00e9sente au nord-est de l&rsquo;Inde, au Myanmar (sans doute au Bhoutan et au N\u00e9pal), en Tha\u00eflande, au Laos, <a href=\"https:\/\/odonatavietnam.blogspot.com\/2014\/05\/periaeschna-magdalena-so-far-so-good.html\">au Vietnam<\/a> et dans le sud de la Chine.<br><a href=\"https:\/\/www.iucnredlist.org\/species\/167315\/6327806#geographic-range\">IUCN Red List<\/a> (pas tr\u00e8s \u00e0 jour, 2010).<\/p>\n\n\n\n<p><span style=\"text-decoration: underline;\"><strong>\u00c9tymologie<\/strong><\/span><br \/><strong>Periaeschna<\/strong> (Martin, 1909), du grec <em>peri<\/em>, pour <em>autour<\/em>, qui induit, en pr\u00e9fixe, une notion de proximit\u00e9 avec ce qui suit, dans notre cas une parent\u00e9 avec les autres Aeshnidae. Aeschna est un cas particulier dans l\u2019\u00e9tymologie des noms d\u2019odonates. Il est ici \u00e9crit dans sa version\u00a0corrig\u00e9e, et on a en Europe, l\u2019habitude de l\u2019\u00e9crire sans \u00ab\u00a0c\u00a0\u00bb, la version de Fabricius (1775) qui a cr\u00e9\u00e9 le nom de genre Aeshna.<br \/>On suppose, car il ne l\u2019a pas pr\u00e9cis\u00e9, que Fabricius a form\u00e9 ce nom depuis un mot grec signifiant\u00a0<em>d\u00e9figurer<\/em>\u00a0ou\u00a0<em>ternir<\/em>\u00a0(pourquoi, c\u2019est une autre \u00e9nigme ?) ; mais Fabricius est un puriste et on ne peut expliquer cette absence de \u00ab\u00a0c \u00a0\u00bb que par une erreur de transcription ou une erreur typographique.<br \/>L\u2019absence de ce \u00ab\u00a0c\u00a0\u00bb n\u2019est rest\u00e9e la norme que pour le genre Aeshna et tous les \u00ab\u00a0compos\u00e9s\u00a0\u00bb l\u2019ont int\u00e9gr\u00e9.<br \/><strong>Nocturnalis<\/strong>, du latin <em>nocturnalis<\/em> d\u00e9riv\u00e9 de <em>nocturnus<\/em> qui signifie <em>nocturne<\/em> souligne son caract\u00e8re cr\u00e9pusculaire et Fraser (1) \u00e9crit : \u00ab\u00a0<em>Beaten up from jungle during the day and evidently a crepuscular insect<\/em>\u00ab\u00a0.<\/p>\n\n\n\n<div style=\"height:33px\" aria-hidden=\"true\" class=\"wp-block-spacer\"><\/div>\n\n\n\n<p style=\"font-size:13px\">1- Fraser, 1927 &#8211; <a href=\"https:\/\/recordsofzsi.com\/index.php\/zsoi\/article\/view\/163219\/112132\">Descriptions of twenty new Indian dragonflies<\/a> &#8211; Rec. Ind. Mus, 29 : 63-90. P. 71.<br>2- Dr Syoziro Asahina, 1993 \u2013 A List of the Odonata from Thailand (Parts I \u2013 XXI), Bro. Amnuay Pinratana, 1993.<br>3- &nbsp;Zhang, H-M. 2361. Dragonflies and Damselflies of China. Chongqing : Chongqing University Press, China.<\/p>\n\n\n\n<div style=\"height:30px\" aria-hidden=\"true\" class=\"wp-block-spacer\"><\/div>\n\n\n\n<div class=\"wp-block-buttons is-vertical is-layout-flex wp-container-core-buttons-is-layout-16cda065 wp-block-buttons-is-layout-flex\">\n<div class=\"wp-block-button\"><a class=\"wp-block-button__link wp-element-button\" href=\"https:\/\/www.meslibellules.fr\/blog\/libellules-de-thailande\/\">Accueil Tha\u00eflande<\/a><\/div>\n\n\n\n<div class=\"wp-block-button\"><a class=\"wp-block-button__link wp-element-button\" href=\"http:\/\/www.meslibellules.fr\/pagesweb\/divers\/liste-generale-odonates-du-site\/asia-odonates.php\">Liste Asie<\/a><\/div>\n\n\n\n<div class=\"wp-block-button\"><a class=\"wp-block-button__link wp-element-button\" href=\"https:\/\/www.meslibellules.fr\/blog\/\">Accueil<\/a><\/div>\n<\/div>\n","protected":false},"excerpt":{"rendered":"<p>Cette unique photo, la seule que j&rsquo;ose montrer, est notre unique rencontre avec Periaeschna nocturnalis. Cette femelle en ponte s&rsquo;est pos\u00e9e et a rapidement d\u00e9coll\u00e9 \u00e0 plusieurs reprises alors que nous remontions une rivi\u00e8re, dans un tunnel de v\u00e9g\u00e9tation.Nous avons longtemps attendu qu&rsquo;elle revienne, pour moi, en photographiant de tr\u00e8s pr\u00e8s un Aristocypha fenestrella, en [&hellip;]<\/p>\n","protected":false},"author":1,"featured_media":0,"comment_status":"open","ping_status":"open","sticky":false,"template":"","format":"image","meta":{"site-sidebar-layout":"default","site-content-layout":"","ast-site-content-layout":"default","site-content-style":"default","site-sidebar-style":"default","ast-global-header-display":"","ast-banner-title-visibility":"","ast-main-header-display":"","ast-hfb-above-header-display":"","ast-hfb-below-header-display":"","ast-hfb-mobile-header-display":"","site-post-title":"","ast-breadcrumbs-content":"","ast-featured-img":"","footer-sml-layout":"","ast-disable-related-posts":"","theme-transparent-header-meta":"","adv-header-id-meta":"","stick-header-meta":"","header-above-stick-meta":"","header-main-stick-meta":"","header-below-stick-meta":"","astra-migrate-meta-layouts":"set","ast-page-background-enabled":"default","ast-page-background-meta":{"desktop":{"background-color":"var(--ast-global-color-4)","background-image":"","background-repeat":"repeat","background-position":"center center","background-size":"auto","background-attachment":"scroll","background-type":"","background-media":"","overlay-type":"","overlay-color":"","overlay-opacity":"","overlay-gradient":""},"tablet":{"background-color":"","background-image":"","background-repeat":"repeat","background-position":"center center","background-size":"auto","background-attachment":"scroll","background-type":"","background-media":"","overlay-type":"","overlay-color":"","overlay-opacity":"","overlay-gradient":""},"mobile":{"background-color":"","background-image":"","background-repeat":"repeat","background-position":"center center","background-size":"auto","background-attachment":"scroll","background-type":"","background-media":"","overlay-type":"","overlay-color":"","overlay-opacity":"","overlay-gradient":""}},"ast-content-background-meta":{"desktop":{"background-color":"var(--ast-global-color-5)","background-image":"","background-repeat":"repeat","background-position":"center center","background-size":"auto","background-attachment":"scroll","background-type":"","background-media":"","overlay-type":"","overlay-color":"","overlay-opacity":"","overlay-gradient":""},"tablet":{"background-color":"var(--ast-global-color-5)","background-image":"","background-repeat":"repeat","background-position":"center center","background-size":"auto","background-attachment":"scroll","background-type":"","background-media":"","overlay-type":"","overlay-color":"","overlay-opacity":"","overlay-gradient":""},"mobile":{"background-color":"var(--ast-global-color-5)","background-image":"","background-repeat":"repeat","background-position":"center center","background-size":"auto","background-attachment":"scroll","background-type":"","background-media":"","overlay-type":"","overlay-color":"","overlay-opacity":"","overlay-gradient":""}},"footnotes":""},"categories":[38523,1379],"tags":[38539,1381],"class_list":["post-23620","post","type-post","status-publish","format-image","hentry","category-aeshnidae-thailande","category-thailande","tag-aeshnidae-thailande","tag-thailande","post_format-post-format-image"],"yoast_head":"<!-- This site is optimized with the Yoast SEO plugin v27.5 - https:\/\/yoast.com\/product\/yoast-seo-wordpress\/ -->\n<title>Periaeschna nocturnalis - Mes Libellules<\/title>\n<meta name=\"description\" content=\"Periaeschna nocturnalis femelle en Tha\u00eflande, description, identification, taille, habitat, distribution g\u00e9ographique, \u00e9tymologie\" \/>\n<meta name=\"robots\" content=\"index, follow, max-snippet:-1, max-image-preview:large, max-video-preview:-1\" \/>\n<link rel=\"canonical\" href=\"https:\/\/www.meslibellules.fr\/blog\/2025\/01\/29\/periaeschna-nocturnalis\/\" \/>\n<meta property=\"og:locale\" content=\"fr_FR\" \/>\n<meta property=\"og:type\" content=\"article\" \/>\n<meta property=\"og:title\" content=\"Periaeschna nocturnalis - Mes Libellules\" \/>\n<meta property=\"og:description\" content=\"Periaeschna nocturnalis femelle en Tha\u00eflande, description, identification, taille, habitat, distribution g\u00e9ographique, \u00e9tymologie\" \/>\n<meta property=\"og:url\" content=\"https:\/\/www.meslibellules.fr\/blog\/2025\/01\/29\/periaeschna-nocturnalis\/\" \/>\n<meta property=\"og:site_name\" content=\"Mes Libellules\" \/>\n<meta property=\"article:publisher\" content=\"https:\/\/www.facebook.com\/benoit.guillon.96\/\" \/>\n<meta property=\"article:author\" content=\"https:\/\/www.facebook.com\/benoit.guillon.96\/\" \/>\n<meta property=\"article:published_time\" content=\"2025-01-29T08:58:38+00:00\" \/>\n<meta property=\"article:modified_time\" content=\"2025-01-31T08:29:23+00:00\" \/>\n<meta property=\"og:image\" content=\"https:\/\/www.meslibellules.fr\/blog\/wp-content\/uploads\/Periaeschna-nocturnalis-femelle-1-1.webp\" \/>\n\t<meta property=\"og:image:width\" content=\"1441\" \/>\n\t<meta property=\"og:image:height\" content=\"1204\" \/>\n\t<meta property=\"og:image:type\" content=\"image\/webp\" \/>\n<meta name=\"author\" content=\"Beno\u00eet Guillon\" \/>\n<meta name=\"twitter:card\" content=\"summary_large_image\" \/>\n<meta name=\"twitter:label1\" content=\"\u00c9crit par\" \/>\n\t<meta name=\"twitter:data1\" content=\"Beno\u00eet Guillon\" \/>\n\t<meta name=\"twitter:label2\" content=\"Dur\u00e9e de lecture estim\u00e9e\" \/>\n\t<meta name=\"twitter:data2\" content=\"4 minutes\" \/>\n<script type=\"application\/ld+json\" class=\"yoast-schema-graph\">{\"@context\":\"https:\\\/\\\/schema.org\",\"@graph\":[{\"@type\":\"Article\",\"@id\":\"https:\\\/\\\/www.meslibellules.fr\\\/blog\\\/2025\\\/01\\\/29\\\/periaeschna-nocturnalis\\\/#article\",\"isPartOf\":{\"@id\":\"https:\\\/\\\/www.meslibellules.fr\\\/blog\\\/2025\\\/01\\\/29\\\/periaeschna-nocturnalis\\\/\"},\"author\":{\"name\":\"Beno\u00eet Guillon\",\"@id\":\"https:\\\/\\\/www.meslibellules.fr\\\/blog\\\/#\\\/schema\\\/person\\\/9aa3586f9dd053fcf329f43b8b053c77\"},\"headline\":\"Tha\u00eflande &#8211; Periaeschna nocturnalis (Fraser, 1927)\",\"datePublished\":\"2025-01-29T08:58:38+00:00\",\"dateModified\":\"2025-01-31T08:29:23+00:00\",\"mainEntityOfPage\":{\"@id\":\"https:\\\/\\\/www.meslibellules.fr\\\/blog\\\/2025\\\/01\\\/29\\\/periaeschna-nocturnalis\\\/\"},\"wordCount\":551,\"commentCount\":0,\"publisher\":{\"@id\":\"https:\\\/\\\/www.meslibellules.fr\\\/blog\\\/#\\\/schema\\\/person\\\/9aa3586f9dd053fcf329f43b8b053c77\"},\"image\":{\"@id\":\"https:\\\/\\\/www.meslibellules.fr\\\/blog\\\/2025\\\/01\\\/29\\\/periaeschna-nocturnalis\\\/#primaryimage\"},\"thumbnailUrl\":\"https:\\\/\\\/www.meslibellules.fr\\\/blog\\\/wp-content\\\/uploads\\\/Periaeschna-nocturnalis-femelle-1-1.webp\",\"keywords\":[\"Aeshnidae - Tha\u00eflande\",\"Tha\u00eflande\"],\"articleSection\":[\"Aeshnidae\",\"Tha\u00eflande\"],\"inLanguage\":\"fr-FR\",\"potentialAction\":[{\"@type\":\"CommentAction\",\"name\":\"Comment\",\"target\":[\"https:\\\/\\\/www.meslibellules.fr\\\/blog\\\/2025\\\/01\\\/29\\\/periaeschna-nocturnalis\\\/#respond\"]}]},{\"@type\":\"WebPage\",\"@id\":\"https:\\\/\\\/www.meslibellules.fr\\\/blog\\\/2025\\\/01\\\/29\\\/periaeschna-nocturnalis\\\/\",\"url\":\"https:\\\/\\\/www.meslibellules.fr\\\/blog\\\/2025\\\/01\\\/29\\\/periaeschna-nocturnalis\\\/\",\"name\":\"Periaeschna nocturnalis - Mes Libellules\",\"isPartOf\":{\"@id\":\"https:\\\/\\\/www.meslibellules.fr\\\/blog\\\/#website\"},\"primaryImageOfPage\":{\"@id\":\"https:\\\/\\\/www.meslibellules.fr\\\/blog\\\/2025\\\/01\\\/29\\\/periaeschna-nocturnalis\\\/#primaryimage\"},\"image\":{\"@id\":\"https:\\\/\\\/www.meslibellules.fr\\\/blog\\\/2025\\\/01\\\/29\\\/periaeschna-nocturnalis\\\/#primaryimage\"},\"thumbnailUrl\":\"https:\\\/\\\/www.meslibellules.fr\\\/blog\\\/wp-content\\\/uploads\\\/Periaeschna-nocturnalis-femelle-1-1.webp\",\"datePublished\":\"2025-01-29T08:58:38+00:00\",\"dateModified\":\"2025-01-31T08:29:23+00:00\",\"description\":\"Periaeschna nocturnalis femelle en Tha\u00eflande, description, identification, taille, habitat, distribution g\u00e9ographique, \u00e9tymologie\",\"breadcrumb\":{\"@id\":\"https:\\\/\\\/www.meslibellules.fr\\\/blog\\\/2025\\\/01\\\/29\\\/periaeschna-nocturnalis\\\/#breadcrumb\"},\"inLanguage\":\"fr-FR\",\"potentialAction\":[{\"@type\":\"ReadAction\",\"target\":[\"https:\\\/\\\/www.meslibellules.fr\\\/blog\\\/2025\\\/01\\\/29\\\/periaeschna-nocturnalis\\\/\"]}]},{\"@type\":\"ImageObject\",\"inLanguage\":\"fr-FR\",\"@id\":\"https:\\\/\\\/www.meslibellules.fr\\\/blog\\\/2025\\\/01\\\/29\\\/periaeschna-nocturnalis\\\/#primaryimage\",\"url\":\"https:\\\/\\\/www.meslibellules.fr\\\/blog\\\/wp-content\\\/uploads\\\/Periaeschna-nocturnalis-femelle-1-1.webp\",\"contentUrl\":\"https:\\\/\\\/www.meslibellules.fr\\\/blog\\\/wp-content\\\/uploads\\\/Periaeschna-nocturnalis-femelle-1-1.webp\",\"width\":1441,\"height\":1204,\"caption\":\"Periaeschna nocturnalis femelle, Tha\u00eflande, Ban Luang, Chom Thong, 06\\\/06\\\/2024\"},{\"@type\":\"BreadcrumbList\",\"@id\":\"https:\\\/\\\/www.meslibellules.fr\\\/blog\\\/2025\\\/01\\\/29\\\/periaeschna-nocturnalis\\\/#breadcrumb\",\"itemListElement\":[{\"@type\":\"ListItem\",\"position\":1,\"name\":\"Accueil\",\"item\":\"https:\\\/\\\/www.meslibellules.fr\\\/blog\\\/\"},{\"@type\":\"ListItem\",\"position\":2,\"name\":\"Tha\u00eflande &#8211; Periaeschna nocturnalis (Fraser, 1927)\"}]},{\"@type\":\"WebSite\",\"@id\":\"https:\\\/\\\/www.meslibellules.fr\\\/blog\\\/#website\",\"url\":\"https:\\\/\\\/www.meslibellules.fr\\\/blog\\\/\",\"name\":\"Mes Libellules\",\"description\":\"Pr\u00e9sentation des libellules rencontr\u00e9es dans le monde\",\"publisher\":{\"@id\":\"https:\\\/\\\/www.meslibellules.fr\\\/blog\\\/#\\\/schema\\\/person\\\/9aa3586f9dd053fcf329f43b8b053c77\"},\"potentialAction\":[{\"@type\":\"SearchAction\",\"target\":{\"@type\":\"EntryPoint\",\"urlTemplate\":\"https:\\\/\\\/www.meslibellules.fr\\\/blog\\\/?s={search_term_string}\"},\"query-input\":{\"@type\":\"PropertyValueSpecification\",\"valueRequired\":true,\"valueName\":\"search_term_string\"}}],\"inLanguage\":\"fr-FR\"},{\"@type\":[\"Person\",\"Organization\"],\"@id\":\"https:\\\/\\\/www.meslibellules.fr\\\/blog\\\/#\\\/schema\\\/person\\\/9aa3586f9dd053fcf329f43b8b053c77\",\"name\":\"Beno\u00eet Guillon\",\"image\":{\"@type\":\"ImageObject\",\"inLanguage\":\"fr-FR\",\"@id\":\"https:\\\/\\\/www.meslibellules.fr\\\/blog\\\/wp-content\\\/uploads\\\/cropped-avatar-150-pix.jpg\",\"url\":\"https:\\\/\\\/www.meslibellules.fr\\\/blog\\\/wp-content\\\/uploads\\\/cropped-avatar-150-pix.jpg\",\"contentUrl\":\"https:\\\/\\\/www.meslibellules.fr\\\/blog\\\/wp-content\\\/uploads\\\/cropped-avatar-150-pix.jpg\",\"width\":150,\"height\":137,\"caption\":\"Beno\u00eet Guillon\"},\"logo\":{\"@id\":\"https:\\\/\\\/www.meslibellules.fr\\\/blog\\\/wp-content\\\/uploads\\\/cropped-avatar-150-pix.jpg\"},\"sameAs\":[\"https:\\\/\\\/www.facebook.com\\\/benoit.guillon.96\\\/\"]}]}<\/script>\n<!-- \/ Yoast SEO plugin. -->","yoast_head_json":{"title":"Periaeschna nocturnalis - Mes Libellules","description":"Periaeschna nocturnalis femelle en Tha\u00eflande, description, identification, taille, habitat, distribution g\u00e9ographique, \u00e9tymologie","robots":{"index":"index","follow":"follow","max-snippet":"max-snippet:-1","max-image-preview":"max-image-preview:large","max-video-preview":"max-video-preview:-1"},"canonical":"https:\/\/www.meslibellules.fr\/blog\/2025\/01\/29\/periaeschna-nocturnalis\/","og_locale":"fr_FR","og_type":"article","og_title":"Periaeschna nocturnalis - Mes Libellules","og_description":"Periaeschna nocturnalis femelle en Tha\u00eflande, description, identification, taille, habitat, distribution g\u00e9ographique, \u00e9tymologie","og_url":"https:\/\/www.meslibellules.fr\/blog\/2025\/01\/29\/periaeschna-nocturnalis\/","og_site_name":"Mes Libellules","article_publisher":"https:\/\/www.facebook.com\/benoit.guillon.96\/","article_author":"https:\/\/www.facebook.com\/benoit.guillon.96\/","article_published_time":"2025-01-29T08:58:38+00:00","article_modified_time":"2025-01-31T08:29:23+00:00","og_image":[{"width":1441,"height":1204,"url":"https:\/\/www.meslibellules.fr\/blog\/wp-content\/uploads\/Periaeschna-nocturnalis-femelle-1-1.webp","type":"image\/webp"}],"author":"Beno\u00eet Guillon","twitter_card":"summary_large_image","twitter_misc":{"\u00c9crit par":"Beno\u00eet Guillon","Dur\u00e9e de lecture estim\u00e9e":"4 minutes"},"schema":{"@context":"https:\/\/schema.org","@graph":[{"@type":"Article","@id":"https:\/\/www.meslibellules.fr\/blog\/2025\/01\/29\/periaeschna-nocturnalis\/#article","isPartOf":{"@id":"https:\/\/www.meslibellules.fr\/blog\/2025\/01\/29\/periaeschna-nocturnalis\/"},"author":{"name":"Beno\u00eet Guillon","@id":"https:\/\/www.meslibellules.fr\/blog\/#\/schema\/person\/9aa3586f9dd053fcf329f43b8b053c77"},"headline":"Tha\u00eflande &#8211; Periaeschna nocturnalis (Fraser, 1927)","datePublished":"2025-01-29T08:58:38+00:00","dateModified":"2025-01-31T08:29:23+00:00","mainEntityOfPage":{"@id":"https:\/\/www.meslibellules.fr\/blog\/2025\/01\/29\/periaeschna-nocturnalis\/"},"wordCount":551,"commentCount":0,"publisher":{"@id":"https:\/\/www.meslibellules.fr\/blog\/#\/schema\/person\/9aa3586f9dd053fcf329f43b8b053c77"},"image":{"@id":"https:\/\/www.meslibellules.fr\/blog\/2025\/01\/29\/periaeschna-nocturnalis\/#primaryimage"},"thumbnailUrl":"https:\/\/www.meslibellules.fr\/blog\/wp-content\/uploads\/Periaeschna-nocturnalis-femelle-1-1.webp","keywords":["Aeshnidae - Tha\u00eflande","Tha\u00eflande"],"articleSection":["Aeshnidae","Tha\u00eflande"],"inLanguage":"fr-FR","potentialAction":[{"@type":"CommentAction","name":"Comment","target":["https:\/\/www.meslibellules.fr\/blog\/2025\/01\/29\/periaeschna-nocturnalis\/#respond"]}]},{"@type":"WebPage","@id":"https:\/\/www.meslibellules.fr\/blog\/2025\/01\/29\/periaeschna-nocturnalis\/","url":"https:\/\/www.meslibellules.fr\/blog\/2025\/01\/29\/periaeschna-nocturnalis\/","name":"Periaeschna nocturnalis - Mes Libellules","isPartOf":{"@id":"https:\/\/www.meslibellules.fr\/blog\/#website"},"primaryImageOfPage":{"@id":"https:\/\/www.meslibellules.fr\/blog\/2025\/01\/29\/periaeschna-nocturnalis\/#primaryimage"},"image":{"@id":"https:\/\/www.meslibellules.fr\/blog\/2025\/01\/29\/periaeschna-nocturnalis\/#primaryimage"},"thumbnailUrl":"https:\/\/www.meslibellules.fr\/blog\/wp-content\/uploads\/Periaeschna-nocturnalis-femelle-1-1.webp","datePublished":"2025-01-29T08:58:38+00:00","dateModified":"2025-01-31T08:29:23+00:00","description":"Periaeschna nocturnalis femelle en Tha\u00eflande, description, identification, taille, habitat, distribution g\u00e9ographique, \u00e9tymologie","breadcrumb":{"@id":"https:\/\/www.meslibellules.fr\/blog\/2025\/01\/29\/periaeschna-nocturnalis\/#breadcrumb"},"inLanguage":"fr-FR","potentialAction":[{"@type":"ReadAction","target":["https:\/\/www.meslibellules.fr\/blog\/2025\/01\/29\/periaeschna-nocturnalis\/"]}]},{"@type":"ImageObject","inLanguage":"fr-FR","@id":"https:\/\/www.meslibellules.fr\/blog\/2025\/01\/29\/periaeschna-nocturnalis\/#primaryimage","url":"https:\/\/www.meslibellules.fr\/blog\/wp-content\/uploads\/Periaeschna-nocturnalis-femelle-1-1.webp","contentUrl":"https:\/\/www.meslibellules.fr\/blog\/wp-content\/uploads\/Periaeschna-nocturnalis-femelle-1-1.webp","width":1441,"height":1204,"caption":"Periaeschna nocturnalis femelle, Tha\u00eflande, Ban Luang, Chom Thong, 06\/06\/2024"},{"@type":"BreadcrumbList","@id":"https:\/\/www.meslibellules.fr\/blog\/2025\/01\/29\/periaeschna-nocturnalis\/#breadcrumb","itemListElement":[{"@type":"ListItem","position":1,"name":"Accueil","item":"https:\/\/www.meslibellules.fr\/blog\/"},{"@type":"ListItem","position":2,"name":"Tha\u00eflande &#8211; Periaeschna nocturnalis (Fraser, 1927)"}]},{"@type":"WebSite","@id":"https:\/\/www.meslibellules.fr\/blog\/#website","url":"https:\/\/www.meslibellules.fr\/blog\/","name":"Mes Libellules","description":"Pr\u00e9sentation des libellules rencontr\u00e9es dans le monde","publisher":{"@id":"https:\/\/www.meslibellules.fr\/blog\/#\/schema\/person\/9aa3586f9dd053fcf329f43b8b053c77"},"potentialAction":[{"@type":"SearchAction","target":{"@type":"EntryPoint","urlTemplate":"https:\/\/www.meslibellules.fr\/blog\/?s={search_term_string}"},"query-input":{"@type":"PropertyValueSpecification","valueRequired":true,"valueName":"search_term_string"}}],"inLanguage":"fr-FR"},{"@type":["Person","Organization"],"@id":"https:\/\/www.meslibellules.fr\/blog\/#\/schema\/person\/9aa3586f9dd053fcf329f43b8b053c77","name":"Beno\u00eet Guillon","image":{"@type":"ImageObject","inLanguage":"fr-FR","@id":"https:\/\/www.meslibellules.fr\/blog\/wp-content\/uploads\/cropped-avatar-150-pix.jpg","url":"https:\/\/www.meslibellules.fr\/blog\/wp-content\/uploads\/cropped-avatar-150-pix.jpg","contentUrl":"https:\/\/www.meslibellules.fr\/blog\/wp-content\/uploads\/cropped-avatar-150-pix.jpg","width":150,"height":137,"caption":"Beno\u00eet Guillon"},"logo":{"@id":"https:\/\/www.meslibellules.fr\/blog\/wp-content\/uploads\/cropped-avatar-150-pix.jpg"},"sameAs":["https:\/\/www.facebook.com\/benoit.guillon.96\/"]}]}},"_links":{"self":[{"href":"https:\/\/www.meslibellules.fr\/blog\/wp-json\/wp\/v2\/posts\/23620","targetHints":{"allow":["GET"]}}],"collection":[{"href":"https:\/\/www.meslibellules.fr\/blog\/wp-json\/wp\/v2\/posts"}],"about":[{"href":"https:\/\/www.meslibellules.fr\/blog\/wp-json\/wp\/v2\/types\/post"}],"author":[{"embeddable":true,"href":"https:\/\/www.meslibellules.fr\/blog\/wp-json\/wp\/v2\/users\/1"}],"replies":[{"embeddable":true,"href":"https:\/\/www.meslibellules.fr\/blog\/wp-json\/wp\/v2\/comments?post=23620"}],"version-history":[{"count":0,"href":"https:\/\/www.meslibellules.fr\/blog\/wp-json\/wp\/v2\/posts\/23620\/revisions"}],"wp:attachment":[{"href":"https:\/\/www.meslibellules.fr\/blog\/wp-json\/wp\/v2\/media?parent=23620"}],"wp:term":[{"taxonomy":"category","embeddable":true,"href":"https:\/\/www.meslibellules.fr\/blog\/wp-json\/wp\/v2\/categories?post=23620"},{"taxonomy":"post_tag","embeddable":true,"href":"https:\/\/www.meslibellules.fr\/blog\/wp-json\/wp\/v2\/tags?post=23620"}],"curies":[{"name":"wp","href":"https:\/\/api.w.org\/{rel}","templated":true}]}}