{"id":23714,"date":"2025-02-06T07:46:10","date_gmt":"2025-02-06T06:46:10","guid":{"rendered":"https:\/\/www.meslibellules.fr\/blog\/?p=23714"},"modified":"2025-11-10T08:38:11","modified_gmt":"2025-11-10T07:38:11","slug":"rhyothemis","status":"publish","type":"post","link":"https:\/\/www.meslibellules.fr\/blog\/2025\/02\/06\/rhyothemis\/","title":{"rendered":"Le genre Rhyothemis &#8211; The Rhyothemis genus"},"content":{"rendered":"\n<p>Le genre Rhyothemis est un des plus spectaculaires parmi les Libellulidae ; il compte vingt-trois esp\u00e8ces d\u00e9crites, au moins une autre est connue et non d\u00e9crite. De tr\u00e8s nombreuses sous-esp\u00e8ces (et synonymies) sont <em>\u00e9tablies<\/em>, en particulier en Asie, et surtout dans les tr\u00e8s nombreuses iles des Philippines et de l&rsquo;Indon\u00e9sie, ce qui laisse supposer que de nouvelles esp\u00e8ces seront isol\u00e9es. Ainsi, R. phyllis compte plus d&rsquo;une douzaine de sous-esp\u00e8ces !<br>J&rsquo;en ai rencontr\u00e9 12 sur les trois continents sur lesquels ils se distribuent, soit l&rsquo;Afrique, l&rsquo;Asie et l&rsquo;Oc\u00e9anie.<br><br>De taille moyenne, ils ont en commun des ailes color\u00e9es aux reflets iris\u00e9s et des ailes post\u00e9rieures particuli\u00e8rement larges \u00e0 la base leur permettant de rester tr\u00e8s longtemps en vol. On les observe parfois en nombre, se nourrissant d&rsquo;essaim de petites proies, \u00e0 une dizaine de m\u00e8tres su sol. Ils plaisent sur les eaux stagnantes bien v\u00e9g\u00e9talis\u00e9es, lacs, \u00e9tangs, mares, foss\u00e9s ou tourbi\u00e8res.<br>Certaines de ces esp\u00e8ces sont de temps en temps confondues avec des papillons dont elles empruntent la coloration alaire et le vol dit \u00ab\u00a0papillonnant\u00a0\u00bb ce qui leur vaut le nom g\u00e9n\u00e9rique anglais de <em>Flutterer<\/em> (to flutter = papillonner). L&rsquo;une d&rsquo;entre elles, Rhyothemis fuliginosa se voit m\u00eame nomm\u00e9e <em>Butterfly flutterer<\/em>.<\/p>\n\n\n\n<figure class=\"wp-block-gallery has-nested-images columns-default is-cropped wp-block-gallery-1 is-layout-flex wp-block-gallery-is-layout-flex\">\n<figure class=\"wp-block-image alignfull size-large\"><a href=\"https:\/\/www.meslibellules.fr\/blog\/wp-content\/uploads\/Rhyothemis-aterrima.webp\"><img decoding=\"async\" width=\"1054\" height=\"1054\" data-id=\"23716\" data-src=\"https:\/\/www.meslibellules.fr\/blog\/wp-content\/uploads\/Rhyothemis-aterrima.webp\" alt=\"Rhyothemis aterrima m\u00e2le, Malaisie, North Selangor, 28\/08\/2013\" class=\"wp-image-23716 lazyload\" data-srcset=\"https:\/\/www.meslibellules.fr\/blog\/wp-content\/uploads\/Rhyothemis-aterrima.webp 1054w, https:\/\/www.meslibellules.fr\/blog\/wp-content\/uploads\/Rhyothemis-aterrima-768x768.webp 768w, https:\/\/www.meslibellules.fr\/blog\/wp-content\/uploads\/Rhyothemis-aterrima-150x150.webp 150w\" data-sizes=\"(max-width: 1054px) 100vw, 1054px\" src=\"data:image\/svg+xml;base64,PHN2ZyB3aWR0aD0iMSIgaGVpZ2h0PSIxIiB4bWxucz0iaHR0cDovL3d3dy53My5vcmcvMjAwMC9zdmciPjwvc3ZnPg==\" style=\"--smush-placeholder-width: 1054px; --smush-placeholder-aspect-ratio: 1054\/1054;\" \/><\/a><\/figure>\n\n\n\n<figure class=\"wp-block-image size-large\"><a href=\"https:\/\/www.meslibellules.fr\/blog\/wp-content\/uploads\/Rhyothemis-braganza-female-2.webp\"><img decoding=\"async\" width=\"1604\" height=\"1504\" data-id=\"23719\" data-src=\"https:\/\/www.meslibellules.fr\/blog\/wp-content\/uploads\/Rhyothemis-braganza-female-2.webp\" alt=\"Rhyothemis braganza female 2, Australie (NT), Roper Creek, 18\/04\/2022\" class=\"wp-image-23719 lazyload\" data-srcset=\"https:\/\/www.meslibellules.fr\/blog\/wp-content\/uploads\/Rhyothemis-braganza-female-2.webp 1604w, https:\/\/www.meslibellules.fr\/blog\/wp-content\/uploads\/Rhyothemis-braganza-female-2-768x720.webp 768w, https:\/\/www.meslibellules.fr\/blog\/wp-content\/uploads\/Rhyothemis-braganza-female-2-1536x1440.webp 1536w\" data-sizes=\"(max-width: 1604px) 100vw, 1604px\" src=\"data:image\/svg+xml;base64,PHN2ZyB3aWR0aD0iMSIgaGVpZ2h0PSIxIiB4bWxucz0iaHR0cDovL3d3dy53My5vcmcvMjAwMC9zdmciPjwvc3ZnPg==\" style=\"--smush-placeholder-width: 1604px; --smush-placeholder-aspect-ratio: 1604\/1504;\" \/><\/a><\/figure>\n\n\n\n<figure class=\"wp-block-image size-large\"><a href=\"https:\/\/www.meslibellules.fr\/blog\/wp-content\/uploads\/rhyothemis-fenestrina-male-2.jpg\"><img decoding=\"async\" width=\"1218\" height=\"1204\" data-id=\"6904\" data-src=\"https:\/\/www.meslibellules.fr\/blog\/wp-content\/uploads\/rhyothemis-fenestrina-male-2.jpg\" alt=\"Rhyothemis fenestrina m\u00e2le, Namibie, mare \u00e0 l'Est de Katima Mulilo (Mubiza), 15\/02\/2020\" class=\"wp-image-6904 lazyload\" data-srcset=\"https:\/\/www.meslibellules.fr\/blog\/wp-content\/uploads\/\/rhyothemis-fenestrina-male-2.jpg 1218w, https:\/\/www.meslibellules.fr\/blog\/wp-content\/uploads\/\/rhyothemis-fenestrina-male-2-768x759.jpg 768w, https:\/\/www.meslibellules.fr\/blog\/wp-content\/uploads\/\/rhyothemis-fenestrina-male-2-1200x1186.jpg 1200w\" data-sizes=\"(max-width: 1218px) 100vw, 1218px\" src=\"data:image\/svg+xml;base64,PHN2ZyB3aWR0aD0iMSIgaGVpZ2h0PSIxIiB4bWxucz0iaHR0cDovL3d3dy53My5vcmcvMjAwMC9zdmciPjwvc3ZnPg==\" style=\"--smush-placeholder-width: 1218px; --smush-placeholder-aspect-ratio: 1218\/1204;\" \/><\/a><\/figure>\n<figcaption class=\"blocks-gallery-caption wp-element-caption\">Rhyothemis aterrima femelle, Malaisie, North Selangor, 28\/08\/2013 <a href=\"https:\/\/www.meslibellules.fr\/voyages\/malaisie\/rhyothemis-aterrima\/rhyothemis-aterrima.php\" target=\"_blank\" rel=\"noreferrer noopener\">\u2192<\/a> <br>R. braganza female , Australie (Northern Territory), Roper Creek, 18\/04\/2022 <a href=\"https:\/\/www.meslibellules.fr\/blog\/2023\/07\/14\/rhyothemis-braganza\/\" target=\"_blank\" rel=\"noreferrer noopener\">\u2192<\/a><br>R. fenestrina m\u00e2le, Namibie, mare \u00e0 l&rsquo;est de Katima Mulilo (Mubiza), 15\/02\/2020 <a href=\"https:\/\/www.meslibellules.fr\/blog\/2020\/09\/13\/namibie-rhyothemis-fenestrina-rambur-1842\/\" target=\"_blank\" rel=\"noreferrer noopener\">\u2192<\/a><\/figcaption><\/figure>\n\n\n\n<figure class=\"wp-block-gallery has-nested-images columns-default is-cropped wp-block-gallery-2 is-layout-flex wp-block-gallery-is-layout-flex\">\n<figure class=\"wp-block-image size-large\"><a href=\"https:\/\/www.meslibellules.fr\/blog\/wp-content\/uploads\/Rhyothemis-graphitera-male-5.webp\"><img decoding=\"async\" width=\"1314\" height=\"1204\" data-id=\"15827\" data-src=\"https:\/\/www.meslibellules.fr\/blog\/wp-content\/uploads\/Rhyothemis-graphitera-male-5.webp\" alt=\"Rhyothemis graphiptera m\u00e2le, Australie (NT), Kubara Walk, 29\/04\/2022\" class=\"wp-image-15827 lazyload\" data-srcset=\"https:\/\/www.meslibellules.fr\/blog\/wp-content\/uploads\/Rhyothemis-graphitera-male-5.webp 1314w, https:\/\/www.meslibellules.fr\/blog\/wp-content\/uploads\/Rhyothemis-graphitera-male-5-768x704.webp 768w\" data-sizes=\"(max-width: 1314px) 100vw, 1314px\" src=\"data:image\/svg+xml;base64,PHN2ZyB3aWR0aD0iMSIgaGVpZ2h0PSIxIiB4bWxucz0iaHR0cDovL3d3dy53My5vcmcvMjAwMC9zdmciPjwvc3ZnPg==\" style=\"--smush-placeholder-width: 1314px; --smush-placeholder-aspect-ratio: 1314\/1204;\" \/><\/a><\/figure>\n\n\n\n<figure class=\"wp-block-image size-large\"><a href=\"https:\/\/www.meslibellules.fr\/blog\/wp-content\/uploads\/Rhyothemis-obsolescens-male-2.webp\"><img decoding=\"async\" width=\"1553\" height=\"1204\" data-id=\"23726\" data-src=\"https:\/\/www.meslibellules.fr\/blog\/wp-content\/uploads\/Rhyothemis-obsolescens-male-2.webp\" alt=\"Rhyothemis obsolescens ma\u0302le, Malaisie, Ampang Forest Reserve, 25\/08\/2013\" class=\"wp-image-23726 lazyload\" data-srcset=\"https:\/\/www.meslibellules.fr\/blog\/wp-content\/uploads\/Rhyothemis-obsolescens-male-2.webp 1553w, https:\/\/www.meslibellules.fr\/blog\/wp-content\/uploads\/Rhyothemis-obsolescens-male-2-768x595.webp 768w, https:\/\/www.meslibellules.fr\/blog\/wp-content\/uploads\/Rhyothemis-obsolescens-male-2-1536x1191.webp 1536w\" data-sizes=\"(max-width: 1553px) 100vw, 1553px\" src=\"data:image\/svg+xml;base64,PHN2ZyB3aWR0aD0iMSIgaGVpZ2h0PSIxIiB4bWxucz0iaHR0cDovL3d3dy53My5vcmcvMjAwMC9zdmciPjwvc3ZnPg==\" style=\"--smush-placeholder-width: 1553px; --smush-placeholder-aspect-ratio: 1553\/1204;\" \/><\/a><\/figure>\n\n\n\n<figure class=\"wp-block-image size-large\"><a href=\"https:\/\/www.meslibellules.fr\/blog\/wp-content\/uploads\/Rhyothemis-phyllis-male.webp\"><img decoding=\"async\" width=\"1504\" height=\"1504\" data-id=\"23724\" data-src=\"https:\/\/www.meslibellules.fr\/blog\/wp-content\/uploads\/Rhyothemis-phyllis-male.webp\" alt=\"Rhyothemis phyllis m\u00e2le, Tha\u00eflande Chiang Mai, 08\/06\/2024\" class=\"wp-image-23724 lazyload\" data-srcset=\"https:\/\/www.meslibellules.fr\/blog\/wp-content\/uploads\/Rhyothemis-phyllis-male.webp 1504w, https:\/\/www.meslibellules.fr\/blog\/wp-content\/uploads\/Rhyothemis-phyllis-male-768x768.webp 768w, https:\/\/www.meslibellules.fr\/blog\/wp-content\/uploads\/Rhyothemis-phyllis-male-150x150.webp 150w\" data-sizes=\"(max-width: 1504px) 100vw, 1504px\" src=\"data:image\/svg+xml;base64,PHN2ZyB3aWR0aD0iMSIgaGVpZ2h0PSIxIiB4bWxucz0iaHR0cDovL3d3dy53My5vcmcvMjAwMC9zdmciPjwvc3ZnPg==\" style=\"--smush-placeholder-width: 1504px; --smush-placeholder-aspect-ratio: 1504\/1504;\" \/><\/a><\/figure>\n<figcaption class=\"blocks-gallery-caption wp-element-caption\">Rhyothemis graphiptera m\u00e2le, Australie (NT), Kubara Walk, 29\/04\/2022 <a href=\"https:\/\/www.meslibellules.fr\/blog\/2023\/09\/05\/rhyothemis-graphiptera\/\" target=\"_blank\" rel=\"noreferrer noopener\">\u2192<\/a><br>R. obsolescens ma\u0302le, Malaisie, Ampang Forest Reserve, 25\/08\/2013 <a href=\"https:\/\/www.meslibellules.fr\/voyages\/malaisie\/rhyothemis-obsolescens\/rhyothemis-obsolescens-male-1.php\" target=\"_blank\" rel=\"noreferrer noopener\">\u2192<\/a><br>R. phyllis m\u00e2le, Tha\u00eflande Chiang Mai, 08\/06\/2024 <a href=\"https:\/\/www.meslibellules.fr\/blog\/2023\/10\/03\/rhyothemis-phyllis\/\" target=\"_blank\" rel=\"noreferrer noopener\">\u2192<\/a><\/figcaption><\/figure>\n\n\n\n<figure class=\"wp-block-gallery aligncenter has-nested-images columns-3 is-cropped wp-block-gallery-3 is-layout-flex wp-block-gallery-is-layout-flex\">\n<figure class=\"wp-block-image size-large\"><a href=\"https:\/\/www.meslibellules.fr\/blog\/wp-content\/uploads\/Rhyothemis-plutonia-male-4.webp\"><img decoding=\"async\" width=\"1783\" height=\"1504\" data-id=\"22830\" data-src=\"https:\/\/www.meslibellules.fr\/blog\/wp-content\/uploads\/Rhyothemis-plutonia-male-4.webp\" alt=\"Rhyothemis plutonia m\u00e2le, Chiang Mai University Campus, 08\/06\/2024\" class=\"wp-image-22830 lazyload\" data-srcset=\"https:\/\/www.meslibellules.fr\/blog\/wp-content\/uploads\/Rhyothemis-plutonia-male-4.webp 1783w, https:\/\/www.meslibellules.fr\/blog\/wp-content\/uploads\/Rhyothemis-plutonia-male-4-768x648.webp 768w, https:\/\/www.meslibellules.fr\/blog\/wp-content\/uploads\/Rhyothemis-plutonia-male-4-1536x1296.webp 1536w\" data-sizes=\"(max-width: 1783px) 100vw, 1783px\" src=\"data:image\/svg+xml;base64,PHN2ZyB3aWR0aD0iMSIgaGVpZ2h0PSIxIiB4bWxucz0iaHR0cDovL3d3dy53My5vcmcvMjAwMC9zdmciPjwvc3ZnPg==\" style=\"--smush-placeholder-width: 1783px; --smush-placeholder-aspect-ratio: 1783\/1504;\" \/><\/a><\/figure>\n\n\n\n<figure class=\"wp-block-image size-large\"><a href=\"https:\/\/www.meslibellules.fr\/blog\/wp-content\/uploads\/Rhyothemis-princeps-male.webp\"><img decoding=\"async\" width=\"1887\" height=\"1504\" data-id=\"23723\" data-src=\"https:\/\/www.meslibellules.fr\/blog\/wp-content\/uploads\/Rhyothemis-princeps-male.webp\" alt=\"Rhyothemis princeps m\u00e2le, Australie, Tyto Wetlands, Ingham, 14\/12\/2022\" class=\"wp-image-23723 lazyload\" data-srcset=\"https:\/\/www.meslibellules.fr\/blog\/wp-content\/uploads\/Rhyothemis-princeps-male.webp 1887w, https:\/\/www.meslibellules.fr\/blog\/wp-content\/uploads\/Rhyothemis-princeps-male-768x612.webp 768w, https:\/\/www.meslibellules.fr\/blog\/wp-content\/uploads\/Rhyothemis-princeps-male-1536x1224.webp 1536w\" data-sizes=\"(max-width: 1887px) 100vw, 1887px\" src=\"data:image\/svg+xml;base64,PHN2ZyB3aWR0aD0iMSIgaGVpZ2h0PSIxIiB4bWxucz0iaHR0cDovL3d3dy53My5vcmcvMjAwMC9zdmciPjwvc3ZnPg==\" style=\"--smush-placeholder-width: 1887px; --smush-placeholder-aspect-ratio: 1887\/1504;\" \/><\/a><\/figure>\n\n\n\n<figure class=\"wp-block-image size-large\"><a href=\"https:\/\/www.meslibellules.fr\/blog\/wp-content\/uploads\/Rhyothemis-resplendens-male-1.webp\"><img decoding=\"async\" width=\"1027\" height=\"1004\" data-id=\"15212\" data-src=\"https:\/\/www.meslibellules.fr\/blog\/wp-content\/uploads\/Rhyothemis-resplendens-male-1.webp\" alt=\"Rhyothemis resplendens m\u00e2le, Australie (FNQ), Cattana Wetlands, 02\/12\/2022\" class=\"wp-image-15212 lazyload\" data-srcset=\"https:\/\/www.meslibellules.fr\/blog\/wp-content\/uploads\/Rhyothemis-resplendens-male-1.webp 1027w, https:\/\/www.meslibellules.fr\/blog\/wp-content\/uploads\/Rhyothemis-resplendens-male-1-768x751.webp 768w\" data-sizes=\"(max-width: 1027px) 100vw, 1027px\" src=\"data:image\/svg+xml;base64,PHN2ZyB3aWR0aD0iMSIgaGVpZ2h0PSIxIiB4bWxucz0iaHR0cDovL3d3dy53My5vcmcvMjAwMC9zdmciPjwvc3ZnPg==\" style=\"--smush-placeholder-width: 1027px; --smush-placeholder-aspect-ratio: 1027\/1004;\" \/><\/a><\/figure>\n<figcaption class=\"blocks-gallery-caption wp-element-caption\">Rhyothemis plutonia m\u00e2le, Chiang Mai University Campus, 08\/06\/2024 <a href=\"https:\/\/www.meslibellules.fr\/blog\/2024\/11\/28\/rhyothemis-plutonia\/\" target=\"_blank\" rel=\"noreferrer noopener\">\u2192<\/a><br> R. princeps m\u00e2le, Australie, Tyto Wetlands, Ingham, 14\/12\/2022 <a href=\"https:\/\/www.meslibellules.fr\/blog\/2023\/10\/10\/rhyothemis-princeps\/\" target=\"_blank\" rel=\"noreferrer noopener\">\u2192<\/a><br> R. resplendens m\u00e2le, Australie (FNQ), Cattana Wetlands, 02\/12\/2022 <a href=\"https:\/\/www.meslibellules.fr\/blog\/2023\/07\/30\/rhyothemis-resplendens\/\" target=\"_blank\" rel=\"noreferrer noopener\">\u2192<\/a><br><\/figcaption><\/figure>\n\n\n\n<figure class=\"wp-block-gallery has-nested-images columns-default is-cropped wp-block-gallery-4 is-layout-flex wp-block-gallery-is-layout-flex\">\n<figure class=\"wp-block-image size-large\"><a href=\"https:\/\/www.meslibellules.fr\/blog\/wp-content\/uploads\/Rhyothemis-semihyalina-male.webp\"><img decoding=\"async\" width=\"1204\" height=\"1204\" data-id=\"23729\" data-src=\"https:\/\/www.meslibellules.fr\/blog\/wp-content\/uploads\/Rhyothemis-semihyalina-male.webp\" alt=\"Rhyothemis semihyalina m\u00e2le, Namibie, barrage Von Bach, 08\/02\/2020\" class=\"wp-image-23729 lazyload\" data-srcset=\"https:\/\/www.meslibellules.fr\/blog\/wp-content\/uploads\/Rhyothemis-semihyalina-male.webp 1204w, https:\/\/www.meslibellules.fr\/blog\/wp-content\/uploads\/Rhyothemis-semihyalina-male-768x768.webp 768w, https:\/\/www.meslibellules.fr\/blog\/wp-content\/uploads\/Rhyothemis-semihyalina-male-150x150.webp 150w\" data-sizes=\"(max-width: 1204px) 100vw, 1204px\" src=\"data:image\/svg+xml;base64,PHN2ZyB3aWR0aD0iMSIgaGVpZ2h0PSIxIiB4bWxucz0iaHR0cDovL3d3dy53My5vcmcvMjAwMC9zdmciPjwvc3ZnPg==\" style=\"--smush-placeholder-width: 1204px; --smush-placeholder-aspect-ratio: 1204\/1204;\" \/><\/a><\/figure>\n\n\n\n<figure class=\"wp-block-image size-large\"><a href=\"https:\/\/www.meslibellules.fr\/blog\/wp-content\/uploads\/Rhyothemis-triagularis-male.webp\"><img decoding=\"async\" width=\"1504\" height=\"1504\" data-id=\"23727\" data-src=\"https:\/\/www.meslibellules.fr\/blog\/wp-content\/uploads\/Rhyothemis-triagularis-male.webp\" alt=\"Rhyothemis triagularis m\u00e2le, Malaisie, Selamat Datang, 31\/08\/2013\" class=\"wp-image-23727 lazyload\" data-srcset=\"https:\/\/www.meslibellules.fr\/blog\/wp-content\/uploads\/Rhyothemis-triagularis-male.webp 1504w, https:\/\/www.meslibellules.fr\/blog\/wp-content\/uploads\/Rhyothemis-triagularis-male-768x768.webp 768w, https:\/\/www.meslibellules.fr\/blog\/wp-content\/uploads\/Rhyothemis-triagularis-male-150x150.webp 150w\" data-sizes=\"(max-width: 1504px) 100vw, 1504px\" src=\"data:image\/svg+xml;base64,PHN2ZyB3aWR0aD0iMSIgaGVpZ2h0PSIxIiB4bWxucz0iaHR0cDovL3d3dy53My5vcmcvMjAwMC9zdmciPjwvc3ZnPg==\" style=\"--smush-placeholder-width: 1504px; --smush-placeholder-aspect-ratio: 1504\/1504;\" \/><\/a><\/figure>\n\n\n\n<figure class=\"wp-block-image size-large\"><a href=\"https:\/\/www.meslibellules.fr\/blog\/wp-content\/uploads\/Rhyothemis-variegata-male.webp\"><img decoding=\"async\" width=\"1461\" height=\"1461\" data-id=\"23728\" data-src=\"https:\/\/www.meslibellules.fr\/blog\/wp-content\/uploads\/Rhyothemis-variegata-male.webp\" alt=\"Rhyothemis variegata m\u00e2le, Vietna, Van Long, 15\/06\/2018\" class=\"wp-image-23728 lazyload\" data-srcset=\"https:\/\/www.meslibellules.fr\/blog\/wp-content\/uploads\/Rhyothemis-variegata-male.webp 1461w, https:\/\/www.meslibellules.fr\/blog\/wp-content\/uploads\/Rhyothemis-variegata-male-768x768.webp 768w, https:\/\/www.meslibellules.fr\/blog\/wp-content\/uploads\/Rhyothemis-variegata-male-150x150.webp 150w\" data-sizes=\"(max-width: 1461px) 100vw, 1461px\" src=\"data:image\/svg+xml;base64,PHN2ZyB3aWR0aD0iMSIgaGVpZ2h0PSIxIiB4bWxucz0iaHR0cDovL3d3dy53My5vcmcvMjAwMC9zdmciPjwvc3ZnPg==\" style=\"--smush-placeholder-width: 1461px; --smush-placeholder-aspect-ratio: 1461\/1461;\" \/><\/a><\/figure>\n<figcaption class=\"blocks-gallery-caption wp-element-caption\">Rhyothemis semihyalina m\u00e2le, Namibie, barrage Von Bach, 08\/02\/2020 <a href=\"https:\/\/www.meslibellules.fr\/blog\/2020\/09\/16\/namibie-rhyothemis-semihyalina-desjardins-1832\/\" target=\"_blank\" rel=\"noreferrer noopener\">\u2192<\/a><br>R. triangularis m\u00e2le, Malaisie, Selamat Datang, 31\/08\/2013 <a href=\"https:\/\/www.meslibellules.fr\/voyages\/malaisie\/rhyothemis-triangularis\/rhyothemis-triangularis-male-1.php\" target=\"_blank\" rel=\"noreferrer noopener\">\u2192<\/a><br>R. variegata m\u00e2le, Vietnam, Van Long, 15\/06\/2018 <a href=\"https:\/\/www.meslibellules.fr\/blog\/2019\/06\/11\/vietnam-2018-rhyothemis-variegata\/\" target=\"_blank\" rel=\"noreferrer noopener\">\u2192<\/a><\/figcaption><\/figure>\n\n\n\n<div style=\"height:32px\" aria-hidden=\"true\" class=\"wp-block-spacer\"><\/div>\n\n\n\n<p><strong><span style=\"text-decoration: underline;\">\u00c9tymologie<\/span><\/strong><br \/>Dans\u00a0<em><strong>Rhyothemis<\/strong><\/em> (Hagen, 1867) on reconnait le nom de la d\u00e9esse de L\u2019Ordre et de la Justice (1), Themis, fr\u00e9quemment utilis\u00e9 encore apr\u00e8s Hagen, pour nommer des Libellulidae, par imitation de ce que faisaient les anciens en utilisant des noms issus de la mythologie. La premi\u00e8re partie du nom vient sans doute, selon Fliedner, d\u2019une roche, la Rhyolite, d\u00e9couverte en 1861 et r\u00e9cemment nomm\u00e9e, dont le nom est compos\u00e9 de deux mots grecs signifiant \u2013<em>couler<\/em>\u00a0et \u2013<em>pierre<\/em>, cette roche magmatique montrant des bandes ou couches semblant avoir coul\u00e9 les unes sur les autres. Quand on regarde la <a href=\"https:\/\/fr.wikipedia.org\/wiki\/Rhyolite\">Rhyolite<\/a>, cette explication est un peu surprenante pour certaines esp\u00e8ces.<br \/>Hagen (2) d\u00e9crit tr\u00e8s succinctement ce nouveau genre \u00e0 la fin d&rsquo;un opuscule consacr\u00e9 aux odonates de Cuba (!) et ne donne aucun d\u00e9tail sur le choix de ce nom.<\/p>\n\n\n\n<div style=\"height:29px\" aria-hidden=\"true\" class=\"wp-block-spacer\"><\/div>\n\n\n\n<p style=\"font-size:13px\">1- <a href=\"https:\/\/www.researchgate.net\/publication\/283318421_The_Naming_of_Australia's_Dragonflies\">The Naming of Australia\u2019s Dragonflies<\/a>, Ian Endersby &amp; Heinrich Fliedner, Busybird publishing.<br>2- Hagen, 1867 &#8211; <a href=\"https:\/\/www.biodiversitylibrary.org\/page\/33831282#page\/234\/mode\/1up\">Die Heuroptera der Insel Cuba<\/a> &#8211; Entomologische Zeitung &#8211; Vol. 28, p. 215-232. P. 232.<\/p>\n\n\n\n<div style=\"height:107px\" aria-hidden=\"true\" class=\"wp-block-spacer\"><\/div>\n\n\n\n<div class=\"wp-block-buttons is-content-justification-center is-layout-flex wp-container-core-buttons-is-layout-a89b3969 wp-block-buttons-is-layout-flex\">\n<div class=\"wp-block-button\"><a class=\"wp-block-button__link has-text-align-center wp-element-button\" href=\"http:\/\/www.meslibellules.fr\/pagesweb\/divers\/liste-generale-odonates-du-site\/africa-odonates.php\">Liste des Odonates d&rsquo;Afrique<\/a><\/div>\n\n\n\n<div class=\"wp-block-button\"><a class=\"wp-block-button__link wp-element-button\" href=\"http:\/\/www.meslibellules.fr\/pagesweb\/divers\/liste-generale-odonates-du-site\/asia-odonates.php\">Liste des Odonates d&rsquo;Asie<\/a><\/div>\n\n\n\n<div class=\"wp-block-button\"><a class=\"wp-block-button__link wp-element-button\" href=\"https:\/\/www.meslibellules.fr\/blog\/odonates-daustralie-australian-odonates\/\">Liste des Odonates d&rsquo;Oc\u00e9anie<\/a><\/div>\n<\/div>\n\n\n\n<p><\/p>\n","protected":false},"excerpt":{"rendered":"<p>Le genre Rhyothemis est un des plus spectaculaires parmi les Libellulidae ; il compte vingt-trois esp\u00e8ces d\u00e9crites, au moins une autre est connue et non d\u00e9crite. De tr\u00e8s nombreuses sous-esp\u00e8ces (et synonymies) sont \u00e9tablies, en particulier en Asie, et surtout dans les tr\u00e8s nombreuses iles des Philippines et de l&rsquo;Indon\u00e9sie, ce qui laisse supposer que [&hellip;]<\/p>\n","protected":false},"author":1,"featured_media":0,"comment_status":"open","ping_status":"open","sticky":false,"template":"","format":"image","meta":{"site-sidebar-layout":"default","site-content-layout":"","ast-site-content-layout":"default","site-content-style":"default","site-sidebar-style":"default","ast-global-header-display":"","ast-banner-title-visibility":"","ast-main-header-display":"","ast-hfb-above-header-display":"","ast-hfb-below-header-display":"","ast-hfb-mobile-header-display":"","site-post-title":"","ast-breadcrumbs-content":"","ast-featured-img":"","footer-sml-layout":"","ast-disable-related-posts":"","theme-transparent-header-meta":"","adv-header-id-meta":"","stick-header-meta":"","header-above-stick-meta":"","header-main-stick-meta":"","header-below-stick-meta":"","astra-migrate-meta-layouts":"set","ast-page-background-enabled":"default","ast-page-background-meta":{"desktop":{"background-color":"var(--ast-global-color-4)","background-image":"","background-repeat":"repeat","background-position":"center center","background-size":"auto","background-attachment":"scroll","background-type":"","background-media":"","overlay-type":"","overlay-color":"","overlay-opacity":"","overlay-gradient":""},"tablet":{"background-color":"","background-image":"","background-repeat":"repeat","background-position":"center center","background-size":"auto","background-attachment":"scroll","background-type":"","background-media":"","overlay-type":"","overlay-color":"","overlay-opacity":"","overlay-gradient":""},"mobile":{"background-color":"","background-image":"","background-repeat":"repeat","background-position":"center center","background-size":"auto","background-attachment":"scroll","background-type":"","background-media":"","overlay-type":"","overlay-color":"","overlay-opacity":"","overlay-gradient":""}},"ast-content-background-meta":{"desktop":{"background-color":"var(--ast-global-color-5)","background-image":"","background-repeat":"repeat","background-position":"center center","background-size":"auto","background-attachment":"scroll","background-type":"","background-media":"","overlay-type":"","overlay-color":"","overlay-opacity":"","overlay-gradient":""},"tablet":{"background-color":"var(--ast-global-color-5)","background-image":"","background-repeat":"repeat","background-position":"center center","background-size":"auto","background-attachment":"scroll","background-type":"","background-media":"","overlay-type":"","overlay-color":"","overlay-opacity":"","overlay-gradient":""},"mobile":{"background-color":"var(--ast-global-color-5)","background-image":"","background-repeat":"repeat","background-position":"center center","background-size":"auto","background-attachment":"scroll","background-type":"","background-media":"","overlay-type":"","overlay-color":"","overlay-opacity":"","overlay-gradient":""}},"footnotes":""},"categories":[214],"tags":[38589],"class_list":["post-23714","post","type-post","status-publish","format-image","hentry","category-comparaisons","tag-rhyothemis-genus","post_format-post-format-image"],"yoast_head":"<!-- This site is optimized with the Yoast SEO plugin v27.5 - https:\/\/yoast.com\/product\/yoast-seo-wordpress\/ -->\n<title>Rhyothemis - Mes Libellules<\/title>\n<meta name=\"description\" content=\"Le genre Rhyothemis, Rhyothemis genus en Afrique, Asie et Oc\u00e9anie, caract\u00e9ristiques communes du genre, ailes color\u00e9es, larges ailes\" \/>\n<meta name=\"robots\" content=\"index, follow, max-snippet:-1, max-image-preview:large, max-video-preview:-1\" \/>\n<link rel=\"canonical\" href=\"https:\/\/www.meslibellules.fr\/blog\/2025\/02\/06\/rhyothemis\/\" \/>\n<meta property=\"og:locale\" content=\"fr_FR\" \/>\n<meta property=\"og:type\" content=\"article\" \/>\n<meta property=\"og:title\" content=\"Rhyothemis - Mes Libellules\" \/>\n<meta property=\"og:description\" content=\"Le genre Rhyothemis, Rhyothemis genus en Afrique, Asie et Oc\u00e9anie, caract\u00e9ristiques communes du genre, ailes color\u00e9es, larges ailes\" \/>\n<meta property=\"og:url\" content=\"https:\/\/www.meslibellules.fr\/blog\/2025\/02\/06\/rhyothemis\/\" \/>\n<meta property=\"og:site_name\" content=\"Mes Libellules\" \/>\n<meta property=\"article:publisher\" content=\"https:\/\/www.facebook.com\/benoit.guillon.96\/\" \/>\n<meta property=\"article:author\" content=\"https:\/\/www.facebook.com\/benoit.guillon.96\/\" \/>\n<meta property=\"article:published_time\" content=\"2025-02-06T06:46:10+00:00\" \/>\n<meta property=\"article:modified_time\" content=\"2025-11-10T07:38:11+00:00\" \/>\n<meta property=\"og:image\" content=\"https:\/\/www.meslibellules.fr\/blog\/wp-content\/uploads\/Rhyothemis-aterrima.webp\" \/>\n\t<meta property=\"og:image:width\" content=\"1054\" \/>\n\t<meta property=\"og:image:height\" content=\"1054\" \/>\n\t<meta property=\"og:image:type\" content=\"image\/webp\" \/>\n<meta name=\"author\" content=\"Beno\u00eet Guillon\" \/>\n<meta name=\"twitter:card\" content=\"summary_large_image\" \/>\n<meta name=\"twitter:label1\" content=\"\u00c9crit par\" \/>\n\t<meta name=\"twitter:data1\" content=\"Beno\u00eet Guillon\" \/>\n\t<meta name=\"twitter:label2\" content=\"Dur\u00e9e de lecture estim\u00e9e\" \/>\n\t<meta name=\"twitter:data2\" content=\"5 minutes\" \/>\n<script type=\"application\/ld+json\" class=\"yoast-schema-graph\">{\"@context\":\"https:\\\/\\\/schema.org\",\"@graph\":[{\"@type\":\"Article\",\"@id\":\"https:\\\/\\\/www.meslibellules.fr\\\/blog\\\/2025\\\/02\\\/06\\\/rhyothemis\\\/#article\",\"isPartOf\":{\"@id\":\"https:\\\/\\\/www.meslibellules.fr\\\/blog\\\/2025\\\/02\\\/06\\\/rhyothemis\\\/\"},\"author\":{\"name\":\"Beno\u00eet Guillon\",\"@id\":\"https:\\\/\\\/www.meslibellules.fr\\\/blog\\\/#\\\/schema\\\/person\\\/9aa3586f9dd053fcf329f43b8b053c77\"},\"headline\":\"Le genre Rhyothemis &#8211; The Rhyothemis genus\",\"datePublished\":\"2025-02-06T06:46:10+00:00\",\"dateModified\":\"2025-11-10T07:38:11+00:00\",\"mainEntityOfPage\":{\"@id\":\"https:\\\/\\\/www.meslibellules.fr\\\/blog\\\/2025\\\/02\\\/06\\\/rhyothemis\\\/\"},\"wordCount\":525,\"commentCount\":0,\"publisher\":{\"@id\":\"https:\\\/\\\/www.meslibellules.fr\\\/blog\\\/#\\\/schema\\\/person\\\/9aa3586f9dd053fcf329f43b8b053c77\"},\"image\":{\"@id\":\"https:\\\/\\\/www.meslibellules.fr\\\/blog\\\/2025\\\/02\\\/06\\\/rhyothemis\\\/#primaryimage\"},\"thumbnailUrl\":\"https:\\\/\\\/www.meslibellules.fr\\\/blog\\\/wp-content\\\/uploads\\\/Rhyothemis-aterrima.webp\",\"keywords\":[\"Rhyothemis genus\"],\"articleSection\":[\"Comparaisons\"],\"inLanguage\":\"fr-FR\",\"potentialAction\":[{\"@type\":\"CommentAction\",\"name\":\"Comment\",\"target\":[\"https:\\\/\\\/www.meslibellules.fr\\\/blog\\\/2025\\\/02\\\/06\\\/rhyothemis\\\/#respond\"]}]},{\"@type\":\"WebPage\",\"@id\":\"https:\\\/\\\/www.meslibellules.fr\\\/blog\\\/2025\\\/02\\\/06\\\/rhyothemis\\\/\",\"url\":\"https:\\\/\\\/www.meslibellules.fr\\\/blog\\\/2025\\\/02\\\/06\\\/rhyothemis\\\/\",\"name\":\"Rhyothemis - Mes Libellules\",\"isPartOf\":{\"@id\":\"https:\\\/\\\/www.meslibellules.fr\\\/blog\\\/#website\"},\"primaryImageOfPage\":{\"@id\":\"https:\\\/\\\/www.meslibellules.fr\\\/blog\\\/2025\\\/02\\\/06\\\/rhyothemis\\\/#primaryimage\"},\"image\":{\"@id\":\"https:\\\/\\\/www.meslibellules.fr\\\/blog\\\/2025\\\/02\\\/06\\\/rhyothemis\\\/#primaryimage\"},\"thumbnailUrl\":\"https:\\\/\\\/www.meslibellules.fr\\\/blog\\\/wp-content\\\/uploads\\\/Rhyothemis-aterrima.webp\",\"datePublished\":\"2025-02-06T06:46:10+00:00\",\"dateModified\":\"2025-11-10T07:38:11+00:00\",\"description\":\"Le genre Rhyothemis, Rhyothemis genus en Afrique, Asie et Oc\u00e9anie, caract\u00e9ristiques communes du genre, ailes color\u00e9es, larges ailes\",\"breadcrumb\":{\"@id\":\"https:\\\/\\\/www.meslibellules.fr\\\/blog\\\/2025\\\/02\\\/06\\\/rhyothemis\\\/#breadcrumb\"},\"inLanguage\":\"fr-FR\",\"potentialAction\":[{\"@type\":\"ReadAction\",\"target\":[\"https:\\\/\\\/www.meslibellules.fr\\\/blog\\\/2025\\\/02\\\/06\\\/rhyothemis\\\/\"]}]},{\"@type\":\"ImageObject\",\"inLanguage\":\"fr-FR\",\"@id\":\"https:\\\/\\\/www.meslibellules.fr\\\/blog\\\/2025\\\/02\\\/06\\\/rhyothemis\\\/#primaryimage\",\"url\":\"https:\\\/\\\/www.meslibellules.fr\\\/blog\\\/wp-content\\\/uploads\\\/Rhyothemis-aterrima.webp\",\"contentUrl\":\"https:\\\/\\\/www.meslibellules.fr\\\/blog\\\/wp-content\\\/uploads\\\/Rhyothemis-aterrima.webp\"},{\"@type\":\"BreadcrumbList\",\"@id\":\"https:\\\/\\\/www.meslibellules.fr\\\/blog\\\/2025\\\/02\\\/06\\\/rhyothemis\\\/#breadcrumb\",\"itemListElement\":[{\"@type\":\"ListItem\",\"position\":1,\"name\":\"Accueil\",\"item\":\"https:\\\/\\\/www.meslibellules.fr\\\/blog\\\/\"},{\"@type\":\"ListItem\",\"position\":2,\"name\":\"Le genre Rhyothemis &#8211; The Rhyothemis genus\"}]},{\"@type\":\"WebSite\",\"@id\":\"https:\\\/\\\/www.meslibellules.fr\\\/blog\\\/#website\",\"url\":\"https:\\\/\\\/www.meslibellules.fr\\\/blog\\\/\",\"name\":\"Mes Libellules\",\"description\":\"Pr\u00e9sentation des libellules rencontr\u00e9es dans le monde\",\"publisher\":{\"@id\":\"https:\\\/\\\/www.meslibellules.fr\\\/blog\\\/#\\\/schema\\\/person\\\/9aa3586f9dd053fcf329f43b8b053c77\"},\"potentialAction\":[{\"@type\":\"SearchAction\",\"target\":{\"@type\":\"EntryPoint\",\"urlTemplate\":\"https:\\\/\\\/www.meslibellules.fr\\\/blog\\\/?s={search_term_string}\"},\"query-input\":{\"@type\":\"PropertyValueSpecification\",\"valueRequired\":true,\"valueName\":\"search_term_string\"}}],\"inLanguage\":\"fr-FR\"},{\"@type\":[\"Person\",\"Organization\"],\"@id\":\"https:\\\/\\\/www.meslibellules.fr\\\/blog\\\/#\\\/schema\\\/person\\\/9aa3586f9dd053fcf329f43b8b053c77\",\"name\":\"Beno\u00eet Guillon\",\"image\":{\"@type\":\"ImageObject\",\"inLanguage\":\"fr-FR\",\"@id\":\"https:\\\/\\\/www.meslibellules.fr\\\/blog\\\/wp-content\\\/uploads\\\/cropped-avatar-150-pix.jpg\",\"url\":\"https:\\\/\\\/www.meslibellules.fr\\\/blog\\\/wp-content\\\/uploads\\\/cropped-avatar-150-pix.jpg\",\"contentUrl\":\"https:\\\/\\\/www.meslibellules.fr\\\/blog\\\/wp-content\\\/uploads\\\/cropped-avatar-150-pix.jpg\",\"width\":150,\"height\":137,\"caption\":\"Beno\u00eet Guillon\"},\"logo\":{\"@id\":\"https:\\\/\\\/www.meslibellules.fr\\\/blog\\\/wp-content\\\/uploads\\\/cropped-avatar-150-pix.jpg\"},\"sameAs\":[\"https:\\\/\\\/www.facebook.com\\\/benoit.guillon.96\\\/\"]}]}<\/script>\n<!-- \/ Yoast SEO plugin. -->","yoast_head_json":{"title":"Rhyothemis - Mes Libellules","description":"Le genre Rhyothemis, Rhyothemis genus en Afrique, Asie et Oc\u00e9anie, caract\u00e9ristiques communes du genre, ailes color\u00e9es, larges ailes","robots":{"index":"index","follow":"follow","max-snippet":"max-snippet:-1","max-image-preview":"max-image-preview:large","max-video-preview":"max-video-preview:-1"},"canonical":"https:\/\/www.meslibellules.fr\/blog\/2025\/02\/06\/rhyothemis\/","og_locale":"fr_FR","og_type":"article","og_title":"Rhyothemis - Mes Libellules","og_description":"Le genre Rhyothemis, Rhyothemis genus en Afrique, Asie et Oc\u00e9anie, caract\u00e9ristiques communes du genre, ailes color\u00e9es, larges ailes","og_url":"https:\/\/www.meslibellules.fr\/blog\/2025\/02\/06\/rhyothemis\/","og_site_name":"Mes Libellules","article_publisher":"https:\/\/www.facebook.com\/benoit.guillon.96\/","article_author":"https:\/\/www.facebook.com\/benoit.guillon.96\/","article_published_time":"2025-02-06T06:46:10+00:00","article_modified_time":"2025-11-10T07:38:11+00:00","og_image":[{"width":1054,"height":1054,"url":"https:\/\/www.meslibellules.fr\/blog\/wp-content\/uploads\/Rhyothemis-aterrima.webp","type":"image\/webp"}],"author":"Beno\u00eet Guillon","twitter_card":"summary_large_image","twitter_misc":{"\u00c9crit par":"Beno\u00eet Guillon","Dur\u00e9e de lecture estim\u00e9e":"5 minutes"},"schema":{"@context":"https:\/\/schema.org","@graph":[{"@type":"Article","@id":"https:\/\/www.meslibellules.fr\/blog\/2025\/02\/06\/rhyothemis\/#article","isPartOf":{"@id":"https:\/\/www.meslibellules.fr\/blog\/2025\/02\/06\/rhyothemis\/"},"author":{"name":"Beno\u00eet Guillon","@id":"https:\/\/www.meslibellules.fr\/blog\/#\/schema\/person\/9aa3586f9dd053fcf329f43b8b053c77"},"headline":"Le genre Rhyothemis &#8211; The Rhyothemis genus","datePublished":"2025-02-06T06:46:10+00:00","dateModified":"2025-11-10T07:38:11+00:00","mainEntityOfPage":{"@id":"https:\/\/www.meslibellules.fr\/blog\/2025\/02\/06\/rhyothemis\/"},"wordCount":525,"commentCount":0,"publisher":{"@id":"https:\/\/www.meslibellules.fr\/blog\/#\/schema\/person\/9aa3586f9dd053fcf329f43b8b053c77"},"image":{"@id":"https:\/\/www.meslibellules.fr\/blog\/2025\/02\/06\/rhyothemis\/#primaryimage"},"thumbnailUrl":"https:\/\/www.meslibellules.fr\/blog\/wp-content\/uploads\/Rhyothemis-aterrima.webp","keywords":["Rhyothemis genus"],"articleSection":["Comparaisons"],"inLanguage":"fr-FR","potentialAction":[{"@type":"CommentAction","name":"Comment","target":["https:\/\/www.meslibellules.fr\/blog\/2025\/02\/06\/rhyothemis\/#respond"]}]},{"@type":"WebPage","@id":"https:\/\/www.meslibellules.fr\/blog\/2025\/02\/06\/rhyothemis\/","url":"https:\/\/www.meslibellules.fr\/blog\/2025\/02\/06\/rhyothemis\/","name":"Rhyothemis - Mes Libellules","isPartOf":{"@id":"https:\/\/www.meslibellules.fr\/blog\/#website"},"primaryImageOfPage":{"@id":"https:\/\/www.meslibellules.fr\/blog\/2025\/02\/06\/rhyothemis\/#primaryimage"},"image":{"@id":"https:\/\/www.meslibellules.fr\/blog\/2025\/02\/06\/rhyothemis\/#primaryimage"},"thumbnailUrl":"https:\/\/www.meslibellules.fr\/blog\/wp-content\/uploads\/Rhyothemis-aterrima.webp","datePublished":"2025-02-06T06:46:10+00:00","dateModified":"2025-11-10T07:38:11+00:00","description":"Le genre Rhyothemis, Rhyothemis genus en Afrique, Asie et Oc\u00e9anie, caract\u00e9ristiques communes du genre, ailes color\u00e9es, larges ailes","breadcrumb":{"@id":"https:\/\/www.meslibellules.fr\/blog\/2025\/02\/06\/rhyothemis\/#breadcrumb"},"inLanguage":"fr-FR","potentialAction":[{"@type":"ReadAction","target":["https:\/\/www.meslibellules.fr\/blog\/2025\/02\/06\/rhyothemis\/"]}]},{"@type":"ImageObject","inLanguage":"fr-FR","@id":"https:\/\/www.meslibellules.fr\/blog\/2025\/02\/06\/rhyothemis\/#primaryimage","url":"https:\/\/www.meslibellules.fr\/blog\/wp-content\/uploads\/Rhyothemis-aterrima.webp","contentUrl":"https:\/\/www.meslibellules.fr\/blog\/wp-content\/uploads\/Rhyothemis-aterrima.webp"},{"@type":"BreadcrumbList","@id":"https:\/\/www.meslibellules.fr\/blog\/2025\/02\/06\/rhyothemis\/#breadcrumb","itemListElement":[{"@type":"ListItem","position":1,"name":"Accueil","item":"https:\/\/www.meslibellules.fr\/blog\/"},{"@type":"ListItem","position":2,"name":"Le genre Rhyothemis &#8211; The Rhyothemis genus"}]},{"@type":"WebSite","@id":"https:\/\/www.meslibellules.fr\/blog\/#website","url":"https:\/\/www.meslibellules.fr\/blog\/","name":"Mes Libellules","description":"Pr\u00e9sentation des libellules rencontr\u00e9es dans le monde","publisher":{"@id":"https:\/\/www.meslibellules.fr\/blog\/#\/schema\/person\/9aa3586f9dd053fcf329f43b8b053c77"},"potentialAction":[{"@type":"SearchAction","target":{"@type":"EntryPoint","urlTemplate":"https:\/\/www.meslibellules.fr\/blog\/?s={search_term_string}"},"query-input":{"@type":"PropertyValueSpecification","valueRequired":true,"valueName":"search_term_string"}}],"inLanguage":"fr-FR"},{"@type":["Person","Organization"],"@id":"https:\/\/www.meslibellules.fr\/blog\/#\/schema\/person\/9aa3586f9dd053fcf329f43b8b053c77","name":"Beno\u00eet Guillon","image":{"@type":"ImageObject","inLanguage":"fr-FR","@id":"https:\/\/www.meslibellules.fr\/blog\/wp-content\/uploads\/cropped-avatar-150-pix.jpg","url":"https:\/\/www.meslibellules.fr\/blog\/wp-content\/uploads\/cropped-avatar-150-pix.jpg","contentUrl":"https:\/\/www.meslibellules.fr\/blog\/wp-content\/uploads\/cropped-avatar-150-pix.jpg","width":150,"height":137,"caption":"Beno\u00eet Guillon"},"logo":{"@id":"https:\/\/www.meslibellules.fr\/blog\/wp-content\/uploads\/cropped-avatar-150-pix.jpg"},"sameAs":["https:\/\/www.facebook.com\/benoit.guillon.96\/"]}]}},"_links":{"self":[{"href":"https:\/\/www.meslibellules.fr\/blog\/wp-json\/wp\/v2\/posts\/23714","targetHints":{"allow":["GET"]}}],"collection":[{"href":"https:\/\/www.meslibellules.fr\/blog\/wp-json\/wp\/v2\/posts"}],"about":[{"href":"https:\/\/www.meslibellules.fr\/blog\/wp-json\/wp\/v2\/types\/post"}],"author":[{"embeddable":true,"href":"https:\/\/www.meslibellules.fr\/blog\/wp-json\/wp\/v2\/users\/1"}],"replies":[{"embeddable":true,"href":"https:\/\/www.meslibellules.fr\/blog\/wp-json\/wp\/v2\/comments?post=23714"}],"version-history":[{"count":1,"href":"https:\/\/www.meslibellules.fr\/blog\/wp-json\/wp\/v2\/posts\/23714\/revisions"}],"predecessor-version":[{"id":26636,"href":"https:\/\/www.meslibellules.fr\/blog\/wp-json\/wp\/v2\/posts\/23714\/revisions\/26636"}],"wp:attachment":[{"href":"https:\/\/www.meslibellules.fr\/blog\/wp-json\/wp\/v2\/media?parent=23714"}],"wp:term":[{"taxonomy":"category","embeddable":true,"href":"https:\/\/www.meslibellules.fr\/blog\/wp-json\/wp\/v2\/categories?post=23714"},{"taxonomy":"post_tag","embeddable":true,"href":"https:\/\/www.meslibellules.fr\/blog\/wp-json\/wp\/v2\/tags?post=23714"}],"curies":[{"name":"wp","href":"https:\/\/api.w.org\/{rel}","templated":true}]}}