{"id":23766,"date":"2025-02-14T05:26:15","date_gmt":"2025-02-14T04:26:15","guid":{"rendered":"https:\/\/www.meslibellules.fr\/blog\/?p=23766"},"modified":"2025-02-16T07:46:54","modified_gmt":"2025-02-16T06:46:54","slug":"calicnemia-erythromelas-male-femelle","status":"publish","type":"post","link":"https:\/\/www.meslibellules.fr\/blog\/2025\/02\/14\/calicnemia-erythromelas-male-femelle\/","title":{"rendered":"Tha\u00eflande &#8211; Calicnemia erythromelas (Selys, 1891)"},"content":{"rendered":"\n<figure class=\"wp-block-image aligncenter size-full is-resized\"><a href=\"https:\/\/www.meslibellules.fr\/blog\/wp-content\/uploads\/Calicnemia-erythromelas-male-2.webp\"><img decoding=\"async\" width=\"2212\" height=\"1204\" data-src=\"https:\/\/www.meslibellules.fr\/blog\/wp-content\/uploads\/Calicnemia-erythromelas-male-2.webp\" alt=\"Calicnemia erythromelas m\u00e2le, Tha\u00eflande, Siriphum Waterfall car park, Do Inthanon National Park, 06\/06\/2024\" class=\"wp-image-23755 lazyload\" style=\"--smush-placeholder-width: 2212px; --smush-placeholder-aspect-ratio: 2212\/1204;width:627px;height:auto\" data-srcset=\"https:\/\/www.meslibellules.fr\/blog\/wp-content\/uploads\/Calicnemia-erythromelas-male-2.webp 2212w, https:\/\/www.meslibellules.fr\/blog\/wp-content\/uploads\/Calicnemia-erythromelas-male-2-768x418.webp 768w, https:\/\/www.meslibellules.fr\/blog\/wp-content\/uploads\/Calicnemia-erythromelas-male-2-1536x836.webp 1536w, https:\/\/www.meslibellules.fr\/blog\/wp-content\/uploads\/Calicnemia-erythromelas-male-2-2048x1115.webp 2048w\" data-sizes=\"(max-width: 2212px) 100vw, 2212px\" src=\"data:image\/svg+xml;base64,PHN2ZyB3aWR0aD0iMSIgaGVpZ2h0PSIxIiB4bWxucz0iaHR0cDovL3d3dy53My5vcmcvMjAwMC9zdmciPjwvc3ZnPg==\" \/><\/a><figcaption class=\"wp-element-caption\">Calicnemia erythromelas m\u00e2le, Tha\u00eflande, Siriphum Waterfall car park, Do Inthanon National Park, 06\/06\/2024<\/figcaption><\/figure>\n\n\n\n<p>Calicnemia erythromelas m\u00e2le est un spectaculaire Platycnemididae que j&rsquo;avais rencontr\u00e9 <a href=\"https:\/\/www.meslibellules.fr\/blog\/2018\/09\/05\/calicnemia-erythromelas\/\" target=\"_blank\" rel=\"noreferrer noopener\">au Vietnam<\/a> ; ceux que j&rsquo;avais alors observ\u00e9s ne se contentaient pas du rouge vif de leur abdomen, mais les parties jaunes du thorax \u00e9taient \u00e9galement presque aussi rouges. Les sujets vus en Tha\u00eflande ne semblent pourtant pas si jeunes puisqu&rsquo;ils formaient des tandems. Mais ce rougissement est certainement d\u00fb au vieillissement ; il suffit de constater la diff\u00e9rence de teinte des bandes ant\u00e9hum\u00e9rales entre les sujets qui encadrent ce paragraphe ; le sujet ci-dessous est manifestement jeune, avec la partie sup\u00e9rieure des yeux encore marron, tandis que chez le sujet ci-dessus cette partie est noire et la bande ant\u00e9hum\u00e9rale orang\u00e9e.<\/p>\n\n\n\n<figure class=\"wp-block-image aligncenter size-full is-resized\"><a href=\"https:\/\/www.meslibellules.fr\/blog\/wp-content\/uploads\/Calicnemia-erythromelas-male-1.webp\"><img decoding=\"async\" width=\"2500\" height=\"1504\" data-src=\"https:\/\/www.meslibellules.fr\/blog\/wp-content\/uploads\/Calicnemia-erythromelas-male-1.webp\" alt=\"Calicnemia erythromelas m\u00e2le, Tha\u00eflande, Siriphum Waterfall car park, Do Inthanon National Park, 06\/06\/2024\" class=\"wp-image-23754 lazyload\" style=\"--smush-placeholder-width: 2500px; --smush-placeholder-aspect-ratio: 2500\/1504;width:628px;height:auto\" data-srcset=\"https:\/\/www.meslibellules.fr\/blog\/wp-content\/uploads\/Calicnemia-erythromelas-male-1.webp 2500w, https:\/\/www.meslibellules.fr\/blog\/wp-content\/uploads\/Calicnemia-erythromelas-male-1-768x462.webp 768w, https:\/\/www.meslibellules.fr\/blog\/wp-content\/uploads\/Calicnemia-erythromelas-male-1-1536x924.webp 1536w, https:\/\/www.meslibellules.fr\/blog\/wp-content\/uploads\/Calicnemia-erythromelas-male-1-2048x1232.webp 2048w\" data-sizes=\"(max-width: 2500px) 100vw, 2500px\" src=\"data:image\/svg+xml;base64,PHN2ZyB3aWR0aD0iMSIgaGVpZ2h0PSIxIiB4bWxucz0iaHR0cDovL3d3dy53My5vcmcvMjAwMC9zdmciPjwvc3ZnPg==\" \/><\/a><figcaption class=\"wp-element-caption\">Calicnemia erythromelas m\u00e2le, Tha\u00eflande, Siriphum Waterfall car park, Do Inthanon National Park, 06\/06\/2024<\/figcaption><\/figure>\n\n\n\n<p>Il est difficile de le confondre avec un autre odonate en Tha\u00eflande, il y a que trois autres Calicnemia : <a href=\"https:\/\/www.meslibellules.fr\/voyages\/malaisie\/calicnemia-chaseni\/calicnemia-chaseni-1\/calicnemia-chaseni-male-1big.jpg\">C. chaseni<\/a> (ici en Malaisie), <a href=\"https:\/\/www.meslibellules.fr\/blog\/wp-content\/uploads\/Calicnemia-imitans-male-1-scaled.webp\">C. imitans<\/a> et <a href=\"https:\/\/www.meslibellules.fr\/blog\/wp-content\/uploads\/2018\/11\/calicnemis-miles-male.jpg\">C. miles<\/a> (au Vietnam) mais Calicnemia erythromelas est le seul \u00e0 montrer un abdomen rouge et noir.<br>Selys nous dit que l&rsquo;abdomen du m\u00e2le mesure 30 mm ce qui lui donne une longueur totale de 36 mm.<\/p>\n\n\n\n<div class=\"wp-block-media-text is-stacked-on-mobile\"><figure class=\"wp-block-media-text__media\"><a href=\"https:\/\/www.meslibellules.fr\/blog\/wp-content\/uploads\/Calicnemia-erythromelas-male-3.webp\"><img decoding=\"async\" width=\"1534\" height=\"1193\" data-src=\"https:\/\/www.meslibellules.fr\/blog\/wp-content\/uploads\/Calicnemia-erythromelas-male-3.webp\" alt=\"Calicnemia erythromelas m\u00e2le, Tha\u00eflande, Siriphum Waterfall car park, Do Inthanon National Park, 06\/06\/2024\" class=\"wp-image-23756 size-full lazyload\" data-srcset=\"https:\/\/www.meslibellules.fr\/blog\/wp-content\/uploads\/Calicnemia-erythromelas-male-3.webp 1534w, https:\/\/www.meslibellules.fr\/blog\/wp-content\/uploads\/Calicnemia-erythromelas-male-3-768x597.webp 768w\" data-sizes=\"(max-width: 1534px) 100vw, 1534px\" src=\"data:image\/svg+xml;base64,PHN2ZyB3aWR0aD0iMSIgaGVpZ2h0PSIxIiB4bWxucz0iaHR0cDovL3d3dy53My5vcmcvMjAwMC9zdmciPjwvc3ZnPg==\" style=\"--smush-placeholder-width: 1534px; --smush-placeholder-aspect-ratio: 1534\/1193;\" \/><\/a><\/figure><div class=\"wp-block-media-text__content\">\n<p>On le rencontre en principe en altitude, sur les suintements (rocheux), les petits ruisseaux et les mares en for\u00eat.<br><br>Son aire de distribution le localise au Myanmar, en Tha\u00eflande, au Laos, au Vietnam et au Yunnan.<br>IUCN Red List.<\/p>\n<\/div><\/div>\n\n\n\n<div style=\"height:28px\" aria-hidden=\"true\" class=\"wp-block-spacer\"><\/div>\n\n\n\n<p>C&rsquo;\u00e9tait la premi\u00e8re fois que je rencontrais une femelle isol\u00e9e et il faut remarquer l&rsquo;extr\u00e9mit\u00e9 de l&rsquo;abdomen plus massive pour la s\u00e9parer des m\u00e2les, car leur habitus est tr\u00e8s ressemblant. Mais comme on le constate sur les photos de tandem plus bas, le rouge de l&rsquo;abdomen est moins vif.<\/p>\n\n\n\n<figure class=\"wp-block-image aligncenter size-full is-resized\"><a href=\"https:\/\/www.meslibellules.fr\/blog\/wp-content\/uploads\/Calicnemia-erythromelas-femelle-4.webp\"><img decoding=\"async\" width=\"1782\" height=\"1204\" data-src=\"https:\/\/www.meslibellules.fr\/blog\/wp-content\/uploads\/Calicnemia-erythromelas-femelle-4.webp\" alt=\"Calicnemia erythromelas femelle, Tha\u00eflande, Siriphum Waterfall car park, Do Inthanon National Park, 06\/06\/2024\" class=\"wp-image-23753 lazyload\" style=\"--smush-placeholder-width: 1782px; --smush-placeholder-aspect-ratio: 1782\/1204;width:532px;height:auto\" data-srcset=\"https:\/\/www.meslibellules.fr\/blog\/wp-content\/uploads\/Calicnemia-erythromelas-femelle-4.webp 1782w, https:\/\/www.meslibellules.fr\/blog\/wp-content\/uploads\/Calicnemia-erythromelas-femelle-4-768x519.webp 768w, https:\/\/www.meslibellules.fr\/blog\/wp-content\/uploads\/Calicnemia-erythromelas-femelle-4-1536x1038.webp 1536w\" data-sizes=\"(max-width: 1782px) 100vw, 1782px\" src=\"data:image\/svg+xml;base64,PHN2ZyB3aWR0aD0iMSIgaGVpZ2h0PSIxIiB4bWxucz0iaHR0cDovL3d3dy53My5vcmcvMjAwMC9zdmciPjwvc3ZnPg==\" \/><\/a><figcaption class=\"wp-element-caption\">Calicnemia erythromelas femelle, Tha\u00eflande, Siriphum Waterfall car park, Do Inthanon National Park, 06\/06\/2024<\/figcaption><\/figure>\n\n\n\n<div class=\"wp-block-media-text is-stacked-on-mobile\" style=\"grid-template-columns:42% auto\"><figure class=\"wp-block-media-text__media\"><a href=\"https:\/\/www.meslibellules.fr\/blog\/wp-content\/uploads\/Calicnemia-erythromelas-collection-Selys.webp\"><img decoding=\"async\" width=\"832\" height=\"964\" data-src=\"https:\/\/www.meslibellules.fr\/blog\/wp-content\/uploads\/Calicnemia-erythromelas-collection-Selys.webp\" alt=\"\" class=\"wp-image-23782 size-full lazyload\" data-srcset=\"https:\/\/www.meslibellules.fr\/blog\/wp-content\/uploads\/Calicnemia-erythromelas-collection-Selys.webp 832w, https:\/\/www.meslibellules.fr\/blog\/wp-content\/uploads\/Calicnemia-erythromelas-collection-Selys-768x890.webp 768w\" data-sizes=\"(max-width: 832px) 100vw, 832px\" src=\"data:image\/svg+xml;base64,PHN2ZyB3aWR0aD0iMSIgaGVpZ2h0PSIxIiB4bWxucz0iaHR0cDovL3d3dy53My5vcmcvMjAwMC9zdmciPjwvc3ZnPg==\" style=\"--smush-placeholder-width: 832px; --smush-placeholder-aspect-ratio: 832\/964;\" \/><\/a><\/figure><div class=\"wp-block-media-text__content\">\n<p>Calicnemnis erythromelas dans la collection Selys d\u00e9tenue par l&rsquo;Institut Royal des Sciences Naturelles de Belgique, photo publi\u00e9e par Karin Verspui (3).<\/p>\n<\/div><\/div>\n\n\n\n<p><span style=\"text-decoration: underline;\"><strong>\u00c9tymologie<\/strong><\/span><br \/><strong>Calicnemia<\/strong>\u00a0(Sand, 1928) vient sans doute de la racine grec\u00a0<em>cal<\/em>, qui signifie<em>\u00a0beau<\/em>\u00a0et du grec ancien \u00ab\u00a0<em>kn\u0113m\u0113<\/em>\u00a0\u00bb pour\u00a0<em>jambe<\/em>. Selys avait cr\u00e9\u00e9 le genre Calicnemis (1) en 1863, mais il ignorait que le nom est d\u00e9j\u00e0 \u00ab\u00a0pr\u00e9occup\u00e9\u00a0\u00bb par un\u00a0<a href=\"https:\/\/fr.wikipedia.org\/wiki\/Calicnemis\" target=\"_blank\" rel=\"noreferrer noopener\">col\u00e9opt\u00e8re<\/a>\u00a0depuis 1832. Sand, en 1928, a transform\u00e9 Calicnemis en Calicnemia. Il faut rappeler que cette esp\u00e8ce appartient \u00e0 la famille des Platycnemididae (<em>Platy<\/em>, qui signifie large en grec et le m\u00eame \u00ab\u00a0<em>kn\u0113m\u0113<\/em>\u00a0\u00bb pour\u00a0<em>jambe<\/em>\u00a0qui s\u2019illustre en Europe pour la largeur des tibias des m\u00e2les de nos\u00a0<a href=\"https:\/\/www.meslibellules.fr\/pagesweb\/plactycnemididae\/latipes\/platycnemis-latipes-male-2\/platycnemis-latipes-male-4big.jpg\">Platycnemis latipes)<\/a>.<br \/>Mais en fait, cnemis ou cnemia ne doivent \u00eatre vus que comme un signe d\u2019appartenance au Platycnemididae car Selys pr\u00e9cisait pour les Calicnemis : \u00ab\u00a0Tibias non dilat\u00e9s (comme tous les autres genres [de Platycnemididae], except\u00e9 Platycnemis).<br \/><strong>Erythromelas<\/strong> (2), du grec\u00a0<em>\u00e9rythr\u00f3s<\/em>\u00a0pour\u00a0<em>rouge<\/em>\u00a0et\u00a0<em>m\u00e9las<\/em>, pour noir. Et il est vrai que cette esp\u00e8ce est absolument rouge et noire.<\/p>\n\n\n\n<figure class=\"wp-block-gallery has-nested-images columns-default is-cropped wp-block-gallery-1 is-layout-flex wp-block-gallery-is-layout-flex\">\n<figure class=\"wp-block-image size-large\"><a href=\"https:\/\/www.meslibellules.fr\/blog\/wp-content\/uploads\/Calicnemia-erythromelas-tandem-2.webp\"><img decoding=\"async\" width=\"2160\" height=\"1504\" data-id=\"23758\" data-src=\"https:\/\/www.meslibellules.fr\/blog\/wp-content\/uploads\/Calicnemia-erythromelas-tandem-2.webp\" alt=\"Calicnemia erythromelas tandem, Tha\u00eflande, Siriphum Waterfall car park, Do Inthanon National Park, 05\/06\/2024\" class=\"wp-image-23758 lazyload\" data-srcset=\"https:\/\/www.meslibellules.fr\/blog\/wp-content\/uploads\/Calicnemia-erythromelas-tandem-2.webp 2160w, https:\/\/www.meslibellules.fr\/blog\/wp-content\/uploads\/Calicnemia-erythromelas-tandem-2-768x535.webp 768w, https:\/\/www.meslibellules.fr\/blog\/wp-content\/uploads\/Calicnemia-erythromelas-tandem-2-1536x1070.webp 1536w, https:\/\/www.meslibellules.fr\/blog\/wp-content\/uploads\/Calicnemia-erythromelas-tandem-2-2048x1426.webp 2048w\" data-sizes=\"(max-width: 2160px) 100vw, 2160px\" src=\"data:image\/svg+xml;base64,PHN2ZyB3aWR0aD0iMSIgaGVpZ2h0PSIxIiB4bWxucz0iaHR0cDovL3d3dy53My5vcmcvMjAwMC9zdmciPjwvc3ZnPg==\" style=\"--smush-placeholder-width: 2160px; --smush-placeholder-aspect-ratio: 2160\/1504;\" \/><\/a><\/figure>\n\n\n\n<figure class=\"wp-block-image size-large\"><a href=\"https:\/\/www.meslibellules.fr\/blog\/wp-content\/uploads\/Calicnemia-erythromelas-tandem-1.webp\"><img decoding=\"async\" width=\"1882\" height=\"1204\" data-id=\"23757\" data-src=\"https:\/\/www.meslibellules.fr\/blog\/wp-content\/uploads\/Calicnemia-erythromelas-tandem-1.webp\" alt=\"Calicnemia erythromelas tandem, Tha\u00eflande, Siriphum Waterfall car park, Do Inthanon National Park, 05\/06\/2024\" class=\"wp-image-23757 lazyload\" data-srcset=\"https:\/\/www.meslibellules.fr\/blog\/wp-content\/uploads\/Calicnemia-erythromelas-tandem-1.webp 1882w, https:\/\/www.meslibellules.fr\/blog\/wp-content\/uploads\/Calicnemia-erythromelas-tandem-1-768x491.webp 768w, https:\/\/www.meslibellules.fr\/blog\/wp-content\/uploads\/Calicnemia-erythromelas-tandem-1-1536x983.webp 1536w\" data-sizes=\"(max-width: 1882px) 100vw, 1882px\" src=\"data:image\/svg+xml;base64,PHN2ZyB3aWR0aD0iMSIgaGVpZ2h0PSIxIiB4bWxucz0iaHR0cDovL3d3dy53My5vcmcvMjAwMC9zdmciPjwvc3ZnPg==\" style=\"--smush-placeholder-width: 1882px; --smush-placeholder-aspect-ratio: 1882\/1204;\" \/><\/a><\/figure>\n<figcaption class=\"blocks-gallery-caption wp-element-caption\">Calicnemia erythromelas tandem, Tha\u00eflande, Siriphum Waterfall car park, Do Inthanon National Park, 05\/06\/2024<\/figcaption><\/figure>\n\n\n\n<div style=\"height:32px\" aria-hidden=\"true\" class=\"wp-block-spacer\"><\/div>\n\n\n\n<p style=\"font-size:13px\">-1- Selys, 1863 \u2013&nbsp;<a href=\"https:\/\/www.persee.fr\/doc\/marb_0770-8459_1886_num_38_1_2330\">R\u00e9vision du Synopsis des Agrionines. Premi\u00e8re partie comprenant les l\u00e9gions Pseudostigma \u2013 Podagrion \u2013 Platycemis et Protonevra<\/a>. M\u00e9moires couronn\u00e9s et autres m\u00e9moires publi\u00e9s par l\u2019Acad\u00e9mie royale des sciences, des lettres et des beaux-arts. p 130.<br>-2- Selys, 1891 \u2013&nbsp;<a href=\"https:\/\/www.biodiversitylibrary.org\/page\/30149944#page\/519\/mode\/1up\" target=\"_blank\" rel=\"noreferrer noopener\">Odonates de Birmanie, Viaggio di Leonardo Fea in Birmania e regioni vicine<\/a>, p 505.<br>-3- Karin Verspui, 2017 &#8211; <a href=\"https:\/\/www.researchgate.net\/publication\/317647614_Negentiende-eeuwse_libellenaquarellen_met_een_Nederlands_tintje_Nineteenth_century_watercolours_of_dragonflies_and_damselflies_with_a_connection_to_the_Netherlands_With_summary_and_captions_in_English\">Negentiende-eeuwse libellenaquarellen met een Nederlands tintje (Nineteenth century watercolours of dragonflies and damselflies with a connection to the Netherlands. With summary and captions in English)<\/a> &#8211; Brachytron 19-1<\/p>\n\n\n\n<div style=\"height:30px\" aria-hidden=\"true\" class=\"wp-block-spacer\"><\/div>\n\n\n\n<div class=\"wp-block-buttons is-vertical is-layout-flex wp-container-core-buttons-is-layout-16cda065 wp-block-buttons-is-layout-flex\">\n<div class=\"wp-block-button\"><a class=\"wp-block-button__link wp-element-button\" href=\"https:\/\/www.meslibellules.fr\/blog\/libellules-de-thailande\/\">Accueil Tha\u00eflande<\/a><\/div>\n\n\n\n<div class=\"wp-block-button\"><a class=\"wp-block-button__link wp-element-button\" href=\"http:\/\/www.meslibellules.fr\/pagesweb\/divers\/liste-generale-odonates-du-site\/asia-odonates.php\">Liste Asie<\/a><\/div>\n\n\n\n<div class=\"wp-block-button\"><a class=\"wp-block-button__link wp-element-button\" href=\"https:\/\/www.meslibellules.fr\/blog\/\">Accueil<\/a><\/div>\n<\/div>\n","protected":false},"excerpt":{"rendered":"<p>Calicnemia erythromelas m\u00e2le est un spectaculaire Platycnemididae que j&rsquo;avais rencontr\u00e9 au Vietnam ; ceux que j&rsquo;avais alors observ\u00e9s ne se contentaient pas du rouge vif de leur abdomen, mais les parties jaunes du thorax \u00e9taient \u00e9galement presque aussi rouges. Les sujets vus en Tha\u00eflande ne semblent pourtant pas si jeunes puisqu&rsquo;ils formaient des tandems. Mais [&hellip;]<\/p>\n","protected":false},"author":1,"featured_media":0,"comment_status":"open","ping_status":"open","sticky":false,"template":"","format":"image","meta":{"site-sidebar-layout":"default","site-content-layout":"","ast-site-content-layout":"default","site-content-style":"default","site-sidebar-style":"default","ast-global-header-display":"","ast-banner-title-visibility":"","ast-main-header-display":"","ast-hfb-above-header-display":"","ast-hfb-below-header-display":"","ast-hfb-mobile-header-display":"","site-post-title":"","ast-breadcrumbs-content":"","ast-featured-img":"","footer-sml-layout":"","ast-disable-related-posts":"","theme-transparent-header-meta":"","adv-header-id-meta":"","stick-header-meta":"","header-above-stick-meta":"","header-main-stick-meta":"","header-below-stick-meta":"","astra-migrate-meta-layouts":"set","ast-page-background-enabled":"default","ast-page-background-meta":{"desktop":{"background-color":"var(--ast-global-color-4)","background-image":"","background-repeat":"repeat","background-position":"center center","background-size":"auto","background-attachment":"scroll","background-type":"","background-media":"","overlay-type":"","overlay-color":"","overlay-opacity":"","overlay-gradient":""},"tablet":{"background-color":"","background-image":"","background-repeat":"repeat","background-position":"center center","background-size":"auto","background-attachment":"scroll","background-type":"","background-media":"","overlay-type":"","overlay-color":"","overlay-opacity":"","overlay-gradient":""},"mobile":{"background-color":"","background-image":"","background-repeat":"repeat","background-position":"center center","background-size":"auto","background-attachment":"scroll","background-type":"","background-media":"","overlay-type":"","overlay-color":"","overlay-opacity":"","overlay-gradient":""}},"ast-content-background-meta":{"desktop":{"background-color":"var(--ast-global-color-5)","background-image":"","background-repeat":"repeat","background-position":"center center","background-size":"auto","background-attachment":"scroll","background-type":"","background-media":"","overlay-type":"","overlay-color":"","overlay-opacity":"","overlay-gradient":""},"tablet":{"background-color":"var(--ast-global-color-5)","background-image":"","background-repeat":"repeat","background-position":"center center","background-size":"auto","background-attachment":"scroll","background-type":"","background-media":"","overlay-type":"","overlay-color":"","overlay-opacity":"","overlay-gradient":""},"mobile":{"background-color":"var(--ast-global-color-5)","background-image":"","background-repeat":"repeat","background-position":"center center","background-size":"auto","background-attachment":"scroll","background-type":"","background-media":"","overlay-type":"","overlay-color":"","overlay-opacity":"","overlay-gradient":""}},"footnotes":""},"categories":[1386,1379],"tags":[38563,1381],"class_list":["post-23766","post","type-post","status-publish","format-image","hentry","category-platycnemididae-thailande","category-thailande","tag-platycnemididae-thailande","tag-thailande","post_format-post-format-image"],"yoast_head":"<!-- This site is optimized with the Yoast SEO plugin v27.5 - https:\/\/yoast.com\/product\/yoast-seo-wordpress\/ -->\n<title>Calicnemia erythromelas m\u00e2le - Mes Libellules<\/title>\n<meta name=\"description\" content=\"Calicnemia erythromelas m\u00e2le, femelle et tandems, description, identification, taille, habitat, distribution g\u00e9ographique, \u00e9tymologie\" \/>\n<meta name=\"robots\" content=\"index, follow, max-snippet:-1, max-image-preview:large, max-video-preview:-1\" \/>\n<link rel=\"canonical\" href=\"https:\/\/www.meslibellules.fr\/blog\/2025\/02\/14\/calicnemia-erythromelas-male-femelle\/\" \/>\n<meta property=\"og:locale\" content=\"fr_FR\" \/>\n<meta property=\"og:type\" content=\"article\" \/>\n<meta property=\"og:title\" content=\"Calicnemia erythromelas m\u00e2le - Mes Libellules\" \/>\n<meta property=\"og:description\" content=\"Calicnemia erythromelas m\u00e2le, femelle et tandems, description, identification, taille, habitat, distribution g\u00e9ographique, \u00e9tymologie\" \/>\n<meta property=\"og:url\" content=\"https:\/\/www.meslibellules.fr\/blog\/2025\/02\/14\/calicnemia-erythromelas-male-femelle\/\" \/>\n<meta property=\"og:site_name\" content=\"Mes Libellules\" \/>\n<meta property=\"article:publisher\" content=\"https:\/\/www.facebook.com\/benoit.guillon.96\/\" \/>\n<meta property=\"article:author\" content=\"https:\/\/www.facebook.com\/benoit.guillon.96\/\" \/>\n<meta property=\"article:published_time\" content=\"2025-02-14T04:26:15+00:00\" \/>\n<meta property=\"article:modified_time\" content=\"2025-02-16T06:46:54+00:00\" \/>\n<meta property=\"og:image\" content=\"https:\/\/www.meslibellules.fr\/blog\/wp-content\/uploads\/Calicnemia-erythromelas-male-2.webp\" \/>\n\t<meta property=\"og:image:width\" content=\"2212\" \/>\n\t<meta property=\"og:image:height\" content=\"1204\" \/>\n\t<meta property=\"og:image:type\" content=\"image\/webp\" \/>\n<meta name=\"author\" content=\"Beno\u00eet Guillon\" \/>\n<meta name=\"twitter:card\" content=\"summary_large_image\" \/>\n<meta name=\"twitter:label1\" content=\"\u00c9crit par\" \/>\n\t<meta name=\"twitter:data1\" content=\"Beno\u00eet Guillon\" \/>\n\t<meta name=\"twitter:label2\" content=\"Dur\u00e9e de lecture estim\u00e9e\" \/>\n\t<meta name=\"twitter:data2\" content=\"5 minutes\" \/>\n<script type=\"application\/ld+json\" class=\"yoast-schema-graph\">{\"@context\":\"https:\\\/\\\/schema.org\",\"@graph\":[{\"@type\":\"Article\",\"@id\":\"https:\\\/\\\/www.meslibellules.fr\\\/blog\\\/2025\\\/02\\\/14\\\/calicnemia-erythromelas-male-femelle\\\/#article\",\"isPartOf\":{\"@id\":\"https:\\\/\\\/www.meslibellules.fr\\\/blog\\\/2025\\\/02\\\/14\\\/calicnemia-erythromelas-male-femelle\\\/\"},\"author\":{\"name\":\"Beno\u00eet Guillon\",\"@id\":\"https:\\\/\\\/www.meslibellules.fr\\\/blog\\\/#\\\/schema\\\/person\\\/9aa3586f9dd053fcf329f43b8b053c77\"},\"headline\":\"Tha\u00eflande &#8211; Calicnemia erythromelas (Selys, 1891)\",\"datePublished\":\"2025-02-14T04:26:15+00:00\",\"dateModified\":\"2025-02-16T06:46:54+00:00\",\"mainEntityOfPage\":{\"@id\":\"https:\\\/\\\/www.meslibellules.fr\\\/blog\\\/2025\\\/02\\\/14\\\/calicnemia-erythromelas-male-femelle\\\/\"},\"wordCount\":622,\"commentCount\":0,\"publisher\":{\"@id\":\"https:\\\/\\\/www.meslibellules.fr\\\/blog\\\/#\\\/schema\\\/person\\\/9aa3586f9dd053fcf329f43b8b053c77\"},\"image\":{\"@id\":\"https:\\\/\\\/www.meslibellules.fr\\\/blog\\\/2025\\\/02\\\/14\\\/calicnemia-erythromelas-male-femelle\\\/#primaryimage\"},\"thumbnailUrl\":\"https:\\\/\\\/www.meslibellules.fr\\\/blog\\\/wp-content\\\/uploads\\\/Calicnemia-erythromelas-male-2.webp\",\"keywords\":[\"Platycnemididae - Tha\u00eflande\",\"Tha\u00eflande\"],\"articleSection\":[\"Platycnemididae\",\"Tha\u00eflande\"],\"inLanguage\":\"fr-FR\",\"potentialAction\":[{\"@type\":\"CommentAction\",\"name\":\"Comment\",\"target\":[\"https:\\\/\\\/www.meslibellules.fr\\\/blog\\\/2025\\\/02\\\/14\\\/calicnemia-erythromelas-male-femelle\\\/#respond\"]}]},{\"@type\":\"WebPage\",\"@id\":\"https:\\\/\\\/www.meslibellules.fr\\\/blog\\\/2025\\\/02\\\/14\\\/calicnemia-erythromelas-male-femelle\\\/\",\"url\":\"https:\\\/\\\/www.meslibellules.fr\\\/blog\\\/2025\\\/02\\\/14\\\/calicnemia-erythromelas-male-femelle\\\/\",\"name\":\"Calicnemia erythromelas m\u00e2le - Mes Libellules\",\"isPartOf\":{\"@id\":\"https:\\\/\\\/www.meslibellules.fr\\\/blog\\\/#website\"},\"primaryImageOfPage\":{\"@id\":\"https:\\\/\\\/www.meslibellules.fr\\\/blog\\\/2025\\\/02\\\/14\\\/calicnemia-erythromelas-male-femelle\\\/#primaryimage\"},\"image\":{\"@id\":\"https:\\\/\\\/www.meslibellules.fr\\\/blog\\\/2025\\\/02\\\/14\\\/calicnemia-erythromelas-male-femelle\\\/#primaryimage\"},\"thumbnailUrl\":\"https:\\\/\\\/www.meslibellules.fr\\\/blog\\\/wp-content\\\/uploads\\\/Calicnemia-erythromelas-male-2.webp\",\"datePublished\":\"2025-02-14T04:26:15+00:00\",\"dateModified\":\"2025-02-16T06:46:54+00:00\",\"description\":\"Calicnemia erythromelas m\u00e2le, femelle et tandems, description, identification, taille, habitat, distribution g\u00e9ographique, \u00e9tymologie\",\"breadcrumb\":{\"@id\":\"https:\\\/\\\/www.meslibellules.fr\\\/blog\\\/2025\\\/02\\\/14\\\/calicnemia-erythromelas-male-femelle\\\/#breadcrumb\"},\"inLanguage\":\"fr-FR\",\"potentialAction\":[{\"@type\":\"ReadAction\",\"target\":[\"https:\\\/\\\/www.meslibellules.fr\\\/blog\\\/2025\\\/02\\\/14\\\/calicnemia-erythromelas-male-femelle\\\/\"]}]},{\"@type\":\"ImageObject\",\"inLanguage\":\"fr-FR\",\"@id\":\"https:\\\/\\\/www.meslibellules.fr\\\/blog\\\/2025\\\/02\\\/14\\\/calicnemia-erythromelas-male-femelle\\\/#primaryimage\",\"url\":\"https:\\\/\\\/www.meslibellules.fr\\\/blog\\\/wp-content\\\/uploads\\\/Calicnemia-erythromelas-male-2.webp\",\"contentUrl\":\"https:\\\/\\\/www.meslibellules.fr\\\/blog\\\/wp-content\\\/uploads\\\/Calicnemia-erythromelas-male-2.webp\"},{\"@type\":\"BreadcrumbList\",\"@id\":\"https:\\\/\\\/www.meslibellules.fr\\\/blog\\\/2025\\\/02\\\/14\\\/calicnemia-erythromelas-male-femelle\\\/#breadcrumb\",\"itemListElement\":[{\"@type\":\"ListItem\",\"position\":1,\"name\":\"Accueil\",\"item\":\"https:\\\/\\\/www.meslibellules.fr\\\/blog\\\/\"},{\"@type\":\"ListItem\",\"position\":2,\"name\":\"Tha\u00eflande &#8211; Calicnemia erythromelas (Selys, 1891)\"}]},{\"@type\":\"WebSite\",\"@id\":\"https:\\\/\\\/www.meslibellules.fr\\\/blog\\\/#website\",\"url\":\"https:\\\/\\\/www.meslibellules.fr\\\/blog\\\/\",\"name\":\"Mes Libellules\",\"description\":\"Pr\u00e9sentation des libellules rencontr\u00e9es dans le monde\",\"publisher\":{\"@id\":\"https:\\\/\\\/www.meslibellules.fr\\\/blog\\\/#\\\/schema\\\/person\\\/9aa3586f9dd053fcf329f43b8b053c77\"},\"potentialAction\":[{\"@type\":\"SearchAction\",\"target\":{\"@type\":\"EntryPoint\",\"urlTemplate\":\"https:\\\/\\\/www.meslibellules.fr\\\/blog\\\/?s={search_term_string}\"},\"query-input\":{\"@type\":\"PropertyValueSpecification\",\"valueRequired\":true,\"valueName\":\"search_term_string\"}}],\"inLanguage\":\"fr-FR\"},{\"@type\":[\"Person\",\"Organization\"],\"@id\":\"https:\\\/\\\/www.meslibellules.fr\\\/blog\\\/#\\\/schema\\\/person\\\/9aa3586f9dd053fcf329f43b8b053c77\",\"name\":\"Beno\u00eet Guillon\",\"image\":{\"@type\":\"ImageObject\",\"inLanguage\":\"fr-FR\",\"@id\":\"https:\\\/\\\/www.meslibellules.fr\\\/blog\\\/wp-content\\\/uploads\\\/cropped-avatar-150-pix.jpg\",\"url\":\"https:\\\/\\\/www.meslibellules.fr\\\/blog\\\/wp-content\\\/uploads\\\/cropped-avatar-150-pix.jpg\",\"contentUrl\":\"https:\\\/\\\/www.meslibellules.fr\\\/blog\\\/wp-content\\\/uploads\\\/cropped-avatar-150-pix.jpg\",\"width\":150,\"height\":137,\"caption\":\"Beno\u00eet Guillon\"},\"logo\":{\"@id\":\"https:\\\/\\\/www.meslibellules.fr\\\/blog\\\/wp-content\\\/uploads\\\/cropped-avatar-150-pix.jpg\"},\"sameAs\":[\"https:\\\/\\\/www.facebook.com\\\/benoit.guillon.96\\\/\"]}]}<\/script>\n<!-- \/ Yoast SEO plugin. -->","yoast_head_json":{"title":"Calicnemia erythromelas m\u00e2le - Mes Libellules","description":"Calicnemia erythromelas m\u00e2le, femelle et tandems, description, identification, taille, habitat, distribution g\u00e9ographique, \u00e9tymologie","robots":{"index":"index","follow":"follow","max-snippet":"max-snippet:-1","max-image-preview":"max-image-preview:large","max-video-preview":"max-video-preview:-1"},"canonical":"https:\/\/www.meslibellules.fr\/blog\/2025\/02\/14\/calicnemia-erythromelas-male-femelle\/","og_locale":"fr_FR","og_type":"article","og_title":"Calicnemia erythromelas m\u00e2le - Mes Libellules","og_description":"Calicnemia erythromelas m\u00e2le, femelle et tandems, description, identification, taille, habitat, distribution g\u00e9ographique, \u00e9tymologie","og_url":"https:\/\/www.meslibellules.fr\/blog\/2025\/02\/14\/calicnemia-erythromelas-male-femelle\/","og_site_name":"Mes Libellules","article_publisher":"https:\/\/www.facebook.com\/benoit.guillon.96\/","article_author":"https:\/\/www.facebook.com\/benoit.guillon.96\/","article_published_time":"2025-02-14T04:26:15+00:00","article_modified_time":"2025-02-16T06:46:54+00:00","og_image":[{"width":2212,"height":1204,"url":"https:\/\/www.meslibellules.fr\/blog\/wp-content\/uploads\/Calicnemia-erythromelas-male-2.webp","type":"image\/webp"}],"author":"Beno\u00eet Guillon","twitter_card":"summary_large_image","twitter_misc":{"\u00c9crit par":"Beno\u00eet Guillon","Dur\u00e9e de lecture estim\u00e9e":"5 minutes"},"schema":{"@context":"https:\/\/schema.org","@graph":[{"@type":"Article","@id":"https:\/\/www.meslibellules.fr\/blog\/2025\/02\/14\/calicnemia-erythromelas-male-femelle\/#article","isPartOf":{"@id":"https:\/\/www.meslibellules.fr\/blog\/2025\/02\/14\/calicnemia-erythromelas-male-femelle\/"},"author":{"name":"Beno\u00eet Guillon","@id":"https:\/\/www.meslibellules.fr\/blog\/#\/schema\/person\/9aa3586f9dd053fcf329f43b8b053c77"},"headline":"Tha\u00eflande &#8211; Calicnemia erythromelas (Selys, 1891)","datePublished":"2025-02-14T04:26:15+00:00","dateModified":"2025-02-16T06:46:54+00:00","mainEntityOfPage":{"@id":"https:\/\/www.meslibellules.fr\/blog\/2025\/02\/14\/calicnemia-erythromelas-male-femelle\/"},"wordCount":622,"commentCount":0,"publisher":{"@id":"https:\/\/www.meslibellules.fr\/blog\/#\/schema\/person\/9aa3586f9dd053fcf329f43b8b053c77"},"image":{"@id":"https:\/\/www.meslibellules.fr\/blog\/2025\/02\/14\/calicnemia-erythromelas-male-femelle\/#primaryimage"},"thumbnailUrl":"https:\/\/www.meslibellules.fr\/blog\/wp-content\/uploads\/Calicnemia-erythromelas-male-2.webp","keywords":["Platycnemididae - Tha\u00eflande","Tha\u00eflande"],"articleSection":["Platycnemididae","Tha\u00eflande"],"inLanguage":"fr-FR","potentialAction":[{"@type":"CommentAction","name":"Comment","target":["https:\/\/www.meslibellules.fr\/blog\/2025\/02\/14\/calicnemia-erythromelas-male-femelle\/#respond"]}]},{"@type":"WebPage","@id":"https:\/\/www.meslibellules.fr\/blog\/2025\/02\/14\/calicnemia-erythromelas-male-femelle\/","url":"https:\/\/www.meslibellules.fr\/blog\/2025\/02\/14\/calicnemia-erythromelas-male-femelle\/","name":"Calicnemia erythromelas m\u00e2le - Mes Libellules","isPartOf":{"@id":"https:\/\/www.meslibellules.fr\/blog\/#website"},"primaryImageOfPage":{"@id":"https:\/\/www.meslibellules.fr\/blog\/2025\/02\/14\/calicnemia-erythromelas-male-femelle\/#primaryimage"},"image":{"@id":"https:\/\/www.meslibellules.fr\/blog\/2025\/02\/14\/calicnemia-erythromelas-male-femelle\/#primaryimage"},"thumbnailUrl":"https:\/\/www.meslibellules.fr\/blog\/wp-content\/uploads\/Calicnemia-erythromelas-male-2.webp","datePublished":"2025-02-14T04:26:15+00:00","dateModified":"2025-02-16T06:46:54+00:00","description":"Calicnemia erythromelas m\u00e2le, femelle et tandems, description, identification, taille, habitat, distribution g\u00e9ographique, \u00e9tymologie","breadcrumb":{"@id":"https:\/\/www.meslibellules.fr\/blog\/2025\/02\/14\/calicnemia-erythromelas-male-femelle\/#breadcrumb"},"inLanguage":"fr-FR","potentialAction":[{"@type":"ReadAction","target":["https:\/\/www.meslibellules.fr\/blog\/2025\/02\/14\/calicnemia-erythromelas-male-femelle\/"]}]},{"@type":"ImageObject","inLanguage":"fr-FR","@id":"https:\/\/www.meslibellules.fr\/blog\/2025\/02\/14\/calicnemia-erythromelas-male-femelle\/#primaryimage","url":"https:\/\/www.meslibellules.fr\/blog\/wp-content\/uploads\/Calicnemia-erythromelas-male-2.webp","contentUrl":"https:\/\/www.meslibellules.fr\/blog\/wp-content\/uploads\/Calicnemia-erythromelas-male-2.webp"},{"@type":"BreadcrumbList","@id":"https:\/\/www.meslibellules.fr\/blog\/2025\/02\/14\/calicnemia-erythromelas-male-femelle\/#breadcrumb","itemListElement":[{"@type":"ListItem","position":1,"name":"Accueil","item":"https:\/\/www.meslibellules.fr\/blog\/"},{"@type":"ListItem","position":2,"name":"Tha\u00eflande &#8211; Calicnemia erythromelas (Selys, 1891)"}]},{"@type":"WebSite","@id":"https:\/\/www.meslibellules.fr\/blog\/#website","url":"https:\/\/www.meslibellules.fr\/blog\/","name":"Mes Libellules","description":"Pr\u00e9sentation des libellules rencontr\u00e9es dans le monde","publisher":{"@id":"https:\/\/www.meslibellules.fr\/blog\/#\/schema\/person\/9aa3586f9dd053fcf329f43b8b053c77"},"potentialAction":[{"@type":"SearchAction","target":{"@type":"EntryPoint","urlTemplate":"https:\/\/www.meslibellules.fr\/blog\/?s={search_term_string}"},"query-input":{"@type":"PropertyValueSpecification","valueRequired":true,"valueName":"search_term_string"}}],"inLanguage":"fr-FR"},{"@type":["Person","Organization"],"@id":"https:\/\/www.meslibellules.fr\/blog\/#\/schema\/person\/9aa3586f9dd053fcf329f43b8b053c77","name":"Beno\u00eet Guillon","image":{"@type":"ImageObject","inLanguage":"fr-FR","@id":"https:\/\/www.meslibellules.fr\/blog\/wp-content\/uploads\/cropped-avatar-150-pix.jpg","url":"https:\/\/www.meslibellules.fr\/blog\/wp-content\/uploads\/cropped-avatar-150-pix.jpg","contentUrl":"https:\/\/www.meslibellules.fr\/blog\/wp-content\/uploads\/cropped-avatar-150-pix.jpg","width":150,"height":137,"caption":"Beno\u00eet Guillon"},"logo":{"@id":"https:\/\/www.meslibellules.fr\/blog\/wp-content\/uploads\/cropped-avatar-150-pix.jpg"},"sameAs":["https:\/\/www.facebook.com\/benoit.guillon.96\/"]}]}},"_links":{"self":[{"href":"https:\/\/www.meslibellules.fr\/blog\/wp-json\/wp\/v2\/posts\/23766","targetHints":{"allow":["GET"]}}],"collection":[{"href":"https:\/\/www.meslibellules.fr\/blog\/wp-json\/wp\/v2\/posts"}],"about":[{"href":"https:\/\/www.meslibellules.fr\/blog\/wp-json\/wp\/v2\/types\/post"}],"author":[{"embeddable":true,"href":"https:\/\/www.meslibellules.fr\/blog\/wp-json\/wp\/v2\/users\/1"}],"replies":[{"embeddable":true,"href":"https:\/\/www.meslibellules.fr\/blog\/wp-json\/wp\/v2\/comments?post=23766"}],"version-history":[{"count":11,"href":"https:\/\/www.meslibellules.fr\/blog\/wp-json\/wp\/v2\/posts\/23766\/revisions"}],"predecessor-version":[{"id":23785,"href":"https:\/\/www.meslibellules.fr\/blog\/wp-json\/wp\/v2\/posts\/23766\/revisions\/23785"}],"wp:attachment":[{"href":"https:\/\/www.meslibellules.fr\/blog\/wp-json\/wp\/v2\/media?parent=23766"}],"wp:term":[{"taxonomy":"category","embeddable":true,"href":"https:\/\/www.meslibellules.fr\/blog\/wp-json\/wp\/v2\/categories?post=23766"},{"taxonomy":"post_tag","embeddable":true,"href":"https:\/\/www.meslibellules.fr\/blog\/wp-json\/wp\/v2\/tags?post=23766"}],"curies":[{"name":"wp","href":"https:\/\/api.w.org\/{rel}","templated":true}]}}