{"id":23856,"date":"2025-02-21T13:03:58","date_gmt":"2025-02-21T12:03:58","guid":{"rendered":"https:\/\/www.meslibellules.fr\/blog\/?p=23856"},"modified":"2026-02-15T18:49:55","modified_gmt":"2026-02-15T17:49:55","slug":"copera-marginipes","status":"publish","type":"post","link":"https:\/\/www.meslibellules.fr\/blog\/2025\/02\/21\/copera-marginipes\/","title":{"rendered":"Tha\u00eflande &#8211; Copera marginipes (Rambur, 1842)"},"content":{"rendered":"\n<figure class=\"wp-block-image aligncenter size-full is-resized\"><img decoding=\"async\" width=\"2217\" height=\"1204\" data-src=\"https:\/\/www.meslibellules.fr\/blog\/wp-content\/uploads\/Copera-marginipes-male-1.webp\" alt=\"Copera marginipes m\u00e2le, Tha\u00eflande, Mae Ya Waterfall, 07\/06\/2024\" class=\"wp-image-23847 lazyload\" style=\"--smush-placeholder-width: 2217px; --smush-placeholder-aspect-ratio: 2217\/1204;width:666px;height:auto\" data-srcset=\"https:\/\/www.meslibellules.fr\/blog\/wp-content\/uploads\/Copera-marginipes-male-1.webp 2217w, https:\/\/www.meslibellules.fr\/blog\/wp-content\/uploads\/Copera-marginipes-male-1-768x417.webp 768w, https:\/\/www.meslibellules.fr\/blog\/wp-content\/uploads\/Copera-marginipes-male-1-1536x834.webp 1536w, https:\/\/www.meslibellules.fr\/blog\/wp-content\/uploads\/Copera-marginipes-male-1-2048x1112.webp 2048w\" data-sizes=\"(max-width: 2217px) 100vw, 2217px\" src=\"data:image\/svg+xml;base64,PHN2ZyB3aWR0aD0iMSIgaGVpZ2h0PSIxIiB4bWxucz0iaHR0cDovL3d3dy53My5vcmcvMjAwMC9zdmciPjwvc3ZnPg==\" \/><figcaption class=\"wp-element-caption\">Copera marginipes m\u00e2le, Tha\u00eflande, Mae Ya Waterfall, 07\/06\/2024<\/figcaption><\/figure>\n\n\n\n<p>Quand on a d\u00e9j\u00e0 prospect\u00e9 en Asie, on ne fait plus trop attention \u00e0 Copera marginipes qui est tr\u00e8s commun ; et c&rsquo;est un tort, car il est magnifique et \u00e0 chaque fois, je regrette de ne pas lui avoir accord\u00e9 plus de temps parce qu&rsquo;en plus d&rsquo;\u00eatre spectaculaire, il est tr\u00e8s variable en fonction de l&rsquo;\u00e2ge, les femelles montrant en plus deux formes.<br><br>Cette variabilit\u00e9 (et le manque de circulation de l&rsquo;information) a fait qu&rsquo;il a \u00e9t\u00e9 d\u00e9crit de nombreuses fois sous de noms diff\u00e9rents ; d&rsquo;abord par Rambur (1) en 1842 sous le nom de Platycnemis marginipes, puis par Selys en 1863 sous le nom de Psilocnemis marginipes, de Platycnemis lacteola et m\u00eame de Psilocnemis striatipes dans le m\u00eame document (2). Selys a pr\u00e9cis\u00e9 sa description en 1886 (3). Sahni, dont plusieurs \u00ab\u00a0d\u00e9couvertes\u00a0\u00bb ont \u00e9t\u00e9 synonymis\u00e9es, avait m\u00eame cru y voir un Disparoneura bhatnagri en 1965.<br>Pourtant, depuis 1890, la majorit\u00e9 des auteurs avaient suivi Kirby (4) qui l&rsquo;a d\u00e9finitivement (?) nomm\u00e9 Copera marginipes, le s\u00e9parant comme Selys des Platycnemis mais abandonnant le \u00ab\u00a0Psilocnemis\u00a0\u00bb qui \u00e9tait pr\u00e9occup\u00e9 par un scarab\u00e9e d\u00e9crit par Burmeister en 1842.<\/p>\n\n\n\n<figure class=\"wp-block-image aligncenter size-full is-resized\"><a href=\"https:\/\/www.meslibellules.fr\/blog\/wp-content\/uploads\/Copera-marginipes-male-2.webp\"><img decoding=\"async\" width=\"2222\" height=\"1204\" data-src=\"https:\/\/www.meslibellules.fr\/blog\/wp-content\/uploads\/Copera-marginipes-male-2.webp\" alt=\"\" class=\"wp-image-23848 lazyload\" style=\"--smush-placeholder-width: 2222px; --smush-placeholder-aspect-ratio: 2222\/1204;width:622px;height:auto\" data-srcset=\"https:\/\/www.meslibellules.fr\/blog\/wp-content\/uploads\/Copera-marginipes-male-2.webp 2222w, https:\/\/www.meslibellules.fr\/blog\/wp-content\/uploads\/Copera-marginipes-male-2-768x416.webp 768w, https:\/\/www.meslibellules.fr\/blog\/wp-content\/uploads\/Copera-marginipes-male-2-1536x832.webp 1536w, https:\/\/www.meslibellules.fr\/blog\/wp-content\/uploads\/Copera-marginipes-male-2-2048x1110.webp 2048w\" data-sizes=\"(max-width: 2222px) 100vw, 2222px\" src=\"data:image\/svg+xml;base64,PHN2ZyB3aWR0aD0iMSIgaGVpZ2h0PSIxIiB4bWxucz0iaHR0cDovL3d3dy53My5vcmcvMjAwMC9zdmciPjwvc3ZnPg==\" \/><\/a><figcaption class=\"wp-element-caption\">Copera marginipes m\u00e2le, Tha\u00eflande, Huay Kaew waterfall, 27\/05\/2024<\/figcaption><\/figure>\n\n\n\n<p>On ne peut confondre le m\u00e2le, en tout cas en Tha\u00eflande, qu&rsquo;avec <a href=\"https:\/\/www.meslibellules.fr\/voyages\/malaisie\/copera-vittata\/copera-vittata-male-1.php\" target=\"_blank\" rel=\"noreferrer noopener\">Copera vittata<\/a> (ici en Malaisie) ; il s&rsquo;en distingue par la coloration blanche des derniers segments qui atteint le S8, alors qu&rsquo;elle colore \u00e0 peine le S9. Plus scientifiquement, les appendices anaux sup\u00e9rieurs (paraproctes) sont tr\u00e8s courts pour C. marginipes (on les devine sur la premi\u00e8re photo), alors qu&rsquo;ils atteignent la moiti\u00e9 de la longueur des inf\u00e9rieurs (cerques) pour <a href=\"https:\/\/www.meslibellules.fr\/voyages\/malaisie\/copera-vittata\/copera-vittata-male-1\/copera-vittata-male-3.jpg\">C. vittata<\/a>.<br>Dans <em>A photographic guide to the Dragonflies and Damselflies of Singapore<\/em> (5) on lit qu&rsquo;il mesure 35 \u00e0 38 mm.<\/p>\n\n\n\n<figure class=\"wp-block-image aligncenter size-full is-resized\"><a href=\"https:\/\/www.meslibellules.fr\/blog\/wp-content\/uploads\/Copera-marginipes-femelle-1.webp\"><img decoding=\"async\" width=\"2169\" height=\"1204\" data-src=\"https:\/\/www.meslibellules.fr\/blog\/wp-content\/uploads\/Copera-marginipes-femelle-1.webp\" alt=\"Copera marginipes femelle, Tha\u00eflande, Mae Sa Waterfall, 28\/05\/2024\" class=\"wp-image-23845 lazyload\" style=\"--smush-placeholder-width: 2169px; --smush-placeholder-aspect-ratio: 2169\/1204;width:660px;height:auto\" data-srcset=\"https:\/\/www.meslibellules.fr\/blog\/wp-content\/uploads\/Copera-marginipes-femelle-1.webp 2169w, https:\/\/www.meslibellules.fr\/blog\/wp-content\/uploads\/Copera-marginipes-femelle-1-768x426.webp 768w, https:\/\/www.meslibellules.fr\/blog\/wp-content\/uploads\/Copera-marginipes-femelle-1-1536x853.webp 1536w, https:\/\/www.meslibellules.fr\/blog\/wp-content\/uploads\/Copera-marginipes-femelle-1-2048x1137.webp 2048w\" data-sizes=\"(max-width: 2169px) 100vw, 2169px\" src=\"data:image\/svg+xml;base64,PHN2ZyB3aWR0aD0iMSIgaGVpZ2h0PSIxIiB4bWxucz0iaHR0cDovL3d3dy53My5vcmcvMjAwMC9zdmciPjwvc3ZnPg==\" \/><\/a><figcaption class=\"wp-element-caption\">Copera marginipes femelle, Tha\u00eflande, Mae Sa Waterfall, 28\/05\/2024<\/figcaption><\/figure>\n\n\n\n<p>Les femelles immatures sont tr\u00e8s claires, on parle de Ghost form, et pr\u00e9sentent une tr\u00e8s int\u00e9ressante et originale ponctuation sur le thorax. Cette singularit\u00e9, partag\u00e9e avec C. vitatta, dispara\u00eet plus ou moins chez les adultes, restant parfois discr\u00e8tement visible m\u00eame chez les m\u00e2les.<br>Certaines femelles adultes sont tr\u00e8s diff\u00e9rentes, leur abdomen s&rsquo;assombrit consid\u00e9rablement. Elles ressemblent beaucoup aux femelles C. vittata et, en l&rsquo;absence de m\u00e2les, je ne sais pas comment il est possible de les s\u00e9parer\u2026<br>Noppadon Makbun, odonatologue et chercheur tha\u00eflandais, me pr\u00e9cise qu&rsquo;un caract\u00e8re fiable est une forme blanche en \u00ab\u00a0I\u00a0\u00bb sur le 9\u00b0 segment ; malheureusement, cela ne s&rsquo;applique pas aux formes \u00ab\u00a0Ghost\u00a0\u00bb et je ne le devine que sur la derni\u00e8re de mes photos de tandem, ci-dessous.<\/p>\n\n\n\n<figure class=\"wp-block-image aligncenter size-full is-resized\"><a href=\"https:\/\/www.meslibellules.fr\/blog\/wp-content\/uploads\/Copera-marginipes-femelle-2.webp\"><img decoding=\"async\" width=\"1813\" height=\"1204\" data-src=\"https:\/\/www.meslibellules.fr\/blog\/wp-content\/uploads\/Copera-marginipes-femelle-2.webp\" alt=\"Copera marginipes femelle, Tha\u00eflande, Chiang Mai, 25\/05\/2024\" class=\"wp-image-23846 lazyload\" style=\"--smush-placeholder-width: 1813px; --smush-placeholder-aspect-ratio: 1813\/1204;width:530px;height:auto\" data-srcset=\"https:\/\/www.meslibellules.fr\/blog\/wp-content\/uploads\/Copera-marginipes-femelle-2.webp 1813w, https:\/\/www.meslibellules.fr\/blog\/wp-content\/uploads\/Copera-marginipes-femelle-2-768x510.webp 768w, https:\/\/www.meslibellules.fr\/blog\/wp-content\/uploads\/Copera-marginipes-femelle-2-1536x1020.webp 1536w\" data-sizes=\"(max-width: 1813px) 100vw, 1813px\" src=\"data:image\/svg+xml;base64,PHN2ZyB3aWR0aD0iMSIgaGVpZ2h0PSIxIiB4bWxucz0iaHR0cDovL3d3dy53My5vcmcvMjAwMC9zdmciPjwvc3ZnPg==\" \/><\/a><figcaption class=\"wp-element-caption\">Copera marginipes femelle, Tha\u00eflande, Chiang Mai, 25\/05\/2024<\/figcaption><\/figure>\n\n\n\n<p>D&rsquo;o\u00f9 l&rsquo;int\u00e9r\u00eat d&rsquo;observer et de photographier des tandems, en vol, pos\u00e9s ou en ponte.<\/p>\n\n\n\n<figure class=\"wp-block-image aligncenter size-full is-resized\"><a href=\"https:\/\/www.meslibellules.fr\/blog\/wp-content\/uploads\/Copera-marginipes-tandem-en-vol.webp\"><img decoding=\"async\" width=\"2100\" height=\"1204\" data-src=\"https:\/\/www.meslibellules.fr\/blog\/wp-content\/uploads\/Copera-marginipes-tandem-en-vol.webp\" alt=\"Copera marginipes tandem, Tha\u00eflande, Mae Ya Waterfall, 07\/06\/2024\" class=\"wp-image-23851 lazyload\" style=\"--smush-placeholder-width: 2100px; --smush-placeholder-aspect-ratio: 2100\/1204;width:510px;height:auto\" data-srcset=\"https:\/\/www.meslibellules.fr\/blog\/wp-content\/uploads\/Copera-marginipes-tandem-en-vol.webp 2100w, https:\/\/www.meslibellules.fr\/blog\/wp-content\/uploads\/Copera-marginipes-tandem-en-vol-768x440.webp 768w, https:\/\/www.meslibellules.fr\/blog\/wp-content\/uploads\/Copera-marginipes-tandem-en-vol-1536x881.webp 1536w, https:\/\/www.meslibellules.fr\/blog\/wp-content\/uploads\/Copera-marginipes-tandem-en-vol-2048x1174.webp 2048w\" data-sizes=\"(max-width: 2100px) 100vw, 2100px\" src=\"data:image\/svg+xml;base64,PHN2ZyB3aWR0aD0iMSIgaGVpZ2h0PSIxIiB4bWxucz0iaHR0cDovL3d3dy53My5vcmcvMjAwMC9zdmciPjwvc3ZnPg==\" \/><\/a><figcaption class=\"wp-element-caption\">Copera marginipes tandem, Tha\u00eflande, Mae Ya Waterfall, 07\/06\/2024<\/figcaption><\/figure>\n\n\n\n<p>D&rsquo;autres, m\u00eame si leur abdomen est presque aussi sombre que les m\u00e2les, sont quasiment <a href=\"https:\/\/meslibellules.fr\/pagesweb\/divers\/glossaire.php\">androchromes<\/a>, le jaune un peu plus fade, mais les derniers segments sont \u00e9galement blancs.<\/p>\n\n\n\n<figure class=\"wp-block-image aligncenter size-full is-resized\"><a href=\"https:\/\/www.meslibellules.fr\/blog\/wp-content\/uploads\/Copera-marginipes-tandem-2.webp\"><img decoding=\"async\" width=\"1732\" height=\"1204\" data-src=\"https:\/\/www.meslibellules.fr\/blog\/wp-content\/uploads\/Copera-marginipes-tandem-2.webp\" alt=\"Copera marginipes tandem, Tha\u00eflande, Chiang Mai, 25\/05\/2024\" class=\"wp-image-23850 lazyload\" style=\"--smush-placeholder-width: 1732px; --smush-placeholder-aspect-ratio: 1732\/1204;width:493px;height:auto\" data-srcset=\"https:\/\/www.meslibellules.fr\/blog\/wp-content\/uploads\/Copera-marginipes-tandem-2.webp 1732w, https:\/\/www.meslibellules.fr\/blog\/wp-content\/uploads\/Copera-marginipes-tandem-2-768x534.webp 768w, https:\/\/www.meslibellules.fr\/blog\/wp-content\/uploads\/Copera-marginipes-tandem-2-1536x1068.webp 1536w\" data-sizes=\"(max-width: 1732px) 100vw, 1732px\" src=\"data:image\/svg+xml;base64,PHN2ZyB3aWR0aD0iMSIgaGVpZ2h0PSIxIiB4bWxucz0iaHR0cDovL3d3dy53My5vcmcvMjAwMC9zdmciPjwvc3ZnPg==\" \/><\/a><figcaption class=\"wp-element-caption\">Copera marginipes tandem, Tha\u00eflande, Chiang Mai, 25\/05\/2024<\/figcaption><\/figure>\n\n\n\n<p>Ils se plaisent sur les ruisseaux, les canaux et les zones mar\u00e9cageuses peu profondes en for\u00eat.<br>On le rencontre depuis l&rsquo;Inde (la tr\u00e8s large moiti\u00e9 est), jusqu&rsquo;au sud de la Chine au nord et \u00e0 l&rsquo;Indon\u00e9sie et Born\u00e9o au sud.<br><br>En Asie, ils prennent le nom anglais de Yellow Featherlegs soulignant la coloration jaune d&rsquo;une part et les tibias \u00e9largis, garnis d&rsquo;\u00e9pines, d&rsquo;autre part.<br>On trouvera d&rsquo;autres photos, des femelles d&rsquo;aspect diff\u00e9rent, au <a href=\"https:\/\/www.meslibellules.fr\/voyages\/laos\/coperamargini\/coperamargini1.php\" target=\"_blank\" rel=\"noreferrer noopener\">Laos<\/a>, au <a href=\"https:\/\/www.meslibellules.fr\/voyages\/vietnam\/copera-marginipes\/copera-marginipes-male-1.php\" target=\"_blank\" rel=\"noreferrer noopener\">Vietnam<\/a>, en <a href=\"https:\/\/www.meslibellules.fr\/voyages\/malaisie\/copera-marginipes\/copera-marginipes.php\" target=\"_blank\" rel=\"noreferrer noopener\">Malaisie<\/a> ou au <a href=\"https:\/\/www.meslibellules.fr\/voyages\/rajasthan\/copera-marginipes\/copera-marginipes.php\" target=\"_blank\" rel=\"noreferrer noopener\">Rajasthan<\/a> (Inde).<\/p>\n\n\n\n<div class=\"wp-block-media-text is-stacked-on-mobile\" style=\"grid-template-columns:43% auto\"><figure class=\"wp-block-media-text__media\"><a href=\"https:\/\/www.meslibellules.fr\/blog\/wp-content\/uploads\/Copera-marginipes-tandem-.webp\"><img decoding=\"async\" width=\"1241\" height=\"1504\" data-src=\"https:\/\/www.meslibellules.fr\/blog\/wp-content\/uploads\/Copera-marginipes-tandem-.webp\" alt=\"Yellow Featherlegs tandem, Tha\u00eflande, Tad Mok Waterfall, 28\/05\/2024\" class=\"wp-image-23849 size-full lazyload\" data-srcset=\"https:\/\/www.meslibellules.fr\/blog\/wp-content\/uploads\/Copera-marginipes-tandem-.webp 1241w, https:\/\/www.meslibellules.fr\/blog\/wp-content\/uploads\/Copera-marginipes-tandem--768x931.webp 768w\" data-sizes=\"(max-width: 1241px) 100vw, 1241px\" src=\"data:image\/svg+xml;base64,PHN2ZyB3aWR0aD0iMSIgaGVpZ2h0PSIxIiB4bWxucz0iaHR0cDovL3d3dy53My5vcmcvMjAwMC9zdmciPjwvc3ZnPg==\" style=\"--smush-placeholder-width: 1241px; --smush-placeholder-aspect-ratio: 1241\/1504;\" \/><\/a><\/figure><div class=\"wp-block-media-text__content\">\n<p><span style=\"text-decoration: underline;\"><strong>\u00c9tymologie<\/strong><\/span><br \/><strong>Copera<\/strong> (Kirby, 1890) serait un terme informel d&rsquo;origine espagnole ou argentine (suggestion de Rhainer Guillermo, professeur de Sciences Biologiques au Br\u00e9sil), issu du latin <em>Copa<\/em>, pour \u00ab\u00a0tenanci\u00e8re de cabaret\u00a0\u00bb, et \u00e0 l&rsquo;\u00e9poque de Rambur ou de Kirby les clients masculins de ces \u00e9tablissements d\u00e9signaient ainsi les danseuses. Il est vrai que le comportement en vol de ces Platycnemididae avec leurs pattes qui restent tendues, ou plut\u00f4t qui ne sont pas repli\u00e9es, leur aptitude \u00e0 sembler \u00ab\u00a0butiner\u00a0\u00bb ou \u00e0 voler de fa\u00e7on saccad\u00e9e, pourrait s&rsquo;apparenter \u00e0 une danse\u2026<br \/><strong>Marginipes<\/strong>, du latin <em>margina<\/em> pour \u00ab\u00a0margin\u00e9, bord\u00e9\u00a0\u00bb et <em>pes<\/em> pour \u00ab\u00a0pied, jambe\u00a0\u00bb. C&rsquo;est Selys en 1886 qui fournit un indice ; il \u00e9crit : \u00ab\u00a0<em>\u2026 les f\u00e9murs marqu\u00e9s en dehors d&rsquo;une s\u00e9rie de petits points noirs, rapproch\u00e9s, formant une raie\u00a0\u00bb<\/em>, une raie qui est donc \u00ab\u00a0marginale\u00a0\u00bb.<\/p>\n<\/div><\/div>\n\n\n\n<div style=\"height:51px\" aria-hidden=\"true\" class=\"wp-block-spacer\"><\/div>\n\n\n\n<div class=\"wp-block-media-text is-stacked-on-mobile\"><figure class=\"wp-block-media-text__media\"><a href=\"https:\/\/www.meslibellules.fr\/blog\/wp-content\/uploads\/Copera-marginipes-Rambur.webp\"><img decoding=\"async\" width=\"907\" height=\"922\" data-src=\"https:\/\/www.meslibellules.fr\/blog\/wp-content\/uploads\/Copera-marginipes-Rambur.webp\" alt=\"Copera marginipes, description par Rambur dans Histoire Naturelle des Insectes\" class=\"wp-image-27339 size-full lazyload\" data-srcset=\"https:\/\/www.meslibellules.fr\/blog\/wp-content\/uploads\/Copera-marginipes-Rambur.webp 907w, https:\/\/www.meslibellules.fr\/blog\/wp-content\/uploads\/Copera-marginipes-Rambur-768x781.webp 768w\" data-sizes=\"(max-width: 907px) 100vw, 907px\" src=\"data:image\/svg+xml;base64,PHN2ZyB3aWR0aD0iMSIgaGVpZ2h0PSIxIiB4bWxucz0iaHR0cDovL3d3dy53My5vcmcvMjAwMC9zdmciPjwvc3ZnPg==\" style=\"--smush-placeholder-width: 907px; --smush-placeholder-aspect-ratio: 907\/922;\" \/><\/a><\/figure><div class=\"wp-block-media-text__content\">\n<p>-1-Rambur, 1842 &#8211; <a href=\"https:\/\/gallica.bnf.fr\/ark:\/12148\/bpt6k61025298\/f262\">Histoire naturelle des Insectes<\/a>, p. 240.<br>-2- Selys, 1863 \u2013&nbsp;<a href=\"https:\/\/www.biodiversitylibrary.org\/item\/132906#page\/54\/mode\/1up\">Synopsis des Agrionines, 4\u00b0 L\u00e9gion Platycnemis<\/a>, p 124.<br>-3- Selys, 1886 &#8211; <a href=\"https:\/\/www.persee.fr\/doc\/marb_0770-8459_1886_num_38_1_2330\">R\u00e9vision du Synopsis des Agrionines<\/a>, p. 123.<br>-4- Kirby, W. F. (1890) &#8211; <a href=\"https:\/\/www.biodiversitylibrary.org\/item\/25894#page\/145\/mode\/1up\">A Synonymic Catalogue of Neuroptera Odonata, or Dragonflies<\/a>. London: Gurney and Jackson.<br>-5- Robin Ngiam &amp; Marcus Ng &#8211; A photographic guide to the Dragonflies and Damselflies of Singapore &#8211; John Beaufoy Publishing \u2013 2022<\/p>\n<\/div><\/div>\n\n\n\n<div style=\"height:52px\" aria-hidden=\"true\" class=\"wp-block-spacer\"><\/div>\n\n\n\n<div class=\"wp-block-buttons is-vertical is-layout-flex wp-container-core-buttons-is-layout-16cda065 wp-block-buttons-is-layout-flex\">\n<div class=\"wp-block-button\"><a class=\"wp-block-button__link wp-element-button\" href=\"https:\/\/www.meslibellules.fr\/blog\/libellules-de-thailande\/\">Accueil Tha\u00eflande<\/a><\/div>\n\n\n\n<div class=\"wp-block-button\"><a class=\"wp-block-button__link wp-element-button\" href=\"http:\/\/www.meslibellules.fr\/pagesweb\/divers\/liste-generale-odonates-du-site\/asia-odonates.php\">Liste Asie<\/a><\/div>\n\n\n\n<div class=\"wp-block-button\"><a class=\"wp-block-button__link wp-element-button\" href=\"https:\/\/www.meslibellules.fr\/blog\/\">Accueil<\/a><\/div>\n<\/div>\n\n\n\n<div style=\"height:32px\" aria-hidden=\"true\" class=\"wp-block-spacer\"><\/div>\n","protected":false},"excerpt":{"rendered":"<p>Quand on a d\u00e9j\u00e0 prospect\u00e9 en Asie, on ne fait plus trop attention \u00e0 Copera marginipes qui est tr\u00e8s commun ; et c&rsquo;est un tort, car il est magnifique et \u00e0 chaque fois, je regrette de ne pas lui avoir accord\u00e9 plus de temps parce qu&rsquo;en plus d&rsquo;\u00eatre spectaculaire, il est tr\u00e8s variable en fonction [&hellip;]<\/p>\n","protected":false},"author":1,"featured_media":0,"comment_status":"open","ping_status":"open","sticky":false,"template":"","format":"image","meta":{"site-sidebar-layout":"default","site-content-layout":"","ast-site-content-layout":"default","site-content-style":"default","site-sidebar-style":"default","ast-global-header-display":"","ast-banner-title-visibility":"","ast-main-header-display":"","ast-hfb-above-header-display":"","ast-hfb-below-header-display":"","ast-hfb-mobile-header-display":"","site-post-title":"","ast-breadcrumbs-content":"","ast-featured-img":"","footer-sml-layout":"","ast-disable-related-posts":"","theme-transparent-header-meta":"","adv-header-id-meta":"","stick-header-meta":"","header-above-stick-meta":"","header-main-stick-meta":"","header-below-stick-meta":"","astra-migrate-meta-layouts":"set","ast-page-background-enabled":"default","ast-page-background-meta":{"desktop":{"background-color":"var(--ast-global-color-4)","background-image":"","background-repeat":"repeat","background-position":"center center","background-size":"auto","background-attachment":"scroll","background-type":"","background-media":"","overlay-type":"","overlay-color":"","overlay-opacity":"","overlay-gradient":""},"tablet":{"background-color":"","background-image":"","background-repeat":"repeat","background-position":"center center","background-size":"auto","background-attachment":"scroll","background-type":"","background-media":"","overlay-type":"","overlay-color":"","overlay-opacity":"","overlay-gradient":""},"mobile":{"background-color":"","background-image":"","background-repeat":"repeat","background-position":"center center","background-size":"auto","background-attachment":"scroll","background-type":"","background-media":"","overlay-type":"","overlay-color":"","overlay-opacity":"","overlay-gradient":""}},"ast-content-background-meta":{"desktop":{"background-color":"var(--ast-global-color-5)","background-image":"","background-repeat":"repeat","background-position":"center center","background-size":"auto","background-attachment":"scroll","background-type":"","background-media":"","overlay-type":"","overlay-color":"","overlay-opacity":"","overlay-gradient":""},"tablet":{"background-color":"var(--ast-global-color-5)","background-image":"","background-repeat":"repeat","background-position":"center center","background-size":"auto","background-attachment":"scroll","background-type":"","background-media":"","overlay-type":"","overlay-color":"","overlay-opacity":"","overlay-gradient":""},"mobile":{"background-color":"var(--ast-global-color-5)","background-image":"","background-repeat":"repeat","background-position":"center center","background-size":"auto","background-attachment":"scroll","background-type":"","background-media":"","overlay-type":"","overlay-color":"","overlay-opacity":"","overlay-gradient":""}},"footnotes":""},"categories":[1386,1379],"tags":[38563,38562],"class_list":["post-23856","post","type-post","status-publish","format-image","hentry","category-platycnemididae-thailande","category-thailande","tag-platycnemididae-thailande","tag-thailande-2","post_format-post-format-image"],"yoast_head":"<!-- This site is optimized with the Yoast SEO plugin v27.5 - https:\/\/yoast.com\/product\/yoast-seo-wordpress\/ -->\n<title>Copera marginipes - Mes Libellules<\/title>\n<meta name=\"description\" content=\"Copera marginipes m\u00e2les et femelles en Tha\u00eflande, description, identification, taille, habitat, distribution g\u00e9ographique, \u00e9tymologie\" \/>\n<meta name=\"robots\" content=\"index, follow, max-snippet:-1, max-image-preview:large, max-video-preview:-1\" \/>\n<link rel=\"canonical\" href=\"https:\/\/www.meslibellules.fr\/blog\/2025\/02\/21\/copera-marginipes\/\" \/>\n<meta property=\"og:locale\" content=\"fr_FR\" \/>\n<meta property=\"og:type\" content=\"article\" \/>\n<meta property=\"og:title\" content=\"Copera marginipes - Mes Libellules\" \/>\n<meta property=\"og:description\" content=\"Copera marginipes m\u00e2les et femelles en Tha\u00eflande, description, identification, taille, habitat, distribution g\u00e9ographique, \u00e9tymologie\" \/>\n<meta property=\"og:url\" content=\"https:\/\/www.meslibellules.fr\/blog\/2025\/02\/21\/copera-marginipes\/\" \/>\n<meta property=\"og:site_name\" content=\"Mes Libellules\" \/>\n<meta property=\"article:publisher\" content=\"https:\/\/www.facebook.com\/benoit.guillon.96\/\" \/>\n<meta property=\"article:author\" content=\"https:\/\/www.facebook.com\/benoit.guillon.96\/\" \/>\n<meta property=\"article:published_time\" content=\"2025-02-21T12:03:58+00:00\" \/>\n<meta property=\"article:modified_time\" content=\"2026-02-15T17:49:55+00:00\" \/>\n<meta property=\"og:image\" content=\"https:\/\/www.meslibellules.fr\/blog\/wp-content\/uploads\/Copera-marginipes-male-1.webp\" \/>\n\t<meta property=\"og:image:width\" content=\"2217\" \/>\n\t<meta property=\"og:image:height\" content=\"1204\" \/>\n\t<meta property=\"og:image:type\" content=\"image\/webp\" \/>\n<meta name=\"author\" content=\"Beno\u00eet Guillon\" \/>\n<meta name=\"twitter:card\" content=\"summary_large_image\" \/>\n<meta name=\"twitter:label1\" content=\"\u00c9crit par\" \/>\n\t<meta name=\"twitter:data1\" content=\"Beno\u00eet Guillon\" \/>\n\t<meta name=\"twitter:label2\" content=\"Dur\u00e9e de lecture estim\u00e9e\" \/>\n\t<meta name=\"twitter:data2\" content=\"6 minutes\" \/>\n<script type=\"application\/ld+json\" class=\"yoast-schema-graph\">{\"@context\":\"https:\\\/\\\/schema.org\",\"@graph\":[{\"@type\":\"Article\",\"@id\":\"https:\\\/\\\/www.meslibellules.fr\\\/blog\\\/2025\\\/02\\\/21\\\/copera-marginipes\\\/#article\",\"isPartOf\":{\"@id\":\"https:\\\/\\\/www.meslibellules.fr\\\/blog\\\/2025\\\/02\\\/21\\\/copera-marginipes\\\/\"},\"author\":{\"name\":\"Beno\u00eet Guillon\",\"@id\":\"https:\\\/\\\/www.meslibellules.fr\\\/blog\\\/#\\\/schema\\\/person\\\/9aa3586f9dd053fcf329f43b8b053c77\"},\"headline\":\"Tha\u00eflande &#8211; Copera marginipes (Rambur, 1842)\",\"datePublished\":\"2025-02-21T12:03:58+00:00\",\"dateModified\":\"2026-02-15T17:49:55+00:00\",\"mainEntityOfPage\":{\"@id\":\"https:\\\/\\\/www.meslibellules.fr\\\/blog\\\/2025\\\/02\\\/21\\\/copera-marginipes\\\/\"},\"wordCount\":846,\"commentCount\":0,\"publisher\":{\"@id\":\"https:\\\/\\\/www.meslibellules.fr\\\/blog\\\/#\\\/schema\\\/person\\\/9aa3586f9dd053fcf329f43b8b053c77\"},\"image\":{\"@id\":\"https:\\\/\\\/www.meslibellules.fr\\\/blog\\\/2025\\\/02\\\/21\\\/copera-marginipes\\\/#primaryimage\"},\"thumbnailUrl\":\"https:\\\/\\\/www.meslibellules.fr\\\/blog\\\/wp-content\\\/uploads\\\/Copera-marginipes-male-1.webp\",\"keywords\":[\"Platycnemididae - Tha\u00eflande\",\"ThaIlande\"],\"articleSection\":[\"Platycnemididae\",\"Tha\u00eflande\"],\"inLanguage\":\"fr-FR\",\"potentialAction\":[{\"@type\":\"CommentAction\",\"name\":\"Comment\",\"target\":[\"https:\\\/\\\/www.meslibellules.fr\\\/blog\\\/2025\\\/02\\\/21\\\/copera-marginipes\\\/#respond\"]}]},{\"@type\":\"WebPage\",\"@id\":\"https:\\\/\\\/www.meslibellules.fr\\\/blog\\\/2025\\\/02\\\/21\\\/copera-marginipes\\\/\",\"url\":\"https:\\\/\\\/www.meslibellules.fr\\\/blog\\\/2025\\\/02\\\/21\\\/copera-marginipes\\\/\",\"name\":\"Copera marginipes - Mes Libellules\",\"isPartOf\":{\"@id\":\"https:\\\/\\\/www.meslibellules.fr\\\/blog\\\/#website\"},\"primaryImageOfPage\":{\"@id\":\"https:\\\/\\\/www.meslibellules.fr\\\/blog\\\/2025\\\/02\\\/21\\\/copera-marginipes\\\/#primaryimage\"},\"image\":{\"@id\":\"https:\\\/\\\/www.meslibellules.fr\\\/blog\\\/2025\\\/02\\\/21\\\/copera-marginipes\\\/#primaryimage\"},\"thumbnailUrl\":\"https:\\\/\\\/www.meslibellules.fr\\\/blog\\\/wp-content\\\/uploads\\\/Copera-marginipes-male-1.webp\",\"datePublished\":\"2025-02-21T12:03:58+00:00\",\"dateModified\":\"2026-02-15T17:49:55+00:00\",\"description\":\"Copera marginipes m\u00e2les et femelles en Tha\u00eflande, description, identification, taille, habitat, distribution g\u00e9ographique, \u00e9tymologie\",\"breadcrumb\":{\"@id\":\"https:\\\/\\\/www.meslibellules.fr\\\/blog\\\/2025\\\/02\\\/21\\\/copera-marginipes\\\/#breadcrumb\"},\"inLanguage\":\"fr-FR\",\"potentialAction\":[{\"@type\":\"ReadAction\",\"target\":[\"https:\\\/\\\/www.meslibellules.fr\\\/blog\\\/2025\\\/02\\\/21\\\/copera-marginipes\\\/\"]}]},{\"@type\":\"ImageObject\",\"inLanguage\":\"fr-FR\",\"@id\":\"https:\\\/\\\/www.meslibellules.fr\\\/blog\\\/2025\\\/02\\\/21\\\/copera-marginipes\\\/#primaryimage\",\"url\":\"https:\\\/\\\/www.meslibellules.fr\\\/blog\\\/wp-content\\\/uploads\\\/Copera-marginipes-male-1.webp\",\"contentUrl\":\"https:\\\/\\\/www.meslibellules.fr\\\/blog\\\/wp-content\\\/uploads\\\/Copera-marginipes-male-1.webp\",\"width\":2217,\"height\":1204,\"caption\":\"Copera marginipes m\u00e2le, Tha\u00eflande, Mae Ya Waterfall, 07\\\/06\\\/2024\"},{\"@type\":\"BreadcrumbList\",\"@id\":\"https:\\\/\\\/www.meslibellules.fr\\\/blog\\\/2025\\\/02\\\/21\\\/copera-marginipes\\\/#breadcrumb\",\"itemListElement\":[{\"@type\":\"ListItem\",\"position\":1,\"name\":\"Accueil\",\"item\":\"https:\\\/\\\/www.meslibellules.fr\\\/blog\\\/\"},{\"@type\":\"ListItem\",\"position\":2,\"name\":\"Tha\u00eflande &#8211; Copera marginipes (Rambur, 1842)\"}]},{\"@type\":\"WebSite\",\"@id\":\"https:\\\/\\\/www.meslibellules.fr\\\/blog\\\/#website\",\"url\":\"https:\\\/\\\/www.meslibellules.fr\\\/blog\\\/\",\"name\":\"Mes Libellules\",\"description\":\"Pr\u00e9sentation des libellules rencontr\u00e9es dans le monde\",\"publisher\":{\"@id\":\"https:\\\/\\\/www.meslibellules.fr\\\/blog\\\/#\\\/schema\\\/person\\\/9aa3586f9dd053fcf329f43b8b053c77\"},\"potentialAction\":[{\"@type\":\"SearchAction\",\"target\":{\"@type\":\"EntryPoint\",\"urlTemplate\":\"https:\\\/\\\/www.meslibellules.fr\\\/blog\\\/?s={search_term_string}\"},\"query-input\":{\"@type\":\"PropertyValueSpecification\",\"valueRequired\":true,\"valueName\":\"search_term_string\"}}],\"inLanguage\":\"fr-FR\"},{\"@type\":[\"Person\",\"Organization\"],\"@id\":\"https:\\\/\\\/www.meslibellules.fr\\\/blog\\\/#\\\/schema\\\/person\\\/9aa3586f9dd053fcf329f43b8b053c77\",\"name\":\"Beno\u00eet Guillon\",\"image\":{\"@type\":\"ImageObject\",\"inLanguage\":\"fr-FR\",\"@id\":\"https:\\\/\\\/www.meslibellules.fr\\\/blog\\\/wp-content\\\/uploads\\\/cropped-avatar-150-pix.jpg\",\"url\":\"https:\\\/\\\/www.meslibellules.fr\\\/blog\\\/wp-content\\\/uploads\\\/cropped-avatar-150-pix.jpg\",\"contentUrl\":\"https:\\\/\\\/www.meslibellules.fr\\\/blog\\\/wp-content\\\/uploads\\\/cropped-avatar-150-pix.jpg\",\"width\":150,\"height\":137,\"caption\":\"Beno\u00eet Guillon\"},\"logo\":{\"@id\":\"https:\\\/\\\/www.meslibellules.fr\\\/blog\\\/wp-content\\\/uploads\\\/cropped-avatar-150-pix.jpg\"},\"sameAs\":[\"https:\\\/\\\/www.facebook.com\\\/benoit.guillon.96\\\/\"]}]}<\/script>\n<!-- \/ Yoast SEO plugin. -->","yoast_head_json":{"title":"Copera marginipes - Mes Libellules","description":"Copera marginipes m\u00e2les et femelles en Tha\u00eflande, description, identification, taille, habitat, distribution g\u00e9ographique, \u00e9tymologie","robots":{"index":"index","follow":"follow","max-snippet":"max-snippet:-1","max-image-preview":"max-image-preview:large","max-video-preview":"max-video-preview:-1"},"canonical":"https:\/\/www.meslibellules.fr\/blog\/2025\/02\/21\/copera-marginipes\/","og_locale":"fr_FR","og_type":"article","og_title":"Copera marginipes - Mes Libellules","og_description":"Copera marginipes m\u00e2les et femelles en Tha\u00eflande, description, identification, taille, habitat, distribution g\u00e9ographique, \u00e9tymologie","og_url":"https:\/\/www.meslibellules.fr\/blog\/2025\/02\/21\/copera-marginipes\/","og_site_name":"Mes Libellules","article_publisher":"https:\/\/www.facebook.com\/benoit.guillon.96\/","article_author":"https:\/\/www.facebook.com\/benoit.guillon.96\/","article_published_time":"2025-02-21T12:03:58+00:00","article_modified_time":"2026-02-15T17:49:55+00:00","og_image":[{"width":2217,"height":1204,"url":"https:\/\/www.meslibellules.fr\/blog\/wp-content\/uploads\/Copera-marginipes-male-1.webp","type":"image\/webp"}],"author":"Beno\u00eet Guillon","twitter_card":"summary_large_image","twitter_misc":{"\u00c9crit par":"Beno\u00eet Guillon","Dur\u00e9e de lecture estim\u00e9e":"6 minutes"},"schema":{"@context":"https:\/\/schema.org","@graph":[{"@type":"Article","@id":"https:\/\/www.meslibellules.fr\/blog\/2025\/02\/21\/copera-marginipes\/#article","isPartOf":{"@id":"https:\/\/www.meslibellules.fr\/blog\/2025\/02\/21\/copera-marginipes\/"},"author":{"name":"Beno\u00eet Guillon","@id":"https:\/\/www.meslibellules.fr\/blog\/#\/schema\/person\/9aa3586f9dd053fcf329f43b8b053c77"},"headline":"Tha\u00eflande &#8211; Copera marginipes (Rambur, 1842)","datePublished":"2025-02-21T12:03:58+00:00","dateModified":"2026-02-15T17:49:55+00:00","mainEntityOfPage":{"@id":"https:\/\/www.meslibellules.fr\/blog\/2025\/02\/21\/copera-marginipes\/"},"wordCount":846,"commentCount":0,"publisher":{"@id":"https:\/\/www.meslibellules.fr\/blog\/#\/schema\/person\/9aa3586f9dd053fcf329f43b8b053c77"},"image":{"@id":"https:\/\/www.meslibellules.fr\/blog\/2025\/02\/21\/copera-marginipes\/#primaryimage"},"thumbnailUrl":"https:\/\/www.meslibellules.fr\/blog\/wp-content\/uploads\/Copera-marginipes-male-1.webp","keywords":["Platycnemididae - Tha\u00eflande","ThaIlande"],"articleSection":["Platycnemididae","Tha\u00eflande"],"inLanguage":"fr-FR","potentialAction":[{"@type":"CommentAction","name":"Comment","target":["https:\/\/www.meslibellules.fr\/blog\/2025\/02\/21\/copera-marginipes\/#respond"]}]},{"@type":"WebPage","@id":"https:\/\/www.meslibellules.fr\/blog\/2025\/02\/21\/copera-marginipes\/","url":"https:\/\/www.meslibellules.fr\/blog\/2025\/02\/21\/copera-marginipes\/","name":"Copera marginipes - Mes Libellules","isPartOf":{"@id":"https:\/\/www.meslibellules.fr\/blog\/#website"},"primaryImageOfPage":{"@id":"https:\/\/www.meslibellules.fr\/blog\/2025\/02\/21\/copera-marginipes\/#primaryimage"},"image":{"@id":"https:\/\/www.meslibellules.fr\/blog\/2025\/02\/21\/copera-marginipes\/#primaryimage"},"thumbnailUrl":"https:\/\/www.meslibellules.fr\/blog\/wp-content\/uploads\/Copera-marginipes-male-1.webp","datePublished":"2025-02-21T12:03:58+00:00","dateModified":"2026-02-15T17:49:55+00:00","description":"Copera marginipes m\u00e2les et femelles en Tha\u00eflande, description, identification, taille, habitat, distribution g\u00e9ographique, \u00e9tymologie","breadcrumb":{"@id":"https:\/\/www.meslibellules.fr\/blog\/2025\/02\/21\/copera-marginipes\/#breadcrumb"},"inLanguage":"fr-FR","potentialAction":[{"@type":"ReadAction","target":["https:\/\/www.meslibellules.fr\/blog\/2025\/02\/21\/copera-marginipes\/"]}]},{"@type":"ImageObject","inLanguage":"fr-FR","@id":"https:\/\/www.meslibellules.fr\/blog\/2025\/02\/21\/copera-marginipes\/#primaryimage","url":"https:\/\/www.meslibellules.fr\/blog\/wp-content\/uploads\/Copera-marginipes-male-1.webp","contentUrl":"https:\/\/www.meslibellules.fr\/blog\/wp-content\/uploads\/Copera-marginipes-male-1.webp","width":2217,"height":1204,"caption":"Copera marginipes m\u00e2le, Tha\u00eflande, Mae Ya Waterfall, 07\/06\/2024"},{"@type":"BreadcrumbList","@id":"https:\/\/www.meslibellules.fr\/blog\/2025\/02\/21\/copera-marginipes\/#breadcrumb","itemListElement":[{"@type":"ListItem","position":1,"name":"Accueil","item":"https:\/\/www.meslibellules.fr\/blog\/"},{"@type":"ListItem","position":2,"name":"Tha\u00eflande &#8211; Copera marginipes (Rambur, 1842)"}]},{"@type":"WebSite","@id":"https:\/\/www.meslibellules.fr\/blog\/#website","url":"https:\/\/www.meslibellules.fr\/blog\/","name":"Mes Libellules","description":"Pr\u00e9sentation des libellules rencontr\u00e9es dans le monde","publisher":{"@id":"https:\/\/www.meslibellules.fr\/blog\/#\/schema\/person\/9aa3586f9dd053fcf329f43b8b053c77"},"potentialAction":[{"@type":"SearchAction","target":{"@type":"EntryPoint","urlTemplate":"https:\/\/www.meslibellules.fr\/blog\/?s={search_term_string}"},"query-input":{"@type":"PropertyValueSpecification","valueRequired":true,"valueName":"search_term_string"}}],"inLanguage":"fr-FR"},{"@type":["Person","Organization"],"@id":"https:\/\/www.meslibellules.fr\/blog\/#\/schema\/person\/9aa3586f9dd053fcf329f43b8b053c77","name":"Beno\u00eet Guillon","image":{"@type":"ImageObject","inLanguage":"fr-FR","@id":"https:\/\/www.meslibellules.fr\/blog\/wp-content\/uploads\/cropped-avatar-150-pix.jpg","url":"https:\/\/www.meslibellules.fr\/blog\/wp-content\/uploads\/cropped-avatar-150-pix.jpg","contentUrl":"https:\/\/www.meslibellules.fr\/blog\/wp-content\/uploads\/cropped-avatar-150-pix.jpg","width":150,"height":137,"caption":"Beno\u00eet Guillon"},"logo":{"@id":"https:\/\/www.meslibellules.fr\/blog\/wp-content\/uploads\/cropped-avatar-150-pix.jpg"},"sameAs":["https:\/\/www.facebook.com\/benoit.guillon.96\/"]}]}},"_links":{"self":[{"href":"https:\/\/www.meslibellules.fr\/blog\/wp-json\/wp\/v2\/posts\/23856","targetHints":{"allow":["GET"]}}],"collection":[{"href":"https:\/\/www.meslibellules.fr\/blog\/wp-json\/wp\/v2\/posts"}],"about":[{"href":"https:\/\/www.meslibellules.fr\/blog\/wp-json\/wp\/v2\/types\/post"}],"author":[{"embeddable":true,"href":"https:\/\/www.meslibellules.fr\/blog\/wp-json\/wp\/v2\/users\/1"}],"replies":[{"embeddable":true,"href":"https:\/\/www.meslibellules.fr\/blog\/wp-json\/wp\/v2\/comments?post=23856"}],"version-history":[{"count":27,"href":"https:\/\/www.meslibellules.fr\/blog\/wp-json\/wp\/v2\/posts\/23856\/revisions"}],"predecessor-version":[{"id":28590,"href":"https:\/\/www.meslibellules.fr\/blog\/wp-json\/wp\/v2\/posts\/23856\/revisions\/28590"}],"wp:attachment":[{"href":"https:\/\/www.meslibellules.fr\/blog\/wp-json\/wp\/v2\/media?parent=23856"}],"wp:term":[{"taxonomy":"category","embeddable":true,"href":"https:\/\/www.meslibellules.fr\/blog\/wp-json\/wp\/v2\/categories?post=23856"},{"taxonomy":"post_tag","embeddable":true,"href":"https:\/\/www.meslibellules.fr\/blog\/wp-json\/wp\/v2\/tags?post=23856"}],"curies":[{"name":"wp","href":"https:\/\/api.w.org\/{rel}","templated":true}]}}