{"id":23999,"date":"2025-03-04T19:32:09","date_gmt":"2025-03-04T18:32:09","guid":{"rendered":"https:\/\/www.meslibellules.fr\/blog\/?p=23999"},"modified":"2025-03-05T19:20:42","modified_gmt":"2025-03-05T18:20:42","slug":"ischnura-rufostigma-mildredae","status":"publish","type":"post","link":"https:\/\/www.meslibellules.fr\/blog\/2025\/03\/04\/ischnura-rufostigma-mildredae\/","title":{"rendered":"Tha\u00eflande &#8211; Ischnura rufostigma (Selys, 1876) &#8211; Ischnura mildredae (Fraser, 1927)"},"content":{"rendered":"\n<figure class=\"wp-block-image aligncenter size-full is-resized\"><a href=\"https:\/\/www.meslibellules.fr\/blog\/wp-content\/uploads\/Ischnura-rufostigma-male-4.webp\"><img decoding=\"async\" width=\"2174\" height=\"1204\" data-src=\"https:\/\/www.meslibellules.fr\/blog\/wp-content\/uploads\/Ischnura-rufostigma-male-4.webp\" alt=\"Ischnura rufostigma m\u00e2le, Tha\u00eflande, Doi Inthanon, 05\/06\/2024\" class=\"wp-image-23998 lazyload\" style=\"--smush-placeholder-width: 2174px; --smush-placeholder-aspect-ratio: 2174\/1204;width:708px;height:auto\" data-srcset=\"https:\/\/www.meslibellules.fr\/blog\/wp-content\/uploads\/Ischnura-rufostigma-male-4.webp 2174w, https:\/\/www.meslibellules.fr\/blog\/wp-content\/uploads\/Ischnura-rufostigma-male-4-768x425.webp 768w, https:\/\/www.meslibellules.fr\/blog\/wp-content\/uploads\/Ischnura-rufostigma-male-4-1536x851.webp 1536w, https:\/\/www.meslibellules.fr\/blog\/wp-content\/uploads\/Ischnura-rufostigma-male-4-2048x1134.webp 2048w\" data-sizes=\"(max-width: 2174px) 100vw, 2174px\" src=\"data:image\/svg+xml;base64,PHN2ZyB3aWR0aD0iMSIgaGVpZ2h0PSIxIiB4bWxucz0iaHR0cDovL3d3dy53My5vcmcvMjAwMC9zdmciPjwvc3ZnPg==\" \/><\/a><figcaption class=\"wp-element-caption\">Ischnura mildredae, Tha\u00eflande, Doi Inthanon, 05\/06\/2024<\/figcaption><\/figure>\n\n\n\n<p>En Tha\u00eflande, on l&rsquo;appelle Ischnura rufostigma et je ne sais pas comment lui est venu ce nom ! Sans doute par simplification, car il est souvent consid\u00e9r\u00e9 comme un membre du groupe Ischnura rufostigma. Il existe en effet plusieurs autres esp\u00e8ces (ou <em>sous-esp\u00e8ces<\/em>) tr\u00e8s proches, essentiellement I. carpentieri, mildredae et annandalei.<br>Cette esp\u00e8ce a \u00e9t\u00e9 d\u00e9crite par Selys (1) \u00e0 partir d&rsquo;un exemplaire d&rsquo;Inde et il \u00e9crit : \u00ab\u00a0<em>&#8230; l&rsquo;articulation basale et la moiti\u00e9 post\u00e9rieure du 8\u00b0<\/em> [segment abdominal]<em>, tout le dessus du 9\u00b0 et le dessus du 10\u00b0, except\u00e9 le bord post\u00e9rieur, noir\u00e2tres ; au 8\u00b0, le cercle basal est reli\u00e9 \u00e0 la moiti\u00e9 post\u00e9rieure par une ligne dorsale de m\u00eame couleur. Le bord du 10\u00b0 roux, termin\u00e9 par deux petits tubercules coniques un peu relev\u00e9s, assez rapproch\u00e9s \u00e0 chaque c\u00f4t\u00e9 de l&rsquo;ar\u00eate.<\/em>\u00ab\u00a0. Il est \u00e9vident que cela ne correspond pas du tout \u00e0 l&rsquo;esp\u00e8ce que je montre dont le S7 est noir et qui montre une superbe marque bleue sur le S8 \u00e0 laquelle Selys ne fait m\u00eame pas mention.<\/p>\n\n\n\n<figure class=\"wp-block-image aligncenter size-full is-resized\"><a href=\"https:\/\/www.meslibellules.fr\/blog\/wp-content\/uploads\/Ischnura-rufostigma-male-3.webp\"><img decoding=\"async\" width=\"2106\" height=\"1204\" data-src=\"https:\/\/www.meslibellules.fr\/blog\/wp-content\/uploads\/Ischnura-rufostigma-male-3.webp\" alt=\"Ischnura rufostigma m\u00e2le, Tha\u00eflande, Doi Inthanon, 04\/06\/2024\" class=\"wp-image-23997 lazyload\" style=\"--smush-placeholder-width: 2106px; --smush-placeholder-aspect-ratio: 2106\/1204;width:626px;height:auto\" data-srcset=\"https:\/\/www.meslibellules.fr\/blog\/wp-content\/uploads\/Ischnura-rufostigma-male-3.webp 2106w, https:\/\/www.meslibellules.fr\/blog\/wp-content\/uploads\/Ischnura-rufostigma-male-3-768x439.webp 768w, https:\/\/www.meslibellules.fr\/blog\/wp-content\/uploads\/Ischnura-rufostigma-male-3-1536x878.webp 1536w, https:\/\/www.meslibellules.fr\/blog\/wp-content\/uploads\/Ischnura-rufostigma-male-3-2048x1171.webp 2048w\" data-sizes=\"(max-width: 2106px) 100vw, 2106px\" src=\"data:image\/svg+xml;base64,PHN2ZyB3aWR0aD0iMSIgaGVpZ2h0PSIxIiB4bWxucz0iaHR0cDovL3d3dy53My5vcmcvMjAwMC9zdmciPjwvc3ZnPg==\" \/><\/a><figcaption class=\"wp-element-caption\">Ischnura mildredae m\u00e2le, Tha\u00eflande, Doi Inthanon, 04\/06\/2024<\/figcaption><\/figure>\n\n\n\n<p>Toutes les photos de cette page ont \u00e9t\u00e9 prises sur la m\u00eame <a href=\"https:\/\/www.meslibellules.fr\/blog\/wp-content\/uploads\/Mare-Chom-Thong-2.webp\">mare ou \u00e9tang<\/a> \u00e0 environ 1450 m d&rsquo;altitude.<br><br>Dans les travaux les plus r\u00e9cents sur ce groupe, on trouve celui de Vick (2) en 1986 et celui de Mitra &amp; Babu (3) en 2010. Il n&rsquo;existe pas de r\u00e9vision plus r\u00e9cente, \u00e0 ma connaissance.<br>Asahina, plus t\u00f4t encore, en 1970, consid\u00e9rait que <em>annandalei<\/em>&nbsp;et&nbsp;<em>carpentieri<\/em>&nbsp;\u00e9taient des synonymes de&nbsp;<em>mildredae<\/em>, lui-m\u00eame une sous-esp\u00e8ce de&nbsp;<em>rufostigma<\/em>\u2026 Vick, 1986 produit un tr\u00e8s int\u00e9ressant dessin comparatif des derniers segments abdominaux de ces esp\u00e8ces et de leurs appendices anaux, notablement diff\u00e9rents, et qui justifient pour lui que l&rsquo;on traite ces odonates comme des esp\u00e8ces diff\u00e9rentes.<\/p>\n\n\n\n<figure class=\"wp-block-image aligncenter size-full is-resized\"><img decoding=\"async\" width=\"1003\" height=\"581\" data-src=\"https:\/\/www.meslibellules.fr\/blog\/wp-content\/uploads\/Vick-1986.webp\" alt=\"Dessins des derniers segments abdominaux des memebres du groupe Ischnura rufostigma (Vick, 1986) (2)\" class=\"wp-image-24002 lazyload\" style=\"--smush-placeholder-width: 1003px; --smush-placeholder-aspect-ratio: 1003\/581;width:736px;height:auto\" data-srcset=\"https:\/\/www.meslibellules.fr\/blog\/wp-content\/uploads\/Vick-1986.webp 1003w, https:\/\/www.meslibellules.fr\/blog\/wp-content\/uploads\/Vick-1986-768x445.webp 768w\" data-sizes=\"(max-width: 1003px) 100vw, 1003px\" src=\"data:image\/svg+xml;base64,PHN2ZyB3aWR0aD0iMSIgaGVpZ2h0PSIxIiB4bWxucz0iaHR0cDovL3d3dy53My5vcmcvMjAwMC9zdmciPjwvc3ZnPg==\" \/><figcaption class=\"wp-element-caption\">Dessins des derniers segments abdominaux des membres du groupe Ischnura rufostigma (Vick, 1986) (2)<\/figcaption><\/figure>\n\n\n\n<p>De ces dessins, une conclusion s&rsquo;impose ; ce Coenagrionidae tha\u00eflandais ne peut appartenir qu&rsquo;\u00e0 une de ces deux esp\u00e8ces : I. carpentieri ou I. mildredae, les deux seules \u00e0 porter une tache bleue sur le S8 et \u00e0 montrer une coloration noire sur les quatre derniers segments. La fa\u00e7on la plus \u00e9vidente de les s\u00e9parer est l&rsquo;importance de la projection verticale du 10\u00b0 segment, massive et tronqu\u00e9e pour I. carpentieri, fine, ac\u00e9r\u00e9e, un peu crochue, presque horizontale de I. mildredae.<br>On trouve ci-dessous un (trop) fort agrandissement d&rsquo;une de mes photos qui correspond parfaitement \u00e0 cette derni\u00e8re esp\u00e8ce.<\/p>\n\n\n\n<figure class=\"wp-block-image aligncenter size-full is-resized\"><img decoding=\"async\" width=\"874\" height=\"496\" data-src=\"https:\/\/www.meslibellules.fr\/blog\/wp-content\/uploads\/Ischnura-rufostigma-male-4bis.webp\" alt=\"Ischnura rufostigma m\u00e2le, derniers segments, Tha\u00eflande, Doi Inthanon, 05\/06\/2024\" class=\"wp-image-24003 lazyload\" style=\"--smush-placeholder-width: 874px; --smush-placeholder-aspect-ratio: 874\/496;width:579px;height:auto\" data-srcset=\"https:\/\/www.meslibellules.fr\/blog\/wp-content\/uploads\/Ischnura-rufostigma-male-4bis.webp 874w, https:\/\/www.meslibellules.fr\/blog\/wp-content\/uploads\/Ischnura-rufostigma-male-4bis-768x436.webp 768w\" data-sizes=\"(max-width: 874px) 100vw, 874px\" src=\"data:image\/svg+xml;base64,PHN2ZyB3aWR0aD0iMSIgaGVpZ2h0PSIxIiB4bWxucz0iaHR0cDovL3d3dy53My5vcmcvMjAwMC9zdmciPjwvc3ZnPg==\" \/><figcaption class=\"wp-element-caption\">Ischnura mildredae m\u00e2le, derniers segments, Tha\u00eflande, Doi Inthanon, 05\/06\/2024<\/figcaption><\/figure>\n\n\n\n<p>J&rsquo;en \u00e9tais arriv\u00e9 exactement \u00e0 la m\u00eame conclusion <a href=\"https:\/\/www.meslibellules.fr\/blog\/2018\/09\/20\/vietnam-2018-ischnura-mildredae\/\">au Vietnam<\/a>, o\u00f9 j&rsquo;avais fait une meilleure <a href=\"https:\/\/www.meslibellules.fr\/blog\/wp-content\/uploads\/2018\/09\/ischnura-carpentieri-3-appendices-anaux.jpg\">photo des appendices anaux<\/a> (et o\u00f9 l&rsquo;on trouvera un comparatif de ces appendices).<br>Il serait bien n\u00e9cessaire que ce groupe soit \u00e0 nouveau r\u00e9vis\u00e9 par une autorit\u00e9, car si on trouve une cl\u00e9 des Ischnura indiens dans Mitra &amp; Babu, 2010 (3), celle-ci est partiellement bas\u00e9e sur la coloration des pt\u00e9rostigmas, ignorant la coloration bleue du 8\u00b0 segment, comme si elle \u00e9tait accessoire (voire inconstante).<br>Ils suivent Asahina et consid\u00e8rent <em>annandalei<\/em>&nbsp;et&nbsp;<em>carpentieri<\/em>&nbsp; comme des<em> sous-esp\u00e8ces<\/em> de Ischnura rufostigma : mais le premier \u00e9l\u00e9ment diagnostique de leur cl\u00e9 est \u00ab\u00a0<em>le pt\u00e9rostigma avec une bordure distale jaune<\/em>\u00a0\u00bb qui pour eux signe Ischnura mildredae, ce qu&rsquo;on observe facilement sur la premi\u00e8re photo de cette page.<\/p>\n\n\n\n<figure class=\"wp-block-image aligncenter size-full is-resized\"><a href=\"https:\/\/www.meslibellules.fr\/blog\/wp-content\/uploads\/Ischnura-rufostigma-male-2.webp\"><img decoding=\"async\" width=\"2369\" height=\"1204\" data-src=\"https:\/\/www.meslibellules.fr\/blog\/wp-content\/uploads\/Ischnura-rufostigma-male-2.webp\" alt=\"Ischnura rufostigma m\u00e2le, Tha\u00eflande, Doi Inthanon, 04\/06\/2024\" class=\"wp-image-23996 lazyload\" style=\"--smush-placeholder-width: 2369px; --smush-placeholder-aspect-ratio: 2369\/1204;width:606px;height:auto\" data-srcset=\"https:\/\/www.meslibellules.fr\/blog\/wp-content\/uploads\/Ischnura-rufostigma-male-2.webp 2369w, https:\/\/www.meslibellules.fr\/blog\/wp-content\/uploads\/Ischnura-rufostigma-male-2-768x390.webp 768w, https:\/\/www.meslibellules.fr\/blog\/wp-content\/uploads\/Ischnura-rufostigma-male-2-1536x781.webp 1536w, https:\/\/www.meslibellules.fr\/blog\/wp-content\/uploads\/Ischnura-rufostigma-male-2-2048x1041.webp 2048w\" data-sizes=\"(max-width: 2369px) 100vw, 2369px\" src=\"data:image\/svg+xml;base64,PHN2ZyB3aWR0aD0iMSIgaGVpZ2h0PSIxIiB4bWxucz0iaHR0cDovL3d3dy53My5vcmcvMjAwMC9zdmciPjwvc3ZnPg==\" \/><\/a><figcaption class=\"wp-element-caption\">Ischnura mildredae m\u00e2le, Tha\u00eflande, Doi Inthanon, 04\/06\/2024<\/figcaption><\/figure>\n\n\n\n<p>Alors selon que l&rsquo;on suit Asahina, Mitra &amp; Babu, ou Vick, on a ici \u00e0 faire soit \u00e0 une <em>sous-esp\u00e8ce<\/em> (je pr\u00e9f\u00e9rerais une <em>forme<\/em>\u00ab\u00a0) Ischnura rufostigma mildredae, soit \u00e0 une esp\u00e8ce valide Ischnura mildredae. Mais pas Ischnura rufostigma ssp. rufostigma ou Ischnura rufostigma !<\/p>\n\n\n\n<figure class=\"wp-block-image aligncenter size-full is-resized\"><a href=\"https:\/\/www.meslibellules.fr\/blog\/ischnura-rufostigma-male-1\/\"><img decoding=\"async\" width=\"2037\" height=\"1204\" data-src=\"https:\/\/www.meslibellules.fr\/blog\/wp-content\/uploads\/Ischnura-rufostigma-male-1.webp\" alt=\"Ischnura rufostigma m\u00e2le, Tha\u00eflande, Doi Inthanon, 04\/06\/2024\" class=\"wp-image-23995 lazyload\" style=\"--smush-placeholder-width: 2037px; --smush-placeholder-aspect-ratio: 2037\/1204;width:587px;height:auto\" data-srcset=\"https:\/\/www.meslibellules.fr\/blog\/wp-content\/uploads\/Ischnura-rufostigma-male-1.webp 2037w, https:\/\/www.meslibellules.fr\/blog\/wp-content\/uploads\/Ischnura-rufostigma-male-1-768x454.webp 768w, https:\/\/www.meslibellules.fr\/blog\/wp-content\/uploads\/Ischnura-rufostigma-male-1-1536x908.webp 1536w\" data-sizes=\"(max-width: 2037px) 100vw, 2037px\" src=\"data:image\/svg+xml;base64,PHN2ZyB3aWR0aD0iMSIgaGVpZ2h0PSIxIiB4bWxucz0iaHR0cDovL3d3dy53My5vcmcvMjAwMC9zdmciPjwvc3ZnPg==\" \/><\/a><figcaption class=\"wp-element-caption\">Ischnura midredae m\u00e2le, Tha\u00eflande, Doi Inthanon, 04\/06\/2024<\/figcaption><\/figure>\n\n\n\n<p>Ischnura mildredae a \u00e9t\u00e9 d\u00e9crit par Fraser (4) qui nous dit que son abdomen atteint 24 mm (en Malaisie) soit environ 30 mm au total. Pour lui bien s\u00fbr, les quatre derniers segments sont noirs et le S8 porte une tache bleue.<br>Ce qui est plus \u00e9tonnant est que Fraser d\u00e9crive les femelles avec \u00e9galement une large tache bleue sur le huiti\u00e8me segment. On trouve quelques photos de cette esp\u00e8ce sur <a href=\"https:\/\/www.indianodonata.org\/ischnura-mildredae\">Odonata of India<\/a>, mais aucune femelle ne montre du bleu sur ce segment&#8230;<br><br>En Tha\u00eflande, il semble que deux formes de femelles soient \u00ab\u00a0homologu\u00e9es\u00a0\u00bb comme se rapportant \u00e0 cette esp\u00e8ce (quel que soit son nom) : une forme pseudo homochrome, avec de fines traces de bleu \u00e0 la jonction des S7-S8 et S8-S9.<\/p>\n\n\n\n<figure class=\"wp-block-image aligncenter size-full is-resized\"><a href=\"https:\/\/www.meslibellules.fr\/blog\/wp-content\/uploads\/Ischnura-rufostigma-femelle-1.webp\"><img decoding=\"async\" width=\"1815\" height=\"1204\" data-src=\"https:\/\/www.meslibellules.fr\/blog\/wp-content\/uploads\/Ischnura-rufostigma-femelle-1.webp\" alt=\"Ischnura rufostigma femelle, Tha\u00eflande, Do Inthanon, 04\/06\/2024\" class=\"wp-image-23993 lazyload\" style=\"--smush-placeholder-width: 1815px; --smush-placeholder-aspect-ratio: 1815\/1204;width:505px;height:auto\" data-srcset=\"https:\/\/www.meslibellules.fr\/blog\/wp-content\/uploads\/Ischnura-rufostigma-femelle-1.webp 1815w, https:\/\/www.meslibellules.fr\/blog\/wp-content\/uploads\/Ischnura-rufostigma-femelle-1-768x509.webp 768w, https:\/\/www.meslibellules.fr\/blog\/wp-content\/uploads\/Ischnura-rufostigma-femelle-1-1536x1019.webp 1536w\" data-sizes=\"(max-width: 1815px) 100vw, 1815px\" src=\"data:image\/svg+xml;base64,PHN2ZyB3aWR0aD0iMSIgaGVpZ2h0PSIxIiB4bWxucz0iaHR0cDovL3d3dy53My5vcmcvMjAwMC9zdmciPjwvc3ZnPg==\" \/><\/a><figcaption class=\"wp-element-caption\">Ischnura mildredae femelle, Tha\u00eflande, Do Inthanon, 04\/06\/2024<\/figcaption><\/figure>\n\n\n\n<p>Une forme gynochrome, totalement diff\u00e9rente, comme il arrive souvent pour les Ischnura avec l&rsquo;abdomen compl\u00e8tement noir :<\/p>\n\n\n\n<figure class=\"wp-block-image aligncenter size-full is-resized\"><a href=\"https:\/\/www.meslibellules.fr\/blog\/wp-content\/uploads\/Ischnura-rufostigma-femelle-2.webp\"><img decoding=\"async\" width=\"2082\" height=\"1204\" data-src=\"https:\/\/www.meslibellules.fr\/blog\/wp-content\/uploads\/Ischnura-rufostigma-femelle-2.webp\" alt=\"Ischnura rufostigma femelle, Tha\u00eflande, Do Inthanon, 05\/06\/2024\" class=\"wp-image-23994 lazyload\" style=\"--smush-placeholder-width: 2082px; --smush-placeholder-aspect-ratio: 2082\/1204;width:514px;height:auto\" data-srcset=\"https:\/\/www.meslibellules.fr\/blog\/wp-content\/uploads\/Ischnura-rufostigma-femelle-2.webp 2082w, https:\/\/www.meslibellules.fr\/blog\/wp-content\/uploads\/Ischnura-rufostigma-femelle-2-768x444.webp 768w, https:\/\/www.meslibellules.fr\/blog\/wp-content\/uploads\/Ischnura-rufostigma-femelle-2-1536x888.webp 1536w, https:\/\/www.meslibellules.fr\/blog\/wp-content\/uploads\/Ischnura-rufostigma-femelle-2-2048x1184.webp 2048w\" data-sizes=\"(max-width: 2082px) 100vw, 2082px\" src=\"data:image\/svg+xml;base64,PHN2ZyB3aWR0aD0iMSIgaGVpZ2h0PSIxIiB4bWxucz0iaHR0cDovL3d3dy53My5vcmcvMjAwMC9zdmciPjwvc3ZnPg==\" \/><\/a><figcaption class=\"wp-element-caption\">Ischnura mildredae femelle, Tha\u00eflande, Do Inthanon, 05\/06\/2024<\/figcaption><\/figure>\n\n\n\n<p>Pour compliquer, il faut noter que <a href=\"https:\/\/dragonflies.kiz.ac.cn\/species\/Ischnura%20rufostigma\">Odonata of China<\/a>, sous la rubrique Ischnura rufostigma montre, parmi d&rsquo;autres, un individu m\u00e2le sans bleu sur le S8. Sans introduire la moindre notion de <em>sous-esp\u00e8ce<\/em>, l\u00e0 aussi sans doute pour simplifier.<br><br>Les odonates du groupe Ischnura rufostigma se plaisent sur les zones humides bien v\u00e9g\u00e9talis\u00e9es, les marais, les rizi\u00e8res, depuis l&rsquo;Inde jusqu&rsquo;au sud de la Chine, mais il est absent de la p\u00e9ninsule malaisienne. <a href=\"https:\/\/www.iucnredlist.org\/species\/167489\/6356820#geographic-range\">IUCN Red List<\/a>.<\/p>\n\n\n\n<p><span style=\"text-decoration: underline;\"><strong>\u00c9tymologie<\/strong><\/span><br \/><strong>Ischnura<\/strong> (5) vient du grec\u00a0<em>ischnos<\/em>\u00a0pour<em>\u00a0fin<\/em>\u00a0ou\u00a0<em>mince<\/em>\u00a0et de\u00a0<em>oura<\/em>\u00a0qui signifie\u00a0<em>queue<\/em>. Charpentier explique qu\u2019il a cr\u00e9\u00e9 ce nom en raison de la finesse exceptionnelle de l\u2019abdomen (sans doute en comparaison du genre Calopteryx, d\u2019apr\u00e8s Fliedner (2006), car elle n\u2019a, pour nous, rien d\u2019\u00e9tonnant en soi).<br \/><strong>Rufostigma<\/strong> du verbe latin <em>rufo<\/em> qui signifie devenir <em>roux,<\/em> et de <em>stigma<\/em>, <em>marque au fer rouge<\/em> ou <em>tache<\/em>, en r\u00e9f\u00e9rence bien s\u00fbr \u00e0 la coloration des pt\u00e9rostigmas des ailes post\u00e9rieures.<br \/><strong>Mildredae<\/strong> ; Fraser \u00e9crit vers la fin de sa description \u00a0\u00bb Cette esp\u00e8ce, qui a \u00e9t\u00e9 nomm\u00e9e d&rsquo;apr\u00e8s Mme Wall, une collectionneuse passionn\u00e9e&#8230;\u00a0\u00bb. Mme Mildred Wall (6) \u00e9tait l&rsquo;\u00e9pouse du colonel Franck Wall, m\u00e9decin anglais, lui-m\u00eame naturaliste et collecteur \u00e0 qui Fraser a \u00e9galement rendu hommage (Nepogomphus walli, Heliogomphus walli&#8230;).<\/p>\n\n\n\n<div style=\"height:41px\" aria-hidden=\"true\" class=\"wp-block-spacer\"><\/div>\n\n\n\n<p style=\"font-size:13px\">1- S\u00e9lys-Longchamps, Michel-Edmond. (1860). <a href=\"https:\/\/www.biodiversitylibrary.org\/item\/132906#page\/143\/mode\/1up\">Synopsis des Agrionines<\/a> (Vol. 4, p. 283).<br>2- G.S. Vick, 1986 \u2013<a href=\"https:\/\/natuurtijdschriften.nl\/pub\/591755\/OJIOS1986015003005.pdf\">&nbsp;A note on the group of species allied to Ischnura rufostigma Selys (Zygoptera: Coenagrionidae)<\/a>&nbsp;\u2013 Odonalologica 15(3): 347-351<br>3- Mitra &amp; Babu, 2010 &#8211; <a href=\"https:\/\/archive.org\/details\/dli.zoological.occpapers.315\/page\/n57\/mode\/2up\">Revision of Indian species of the families Platycnemididae and Coenagrionidae (Insecta : Odonata : Zygoptera) : taxonomy and zoogeography<\/a> &#8211; Zoological Survey of India, Occasional Papers. P.50.<br>4- Fraser, 1927 \u2013&nbsp;<a href=\"https:\/\/recordsofzsi.com\/index.php\/zsoi\/article\/view\/163219\/112132\">Descriptions of twenty new Indian dragonflies<\/a>&nbsp;\u2013 Rec. Ind. Mus, 29 : 63-90. P. 87.<br>5- <a href=\"https:\/\/www.researchgate.net\/publication\/283318421_The_Naming_of_Australia's_Dragonflies\">The Naming of Australia\u2019s Dragonflies<\/a>, Ian Endersby &amp; Heinrich Fliedner, Busybird publishing, 2015.<br>6- Matti H\u00e4m\u00e4l\u00e4inen, 2016 &#8211; <a href=\"https:\/\/dragonflyfund.org\/wp-content\/uploads\/2024\/06\/IDF_Report_92_Haemaelaeinen_2016.pdf\">Catalogue of individuals commemorated in the scientific names of extant dragonflies, including lists of all available eponymous species-group and genus-group names \u2013 Revised edition<\/a> \u2013 Journal of the International Dragonfly Fund 1-132. P. 123.<\/p>\n\n\n\n<div style=\"height:29px\" aria-hidden=\"true\" class=\"wp-block-spacer\"><\/div>\n\n\n\n<div class=\"wp-block-buttons is-vertical is-layout-flex wp-container-core-buttons-is-layout-16cda065 wp-block-buttons-is-layout-flex\">\n<div class=\"wp-block-button\"><a class=\"wp-block-button__link wp-element-button\" href=\"https:\/\/www.meslibellules.fr\/blog\/libellules-de-thailande\/\">Accueil Tha\u00eflande<\/a><\/div>\n\n\n\n<div class=\"wp-block-button\"><a class=\"wp-block-button__link wp-element-button\" href=\"http:\/\/www.meslibellules.fr\/pagesweb\/divers\/liste-generale-odonates-du-site\/asia-odonates.php\">Liste Asie<\/a><\/div>\n\n\n\n<div class=\"wp-block-button\"><a class=\"wp-block-button__link wp-element-button\" href=\"https:\/\/www.meslibellules.fr\/blog\/\">Accueil<\/a><\/div>\n<\/div>\n","protected":false},"excerpt":{"rendered":"<p>En Tha\u00eflande, on l&rsquo;appelle Ischnura rufostigma et je ne sais pas comment lui est venu ce nom ! Sans doute par simplification, car il est souvent consid\u00e9r\u00e9 comme un membre du groupe Ischnura rufostigma. Il existe en effet plusieurs autres esp\u00e8ces (ou sous-esp\u00e8ces) tr\u00e8s proches, essentiellement I. carpentieri, mildredae et annandalei.Cette esp\u00e8ce a \u00e9t\u00e9 d\u00e9crite [&hellip;]<\/p>\n","protected":false},"author":1,"featured_media":0,"comment_status":"open","ping_status":"open","sticky":false,"template":"","format":"image","meta":{"site-sidebar-layout":"default","site-content-layout":"","ast-site-content-layout":"default","site-content-style":"default","site-sidebar-style":"default","ast-global-header-display":"","ast-banner-title-visibility":"","ast-main-header-display":"","ast-hfb-above-header-display":"","ast-hfb-below-header-display":"","ast-hfb-mobile-header-display":"","site-post-title":"","ast-breadcrumbs-content":"","ast-featured-img":"","footer-sml-layout":"","ast-disable-related-posts":"","theme-transparent-header-meta":"","adv-header-id-meta":"","stick-header-meta":"","header-above-stick-meta":"","header-main-stick-meta":"","header-below-stick-meta":"","astra-migrate-meta-layouts":"set","ast-page-background-enabled":"default","ast-page-background-meta":{"desktop":{"background-color":"var(--ast-global-color-4)","background-image":"","background-repeat":"repeat","background-position":"center center","background-size":"auto","background-attachment":"scroll","background-type":"","background-media":"","overlay-type":"","overlay-color":"","overlay-opacity":"","overlay-gradient":""},"tablet":{"background-color":"","background-image":"","background-repeat":"repeat","background-position":"center center","background-size":"auto","background-attachment":"scroll","background-type":"","background-media":"","overlay-type":"","overlay-color":"","overlay-opacity":"","overlay-gradient":""},"mobile":{"background-color":"","background-image":"","background-repeat":"repeat","background-position":"center center","background-size":"auto","background-attachment":"scroll","background-type":"","background-media":"","overlay-type":"","overlay-color":"","overlay-opacity":"","overlay-gradient":""}},"ast-content-background-meta":{"desktop":{"background-color":"var(--ast-global-color-5)","background-image":"","background-repeat":"repeat","background-position":"center center","background-size":"auto","background-attachment":"scroll","background-type":"","background-media":"","overlay-type":"","overlay-color":"","overlay-opacity":"","overlay-gradient":""},"tablet":{"background-color":"var(--ast-global-color-5)","background-image":"","background-repeat":"repeat","background-position":"center center","background-size":"auto","background-attachment":"scroll","background-type":"","background-media":"","overlay-type":"","overlay-color":"","overlay-opacity":"","overlay-gradient":""},"mobile":{"background-color":"var(--ast-global-color-5)","background-image":"","background-repeat":"repeat","background-position":"center center","background-size":"auto","background-attachment":"scroll","background-type":"","background-media":"","overlay-type":"","overlay-color":"","overlay-opacity":"","overlay-gradient":""}},"footnotes":""},"categories":[1380,1379],"tags":[1382,1381],"class_list":["post-23999","post","type-post","status-publish","format-image","hentry","category-coenagrionidae-thailande-2","category-thailande","tag-coenagrionidae-thailande","tag-thailande","post_format-post-format-image"],"yoast_head":"<!-- This site is optimized with the Yoast SEO plugin v27.5 - https:\/\/yoast.com\/product\/yoast-seo-wordpress\/ -->\n<title>Ischnura rufostigma - Mes Libellules<\/title>\n<meta name=\"description\" content=\"Ischnura rufostigma ou Ischnura mildredae, description, identification, taille, habitat, distribution g\u00e9ographique, \u00e9tymologie\" \/>\n<meta name=\"robots\" content=\"index, follow, max-snippet:-1, max-image-preview:large, max-video-preview:-1\" \/>\n<link rel=\"canonical\" href=\"https:\/\/www.meslibellules.fr\/blog\/2025\/03\/04\/ischnura-rufostigma-mildredae\/\" \/>\n<meta property=\"og:locale\" content=\"fr_FR\" \/>\n<meta property=\"og:type\" content=\"article\" \/>\n<meta property=\"og:title\" content=\"Ischnura rufostigma - Mes Libellules\" \/>\n<meta property=\"og:description\" content=\"Ischnura rufostigma ou Ischnura mildredae, description, identification, taille, habitat, distribution g\u00e9ographique, \u00e9tymologie\" \/>\n<meta property=\"og:url\" content=\"https:\/\/www.meslibellules.fr\/blog\/2025\/03\/04\/ischnura-rufostigma-mildredae\/\" \/>\n<meta property=\"og:site_name\" content=\"Mes Libellules\" \/>\n<meta property=\"article:publisher\" content=\"https:\/\/www.facebook.com\/benoit.guillon.96\/\" \/>\n<meta property=\"article:author\" content=\"https:\/\/www.facebook.com\/benoit.guillon.96\/\" \/>\n<meta property=\"article:published_time\" content=\"2025-03-04T18:32:09+00:00\" \/>\n<meta property=\"article:modified_time\" content=\"2025-03-05T18:20:42+00:00\" \/>\n<meta property=\"og:image\" content=\"https:\/\/www.meslibellules.fr\/blog\/wp-content\/uploads\/Ischnura-rufostigma-male-4.webp\" \/>\n\t<meta property=\"og:image:width\" content=\"2174\" \/>\n\t<meta property=\"og:image:height\" content=\"1204\" \/>\n\t<meta property=\"og:image:type\" content=\"image\/webp\" \/>\n<meta name=\"author\" content=\"Beno\u00eet Guillon\" \/>\n<meta name=\"twitter:card\" content=\"summary_large_image\" \/>\n<meta name=\"twitter:label1\" content=\"\u00c9crit par\" \/>\n\t<meta name=\"twitter:data1\" content=\"Beno\u00eet Guillon\" \/>\n\t<meta name=\"twitter:label2\" content=\"Dur\u00e9e de lecture estim\u00e9e\" \/>\n\t<meta name=\"twitter:data2\" content=\"8 minutes\" \/>\n<script type=\"application\/ld+json\" class=\"yoast-schema-graph\">{\"@context\":\"https:\\\/\\\/schema.org\",\"@graph\":[{\"@type\":\"Article\",\"@id\":\"https:\\\/\\\/www.meslibellules.fr\\\/blog\\\/2025\\\/03\\\/04\\\/ischnura-rufostigma-mildredae\\\/#article\",\"isPartOf\":{\"@id\":\"https:\\\/\\\/www.meslibellules.fr\\\/blog\\\/2025\\\/03\\\/04\\\/ischnura-rufostigma-mildredae\\\/\"},\"author\":{\"name\":\"Beno\u00eet Guillon\",\"@id\":\"https:\\\/\\\/www.meslibellules.fr\\\/blog\\\/#\\\/schema\\\/person\\\/9aa3586f9dd053fcf329f43b8b053c77\"},\"headline\":\"Tha\u00eflande &#8211; Ischnura rufostigma (Selys, 1876) &#8211; Ischnura mildredae (Fraser, 1927)\",\"datePublished\":\"2025-03-04T18:32:09+00:00\",\"dateModified\":\"2025-03-05T18:20:42+00:00\",\"mainEntityOfPage\":{\"@id\":\"https:\\\/\\\/www.meslibellules.fr\\\/blog\\\/2025\\\/03\\\/04\\\/ischnura-rufostigma-mildredae\\\/\"},\"wordCount\":1172,\"commentCount\":0,\"publisher\":{\"@id\":\"https:\\\/\\\/www.meslibellules.fr\\\/blog\\\/#\\\/schema\\\/person\\\/9aa3586f9dd053fcf329f43b8b053c77\"},\"image\":{\"@id\":\"https:\\\/\\\/www.meslibellules.fr\\\/blog\\\/2025\\\/03\\\/04\\\/ischnura-rufostigma-mildredae\\\/#primaryimage\"},\"thumbnailUrl\":\"https:\\\/\\\/www.meslibellules.fr\\\/blog\\\/wp-content\\\/uploads\\\/Ischnura-rufostigma-male-4.webp\",\"keywords\":[\"Coenagrionidae - Tha\u00eflande\",\"Tha\u00eflande\"],\"articleSection\":[\"Coenagrionidae\",\"Tha\u00eflande\"],\"inLanguage\":\"fr-FR\",\"potentialAction\":[{\"@type\":\"CommentAction\",\"name\":\"Comment\",\"target\":[\"https:\\\/\\\/www.meslibellules.fr\\\/blog\\\/2025\\\/03\\\/04\\\/ischnura-rufostigma-mildredae\\\/#respond\"]}]},{\"@type\":\"WebPage\",\"@id\":\"https:\\\/\\\/www.meslibellules.fr\\\/blog\\\/2025\\\/03\\\/04\\\/ischnura-rufostigma-mildredae\\\/\",\"url\":\"https:\\\/\\\/www.meslibellules.fr\\\/blog\\\/2025\\\/03\\\/04\\\/ischnura-rufostigma-mildredae\\\/\",\"name\":\"Ischnura rufostigma - Mes Libellules\",\"isPartOf\":{\"@id\":\"https:\\\/\\\/www.meslibellules.fr\\\/blog\\\/#website\"},\"primaryImageOfPage\":{\"@id\":\"https:\\\/\\\/www.meslibellules.fr\\\/blog\\\/2025\\\/03\\\/04\\\/ischnura-rufostigma-mildredae\\\/#primaryimage\"},\"image\":{\"@id\":\"https:\\\/\\\/www.meslibellules.fr\\\/blog\\\/2025\\\/03\\\/04\\\/ischnura-rufostigma-mildredae\\\/#primaryimage\"},\"thumbnailUrl\":\"https:\\\/\\\/www.meslibellules.fr\\\/blog\\\/wp-content\\\/uploads\\\/Ischnura-rufostigma-male-4.webp\",\"datePublished\":\"2025-03-04T18:32:09+00:00\",\"dateModified\":\"2025-03-05T18:20:42+00:00\",\"description\":\"Ischnura rufostigma ou Ischnura mildredae, description, identification, taille, habitat, distribution g\u00e9ographique, \u00e9tymologie\",\"breadcrumb\":{\"@id\":\"https:\\\/\\\/www.meslibellules.fr\\\/blog\\\/2025\\\/03\\\/04\\\/ischnura-rufostigma-mildredae\\\/#breadcrumb\"},\"inLanguage\":\"fr-FR\",\"potentialAction\":[{\"@type\":\"ReadAction\",\"target\":[\"https:\\\/\\\/www.meslibellules.fr\\\/blog\\\/2025\\\/03\\\/04\\\/ischnura-rufostigma-mildredae\\\/\"]}]},{\"@type\":\"ImageObject\",\"inLanguage\":\"fr-FR\",\"@id\":\"https:\\\/\\\/www.meslibellules.fr\\\/blog\\\/2025\\\/03\\\/04\\\/ischnura-rufostigma-mildredae\\\/#primaryimage\",\"url\":\"https:\\\/\\\/www.meslibellules.fr\\\/blog\\\/wp-content\\\/uploads\\\/Ischnura-rufostigma-male-4.webp\",\"contentUrl\":\"https:\\\/\\\/www.meslibellules.fr\\\/blog\\\/wp-content\\\/uploads\\\/Ischnura-rufostigma-male-4.webp\"},{\"@type\":\"BreadcrumbList\",\"@id\":\"https:\\\/\\\/www.meslibellules.fr\\\/blog\\\/2025\\\/03\\\/04\\\/ischnura-rufostigma-mildredae\\\/#breadcrumb\",\"itemListElement\":[{\"@type\":\"ListItem\",\"position\":1,\"name\":\"Accueil\",\"item\":\"https:\\\/\\\/www.meslibellules.fr\\\/blog\\\/\"},{\"@type\":\"ListItem\",\"position\":2,\"name\":\"Tha\u00eflande &#8211; Ischnura rufostigma (Selys, 1876) &#8211; Ischnura mildredae (Fraser, 1927)\"}]},{\"@type\":\"WebSite\",\"@id\":\"https:\\\/\\\/www.meslibellules.fr\\\/blog\\\/#website\",\"url\":\"https:\\\/\\\/www.meslibellules.fr\\\/blog\\\/\",\"name\":\"Mes Libellules\",\"description\":\"Pr\u00e9sentation des libellules rencontr\u00e9es dans le monde\",\"publisher\":{\"@id\":\"https:\\\/\\\/www.meslibellules.fr\\\/blog\\\/#\\\/schema\\\/person\\\/9aa3586f9dd053fcf329f43b8b053c77\"},\"potentialAction\":[{\"@type\":\"SearchAction\",\"target\":{\"@type\":\"EntryPoint\",\"urlTemplate\":\"https:\\\/\\\/www.meslibellules.fr\\\/blog\\\/?s={search_term_string}\"},\"query-input\":{\"@type\":\"PropertyValueSpecification\",\"valueRequired\":true,\"valueName\":\"search_term_string\"}}],\"inLanguage\":\"fr-FR\"},{\"@type\":[\"Person\",\"Organization\"],\"@id\":\"https:\\\/\\\/www.meslibellules.fr\\\/blog\\\/#\\\/schema\\\/person\\\/9aa3586f9dd053fcf329f43b8b053c77\",\"name\":\"Beno\u00eet Guillon\",\"image\":{\"@type\":\"ImageObject\",\"inLanguage\":\"fr-FR\",\"@id\":\"https:\\\/\\\/www.meslibellules.fr\\\/blog\\\/wp-content\\\/uploads\\\/cropped-avatar-150-pix.jpg\",\"url\":\"https:\\\/\\\/www.meslibellules.fr\\\/blog\\\/wp-content\\\/uploads\\\/cropped-avatar-150-pix.jpg\",\"contentUrl\":\"https:\\\/\\\/www.meslibellules.fr\\\/blog\\\/wp-content\\\/uploads\\\/cropped-avatar-150-pix.jpg\",\"width\":150,\"height\":137,\"caption\":\"Beno\u00eet Guillon\"},\"logo\":{\"@id\":\"https:\\\/\\\/www.meslibellules.fr\\\/blog\\\/wp-content\\\/uploads\\\/cropped-avatar-150-pix.jpg\"},\"sameAs\":[\"https:\\\/\\\/www.facebook.com\\\/benoit.guillon.96\\\/\"]}]}<\/script>\n<!-- \/ Yoast SEO plugin. -->","yoast_head_json":{"title":"Ischnura rufostigma - Mes Libellules","description":"Ischnura rufostigma ou Ischnura mildredae, description, identification, taille, habitat, distribution g\u00e9ographique, \u00e9tymologie","robots":{"index":"index","follow":"follow","max-snippet":"max-snippet:-1","max-image-preview":"max-image-preview:large","max-video-preview":"max-video-preview:-1"},"canonical":"https:\/\/www.meslibellules.fr\/blog\/2025\/03\/04\/ischnura-rufostigma-mildredae\/","og_locale":"fr_FR","og_type":"article","og_title":"Ischnura rufostigma - Mes Libellules","og_description":"Ischnura rufostigma ou Ischnura mildredae, description, identification, taille, habitat, distribution g\u00e9ographique, \u00e9tymologie","og_url":"https:\/\/www.meslibellules.fr\/blog\/2025\/03\/04\/ischnura-rufostigma-mildredae\/","og_site_name":"Mes Libellules","article_publisher":"https:\/\/www.facebook.com\/benoit.guillon.96\/","article_author":"https:\/\/www.facebook.com\/benoit.guillon.96\/","article_published_time":"2025-03-04T18:32:09+00:00","article_modified_time":"2025-03-05T18:20:42+00:00","og_image":[{"width":2174,"height":1204,"url":"https:\/\/www.meslibellules.fr\/blog\/wp-content\/uploads\/Ischnura-rufostigma-male-4.webp","type":"image\/webp"}],"author":"Beno\u00eet Guillon","twitter_card":"summary_large_image","twitter_misc":{"\u00c9crit par":"Beno\u00eet Guillon","Dur\u00e9e de lecture estim\u00e9e":"8 minutes"},"schema":{"@context":"https:\/\/schema.org","@graph":[{"@type":"Article","@id":"https:\/\/www.meslibellules.fr\/blog\/2025\/03\/04\/ischnura-rufostigma-mildredae\/#article","isPartOf":{"@id":"https:\/\/www.meslibellules.fr\/blog\/2025\/03\/04\/ischnura-rufostigma-mildredae\/"},"author":{"name":"Beno\u00eet Guillon","@id":"https:\/\/www.meslibellules.fr\/blog\/#\/schema\/person\/9aa3586f9dd053fcf329f43b8b053c77"},"headline":"Tha\u00eflande &#8211; Ischnura rufostigma (Selys, 1876) &#8211; Ischnura mildredae (Fraser, 1927)","datePublished":"2025-03-04T18:32:09+00:00","dateModified":"2025-03-05T18:20:42+00:00","mainEntityOfPage":{"@id":"https:\/\/www.meslibellules.fr\/blog\/2025\/03\/04\/ischnura-rufostigma-mildredae\/"},"wordCount":1172,"commentCount":0,"publisher":{"@id":"https:\/\/www.meslibellules.fr\/blog\/#\/schema\/person\/9aa3586f9dd053fcf329f43b8b053c77"},"image":{"@id":"https:\/\/www.meslibellules.fr\/blog\/2025\/03\/04\/ischnura-rufostigma-mildredae\/#primaryimage"},"thumbnailUrl":"https:\/\/www.meslibellules.fr\/blog\/wp-content\/uploads\/Ischnura-rufostigma-male-4.webp","keywords":["Coenagrionidae - Tha\u00eflande","Tha\u00eflande"],"articleSection":["Coenagrionidae","Tha\u00eflande"],"inLanguage":"fr-FR","potentialAction":[{"@type":"CommentAction","name":"Comment","target":["https:\/\/www.meslibellules.fr\/blog\/2025\/03\/04\/ischnura-rufostigma-mildredae\/#respond"]}]},{"@type":"WebPage","@id":"https:\/\/www.meslibellules.fr\/blog\/2025\/03\/04\/ischnura-rufostigma-mildredae\/","url":"https:\/\/www.meslibellules.fr\/blog\/2025\/03\/04\/ischnura-rufostigma-mildredae\/","name":"Ischnura rufostigma - Mes Libellules","isPartOf":{"@id":"https:\/\/www.meslibellules.fr\/blog\/#website"},"primaryImageOfPage":{"@id":"https:\/\/www.meslibellules.fr\/blog\/2025\/03\/04\/ischnura-rufostigma-mildredae\/#primaryimage"},"image":{"@id":"https:\/\/www.meslibellules.fr\/blog\/2025\/03\/04\/ischnura-rufostigma-mildredae\/#primaryimage"},"thumbnailUrl":"https:\/\/www.meslibellules.fr\/blog\/wp-content\/uploads\/Ischnura-rufostigma-male-4.webp","datePublished":"2025-03-04T18:32:09+00:00","dateModified":"2025-03-05T18:20:42+00:00","description":"Ischnura rufostigma ou Ischnura mildredae, description, identification, taille, habitat, distribution g\u00e9ographique, \u00e9tymologie","breadcrumb":{"@id":"https:\/\/www.meslibellules.fr\/blog\/2025\/03\/04\/ischnura-rufostigma-mildredae\/#breadcrumb"},"inLanguage":"fr-FR","potentialAction":[{"@type":"ReadAction","target":["https:\/\/www.meslibellules.fr\/blog\/2025\/03\/04\/ischnura-rufostigma-mildredae\/"]}]},{"@type":"ImageObject","inLanguage":"fr-FR","@id":"https:\/\/www.meslibellules.fr\/blog\/2025\/03\/04\/ischnura-rufostigma-mildredae\/#primaryimage","url":"https:\/\/www.meslibellules.fr\/blog\/wp-content\/uploads\/Ischnura-rufostigma-male-4.webp","contentUrl":"https:\/\/www.meslibellules.fr\/blog\/wp-content\/uploads\/Ischnura-rufostigma-male-4.webp"},{"@type":"BreadcrumbList","@id":"https:\/\/www.meslibellules.fr\/blog\/2025\/03\/04\/ischnura-rufostigma-mildredae\/#breadcrumb","itemListElement":[{"@type":"ListItem","position":1,"name":"Accueil","item":"https:\/\/www.meslibellules.fr\/blog\/"},{"@type":"ListItem","position":2,"name":"Tha\u00eflande &#8211; Ischnura rufostigma (Selys, 1876) &#8211; Ischnura mildredae (Fraser, 1927)"}]},{"@type":"WebSite","@id":"https:\/\/www.meslibellules.fr\/blog\/#website","url":"https:\/\/www.meslibellules.fr\/blog\/","name":"Mes Libellules","description":"Pr\u00e9sentation des libellules rencontr\u00e9es dans le monde","publisher":{"@id":"https:\/\/www.meslibellules.fr\/blog\/#\/schema\/person\/9aa3586f9dd053fcf329f43b8b053c77"},"potentialAction":[{"@type":"SearchAction","target":{"@type":"EntryPoint","urlTemplate":"https:\/\/www.meslibellules.fr\/blog\/?s={search_term_string}"},"query-input":{"@type":"PropertyValueSpecification","valueRequired":true,"valueName":"search_term_string"}}],"inLanguage":"fr-FR"},{"@type":["Person","Organization"],"@id":"https:\/\/www.meslibellules.fr\/blog\/#\/schema\/person\/9aa3586f9dd053fcf329f43b8b053c77","name":"Beno\u00eet Guillon","image":{"@type":"ImageObject","inLanguage":"fr-FR","@id":"https:\/\/www.meslibellules.fr\/blog\/wp-content\/uploads\/cropped-avatar-150-pix.jpg","url":"https:\/\/www.meslibellules.fr\/blog\/wp-content\/uploads\/cropped-avatar-150-pix.jpg","contentUrl":"https:\/\/www.meslibellules.fr\/blog\/wp-content\/uploads\/cropped-avatar-150-pix.jpg","width":150,"height":137,"caption":"Beno\u00eet Guillon"},"logo":{"@id":"https:\/\/www.meslibellules.fr\/blog\/wp-content\/uploads\/cropped-avatar-150-pix.jpg"},"sameAs":["https:\/\/www.facebook.com\/benoit.guillon.96\/"]}]}},"_links":{"self":[{"href":"https:\/\/www.meslibellules.fr\/blog\/wp-json\/wp\/v2\/posts\/23999","targetHints":{"allow":["GET"]}}],"collection":[{"href":"https:\/\/www.meslibellules.fr\/blog\/wp-json\/wp\/v2\/posts"}],"about":[{"href":"https:\/\/www.meslibellules.fr\/blog\/wp-json\/wp\/v2\/types\/post"}],"author":[{"embeddable":true,"href":"https:\/\/www.meslibellules.fr\/blog\/wp-json\/wp\/v2\/users\/1"}],"replies":[{"embeddable":true,"href":"https:\/\/www.meslibellules.fr\/blog\/wp-json\/wp\/v2\/comments?post=23999"}],"version-history":[{"count":11,"href":"https:\/\/www.meslibellules.fr\/blog\/wp-json\/wp\/v2\/posts\/23999\/revisions"}],"predecessor-version":[{"id":24017,"href":"https:\/\/www.meslibellules.fr\/blog\/wp-json\/wp\/v2\/posts\/23999\/revisions\/24017"}],"wp:attachment":[{"href":"https:\/\/www.meslibellules.fr\/blog\/wp-json\/wp\/v2\/media?parent=23999"}],"wp:term":[{"taxonomy":"category","embeddable":true,"href":"https:\/\/www.meslibellules.fr\/blog\/wp-json\/wp\/v2\/categories?post=23999"},{"taxonomy":"post_tag","embeddable":true,"href":"https:\/\/www.meslibellules.fr\/blog\/wp-json\/wp\/v2\/tags?post=23999"}],"curies":[{"name":"wp","href":"https:\/\/api.w.org\/{rel}","templated":true}]}}