{"id":2408,"date":"2019-03-07T11:50:05","date_gmt":"2019-03-07T10:50:05","guid":{"rendered":"http:\/\/www.meslibellules.fr\/blog\/?p=2408"},"modified":"2024-09-13T04:58:27","modified_gmt":"2024-09-13T02:58:27","slug":"gynacantha-bayadera","status":"publish","type":"post","link":"https:\/\/www.meslibellules.fr\/blog\/2019\/03\/07\/gynacantha-bayadera\/","title":{"rendered":"Vietnam 2018 &#8211; Gynacantha bayadera (Selys, 1891)"},"content":{"rendered":"\n<figure class=\"wp-block-image aligncenter is-resized\"><a href=\"https:\/\/www.meslibellules.fr\/blog\/wp-content\/uploads\/2019\/03\/gynacantha-bayadera.jpg\"><img decoding=\"async\" width=\"2176\" height=\"1204\" data-src=\"https:\/\/www.meslibellules.fr\/blog\/wp-content\/uploads\/2019\/03\/gynacantha-bayadera.jpg\" alt=\"Gynacantha bayadera femelle, Vietnam, Cuc Phuong, 13\/06\/2018\" class=\"wp-image-2406 lazyload\" style=\"--smush-placeholder-width: 2176px; --smush-placeholder-aspect-ratio: 2176\/1204;width:752px;height:auto\" data-srcset=\"https:\/\/www.meslibellules.fr\/blog\/wp-content\/uploads\/2019\/03\/gynacantha-bayadera.jpg 2176w, https:\/\/www.meslibellules.fr\/blog\/wp-content\/uploads\/2019\/03\/gynacantha-bayadera-768x425.jpg 768w, https:\/\/www.meslibellules.fr\/blog\/wp-content\/uploads\/2019\/03\/gynacantha-bayadera-1200x664.jpg 1200w\" data-sizes=\"(max-width: 2176px) 100vw, 2176px\" src=\"data:image\/svg+xml;base64,PHN2ZyB3aWR0aD0iMSIgaGVpZ2h0PSIxIiB4bWxucz0iaHR0cDovL3d3dy53My5vcmcvMjAwMC9zdmciPjwvc3ZnPg==\" \/><\/a><figcaption class=\"wp-element-caption\">Gynacantha bayadera femelle, Vietnam, Cuc Phuong, 13\/06\/2018<\/figcaption><\/figure>\n\n\n\n<p style=\"font-size:15px\">Il fait d\u00e9j\u00e0 nuit (18 heures 45) quand cette femelle Gynacantha bayadera (Aeshnidae) est captur\u00e9e sur un sentier du parc de Cuc Phuong. La forme des yeux est spectaculaire et semble profil\u00e9e pour la vitesse, \u00e0 la fa\u00e7on des skieurs de vitesse. Elle mesure 45 \u00e0 47 mm pour l&rsquo;abdomen (d&rsquo;apr\u00e8s la description originale de Selys \u00e0 partir de sujets de la province indienne du Sikkim) soit environ 60 mm pour la longueur totale.<br>Curieusement, les appendices anaux sont de longueur diff\u00e9rente.<\/p>\n\n\n\n<figure class=\"wp-block-image aligncenter is-resized\"><a href=\"https:\/\/www.meslibellules.fr\/blog\/wp-content\/uploads\/2019\/03\/gynacantha-bayadera-2.jpg\"><img decoding=\"async\" width=\"1004\" height=\"465\" data-src=\"https:\/\/www.meslibellules.fr\/blog\/wp-content\/uploads\/2019\/03\/gynacantha-bayadera-2.jpg\" alt=\"Gynacantha bayadera femelle, appendices anaux, Vietnam, Cuc Phuong, 13\/06\/2018\" class=\"wp-image-2407 lazyload\" style=\"--smush-placeholder-width: 1004px; --smush-placeholder-aspect-ratio: 1004\/465;width:615px\" data-srcset=\"https:\/\/www.meslibellules.fr\/blog\/wp-content\/uploads\/2019\/03\/gynacantha-bayadera-2.jpg 1004w, https:\/\/www.meslibellules.fr\/blog\/wp-content\/uploads\/2019\/03\/gynacantha-bayadera-2-768x356.jpg 768w\" data-sizes=\"(max-width: 1004px) 100vw, 1004px\" src=\"data:image\/svg+xml;base64,PHN2ZyB3aWR0aD0iMSIgaGVpZ2h0PSIxIiB4bWxucz0iaHR0cDovL3d3dy53My5vcmcvMjAwMC9zdmciPjwvc3ZnPg==\" \/><\/a><figcaption class=\"wp-element-caption\">Gynacantha bayadera femelle, appendices anaux, Vietnam, Cuc Phuong, 13\/06\/2018<\/figcaption><\/figure>\n\n\n\n<p style=\"font-size:15px\">Sa distribution est \u00e9tendue de l&rsquo;Indon\u00e9sie aux \u00eeles chinoises de Ha\u00efnan et Ta\u00efwan et \u00e0 l&rsquo;ouest \u00e0 une partie de l&rsquo;Inde, \u00e0 travers le Vietnam, Laos, Tha\u00eflande&#8230;<br><a href=\"https:\/\/www.iucnredlist.org\/species\/167060\/188883207\">IUCN Red List<\/a><\/p>\n\n\n\n\n\n<div class=\"wp-block-buttons is-vertical is-layout-flex wp-container-core-buttons-is-layout-fe9cc265 wp-block-buttons-is-layout-flex\">\n<div class=\"wp-block-button\"><a class=\"wp-block-button__link wp-element-button\" href=\"https:\/\/www.meslibellules.fr\/blog\/odonates-du-vietnam-2012-2018\/\">Accueil Vietnam<\/a><\/div>\n\n\n\n<div class=\"wp-block-button\"><a class=\"wp-block-button__link wp-element-button\" href=\"http:\/\/www.meslibellules.fr\/pagesweb\/divers\/liste-generale-odonates-du-site\/asia-odonates.php\">Liste Asie<\/a><\/div>\n\n\n\n<div class=\"wp-block-button\"><a class=\"wp-block-button__link wp-element-button\" href=\"https:\/\/www.meslibellules.fr\/blog\/\">Accueil<\/a><\/div>\n<\/div>\n","protected":false},"excerpt":{"rendered":"<p>Il fait d\u00e9j\u00e0 nuit (18 heures 45) quand cette femelle Gynacantha bayadera (Aeshnidae) est captur\u00e9e sur un sentier du parc de Cuc Phuong. La forme des yeux est spectaculaire et semble profil\u00e9e pour la vitesse, \u00e0 la fa\u00e7on des skieurs de vitesse. Elle mesure 45 \u00e0 47 mm pour l&rsquo;abdomen (d&rsquo;apr\u00e8s la description originale de [&hellip;]<\/p>\n","protected":false},"author":1,"featured_media":0,"comment_status":"open","ping_status":"open","sticky":false,"template":"","format":"image","meta":{"site-sidebar-layout":"default","site-content-layout":"","ast-site-content-layout":"default","site-content-style":"default","site-sidebar-style":"default","ast-global-header-display":"","ast-banner-title-visibility":"","ast-main-header-display":"","ast-hfb-above-header-display":"","ast-hfb-below-header-display":"","ast-hfb-mobile-header-display":"","site-post-title":"","ast-breadcrumbs-content":"","ast-featured-img":"","footer-sml-layout":"","ast-disable-related-posts":"","theme-transparent-header-meta":"","adv-header-id-meta":"","stick-header-meta":"","header-above-stick-meta":"","header-main-stick-meta":"","header-below-stick-meta":"","astra-migrate-meta-layouts":"set","ast-page-background-enabled":"default","ast-page-background-meta":{"desktop":{"background-color":"var(--ast-global-color-4)","background-image":"","background-repeat":"repeat","background-position":"center center","background-size":"auto","background-attachment":"scroll","background-type":"","background-media":"","overlay-type":"","overlay-color":"","overlay-opacity":"","overlay-gradient":""},"tablet":{"background-color":"","background-image":"","background-repeat":"repeat","background-position":"center center","background-size":"auto","background-attachment":"scroll","background-type":"","background-media":"","overlay-type":"","overlay-color":"","overlay-opacity":"","overlay-gradient":""},"mobile":{"background-color":"","background-image":"","background-repeat":"repeat","background-position":"center center","background-size":"auto","background-attachment":"scroll","background-type":"","background-media":"","overlay-type":"","overlay-color":"","overlay-opacity":"","overlay-gradient":""}},"ast-content-background-meta":{"desktop":{"background-color":"var(--ast-global-color-5)","background-image":"","background-repeat":"repeat","background-position":"center center","background-size":"auto","background-attachment":"scroll","background-type":"","background-media":"","overlay-type":"","overlay-color":"","overlay-opacity":"","overlay-gradient":""},"tablet":{"background-color":"var(--ast-global-color-5)","background-image":"","background-repeat":"repeat","background-position":"center center","background-size":"auto","background-attachment":"scroll","background-type":"","background-media":"","overlay-type":"","overlay-color":"","overlay-opacity":"","overlay-gradient":""},"mobile":{"background-color":"var(--ast-global-color-5)","background-image":"","background-repeat":"repeat","background-position":"center center","background-size":"auto","background-attachment":"scroll","background-type":"","background-media":"","overlay-type":"","overlay-color":"","overlay-opacity":"","overlay-gradient":""}},"footnotes":""},"categories":[25,54],"tags":[],"class_list":["post-2408","post","type-post","status-publish","format-image","hentry","category-aeshnidae","category-vietnam","post_format-post-format-image"],"yoast_head":"<!-- This site is optimized with the Yoast SEO plugin v27.5 - https:\/\/yoast.com\/product\/yoast-seo-wordpress\/ -->\n<title>Gynacantha bayadera - Mes Libellules<\/title>\n<meta name=\"description\" content=\"Gynacantha bayadera au Vietnam, description, identification, taille, habitat, distribution g\u00e9ographique, \u00e9tymologie\" \/>\n<meta name=\"robots\" content=\"index, follow, max-snippet:-1, max-image-preview:large, max-video-preview:-1\" \/>\n<link rel=\"canonical\" href=\"https:\/\/www.meslibellules.fr\/blog\/2019\/03\/07\/gynacantha-bayadera\/\" \/>\n<meta property=\"og:locale\" content=\"fr_FR\" \/>\n<meta property=\"og:type\" content=\"article\" \/>\n<meta property=\"og:title\" content=\"Gynacantha bayadera - Mes Libellules\" \/>\n<meta property=\"og:description\" content=\"Gynacantha bayadera au Vietnam, description, identification, taille, habitat, distribution g\u00e9ographique, \u00e9tymologie\" \/>\n<meta property=\"og:url\" content=\"https:\/\/www.meslibellules.fr\/blog\/2019\/03\/07\/gynacantha-bayadera\/\" \/>\n<meta property=\"og:site_name\" content=\"Mes Libellules\" \/>\n<meta property=\"article:publisher\" content=\"https:\/\/www.facebook.com\/benoit.guillon.96\/\" \/>\n<meta property=\"article:author\" content=\"https:\/\/www.facebook.com\/benoit.guillon.96\/\" \/>\n<meta property=\"article:published_time\" content=\"2019-03-07T10:50:05+00:00\" \/>\n<meta property=\"article:modified_time\" content=\"2024-09-13T02:58:27+00:00\" \/>\n<meta property=\"og:image\" content=\"http:\/\/www.meslibellules.fr\/blog\/wp-content\/uploads\/2019\/03\/gynacantha-bayadera.jpg\" \/>\n<meta name=\"author\" content=\"Beno\u00eet Guillon\" \/>\n<meta name=\"twitter:card\" content=\"summary_large_image\" \/>\n<meta name=\"twitter:label1\" content=\"\u00c9crit par\" \/>\n\t<meta name=\"twitter:data1\" content=\"Beno\u00eet Guillon\" \/>\n\t<meta name=\"twitter:label2\" content=\"Dur\u00e9e de lecture estim\u00e9e\" \/>\n\t<meta name=\"twitter:data2\" content=\"3 minutes\" \/>\n<script type=\"application\/ld+json\" class=\"yoast-schema-graph\">{\"@context\":\"https:\\\/\\\/schema.org\",\"@graph\":[{\"@type\":\"Article\",\"@id\":\"https:\\\/\\\/www.meslibellules.fr\\\/blog\\\/2019\\\/03\\\/07\\\/gynacantha-bayadera\\\/#article\",\"isPartOf\":{\"@id\":\"https:\\\/\\\/www.meslibellules.fr\\\/blog\\\/2019\\\/03\\\/07\\\/gynacantha-bayadera\\\/\"},\"author\":{\"name\":\"Beno\u00eet Guillon\",\"@id\":\"https:\\\/\\\/www.meslibellules.fr\\\/blog\\\/#\\\/schema\\\/person\\\/9aa3586f9dd053fcf329f43b8b053c77\"},\"headline\":\"Vietnam 2018 &#8211; Gynacantha bayadera (Selys, 1891)\",\"datePublished\":\"2019-03-07T10:50:05+00:00\",\"dateModified\":\"2024-09-13T02:58:27+00:00\",\"mainEntityOfPage\":{\"@id\":\"https:\\\/\\\/www.meslibellules.fr\\\/blog\\\/2019\\\/03\\\/07\\\/gynacantha-bayadera\\\/\"},\"wordCount\":135,\"commentCount\":0,\"publisher\":{\"@id\":\"https:\\\/\\\/www.meslibellules.fr\\\/blog\\\/#\\\/schema\\\/person\\\/9aa3586f9dd053fcf329f43b8b053c77\"},\"image\":{\"@id\":\"https:\\\/\\\/www.meslibellules.fr\\\/blog\\\/2019\\\/03\\\/07\\\/gynacantha-bayadera\\\/#primaryimage\"},\"thumbnailUrl\":\"http:\\\/\\\/www.meslibellules.fr\\\/blog\\\/wp-content\\\/uploads\\\/2019\\\/03\\\/gynacantha-bayadera.jpg\",\"articleSection\":[\"Aeshnidae\",\"Vietnam\"],\"inLanguage\":\"fr-FR\",\"potentialAction\":[{\"@type\":\"CommentAction\",\"name\":\"Comment\",\"target\":[\"https:\\\/\\\/www.meslibellules.fr\\\/blog\\\/2019\\\/03\\\/07\\\/gynacantha-bayadera\\\/#respond\"]}]},{\"@type\":\"WebPage\",\"@id\":\"https:\\\/\\\/www.meslibellules.fr\\\/blog\\\/2019\\\/03\\\/07\\\/gynacantha-bayadera\\\/\",\"url\":\"https:\\\/\\\/www.meslibellules.fr\\\/blog\\\/2019\\\/03\\\/07\\\/gynacantha-bayadera\\\/\",\"name\":\"Gynacantha bayadera - Mes Libellules\",\"isPartOf\":{\"@id\":\"https:\\\/\\\/www.meslibellules.fr\\\/blog\\\/#website\"},\"primaryImageOfPage\":{\"@id\":\"https:\\\/\\\/www.meslibellules.fr\\\/blog\\\/2019\\\/03\\\/07\\\/gynacantha-bayadera\\\/#primaryimage\"},\"image\":{\"@id\":\"https:\\\/\\\/www.meslibellules.fr\\\/blog\\\/2019\\\/03\\\/07\\\/gynacantha-bayadera\\\/#primaryimage\"},\"thumbnailUrl\":\"http:\\\/\\\/www.meslibellules.fr\\\/blog\\\/wp-content\\\/uploads\\\/2019\\\/03\\\/gynacantha-bayadera.jpg\",\"datePublished\":\"2019-03-07T10:50:05+00:00\",\"dateModified\":\"2024-09-13T02:58:27+00:00\",\"description\":\"Gynacantha bayadera au Vietnam, description, identification, taille, habitat, distribution g\u00e9ographique, \u00e9tymologie\",\"breadcrumb\":{\"@id\":\"https:\\\/\\\/www.meslibellules.fr\\\/blog\\\/2019\\\/03\\\/07\\\/gynacantha-bayadera\\\/#breadcrumb\"},\"inLanguage\":\"fr-FR\",\"potentialAction\":[{\"@type\":\"ReadAction\",\"target\":[\"https:\\\/\\\/www.meslibellules.fr\\\/blog\\\/2019\\\/03\\\/07\\\/gynacantha-bayadera\\\/\"]}]},{\"@type\":\"ImageObject\",\"inLanguage\":\"fr-FR\",\"@id\":\"https:\\\/\\\/www.meslibellules.fr\\\/blog\\\/2019\\\/03\\\/07\\\/gynacantha-bayadera\\\/#primaryimage\",\"url\":\"http:\\\/\\\/www.meslibellules.fr\\\/blog\\\/wp-content\\\/uploads\\\/2019\\\/03\\\/gynacantha-bayadera.jpg\",\"contentUrl\":\"http:\\\/\\\/www.meslibellules.fr\\\/blog\\\/wp-content\\\/uploads\\\/2019\\\/03\\\/gynacantha-bayadera.jpg\"},{\"@type\":\"BreadcrumbList\",\"@id\":\"https:\\\/\\\/www.meslibellules.fr\\\/blog\\\/2019\\\/03\\\/07\\\/gynacantha-bayadera\\\/#breadcrumb\",\"itemListElement\":[{\"@type\":\"ListItem\",\"position\":1,\"name\":\"Accueil\",\"item\":\"https:\\\/\\\/www.meslibellules.fr\\\/blog\\\/\"},{\"@type\":\"ListItem\",\"position\":2,\"name\":\"Vietnam 2018 &#8211; Gynacantha bayadera (Selys, 1891)\"}]},{\"@type\":\"WebSite\",\"@id\":\"https:\\\/\\\/www.meslibellules.fr\\\/blog\\\/#website\",\"url\":\"https:\\\/\\\/www.meslibellules.fr\\\/blog\\\/\",\"name\":\"Mes Libellules\",\"description\":\"Pr\u00e9sentation des libellules rencontr\u00e9es dans le monde\",\"publisher\":{\"@id\":\"https:\\\/\\\/www.meslibellules.fr\\\/blog\\\/#\\\/schema\\\/person\\\/9aa3586f9dd053fcf329f43b8b053c77\"},\"potentialAction\":[{\"@type\":\"SearchAction\",\"target\":{\"@type\":\"EntryPoint\",\"urlTemplate\":\"https:\\\/\\\/www.meslibellules.fr\\\/blog\\\/?s={search_term_string}\"},\"query-input\":{\"@type\":\"PropertyValueSpecification\",\"valueRequired\":true,\"valueName\":\"search_term_string\"}}],\"inLanguage\":\"fr-FR\"},{\"@type\":[\"Person\",\"Organization\"],\"@id\":\"https:\\\/\\\/www.meslibellules.fr\\\/blog\\\/#\\\/schema\\\/person\\\/9aa3586f9dd053fcf329f43b8b053c77\",\"name\":\"Beno\u00eet Guillon\",\"image\":{\"@type\":\"ImageObject\",\"inLanguage\":\"fr-FR\",\"@id\":\"https:\\\/\\\/www.meslibellules.fr\\\/blog\\\/wp-content\\\/uploads\\\/cropped-avatar-150-pix.jpg\",\"url\":\"https:\\\/\\\/www.meslibellules.fr\\\/blog\\\/wp-content\\\/uploads\\\/cropped-avatar-150-pix.jpg\",\"contentUrl\":\"https:\\\/\\\/www.meslibellules.fr\\\/blog\\\/wp-content\\\/uploads\\\/cropped-avatar-150-pix.jpg\",\"width\":150,\"height\":137,\"caption\":\"Beno\u00eet Guillon\"},\"logo\":{\"@id\":\"https:\\\/\\\/www.meslibellules.fr\\\/blog\\\/wp-content\\\/uploads\\\/cropped-avatar-150-pix.jpg\"},\"sameAs\":[\"https:\\\/\\\/www.facebook.com\\\/benoit.guillon.96\\\/\"]}]}<\/script>\n<!-- \/ Yoast SEO plugin. -->","yoast_head_json":{"title":"Gynacantha bayadera - Mes Libellules","description":"Gynacantha bayadera au Vietnam, description, identification, taille, habitat, distribution g\u00e9ographique, \u00e9tymologie","robots":{"index":"index","follow":"follow","max-snippet":"max-snippet:-1","max-image-preview":"max-image-preview:large","max-video-preview":"max-video-preview:-1"},"canonical":"https:\/\/www.meslibellules.fr\/blog\/2019\/03\/07\/gynacantha-bayadera\/","og_locale":"fr_FR","og_type":"article","og_title":"Gynacantha bayadera - Mes Libellules","og_description":"Gynacantha bayadera au Vietnam, description, identification, taille, habitat, distribution g\u00e9ographique, \u00e9tymologie","og_url":"https:\/\/www.meslibellules.fr\/blog\/2019\/03\/07\/gynacantha-bayadera\/","og_site_name":"Mes Libellules","article_publisher":"https:\/\/www.facebook.com\/benoit.guillon.96\/","article_author":"https:\/\/www.facebook.com\/benoit.guillon.96\/","article_published_time":"2019-03-07T10:50:05+00:00","article_modified_time":"2024-09-13T02:58:27+00:00","og_image":[{"url":"http:\/\/www.meslibellules.fr\/blog\/wp-content\/uploads\/2019\/03\/gynacantha-bayadera.jpg","type":"","width":"","height":""}],"author":"Beno\u00eet Guillon","twitter_card":"summary_large_image","twitter_misc":{"\u00c9crit par":"Beno\u00eet Guillon","Dur\u00e9e de lecture estim\u00e9e":"3 minutes"},"schema":{"@context":"https:\/\/schema.org","@graph":[{"@type":"Article","@id":"https:\/\/www.meslibellules.fr\/blog\/2019\/03\/07\/gynacantha-bayadera\/#article","isPartOf":{"@id":"https:\/\/www.meslibellules.fr\/blog\/2019\/03\/07\/gynacantha-bayadera\/"},"author":{"name":"Beno\u00eet Guillon","@id":"https:\/\/www.meslibellules.fr\/blog\/#\/schema\/person\/9aa3586f9dd053fcf329f43b8b053c77"},"headline":"Vietnam 2018 &#8211; Gynacantha bayadera (Selys, 1891)","datePublished":"2019-03-07T10:50:05+00:00","dateModified":"2024-09-13T02:58:27+00:00","mainEntityOfPage":{"@id":"https:\/\/www.meslibellules.fr\/blog\/2019\/03\/07\/gynacantha-bayadera\/"},"wordCount":135,"commentCount":0,"publisher":{"@id":"https:\/\/www.meslibellules.fr\/blog\/#\/schema\/person\/9aa3586f9dd053fcf329f43b8b053c77"},"image":{"@id":"https:\/\/www.meslibellules.fr\/blog\/2019\/03\/07\/gynacantha-bayadera\/#primaryimage"},"thumbnailUrl":"http:\/\/www.meslibellules.fr\/blog\/wp-content\/uploads\/2019\/03\/gynacantha-bayadera.jpg","articleSection":["Aeshnidae","Vietnam"],"inLanguage":"fr-FR","potentialAction":[{"@type":"CommentAction","name":"Comment","target":["https:\/\/www.meslibellules.fr\/blog\/2019\/03\/07\/gynacantha-bayadera\/#respond"]}]},{"@type":"WebPage","@id":"https:\/\/www.meslibellules.fr\/blog\/2019\/03\/07\/gynacantha-bayadera\/","url":"https:\/\/www.meslibellules.fr\/blog\/2019\/03\/07\/gynacantha-bayadera\/","name":"Gynacantha bayadera - Mes Libellules","isPartOf":{"@id":"https:\/\/www.meslibellules.fr\/blog\/#website"},"primaryImageOfPage":{"@id":"https:\/\/www.meslibellules.fr\/blog\/2019\/03\/07\/gynacantha-bayadera\/#primaryimage"},"image":{"@id":"https:\/\/www.meslibellules.fr\/blog\/2019\/03\/07\/gynacantha-bayadera\/#primaryimage"},"thumbnailUrl":"http:\/\/www.meslibellules.fr\/blog\/wp-content\/uploads\/2019\/03\/gynacantha-bayadera.jpg","datePublished":"2019-03-07T10:50:05+00:00","dateModified":"2024-09-13T02:58:27+00:00","description":"Gynacantha bayadera au Vietnam, description, identification, taille, habitat, distribution g\u00e9ographique, \u00e9tymologie","breadcrumb":{"@id":"https:\/\/www.meslibellules.fr\/blog\/2019\/03\/07\/gynacantha-bayadera\/#breadcrumb"},"inLanguage":"fr-FR","potentialAction":[{"@type":"ReadAction","target":["https:\/\/www.meslibellules.fr\/blog\/2019\/03\/07\/gynacantha-bayadera\/"]}]},{"@type":"ImageObject","inLanguage":"fr-FR","@id":"https:\/\/www.meslibellules.fr\/blog\/2019\/03\/07\/gynacantha-bayadera\/#primaryimage","url":"http:\/\/www.meslibellules.fr\/blog\/wp-content\/uploads\/2019\/03\/gynacantha-bayadera.jpg","contentUrl":"http:\/\/www.meslibellules.fr\/blog\/wp-content\/uploads\/2019\/03\/gynacantha-bayadera.jpg"},{"@type":"BreadcrumbList","@id":"https:\/\/www.meslibellules.fr\/blog\/2019\/03\/07\/gynacantha-bayadera\/#breadcrumb","itemListElement":[{"@type":"ListItem","position":1,"name":"Accueil","item":"https:\/\/www.meslibellules.fr\/blog\/"},{"@type":"ListItem","position":2,"name":"Vietnam 2018 &#8211; Gynacantha bayadera (Selys, 1891)"}]},{"@type":"WebSite","@id":"https:\/\/www.meslibellules.fr\/blog\/#website","url":"https:\/\/www.meslibellules.fr\/blog\/","name":"Mes Libellules","description":"Pr\u00e9sentation des libellules rencontr\u00e9es dans le monde","publisher":{"@id":"https:\/\/www.meslibellules.fr\/blog\/#\/schema\/person\/9aa3586f9dd053fcf329f43b8b053c77"},"potentialAction":[{"@type":"SearchAction","target":{"@type":"EntryPoint","urlTemplate":"https:\/\/www.meslibellules.fr\/blog\/?s={search_term_string}"},"query-input":{"@type":"PropertyValueSpecification","valueRequired":true,"valueName":"search_term_string"}}],"inLanguage":"fr-FR"},{"@type":["Person","Organization"],"@id":"https:\/\/www.meslibellules.fr\/blog\/#\/schema\/person\/9aa3586f9dd053fcf329f43b8b053c77","name":"Beno\u00eet Guillon","image":{"@type":"ImageObject","inLanguage":"fr-FR","@id":"https:\/\/www.meslibellules.fr\/blog\/wp-content\/uploads\/cropped-avatar-150-pix.jpg","url":"https:\/\/www.meslibellules.fr\/blog\/wp-content\/uploads\/cropped-avatar-150-pix.jpg","contentUrl":"https:\/\/www.meslibellules.fr\/blog\/wp-content\/uploads\/cropped-avatar-150-pix.jpg","width":150,"height":137,"caption":"Beno\u00eet Guillon"},"logo":{"@id":"https:\/\/www.meslibellules.fr\/blog\/wp-content\/uploads\/cropped-avatar-150-pix.jpg"},"sameAs":["https:\/\/www.facebook.com\/benoit.guillon.96\/"]}]}},"_links":{"self":[{"href":"https:\/\/www.meslibellules.fr\/blog\/wp-json\/wp\/v2\/posts\/2408","targetHints":{"allow":["GET"]}}],"collection":[{"href":"https:\/\/www.meslibellules.fr\/blog\/wp-json\/wp\/v2\/posts"}],"about":[{"href":"https:\/\/www.meslibellules.fr\/blog\/wp-json\/wp\/v2\/types\/post"}],"author":[{"embeddable":true,"href":"https:\/\/www.meslibellules.fr\/blog\/wp-json\/wp\/v2\/users\/1"}],"replies":[{"embeddable":true,"href":"https:\/\/www.meslibellules.fr\/blog\/wp-json\/wp\/v2\/comments?post=2408"}],"version-history":[{"count":0,"href":"https:\/\/www.meslibellules.fr\/blog\/wp-json\/wp\/v2\/posts\/2408\/revisions"}],"wp:attachment":[{"href":"https:\/\/www.meslibellules.fr\/blog\/wp-json\/wp\/v2\/media?parent=2408"}],"wp:term":[{"taxonomy":"category","embeddable":true,"href":"https:\/\/www.meslibellules.fr\/blog\/wp-json\/wp\/v2\/categories?post=2408"},{"taxonomy":"post_tag","embeddable":true,"href":"https:\/\/www.meslibellules.fr\/blog\/wp-json\/wp\/v2\/tags?post=2408"}],"curies":[{"name":"wp","href":"https:\/\/api.w.org\/{rel}","templated":true}]}}