{"id":24086,"date":"2025-03-10T08:26:00","date_gmt":"2025-03-10T07:26:00","guid":{"rendered":"https:\/\/www.meslibellules.fr\/blog\/?p=24086"},"modified":"2025-03-11T08:46:52","modified_gmt":"2025-03-11T07:46:52","slug":"aethriamanata-brevipennis-male","status":"publish","type":"post","link":"https:\/\/www.meslibellules.fr\/blog\/2025\/03\/10\/aethriamanata-brevipennis-male\/","title":{"rendered":"Tha\u00eflande &#8211; Aethriamanata brevipennis (Rambur, 1842)"},"content":{"rendered":"\n<figure class=\"wp-block-image aligncenter size-full is-resized\"><a href=\"https:\/\/www.meslibellules.fr\/blog\/wp-content\/uploads\/Aethriamanta-brevipennis-male-1.webp\"><img decoding=\"async\" width=\"2130\" height=\"1504\" data-src=\"https:\/\/www.meslibellules.fr\/blog\/wp-content\/uploads\/Aethriamanta-brevipennis-male-1.webp\" alt=\"Aethriamanta brevipennis m\u00e2le, Tha\u00eflande, Angkaew Reservoir, Chiang Mai, 08\/06\/2024\" class=\"wp-image-24079 lazyload\" style=\"--smush-placeholder-width: 2130px; --smush-placeholder-aspect-ratio: 2130\/1504;width:655px;height:auto\" data-srcset=\"https:\/\/www.meslibellules.fr\/blog\/wp-content\/uploads\/Aethriamanta-brevipennis-male-1.webp 2130w, https:\/\/www.meslibellules.fr\/blog\/wp-content\/uploads\/Aethriamanta-brevipennis-male-1-768x542.webp 768w, https:\/\/www.meslibellules.fr\/blog\/wp-content\/uploads\/Aethriamanta-brevipennis-male-1-1536x1085.webp 1536w, https:\/\/www.meslibellules.fr\/blog\/wp-content\/uploads\/Aethriamanta-brevipennis-male-1-2048x1446.webp 2048w\" data-sizes=\"(max-width: 2130px) 100vw, 2130px\" src=\"data:image\/svg+xml;base64,PHN2ZyB3aWR0aD0iMSIgaGVpZ2h0PSIxIiB4bWxucz0iaHR0cDovL3d3dy53My5vcmcvMjAwMC9zdmciPjwvc3ZnPg==\" \/><\/a><figcaption class=\"wp-element-caption\">Aethriamanta brevipennis m\u00e2le, Tha\u00eflande, Angkaew Reservoir, Chiang Mai, 08\/06\/2024<\/figcaption><\/figure>\n\n\n\n<p>Aethriamanta brevipennis m\u00e2le est un tout petit Libellulidae qui appartient \u00e0 un genre qui ne contient que six esp\u00e8ces, que j&rsquo;ai eu la chance de toutes rencontrer. Une est Africaine, <a href=\"https:\/\/www.meslibellules.fr\/blog\/wp-content\/uploads\/aethriamanta-rezia-2.jpg\">A. rezia<\/a>, deux vivent en Oc\u00e9anie, <a href=\"https:\/\/www.meslibellules.fr\/blog\/wp-content\/uploads\/aethriamanta-circumsignata-male-2.webp\">A. circumsignata<\/a> et <a href=\"https:\/\/www.meslibellules.fr\/blog\/wp-content\/uploads\/Aethriamanta-nymphaea-male-2.webp\">A. nymphaea<\/a> et deux autres de plus se trouvent en Asie, <a href=\"https:\/\/www.meslibellules.fr\/blog\/wp-content\/uploads\/Aethriamanta-aethra-male-8.webp\">A. Aethra<\/a> et <a href=\"https:\/\/www.meslibellules.fr\/voyages\/malaisie\/aethriamanta-gracilis\/aethriamanta-gracilis-1\/aethriamanata-gracilis-1big.jpg\">A. gracilis<\/a>.<br>Il a \u00e9t\u00e9 d\u00e9crit par Rambur (1), sous le nom de Libellula brevipennis, d&rsquo;apr\u00e8s un m\u00e2le dans la collection du <em>Mus\u00e9um National de Paris<\/em>, un exemplaire dont la coloration splendide avait disparu ; pour lui l&rsquo;abdomen est rouss\u00e2tre, il ne mentionne pas la tache rouge sur les pattes. <\/p>\n\n\n\n<figure class=\"wp-block-gallery has-nested-images columns-default is-cropped wp-block-gallery-1 is-layout-flex wp-block-gallery-is-layout-flex\">\n<figure class=\"wp-block-image size-large\"><a href=\"https:\/\/www.meslibellules.fr\/blog\/wp-content\/uploads\/Aethriamanta-brevipennis-male-5.webp\"><img decoding=\"async\" width=\"1548\" height=\"1204\" data-id=\"24083\" data-src=\"https:\/\/www.meslibellules.fr\/blog\/wp-content\/uploads\/Aethriamanta-brevipennis-male-5.webp\" alt=\"Aethriamanta brevipennis m\u00e2le, Tha\u00eflande, Angkaew Reservoir, Chiang Mai, 08\/06\/2024\" class=\"wp-image-24083 lazyload\" data-srcset=\"https:\/\/www.meslibellules.fr\/blog\/wp-content\/uploads\/Aethriamanta-brevipennis-male-5.webp 1548w, https:\/\/www.meslibellules.fr\/blog\/wp-content\/uploads\/Aethriamanta-brevipennis-male-5-768x597.webp 768w, https:\/\/www.meslibellules.fr\/blog\/wp-content\/uploads\/Aethriamanta-brevipennis-male-5-1536x1195.webp 1536w\" data-sizes=\"(max-width: 1548px) 100vw, 1548px\" src=\"data:image\/svg+xml;base64,PHN2ZyB3aWR0aD0iMSIgaGVpZ2h0PSIxIiB4bWxucz0iaHR0cDovL3d3dy53My5vcmcvMjAwMC9zdmciPjwvc3ZnPg==\" style=\"--smush-placeholder-width: 1548px; --smush-placeholder-aspect-ratio: 1548\/1204;\" \/><\/a><\/figure>\n\n\n\n<figure class=\"wp-block-image size-large\"><a href=\"https:\/\/www.meslibellules.fr\/blog\/wp-content\/uploads\/Aethriamanta-brevipennis-male-3.webp\"><img decoding=\"async\" width=\"1622\" height=\"1204\" data-id=\"24081\" data-src=\"https:\/\/www.meslibellules.fr\/blog\/wp-content\/uploads\/Aethriamanta-brevipennis-male-3.webp\" alt=\"Aethriamanta brevipennis m\u00e2le, Tha\u00eflande, Angkaew Reservoir, Chiang Mai, 08\/06\/2024\" class=\"wp-image-24081 lazyload\" data-srcset=\"https:\/\/www.meslibellules.fr\/blog\/wp-content\/uploads\/Aethriamanta-brevipennis-male-3.webp 1622w, https:\/\/www.meslibellules.fr\/blog\/wp-content\/uploads\/Aethriamanta-brevipennis-male-3-768x570.webp 768w, https:\/\/www.meslibellules.fr\/blog\/wp-content\/uploads\/Aethriamanta-brevipennis-male-3-1536x1140.webp 1536w\" data-sizes=\"(max-width: 1622px) 100vw, 1622px\" src=\"data:image\/svg+xml;base64,PHN2ZyB3aWR0aD0iMSIgaGVpZ2h0PSIxIiB4bWxucz0iaHR0cDovL3d3dy53My5vcmcvMjAwMC9zdmciPjwvc3ZnPg==\" style=\"--smush-placeholder-width: 1622px; --smush-placeholder-aspect-ratio: 1622\/1204;\" \/><\/a><\/figure>\n<figcaption class=\"blocks-gallery-caption wp-element-caption\">Aethriamanta brevipennis m\u00e2le, Tha\u00eflande, Angkaew Reservoir, Chiang Mai, 08\/06\/2024<\/figcaption><\/figure>\n\n\n\n<p>C&rsquo;\u00e9tait la troisi\u00e8me (d&rsquo;abord <a href=\"https:\/\/www.meslibellules.fr\/voyages\/malaisie\/aethriamanta-brevipennis\/aethriamanta-brevipennis.php\" target=\"_blank\" rel=\"noreferrer noopener\">en Malaisie<\/a>, puis <a href=\"https:\/\/www.meslibellules.fr\/blog\/2019\/06\/25\/vietnam-2018-aethriamanta-brevipennis\/\" target=\"_blank\" rel=\"noreferrer noopener\">au Vietnam<\/a>) fois que je rencontrais celui que l&rsquo;on appelle en anglais le Scarlet adjutant ; scarlet signifie \u00e9carlate, mais <em>adjutant<\/em> signifie bien <em>adjudant<\/em>, ce qui est \u00e9nigmatique. On l&rsquo;appelle aussi Elusive adjutant ; si le rapport avec un adjudant est toujours aussi curieux, <em>elusive<\/em> qui signifie <em>insaisissable<\/em> ou <em>fuyant<\/em> se rapporte \u00e0 son comportement, car il est consid\u00e9r\u00e9 \u00e0 juste titre comme difficile \u00e0 approcher.<\/p>\n\n\n\n<figure class=\"wp-block-image aligncenter size-full is-resized\"><img decoding=\"async\" width=\"1978\" height=\"1204\" data-src=\"https:\/\/www.meslibellules.fr\/blog\/wp-content\/uploads\/Aethriamanta-brevipennis-male-2-e1741546252474.webp\" alt=\"Aethriamanta brevipennis m\u00e2le, Tha\u00eflande, Angkaew Reservoir, Chiang Mai, 08\/06\/2024\" class=\"wp-image-24080 lazyload\" style=\"--smush-placeholder-width: 1978px; --smush-placeholder-aspect-ratio: 1978\/1204;width:683px;height:auto\" data-srcset=\"https:\/\/www.meslibellules.fr\/blog\/wp-content\/uploads\/Aethriamanta-brevipennis-male-2-e1741546252474.webp 1978w, https:\/\/www.meslibellules.fr\/blog\/wp-content\/uploads\/Aethriamanta-brevipennis-male-2-e1741546252474-768x467.webp 768w, https:\/\/www.meslibellules.fr\/blog\/wp-content\/uploads\/Aethriamanta-brevipennis-male-2-e1741546252474-1536x935.webp 1536w\" data-sizes=\"(max-width: 1978px) 100vw, 1978px\" src=\"data:image\/svg+xml;base64,PHN2ZyB3aWR0aD0iMSIgaGVpZ2h0PSIxIiB4bWxucz0iaHR0cDovL3d3dy53My5vcmcvMjAwMC9zdmciPjwvc3ZnPg==\" \/><figcaption class=\"wp-element-caption\">Aethriamanta brevipennis m\u00e2le, Tha\u00eflande, Angkaew Reservoir, Chiang Mai, 08\/06\/2024<\/figcaption><\/figure>\n\n\n\n<p>Et, de fait, nous ne l&rsquo;avons rencontr\u00e9 que sur un seul site, un des petits barrages qui r\u00e9gule l&rsquo;entr\u00e9e des eaux sur le r\u00e9servoir Angkaew sur le campus de l&rsquo;universit\u00e9 de Chiang Mai, exactement <a href=\"https:\/\/www.google.fr\/maps\/place\/18%C2%B048'33.8%22N+98%C2%B056'56.5%22E\/@18.8093994,98.9485315,223m\/data=!3m1!1e3!4m4!3m3!8m2!3d18.809374!4d98.949029?entry=ttu&amp;g_ep=EgoyMDI1MDMwNC4wIKXMDSoASAFQAw%3D%3D\" target=\"_blank\" rel=\"noreferrer noopener\">\u00e0 cet endroit<\/a>. Ce barrage limite une zone ouverte compl\u00e8tement envahie de v\u00e9g\u00e9tation, mais trop profonde pour y p\u00e9n\u00e9trer. Il ne s&rsquo;est  approch\u00e9 de nous que quelques secondes.<\/p>\n\n\n\n<figure class=\"wp-block-gallery has-nested-images columns-default is-cropped wp-block-gallery-2 is-layout-flex wp-block-gallery-is-layout-flex\">\n<figure class=\"wp-block-image size-large\"><a href=\"https:\/\/www.meslibellules.fr\/blog\/wp-content\/uploads\/Aethriamanta-brevipennis-male-4.webp\"><img decoding=\"async\" width=\"1397\" height=\"1204\" data-id=\"24082\" data-src=\"https:\/\/www.meslibellules.fr\/blog\/wp-content\/uploads\/Aethriamanta-brevipennis-male-4.webp\" alt=\"Elusive adjutant male, Thailande, Angkaew Reservoir, Chiang Mai, 08\/06\/2024\" class=\"wp-image-24082 lazyload\" data-srcset=\"https:\/\/www.meslibellules.fr\/blog\/wp-content\/uploads\/Aethriamanta-brevipennis-male-4.webp 1397w, https:\/\/www.meslibellules.fr\/blog\/wp-content\/uploads\/Aethriamanta-brevipennis-male-4-768x662.webp 768w\" data-sizes=\"(max-width: 1397px) 100vw, 1397px\" src=\"data:image\/svg+xml;base64,PHN2ZyB3aWR0aD0iMSIgaGVpZ2h0PSIxIiB4bWxucz0iaHR0cDovL3d3dy53My5vcmcvMjAwMC9zdmciPjwvc3ZnPg==\" style=\"--smush-placeholder-width: 1397px; --smush-placeholder-aspect-ratio: 1397\/1204;\" \/><\/a><\/figure>\n\n\n\n<figure class=\"wp-block-image size-large\"><a href=\"https:\/\/www.meslibellules.fr\/blog\/wp-content\/uploads\/Aethriamanta-brevipennis-male-pattes.webp\"><img decoding=\"async\" width=\"872\" height=\"797\" data-id=\"24085\" data-src=\"https:\/\/www.meslibellules.fr\/blog\/wp-content\/uploads\/Aethriamanta-brevipennis-male-pattes.webp\" alt=\"Pattes de Aethriamanta brevipennis m\u00e2le, Tha\u00eflande, Angkaew Reservoir, Chiang Mai, 08\/06\/2024\" class=\"wp-image-24085 lazyload\" data-srcset=\"https:\/\/www.meslibellules.fr\/blog\/wp-content\/uploads\/Aethriamanta-brevipennis-male-pattes.webp 872w, https:\/\/www.meslibellules.fr\/blog\/wp-content\/uploads\/Aethriamanta-brevipennis-male-pattes-768x702.webp 768w\" data-sizes=\"(max-width: 872px) 100vw, 872px\" src=\"data:image\/svg+xml;base64,PHN2ZyB3aWR0aD0iMSIgaGVpZ2h0PSIxIiB4bWxucz0iaHR0cDovL3d3dy53My5vcmcvMjAwMC9zdmciPjwvc3ZnPg==\" style=\"--smush-placeholder-width: 872px; --smush-placeholder-aspect-ratio: 872\/797;\" \/><\/a><\/figure>\n<figcaption class=\"blocks-gallery-caption wp-element-caption\">Aethriamanta brevipennis m\u00e2le, Tha\u00eflande, Angkaew Reservoir, Chiang Mai, 08\/06\/2024<\/figcaption><\/figure>\n\n\n\n<p>Il est classiquement d\u00e9crit comme ayant la face tr\u00e8s sombre, le thorax <em>chocolat<\/em> et l&rsquo;abdomen tr\u00e8s large et \u00e9carlate. Ses pattes sont sombres et les f\u00e9murs de ses post\u00e9rieures portent une tache rouge vif, bien visible et distinctive, \u00e0 leur extr\u00e9mit\u00e9 distale. Ce dernier d\u00e9tail, avec sa petite taille, permet de le s\u00e9parer de tous les autres Libellulidae \u00e0 l&rsquo;abdomen rouge.<br>Selon H-M. Zhang (2), en Chine (Yunnan) il mesure 27 \u00e0 29 mm, d&rsquo;apr\u00e8s Ngiam &amp; Ng (3), \u00e0 Singapour, il atteint de 25 \u00e0 28 mm.<br>Je n&rsquo;ai malheureusement jamais rencontr\u00e9 de femelle.<br><br>On le trouve sur les mares bien v\u00e9g\u00e9talis\u00e9es ou les rives mar\u00e9cageuses des r\u00e9servoirs, il appr\u00e9cie les surfaces couvertes de jacinthes d&rsquo;eau. Il est tr\u00e8s actif, se perche au sommet, des rameaux ou des feuilles et d\u00e9colle sans cesse pour chasser des cong\u00e9n\u00e8res ou d&rsquo;autres odonates qui osent s&rsquo;aventurer sur son territoire.<\/p>\n\n\n\n<figure class=\"wp-block-image aligncenter size-full is-resized\"><a href=\"https:\/\/www.meslibellules.fr\/blog\/wp-content\/uploads\/Aethriamanta-brevipennis-male-6.webp\"><img decoding=\"async\" width=\"1723\" height=\"1204\" data-src=\"https:\/\/www.meslibellules.fr\/blog\/wp-content\/uploads\/Aethriamanta-brevipennis-male-6.webp\" alt=\"Scarlet adjutant male, Thailand, Angkaew Reservoir, Chiang Mai, 08\/06\/2024\" class=\"wp-image-24084 lazyload\" style=\"--smush-placeholder-width: 1723px; --smush-placeholder-aspect-ratio: 1723\/1204;width:633px;height:auto\" data-srcset=\"https:\/\/www.meslibellules.fr\/blog\/wp-content\/uploads\/Aethriamanta-brevipennis-male-6.webp 1723w, https:\/\/www.meslibellules.fr\/blog\/wp-content\/uploads\/Aethriamanta-brevipennis-male-6-768x537.webp 768w, https:\/\/www.meslibellules.fr\/blog\/wp-content\/uploads\/Aethriamanta-brevipennis-male-6-1536x1073.webp 1536w\" data-sizes=\"(max-width: 1723px) 100vw, 1723px\" src=\"data:image\/svg+xml;base64,PHN2ZyB3aWR0aD0iMSIgaGVpZ2h0PSIxIiB4bWxucz0iaHR0cDovL3d3dy53My5vcmcvMjAwMC9zdmciPjwvc3ZnPg==\" \/><\/a><figcaption class=\"wp-element-caption\">Aethriamanta brevipennis m\u00e2le, Tha\u00eflande, Angkaew Reservoir, Chiang Mai, 08\/06\/2024<\/figcaption><\/figure>\n\n\n\n<p>Son aire de r\u00e9partition est gigantesque, du Sri Lanka et du sud de l&rsquo;Inde jusqu&rsquo;au sud de la Chine au nord, alors qu&rsquo;au sud, il atteint la Malaisie, l&rsquo;Indon\u00e9sie, et m\u00eame, \u00e9tonnamment, les iles Salomon.<br><a href=\"https:\/\/www.iucnredlist.org\/species\/167270\/83374763#geographic-range\">IUCN Red List.<\/a><\/p>\n\n\n\n<p><span style=\"text-decoration: underline;\"><strong>\u00c9tymologie<\/strong><\/span><br \/><strong>Aethriamanta<\/strong> ; dans\u00a0Endersby et Fliedner (4), l\u2019origine du nom de ce genre\u00a0fait l\u2019objet de supposition ; Kirby l\u2019aurait cr\u00e9\u00e9 \u00e0 partir d\u2019un mot grec signifiant\u00a0<em>ciel lumineux<\/em>\u00a0auquel il aurait rajout\u00e9 le mot latin\u00a0<em>amans<\/em>\u00a0pour\u00a0<em>aimant<\/em>, le nom de genre signifiant alors \u00ab\u00a0qui aime le ciel lumineux\u00a0\u00bb. Ce qui est vrai pour tous les odonates.<br \/><strong>Brevipennis<\/strong>, du latin\u00a0<em>brevis<\/em>, signifiant court et\u00a0<em>penna<\/em>, pour\u00a0<em>plumes<\/em>\u00a0ou ici\u00a0<em>ailes<\/em>, insistant sur la petite taille de ses ailes. Et c&rsquo;est un peu \u00e9tonnant, car elles ne sont pas si petites, atteignant 23 \u00e0 25 mm (5), \u00e0 peine plus courtes que la longueur totale de l&rsquo;insecte.<\/p>\n\n\n\n<div style=\"height:30px\" aria-hidden=\"true\" class=\"wp-block-spacer\"><\/div>\n\n\n\n<p style=\"font-size:13px\">1- Rambur, 1842 \u2013&nbsp;<a href=\"https:\/\/gallica.bnf.fr\/ark:\/12148\/bpt6k61025298\/f136.item\" target=\"_blank\" rel=\"noreferrer noopener\">Histoire naturelle des insectes<\/a>&nbsp;\u2013 N\u00e9vropt\u00e8res, p. 114.<br>2- Zhang, H-M. 2694. Dragonflies and Damselflies of China. Chongqing: Chongqing University Press, China.<br>3- Robin Ngiam &amp; Marcus Ng &#8211; A photographic guide to the Dragonflies and Damselflies of Singapore &#8211; John Beaufoy Publishing \u2013 2022<br>4- <a href=\"https:\/\/www.researchgate.net\/publication\/283318421_The_Naming_of_Australia's_Dragonflies\">The Naming of Australia\u2019s Dragonflies<\/a>, Ian Endersby &amp; Heinrich Fliedner, Busybird Publishing 2015<br>5- Tang H. B., L. K. Wand and M. H\u00e4m\u00e4l\u00e4inen, 2010. A photographic guide to the dragonflies of Singapore. Raffles Museum of Biodiversity Research.<\/p>\n\n\n\n<div style=\"height:29px\" aria-hidden=\"true\" class=\"wp-block-spacer\"><\/div>\n\n\n\n<div class=\"wp-block-buttons is-vertical is-layout-flex wp-container-core-buttons-is-layout-16cda065 wp-block-buttons-is-layout-flex\">\n<div class=\"wp-block-button\"><a class=\"wp-block-button__link wp-element-button\" href=\"https:\/\/www.meslibellules.fr\/blog\/libellules-de-thailande\/\">Accueil Tha\u00eflande<\/a><\/div>\n\n\n\n<div class=\"wp-block-button\"><a class=\"wp-block-button__link wp-element-button\" href=\"http:\/\/www.meslibellules.fr\/pagesweb\/divers\/liste-generale-odonates-du-site\/asia-odonates.php\">Liste Asie<\/a><\/div>\n\n\n\n<div class=\"wp-block-button\"><a class=\"wp-block-button__link wp-element-button\" href=\"https:\/\/www.meslibellules.fr\/blog\/\">Accueil<\/a><\/div>\n<\/div>\n\n\n\n<p><\/p>\n","protected":false},"excerpt":{"rendered":"<p>Aethriamanta brevipennis m\u00e2le est un tout petit Libellulidae qui appartient \u00e0 un genre qui ne contient que six esp\u00e8ces, que j&rsquo;ai eu la chance de toutes rencontrer. Une est Africaine, A. rezia, deux vivent en Oc\u00e9anie, A. circumsignata et A. nymphaea et deux autres de plus se trouvent en Asie, A. Aethra et A. gracilis.Il [&hellip;]<\/p>\n","protected":false},"author":1,"featured_media":0,"comment_status":"open","ping_status":"open","sticky":false,"template":"","format":"image","meta":{"site-sidebar-layout":"default","site-content-layout":"","ast-site-content-layout":"default","site-content-style":"default","site-sidebar-style":"default","ast-global-header-display":"","ast-banner-title-visibility":"","ast-main-header-display":"","ast-hfb-above-header-display":"","ast-hfb-below-header-display":"","ast-hfb-mobile-header-display":"","site-post-title":"","ast-breadcrumbs-content":"","ast-featured-img":"","footer-sml-layout":"","ast-disable-related-posts":"","theme-transparent-header-meta":"","adv-header-id-meta":"","stick-header-meta":"","header-above-stick-meta":"","header-main-stick-meta":"","header-below-stick-meta":"","astra-migrate-meta-layouts":"set","ast-page-background-enabled":"default","ast-page-background-meta":{"desktop":{"background-color":"var(--ast-global-color-4)","background-image":"","background-repeat":"repeat","background-position":"center center","background-size":"auto","background-attachment":"scroll","background-type":"","background-media":"","overlay-type":"","overlay-color":"","overlay-opacity":"","overlay-gradient":""},"tablet":{"background-color":"","background-image":"","background-repeat":"repeat","background-position":"center center","background-size":"auto","background-attachment":"scroll","background-type":"","background-media":"","overlay-type":"","overlay-color":"","overlay-opacity":"","overlay-gradient":""},"mobile":{"background-color":"","background-image":"","background-repeat":"repeat","background-position":"center center","background-size":"auto","background-attachment":"scroll","background-type":"","background-media":"","overlay-type":"","overlay-color":"","overlay-opacity":"","overlay-gradient":""}},"ast-content-background-meta":{"desktop":{"background-color":"var(--ast-global-color-5)","background-image":"","background-repeat":"repeat","background-position":"center center","background-size":"auto","background-attachment":"scroll","background-type":"","background-media":"","overlay-type":"","overlay-color":"","overlay-opacity":"","overlay-gradient":""},"tablet":{"background-color":"var(--ast-global-color-5)","background-image":"","background-repeat":"repeat","background-position":"center center","background-size":"auto","background-attachment":"scroll","background-type":"","background-media":"","overlay-type":"","overlay-color":"","overlay-opacity":"","overlay-gradient":""},"mobile":{"background-color":"var(--ast-global-color-5)","background-image":"","background-repeat":"repeat","background-position":"center center","background-size":"auto","background-attachment":"scroll","background-type":"","background-media":"","overlay-type":"","overlay-color":"","overlay-opacity":"","overlay-gradient":""}},"footnotes":""},"categories":[38544,1379],"tags":[38536,1381],"class_list":["post-24086","post","type-post","status-publish","format-image","hentry","category-libellulidae-thailande-2","category-thailande","tag-libellulidae-thailande","tag-thailande","post_format-post-format-image"],"yoast_head":"<!-- This site is optimized with the Yoast SEO plugin v27.5 - https:\/\/yoast.com\/product\/yoast-seo-wordpress\/ -->\n<title>Aethriamanta brevipennis m\u00e2le - Mes Libellules<\/title>\n<meta name=\"description\" content=\"Aethriamanta brevipennis m\u00e2le en Tha\u00eflande, description, identification, taille, habitat, distribution g\u00e9ographique, \u00e9tymologie, r\u00e9f\u00e9rences\" \/>\n<meta name=\"robots\" content=\"index, follow, max-snippet:-1, max-image-preview:large, max-video-preview:-1\" \/>\n<link rel=\"canonical\" href=\"https:\/\/www.meslibellules.fr\/blog\/2025\/03\/10\/aethriamanata-brevipennis-male\/\" \/>\n<meta property=\"og:locale\" content=\"fr_FR\" \/>\n<meta property=\"og:type\" content=\"article\" \/>\n<meta property=\"og:title\" content=\"Aethriamanta brevipennis m\u00e2le - Mes Libellules\" \/>\n<meta property=\"og:description\" content=\"Aethriamanta brevipennis m\u00e2le en Tha\u00eflande, description, identification, taille, habitat, distribution g\u00e9ographique, \u00e9tymologie, r\u00e9f\u00e9rences\" \/>\n<meta property=\"og:url\" content=\"https:\/\/www.meslibellules.fr\/blog\/2025\/03\/10\/aethriamanata-brevipennis-male\/\" \/>\n<meta property=\"og:site_name\" content=\"Mes Libellules\" \/>\n<meta property=\"article:publisher\" content=\"https:\/\/www.facebook.com\/benoit.guillon.96\/\" \/>\n<meta property=\"article:author\" content=\"https:\/\/www.facebook.com\/benoit.guillon.96\/\" \/>\n<meta property=\"article:published_time\" content=\"2025-03-10T07:26:00+00:00\" \/>\n<meta property=\"article:modified_time\" content=\"2025-03-11T07:46:52+00:00\" \/>\n<meta property=\"og:image\" content=\"https:\/\/www.meslibellules.fr\/blog\/wp-content\/uploads\/Aethriamanta-brevipennis-male-1.webp\" \/>\n\t<meta property=\"og:image:width\" content=\"2130\" \/>\n\t<meta property=\"og:image:height\" content=\"1504\" \/>\n\t<meta property=\"og:image:type\" content=\"image\/webp\" \/>\n<meta name=\"author\" content=\"Beno\u00eet Guillon\" \/>\n<meta name=\"twitter:card\" content=\"summary_large_image\" \/>\n<meta name=\"twitter:label1\" content=\"\u00c9crit par\" \/>\n\t<meta name=\"twitter:data1\" content=\"Beno\u00eet Guillon\" \/>\n\t<meta name=\"twitter:label2\" content=\"Dur\u00e9e de lecture estim\u00e9e\" \/>\n\t<meta name=\"twitter:data2\" content=\"5 minutes\" \/>\n<script type=\"application\/ld+json\" class=\"yoast-schema-graph\">{\"@context\":\"https:\\\/\\\/schema.org\",\"@graph\":[{\"@type\":\"Article\",\"@id\":\"https:\\\/\\\/www.meslibellules.fr\\\/blog\\\/2025\\\/03\\\/10\\\/aethriamanata-brevipennis-male\\\/#article\",\"isPartOf\":{\"@id\":\"https:\\\/\\\/www.meslibellules.fr\\\/blog\\\/2025\\\/03\\\/10\\\/aethriamanata-brevipennis-male\\\/\"},\"author\":{\"name\":\"Beno\u00eet Guillon\",\"@id\":\"https:\\\/\\\/www.meslibellules.fr\\\/blog\\\/#\\\/schema\\\/person\\\/9aa3586f9dd053fcf329f43b8b053c77\"},\"headline\":\"Tha\u00eflande &#8211; Aethriamanata brevipennis (Rambur, 1842)\",\"datePublished\":\"2025-03-10T07:26:00+00:00\",\"dateModified\":\"2025-03-11T07:46:52+00:00\",\"mainEntityOfPage\":{\"@id\":\"https:\\\/\\\/www.meslibellules.fr\\\/blog\\\/2025\\\/03\\\/10\\\/aethriamanata-brevipennis-male\\\/\"},\"wordCount\":712,\"commentCount\":0,\"publisher\":{\"@id\":\"https:\\\/\\\/www.meslibellules.fr\\\/blog\\\/#\\\/schema\\\/person\\\/9aa3586f9dd053fcf329f43b8b053c77\"},\"image\":{\"@id\":\"https:\\\/\\\/www.meslibellules.fr\\\/blog\\\/2025\\\/03\\\/10\\\/aethriamanata-brevipennis-male\\\/#primaryimage\"},\"thumbnailUrl\":\"https:\\\/\\\/www.meslibellules.fr\\\/blog\\\/wp-content\\\/uploads\\\/Aethriamanta-brevipennis-male-1.webp\",\"keywords\":[\"Libellulidae - Tha\u00eflande\",\"Tha\u00eflande\"],\"articleSection\":[\"Libellulidae\",\"Tha\u00eflande\"],\"inLanguage\":\"fr-FR\",\"potentialAction\":[{\"@type\":\"CommentAction\",\"name\":\"Comment\",\"target\":[\"https:\\\/\\\/www.meslibellules.fr\\\/blog\\\/2025\\\/03\\\/10\\\/aethriamanata-brevipennis-male\\\/#respond\"]}]},{\"@type\":\"WebPage\",\"@id\":\"https:\\\/\\\/www.meslibellules.fr\\\/blog\\\/2025\\\/03\\\/10\\\/aethriamanata-brevipennis-male\\\/\",\"url\":\"https:\\\/\\\/www.meslibellules.fr\\\/blog\\\/2025\\\/03\\\/10\\\/aethriamanata-brevipennis-male\\\/\",\"name\":\"Aethriamanta brevipennis m\u00e2le - Mes Libellules\",\"isPartOf\":{\"@id\":\"https:\\\/\\\/www.meslibellules.fr\\\/blog\\\/#website\"},\"primaryImageOfPage\":{\"@id\":\"https:\\\/\\\/www.meslibellules.fr\\\/blog\\\/2025\\\/03\\\/10\\\/aethriamanata-brevipennis-male\\\/#primaryimage\"},\"image\":{\"@id\":\"https:\\\/\\\/www.meslibellules.fr\\\/blog\\\/2025\\\/03\\\/10\\\/aethriamanata-brevipennis-male\\\/#primaryimage\"},\"thumbnailUrl\":\"https:\\\/\\\/www.meslibellules.fr\\\/blog\\\/wp-content\\\/uploads\\\/Aethriamanta-brevipennis-male-1.webp\",\"datePublished\":\"2025-03-10T07:26:00+00:00\",\"dateModified\":\"2025-03-11T07:46:52+00:00\",\"description\":\"Aethriamanta brevipennis m\u00e2le en Tha\u00eflande, description, identification, taille, habitat, distribution g\u00e9ographique, \u00e9tymologie, r\u00e9f\u00e9rences\",\"breadcrumb\":{\"@id\":\"https:\\\/\\\/www.meslibellules.fr\\\/blog\\\/2025\\\/03\\\/10\\\/aethriamanata-brevipennis-male\\\/#breadcrumb\"},\"inLanguage\":\"fr-FR\",\"potentialAction\":[{\"@type\":\"ReadAction\",\"target\":[\"https:\\\/\\\/www.meslibellules.fr\\\/blog\\\/2025\\\/03\\\/10\\\/aethriamanata-brevipennis-male\\\/\"]}]},{\"@type\":\"ImageObject\",\"inLanguage\":\"fr-FR\",\"@id\":\"https:\\\/\\\/www.meslibellules.fr\\\/blog\\\/2025\\\/03\\\/10\\\/aethriamanata-brevipennis-male\\\/#primaryimage\",\"url\":\"https:\\\/\\\/www.meslibellules.fr\\\/blog\\\/wp-content\\\/uploads\\\/Aethriamanta-brevipennis-male-1.webp\",\"contentUrl\":\"https:\\\/\\\/www.meslibellules.fr\\\/blog\\\/wp-content\\\/uploads\\\/Aethriamanta-brevipennis-male-1.webp\"},{\"@type\":\"BreadcrumbList\",\"@id\":\"https:\\\/\\\/www.meslibellules.fr\\\/blog\\\/2025\\\/03\\\/10\\\/aethriamanata-brevipennis-male\\\/#breadcrumb\",\"itemListElement\":[{\"@type\":\"ListItem\",\"position\":1,\"name\":\"Accueil\",\"item\":\"https:\\\/\\\/www.meslibellules.fr\\\/blog\\\/\"},{\"@type\":\"ListItem\",\"position\":2,\"name\":\"Tha\u00eflande &#8211; Aethriamanata brevipennis (Rambur, 1842)\"}]},{\"@type\":\"WebSite\",\"@id\":\"https:\\\/\\\/www.meslibellules.fr\\\/blog\\\/#website\",\"url\":\"https:\\\/\\\/www.meslibellules.fr\\\/blog\\\/\",\"name\":\"Mes Libellules\",\"description\":\"Pr\u00e9sentation des libellules rencontr\u00e9es dans le monde\",\"publisher\":{\"@id\":\"https:\\\/\\\/www.meslibellules.fr\\\/blog\\\/#\\\/schema\\\/person\\\/9aa3586f9dd053fcf329f43b8b053c77\"},\"potentialAction\":[{\"@type\":\"SearchAction\",\"target\":{\"@type\":\"EntryPoint\",\"urlTemplate\":\"https:\\\/\\\/www.meslibellules.fr\\\/blog\\\/?s={search_term_string}\"},\"query-input\":{\"@type\":\"PropertyValueSpecification\",\"valueRequired\":true,\"valueName\":\"search_term_string\"}}],\"inLanguage\":\"fr-FR\"},{\"@type\":[\"Person\",\"Organization\"],\"@id\":\"https:\\\/\\\/www.meslibellules.fr\\\/blog\\\/#\\\/schema\\\/person\\\/9aa3586f9dd053fcf329f43b8b053c77\",\"name\":\"Beno\u00eet Guillon\",\"image\":{\"@type\":\"ImageObject\",\"inLanguage\":\"fr-FR\",\"@id\":\"https:\\\/\\\/www.meslibellules.fr\\\/blog\\\/wp-content\\\/uploads\\\/cropped-avatar-150-pix.jpg\",\"url\":\"https:\\\/\\\/www.meslibellules.fr\\\/blog\\\/wp-content\\\/uploads\\\/cropped-avatar-150-pix.jpg\",\"contentUrl\":\"https:\\\/\\\/www.meslibellules.fr\\\/blog\\\/wp-content\\\/uploads\\\/cropped-avatar-150-pix.jpg\",\"width\":150,\"height\":137,\"caption\":\"Beno\u00eet Guillon\"},\"logo\":{\"@id\":\"https:\\\/\\\/www.meslibellules.fr\\\/blog\\\/wp-content\\\/uploads\\\/cropped-avatar-150-pix.jpg\"},\"sameAs\":[\"https:\\\/\\\/www.facebook.com\\\/benoit.guillon.96\\\/\"]}]}<\/script>\n<!-- \/ Yoast SEO plugin. -->","yoast_head_json":{"title":"Aethriamanta brevipennis m\u00e2le - Mes Libellules","description":"Aethriamanta brevipennis m\u00e2le en Tha\u00eflande, description, identification, taille, habitat, distribution g\u00e9ographique, \u00e9tymologie, r\u00e9f\u00e9rences","robots":{"index":"index","follow":"follow","max-snippet":"max-snippet:-1","max-image-preview":"max-image-preview:large","max-video-preview":"max-video-preview:-1"},"canonical":"https:\/\/www.meslibellules.fr\/blog\/2025\/03\/10\/aethriamanata-brevipennis-male\/","og_locale":"fr_FR","og_type":"article","og_title":"Aethriamanta brevipennis m\u00e2le - Mes Libellules","og_description":"Aethriamanta brevipennis m\u00e2le en Tha\u00eflande, description, identification, taille, habitat, distribution g\u00e9ographique, \u00e9tymologie, r\u00e9f\u00e9rences","og_url":"https:\/\/www.meslibellules.fr\/blog\/2025\/03\/10\/aethriamanata-brevipennis-male\/","og_site_name":"Mes Libellules","article_publisher":"https:\/\/www.facebook.com\/benoit.guillon.96\/","article_author":"https:\/\/www.facebook.com\/benoit.guillon.96\/","article_published_time":"2025-03-10T07:26:00+00:00","article_modified_time":"2025-03-11T07:46:52+00:00","og_image":[{"width":2130,"height":1504,"url":"https:\/\/www.meslibellules.fr\/blog\/wp-content\/uploads\/Aethriamanta-brevipennis-male-1.webp","type":"image\/webp"}],"author":"Beno\u00eet Guillon","twitter_card":"summary_large_image","twitter_misc":{"\u00c9crit par":"Beno\u00eet Guillon","Dur\u00e9e de lecture estim\u00e9e":"5 minutes"},"schema":{"@context":"https:\/\/schema.org","@graph":[{"@type":"Article","@id":"https:\/\/www.meslibellules.fr\/blog\/2025\/03\/10\/aethriamanata-brevipennis-male\/#article","isPartOf":{"@id":"https:\/\/www.meslibellules.fr\/blog\/2025\/03\/10\/aethriamanata-brevipennis-male\/"},"author":{"name":"Beno\u00eet Guillon","@id":"https:\/\/www.meslibellules.fr\/blog\/#\/schema\/person\/9aa3586f9dd053fcf329f43b8b053c77"},"headline":"Tha\u00eflande &#8211; Aethriamanata brevipennis (Rambur, 1842)","datePublished":"2025-03-10T07:26:00+00:00","dateModified":"2025-03-11T07:46:52+00:00","mainEntityOfPage":{"@id":"https:\/\/www.meslibellules.fr\/blog\/2025\/03\/10\/aethriamanata-brevipennis-male\/"},"wordCount":712,"commentCount":0,"publisher":{"@id":"https:\/\/www.meslibellules.fr\/blog\/#\/schema\/person\/9aa3586f9dd053fcf329f43b8b053c77"},"image":{"@id":"https:\/\/www.meslibellules.fr\/blog\/2025\/03\/10\/aethriamanata-brevipennis-male\/#primaryimage"},"thumbnailUrl":"https:\/\/www.meslibellules.fr\/blog\/wp-content\/uploads\/Aethriamanta-brevipennis-male-1.webp","keywords":["Libellulidae - Tha\u00eflande","Tha\u00eflande"],"articleSection":["Libellulidae","Tha\u00eflande"],"inLanguage":"fr-FR","potentialAction":[{"@type":"CommentAction","name":"Comment","target":["https:\/\/www.meslibellules.fr\/blog\/2025\/03\/10\/aethriamanata-brevipennis-male\/#respond"]}]},{"@type":"WebPage","@id":"https:\/\/www.meslibellules.fr\/blog\/2025\/03\/10\/aethriamanata-brevipennis-male\/","url":"https:\/\/www.meslibellules.fr\/blog\/2025\/03\/10\/aethriamanata-brevipennis-male\/","name":"Aethriamanta brevipennis m\u00e2le - Mes Libellules","isPartOf":{"@id":"https:\/\/www.meslibellules.fr\/blog\/#website"},"primaryImageOfPage":{"@id":"https:\/\/www.meslibellules.fr\/blog\/2025\/03\/10\/aethriamanata-brevipennis-male\/#primaryimage"},"image":{"@id":"https:\/\/www.meslibellules.fr\/blog\/2025\/03\/10\/aethriamanata-brevipennis-male\/#primaryimage"},"thumbnailUrl":"https:\/\/www.meslibellules.fr\/blog\/wp-content\/uploads\/Aethriamanta-brevipennis-male-1.webp","datePublished":"2025-03-10T07:26:00+00:00","dateModified":"2025-03-11T07:46:52+00:00","description":"Aethriamanta brevipennis m\u00e2le en Tha\u00eflande, description, identification, taille, habitat, distribution g\u00e9ographique, \u00e9tymologie, r\u00e9f\u00e9rences","breadcrumb":{"@id":"https:\/\/www.meslibellules.fr\/blog\/2025\/03\/10\/aethriamanata-brevipennis-male\/#breadcrumb"},"inLanguage":"fr-FR","potentialAction":[{"@type":"ReadAction","target":["https:\/\/www.meslibellules.fr\/blog\/2025\/03\/10\/aethriamanata-brevipennis-male\/"]}]},{"@type":"ImageObject","inLanguage":"fr-FR","@id":"https:\/\/www.meslibellules.fr\/blog\/2025\/03\/10\/aethriamanata-brevipennis-male\/#primaryimage","url":"https:\/\/www.meslibellules.fr\/blog\/wp-content\/uploads\/Aethriamanta-brevipennis-male-1.webp","contentUrl":"https:\/\/www.meslibellules.fr\/blog\/wp-content\/uploads\/Aethriamanta-brevipennis-male-1.webp"},{"@type":"BreadcrumbList","@id":"https:\/\/www.meslibellules.fr\/blog\/2025\/03\/10\/aethriamanata-brevipennis-male\/#breadcrumb","itemListElement":[{"@type":"ListItem","position":1,"name":"Accueil","item":"https:\/\/www.meslibellules.fr\/blog\/"},{"@type":"ListItem","position":2,"name":"Tha\u00eflande &#8211; Aethriamanata brevipennis (Rambur, 1842)"}]},{"@type":"WebSite","@id":"https:\/\/www.meslibellules.fr\/blog\/#website","url":"https:\/\/www.meslibellules.fr\/blog\/","name":"Mes Libellules","description":"Pr\u00e9sentation des libellules rencontr\u00e9es dans le monde","publisher":{"@id":"https:\/\/www.meslibellules.fr\/blog\/#\/schema\/person\/9aa3586f9dd053fcf329f43b8b053c77"},"potentialAction":[{"@type":"SearchAction","target":{"@type":"EntryPoint","urlTemplate":"https:\/\/www.meslibellules.fr\/blog\/?s={search_term_string}"},"query-input":{"@type":"PropertyValueSpecification","valueRequired":true,"valueName":"search_term_string"}}],"inLanguage":"fr-FR"},{"@type":["Person","Organization"],"@id":"https:\/\/www.meslibellules.fr\/blog\/#\/schema\/person\/9aa3586f9dd053fcf329f43b8b053c77","name":"Beno\u00eet Guillon","image":{"@type":"ImageObject","inLanguage":"fr-FR","@id":"https:\/\/www.meslibellules.fr\/blog\/wp-content\/uploads\/cropped-avatar-150-pix.jpg","url":"https:\/\/www.meslibellules.fr\/blog\/wp-content\/uploads\/cropped-avatar-150-pix.jpg","contentUrl":"https:\/\/www.meslibellules.fr\/blog\/wp-content\/uploads\/cropped-avatar-150-pix.jpg","width":150,"height":137,"caption":"Beno\u00eet Guillon"},"logo":{"@id":"https:\/\/www.meslibellules.fr\/blog\/wp-content\/uploads\/cropped-avatar-150-pix.jpg"},"sameAs":["https:\/\/www.facebook.com\/benoit.guillon.96\/"]}]}},"_links":{"self":[{"href":"https:\/\/www.meslibellules.fr\/blog\/wp-json\/wp\/v2\/posts\/24086","targetHints":{"allow":["GET"]}}],"collection":[{"href":"https:\/\/www.meslibellules.fr\/blog\/wp-json\/wp\/v2\/posts"}],"about":[{"href":"https:\/\/www.meslibellules.fr\/blog\/wp-json\/wp\/v2\/types\/post"}],"author":[{"embeddable":true,"href":"https:\/\/www.meslibellules.fr\/blog\/wp-json\/wp\/v2\/users\/1"}],"replies":[{"embeddable":true,"href":"https:\/\/www.meslibellules.fr\/blog\/wp-json\/wp\/v2\/comments?post=24086"}],"version-history":[{"count":11,"href":"https:\/\/www.meslibellules.fr\/blog\/wp-json\/wp\/v2\/posts\/24086\/revisions"}],"predecessor-version":[{"id":24112,"href":"https:\/\/www.meslibellules.fr\/blog\/wp-json\/wp\/v2\/posts\/24086\/revisions\/24112"}],"wp:attachment":[{"href":"https:\/\/www.meslibellules.fr\/blog\/wp-json\/wp\/v2\/media?parent=24086"}],"wp:term":[{"taxonomy":"category","embeddable":true,"href":"https:\/\/www.meslibellules.fr\/blog\/wp-json\/wp\/v2\/categories?post=24086"},{"taxonomy":"post_tag","embeddable":true,"href":"https:\/\/www.meslibellules.fr\/blog\/wp-json\/wp\/v2\/tags?post=24086"}],"curies":[{"name":"wp","href":"https:\/\/api.w.org\/{rel}","templated":true}]}}