{"id":24187,"date":"2025-03-13T20:24:23","date_gmt":"2025-03-13T19:24:23","guid":{"rendered":"https:\/\/www.meslibellules.fr\/blog\/?p=24187"},"modified":"2025-09-02T06:36:19","modified_gmt":"2025-09-02T04:36:19","slug":"cratilla-lineata-male","status":"publish","type":"post","link":"https:\/\/www.meslibellules.fr\/blog\/2025\/03\/13\/cratilla-lineata-male\/","title":{"rendered":"Tha\u00eflande &#8211; Cratilla lineata (Brauer, 1878)"},"content":{"rendered":"\n<figure class=\"wp-block-image aligncenter size-full is-resized\"><a href=\"https:\/\/www.meslibellules.fr\/blog\/wp-content\/uploads\/Cratilla-lineata-male-1.webp\"><img decoding=\"async\" width=\"2231\" height=\"1504\" data-src=\"https:\/\/www.meslibellules.fr\/blog\/wp-content\/uploads\/Cratilla-lineata-male-1.webp\" alt=\"Cratilla lineata m\u00e2le, Tha\u00eflande, Montha Than Waterfall, 30\/05\/2024\" class=\"wp-image-24183 lazyload\" style=\"--smush-placeholder-width: 2231px; --smush-placeholder-aspect-ratio: 2231\/1504;width:598px;height:auto\" data-srcset=\"https:\/\/www.meslibellules.fr\/blog\/wp-content\/uploads\/Cratilla-lineata-male-1.webp 2231w, https:\/\/www.meslibellules.fr\/blog\/wp-content\/uploads\/Cratilla-lineata-male-1-768x518.webp 768w, https:\/\/www.meslibellules.fr\/blog\/wp-content\/uploads\/Cratilla-lineata-male-1-1536x1035.webp 1536w, https:\/\/www.meslibellules.fr\/blog\/wp-content\/uploads\/Cratilla-lineata-male-1-2048x1381.webp 2048w\" data-sizes=\"(max-width: 2231px) 100vw, 2231px\" src=\"data:image\/svg+xml;base64,PHN2ZyB3aWR0aD0iMSIgaGVpZ2h0PSIxIiB4bWxucz0iaHR0cDovL3d3dy53My5vcmcvMjAwMC9zdmciPjwvc3ZnPg==\" \/><\/a><figcaption class=\"wp-element-caption\">Cratilla lineata m\u00e2le, Tha\u00eflande, Montha Than Waterfall, 30\/05\/2024<\/figcaption><\/figure>\n\n\n\n<p>Brauer (1) d\u00e9crit Cratilla lineata m\u00e2le sous le nom de <em>Orthemis lineata<\/em>, et il est vrai que le m\u00e2le, au stade de la photo ci-dessus, peut faire penser \u00e0 une femelle Orthemis. Mais, et Brauer le mentionne \u00e9galement, il est tr\u00e8s proche de ce qu&rsquo;il appelle \u00e0 l&rsquo;\u00e9poque <em>Libellula (Orthemis) congener<\/em>, notre <a href=\"https:\/\/www.meslibellules.fr\/voyages\/laos\/potamarcong\/potamarcha-congener-1.php\">Potamarcha congener<\/a> ; sur ce point, je suis tout fait d&rsquo;accord, car, sur le terrain,  j&rsquo;ai du mal \u00e0 les s\u00e9parer, quand ils ne sont pas vraiment matures. Ceux que j&rsquo;avais d\u00e9j\u00e0 observ\u00e9s <a href=\"https:\/\/www.meslibellules.fr\/blog\/2018\/09\/01\/cratilla-lineata\/\">au Vietnam<\/a> \u00e9taient un peu plus matures, plus couverts de pruine sur l&rsquo;abdomen.<\/p>\n\n\n\n<figure class=\"wp-block-image aligncenter size-full is-resized\"><a href=\"https:\/\/www.meslibellules.fr\/blog\/wp-content\/uploads\/Cratilla-lineata-male-3.webp\"><img decoding=\"async\" width=\"2227\" height=\"1504\" data-src=\"https:\/\/www.meslibellules.fr\/blog\/wp-content\/uploads\/Cratilla-lineata-male-3.webp\" alt=\"Cratilla lineata m\u00e2le, Tha\u00eflande, Montha Than Waterfall, 27\/05\/2024\" class=\"wp-image-24185 lazyload\" style=\"--smush-placeholder-width: 2227px; --smush-placeholder-aspect-ratio: 2227\/1504;width:607px;height:auto\" data-srcset=\"https:\/\/www.meslibellules.fr\/blog\/wp-content\/uploads\/Cratilla-lineata-male-3.webp 2227w, https:\/\/www.meslibellules.fr\/blog\/wp-content\/uploads\/Cratilla-lineata-male-3-768x519.webp 768w, https:\/\/www.meslibellules.fr\/blog\/wp-content\/uploads\/Cratilla-lineata-male-3-1536x1037.webp 1536w, https:\/\/www.meslibellules.fr\/blog\/wp-content\/uploads\/Cratilla-lineata-male-3-2048x1383.webp 2048w\" data-sizes=\"(max-width: 2227px) 100vw, 2227px\" src=\"data:image\/svg+xml;base64,PHN2ZyB3aWR0aD0iMSIgaGVpZ2h0PSIxIiB4bWxucz0iaHR0cDovL3d3dy53My5vcmcvMjAwMC9zdmciPjwvc3ZnPg==\" \/><\/a><figcaption class=\"wp-element-caption\">Cratilla lineata m\u00e2le, Tha\u00eflande, Montha Than Waterfall, 27\/05\/2024<\/figcaption><\/figure>\n\n\n\n<p>H-M Zang en Chine (2)  lui donne une taille totale de 45 \u00e0 50 mm, Ngiam &amp; Ng \u00e0 Singapour (3) 46 \u00e0 48 mm.<br>Il est donn\u00e9 pour habiter les petites mares en for\u00eat, \u00e9ventuellement des mares temporaires, en dessous de 2000 m (2) et les deux auteurs juste cit\u00e9s notent qu&rsquo;on le rencontre au long des chemins forestiers. Mais, c&rsquo;est bien sur <a href=\"https:\/\/www.meslibellules.fr\/blog\/wp-content\/uploads\/30-05-2024-Montha-Than-Waterfall.webp\">une mare minuscule<\/a> qu&rsquo;il r\u00e9gnait en ma\u00eetre, \u00e9tant le seul odonate \u00e0 s&rsquo;y manifester \u00e0 ce moment.<\/p>\n\n\n\n<figure class=\"wp-block-image aligncenter size-full is-resized\"><a href=\"https:\/\/www.meslibellules.fr\/blog\/wp-content\/uploads\/Cratilla-lineata-male-4.webp\"><img decoding=\"async\" width=\"2024\" height=\"1504\" data-src=\"https:\/\/www.meslibellules.fr\/blog\/wp-content\/uploads\/Cratilla-lineata-male-4.webp\" alt=\"Cratilla lineata m\u00e2le, Tha\u00eflande, Montha Than Waterfall, 30\/05\/2024\" class=\"wp-image-24186 lazyload\" style=\"--smush-placeholder-width: 2024px; --smush-placeholder-aspect-ratio: 2024\/1504;width:587px;height:auto\" data-srcset=\"https:\/\/www.meslibellules.fr\/blog\/wp-content\/uploads\/Cratilla-lineata-male-4.webp 2024w, https:\/\/www.meslibellules.fr\/blog\/wp-content\/uploads\/Cratilla-lineata-male-4-768x571.webp 768w, https:\/\/www.meslibellules.fr\/blog\/wp-content\/uploads\/Cratilla-lineata-male-4-1536x1141.webp 1536w\" data-sizes=\"(max-width: 2024px) 100vw, 2024px\" src=\"data:image\/svg+xml;base64,PHN2ZyB3aWR0aD0iMSIgaGVpZ2h0PSIxIiB4bWxucz0iaHR0cDovL3d3dy53My5vcmcvMjAwMC9zdmciPjwvc3ZnPg==\" \/><\/a><figcaption class=\"wp-element-caption\">Cratilla lineata m\u00e2le, Tha\u00eflande, Montha Than Waterfall, 30\/05\/2024<\/figcaption><\/figure>\n\n\n\n<p>Le genre Cratilla est facilement identifi\u00e9 par la tache m\u00e9tallique sur le front et la large ligne claire qui parcourt la car\u00e8ne thoracique, ici <a href=\"https:\/\/www.meslibellules.fr\/voyages\/malaisie\/cratilla-metallica\/cratilla-metallica-male-1.php\">Cratilla metallica<\/a> en Malaisie. Cratilla lineata se distingue \u00e9galement par ses yeux gris cap\u00e9s de brun-rouge et les lignes jaunes qui parcourent son abdomen.<br><br>C&rsquo;est un odonate auquel on attribue diff\u00e9rents noms vernaculaires : Pale face forest skimmer  au Bangladesh, Emerald banded skimmer (sa pruine prend en effet une teinte verd\u00e2tre) ou Lined-forest skimmer en Inde et \u00e0 Singapour. Et diff\u00e9rentes <em>sous-esp\u00e8ces<\/em> ; C. lineata lineata, C. lineata assidua, C. lineata calverti (qui serait celui pr\u00e9sent en Tha\u00eflande), autant de <em>formes<\/em> explicables par l&rsquo;immense distribution g\u00e9ographique de l&rsquo;esp\u00e8ce.<br><br>En effet, on le rencontre de l&rsquo;Inde et du Sri Lanka au sud de la Chine, il atteint au sud Singapour, Born\u00e9o et Sumatra et les Philippines. <br><a href=\"https:\/\/www.iucnredlist.org\/species\/167160\/176225947#geographic-range\">IUCN Red List<\/a>.<\/p>\n\n\n\n<figure class=\"wp-block-image aligncenter size-full is-resized\"><a href=\"https:\/\/www.meslibellules.fr\/blog\/wp-content\/uploads\/Cratilla-lineata-male-2.webp\"><img decoding=\"async\" width=\"1944\" height=\"1504\" data-src=\"https:\/\/www.meslibellules.fr\/blog\/wp-content\/uploads\/Cratilla-lineata-male-2.webp\" alt=\"Cratilla lineata m\u00e2le, Tha\u00eflande, Montha Than Waterfall, 27\/05\/2024\" class=\"wp-image-24184 lazyload\" style=\"--smush-placeholder-width: 1944px; --smush-placeholder-aspect-ratio: 1944\/1504;width:578px;height:auto\" data-srcset=\"https:\/\/www.meslibellules.fr\/blog\/wp-content\/uploads\/Cratilla-lineata-male-2.webp 1944w, https:\/\/www.meslibellules.fr\/blog\/wp-content\/uploads\/Cratilla-lineata-male-2-768x594.webp 768w, https:\/\/www.meslibellules.fr\/blog\/wp-content\/uploads\/Cratilla-lineata-male-2-1536x1188.webp 1536w\" data-sizes=\"(max-width: 1944px) 100vw, 1944px\" src=\"data:image\/svg+xml;base64,PHN2ZyB3aWR0aD0iMSIgaGVpZ2h0PSIxIiB4bWxucz0iaHR0cDovL3d3dy53My5vcmcvMjAwMC9zdmciPjwvc3ZnPg==\" \/><\/a><figcaption class=\"wp-element-caption\">Cratilla lineata m\u00e2le, Tha\u00eflande, Montha Than Waterfall, 27\/05\/2024<\/figcaption><\/figure>\n\n\n\n<p>Pour l&rsquo;anecdote, en faisant les recherches pour cet article, j&rsquo;ai d\u00e9couvert par hasard un article ou Cratilla lineata est cit\u00e9 comme un pollinisateur occasionnel des cucurbitac\u00e9es (3) ! Tout comme Diplacodes nebulosa, Crocothemis servilia et Diplacodes lefebvrii, ceci au Bengale occidental, en Inde. J&rsquo;imagine que sur tous les continents, de nombreuses esp\u00e8ces se posent accidentellement sur de larges fleurs et assurent une pollinisation accidentelle et marginale.<\/p>\n\n\n\n<div style=\"height:10px\" aria-hidden=\"true\" class=\"wp-block-spacer\"><\/div>\n\n\n\n<p><span style=\"text-decoration: underline;\"><strong>\u00c9tymologie<\/strong><\/span><br \/><strong>Cratilla<\/strong>\u00a0est un genre cr\u00e9\u00e9 par Kirby (4) et je doute un peu de l\u2019\u00e9tymologie que l\u2019on trouve dans le livre de mon ami Marcus Ng (2). Kirby ne donne pas d\u2019indice et les auteurs proposent que\u00a0<strong>Cratilla<\/strong>\u00a0viennent du latin cratis qui signifie treillis ou grille et se r\u00e9f\u00e9rerait \u00e0 la nervation dense ; seulement, et les auteurs le reconnaissent, elle n\u2019est pas vraiment plus dense que pour de nombreux autres Libellulidae, notamment pas plus que des Orthemis dont Kirby les s\u00e9pare.<br \/><strong>Lineata<\/strong> (5), du latin\u00a0<em>lineatus<\/em>, pour\u00a0<em>dot\u00e9 de lignes<\/em>, ce qui se r\u00e9f\u00e8re au motif abdominal.<\/p>\n\n\n\n<div style=\"height:29px\" aria-hidden=\"true\" class=\"wp-block-spacer\"><\/div>\n\n\n\n<p style=\"font-size:13px\">1- Brauer, F. 1878. <a href=\"https:\/\/www.biodiversitylibrary.org\/page\/8363415#page\/225\/mode\/1up\">\u00dcber einige neue Gattungen und Arten aus der Ordnung der Neuropteren<\/a>. Sitzungsberichte der Akademie der Wissenschaften Wien LXXVII, 1: 193-206.<br>2- Zhang, H-M. 2694. Dragonflies and Damselflies of China. Chongqing: Chongqing University Press, China.<br>3- Binod Saradar &amp; al., 2024 &#8211; <a href=\"https:\/\/www.researchgate.net\/publication\/387718309_Pollination_of_cucurbit_crops_by_non-conventional_pollinators_in_deltaic_West_Bengal_India#fullTextFileContent\">Pollination of cucurbit crops by non-conventional pollinators in deltaic West Bengal, India<\/a> &#8211; J. Botan. Soc. Bengal 78(2) : 86-92 (2024)<br>4- Kirby, W. F. (1900).<a href=\"https:\/\/www.biodiversitylibrary.org\/page\/24340527#page\/577\/mode\/1up\"> On the species which have been included in Zygonyx, Hagen and De Selys<\/a>. The Annals and Magazine of Natural History; Zoology, Botany, and Geology, 5, 539-542.<br>5- Heinrich Fliedner, 2020 &#8211; <a href=\"https:\/\/www.researchgate.net\/profile\/Heinrich-Fliedner\/publication\/367150062_The_scientific_names_of_Ris'_odonate_taxa\/links\/63c2e3286fe15d6a571bc17a\/The-scientific-names-of-Ris-odonate-taxa.pdf\">The scientific names of Brauer&rsquo;s odonate taxa<\/a> &#8211; Journal of the International Dragonfly Fund &#8211; 148.<\/p>\n\n\n\n<div style=\"height:30px\" aria-hidden=\"true\" class=\"wp-block-spacer\"><\/div>\n\n\n\n<div class=\"wp-block-buttons is-vertical is-layout-flex wp-container-core-buttons-is-layout-16cda065 wp-block-buttons-is-layout-flex\">\n<div class=\"wp-block-button\"><a class=\"wp-block-button__link wp-element-button\" href=\"https:\/\/www.meslibellules.fr\/blog\/libellules-de-thailande\/\">Accueil Tha\u00eflande<\/a><\/div>\n\n\n\n<div class=\"wp-block-button\"><a class=\"wp-block-button__link wp-element-button\" href=\"http:\/\/www.meslibellules.fr\/pagesweb\/divers\/liste-generale-odonates-du-site\/asia-odonates.php\">Liste Asie<\/a><\/div>\n\n\n\n<div class=\"wp-block-button\"><a class=\"wp-block-button__link wp-element-button\" href=\"https:\/\/www.meslibellules.fr\/blog\/\">Accueil<\/a><\/div>\n<\/div>\n","protected":false},"excerpt":{"rendered":"<p>Brauer (1) d\u00e9crit Cratilla lineata m\u00e2le sous le nom de Orthemis lineata, et il est vrai que le m\u00e2le, au stade de la photo ci-dessus, peut faire penser \u00e0 une femelle Orthemis. Mais, et Brauer le mentionne \u00e9galement, il est tr\u00e8s proche de ce qu&rsquo;il appelle \u00e0 l&rsquo;\u00e9poque Libellula (Orthemis) congener, notre Potamarcha congener ; [&hellip;]<\/p>\n","protected":false},"author":1,"featured_media":0,"comment_status":"open","ping_status":"open","sticky":false,"template":"","format":"image","meta":{"site-sidebar-layout":"default","site-content-layout":"","ast-site-content-layout":"default","site-content-style":"default","site-sidebar-style":"default","ast-global-header-display":"","ast-banner-title-visibility":"","ast-main-header-display":"","ast-hfb-above-header-display":"","ast-hfb-below-header-display":"","ast-hfb-mobile-header-display":"","site-post-title":"","ast-breadcrumbs-content":"","ast-featured-img":"","footer-sml-layout":"","ast-disable-related-posts":"","theme-transparent-header-meta":"","adv-header-id-meta":"","stick-header-meta":"","header-above-stick-meta":"","header-main-stick-meta":"","header-below-stick-meta":"","astra-migrate-meta-layouts":"set","ast-page-background-enabled":"default","ast-page-background-meta":{"desktop":{"background-color":"var(--ast-global-color-4)","background-image":"","background-repeat":"repeat","background-position":"center center","background-size":"auto","background-attachment":"scroll","background-type":"","background-media":"","overlay-type":"","overlay-color":"","overlay-opacity":"","overlay-gradient":""},"tablet":{"background-color":"","background-image":"","background-repeat":"repeat","background-position":"center center","background-size":"auto","background-attachment":"scroll","background-type":"","background-media":"","overlay-type":"","overlay-color":"","overlay-opacity":"","overlay-gradient":""},"mobile":{"background-color":"","background-image":"","background-repeat":"repeat","background-position":"center center","background-size":"auto","background-attachment":"scroll","background-type":"","background-media":"","overlay-type":"","overlay-color":"","overlay-opacity":"","overlay-gradient":""}},"ast-content-background-meta":{"desktop":{"background-color":"var(--ast-global-color-5)","background-image":"","background-repeat":"repeat","background-position":"center center","background-size":"auto","background-attachment":"scroll","background-type":"","background-media":"","overlay-type":"","overlay-color":"","overlay-opacity":"","overlay-gradient":""},"tablet":{"background-color":"var(--ast-global-color-5)","background-image":"","background-repeat":"repeat","background-position":"center center","background-size":"auto","background-attachment":"scroll","background-type":"","background-media":"","overlay-type":"","overlay-color":"","overlay-opacity":"","overlay-gradient":""},"mobile":{"background-color":"var(--ast-global-color-5)","background-image":"","background-repeat":"repeat","background-position":"center center","background-size":"auto","background-attachment":"scroll","background-type":"","background-media":"","overlay-type":"","overlay-color":"","overlay-opacity":"","overlay-gradient":""}},"footnotes":""},"categories":[38544,1379],"tags":[38536,1381],"class_list":["post-24187","post","type-post","status-publish","format-image","hentry","category-libellulidae-thailande-2","category-thailande","tag-libellulidae-thailande","tag-thailande","post_format-post-format-image"],"yoast_head":"<!-- This site is optimized with the Yoast SEO plugin v27.4 - https:\/\/yoast.com\/product\/yoast-seo-wordpress\/ -->\n<title>Cratilla lineata m\u00e2le - Mes Libellules<\/title>\n<meta name=\"description\" content=\"Cratilla lineata m\u00e2le en Tha\u00eflande, description, identification, taille, habitat, distribution g\u00e9ographique, \u00e9tymologie\" \/>\n<meta name=\"robots\" content=\"index, follow, max-snippet:-1, max-image-preview:large, max-video-preview:-1\" \/>\n<link rel=\"canonical\" href=\"https:\/\/www.meslibellules.fr\/blog\/2025\/03\/13\/cratilla-lineata-male\/\" \/>\n<meta property=\"og:locale\" content=\"fr_FR\" \/>\n<meta property=\"og:type\" content=\"article\" \/>\n<meta property=\"og:title\" content=\"Cratilla lineata m\u00e2le - Mes Libellules\" \/>\n<meta property=\"og:description\" content=\"Cratilla lineata m\u00e2le en Tha\u00eflande, description, identification, taille, habitat, distribution g\u00e9ographique, \u00e9tymologie\" \/>\n<meta property=\"og:url\" content=\"https:\/\/www.meslibellules.fr\/blog\/2025\/03\/13\/cratilla-lineata-male\/\" \/>\n<meta property=\"og:site_name\" content=\"Mes Libellules\" \/>\n<meta property=\"article:publisher\" content=\"https:\/\/www.facebook.com\/benoit.guillon.96\/\" \/>\n<meta property=\"article:author\" content=\"https:\/\/www.facebook.com\/benoit.guillon.96\/\" \/>\n<meta property=\"article:published_time\" content=\"2025-03-13T19:24:23+00:00\" \/>\n<meta property=\"article:modified_time\" content=\"2025-09-02T04:36:19+00:00\" \/>\n<meta property=\"og:image\" content=\"https:\/\/www.meslibellules.fr\/blog\/wp-content\/uploads\/Cratilla-lineata-male-1.webp\" \/>\n\t<meta property=\"og:image:width\" content=\"2231\" \/>\n\t<meta property=\"og:image:height\" content=\"1504\" \/>\n\t<meta property=\"og:image:type\" content=\"image\/webp\" \/>\n<meta name=\"author\" content=\"Beno\u00eet Guillon\" \/>\n<meta name=\"twitter:card\" content=\"summary_large_image\" \/>\n<meta name=\"twitter:label1\" content=\"\u00c9crit par\" \/>\n\t<meta name=\"twitter:data1\" content=\"Beno\u00eet Guillon\" \/>\n\t<meta name=\"twitter:label2\" content=\"Dur\u00e9e de lecture estim\u00e9e\" \/>\n\t<meta name=\"twitter:data2\" content=\"5 minutes\" \/>\n<script type=\"application\/ld+json\" class=\"yoast-schema-graph\">{\"@context\":\"https:\\\/\\\/schema.org\",\"@graph\":[{\"@type\":\"Article\",\"@id\":\"https:\\\/\\\/www.meslibellules.fr\\\/blog\\\/2025\\\/03\\\/13\\\/cratilla-lineata-male\\\/#article\",\"isPartOf\":{\"@id\":\"https:\\\/\\\/www.meslibellules.fr\\\/blog\\\/2025\\\/03\\\/13\\\/cratilla-lineata-male\\\/\"},\"author\":{\"name\":\"Beno\u00eet Guillon\",\"@id\":\"https:\\\/\\\/www.meslibellules.fr\\\/blog\\\/#\\\/schema\\\/person\\\/9aa3586f9dd053fcf329f43b8b053c77\"},\"headline\":\"Tha\u00eflande &#8211; Cratilla lineata (Brauer, 1878)\",\"datePublished\":\"2025-03-13T19:24:23+00:00\",\"dateModified\":\"2025-09-02T04:36:19+00:00\",\"mainEntityOfPage\":{\"@id\":\"https:\\\/\\\/www.meslibellules.fr\\\/blog\\\/2025\\\/03\\\/13\\\/cratilla-lineata-male\\\/\"},\"wordCount\":661,\"commentCount\":0,\"publisher\":{\"@id\":\"https:\\\/\\\/www.meslibellules.fr\\\/blog\\\/#\\\/schema\\\/person\\\/9aa3586f9dd053fcf329f43b8b053c77\"},\"image\":{\"@id\":\"https:\\\/\\\/www.meslibellules.fr\\\/blog\\\/2025\\\/03\\\/13\\\/cratilla-lineata-male\\\/#primaryimage\"},\"thumbnailUrl\":\"https:\\\/\\\/www.meslibellules.fr\\\/blog\\\/wp-content\\\/uploads\\\/Cratilla-lineata-male-1.webp\",\"keywords\":[\"Libellulidae - Tha\u00eflande\",\"Tha\u00eflande\"],\"articleSection\":[\"Libellulidae\",\"Tha\u00eflande\"],\"inLanguage\":\"fr-FR\",\"potentialAction\":[{\"@type\":\"CommentAction\",\"name\":\"Comment\",\"target\":[\"https:\\\/\\\/www.meslibellules.fr\\\/blog\\\/2025\\\/03\\\/13\\\/cratilla-lineata-male\\\/#respond\"]}]},{\"@type\":\"WebPage\",\"@id\":\"https:\\\/\\\/www.meslibellules.fr\\\/blog\\\/2025\\\/03\\\/13\\\/cratilla-lineata-male\\\/\",\"url\":\"https:\\\/\\\/www.meslibellules.fr\\\/blog\\\/2025\\\/03\\\/13\\\/cratilla-lineata-male\\\/\",\"name\":\"Cratilla lineata m\u00e2le - Mes Libellules\",\"isPartOf\":{\"@id\":\"https:\\\/\\\/www.meslibellules.fr\\\/blog\\\/#website\"},\"primaryImageOfPage\":{\"@id\":\"https:\\\/\\\/www.meslibellules.fr\\\/blog\\\/2025\\\/03\\\/13\\\/cratilla-lineata-male\\\/#primaryimage\"},\"image\":{\"@id\":\"https:\\\/\\\/www.meslibellules.fr\\\/blog\\\/2025\\\/03\\\/13\\\/cratilla-lineata-male\\\/#primaryimage\"},\"thumbnailUrl\":\"https:\\\/\\\/www.meslibellules.fr\\\/blog\\\/wp-content\\\/uploads\\\/Cratilla-lineata-male-1.webp\",\"datePublished\":\"2025-03-13T19:24:23+00:00\",\"dateModified\":\"2025-09-02T04:36:19+00:00\",\"description\":\"Cratilla lineata m\u00e2le en Tha\u00eflande, description, identification, taille, habitat, distribution g\u00e9ographique, \u00e9tymologie\",\"breadcrumb\":{\"@id\":\"https:\\\/\\\/www.meslibellules.fr\\\/blog\\\/2025\\\/03\\\/13\\\/cratilla-lineata-male\\\/#breadcrumb\"},\"inLanguage\":\"fr-FR\",\"potentialAction\":[{\"@type\":\"ReadAction\",\"target\":[\"https:\\\/\\\/www.meslibellules.fr\\\/blog\\\/2025\\\/03\\\/13\\\/cratilla-lineata-male\\\/\"]}]},{\"@type\":\"ImageObject\",\"inLanguage\":\"fr-FR\",\"@id\":\"https:\\\/\\\/www.meslibellules.fr\\\/blog\\\/2025\\\/03\\\/13\\\/cratilla-lineata-male\\\/#primaryimage\",\"url\":\"https:\\\/\\\/www.meslibellules.fr\\\/blog\\\/wp-content\\\/uploads\\\/Cratilla-lineata-male-1.webp\",\"contentUrl\":\"https:\\\/\\\/www.meslibellules.fr\\\/blog\\\/wp-content\\\/uploads\\\/Cratilla-lineata-male-1.webp\"},{\"@type\":\"BreadcrumbList\",\"@id\":\"https:\\\/\\\/www.meslibellules.fr\\\/blog\\\/2025\\\/03\\\/13\\\/cratilla-lineata-male\\\/#breadcrumb\",\"itemListElement\":[{\"@type\":\"ListItem\",\"position\":1,\"name\":\"Accueil\",\"item\":\"https:\\\/\\\/www.meslibellules.fr\\\/blog\\\/\"},{\"@type\":\"ListItem\",\"position\":2,\"name\":\"Tha\u00eflande &#8211; Cratilla lineata (Brauer, 1878)\"}]},{\"@type\":\"WebSite\",\"@id\":\"https:\\\/\\\/www.meslibellules.fr\\\/blog\\\/#website\",\"url\":\"https:\\\/\\\/www.meslibellules.fr\\\/blog\\\/\",\"name\":\"Mes Libellules\",\"description\":\"Pr\u00e9sentation des libellules rencontr\u00e9es dans le monde\",\"publisher\":{\"@id\":\"https:\\\/\\\/www.meslibellules.fr\\\/blog\\\/#\\\/schema\\\/person\\\/9aa3586f9dd053fcf329f43b8b053c77\"},\"potentialAction\":[{\"@type\":\"SearchAction\",\"target\":{\"@type\":\"EntryPoint\",\"urlTemplate\":\"https:\\\/\\\/www.meslibellules.fr\\\/blog\\\/?s={search_term_string}\"},\"query-input\":{\"@type\":\"PropertyValueSpecification\",\"valueRequired\":true,\"valueName\":\"search_term_string\"}}],\"inLanguage\":\"fr-FR\"},{\"@type\":[\"Person\",\"Organization\"],\"@id\":\"https:\\\/\\\/www.meslibellules.fr\\\/blog\\\/#\\\/schema\\\/person\\\/9aa3586f9dd053fcf329f43b8b053c77\",\"name\":\"Beno\u00eet Guillon\",\"image\":{\"@type\":\"ImageObject\",\"inLanguage\":\"fr-FR\",\"@id\":\"https:\\\/\\\/www.meslibellules.fr\\\/blog\\\/wp-content\\\/uploads\\\/cropped-avatar-150-pix.jpg\",\"url\":\"https:\\\/\\\/www.meslibellules.fr\\\/blog\\\/wp-content\\\/uploads\\\/cropped-avatar-150-pix.jpg\",\"contentUrl\":\"https:\\\/\\\/www.meslibellules.fr\\\/blog\\\/wp-content\\\/uploads\\\/cropped-avatar-150-pix.jpg\",\"width\":150,\"height\":137,\"caption\":\"Beno\u00eet Guillon\"},\"logo\":{\"@id\":\"https:\\\/\\\/www.meslibellules.fr\\\/blog\\\/wp-content\\\/uploads\\\/cropped-avatar-150-pix.jpg\"},\"sameAs\":[\"https:\\\/\\\/www.facebook.com\\\/benoit.guillon.96\\\/\"]}]}<\/script>\n<!-- \/ Yoast SEO plugin. -->","yoast_head_json":{"title":"Cratilla lineata m\u00e2le - Mes Libellules","description":"Cratilla lineata m\u00e2le en Tha\u00eflande, description, identification, taille, habitat, distribution g\u00e9ographique, \u00e9tymologie","robots":{"index":"index","follow":"follow","max-snippet":"max-snippet:-1","max-image-preview":"max-image-preview:large","max-video-preview":"max-video-preview:-1"},"canonical":"https:\/\/www.meslibellules.fr\/blog\/2025\/03\/13\/cratilla-lineata-male\/","og_locale":"fr_FR","og_type":"article","og_title":"Cratilla lineata m\u00e2le - Mes Libellules","og_description":"Cratilla lineata m\u00e2le en Tha\u00eflande, description, identification, taille, habitat, distribution g\u00e9ographique, \u00e9tymologie","og_url":"https:\/\/www.meslibellules.fr\/blog\/2025\/03\/13\/cratilla-lineata-male\/","og_site_name":"Mes Libellules","article_publisher":"https:\/\/www.facebook.com\/benoit.guillon.96\/","article_author":"https:\/\/www.facebook.com\/benoit.guillon.96\/","article_published_time":"2025-03-13T19:24:23+00:00","article_modified_time":"2025-09-02T04:36:19+00:00","og_image":[{"width":2231,"height":1504,"url":"https:\/\/www.meslibellules.fr\/blog\/wp-content\/uploads\/Cratilla-lineata-male-1.webp","type":"image\/webp"}],"author":"Beno\u00eet Guillon","twitter_card":"summary_large_image","twitter_misc":{"\u00c9crit par":"Beno\u00eet Guillon","Dur\u00e9e de lecture estim\u00e9e":"5 minutes"},"schema":{"@context":"https:\/\/schema.org","@graph":[{"@type":"Article","@id":"https:\/\/www.meslibellules.fr\/blog\/2025\/03\/13\/cratilla-lineata-male\/#article","isPartOf":{"@id":"https:\/\/www.meslibellules.fr\/blog\/2025\/03\/13\/cratilla-lineata-male\/"},"author":{"name":"Beno\u00eet Guillon","@id":"https:\/\/www.meslibellules.fr\/blog\/#\/schema\/person\/9aa3586f9dd053fcf329f43b8b053c77"},"headline":"Tha\u00eflande &#8211; Cratilla lineata (Brauer, 1878)","datePublished":"2025-03-13T19:24:23+00:00","dateModified":"2025-09-02T04:36:19+00:00","mainEntityOfPage":{"@id":"https:\/\/www.meslibellules.fr\/blog\/2025\/03\/13\/cratilla-lineata-male\/"},"wordCount":661,"commentCount":0,"publisher":{"@id":"https:\/\/www.meslibellules.fr\/blog\/#\/schema\/person\/9aa3586f9dd053fcf329f43b8b053c77"},"image":{"@id":"https:\/\/www.meslibellules.fr\/blog\/2025\/03\/13\/cratilla-lineata-male\/#primaryimage"},"thumbnailUrl":"https:\/\/www.meslibellules.fr\/blog\/wp-content\/uploads\/Cratilla-lineata-male-1.webp","keywords":["Libellulidae - Tha\u00eflande","Tha\u00eflande"],"articleSection":["Libellulidae","Tha\u00eflande"],"inLanguage":"fr-FR","potentialAction":[{"@type":"CommentAction","name":"Comment","target":["https:\/\/www.meslibellules.fr\/blog\/2025\/03\/13\/cratilla-lineata-male\/#respond"]}]},{"@type":"WebPage","@id":"https:\/\/www.meslibellules.fr\/blog\/2025\/03\/13\/cratilla-lineata-male\/","url":"https:\/\/www.meslibellules.fr\/blog\/2025\/03\/13\/cratilla-lineata-male\/","name":"Cratilla lineata m\u00e2le - Mes Libellules","isPartOf":{"@id":"https:\/\/www.meslibellules.fr\/blog\/#website"},"primaryImageOfPage":{"@id":"https:\/\/www.meslibellules.fr\/blog\/2025\/03\/13\/cratilla-lineata-male\/#primaryimage"},"image":{"@id":"https:\/\/www.meslibellules.fr\/blog\/2025\/03\/13\/cratilla-lineata-male\/#primaryimage"},"thumbnailUrl":"https:\/\/www.meslibellules.fr\/blog\/wp-content\/uploads\/Cratilla-lineata-male-1.webp","datePublished":"2025-03-13T19:24:23+00:00","dateModified":"2025-09-02T04:36:19+00:00","description":"Cratilla lineata m\u00e2le en Tha\u00eflande, description, identification, taille, habitat, distribution g\u00e9ographique, \u00e9tymologie","breadcrumb":{"@id":"https:\/\/www.meslibellules.fr\/blog\/2025\/03\/13\/cratilla-lineata-male\/#breadcrumb"},"inLanguage":"fr-FR","potentialAction":[{"@type":"ReadAction","target":["https:\/\/www.meslibellules.fr\/blog\/2025\/03\/13\/cratilla-lineata-male\/"]}]},{"@type":"ImageObject","inLanguage":"fr-FR","@id":"https:\/\/www.meslibellules.fr\/blog\/2025\/03\/13\/cratilla-lineata-male\/#primaryimage","url":"https:\/\/www.meslibellules.fr\/blog\/wp-content\/uploads\/Cratilla-lineata-male-1.webp","contentUrl":"https:\/\/www.meslibellules.fr\/blog\/wp-content\/uploads\/Cratilla-lineata-male-1.webp"},{"@type":"BreadcrumbList","@id":"https:\/\/www.meslibellules.fr\/blog\/2025\/03\/13\/cratilla-lineata-male\/#breadcrumb","itemListElement":[{"@type":"ListItem","position":1,"name":"Accueil","item":"https:\/\/www.meslibellules.fr\/blog\/"},{"@type":"ListItem","position":2,"name":"Tha\u00eflande &#8211; Cratilla lineata (Brauer, 1878)"}]},{"@type":"WebSite","@id":"https:\/\/www.meslibellules.fr\/blog\/#website","url":"https:\/\/www.meslibellules.fr\/blog\/","name":"Mes Libellules","description":"Pr\u00e9sentation des libellules rencontr\u00e9es dans le monde","publisher":{"@id":"https:\/\/www.meslibellules.fr\/blog\/#\/schema\/person\/9aa3586f9dd053fcf329f43b8b053c77"},"potentialAction":[{"@type":"SearchAction","target":{"@type":"EntryPoint","urlTemplate":"https:\/\/www.meslibellules.fr\/blog\/?s={search_term_string}"},"query-input":{"@type":"PropertyValueSpecification","valueRequired":true,"valueName":"search_term_string"}}],"inLanguage":"fr-FR"},{"@type":["Person","Organization"],"@id":"https:\/\/www.meslibellules.fr\/blog\/#\/schema\/person\/9aa3586f9dd053fcf329f43b8b053c77","name":"Beno\u00eet Guillon","image":{"@type":"ImageObject","inLanguage":"fr-FR","@id":"https:\/\/www.meslibellules.fr\/blog\/wp-content\/uploads\/cropped-avatar-150-pix.jpg","url":"https:\/\/www.meslibellules.fr\/blog\/wp-content\/uploads\/cropped-avatar-150-pix.jpg","contentUrl":"https:\/\/www.meslibellules.fr\/blog\/wp-content\/uploads\/cropped-avatar-150-pix.jpg","width":150,"height":137,"caption":"Beno\u00eet Guillon"},"logo":{"@id":"https:\/\/www.meslibellules.fr\/blog\/wp-content\/uploads\/cropped-avatar-150-pix.jpg"},"sameAs":["https:\/\/www.facebook.com\/benoit.guillon.96\/"]}]}},"_links":{"self":[{"href":"https:\/\/www.meslibellules.fr\/blog\/wp-json\/wp\/v2\/posts\/24187","targetHints":{"allow":["GET"]}}],"collection":[{"href":"https:\/\/www.meslibellules.fr\/blog\/wp-json\/wp\/v2\/posts"}],"about":[{"href":"https:\/\/www.meslibellules.fr\/blog\/wp-json\/wp\/v2\/types\/post"}],"author":[{"embeddable":true,"href":"https:\/\/www.meslibellules.fr\/blog\/wp-json\/wp\/v2\/users\/1"}],"replies":[{"embeddable":true,"href":"https:\/\/www.meslibellules.fr\/blog\/wp-json\/wp\/v2\/comments?post=24187"}],"version-history":[{"count":7,"href":"https:\/\/www.meslibellules.fr\/blog\/wp-json\/wp\/v2\/posts\/24187\/revisions"}],"predecessor-version":[{"id":26039,"href":"https:\/\/www.meslibellules.fr\/blog\/wp-json\/wp\/v2\/posts\/24187\/revisions\/26039"}],"wp:attachment":[{"href":"https:\/\/www.meslibellules.fr\/blog\/wp-json\/wp\/v2\/media?parent=24187"}],"wp:term":[{"taxonomy":"category","embeddable":true,"href":"https:\/\/www.meslibellules.fr\/blog\/wp-json\/wp\/v2\/categories?post=24187"},{"taxonomy":"post_tag","embeddable":true,"href":"https:\/\/www.meslibellules.fr\/blog\/wp-json\/wp\/v2\/tags?post=24187"}],"curies":[{"name":"wp","href":"https:\/\/api.w.org\/{rel}","templated":true}]}}