{"id":24282,"date":"2025-04-03T11:21:55","date_gmt":"2025-04-03T09:21:55","guid":{"rendered":"https:\/\/www.meslibellules.fr\/blog\/?p=24282"},"modified":"2025-05-19T07:06:08","modified_gmt":"2025-05-19T05:06:08","slug":"elattoneura-aurantiaca","status":"publish","type":"post","link":"https:\/\/www.meslibellules.fr\/blog\/2025\/04\/03\/elattoneura-aurantiaca\/","title":{"rendered":"Born\u00e9o &#8211; \u00ab\u00a0Elattoneura\u00a0\u00bb aurantiaca (Selys, 1886)"},"content":{"rendered":"\n<figure class=\"wp-block-image aligncenter size-full is-resized\"><a href=\"https:\/\/www.meslibellules.fr\/blog\/wp-content\/uploads\/Elattoneura-aurantiaca-male-1-1-scaled.webp\"><img decoding=\"async\" width=\"2560\" height=\"1425\" data-src=\"https:\/\/www.meslibellules.fr\/blog\/wp-content\/uploads\/Elattoneura-aurantiaca-male-1-1-scaled.webp\" alt=\"&quot;Elattoneura&quot; aurantiaca m\u00e2le, Malaisie, Sarawak, Maludam N.P., 28\/03\/2025\" class=\"wp-image-24273 lazyload\" style=\"--smush-placeholder-width: 2560px; --smush-placeholder-aspect-ratio: 2560\/1425;width:696px;height:auto\" data-srcset=\"https:\/\/www.meslibellules.fr\/blog\/wp-content\/uploads\/Elattoneura-aurantiaca-male-1-1-scaled.webp 2560w, https:\/\/www.meslibellules.fr\/blog\/wp-content\/uploads\/Elattoneura-aurantiaca-male-1-1-768x428.webp 768w, https:\/\/www.meslibellules.fr\/blog\/wp-content\/uploads\/Elattoneura-aurantiaca-male-1-1-1536x855.webp 1536w, https:\/\/www.meslibellules.fr\/blog\/wp-content\/uploads\/Elattoneura-aurantiaca-male-1-1-2048x1140.webp 2048w\" data-sizes=\"(max-width: 2560px) 100vw, 2560px\" src=\"data:image\/svg+xml;base64,PHN2ZyB3aWR0aD0iMSIgaGVpZ2h0PSIxIiB4bWxucz0iaHR0cDovL3d3dy53My5vcmcvMjAwMC9zdmciPjwvc3ZnPg==\" \/><\/a><figcaption class=\"wp-element-caption\">\u00ab\u00a0Elattoneura\u00a0\u00bb aurantiaca m\u00e2le, Malaisie, Sarawak, Maludam N.P., 28\/03\/2025<\/figcaption><\/figure>\n\n\n\n<p>\u00ab\u00a0Elattoneura\u00a0\u00bb aurantiaca est un Platycnemididae facilement identifiable ; la face est noire, les yeux sont  rouges comme le pronotum, la partie dorsale du thorax est noir, les parties lat\u00e9rales rouges, la base du thorax marron clair, comme la face lat\u00e9rale du premier segment, le reste de l&rsquo;abdomen est noir.<\/p>\n\n\n\n<figure class=\"wp-block-image aligncenter size-full is-resized\"><a href=\"https:\/\/www.meslibellules.fr\/blog\/wp-content\/uploads\/Elattoneura-aurantiaca-male-2.webp\"><img decoding=\"async\" width=\"2387\" height=\"1204\" data-src=\"https:\/\/www.meslibellules.fr\/blog\/wp-content\/uploads\/Elattoneura-aurantiaca-male-2.webp\" alt=\"&quot;Elattoneura&quot; aurantiaca m\u00e2le, Malaisie, Sarawak, Maludam N.P., 28\/03\/2025\" class=\"wp-image-24274 lazyload\" style=\"--smush-placeholder-width: 2387px; --smush-placeholder-aspect-ratio: 2387\/1204;width:694px;height:auto\" data-srcset=\"https:\/\/www.meslibellules.fr\/blog\/wp-content\/uploads\/Elattoneura-aurantiaca-male-2.webp 2387w, https:\/\/www.meslibellules.fr\/blog\/wp-content\/uploads\/Elattoneura-aurantiaca-male-2-768x387.webp 768w, https:\/\/www.meslibellules.fr\/blog\/wp-content\/uploads\/Elattoneura-aurantiaca-male-2-1536x775.webp 1536w, https:\/\/www.meslibellules.fr\/blog\/wp-content\/uploads\/Elattoneura-aurantiaca-male-2-2048x1033.webp 2048w\" data-sizes=\"(max-width: 2387px) 100vw, 2387px\" src=\"data:image\/svg+xml;base64,PHN2ZyB3aWR0aD0iMSIgaGVpZ2h0PSIxIiB4bWxucz0iaHR0cDovL3d3dy53My5vcmcvMjAwMC9zdmciPjwvc3ZnPg==\" \/><\/a><figcaption class=\"wp-element-caption\">\u00ab\u00a0Elattoneura\u00a0\u00bb aurantiaca m\u00e2le, Malaisie, Sarawak, Maludam N.P., 28\/03\/2025<\/figcaption><\/figure>\n\n\n\n<p>Je connaissais le genre Elattoneura pour avoir contact\u00e9 <a href=\"https:\/\/www.meslibellules.fr\/blog\/2020\/03\/09\/namibie-elattoneura-glauca-selys-1860\/\">E. glauca<\/a> en Namibie ; j&rsquo;ai donc \u00e9t\u00e9 surpris de rencontrer d&rsquo;autres membres du genre au Sarawak. Mais, apr\u00e8s tout, Ischnura senegalensis, un autre zygopt\u00e8re, est aussi pr\u00e9sent en Afrique qu&rsquo;en Asie (et \u00e0 Born\u00e9o). Ceci pour dire que je n&rsquo;ai pas \u00e9t\u00e9 vraiment \u00e9t\u00e9 \u00e9tonn\u00e9 que Rory Dow (1) place des guillemets autour du nom de genre :\u00a0\u00bb Note that the southeast Asian species currently placed in Elattoneura <span style=\"text-decoration: underline;\">certainly<\/span> do not belong there, but are left there until the issue of their true genus is resolved, so inverted commas are used around the genus name to emphasise this.\u00a0\u00bb.<\/p>\n\n\n\n<figure class=\"wp-block-image aligncenter size-full is-resized\"><a href=\"https:\/\/www.meslibellules.fr\/blog\/wp-content\/uploads\/Elattoneura-aurantiaca-male-3.webp\"><img decoding=\"async\" width=\"1690\" height=\"1204\" data-src=\"https:\/\/www.meslibellules.fr\/blog\/wp-content\/uploads\/Elattoneura-aurantiaca-male-3.webp\" alt=\"&quot;Elattoneura&quot; aurantiaca m\u00e2le, Malaisie, Sarawak, Maludam N.P., 28\/03\/2025\" class=\"wp-image-24275 lazyload\" style=\"--smush-placeholder-width: 1690px; --smush-placeholder-aspect-ratio: 1690\/1204;width:546px;height:auto\" data-srcset=\"https:\/\/www.meslibellules.fr\/blog\/wp-content\/uploads\/Elattoneura-aurantiaca-male-3.webp 1690w, https:\/\/www.meslibellules.fr\/blog\/wp-content\/uploads\/Elattoneura-aurantiaca-male-3-768x547.webp 768w, https:\/\/www.meslibellules.fr\/blog\/wp-content\/uploads\/Elattoneura-aurantiaca-male-3-1536x1094.webp 1536w\" data-sizes=\"(max-width: 1690px) 100vw, 1690px\" src=\"data:image\/svg+xml;base64,PHN2ZyB3aWR0aD0iMSIgaGVpZ2h0PSIxIiB4bWxucz0iaHR0cDovL3d3dy53My5vcmcvMjAwMC9zdmciPjwvc3ZnPg==\" \/><\/a><figcaption class=\"wp-element-caption\">\u00ab\u00a0Elattoneura\u00a0\u00bb aurantiaca m\u00e2le, Malaisie, Sarawak, Maludam N.P., 28\/03\/2025<\/figcaption><\/figure>\n\n\n\n<div style=\"height:27px\" aria-hidden=\"true\" class=\"wp-block-spacer\"><\/div>\n\n\n\n<div class=\"wp-block-media-text is-stacked-on-mobile\" style=\"grid-template-columns:42% auto\"><figure class=\"wp-block-media-text__media\"><a href=\"https:\/\/www.meslibellules.fr\/blog\/wp-content\/uploads\/Elattoneura-aurantiaca-male-en-main-6.webp\"><img decoding=\"async\" width=\"1117\" height=\"1204\" data-src=\"https:\/\/www.meslibellules.fr\/blog\/wp-content\/uploads\/Elattoneura-aurantiaca-male-en-main-6.webp\" alt=\"&quot;Elattoneura&quot; aurantiaca m\u00e2le, Malaisie, Sarawak, Maludam N.P., 29\/03\/2025\" class=\"wp-image-24278 size-full lazyload\" data-srcset=\"https:\/\/www.meslibellules.fr\/blog\/wp-content\/uploads\/Elattoneura-aurantiaca-male-en-main-6.webp 1117w, https:\/\/www.meslibellules.fr\/blog\/wp-content\/uploads\/Elattoneura-aurantiaca-male-en-main-6-768x828.webp 768w\" data-sizes=\"(max-width: 1117px) 100vw, 1117px\" src=\"data:image\/svg+xml;base64,PHN2ZyB3aWR0aD0iMSIgaGVpZ2h0PSIxIiB4bWxucz0iaHR0cDovL3d3dy53My5vcmcvMjAwMC9zdmciPjwvc3ZnPg==\" style=\"--smush-placeholder-width: 1117px; --smush-placeholder-aspect-ratio: 1117\/1204;\" \/><\/a><\/figure><div class=\"wp-block-media-text__content\">\n<p>Il a \u00e9t\u00e9 d\u00e9crit par Selys (2) sous le nom de Disparoneura aurantiaca et c&rsquo;est Cowley en 1935 qui l&rsquo;a int\u00e9gr\u00e9 au genre Elattoneura sur la base de crit\u00e8res de nervation. Selys nous dit que son abdomen mesure 33-34 mm (33,5 mm pour A.G. Orr (3)) ce qui donne une longueur totale de 39 mm.<br><br>Pour donner une id\u00e9e de sa taille, voir la photo ci-contre : alors que nous \u00e9tions en bateau sur une des rivi\u00e8res qui parcourt le Maludam National Park, ce sujet est rentr\u00e9 dans mon sac \u00e0 dos&#8230; (29\/03\/2025).<\/p>\n<\/div><\/div>\n\n\n\n<div style=\"height:30px\" aria-hidden=\"true\" class=\"wp-block-spacer\"><\/div>\n\n\n\n<div class=\"wp-block-media-text has-media-on-the-right is-stacked-on-mobile\" style=\"grid-template-columns:auto 38%\"><div class=\"wp-block-media-text__content\">\n<p>Son habitat est constitu\u00e9 de rivi\u00e8res lentes en for\u00eat et il semble d\u00e9pendant <a href=\"https:\/\/wallacefund.myspecies.info\/sites\/wallacefund.myspecies.info\/files\/styles\/large\/public\/Pandanus%20sp.%20drawn%20by%20Wallace%20in%20Sarawak%20in%201855_0.jpg?itok=yhpbwFqR\">des Pandanus<\/a> (ici dessin\u00e9 par Wallace, en 1855, au Sarawak) ; il s&rsquo;agit d&rsquo;arbustes \u00e0 feuilles longues et \u00e9pineuses, port\u00e9es par des pseudo-troncs reposant sur un syst\u00e8me de racines \u00e9chasses en forme de pyramide. Il est vraisemblable que ce syst\u00e8me racinaire apporte un abri parfait aux larves de cet \u00ab\u00a0Elattoneura\u00a0\u00bb.<br>Les m\u00e2les \u00e9taient extr\u00eamement communs tout au long de ces canaux, partageant l&rsquo;espace avec Pseudagrion coomansi et Libellago hyalina. Mais quand on rentre un peu dans la v\u00e9g\u00e9tation, quand il fait plus sombre, on ne rencontre plus que les femelles et les m\u00e2les immatures.<br><br>Maludam National Park, Malaisie, Sarawak, for\u00eat de Pandanus, 28\/03\/2025.<\/p>\n<\/div><figure class=\"wp-block-media-text__media\"><a href=\"https:\/\/www.meslibellules.fr\/blog\/wp-content\/uploads\/29-03-2025-Maludan-N.P.webp\"><img decoding=\"async\" width=\"904\" height=\"1204\" data-src=\"https:\/\/www.meslibellules.fr\/blog\/wp-content\/uploads\/29-03-2025-Maludan-N.P.webp\" alt=\"Pandanus, Maludam National Park, Malaisie, Sarawak, 28\/03\/2025\" class=\"wp-image-24286 size-full lazyload\" data-srcset=\"https:\/\/www.meslibellules.fr\/blog\/wp-content\/uploads\/29-03-2025-Maludan-N.P.webp 904w, https:\/\/www.meslibellules.fr\/blog\/wp-content\/uploads\/29-03-2025-Maludan-N.P-768x1023.webp 768w\" data-sizes=\"(max-width: 904px) 100vw, 904px\" src=\"data:image\/svg+xml;base64,PHN2ZyB3aWR0aD0iMSIgaGVpZ2h0PSIxIiB4bWxucz0iaHR0cDovL3d3dy53My5vcmcvMjAwMC9zdmciPjwvc3ZnPg==\" style=\"--smush-placeholder-width: 904px; --smush-placeholder-aspect-ratio: 904\/1204;\" \/><\/a><\/figure><\/div>\n\n\n\n<div style=\"height:24px\" aria-hidden=\"true\" class=\"wp-block-spacer\"><\/div>\n\n\n\n<p class=\"has-text-align-left\">Ci-dessous un face \u00e0 face amical avec un m\u00e2le Libellago hyalina.<\/p>\n\n\n\n<figure class=\"wp-block-image aligncenter size-full is-resized\"><a href=\"https:\/\/www.meslibellules.fr\/blog\/wp-content\/uploads\/Elattoneura-aurantiaca-male-Libellago-hyalina-7.webp\"><img decoding=\"async\" width=\"1737\" height=\"1204\" data-src=\"https:\/\/www.meslibellules.fr\/blog\/wp-content\/uploads\/Elattoneura-aurantiaca-male-Libellago-hyalina-7.webp\" alt=\"&quot;Elattoneura&quot; aurantiaca m\u00e2le &amp; Libellago hyalina, Malaisie, Sarawak, Maludam N.P., 29\/03\/2025\" class=\"wp-image-24271 lazyload\" style=\"--smush-placeholder-width: 1737px; --smush-placeholder-aspect-ratio: 1737\/1204;width:553px;height:auto\" data-srcset=\"https:\/\/www.meslibellules.fr\/blog\/wp-content\/uploads\/Elattoneura-aurantiaca-male-Libellago-hyalina-7.webp 1737w, https:\/\/www.meslibellules.fr\/blog\/wp-content\/uploads\/Elattoneura-aurantiaca-male-Libellago-hyalina-7-768x532.webp 768w, https:\/\/www.meslibellules.fr\/blog\/wp-content\/uploads\/Elattoneura-aurantiaca-male-Libellago-hyalina-7-1536x1065.webp 1536w\" data-sizes=\"(max-width: 1737px) 100vw, 1737px\" src=\"data:image\/svg+xml;base64,PHN2ZyB3aWR0aD0iMSIgaGVpZ2h0PSIxIiB4bWxucz0iaHR0cDovL3d3dy53My5vcmcvMjAwMC9zdmciPjwvc3ZnPg==\" \/><\/a><figcaption class=\"wp-element-caption\">\u00ab\u00a0Elattoneura\u00a0\u00bb aurantiaca m\u00e2le &amp; Libellago hyalina, Malaisie, Sarawak, Maludam N.P., 29\/03\/2025<\/figcaption><\/figure>\n\n\n\n<p>Sa distribution, certainement en d\u00e9clin en raison de la sp\u00e9cificit\u00e9 de son habitat, le situe \u00e0 Born\u00e9o, sur la p\u00e9ninsule Malaise et en Indon\u00e9sie. <a href=\"https:\/\/www.iucnredlist.org\/species\/135435607\/135436717#geographic-range\">IUCN Red List<\/a>.<br><br>Ci-dessous \u00e0 gauche, un jeune m\u00e2le : noter la coloration orange qui signe un individu encore immature.<\/p>\n\n\n\n<figure class=\"wp-block-gallery has-nested-images columns-default is-cropped wp-block-gallery-1 is-layout-flex wp-block-gallery-is-layout-flex\">\n<figure class=\"wp-block-image size-large\"><a href=\"https:\/\/www.meslibellules.fr\/blog\/wp-content\/uploads\/Elattoneura-aurantiaca-male-4.webp\"><img decoding=\"async\" width=\"2294\" height=\"1204\" data-id=\"24276\" data-src=\"https:\/\/www.meslibellules.fr\/blog\/wp-content\/uploads\/Elattoneura-aurantiaca-male-4.webp\" alt=\"&quot;Elattoneura&quot; aurantiaca m\u00e2le, Malaisie, Sarawak, Maludam N.P., 28\/03\/2025\" class=\"wp-image-24276 lazyload\" data-srcset=\"https:\/\/www.meslibellules.fr\/blog\/wp-content\/uploads\/Elattoneura-aurantiaca-male-4.webp 2294w, https:\/\/www.meslibellules.fr\/blog\/wp-content\/uploads\/Elattoneura-aurantiaca-male-4-768x403.webp 768w, https:\/\/www.meslibellules.fr\/blog\/wp-content\/uploads\/Elattoneura-aurantiaca-male-4-1536x806.webp 1536w, https:\/\/www.meslibellules.fr\/blog\/wp-content\/uploads\/Elattoneura-aurantiaca-male-4-2048x1075.webp 2048w\" data-sizes=\"(max-width: 2294px) 100vw, 2294px\" src=\"data:image\/svg+xml;base64,PHN2ZyB3aWR0aD0iMSIgaGVpZ2h0PSIxIiB4bWxucz0iaHR0cDovL3d3dy53My5vcmcvMjAwMC9zdmciPjwvc3ZnPg==\" style=\"--smush-placeholder-width: 2294px; --smush-placeholder-aspect-ratio: 2294\/1204;\" \/><\/a><\/figure>\n\n\n\n<figure class=\"wp-block-image size-large\"><a href=\"https:\/\/www.meslibellules.fr\/blog\/wp-content\/uploads\/Elattoneura-aurantiaca-male-5.webp\"><img decoding=\"async\" width=\"2028\" height=\"1204\" data-id=\"24277\" data-src=\"https:\/\/www.meslibellules.fr\/blog\/wp-content\/uploads\/Elattoneura-aurantiaca-male-5.webp\" alt=\"&quot;Elattoneura&quot; aurantiaca m\u00e2le, Malaisie, Sarawak, Maludam N.P., 28\/03\/2025\" class=\"wp-image-24277 lazyload\" data-srcset=\"https:\/\/www.meslibellules.fr\/blog\/wp-content\/uploads\/Elattoneura-aurantiaca-male-5.webp 2028w, https:\/\/www.meslibellules.fr\/blog\/wp-content\/uploads\/Elattoneura-aurantiaca-male-5-768x456.webp 768w, https:\/\/www.meslibellules.fr\/blog\/wp-content\/uploads\/Elattoneura-aurantiaca-male-5-1536x912.webp 1536w\" data-sizes=\"(max-width: 2028px) 100vw, 2028px\" src=\"data:image\/svg+xml;base64,PHN2ZyB3aWR0aD0iMSIgaGVpZ2h0PSIxIiB4bWxucz0iaHR0cDovL3d3dy53My5vcmcvMjAwMC9zdmciPjwvc3ZnPg==\" style=\"--smush-placeholder-width: 2028px; --smush-placeholder-aspect-ratio: 2028\/1204;\" \/><\/a><\/figure>\n<figcaption class=\"blocks-gallery-caption wp-element-caption\">\u00ab\u00a0Elattoneura\u00a0\u00bb aurantiaca m\u00e2le, Malaisie, Sarawak, Maludam N.P., 28\/03\/2025<\/figcaption><\/figure>\n\n\n\n<p>Les femelles, plus discr\u00e8tes et beaucoup moins nombreuses, sont magnifiques ! Leur coloration \u00e9volue consid\u00e9rablement avec l&rsquo;\u00e2ge. Ci-dessous, celle de gauche est sans doute la plus jeune, car on note que les ailes brillantes et la couleur tr\u00e8s p\u00e2le du bleu de la partie inf\u00e9rieur de l&rsquo;\u0153il. Celle de droite ne para\u00eet pas jeune ; pourtant le sommet de son \u0153il ne porte qu&rsquo;une petite tache bleue et peut-\u00eatre au contraire perdent-elles cette coloration bleue en prenant de l&rsquo;\u00e2ge.<\/p>\n\n\n\n<figure class=\"wp-block-gallery aligncenter has-nested-images columns-2 is-cropped wp-block-gallery-2 is-layout-flex wp-block-gallery-is-layout-flex\">\n<figure class=\"wp-block-image size-full\"><a href=\"https:\/\/www.meslibellules.fr\/blog\/wp-content\/uploads\/Elattoneura-aurantiaca-femelle-3.webp\"><img decoding=\"async\" width=\"2386\" height=\"1204\" data-id=\"24268\" data-src=\"https:\/\/www.meslibellules.fr\/blog\/wp-content\/uploads\/Elattoneura-aurantiaca-femelle-3.webp\" alt=\"&quot;Elattoneura&quot; aurantiaca femelle, Malaisie, Sarawak, Maludam N.P., 28\/03\/2025\" class=\"wp-image-24268 lazyload\" data-srcset=\"https:\/\/www.meslibellules.fr\/blog\/wp-content\/uploads\/Elattoneura-aurantiaca-femelle-3.webp 2386w, https:\/\/www.meslibellules.fr\/blog\/wp-content\/uploads\/Elattoneura-aurantiaca-femelle-3-768x388.webp 768w, https:\/\/www.meslibellules.fr\/blog\/wp-content\/uploads\/Elattoneura-aurantiaca-femelle-3-1536x775.webp 1536w, https:\/\/www.meslibellules.fr\/blog\/wp-content\/uploads\/Elattoneura-aurantiaca-femelle-3-2048x1033.webp 2048w\" data-sizes=\"(max-width: 2386px) 100vw, 2386px\" src=\"data:image\/svg+xml;base64,PHN2ZyB3aWR0aD0iMSIgaGVpZ2h0PSIxIiB4bWxucz0iaHR0cDovL3d3dy53My5vcmcvMjAwMC9zdmciPjwvc3ZnPg==\" style=\"--smush-placeholder-width: 2386px; --smush-placeholder-aspect-ratio: 2386\/1204;\" \/><\/a><\/figure>\n\n\n\n<figure class=\"wp-block-image size-full\"><a href=\"https:\/\/www.meslibellules.fr\/blog\/wp-content\/uploads\/Elattoneura-aurantiaca-femelle-1.webp\"><img decoding=\"async\" width=\"1653\" height=\"1004\" data-id=\"24266\" data-src=\"https:\/\/www.meslibellules.fr\/blog\/wp-content\/uploads\/Elattoneura-aurantiaca-femelle-1.webp\" alt=\"&quot;Elattoneura&quot; aurantiaca femelle, Malaisie, Sarawak, Maludam N.P., 29\/03\/2025\" class=\"wp-image-24266 lazyload\" data-srcset=\"https:\/\/www.meslibellules.fr\/blog\/wp-content\/uploads\/Elattoneura-aurantiaca-femelle-1.webp 1653w, https:\/\/www.meslibellules.fr\/blog\/wp-content\/uploads\/Elattoneura-aurantiaca-femelle-1-768x466.webp 768w, https:\/\/www.meslibellules.fr\/blog\/wp-content\/uploads\/Elattoneura-aurantiaca-femelle-1-1536x933.webp 1536w\" data-sizes=\"(max-width: 1653px) 100vw, 1653px\" src=\"data:image\/svg+xml;base64,PHN2ZyB3aWR0aD0iMSIgaGVpZ2h0PSIxIiB4bWxucz0iaHR0cDovL3d3dy53My5vcmcvMjAwMC9zdmciPjwvc3ZnPg==\" style=\"--smush-placeholder-width: 1653px; --smush-placeholder-aspect-ratio: 1653\/1004;\" \/><\/a><\/figure>\n<figcaption class=\"blocks-gallery-caption wp-element-caption\">\u00ab\u00a0Elattoneura\u00a0\u00bb aurantiaca femelle, Malaisie, Sarawak, Maludam N.P., 29\/03\/2025 &amp; 28\/03\/2025<\/figcaption><\/figure>\n\n\n\n<p>On retrouve m\u00eame d\u00e9tail sur la femelle de gauche ci-dessous, alors que celle de droite est pleinement mature.<\/p>\n\n\n\n<figure class=\"wp-block-gallery has-nested-images columns-default is-cropped wp-block-gallery-3 is-layout-flex wp-block-gallery-is-layout-flex\">\n<figure class=\"wp-block-image size-large\"><a href=\"https:\/\/www.meslibellules.fr\/blog\/wp-content\/uploads\/Elattoneura-aurantiaca-femelle-2.webp\"><img decoding=\"async\" width=\"1855\" height=\"1204\" data-id=\"24267\" data-src=\"https:\/\/www.meslibellules.fr\/blog\/wp-content\/uploads\/Elattoneura-aurantiaca-femelle-2.webp\" alt=\"&quot;Elattoneura&quot; aurantiaca femelle, Malaisie, Sarawak, Maludam N.P., 28\/03\/2025\" class=\"wp-image-24267 lazyload\" data-srcset=\"https:\/\/www.meslibellules.fr\/blog\/wp-content\/uploads\/Elattoneura-aurantiaca-femelle-2.webp 1855w, https:\/\/www.meslibellules.fr\/blog\/wp-content\/uploads\/Elattoneura-aurantiaca-femelle-2-768x498.webp 768w, https:\/\/www.meslibellules.fr\/blog\/wp-content\/uploads\/Elattoneura-aurantiaca-femelle-2-1536x997.webp 1536w\" data-sizes=\"(max-width: 1855px) 100vw, 1855px\" src=\"data:image\/svg+xml;base64,PHN2ZyB3aWR0aD0iMSIgaGVpZ2h0PSIxIiB4bWxucz0iaHR0cDovL3d3dy53My5vcmcvMjAwMC9zdmciPjwvc3ZnPg==\" style=\"--smush-placeholder-width: 1855px; --smush-placeholder-aspect-ratio: 1855\/1204;\" \/><\/a><\/figure>\n\n\n\n<figure class=\"wp-block-image size-large\"><a href=\"https:\/\/www.meslibellules.fr\/blog\/wp-content\/uploads\/Elattoneura-aurantiaca-femelle-4.webp\"><img decoding=\"async\" width=\"2357\" height=\"1204\" data-id=\"24269\" data-src=\"https:\/\/www.meslibellules.fr\/blog\/wp-content\/uploads\/Elattoneura-aurantiaca-femelle-4.webp\" alt=\"&quot;Elattoneura&quot; aurantiaca femelle, Malaisie, Sarawak, Maludam N.P., 28\/03\/2025\" class=\"wp-image-24269 lazyload\" data-srcset=\"https:\/\/www.meslibellules.fr\/blog\/wp-content\/uploads\/Elattoneura-aurantiaca-femelle-4.webp 2357w, https:\/\/www.meslibellules.fr\/blog\/wp-content\/uploads\/Elattoneura-aurantiaca-femelle-4-768x392.webp 768w, https:\/\/www.meslibellules.fr\/blog\/wp-content\/uploads\/Elattoneura-aurantiaca-femelle-4-1536x785.webp 1536w, https:\/\/www.meslibellules.fr\/blog\/wp-content\/uploads\/Elattoneura-aurantiaca-femelle-4-2048x1046.webp 2048w\" data-sizes=\"(max-width: 2357px) 100vw, 2357px\" src=\"data:image\/svg+xml;base64,PHN2ZyB3aWR0aD0iMSIgaGVpZ2h0PSIxIiB4bWxucz0iaHR0cDovL3d3dy53My5vcmcvMjAwMC9zdmciPjwvc3ZnPg==\" style=\"--smush-placeholder-width: 2357px; --smush-placeholder-aspect-ratio: 2357\/1204;\" \/><\/a><\/figure>\n<figcaption class=\"blocks-gallery-caption wp-element-caption\">\u00ab\u00a0Elattoneura\u00a0\u00bb aurantiaca femelle, Malaisie, Sarawak, Maludam N.P., 28\/03\/2025<\/figcaption><\/figure>\n\n\n\n<div style=\"height:25px\" aria-hidden=\"true\" class=\"wp-block-spacer\"><\/div>\n\n\n\n<div class=\"wp-block-media-text is-stacked-on-mobile\"><figure class=\"wp-block-media-text__media\"><a href=\"https:\/\/www.meslibellules.fr\/blog\/wp-content\/uploads\/29-05-2025-Maludan-N.P.-R.-Dow.webp\"><img decoding=\"async\" width=\"1804\" height=\"1204\" data-src=\"https:\/\/www.meslibellules.fr\/blog\/wp-content\/uploads\/29-05-2025-Maludan-N.P.-R.-Dow.webp\" alt=\"Maludam N.P., tourbi\u00e8re mar\u00e9cageuse en for\u00eat, Rory Dow, 29\/03\/2025\" class=\"wp-image-24294 size-full lazyload\" data-srcset=\"https:\/\/www.meslibellules.fr\/blog\/wp-content\/uploads\/29-05-2025-Maludan-N.P.-R.-Dow.webp 1804w, https:\/\/www.meslibellules.fr\/blog\/wp-content\/uploads\/29-05-2025-Maludan-N.P.-R.-Dow-768x513.webp 768w, https:\/\/www.meslibellules.fr\/blog\/wp-content\/uploads\/29-05-2025-Maludan-N.P.-R.-Dow-1536x1025.webp 1536w\" data-sizes=\"(max-width: 1804px) 100vw, 1804px\" src=\"data:image\/svg+xml;base64,PHN2ZyB3aWR0aD0iMSIgaGVpZ2h0PSIxIiB4bWxucz0iaHR0cDovL3d3dy53My5vcmcvMjAwMC9zdmciPjwvc3ZnPg==\" style=\"--smush-placeholder-width: 1804px; --smush-placeholder-aspect-ratio: 1804\/1204;\" \/><\/a><\/figure><div class=\"wp-block-media-text__content\">\n<p>Toutes ces femelles ont \u00e9t\u00e9 photographi\u00e9es assez loin \u00e0 l&rsquo;int\u00e9rieur du parc national, en for\u00eat, \u00e0 la fois de pandanus, mais aussi avec des arbres plus importants, mais toujours en milieu inond\u00e9 ; il s&rsquo;agit alors de tourbi\u00e8res mar\u00e9cageuses dont le sol gorg\u00e9 d&rsquo;eau emp\u00eache la d\u00e9composition des feuilles, des branches et des troncs et rendent la progression tr\u00e8s difficile comme nous le faire voir Rory Dow.<\/p>\n<\/div><\/div>\n\n\n\n<div style=\"height:30px\" aria-hidden=\"true\" class=\"wp-block-spacer\"><\/div>\n\n\n\n<p>Et cet environnement ne m&rsquo;a pas r\u00e9ussi, car juste apr\u00e8s avoir photographi\u00e9 cette magnifique femelle ci-dessous, en descendant d&rsquo;une souche, une branche invisible sous l&rsquo;eau couleur chocolat a c\u00e9d\u00e9 sous mon poids et je me suis couch\u00e9 dans l&rsquo;eau avec tout mon mat\u00e9riel : mon appareil photo ne s&rsquo;en est pas remis&#8230; Heureusement, notre s\u00e9jour \u00e9tait presque termin\u00e9.<\/p>\n\n\n\n<figure class=\"wp-block-image aligncenter size-full is-resized\"><a href=\"https:\/\/www.meslibellules.fr\/blog\/wp-content\/uploads\/Elattoneura-aurantiaca-femelle-5.webp\"><img decoding=\"async\" width=\"1427\" height=\"1204\" data-src=\"https:\/\/www.meslibellules.fr\/blog\/wp-content\/uploads\/Elattoneura-aurantiaca-femelle-5.webp\" alt=\"&quot;Elattoneura&quot; aurantiaca femelle, Malaisie, Sarawak, Maludam N.P., 28\/03\/2025\" class=\"wp-image-24270 lazyload\" style=\"--smush-placeholder-width: 1427px; --smush-placeholder-aspect-ratio: 1427\/1204;width:535px;height:auto\" data-srcset=\"https:\/\/www.meslibellules.fr\/blog\/wp-content\/uploads\/Elattoneura-aurantiaca-femelle-5.webp 1427w, https:\/\/www.meslibellules.fr\/blog\/wp-content\/uploads\/Elattoneura-aurantiaca-femelle-5-768x648.webp 768w\" data-sizes=\"(max-width: 1427px) 100vw, 1427px\" src=\"data:image\/svg+xml;base64,PHN2ZyB3aWR0aD0iMSIgaGVpZ2h0PSIxIiB4bWxucz0iaHR0cDovL3d3dy53My5vcmcvMjAwMC9zdmciPjwvc3ZnPg==\" \/><\/a><figcaption class=\"wp-element-caption\">\u00ab\u00a0Elattoneura\u00a0\u00bb aurantiaca femelle, Malaisie, Sarawak, Maludam N.P., 28\/03\/2025<\/figcaption><\/figure>\n\n\n\n<p><span style=\"text-decoration: underline;\"><strong>\u00c9tymologie<\/strong><\/span><br \/><strong>Elattoneura<\/strong> (4) du grec <em>ellaton<\/em>, pour <em>plus petit,<\/em> et <em>neuron<\/em> qui en entomologie est traduit par <em>nervure dans une aile<\/em>. Ceci en r\u00e9f\u00e9rence \u00e0 la longueur r\u00e9duite d&rsquo;une veine qui fait r\u00e9f\u00e9rence dans la syst\u00e9matique des zygopt\u00e8res.<br \/><strong>Aurantiaca<\/strong>, du latin <em>aurantiacus<\/em> qui signifie <em>orange<\/em>. Selys travaillait sur des sujets de collection, forc\u00e9ment d\u00e9color\u00e9s et il \u00e9crit : \u00ab\u00a0<em>Prothorax orange. Devant du thorax orange-vif, &#8230;<\/em>\u00ab\u00a0<\/p>\n\n\n\n<div style=\"height:31px\" aria-hidden=\"true\" class=\"wp-block-spacer\"><\/div>\n\n\n\n<p>-1 Dow, Butler, Reels, Steinhoff, Stokvis &amp; Unggang,2019 &#8211; <a href=\"https:\/\/dragonflyfund.org\/wp-content\/uploads\/2024\/06\/FSSEAPIO_27_Dow_et_al_2019.pdf\">Faunistic Studies in Southeast Asian and Pacific Island Odonata<\/a> &#8211; Journal of the International Dragonfly Fund &#8211; No. 27.<br>2- Selys, 1886 &#8211; <a href=\"https:\/\/archive.org\/details\/in.ernet.dli.2015.534538\/page\/n177\/mode\/2up\">R\u00e9vision du Synopsis des Agrionines<\/a> &#8211; Premi\u00e8re partie, p. 169.<br>3- A.G. Orr, 2005. Dragonflies of Peninsular Malaysia and Singapore- Natural History Publications (Borneo).<br>4- Dragonflies and Damselflies of Namibia, Frank Suhling &amp; Andreas Martens, Gamsberg Macmillan, 2007<\/p>\n\n\n\n<div style=\"height:55px\" aria-hidden=\"true\" class=\"wp-block-spacer\"><\/div>\n\n\n\n<div class=\"wp-block-buttons is-vertical is-layout-flex wp-container-core-buttons-is-layout-fe9cc265 wp-block-buttons-is-layout-flex\">\n<div class=\"wp-block-button\"><a class=\"wp-block-button__link wp-element-button\" href=\"https:\/\/www.meslibellules.fr\/blog\/odonates-du-sarawak\/\">Accueil Sarawak<\/a><\/div>\n\n\n\n<div class=\"wp-block-button\"><a class=\"wp-block-button__link wp-element-button\" href=\"https:\/\/www.meslibellules.fr\/pagesweb\/divers\/liste-generale-odonates-du-site\/asia-odonates.php\">Listes des Odonates d&rsquo;Asie<\/a><\/div>\n\n\n\n<div class=\"wp-block-button\"><a class=\"wp-block-button__link wp-element-button\" href=\"https:\/\/www.meslibellules.fr\/pagesweb\/divers\/liste-generale-odonates-du-site\/all-odonates.php\">Listes continentales<\/a><\/div>\n<\/div>\n\n\n\n<p><\/p>\n","protected":false},"excerpt":{"rendered":"<p>\u00ab\u00a0Elattoneura\u00a0\u00bb aurantiaca est un Platycnemididae facilement identifiable ; la face est noire, les yeux sont rouges comme le pronotum, la partie dorsale du thorax est noir, les parties lat\u00e9rales rouges, la base du thorax marron clair, comme la face lat\u00e9rale du premier segment, le reste de l&rsquo;abdomen est noir. Je connaissais le genre Elattoneura pour [&hellip;]<\/p>\n","protected":false},"author":1,"featured_media":0,"comment_status":"open","ping_status":"open","sticky":false,"template":"","format":"image","meta":{"site-sidebar-layout":"default","site-content-layout":"","ast-site-content-layout":"default","site-content-style":"default","site-sidebar-style":"default","ast-global-header-display":"","ast-banner-title-visibility":"","ast-main-header-display":"","ast-hfb-above-header-display":"","ast-hfb-below-header-display":"","ast-hfb-mobile-header-display":"","site-post-title":"","ast-breadcrumbs-content":"","ast-featured-img":"","footer-sml-layout":"","ast-disable-related-posts":"","theme-transparent-header-meta":"","adv-header-id-meta":"","stick-header-meta":"","header-above-stick-meta":"","header-main-stick-meta":"","header-below-stick-meta":"","astra-migrate-meta-layouts":"set","ast-page-background-enabled":"default","ast-page-background-meta":{"desktop":{"background-color":"var(--ast-global-color-4)","background-image":"","background-repeat":"repeat","background-position":"center center","background-size":"auto","background-attachment":"scroll","background-type":"","background-media":"","overlay-type":"","overlay-color":"","overlay-opacity":"","overlay-gradient":""},"tablet":{"background-color":"","background-image":"","background-repeat":"repeat","background-position":"center center","background-size":"auto","background-attachment":"scroll","background-type":"","background-media":"","overlay-type":"","overlay-color":"","overlay-opacity":"","overlay-gradient":""},"mobile":{"background-color":"","background-image":"","background-repeat":"repeat","background-position":"center center","background-size":"auto","background-attachment":"scroll","background-type":"","background-media":"","overlay-type":"","overlay-color":"","overlay-opacity":"","overlay-gradient":""}},"ast-content-background-meta":{"desktop":{"background-color":"var(--ast-global-color-5)","background-image":"","background-repeat":"repeat","background-position":"center center","background-size":"auto","background-attachment":"scroll","background-type":"","background-media":"","overlay-type":"","overlay-color":"","overlay-opacity":"","overlay-gradient":""},"tablet":{"background-color":"var(--ast-global-color-5)","background-image":"","background-repeat":"repeat","background-position":"center center","background-size":"auto","background-attachment":"scroll","background-type":"","background-media":"","overlay-type":"","overlay-color":"","overlay-opacity":"","overlay-gradient":""},"mobile":{"background-color":"var(--ast-global-color-5)","background-image":"","background-repeat":"repeat","background-position":"center center","background-size":"auto","background-attachment":"scroll","background-type":"","background-media":"","overlay-type":"","overlay-color":"","overlay-opacity":"","overlay-gradient":""}},"footnotes":""},"categories":[38596,38597],"tags":[],"class_list":["post-24282","post","type-post","status-publish","format-image","hentry","category-borneo-sarawak","category-platycnemididae-borneo-sarawak","post_format-post-format-image"],"yoast_head":"<!-- This site is optimized with the Yoast SEO plugin v27.5 - https:\/\/yoast.com\/product\/yoast-seo-wordpress\/ -->\n<title>Elattoneura aurantiaca - Mes Libellules<\/title>\n<meta name=\"description\" content=\"Elattoneura aurantiaca m\u00e2les et femelles, description, identification, taille, habitat, distribution g\u00e9ographique, \u00e9tymologie\" \/>\n<meta name=\"robots\" content=\"index, follow, max-snippet:-1, max-image-preview:large, max-video-preview:-1\" \/>\n<link rel=\"canonical\" href=\"https:\/\/www.meslibellules.fr\/blog\/2025\/04\/03\/elattoneura-aurantiaca\/\" \/>\n<meta property=\"og:locale\" content=\"fr_FR\" \/>\n<meta property=\"og:type\" content=\"article\" \/>\n<meta property=\"og:title\" content=\"Elattoneura aurantiaca - Mes Libellules\" \/>\n<meta property=\"og:description\" content=\"Elattoneura aurantiaca m\u00e2les et femelles, description, identification, taille, habitat, distribution g\u00e9ographique, \u00e9tymologie\" \/>\n<meta property=\"og:url\" content=\"https:\/\/www.meslibellules.fr\/blog\/2025\/04\/03\/elattoneura-aurantiaca\/\" \/>\n<meta property=\"og:site_name\" content=\"Mes Libellules\" \/>\n<meta property=\"article:publisher\" content=\"https:\/\/www.facebook.com\/benoit.guillon.96\/\" \/>\n<meta property=\"article:author\" content=\"https:\/\/www.facebook.com\/benoit.guillon.96\/\" \/>\n<meta property=\"article:published_time\" content=\"2025-04-03T09:21:55+00:00\" \/>\n<meta property=\"article:modified_time\" content=\"2025-05-19T05:06:08+00:00\" \/>\n<meta property=\"og:image\" content=\"https:\/\/www.meslibellules.fr\/blog\/wp-content\/uploads\/Elattoneura-aurantiaca-male-1-1-scaled.webp\" \/>\n\t<meta property=\"og:image:width\" content=\"2560\" \/>\n\t<meta property=\"og:image:height\" content=\"1425\" \/>\n\t<meta property=\"og:image:type\" content=\"image\/webp\" \/>\n<meta name=\"author\" content=\"Beno\u00eet Guillon\" \/>\n<meta name=\"twitter:card\" content=\"summary_large_image\" \/>\n<meta name=\"twitter:label1\" content=\"\u00c9crit par\" \/>\n\t<meta name=\"twitter:data1\" content=\"Beno\u00eet Guillon\" \/>\n\t<meta name=\"twitter:label2\" content=\"Dur\u00e9e de lecture estim\u00e9e\" \/>\n\t<meta name=\"twitter:data2\" content=\"8 minutes\" \/>\n<script type=\"application\/ld+json\" class=\"yoast-schema-graph\">{\"@context\":\"https:\\\/\\\/schema.org\",\"@graph\":[{\"@type\":\"Article\",\"@id\":\"https:\\\/\\\/www.meslibellules.fr\\\/blog\\\/2025\\\/04\\\/03\\\/elattoneura-aurantiaca\\\/#article\",\"isPartOf\":{\"@id\":\"https:\\\/\\\/www.meslibellules.fr\\\/blog\\\/2025\\\/04\\\/03\\\/elattoneura-aurantiaca\\\/\"},\"author\":{\"name\":\"Beno\u00eet Guillon\",\"@id\":\"https:\\\/\\\/www.meslibellules.fr\\\/blog\\\/#\\\/schema\\\/person\\\/9aa3586f9dd053fcf329f43b8b053c77\"},\"headline\":\"Born\u00e9o &#8211; \u00ab\u00a0Elattoneura\u00a0\u00bb aurantiaca (Selys, 1886)\",\"datePublished\":\"2025-04-03T09:21:55+00:00\",\"dateModified\":\"2025-05-19T05:06:08+00:00\",\"mainEntityOfPage\":{\"@id\":\"https:\\\/\\\/www.meslibellules.fr\\\/blog\\\/2025\\\/04\\\/03\\\/elattoneura-aurantiaca\\\/\"},\"wordCount\":909,\"commentCount\":1,\"publisher\":{\"@id\":\"https:\\\/\\\/www.meslibellules.fr\\\/blog\\\/#\\\/schema\\\/person\\\/9aa3586f9dd053fcf329f43b8b053c77\"},\"image\":{\"@id\":\"https:\\\/\\\/www.meslibellules.fr\\\/blog\\\/2025\\\/04\\\/03\\\/elattoneura-aurantiaca\\\/#primaryimage\"},\"thumbnailUrl\":\"https:\\\/\\\/www.meslibellules.fr\\\/blog\\\/wp-content\\\/uploads\\\/Elattoneura-aurantiaca-male-1-1-scaled.webp\",\"articleSection\":[\"Born\u00e9o -Sarawak\",\"Platycnemididae\"],\"inLanguage\":\"fr-FR\",\"potentialAction\":[{\"@type\":\"CommentAction\",\"name\":\"Comment\",\"target\":[\"https:\\\/\\\/www.meslibellules.fr\\\/blog\\\/2025\\\/04\\\/03\\\/elattoneura-aurantiaca\\\/#respond\"]}]},{\"@type\":\"WebPage\",\"@id\":\"https:\\\/\\\/www.meslibellules.fr\\\/blog\\\/2025\\\/04\\\/03\\\/elattoneura-aurantiaca\\\/\",\"url\":\"https:\\\/\\\/www.meslibellules.fr\\\/blog\\\/2025\\\/04\\\/03\\\/elattoneura-aurantiaca\\\/\",\"name\":\"Elattoneura aurantiaca - Mes Libellules\",\"isPartOf\":{\"@id\":\"https:\\\/\\\/www.meslibellules.fr\\\/blog\\\/#website\"},\"primaryImageOfPage\":{\"@id\":\"https:\\\/\\\/www.meslibellules.fr\\\/blog\\\/2025\\\/04\\\/03\\\/elattoneura-aurantiaca\\\/#primaryimage\"},\"image\":{\"@id\":\"https:\\\/\\\/www.meslibellules.fr\\\/blog\\\/2025\\\/04\\\/03\\\/elattoneura-aurantiaca\\\/#primaryimage\"},\"thumbnailUrl\":\"https:\\\/\\\/www.meslibellules.fr\\\/blog\\\/wp-content\\\/uploads\\\/Elattoneura-aurantiaca-male-1-1-scaled.webp\",\"datePublished\":\"2025-04-03T09:21:55+00:00\",\"dateModified\":\"2025-05-19T05:06:08+00:00\",\"description\":\"Elattoneura aurantiaca m\u00e2les et femelles, description, identification, taille, habitat, distribution g\u00e9ographique, \u00e9tymologie\",\"breadcrumb\":{\"@id\":\"https:\\\/\\\/www.meslibellules.fr\\\/blog\\\/2025\\\/04\\\/03\\\/elattoneura-aurantiaca\\\/#breadcrumb\"},\"inLanguage\":\"fr-FR\",\"potentialAction\":[{\"@type\":\"ReadAction\",\"target\":[\"https:\\\/\\\/www.meslibellules.fr\\\/blog\\\/2025\\\/04\\\/03\\\/elattoneura-aurantiaca\\\/\"]}]},{\"@type\":\"ImageObject\",\"inLanguage\":\"fr-FR\",\"@id\":\"https:\\\/\\\/www.meslibellules.fr\\\/blog\\\/2025\\\/04\\\/03\\\/elattoneura-aurantiaca\\\/#primaryimage\",\"url\":\"https:\\\/\\\/www.meslibellules.fr\\\/blog\\\/wp-content\\\/uploads\\\/Elattoneura-aurantiaca-male-1-1-scaled.webp\",\"contentUrl\":\"https:\\\/\\\/www.meslibellules.fr\\\/blog\\\/wp-content\\\/uploads\\\/Elattoneura-aurantiaca-male-1-1-scaled.webp\"},{\"@type\":\"BreadcrumbList\",\"@id\":\"https:\\\/\\\/www.meslibellules.fr\\\/blog\\\/2025\\\/04\\\/03\\\/elattoneura-aurantiaca\\\/#breadcrumb\",\"itemListElement\":[{\"@type\":\"ListItem\",\"position\":1,\"name\":\"Accueil\",\"item\":\"https:\\\/\\\/www.meslibellules.fr\\\/blog\\\/\"},{\"@type\":\"ListItem\",\"position\":2,\"name\":\"Born\u00e9o &#8211; \u00ab\u00a0Elattoneura\u00a0\u00bb aurantiaca (Selys, 1886)\"}]},{\"@type\":\"WebSite\",\"@id\":\"https:\\\/\\\/www.meslibellules.fr\\\/blog\\\/#website\",\"url\":\"https:\\\/\\\/www.meslibellules.fr\\\/blog\\\/\",\"name\":\"Mes Libellules\",\"description\":\"Pr\u00e9sentation des libellules rencontr\u00e9es dans le monde\",\"publisher\":{\"@id\":\"https:\\\/\\\/www.meslibellules.fr\\\/blog\\\/#\\\/schema\\\/person\\\/9aa3586f9dd053fcf329f43b8b053c77\"},\"potentialAction\":[{\"@type\":\"SearchAction\",\"target\":{\"@type\":\"EntryPoint\",\"urlTemplate\":\"https:\\\/\\\/www.meslibellules.fr\\\/blog\\\/?s={search_term_string}\"},\"query-input\":{\"@type\":\"PropertyValueSpecification\",\"valueRequired\":true,\"valueName\":\"search_term_string\"}}],\"inLanguage\":\"fr-FR\"},{\"@type\":[\"Person\",\"Organization\"],\"@id\":\"https:\\\/\\\/www.meslibellules.fr\\\/blog\\\/#\\\/schema\\\/person\\\/9aa3586f9dd053fcf329f43b8b053c77\",\"name\":\"Beno\u00eet Guillon\",\"image\":{\"@type\":\"ImageObject\",\"inLanguage\":\"fr-FR\",\"@id\":\"https:\\\/\\\/www.meslibellules.fr\\\/blog\\\/wp-content\\\/uploads\\\/cropped-avatar-150-pix.jpg\",\"url\":\"https:\\\/\\\/www.meslibellules.fr\\\/blog\\\/wp-content\\\/uploads\\\/cropped-avatar-150-pix.jpg\",\"contentUrl\":\"https:\\\/\\\/www.meslibellules.fr\\\/blog\\\/wp-content\\\/uploads\\\/cropped-avatar-150-pix.jpg\",\"width\":150,\"height\":137,\"caption\":\"Beno\u00eet Guillon\"},\"logo\":{\"@id\":\"https:\\\/\\\/www.meslibellules.fr\\\/blog\\\/wp-content\\\/uploads\\\/cropped-avatar-150-pix.jpg\"},\"sameAs\":[\"https:\\\/\\\/www.facebook.com\\\/benoit.guillon.96\\\/\"]}]}<\/script>\n<!-- \/ Yoast SEO plugin. -->","yoast_head_json":{"title":"Elattoneura aurantiaca - Mes Libellules","description":"Elattoneura aurantiaca m\u00e2les et femelles, description, identification, taille, habitat, distribution g\u00e9ographique, \u00e9tymologie","robots":{"index":"index","follow":"follow","max-snippet":"max-snippet:-1","max-image-preview":"max-image-preview:large","max-video-preview":"max-video-preview:-1"},"canonical":"https:\/\/www.meslibellules.fr\/blog\/2025\/04\/03\/elattoneura-aurantiaca\/","og_locale":"fr_FR","og_type":"article","og_title":"Elattoneura aurantiaca - Mes Libellules","og_description":"Elattoneura aurantiaca m\u00e2les et femelles, description, identification, taille, habitat, distribution g\u00e9ographique, \u00e9tymologie","og_url":"https:\/\/www.meslibellules.fr\/blog\/2025\/04\/03\/elattoneura-aurantiaca\/","og_site_name":"Mes Libellules","article_publisher":"https:\/\/www.facebook.com\/benoit.guillon.96\/","article_author":"https:\/\/www.facebook.com\/benoit.guillon.96\/","article_published_time":"2025-04-03T09:21:55+00:00","article_modified_time":"2025-05-19T05:06:08+00:00","og_image":[{"width":2560,"height":1425,"url":"https:\/\/www.meslibellules.fr\/blog\/wp-content\/uploads\/Elattoneura-aurantiaca-male-1-1-scaled.webp","type":"image\/webp"}],"author":"Beno\u00eet Guillon","twitter_card":"summary_large_image","twitter_misc":{"\u00c9crit par":"Beno\u00eet Guillon","Dur\u00e9e de lecture estim\u00e9e":"8 minutes"},"schema":{"@context":"https:\/\/schema.org","@graph":[{"@type":"Article","@id":"https:\/\/www.meslibellules.fr\/blog\/2025\/04\/03\/elattoneura-aurantiaca\/#article","isPartOf":{"@id":"https:\/\/www.meslibellules.fr\/blog\/2025\/04\/03\/elattoneura-aurantiaca\/"},"author":{"name":"Beno\u00eet Guillon","@id":"https:\/\/www.meslibellules.fr\/blog\/#\/schema\/person\/9aa3586f9dd053fcf329f43b8b053c77"},"headline":"Born\u00e9o &#8211; \u00ab\u00a0Elattoneura\u00a0\u00bb aurantiaca (Selys, 1886)","datePublished":"2025-04-03T09:21:55+00:00","dateModified":"2025-05-19T05:06:08+00:00","mainEntityOfPage":{"@id":"https:\/\/www.meslibellules.fr\/blog\/2025\/04\/03\/elattoneura-aurantiaca\/"},"wordCount":909,"commentCount":1,"publisher":{"@id":"https:\/\/www.meslibellules.fr\/blog\/#\/schema\/person\/9aa3586f9dd053fcf329f43b8b053c77"},"image":{"@id":"https:\/\/www.meslibellules.fr\/blog\/2025\/04\/03\/elattoneura-aurantiaca\/#primaryimage"},"thumbnailUrl":"https:\/\/www.meslibellules.fr\/blog\/wp-content\/uploads\/Elattoneura-aurantiaca-male-1-1-scaled.webp","articleSection":["Born\u00e9o -Sarawak","Platycnemididae"],"inLanguage":"fr-FR","potentialAction":[{"@type":"CommentAction","name":"Comment","target":["https:\/\/www.meslibellules.fr\/blog\/2025\/04\/03\/elattoneura-aurantiaca\/#respond"]}]},{"@type":"WebPage","@id":"https:\/\/www.meslibellules.fr\/blog\/2025\/04\/03\/elattoneura-aurantiaca\/","url":"https:\/\/www.meslibellules.fr\/blog\/2025\/04\/03\/elattoneura-aurantiaca\/","name":"Elattoneura aurantiaca - Mes Libellules","isPartOf":{"@id":"https:\/\/www.meslibellules.fr\/blog\/#website"},"primaryImageOfPage":{"@id":"https:\/\/www.meslibellules.fr\/blog\/2025\/04\/03\/elattoneura-aurantiaca\/#primaryimage"},"image":{"@id":"https:\/\/www.meslibellules.fr\/blog\/2025\/04\/03\/elattoneura-aurantiaca\/#primaryimage"},"thumbnailUrl":"https:\/\/www.meslibellules.fr\/blog\/wp-content\/uploads\/Elattoneura-aurantiaca-male-1-1-scaled.webp","datePublished":"2025-04-03T09:21:55+00:00","dateModified":"2025-05-19T05:06:08+00:00","description":"Elattoneura aurantiaca m\u00e2les et femelles, description, identification, taille, habitat, distribution g\u00e9ographique, \u00e9tymologie","breadcrumb":{"@id":"https:\/\/www.meslibellules.fr\/blog\/2025\/04\/03\/elattoneura-aurantiaca\/#breadcrumb"},"inLanguage":"fr-FR","potentialAction":[{"@type":"ReadAction","target":["https:\/\/www.meslibellules.fr\/blog\/2025\/04\/03\/elattoneura-aurantiaca\/"]}]},{"@type":"ImageObject","inLanguage":"fr-FR","@id":"https:\/\/www.meslibellules.fr\/blog\/2025\/04\/03\/elattoneura-aurantiaca\/#primaryimage","url":"https:\/\/www.meslibellules.fr\/blog\/wp-content\/uploads\/Elattoneura-aurantiaca-male-1-1-scaled.webp","contentUrl":"https:\/\/www.meslibellules.fr\/blog\/wp-content\/uploads\/Elattoneura-aurantiaca-male-1-1-scaled.webp"},{"@type":"BreadcrumbList","@id":"https:\/\/www.meslibellules.fr\/blog\/2025\/04\/03\/elattoneura-aurantiaca\/#breadcrumb","itemListElement":[{"@type":"ListItem","position":1,"name":"Accueil","item":"https:\/\/www.meslibellules.fr\/blog\/"},{"@type":"ListItem","position":2,"name":"Born\u00e9o &#8211; \u00ab\u00a0Elattoneura\u00a0\u00bb aurantiaca (Selys, 1886)"}]},{"@type":"WebSite","@id":"https:\/\/www.meslibellules.fr\/blog\/#website","url":"https:\/\/www.meslibellules.fr\/blog\/","name":"Mes Libellules","description":"Pr\u00e9sentation des libellules rencontr\u00e9es dans le monde","publisher":{"@id":"https:\/\/www.meslibellules.fr\/blog\/#\/schema\/person\/9aa3586f9dd053fcf329f43b8b053c77"},"potentialAction":[{"@type":"SearchAction","target":{"@type":"EntryPoint","urlTemplate":"https:\/\/www.meslibellules.fr\/blog\/?s={search_term_string}"},"query-input":{"@type":"PropertyValueSpecification","valueRequired":true,"valueName":"search_term_string"}}],"inLanguage":"fr-FR"},{"@type":["Person","Organization"],"@id":"https:\/\/www.meslibellules.fr\/blog\/#\/schema\/person\/9aa3586f9dd053fcf329f43b8b053c77","name":"Beno\u00eet Guillon","image":{"@type":"ImageObject","inLanguage":"fr-FR","@id":"https:\/\/www.meslibellules.fr\/blog\/wp-content\/uploads\/cropped-avatar-150-pix.jpg","url":"https:\/\/www.meslibellules.fr\/blog\/wp-content\/uploads\/cropped-avatar-150-pix.jpg","contentUrl":"https:\/\/www.meslibellules.fr\/blog\/wp-content\/uploads\/cropped-avatar-150-pix.jpg","width":150,"height":137,"caption":"Beno\u00eet Guillon"},"logo":{"@id":"https:\/\/www.meslibellules.fr\/blog\/wp-content\/uploads\/cropped-avatar-150-pix.jpg"},"sameAs":["https:\/\/www.facebook.com\/benoit.guillon.96\/"]}]}},"_links":{"self":[{"href":"https:\/\/www.meslibellules.fr\/blog\/wp-json\/wp\/v2\/posts\/24282","targetHints":{"allow":["GET"]}}],"collection":[{"href":"https:\/\/www.meslibellules.fr\/blog\/wp-json\/wp\/v2\/posts"}],"about":[{"href":"https:\/\/www.meslibellules.fr\/blog\/wp-json\/wp\/v2\/types\/post"}],"author":[{"embeddable":true,"href":"https:\/\/www.meslibellules.fr\/blog\/wp-json\/wp\/v2\/users\/1"}],"replies":[{"embeddable":true,"href":"https:\/\/www.meslibellules.fr\/blog\/wp-json\/wp\/v2\/comments?post=24282"}],"version-history":[{"count":21,"href":"https:\/\/www.meslibellules.fr\/blog\/wp-json\/wp\/v2\/posts\/24282\/revisions"}],"predecessor-version":[{"id":24778,"href":"https:\/\/www.meslibellules.fr\/blog\/wp-json\/wp\/v2\/posts\/24282\/revisions\/24778"}],"wp:attachment":[{"href":"https:\/\/www.meslibellules.fr\/blog\/wp-json\/wp\/v2\/media?parent=24282"}],"wp:term":[{"taxonomy":"category","embeddable":true,"href":"https:\/\/www.meslibellules.fr\/blog\/wp-json\/wp\/v2\/categories?post=24282"},{"taxonomy":"post_tag","embeddable":true,"href":"https:\/\/www.meslibellules.fr\/blog\/wp-json\/wp\/v2\/tags?post=24282"}],"curies":[{"name":"wp","href":"https:\/\/api.w.org\/{rel}","templated":true}]}}