{"id":24789,"date":"2025-05-19T20:20:33","date_gmt":"2025-05-19T18:20:33","guid":{"rendered":"https:\/\/www.meslibellules.fr\/blog\/?p=24789"},"modified":"2025-06-26T05:32:32","modified_gmt":"2025-06-26T03:32:32","slug":"libellago-stictica","status":"publish","type":"post","link":"https:\/\/www.meslibellules.fr\/blog\/2025\/05\/19\/libellago-stictica\/","title":{"rendered":"Born\u00e9o &#8211; Libellago stictica (Selys, 1869)"},"content":{"rendered":"\n<figure class=\"wp-block-image aligncenter size-full is-resized\"><a href=\"https:\/\/www.meslibellules.fr\/blog\/wp-content\/uploads\/Libellago-stictica-male-1-scaled.webp\"><img decoding=\"async\" width=\"2560\" height=\"1489\" data-src=\"https:\/\/www.meslibellules.fr\/blog\/wp-content\/uploads\/Libellago-stictica-male-1-scaled.webp\" alt=\"Libellago stictica m\u00e2le, Sarawak, Rivi\u00e8re Timuoh, Annah Rais Hot Spring, 24\/03\/2025\" class=\"wp-image-24784 lazyload\" style=\"--smush-placeholder-width: 2560px; --smush-placeholder-aspect-ratio: 2560\/1489;width:662px;height:auto\" data-srcset=\"https:\/\/www.meslibellules.fr\/blog\/wp-content\/uploads\/Libellago-stictica-male-1-scaled.webp 2560w, https:\/\/www.meslibellules.fr\/blog\/wp-content\/uploads\/Libellago-stictica-male-1-768x447.webp 768w, https:\/\/www.meslibellules.fr\/blog\/wp-content\/uploads\/Libellago-stictica-male-1-1536x894.webp 1536w, https:\/\/www.meslibellules.fr\/blog\/wp-content\/uploads\/Libellago-stictica-male-1-2048x1192.webp 2048w\" data-sizes=\"(max-width: 2560px) 100vw, 2560px\" src=\"data:image\/svg+xml;base64,PHN2ZyB3aWR0aD0iMSIgaGVpZ2h0PSIxIiB4bWxucz0iaHR0cDovL3d3dy53My5vcmcvMjAwMC9zdmciPjwvc3ZnPg==\" \/><\/a><figcaption class=\"wp-element-caption\">Libellago stictica m\u00e2le, Sarawak, Rivi\u00e8re Timuoh, Annah Rais Hot Spring, 24\/03\/2025<\/figcaption><\/figure>\n\n\n\n<p>Selys a d&rsquo;abord d\u00e9crit Libellago stictica (Chlorocyphidae) comme une <em>race<\/em> suppos\u00e9e de Micromerus stigmatizans,1859 (1), puis comme Micromerus sticticus en 1869 (2). Le genre Micromerus est aujourd&rsquo;hui disparu.<br>C&rsquo;est M.A. Lieftinck qui dans ce document (3), et adh\u00e9rant \u00e0 la proposition de Fraser, a r\u00e9uni tous les Micromerus de Selys dans le genre Libellago.<br>Et Selys ne s&rsquo;\u00e9tait pas tromp\u00e9, Libellago stigmatizans et stictica sont effectivement tr\u00e8s proches, mais si L. stigmatizans n&rsquo;est pas pr\u00e9sent \u00e0 Born\u00e9o, et L. stictica en est end\u00e9mique.<\/p>\n\n\n\n<figure class=\"wp-block-image aligncenter size-full is-resized\"><a href=\"https:\/\/www.meslibellules.fr\/blog\/wp-content\/uploads\/Libellago-stictica-male-2-scaled-e1747639548424.webp\"><img decoding=\"async\" width=\"2560\" height=\"1466\" data-src=\"https:\/\/www.meslibellules.fr\/blog\/wp-content\/uploads\/Libellago-stictica-male-2-scaled-e1747639548424.webp\" alt=\"Libellago stictica m\u00e2le, Sarawak, Rivi\u00e8re Timuoh, Annah Rais Hot Spring, 24\/03\/2025\" class=\"wp-image-24785 lazyload\" style=\"--smush-placeholder-width: 2560px; --smush-placeholder-aspect-ratio: 2560\/1466;width:697px;height:auto\" data-srcset=\"https:\/\/www.meslibellules.fr\/blog\/wp-content\/uploads\/Libellago-stictica-male-2-scaled-e1747639548424.webp 2560w, https:\/\/www.meslibellules.fr\/blog\/wp-content\/uploads\/Libellago-stictica-male-2-scaled-e1747639548424-768x440.webp 768w, https:\/\/www.meslibellules.fr\/blog\/wp-content\/uploads\/Libellago-stictica-male-2-scaled-e1747639548424-1536x880.webp 1536w, https:\/\/www.meslibellules.fr\/blog\/wp-content\/uploads\/Libellago-stictica-male-2-scaled-e1747639548424-2048x1173.webp 2048w\" data-sizes=\"(max-width: 2560px) 100vw, 2560px\" src=\"data:image\/svg+xml;base64,PHN2ZyB3aWR0aD0iMSIgaGVpZ2h0PSIxIiB4bWxucz0iaHR0cDovL3d3dy53My5vcmcvMjAwMC9zdmciPjwvc3ZnPg==\" \/><\/a><figcaption class=\"wp-element-caption\">Libellago stictica m\u00e2le, Sarawak, Rivi\u00e8re Timuoh, Annah Rais Hot Spring, 24\/03\/2025<\/figcaption><\/figure>\n\n\n\n<p>Il est aussi proche de <a href=\"https:\/\/www.meslibellules.fr\/voyages\/vietnam\/libellago-lineata\/libellago-lineata-male-2\/libellago-lineata-male-4big.jpg\">L. lineata<\/a> (ici au Vietnam) et de L. aurantiaca dont l&rsquo;abdomen est aussi orange, mais ces deux esp\u00e8ces ne portent que des lignes jaunes sur le thorax et non cette tache <em>en forme de feuille<\/em> \u00e0 la partie ant\u00e9rieure (4). Il est aussi l\u00e9g\u00e8rement plus grand ; A. G. Orr nous dit que son aile post\u00e9rieure mesure 17 \u00e0 18 mm, aile qui est d&rsquo;ailleurs bien plus longue que l&rsquo;abdomen, une des caract\u00e9ristiques des Chlorocyphidae. L&rsquo;insecte entier est donc tr\u00e8s petit, \u00e0 peine plus de 25 mm.<\/p>\n\n\n\n<div style=\"height:23px\" aria-hidden=\"true\" class=\"wp-block-spacer\"><\/div>\n\n\n\n<div class=\"wp-block-media-text is-stacked-on-mobile\"><figure class=\"wp-block-media-text__media\"><a href=\"https:\/\/www.meslibellules.fr\/blog\/wp-content\/uploads\/Libellago-stictica-male-3.webp\"><img decoding=\"async\" width=\"1085\" height=\"1204\" data-src=\"https:\/\/www.meslibellules.fr\/blog\/wp-content\/uploads\/Libellago-stictica-male-3.webp\" alt=\"Libellago stictica m\u00e2le, Sarawak, Rivi\u00e8re Timuoh, Annah Rais Hot Spring, 24\/03\/2025\" class=\"wp-image-24786 size-full lazyload\" data-srcset=\"https:\/\/www.meslibellules.fr\/blog\/wp-content\/uploads\/Libellago-stictica-male-3.webp 1085w, https:\/\/www.meslibellules.fr\/blog\/wp-content\/uploads\/Libellago-stictica-male-3-768x852.webp 768w\" data-sizes=\"(max-width: 1085px) 100vw, 1085px\" src=\"data:image\/svg+xml;base64,PHN2ZyB3aWR0aD0iMSIgaGVpZ2h0PSIxIiB4bWxucz0iaHR0cDovL3d3dy53My5vcmcvMjAwMC9zdmciPjwvc3ZnPg==\" style=\"--smush-placeholder-width: 1085px; --smush-placeholder-aspect-ratio: 1085\/1204;\" \/><\/a><\/figure><div class=\"wp-block-media-text__content\">\n<p>Entre les ocelles et les antennes, ils portent un dessin complexe et spectaculaire, qui rajoute \u00e0 la singularit\u00e9 de la face.<br>Ils habitent les rivi\u00e8res en for\u00eats, en plaine, et se plaisent \u00e0 \u00e9tablir leur territoire sur les troncs d&rsquo;arbres morts semi-immerg\u00e9s sur lesquels les femelles viennent pondre. Ils sont agressifs avec les autres m\u00e2les et combattent en vol en se faisant face, exhibant \u00e0 la fois la face blanche de leurs pattes ant\u00e9rieures et l&rsquo;extr\u00e9mit\u00e9 color\u00e9e de leurs ailes post\u00e9rieures. A.G. Orr \u00e9crit qu&rsquo;ils sont pr\u00e9sents peu de temps sur les sites de reproduction, \u00e0 peu pr\u00e8s une heure l&rsquo;apr\u00e8s-midi. Les n\u00f4tres \u00e9taient en avance !<\/p>\n\n\n\n<p><span style=\"font-size: 10pt;\">Libellago stictica m\u00e2le, Sarawak, Rivi\u00e8re Timuoh, Annah Rais Hot Spring, 24\/03\/2025<\/span><\/p>\n<\/div><\/div>\n\n\n\n<p>Sur cette  de rivi\u00e8res, ils se partageaient les supports avec Libellago semiopaca, Heliocypha biseriata, Dyspahea dimidiata et Neurobasis longipes. Il est \u00e0 noter que c&rsquo;est notre septi\u00e8me jour de prospection et le premier jour o\u00f9 il ne pleut pas !<\/p>\n\n\n\n<figure class=\"wp-block-image aligncenter size-full is-resized\"><a href=\"https:\/\/www.meslibellules.fr\/blog\/wp-content\/uploads\/24-03-2025-Annah-Rais-Hot-Spring.webp\"><img decoding=\"async\" width=\"1955\" height=\"1204\" data-src=\"https:\/\/www.meslibellules.fr\/blog\/wp-content\/uploads\/24-03-2025-Annah-Rais-Hot-Spring.webp\" alt=\"Annah Rais Hot Spring, Timuoh River, Sarawak, 24\/03\/2025\" class=\"wp-image-24791 lazyload\" style=\"--smush-placeholder-width: 1955px; --smush-placeholder-aspect-ratio: 1955\/1204;width:568px;height:auto\" data-srcset=\"https:\/\/www.meslibellules.fr\/blog\/wp-content\/uploads\/24-03-2025-Annah-Rais-Hot-Spring.webp 1955w, https:\/\/www.meslibellules.fr\/blog\/wp-content\/uploads\/24-03-2025-Annah-Rais-Hot-Spring-768x473.webp 768w, https:\/\/www.meslibellules.fr\/blog\/wp-content\/uploads\/24-03-2025-Annah-Rais-Hot-Spring-1536x946.webp 1536w\" data-sizes=\"(max-width: 1955px) 100vw, 1955px\" src=\"data:image\/svg+xml;base64,PHN2ZyB3aWR0aD0iMSIgaGVpZ2h0PSIxIiB4bWxucz0iaHR0cDovL3d3dy53My5vcmcvMjAwMC9zdmciPjwvc3ZnPg==\" \/><\/a><figcaption class=\"wp-element-caption\">Annah Rais Hot Spring, Timuoh River, Sarawak, 24\/03\/2025 <\/figcaption><\/figure>\n\n\n\n<p>Il est rarement contact\u00e9, il n&rsquo;y avait que trois observations sur<a href=\"https:\/\/www.inaturalist.org\/observations?taxon_id=104568\"> iNaturalist<\/a> avant notre s\u00e9jour.<br>Il est donc end\u00e9mique de Born\u00e9o, avec des donn\u00e9es de Brunei, du Kalimantan mais surtout du Sarawak, o\u00f9 la pression d&rsquo;observation est certainement plus forte.<br><a href=\"https:\/\/www.iucnredlist.org\/species\/163615\/135431454#geographic-range\">IUCN Red List<\/a>.<\/p>\n\n\n\n<figure class=\"wp-block-gallery has-nested-images columns-default is-cropped wp-block-gallery-1 is-layout-flex wp-block-gallery-is-layout-flex\">\n<figure class=\"wp-block-image size-large\"><a href=\"https:\/\/www.meslibellules.fr\/blog\/wp-content\/uploads\/Libellago-stictica-male-5.webp\"><img decoding=\"async\" width=\"1578\" height=\"1204\" data-id=\"24788\" data-src=\"https:\/\/www.meslibellules.fr\/blog\/wp-content\/uploads\/Libellago-stictica-male-5.webp\" alt=\"Libellago stictica m\u00e2le, Sarawak, Rivi\u00e8re Timuoh, Annah Rais Hot Spring, 24\/03\/2025\" class=\"wp-image-24788 lazyload\" data-srcset=\"https:\/\/www.meslibellules.fr\/blog\/wp-content\/uploads\/Libellago-stictica-male-5.webp 1578w, https:\/\/www.meslibellules.fr\/blog\/wp-content\/uploads\/Libellago-stictica-male-5-768x586.webp 768w, https:\/\/www.meslibellules.fr\/blog\/wp-content\/uploads\/Libellago-stictica-male-5-1536x1172.webp 1536w\" data-sizes=\"(max-width: 1578px) 100vw, 1578px\" src=\"data:image\/svg+xml;base64,PHN2ZyB3aWR0aD0iMSIgaGVpZ2h0PSIxIiB4bWxucz0iaHR0cDovL3d3dy53My5vcmcvMjAwMC9zdmciPjwvc3ZnPg==\" style=\"--smush-placeholder-width: 1578px; --smush-placeholder-aspect-ratio: 1578\/1204;\" \/><\/a><\/figure>\n\n\n\n<figure class=\"wp-block-image size-large\"><a href=\"https:\/\/www.meslibellules.fr\/blog\/wp-content\/uploads\/Libellago-stictica-male-4.webp\"><img decoding=\"async\" width=\"2366\" height=\"1504\" data-id=\"24787\" data-src=\"https:\/\/www.meslibellules.fr\/blog\/wp-content\/uploads\/Libellago-stictica-male-4.webp\" alt=\"Libellago stictica m\u00e2le, Sarawak, Rivi\u00e8re Timuoh, Annah Rais Hot Spring, 24\/03\/2025\" class=\"wp-image-24787 lazyload\" data-srcset=\"https:\/\/www.meslibellules.fr\/blog\/wp-content\/uploads\/Libellago-stictica-male-4.webp 2366w, https:\/\/www.meslibellules.fr\/blog\/wp-content\/uploads\/Libellago-stictica-male-4-768x488.webp 768w, https:\/\/www.meslibellules.fr\/blog\/wp-content\/uploads\/Libellago-stictica-male-4-1536x976.webp 1536w, https:\/\/www.meslibellules.fr\/blog\/wp-content\/uploads\/Libellago-stictica-male-4-2048x1302.webp 2048w\" data-sizes=\"(max-width: 2366px) 100vw, 2366px\" src=\"data:image\/svg+xml;base64,PHN2ZyB3aWR0aD0iMSIgaGVpZ2h0PSIxIiB4bWxucz0iaHR0cDovL3d3dy53My5vcmcvMjAwMC9zdmciPjwvc3ZnPg==\" style=\"--smush-placeholder-width: 2366px; --smush-placeholder-aspect-ratio: 2366\/1504;\" \/><\/a><\/figure>\n<figcaption class=\"blocks-gallery-caption wp-element-caption\">Libellago stictica m\u00e2le, Sarawak, Rivi\u00e8re Timuoh, Annah Rais Hot Spring, 24\/03\/2025<\/figcaption><\/figure>\n\n\n\n<p>Les femelles occup\u00e9es \u00e0 pondre sur les bois morts se laissent approcher plus facilement que les m\u00e2les ; elles ins\u00e8rent leurs \u0153ufs dans le bois en voie de d\u00e9composition, dans les parties immerg\u00e9es de celui-ci, r\u00e9sistant au courant sensible.<\/p>\n\n\n\n<figure class=\"wp-block-image aligncenter size-full is-resized\"><a href=\"https:\/\/www.meslibellules.fr\/blog\/wp-content\/uploads\/Libellago-stictica-femelle-2.webp\"><img decoding=\"async\" width=\"2528\" height=\"1504\" data-src=\"https:\/\/www.meslibellules.fr\/blog\/wp-content\/uploads\/Libellago-stictica-femelle-2.webp\" alt=\"Libellago stictica femelle, Sarawak, Rivi\u00e8re Timuoh, Annah Rais Hot Spring, 24\/03\/2025\" class=\"wp-image-24783 lazyload\" style=\"--smush-placeholder-width: 2528px; --smush-placeholder-aspect-ratio: 2528\/1504;width:594px;height:auto\" data-srcset=\"https:\/\/www.meslibellules.fr\/blog\/wp-content\/uploads\/Libellago-stictica-femelle-2.webp 2528w, https:\/\/www.meslibellules.fr\/blog\/wp-content\/uploads\/Libellago-stictica-femelle-2-768x457.webp 768w, https:\/\/www.meslibellules.fr\/blog\/wp-content\/uploads\/Libellago-stictica-femelle-2-1536x914.webp 1536w, https:\/\/www.meslibellules.fr\/blog\/wp-content\/uploads\/Libellago-stictica-femelle-2-2048x1218.webp 2048w\" data-sizes=\"(max-width: 2528px) 100vw, 2528px\" src=\"data:image\/svg+xml;base64,PHN2ZyB3aWR0aD0iMSIgaGVpZ2h0PSIxIiB4bWxucz0iaHR0cDovL3d3dy53My5vcmcvMjAwMC9zdmciPjwvc3ZnPg==\" \/><\/a><figcaption class=\"wp-element-caption\">Libellago stictica femelle, Sarawak, Rivi\u00e8re Timuoh, Annah Rais Hot Spring, 24\/03\/2025<\/figcaption><\/figure>\n\n\n\n<p>Elles sont tr\u00e8s spectaculaires avec leur abdomen massif. Noter qu&rsquo;elle ne pr\u00e9sente pas le d\u00e9cor en forme de feuille sur le thorax, mais l&rsquo;identification \u00e9tait sans probl\u00e8me, car les m\u00e2les se posaient sans cesse juste \u00e0 leurs c\u00f4t\u00e9s.<\/p>\n\n\n\n<figure class=\"wp-block-image aligncenter size-full is-resized\"><a href=\"https:\/\/www.meslibellules.fr\/blog\/wp-content\/uploads\/Libellago-stictica-femelle-1.webp\"><img decoding=\"async\" width=\"2330\" height=\"1504\" data-src=\"https:\/\/www.meslibellules.fr\/blog\/wp-content\/uploads\/Libellago-stictica-femelle-1.webp\" alt=\"Libellago stictica femelle, Sarawak, Rivi\u00e8re Timuoh, Annah Rais Hot Spring, 24\/03\/2025\" class=\"wp-image-24782 lazyload\" style=\"--smush-placeholder-width: 2330px; --smush-placeholder-aspect-ratio: 2330\/1504;width:592px;height:auto\" data-srcset=\"https:\/\/www.meslibellules.fr\/blog\/wp-content\/uploads\/Libellago-stictica-femelle-1.webp 2330w, https:\/\/www.meslibellules.fr\/blog\/wp-content\/uploads\/Libellago-stictica-femelle-1-768x496.webp 768w, https:\/\/www.meslibellules.fr\/blog\/wp-content\/uploads\/Libellago-stictica-femelle-1-1536x991.webp 1536w, https:\/\/www.meslibellules.fr\/blog\/wp-content\/uploads\/Libellago-stictica-femelle-1-2048x1322.webp 2048w\" data-sizes=\"(max-width: 2330px) 100vw, 2330px\" src=\"data:image\/svg+xml;base64,PHN2ZyB3aWR0aD0iMSIgaGVpZ2h0PSIxIiB4bWxucz0iaHR0cDovL3d3dy53My5vcmcvMjAwMC9zdmciPjwvc3ZnPg==\" \/><\/a><figcaption class=\"wp-element-caption\">Libellago stictica femelle, Sarawak, Rivi\u00e8re Timuoh, Annah Rais Hot Spring, 24\/03\/2025<\/figcaption><\/figure>\n\n\n\n<p><strong><span style=\"text-decoration: underline;\">\u00c9tymologie<\/span><\/strong> <br \/><strong>Libellago<\/strong> ; le genre a \u00e9t\u00e9 cr\u00e9\u00e9 par Selys en 1840 et on pense (5) qu&rsquo;il est form\u00e9 du latin <em>libellula<\/em> pour libellule et de &#8211;<em>ago<\/em>, suffixe d\u00e9riv\u00e9 de <a href=\"https:\/\/www.cnrtl.fr\/etymologie\/virago\">virago, qui, en latin, signifie<\/a> \u00ab\u00a0femme forte et courageuse comme un homme\u00a0\u00bb et donc \u00e9ventuellement h\u00e9ro\u00efne. C&rsquo;est l&rsquo;explication donn\u00e9e par Ngiam et Ng, mais ne faut-il pas simplement s&rsquo;arr\u00eater au sens du suffixe -ago en latin (6) qui signifie conduire, dans le sens de diriger. Pourquoi Selys donne-t-il cette qualit\u00e9 \u00e0 ce genre est un myst\u00e8re, car quel que soit le comportement de cet odonate sur le terrain, Selys ne l&rsquo;a jamais vu vivant ?<br \/><strong>Stictica<\/strong>, du grec\u00a0<em>stiktos<\/em>\u00a0pour\u00a0<em>marqu\u00e9, tatou\u00e9<\/em> ; Selys, dans son \u00ab\u00a0Additions au Synopsis des Calopterygines\u00a0\u00bb \u00e9crit : \u00ab\u00a0Race ? Un exemplaire de Born\u00e9o (m\u00eame collection) a des taches jaunes aux 6\u00b0 et 7\u00b0 segments, et les bandes lat\u00e9rales jaunes du thorax sont maculaires. Si c\u2019est une esp\u00e8ce, je le nommerai Micromerus sticticus.\u00a0\u00bb Il s&rsquo;agit d&rsquo;un paragraphe de l&rsquo;article dans lequel il d\u00e9crit L. stigmatizans et il note que ce sujet en diff\u00e8re par des taches jaunes, qui sont certainement \u00e0 l&rsquo;origine du nom d&rsquo;esp\u00e8ce. <br \/><br \/>\u00c0 noter que ce nom d&rsquo;esp\u00e8ce est \u00e9galement donn\u00e9 \u00e0 un <a href=\"https:\/\/www.meslibellules.fr\/blog\/2020\/10\/09\/trithemis-stictica\/\" target=\"_blank\" rel=\"noreferrer noopener\">Trithemis<\/a> (Libellulidae) que j&rsquo;ai rencontr\u00e9 en Namibie. Mais aussi \u00e0 un Pericnemis (Coenagrionidae) et un Phyllopetalia (Austropetaliidae) !<br \/><br \/>Ci-dessous, on aper\u00e7oit, sous l&rsquo;ovipositeur, le stylet qui perfore le bois en d\u00e9composition.<\/p>\n\n\n\n<figure class=\"wp-block-image aligncenter size-full is-resized\"><a href=\"https:\/\/www.meslibellules.fr\/blog\/wp-content\/uploads\/Libellago-stictica-femelle-3.webp\"><img decoding=\"async\" width=\"1926\" height=\"1204\" data-src=\"https:\/\/www.meslibellules.fr\/blog\/wp-content\/uploads\/Libellago-stictica-femelle-3.webp\" alt=\"Libellago stictica femelle, Sarawak, Rivi\u00e8re Timuoh, Annah Rais Hot Spring, 24\/03\/2025\" class=\"wp-image-24795 lazyload\" style=\"--smush-placeholder-width: 1926px; --smush-placeholder-aspect-ratio: 1926\/1204;width:656px;height:auto\" data-srcset=\"https:\/\/www.meslibellules.fr\/blog\/wp-content\/uploads\/Libellago-stictica-femelle-3.webp 1926w, https:\/\/www.meslibellules.fr\/blog\/wp-content\/uploads\/Libellago-stictica-femelle-3-768x480.webp 768w, https:\/\/www.meslibellules.fr\/blog\/wp-content\/uploads\/Libellago-stictica-femelle-3-1536x960.webp 1536w\" data-sizes=\"(max-width: 1926px) 100vw, 1926px\" src=\"data:image\/svg+xml;base64,PHN2ZyB3aWR0aD0iMSIgaGVpZ2h0PSIxIiB4bWxucz0iaHR0cDovL3d3dy53My5vcmcvMjAwMC9zdmciPjwvc3ZnPg==\" \/><\/a><figcaption class=\"wp-element-caption\">Libellago stictica femelle, Sarawak, Rivi\u00e8re Timuoh, Annah Rais Hot Spring, 24\/03\/2025<\/figcaption><\/figure>\n\n\n\n<div style=\"height:30px\" aria-hidden=\"true\" class=\"wp-block-spacer\"><\/div>\n\n\n\n<p style=\"font-size:13px\">1- Selys, 1859 &#8211; <a href=\"https:\/\/www.biodiversitylibrary.org\/page\/36942372#page\/466\/mode\/1up\">Addition au Synopsis des Calopterygines<\/a>. Bulletins de l&rsquo;Acad\u00e9mie royale des sciences, des lettres et<br>des beaux-arts de Belgique. P. 448.<br>2- Selys, 1869 &#8211; <a href=\"https:\/\/www.biodiversitylibrary.org\/item\/28490#page\/688\/mode\/1up\">Secondes additions au Synopsis des Calopterygines<\/a> &#8211; Bulletins de l&rsquo;Acad\u00e9mie royale des sciences, des lettres et<br>des beaux-arts de Belgique<strong>.<\/strong> P. 665<br>3- Lieftinck, 1932 &#8211; <a href=\"https:\/\/www.zobodat.at\/pdf\/KON_11_0001-0011.pdf\">Notes on the Genus Libellago Selys, with Descriptions of two new species (Odon.)<\/a> &#8211; Konovia : Vienne. <br>4- A Guide to the Dragonflies of Borneo, their identification and biology. A.G. Orr, Natural History Publication (Borneo) \u2013 2003.<br>5- Robin Ngiam &amp; Marcus Ng &#8211; A photographic guide to the Dragonflies and Damselflies of Singapore &#8211; John Beaufoy Publishing \u2013 2022<br>6- Dictionary of Word Roots and Combining Form, compiled from the Greek, Latin and other languages with special reference to biological terms and scientific names, Donald J. Borror, 1960.<\/p>\n\n\n\n<div style=\"height:28px\" aria-hidden=\"true\" class=\"wp-block-spacer\"><\/div>\n\n\n\n<div class=\"wp-block-buttons is-vertical is-layout-flex wp-container-core-buttons-is-layout-fe9cc265 wp-block-buttons-is-layout-flex\">\n<div class=\"wp-block-button\"><a class=\"wp-block-button__link wp-element-button\" href=\"https:\/\/www.meslibellules.fr\/blog\/odonates-du-sarawak\/\">Accueil Sarawak<\/a><\/div>\n\n\n\n<div class=\"wp-block-button\"><a class=\"wp-block-button__link wp-element-button\" href=\"https:\/\/www.meslibellules.fr\/pagesweb\/divers\/liste-generale-odonates-du-site\/asia-odonates.php\">Listes des Odonates d&rsquo;Asie<\/a><\/div>\n\n\n\n<div class=\"wp-block-button\"><a class=\"wp-block-button__link wp-element-button\" href=\"https:\/\/www.meslibellules.fr\/pagesweb\/divers\/liste-generale-odonates-du-site\/all-odonates.php\">Listes continentales<\/a><\/div>\n<\/div>\n\n\n\n<div style=\"height:32px\" aria-hidden=\"true\" class=\"wp-block-spacer\"><\/div>\n","protected":false},"excerpt":{"rendered":"<p>Selys a d&rsquo;abord d\u00e9crit Libellago stictica (Chlorocyphidae) comme une race suppos\u00e9e de Micromerus stigmatizans,1859 (1), puis comme Micromerus sticticus en 1869 (2). Le genre Micromerus est aujourd&rsquo;hui disparu.C&rsquo;est M.A. Lieftinck qui dans ce document (3), et adh\u00e9rant \u00e0 la proposition de Fraser, a r\u00e9uni tous les Micromerus de Selys dans le genre Libellago.Et Selys ne [&hellip;]<\/p>\n","protected":false},"author":1,"featured_media":0,"comment_status":"open","ping_status":"open","sticky":false,"template":"","format":"image","meta":{"site-sidebar-layout":"default","site-content-layout":"","ast-site-content-layout":"default","site-content-style":"default","site-sidebar-style":"default","ast-global-header-display":"","ast-banner-title-visibility":"","ast-main-header-display":"","ast-hfb-above-header-display":"","ast-hfb-below-header-display":"","ast-hfb-mobile-header-display":"","site-post-title":"","ast-breadcrumbs-content":"","ast-featured-img":"","footer-sml-layout":"","ast-disable-related-posts":"","theme-transparent-header-meta":"","adv-header-id-meta":"","stick-header-meta":"","header-above-stick-meta":"","header-main-stick-meta":"","header-below-stick-meta":"","astra-migrate-meta-layouts":"set","ast-page-background-enabled":"default","ast-page-background-meta":{"desktop":{"background-color":"var(--ast-global-color-4)","background-image":"","background-repeat":"repeat","background-position":"center center","background-size":"auto","background-attachment":"scroll","background-type":"","background-media":"","overlay-type":"","overlay-color":"","overlay-opacity":"","overlay-gradient":""},"tablet":{"background-color":"","background-image":"","background-repeat":"repeat","background-position":"center center","background-size":"auto","background-attachment":"scroll","background-type":"","background-media":"","overlay-type":"","overlay-color":"","overlay-opacity":"","overlay-gradient":""},"mobile":{"background-color":"","background-image":"","background-repeat":"repeat","background-position":"center center","background-size":"auto","background-attachment":"scroll","background-type":"","background-media":"","overlay-type":"","overlay-color":"","overlay-opacity":"","overlay-gradient":""}},"ast-content-background-meta":{"desktop":{"background-color":"var(--ast-global-color-5)","background-image":"","background-repeat":"repeat","background-position":"center center","background-size":"auto","background-attachment":"scroll","background-type":"","background-media":"","overlay-type":"","overlay-color":"","overlay-opacity":"","overlay-gradient":""},"tablet":{"background-color":"var(--ast-global-color-5)","background-image":"","background-repeat":"repeat","background-position":"center center","background-size":"auto","background-attachment":"scroll","background-type":"","background-media":"","overlay-type":"","overlay-color":"","overlay-opacity":"","overlay-gradient":""},"mobile":{"background-color":"var(--ast-global-color-5)","background-image":"","background-repeat":"repeat","background-position":"center center","background-size":"auto","background-attachment":"scroll","background-type":"","background-media":"","overlay-type":"","overlay-color":"","overlay-opacity":"","overlay-gradient":""}},"footnotes":""},"categories":[38596,38619],"tags":[38599,38620],"class_list":["post-24789","post","type-post","status-publish","format-image","hentry","category-borneo-sarawak","category-chlorocyphidae-borneo-sarawak","tag-borneo-sarawak","tag-chlorocyphidae-borneo","post_format-post-format-image"],"yoast_head":"<!-- This site is optimized with the Yoast SEO plugin v27.5 - https:\/\/yoast.com\/product\/yoast-seo-wordpress\/ -->\n<title>Libellago stictica - Mes Libellules<\/title>\n<meta name=\"description\" content=\"Libellago stictica m\u00e2le et femelle au Sarawak, description, identification, taille, habitat, distribution g\u00e9ographique, \u00e9tymologie\" \/>\n<meta name=\"robots\" content=\"index, follow, max-snippet:-1, max-image-preview:large, max-video-preview:-1\" \/>\n<link rel=\"canonical\" href=\"https:\/\/www.meslibellules.fr\/blog\/2025\/05\/19\/libellago-stictica\/\" \/>\n<meta property=\"og:locale\" content=\"fr_FR\" \/>\n<meta property=\"og:type\" content=\"article\" \/>\n<meta property=\"og:title\" content=\"Libellago stictica - Mes Libellules\" \/>\n<meta property=\"og:description\" content=\"Libellago stictica m\u00e2le et femelle au Sarawak, description, identification, taille, habitat, distribution g\u00e9ographique, \u00e9tymologie\" \/>\n<meta property=\"og:url\" content=\"https:\/\/www.meslibellules.fr\/blog\/2025\/05\/19\/libellago-stictica\/\" \/>\n<meta property=\"og:site_name\" content=\"Mes Libellules\" \/>\n<meta property=\"article:publisher\" content=\"https:\/\/www.facebook.com\/benoit.guillon.96\/\" \/>\n<meta property=\"article:author\" content=\"https:\/\/www.facebook.com\/benoit.guillon.96\/\" \/>\n<meta property=\"article:published_time\" content=\"2025-05-19T18:20:33+00:00\" \/>\n<meta property=\"article:modified_time\" content=\"2025-06-26T03:32:32+00:00\" \/>\n<meta property=\"og:image\" content=\"https:\/\/www.meslibellules.fr\/blog\/wp-content\/uploads\/Libellago-stictica-male-1-scaled.webp\" \/>\n\t<meta property=\"og:image:width\" content=\"2560\" \/>\n\t<meta property=\"og:image:height\" content=\"1489\" \/>\n\t<meta property=\"og:image:type\" content=\"image\/webp\" \/>\n<meta name=\"author\" content=\"Beno\u00eet Guillon\" \/>\n<meta name=\"twitter:card\" content=\"summary_large_image\" \/>\n<meta name=\"twitter:label1\" content=\"\u00c9crit par\" \/>\n\t<meta name=\"twitter:data1\" content=\"Beno\u00eet Guillon\" \/>\n\t<meta name=\"twitter:label2\" content=\"Dur\u00e9e de lecture estim\u00e9e\" \/>\n\t<meta name=\"twitter:data2\" content=\"7 minutes\" \/>\n<script type=\"application\/ld+json\" class=\"yoast-schema-graph\">{\"@context\":\"https:\\\/\\\/schema.org\",\"@graph\":[{\"@type\":\"Article\",\"@id\":\"https:\\\/\\\/www.meslibellules.fr\\\/blog\\\/2025\\\/05\\\/19\\\/libellago-stictica\\\/#article\",\"isPartOf\":{\"@id\":\"https:\\\/\\\/www.meslibellules.fr\\\/blog\\\/2025\\\/05\\\/19\\\/libellago-stictica\\\/\"},\"author\":{\"name\":\"Beno\u00eet Guillon\",\"@id\":\"https:\\\/\\\/www.meslibellules.fr\\\/blog\\\/#\\\/schema\\\/person\\\/9aa3586f9dd053fcf329f43b8b053c77\"},\"headline\":\"Born\u00e9o &#8211; Libellago stictica (Selys, 1869)\",\"datePublished\":\"2025-05-19T18:20:33+00:00\",\"dateModified\":\"2025-06-26T03:32:32+00:00\",\"mainEntityOfPage\":{\"@id\":\"https:\\\/\\\/www.meslibellules.fr\\\/blog\\\/2025\\\/05\\\/19\\\/libellago-stictica\\\/\"},\"wordCount\":959,\"commentCount\":0,\"publisher\":{\"@id\":\"https:\\\/\\\/www.meslibellules.fr\\\/blog\\\/#\\\/schema\\\/person\\\/9aa3586f9dd053fcf329f43b8b053c77\"},\"image\":{\"@id\":\"https:\\\/\\\/www.meslibellules.fr\\\/blog\\\/2025\\\/05\\\/19\\\/libellago-stictica\\\/#primaryimage\"},\"thumbnailUrl\":\"https:\\\/\\\/www.meslibellules.fr\\\/blog\\\/wp-content\\\/uploads\\\/Libellago-stictica-male-1-scaled.webp\",\"keywords\":[\"Born\u00e9o - Sarawak\",\"Chlorocyphidae - Born\u00e9o\"],\"articleSection\":[\"Born\u00e9o -Sarawak\",\"Chlorocyphidae\"],\"inLanguage\":\"fr-FR\",\"potentialAction\":[{\"@type\":\"CommentAction\",\"name\":\"Comment\",\"target\":[\"https:\\\/\\\/www.meslibellules.fr\\\/blog\\\/2025\\\/05\\\/19\\\/libellago-stictica\\\/#respond\"]}]},{\"@type\":\"WebPage\",\"@id\":\"https:\\\/\\\/www.meslibellules.fr\\\/blog\\\/2025\\\/05\\\/19\\\/libellago-stictica\\\/\",\"url\":\"https:\\\/\\\/www.meslibellules.fr\\\/blog\\\/2025\\\/05\\\/19\\\/libellago-stictica\\\/\",\"name\":\"Libellago stictica - Mes Libellules\",\"isPartOf\":{\"@id\":\"https:\\\/\\\/www.meslibellules.fr\\\/blog\\\/#website\"},\"primaryImageOfPage\":{\"@id\":\"https:\\\/\\\/www.meslibellules.fr\\\/blog\\\/2025\\\/05\\\/19\\\/libellago-stictica\\\/#primaryimage\"},\"image\":{\"@id\":\"https:\\\/\\\/www.meslibellules.fr\\\/blog\\\/2025\\\/05\\\/19\\\/libellago-stictica\\\/#primaryimage\"},\"thumbnailUrl\":\"https:\\\/\\\/www.meslibellules.fr\\\/blog\\\/wp-content\\\/uploads\\\/Libellago-stictica-male-1-scaled.webp\",\"datePublished\":\"2025-05-19T18:20:33+00:00\",\"dateModified\":\"2025-06-26T03:32:32+00:00\",\"description\":\"Libellago stictica m\u00e2le et femelle au Sarawak, description, identification, taille, habitat, distribution g\u00e9ographique, \u00e9tymologie\",\"breadcrumb\":{\"@id\":\"https:\\\/\\\/www.meslibellules.fr\\\/blog\\\/2025\\\/05\\\/19\\\/libellago-stictica\\\/#breadcrumb\"},\"inLanguage\":\"fr-FR\",\"potentialAction\":[{\"@type\":\"ReadAction\",\"target\":[\"https:\\\/\\\/www.meslibellules.fr\\\/blog\\\/2025\\\/05\\\/19\\\/libellago-stictica\\\/\"]}]},{\"@type\":\"ImageObject\",\"inLanguage\":\"fr-FR\",\"@id\":\"https:\\\/\\\/www.meslibellules.fr\\\/blog\\\/2025\\\/05\\\/19\\\/libellago-stictica\\\/#primaryimage\",\"url\":\"https:\\\/\\\/www.meslibellules.fr\\\/blog\\\/wp-content\\\/uploads\\\/Libellago-stictica-male-1-scaled.webp\",\"contentUrl\":\"https:\\\/\\\/www.meslibellules.fr\\\/blog\\\/wp-content\\\/uploads\\\/Libellago-stictica-male-1-scaled.webp\"},{\"@type\":\"BreadcrumbList\",\"@id\":\"https:\\\/\\\/www.meslibellules.fr\\\/blog\\\/2025\\\/05\\\/19\\\/libellago-stictica\\\/#breadcrumb\",\"itemListElement\":[{\"@type\":\"ListItem\",\"position\":1,\"name\":\"Accueil\",\"item\":\"https:\\\/\\\/www.meslibellules.fr\\\/blog\\\/\"},{\"@type\":\"ListItem\",\"position\":2,\"name\":\"Born\u00e9o &#8211; Libellago stictica (Selys, 1869)\"}]},{\"@type\":\"WebSite\",\"@id\":\"https:\\\/\\\/www.meslibellules.fr\\\/blog\\\/#website\",\"url\":\"https:\\\/\\\/www.meslibellules.fr\\\/blog\\\/\",\"name\":\"Mes Libellules\",\"description\":\"Pr\u00e9sentation des libellules rencontr\u00e9es dans le monde\",\"publisher\":{\"@id\":\"https:\\\/\\\/www.meslibellules.fr\\\/blog\\\/#\\\/schema\\\/person\\\/9aa3586f9dd053fcf329f43b8b053c77\"},\"potentialAction\":[{\"@type\":\"SearchAction\",\"target\":{\"@type\":\"EntryPoint\",\"urlTemplate\":\"https:\\\/\\\/www.meslibellules.fr\\\/blog\\\/?s={search_term_string}\"},\"query-input\":{\"@type\":\"PropertyValueSpecification\",\"valueRequired\":true,\"valueName\":\"search_term_string\"}}],\"inLanguage\":\"fr-FR\"},{\"@type\":[\"Person\",\"Organization\"],\"@id\":\"https:\\\/\\\/www.meslibellules.fr\\\/blog\\\/#\\\/schema\\\/person\\\/9aa3586f9dd053fcf329f43b8b053c77\",\"name\":\"Beno\u00eet Guillon\",\"image\":{\"@type\":\"ImageObject\",\"inLanguage\":\"fr-FR\",\"@id\":\"https:\\\/\\\/www.meslibellules.fr\\\/blog\\\/wp-content\\\/uploads\\\/cropped-avatar-150-pix.jpg\",\"url\":\"https:\\\/\\\/www.meslibellules.fr\\\/blog\\\/wp-content\\\/uploads\\\/cropped-avatar-150-pix.jpg\",\"contentUrl\":\"https:\\\/\\\/www.meslibellules.fr\\\/blog\\\/wp-content\\\/uploads\\\/cropped-avatar-150-pix.jpg\",\"width\":150,\"height\":137,\"caption\":\"Beno\u00eet Guillon\"},\"logo\":{\"@id\":\"https:\\\/\\\/www.meslibellules.fr\\\/blog\\\/wp-content\\\/uploads\\\/cropped-avatar-150-pix.jpg\"},\"sameAs\":[\"https:\\\/\\\/www.facebook.com\\\/benoit.guillon.96\\\/\"]}]}<\/script>\n<!-- \/ Yoast SEO plugin. -->","yoast_head_json":{"title":"Libellago stictica - Mes Libellules","description":"Libellago stictica m\u00e2le et femelle au Sarawak, description, identification, taille, habitat, distribution g\u00e9ographique, \u00e9tymologie","robots":{"index":"index","follow":"follow","max-snippet":"max-snippet:-1","max-image-preview":"max-image-preview:large","max-video-preview":"max-video-preview:-1"},"canonical":"https:\/\/www.meslibellules.fr\/blog\/2025\/05\/19\/libellago-stictica\/","og_locale":"fr_FR","og_type":"article","og_title":"Libellago stictica - Mes Libellules","og_description":"Libellago stictica m\u00e2le et femelle au Sarawak, description, identification, taille, habitat, distribution g\u00e9ographique, \u00e9tymologie","og_url":"https:\/\/www.meslibellules.fr\/blog\/2025\/05\/19\/libellago-stictica\/","og_site_name":"Mes Libellules","article_publisher":"https:\/\/www.facebook.com\/benoit.guillon.96\/","article_author":"https:\/\/www.facebook.com\/benoit.guillon.96\/","article_published_time":"2025-05-19T18:20:33+00:00","article_modified_time":"2025-06-26T03:32:32+00:00","og_image":[{"width":2560,"height":1489,"url":"https:\/\/www.meslibellules.fr\/blog\/wp-content\/uploads\/Libellago-stictica-male-1-scaled.webp","type":"image\/webp"}],"author":"Beno\u00eet Guillon","twitter_card":"summary_large_image","twitter_misc":{"\u00c9crit par":"Beno\u00eet Guillon","Dur\u00e9e de lecture estim\u00e9e":"7 minutes"},"schema":{"@context":"https:\/\/schema.org","@graph":[{"@type":"Article","@id":"https:\/\/www.meslibellules.fr\/blog\/2025\/05\/19\/libellago-stictica\/#article","isPartOf":{"@id":"https:\/\/www.meslibellules.fr\/blog\/2025\/05\/19\/libellago-stictica\/"},"author":{"name":"Beno\u00eet Guillon","@id":"https:\/\/www.meslibellules.fr\/blog\/#\/schema\/person\/9aa3586f9dd053fcf329f43b8b053c77"},"headline":"Born\u00e9o &#8211; Libellago stictica (Selys, 1869)","datePublished":"2025-05-19T18:20:33+00:00","dateModified":"2025-06-26T03:32:32+00:00","mainEntityOfPage":{"@id":"https:\/\/www.meslibellules.fr\/blog\/2025\/05\/19\/libellago-stictica\/"},"wordCount":959,"commentCount":0,"publisher":{"@id":"https:\/\/www.meslibellules.fr\/blog\/#\/schema\/person\/9aa3586f9dd053fcf329f43b8b053c77"},"image":{"@id":"https:\/\/www.meslibellules.fr\/blog\/2025\/05\/19\/libellago-stictica\/#primaryimage"},"thumbnailUrl":"https:\/\/www.meslibellules.fr\/blog\/wp-content\/uploads\/Libellago-stictica-male-1-scaled.webp","keywords":["Born\u00e9o - Sarawak","Chlorocyphidae - Born\u00e9o"],"articleSection":["Born\u00e9o -Sarawak","Chlorocyphidae"],"inLanguage":"fr-FR","potentialAction":[{"@type":"CommentAction","name":"Comment","target":["https:\/\/www.meslibellules.fr\/blog\/2025\/05\/19\/libellago-stictica\/#respond"]}]},{"@type":"WebPage","@id":"https:\/\/www.meslibellules.fr\/blog\/2025\/05\/19\/libellago-stictica\/","url":"https:\/\/www.meslibellules.fr\/blog\/2025\/05\/19\/libellago-stictica\/","name":"Libellago stictica - Mes Libellules","isPartOf":{"@id":"https:\/\/www.meslibellules.fr\/blog\/#website"},"primaryImageOfPage":{"@id":"https:\/\/www.meslibellules.fr\/blog\/2025\/05\/19\/libellago-stictica\/#primaryimage"},"image":{"@id":"https:\/\/www.meslibellules.fr\/blog\/2025\/05\/19\/libellago-stictica\/#primaryimage"},"thumbnailUrl":"https:\/\/www.meslibellules.fr\/blog\/wp-content\/uploads\/Libellago-stictica-male-1-scaled.webp","datePublished":"2025-05-19T18:20:33+00:00","dateModified":"2025-06-26T03:32:32+00:00","description":"Libellago stictica m\u00e2le et femelle au Sarawak, description, identification, taille, habitat, distribution g\u00e9ographique, \u00e9tymologie","breadcrumb":{"@id":"https:\/\/www.meslibellules.fr\/blog\/2025\/05\/19\/libellago-stictica\/#breadcrumb"},"inLanguage":"fr-FR","potentialAction":[{"@type":"ReadAction","target":["https:\/\/www.meslibellules.fr\/blog\/2025\/05\/19\/libellago-stictica\/"]}]},{"@type":"ImageObject","inLanguage":"fr-FR","@id":"https:\/\/www.meslibellules.fr\/blog\/2025\/05\/19\/libellago-stictica\/#primaryimage","url":"https:\/\/www.meslibellules.fr\/blog\/wp-content\/uploads\/Libellago-stictica-male-1-scaled.webp","contentUrl":"https:\/\/www.meslibellules.fr\/blog\/wp-content\/uploads\/Libellago-stictica-male-1-scaled.webp"},{"@type":"BreadcrumbList","@id":"https:\/\/www.meslibellules.fr\/blog\/2025\/05\/19\/libellago-stictica\/#breadcrumb","itemListElement":[{"@type":"ListItem","position":1,"name":"Accueil","item":"https:\/\/www.meslibellules.fr\/blog\/"},{"@type":"ListItem","position":2,"name":"Born\u00e9o &#8211; Libellago stictica (Selys, 1869)"}]},{"@type":"WebSite","@id":"https:\/\/www.meslibellules.fr\/blog\/#website","url":"https:\/\/www.meslibellules.fr\/blog\/","name":"Mes Libellules","description":"Pr\u00e9sentation des libellules rencontr\u00e9es dans le monde","publisher":{"@id":"https:\/\/www.meslibellules.fr\/blog\/#\/schema\/person\/9aa3586f9dd053fcf329f43b8b053c77"},"potentialAction":[{"@type":"SearchAction","target":{"@type":"EntryPoint","urlTemplate":"https:\/\/www.meslibellules.fr\/blog\/?s={search_term_string}"},"query-input":{"@type":"PropertyValueSpecification","valueRequired":true,"valueName":"search_term_string"}}],"inLanguage":"fr-FR"},{"@type":["Person","Organization"],"@id":"https:\/\/www.meslibellules.fr\/blog\/#\/schema\/person\/9aa3586f9dd053fcf329f43b8b053c77","name":"Beno\u00eet Guillon","image":{"@type":"ImageObject","inLanguage":"fr-FR","@id":"https:\/\/www.meslibellules.fr\/blog\/wp-content\/uploads\/cropped-avatar-150-pix.jpg","url":"https:\/\/www.meslibellules.fr\/blog\/wp-content\/uploads\/cropped-avatar-150-pix.jpg","contentUrl":"https:\/\/www.meslibellules.fr\/blog\/wp-content\/uploads\/cropped-avatar-150-pix.jpg","width":150,"height":137,"caption":"Beno\u00eet Guillon"},"logo":{"@id":"https:\/\/www.meslibellules.fr\/blog\/wp-content\/uploads\/cropped-avatar-150-pix.jpg"},"sameAs":["https:\/\/www.facebook.com\/benoit.guillon.96\/"]}]}},"_links":{"self":[{"href":"https:\/\/www.meslibellules.fr\/blog\/wp-json\/wp\/v2\/posts\/24789","targetHints":{"allow":["GET"]}}],"collection":[{"href":"https:\/\/www.meslibellules.fr\/blog\/wp-json\/wp\/v2\/posts"}],"about":[{"href":"https:\/\/www.meslibellules.fr\/blog\/wp-json\/wp\/v2\/types\/post"}],"author":[{"embeddable":true,"href":"https:\/\/www.meslibellules.fr\/blog\/wp-json\/wp\/v2\/users\/1"}],"replies":[{"embeddable":true,"href":"https:\/\/www.meslibellules.fr\/blog\/wp-json\/wp\/v2\/comments?post=24789"}],"version-history":[{"count":9,"href":"https:\/\/www.meslibellules.fr\/blog\/wp-json\/wp\/v2\/posts\/24789\/revisions"}],"predecessor-version":[{"id":25314,"href":"https:\/\/www.meslibellules.fr\/blog\/wp-json\/wp\/v2\/posts\/24789\/revisions\/25314"}],"wp:attachment":[{"href":"https:\/\/www.meslibellules.fr\/blog\/wp-json\/wp\/v2\/media?parent=24789"}],"wp:term":[{"taxonomy":"category","embeddable":true,"href":"https:\/\/www.meslibellules.fr\/blog\/wp-json\/wp\/v2\/categories?post=24789"},{"taxonomy":"post_tag","embeddable":true,"href":"https:\/\/www.meslibellules.fr\/blog\/wp-json\/wp\/v2\/tags?post=24789"}],"curies":[{"name":"wp","href":"https:\/\/api.w.org\/{rel}","templated":true}]}}