{"id":25525,"date":"2025-07-19T09:07:31","date_gmt":"2025-07-19T07:07:31","guid":{"rendered":"https:\/\/www.meslibellules.fr\/blog\/?p=25525"},"modified":"2025-07-19T09:08:12","modified_gmt":"2025-07-19T07:08:12","slug":"brachygonia-puella","status":"publish","type":"post","link":"https:\/\/www.meslibellules.fr\/blog\/2025\/07\/19\/brachygonia-puella\/","title":{"rendered":"Born\u00e9o &#8211; Brachygonia puella (Lieftinck, 1937)"},"content":{"rendered":"\n<figure class=\"wp-block-image aligncenter size-full is-resized\"><a href=\"https:\/\/www.meslibellules.fr\/blog\/wp-content\/uploads\/Brachygonia-puella-male-1.jpg\"><img decoding=\"async\" width=\"1462\" height=\"1204\" data-src=\"https:\/\/www.meslibellules.fr\/blog\/wp-content\/uploads\/Brachygonia-puella-male-1.jpg\" alt=\"Brachygonia puella, Born\u00e9o, Parc National Maludam, 28\/03\/2025\" class=\"wp-image-25520 lazyload\" style=\"--smush-placeholder-width: 1462px; --smush-placeholder-aspect-ratio: 1462\/1204;width:512px;height:auto\" data-srcset=\"https:\/\/www.meslibellules.fr\/blog\/wp-content\/uploads\/Brachygonia-puella-male-1.jpg 1462w, https:\/\/www.meslibellules.fr\/blog\/wp-content\/uploads\/Brachygonia-puella-male-1-768x632.jpg 768w\" data-sizes=\"(max-width: 1462px) 100vw, 1462px\" src=\"data:image\/svg+xml;base64,PHN2ZyB3aWR0aD0iMSIgaGVpZ2h0PSIxIiB4bWxucz0iaHR0cDovL3d3dy53My5vcmcvMjAwMC9zdmciPjwvc3ZnPg==\" \/><\/a><figcaption class=\"wp-element-caption\">Brachygonia puella, Born\u00e9o, Parc National Maludam, 28\/03\/2025<\/figcaption><\/figure>\n\n\n\n<p>J&rsquo;ai  \u00e9t\u00e9 tr\u00e8s surpris que ce petit Libellulidae, Brachygonia puella, appartienne \u00e0 ce genre dont nous avions observ\u00e9 beaucoup plus souvent <a href=\"https:\/\/www.meslibellules.fr\/blog\/wp-content\/uploads\/Brachygonia-oculata-male-5.webp\">B. oculata<\/a> ; en effet, si on retrouve les gros yeux et le thorax court et massif du genre, l&rsquo;abdomen est totalement diff\u00e9rent, beaucoup plus mince et l\u00e9g\u00e8rement arqu\u00e9. Il est beaucoup plus proche de <a href=\"https:\/\/www.meslibellules.fr\/blog\/wp-content\/uploads\/Chalybeothemis-fluviatilis-male-1.webp\">Chalybeothemis fluviatilis<\/a>, que nous avons observ\u00e9 sur le m\u00eame site, que de son cousin, ce qui est vraiment \u00e9tonnant.<br>Ce n&rsquo;est qu&rsquo;en \u00e9crivant ces pages et en lisant Lieftinck (1) que je me suis rendu compte qu&rsquo;il faisait la m\u00eame observation : \u00ab\u00a0Abdomen comparatively long and extremely slender, quite different in shape from the two other known species.\u00a0\u00bb. Ces deux autres esp\u00e8ces sont B. oculata et B. ophelia.<\/p>\n\n\n\n<figure class=\"wp-block-image aligncenter size-full is-resized\"><a href=\"https:\/\/www.meslibellules.fr\/blog\/wp-content\/uploads\/Brachygonia-puella-male-4.webp\"><img decoding=\"async\" width=\"1452\" height=\"1204\" data-src=\"https:\/\/www.meslibellules.fr\/blog\/wp-content\/uploads\/Brachygonia-puella-male-4.webp\" alt=\"Brachygonia puella, Born\u00e9o, Parc National Maludam, 28\/03\/2025\" class=\"wp-image-25523 lazyload\" style=\"--smush-placeholder-width: 1452px; --smush-placeholder-aspect-ratio: 1452\/1204;width:558px;height:auto\" data-srcset=\"https:\/\/www.meslibellules.fr\/blog\/wp-content\/uploads\/Brachygonia-puella-male-4.webp 1452w, https:\/\/www.meslibellules.fr\/blog\/wp-content\/uploads\/Brachygonia-puella-male-4-768x637.webp 768w\" data-sizes=\"(max-width: 1452px) 100vw, 1452px\" src=\"data:image\/svg+xml;base64,PHN2ZyB3aWR0aD0iMSIgaGVpZ2h0PSIxIiB4bWxucz0iaHR0cDovL3d3dy53My5vcmcvMjAwMC9zdmciPjwvc3ZnPg==\" \/><\/a><figcaption class=\"wp-element-caption\">Brachygonia puella, Born\u00e9o, Parc National Maludam, 28\/03\/2025<\/figcaption><\/figure>\n\n\n\n<p>Il y a donc peu de risque de confusion avec d&rsquo;autres esp\u00e8ces, hormis celle cit\u00e9e, les autres Brachygonia sont tr\u00e8s diff\u00e9rents, beaucoup plus color\u00e9s (nous n&rsquo;avons pas rencontr\u00e9 B. ophelia, aussi peu commun que B. puella).<br>Son abdomen ne mesure que 14 \u00e0 15 mm et en entier, il ne d\u00e9passe qu&rsquo;\u00e0 peine 22 mm.<\/p>\n\n\n\n<figure class=\"wp-block-image aligncenter size-full is-resized\"><a href=\"https:\/\/www.meslibellules.fr\/blog\/wp-content\/uploads\/Brachygonia-puella-male-3.webp\"><img decoding=\"async\" width=\"1651\" height=\"1204\" data-src=\"https:\/\/www.meslibellules.fr\/blog\/wp-content\/uploads\/Brachygonia-puella-male-3.webp\" alt=\"Brachygonia puella, Born\u00e9o, Parc National Maludam, 28\/03\/2025\" class=\"wp-image-25522 lazyload\" style=\"--smush-placeholder-width: 1651px; --smush-placeholder-aspect-ratio: 1651\/1204;width:583px;height:auto\" data-srcset=\"https:\/\/www.meslibellules.fr\/blog\/wp-content\/uploads\/Brachygonia-puella-male-3.webp 1651w, https:\/\/www.meslibellules.fr\/blog\/wp-content\/uploads\/Brachygonia-puella-male-3-768x560.webp 768w, https:\/\/www.meslibellules.fr\/blog\/wp-content\/uploads\/Brachygonia-puella-male-3-1536x1120.webp 1536w\" data-sizes=\"(max-width: 1651px) 100vw, 1651px\" src=\"data:image\/svg+xml;base64,PHN2ZyB3aWR0aD0iMSIgaGVpZ2h0PSIxIiB4bWxucz0iaHR0cDovL3d3dy53My5vcmcvMjAwMC9zdmciPjwvc3ZnPg==\" \/><\/a><figcaption class=\"wp-element-caption\">Brachygonia puella, Born\u00e9o, Parc National Maludam, 28\/03\/2025<\/figcaption><\/figure>\n\n\n\n<p>Nous ne l&rsquo;avons rencontr\u00e9 que sur les eaux noires et tourbeuses du Parc National de Maludam ; au bout de trois heures de bateau, <a href=\"https:\/\/www.meslibellules.fr\/blog\/wp-content\/uploads\/28-03-2025-Maludam-NP.webp\">notre progression<\/a> sur la rivi\u00e8re est arr\u00eat\u00e9e par la for\u00eat inond\u00e9e et nous sommes descendus explorer le sous-bois. Quelques minutes apr\u00e8s ces photos, mon mat\u00e9riel photo et moi-m\u00eame passerons bri\u00e8vement sous l&rsquo;eau, ce qui mettra fin \u00e0 mes photos pour la journ\u00e9e&#8230;<\/p>\n\n\n\n<figure class=\"wp-block-image aligncenter size-full is-resized\"><a href=\"https:\/\/www.meslibellules.fr\/blog\/wp-content\/uploads\/Brachygonia-puella-male-2.jpg\"><img decoding=\"async\" width=\"2044\" height=\"1204\" data-src=\"https:\/\/www.meslibellules.fr\/blog\/wp-content\/uploads\/Brachygonia-puella-male-2.jpg\" alt=\"Brachygonia puella, Born\u00e9o, Parc National Maludam, 28\/03\/2025\" class=\"wp-image-25521 lazyload\" style=\"--smush-placeholder-width: 2044px; --smush-placeholder-aspect-ratio: 2044\/1204;width:596px;height:auto\" data-srcset=\"https:\/\/www.meslibellules.fr\/blog\/wp-content\/uploads\/Brachygonia-puella-male-2.jpg 2044w, https:\/\/www.meslibellules.fr\/blog\/wp-content\/uploads\/Brachygonia-puella-male-2-768x452.jpg 768w, https:\/\/www.meslibellules.fr\/blog\/wp-content\/uploads\/Brachygonia-puella-male-2-1536x905.jpg 1536w\" data-sizes=\"(max-width: 2044px) 100vw, 2044px\" src=\"data:image\/svg+xml;base64,PHN2ZyB3aWR0aD0iMSIgaGVpZ2h0PSIxIiB4bWxucz0iaHR0cDovL3d3dy53My5vcmcvMjAwMC9zdmciPjwvc3ZnPg==\" \/><\/a><figcaption class=\"wp-element-caption\">Brachygonia puella, Born\u00e9o, Parc National Maludam, 28\/03\/2025<\/figcaption><\/figure>\n\n\n\n<p>Brachygonia puella pourrait \u00eatre end\u00e9mique de Born\u00e9o (Kalimantan et Sarawak), car une population historique sur l&rsquo;ile de Belitung pourrait avoir disparu. <a href=\"https:\/\/www.iucnredlist.org\/species\/202046\/2732433#geographic-range\">IUCN Red List<\/a>.<br>Il est en tout cas tr\u00e8s rare, il n&rsquo;y a qu&rsquo;une quinzaine de photos sur iNaturalist.<\/p>\n\n\n\n<figure class=\"wp-block-image aligncenter size-full is-resized\"><a href=\"https:\/\/www.meslibellules.fr\/blog\/wp-content\/uploads\/Brachygonia-puella-male-5.webp\"><img decoding=\"async\" width=\"1807\" height=\"1204\" data-src=\"https:\/\/www.meslibellules.fr\/blog\/wp-content\/uploads\/Brachygonia-puella-male-5.webp\" alt=\"Brachygonia puella, Born\u00e9o, Parc National Maludam, 28\/03\/2025\" class=\"wp-image-25524 lazyload\" style=\"--smush-placeholder-width: 1807px; --smush-placeholder-aspect-ratio: 1807\/1204;width:596px;height:auto\" data-srcset=\"https:\/\/www.meslibellules.fr\/blog\/wp-content\/uploads\/Brachygonia-puella-male-5.webp 1807w, https:\/\/www.meslibellules.fr\/blog\/wp-content\/uploads\/Brachygonia-puella-male-5-768x512.webp 768w, https:\/\/www.meslibellules.fr\/blog\/wp-content\/uploads\/Brachygonia-puella-male-5-1536x1023.webp 1536w\" data-sizes=\"(max-width: 1807px) 100vw, 1807px\" src=\"data:image\/svg+xml;base64,PHN2ZyB3aWR0aD0iMSIgaGVpZ2h0PSIxIiB4bWxucz0iaHR0cDovL3d3dy53My5vcmcvMjAwMC9zdmciPjwvc3ZnPg==\" \/><\/a><figcaption class=\"wp-element-caption\">Brachygonia puella, Born\u00e9o, Parc National Maludam, 28\/03\/2025<\/figcaption><\/figure>\n\n\n\n<p><strong>\u00c9tymologie<\/strong><br><strong>Brachygonia<\/strong>&nbsp;(Kirby, 1889) du grec&nbsp;<em>brachy<\/em>, pour&nbsp;<em>court,<\/em>&nbsp;et du grec ancien&nbsp;<em>gonia<\/em>&nbsp;pour g\u00e9n\u00e9ration (dont on a fait&nbsp;<em>gonade<\/em>) certainement en rapport avec l\u2019appareil g\u00e9nital secondaire peu pro\u00e9minent sous le deuxi\u00e8me segment. Kirby \u00e9crit : \u00a0\u00bb&nbsp;<em>appendages of the second segment distinct, not very prominent<\/em>.\u00a0\u00bb.<br><strong>Puella<\/strong> ; du latin <em>puella<\/em><strong>, <\/strong>qui signifie <em>fille<\/em>, <em>jeune fille<\/em>, <em>demoiselle,<\/em>&nbsp;a \u00e9t\u00e9 le 2\u00b0 nom donn\u00e9 \u00e0 un odonate dans la nouvelle nomenclature linn\u00e9enne pour Coenagrion puella. Lieftinck ne donne pas d&rsquo;explication de ce choix, mais on peut supposer qu&rsquo;il a trouv\u00e9 l&rsquo;esp\u00e8ce d\u00e9licate, notamment par la minceur de l&rsquo;abdomen qu&rsquo;il souligne.<\/p>\n\n\n\n<div style=\"height:36px\" aria-hidden=\"true\" class=\"wp-block-spacer\"><\/div>\n\n\n\n<p>1- Lieftinck, 1937 &#8211; <a href=\"https:\/\/www.researchgate.net\/publication\/392420892_DESCRIPTIONS_AND_RECORDS_OF_SOUTHEAST_ASIATIC_ODONATA#fullTextFileContent\">Descriptions and records of South\u2013east Asiatic Odonata<\/a>. Treubia 16: 55\u2013119. P. 105.<\/p>\n\n\n\n<div style=\"height:29px\" aria-hidden=\"true\" class=\"wp-block-spacer\"><\/div>\n\n\n\n<div class=\"wp-block-buttons is-vertical is-layout-flex wp-container-core-buttons-is-layout-fe9cc265 wp-block-buttons-is-layout-flex\">\n<div class=\"wp-block-button\"><a class=\"wp-block-button__link wp-element-button\" href=\"https:\/\/www.meslibellules.fr\/blog\/odonates-du-sarawak\/\">Accueil Sarawak<\/a><\/div>\n\n\n\n<div class=\"wp-block-button\"><a class=\"wp-block-button__link wp-element-button\" href=\"https:\/\/www.meslibellules.fr\/pagesweb\/divers\/liste-generale-odonates-du-site\/asia-odonates.php\">Listes des Odonates d&rsquo;Asie<\/a><\/div>\n\n\n\n<div class=\"wp-block-button\"><a class=\"wp-block-button__link wp-element-button\" href=\"https:\/\/www.meslibellules.fr\/pagesweb\/divers\/liste-generale-odonates-du-site\/all-odonates.php\">Listes continentales<\/a><\/div>\n<\/div>\n","protected":false},"excerpt":{"rendered":"<p>J&rsquo;ai \u00e9t\u00e9 tr\u00e8s surpris que ce petit Libellulidae, Brachygonia puella, appartienne \u00e0 ce genre dont nous avions observ\u00e9 beaucoup plus souvent B. oculata ; en effet, si on retrouve les gros yeux et le thorax court et massif du genre, l&rsquo;abdomen est totalement diff\u00e9rent, beaucoup plus mince et l\u00e9g\u00e8rement arqu\u00e9. Il est beaucoup plus proche [&hellip;]<\/p>\n","protected":false},"author":1,"featured_media":0,"comment_status":"open","ping_status":"open","sticky":false,"template":"","format":"image","meta":{"site-sidebar-layout":"default","site-content-layout":"","ast-site-content-layout":"default","site-content-style":"default","site-sidebar-style":"default","ast-global-header-display":"","ast-banner-title-visibility":"","ast-main-header-display":"","ast-hfb-above-header-display":"","ast-hfb-below-header-display":"","ast-hfb-mobile-header-display":"","site-post-title":"","ast-breadcrumbs-content":"","ast-featured-img":"","footer-sml-layout":"","ast-disable-related-posts":"","theme-transparent-header-meta":"","adv-header-id-meta":"","stick-header-meta":"","header-above-stick-meta":"","header-main-stick-meta":"","header-below-stick-meta":"","astra-migrate-meta-layouts":"set","ast-page-background-enabled":"default","ast-page-background-meta":{"desktop":{"background-color":"var(--ast-global-color-4)","background-image":"","background-repeat":"repeat","background-position":"center center","background-size":"auto","background-attachment":"scroll","background-type":"","background-media":"","overlay-type":"","overlay-color":"","overlay-opacity":"","overlay-gradient":""},"tablet":{"background-color":"","background-image":"","background-repeat":"repeat","background-position":"center center","background-size":"auto","background-attachment":"scroll","background-type":"","background-media":"","overlay-type":"","overlay-color":"","overlay-opacity":"","overlay-gradient":""},"mobile":{"background-color":"","background-image":"","background-repeat":"repeat","background-position":"center center","background-size":"auto","background-attachment":"scroll","background-type":"","background-media":"","overlay-type":"","overlay-color":"","overlay-opacity":"","overlay-gradient":""}},"ast-content-background-meta":{"desktop":{"background-color":"var(--ast-global-color-5)","background-image":"","background-repeat":"repeat","background-position":"center center","background-size":"auto","background-attachment":"scroll","background-type":"","background-media":"","overlay-type":"","overlay-color":"","overlay-opacity":"","overlay-gradient":""},"tablet":{"background-color":"var(--ast-global-color-5)","background-image":"","background-repeat":"repeat","background-position":"center center","background-size":"auto","background-attachment":"scroll","background-type":"","background-media":"","overlay-type":"","overlay-color":"","overlay-opacity":"","overlay-gradient":""},"mobile":{"background-color":"var(--ast-global-color-5)","background-image":"","background-repeat":"repeat","background-position":"center center","background-size":"auto","background-attachment":"scroll","background-type":"","background-media":"","overlay-type":"","overlay-color":"","overlay-opacity":"","overlay-gradient":""}},"footnotes":""},"categories":[38596,38606],"tags":[38599,38617],"class_list":["post-25525","post","type-post","status-publish","format-image","hentry","category-borneo-sarawak","category-libellulidae-borneo-sarawak","tag-borneo-sarawak","tag-libellulidae-borneo-2","post_format-post-format-image"],"yoast_head":"<!-- This site is optimized with the Yoast SEO plugin v27.5 - https:\/\/yoast.com\/product\/yoast-seo-wordpress\/ -->\n<title>Brachygonia puella - Mes Libellules<\/title>\n<meta name=\"description\" content=\"Brachygonia puella m\u00e2le au Sarawak, description, identification, taille, habitat, distribution g\u00e9ographique, \u00e9tymologie\" \/>\n<meta name=\"robots\" content=\"index, follow, max-snippet:-1, max-image-preview:large, max-video-preview:-1\" \/>\n<link rel=\"canonical\" href=\"https:\/\/www.meslibellules.fr\/blog\/2025\/07\/19\/brachygonia-puella\/\" \/>\n<meta property=\"og:locale\" content=\"fr_FR\" \/>\n<meta property=\"og:type\" content=\"article\" \/>\n<meta property=\"og:title\" content=\"Brachygonia puella - Mes Libellules\" \/>\n<meta property=\"og:description\" content=\"Brachygonia puella m\u00e2le au Sarawak, description, identification, taille, habitat, distribution g\u00e9ographique, \u00e9tymologie\" \/>\n<meta property=\"og:url\" content=\"https:\/\/www.meslibellules.fr\/blog\/2025\/07\/19\/brachygonia-puella\/\" \/>\n<meta property=\"og:site_name\" content=\"Mes Libellules\" \/>\n<meta property=\"article:publisher\" content=\"https:\/\/www.facebook.com\/benoit.guillon.96\/\" \/>\n<meta property=\"article:author\" content=\"https:\/\/www.facebook.com\/benoit.guillon.96\/\" \/>\n<meta property=\"article:published_time\" content=\"2025-07-19T07:07:31+00:00\" \/>\n<meta property=\"article:modified_time\" content=\"2025-07-19T07:08:12+00:00\" \/>\n<meta property=\"og:image\" content=\"https:\/\/www.meslibellules.fr\/blog\/wp-content\/uploads\/Brachygonia-puella-male-1.jpg\" \/>\n\t<meta property=\"og:image:width\" content=\"1462\" \/>\n\t<meta property=\"og:image:height\" content=\"1204\" \/>\n\t<meta property=\"og:image:type\" content=\"image\/jpeg\" \/>\n<meta name=\"author\" content=\"Beno\u00eet Guillon\" \/>\n<meta name=\"twitter:card\" content=\"summary_large_image\" \/>\n<meta name=\"twitter:label1\" content=\"\u00c9crit par\" \/>\n\t<meta name=\"twitter:data1\" content=\"Beno\u00eet Guillon\" \/>\n\t<meta name=\"twitter:label2\" content=\"Dur\u00e9e de lecture estim\u00e9e\" \/>\n\t<meta name=\"twitter:data2\" content=\"7 minutes\" \/>\n<script type=\"application\/ld+json\" class=\"yoast-schema-graph\">{\"@context\":\"https:\\\/\\\/schema.org\",\"@graph\":[{\"@type\":\"Article\",\"@id\":\"https:\\\/\\\/www.meslibellules.fr\\\/blog\\\/2025\\\/07\\\/19\\\/brachygonia-puella\\\/#article\",\"isPartOf\":{\"@id\":\"https:\\\/\\\/www.meslibellules.fr\\\/blog\\\/2025\\\/07\\\/19\\\/brachygonia-puella\\\/\"},\"author\":{\"name\":\"Beno\u00eet Guillon\",\"@id\":\"https:\\\/\\\/www.meslibellules.fr\\\/blog\\\/#\\\/schema\\\/person\\\/9aa3586f9dd053fcf329f43b8b053c77\"},\"headline\":\"Born\u00e9o &#8211; Brachygonia puella (Lieftinck, 1937)\",\"datePublished\":\"2025-07-19T07:07:31+00:00\",\"dateModified\":\"2025-07-19T07:08:12+00:00\",\"mainEntityOfPage\":{\"@id\":\"https:\\\/\\\/www.meslibellules.fr\\\/blog\\\/2025\\\/07\\\/19\\\/brachygonia-puella\\\/\"},\"wordCount\":484,\"commentCount\":0,\"publisher\":{\"@id\":\"https:\\\/\\\/www.meslibellules.fr\\\/blog\\\/#\\\/schema\\\/person\\\/9aa3586f9dd053fcf329f43b8b053c77\"},\"image\":{\"@id\":\"https:\\\/\\\/www.meslibellules.fr\\\/blog\\\/2025\\\/07\\\/19\\\/brachygonia-puella\\\/#primaryimage\"},\"thumbnailUrl\":\"https:\\\/\\\/www.meslibellules.fr\\\/blog\\\/wp-content\\\/uploads\\\/Brachygonia-puella-male-1.jpg\",\"keywords\":[\"Born\u00e9o - Sarawak\",\"Libellulidae - Born\u00e9o\"],\"articleSection\":[\"Born\u00e9o -Sarawak\",\"Libellulidae\"],\"inLanguage\":\"fr-FR\",\"potentialAction\":[{\"@type\":\"CommentAction\",\"name\":\"Comment\",\"target\":[\"https:\\\/\\\/www.meslibellules.fr\\\/blog\\\/2025\\\/07\\\/19\\\/brachygonia-puella\\\/#respond\"]}]},{\"@type\":\"WebPage\",\"@id\":\"https:\\\/\\\/www.meslibellules.fr\\\/blog\\\/2025\\\/07\\\/19\\\/brachygonia-puella\\\/\",\"url\":\"https:\\\/\\\/www.meslibellules.fr\\\/blog\\\/2025\\\/07\\\/19\\\/brachygonia-puella\\\/\",\"name\":\"Brachygonia puella - Mes Libellules\",\"isPartOf\":{\"@id\":\"https:\\\/\\\/www.meslibellules.fr\\\/blog\\\/#website\"},\"primaryImageOfPage\":{\"@id\":\"https:\\\/\\\/www.meslibellules.fr\\\/blog\\\/2025\\\/07\\\/19\\\/brachygonia-puella\\\/#primaryimage\"},\"image\":{\"@id\":\"https:\\\/\\\/www.meslibellules.fr\\\/blog\\\/2025\\\/07\\\/19\\\/brachygonia-puella\\\/#primaryimage\"},\"thumbnailUrl\":\"https:\\\/\\\/www.meslibellules.fr\\\/blog\\\/wp-content\\\/uploads\\\/Brachygonia-puella-male-1.jpg\",\"datePublished\":\"2025-07-19T07:07:31+00:00\",\"dateModified\":\"2025-07-19T07:08:12+00:00\",\"description\":\"Brachygonia puella m\u00e2le au Sarawak, description, identification, taille, habitat, distribution g\u00e9ographique, \u00e9tymologie\",\"breadcrumb\":{\"@id\":\"https:\\\/\\\/www.meslibellules.fr\\\/blog\\\/2025\\\/07\\\/19\\\/brachygonia-puella\\\/#breadcrumb\"},\"inLanguage\":\"fr-FR\",\"potentialAction\":[{\"@type\":\"ReadAction\",\"target\":[\"https:\\\/\\\/www.meslibellules.fr\\\/blog\\\/2025\\\/07\\\/19\\\/brachygonia-puella\\\/\"]}]},{\"@type\":\"ImageObject\",\"inLanguage\":\"fr-FR\",\"@id\":\"https:\\\/\\\/www.meslibellules.fr\\\/blog\\\/2025\\\/07\\\/19\\\/brachygonia-puella\\\/#primaryimage\",\"url\":\"https:\\\/\\\/www.meslibellules.fr\\\/blog\\\/wp-content\\\/uploads\\\/Brachygonia-puella-male-1.jpg\",\"contentUrl\":\"https:\\\/\\\/www.meslibellules.fr\\\/blog\\\/wp-content\\\/uploads\\\/Brachygonia-puella-male-1.jpg\"},{\"@type\":\"BreadcrumbList\",\"@id\":\"https:\\\/\\\/www.meslibellules.fr\\\/blog\\\/2025\\\/07\\\/19\\\/brachygonia-puella\\\/#breadcrumb\",\"itemListElement\":[{\"@type\":\"ListItem\",\"position\":1,\"name\":\"Accueil\",\"item\":\"https:\\\/\\\/www.meslibellules.fr\\\/blog\\\/\"},{\"@type\":\"ListItem\",\"position\":2,\"name\":\"Born\u00e9o &#8211; Brachygonia puella (Lieftinck, 1937)\"}]},{\"@type\":\"WebSite\",\"@id\":\"https:\\\/\\\/www.meslibellules.fr\\\/blog\\\/#website\",\"url\":\"https:\\\/\\\/www.meslibellules.fr\\\/blog\\\/\",\"name\":\"Mes Libellules\",\"description\":\"Pr\u00e9sentation des libellules rencontr\u00e9es dans le monde\",\"publisher\":{\"@id\":\"https:\\\/\\\/www.meslibellules.fr\\\/blog\\\/#\\\/schema\\\/person\\\/9aa3586f9dd053fcf329f43b8b053c77\"},\"potentialAction\":[{\"@type\":\"SearchAction\",\"target\":{\"@type\":\"EntryPoint\",\"urlTemplate\":\"https:\\\/\\\/www.meslibellules.fr\\\/blog\\\/?s={search_term_string}\"},\"query-input\":{\"@type\":\"PropertyValueSpecification\",\"valueRequired\":true,\"valueName\":\"search_term_string\"}}],\"inLanguage\":\"fr-FR\"},{\"@type\":[\"Person\",\"Organization\"],\"@id\":\"https:\\\/\\\/www.meslibellules.fr\\\/blog\\\/#\\\/schema\\\/person\\\/9aa3586f9dd053fcf329f43b8b053c77\",\"name\":\"Beno\u00eet Guillon\",\"image\":{\"@type\":\"ImageObject\",\"inLanguage\":\"fr-FR\",\"@id\":\"https:\\\/\\\/www.meslibellules.fr\\\/blog\\\/wp-content\\\/uploads\\\/cropped-avatar-150-pix.jpg\",\"url\":\"https:\\\/\\\/www.meslibellules.fr\\\/blog\\\/wp-content\\\/uploads\\\/cropped-avatar-150-pix.jpg\",\"contentUrl\":\"https:\\\/\\\/www.meslibellules.fr\\\/blog\\\/wp-content\\\/uploads\\\/cropped-avatar-150-pix.jpg\",\"width\":150,\"height\":137,\"caption\":\"Beno\u00eet Guillon\"},\"logo\":{\"@id\":\"https:\\\/\\\/www.meslibellules.fr\\\/blog\\\/wp-content\\\/uploads\\\/cropped-avatar-150-pix.jpg\"},\"sameAs\":[\"https:\\\/\\\/www.facebook.com\\\/benoit.guillon.96\\\/\"]}]}<\/script>\n<!-- \/ Yoast SEO plugin. -->","yoast_head_json":{"title":"Brachygonia puella - Mes Libellules","description":"Brachygonia puella m\u00e2le au Sarawak, description, identification, taille, habitat, distribution g\u00e9ographique, \u00e9tymologie","robots":{"index":"index","follow":"follow","max-snippet":"max-snippet:-1","max-image-preview":"max-image-preview:large","max-video-preview":"max-video-preview:-1"},"canonical":"https:\/\/www.meslibellules.fr\/blog\/2025\/07\/19\/brachygonia-puella\/","og_locale":"fr_FR","og_type":"article","og_title":"Brachygonia puella - Mes Libellules","og_description":"Brachygonia puella m\u00e2le au Sarawak, description, identification, taille, habitat, distribution g\u00e9ographique, \u00e9tymologie","og_url":"https:\/\/www.meslibellules.fr\/blog\/2025\/07\/19\/brachygonia-puella\/","og_site_name":"Mes Libellules","article_publisher":"https:\/\/www.facebook.com\/benoit.guillon.96\/","article_author":"https:\/\/www.facebook.com\/benoit.guillon.96\/","article_published_time":"2025-07-19T07:07:31+00:00","article_modified_time":"2025-07-19T07:08:12+00:00","og_image":[{"width":1462,"height":1204,"url":"https:\/\/www.meslibellules.fr\/blog\/wp-content\/uploads\/Brachygonia-puella-male-1.jpg","type":"image\/jpeg"}],"author":"Beno\u00eet Guillon","twitter_card":"summary_large_image","twitter_misc":{"\u00c9crit par":"Beno\u00eet Guillon","Dur\u00e9e de lecture estim\u00e9e":"7 minutes"},"schema":{"@context":"https:\/\/schema.org","@graph":[{"@type":"Article","@id":"https:\/\/www.meslibellules.fr\/blog\/2025\/07\/19\/brachygonia-puella\/#article","isPartOf":{"@id":"https:\/\/www.meslibellules.fr\/blog\/2025\/07\/19\/brachygonia-puella\/"},"author":{"name":"Beno\u00eet Guillon","@id":"https:\/\/www.meslibellules.fr\/blog\/#\/schema\/person\/9aa3586f9dd053fcf329f43b8b053c77"},"headline":"Born\u00e9o &#8211; Brachygonia puella (Lieftinck, 1937)","datePublished":"2025-07-19T07:07:31+00:00","dateModified":"2025-07-19T07:08:12+00:00","mainEntityOfPage":{"@id":"https:\/\/www.meslibellules.fr\/blog\/2025\/07\/19\/brachygonia-puella\/"},"wordCount":484,"commentCount":0,"publisher":{"@id":"https:\/\/www.meslibellules.fr\/blog\/#\/schema\/person\/9aa3586f9dd053fcf329f43b8b053c77"},"image":{"@id":"https:\/\/www.meslibellules.fr\/blog\/2025\/07\/19\/brachygonia-puella\/#primaryimage"},"thumbnailUrl":"https:\/\/www.meslibellules.fr\/blog\/wp-content\/uploads\/Brachygonia-puella-male-1.jpg","keywords":["Born\u00e9o - Sarawak","Libellulidae - Born\u00e9o"],"articleSection":["Born\u00e9o -Sarawak","Libellulidae"],"inLanguage":"fr-FR","potentialAction":[{"@type":"CommentAction","name":"Comment","target":["https:\/\/www.meslibellules.fr\/blog\/2025\/07\/19\/brachygonia-puella\/#respond"]}]},{"@type":"WebPage","@id":"https:\/\/www.meslibellules.fr\/blog\/2025\/07\/19\/brachygonia-puella\/","url":"https:\/\/www.meslibellules.fr\/blog\/2025\/07\/19\/brachygonia-puella\/","name":"Brachygonia puella - Mes Libellules","isPartOf":{"@id":"https:\/\/www.meslibellules.fr\/blog\/#website"},"primaryImageOfPage":{"@id":"https:\/\/www.meslibellules.fr\/blog\/2025\/07\/19\/brachygonia-puella\/#primaryimage"},"image":{"@id":"https:\/\/www.meslibellules.fr\/blog\/2025\/07\/19\/brachygonia-puella\/#primaryimage"},"thumbnailUrl":"https:\/\/www.meslibellules.fr\/blog\/wp-content\/uploads\/Brachygonia-puella-male-1.jpg","datePublished":"2025-07-19T07:07:31+00:00","dateModified":"2025-07-19T07:08:12+00:00","description":"Brachygonia puella m\u00e2le au Sarawak, description, identification, taille, habitat, distribution g\u00e9ographique, \u00e9tymologie","breadcrumb":{"@id":"https:\/\/www.meslibellules.fr\/blog\/2025\/07\/19\/brachygonia-puella\/#breadcrumb"},"inLanguage":"fr-FR","potentialAction":[{"@type":"ReadAction","target":["https:\/\/www.meslibellules.fr\/blog\/2025\/07\/19\/brachygonia-puella\/"]}]},{"@type":"ImageObject","inLanguage":"fr-FR","@id":"https:\/\/www.meslibellules.fr\/blog\/2025\/07\/19\/brachygonia-puella\/#primaryimage","url":"https:\/\/www.meslibellules.fr\/blog\/wp-content\/uploads\/Brachygonia-puella-male-1.jpg","contentUrl":"https:\/\/www.meslibellules.fr\/blog\/wp-content\/uploads\/Brachygonia-puella-male-1.jpg"},{"@type":"BreadcrumbList","@id":"https:\/\/www.meslibellules.fr\/blog\/2025\/07\/19\/brachygonia-puella\/#breadcrumb","itemListElement":[{"@type":"ListItem","position":1,"name":"Accueil","item":"https:\/\/www.meslibellules.fr\/blog\/"},{"@type":"ListItem","position":2,"name":"Born\u00e9o &#8211; Brachygonia puella (Lieftinck, 1937)"}]},{"@type":"WebSite","@id":"https:\/\/www.meslibellules.fr\/blog\/#website","url":"https:\/\/www.meslibellules.fr\/blog\/","name":"Mes Libellules","description":"Pr\u00e9sentation des libellules rencontr\u00e9es dans le monde","publisher":{"@id":"https:\/\/www.meslibellules.fr\/blog\/#\/schema\/person\/9aa3586f9dd053fcf329f43b8b053c77"},"potentialAction":[{"@type":"SearchAction","target":{"@type":"EntryPoint","urlTemplate":"https:\/\/www.meslibellules.fr\/blog\/?s={search_term_string}"},"query-input":{"@type":"PropertyValueSpecification","valueRequired":true,"valueName":"search_term_string"}}],"inLanguage":"fr-FR"},{"@type":["Person","Organization"],"@id":"https:\/\/www.meslibellules.fr\/blog\/#\/schema\/person\/9aa3586f9dd053fcf329f43b8b053c77","name":"Beno\u00eet Guillon","image":{"@type":"ImageObject","inLanguage":"fr-FR","@id":"https:\/\/www.meslibellules.fr\/blog\/wp-content\/uploads\/cropped-avatar-150-pix.jpg","url":"https:\/\/www.meslibellules.fr\/blog\/wp-content\/uploads\/cropped-avatar-150-pix.jpg","contentUrl":"https:\/\/www.meslibellules.fr\/blog\/wp-content\/uploads\/cropped-avatar-150-pix.jpg","width":150,"height":137,"caption":"Beno\u00eet Guillon"},"logo":{"@id":"https:\/\/www.meslibellules.fr\/blog\/wp-content\/uploads\/cropped-avatar-150-pix.jpg"},"sameAs":["https:\/\/www.facebook.com\/benoit.guillon.96\/"]}]}},"_links":{"self":[{"href":"https:\/\/www.meslibellules.fr\/blog\/wp-json\/wp\/v2\/posts\/25525","targetHints":{"allow":["GET"]}}],"collection":[{"href":"https:\/\/www.meslibellules.fr\/blog\/wp-json\/wp\/v2\/posts"}],"about":[{"href":"https:\/\/www.meslibellules.fr\/blog\/wp-json\/wp\/v2\/types\/post"}],"author":[{"embeddable":true,"href":"https:\/\/www.meslibellules.fr\/blog\/wp-json\/wp\/v2\/users\/1"}],"replies":[{"embeddable":true,"href":"https:\/\/www.meslibellules.fr\/blog\/wp-json\/wp\/v2\/comments?post=25525"}],"version-history":[{"count":5,"href":"https:\/\/www.meslibellules.fr\/blog\/wp-json\/wp\/v2\/posts\/25525\/revisions"}],"predecessor-version":[{"id":25533,"href":"https:\/\/www.meslibellules.fr\/blog\/wp-json\/wp\/v2\/posts\/25525\/revisions\/25533"}],"wp:attachment":[{"href":"https:\/\/www.meslibellules.fr\/blog\/wp-json\/wp\/v2\/media?parent=25525"}],"wp:term":[{"taxonomy":"category","embeddable":true,"href":"https:\/\/www.meslibellules.fr\/blog\/wp-json\/wp\/v2\/categories?post=25525"},{"taxonomy":"post_tag","embeddable":true,"href":"https:\/\/www.meslibellules.fr\/blog\/wp-json\/wp\/v2\/tags?post=25525"}],"curies":[{"name":"wp","href":"https:\/\/api.w.org\/{rel}","templated":true}]}}