{"id":25554,"date":"2025-07-22T06:56:25","date_gmt":"2025-07-22T04:56:25","guid":{"rendered":"https:\/\/www.meslibellules.fr\/blog\/?p=25554"},"modified":"2025-07-22T06:56:27","modified_gmt":"2025-07-22T04:56:27","slug":"agrionoptera-insignis","status":"publish","type":"post","link":"https:\/\/www.meslibellules.fr\/blog\/2025\/07\/22\/agrionoptera-insignis\/","title":{"rendered":"Born\u00e9o &#8211; Agrionoptera insignis (Rambur, 1842)"},"content":{"rendered":"\n<p>J&rsquo;avais d\u00e9j\u00e0 rencontr\u00e9<a href=\"https:\/\/www.meslibellules.fr\/voyages\/malaisie\/agrionoptera-insignis\/agrionoptera-insignis.php\"> <\/a><a href=\"https:\/\/www.meslibellules.fr\/voyages\/malaisie\/agrionoptera-insignis\/agrionoptera-insignis.php\" target=\"_blank\" rel=\"noreferrer noopener\">Agrionoptera insignis <\/a>m\u00e2le en Malaisie en 2013, dans de mauvaises conditions, puis en 2022, <a href=\"https:\/\/www.meslibellules.fr\/blog\/2022\/05\/23\/agrionoptera-insignis-rambur-1842\/\" target=\"_blank\" rel=\"noreferrer noopener\">m\u00e2les et femelles<\/a>, dans le nord de l&rsquo;Australie (Territoire du Nord, puis extr\u00eame nord du Queensland), la sous-esp\u00e8ce que l&rsquo;on appelle <em>allogenes<\/em>.  \u00c0 l&rsquo;\u00e9poque, je ne savais pas ce qui distinguait cette sous-esp\u00e8ce des autres et je ne le sais toujours pas, d&rsquo;autant qu&rsquo;il existe de tr\u00e8s nombreuses sous-esp\u00e8ces et que de nombreuses esp\u00e8ces et sous-esp\u00e8ces (treize, dont <em>allogenes<\/em>) ont \u00e9t\u00e9 synonymis\u00e9es avec Agrionoptera insignis.<br>Au Sarawak, je n&rsquo;ai vu bri\u00e8vement qu&rsquo;un m\u00e2le&#8230;<br><br>Avec la quasi-totalit\u00e9 de son fin abdomen rouge, sauf le premier et les trois derniers segments noirs, on ne peut le confondre \u00e0 Born\u00e9o qu&rsquo;avec <a href=\"https:\/\/www.meslibellules.fr\/voyages\/malaisie\/lathrecista-asiatica\/lathrecista-asiatica-male-1.php\" target=\"_blank\" rel=\"noreferrer noopener\">Lathrecista asiatica<\/a> (ici en Malaisie P\u00e9ninsulaire) qui a les yeux gris-bleu, le thorax et le premier segment plus clair puis couverts de pulv\u00e9rulence bleut\u00e9e en vieillissant et surtout seulement les <a href=\"https:\/\/www.meslibellules.fr\/voyages\/malaisie\/lathrecista-asiatica\/lathrecista-asiatica-male-1\/lathrecista-asiatica-male-3big.jpg\">deux derniers segments noirs<\/a> (toujours en Malaisie P\u00e9ninsulaire). <\/p>\n\n\n\n<figure class=\"wp-block-image aligncenter size-full is-resized\"><a href=\"https:\/\/www.meslibellules.fr\/blog\/wp-content\/uploads\/Agrionoptera-insignis-male-1-1.webp\"><img decoding=\"async\" width=\"1683\" height=\"1504\" data-src=\"https:\/\/www.meslibellules.fr\/blog\/wp-content\/uploads\/Agrionoptera-insignis-male-1-1.webp\" alt=\"Agrionoptera insignis m\u00e2le, Born\u00e9o, Sama Jaya Nature Reserve, 18\/03\/2025\" class=\"wp-image-25548 lazyload\" style=\"--smush-placeholder-width: 1683px; --smush-placeholder-aspect-ratio: 1683\/1504;width:590px;height:auto\" data-srcset=\"https:\/\/www.meslibellules.fr\/blog\/wp-content\/uploads\/Agrionoptera-insignis-male-1-1.webp 1683w, https:\/\/www.meslibellules.fr\/blog\/wp-content\/uploads\/Agrionoptera-insignis-male-1-1-768x686.webp 768w, https:\/\/www.meslibellules.fr\/blog\/wp-content\/uploads\/Agrionoptera-insignis-male-1-1-1536x1373.webp 1536w\" data-sizes=\"(max-width: 1683px) 100vw, 1683px\" src=\"data:image\/svg+xml;base64,PHN2ZyB3aWR0aD0iMSIgaGVpZ2h0PSIxIiB4bWxucz0iaHR0cDovL3d3dy53My5vcmcvMjAwMC9zdmciPjwvc3ZnPg==\" \/><\/a><figcaption class=\"wp-element-caption\">Agrionoptera insignis m\u00e2le, Born\u00e9o, Sama Jaya Nature Reserve, 18\/03\/2025<\/figcaption><\/figure>\n\n\n\n<p>Noter ci-dessus l&rsquo;\u00e9troitesse de la base des ailes que Jules Rambur avait bien remarqu\u00e9e (1).<\/p>\n\n\n\n<p>Ngiam et Ng (2) nous disent qu&rsquo;\u00e0 Singapour, il mesure 37 \u00e0 41 mm.<br>On trouve Agrionoptera insignis m\u00e2le pr\u00e8s des ruisseaux ou rivi\u00e8res lentes, sur les mares foresti\u00e8res, ou en limite de for\u00eat. Il se perche volontiers sur un support au-dessus de l&rsquo;eau d&rsquo;o\u00f9 il attaque ses cong\u00e9n\u00e8res qui passent sur son territoire, dans des combats o\u00f9 les individus se font fassent dans une ronde spectaculaire.<br><br>On le rencontre du Myanmar au sud du Japon, en passant par Ha\u00efnan, jusqu&rsquo;\u00e0 la Nouvelle-Guin\u00e9e et au nord et \u00e0 l&rsquo;est de l&rsquo;Australie, \u00e0 travers la Malaisie, l&rsquo;Indon\u00e9sie, les Philippines, Born\u00e9o et Sumatra et toutes les iles australo-pacifiques.<\/p>\n\n\n\n<p><strong>\u00c9tymologie<\/strong><br>L\u2019\u00e9tymologie de <strong>Agrionoptera<\/strong> pr\u00e9sent\u00e9e par Enderby &amp; Fliedner (1) est un peu complexe ;\u00a0<em>Agrion<\/em>\u00a0(du grec<em> agrios<\/em> \u2013\u00a0<em>vivant dans les champs, sauvage<\/em>) est le nom utilis\u00e9 par Fabricius pour d\u00e9signer tous les zygopt\u00e8res, tandis que dans la 2\u00b0 partie du nom de genre, on reconna\u00eet le mot grec\u00a0<em>ptera<\/em>\u00a0signifiant\u00a0<em>aile<\/em>\u00a0ou\u00a0<em>ail\u00e9<\/em>\u00a0(composant de nombreux mots de notre vocabulaire entomologique, comme apt\u00e8re ou dipt\u00e8re). Lorsque Brauer a cr\u00e9\u00e9 ce nom de genre en 1864, il a voulu insister sur la similarit\u00e9 des ailes avec celles\u2026 des zygopt\u00e8res (ou Agrion pour Fabricius), citant le genre Euphaea ou les Calopterygidae.<br><strong>Insignis<\/strong>, du latin<em> insignis<\/em> pour distinctif, <em>remarquable<\/em> (<em>insigne<\/em>) et Rambur \u00e9crit : \u00ab\u00a0Cette esp\u00e8ce est tr\u00e8s-remarquable par l&rsquo;\u00e9troitesse de la base des ailes inf\u00e9rieures.\u00a0\u00bb.<br><br>Noter que dans le langage vernaculaire anglais, il est appel\u00e9 Grenadier (tout court), son cousin A. sexlineata Handsome Grenadier. Mais Lathrecista asiatica est nomm\u00e9 Scarlet Grenadier, tandis que Nesoxenia lineata est le Stripped Grenadier. Le terme Grenadier est donc utilis\u00e9 pour des genres diff\u00e9rents&#8230;<br>Je suppose que ce terme vient du r\u00e9giment d&rsquo;infanterie indienne (avant l&rsquo;ind\u00e9pendance), The Grenadier, dont l&rsquo;habit comportait une longue tunique rouge sur un pantalon bleu, car ces odonates portent tous, \u00e0 un degr\u00e9 variable, du rouge et du bleu.<\/p>\n\n\n\n<div style=\"height:30px\" aria-hidden=\"true\" class=\"wp-block-spacer\"><\/div>\n\n\n\n<p>1- Rambur, Jules, 1842 \u2013&nbsp;<a href=\"https:\/\/gallica.bnf.fr\/ark:\/12148\/bpt6k61025298\/f145.item\" target=\"_blank\" rel=\"noreferrer noopener\"><em>Histoire naturelle des insectes. N\u00e9vropt\u00e8res<\/em><\/a>&nbsp;\u2013 Librairie Encyclop\u00e9dique de Roret. pp.&nbsp;534 [123]<br>2- Robin Ngiam &amp; Marcus Ng &#8211; A photographic guide to the Dragonflies and Damselflies of Singapore &#8211; John Beaufoy Publishing \u2013 2022<br>3- <a href=\"https:\/\/www.researchgate.net\/publication\/283318421_The_Naming_of_Australia's_Dragonflies\">The Naming of Australia\u2019s Dragonflies<\/a>, Ian Endersby &amp; Heinrich Fliedner, Busybird Publishing 2015<\/p>\n\n\n\n<div style=\"height:30px\" aria-hidden=\"true\" class=\"wp-block-spacer\"><\/div>\n\n\n\n<div class=\"wp-block-buttons is-vertical is-layout-flex wp-container-core-buttons-is-layout-fe9cc265 wp-block-buttons-is-layout-flex\">\n<div class=\"wp-block-button\"><a class=\"wp-block-button__link wp-element-button\" href=\"https:\/\/www.meslibellules.fr\/blog\/odonates-du-sarawak\/\">Accueil Sarawak<\/a><\/div>\n\n\n\n<div class=\"wp-block-button\"><a class=\"wp-block-button__link wp-element-button\" href=\"https:\/\/www.meslibellules.fr\/pagesweb\/divers\/liste-generale-odonates-du-site\/asia-odonates.php\">Listes des Odonates d&rsquo;Asie<\/a><\/div>\n\n\n\n<div class=\"wp-block-button\"><a class=\"wp-block-button__link wp-element-button\" href=\"https:\/\/www.meslibellules.fr\/pagesweb\/divers\/liste-generale-odonates-du-site\/all-odonates.php\">Listes continentales<\/a><\/div>\n<\/div>\n\n\n\n<p><\/p>\n","protected":false},"excerpt":{"rendered":"<p>J&rsquo;avais d\u00e9j\u00e0 rencontr\u00e9 Agrionoptera insignis m\u00e2le en Malaisie en 2013, dans de mauvaises conditions, puis en 2022, m\u00e2les et femelles, dans le nord de l&rsquo;Australie (Territoire du Nord, puis extr\u00eame nord du Queensland), la sous-esp\u00e8ce que l&rsquo;on appelle allogenes. \u00c0 l&rsquo;\u00e9poque, je ne savais pas ce qui distinguait cette sous-esp\u00e8ce des autres et je ne [&hellip;]<\/p>\n","protected":false},"author":1,"featured_media":0,"comment_status":"open","ping_status":"open","sticky":false,"template":"","format":"image","meta":{"site-sidebar-layout":"default","site-content-layout":"","ast-site-content-layout":"default","site-content-style":"default","site-sidebar-style":"default","ast-global-header-display":"","ast-banner-title-visibility":"","ast-main-header-display":"","ast-hfb-above-header-display":"","ast-hfb-below-header-display":"","ast-hfb-mobile-header-display":"","site-post-title":"","ast-breadcrumbs-content":"","ast-featured-img":"","footer-sml-layout":"","ast-disable-related-posts":"","theme-transparent-header-meta":"","adv-header-id-meta":"","stick-header-meta":"","header-above-stick-meta":"","header-main-stick-meta":"","header-below-stick-meta":"","astra-migrate-meta-layouts":"set","ast-page-background-enabled":"default","ast-page-background-meta":{"desktop":{"background-color":"var(--ast-global-color-4)","background-image":"","background-repeat":"repeat","background-position":"center center","background-size":"auto","background-attachment":"scroll","background-type":"","background-media":"","overlay-type":"","overlay-color":"","overlay-opacity":"","overlay-gradient":""},"tablet":{"background-color":"","background-image":"","background-repeat":"repeat","background-position":"center center","background-size":"auto","background-attachment":"scroll","background-type":"","background-media":"","overlay-type":"","overlay-color":"","overlay-opacity":"","overlay-gradient":""},"mobile":{"background-color":"","background-image":"","background-repeat":"repeat","background-position":"center center","background-size":"auto","background-attachment":"scroll","background-type":"","background-media":"","overlay-type":"","overlay-color":"","overlay-opacity":"","overlay-gradient":""}},"ast-content-background-meta":{"desktop":{"background-color":"var(--ast-global-color-5)","background-image":"","background-repeat":"repeat","background-position":"center center","background-size":"auto","background-attachment":"scroll","background-type":"","background-media":"","overlay-type":"","overlay-color":"","overlay-opacity":"","overlay-gradient":""},"tablet":{"background-color":"var(--ast-global-color-5)","background-image":"","background-repeat":"repeat","background-position":"center center","background-size":"auto","background-attachment":"scroll","background-type":"","background-media":"","overlay-type":"","overlay-color":"","overlay-opacity":"","overlay-gradient":""},"mobile":{"background-color":"var(--ast-global-color-5)","background-image":"","background-repeat":"repeat","background-position":"center center","background-size":"auto","background-attachment":"scroll","background-type":"","background-media":"","overlay-type":"","overlay-color":"","overlay-opacity":"","overlay-gradient":""}},"footnotes":""},"categories":[38596,38606],"tags":[38599,38617],"class_list":["post-25554","post","type-post","status-publish","format-image","hentry","category-borneo-sarawak","category-libellulidae-borneo-sarawak","tag-borneo-sarawak","tag-libellulidae-borneo-2","post_format-post-format-image"],"yoast_head":"<!-- This site is optimized with the Yoast SEO plugin v27.5 - https:\/\/yoast.com\/product\/yoast-seo-wordpress\/ -->\n<title>Agrionoptera insignis m\u00e2le - Mes Libellules<\/title>\n<meta name=\"description\" content=\"Agrionoptera insignis m\u00e2le au Sarawak, description, identification, taille, habitat, distribution g\u00e9ographique, \u00e9tymologie\" \/>\n<meta name=\"robots\" content=\"index, follow, max-snippet:-1, max-image-preview:large, max-video-preview:-1\" \/>\n<link rel=\"canonical\" href=\"https:\/\/www.meslibellules.fr\/blog\/2025\/07\/22\/agrionoptera-insignis\/\" \/>\n<meta property=\"og:locale\" content=\"fr_FR\" \/>\n<meta property=\"og:type\" content=\"article\" \/>\n<meta property=\"og:title\" content=\"Agrionoptera insignis m\u00e2le - Mes Libellules\" \/>\n<meta property=\"og:description\" content=\"Agrionoptera insignis m\u00e2le au Sarawak, description, identification, taille, habitat, distribution g\u00e9ographique, \u00e9tymologie\" \/>\n<meta property=\"og:url\" content=\"https:\/\/www.meslibellules.fr\/blog\/2025\/07\/22\/agrionoptera-insignis\/\" \/>\n<meta property=\"og:site_name\" content=\"Mes Libellules\" \/>\n<meta property=\"article:publisher\" content=\"https:\/\/www.facebook.com\/benoit.guillon.96\/\" \/>\n<meta property=\"article:author\" content=\"https:\/\/www.facebook.com\/benoit.guillon.96\/\" \/>\n<meta property=\"article:published_time\" content=\"2025-07-22T04:56:25+00:00\" \/>\n<meta property=\"article:modified_time\" content=\"2025-07-22T04:56:27+00:00\" \/>\n<meta property=\"og:image\" content=\"https:\/\/www.meslibellules.fr\/blog\/wp-content\/uploads\/Agrionoptera-insignis-male-1-1.webp\" \/>\n\t<meta property=\"og:image:width\" content=\"1683\" \/>\n\t<meta property=\"og:image:height\" content=\"1504\" \/>\n\t<meta property=\"og:image:type\" content=\"image\/webp\" \/>\n<meta name=\"author\" content=\"Beno\u00eet Guillon\" \/>\n<meta name=\"twitter:card\" content=\"summary_large_image\" \/>\n<meta name=\"twitter:label1\" content=\"\u00c9crit par\" \/>\n\t<meta name=\"twitter:data1\" content=\"Beno\u00eet Guillon\" \/>\n\t<meta name=\"twitter:label2\" content=\"Dur\u00e9e de lecture estim\u00e9e\" \/>\n\t<meta name=\"twitter:data2\" content=\"3 minutes\" \/>\n<script type=\"application\/ld+json\" class=\"yoast-schema-graph\">{\"@context\":\"https:\\\/\\\/schema.org\",\"@graph\":[{\"@type\":\"Article\",\"@id\":\"https:\\\/\\\/www.meslibellules.fr\\\/blog\\\/2025\\\/07\\\/22\\\/agrionoptera-insignis\\\/#article\",\"isPartOf\":{\"@id\":\"https:\\\/\\\/www.meslibellules.fr\\\/blog\\\/2025\\\/07\\\/22\\\/agrionoptera-insignis\\\/\"},\"author\":{\"name\":\"Beno\u00eet Guillon\",\"@id\":\"https:\\\/\\\/www.meslibellules.fr\\\/blog\\\/#\\\/schema\\\/person\\\/9aa3586f9dd053fcf329f43b8b053c77\"},\"headline\":\"Born\u00e9o &#8211; Agrionoptera insignis (Rambur, 1842)\",\"datePublished\":\"2025-07-22T04:56:25+00:00\",\"dateModified\":\"2025-07-22T04:56:27+00:00\",\"mainEntityOfPage\":{\"@id\":\"https:\\\/\\\/www.meslibellules.fr\\\/blog\\\/2025\\\/07\\\/22\\\/agrionoptera-insignis\\\/\"},\"wordCount\":599,\"commentCount\":0,\"publisher\":{\"@id\":\"https:\\\/\\\/www.meslibellules.fr\\\/blog\\\/#\\\/schema\\\/person\\\/9aa3586f9dd053fcf329f43b8b053c77\"},\"image\":{\"@id\":\"https:\\\/\\\/www.meslibellules.fr\\\/blog\\\/2025\\\/07\\\/22\\\/agrionoptera-insignis\\\/#primaryimage\"},\"thumbnailUrl\":\"https:\\\/\\\/www.meslibellules.fr\\\/blog\\\/wp-content\\\/uploads\\\/Agrionoptera-insignis-male-1-1.webp\",\"keywords\":[\"Born\u00e9o - Sarawak\",\"Libellulidae - Born\u00e9o\"],\"articleSection\":[\"Born\u00e9o -Sarawak\",\"Libellulidae\"],\"inLanguage\":\"fr-FR\",\"potentialAction\":[{\"@type\":\"CommentAction\",\"name\":\"Comment\",\"target\":[\"https:\\\/\\\/www.meslibellules.fr\\\/blog\\\/2025\\\/07\\\/22\\\/agrionoptera-insignis\\\/#respond\"]}]},{\"@type\":\"WebPage\",\"@id\":\"https:\\\/\\\/www.meslibellules.fr\\\/blog\\\/2025\\\/07\\\/22\\\/agrionoptera-insignis\\\/\",\"url\":\"https:\\\/\\\/www.meslibellules.fr\\\/blog\\\/2025\\\/07\\\/22\\\/agrionoptera-insignis\\\/\",\"name\":\"Agrionoptera insignis m\u00e2le - Mes Libellules\",\"isPartOf\":{\"@id\":\"https:\\\/\\\/www.meslibellules.fr\\\/blog\\\/#website\"},\"primaryImageOfPage\":{\"@id\":\"https:\\\/\\\/www.meslibellules.fr\\\/blog\\\/2025\\\/07\\\/22\\\/agrionoptera-insignis\\\/#primaryimage\"},\"image\":{\"@id\":\"https:\\\/\\\/www.meslibellules.fr\\\/blog\\\/2025\\\/07\\\/22\\\/agrionoptera-insignis\\\/#primaryimage\"},\"thumbnailUrl\":\"https:\\\/\\\/www.meslibellules.fr\\\/blog\\\/wp-content\\\/uploads\\\/Agrionoptera-insignis-male-1-1.webp\",\"datePublished\":\"2025-07-22T04:56:25+00:00\",\"dateModified\":\"2025-07-22T04:56:27+00:00\",\"description\":\"Agrionoptera insignis m\u00e2le au Sarawak, description, identification, taille, habitat, distribution g\u00e9ographique, \u00e9tymologie\",\"breadcrumb\":{\"@id\":\"https:\\\/\\\/www.meslibellules.fr\\\/blog\\\/2025\\\/07\\\/22\\\/agrionoptera-insignis\\\/#breadcrumb\"},\"inLanguage\":\"fr-FR\",\"potentialAction\":[{\"@type\":\"ReadAction\",\"target\":[\"https:\\\/\\\/www.meslibellules.fr\\\/blog\\\/2025\\\/07\\\/22\\\/agrionoptera-insignis\\\/\"]}]},{\"@type\":\"ImageObject\",\"inLanguage\":\"fr-FR\",\"@id\":\"https:\\\/\\\/www.meslibellules.fr\\\/blog\\\/2025\\\/07\\\/22\\\/agrionoptera-insignis\\\/#primaryimage\",\"url\":\"https:\\\/\\\/www.meslibellules.fr\\\/blog\\\/wp-content\\\/uploads\\\/Agrionoptera-insignis-male-1-1.webp\",\"contentUrl\":\"https:\\\/\\\/www.meslibellules.fr\\\/blog\\\/wp-content\\\/uploads\\\/Agrionoptera-insignis-male-1-1.webp\"},{\"@type\":\"BreadcrumbList\",\"@id\":\"https:\\\/\\\/www.meslibellules.fr\\\/blog\\\/2025\\\/07\\\/22\\\/agrionoptera-insignis\\\/#breadcrumb\",\"itemListElement\":[{\"@type\":\"ListItem\",\"position\":1,\"name\":\"Accueil\",\"item\":\"https:\\\/\\\/www.meslibellules.fr\\\/blog\\\/\"},{\"@type\":\"ListItem\",\"position\":2,\"name\":\"Born\u00e9o &#8211; Agrionoptera insignis (Rambur, 1842)\"}]},{\"@type\":\"WebSite\",\"@id\":\"https:\\\/\\\/www.meslibellules.fr\\\/blog\\\/#website\",\"url\":\"https:\\\/\\\/www.meslibellules.fr\\\/blog\\\/\",\"name\":\"Mes Libellules\",\"description\":\"Pr\u00e9sentation des libellules rencontr\u00e9es dans le monde\",\"publisher\":{\"@id\":\"https:\\\/\\\/www.meslibellules.fr\\\/blog\\\/#\\\/schema\\\/person\\\/9aa3586f9dd053fcf329f43b8b053c77\"},\"potentialAction\":[{\"@type\":\"SearchAction\",\"target\":{\"@type\":\"EntryPoint\",\"urlTemplate\":\"https:\\\/\\\/www.meslibellules.fr\\\/blog\\\/?s={search_term_string}\"},\"query-input\":{\"@type\":\"PropertyValueSpecification\",\"valueRequired\":true,\"valueName\":\"search_term_string\"}}],\"inLanguage\":\"fr-FR\"},{\"@type\":[\"Person\",\"Organization\"],\"@id\":\"https:\\\/\\\/www.meslibellules.fr\\\/blog\\\/#\\\/schema\\\/person\\\/9aa3586f9dd053fcf329f43b8b053c77\",\"name\":\"Beno\u00eet Guillon\",\"image\":{\"@type\":\"ImageObject\",\"inLanguage\":\"fr-FR\",\"@id\":\"https:\\\/\\\/www.meslibellules.fr\\\/blog\\\/wp-content\\\/uploads\\\/cropped-avatar-150-pix.jpg\",\"url\":\"https:\\\/\\\/www.meslibellules.fr\\\/blog\\\/wp-content\\\/uploads\\\/cropped-avatar-150-pix.jpg\",\"contentUrl\":\"https:\\\/\\\/www.meslibellules.fr\\\/blog\\\/wp-content\\\/uploads\\\/cropped-avatar-150-pix.jpg\",\"width\":150,\"height\":137,\"caption\":\"Beno\u00eet Guillon\"},\"logo\":{\"@id\":\"https:\\\/\\\/www.meslibellules.fr\\\/blog\\\/wp-content\\\/uploads\\\/cropped-avatar-150-pix.jpg\"},\"sameAs\":[\"https:\\\/\\\/www.facebook.com\\\/benoit.guillon.96\\\/\"]}]}<\/script>\n<!-- \/ Yoast SEO plugin. -->","yoast_head_json":{"title":"Agrionoptera insignis m\u00e2le - Mes Libellules","description":"Agrionoptera insignis m\u00e2le au Sarawak, description, identification, taille, habitat, distribution g\u00e9ographique, \u00e9tymologie","robots":{"index":"index","follow":"follow","max-snippet":"max-snippet:-1","max-image-preview":"max-image-preview:large","max-video-preview":"max-video-preview:-1"},"canonical":"https:\/\/www.meslibellules.fr\/blog\/2025\/07\/22\/agrionoptera-insignis\/","og_locale":"fr_FR","og_type":"article","og_title":"Agrionoptera insignis m\u00e2le - Mes Libellules","og_description":"Agrionoptera insignis m\u00e2le au Sarawak, description, identification, taille, habitat, distribution g\u00e9ographique, \u00e9tymologie","og_url":"https:\/\/www.meslibellules.fr\/blog\/2025\/07\/22\/agrionoptera-insignis\/","og_site_name":"Mes Libellules","article_publisher":"https:\/\/www.facebook.com\/benoit.guillon.96\/","article_author":"https:\/\/www.facebook.com\/benoit.guillon.96\/","article_published_time":"2025-07-22T04:56:25+00:00","article_modified_time":"2025-07-22T04:56:27+00:00","og_image":[{"width":1683,"height":1504,"url":"https:\/\/www.meslibellules.fr\/blog\/wp-content\/uploads\/Agrionoptera-insignis-male-1-1.webp","type":"image\/webp"}],"author":"Beno\u00eet Guillon","twitter_card":"summary_large_image","twitter_misc":{"\u00c9crit par":"Beno\u00eet Guillon","Dur\u00e9e de lecture estim\u00e9e":"3 minutes"},"schema":{"@context":"https:\/\/schema.org","@graph":[{"@type":"Article","@id":"https:\/\/www.meslibellules.fr\/blog\/2025\/07\/22\/agrionoptera-insignis\/#article","isPartOf":{"@id":"https:\/\/www.meslibellules.fr\/blog\/2025\/07\/22\/agrionoptera-insignis\/"},"author":{"name":"Beno\u00eet Guillon","@id":"https:\/\/www.meslibellules.fr\/blog\/#\/schema\/person\/9aa3586f9dd053fcf329f43b8b053c77"},"headline":"Born\u00e9o &#8211; Agrionoptera insignis (Rambur, 1842)","datePublished":"2025-07-22T04:56:25+00:00","dateModified":"2025-07-22T04:56:27+00:00","mainEntityOfPage":{"@id":"https:\/\/www.meslibellules.fr\/blog\/2025\/07\/22\/agrionoptera-insignis\/"},"wordCount":599,"commentCount":0,"publisher":{"@id":"https:\/\/www.meslibellules.fr\/blog\/#\/schema\/person\/9aa3586f9dd053fcf329f43b8b053c77"},"image":{"@id":"https:\/\/www.meslibellules.fr\/blog\/2025\/07\/22\/agrionoptera-insignis\/#primaryimage"},"thumbnailUrl":"https:\/\/www.meslibellules.fr\/blog\/wp-content\/uploads\/Agrionoptera-insignis-male-1-1.webp","keywords":["Born\u00e9o - Sarawak","Libellulidae - Born\u00e9o"],"articleSection":["Born\u00e9o -Sarawak","Libellulidae"],"inLanguage":"fr-FR","potentialAction":[{"@type":"CommentAction","name":"Comment","target":["https:\/\/www.meslibellules.fr\/blog\/2025\/07\/22\/agrionoptera-insignis\/#respond"]}]},{"@type":"WebPage","@id":"https:\/\/www.meslibellules.fr\/blog\/2025\/07\/22\/agrionoptera-insignis\/","url":"https:\/\/www.meslibellules.fr\/blog\/2025\/07\/22\/agrionoptera-insignis\/","name":"Agrionoptera insignis m\u00e2le - Mes Libellules","isPartOf":{"@id":"https:\/\/www.meslibellules.fr\/blog\/#website"},"primaryImageOfPage":{"@id":"https:\/\/www.meslibellules.fr\/blog\/2025\/07\/22\/agrionoptera-insignis\/#primaryimage"},"image":{"@id":"https:\/\/www.meslibellules.fr\/blog\/2025\/07\/22\/agrionoptera-insignis\/#primaryimage"},"thumbnailUrl":"https:\/\/www.meslibellules.fr\/blog\/wp-content\/uploads\/Agrionoptera-insignis-male-1-1.webp","datePublished":"2025-07-22T04:56:25+00:00","dateModified":"2025-07-22T04:56:27+00:00","description":"Agrionoptera insignis m\u00e2le au Sarawak, description, identification, taille, habitat, distribution g\u00e9ographique, \u00e9tymologie","breadcrumb":{"@id":"https:\/\/www.meslibellules.fr\/blog\/2025\/07\/22\/agrionoptera-insignis\/#breadcrumb"},"inLanguage":"fr-FR","potentialAction":[{"@type":"ReadAction","target":["https:\/\/www.meslibellules.fr\/blog\/2025\/07\/22\/agrionoptera-insignis\/"]}]},{"@type":"ImageObject","inLanguage":"fr-FR","@id":"https:\/\/www.meslibellules.fr\/blog\/2025\/07\/22\/agrionoptera-insignis\/#primaryimage","url":"https:\/\/www.meslibellules.fr\/blog\/wp-content\/uploads\/Agrionoptera-insignis-male-1-1.webp","contentUrl":"https:\/\/www.meslibellules.fr\/blog\/wp-content\/uploads\/Agrionoptera-insignis-male-1-1.webp"},{"@type":"BreadcrumbList","@id":"https:\/\/www.meslibellules.fr\/blog\/2025\/07\/22\/agrionoptera-insignis\/#breadcrumb","itemListElement":[{"@type":"ListItem","position":1,"name":"Accueil","item":"https:\/\/www.meslibellules.fr\/blog\/"},{"@type":"ListItem","position":2,"name":"Born\u00e9o &#8211; Agrionoptera insignis (Rambur, 1842)"}]},{"@type":"WebSite","@id":"https:\/\/www.meslibellules.fr\/blog\/#website","url":"https:\/\/www.meslibellules.fr\/blog\/","name":"Mes Libellules","description":"Pr\u00e9sentation des libellules rencontr\u00e9es dans le monde","publisher":{"@id":"https:\/\/www.meslibellules.fr\/blog\/#\/schema\/person\/9aa3586f9dd053fcf329f43b8b053c77"},"potentialAction":[{"@type":"SearchAction","target":{"@type":"EntryPoint","urlTemplate":"https:\/\/www.meslibellules.fr\/blog\/?s={search_term_string}"},"query-input":{"@type":"PropertyValueSpecification","valueRequired":true,"valueName":"search_term_string"}}],"inLanguage":"fr-FR"},{"@type":["Person","Organization"],"@id":"https:\/\/www.meslibellules.fr\/blog\/#\/schema\/person\/9aa3586f9dd053fcf329f43b8b053c77","name":"Beno\u00eet Guillon","image":{"@type":"ImageObject","inLanguage":"fr-FR","@id":"https:\/\/www.meslibellules.fr\/blog\/wp-content\/uploads\/cropped-avatar-150-pix.jpg","url":"https:\/\/www.meslibellules.fr\/blog\/wp-content\/uploads\/cropped-avatar-150-pix.jpg","contentUrl":"https:\/\/www.meslibellules.fr\/blog\/wp-content\/uploads\/cropped-avatar-150-pix.jpg","width":150,"height":137,"caption":"Beno\u00eet Guillon"},"logo":{"@id":"https:\/\/www.meslibellules.fr\/blog\/wp-content\/uploads\/cropped-avatar-150-pix.jpg"},"sameAs":["https:\/\/www.facebook.com\/benoit.guillon.96\/"]}]}},"_links":{"self":[{"href":"https:\/\/www.meslibellules.fr\/blog\/wp-json\/wp\/v2\/posts\/25554","targetHints":{"allow":["GET"]}}],"collection":[{"href":"https:\/\/www.meslibellules.fr\/blog\/wp-json\/wp\/v2\/posts"}],"about":[{"href":"https:\/\/www.meslibellules.fr\/blog\/wp-json\/wp\/v2\/types\/post"}],"author":[{"embeddable":true,"href":"https:\/\/www.meslibellules.fr\/blog\/wp-json\/wp\/v2\/users\/1"}],"replies":[{"embeddable":true,"href":"https:\/\/www.meslibellules.fr\/blog\/wp-json\/wp\/v2\/comments?post=25554"}],"version-history":[{"count":7,"href":"https:\/\/www.meslibellules.fr\/blog\/wp-json\/wp\/v2\/posts\/25554\/revisions"}],"predecessor-version":[{"id":25585,"href":"https:\/\/www.meslibellules.fr\/blog\/wp-json\/wp\/v2\/posts\/25554\/revisions\/25585"}],"wp:attachment":[{"href":"https:\/\/www.meslibellules.fr\/blog\/wp-json\/wp\/v2\/media?parent=25554"}],"wp:term":[{"taxonomy":"category","embeddable":true,"href":"https:\/\/www.meslibellules.fr\/blog\/wp-json\/wp\/v2\/categories?post=25554"},{"taxonomy":"post_tag","embeddable":true,"href":"https:\/\/www.meslibellules.fr\/blog\/wp-json\/wp\/v2\/tags?post=25554"}],"curies":[{"name":"wp","href":"https:\/\/api.w.org\/{rel}","templated":true}]}}