{"id":25572,"date":"2025-07-23T18:45:15","date_gmt":"2025-07-23T16:45:15","guid":{"rendered":"https:\/\/www.meslibellules.fr\/blog\/?p=25572"},"modified":"2026-01-09T21:52:13","modified_gmt":"2026-01-09T20:52:13","slug":"nesoxenia-lineata","status":"publish","type":"post","link":"https:\/\/www.meslibellules.fr\/blog\/2025\/07\/23\/nesoxenia-lineata\/","title":{"rendered":"Born\u00e9o, Sarawak &#8211; Nesoxenia lineata (Selys, 1879)"},"content":{"rendered":"\n<figure class=\"wp-block-image aligncenter size-full is-resized\"><a href=\"https:\/\/www.meslibellules.fr\/blog\/wp-content\/uploads\/Nesonexia-lineata-male-3.webp\"><img decoding=\"async\" width=\"1687\" height=\"1204\" data-src=\"https:\/\/www.meslibellules.fr\/blog\/wp-content\/uploads\/Nesonexia-lineata-male-3.webp\" alt=\"Nesonexia lineata m\u00e2le, Born\u00e9o, Sabal National Park, 31\/03\/2025\" class=\"wp-image-25571 lazyload\" style=\"--smush-placeholder-width: 1687px; --smush-placeholder-aspect-ratio: 1687\/1204;width:518px;height:auto\" data-srcset=\"https:\/\/www.meslibellules.fr\/blog\/wp-content\/uploads\/Nesonexia-lineata-male-3.webp 1687w, https:\/\/www.meslibellules.fr\/blog\/wp-content\/uploads\/Nesonexia-lineata-male-3-768x548.webp 768w, https:\/\/www.meslibellules.fr\/blog\/wp-content\/uploads\/Nesonexia-lineata-male-3-1536x1096.webp 1536w\" data-sizes=\"(max-width: 1687px) 100vw, 1687px\" src=\"data:image\/svg+xml;base64,PHN2ZyB3aWR0aD0iMSIgaGVpZ2h0PSIxIiB4bWxucz0iaHR0cDovL3d3dy53My5vcmcvMjAwMC9zdmciPjwvc3ZnPg==\" \/><\/a><figcaption class=\"wp-element-caption\">Nesonexia lineata m\u00e2le, Born\u00e9o, Sabal National Park, 31\/03\/2025<\/figcaption><\/figure>\n\n\n\n<p>Nesoxenia lineata fait partie d&rsquo;un genre qui ne comporte que deux esp\u00e8ces, mais N. mysis n&rsquo;est pas pr\u00e9sent \u00e0 Born\u00e9o.<br>Il n&#8217;emp\u00eache que la confusion avec d&rsquo;autres esp\u00e8ces est facile et j&rsquo;ai eu du mal \u00e0 les diff\u00e9rencier. Il est en particulier tr\u00e8s proche de <a href=\"https:\/\/www.meslibellules.fr\/blog\/wp-content\/uploads\/Agrionoptera-sexlineata-male-3.webp\">Agrionoptera sexlineata<\/a>.<br>Je ne savais d&rsquo;ailleurs pas en \u00e9crivant ces lignes que Selys l&rsquo;avait d\u00e9crit sous le nom d&rsquo;<em>Agrionoptera lineata<\/em> (1). Il a ensuite propos\u00e9 en 1889 d&rsquo;appeler les A. lineata, dont le triangle disco\u00efdal n&rsquo;est pas travers\u00e9 par une veine (un exemplaire de Malacca (Malaisie)), du nom de A. malaccensis (2). Ce qui est \u00e9tonnant est que dans un ouvrage sur les Odonates de Birmanie (3) en 1891, il rappelle qu&rsquo;il a fait cette proposition en 1878, soit avant d&rsquo;avoir d\u00e9crit A. lineata&#8230; Je ne sais pas s&rsquo;il s&rsquo;agit d&rsquo;une erreur de ma part, car trouver toutes les occurrences ou Selys a \u00e9voqu\u00e9 une esp\u00e8ce est difficilement exhaustif, ou d&rsquo;une erreur de Selys qui aurait le droit de se perdre dans le volume consid\u00e9rable de ses publications.<br><br>Nesoxenia lineata et <a href=\"https:\/\/www.meslibellules.fr\/blog\/wp-content\/uploads\/Agrionoptera-sexlineata-male-2.webp\">Agrionoptera sexlineata<\/a> ont tous les deux un thorax ray\u00e9 de lignes claires, l&rsquo;espace interalaire et les premiers segments plus ou moins couverts de pruine, puis ils sont rouges, puis noirs sur le reste de l&rsquo;abdomen. Mais Nesoxenia lineata montre la base des yeux gris-bleu (jaune pour A. sexlineata), ses lignes thoraciques jaunes sont fines et espac\u00e9es (plus larges et serr\u00e9es pour A. sexlineata), ses segments 6, 7 et 8 sont rouge vif (6 et 7 seulement pour le <em>Handsome Grenadier<\/em>).<\/p>\n\n\n\n<figure class=\"wp-block-image aligncenter size-full is-resized\"><a href=\"https:\/\/www.meslibellules.fr\/blog\/wp-content\/uploads\/Nesonexia-lineata-male-1.webp\"><img decoding=\"async\" width=\"1862\" height=\"1204\" data-src=\"https:\/\/www.meslibellules.fr\/blog\/wp-content\/uploads\/Nesonexia-lineata-male-1.webp\" alt=\"Nesoxenia lineata m\u00e2le, Born\u00e9o, Sabal National Park, 31\/03\/2025\" class=\"wp-image-25547 lazyload\" style=\"--smush-placeholder-width: 1862px; --smush-placeholder-aspect-ratio: 1862\/1204;width:532px;height:auto\" data-srcset=\"https:\/\/www.meslibellules.fr\/blog\/wp-content\/uploads\/Nesonexia-lineata-male-1.webp 1862w, https:\/\/www.meslibellules.fr\/blog\/wp-content\/uploads\/Nesonexia-lineata-male-1-768x497.webp 768w, https:\/\/www.meslibellules.fr\/blog\/wp-content\/uploads\/Nesonexia-lineata-male-1-1536x993.webp 1536w\" data-sizes=\"(max-width: 1862px) 100vw, 1862px\" src=\"data:image\/svg+xml;base64,PHN2ZyB3aWR0aD0iMSIgaGVpZ2h0PSIxIiB4bWxucz0iaHR0cDovL3d3dy53My5vcmcvMjAwMC9zdmciPjwvc3ZnPg==\" \/><\/a><figcaption class=\"wp-element-caption\">Nesoxenia lineata m\u00e2le, Born\u00e9o, Sabal National Park, 31\/03\/2025<\/figcaption><\/figure>\n\n\n\n<p>Deux autres Libellulidae montrent un abdomen rouge et des lignes claires sur le thorax ; <a href=\"https:\/\/www.meslibellules.fr\/voyages\/malaisie\/lathrecista-asiatica\/lathrecista-asiatica-male-2\/lathrecista-asiatica-male-6big.jpg\">Lathrecista asiatica<\/a> et <a href=\"https:\/\/www.meslibellules.fr\/blog\/wp-content\/uploads\/Agrionoptera-insignis-male-1-1.webp\">Agrionoptera insignis<\/a>. Mais tous les deux ont beaucoup plus de segments rouges.<br><br>Il mesure 34 \u00e0 37 mm.<br>Il aime les mares des zones mar\u00e9cageuses en for\u00eat, bien \u00e0 l&rsquo;ombre, ce qui explique l&rsquo;environnement sombre de mes photos.<\/p>\n\n\n\n<figure class=\"wp-block-image aligncenter size-full is-resized\"><a href=\"https:\/\/www.meslibellules.fr\/blog\/wp-content\/uploads\/Nesonexia-lineata-male-2.webp\"><img decoding=\"async\" width=\"1470\" height=\"1204\" data-src=\"https:\/\/www.meslibellules.fr\/blog\/wp-content\/uploads\/Nesonexia-lineata-male-2.webp\" alt=\"Nesoxenia lineata m\u00e2le, Born\u00e9o, Sabal National Park, 31\/03\/2025\" class=\"wp-image-25570 lazyload\" style=\"--smush-placeholder-width: 1470px; --smush-placeholder-aspect-ratio: 1470\/1204;width:545px;height:auto\" data-srcset=\"https:\/\/www.meslibellules.fr\/blog\/wp-content\/uploads\/Nesonexia-lineata-male-2.webp 1470w, https:\/\/www.meslibellules.fr\/blog\/wp-content\/uploads\/Nesonexia-lineata-male-2-768x629.webp 768w\" data-sizes=\"(max-width: 1470px) 100vw, 1470px\" src=\"data:image\/svg+xml;base64,PHN2ZyB3aWR0aD0iMSIgaGVpZ2h0PSIxIiB4bWxucz0iaHR0cDovL3d3dy53My5vcmcvMjAwMC9zdmciPjwvc3ZnPg==\" \/><\/a><figcaption class=\"wp-element-caption\">Nesoxenia lineata m\u00e2le, Born\u00e9o, Sabal National Park, 31\/03\/2025<\/figcaption><\/figure>\n\n\n\n<p>Sa distribution est limit\u00e9e au sud de la Malaisie Continentale et Singapour, Sumatra, Java, Born\u00e9o, Sulawesi (C\u00e9l\u00e8bes) et aux Philippines.<br>Ci-dessous une femelle que j&rsquo;ai d&rsquo;abord identifi\u00e9e comme <a href=\"https:\/\/www.meslibellules.fr\/blog\/wp-content\/uploads\/agrionoptera-insignis-male-1.webp\">Agrionoptera insignis<\/a> ; mais celle-ci est beaucoup plus jaune sur le thorax, sans ces lignes sombres bien d\u00e9finies. <a href=\"https:\/\/www.inaturalist.org\/observations\/299447405\" target=\"_blank\" rel=\"noreferrer noopener\">Merci \u00e0 Budak<\/a> de m&rsquo;avoir corrig\u00e9. J&rsquo;avais rencontr\u00e9 <a href=\"https:\/\/www.meslibellules.fr\/voyages\/malaisie\/nesoxenia-lineata\/nesoxenia-lineata.php\" target=\"_blank\" rel=\"noreferrer noopener\">une tr\u00e8s jeune femelle<\/a> en Malaisie Continentale en 2013.<\/p>\n\n\n\n<figure class=\"wp-block-image aligncenter size-full is-resized\"><a href=\"https:\/\/www.meslibellules.fr\/blog\/wp-content\/uploads\/Nesonexia-lineata-femelle-1.webp\"><img decoding=\"async\" width=\"1837\" height=\"1204\" data-src=\"https:\/\/www.meslibellules.fr\/blog\/wp-content\/uploads\/Nesonexia-lineata-femelle-1.webp\" alt=\"Nesoxenia lineata femelle, Born\u00e9o, Matang Wildlife Center, 19\/03\/2025\" class=\"wp-image-25569 lazyload\" style=\"--smush-placeholder-width: 1837px; --smush-placeholder-aspect-ratio: 1837\/1204;width:507px;height:auto\" data-srcset=\"https:\/\/www.meslibellules.fr\/blog\/wp-content\/uploads\/Nesonexia-lineata-femelle-1.webp 1837w, https:\/\/www.meslibellules.fr\/blog\/wp-content\/uploads\/Nesonexia-lineata-femelle-1-768x503.webp 768w, https:\/\/www.meslibellules.fr\/blog\/wp-content\/uploads\/Nesonexia-lineata-femelle-1-1536x1007.webp 1536w\" data-sizes=\"(max-width: 1837px) 100vw, 1837px\" src=\"data:image\/svg+xml;base64,PHN2ZyB3aWR0aD0iMSIgaGVpZ2h0PSIxIiB4bWxucz0iaHR0cDovL3d3dy53My5vcmcvMjAwMC9zdmciPjwvc3ZnPg==\" \/><\/a><figcaption class=\"wp-element-caption\">Nesoxenia lineata femelle, Born\u00e9o, Matang Wildlife Center, 19\/03\/2025<\/figcaption><\/figure>\n\n\n\n<p>Le genre <strong>Nesoxenia<\/strong> a \u00e9t\u00e9 cr\u00e9\u00e9 par Kirby en 1889 pour Nesoxenia cingulata (4), devenu Nesoxenia mysis. <em>Neso<\/em> signifie <em>ile<\/em> en grec ancien, et <em>xenia<\/em>, toujours en grec, se rapporte \u00e0 l&rsquo;<em>hospitalit\u00e9,<\/em> \u00e0 <em>l&rsquo;accueil<\/em>, ce qui en ferait un \u00ab\u00a0habitant des iles\u00a0\u00bb car le premier exemplaire de Nesoxenia mysis provenait des Iles Salomon. Ngiam et Ng (5) pensent que <em>xenia<\/em> vient de <em>xenos<\/em> signifiant \u00e9tranger, ce qui me semble moins direct et moins sens\u00e9 et voudrait signifier que Kirby d\u00e9crit un \u00ab\u00a0\u00e9tranger venant des iles\u00a0\u00bb ; mais tous les odonates de ces r\u00e9gions sont par d\u00e9finition <em>\u00e9trangers<\/em> et beaucoup proviennent d&rsquo;<em>iles<\/em>.<br><strong>Lineata<\/strong>, du latin <em>lineatus<\/em>, <em>ray\u00e9<\/em>, <em>garni de lignes<\/em>, se r\u00e9f\u00e8re aux lignes jaunes qui parcourent son thorax, particuli\u00e8rement visibles sur la femelle et les jeunes m\u00e2les.<\/p>\n\n\n\n<p>Le langage vernaculaire anglais souligne la ressemblance \u00e9voqu\u00e9e plus haut ; N. lineata est le <em>Stripped Grenadier<\/em>, A. sexlineata le <em>Handsome Grenadier<\/em>. Donc deux genres diff\u00e9rents se retrouvent avec la m\u00eame d\u00e9nomination vernaculaire (on peut m\u00eame ajouter Lathrecista asiatica qui re\u00e7oit le nom de <em>Scarlet Grenadier<\/em>).<br><em>Grenadier<\/em> peut sembler surprenant et je suppose que ce nom leur vient de&nbsp;<em>The Grenadiers<\/em>, un r\u00e9giment d\u2019infanterie de l\u2019arm\u00e9e indienne (avant l\u2019ind\u00e9pendance) dont l\u2019uniforme comportait une longue tunique rouge sur un pantalon bleu.<\/p>\n\n\n\n<div style=\"height:30px\" aria-hidden=\"true\" class=\"wp-block-spacer\"><\/div>\n\n\n\n<p>1- Selys, 1879 \u2013\u00a0<a href=\"https:\/\/ia600205.us.archive.org\/22\/items\/biostor-235029\/biostor-235029.pdf\">Nouvelles observations sur les odonates de la r\u00e9gion de Nouvelle-Guin\u00e9e<\/a>\u00a0\u2013 Note sur les esp\u00e8ces connues du genre <em>Agrionoptera<\/em> du Dr Brauer &#8211; Annali Del Museo Civico Di Storia Naturale Genova, in volume 14, pages 287-324 \u2013 P. 300.<br>2- Selys,1889 &#8211; <a href=\"https:\/\/www.biodiversitylibrary.org\/page\/35996154#page\/465\/mode\/1up\">Odonates de Sumatra<\/a> comprenant les esp\u00e8ces recueillies \u00e0 Pulo Nias par M. le Dr. E. Modigliani.\u00a0<em>Annali del Museo civico di storia naturale di Genova<\/em>,\u00a0<em>27<\/em>, 444&#8211;484. P. 461.<br>3- Selys,1891- <a href=\"https:\/\/www.biodiversitylibrary.org\/page\/30149944#page\/474\/mode\/1up\">Viaggio di Leonardo Fea in Birmania e regione vicine<\/a>. XXXII. Odonates.\u00a0<em>Annali del Museo civico di storia naturale di Genova<\/em>,\u00a0<em>30<\/em>, 433&#8211;518. P. 460.<br>4- Kirby, 1889 &#8211; <a href=\"https:\/\/www.biodiversitylibrary.org\/page\/32227964#page\/407\/mode\/1up\">A revision of the subfamily Libellulinae, with descriptions of new genera and species<\/a>.\u00a0<em>Transactions of the Zoological Society of London<\/em>,\u00a0<em>12<\/em>, 249&#8211;348. P. 241.<\/p>\n\n\n\n<div style=\"height:29px\" aria-hidden=\"true\" class=\"wp-block-spacer\"><\/div>\n\n\n\n<div class=\"wp-block-buttons is-vertical is-layout-flex wp-container-core-buttons-is-layout-fe9cc265 wp-block-buttons-is-layout-flex\">\n<div class=\"wp-block-button\"><a class=\"wp-block-button__link wp-element-button\" href=\"https:\/\/www.meslibellules.fr\/blog\/odonates-du-sarawak\/\">Accueil Sarawak<\/a><\/div>\n\n\n\n<div class=\"wp-block-button\"><a class=\"wp-block-button__link wp-element-button\" href=\"https:\/\/www.meslibellules.fr\/pagesweb\/divers\/liste-generale-odonates-du-site\/asia-odonates.php\">Listes des Odonates d&rsquo;Asie<\/a><\/div>\n\n\n\n<div class=\"wp-block-button\"><a class=\"wp-block-button__link wp-element-button\" href=\"https:\/\/www.meslibellules.fr\/pagesweb\/divers\/liste-generale-odonates-du-site\/all-odonates.php\">Listes continentales<\/a><\/div>\n<\/div>\n\n\n\n<p><\/p>\n","protected":false},"excerpt":{"rendered":"<p>Nesoxenia lineata fait partie d&rsquo;un genre qui ne comporte que deux esp\u00e8ces, mais N. mysis n&rsquo;est pas pr\u00e9sent \u00e0 Born\u00e9o.Il n&#8217;emp\u00eache que la confusion avec d&rsquo;autres esp\u00e8ces est facile et j&rsquo;ai eu du mal \u00e0 les diff\u00e9rencier. Il est en particulier tr\u00e8s proche de Agrionoptera sexlineata.Je ne savais d&rsquo;ailleurs pas en \u00e9crivant ces lignes que [&hellip;]<\/p>\n","protected":false},"author":1,"featured_media":0,"comment_status":"open","ping_status":"open","sticky":false,"template":"","format":"image","meta":{"site-sidebar-layout":"default","site-content-layout":"","ast-site-content-layout":"default","site-content-style":"default","site-sidebar-style":"default","ast-global-header-display":"","ast-banner-title-visibility":"","ast-main-header-display":"","ast-hfb-above-header-display":"","ast-hfb-below-header-display":"","ast-hfb-mobile-header-display":"","site-post-title":"","ast-breadcrumbs-content":"","ast-featured-img":"","footer-sml-layout":"","ast-disable-related-posts":"","theme-transparent-header-meta":"","adv-header-id-meta":"","stick-header-meta":"","header-above-stick-meta":"","header-main-stick-meta":"","header-below-stick-meta":"","astra-migrate-meta-layouts":"set","ast-page-background-enabled":"default","ast-page-background-meta":{"desktop":{"background-color":"var(--ast-global-color-4)","background-image":"","background-repeat":"repeat","background-position":"center center","background-size":"auto","background-attachment":"scroll","background-type":"","background-media":"","overlay-type":"","overlay-color":"","overlay-opacity":"","overlay-gradient":""},"tablet":{"background-color":"","background-image":"","background-repeat":"repeat","background-position":"center center","background-size":"auto","background-attachment":"scroll","background-type":"","background-media":"","overlay-type":"","overlay-color":"","overlay-opacity":"","overlay-gradient":""},"mobile":{"background-color":"","background-image":"","background-repeat":"repeat","background-position":"center center","background-size":"auto","background-attachment":"scroll","background-type":"","background-media":"","overlay-type":"","overlay-color":"","overlay-opacity":"","overlay-gradient":""}},"ast-content-background-meta":{"desktop":{"background-color":"var(--ast-global-color-5)","background-image":"","background-repeat":"repeat","background-position":"center center","background-size":"auto","background-attachment":"scroll","background-type":"","background-media":"","overlay-type":"","overlay-color":"","overlay-opacity":"","overlay-gradient":""},"tablet":{"background-color":"var(--ast-global-color-5)","background-image":"","background-repeat":"repeat","background-position":"center center","background-size":"auto","background-attachment":"scroll","background-type":"","background-media":"","overlay-type":"","overlay-color":"","overlay-opacity":"","overlay-gradient":""},"mobile":{"background-color":"var(--ast-global-color-5)","background-image":"","background-repeat":"repeat","background-position":"center center","background-size":"auto","background-attachment":"scroll","background-type":"","background-media":"","overlay-type":"","overlay-color":"","overlay-opacity":"","overlay-gradient":""}},"footnotes":""},"categories":[38596,38606],"tags":[38599,38617],"class_list":["post-25572","post","type-post","status-publish","format-image","hentry","category-borneo-sarawak","category-libellulidae-borneo-sarawak","tag-borneo-sarawak","tag-libellulidae-borneo-2","post_format-post-format-image"],"yoast_head":"<!-- This site is optimized with the Yoast SEO plugin v27.5 - https:\/\/yoast.com\/product\/yoast-seo-wordpress\/ -->\n<title>Nesoxenia lineata - Mes Libellules<\/title>\n<meta name=\"description\" content=\"Nesoxenia lineata m\u00e2le et femelle au Sarawak, description, identification, taille, habitat, distribution g\u00e9ographique, \u00e9tymologie\" \/>\n<meta name=\"robots\" content=\"index, follow, max-snippet:-1, max-image-preview:large, max-video-preview:-1\" \/>\n<link rel=\"canonical\" href=\"https:\/\/www.meslibellules.fr\/blog\/2025\/07\/23\/nesoxenia-lineata\/\" \/>\n<meta property=\"og:locale\" content=\"fr_FR\" \/>\n<meta property=\"og:type\" content=\"article\" \/>\n<meta property=\"og:title\" content=\"Nesoxenia lineata - Mes Libellules\" \/>\n<meta property=\"og:description\" content=\"Nesoxenia lineata m\u00e2le et femelle au Sarawak, description, identification, taille, habitat, distribution g\u00e9ographique, \u00e9tymologie\" \/>\n<meta property=\"og:url\" content=\"https:\/\/www.meslibellules.fr\/blog\/2025\/07\/23\/nesoxenia-lineata\/\" \/>\n<meta property=\"og:site_name\" content=\"Mes Libellules\" \/>\n<meta property=\"article:publisher\" content=\"https:\/\/www.facebook.com\/benoit.guillon.96\/\" \/>\n<meta property=\"article:author\" content=\"https:\/\/www.facebook.com\/benoit.guillon.96\/\" \/>\n<meta property=\"article:published_time\" content=\"2025-07-23T16:45:15+00:00\" \/>\n<meta property=\"article:modified_time\" content=\"2026-01-09T20:52:13+00:00\" \/>\n<meta property=\"og:image\" content=\"https:\/\/www.meslibellules.fr\/blog\/wp-content\/uploads\/Nesonexia-lineata-male-3.webp\" \/>\n\t<meta property=\"og:image:width\" content=\"1687\" \/>\n\t<meta property=\"og:image:height\" content=\"1204\" \/>\n\t<meta property=\"og:image:type\" content=\"image\/webp\" \/>\n<meta name=\"author\" content=\"Beno\u00eet Guillon\" \/>\n<meta name=\"twitter:card\" content=\"summary_large_image\" \/>\n<meta name=\"twitter:label1\" content=\"\u00c9crit par\" \/>\n\t<meta name=\"twitter:data1\" content=\"Beno\u00eet Guillon\" \/>\n\t<meta name=\"twitter:label2\" content=\"Dur\u00e9e de lecture estim\u00e9e\" \/>\n\t<meta name=\"twitter:data2\" content=\"5 minutes\" \/>\n<script type=\"application\/ld+json\" class=\"yoast-schema-graph\">{\"@context\":\"https:\\\/\\\/schema.org\",\"@graph\":[{\"@type\":\"Article\",\"@id\":\"https:\\\/\\\/www.meslibellules.fr\\\/blog\\\/2025\\\/07\\\/23\\\/nesoxenia-lineata\\\/#article\",\"isPartOf\":{\"@id\":\"https:\\\/\\\/www.meslibellules.fr\\\/blog\\\/2025\\\/07\\\/23\\\/nesoxenia-lineata\\\/\"},\"author\":{\"name\":\"Beno\u00eet Guillon\",\"@id\":\"https:\\\/\\\/www.meslibellules.fr\\\/blog\\\/#\\\/schema\\\/person\\\/9aa3586f9dd053fcf329f43b8b053c77\"},\"headline\":\"Born\u00e9o, Sarawak &#8211; Nesoxenia lineata (Selys, 1879)\",\"datePublished\":\"2025-07-23T16:45:15+00:00\",\"dateModified\":\"2026-01-09T20:52:13+00:00\",\"mainEntityOfPage\":{\"@id\":\"https:\\\/\\\/www.meslibellules.fr\\\/blog\\\/2025\\\/07\\\/23\\\/nesoxenia-lineata\\\/\"},\"wordCount\":787,\"commentCount\":0,\"publisher\":{\"@id\":\"https:\\\/\\\/www.meslibellules.fr\\\/blog\\\/#\\\/schema\\\/person\\\/9aa3586f9dd053fcf329f43b8b053c77\"},\"image\":{\"@id\":\"https:\\\/\\\/www.meslibellules.fr\\\/blog\\\/2025\\\/07\\\/23\\\/nesoxenia-lineata\\\/#primaryimage\"},\"thumbnailUrl\":\"https:\\\/\\\/www.meslibellules.fr\\\/blog\\\/wp-content\\\/uploads\\\/Nesonexia-lineata-male-3.webp\",\"keywords\":[\"Born\u00e9o - Sarawak\",\"Libellulidae - Born\u00e9o\"],\"articleSection\":[\"Born\u00e9o -Sarawak\",\"Libellulidae\"],\"inLanguage\":\"fr-FR\",\"potentialAction\":[{\"@type\":\"CommentAction\",\"name\":\"Comment\",\"target\":[\"https:\\\/\\\/www.meslibellules.fr\\\/blog\\\/2025\\\/07\\\/23\\\/nesoxenia-lineata\\\/#respond\"]}]},{\"@type\":\"WebPage\",\"@id\":\"https:\\\/\\\/www.meslibellules.fr\\\/blog\\\/2025\\\/07\\\/23\\\/nesoxenia-lineata\\\/\",\"url\":\"https:\\\/\\\/www.meslibellules.fr\\\/blog\\\/2025\\\/07\\\/23\\\/nesoxenia-lineata\\\/\",\"name\":\"Nesoxenia lineata - Mes Libellules\",\"isPartOf\":{\"@id\":\"https:\\\/\\\/www.meslibellules.fr\\\/blog\\\/#website\"},\"primaryImageOfPage\":{\"@id\":\"https:\\\/\\\/www.meslibellules.fr\\\/blog\\\/2025\\\/07\\\/23\\\/nesoxenia-lineata\\\/#primaryimage\"},\"image\":{\"@id\":\"https:\\\/\\\/www.meslibellules.fr\\\/blog\\\/2025\\\/07\\\/23\\\/nesoxenia-lineata\\\/#primaryimage\"},\"thumbnailUrl\":\"https:\\\/\\\/www.meslibellules.fr\\\/blog\\\/wp-content\\\/uploads\\\/Nesonexia-lineata-male-3.webp\",\"datePublished\":\"2025-07-23T16:45:15+00:00\",\"dateModified\":\"2026-01-09T20:52:13+00:00\",\"description\":\"Nesoxenia lineata m\u00e2le et femelle au Sarawak, description, identification, taille, habitat, distribution g\u00e9ographique, \u00e9tymologie\",\"breadcrumb\":{\"@id\":\"https:\\\/\\\/www.meslibellules.fr\\\/blog\\\/2025\\\/07\\\/23\\\/nesoxenia-lineata\\\/#breadcrumb\"},\"inLanguage\":\"fr-FR\",\"potentialAction\":[{\"@type\":\"ReadAction\",\"target\":[\"https:\\\/\\\/www.meslibellules.fr\\\/blog\\\/2025\\\/07\\\/23\\\/nesoxenia-lineata\\\/\"]}]},{\"@type\":\"ImageObject\",\"inLanguage\":\"fr-FR\",\"@id\":\"https:\\\/\\\/www.meslibellules.fr\\\/blog\\\/2025\\\/07\\\/23\\\/nesoxenia-lineata\\\/#primaryimage\",\"url\":\"https:\\\/\\\/www.meslibellules.fr\\\/blog\\\/wp-content\\\/uploads\\\/Nesonexia-lineata-male-3.webp\",\"contentUrl\":\"https:\\\/\\\/www.meslibellules.fr\\\/blog\\\/wp-content\\\/uploads\\\/Nesonexia-lineata-male-3.webp\"},{\"@type\":\"BreadcrumbList\",\"@id\":\"https:\\\/\\\/www.meslibellules.fr\\\/blog\\\/2025\\\/07\\\/23\\\/nesoxenia-lineata\\\/#breadcrumb\",\"itemListElement\":[{\"@type\":\"ListItem\",\"position\":1,\"name\":\"Accueil\",\"item\":\"https:\\\/\\\/www.meslibellules.fr\\\/blog\\\/\"},{\"@type\":\"ListItem\",\"position\":2,\"name\":\"Born\u00e9o, Sarawak &#8211; Nesoxenia lineata (Selys, 1879)\"}]},{\"@type\":\"WebSite\",\"@id\":\"https:\\\/\\\/www.meslibellules.fr\\\/blog\\\/#website\",\"url\":\"https:\\\/\\\/www.meslibellules.fr\\\/blog\\\/\",\"name\":\"Mes Libellules\",\"description\":\"Pr\u00e9sentation des libellules rencontr\u00e9es dans le monde\",\"publisher\":{\"@id\":\"https:\\\/\\\/www.meslibellules.fr\\\/blog\\\/#\\\/schema\\\/person\\\/9aa3586f9dd053fcf329f43b8b053c77\"},\"potentialAction\":[{\"@type\":\"SearchAction\",\"target\":{\"@type\":\"EntryPoint\",\"urlTemplate\":\"https:\\\/\\\/www.meslibellules.fr\\\/blog\\\/?s={search_term_string}\"},\"query-input\":{\"@type\":\"PropertyValueSpecification\",\"valueRequired\":true,\"valueName\":\"search_term_string\"}}],\"inLanguage\":\"fr-FR\"},{\"@type\":[\"Person\",\"Organization\"],\"@id\":\"https:\\\/\\\/www.meslibellules.fr\\\/blog\\\/#\\\/schema\\\/person\\\/9aa3586f9dd053fcf329f43b8b053c77\",\"name\":\"Beno\u00eet Guillon\",\"image\":{\"@type\":\"ImageObject\",\"inLanguage\":\"fr-FR\",\"@id\":\"https:\\\/\\\/www.meslibellules.fr\\\/blog\\\/wp-content\\\/uploads\\\/cropped-avatar-150-pix.jpg\",\"url\":\"https:\\\/\\\/www.meslibellules.fr\\\/blog\\\/wp-content\\\/uploads\\\/cropped-avatar-150-pix.jpg\",\"contentUrl\":\"https:\\\/\\\/www.meslibellules.fr\\\/blog\\\/wp-content\\\/uploads\\\/cropped-avatar-150-pix.jpg\",\"width\":150,\"height\":137,\"caption\":\"Beno\u00eet Guillon\"},\"logo\":{\"@id\":\"https:\\\/\\\/www.meslibellules.fr\\\/blog\\\/wp-content\\\/uploads\\\/cropped-avatar-150-pix.jpg\"},\"sameAs\":[\"https:\\\/\\\/www.facebook.com\\\/benoit.guillon.96\\\/\"]}]}<\/script>\n<!-- \/ Yoast SEO plugin. -->","yoast_head_json":{"title":"Nesoxenia lineata - Mes Libellules","description":"Nesoxenia lineata m\u00e2le et femelle au Sarawak, description, identification, taille, habitat, distribution g\u00e9ographique, \u00e9tymologie","robots":{"index":"index","follow":"follow","max-snippet":"max-snippet:-1","max-image-preview":"max-image-preview:large","max-video-preview":"max-video-preview:-1"},"canonical":"https:\/\/www.meslibellules.fr\/blog\/2025\/07\/23\/nesoxenia-lineata\/","og_locale":"fr_FR","og_type":"article","og_title":"Nesoxenia lineata - Mes Libellules","og_description":"Nesoxenia lineata m\u00e2le et femelle au Sarawak, description, identification, taille, habitat, distribution g\u00e9ographique, \u00e9tymologie","og_url":"https:\/\/www.meslibellules.fr\/blog\/2025\/07\/23\/nesoxenia-lineata\/","og_site_name":"Mes Libellules","article_publisher":"https:\/\/www.facebook.com\/benoit.guillon.96\/","article_author":"https:\/\/www.facebook.com\/benoit.guillon.96\/","article_published_time":"2025-07-23T16:45:15+00:00","article_modified_time":"2026-01-09T20:52:13+00:00","og_image":[{"width":1687,"height":1204,"url":"https:\/\/www.meslibellules.fr\/blog\/wp-content\/uploads\/Nesonexia-lineata-male-3.webp","type":"image\/webp"}],"author":"Beno\u00eet Guillon","twitter_card":"summary_large_image","twitter_misc":{"\u00c9crit par":"Beno\u00eet Guillon","Dur\u00e9e de lecture estim\u00e9e":"5 minutes"},"schema":{"@context":"https:\/\/schema.org","@graph":[{"@type":"Article","@id":"https:\/\/www.meslibellules.fr\/blog\/2025\/07\/23\/nesoxenia-lineata\/#article","isPartOf":{"@id":"https:\/\/www.meslibellules.fr\/blog\/2025\/07\/23\/nesoxenia-lineata\/"},"author":{"name":"Beno\u00eet Guillon","@id":"https:\/\/www.meslibellules.fr\/blog\/#\/schema\/person\/9aa3586f9dd053fcf329f43b8b053c77"},"headline":"Born\u00e9o, Sarawak &#8211; Nesoxenia lineata (Selys, 1879)","datePublished":"2025-07-23T16:45:15+00:00","dateModified":"2026-01-09T20:52:13+00:00","mainEntityOfPage":{"@id":"https:\/\/www.meslibellules.fr\/blog\/2025\/07\/23\/nesoxenia-lineata\/"},"wordCount":787,"commentCount":0,"publisher":{"@id":"https:\/\/www.meslibellules.fr\/blog\/#\/schema\/person\/9aa3586f9dd053fcf329f43b8b053c77"},"image":{"@id":"https:\/\/www.meslibellules.fr\/blog\/2025\/07\/23\/nesoxenia-lineata\/#primaryimage"},"thumbnailUrl":"https:\/\/www.meslibellules.fr\/blog\/wp-content\/uploads\/Nesonexia-lineata-male-3.webp","keywords":["Born\u00e9o - Sarawak","Libellulidae - Born\u00e9o"],"articleSection":["Born\u00e9o -Sarawak","Libellulidae"],"inLanguage":"fr-FR","potentialAction":[{"@type":"CommentAction","name":"Comment","target":["https:\/\/www.meslibellules.fr\/blog\/2025\/07\/23\/nesoxenia-lineata\/#respond"]}]},{"@type":"WebPage","@id":"https:\/\/www.meslibellules.fr\/blog\/2025\/07\/23\/nesoxenia-lineata\/","url":"https:\/\/www.meslibellules.fr\/blog\/2025\/07\/23\/nesoxenia-lineata\/","name":"Nesoxenia lineata - Mes Libellules","isPartOf":{"@id":"https:\/\/www.meslibellules.fr\/blog\/#website"},"primaryImageOfPage":{"@id":"https:\/\/www.meslibellules.fr\/blog\/2025\/07\/23\/nesoxenia-lineata\/#primaryimage"},"image":{"@id":"https:\/\/www.meslibellules.fr\/blog\/2025\/07\/23\/nesoxenia-lineata\/#primaryimage"},"thumbnailUrl":"https:\/\/www.meslibellules.fr\/blog\/wp-content\/uploads\/Nesonexia-lineata-male-3.webp","datePublished":"2025-07-23T16:45:15+00:00","dateModified":"2026-01-09T20:52:13+00:00","description":"Nesoxenia lineata m\u00e2le et femelle au Sarawak, description, identification, taille, habitat, distribution g\u00e9ographique, \u00e9tymologie","breadcrumb":{"@id":"https:\/\/www.meslibellules.fr\/blog\/2025\/07\/23\/nesoxenia-lineata\/#breadcrumb"},"inLanguage":"fr-FR","potentialAction":[{"@type":"ReadAction","target":["https:\/\/www.meslibellules.fr\/blog\/2025\/07\/23\/nesoxenia-lineata\/"]}]},{"@type":"ImageObject","inLanguage":"fr-FR","@id":"https:\/\/www.meslibellules.fr\/blog\/2025\/07\/23\/nesoxenia-lineata\/#primaryimage","url":"https:\/\/www.meslibellules.fr\/blog\/wp-content\/uploads\/Nesonexia-lineata-male-3.webp","contentUrl":"https:\/\/www.meslibellules.fr\/blog\/wp-content\/uploads\/Nesonexia-lineata-male-3.webp"},{"@type":"BreadcrumbList","@id":"https:\/\/www.meslibellules.fr\/blog\/2025\/07\/23\/nesoxenia-lineata\/#breadcrumb","itemListElement":[{"@type":"ListItem","position":1,"name":"Accueil","item":"https:\/\/www.meslibellules.fr\/blog\/"},{"@type":"ListItem","position":2,"name":"Born\u00e9o, Sarawak &#8211; Nesoxenia lineata (Selys, 1879)"}]},{"@type":"WebSite","@id":"https:\/\/www.meslibellules.fr\/blog\/#website","url":"https:\/\/www.meslibellules.fr\/blog\/","name":"Mes Libellules","description":"Pr\u00e9sentation des libellules rencontr\u00e9es dans le monde","publisher":{"@id":"https:\/\/www.meslibellules.fr\/blog\/#\/schema\/person\/9aa3586f9dd053fcf329f43b8b053c77"},"potentialAction":[{"@type":"SearchAction","target":{"@type":"EntryPoint","urlTemplate":"https:\/\/www.meslibellules.fr\/blog\/?s={search_term_string}"},"query-input":{"@type":"PropertyValueSpecification","valueRequired":true,"valueName":"search_term_string"}}],"inLanguage":"fr-FR"},{"@type":["Person","Organization"],"@id":"https:\/\/www.meslibellules.fr\/blog\/#\/schema\/person\/9aa3586f9dd053fcf329f43b8b053c77","name":"Beno\u00eet Guillon","image":{"@type":"ImageObject","inLanguage":"fr-FR","@id":"https:\/\/www.meslibellules.fr\/blog\/wp-content\/uploads\/cropped-avatar-150-pix.jpg","url":"https:\/\/www.meslibellules.fr\/blog\/wp-content\/uploads\/cropped-avatar-150-pix.jpg","contentUrl":"https:\/\/www.meslibellules.fr\/blog\/wp-content\/uploads\/cropped-avatar-150-pix.jpg","width":150,"height":137,"caption":"Beno\u00eet Guillon"},"logo":{"@id":"https:\/\/www.meslibellules.fr\/blog\/wp-content\/uploads\/cropped-avatar-150-pix.jpg"},"sameAs":["https:\/\/www.facebook.com\/benoit.guillon.96\/"]}]}},"_links":{"self":[{"href":"https:\/\/www.meslibellules.fr\/blog\/wp-json\/wp\/v2\/posts\/25572","targetHints":{"allow":["GET"]}}],"collection":[{"href":"https:\/\/www.meslibellules.fr\/blog\/wp-json\/wp\/v2\/posts"}],"about":[{"href":"https:\/\/www.meslibellules.fr\/blog\/wp-json\/wp\/v2\/types\/post"}],"author":[{"embeddable":true,"href":"https:\/\/www.meslibellules.fr\/blog\/wp-json\/wp\/v2\/users\/1"}],"replies":[{"embeddable":true,"href":"https:\/\/www.meslibellules.fr\/blog\/wp-json\/wp\/v2\/comments?post=25572"}],"version-history":[{"count":12,"href":"https:\/\/www.meslibellules.fr\/blog\/wp-json\/wp\/v2\/posts\/25572\/revisions"}],"predecessor-version":[{"id":27793,"href":"https:\/\/www.meslibellules.fr\/blog\/wp-json\/wp\/v2\/posts\/25572\/revisions\/27793"}],"wp:attachment":[{"href":"https:\/\/www.meslibellules.fr\/blog\/wp-json\/wp\/v2\/media?parent=25572"}],"wp:term":[{"taxonomy":"category","embeddable":true,"href":"https:\/\/www.meslibellules.fr\/blog\/wp-json\/wp\/v2\/categories?post=25572"},{"taxonomy":"post_tag","embeddable":true,"href":"https:\/\/www.meslibellules.fr\/blog\/wp-json\/wp\/v2\/tags?post=25572"}],"curies":[{"name":"wp","href":"https:\/\/api.w.org\/{rel}","templated":true}]}}