{"id":25608,"date":"2025-07-25T08:58:23","date_gmt":"2025-07-25T06:58:23","guid":{"rendered":"https:\/\/www.meslibellules.fr\/blog\/?p=25608"},"modified":"2025-10-25T21:53:39","modified_gmt":"2025-10-25T19:53:39","slug":"neurothemis-ramburii","status":"publish","type":"post","link":"https:\/\/www.meslibellules.fr\/blog\/2025\/07\/25\/neurothemis-ramburii\/","title":{"rendered":"Born\u00e9o, Sarawak &#8211; Neurothemis ramburii (Kaup in Brauer, 1866)"},"content":{"rendered":"\n<figure class=\"wp-block-image aligncenter size-full is-resized\"><a href=\"https:\/\/www.meslibellules.fr\/blog\/wp-content\/uploads\/Neurothemis-ramburii-male-2.webp\"><img decoding=\"async\" width=\"1809\" height=\"1204\" data-src=\"https:\/\/www.meslibellules.fr\/blog\/wp-content\/uploads\/Neurothemis-ramburii-male-2.webp\" alt=\"Neurothemis ramburii m\u00e2le, Sarawak, Sama Jaya Nature Reserve, 18\/03\/2025\" class=\"wp-image-25595 lazyload\" style=\"--smush-placeholder-width: 1809px; --smush-placeholder-aspect-ratio: 1809\/1204;width:557px;height:auto\" data-srcset=\"https:\/\/www.meslibellules.fr\/blog\/wp-content\/uploads\/Neurothemis-ramburii-male-2.webp 1809w, https:\/\/www.meslibellules.fr\/blog\/wp-content\/uploads\/Neurothemis-ramburii-male-2-768x511.webp 768w, https:\/\/www.meslibellules.fr\/blog\/wp-content\/uploads\/Neurothemis-ramburii-male-2-1536x1022.webp 1536w\" data-sizes=\"(max-width: 1809px) 100vw, 1809px\" src=\"data:image\/svg+xml;base64,PHN2ZyB3aWR0aD0iMSIgaGVpZ2h0PSIxIiB4bWxucz0iaHR0cDovL3d3dy53My5vcmcvMjAwMC9zdmciPjwvc3ZnPg==\" \/><\/a><figcaption class=\"wp-element-caption\">Neurothemis ramburii m\u00e2le, Sarawak, Sama Jaya Nature Reserve, 18\/03\/2025<\/figcaption><\/figure>\n\n\n\n<p>Je pensais avoir d\u00e9j\u00e0 rencontr\u00e9 Neurothemis ramburii en 2013, en Malaisie, identifications confirm\u00e9es par A.G. Orr (5), mais apr\u00e8s avoir progress\u00e9 dans l&rsquo;identification de ces Libellulidae, notamment gr\u00e2ce \u00e0 Seehausen &amp; Dow, 2016, il s&rsquo;agirait d&rsquo;une erreur et cette esp\u00e8ce ne serait pas pr\u00e9sente sur la P\u00e9ninsule (1).<br>\u00c0 Born\u00e9o, il n&rsquo;y a que 3 Neurothemis et leur coloration alaire fait qu&rsquo;il est impossible de les confondre avec un autre genre : Neurothemis ramburii, fluctuans et terminata. Sur photo, l&rsquo;identification repose sur les marques noires abdominales, la forme de la zone hyaline des ailes et la nervation, en particulier du triangle de l&rsquo;aile ant\u00e9rieure.<br>La description de l&rsquo;esp\u00e8ce figure dans un ouvrage de Brauer, 1866 (2) sous le nom de Polyneura ramburii. En 1867, il cr\u00e9era le genre Neurothemis.<\/p>\n\n\n\n<figure class=\"wp-block-image aligncenter size-full is-resized\"><a href=\"https:\/\/www.meslibellules.fr\/blog\/wp-content\/uploads\/Neurothemis-ramburii-male-1.webp\"><img decoding=\"async\" width=\"1786\" height=\"1504\" data-src=\"https:\/\/www.meslibellules.fr\/blog\/wp-content\/uploads\/Neurothemis-ramburii-male-1.webp\" alt=\"Neurothemis ramburii m\u00e2le, Sarawak, Mount Matang, 23\/03\/2025\" class=\"wp-image-25592 lazyload\" style=\"--smush-placeholder-width: 1786px; --smush-placeholder-aspect-ratio: 1786\/1504;width:540px;height:auto\" data-srcset=\"https:\/\/www.meslibellules.fr\/blog\/wp-content\/uploads\/Neurothemis-ramburii-male-1.webp 1786w, https:\/\/www.meslibellules.fr\/blog\/wp-content\/uploads\/Neurothemis-ramburii-male-1-768x647.webp 768w, https:\/\/www.meslibellules.fr\/blog\/wp-content\/uploads\/Neurothemis-ramburii-male-1-1536x1293.webp 1536w\" data-sizes=\"(max-width: 1786px) 100vw, 1786px\" src=\"data:image\/svg+xml;base64,PHN2ZyB3aWR0aD0iMSIgaGVpZ2h0PSIxIiB4bWxucz0iaHR0cDovL3d3dy53My5vcmcvMjAwMC9zdmciPjwvc3ZnPg==\" \/><\/a><figcaption class=\"wp-element-caption\">Neurothemis ramburii m\u00e2le, Sarawak, Mount Matang, 23\/03\/2025<\/figcaption><\/figure>\n\n\n\n<p>On note en effet que les marques abdominales lat\u00e9rales de ces sujets touchent la partie proximale de chaque segment ou sont d\u00e9cal\u00e9es vers l&rsquo;avant ; pour N. fluctuans, elles sont au milieu  des segments ; pour N. terminata, elles touchent ou sont proches de l&rsquo;apex des segments. <\/p>\n\n\n\n<figure class=\"wp-block-gallery aligncenter has-nested-images columns-default is-cropped wp-block-gallery-1 is-layout-flex wp-block-gallery-is-layout-flex\">\n<figure class=\"wp-block-image size-full\" style=\"margin-top:var(--wp--preset--spacing--80);margin-bottom:var(--wp--preset--spacing--80)\"><a href=\"https:\/\/www.meslibellules.fr\/blog\/wp-content\/uploads\/Neurothemis-ramburii-male-2-bis.webp\"><img decoding=\"async\" width=\"1099\" height=\"394\" data-id=\"25594\" data-src=\"https:\/\/www.meslibellules.fr\/blog\/wp-content\/uploads\/Neurothemis-ramburii-male-2-bis.webp\" alt=\"Neurothemis ramburii m\u00e2le, Sarawak, Sama Jaya Nature Reserve, 18\/03\/2025\" class=\"wp-image-25594 lazyload\" data-srcset=\"https:\/\/www.meslibellules.fr\/blog\/wp-content\/uploads\/Neurothemis-ramburii-male-2-bis.webp 1099w, https:\/\/www.meslibellules.fr\/blog\/wp-content\/uploads\/Neurothemis-ramburii-male-2-bis-768x275.webp 768w\" data-sizes=\"(max-width: 1099px) 100vw, 1099px\" src=\"data:image\/svg+xml;base64,PHN2ZyB3aWR0aD0iMSIgaGVpZ2h0PSIxIiB4bWxucz0iaHR0cDovL3d3dy53My5vcmcvMjAwMC9zdmciPjwvc3ZnPg==\" style=\"--smush-placeholder-width: 1099px; --smush-placeholder-aspect-ratio: 1099\/394;\" \/><\/a><\/figure>\n\n\n\n<figure class=\"wp-block-image size-full\"><a href=\"https:\/\/www.meslibellules.fr\/blog\/wp-content\/uploads\/Abdomens-des-males-1.webp\"><img decoding=\"async\" width=\"1300\" height=\"1204\" data-id=\"25656\" data-src=\"https:\/\/www.meslibellules.fr\/blog\/wp-content\/uploads\/Abdomens-des-males-1.webp\" alt=\"Abdomens des m\u00e2les (1)\" class=\"wp-image-25656 lazyload\" data-srcset=\"https:\/\/www.meslibellules.fr\/blog\/wp-content\/uploads\/Abdomens-des-males-1.webp 1300w, https:\/\/www.meslibellules.fr\/blog\/wp-content\/uploads\/Abdomens-des-males-1-768x711.webp 768w\" data-sizes=\"(max-width: 1300px) 100vw, 1300px\" src=\"data:image\/svg+xml;base64,PHN2ZyB3aWR0aD0iMSIgaGVpZ2h0PSIxIiB4bWxucz0iaHR0cDovL3d3dy53My5vcmcvMjAwMC9zdmciPjwvc3ZnPg==\" style=\"--smush-placeholder-width: 1300px; --smush-placeholder-aspect-ratio: 1300\/1204;\" \/><\/a><\/figure>\n<figcaption class=\"blocks-gallery-caption wp-element-caption\">Neurothemis ramburii m\u00e2le, Sarawak, Sama Jaya Nature Reserve, 18\/03\/2025<br>Malte Seehausen &amp; Rory A. Dow, 2016 (1)<br><\/figcaption><\/figure>\n\n\n\n<p>La coloration de l&rsquo;aile ant\u00e9rieure parvient ici jusqu&rsquo;au d\u00e9but du nodus et rejoint le bord post\u00e9rieur de l&rsquo;aile presque en ligne droite, alors que pour l&rsquo;aile post\u00e9rieure, elle dessine une courbe, tr\u00e8s l\u00e9g\u00e8rement cass\u00e9e en son milieu. Pour N. fluctuans cette courbe n&rsquo;est pas cass\u00e9e et se prolonge plus loin vers la base de l&rsquo;aile ; pour N. terminata la coloration rejoint le bord post\u00e9rieur en ligne droite.<br>Noter, toujours issu du m\u00eame document, la tr\u00e8s grande variabilit\u00e9 de l&rsquo;\u00e9tendue de la coloration qui a permis de d\u00e9finir plusieurs sous-esp\u00e8ces g\u00e9ographiquement localis\u00e9es.<\/p>\n\n\n\n<figure class=\"wp-block-image aligncenter size-full is-resized\"><img decoding=\"async\" width=\"1052\" height=\"726\" data-src=\"https:\/\/www.meslibellules.fr\/blog\/wp-content\/uploads\/ailes-Neurothemis-ramburii.webp\" alt=\"Ailes des Neurothemis ramburii (1)\" class=\"wp-image-25610 lazyload\" style=\"--smush-placeholder-width: 1052px; --smush-placeholder-aspect-ratio: 1052\/726;width:442px;height:auto\" data-srcset=\"https:\/\/www.meslibellules.fr\/blog\/wp-content\/uploads\/ailes-Neurothemis-ramburii.webp 1052w, https:\/\/www.meslibellules.fr\/blog\/wp-content\/uploads\/ailes-Neurothemis-ramburii-768x530.webp 768w\" data-sizes=\"(max-width: 1052px) 100vw, 1052px\" src=\"data:image\/svg+xml;base64,PHN2ZyB3aWR0aD0iMSIgaGVpZ2h0PSIxIiB4bWxucz0iaHR0cDovL3d3dy53My5vcmcvMjAwMC9zdmciPjwvc3ZnPg==\" \/><figcaption class=\"wp-element-caption\">Ailes des Neurothemis ramburii (1)<\/figcaption><\/figure>\n\n\n\n<p>Noter \u00e9galement la variabilit\u00e9 de l&rsquo;intensit\u00e9 des marques noires sur l&rsquo;abdomen, d&rsquo;un sujet \u00e0 l&rsquo;autre, sans doute en raison du vieillissement. La \u00ab\u00a0cassure\u00a0\u00bb de la courbe de la coloration de l&rsquo;aile post\u00e9rieure est bien visible sur les sujets ci-dessous.<\/p>\n\n\n\n<figure class=\"wp-block-gallery has-nested-images columns-default is-cropped wp-block-gallery-2 is-layout-flex wp-block-gallery-is-layout-flex\">\n<figure class=\"wp-block-image aligncenter size-large\"><a href=\"https:\/\/www.meslibellules.fr\/blog\/wp-content\/uploads\/Neurothemis-ramburii-male-4.webp\"><img decoding=\"async\" width=\"1507\" height=\"1504\" data-id=\"25597\" data-src=\"https:\/\/www.meslibellules.fr\/blog\/wp-content\/uploads\/Neurothemis-ramburii-male-4.webp\" alt=\"Neurothemis ramburii m\u00e2le, Sarawak, Matang Wildlife Center, 19\/03\/2025\" class=\"wp-image-25597 lazyload\" data-srcset=\"https:\/\/www.meslibellules.fr\/blog\/wp-content\/uploads\/Neurothemis-ramburii-male-4.webp 1507w, https:\/\/www.meslibellules.fr\/blog\/wp-content\/uploads\/Neurothemis-ramburii-male-4-768x766.webp 768w, https:\/\/www.meslibellules.fr\/blog\/wp-content\/uploads\/Neurothemis-ramburii-male-4-150x150.webp 150w\" data-sizes=\"(max-width: 1507px) 100vw, 1507px\" src=\"data:image\/svg+xml;base64,PHN2ZyB3aWR0aD0iMSIgaGVpZ2h0PSIxIiB4bWxucz0iaHR0cDovL3d3dy53My5vcmcvMjAwMC9zdmciPjwvc3ZnPg==\" style=\"--smush-placeholder-width: 1507px; --smush-placeholder-aspect-ratio: 1507\/1504;\" \/><\/a><\/figure>\n\n\n\n<figure class=\"wp-block-image size-large\" style=\"margin-top:var(--wp--preset--spacing--50);margin-bottom:var(--wp--preset--spacing--50)\"><img decoding=\"async\" width=\"1881\" height=\"1504\" data-id=\"25596\" data-src=\"https:\/\/www.meslibellules.fr\/blog\/wp-content\/uploads\/Neurothemis-ramburii-male-3.webp\" alt=\"Neurothemis ramburii m\u00e2le, Sarawak, Matang Wildlife Center, 19\/03\/2025\" class=\"wp-image-25596 lazyload\" data-srcset=\"https:\/\/www.meslibellules.fr\/blog\/wp-content\/uploads\/Neurothemis-ramburii-male-3.webp 1881w, https:\/\/www.meslibellules.fr\/blog\/wp-content\/uploads\/Neurothemis-ramburii-male-3-768x614.webp 768w, https:\/\/www.meslibellules.fr\/blog\/wp-content\/uploads\/Neurothemis-ramburii-male-3-1536x1228.webp 1536w\" data-sizes=\"(max-width: 1881px) 100vw, 1881px\" src=\"data:image\/svg+xml;base64,PHN2ZyB3aWR0aD0iMSIgaGVpZ2h0PSIxIiB4bWxucz0iaHR0cDovL3d3dy53My5vcmcvMjAwMC9zdmciPjwvc3ZnPg==\" style=\"--smush-placeholder-width: 1881px; --smush-placeholder-aspect-ratio: 1881\/1504;\" \/><\/figure>\n<figcaption class=\"blocks-gallery-caption wp-element-caption\">Neurothemis ramburii m\u00e2le, Sarawak, Matang Wildlife Center, 19\/03\/2025<\/figcaption><\/figure>\n\n\n\n<p>Dans Dragonflies of Japan (3) on trouve le dessin ci-dessous qui est tr\u00e8s int\u00e9ressant pour les femelles, car les triangles des ailes ant\u00e9rieures sont tr\u00e8s diff\u00e9rents. Malheureusement, je n&rsquo;ai pas vu et en tout cas pas photographi\u00e9 de femelle N. ramburii. Celles-ci pr\u00e9sentent deux formes, l&rsquo;une aux ailes color\u00e9es, l&rsquo;autre aux ailes hyalines cependant tach\u00e9es aux apex.<br>En ce qui concerne les m\u00e2les, Le triangle de N. fluctuans est tr\u00e8s diff\u00e9rent des deux autres qui sont assez proches. Il ne semble pas que l&rsquo;analyse des triangles apportent des \u00e9l\u00e9ments pour s\u00e9parer N. ramburii et N. terminata.<\/p>\n\n\n\n<figure class=\"wp-block-image aligncenter size-full is-resized\"><a href=\"https:\/\/www.meslibellules.fr\/blog\/wp-content\/uploads\/Triangle-Neurothemis.webp\"><img decoding=\"async\" width=\"1000\" height=\"449\" data-src=\"https:\/\/www.meslibellules.fr\/blog\/wp-content\/uploads\/Triangle-Neurothemis.webp\" alt=\"Triangle alaire des Neurothemis fluctuans, ramburii et terminata (3)\" class=\"wp-image-25611 lazyload\" style=\"--smush-placeholder-width: 1000px; --smush-placeholder-aspect-ratio: 1000\/449;width:612px;height:auto\" data-srcset=\"https:\/\/www.meslibellules.fr\/blog\/wp-content\/uploads\/Triangle-Neurothemis.webp 1000w, https:\/\/www.meslibellules.fr\/blog\/wp-content\/uploads\/Triangle-Neurothemis-768x345.webp 768w\" data-sizes=\"(max-width: 1000px) 100vw, 1000px\" src=\"data:image\/svg+xml;base64,PHN2ZyB3aWR0aD0iMSIgaGVpZ2h0PSIxIiB4bWxucz0iaHR0cDovL3d3dy53My5vcmcvMjAwMC9zdmciPjwvc3ZnPg==\" \/><\/a><figcaption class=\"wp-element-caption\">Triangle alaire des Neurothemis fluctuans, ramburii et terminata (3)<\/figcaption><\/figure>\n\n\n\n<p>Il est certain qu&rsquo;il faut rester prudent dans les identifications de Neurothemis et qu&rsquo;il faut toujours additionner les crit\u00e8res, en particulier associer marques abdominales et coloration alaire. De plus, l&rsquo;existence d&rsquo;hybrides est envisag\u00e9e, entre N. ramburii et terminata et entre ce dernier et N. fluctuans (1) &#8230;<br><br>Brauer lui donne une longueur totale de 41 mm, il varie sans doute de 37 \u00e0 41 mm. Il est plus petit que N. terminata (environ 43 mm) mais nettement plus grand que N. fluctuans qui toise autour de 30 mm.<\/p>\n\n\n\n<figure class=\"wp-block-gallery aligncenter has-nested-images columns-default is-cropped wp-block-gallery-3 is-layout-flex wp-block-gallery-is-layout-flex\">\n<figure class=\"wp-block-image size-full\"><a href=\"https:\/\/www.meslibellules.fr\/blog\/wp-content\/uploads\/Neurothemis-ramburii-male-7.webp\"><img decoding=\"async\" width=\"1726\" height=\"1504\" data-id=\"25600\" data-src=\"https:\/\/www.meslibellules.fr\/blog\/wp-content\/uploads\/Neurothemis-ramburii-male-7.webp\" alt=\"Neurothemis ramburii m\u00e2le, Sarawak, Bung Ngiraja, 26\/03\/2025\" class=\"wp-image-25600 lazyload\" data-srcset=\"https:\/\/www.meslibellules.fr\/blog\/wp-content\/uploads\/Neurothemis-ramburii-male-7.webp 1726w, https:\/\/www.meslibellules.fr\/blog\/wp-content\/uploads\/Neurothemis-ramburii-male-7-768x669.webp 768w, https:\/\/www.meslibellules.fr\/blog\/wp-content\/uploads\/Neurothemis-ramburii-male-7-1536x1338.webp 1536w\" data-sizes=\"(max-width: 1726px) 100vw, 1726px\" src=\"data:image\/svg+xml;base64,PHN2ZyB3aWR0aD0iMSIgaGVpZ2h0PSIxIiB4bWxucz0iaHR0cDovL3d3dy53My5vcmcvMjAwMC9zdmciPjwvc3ZnPg==\" style=\"--smush-placeholder-width: 1726px; --smush-placeholder-aspect-ratio: 1726\/1504;\" \/><\/a><\/figure>\n\n\n\n<figure class=\"wp-block-image size-large\"><a href=\"https:\/\/www.meslibellules.fr\/blog\/wp-content\/uploads\/Neurothemis-ramburii-male-6.webp\"><img decoding=\"async\" width=\"1627\" height=\"1504\" data-id=\"25599\" data-src=\"https:\/\/www.meslibellules.fr\/blog\/wp-content\/uploads\/Neurothemis-ramburii-male-6.webp\" alt=\"Neurothemis ramburii m\u00e2le, Sarawak, Bung Ngiraja, 26\/03\/2025\" class=\"wp-image-25599 lazyload\" data-srcset=\"https:\/\/www.meslibellules.fr\/blog\/wp-content\/uploads\/Neurothemis-ramburii-male-6.webp 1627w, https:\/\/www.meslibellules.fr\/blog\/wp-content\/uploads\/Neurothemis-ramburii-male-6-768x710.webp 768w, https:\/\/www.meslibellules.fr\/blog\/wp-content\/uploads\/Neurothemis-ramburii-male-6-1536x1420.webp 1536w\" data-sizes=\"(max-width: 1627px) 100vw, 1627px\" src=\"data:image\/svg+xml;base64,PHN2ZyB3aWR0aD0iMSIgaGVpZ2h0PSIxIiB4bWxucz0iaHR0cDovL3d3dy53My5vcmcvMjAwMC9zdmciPjwvc3ZnPg==\" style=\"--smush-placeholder-width: 1627px; --smush-placeholder-aspect-ratio: 1627\/1504;\" \/><\/a><\/figure>\n<figcaption class=\"blocks-gallery-caption wp-element-caption\">Neurothemis ramburii m\u00e2le, Sarawak, Bung Ngiraja, 26\/03\/2025<\/figcaption><\/figure>\n\n\n\n<p>On le trouve dans une grande diversit\u00e9 de biotopes : zones mar\u00e9cageuses en bord de for\u00eat, mares, \u00e9tangs, foss\u00e9s, rizi\u00e8res ou canaux d&rsquo;irrigation. <em>Watanabe &amp; al. <\/em>(4) qui ont produit un document sur la larve de Neurothemis ramburii l&rsquo;ont trouv\u00e9 particuli\u00e8rement abondant sur les foss\u00e9s agricoles, surtout l\u00e0 o\u00f9 il y avait quelques centim\u00e8tres de sable.<br>Ils d\u00e9crivent que la copulation se fait en vol ou les sujets pos\u00e9s de fa\u00e7on intermittente, la ponte s&rsquo;ensuit avec la femelle qui frappe l&rsquo;eau de l&rsquo;extr\u00e9mit\u00e9 de son abdomen, gard\u00e9e par le m\u00e2le.<br>Je suis tout de m\u00eame surpris que la photo qui illustre cet article montre des caract\u00e8res alaires qui me paraissent incompatibles avec ce que l&rsquo;on lit dans Seehausen &amp; Dow, 2016 (1).<br><br>D&rsquo;ailleurs, si l&rsquo;on suit les m\u00eames auteurs, la distribution de l&rsquo;esp\u00e8ce n&rsquo;atteint pas ces iles \u00e0 l&rsquo;est de Ta\u00efwan.<br>On le rencontre \u00e0 Born\u00e9o, Java, dans les Petites Iles de la Sonde, aux Moluques, dans les iles de la c\u00f4te ouest de la Nouvelle-Guin\u00e9e, aux Philippines, \u00e0 Sumatra et au Sulawesi.<br><a href=\"https:\/\/www.iucnredlist.org\/species\/163690\/83302471#geographic-range\">IUCN Red List<\/a>.<\/p>\n\n\n\n<figure class=\"wp-block-gallery aligncenter has-nested-images columns-default is-cropped wp-block-gallery-4 is-layout-flex wp-block-gallery-is-layout-flex\">\n<figure class=\"wp-block-image size-large\" style=\"margin-top:var(--wp--preset--spacing--30);margin-bottom:var(--wp--preset--spacing--30)\"><a href=\"https:\/\/www.meslibellules.fr\/blog\/wp-content\/uploads\/Neurothemis-ramburii-male-5.webp\"><img decoding=\"async\" width=\"1972\" height=\"1504\" data-id=\"25598\" data-src=\"https:\/\/www.meslibellules.fr\/blog\/wp-content\/uploads\/Neurothemis-ramburii-male-5.webp\" alt=\"Neurothemis ramburii m\u00e2le, Sarawak, Matang Wildlife Center, 19\/03\/2025\" class=\"wp-image-25598 lazyload\" data-srcset=\"https:\/\/www.meslibellules.fr\/blog\/wp-content\/uploads\/Neurothemis-ramburii-male-5.webp 1972w, https:\/\/www.meslibellules.fr\/blog\/wp-content\/uploads\/Neurothemis-ramburii-male-5-768x586.webp 768w, https:\/\/www.meslibellules.fr\/blog\/wp-content\/uploads\/Neurothemis-ramburii-male-5-1536x1171.webp 1536w\" data-sizes=\"(max-width: 1972px) 100vw, 1972px\" src=\"data:image\/svg+xml;base64,PHN2ZyB3aWR0aD0iMSIgaGVpZ2h0PSIxIiB4bWxucz0iaHR0cDovL3d3dy53My5vcmcvMjAwMC9zdmciPjwvc3ZnPg==\" style=\"--smush-placeholder-width: 1972px; --smush-placeholder-aspect-ratio: 1972\/1504;\" \/><\/a><\/figure>\n\n\n\n<figure class=\"wp-block-image size-large\"><a href=\"https:\/\/www.meslibellules.fr\/blog\/wp-content\/uploads\/Neurothemis-ramburii-male-8.webp\"><img decoding=\"async\" width=\"1627\" height=\"1504\" data-id=\"25601\" data-src=\"https:\/\/www.meslibellules.fr\/blog\/wp-content\/uploads\/Neurothemis-ramburii-male-8.webp\" alt=\"Neurothemis ramburii m\u00e2le, Sarawak, Bung Ngiraja, 26\/03\/2025\" class=\"wp-image-25601 lazyload\" data-srcset=\"https:\/\/www.meslibellules.fr\/blog\/wp-content\/uploads\/Neurothemis-ramburii-male-8.webp 1627w, https:\/\/www.meslibellules.fr\/blog\/wp-content\/uploads\/Neurothemis-ramburii-male-8-768x710.webp 768w, https:\/\/www.meslibellules.fr\/blog\/wp-content\/uploads\/Neurothemis-ramburii-male-8-1536x1420.webp 1536w\" data-sizes=\"(max-width: 1627px) 100vw, 1627px\" src=\"data:image\/svg+xml;base64,PHN2ZyB3aWR0aD0iMSIgaGVpZ2h0PSIxIiB4bWxucz0iaHR0cDovL3d3dy53My5vcmcvMjAwMC9zdmciPjwvc3ZnPg==\" style=\"--smush-placeholder-width: 1627px; --smush-placeholder-aspect-ratio: 1627\/1504;\" \/><\/a><figcaption class=\"wp-element-caption\"> <\/figcaption><\/figure>\n<figcaption class=\"blocks-gallery-caption wp-element-caption\">Neurothemis ramburii m\u00e2le, Sarawak, Matang Wildlife Center, 19\/03\/2025 &amp; Bung Ngiraja, 26\/03\/2025<\/figcaption><\/figure>\n\n\n\n<p>Quelques mois apr\u00e8s avoir r\u00e9dig\u00e9 cette page sur les m\u00e2les, j&rsquo;ai d\u00e9couvert quelques photos d&rsquo;une femelle prise dans une zone de for\u00eat assez dense o\u00f9 nous n&rsquo;avons pas rencontr\u00e9 de m\u00e2les.<br>Son identification repose sur la lame vulvaire saillante, longue et orthogonale, et le motif \u00ab\u00a0en \u00e9chelle\u00a0\u00bb tr\u00e8s gras de la face dorsale de son abdomen, la pr\u00e9sence d&rsquo;une seule veine transverse dans l&rsquo;espace cubito-anal, comme il est montr\u00e9 dans le document (1).<\/p>\n\n\n\n<figure class=\"wp-block-gallery has-nested-images columns-default is-cropped wp-block-gallery-5 is-layout-flex wp-block-gallery-is-layout-flex\">\n<figure class=\"wp-block-image size-large\"><a href=\"https:\/\/www.meslibellules.fr\/blog\/wp-content\/uploads\/Neurothemis-ramburii-femelle-2.webp\"><img decoding=\"async\" width=\"1594\" height=\"1204\" data-id=\"26445\" data-src=\"https:\/\/www.meslibellules.fr\/blog\/wp-content\/uploads\/Neurothemis-ramburii-femelle-2.webp\" alt=\"Neurothemis ramburii femelle, Sarawak, Ranchan Recreational Park, 30\/03\/2025\" class=\"wp-image-26445 lazyload\" data-srcset=\"https:\/\/www.meslibellules.fr\/blog\/wp-content\/uploads\/Neurothemis-ramburii-femelle-2.webp 1594w, https:\/\/www.meslibellules.fr\/blog\/wp-content\/uploads\/Neurothemis-ramburii-femelle-2-768x580.webp 768w, https:\/\/www.meslibellules.fr\/blog\/wp-content\/uploads\/Neurothemis-ramburii-femelle-2-1536x1160.webp 1536w\" data-sizes=\"(max-width: 1594px) 100vw, 1594px\" src=\"data:image\/svg+xml;base64,PHN2ZyB3aWR0aD0iMSIgaGVpZ2h0PSIxIiB4bWxucz0iaHR0cDovL3d3dy53My5vcmcvMjAwMC9zdmciPjwvc3ZnPg==\" style=\"--smush-placeholder-width: 1594px; --smush-placeholder-aspect-ratio: 1594\/1204;\" \/><\/a><\/figure>\n\n\n\n<figure class=\"wp-block-image size-large\"><a href=\"https:\/\/www.meslibellules.fr\/blog\/wp-content\/uploads\/Neurothemis-ramburii-femelle-1.webp\"><img decoding=\"async\" width=\"1768\" height=\"1152\" data-id=\"26444\" data-src=\"https:\/\/www.meslibellules.fr\/blog\/wp-content\/uploads\/Neurothemis-ramburii-femelle-1.webp\" alt=\"Neurothemis ramburii femelle, Sarawak, Ranchan Recreational Park, 30\/03\/2025\" class=\"wp-image-26444 lazyload\" data-srcset=\"https:\/\/www.meslibellules.fr\/blog\/wp-content\/uploads\/Neurothemis-ramburii-femelle-1.webp 1768w, https:\/\/www.meslibellules.fr\/blog\/wp-content\/uploads\/Neurothemis-ramburii-femelle-1-768x500.webp 768w, https:\/\/www.meslibellules.fr\/blog\/wp-content\/uploads\/Neurothemis-ramburii-femelle-1-1536x1001.webp 1536w\" data-sizes=\"(max-width: 1768px) 100vw, 1768px\" src=\"data:image\/svg+xml;base64,PHN2ZyB3aWR0aD0iMSIgaGVpZ2h0PSIxIiB4bWxucz0iaHR0cDovL3d3dy53My5vcmcvMjAwMC9zdmciPjwvc3ZnPg==\" style=\"--smush-placeholder-width: 1768px; --smush-placeholder-aspect-ratio: 1768\/1152;\" \/><\/a><\/figure>\n<figcaption class=\"blocks-gallery-caption wp-element-caption\">Neurothemis ramburii femelle, Sarawak, Ranchan Recreational Park, 30\/03\/2025<\/figcaption><\/figure>\n\n\n\n<div style=\"height:31px\" aria-hidden=\"true\" class=\"wp-block-spacer\"><\/div>\n\n\n\n<p><strong>\u00c9tymologie<\/strong><br><strong>Neurothemis<\/strong> (6), du grec <em>neuro<\/em> pour \u2013<em>nerf&nbsp;<\/em>ou plut\u00f4t \u2013<em>nervure des ailes<\/em>&nbsp;en entomologie, et de Themis \u2013 d\u00e9esse grecque de l\u2019ordre et de la justice, qui a \u00e9t\u00e9 utilis\u00e9 de nombreuses fois depuis Hagen (1861). Le nom de la d\u00e9esse de l\u2019ordre est particuli\u00e8rement bien adapt\u00e9 \u00e0 la taxonomie, science qui vise \u00e0 d\u00e9crire et ordonner les familles, genres et esp\u00e8ces. Brauer a cr\u00e9\u00e9 ce nom de genre en 1867 pour remplacer le genre Polyneura, cr\u00e9\u00e9 par Rambur en 1842, car ce dernier \u00e9tait d\u00e9j\u00e0 utilis\u00e9 chez les H\u00e9mipt\u00e8res. Ce nom de genre, comme le nom actuel, \u00e9tait destin\u00e9 \u00e0 insister sur le grand nombre de cellules de leurs ailes.<br><strong>Ramburii<\/strong> est bien s\u00fbr un hommage \u00e0 Jules Rambur, m\u00e9decin et entomologiste, descripteur de nombreuses esp\u00e8ces d&rsquo;Odonates et r\u00e9dacteur de la fameuse Histoire Naturelle des Insectes (1842).<\/p>\n\n\n\n<div style=\"height:31px\" aria-hidden=\"true\" class=\"wp-block-spacer\"><\/div>\n\n\n\n<p>1- Malte Seehausen &amp; Rory A. Dow, 2016 &#8211; <a href=\"https:\/\/www.researchgate.net\/publication\/299553580_Morphological_studies_and_taxonomic_considerations_on_the_'reddishbrownwinged'_group_of_Neurothemis_Brauer_1867_with_the_description_of_N_taiwanensis_sp_nov_Odonata_Libellulidae#fullTextFileContent\">Morphological studies and taxonomic considerations on the \u2018reddishbrownwinged\u2019 group of Neurothemis Brauer, 1867 with the description of N. taiwanensis sp. nov. (Odonata: Libellulidae)<\/a> &#8211; Journal of the International Dragonfly Fund.<br>2- Brauer, F. 1866. <a href=\"https:\/\/www.biodiversitylibrary.org\/page\/26723790#page\/740\/mode\/1up\">Beschreibung neuer exotischer Libellen<\/a>. Verhandlungen der Kaiserlich-K\u00f6niglichen Zoologisch-Botanischen Gesellschaft Wien 16: 563-570. P. 568.<br>3- Akira Ozono, Itsura Kawashima, Ryo Futahashi, 2012 &#8211; Dragonflies of Japan &#8211; Bun-ichi Sogo Shuppan Co.<br>4- Ken\u2019ichi Watanabe, Itsuro Kawashima &amp; Akihiko Sasamoto, 2013 &#8211; <a href=\"https:\/\/www.researchgate.net\/publication\/343984575_Notes_on_the_larva_of_Neurothemis_ramburii_ramburii_Kaup_in_Brauer_1866_obtained_from_Iriomote-jima_Island_Yaeyama_Islands_southern_Ryukyus_Japan_Anisoptera_Libellulidae#fullTextFileContent\">Notes on the larva of Neurothemis ramburii ramburii (Kaup in Brauer, 1866) obtained from Iriomote-jima Island, Yaeyama Islands,southern Ryukyus, Japan (Anisoptera: Libellulidae)<\/a> &#8211; TOMBO, Fukui, 55: 83-87. May. 15, 2013<br>5- A.G. Orr, 2005. Dragonflies of Peninsular Malaysia and Singapore- Natural History Publication (Born\u00e9o) A.G.<br>6- <a href=\"https:\/\/www.researchgate.net\/publication\/283318421_The_Naming_of_Australia's_Dragonflies#fullTextFileContent\">The Naming of Australia\u2019s Dragonflies<\/a>, Ian Endersby &amp; Heinrich Fliedner, Busybird publishing.<\/p>\n\n\n\n<div style=\"height:32px\" aria-hidden=\"true\" class=\"wp-block-spacer\"><\/div>\n\n\n\n<div class=\"wp-block-buttons is-vertical is-layout-flex wp-container-core-buttons-is-layout-fe9cc265 wp-block-buttons-is-layout-flex\">\n<div class=\"wp-block-button\"><a class=\"wp-block-button__link wp-element-button\" href=\"https:\/\/www.meslibellules.fr\/blog\/odonates-du-sarawak\/\">Accueil Sarawak<\/a><\/div>\n\n\n\n<div class=\"wp-block-button\"><a class=\"wp-block-button__link wp-element-button\" href=\"https:\/\/www.meslibellules.fr\/pagesweb\/divers\/liste-generale-odonates-du-site\/asia-odonates.php\">Listes des Odonates d&rsquo;Asie<\/a><\/div>\n\n\n\n<div class=\"wp-block-button\"><a class=\"wp-block-button__link wp-element-button\" href=\"https:\/\/www.meslibellules.fr\/pagesweb\/divers\/liste-generale-odonates-du-site\/all-odonates.php\">Listes continentales<\/a><\/div>\n<\/div>\n\n\n\n<p><\/p>\n","protected":false},"excerpt":{"rendered":"<p>Je pensais avoir d\u00e9j\u00e0 rencontr\u00e9 Neurothemis ramburii en 2013, en Malaisie, identifications confirm\u00e9es par A.G. Orr (5), mais apr\u00e8s avoir progress\u00e9 dans l&rsquo;identification de ces Libellulidae, notamment gr\u00e2ce \u00e0 Seehausen &amp; Dow, 2016, il s&rsquo;agirait d&rsquo;une erreur et cette esp\u00e8ce ne serait pas pr\u00e9sente sur la P\u00e9ninsule (1).\u00c0 Born\u00e9o, il n&rsquo;y a que 3 Neurothemis [&hellip;]<\/p>\n","protected":false},"author":1,"featured_media":0,"comment_status":"open","ping_status":"open","sticky":false,"template":"","format":"image","meta":{"site-sidebar-layout":"default","site-content-layout":"","ast-site-content-layout":"default","site-content-style":"default","site-sidebar-style":"default","ast-global-header-display":"","ast-banner-title-visibility":"","ast-main-header-display":"","ast-hfb-above-header-display":"","ast-hfb-below-header-display":"","ast-hfb-mobile-header-display":"","site-post-title":"","ast-breadcrumbs-content":"","ast-featured-img":"","footer-sml-layout":"","ast-disable-related-posts":"","theme-transparent-header-meta":"","adv-header-id-meta":"","stick-header-meta":"","header-above-stick-meta":"","header-main-stick-meta":"","header-below-stick-meta":"","astra-migrate-meta-layouts":"set","ast-page-background-enabled":"default","ast-page-background-meta":{"desktop":{"background-color":"var(--ast-global-color-4)","background-image":"","background-repeat":"repeat","background-position":"center center","background-size":"auto","background-attachment":"scroll","background-type":"","background-media":"","overlay-type":"","overlay-color":"","overlay-opacity":"","overlay-gradient":""},"tablet":{"background-color":"","background-image":"","background-repeat":"repeat","background-position":"center center","background-size":"auto","background-attachment":"scroll","background-type":"","background-media":"","overlay-type":"","overlay-color":"","overlay-opacity":"","overlay-gradient":""},"mobile":{"background-color":"","background-image":"","background-repeat":"repeat","background-position":"center center","background-size":"auto","background-attachment":"scroll","background-type":"","background-media":"","overlay-type":"","overlay-color":"","overlay-opacity":"","overlay-gradient":""}},"ast-content-background-meta":{"desktop":{"background-color":"var(--ast-global-color-5)","background-image":"","background-repeat":"repeat","background-position":"center center","background-size":"auto","background-attachment":"scroll","background-type":"","background-media":"","overlay-type":"","overlay-color":"","overlay-opacity":"","overlay-gradient":""},"tablet":{"background-color":"var(--ast-global-color-5)","background-image":"","background-repeat":"repeat","background-position":"center center","background-size":"auto","background-attachment":"scroll","background-type":"","background-media":"","overlay-type":"","overlay-color":"","overlay-opacity":"","overlay-gradient":""},"mobile":{"background-color":"var(--ast-global-color-5)","background-image":"","background-repeat":"repeat","background-position":"center center","background-size":"auto","background-attachment":"scroll","background-type":"","background-media":"","overlay-type":"","overlay-color":"","overlay-opacity":"","overlay-gradient":""}},"footnotes":""},"categories":[38596,38606],"tags":[38599,38617],"class_list":["post-25608","post","type-post","status-publish","format-image","hentry","category-borneo-sarawak","category-libellulidae-borneo-sarawak","tag-borneo-sarawak","tag-libellulidae-borneo-2","post_format-post-format-image"],"yoast_head":"<!-- This site is optimized with the Yoast SEO plugin v27.5 - https:\/\/yoast.com\/product\/yoast-seo-wordpress\/ -->\n<title>Neurothemis ramburii - Mes Libellules<\/title>\n<meta name=\"description\" content=\"Neurothemis ramburii m\u00e2le au Sarawak, description, identification, taille, habitat, distribution g\u00e9ographique, \u00e9tymologie\" \/>\n<meta name=\"robots\" content=\"index, follow, max-snippet:-1, max-image-preview:large, max-video-preview:-1\" \/>\n<link rel=\"canonical\" href=\"https:\/\/www.meslibellules.fr\/blog\/2025\/07\/25\/neurothemis-ramburii\/\" \/>\n<meta property=\"og:locale\" content=\"fr_FR\" \/>\n<meta property=\"og:type\" content=\"article\" \/>\n<meta property=\"og:title\" content=\"Neurothemis ramburii - Mes Libellules\" \/>\n<meta property=\"og:description\" content=\"Neurothemis ramburii m\u00e2le au Sarawak, description, identification, taille, habitat, distribution g\u00e9ographique, \u00e9tymologie\" \/>\n<meta property=\"og:url\" content=\"https:\/\/www.meslibellules.fr\/blog\/2025\/07\/25\/neurothemis-ramburii\/\" \/>\n<meta property=\"og:site_name\" content=\"Mes Libellules\" \/>\n<meta property=\"article:publisher\" content=\"https:\/\/www.facebook.com\/benoit.guillon.96\/\" \/>\n<meta property=\"article:author\" content=\"https:\/\/www.facebook.com\/benoit.guillon.96\/\" \/>\n<meta property=\"article:published_time\" content=\"2025-07-25T06:58:23+00:00\" \/>\n<meta property=\"article:modified_time\" content=\"2025-10-25T19:53:39+00:00\" \/>\n<meta property=\"og:image\" content=\"https:\/\/www.meslibellules.fr\/blog\/wp-content\/uploads\/Neurothemis-ramburii-male-2.webp\" \/>\n\t<meta property=\"og:image:width\" content=\"1809\" \/>\n\t<meta property=\"og:image:height\" content=\"1204\" \/>\n\t<meta property=\"og:image:type\" content=\"image\/webp\" \/>\n<meta name=\"author\" content=\"Beno\u00eet Guillon\" \/>\n<meta name=\"twitter:card\" content=\"summary_large_image\" \/>\n<meta name=\"twitter:label1\" content=\"\u00c9crit par\" \/>\n\t<meta name=\"twitter:data1\" content=\"Beno\u00eet Guillon\" \/>\n\t<meta name=\"twitter:label2\" content=\"Dur\u00e9e de lecture estim\u00e9e\" \/>\n\t<meta name=\"twitter:data2\" content=\"9 minutes\" \/>\n<script type=\"application\/ld+json\" class=\"yoast-schema-graph\">{\"@context\":\"https:\\\/\\\/schema.org\",\"@graph\":[{\"@type\":\"Article\",\"@id\":\"https:\\\/\\\/www.meslibellules.fr\\\/blog\\\/2025\\\/07\\\/25\\\/neurothemis-ramburii\\\/#article\",\"isPartOf\":{\"@id\":\"https:\\\/\\\/www.meslibellules.fr\\\/blog\\\/2025\\\/07\\\/25\\\/neurothemis-ramburii\\\/\"},\"author\":{\"name\":\"Beno\u00eet Guillon\",\"@id\":\"https:\\\/\\\/www.meslibellules.fr\\\/blog\\\/#\\\/schema\\\/person\\\/9aa3586f9dd053fcf329f43b8b053c77\"},\"headline\":\"Born\u00e9o, Sarawak &#8211; Neurothemis ramburii (Kaup in Brauer, 1866)\",\"datePublished\":\"2025-07-25T06:58:23+00:00\",\"dateModified\":\"2025-10-25T19:53:39+00:00\",\"mainEntityOfPage\":{\"@id\":\"https:\\\/\\\/www.meslibellules.fr\\\/blog\\\/2025\\\/07\\\/25\\\/neurothemis-ramburii\\\/\"},\"wordCount\":1199,\"commentCount\":0,\"publisher\":{\"@id\":\"https:\\\/\\\/www.meslibellules.fr\\\/blog\\\/#\\\/schema\\\/person\\\/9aa3586f9dd053fcf329f43b8b053c77\"},\"image\":{\"@id\":\"https:\\\/\\\/www.meslibellules.fr\\\/blog\\\/2025\\\/07\\\/25\\\/neurothemis-ramburii\\\/#primaryimage\"},\"thumbnailUrl\":\"https:\\\/\\\/www.meslibellules.fr\\\/blog\\\/wp-content\\\/uploads\\\/Neurothemis-ramburii-male-2.webp\",\"keywords\":[\"Born\u00e9o - Sarawak\",\"Libellulidae - Born\u00e9o\"],\"articleSection\":[\"Born\u00e9o -Sarawak\",\"Libellulidae\"],\"inLanguage\":\"fr-FR\",\"potentialAction\":[{\"@type\":\"CommentAction\",\"name\":\"Comment\",\"target\":[\"https:\\\/\\\/www.meslibellules.fr\\\/blog\\\/2025\\\/07\\\/25\\\/neurothemis-ramburii\\\/#respond\"]}]},{\"@type\":\"WebPage\",\"@id\":\"https:\\\/\\\/www.meslibellules.fr\\\/blog\\\/2025\\\/07\\\/25\\\/neurothemis-ramburii\\\/\",\"url\":\"https:\\\/\\\/www.meslibellules.fr\\\/blog\\\/2025\\\/07\\\/25\\\/neurothemis-ramburii\\\/\",\"name\":\"Neurothemis ramburii - Mes Libellules\",\"isPartOf\":{\"@id\":\"https:\\\/\\\/www.meslibellules.fr\\\/blog\\\/#website\"},\"primaryImageOfPage\":{\"@id\":\"https:\\\/\\\/www.meslibellules.fr\\\/blog\\\/2025\\\/07\\\/25\\\/neurothemis-ramburii\\\/#primaryimage\"},\"image\":{\"@id\":\"https:\\\/\\\/www.meslibellules.fr\\\/blog\\\/2025\\\/07\\\/25\\\/neurothemis-ramburii\\\/#primaryimage\"},\"thumbnailUrl\":\"https:\\\/\\\/www.meslibellules.fr\\\/blog\\\/wp-content\\\/uploads\\\/Neurothemis-ramburii-male-2.webp\",\"datePublished\":\"2025-07-25T06:58:23+00:00\",\"dateModified\":\"2025-10-25T19:53:39+00:00\",\"description\":\"Neurothemis ramburii m\u00e2le au Sarawak, description, identification, taille, habitat, distribution g\u00e9ographique, \u00e9tymologie\",\"breadcrumb\":{\"@id\":\"https:\\\/\\\/www.meslibellules.fr\\\/blog\\\/2025\\\/07\\\/25\\\/neurothemis-ramburii\\\/#breadcrumb\"},\"inLanguage\":\"fr-FR\",\"potentialAction\":[{\"@type\":\"ReadAction\",\"target\":[\"https:\\\/\\\/www.meslibellules.fr\\\/blog\\\/2025\\\/07\\\/25\\\/neurothemis-ramburii\\\/\"]}]},{\"@type\":\"ImageObject\",\"inLanguage\":\"fr-FR\",\"@id\":\"https:\\\/\\\/www.meslibellules.fr\\\/blog\\\/2025\\\/07\\\/25\\\/neurothemis-ramburii\\\/#primaryimage\",\"url\":\"https:\\\/\\\/www.meslibellules.fr\\\/blog\\\/wp-content\\\/uploads\\\/Neurothemis-ramburii-male-2.webp\",\"contentUrl\":\"https:\\\/\\\/www.meslibellules.fr\\\/blog\\\/wp-content\\\/uploads\\\/Neurothemis-ramburii-male-2.webp\"},{\"@type\":\"BreadcrumbList\",\"@id\":\"https:\\\/\\\/www.meslibellules.fr\\\/blog\\\/2025\\\/07\\\/25\\\/neurothemis-ramburii\\\/#breadcrumb\",\"itemListElement\":[{\"@type\":\"ListItem\",\"position\":1,\"name\":\"Accueil\",\"item\":\"https:\\\/\\\/www.meslibellules.fr\\\/blog\\\/\"},{\"@type\":\"ListItem\",\"position\":2,\"name\":\"Born\u00e9o, Sarawak &#8211; Neurothemis ramburii (Kaup in Brauer, 1866)\"}]},{\"@type\":\"WebSite\",\"@id\":\"https:\\\/\\\/www.meslibellules.fr\\\/blog\\\/#website\",\"url\":\"https:\\\/\\\/www.meslibellules.fr\\\/blog\\\/\",\"name\":\"Mes Libellules\",\"description\":\"Pr\u00e9sentation des libellules rencontr\u00e9es dans le monde\",\"publisher\":{\"@id\":\"https:\\\/\\\/www.meslibellules.fr\\\/blog\\\/#\\\/schema\\\/person\\\/9aa3586f9dd053fcf329f43b8b053c77\"},\"potentialAction\":[{\"@type\":\"SearchAction\",\"target\":{\"@type\":\"EntryPoint\",\"urlTemplate\":\"https:\\\/\\\/www.meslibellules.fr\\\/blog\\\/?s={search_term_string}\"},\"query-input\":{\"@type\":\"PropertyValueSpecification\",\"valueRequired\":true,\"valueName\":\"search_term_string\"}}],\"inLanguage\":\"fr-FR\"},{\"@type\":[\"Person\",\"Organization\"],\"@id\":\"https:\\\/\\\/www.meslibellules.fr\\\/blog\\\/#\\\/schema\\\/person\\\/9aa3586f9dd053fcf329f43b8b053c77\",\"name\":\"Beno\u00eet Guillon\",\"image\":{\"@type\":\"ImageObject\",\"inLanguage\":\"fr-FR\",\"@id\":\"https:\\\/\\\/www.meslibellules.fr\\\/blog\\\/wp-content\\\/uploads\\\/cropped-avatar-150-pix.jpg\",\"url\":\"https:\\\/\\\/www.meslibellules.fr\\\/blog\\\/wp-content\\\/uploads\\\/cropped-avatar-150-pix.jpg\",\"contentUrl\":\"https:\\\/\\\/www.meslibellules.fr\\\/blog\\\/wp-content\\\/uploads\\\/cropped-avatar-150-pix.jpg\",\"width\":150,\"height\":137,\"caption\":\"Beno\u00eet Guillon\"},\"logo\":{\"@id\":\"https:\\\/\\\/www.meslibellules.fr\\\/blog\\\/wp-content\\\/uploads\\\/cropped-avatar-150-pix.jpg\"},\"sameAs\":[\"https:\\\/\\\/www.facebook.com\\\/benoit.guillon.96\\\/\"]}]}<\/script>\n<!-- \/ Yoast SEO plugin. -->","yoast_head_json":{"title":"Neurothemis ramburii - Mes Libellules","description":"Neurothemis ramburii m\u00e2le au Sarawak, description, identification, taille, habitat, distribution g\u00e9ographique, \u00e9tymologie","robots":{"index":"index","follow":"follow","max-snippet":"max-snippet:-1","max-image-preview":"max-image-preview:large","max-video-preview":"max-video-preview:-1"},"canonical":"https:\/\/www.meslibellules.fr\/blog\/2025\/07\/25\/neurothemis-ramburii\/","og_locale":"fr_FR","og_type":"article","og_title":"Neurothemis ramburii - Mes Libellules","og_description":"Neurothemis ramburii m\u00e2le au Sarawak, description, identification, taille, habitat, distribution g\u00e9ographique, \u00e9tymologie","og_url":"https:\/\/www.meslibellules.fr\/blog\/2025\/07\/25\/neurothemis-ramburii\/","og_site_name":"Mes Libellules","article_publisher":"https:\/\/www.facebook.com\/benoit.guillon.96\/","article_author":"https:\/\/www.facebook.com\/benoit.guillon.96\/","article_published_time":"2025-07-25T06:58:23+00:00","article_modified_time":"2025-10-25T19:53:39+00:00","og_image":[{"width":1809,"height":1204,"url":"https:\/\/www.meslibellules.fr\/blog\/wp-content\/uploads\/Neurothemis-ramburii-male-2.webp","type":"image\/webp"}],"author":"Beno\u00eet Guillon","twitter_card":"summary_large_image","twitter_misc":{"\u00c9crit par":"Beno\u00eet Guillon","Dur\u00e9e de lecture estim\u00e9e":"9 minutes"},"schema":{"@context":"https:\/\/schema.org","@graph":[{"@type":"Article","@id":"https:\/\/www.meslibellules.fr\/blog\/2025\/07\/25\/neurothemis-ramburii\/#article","isPartOf":{"@id":"https:\/\/www.meslibellules.fr\/blog\/2025\/07\/25\/neurothemis-ramburii\/"},"author":{"name":"Beno\u00eet Guillon","@id":"https:\/\/www.meslibellules.fr\/blog\/#\/schema\/person\/9aa3586f9dd053fcf329f43b8b053c77"},"headline":"Born\u00e9o, Sarawak &#8211; Neurothemis ramburii (Kaup in Brauer, 1866)","datePublished":"2025-07-25T06:58:23+00:00","dateModified":"2025-10-25T19:53:39+00:00","mainEntityOfPage":{"@id":"https:\/\/www.meslibellules.fr\/blog\/2025\/07\/25\/neurothemis-ramburii\/"},"wordCount":1199,"commentCount":0,"publisher":{"@id":"https:\/\/www.meslibellules.fr\/blog\/#\/schema\/person\/9aa3586f9dd053fcf329f43b8b053c77"},"image":{"@id":"https:\/\/www.meslibellules.fr\/blog\/2025\/07\/25\/neurothemis-ramburii\/#primaryimage"},"thumbnailUrl":"https:\/\/www.meslibellules.fr\/blog\/wp-content\/uploads\/Neurothemis-ramburii-male-2.webp","keywords":["Born\u00e9o - Sarawak","Libellulidae - Born\u00e9o"],"articleSection":["Born\u00e9o -Sarawak","Libellulidae"],"inLanguage":"fr-FR","potentialAction":[{"@type":"CommentAction","name":"Comment","target":["https:\/\/www.meslibellules.fr\/blog\/2025\/07\/25\/neurothemis-ramburii\/#respond"]}]},{"@type":"WebPage","@id":"https:\/\/www.meslibellules.fr\/blog\/2025\/07\/25\/neurothemis-ramburii\/","url":"https:\/\/www.meslibellules.fr\/blog\/2025\/07\/25\/neurothemis-ramburii\/","name":"Neurothemis ramburii - Mes Libellules","isPartOf":{"@id":"https:\/\/www.meslibellules.fr\/blog\/#website"},"primaryImageOfPage":{"@id":"https:\/\/www.meslibellules.fr\/blog\/2025\/07\/25\/neurothemis-ramburii\/#primaryimage"},"image":{"@id":"https:\/\/www.meslibellules.fr\/blog\/2025\/07\/25\/neurothemis-ramburii\/#primaryimage"},"thumbnailUrl":"https:\/\/www.meslibellules.fr\/blog\/wp-content\/uploads\/Neurothemis-ramburii-male-2.webp","datePublished":"2025-07-25T06:58:23+00:00","dateModified":"2025-10-25T19:53:39+00:00","description":"Neurothemis ramburii m\u00e2le au Sarawak, description, identification, taille, habitat, distribution g\u00e9ographique, \u00e9tymologie","breadcrumb":{"@id":"https:\/\/www.meslibellules.fr\/blog\/2025\/07\/25\/neurothemis-ramburii\/#breadcrumb"},"inLanguage":"fr-FR","potentialAction":[{"@type":"ReadAction","target":["https:\/\/www.meslibellules.fr\/blog\/2025\/07\/25\/neurothemis-ramburii\/"]}]},{"@type":"ImageObject","inLanguage":"fr-FR","@id":"https:\/\/www.meslibellules.fr\/blog\/2025\/07\/25\/neurothemis-ramburii\/#primaryimage","url":"https:\/\/www.meslibellules.fr\/blog\/wp-content\/uploads\/Neurothemis-ramburii-male-2.webp","contentUrl":"https:\/\/www.meslibellules.fr\/blog\/wp-content\/uploads\/Neurothemis-ramburii-male-2.webp"},{"@type":"BreadcrumbList","@id":"https:\/\/www.meslibellules.fr\/blog\/2025\/07\/25\/neurothemis-ramburii\/#breadcrumb","itemListElement":[{"@type":"ListItem","position":1,"name":"Accueil","item":"https:\/\/www.meslibellules.fr\/blog\/"},{"@type":"ListItem","position":2,"name":"Born\u00e9o, Sarawak &#8211; Neurothemis ramburii (Kaup in Brauer, 1866)"}]},{"@type":"WebSite","@id":"https:\/\/www.meslibellules.fr\/blog\/#website","url":"https:\/\/www.meslibellules.fr\/blog\/","name":"Mes Libellules","description":"Pr\u00e9sentation des libellules rencontr\u00e9es dans le monde","publisher":{"@id":"https:\/\/www.meslibellules.fr\/blog\/#\/schema\/person\/9aa3586f9dd053fcf329f43b8b053c77"},"potentialAction":[{"@type":"SearchAction","target":{"@type":"EntryPoint","urlTemplate":"https:\/\/www.meslibellules.fr\/blog\/?s={search_term_string}"},"query-input":{"@type":"PropertyValueSpecification","valueRequired":true,"valueName":"search_term_string"}}],"inLanguage":"fr-FR"},{"@type":["Person","Organization"],"@id":"https:\/\/www.meslibellules.fr\/blog\/#\/schema\/person\/9aa3586f9dd053fcf329f43b8b053c77","name":"Beno\u00eet Guillon","image":{"@type":"ImageObject","inLanguage":"fr-FR","@id":"https:\/\/www.meslibellules.fr\/blog\/wp-content\/uploads\/cropped-avatar-150-pix.jpg","url":"https:\/\/www.meslibellules.fr\/blog\/wp-content\/uploads\/cropped-avatar-150-pix.jpg","contentUrl":"https:\/\/www.meslibellules.fr\/blog\/wp-content\/uploads\/cropped-avatar-150-pix.jpg","width":150,"height":137,"caption":"Beno\u00eet Guillon"},"logo":{"@id":"https:\/\/www.meslibellules.fr\/blog\/wp-content\/uploads\/cropped-avatar-150-pix.jpg"},"sameAs":["https:\/\/www.facebook.com\/benoit.guillon.96\/"]}]}},"_links":{"self":[{"href":"https:\/\/www.meslibellules.fr\/blog\/wp-json\/wp\/v2\/posts\/25608","targetHints":{"allow":["GET"]}}],"collection":[{"href":"https:\/\/www.meslibellules.fr\/blog\/wp-json\/wp\/v2\/posts"}],"about":[{"href":"https:\/\/www.meslibellules.fr\/blog\/wp-json\/wp\/v2\/types\/post"}],"author":[{"embeddable":true,"href":"https:\/\/www.meslibellules.fr\/blog\/wp-json\/wp\/v2\/users\/1"}],"replies":[{"embeddable":true,"href":"https:\/\/www.meslibellules.fr\/blog\/wp-json\/wp\/v2\/comments?post=25608"}],"version-history":[{"count":23,"href":"https:\/\/www.meslibellules.fr\/blog\/wp-json\/wp\/v2\/posts\/25608\/revisions"}],"predecessor-version":[{"id":26449,"href":"https:\/\/www.meslibellules.fr\/blog\/wp-json\/wp\/v2\/posts\/25608\/revisions\/26449"}],"wp:attachment":[{"href":"https:\/\/www.meslibellules.fr\/blog\/wp-json\/wp\/v2\/media?parent=25608"}],"wp:term":[{"taxonomy":"category","embeddable":true,"href":"https:\/\/www.meslibellules.fr\/blog\/wp-json\/wp\/v2\/categories?post=25608"},{"taxonomy":"post_tag","embeddable":true,"href":"https:\/\/www.meslibellules.fr\/blog\/wp-json\/wp\/v2\/tags?post=25608"}],"curies":[{"name":"wp","href":"https:\/\/api.w.org\/{rel}","templated":true}]}}