{"id":25687,"date":"2025-08-01T09:17:15","date_gmt":"2025-08-01T07:17:15","guid":{"rendered":"https:\/\/www.meslibellules.fr\/blog\/?p=25687"},"modified":"2025-08-01T13:11:18","modified_gmt":"2025-08-01T11:11:18","slug":"neurothemis-terminata","status":"publish","type":"post","link":"https:\/\/www.meslibellules.fr\/blog\/2025\/08\/01\/neurothemis-terminata\/","title":{"rendered":"Born\u00e9o, Sarawak &#8211; Neurothemis terminata (Ris, 1911)"},"content":{"rendered":"\n<figure class=\"wp-block-image aligncenter size-full is-resized\"><a href=\"https:\/\/www.meslibellules.fr\/blog\/wp-content\/uploads\/Neurothemis-terminata-male-1.webp\"><img decoding=\"async\" width=\"2302\" height=\"1504\" data-src=\"https:\/\/www.meslibellules.fr\/blog\/wp-content\/uploads\/Neurothemis-terminata-male-1.webp\" alt=\"Neurothemis terminata m\u00e2le, Sarawak, SamaJaya Nature Reserve, 18\/03\/2025\" class=\"wp-image-25649 lazyload\" style=\"--smush-placeholder-width: 2302px; --smush-placeholder-aspect-ratio: 2302\/1504;width:600px;height:auto\" data-srcset=\"https:\/\/www.meslibellules.fr\/blog\/wp-content\/uploads\/Neurothemis-terminata-male-1.webp 2302w, https:\/\/www.meslibellules.fr\/blog\/wp-content\/uploads\/Neurothemis-terminata-male-1-768x502.webp 768w, https:\/\/www.meslibellules.fr\/blog\/wp-content\/uploads\/Neurothemis-terminata-male-1-1536x1004.webp 1536w, https:\/\/www.meslibellules.fr\/blog\/wp-content\/uploads\/Neurothemis-terminata-male-1-2048x1338.webp 2048w\" data-sizes=\"(max-width: 2302px) 100vw, 2302px\" src=\"data:image\/svg+xml;base64,PHN2ZyB3aWR0aD0iMSIgaGVpZ2h0PSIxIiB4bWxucz0iaHR0cDovL3d3dy53My5vcmcvMjAwMC9zdmciPjwvc3ZnPg==\" \/><\/a><figcaption class=\"wp-element-caption\">Neurothemis terminata m\u00e2le, Sarawak, SamaJaya Nature Reserve, 18\/03\/2025<\/figcaption><\/figure>\n\n\n\n<p>Il y a trois Neurothemis au Sarawak et Neurothemis terminata est celui qui est le plus facile \u00e0 identifier et \u00e0 s\u00e9parer de ses deux cousins <a href=\"https:\/\/www.meslibellules.fr\/blog\/wp-content\/uploads\/Neurothemis-ramburii-male-2.webp\">N. ramburii<\/a> et <a href=\"https:\/\/www.meslibellules.fr\/blog\/wp-content\/uploads\/Neurothemis-fluctuans-male-5.webp\">N. fluctuans<\/a>. S&rsquo;ils sont tous les trois globalement rouges avec des ailes rouges, N. terminata est le seul dont la coloration alaire de l&rsquo;aile post\u00e9rieure se <em>termine<\/em> de fa\u00e7on rectiligne au niveau ou plus loin que le pt\u00e9rostigma. Pour les deux autres, la coloration de l&rsquo;aile post\u00e9rieure <em>fuit<\/em> vers la base.<\/p>\n\n\n\n<figure class=\"wp-block-image aligncenter size-full is-resized\"><a href=\"https:\/\/www.meslibellules.fr\/blog\/wp-content\/uploads\/ailes-des-Neurothemis.webp\"><img decoding=\"async\" width=\"1622\" height=\"931\" data-src=\"https:\/\/www.meslibellules.fr\/blog\/wp-content\/uploads\/ailes-des-Neurothemis.webp\" alt=\"Ailes des Neurothemis fluctuans, ramburii &amp; terminata, Seehausen &amp; Dow, 2016 (2)\" class=\"wp-image-25651 lazyload\" style=\"--smush-placeholder-width: 1622px; --smush-placeholder-aspect-ratio: 1622\/931;width:587px;height:auto\" data-srcset=\"https:\/\/www.meslibellules.fr\/blog\/wp-content\/uploads\/ailes-des-Neurothemis.webp 1622w, https:\/\/www.meslibellules.fr\/blog\/wp-content\/uploads\/ailes-des-Neurothemis-768x441.webp 768w, https:\/\/www.meslibellules.fr\/blog\/wp-content\/uploads\/ailes-des-Neurothemis-1536x882.webp 1536w\" data-sizes=\"(max-width: 1622px) 100vw, 1622px\" src=\"data:image\/svg+xml;base64,PHN2ZyB3aWR0aD0iMSIgaGVpZ2h0PSIxIiB4bWxucz0iaHR0cDovL3d3dy53My5vcmcvMjAwMC9zdmciPjwvc3ZnPg==\" \/><\/a><figcaption class=\"wp-element-caption\">Ailes des Neurothemis fluctuans, ramburii &amp; terminata, Seehausen &amp; Dow, 2016 (2)<\/figcaption><\/figure>\n\n\n\n<p>Il s&rsquo;en distingue \u00e9galement par les motifs abdominaux lat\u00e9raux, qui, \u00e0 l&rsquo;inverse de N. ramburii, se situent dans la partie distale des derniers segments.<\/p>\n\n\n\n<figure class=\"wp-block-gallery aligncenter has-nested-images columns-default is-cropped wp-block-gallery-1 is-layout-flex wp-block-gallery-is-layout-flex\">\n<figure class=\"wp-block-image size-large\"><a href=\"https:\/\/www.meslibellules.fr\/blog\/wp-content\/uploads\/Neurothemis-terminata-male-3.webp\"><img decoding=\"async\" width=\"1961\" height=\"1504\" data-id=\"25684\" data-src=\"https:\/\/www.meslibellules.fr\/blog\/wp-content\/uploads\/Neurothemis-terminata-male-3.webp\" alt=\"Neurothemis terminata m\u00e2le, Sarawak, Sama Jaya Nature Reserve, 18\/03\/2025\" class=\"wp-image-25684 lazyload\" data-srcset=\"https:\/\/www.meslibellules.fr\/blog\/wp-content\/uploads\/Neurothemis-terminata-male-3.webp 1961w, https:\/\/www.meslibellules.fr\/blog\/wp-content\/uploads\/Neurothemis-terminata-male-3-768x589.webp 768w, https:\/\/www.meslibellules.fr\/blog\/wp-content\/uploads\/Neurothemis-terminata-male-3-1536x1178.webp 1536w\" data-sizes=\"(max-width: 1961px) 100vw, 1961px\" src=\"data:image\/svg+xml;base64,PHN2ZyB3aWR0aD0iMSIgaGVpZ2h0PSIxIiB4bWxucz0iaHR0cDovL3d3dy53My5vcmcvMjAwMC9zdmciPjwvc3ZnPg==\" style=\"--smush-placeholder-width: 1961px; --smush-placeholder-aspect-ratio: 1961\/1504;\" \/><\/a><\/figure>\n\n\n\n<figure class=\"wp-block-image size-large\"><a href=\"https:\/\/www.meslibellules.fr\/blog\/wp-content\/uploads\/Abdomens-des-males-1.webp\"><img decoding=\"async\" width=\"1300\" height=\"1204\" data-id=\"25656\" data-src=\"https:\/\/www.meslibellules.fr\/blog\/wp-content\/uploads\/Abdomens-des-males-1.webp\" alt=\"Abdomens des m\u00e2les (1)\" class=\"wp-image-25656 lazyload\" data-srcset=\"https:\/\/www.meslibellules.fr\/blog\/wp-content\/uploads\/Abdomens-des-males-1.webp 1300w, https:\/\/www.meslibellules.fr\/blog\/wp-content\/uploads\/Abdomens-des-males-1-768x711.webp 768w\" data-sizes=\"(max-width: 1300px) 100vw, 1300px\" src=\"data:image\/svg+xml;base64,PHN2ZyB3aWR0aD0iMSIgaGVpZ2h0PSIxIiB4bWxucz0iaHR0cDovL3d3dy53My5vcmcvMjAwMC9zdmciPjwvc3ZnPg==\" style=\"--smush-placeholder-width: 1300px; --smush-placeholder-aspect-ratio: 1300\/1204;\" \/><\/a><\/figure>\n<figcaption class=\"blocks-gallery-caption wp-element-caption\">Neurothemis terminata m\u00e2le, Sarawak, Sama Jaya Nature Reserve, 18\/03\/2025<br>Abdomens des m\u00e2les Neurothemis du Sarawak, d&rsquo;apr\u00e8s Seehausen &amp; Dow, 2016 (1)<\/figcaption><\/figure>\n\n\n\n<p>Il est d&rsquo;une taille \u00e0 peu pr\u00e8s \u00e9quivalente \u00e0 celle de N. ramburii, de 32 \u00e0 43 mm.<br>Nous les avons rencontr\u00e9s dans le m\u00eame type d&rsquo;habitat que les deux autres Neurothemis, ce qui ajoute \u00e0 la difficult\u00e9 d&rsquo;identification sur le terrain. Il se pla\u00eet dans les eaux peu profondes et les milieux ouverts comme les foss\u00e9s, les canaux d&rsquo;irrigation, les rizi\u00e8res, les zones mar\u00e9cageuses, les \u00e9tangs et les ruisseaux et en particulier les zones modifi\u00e9es par l&rsquo;homme !<\/p>\n\n\n\n<figure class=\"wp-block-gallery has-nested-images columns-default is-cropped wp-block-gallery-2 is-layout-flex wp-block-gallery-is-layout-flex\">\n<figure class=\"wp-block-image size-large\"><a href=\"https:\/\/www.meslibellules.fr\/blog\/wp-content\/uploads\/Neurothemis-terminata-male-2.webp\"><img decoding=\"async\" width=\"1572\" height=\"1204\" data-id=\"25683\" data-src=\"https:\/\/www.meslibellules.fr\/blog\/wp-content\/uploads\/Neurothemis-terminata-male-2.webp\" alt=\"Neurothemis terminata m\u00e2le, Sarawak, Sama Jaya Nature Reserve, 18\/03\/2025\" class=\"wp-image-25683 lazyload\" data-srcset=\"https:\/\/www.meslibellules.fr\/blog\/wp-content\/uploads\/Neurothemis-terminata-male-2.webp 1572w, https:\/\/www.meslibellules.fr\/blog\/wp-content\/uploads\/Neurothemis-terminata-male-2-768x588.webp 768w, https:\/\/www.meslibellules.fr\/blog\/wp-content\/uploads\/Neurothemis-terminata-male-2-1536x1176.webp 1536w\" data-sizes=\"(max-width: 1572px) 100vw, 1572px\" src=\"data:image\/svg+xml;base64,PHN2ZyB3aWR0aD0iMSIgaGVpZ2h0PSIxIiB4bWxucz0iaHR0cDovL3d3dy53My5vcmcvMjAwMC9zdmciPjwvc3ZnPg==\" style=\"--smush-placeholder-width: 1572px; --smush-placeholder-aspect-ratio: 1572\/1204;\" \/><\/a><\/figure>\n\n\n\n<figure class=\"wp-block-image size-large\" style=\"margin-top:var(--wp--preset--spacing--50);margin-bottom:var(--wp--preset--spacing--50)\"><a href=\"https:\/\/www.meslibellules.fr\/blog\/wp-content\/uploads\/Neurothemis-terminata-male-4.webp\"><img decoding=\"async\" width=\"2362\" height=\"1504\" data-id=\"25685\" data-src=\"https:\/\/www.meslibellules.fr\/blog\/wp-content\/uploads\/Neurothemis-terminata-male-4.webp\" alt=\"Neurothemis terminata m\u00e2le, Sarawak, Sama Jaya Nature Reserve, 18\/03\/2025\" class=\"wp-image-25685 lazyload\" data-srcset=\"https:\/\/www.meslibellules.fr\/blog\/wp-content\/uploads\/Neurothemis-terminata-male-4.webp 2362w, https:\/\/www.meslibellules.fr\/blog\/wp-content\/uploads\/Neurothemis-terminata-male-4-768x489.webp 768w, https:\/\/www.meslibellules.fr\/blog\/wp-content\/uploads\/Neurothemis-terminata-male-4-1536x978.webp 1536w, https:\/\/www.meslibellules.fr\/blog\/wp-content\/uploads\/Neurothemis-terminata-male-4-2048x1304.webp 2048w\" data-sizes=\"(max-width: 2362px) 100vw, 2362px\" src=\"data:image\/svg+xml;base64,PHN2ZyB3aWR0aD0iMSIgaGVpZ2h0PSIxIiB4bWxucz0iaHR0cDovL3d3dy53My5vcmcvMjAwMC9zdmciPjwvc3ZnPg==\" style=\"--smush-placeholder-width: 2362px; --smush-placeholder-aspect-ratio: 2362\/1504;\" \/><\/a><\/figure>\n<figcaption class=\"blocks-gallery-caption wp-element-caption\">Neurothemis terminata m\u00e2le, Sarawak, Sama Jaya Nature Reserve, 18\/03\/2025<\/figcaption><\/figure>\n\n\n\n<p>Comme pour les m\u00e2les, on peut se fier aux marques abdominales pour s\u00e9parer les femelles des trois esp\u00e8ces ; celle des femelles N. terminata ont des traits lat\u00e9raux abdominaux tr\u00e8s nettement d\u00e9cal\u00e9s vers la partie distale des segments abdominaux.<br>De plus, sur le jeune sujet ci-dessous, on devine une coloration alaire en devenir, qui s&rsquo;\u00e9tend loin sur chaque aile et se termine en ligne droite sur l&rsquo;aile post\u00e9rieure.<\/p>\n\n\n\n<figure class=\"wp-block-gallery has-nested-images columns-default is-cropped wp-block-gallery-3 is-layout-flex wp-block-gallery-is-layout-flex\">\n<figure class=\"wp-block-image size-full\" style=\"margin-top:var(--wp--preset--spacing--60);margin-bottom:var(--wp--preset--spacing--60)\"><a href=\"https:\/\/www.meslibellules.fr\/blog\/wp-content\/uploads\/Neurothemis-terminata-femelle-1.webp\"><img decoding=\"async\" width=\"1886\" height=\"1504\" data-id=\"25680\" data-src=\"https:\/\/www.meslibellules.fr\/blog\/wp-content\/uploads\/Neurothemis-terminata-femelle-1.webp\" alt=\"Neurothemis terminata femelle, Sarawak, Sama Jaya Nature Reserve, 18\/03\/2025\" class=\"wp-image-25680 lazyload\" data-srcset=\"https:\/\/www.meslibellules.fr\/blog\/wp-content\/uploads\/Neurothemis-terminata-femelle-1.webp 1886w, https:\/\/www.meslibellules.fr\/blog\/wp-content\/uploads\/Neurothemis-terminata-femelle-1-768x612.webp 768w, https:\/\/www.meslibellules.fr\/blog\/wp-content\/uploads\/Neurothemis-terminata-femelle-1-1536x1225.webp 1536w\" data-sizes=\"(max-width: 1886px) 100vw, 1886px\" src=\"data:image\/svg+xml;base64,PHN2ZyB3aWR0aD0iMSIgaGVpZ2h0PSIxIiB4bWxucz0iaHR0cDovL3d3dy53My5vcmcvMjAwMC9zdmciPjwvc3ZnPg==\" style=\"--smush-placeholder-width: 1886px; --smush-placeholder-aspect-ratio: 1886\/1504;\" \/><\/a><\/figure>\n\n\n\n<figure class=\"wp-block-image size-full\"><a href=\"https:\/\/www.meslibellules.fr\/blog\/wp-content\/uploads\/Abdomens-des-femelles.webp\"><img decoding=\"async\" width=\"1150\" height=\"1204\" data-id=\"25606\" data-src=\"https:\/\/www.meslibellules.fr\/blog\/wp-content\/uploads\/Abdomens-des-femelles.webp\" alt=\"Abdomens des femelles (1)\" class=\"wp-image-25606 lazyload\" data-srcset=\"https:\/\/www.meslibellules.fr\/blog\/wp-content\/uploads\/Abdomens-des-femelles.webp 1150w, https:\/\/www.meslibellules.fr\/blog\/wp-content\/uploads\/Abdomens-des-femelles-768x804.webp 768w\" data-sizes=\"(max-width: 1150px) 100vw, 1150px\" src=\"data:image\/svg+xml;base64,PHN2ZyB3aWR0aD0iMSIgaGVpZ2h0PSIxIiB4bWxucz0iaHR0cDovL3d3dy53My5vcmcvMjAwMC9zdmciPjwvc3ZnPg==\" style=\"--smush-placeholder-width: 1150px; --smush-placeholder-aspect-ratio: 1150\/1204;\" \/><\/a><\/figure>\n<figcaption class=\"blocks-gallery-caption wp-element-caption\">Neurothemis terminata femelle, Sarawak, Sama Jaya Nature Reserve, 18\/03\/2025<br>Abdomen des femelles Neurothemis au Sarawak, d&rsquo;apr\u00e8s Seehausen et Dow, 2016 (1)<\/figcaption><\/figure>\n\n\n\n<p>Sa distribution s&rsquo;\u00e9tend des Philippines \u00e0 Born\u00e9o, Bali, Java et Sumatra.<br><a href=\"https:\/\/www.iucnredlist.org\/species\/158657\/83383768#geographic-range\">IUCN Red List<\/a>.<br><br>Son nom vernaculaire anglais rappelle la forme de la coloration alaire aux apex et insiste \u00e9galement sur la position qu&rsquo;ils adoptent au repos, les ailes plus basses que le reste du corps, abritant du soleil leur thorax : Straight-edge Red Parasol.<br><\/p>\n\n\n\n<figure class=\"wp-block-image aligncenter size-large is-resized\"><a href=\"https:\/\/www.meslibellules.fr\/blog\/wp-content\/uploads\/Neurothemis-terminata-femelle-2.webp\"><img decoding=\"async\" width=\"2173\" height=\"1504\" data-src=\"https:\/\/www.meslibellules.fr\/blog\/wp-content\/uploads\/Neurothemis-terminata-femelle-2.webp\" alt=\"Straight-edge Red Parasol female, Sarawak, Sama Jaya Nature Reserve, 03\/18\/2025\" class=\"wp-image-25681 lazyload\" style=\"--smush-placeholder-width: 2173px; --smush-placeholder-aspect-ratio: 2173\/1504;width:520px;height:auto\" data-srcset=\"https:\/\/www.meslibellules.fr\/blog\/wp-content\/uploads\/Neurothemis-terminata-femelle-2.webp 2173w, https:\/\/www.meslibellules.fr\/blog\/wp-content\/uploads\/Neurothemis-terminata-femelle-2-768x532.webp 768w, https:\/\/www.meslibellules.fr\/blog\/wp-content\/uploads\/Neurothemis-terminata-femelle-2-1536x1063.webp 1536w, https:\/\/www.meslibellules.fr\/blog\/wp-content\/uploads\/Neurothemis-terminata-femelle-2-2048x1417.webp 2048w\" data-sizes=\"(max-width: 2173px) 100vw, 2173px\" src=\"data:image\/svg+xml;base64,PHN2ZyB3aWR0aD0iMSIgaGVpZ2h0PSIxIiB4bWxucz0iaHR0cDovL3d3dy53My5vcmcvMjAwMC9zdmciPjwvc3ZnPg==\" \/><\/a><\/figure>\n\n\n\n<p><strong>\u00c9tymologie<br><\/strong>L&rsquo;esp\u00e8ce avait \u00e9t\u00e9 baptis\u00e9e Polyneura apicalis par Rambur, 1842<strong>.<br>Neurothemis <\/strong>(3), du grec <em>neuro<\/em> pour \u2013<em>nerf&nbsp;<\/em>ou plut\u00f4t \u2013<em>nervure des ailes<\/em>&nbsp;en entomologie, et de Themis \u2013 d\u00e9esse grecque de l\u2019ordre et de la justice, qui a \u00e9t\u00e9 utilis\u00e9 de nombreuses fois depuis Hagen (1861). Le nom de la d\u00e9esse de l\u2019ordre est particuli\u00e8rement bien adapt\u00e9 \u00e0 la taxonomie, science qui vise \u00e0 d\u00e9crire et ordonner les familles, genres et esp\u00e8ces. Brauer a cr\u00e9\u00e9 ce nom de genre en 1867 pour remplacer le genre Polyneura, cr\u00e9\u00e9 par Rambur en 1842, car ce dernier \u00e9tait d\u00e9j\u00e0 utilis\u00e9 chez les H\u00e9mipt\u00e8res. Ce nom de genre, comme le nom actuel, \u00e9tait destin\u00e9 \u00e0 insister sur le grand nombre de cellules de leurs ailes. <br><strong>Terminata<\/strong> (4), du latin <em>terminatus<\/em> pour <em>termin\u00e9<\/em>, <em>limit\u00e9<\/em>, bien s\u00fbr en r\u00e9f\u00e9rence \u00e0 la disposition terminale de la coloration alaire. Et si Ris n&rsquo;a pas retenu le nom d&rsquo;esp\u00e8ce <em>apicalis<\/em><strong>  <\/strong>c&rsquo;est qu&rsquo;il \u00e9tait pr\u00e9occup\u00e9 par Libellula apicalis (Gu\u00e9rin-M\u00e9neville, 1830) qui deviendra Neurothemis fulvia ! <\/p>\n\n\n\n<div style=\"height:10px\" aria-hidden=\"true\" class=\"wp-block-spacer\"><\/div>\n\n\n\n<p>Une derni\u00e8re photo, pas tr\u00e8s bonne, d&rsquo;un m\u00e2le immature dont le thorax et l&rsquo;abdomen ont encore leur coloration de type \u00ab\u00a0femelle\u00a0\u00bb.<\/p>\n\n\n\n<figure class=\"wp-block-image aligncenter size-full is-resized\"><a href=\"https:\/\/www.meslibellules.fr\/blog\/wp-content\/uploads\/Neurothemis-terminata-male-immature-1.webp\"><img decoding=\"async\" width=\"1636\" height=\"988\" data-src=\"https:\/\/www.meslibellules.fr\/blog\/wp-content\/uploads\/Neurothemis-terminata-male-immature-1.webp\" alt=\"Neurothemis terminata m\u00e2le immature, Sarawak, Sama Jaya Nature Sri Maha Mariamman Temple Matang, 20\/03\/2025\" class=\"wp-image-25686 lazyload\" style=\"--smush-placeholder-width: 1636px; --smush-placeholder-aspect-ratio: 1636\/988;width:542px;height:auto\" data-srcset=\"https:\/\/www.meslibellules.fr\/blog\/wp-content\/uploads\/Neurothemis-terminata-male-immature-1.webp 1636w, https:\/\/www.meslibellules.fr\/blog\/wp-content\/uploads\/Neurothemis-terminata-male-immature-1-768x464.webp 768w, https:\/\/www.meslibellules.fr\/blog\/wp-content\/uploads\/Neurothemis-terminata-male-immature-1-1536x928.webp 1536w\" data-sizes=\"(max-width: 1636px) 100vw, 1636px\" src=\"data:image\/svg+xml;base64,PHN2ZyB3aWR0aD0iMSIgaGVpZ2h0PSIxIiB4bWxucz0iaHR0cDovL3d3dy53My5vcmcvMjAwMC9zdmciPjwvc3ZnPg==\" \/><\/a><figcaption class=\"wp-element-caption\">Neurothemis terminata m\u00e2le immature, Sarawak, Sama Jaya Nature Sri Maha Mariamman Temple Matang, 20\/03\/2025<\/figcaption><\/figure>\n\n\n\n<div style=\"height:30px\" aria-hidden=\"true\" class=\"wp-block-spacer\"><\/div>\n\n\n\n<p>1- &#8211; Malte Seehausen &amp; Rory A. Dow, 2016 \u2013&nbsp;<a href=\"https:\/\/www.researchgate.net\/publication\/299553580_Morphological_studies_and_taxonomic_considerations_on_the_'reddishbrownwinged'_group_of_Neurothemis_Brauer_1867_with_the_description_of_N_taiwanensis_sp_nov_Odonata_Libellulidae#fullTextFileContent\">Morphological studies and taxonomic considerations on the \u2018reddishbrownwinged\u2019 group of Neurothemis Brauer, 1867 with the description of N. taiwanensis sp. nov. (Odonata: Libellulidae)<\/a>&nbsp;\u2013 Journal of the International Dragonfly Fund.<br>2- Ris, F, 1911 &#8211;<a href=\"https:\/\/www.biodiversitylibrary.org\/item\/37439#page\/188\/mode\/1up\"> Libellulines, Vol. 2<\/a>. Collections Zoologiques du Baron Edm. de Selys Longchamps, Catalogue syst\u00e9matique et descriptif &#8211; Hayez, Bruxelles. P. 348. (<em>Je tiens ici \u00e0 remercier particuli\u00e8rement Rory Dow qui, dans les papiers qu&rsquo;il publie seul ou dans ceux auxquels il participe, cite toutes les sources et \u00e9pargne ainsi des heures de recherche pour trouver les descriptions originales<\/em>. Si je le souligne, c&rsquo;est que ce n&rsquo;est souvent pas le cas, et les publications anciennes sont alors tr\u00e8s difficiles \u00e0 trouver, car le nom d&rsquo;esp\u00e8ce ou de genre, ou les deux, ont chang\u00e9 ! ).<br>3-<a href=\"https:\/\/www.researchgate.net\/publication\/283318421_The_Naming_of_Australia's_Dragonflies#fullTextFileContent\">The Naming of Australia\u2019s Dragonflies<\/a>, Ian Endersby &amp; Heinrich Fliedner, Busybird publishing.<br>4- Fliedner, 2023 &#8211; <a href=\"https:\/\/www.researchgate.net\/publication\/367150062_The_scientific_names_of_Ris'_odonate_taxa#fullTextFileContent\">The scientific names of Ris&rsquo; odonate taxa<\/a>, IDF Report.<\/p>\n\n\n\n<div style=\"height:30px\" aria-hidden=\"true\" class=\"wp-block-spacer\"><\/div>\n\n\n\n<div class=\"wp-block-buttons is-vertical is-layout-flex wp-container-core-buttons-is-layout-fe9cc265 wp-block-buttons-is-layout-flex\">\n<div class=\"wp-block-button\"><a class=\"wp-block-button__link wp-element-button\" href=\"https:\/\/www.meslibellules.fr\/blog\/odonates-du-sarawak\/\">Accueil Sarawak<\/a><\/div>\n\n\n\n<div class=\"wp-block-button\"><a class=\"wp-block-button__link wp-element-button\" href=\"https:\/\/www.meslibellules.fr\/pagesweb\/divers\/liste-generale-odonates-du-site\/asia-odonates.php\">Listes des Odonates d&rsquo;Asie<\/a><\/div>\n\n\n\n<div class=\"wp-block-button\"><a class=\"wp-block-button__link wp-element-button\" href=\"https:\/\/www.meslibellules.fr\/pagesweb\/divers\/liste-generale-odonates-du-site\/all-odonates.php\">Listes continentales<\/a><\/div>\n<\/div>\n\n\n\n<div style=\"height:30px\" aria-hidden=\"true\" class=\"wp-block-spacer\"><\/div>\n","protected":false},"excerpt":{"rendered":"<p>Il y a trois Neurothemis au Sarawak et Neurothemis terminata est celui qui est le plus facile \u00e0 identifier et \u00e0 s\u00e9parer de ses deux cousins N. ramburii et N. fluctuans. S&rsquo;ils sont tous les trois globalement rouges avec des ailes rouges, N. terminata est le seul dont la coloration alaire de l&rsquo;aile post\u00e9rieure se [&hellip;]<\/p>\n","protected":false},"author":1,"featured_media":0,"comment_status":"open","ping_status":"open","sticky":false,"template":"","format":"image","meta":{"site-sidebar-layout":"default","site-content-layout":"","ast-site-content-layout":"default","site-content-style":"default","site-sidebar-style":"default","ast-global-header-display":"","ast-banner-title-visibility":"","ast-main-header-display":"","ast-hfb-above-header-display":"","ast-hfb-below-header-display":"","ast-hfb-mobile-header-display":"","site-post-title":"","ast-breadcrumbs-content":"","ast-featured-img":"","footer-sml-layout":"","ast-disable-related-posts":"","theme-transparent-header-meta":"","adv-header-id-meta":"","stick-header-meta":"","header-above-stick-meta":"","header-main-stick-meta":"","header-below-stick-meta":"","astra-migrate-meta-layouts":"set","ast-page-background-enabled":"default","ast-page-background-meta":{"desktop":{"background-color":"var(--ast-global-color-4)","background-image":"","background-repeat":"repeat","background-position":"center center","background-size":"auto","background-attachment":"scroll","background-type":"","background-media":"","overlay-type":"","overlay-color":"","overlay-opacity":"","overlay-gradient":""},"tablet":{"background-color":"","background-image":"","background-repeat":"repeat","background-position":"center center","background-size":"auto","background-attachment":"scroll","background-type":"","background-media":"","overlay-type":"","overlay-color":"","overlay-opacity":"","overlay-gradient":""},"mobile":{"background-color":"","background-image":"","background-repeat":"repeat","background-position":"center center","background-size":"auto","background-attachment":"scroll","background-type":"","background-media":"","overlay-type":"","overlay-color":"","overlay-opacity":"","overlay-gradient":""}},"ast-content-background-meta":{"desktop":{"background-color":"var(--ast-global-color-5)","background-image":"","background-repeat":"repeat","background-position":"center center","background-size":"auto","background-attachment":"scroll","background-type":"","background-media":"","overlay-type":"","overlay-color":"","overlay-opacity":"","overlay-gradient":""},"tablet":{"background-color":"var(--ast-global-color-5)","background-image":"","background-repeat":"repeat","background-position":"center center","background-size":"auto","background-attachment":"scroll","background-type":"","background-media":"","overlay-type":"","overlay-color":"","overlay-opacity":"","overlay-gradient":""},"mobile":{"background-color":"var(--ast-global-color-5)","background-image":"","background-repeat":"repeat","background-position":"center center","background-size":"auto","background-attachment":"scroll","background-type":"","background-media":"","overlay-type":"","overlay-color":"","overlay-opacity":"","overlay-gradient":""}},"footnotes":""},"categories":[38596,38606],"tags":[38599,38617],"class_list":["post-25687","post","type-post","status-publish","format-image","hentry","category-borneo-sarawak","category-libellulidae-borneo-sarawak","tag-borneo-sarawak","tag-libellulidae-borneo-2","post_format-post-format-image"],"yoast_head":"<!-- This site is optimized with the Yoast SEO plugin v27.5 - https:\/\/yoast.com\/product\/yoast-seo-wordpress\/ -->\n<title>Neurothemis terminata - Mes Libellules<\/title>\n<meta name=\"description\" content=\"Neurothemis terminata m\u00e2le et femelle au Sarawak, description, identification, taille, habitat, distribution g\u00e9ographique, \u00e9tymologie\" \/>\n<meta name=\"robots\" content=\"index, follow, max-snippet:-1, max-image-preview:large, max-video-preview:-1\" \/>\n<link rel=\"canonical\" href=\"https:\/\/www.meslibellules.fr\/blog\/2025\/08\/01\/neurothemis-terminata\/\" \/>\n<meta property=\"og:locale\" content=\"fr_FR\" \/>\n<meta property=\"og:type\" content=\"article\" \/>\n<meta property=\"og:title\" content=\"Neurothemis terminata - Mes Libellules\" \/>\n<meta property=\"og:description\" content=\"Neurothemis terminata m\u00e2le et femelle au Sarawak, description, identification, taille, habitat, distribution g\u00e9ographique, \u00e9tymologie\" \/>\n<meta property=\"og:url\" content=\"https:\/\/www.meslibellules.fr\/blog\/2025\/08\/01\/neurothemis-terminata\/\" \/>\n<meta property=\"og:site_name\" content=\"Mes Libellules\" \/>\n<meta property=\"article:publisher\" content=\"https:\/\/www.facebook.com\/benoit.guillon.96\/\" \/>\n<meta property=\"article:author\" content=\"https:\/\/www.facebook.com\/benoit.guillon.96\/\" \/>\n<meta property=\"article:published_time\" content=\"2025-08-01T07:17:15+00:00\" \/>\n<meta property=\"article:modified_time\" content=\"2025-08-01T11:11:18+00:00\" \/>\n<meta property=\"og:image\" content=\"https:\/\/www.meslibellules.fr\/blog\/wp-content\/uploads\/Neurothemis-terminata-male-1.webp\" \/>\n\t<meta property=\"og:image:width\" content=\"2302\" \/>\n\t<meta property=\"og:image:height\" content=\"1504\" \/>\n\t<meta property=\"og:image:type\" content=\"image\/webp\" \/>\n<meta name=\"author\" content=\"Beno\u00eet Guillon\" \/>\n<meta name=\"twitter:card\" content=\"summary_large_image\" \/>\n<meta name=\"twitter:label1\" content=\"\u00c9crit par\" \/>\n\t<meta name=\"twitter:data1\" content=\"Beno\u00eet Guillon\" \/>\n\t<meta name=\"twitter:label2\" content=\"Dur\u00e9e de lecture estim\u00e9e\" \/>\n\t<meta name=\"twitter:data2\" content=\"6 minutes\" \/>\n<script type=\"application\/ld+json\" class=\"yoast-schema-graph\">{\"@context\":\"https:\\\/\\\/schema.org\",\"@graph\":[{\"@type\":\"Article\",\"@id\":\"https:\\\/\\\/www.meslibellules.fr\\\/blog\\\/2025\\\/08\\\/01\\\/neurothemis-terminata\\\/#article\",\"isPartOf\":{\"@id\":\"https:\\\/\\\/www.meslibellules.fr\\\/blog\\\/2025\\\/08\\\/01\\\/neurothemis-terminata\\\/\"},\"author\":{\"name\":\"Beno\u00eet Guillon\",\"@id\":\"https:\\\/\\\/www.meslibellules.fr\\\/blog\\\/#\\\/schema\\\/person\\\/9aa3586f9dd053fcf329f43b8b053c77\"},\"headline\":\"Born\u00e9o, Sarawak &#8211; Neurothemis terminata (Ris, 1911)\",\"datePublished\":\"2025-08-01T07:17:15+00:00\",\"dateModified\":\"2025-08-01T11:11:18+00:00\",\"mainEntityOfPage\":{\"@id\":\"https:\\\/\\\/www.meslibellules.fr\\\/blog\\\/2025\\\/08\\\/01\\\/neurothemis-terminata\\\/\"},\"wordCount\":787,\"commentCount\":0,\"publisher\":{\"@id\":\"https:\\\/\\\/www.meslibellules.fr\\\/blog\\\/#\\\/schema\\\/person\\\/9aa3586f9dd053fcf329f43b8b053c77\"},\"image\":{\"@id\":\"https:\\\/\\\/www.meslibellules.fr\\\/blog\\\/2025\\\/08\\\/01\\\/neurothemis-terminata\\\/#primaryimage\"},\"thumbnailUrl\":\"https:\\\/\\\/www.meslibellules.fr\\\/blog\\\/wp-content\\\/uploads\\\/Neurothemis-terminata-male-1.webp\",\"keywords\":[\"Born\u00e9o - Sarawak\",\"Libellulidae - Born\u00e9o\"],\"articleSection\":[\"Born\u00e9o -Sarawak\",\"Libellulidae\"],\"inLanguage\":\"fr-FR\",\"potentialAction\":[{\"@type\":\"CommentAction\",\"name\":\"Comment\",\"target\":[\"https:\\\/\\\/www.meslibellules.fr\\\/blog\\\/2025\\\/08\\\/01\\\/neurothemis-terminata\\\/#respond\"]}]},{\"@type\":\"WebPage\",\"@id\":\"https:\\\/\\\/www.meslibellules.fr\\\/blog\\\/2025\\\/08\\\/01\\\/neurothemis-terminata\\\/\",\"url\":\"https:\\\/\\\/www.meslibellules.fr\\\/blog\\\/2025\\\/08\\\/01\\\/neurothemis-terminata\\\/\",\"name\":\"Neurothemis terminata - Mes Libellules\",\"isPartOf\":{\"@id\":\"https:\\\/\\\/www.meslibellules.fr\\\/blog\\\/#website\"},\"primaryImageOfPage\":{\"@id\":\"https:\\\/\\\/www.meslibellules.fr\\\/blog\\\/2025\\\/08\\\/01\\\/neurothemis-terminata\\\/#primaryimage\"},\"image\":{\"@id\":\"https:\\\/\\\/www.meslibellules.fr\\\/blog\\\/2025\\\/08\\\/01\\\/neurothemis-terminata\\\/#primaryimage\"},\"thumbnailUrl\":\"https:\\\/\\\/www.meslibellules.fr\\\/blog\\\/wp-content\\\/uploads\\\/Neurothemis-terminata-male-1.webp\",\"datePublished\":\"2025-08-01T07:17:15+00:00\",\"dateModified\":\"2025-08-01T11:11:18+00:00\",\"description\":\"Neurothemis terminata m\u00e2le et femelle au Sarawak, description, identification, taille, habitat, distribution g\u00e9ographique, \u00e9tymologie\",\"breadcrumb\":{\"@id\":\"https:\\\/\\\/www.meslibellules.fr\\\/blog\\\/2025\\\/08\\\/01\\\/neurothemis-terminata\\\/#breadcrumb\"},\"inLanguage\":\"fr-FR\",\"potentialAction\":[{\"@type\":\"ReadAction\",\"target\":[\"https:\\\/\\\/www.meslibellules.fr\\\/blog\\\/2025\\\/08\\\/01\\\/neurothemis-terminata\\\/\"]}]},{\"@type\":\"ImageObject\",\"inLanguage\":\"fr-FR\",\"@id\":\"https:\\\/\\\/www.meslibellules.fr\\\/blog\\\/2025\\\/08\\\/01\\\/neurothemis-terminata\\\/#primaryimage\",\"url\":\"https:\\\/\\\/www.meslibellules.fr\\\/blog\\\/wp-content\\\/uploads\\\/Neurothemis-terminata-male-1.webp\",\"contentUrl\":\"https:\\\/\\\/www.meslibellules.fr\\\/blog\\\/wp-content\\\/uploads\\\/Neurothemis-terminata-male-1.webp\"},{\"@type\":\"BreadcrumbList\",\"@id\":\"https:\\\/\\\/www.meslibellules.fr\\\/blog\\\/2025\\\/08\\\/01\\\/neurothemis-terminata\\\/#breadcrumb\",\"itemListElement\":[{\"@type\":\"ListItem\",\"position\":1,\"name\":\"Accueil\",\"item\":\"https:\\\/\\\/www.meslibellules.fr\\\/blog\\\/\"},{\"@type\":\"ListItem\",\"position\":2,\"name\":\"Born\u00e9o, Sarawak &#8211; Neurothemis terminata (Ris, 1911)\"}]},{\"@type\":\"WebSite\",\"@id\":\"https:\\\/\\\/www.meslibellules.fr\\\/blog\\\/#website\",\"url\":\"https:\\\/\\\/www.meslibellules.fr\\\/blog\\\/\",\"name\":\"Mes Libellules\",\"description\":\"Pr\u00e9sentation des libellules rencontr\u00e9es dans le monde\",\"publisher\":{\"@id\":\"https:\\\/\\\/www.meslibellules.fr\\\/blog\\\/#\\\/schema\\\/person\\\/9aa3586f9dd053fcf329f43b8b053c77\"},\"potentialAction\":[{\"@type\":\"SearchAction\",\"target\":{\"@type\":\"EntryPoint\",\"urlTemplate\":\"https:\\\/\\\/www.meslibellules.fr\\\/blog\\\/?s={search_term_string}\"},\"query-input\":{\"@type\":\"PropertyValueSpecification\",\"valueRequired\":true,\"valueName\":\"search_term_string\"}}],\"inLanguage\":\"fr-FR\"},{\"@type\":[\"Person\",\"Organization\"],\"@id\":\"https:\\\/\\\/www.meslibellules.fr\\\/blog\\\/#\\\/schema\\\/person\\\/9aa3586f9dd053fcf329f43b8b053c77\",\"name\":\"Beno\u00eet Guillon\",\"image\":{\"@type\":\"ImageObject\",\"inLanguage\":\"fr-FR\",\"@id\":\"https:\\\/\\\/www.meslibellules.fr\\\/blog\\\/wp-content\\\/uploads\\\/cropped-avatar-150-pix.jpg\",\"url\":\"https:\\\/\\\/www.meslibellules.fr\\\/blog\\\/wp-content\\\/uploads\\\/cropped-avatar-150-pix.jpg\",\"contentUrl\":\"https:\\\/\\\/www.meslibellules.fr\\\/blog\\\/wp-content\\\/uploads\\\/cropped-avatar-150-pix.jpg\",\"width\":150,\"height\":137,\"caption\":\"Beno\u00eet Guillon\"},\"logo\":{\"@id\":\"https:\\\/\\\/www.meslibellules.fr\\\/blog\\\/wp-content\\\/uploads\\\/cropped-avatar-150-pix.jpg\"},\"sameAs\":[\"https:\\\/\\\/www.facebook.com\\\/benoit.guillon.96\\\/\"]}]}<\/script>\n<!-- \/ Yoast SEO plugin. -->","yoast_head_json":{"title":"Neurothemis terminata - Mes Libellules","description":"Neurothemis terminata m\u00e2le et femelle au Sarawak, description, identification, taille, habitat, distribution g\u00e9ographique, \u00e9tymologie","robots":{"index":"index","follow":"follow","max-snippet":"max-snippet:-1","max-image-preview":"max-image-preview:large","max-video-preview":"max-video-preview:-1"},"canonical":"https:\/\/www.meslibellules.fr\/blog\/2025\/08\/01\/neurothemis-terminata\/","og_locale":"fr_FR","og_type":"article","og_title":"Neurothemis terminata - Mes Libellules","og_description":"Neurothemis terminata m\u00e2le et femelle au Sarawak, description, identification, taille, habitat, distribution g\u00e9ographique, \u00e9tymologie","og_url":"https:\/\/www.meslibellules.fr\/blog\/2025\/08\/01\/neurothemis-terminata\/","og_site_name":"Mes Libellules","article_publisher":"https:\/\/www.facebook.com\/benoit.guillon.96\/","article_author":"https:\/\/www.facebook.com\/benoit.guillon.96\/","article_published_time":"2025-08-01T07:17:15+00:00","article_modified_time":"2025-08-01T11:11:18+00:00","og_image":[{"width":2302,"height":1504,"url":"https:\/\/www.meslibellules.fr\/blog\/wp-content\/uploads\/Neurothemis-terminata-male-1.webp","type":"image\/webp"}],"author":"Beno\u00eet Guillon","twitter_card":"summary_large_image","twitter_misc":{"\u00c9crit par":"Beno\u00eet Guillon","Dur\u00e9e de lecture estim\u00e9e":"6 minutes"},"schema":{"@context":"https:\/\/schema.org","@graph":[{"@type":"Article","@id":"https:\/\/www.meslibellules.fr\/blog\/2025\/08\/01\/neurothemis-terminata\/#article","isPartOf":{"@id":"https:\/\/www.meslibellules.fr\/blog\/2025\/08\/01\/neurothemis-terminata\/"},"author":{"name":"Beno\u00eet Guillon","@id":"https:\/\/www.meslibellules.fr\/blog\/#\/schema\/person\/9aa3586f9dd053fcf329f43b8b053c77"},"headline":"Born\u00e9o, Sarawak &#8211; Neurothemis terminata (Ris, 1911)","datePublished":"2025-08-01T07:17:15+00:00","dateModified":"2025-08-01T11:11:18+00:00","mainEntityOfPage":{"@id":"https:\/\/www.meslibellules.fr\/blog\/2025\/08\/01\/neurothemis-terminata\/"},"wordCount":787,"commentCount":0,"publisher":{"@id":"https:\/\/www.meslibellules.fr\/blog\/#\/schema\/person\/9aa3586f9dd053fcf329f43b8b053c77"},"image":{"@id":"https:\/\/www.meslibellules.fr\/blog\/2025\/08\/01\/neurothemis-terminata\/#primaryimage"},"thumbnailUrl":"https:\/\/www.meslibellules.fr\/blog\/wp-content\/uploads\/Neurothemis-terminata-male-1.webp","keywords":["Born\u00e9o - Sarawak","Libellulidae - Born\u00e9o"],"articleSection":["Born\u00e9o -Sarawak","Libellulidae"],"inLanguage":"fr-FR","potentialAction":[{"@type":"CommentAction","name":"Comment","target":["https:\/\/www.meslibellules.fr\/blog\/2025\/08\/01\/neurothemis-terminata\/#respond"]}]},{"@type":"WebPage","@id":"https:\/\/www.meslibellules.fr\/blog\/2025\/08\/01\/neurothemis-terminata\/","url":"https:\/\/www.meslibellules.fr\/blog\/2025\/08\/01\/neurothemis-terminata\/","name":"Neurothemis terminata - Mes Libellules","isPartOf":{"@id":"https:\/\/www.meslibellules.fr\/blog\/#website"},"primaryImageOfPage":{"@id":"https:\/\/www.meslibellules.fr\/blog\/2025\/08\/01\/neurothemis-terminata\/#primaryimage"},"image":{"@id":"https:\/\/www.meslibellules.fr\/blog\/2025\/08\/01\/neurothemis-terminata\/#primaryimage"},"thumbnailUrl":"https:\/\/www.meslibellules.fr\/blog\/wp-content\/uploads\/Neurothemis-terminata-male-1.webp","datePublished":"2025-08-01T07:17:15+00:00","dateModified":"2025-08-01T11:11:18+00:00","description":"Neurothemis terminata m\u00e2le et femelle au Sarawak, description, identification, taille, habitat, distribution g\u00e9ographique, \u00e9tymologie","breadcrumb":{"@id":"https:\/\/www.meslibellules.fr\/blog\/2025\/08\/01\/neurothemis-terminata\/#breadcrumb"},"inLanguage":"fr-FR","potentialAction":[{"@type":"ReadAction","target":["https:\/\/www.meslibellules.fr\/blog\/2025\/08\/01\/neurothemis-terminata\/"]}]},{"@type":"ImageObject","inLanguage":"fr-FR","@id":"https:\/\/www.meslibellules.fr\/blog\/2025\/08\/01\/neurothemis-terminata\/#primaryimage","url":"https:\/\/www.meslibellules.fr\/blog\/wp-content\/uploads\/Neurothemis-terminata-male-1.webp","contentUrl":"https:\/\/www.meslibellules.fr\/blog\/wp-content\/uploads\/Neurothemis-terminata-male-1.webp"},{"@type":"BreadcrumbList","@id":"https:\/\/www.meslibellules.fr\/blog\/2025\/08\/01\/neurothemis-terminata\/#breadcrumb","itemListElement":[{"@type":"ListItem","position":1,"name":"Accueil","item":"https:\/\/www.meslibellules.fr\/blog\/"},{"@type":"ListItem","position":2,"name":"Born\u00e9o, Sarawak &#8211; Neurothemis terminata (Ris, 1911)"}]},{"@type":"WebSite","@id":"https:\/\/www.meslibellules.fr\/blog\/#website","url":"https:\/\/www.meslibellules.fr\/blog\/","name":"Mes Libellules","description":"Pr\u00e9sentation des libellules rencontr\u00e9es dans le monde","publisher":{"@id":"https:\/\/www.meslibellules.fr\/blog\/#\/schema\/person\/9aa3586f9dd053fcf329f43b8b053c77"},"potentialAction":[{"@type":"SearchAction","target":{"@type":"EntryPoint","urlTemplate":"https:\/\/www.meslibellules.fr\/blog\/?s={search_term_string}"},"query-input":{"@type":"PropertyValueSpecification","valueRequired":true,"valueName":"search_term_string"}}],"inLanguage":"fr-FR"},{"@type":["Person","Organization"],"@id":"https:\/\/www.meslibellules.fr\/blog\/#\/schema\/person\/9aa3586f9dd053fcf329f43b8b053c77","name":"Beno\u00eet Guillon","image":{"@type":"ImageObject","inLanguage":"fr-FR","@id":"https:\/\/www.meslibellules.fr\/blog\/wp-content\/uploads\/cropped-avatar-150-pix.jpg","url":"https:\/\/www.meslibellules.fr\/blog\/wp-content\/uploads\/cropped-avatar-150-pix.jpg","contentUrl":"https:\/\/www.meslibellules.fr\/blog\/wp-content\/uploads\/cropped-avatar-150-pix.jpg","width":150,"height":137,"caption":"Beno\u00eet Guillon"},"logo":{"@id":"https:\/\/www.meslibellules.fr\/blog\/wp-content\/uploads\/cropped-avatar-150-pix.jpg"},"sameAs":["https:\/\/www.facebook.com\/benoit.guillon.96\/"]}]}},"_links":{"self":[{"href":"https:\/\/www.meslibellules.fr\/blog\/wp-json\/wp\/v2\/posts\/25687","targetHints":{"allow":["GET"]}}],"collection":[{"href":"https:\/\/www.meslibellules.fr\/blog\/wp-json\/wp\/v2\/posts"}],"about":[{"href":"https:\/\/www.meslibellules.fr\/blog\/wp-json\/wp\/v2\/types\/post"}],"author":[{"embeddable":true,"href":"https:\/\/www.meslibellules.fr\/blog\/wp-json\/wp\/v2\/users\/1"}],"replies":[{"embeddable":true,"href":"https:\/\/www.meslibellules.fr\/blog\/wp-json\/wp\/v2\/comments?post=25687"}],"version-history":[{"count":12,"href":"https:\/\/www.meslibellules.fr\/blog\/wp-json\/wp\/v2\/posts\/25687\/revisions"}],"predecessor-version":[{"id":25703,"href":"https:\/\/www.meslibellules.fr\/blog\/wp-json\/wp\/v2\/posts\/25687\/revisions\/25703"}],"wp:attachment":[{"href":"https:\/\/www.meslibellules.fr\/blog\/wp-json\/wp\/v2\/media?parent=25687"}],"wp:term":[{"taxonomy":"category","embeddable":true,"href":"https:\/\/www.meslibellules.fr\/blog\/wp-json\/wp\/v2\/categories?post=25687"},{"taxonomy":"post_tag","embeddable":true,"href":"https:\/\/www.meslibellules.fr\/blog\/wp-json\/wp\/v2\/tags?post=25687"}],"curies":[{"name":"wp","href":"https:\/\/api.w.org\/{rel}","templated":true}]}}