{"id":25756,"date":"2025-08-10T16:48:27","date_gmt":"2025-08-10T14:48:27","guid":{"rendered":"https:\/\/www.meslibellules.fr\/blog\/?p=25756"},"modified":"2025-10-18T13:54:00","modified_gmt":"2025-10-18T11:54:00","slug":"elattoneura-analis","status":"publish","type":"post","link":"https:\/\/www.meslibellules.fr\/blog\/2025\/08\/10\/elattoneura-analis\/","title":{"rendered":"Born\u00e9o, Sarawak &#8211; \u00ab\u00a0Elattoneura\u00a0\u00bb analis (Selys, 1860)"},"content":{"rendered":"\n<figure class=\"wp-block-image aligncenter size-full is-resized\"><a href=\"https:\/\/www.meslibellules.fr\/blog\/wp-content\/uploads\/Elattoneura-analis-male-2-scaled.webp\"><img decoding=\"async\" width=\"2560\" height=\"1236\" data-src=\"https:\/\/www.meslibellules.fr\/blog\/wp-content\/uploads\/Elattoneura-analis-male-2-scaled.webp\" alt=\"Elattoneura analis m\u00e2le, Sarawak, Bung Ngiraja, 26\/03\/2025\" class=\"wp-image-25751 lazyload\" style=\"--smush-placeholder-width: 2560px; --smush-placeholder-aspect-ratio: 2560\/1236;width:662px;height:auto\" data-srcset=\"https:\/\/www.meslibellules.fr\/blog\/wp-content\/uploads\/Elattoneura-analis-male-2-scaled.webp 2560w, https:\/\/www.meslibellules.fr\/blog\/wp-content\/uploads\/Elattoneura-analis-male-2-768x371.webp 768w, https:\/\/www.meslibellules.fr\/blog\/wp-content\/uploads\/Elattoneura-analis-male-2-1536x742.webp 1536w, https:\/\/www.meslibellules.fr\/blog\/wp-content\/uploads\/Elattoneura-analis-male-2-2048x989.webp 2048w\" data-sizes=\"(max-width: 2560px) 100vw, 2560px\" src=\"data:image\/svg+xml;base64,PHN2ZyB3aWR0aD0iMSIgaGVpZ2h0PSIxIiB4bWxucz0iaHR0cDovL3d3dy53My5vcmcvMjAwMC9zdmciPjwvc3ZnPg==\" \/><\/a><figcaption class=\"wp-element-caption\">Elattoneura analis m\u00e2le, Sarawak, Bung Ngiraja, 26\/03\/2025<\/figcaption><\/figure>\n\n\n\n<p>Comme on peut s&rsquo;en douter en voyant mes photos, Elattoneura analis vit dans les milieux sombres !<br>Il faut tout de suite expliquer la raison des guillemets qui entourent son nom d&rsquo;esp\u00e8ce ; il n&rsquo;appartient certainement pas \u00e0 ce genre africain, et si on conserve ce nom, c&rsquo;est actuellement par simplification, en attendant que de l&rsquo;ordre soit remis dans la taxinomie. Voir Dow &amp; al., 2019 (1).<\/p>\n\n\n\n<figure class=\"wp-block-image aligncenter size-full is-resized\"><a href=\"https:\/\/www.meslibellules.fr\/blog\/wp-content\/uploads\/Elattoneura-analis-male-5.webp\"><img decoding=\"async\" width=\"2555\" height=\"1504\" data-src=\"https:\/\/www.meslibellules.fr\/blog\/wp-content\/uploads\/Elattoneura-analis-male-5.webp\" alt=\"Elattoneura analis m\u00e2le, Sarawak, Bung Ngiraja, 26\/03\/2025\" class=\"wp-image-25754 lazyload\" style=\"--smush-placeholder-width: 2555px; --smush-placeholder-aspect-ratio: 2555\/1504;width:606px;height:auto\" data-srcset=\"https:\/\/www.meslibellules.fr\/blog\/wp-content\/uploads\/Elattoneura-analis-male-5.webp 2555w, https:\/\/www.meslibellules.fr\/blog\/wp-content\/uploads\/Elattoneura-analis-male-5-768x452.webp 768w, https:\/\/www.meslibellules.fr\/blog\/wp-content\/uploads\/Elattoneura-analis-male-5-1536x904.webp 1536w, https:\/\/www.meslibellules.fr\/blog\/wp-content\/uploads\/Elattoneura-analis-male-5-2048x1206.webp 2048w\" data-sizes=\"(max-width: 2555px) 100vw, 2555px\" src=\"data:image\/svg+xml;base64,PHN2ZyB3aWR0aD0iMSIgaGVpZ2h0PSIxIiB4bWxucz0iaHR0cDovL3d3dy53My5vcmcvMjAwMC9zdmciPjwvc3ZnPg==\" \/><\/a><figcaption class=\"wp-element-caption\">Elattoneura analis m\u00e2le, Sarawak, Bung Ngiraja, 26\/03\/2025<\/figcaption><\/figure>\n\n\n\n<p>C&rsquo;est un Platycnemididae au long abdomen, 31 mm et au petit thorax et t\u00eate, 6 mm et il d\u00e9passe \u00e0 peine 37 mm si on se r\u00e9f\u00e8re \u00e0 la taille donn\u00e9e par Selys, 1860 (2).<br>Une fois hors de la for\u00eat, il est facile&#8230; \u00e0 identifier en raison de diff\u00e9rents d\u00e9tails qui associ\u00e9s excluent tout risque de confusion : m\u00e2les et femelles ont les yeux tricolores barr\u00e9s de marron, une bande ant\u00e9hum\u00e9rale sombre marqu\u00e9e de 2 ou 3 points ou traits clairs dans sa partie distale, la bande sombre thoracique inf\u00e9rieure interrompue par une coloration claire dans sa partie terminale alors que la partie toute distale porte une petite tache de couleur claire.<br>Le m\u00e2le porte un motif bien particulier sur le S2, \u00ab\u00a0Une tache orang\u00e9e ovale, pointue en arri\u00e8re, &#8230;\u00a0\u00bb (2).<br>M\u00e2les et femelles montrent des pt\u00e9rostigmas que Selys d\u00e9crit noir\u00e2tres sur des sujets de collection, mais qui sont marrons, bien entour\u00e9s d&rsquo;une zone claire pour les m\u00e2les : \u00ab\u00a0Pt\u00e9rostigma en losange assez allong\u00e9e [sic], noir\u00e2tre ; un peu plus clair \u00e0 l&rsquo;entour, surmontant une cellule.\u00a0\u00bb (2).<br>Enfin, si l&rsquo;abdomen est tr\u00e8s sombre, noir, avec des anneaux clairs \u00e0 l&rsquo;union de segments, l&rsquo;extr\u00e9mit\u00e9 du neuvi\u00e8me, la face sup\u00e9rieure du dixi\u00e8me et les appendices anaux sup\u00e9rieurs, courts, cylindriques et pointus, sont clairs.<\/p>\n\n\n\n<figure class=\"wp-block-image aligncenter size-full is-resized\"><a href=\"https:\/\/www.meslibellules.fr\/blog\/wp-content\/uploads\/Elattoneura-analis-male-4.webp\"><img decoding=\"async\" width=\"1692\" height=\"1504\" data-src=\"https:\/\/www.meslibellules.fr\/blog\/wp-content\/uploads\/Elattoneura-analis-male-4.webp\" alt=\"Elattoneura analis m\u00e2le, Sarawak, Bung Ngiraja, 26\/03\/2025\" class=\"wp-image-25753 lazyload\" style=\"--smush-placeholder-width: 1692px; --smush-placeholder-aspect-ratio: 1692\/1504;width:605px;height:auto\" data-srcset=\"https:\/\/www.meslibellules.fr\/blog\/wp-content\/uploads\/Elattoneura-analis-male-4.webp 1692w, https:\/\/www.meslibellules.fr\/blog\/wp-content\/uploads\/Elattoneura-analis-male-4-768x683.webp 768w, https:\/\/www.meslibellules.fr\/blog\/wp-content\/uploads\/Elattoneura-analis-male-4-1536x1365.webp 1536w\" data-sizes=\"(max-width: 1692px) 100vw, 1692px\" src=\"data:image\/svg+xml;base64,PHN2ZyB3aWR0aD0iMSIgaGVpZ2h0PSIxIiB4bWxucz0iaHR0cDovL3d3dy53My5vcmcvMjAwMC9zdmciPjwvc3ZnPg==\" \/><\/a><figcaption class=\"wp-element-caption\">Elattoneura analis m\u00e2le, Sarawak, Bung Ngiraja, 26\/03\/2025<\/figcaption><\/figure>\n\n\n\n<p>\u00ab\u00a0Elattoneura\u00a0\u00bb analis ressemble \u00e0 <a href=\"https:\/\/www.meslibellules.fr\/blog\/wp-content\/uploads\/Prodasineura-verticalis-male-1-1.webp\">Prodasineura verticalis<\/a> (ou plut\u00f4t aux membres du complexe P. verticalis\/humeralis, qui pr\u00e9sente d&rsquo;autres probl\u00e8mes taxinomiques) mais les yeux de ce dernier sont plus rouges, et si les appendices anaux sont (parfois !) \u00e9galement clairs, ni S10 ni S9 ne sont blanch\u00e2tres. De plus, ils ne fr\u00e9quentent pas les m\u00eames milieux.<br><br>Noter ci-dessous les pt\u00e9rostigmas entour\u00e9s d&rsquo;une marge claire.<\/p>\n\n\n\n<figure class=\"wp-block-image aligncenter size-full is-resized\"><a href=\"https:\/\/www.meslibellules.fr\/blog\/wp-content\/uploads\/Elattoneura-analis-male-3-scaled-e1754717429975.webp\"><img decoding=\"async\" width=\"2560\" height=\"1313\" data-src=\"https:\/\/www.meslibellules.fr\/blog\/wp-content\/uploads\/Elattoneura-analis-male-3-scaled-e1754717429975.webp\" alt=\"Elattoneura analis m\u00e2le, Sarawak, Bung Ngiraja, 26\/03\/202\" class=\"wp-image-25752 lazyload\" style=\"--smush-placeholder-width: 2560px; --smush-placeholder-aspect-ratio: 2560\/1313;width:670px;height:auto\" data-srcset=\"https:\/\/www.meslibellules.fr\/blog\/wp-content\/uploads\/Elattoneura-analis-male-3-scaled-e1754717429975.webp 2560w, https:\/\/www.meslibellules.fr\/blog\/wp-content\/uploads\/Elattoneura-analis-male-3-scaled-e1754717429975-768x394.webp 768w, https:\/\/www.meslibellules.fr\/blog\/wp-content\/uploads\/Elattoneura-analis-male-3-scaled-e1754717429975-1536x788.webp 1536w, https:\/\/www.meslibellules.fr\/blog\/wp-content\/uploads\/Elattoneura-analis-male-3-scaled-e1754717429975-2048x1050.webp 2048w\" data-sizes=\"(max-width: 2560px) 100vw, 2560px\" src=\"data:image\/svg+xml;base64,PHN2ZyB3aWR0aD0iMSIgaGVpZ2h0PSIxIiB4bWxucz0iaHR0cDovL3d3dy53My5vcmcvMjAwMC9zdmciPjwvc3ZnPg==\" \/><\/a><figcaption class=\"wp-element-caption\">Elattoneura analis m\u00e2le, Sarawak, Bung Ngiraja, 26\/03\/2025<\/figcaption><\/figure>\n\n\n\n<p>Nous l&rsquo;avons observ\u00e9 sur les berges d&rsquo;une rivi\u00e8re en for\u00eat assez dense.<\/p>\n\n\n\n<figure class=\"wp-block-image aligncenter size-full is-resized\"><a href=\"https:\/\/www.meslibellules.fr\/blog\/wp-content\/uploads\/26-03-25-10h30-Bung-Ngiraja-.webp\"><img decoding=\"async\" width=\"1307\" height=\"1504\" data-src=\"https:\/\/www.meslibellules.fr\/blog\/wp-content\/uploads\/26-03-25-10h30-Bung-Ngiraja-.webp\" alt=\"Sarawak, Bung Ngiraja, 26\/03\/2025\" class=\"wp-image-25768 lazyload\" style=\"--smush-placeholder-width: 1307px; --smush-placeholder-aspect-ratio: 1307\/1504;width:402px;height:auto\" data-srcset=\"https:\/\/www.meslibellules.fr\/blog\/wp-content\/uploads\/26-03-25-10h30-Bung-Ngiraja-.webp 1307w, https:\/\/www.meslibellules.fr\/blog\/wp-content\/uploads\/26-03-25-10h30-Bung-Ngiraja--768x884.webp 768w\" data-sizes=\"(max-width: 1307px) 100vw, 1307px\" src=\"data:image\/svg+xml;base64,PHN2ZyB3aWR0aD0iMSIgaGVpZ2h0PSIxIiB4bWxucz0iaHR0cDovL3d3dy53My5vcmcvMjAwMC9zdmciPjwvc3ZnPg==\" \/><\/a><figcaption class=\"wp-element-caption\">Sarawak, Bung Ngiraja, 26\/03\/2025<\/figcaption><\/figure>\n\n\n\n<p>Il est pr\u00e9sent \u00e0 Born\u00e9o, Sumatra et sur la P\u00e9ninsule Malaise, mais absent de Singapour.<br><br>Les jeunes m\u00e2les et les femelles sont bleus ; il est \u00e0 noter qu&rsquo;il existerait des m\u00e2les adultes bleus.<br>On retrouve les yeux barr\u00e9s d&rsquo;une bande brune, les petites marques color\u00e9es dans la bande ant\u00e9hum\u00e9rale sombre et les <a href=\"https:\/\/www.meslibellules.fr\/blog\/wp-content\/uploads\/Elattoneura-analis-femelle-pterostigmas.webp\">pt\u00e9rostigmas marrons<\/a> discr\u00e8tement cern\u00e9s de clair. Elles ont \u00e9t\u00e9 d\u00e9couvertes \u00e0 proximit\u00e9 imm\u00e9diate des m\u00e2les.<\/p>\n\n\n\n<figure class=\"wp-block-image aligncenter size-full is-resized\"><a href=\"https:\/\/www.meslibellules.fr\/blog\/wp-content\/uploads\/Elattoneura-analis-femelle-1.webp\"><img decoding=\"async\" width=\"2448\" height=\"1504\" data-src=\"https:\/\/www.meslibellules.fr\/blog\/wp-content\/uploads\/Elattoneura-analis-femelle-1.webp\" alt=\"Elattoneura analis femelle, Sarawak, Bung Ngiraja, 26\/03\/2025\" class=\"wp-image-25748 lazyload\" style=\"--smush-placeholder-width: 2448px; --smush-placeholder-aspect-ratio: 2448\/1504;width:588px;height:auto\" data-srcset=\"https:\/\/www.meslibellules.fr\/blog\/wp-content\/uploads\/Elattoneura-analis-femelle-1.webp 2448w, https:\/\/www.meslibellules.fr\/blog\/wp-content\/uploads\/Elattoneura-analis-femelle-1-768x472.webp 768w, https:\/\/www.meslibellules.fr\/blog\/wp-content\/uploads\/Elattoneura-analis-femelle-1-1536x944.webp 1536w, https:\/\/www.meslibellules.fr\/blog\/wp-content\/uploads\/Elattoneura-analis-femelle-1-2048x1258.webp 2048w\" data-sizes=\"(max-width: 2448px) 100vw, 2448px\" src=\"data:image\/svg+xml;base64,PHN2ZyB3aWR0aD0iMSIgaGVpZ2h0PSIxIiB4bWxucz0iaHR0cDovL3d3dy53My5vcmcvMjAwMC9zdmciPjwvc3ZnPg==\" \/><\/a><figcaption class=\"wp-element-caption\">Elattoneura analis femelle, Sarawak, Bung Ngiraja, 26\/03\/2025<\/figcaption><\/figure>\n\n\n\n<figure class=\"wp-block-image aligncenter size-full is-resized\"><a href=\"https:\/\/www.meslibellules.fr\/blog\/wp-content\/uploads\/Elattoneura-analis-femelle-2-scaled-e1754821631917.webp\"><img decoding=\"async\" width=\"2560\" height=\"1469\" data-src=\"https:\/\/www.meslibellules.fr\/blog\/wp-content\/uploads\/Elattoneura-analis-femelle-2-scaled-e1754821631917.webp\" alt=\"Elattoneura analis femelle, Sarawak, Bung Ngiraja, 26\/03\/2025\" class=\"wp-image-25749 lazyload\" style=\"--smush-placeholder-width: 2560px; --smush-placeholder-aspect-ratio: 2560\/1469;width:588px;height:auto\" data-srcset=\"https:\/\/www.meslibellules.fr\/blog\/wp-content\/uploads\/Elattoneura-analis-femelle-2-scaled-e1754821631917.webp 2560w, https:\/\/www.meslibellules.fr\/blog\/wp-content\/uploads\/Elattoneura-analis-femelle-2-scaled-e1754821631917-768x441.webp 768w, https:\/\/www.meslibellules.fr\/blog\/wp-content\/uploads\/Elattoneura-analis-femelle-2-scaled-e1754821631917-1536x881.webp 1536w, https:\/\/www.meslibellules.fr\/blog\/wp-content\/uploads\/Elattoneura-analis-femelle-2-scaled-e1754821631917-2048x1175.webp 2048w\" data-sizes=\"(max-width: 2560px) 100vw, 2560px\" src=\"data:image\/svg+xml;base64,PHN2ZyB3aWR0aD0iMSIgaGVpZ2h0PSIxIiB4bWxucz0iaHR0cDovL3d3dy53My5vcmcvMjAwMC9zdmciPjwvc3ZnPg==\" \/><\/a><figcaption class=\"wp-element-caption\">Elattoneura analis femelle, Sarawak, Bung Ngiraja, 26\/03\/2025<\/figcaption><\/figure>\n\n\n\n<div style=\"height:15px\" aria-hidden=\"true\" class=\"wp-block-spacer\"><\/div>\n\n\n\n<div class=\"wp-block-media-text is-stacked-on-mobile\" style=\"grid-template-columns:28% auto\"><figure class=\"wp-block-media-text__media\"><a href=\"https:\/\/www.meslibellules.fr\/blog\/wp-content\/uploads\/Elattoneura-analis-male-6.webp\"><img decoding=\"async\" width=\"725\" height=\"1204\" data-src=\"https:\/\/www.meslibellules.fr\/blog\/wp-content\/uploads\/Elattoneura-analis-male-6.webp\" alt=\"Elattoneura analis m\u00e2le, Sarawak, Bung Ngiraja, 26\/03\/2025\" class=\"wp-image-25755 size-full lazyload\" src=\"data:image\/svg+xml;base64,PHN2ZyB3aWR0aD0iMSIgaGVpZ2h0PSIxIiB4bWxucz0iaHR0cDovL3d3dy53My5vcmcvMjAwMC9zdmciPjwvc3ZnPg==\" style=\"--smush-placeholder-width: 725px; --smush-placeholder-aspect-ratio: 725\/1204;\" \/><\/a><\/figure><div class=\"wp-block-media-text__content\">\n<p><strong>\u00c9tymologie<br>Elattoneura&nbsp;<\/strong>(3) du grec&nbsp;<em>ellaton<\/em>, pour&nbsp;<em>plus petit,<\/em>&nbsp;et&nbsp;<em>neuron<\/em>&nbsp;qui en entomologie est traduit par&nbsp;<em>nervure dans une aile<\/em>. Ceci en r\u00e9f\u00e9rence \u00e0 la longueur r\u00e9duite d\u2019une nervure qui fait r\u00e9f\u00e9rence dans la syst\u00e9matique des zygopt\u00e8res.<strong><br>Analis<\/strong> du latin <em>anus<\/em>, pour <em>anneau,<\/em> auquel est ajout\u00e9 le suffixe &#8211;<em>alis<\/em> introduisant une relation, sans doute en rapport avec les demi anneaux color\u00e9s  \u00e0 la jonction des segments abdominaux :\u00a0\u00bbUn triangle aux 9\u00b0 et 10\u00b0 jaunes, ainsi que des vestiges de demi-anneaux aux segments interm\u00e9diaires.\u00a0\u00bb.<br><br>Elattoneura analis m\u00e2le, Sarawak, Bung Ngiraja, 26\/03\/2025<\/p>\n<\/div><\/div>\n\n\n\n<div style=\"height:40px\" aria-hidden=\"true\" class=\"wp-block-spacer\"><\/div>\n\n\n\n<p>1- Dow, Butler, Reels, Steinhoff, Stokvis &amp; Unggang,2019 \u2013\u00a0<a href=\"https:\/\/dragonflyfund.org\/wp-content\/uploads\/2024\/06\/FSSEAPIO_27_Dow_et_al_2019.pdf\" target=\"_blank\" rel=\"noreferrer noopener\">Faunistic Studies in Southeast Asian and Pacific Island Odonata<\/a>\u00a0\u2013 Journal of the International Dragonfly Fund \u2013 N\u00b0 27.<br>2- Selys, 1860 \u2013\u00a0<a href=\"https:\/\/www.biodiversitylibrary.org\/page\/36902815#page\/467\/mode\/1up\" target=\"_blank\" rel=\"noreferrer noopener\">Synopsis des Agrionines \u2013 Derni\u00e8re l\u00e9gion : Protoneura<\/a>, p. 451.<br>3- <a href=\"https:\/\/www.researchgate.net\/publication\/327051371_Dragonflies_and_Damselflies_of_Namibia\">Dragonflies and Damselflies of Namibia<\/a>, Frank Suhling &amp; Andreas Martens, Gamsberg Macmillan, 2007<\/p>\n\n\n\n<div style=\"height:28px\" aria-hidden=\"true\" class=\"wp-block-spacer\"><\/div>\n\n\n\n<div class=\"wp-block-buttons is-vertical is-layout-flex wp-container-core-buttons-is-layout-fe9cc265 wp-block-buttons-is-layout-flex\">\n<div class=\"wp-block-button\"><a class=\"wp-block-button__link wp-element-button\" href=\"https:\/\/www.meslibellules.fr\/blog\/odonates-du-sarawak\/\">Accueil Sarawak<\/a><\/div>\n\n\n\n<div class=\"wp-block-button\"><a class=\"wp-block-button__link wp-element-button\" href=\"https:\/\/www.meslibellules.fr\/pagesweb\/divers\/liste-generale-odonates-du-site\/asia-odonates.php\">Listes des Odonates d&rsquo;Asie<\/a><\/div>\n\n\n\n<div class=\"wp-block-button\"><a class=\"wp-block-button__link wp-element-button\" href=\"https:\/\/www.meslibellules.fr\/pagesweb\/divers\/liste-generale-odonates-du-site\/all-odonates.php\">Listes continentales<\/a><\/div>\n<\/div>\n\n\n\n<p><\/p>\n","protected":false},"excerpt":{"rendered":"<p>Comme on peut s&rsquo;en douter en voyant mes photos, Elattoneura analis vit dans les milieux sombres !Il faut tout de suite expliquer la raison des guillemets qui entourent son nom d&rsquo;esp\u00e8ce ; il n&rsquo;appartient certainement pas \u00e0 ce genre africain, et si on conserve ce nom, c&rsquo;est actuellement par simplification, en attendant que de l&rsquo;ordre [&hellip;]<\/p>\n","protected":false},"author":1,"featured_media":0,"comment_status":"open","ping_status":"open","sticky":false,"template":"","format":"image","meta":{"site-sidebar-layout":"default","site-content-layout":"","ast-site-content-layout":"default","site-content-style":"default","site-sidebar-style":"default","ast-global-header-display":"","ast-banner-title-visibility":"","ast-main-header-display":"","ast-hfb-above-header-display":"","ast-hfb-below-header-display":"","ast-hfb-mobile-header-display":"","site-post-title":"","ast-breadcrumbs-content":"","ast-featured-img":"","footer-sml-layout":"","ast-disable-related-posts":"","theme-transparent-header-meta":"","adv-header-id-meta":"","stick-header-meta":"","header-above-stick-meta":"","header-main-stick-meta":"","header-below-stick-meta":"","astra-migrate-meta-layouts":"set","ast-page-background-enabled":"default","ast-page-background-meta":{"desktop":{"background-color":"var(--ast-global-color-4)","background-image":"","background-repeat":"repeat","background-position":"center center","background-size":"auto","background-attachment":"scroll","background-type":"","background-media":"","overlay-type":"","overlay-color":"","overlay-opacity":"","overlay-gradient":""},"tablet":{"background-color":"","background-image":"","background-repeat":"repeat","background-position":"center center","background-size":"auto","background-attachment":"scroll","background-type":"","background-media":"","overlay-type":"","overlay-color":"","overlay-opacity":"","overlay-gradient":""},"mobile":{"background-color":"","background-image":"","background-repeat":"repeat","background-position":"center center","background-size":"auto","background-attachment":"scroll","background-type":"","background-media":"","overlay-type":"","overlay-color":"","overlay-opacity":"","overlay-gradient":""}},"ast-content-background-meta":{"desktop":{"background-color":"var(--ast-global-color-5)","background-image":"","background-repeat":"repeat","background-position":"center center","background-size":"auto","background-attachment":"scroll","background-type":"","background-media":"","overlay-type":"","overlay-color":"","overlay-opacity":"","overlay-gradient":""},"tablet":{"background-color":"var(--ast-global-color-5)","background-image":"","background-repeat":"repeat","background-position":"center center","background-size":"auto","background-attachment":"scroll","background-type":"","background-media":"","overlay-type":"","overlay-color":"","overlay-opacity":"","overlay-gradient":""},"mobile":{"background-color":"var(--ast-global-color-5)","background-image":"","background-repeat":"repeat","background-position":"center center","background-size":"auto","background-attachment":"scroll","background-type":"","background-media":"","overlay-type":"","overlay-color":"","overlay-opacity":"","overlay-gradient":""}},"footnotes":""},"categories":[38596,38597],"tags":[38599,38616],"class_list":["post-25756","post","type-post","status-publish","format-image","hentry","category-borneo-sarawak","category-platycnemididae-borneo-sarawak","tag-borneo-sarawak","tag-platycnemididae-sarawak","post_format-post-format-image"],"yoast_head":"<!-- This site is optimized with the Yoast SEO plugin v27.5 - https:\/\/yoast.com\/product\/yoast-seo-wordpress\/ -->\n<title>Elattoneura analis - Mes Libellules<\/title>\n<meta name=\"description\" content=\"Elattoneura analis m\u00e2les et femelles au Sarawak, description, identification, taille, habitat, distribution g\u00e9ographique, \u00e9tymologie\" \/>\n<meta name=\"robots\" content=\"index, follow, max-snippet:-1, max-image-preview:large, max-video-preview:-1\" \/>\n<link rel=\"canonical\" href=\"https:\/\/www.meslibellules.fr\/blog\/2025\/08\/10\/elattoneura-analis\/\" \/>\n<meta property=\"og:locale\" content=\"fr_FR\" \/>\n<meta property=\"og:type\" content=\"article\" \/>\n<meta property=\"og:title\" content=\"Elattoneura analis - Mes Libellules\" \/>\n<meta property=\"og:description\" content=\"Elattoneura analis m\u00e2les et femelles au Sarawak, description, identification, taille, habitat, distribution g\u00e9ographique, \u00e9tymologie\" \/>\n<meta property=\"og:url\" content=\"https:\/\/www.meslibellules.fr\/blog\/2025\/08\/10\/elattoneura-analis\/\" \/>\n<meta property=\"og:site_name\" content=\"Mes Libellules\" \/>\n<meta property=\"article:publisher\" content=\"https:\/\/www.facebook.com\/benoit.guillon.96\/\" \/>\n<meta property=\"article:author\" content=\"https:\/\/www.facebook.com\/benoit.guillon.96\/\" \/>\n<meta property=\"article:published_time\" content=\"2025-08-10T14:48:27+00:00\" \/>\n<meta property=\"article:modified_time\" content=\"2025-10-18T11:54:00+00:00\" \/>\n<meta property=\"og:image\" content=\"https:\/\/www.meslibellules.fr\/blog\/wp-content\/uploads\/Elattoneura-analis-male-2-scaled.webp\" \/>\n\t<meta property=\"og:image:width\" content=\"2560\" \/>\n\t<meta property=\"og:image:height\" content=\"1236\" \/>\n\t<meta property=\"og:image:type\" content=\"image\/webp\" \/>\n<meta name=\"author\" content=\"Beno\u00eet Guillon\" \/>\n<meta name=\"twitter:card\" content=\"summary_large_image\" \/>\n<meta name=\"twitter:label1\" content=\"\u00c9crit par\" \/>\n\t<meta name=\"twitter:data1\" content=\"Beno\u00eet Guillon\" \/>\n\t<meta name=\"twitter:label2\" content=\"Dur\u00e9e de lecture estim\u00e9e\" \/>\n\t<meta name=\"twitter:data2\" content=\"5 minutes\" \/>\n<script type=\"application\/ld+json\" class=\"yoast-schema-graph\">{\"@context\":\"https:\\\/\\\/schema.org\",\"@graph\":[{\"@type\":\"Article\",\"@id\":\"https:\\\/\\\/www.meslibellules.fr\\\/blog\\\/2025\\\/08\\\/10\\\/elattoneura-analis\\\/#article\",\"isPartOf\":{\"@id\":\"https:\\\/\\\/www.meslibellules.fr\\\/blog\\\/2025\\\/08\\\/10\\\/elattoneura-analis\\\/\"},\"author\":{\"name\":\"Beno\u00eet Guillon\",\"@id\":\"https:\\\/\\\/www.meslibellules.fr\\\/blog\\\/#\\\/schema\\\/person\\\/9aa3586f9dd053fcf329f43b8b053c77\"},\"headline\":\"Born\u00e9o, Sarawak &#8211; \u00ab\u00a0Elattoneura\u00a0\u00bb analis (Selys, 1860)\",\"datePublished\":\"2025-08-10T14:48:27+00:00\",\"dateModified\":\"2025-10-18T11:54:00+00:00\",\"mainEntityOfPage\":{\"@id\":\"https:\\\/\\\/www.meslibellules.fr\\\/blog\\\/2025\\\/08\\\/10\\\/elattoneura-analis\\\/\"},\"wordCount\":669,\"commentCount\":0,\"publisher\":{\"@id\":\"https:\\\/\\\/www.meslibellules.fr\\\/blog\\\/#\\\/schema\\\/person\\\/9aa3586f9dd053fcf329f43b8b053c77\"},\"image\":{\"@id\":\"https:\\\/\\\/www.meslibellules.fr\\\/blog\\\/2025\\\/08\\\/10\\\/elattoneura-analis\\\/#primaryimage\"},\"thumbnailUrl\":\"https:\\\/\\\/www.meslibellules.fr\\\/blog\\\/wp-content\\\/uploads\\\/Elattoneura-analis-male-2-scaled.webp\",\"keywords\":[\"Born\u00e9o - Sarawak\",\"Platycnemididae - Sarawak\"],\"articleSection\":[\"Born\u00e9o -Sarawak\",\"Platycnemididae\"],\"inLanguage\":\"fr-FR\",\"potentialAction\":[{\"@type\":\"CommentAction\",\"name\":\"Comment\",\"target\":[\"https:\\\/\\\/www.meslibellules.fr\\\/blog\\\/2025\\\/08\\\/10\\\/elattoneura-analis\\\/#respond\"]}]},{\"@type\":\"WebPage\",\"@id\":\"https:\\\/\\\/www.meslibellules.fr\\\/blog\\\/2025\\\/08\\\/10\\\/elattoneura-analis\\\/\",\"url\":\"https:\\\/\\\/www.meslibellules.fr\\\/blog\\\/2025\\\/08\\\/10\\\/elattoneura-analis\\\/\",\"name\":\"Elattoneura analis - Mes Libellules\",\"isPartOf\":{\"@id\":\"https:\\\/\\\/www.meslibellules.fr\\\/blog\\\/#website\"},\"primaryImageOfPage\":{\"@id\":\"https:\\\/\\\/www.meslibellules.fr\\\/blog\\\/2025\\\/08\\\/10\\\/elattoneura-analis\\\/#primaryimage\"},\"image\":{\"@id\":\"https:\\\/\\\/www.meslibellules.fr\\\/blog\\\/2025\\\/08\\\/10\\\/elattoneura-analis\\\/#primaryimage\"},\"thumbnailUrl\":\"https:\\\/\\\/www.meslibellules.fr\\\/blog\\\/wp-content\\\/uploads\\\/Elattoneura-analis-male-2-scaled.webp\",\"datePublished\":\"2025-08-10T14:48:27+00:00\",\"dateModified\":\"2025-10-18T11:54:00+00:00\",\"description\":\"Elattoneura analis m\u00e2les et femelles au Sarawak, description, identification, taille, habitat, distribution g\u00e9ographique, \u00e9tymologie\",\"breadcrumb\":{\"@id\":\"https:\\\/\\\/www.meslibellules.fr\\\/blog\\\/2025\\\/08\\\/10\\\/elattoneura-analis\\\/#breadcrumb\"},\"inLanguage\":\"fr-FR\",\"potentialAction\":[{\"@type\":\"ReadAction\",\"target\":[\"https:\\\/\\\/www.meslibellules.fr\\\/blog\\\/2025\\\/08\\\/10\\\/elattoneura-analis\\\/\"]}]},{\"@type\":\"ImageObject\",\"inLanguage\":\"fr-FR\",\"@id\":\"https:\\\/\\\/www.meslibellules.fr\\\/blog\\\/2025\\\/08\\\/10\\\/elattoneura-analis\\\/#primaryimage\",\"url\":\"https:\\\/\\\/www.meslibellules.fr\\\/blog\\\/wp-content\\\/uploads\\\/Elattoneura-analis-male-2-scaled.webp\",\"contentUrl\":\"https:\\\/\\\/www.meslibellules.fr\\\/blog\\\/wp-content\\\/uploads\\\/Elattoneura-analis-male-2-scaled.webp\"},{\"@type\":\"BreadcrumbList\",\"@id\":\"https:\\\/\\\/www.meslibellules.fr\\\/blog\\\/2025\\\/08\\\/10\\\/elattoneura-analis\\\/#breadcrumb\",\"itemListElement\":[{\"@type\":\"ListItem\",\"position\":1,\"name\":\"Accueil\",\"item\":\"https:\\\/\\\/www.meslibellules.fr\\\/blog\\\/\"},{\"@type\":\"ListItem\",\"position\":2,\"name\":\"Born\u00e9o, Sarawak &#8211; \u00ab\u00a0Elattoneura\u00a0\u00bb analis (Selys, 1860)\"}]},{\"@type\":\"WebSite\",\"@id\":\"https:\\\/\\\/www.meslibellules.fr\\\/blog\\\/#website\",\"url\":\"https:\\\/\\\/www.meslibellules.fr\\\/blog\\\/\",\"name\":\"Mes Libellules\",\"description\":\"Pr\u00e9sentation des libellules rencontr\u00e9es dans le monde\",\"publisher\":{\"@id\":\"https:\\\/\\\/www.meslibellules.fr\\\/blog\\\/#\\\/schema\\\/person\\\/9aa3586f9dd053fcf329f43b8b053c77\"},\"potentialAction\":[{\"@type\":\"SearchAction\",\"target\":{\"@type\":\"EntryPoint\",\"urlTemplate\":\"https:\\\/\\\/www.meslibellules.fr\\\/blog\\\/?s={search_term_string}\"},\"query-input\":{\"@type\":\"PropertyValueSpecification\",\"valueRequired\":true,\"valueName\":\"search_term_string\"}}],\"inLanguage\":\"fr-FR\"},{\"@type\":[\"Person\",\"Organization\"],\"@id\":\"https:\\\/\\\/www.meslibellules.fr\\\/blog\\\/#\\\/schema\\\/person\\\/9aa3586f9dd053fcf329f43b8b053c77\",\"name\":\"Beno\u00eet Guillon\",\"image\":{\"@type\":\"ImageObject\",\"inLanguage\":\"fr-FR\",\"@id\":\"https:\\\/\\\/www.meslibellules.fr\\\/blog\\\/wp-content\\\/uploads\\\/cropped-avatar-150-pix.jpg\",\"url\":\"https:\\\/\\\/www.meslibellules.fr\\\/blog\\\/wp-content\\\/uploads\\\/cropped-avatar-150-pix.jpg\",\"contentUrl\":\"https:\\\/\\\/www.meslibellules.fr\\\/blog\\\/wp-content\\\/uploads\\\/cropped-avatar-150-pix.jpg\",\"width\":150,\"height\":137,\"caption\":\"Beno\u00eet Guillon\"},\"logo\":{\"@id\":\"https:\\\/\\\/www.meslibellules.fr\\\/blog\\\/wp-content\\\/uploads\\\/cropped-avatar-150-pix.jpg\"},\"sameAs\":[\"https:\\\/\\\/www.facebook.com\\\/benoit.guillon.96\\\/\"]}]}<\/script>\n<!-- \/ Yoast SEO plugin. -->","yoast_head_json":{"title":"Elattoneura analis - Mes Libellules","description":"Elattoneura analis m\u00e2les et femelles au Sarawak, description, identification, taille, habitat, distribution g\u00e9ographique, \u00e9tymologie","robots":{"index":"index","follow":"follow","max-snippet":"max-snippet:-1","max-image-preview":"max-image-preview:large","max-video-preview":"max-video-preview:-1"},"canonical":"https:\/\/www.meslibellules.fr\/blog\/2025\/08\/10\/elattoneura-analis\/","og_locale":"fr_FR","og_type":"article","og_title":"Elattoneura analis - Mes Libellules","og_description":"Elattoneura analis m\u00e2les et femelles au Sarawak, description, identification, taille, habitat, distribution g\u00e9ographique, \u00e9tymologie","og_url":"https:\/\/www.meslibellules.fr\/blog\/2025\/08\/10\/elattoneura-analis\/","og_site_name":"Mes Libellules","article_publisher":"https:\/\/www.facebook.com\/benoit.guillon.96\/","article_author":"https:\/\/www.facebook.com\/benoit.guillon.96\/","article_published_time":"2025-08-10T14:48:27+00:00","article_modified_time":"2025-10-18T11:54:00+00:00","og_image":[{"width":2560,"height":1236,"url":"https:\/\/www.meslibellules.fr\/blog\/wp-content\/uploads\/Elattoneura-analis-male-2-scaled.webp","type":"image\/webp"}],"author":"Beno\u00eet Guillon","twitter_card":"summary_large_image","twitter_misc":{"\u00c9crit par":"Beno\u00eet Guillon","Dur\u00e9e de lecture estim\u00e9e":"5 minutes"},"schema":{"@context":"https:\/\/schema.org","@graph":[{"@type":"Article","@id":"https:\/\/www.meslibellules.fr\/blog\/2025\/08\/10\/elattoneura-analis\/#article","isPartOf":{"@id":"https:\/\/www.meslibellules.fr\/blog\/2025\/08\/10\/elattoneura-analis\/"},"author":{"name":"Beno\u00eet Guillon","@id":"https:\/\/www.meslibellules.fr\/blog\/#\/schema\/person\/9aa3586f9dd053fcf329f43b8b053c77"},"headline":"Born\u00e9o, Sarawak &#8211; \u00ab\u00a0Elattoneura\u00a0\u00bb analis (Selys, 1860)","datePublished":"2025-08-10T14:48:27+00:00","dateModified":"2025-10-18T11:54:00+00:00","mainEntityOfPage":{"@id":"https:\/\/www.meslibellules.fr\/blog\/2025\/08\/10\/elattoneura-analis\/"},"wordCount":669,"commentCount":0,"publisher":{"@id":"https:\/\/www.meslibellules.fr\/blog\/#\/schema\/person\/9aa3586f9dd053fcf329f43b8b053c77"},"image":{"@id":"https:\/\/www.meslibellules.fr\/blog\/2025\/08\/10\/elattoneura-analis\/#primaryimage"},"thumbnailUrl":"https:\/\/www.meslibellules.fr\/blog\/wp-content\/uploads\/Elattoneura-analis-male-2-scaled.webp","keywords":["Born\u00e9o - Sarawak","Platycnemididae - Sarawak"],"articleSection":["Born\u00e9o -Sarawak","Platycnemididae"],"inLanguage":"fr-FR","potentialAction":[{"@type":"CommentAction","name":"Comment","target":["https:\/\/www.meslibellules.fr\/blog\/2025\/08\/10\/elattoneura-analis\/#respond"]}]},{"@type":"WebPage","@id":"https:\/\/www.meslibellules.fr\/blog\/2025\/08\/10\/elattoneura-analis\/","url":"https:\/\/www.meslibellules.fr\/blog\/2025\/08\/10\/elattoneura-analis\/","name":"Elattoneura analis - Mes Libellules","isPartOf":{"@id":"https:\/\/www.meslibellules.fr\/blog\/#website"},"primaryImageOfPage":{"@id":"https:\/\/www.meslibellules.fr\/blog\/2025\/08\/10\/elattoneura-analis\/#primaryimage"},"image":{"@id":"https:\/\/www.meslibellules.fr\/blog\/2025\/08\/10\/elattoneura-analis\/#primaryimage"},"thumbnailUrl":"https:\/\/www.meslibellules.fr\/blog\/wp-content\/uploads\/Elattoneura-analis-male-2-scaled.webp","datePublished":"2025-08-10T14:48:27+00:00","dateModified":"2025-10-18T11:54:00+00:00","description":"Elattoneura analis m\u00e2les et femelles au Sarawak, description, identification, taille, habitat, distribution g\u00e9ographique, \u00e9tymologie","breadcrumb":{"@id":"https:\/\/www.meslibellules.fr\/blog\/2025\/08\/10\/elattoneura-analis\/#breadcrumb"},"inLanguage":"fr-FR","potentialAction":[{"@type":"ReadAction","target":["https:\/\/www.meslibellules.fr\/blog\/2025\/08\/10\/elattoneura-analis\/"]}]},{"@type":"ImageObject","inLanguage":"fr-FR","@id":"https:\/\/www.meslibellules.fr\/blog\/2025\/08\/10\/elattoneura-analis\/#primaryimage","url":"https:\/\/www.meslibellules.fr\/blog\/wp-content\/uploads\/Elattoneura-analis-male-2-scaled.webp","contentUrl":"https:\/\/www.meslibellules.fr\/blog\/wp-content\/uploads\/Elattoneura-analis-male-2-scaled.webp"},{"@type":"BreadcrumbList","@id":"https:\/\/www.meslibellules.fr\/blog\/2025\/08\/10\/elattoneura-analis\/#breadcrumb","itemListElement":[{"@type":"ListItem","position":1,"name":"Accueil","item":"https:\/\/www.meslibellules.fr\/blog\/"},{"@type":"ListItem","position":2,"name":"Born\u00e9o, Sarawak &#8211; \u00ab\u00a0Elattoneura\u00a0\u00bb analis (Selys, 1860)"}]},{"@type":"WebSite","@id":"https:\/\/www.meslibellules.fr\/blog\/#website","url":"https:\/\/www.meslibellules.fr\/blog\/","name":"Mes Libellules","description":"Pr\u00e9sentation des libellules rencontr\u00e9es dans le monde","publisher":{"@id":"https:\/\/www.meslibellules.fr\/blog\/#\/schema\/person\/9aa3586f9dd053fcf329f43b8b053c77"},"potentialAction":[{"@type":"SearchAction","target":{"@type":"EntryPoint","urlTemplate":"https:\/\/www.meslibellules.fr\/blog\/?s={search_term_string}"},"query-input":{"@type":"PropertyValueSpecification","valueRequired":true,"valueName":"search_term_string"}}],"inLanguage":"fr-FR"},{"@type":["Person","Organization"],"@id":"https:\/\/www.meslibellules.fr\/blog\/#\/schema\/person\/9aa3586f9dd053fcf329f43b8b053c77","name":"Beno\u00eet Guillon","image":{"@type":"ImageObject","inLanguage":"fr-FR","@id":"https:\/\/www.meslibellules.fr\/blog\/wp-content\/uploads\/cropped-avatar-150-pix.jpg","url":"https:\/\/www.meslibellules.fr\/blog\/wp-content\/uploads\/cropped-avatar-150-pix.jpg","contentUrl":"https:\/\/www.meslibellules.fr\/blog\/wp-content\/uploads\/cropped-avatar-150-pix.jpg","width":150,"height":137,"caption":"Beno\u00eet Guillon"},"logo":{"@id":"https:\/\/www.meslibellules.fr\/blog\/wp-content\/uploads\/cropped-avatar-150-pix.jpg"},"sameAs":["https:\/\/www.facebook.com\/benoit.guillon.96\/"]}]}},"_links":{"self":[{"href":"https:\/\/www.meslibellules.fr\/blog\/wp-json\/wp\/v2\/posts\/25756","targetHints":{"allow":["GET"]}}],"collection":[{"href":"https:\/\/www.meslibellules.fr\/blog\/wp-json\/wp\/v2\/posts"}],"about":[{"href":"https:\/\/www.meslibellules.fr\/blog\/wp-json\/wp\/v2\/types\/post"}],"author":[{"embeddable":true,"href":"https:\/\/www.meslibellules.fr\/blog\/wp-json\/wp\/v2\/users\/1"}],"replies":[{"embeddable":true,"href":"https:\/\/www.meslibellules.fr\/blog\/wp-json\/wp\/v2\/comments?post=25756"}],"version-history":[{"count":20,"href":"https:\/\/www.meslibellules.fr\/blog\/wp-json\/wp\/v2\/posts\/25756\/revisions"}],"predecessor-version":[{"id":26363,"href":"https:\/\/www.meslibellules.fr\/blog\/wp-json\/wp\/v2\/posts\/25756\/revisions\/26363"}],"wp:attachment":[{"href":"https:\/\/www.meslibellules.fr\/blog\/wp-json\/wp\/v2\/media?parent=25756"}],"wp:term":[{"taxonomy":"category","embeddable":true,"href":"https:\/\/www.meslibellules.fr\/blog\/wp-json\/wp\/v2\/categories?post=25756"},{"taxonomy":"post_tag","embeddable":true,"href":"https:\/\/www.meslibellules.fr\/blog\/wp-json\/wp\/v2\/tags?post=25756"}],"curies":[{"name":"wp","href":"https:\/\/api.w.org\/{rel}","templated":true}]}}