{"id":26062,"date":"2025-09-03T13:12:55","date_gmt":"2025-09-03T11:12:55","guid":{"rendered":"https:\/\/www.meslibellules.fr\/blog\/?p=26062"},"modified":"2025-09-04T19:51:52","modified_gmt":"2025-09-04T17:51:52","slug":"orchithemis-pulcherrima","status":"publish","type":"post","link":"https:\/\/www.meslibellules.fr\/blog\/2025\/09\/03\/orchithemis-pulcherrima\/","title":{"rendered":"Born\u00e9o, Sarawak &#8211; Orchithemis pulcherrima (Brauer, 1878)"},"content":{"rendered":"\n<figure class=\"wp-block-image aligncenter size-full is-resized\"><a href=\"https:\/\/www.meslibellules.fr\/blog\/wp-content\/uploads\/Orchithemis-pulcherrima-male-6.webp\"><img decoding=\"async\" width=\"1379\" height=\"1504\" data-src=\"https:\/\/www.meslibellules.fr\/blog\/wp-content\/uploads\/Orchithemis-pulcherrima-male-6.webp\" alt=\"Orchithemis pulcherrima m\u00e2le, Sarawak, Matang Wildlife Center, 19\/03\/2025\" class=\"wp-image-26059 lazyload\" style=\"--smush-placeholder-width: 1379px; --smush-placeholder-aspect-ratio: 1379\/1504;width:534px;height:auto\" data-srcset=\"https:\/\/www.meslibellules.fr\/blog\/wp-content\/uploads\/Orchithemis-pulcherrima-male-6.webp 1379w, https:\/\/www.meslibellules.fr\/blog\/wp-content\/uploads\/Orchithemis-pulcherrima-male-6-768x838.webp 768w\" data-sizes=\"(max-width: 1379px) 100vw, 1379px\" src=\"data:image\/svg+xml;base64,PHN2ZyB3aWR0aD0iMSIgaGVpZ2h0PSIxIiB4bWxucz0iaHR0cDovL3d3dy53My5vcmcvMjAwMC9zdmciPjwvc3ZnPg==\" \/><\/a><figcaption class=\"wp-element-caption\">Orchithemis pulcherrima m\u00e2le, Sarawak, Matang Wildlife Center, 19\/03\/2025<\/figcaption><\/figure>\n\n\n\n<p>Il y a peu de risque de confondre Orchithemis pulcherrima avec un autre odonate tant sa coloration et la forme de son abdomen et de ses ailes sont typiques : le rouge vif de son abdomen, respectant le premier segment, est spectaculaire, comme sa forme se r\u00e9tr\u00e9cissant progressivement vers l&rsquo;apex, en fuseau (une caract\u00e9ristique du genre). Les ailes sont minces, l&rsquo;aile post\u00e9rieure particuli\u00e8rement \u00e9troite \u00e0 sa base. Le front est noir m\u00e9tallique, le reste de la face blanche.<br>Noter sur la photo de droite ci-dessous les organes g\u00e9nitaux secondaires tr\u00e8s saillants sous le deuxi\u00e8me segment abdominal.<\/p>\n\n\n\n<figure class=\"wp-block-gallery has-nested-images columns-default is-cropped wp-block-gallery-1 is-layout-flex wp-block-gallery-is-layout-flex\">\n<figure class=\"wp-block-image size-full\"><a href=\"https:\/\/www.meslibellules.fr\/blog\/wp-content\/uploads\/Orchithemis-pulcherrima-male-5.webp\"><img decoding=\"async\" width=\"2364\" height=\"1504\" data-id=\"26058\" data-src=\"https:\/\/www.meslibellules.fr\/blog\/wp-content\/uploads\/Orchithemis-pulcherrima-male-5.webp\" alt=\"Orchithemis pulcherrima m\u00e2le, Sarawak, Matang Wildlife Center, 19\/03\/2025\" class=\"wp-image-26058 lazyload\" data-srcset=\"https:\/\/www.meslibellules.fr\/blog\/wp-content\/uploads\/Orchithemis-pulcherrima-male-5.webp 2364w, https:\/\/www.meslibellules.fr\/blog\/wp-content\/uploads\/Orchithemis-pulcherrima-male-5-768x489.webp 768w, https:\/\/www.meslibellules.fr\/blog\/wp-content\/uploads\/Orchithemis-pulcherrima-male-5-1536x977.webp 1536w, https:\/\/www.meslibellules.fr\/blog\/wp-content\/uploads\/Orchithemis-pulcherrima-male-5-2048x1303.webp 2048w\" data-sizes=\"(max-width: 2364px) 100vw, 2364px\" src=\"data:image\/svg+xml;base64,PHN2ZyB3aWR0aD0iMSIgaGVpZ2h0PSIxIiB4bWxucz0iaHR0cDovL3d3dy53My5vcmcvMjAwMC9zdmciPjwvc3ZnPg==\" style=\"--smush-placeholder-width: 2364px; --smush-placeholder-aspect-ratio: 2364\/1504;\" \/><\/a><\/figure>\n\n\n\n<figure class=\"wp-block-image size-full\"><a href=\"https:\/\/www.meslibellules.fr\/blog\/wp-content\/uploads\/Orchithemis-pulcherrima-male-1.webp\"><img decoding=\"async\" width=\"1844\" height=\"1204\" data-id=\"26054\" data-src=\"https:\/\/www.meslibellules.fr\/blog\/wp-content\/uploads\/Orchithemis-pulcherrima-male-1.webp\" alt=\"Orchithemis pulcherrima m\u00e2le, Sarawak, Matang Wildlife Center, 19\/03\/2025\" class=\"wp-image-26054 lazyload\" data-srcset=\"https:\/\/www.meslibellules.fr\/blog\/wp-content\/uploads\/Orchithemis-pulcherrima-male-1.webp 1844w, https:\/\/www.meslibellules.fr\/blog\/wp-content\/uploads\/Orchithemis-pulcherrima-male-1-768x501.webp 768w, https:\/\/www.meslibellules.fr\/blog\/wp-content\/uploads\/Orchithemis-pulcherrima-male-1-1536x1003.webp 1536w\" data-sizes=\"(max-width: 1844px) 100vw, 1844px\" src=\"data:image\/svg+xml;base64,PHN2ZyB3aWR0aD0iMSIgaGVpZ2h0PSIxIiB4bWxucz0iaHR0cDovL3d3dy53My5vcmcvMjAwMC9zdmciPjwvc3ZnPg==\" style=\"--smush-placeholder-width: 1844px; --smush-placeholder-aspect-ratio: 1844\/1204;\" \/><\/a><\/figure>\n<figcaption class=\"blocks-gallery-caption wp-element-caption\">Orchithemis pulcherrima m\u00e2le, Sarawak, Matang Wildlife Center, 19\/03\/2025<\/figcaption><\/figure>\n\n\n\n<p>Brauer (1) a cr\u00e9\u00e9 le genre pour cette esp\u00e8ce et pour une fois, un auteur donne la longueur totale de l&rsquo;odonate, alors que le plus souvent seule la longueur de l&rsquo;abdomen (et de l&rsquo;aile post\u00e9rieure) est mentionn\u00e9e. Cela m&rsquo;a d&rsquo;ailleurs toujours \u00e9tonn\u00e9. Quoi qu&rsquo;il en soit, le sujet de Malacca (sud-ouest de la Malaisie) d\u00e9crit par Brauer mesure 29 mm pour un abdomen de 18 mm.<br>Je l&rsquo;avais d&rsquo;ailleurs d\u00e9j\u00e0 rencontr\u00e9 <a href=\"https:\/\/www.meslibellules.fr\/voyages\/malaisie\/orchithemis-pulcherrima\/orchithemis-pulcherrima.php\">en Malaisie<\/a> en 2013 et il m&rsquo;avait fait grosse impression !<\/p>\n\n\n\n<figure class=\"wp-block-image aligncenter size-large is-resized\"><a href=\"https:\/\/www.meslibellules.fr\/blog\/wp-content\/uploads\/Orchithemis-pulcherrima-male-3.webp\"><img decoding=\"async\" width=\"2417\" height=\"1204\" data-src=\"https:\/\/www.meslibellules.fr\/blog\/wp-content\/uploads\/Orchithemis-pulcherrima-male-3.webp\" alt=\"Variable sentinel male, Sarawak, Matang Wildlife Center, 03\/19\/2025\" class=\"wp-image-26056 lazyload\" style=\"--smush-placeholder-width: 2417px; --smush-placeholder-aspect-ratio: 2417\/1204;width:706px;height:auto\" data-srcset=\"https:\/\/www.meslibellules.fr\/blog\/wp-content\/uploads\/Orchithemis-pulcherrima-male-3.webp 2417w, https:\/\/www.meslibellules.fr\/blog\/wp-content\/uploads\/Orchithemis-pulcherrima-male-3-768x383.webp 768w, https:\/\/www.meslibellules.fr\/blog\/wp-content\/uploads\/Orchithemis-pulcherrima-male-3-1536x765.webp 1536w, https:\/\/www.meslibellules.fr\/blog\/wp-content\/uploads\/Orchithemis-pulcherrima-male-3-2048x1020.webp 2048w\" data-sizes=\"(max-width: 2417px) 100vw, 2417px\" src=\"data:image\/svg+xml;base64,PHN2ZyB3aWR0aD0iMSIgaGVpZ2h0PSIxIiB4bWxucz0iaHR0cDovL3d3dy53My5vcmcvMjAwMC9zdmciPjwvc3ZnPg==\" \/><\/a><figcaption class=\"wp-element-caption\">Orchithemis pulcherrima m\u00e2le, Sarawak, Matang Wildlife Center, 19\/03\/2025<\/figcaption><\/figure>\n\n\n\n<p>Nous n&rsquo;avons eu droit qu&rsquo;\u00e0 une seule rencontre de quelques minutes ; derri\u00e8re le b\u00e2timent d&rsquo;accueil du Wildlife center se trouve un espace abandonn\u00e9 envahi d&rsquo;herbes, adoss\u00e9 \u00e0 la for\u00eat et s\u00e9par\u00e9e de celle-ci par un foss\u00e9 en b\u00e9ton ; j&rsquo;ai surpris cet Orchithemis pulcherrima dans cet environnement <a href=\"https:\/\/www.meslibellules.fr\/blog\/wp-content\/uploads\/19-03-25-14-h-34-Matang-Wildlife-Center.webp\">au-dessus du foss\u00e9<\/a> \u00e0 cet endroit compl\u00e8tement envahi de v\u00e9g\u00e9tation. <br>C&rsquo;est un conseil que l&rsquo;on peut donner aux prospecteurs ; toujours v\u00e9rifier l&rsquo;arri\u00e8re des b\u00e2timents adoss\u00e9s \u00e0 la for\u00eat, dans ce milieu tropical, c&rsquo;est un \u00ab\u00a0biotope particulier\u00a0\u00bb qui nous a souvent offert de bonnes surprises !<br>Il fr\u00e9quente le plus souvent les mares ou les ruisseaux dans les parties mar\u00e9cageuses des for\u00eats.<\/p>\n\n\n\n<figure class=\"wp-block-image aligncenter size-full is-resized\"><a href=\"https:\/\/www.meslibellules.fr\/blog\/wp-content\/uploads\/Orchithemis-pulcherrima-male-4.webp\"><img decoding=\"async\" width=\"1424\" height=\"1504\" data-src=\"https:\/\/www.meslibellules.fr\/blog\/wp-content\/uploads\/Orchithemis-pulcherrima-male-4.webp\" alt=\"Orchithemis pulcherrima m\u00e2le, Sarawak, Matang Wildlife Center, 19\/03\/2025\" class=\"wp-image-26057 lazyload\" style=\"--smush-placeholder-width: 1424px; --smush-placeholder-aspect-ratio: 1424\/1504;width:536px;height:auto\" data-srcset=\"https:\/\/www.meslibellules.fr\/blog\/wp-content\/uploads\/Orchithemis-pulcherrima-male-4.webp 1424w, https:\/\/www.meslibellules.fr\/blog\/wp-content\/uploads\/Orchithemis-pulcherrima-male-4-768x811.webp 768w\" data-sizes=\"(max-width: 1424px) 100vw, 1424px\" src=\"data:image\/svg+xml;base64,PHN2ZyB3aWR0aD0iMSIgaGVpZ2h0PSIxIiB4bWxucz0iaHR0cDovL3d3dy53My5vcmcvMjAwMC9zdmciPjwvc3ZnPg==\" \/><\/a><figcaption class=\"wp-element-caption\">Orchithemis pulcherrima m\u00e2le, Sarawak, Matang Wildlife Center, 19\/03\/2025<\/figcaption><\/figure>\n\n\n\n<p>Sa distribution s&rsquo;\u00e9tend du Vietnam, Cambodge et Tha\u00eflande \u00e0 travers la Malaisie Jusqu&rsquo;\u00e0 Born\u00e9o, Java et Sumatra et aux Philippines.<br><a href=\"https:\/\/www.iucnredlist.org\/species\/190838\/8835298#geographic-range\">IUCN Red List<\/a>.<br><br>Mais il existe une autre forme pour cet odonate, et ce qui est vraiment \u00e9tonnant est qu&rsquo;elle est totalement diff\u00e9rente ! <br>L&rsquo;abdomen des femelles de la forme commune devient bleu fonc\u00e9 tr\u00e8s sombre lorsqu&rsquo;elles sont absolument matures ; les m\u00e2les de cette seconde forme ont un abdomen rouge sombre garni d&rsquo;un anneau blanc sur le troisi\u00e8me segment et deviennent \u00e9galement sombres, mais l&rsquo;anneau clair persiste. Et les femelles de cette seconde forme ont aussi un anneau clair moins \u00e9tendu.<br>Les anglosaxons qui appellent l&rsquo;esp\u00e8ce Variable Sentinel parle de <em>Blue morph<\/em> pour cette seconde forme moins commune.<br><br>La photo de ce m\u00e2le \u00a0\u00bb Blue morph\u00a0\u00bb est tr\u00e8s mauvaise ; la veille, je suis tomb\u00e9, noyant mon mat\u00e9riel photo et j&rsquo;ai d\u00fb utiliser mon boitier de secours sur lequel \u00e9tait mont\u00e9 un tr\u00e8s mauvais objectif, pas du tout adapt\u00e9 \u00e0 l&rsquo;exercice, pour les deux derniers jours. On remarque la coloration rouge qui persiste aux jonctions des segments abdominaux.<\/p>\n\n\n\n<figure class=\"wp-block-image aligncenter size-full is-resized\"><a href=\"https:\/\/www.meslibellules.fr\/blog\/wp-content\/uploads\/Orchithemis-pulcherrima-male-x.webp\"><img decoding=\"async\" width=\"1348\" height=\"988\" data-src=\"https:\/\/www.meslibellules.fr\/blog\/wp-content\/uploads\/Orchithemis-pulcherrima-male-x.webp\" alt=\"Orchithemis pulcherrima m\u00e2le, Sarawak, Maludam National Park, 29\/03\/2025\" class=\"wp-image-26060 lazyload\" style=\"--smush-placeholder-width: 1348px; --smush-placeholder-aspect-ratio: 1348\/988;width:588px;height:auto\" data-srcset=\"https:\/\/www.meslibellules.fr\/blog\/wp-content\/uploads\/Orchithemis-pulcherrima-male-x.webp 1348w, https:\/\/www.meslibellules.fr\/blog\/wp-content\/uploads\/Orchithemis-pulcherrima-male-x-768x563.webp 768w\" data-sizes=\"(max-width: 1348px) 100vw, 1348px\" src=\"data:image\/svg+xml;base64,PHN2ZyB3aWR0aD0iMSIgaGVpZ2h0PSIxIiB4bWxucz0iaHR0cDovL3d3dy53My5vcmcvMjAwMC9zdmciPjwvc3ZnPg==\" \/><\/a><figcaption class=\"wp-element-caption\">Orchithemis pulcherrima m\u00e2le, Sarawak, Maludam National Park, 29\/03\/2025<\/figcaption><\/figure>\n\n\n\n<p><strong>\u00c9tymologie<\/strong><br><strong>Orchithemis<\/strong>&nbsp;(Brauer,1878 (1)), est form\u00e9 du grec ancien&nbsp;<em>orkhis<\/em>&nbsp;qui signifie testicule et de&nbsp;<em>Themis<\/em>, qu\u2019on peut consid\u00e9rer comme un suffixe d\u00e9terminant l\u2019appartenance aux Libellulidae. Car Themis est la d\u00e9esse grecque de la justice et de l\u2019ordre, qui a \u00e9t\u00e9 utilis\u00e9 de nombreuses fois depuis Hagen (1861) et qui est bien dans son r\u00f4le de surveiller les taxonomistes pour que l\u2019ordre r\u00e8gne dans les classements qu\u2019ils \u00e9tablissent&#8230; <br>\u00ab\u00a0Testicule\u00a0\u00bb se rapporte bien s\u00fbr \u00e0 la forme saillante des appendices anaux secondaires tr\u00e8s visibles sous le deuxi\u00e8me segment abdominal. Bien que le terme soit tr\u00e8s abusif, car le sperme des odonates n&rsquo;est pas fabriqu\u00e9 \u00e0 cet endroit (mais sous le S8-S9), d&rsquo;o\u00f9 l&rsquo;appellation d&rsquo;organes g\u00e9nitaux <em>secondaires<\/em>.<br><strong>Pulcherrima<\/strong>, du latin <em>pulcherrimus<\/em> qui signifie, le plus beau, et c&rsquo;est certain, cet odonate est l&rsquo;un des plus beaux de la for\u00eat !<\/p>\n\n\n\n<div style=\"height:38px\" aria-hidden=\"true\" class=\"wp-block-spacer\"><\/div>\n\n\n\n<div class=\"wp-block-media-text is-stacked-on-mobile\"><figure class=\"wp-block-media-text__media\"><a href=\"https:\/\/www.meslibellules.fr\/blog\/wp-content\/uploads\/Orchithemis-pulcherrima-male-2.webp\"><img decoding=\"async\" width=\"2313\" height=\"1504\" data-src=\"https:\/\/www.meslibellules.fr\/blog\/wp-content\/uploads\/Orchithemis-pulcherrima-male-2.webp\" alt=\"Variable sentinel male, Sarawak, Matang Wildlife Center, 03\/19\/2025\" class=\"wp-image-26055 size-full lazyload\" data-srcset=\"https:\/\/www.meslibellules.fr\/blog\/wp-content\/uploads\/Orchithemis-pulcherrima-male-2.webp 2313w, https:\/\/www.meslibellules.fr\/blog\/wp-content\/uploads\/Orchithemis-pulcherrima-male-2-768x499.webp 768w, https:\/\/www.meslibellules.fr\/blog\/wp-content\/uploads\/Orchithemis-pulcherrima-male-2-1536x999.webp 1536w, https:\/\/www.meslibellules.fr\/blog\/wp-content\/uploads\/Orchithemis-pulcherrima-male-2-2048x1332.webp 2048w\" data-sizes=\"(max-width: 2313px) 100vw, 2313px\" src=\"data:image\/svg+xml;base64,PHN2ZyB3aWR0aD0iMSIgaGVpZ2h0PSIxIiB4bWxucz0iaHR0cDovL3d3dy53My5vcmcvMjAwMC9zdmciPjwvc3ZnPg==\" style=\"--smush-placeholder-width: 2313px; --smush-placeholder-aspect-ratio: 2313\/1504;\" \/><\/a><\/figure><div class=\"wp-block-media-text__content\">\n<p>1- Brauer, 1878.&nbsp;<a href=\"https:\/\/www.biodiversitylibrary.org\/page\/8363415#page\/219\/mode\/1up\">\u00dcber einige neue Gattungen und Arten aus der Ordnung der Neuropteren<\/a>. Sitzungsberichte der Akademie der Wissenschaften Wien LXXVII, 1: 193-206.<\/p>\n\n\n\n<p><\/p>\n\n\n\n<p><span style=\"font-size: 10pt;\">Variable sentinel male, Sarawak, Matang Wildlife Center, 03\/19\/2025<\/span><\/p>\n<\/div><\/div>\n\n\n\n<div style=\"height:32px\" aria-hidden=\"true\" class=\"wp-block-spacer\"><\/div>\n\n\n\n<div class=\"wp-block-buttons is-vertical is-layout-flex wp-container-core-buttons-is-layout-fe9cc265 wp-block-buttons-is-layout-flex\">\n<div class=\"wp-block-button\"><a class=\"wp-block-button__link wp-element-button\" href=\"https:\/\/www.meslibellules.fr\/blog\/odonates-du-sarawak\/\">Accueil Sarawak<\/a><\/div>\n\n\n\n<div class=\"wp-block-button\"><a class=\"wp-block-button__link wp-element-button\" href=\"https:\/\/www.meslibellules.fr\/pagesweb\/divers\/liste-generale-odonates-du-site\/asia-odonates.php\">Listes des Odonates d&rsquo;Asie<\/a><\/div>\n\n\n\n<div class=\"wp-block-button\"><a class=\"wp-block-button__link wp-element-button\" href=\"https:\/\/www.meslibellules.fr\/pagesweb\/divers\/liste-generale-odonates-du-site\/all-odonates.php\">Listes continentales<\/a><\/div>\n<\/div>\n","protected":false},"excerpt":{"rendered":"<p>Il y a peu de risque de confondre Orchithemis pulcherrima avec un autre odonate tant sa coloration et la forme de son abdomen et de ses ailes sont typiques : le rouge vif de son abdomen, respectant le premier segment, est spectaculaire, comme sa forme se r\u00e9tr\u00e9cissant progressivement vers l&rsquo;apex, en fuseau (une caract\u00e9ristique du [&hellip;]<\/p>\n","protected":false},"author":1,"featured_media":0,"comment_status":"open","ping_status":"open","sticky":false,"template":"","format":"image","meta":{"site-sidebar-layout":"default","site-content-layout":"","ast-site-content-layout":"default","site-content-style":"default","site-sidebar-style":"default","ast-global-header-display":"","ast-banner-title-visibility":"","ast-main-header-display":"","ast-hfb-above-header-display":"","ast-hfb-below-header-display":"","ast-hfb-mobile-header-display":"","site-post-title":"","ast-breadcrumbs-content":"","ast-featured-img":"","footer-sml-layout":"","ast-disable-related-posts":"","theme-transparent-header-meta":"","adv-header-id-meta":"","stick-header-meta":"","header-above-stick-meta":"","header-main-stick-meta":"","header-below-stick-meta":"","astra-migrate-meta-layouts":"set","ast-page-background-enabled":"default","ast-page-background-meta":{"desktop":{"background-color":"var(--ast-global-color-4)","background-image":"","background-repeat":"repeat","background-position":"center center","background-size":"auto","background-attachment":"scroll","background-type":"","background-media":"","overlay-type":"","overlay-color":"","overlay-opacity":"","overlay-gradient":""},"tablet":{"background-color":"","background-image":"","background-repeat":"repeat","background-position":"center center","background-size":"auto","background-attachment":"scroll","background-type":"","background-media":"","overlay-type":"","overlay-color":"","overlay-opacity":"","overlay-gradient":""},"mobile":{"background-color":"","background-image":"","background-repeat":"repeat","background-position":"center center","background-size":"auto","background-attachment":"scroll","background-type":"","background-media":"","overlay-type":"","overlay-color":"","overlay-opacity":"","overlay-gradient":""}},"ast-content-background-meta":{"desktop":{"background-color":"var(--ast-global-color-5)","background-image":"","background-repeat":"repeat","background-position":"center center","background-size":"auto","background-attachment":"scroll","background-type":"","background-media":"","overlay-type":"","overlay-color":"","overlay-opacity":"","overlay-gradient":""},"tablet":{"background-color":"var(--ast-global-color-5)","background-image":"","background-repeat":"repeat","background-position":"center center","background-size":"auto","background-attachment":"scroll","background-type":"","background-media":"","overlay-type":"","overlay-color":"","overlay-opacity":"","overlay-gradient":""},"mobile":{"background-color":"var(--ast-global-color-5)","background-image":"","background-repeat":"repeat","background-position":"center center","background-size":"auto","background-attachment":"scroll","background-type":"","background-media":"","overlay-type":"","overlay-color":"","overlay-opacity":"","overlay-gradient":""}},"footnotes":""},"categories":[38596,38606],"tags":[38599,38617],"class_list":["post-26062","post","type-post","status-publish","format-image","hentry","category-borneo-sarawak","category-libellulidae-borneo-sarawak","tag-borneo-sarawak","tag-libellulidae-borneo-2","post_format-post-format-image"],"yoast_head":"<!-- This site is optimized with the Yoast SEO plugin v27.5 - https:\/\/yoast.com\/product\/yoast-seo-wordpress\/ -->\n<title>Orchithemis pulcherrima - Mes Libellules<\/title>\n<meta name=\"description\" content=\"Orchithemis pulcherrima m\u00e2le au Sarawak, description, identification, taille, habitat, distribution g\u00e9ographique, \u00e9tymologie\" \/>\n<meta name=\"robots\" content=\"index, follow, max-snippet:-1, max-image-preview:large, max-video-preview:-1\" \/>\n<link rel=\"canonical\" href=\"https:\/\/www.meslibellules.fr\/blog\/2025\/09\/03\/orchithemis-pulcherrima\/\" \/>\n<meta property=\"og:locale\" content=\"fr_FR\" \/>\n<meta property=\"og:type\" content=\"article\" \/>\n<meta property=\"og:title\" content=\"Orchithemis pulcherrima - Mes Libellules\" \/>\n<meta property=\"og:description\" content=\"Orchithemis pulcherrima m\u00e2le au Sarawak, description, identification, taille, habitat, distribution g\u00e9ographique, \u00e9tymologie\" \/>\n<meta property=\"og:url\" content=\"https:\/\/www.meslibellules.fr\/blog\/2025\/09\/03\/orchithemis-pulcherrima\/\" \/>\n<meta property=\"og:site_name\" content=\"Mes Libellules\" \/>\n<meta property=\"article:publisher\" content=\"https:\/\/www.facebook.com\/benoit.guillon.96\/\" \/>\n<meta property=\"article:author\" content=\"https:\/\/www.facebook.com\/benoit.guillon.96\/\" \/>\n<meta property=\"article:published_time\" content=\"2025-09-03T11:12:55+00:00\" \/>\n<meta property=\"article:modified_time\" content=\"2025-09-04T17:51:52+00:00\" \/>\n<meta property=\"og:image\" content=\"https:\/\/www.meslibellules.fr\/blog\/wp-content\/uploads\/Orchithemis-pulcherrima-male-6.webp\" \/>\n\t<meta property=\"og:image:width\" content=\"1379\" \/>\n\t<meta property=\"og:image:height\" content=\"1504\" \/>\n\t<meta property=\"og:image:type\" content=\"image\/webp\" \/>\n<meta name=\"author\" content=\"Beno\u00eet Guillon\" \/>\n<meta name=\"twitter:card\" content=\"summary_large_image\" \/>\n<meta name=\"twitter:label1\" content=\"\u00c9crit par\" \/>\n\t<meta name=\"twitter:data1\" content=\"Beno\u00eet Guillon\" \/>\n\t<meta name=\"twitter:label2\" content=\"Dur\u00e9e de lecture estim\u00e9e\" \/>\n\t<meta name=\"twitter:data2\" content=\"5 minutes\" \/>\n<script type=\"application\/ld+json\" class=\"yoast-schema-graph\">{\"@context\":\"https:\\\/\\\/schema.org\",\"@graph\":[{\"@type\":\"Article\",\"@id\":\"https:\\\/\\\/www.meslibellules.fr\\\/blog\\\/2025\\\/09\\\/03\\\/orchithemis-pulcherrima\\\/#article\",\"isPartOf\":{\"@id\":\"https:\\\/\\\/www.meslibellules.fr\\\/blog\\\/2025\\\/09\\\/03\\\/orchithemis-pulcherrima\\\/\"},\"author\":{\"name\":\"Beno\u00eet Guillon\",\"@id\":\"https:\\\/\\\/www.meslibellules.fr\\\/blog\\\/#\\\/schema\\\/person\\\/9aa3586f9dd053fcf329f43b8b053c77\"},\"headline\":\"Born\u00e9o, Sarawak &#8211; Orchithemis pulcherrima (Brauer, 1878)\",\"datePublished\":\"2025-09-03T11:12:55+00:00\",\"dateModified\":\"2025-09-04T17:51:52+00:00\",\"mainEntityOfPage\":{\"@id\":\"https:\\\/\\\/www.meslibellules.fr\\\/blog\\\/2025\\\/09\\\/03\\\/orchithemis-pulcherrima\\\/\"},\"wordCount\":753,\"commentCount\":0,\"publisher\":{\"@id\":\"https:\\\/\\\/www.meslibellules.fr\\\/blog\\\/#\\\/schema\\\/person\\\/9aa3586f9dd053fcf329f43b8b053c77\"},\"image\":{\"@id\":\"https:\\\/\\\/www.meslibellules.fr\\\/blog\\\/2025\\\/09\\\/03\\\/orchithemis-pulcherrima\\\/#primaryimage\"},\"thumbnailUrl\":\"https:\\\/\\\/www.meslibellules.fr\\\/blog\\\/wp-content\\\/uploads\\\/Orchithemis-pulcherrima-male-6.webp\",\"keywords\":[\"Born\u00e9o - Sarawak\",\"Libellulidae - Born\u00e9o\"],\"articleSection\":[\"Born\u00e9o -Sarawak\",\"Libellulidae\"],\"inLanguage\":\"fr-FR\",\"potentialAction\":[{\"@type\":\"CommentAction\",\"name\":\"Comment\",\"target\":[\"https:\\\/\\\/www.meslibellules.fr\\\/blog\\\/2025\\\/09\\\/03\\\/orchithemis-pulcherrima\\\/#respond\"]}]},{\"@type\":\"WebPage\",\"@id\":\"https:\\\/\\\/www.meslibellules.fr\\\/blog\\\/2025\\\/09\\\/03\\\/orchithemis-pulcherrima\\\/\",\"url\":\"https:\\\/\\\/www.meslibellules.fr\\\/blog\\\/2025\\\/09\\\/03\\\/orchithemis-pulcherrima\\\/\",\"name\":\"Orchithemis pulcherrima - Mes Libellules\",\"isPartOf\":{\"@id\":\"https:\\\/\\\/www.meslibellules.fr\\\/blog\\\/#website\"},\"primaryImageOfPage\":{\"@id\":\"https:\\\/\\\/www.meslibellules.fr\\\/blog\\\/2025\\\/09\\\/03\\\/orchithemis-pulcherrima\\\/#primaryimage\"},\"image\":{\"@id\":\"https:\\\/\\\/www.meslibellules.fr\\\/blog\\\/2025\\\/09\\\/03\\\/orchithemis-pulcherrima\\\/#primaryimage\"},\"thumbnailUrl\":\"https:\\\/\\\/www.meslibellules.fr\\\/blog\\\/wp-content\\\/uploads\\\/Orchithemis-pulcherrima-male-6.webp\",\"datePublished\":\"2025-09-03T11:12:55+00:00\",\"dateModified\":\"2025-09-04T17:51:52+00:00\",\"description\":\"Orchithemis pulcherrima m\u00e2le au Sarawak, description, identification, taille, habitat, distribution g\u00e9ographique, \u00e9tymologie\",\"breadcrumb\":{\"@id\":\"https:\\\/\\\/www.meslibellules.fr\\\/blog\\\/2025\\\/09\\\/03\\\/orchithemis-pulcherrima\\\/#breadcrumb\"},\"inLanguage\":\"fr-FR\",\"potentialAction\":[{\"@type\":\"ReadAction\",\"target\":[\"https:\\\/\\\/www.meslibellules.fr\\\/blog\\\/2025\\\/09\\\/03\\\/orchithemis-pulcherrima\\\/\"]}]},{\"@type\":\"ImageObject\",\"inLanguage\":\"fr-FR\",\"@id\":\"https:\\\/\\\/www.meslibellules.fr\\\/blog\\\/2025\\\/09\\\/03\\\/orchithemis-pulcherrima\\\/#primaryimage\",\"url\":\"https:\\\/\\\/www.meslibellules.fr\\\/blog\\\/wp-content\\\/uploads\\\/Orchithemis-pulcherrima-male-6.webp\",\"contentUrl\":\"https:\\\/\\\/www.meslibellules.fr\\\/blog\\\/wp-content\\\/uploads\\\/Orchithemis-pulcherrima-male-6.webp\"},{\"@type\":\"BreadcrumbList\",\"@id\":\"https:\\\/\\\/www.meslibellules.fr\\\/blog\\\/2025\\\/09\\\/03\\\/orchithemis-pulcherrima\\\/#breadcrumb\",\"itemListElement\":[{\"@type\":\"ListItem\",\"position\":1,\"name\":\"Accueil\",\"item\":\"https:\\\/\\\/www.meslibellules.fr\\\/blog\\\/\"},{\"@type\":\"ListItem\",\"position\":2,\"name\":\"Born\u00e9o, Sarawak &#8211; Orchithemis pulcherrima (Brauer, 1878)\"}]},{\"@type\":\"WebSite\",\"@id\":\"https:\\\/\\\/www.meslibellules.fr\\\/blog\\\/#website\",\"url\":\"https:\\\/\\\/www.meslibellules.fr\\\/blog\\\/\",\"name\":\"Mes Libellules\",\"description\":\"Pr\u00e9sentation des libellules rencontr\u00e9es dans le monde\",\"publisher\":{\"@id\":\"https:\\\/\\\/www.meslibellules.fr\\\/blog\\\/#\\\/schema\\\/person\\\/9aa3586f9dd053fcf329f43b8b053c77\"},\"potentialAction\":[{\"@type\":\"SearchAction\",\"target\":{\"@type\":\"EntryPoint\",\"urlTemplate\":\"https:\\\/\\\/www.meslibellules.fr\\\/blog\\\/?s={search_term_string}\"},\"query-input\":{\"@type\":\"PropertyValueSpecification\",\"valueRequired\":true,\"valueName\":\"search_term_string\"}}],\"inLanguage\":\"fr-FR\"},{\"@type\":[\"Person\",\"Organization\"],\"@id\":\"https:\\\/\\\/www.meslibellules.fr\\\/blog\\\/#\\\/schema\\\/person\\\/9aa3586f9dd053fcf329f43b8b053c77\",\"name\":\"Beno\u00eet Guillon\",\"image\":{\"@type\":\"ImageObject\",\"inLanguage\":\"fr-FR\",\"@id\":\"https:\\\/\\\/www.meslibellules.fr\\\/blog\\\/wp-content\\\/uploads\\\/cropped-avatar-150-pix.jpg\",\"url\":\"https:\\\/\\\/www.meslibellules.fr\\\/blog\\\/wp-content\\\/uploads\\\/cropped-avatar-150-pix.jpg\",\"contentUrl\":\"https:\\\/\\\/www.meslibellules.fr\\\/blog\\\/wp-content\\\/uploads\\\/cropped-avatar-150-pix.jpg\",\"width\":150,\"height\":137,\"caption\":\"Beno\u00eet Guillon\"},\"logo\":{\"@id\":\"https:\\\/\\\/www.meslibellules.fr\\\/blog\\\/wp-content\\\/uploads\\\/cropped-avatar-150-pix.jpg\"},\"sameAs\":[\"https:\\\/\\\/www.facebook.com\\\/benoit.guillon.96\\\/\"]}]}<\/script>\n<!-- \/ Yoast SEO plugin. -->","yoast_head_json":{"title":"Orchithemis pulcherrima - Mes Libellules","description":"Orchithemis pulcherrima m\u00e2le au Sarawak, description, identification, taille, habitat, distribution g\u00e9ographique, \u00e9tymologie","robots":{"index":"index","follow":"follow","max-snippet":"max-snippet:-1","max-image-preview":"max-image-preview:large","max-video-preview":"max-video-preview:-1"},"canonical":"https:\/\/www.meslibellules.fr\/blog\/2025\/09\/03\/orchithemis-pulcherrima\/","og_locale":"fr_FR","og_type":"article","og_title":"Orchithemis pulcherrima - Mes Libellules","og_description":"Orchithemis pulcherrima m\u00e2le au Sarawak, description, identification, taille, habitat, distribution g\u00e9ographique, \u00e9tymologie","og_url":"https:\/\/www.meslibellules.fr\/blog\/2025\/09\/03\/orchithemis-pulcherrima\/","og_site_name":"Mes Libellules","article_publisher":"https:\/\/www.facebook.com\/benoit.guillon.96\/","article_author":"https:\/\/www.facebook.com\/benoit.guillon.96\/","article_published_time":"2025-09-03T11:12:55+00:00","article_modified_time":"2025-09-04T17:51:52+00:00","og_image":[{"width":1379,"height":1504,"url":"https:\/\/www.meslibellules.fr\/blog\/wp-content\/uploads\/Orchithemis-pulcherrima-male-6.webp","type":"image\/webp"}],"author":"Beno\u00eet Guillon","twitter_card":"summary_large_image","twitter_misc":{"\u00c9crit par":"Beno\u00eet Guillon","Dur\u00e9e de lecture estim\u00e9e":"5 minutes"},"schema":{"@context":"https:\/\/schema.org","@graph":[{"@type":"Article","@id":"https:\/\/www.meslibellules.fr\/blog\/2025\/09\/03\/orchithemis-pulcherrima\/#article","isPartOf":{"@id":"https:\/\/www.meslibellules.fr\/blog\/2025\/09\/03\/orchithemis-pulcherrima\/"},"author":{"name":"Beno\u00eet Guillon","@id":"https:\/\/www.meslibellules.fr\/blog\/#\/schema\/person\/9aa3586f9dd053fcf329f43b8b053c77"},"headline":"Born\u00e9o, Sarawak &#8211; Orchithemis pulcherrima (Brauer, 1878)","datePublished":"2025-09-03T11:12:55+00:00","dateModified":"2025-09-04T17:51:52+00:00","mainEntityOfPage":{"@id":"https:\/\/www.meslibellules.fr\/blog\/2025\/09\/03\/orchithemis-pulcherrima\/"},"wordCount":753,"commentCount":0,"publisher":{"@id":"https:\/\/www.meslibellules.fr\/blog\/#\/schema\/person\/9aa3586f9dd053fcf329f43b8b053c77"},"image":{"@id":"https:\/\/www.meslibellules.fr\/blog\/2025\/09\/03\/orchithemis-pulcherrima\/#primaryimage"},"thumbnailUrl":"https:\/\/www.meslibellules.fr\/blog\/wp-content\/uploads\/Orchithemis-pulcherrima-male-6.webp","keywords":["Born\u00e9o - Sarawak","Libellulidae - Born\u00e9o"],"articleSection":["Born\u00e9o -Sarawak","Libellulidae"],"inLanguage":"fr-FR","potentialAction":[{"@type":"CommentAction","name":"Comment","target":["https:\/\/www.meslibellules.fr\/blog\/2025\/09\/03\/orchithemis-pulcherrima\/#respond"]}]},{"@type":"WebPage","@id":"https:\/\/www.meslibellules.fr\/blog\/2025\/09\/03\/orchithemis-pulcherrima\/","url":"https:\/\/www.meslibellules.fr\/blog\/2025\/09\/03\/orchithemis-pulcherrima\/","name":"Orchithemis pulcherrima - Mes Libellules","isPartOf":{"@id":"https:\/\/www.meslibellules.fr\/blog\/#website"},"primaryImageOfPage":{"@id":"https:\/\/www.meslibellules.fr\/blog\/2025\/09\/03\/orchithemis-pulcherrima\/#primaryimage"},"image":{"@id":"https:\/\/www.meslibellules.fr\/blog\/2025\/09\/03\/orchithemis-pulcherrima\/#primaryimage"},"thumbnailUrl":"https:\/\/www.meslibellules.fr\/blog\/wp-content\/uploads\/Orchithemis-pulcherrima-male-6.webp","datePublished":"2025-09-03T11:12:55+00:00","dateModified":"2025-09-04T17:51:52+00:00","description":"Orchithemis pulcherrima m\u00e2le au Sarawak, description, identification, taille, habitat, distribution g\u00e9ographique, \u00e9tymologie","breadcrumb":{"@id":"https:\/\/www.meslibellules.fr\/blog\/2025\/09\/03\/orchithemis-pulcherrima\/#breadcrumb"},"inLanguage":"fr-FR","potentialAction":[{"@type":"ReadAction","target":["https:\/\/www.meslibellules.fr\/blog\/2025\/09\/03\/orchithemis-pulcherrima\/"]}]},{"@type":"ImageObject","inLanguage":"fr-FR","@id":"https:\/\/www.meslibellules.fr\/blog\/2025\/09\/03\/orchithemis-pulcherrima\/#primaryimage","url":"https:\/\/www.meslibellules.fr\/blog\/wp-content\/uploads\/Orchithemis-pulcherrima-male-6.webp","contentUrl":"https:\/\/www.meslibellules.fr\/blog\/wp-content\/uploads\/Orchithemis-pulcherrima-male-6.webp"},{"@type":"BreadcrumbList","@id":"https:\/\/www.meslibellules.fr\/blog\/2025\/09\/03\/orchithemis-pulcherrima\/#breadcrumb","itemListElement":[{"@type":"ListItem","position":1,"name":"Accueil","item":"https:\/\/www.meslibellules.fr\/blog\/"},{"@type":"ListItem","position":2,"name":"Born\u00e9o, Sarawak &#8211; Orchithemis pulcherrima (Brauer, 1878)"}]},{"@type":"WebSite","@id":"https:\/\/www.meslibellules.fr\/blog\/#website","url":"https:\/\/www.meslibellules.fr\/blog\/","name":"Mes Libellules","description":"Pr\u00e9sentation des libellules rencontr\u00e9es dans le monde","publisher":{"@id":"https:\/\/www.meslibellules.fr\/blog\/#\/schema\/person\/9aa3586f9dd053fcf329f43b8b053c77"},"potentialAction":[{"@type":"SearchAction","target":{"@type":"EntryPoint","urlTemplate":"https:\/\/www.meslibellules.fr\/blog\/?s={search_term_string}"},"query-input":{"@type":"PropertyValueSpecification","valueRequired":true,"valueName":"search_term_string"}}],"inLanguage":"fr-FR"},{"@type":["Person","Organization"],"@id":"https:\/\/www.meslibellules.fr\/blog\/#\/schema\/person\/9aa3586f9dd053fcf329f43b8b053c77","name":"Beno\u00eet Guillon","image":{"@type":"ImageObject","inLanguage":"fr-FR","@id":"https:\/\/www.meslibellules.fr\/blog\/wp-content\/uploads\/cropped-avatar-150-pix.jpg","url":"https:\/\/www.meslibellules.fr\/blog\/wp-content\/uploads\/cropped-avatar-150-pix.jpg","contentUrl":"https:\/\/www.meslibellules.fr\/blog\/wp-content\/uploads\/cropped-avatar-150-pix.jpg","width":150,"height":137,"caption":"Beno\u00eet Guillon"},"logo":{"@id":"https:\/\/www.meslibellules.fr\/blog\/wp-content\/uploads\/cropped-avatar-150-pix.jpg"},"sameAs":["https:\/\/www.facebook.com\/benoit.guillon.96\/"]}]}},"_links":{"self":[{"href":"https:\/\/www.meslibellules.fr\/blog\/wp-json\/wp\/v2\/posts\/26062","targetHints":{"allow":["GET"]}}],"collection":[{"href":"https:\/\/www.meslibellules.fr\/blog\/wp-json\/wp\/v2\/posts"}],"about":[{"href":"https:\/\/www.meslibellules.fr\/blog\/wp-json\/wp\/v2\/types\/post"}],"author":[{"embeddable":true,"href":"https:\/\/www.meslibellules.fr\/blog\/wp-json\/wp\/v2\/users\/1"}],"replies":[{"embeddable":true,"href":"https:\/\/www.meslibellules.fr\/blog\/wp-json\/wp\/v2\/comments?post=26062"}],"version-history":[{"count":16,"href":"https:\/\/www.meslibellules.fr\/blog\/wp-json\/wp\/v2\/posts\/26062\/revisions"}],"predecessor-version":[{"id":26084,"href":"https:\/\/www.meslibellules.fr\/blog\/wp-json\/wp\/v2\/posts\/26062\/revisions\/26084"}],"wp:attachment":[{"href":"https:\/\/www.meslibellules.fr\/blog\/wp-json\/wp\/v2\/media?parent=26062"}],"wp:term":[{"taxonomy":"category","embeddable":true,"href":"https:\/\/www.meslibellules.fr\/blog\/wp-json\/wp\/v2\/categories?post=26062"},{"taxonomy":"post_tag","embeddable":true,"href":"https:\/\/www.meslibellules.fr\/blog\/wp-json\/wp\/v2\/tags?post=26062"}],"curies":[{"name":"wp","href":"https:\/\/api.w.org\/{rel}","templated":true}]}}