{"id":26106,"date":"2025-09-06T05:39:56","date_gmt":"2025-09-06T03:39:56","guid":{"rendered":"https:\/\/www.meslibellules.fr\/blog\/?p=26106"},"modified":"2025-09-07T07:25:16","modified_gmt":"2025-09-07T05:25:16","slug":"telosticta-bidayuh","status":"publish","type":"post","link":"https:\/\/www.meslibellules.fr\/blog\/2025\/09\/06\/telosticta-bidayuh\/","title":{"rendered":"Born\u00e9o, Sarawak &#8211; Telosticta bidayuh (Dow &amp; Orr, 2012)"},"content":{"rendered":"\n<figure class=\"wp-block-image aligncenter size-full is-resized\"><a href=\"https:\/\/www.meslibellules.fr\/blog\/wp-content\/uploads\/Telosticta-bidayuh-male-1.webp\"><img decoding=\"async\" width=\"1717\" height=\"1204\" data-src=\"https:\/\/www.meslibellules.fr\/blog\/wp-content\/uploads\/Telosticta-bidayuh-male-1.webp\" alt=\"Telosticta bidayuh m\u00e2le, Sarawak, Ranchan Recreational Park, 30\/03\/2025\" class=\"wp-image-26100 lazyload\" style=\"--smush-placeholder-width: 1717px; --smush-placeholder-aspect-ratio: 1717\/1204;width:608px;height:auto\" data-srcset=\"https:\/\/www.meslibellules.fr\/blog\/wp-content\/uploads\/Telosticta-bidayuh-male-1.webp 1717w, https:\/\/www.meslibellules.fr\/blog\/wp-content\/uploads\/Telosticta-bidayuh-male-1-768x539.webp 768w, https:\/\/www.meslibellules.fr\/blog\/wp-content\/uploads\/Telosticta-bidayuh-male-1-1536x1077.webp 1536w\" data-sizes=\"(max-width: 1717px) 100vw, 1717px\" src=\"data:image\/svg+xml;base64,PHN2ZyB3aWR0aD0iMSIgaGVpZ2h0PSIxIiB4bWxucz0iaHR0cDovL3d3dy53My5vcmcvMjAwMC9zdmciPjwvc3ZnPg==\" \/><\/a><figcaption class=\"wp-element-caption\">Telosticta bidayuh m\u00e2le, Sarawak, Ranchan Recreational Park, 30\/03\/2025<\/figcaption><\/figure>\n\n\n\n<p>Telosticta bidayuh (Platystictidae) fait partie d&rsquo;un genre d\u00e9crit en 2012, qui comprend 17 esp\u00e8ces end\u00e9miques de Born\u00e9o et Palawan. On en compte 14 au Sarawak, mais seulement six (<em>heureusement<\/em> pour l&rsquo;identification par les amateurs !) dans la partie ouest que nous avons prospect\u00e9e.<br>\u00c0 l&rsquo;oppos\u00e9 des trois autres esp\u00e8ces que nous avons rencontr\u00e9es (<a href=\"https:\/\/www.meslibellules.fr\/blog\/wp-content\/uploads\/Telosticta-dupophila-male-2-scaled.webp\">T. dupophila<\/a>, <a href=\"https:\/\/www.meslibellules.fr\/blog\/wp-content\/uploads\/Telosticta-santubong-male-2.webp\">T. santubong<\/a> et <a href=\"https:\/\/www.meslibellules.fr\/blog\/wp-content\/uploads\/Telosticta-serapi-male-4.webp\">T. serapi<\/a>) il fait partie des Telosticta qui pr\u00e9sentent des bandes ant\u00e9hum\u00e9rales assez longues (mais pas compl\u00e8tes).<\/p>\n\n\n\n<div class=\"wp-block-media-text is-stacked-on-mobile\" style=\"grid-template-columns:61% auto\"><figure class=\"wp-block-media-text__media\"><a href=\"https:\/\/www.meslibellules.fr\/blog\/wp-content\/uploads\/Telosticta-Dow-Orr-2012.webp\"><img decoding=\"async\" width=\"995\" height=\"788\" data-src=\"https:\/\/www.meslibellules.fr\/blog\/wp-content\/uploads\/Telosticta-Dow-Orr-2012.webp\" alt=\"\" class=\"wp-image-25810 size-full lazyload\" data-srcset=\"https:\/\/www.meslibellules.fr\/blog\/wp-content\/uploads\/Telosticta-Dow-Orr-2012.webp 995w, https:\/\/www.meslibellules.fr\/blog\/wp-content\/uploads\/Telosticta-Dow-Orr-2012-768x608.webp 768w\" data-sizes=\"(max-width: 995px) 100vw, 995px\" src=\"data:image\/svg+xml;base64,PHN2ZyB3aWR0aD0iMSIgaGVpZ2h0PSIxIiB4bWxucz0iaHR0cDovL3d3dy53My5vcmcvMjAwMC9zdmciPjwvc3ZnPg==\" style=\"--smush-placeholder-width: 995px; --smush-placeholder-aspect-ratio: 995\/788;\" \/><\/a><\/figure><div class=\"wp-block-media-text__content\">\n<p>La premi\u00e8re photo montre la face dorsale du thorax de Telosticta bidayuh, la quatri\u00e8me celle de T. feronia, dont la bande ant\u00e9hum\u00e9rale est tr\u00e8s semblable.<\/p>\n\n\n\n<p><span style=\"font-size: 10pt;\">Telosticta Dow &amp; Orr, 2012 (1)<\/span><\/p>\n<\/div><\/div>\n\n\n\n<p>Dans la m\u00eame publication, Dow &amp; Orr (1) montre la r\u00e9partition de la coloration bleue sur les derniers segments. Et heureusement, Telosticta bidayuh et T. feronia sont tr\u00e8s diff\u00e9rents ;<\/p>\n\n\n\n<div style=\"height:32px\" aria-hidden=\"true\" class=\"wp-block-spacer\"><\/div>\n\n\n\n<div class=\"wp-block-media-text has-media-on-the-right is-stacked-on-mobile\" style=\"grid-template-columns:auto 48%\"><div class=\"wp-block-media-text__content\">\n<p>Alors que Telosticta bidayuh ne montre que deux taches color\u00e9es accol\u00e9es sur le huiti\u00e8me segment, T. feronia pr\u00e9sente une tache compl\u00e8te et rectangulaire sur les segments huit et neuf.<br>La coloration du S8 de T. bidayuh n&rsquo;est pas forc\u00e9ment bilob\u00e9e, mais peut former une seule tache comme le montrent certaines de mes photos ; cette variation est relev\u00e9e dans l&rsquo;ouvrage d\u00e9j\u00e0 cit\u00e9.<\/p>\n<\/div><figure class=\"wp-block-media-text__media\"><a href=\"https:\/\/www.meslibellules.fr\/blog\/wp-content\/uploads\/Telosticta-Dow-Orr-2012-Telosticta-derniers-segments-1.webp\"><img decoding=\"async\" width=\"1071\" height=\"1504\" data-src=\"https:\/\/www.meslibellules.fr\/blog\/wp-content\/uploads\/Telosticta-Dow-Orr-2012-Telosticta-derniers-segments-1.webp\" alt=\"Telosticta Dow &amp; Orr, 2012 - Telosticta derniers segments\" class=\"wp-image-26110 size-full lazyload\" data-srcset=\"https:\/\/www.meslibellules.fr\/blog\/wp-content\/uploads\/Telosticta-Dow-Orr-2012-Telosticta-derniers-segments-1.webp 1071w, https:\/\/www.meslibellules.fr\/blog\/wp-content\/uploads\/Telosticta-Dow-Orr-2012-Telosticta-derniers-segments-1-768x1078.webp 768w\" data-sizes=\"(max-width: 1071px) 100vw, 1071px\" src=\"data:image\/svg+xml;base64,PHN2ZyB3aWR0aD0iMSIgaGVpZ2h0PSIxIiB4bWxucz0iaHR0cDovL3d3dy53My5vcmcvMjAwMC9zdmciPjwvc3ZnPg==\" style=\"--smush-placeholder-width: 1071px; --smush-placeholder-aspect-ratio: 1071\/1504;\" \/><\/a><\/figure><\/div>\n\n\n\n<div style=\"height:33px\" aria-hidden=\"true\" class=\"wp-block-spacer\"><\/div>\n\n\n\n<p>Nous avons rencontr\u00e9 l&rsquo;esp\u00e8ce \u00e0 deux reprises. La premi\u00e8re fois, le 26 mars, tr\u00e8s bri\u00e8vement, la seconde, le 30 mars, plus longtemps ; cependant, lors de ce deuxi\u00e8me contact, je n&rsquo;ai pu que faire des photos tr\u00e8s moyennes avec un appareil et surtout un objectif de secours, \u00e9tant tomb\u00e9 \u00e0 l&rsquo;eau la veille&#8230;<\/p>\n\n\n\n<figure class=\"wp-block-gallery aligncenter has-nested-images columns-default is-cropped wp-block-gallery-1 is-layout-flex wp-block-gallery-is-layout-flex\">\n<figure class=\"wp-block-image size-large\"><a href=\"https:\/\/www.meslibellules.fr\/blog\/wp-content\/uploads\/Telosticta-bidayuh-male-5.webp\"><img decoding=\"async\" width=\"1278\" height=\"1204\" data-id=\"26104\" data-src=\"https:\/\/www.meslibellules.fr\/blog\/wp-content\/uploads\/Telosticta-bidayuh-male-5.webp\" alt=\"Telosticta bidayuh m\u00e2le, Sarawak, Ranchan Recreational Park, 30\/03\/2025\" class=\"wp-image-26104 lazyload\" data-srcset=\"https:\/\/www.meslibellules.fr\/blog\/wp-content\/uploads\/Telosticta-bidayuh-male-5.webp 1278w, https:\/\/www.meslibellules.fr\/blog\/wp-content\/uploads\/Telosticta-bidayuh-male-5-768x724.webp 768w\" data-sizes=\"(max-width: 1278px) 100vw, 1278px\" src=\"data:image\/svg+xml;base64,PHN2ZyB3aWR0aD0iMSIgaGVpZ2h0PSIxIiB4bWxucz0iaHR0cDovL3d3dy53My5vcmcvMjAwMC9zdmciPjwvc3ZnPg==\" style=\"--smush-placeholder-width: 1278px; --smush-placeholder-aspect-ratio: 1278\/1204;\" \/><\/a><\/figure>\n\n\n\n<figure class=\"wp-block-image size-large\"><a href=\"https:\/\/www.meslibellules.fr\/blog\/wp-content\/uploads\/Telosticta-bidayuh-male-3.webp\"><img decoding=\"async\" width=\"1359\" height=\"1204\" data-id=\"26102\" data-src=\"https:\/\/www.meslibellules.fr\/blog\/wp-content\/uploads\/Telosticta-bidayuh-male-3.webp\" alt=\"Telosticta bidayuh m\u00e2le, Sarawak, Ranchan Recreational Park, 30\/03\/2025\" class=\"wp-image-26102 lazyload\" data-srcset=\"https:\/\/www.meslibellules.fr\/blog\/wp-content\/uploads\/Telosticta-bidayuh-male-3.webp 1359w, https:\/\/www.meslibellules.fr\/blog\/wp-content\/uploads\/Telosticta-bidayuh-male-3-768x680.webp 768w\" data-sizes=\"(max-width: 1359px) 100vw, 1359px\" src=\"data:image\/svg+xml;base64,PHN2ZyB3aWR0aD0iMSIgaGVpZ2h0PSIxIiB4bWxucz0iaHR0cDovL3d3dy53My5vcmcvMjAwMC9zdmciPjwvc3ZnPg==\" style=\"--smush-placeholder-width: 1359px; --smush-placeholder-aspect-ratio: 1359\/1204;\" \/><\/a><\/figure>\n<figcaption class=\"blocks-gallery-caption wp-element-caption\">Telosticta bidayuh m\u00e2le, Sarawak, Ranchan Recreational Park, 30\/03\/2025<\/figcaption><\/figure>\n\n\n\n<p>Les auteurs d\u00e9j\u00e0 cit\u00e9s nous disent que son abdomen mesure 33.5 mm sans les appendices anaux. Il mesure donc au total environ 41 mm.<br>Lors de notre deuxi\u00e8me rencontre, Ranchan Recreational Park, les sujets que nous avons contact\u00e9s se trouvaient en for\u00eat, dans des zones sombres, \u00e0 quelque distance d&rsquo;une importante chute d&rsquo;eau, au-dessus des filets d&rsquo;eau qui s&rsquo;\u00e9chappaient lat\u00e9ralement du courant principal. Il a \u00e9galement \u00e9t\u00e9 rencontr\u00e9 sur de petits ruisseaux bien en pente, toujours en for\u00eat.<\/p>\n\n\n\n<figure class=\"wp-block-image aligncenter size-full is-resized\"><a href=\"https:\/\/www.meslibellules.fr\/blog\/wp-content\/uploads\/30-03-25-14-h-28-Ranchan-Recreational-Park.webp\"><img decoding=\"async\" width=\"1804\" height=\"1204\" data-src=\"https:\/\/www.meslibellules.fr\/blog\/wp-content\/uploads\/30-03-25-14-h-28-Ranchan-Recreational-Park.webp\" alt=\"Sarawak, biotope Telosticta bidayuh, Ranchan Recreational Park, 30\/03\/2025\" class=\"wp-image-26115 lazyload\" style=\"--smush-placeholder-width: 1804px; --smush-placeholder-aspect-ratio: 1804\/1204;width:724px;height:auto\" data-srcset=\"https:\/\/www.meslibellules.fr\/blog\/wp-content\/uploads\/30-03-25-14-h-28-Ranchan-Recreational-Park.webp 1804w, https:\/\/www.meslibellules.fr\/blog\/wp-content\/uploads\/30-03-25-14-h-28-Ranchan-Recreational-Park-768x513.webp 768w, https:\/\/www.meslibellules.fr\/blog\/wp-content\/uploads\/30-03-25-14-h-28-Ranchan-Recreational-Park-1536x1025.webp 1536w\" data-sizes=\"(max-width: 1804px) 100vw, 1804px\" src=\"data:image\/svg+xml;base64,PHN2ZyB3aWR0aD0iMSIgaGVpZ2h0PSIxIiB4bWxucz0iaHR0cDovL3d3dy53My5vcmcvMjAwMC9zdmciPjwvc3ZnPg==\" \/><\/a><figcaption class=\"wp-element-caption\">Sarawak, biotope Telosticta bidayuh, Ranchan Recreational Park, 30\/03\/2025<\/figcaption><\/figure>\n\n\n\n<p>Sur ce site, nous l&rsquo;avons trouv\u00e9 en compagnie de <a href=\"https:\/\/www.meslibellules.fr\/blog\/wp-content\/uploads\/Coeliccia-nigrohamata-male-1.webp\">Coeliccia nigrohamata<\/a>. Mais les auteurs l&rsquo;ont rencontr\u00e9 accompagn\u00e9 de <a href=\"https:\/\/www.meslibellules.fr\/blog\/wp-content\/uploads\/Telosticta-serapi-male-3.webp\">T. serapi<\/a>.<\/p>\n\n\n\n<figure class=\"wp-block-image aligncenter size-full is-resized\"><a href=\"https:\/\/www.meslibellules.fr\/blog\/wp-content\/uploads\/Telosticta-bidayuh-male-2.webp\"><img decoding=\"async\" width=\"1993\" height=\"1170\" data-src=\"https:\/\/www.meslibellules.fr\/blog\/wp-content\/uploads\/Telosticta-bidayuh-male-2.webp\" alt=\"Telosticta bidayuh m\u00e2le, Sarawak, Ranchan Recreational Park, 30\/03\/2025\" class=\"wp-image-26101 lazyload\" style=\"--smush-placeholder-width: 1993px; --smush-placeholder-aspect-ratio: 1993\/1170;width:682px;height:auto\" data-srcset=\"https:\/\/www.meslibellules.fr\/blog\/wp-content\/uploads\/Telosticta-bidayuh-male-2.webp 1993w, https:\/\/www.meslibellules.fr\/blog\/wp-content\/uploads\/Telosticta-bidayuh-male-2-768x451.webp 768w, https:\/\/www.meslibellules.fr\/blog\/wp-content\/uploads\/Telosticta-bidayuh-male-2-1536x902.webp 1536w\" data-sizes=\"(max-width: 1993px) 100vw, 1993px\" src=\"data:image\/svg+xml;base64,PHN2ZyB3aWR0aD0iMSIgaGVpZ2h0PSIxIiB4bWxucz0iaHR0cDovL3d3dy53My5vcmcvMjAwMC9zdmciPjwvc3ZnPg==\" \/><\/a><figcaption class=\"wp-element-caption\">Telosticta bidayuh m\u00e2le, Sarawak, Ranchan Recreational Park, 30\/03\/2025<\/figcaption><\/figure>\n\n\n\n<p>Il est end\u00e9mique du Sarawak et n&rsquo;est actuellement connu que d&rsquo;une aire tr\u00e8s limit\u00e9e \u00e0 l&rsquo;extr\u00eame ouest du Sarawak, autour de Kuching. Il est tr\u00e8s rare et les photos que nous avons faites sont les premi\u00e8res sur iNaturalist.<br><a href=\"https:\/\/www.iucnredlist.org\/species\/123528246\/123530062\">IUCN Red List<\/a>.<\/p>\n\n\n\n<div style=\"height:30px\" aria-hidden=\"true\" class=\"wp-block-spacer\"><\/div>\n\n\n\n<div class=\"wp-block-media-text is-stacked-on-mobile\"><figure class=\"wp-block-media-text__media\"><a href=\"https:\/\/www.meslibellules.fr\/blog\/wp-content\/uploads\/Telosticta-bidayuh-male-4.webp\"><img decoding=\"async\" width=\"1026\" height=\"1504\" data-src=\"https:\/\/www.meslibellules.fr\/blog\/wp-content\/uploads\/Telosticta-bidayuh-male-4.webp\" alt=\"Telosticta bidayuh m\u00e2le, Sarawak, Bung Ngiraja, 26\/03\/2025\" class=\"wp-image-26103 size-full lazyload\" data-srcset=\"https:\/\/www.meslibellules.fr\/blog\/wp-content\/uploads\/Telosticta-bidayuh-male-4.webp 1026w, https:\/\/www.meslibellules.fr\/blog\/wp-content\/uploads\/Telosticta-bidayuh-male-4-768x1126.webp 768w\" data-sizes=\"(max-width: 1026px) 100vw, 1026px\" src=\"data:image\/svg+xml;base64,PHN2ZyB3aWR0aD0iMSIgaGVpZ2h0PSIxIiB4bWxucz0iaHR0cDovL3d3dy53My5vcmcvMjAwMC9zdmciPjwvc3ZnPg==\" style=\"--smush-placeholder-width: 1026px; --smush-placeholder-aspect-ratio: 1026\/1504;\" \/><\/a><\/figure><div class=\"wp-block-media-text__content\">\n<p>Noter sur ce sujet la tache vert sombre \u00e0 l&rsquo;extr\u00e9mit\u00e9 de la face dorsale du thorax, qui n&rsquo;est qu&rsquo;une particule v\u00e9g\u00e9tale.<\/p>\n\n\n\n<p><strong>\u00c9tymologie<\/strong> (1)<br><strong>Telosticta<\/strong>&nbsp;est un nom f\u00e9minin, compos\u00e9 du grec \u03c4\u03bb\u03bf\u03c2, signifiant p\u00e9age, du nom de Jan van Tol, dont le nom de famille provient du mot n\u00e9erlandais de m\u00eame signification, en hommage \u00e0 ses contributions \u00e0 notre connaissance des Platystictidae, et du suffixe \u2013sticta, une terminaison g\u00e9n\u00e9rique courante dans la famille [des Platystictidae].&nbsp;<em>Sticta<\/em>&nbsp;vient du grec&nbsp;<em>stiktos<\/em>&nbsp;qui signifie&nbsp;<em>tach\u00e9<\/em>,<em>&nbsp;tatou\u00e9<\/em>, et fait r\u00e9f\u00e9rence au genre Platysticta d\u2019Asie du Sud dont l\u2019extr\u00e9mit\u00e9 des ailes porte une tache sombre.<br><strong>Bidayuh<\/strong> ; Bidayuh est le nom collectif de plusieurs peuples indig\u00e8nes de Born\u00e9o et l&rsquo;aire de r\u00e9partition actuellement connue de cette esp\u00e8ce correspond au c\u0153ur du territoire de ces peuples.<\/p>\n\n\n\n<p><span style=\"font-size: 10pt;\">Telosticta bidayuh m\u00e2le, Sarawak, Bung Ngiraja, 26\/03\/2025<\/span><\/p>\n<\/div><\/div>\n\n\n\n<div style=\"height:33px\" aria-hidden=\"true\" class=\"wp-block-spacer\"><\/div>\n\n\n\n<p>1- Dow &amp; Orr, 2012 \u2013&nbsp;<a href=\"https:\/\/www.researchgate.net\/publication\/263442881_Telosticta_a_new_damselfly_genus_from_Borneo_and_Palawan_Odonata_Zygoptera_Platystictidae\">Telosticta, a new damselfly genus from Borneo and Palawan (Odonata: Zygoptera: Platystictidae)<\/a>&nbsp;\u2013 The Raffles Bulletin of Zoology 60 (2) : 365-401.<\/p>\n\n\n\n<div style=\"height:32px\" aria-hidden=\"true\" class=\"wp-block-spacer\"><\/div>\n\n\n\n<div class=\"wp-block-buttons is-vertical is-layout-flex wp-container-core-buttons-is-layout-fe9cc265 wp-block-buttons-is-layout-flex\">\n<div class=\"wp-block-button\"><a class=\"wp-block-button__link wp-element-button\" href=\"https:\/\/www.meslibellules.fr\/blog\/odonates-du-sarawak\/\">Accueil Sarawak<\/a><\/div>\n\n\n\n<div class=\"wp-block-button\"><a class=\"wp-block-button__link wp-element-button\" href=\"https:\/\/www.meslibellules.fr\/pagesweb\/divers\/liste-generale-odonates-du-site\/asia-odonates.php\">Listes des Odonates d&rsquo;Asie<\/a><\/div>\n\n\n\n<div class=\"wp-block-button\"><a class=\"wp-block-button__link wp-element-button\" href=\"https:\/\/www.meslibellules.fr\/pagesweb\/divers\/liste-generale-odonates-du-site\/all-odonates.php\">Listes continentales<\/a><\/div>\n<\/div>\n","protected":false},"excerpt":{"rendered":"<p>Telosticta bidayuh (Platystictidae) fait partie d&rsquo;un genre d\u00e9crit en 2012, qui comprend 17 esp\u00e8ces end\u00e9miques de Born\u00e9o et Palawan. On en compte 14 au Sarawak, mais seulement six (heureusement pour l&rsquo;identification par les amateurs !) dans la partie ouest que nous avons prospect\u00e9e.\u00c0 l&rsquo;oppos\u00e9 des trois autres esp\u00e8ces que nous avons rencontr\u00e9es (T. dupophila, T. [&hellip;]<\/p>\n","protected":false},"author":1,"featured_media":0,"comment_status":"open","ping_status":"open","sticky":false,"template":"","format":"image","meta":{"site-sidebar-layout":"default","site-content-layout":"","ast-site-content-layout":"default","site-content-style":"default","site-sidebar-style":"default","ast-global-header-display":"","ast-banner-title-visibility":"","ast-main-header-display":"","ast-hfb-above-header-display":"","ast-hfb-below-header-display":"","ast-hfb-mobile-header-display":"","site-post-title":"","ast-breadcrumbs-content":"","ast-featured-img":"","footer-sml-layout":"","ast-disable-related-posts":"","theme-transparent-header-meta":"","adv-header-id-meta":"","stick-header-meta":"","header-above-stick-meta":"","header-main-stick-meta":"","header-below-stick-meta":"","astra-migrate-meta-layouts":"set","ast-page-background-enabled":"default","ast-page-background-meta":{"desktop":{"background-color":"var(--ast-global-color-4)","background-image":"","background-repeat":"repeat","background-position":"center center","background-size":"auto","background-attachment":"scroll","background-type":"","background-media":"","overlay-type":"","overlay-color":"","overlay-opacity":"","overlay-gradient":""},"tablet":{"background-color":"","background-image":"","background-repeat":"repeat","background-position":"center center","background-size":"auto","background-attachment":"scroll","background-type":"","background-media":"","overlay-type":"","overlay-color":"","overlay-opacity":"","overlay-gradient":""},"mobile":{"background-color":"","background-image":"","background-repeat":"repeat","background-position":"center center","background-size":"auto","background-attachment":"scroll","background-type":"","background-media":"","overlay-type":"","overlay-color":"","overlay-opacity":"","overlay-gradient":""}},"ast-content-background-meta":{"desktop":{"background-color":"var(--ast-global-color-5)","background-image":"","background-repeat":"repeat","background-position":"center center","background-size":"auto","background-attachment":"scroll","background-type":"","background-media":"","overlay-type":"","overlay-color":"","overlay-opacity":"","overlay-gradient":""},"tablet":{"background-color":"var(--ast-global-color-5)","background-image":"","background-repeat":"repeat","background-position":"center center","background-size":"auto","background-attachment":"scroll","background-type":"","background-media":"","overlay-type":"","overlay-color":"","overlay-opacity":"","overlay-gradient":""},"mobile":{"background-color":"var(--ast-global-color-5)","background-image":"","background-repeat":"repeat","background-position":"center center","background-size":"auto","background-attachment":"scroll","background-type":"","background-media":"","overlay-type":"","overlay-color":"","overlay-opacity":"","overlay-gradient":""}},"footnotes":""},"categories":[38596,38640],"tags":[38599,38641],"class_list":["post-26106","post","type-post","status-publish","format-image","hentry","category-borneo-sarawak","category-platystictidae-borneo-sarawak","tag-borneo-sarawak","tag-platystictidae-sarawak","post_format-post-format-image"],"yoast_head":"<!-- This site is optimized with the Yoast SEO plugin v27.5 - https:\/\/yoast.com\/product\/yoast-seo-wordpress\/ -->\n<title>Telosticta bidayuh - Mes Libellules<\/title>\n<meta name=\"description\" content=\"Telosticta bidayuh m\u00e2le au Sarawak, description, identification, taille, habitat, distribution g\u00e9ographique, \u00e9tymologie\" \/>\n<meta name=\"robots\" content=\"index, follow, max-snippet:-1, max-image-preview:large, max-video-preview:-1\" \/>\n<link rel=\"canonical\" href=\"https:\/\/www.meslibellules.fr\/blog\/2025\/09\/06\/telosticta-bidayuh\/\" \/>\n<meta property=\"og:locale\" content=\"fr_FR\" \/>\n<meta property=\"og:type\" content=\"article\" \/>\n<meta property=\"og:title\" content=\"Telosticta bidayuh - Mes Libellules\" \/>\n<meta property=\"og:description\" content=\"Telosticta bidayuh m\u00e2le au Sarawak, description, identification, taille, habitat, distribution g\u00e9ographique, \u00e9tymologie\" \/>\n<meta property=\"og:url\" content=\"https:\/\/www.meslibellules.fr\/blog\/2025\/09\/06\/telosticta-bidayuh\/\" \/>\n<meta property=\"og:site_name\" content=\"Mes Libellules\" \/>\n<meta property=\"article:publisher\" content=\"https:\/\/www.facebook.com\/benoit.guillon.96\/\" \/>\n<meta property=\"article:author\" content=\"https:\/\/www.facebook.com\/benoit.guillon.96\/\" \/>\n<meta property=\"article:published_time\" content=\"2025-09-06T03:39:56+00:00\" \/>\n<meta property=\"article:modified_time\" content=\"2025-09-07T05:25:16+00:00\" \/>\n<meta property=\"og:image\" content=\"https:\/\/www.meslibellules.fr\/blog\/wp-content\/uploads\/Telosticta-bidayuh-male-1.webp\" \/>\n\t<meta property=\"og:image:width\" content=\"1717\" \/>\n\t<meta property=\"og:image:height\" content=\"1204\" \/>\n\t<meta property=\"og:image:type\" content=\"image\/webp\" \/>\n<meta name=\"author\" content=\"Beno\u00eet Guillon\" \/>\n<meta name=\"twitter:card\" content=\"summary_large_image\" \/>\n<meta name=\"twitter:label1\" content=\"\u00c9crit par\" \/>\n\t<meta name=\"twitter:data1\" content=\"Beno\u00eet Guillon\" \/>\n\t<meta name=\"twitter:label2\" content=\"Dur\u00e9e de lecture estim\u00e9e\" \/>\n\t<meta name=\"twitter:data2\" content=\"5 minutes\" \/>\n<script type=\"application\/ld+json\" class=\"yoast-schema-graph\">{\"@context\":\"https:\\\/\\\/schema.org\",\"@graph\":[{\"@type\":\"Article\",\"@id\":\"https:\\\/\\\/www.meslibellules.fr\\\/blog\\\/2025\\\/09\\\/06\\\/telosticta-bidayuh\\\/#article\",\"isPartOf\":{\"@id\":\"https:\\\/\\\/www.meslibellules.fr\\\/blog\\\/2025\\\/09\\\/06\\\/telosticta-bidayuh\\\/\"},\"author\":{\"name\":\"Beno\u00eet Guillon\",\"@id\":\"https:\\\/\\\/www.meslibellules.fr\\\/blog\\\/#\\\/schema\\\/person\\\/9aa3586f9dd053fcf329f43b8b053c77\"},\"headline\":\"Born\u00e9o, Sarawak &#8211; Telosticta bidayuh (Dow &amp; Orr, 2012)\",\"datePublished\":\"2025-09-06T03:39:56+00:00\",\"dateModified\":\"2025-09-07T05:25:16+00:00\",\"mainEntityOfPage\":{\"@id\":\"https:\\\/\\\/www.meslibellules.fr\\\/blog\\\/2025\\\/09\\\/06\\\/telosticta-bidayuh\\\/\"},\"wordCount\":662,\"commentCount\":0,\"publisher\":{\"@id\":\"https:\\\/\\\/www.meslibellules.fr\\\/blog\\\/#\\\/schema\\\/person\\\/9aa3586f9dd053fcf329f43b8b053c77\"},\"image\":{\"@id\":\"https:\\\/\\\/www.meslibellules.fr\\\/blog\\\/2025\\\/09\\\/06\\\/telosticta-bidayuh\\\/#primaryimage\"},\"thumbnailUrl\":\"https:\\\/\\\/www.meslibellules.fr\\\/blog\\\/wp-content\\\/uploads\\\/Telosticta-bidayuh-male-1.webp\",\"keywords\":[\"Born\u00e9o - Sarawak\",\"Platystictidae - Sarawak\"],\"articleSection\":[\"Born\u00e9o -Sarawak\",\"Platystictidae\"],\"inLanguage\":\"fr-FR\",\"potentialAction\":[{\"@type\":\"CommentAction\",\"name\":\"Comment\",\"target\":[\"https:\\\/\\\/www.meslibellules.fr\\\/blog\\\/2025\\\/09\\\/06\\\/telosticta-bidayuh\\\/#respond\"]}]},{\"@type\":\"WebPage\",\"@id\":\"https:\\\/\\\/www.meslibellules.fr\\\/blog\\\/2025\\\/09\\\/06\\\/telosticta-bidayuh\\\/\",\"url\":\"https:\\\/\\\/www.meslibellules.fr\\\/blog\\\/2025\\\/09\\\/06\\\/telosticta-bidayuh\\\/\",\"name\":\"Telosticta bidayuh - Mes Libellules\",\"isPartOf\":{\"@id\":\"https:\\\/\\\/www.meslibellules.fr\\\/blog\\\/#website\"},\"primaryImageOfPage\":{\"@id\":\"https:\\\/\\\/www.meslibellules.fr\\\/blog\\\/2025\\\/09\\\/06\\\/telosticta-bidayuh\\\/#primaryimage\"},\"image\":{\"@id\":\"https:\\\/\\\/www.meslibellules.fr\\\/blog\\\/2025\\\/09\\\/06\\\/telosticta-bidayuh\\\/#primaryimage\"},\"thumbnailUrl\":\"https:\\\/\\\/www.meslibellules.fr\\\/blog\\\/wp-content\\\/uploads\\\/Telosticta-bidayuh-male-1.webp\",\"datePublished\":\"2025-09-06T03:39:56+00:00\",\"dateModified\":\"2025-09-07T05:25:16+00:00\",\"description\":\"Telosticta bidayuh m\u00e2le au Sarawak, description, identification, taille, habitat, distribution g\u00e9ographique, \u00e9tymologie\",\"breadcrumb\":{\"@id\":\"https:\\\/\\\/www.meslibellules.fr\\\/blog\\\/2025\\\/09\\\/06\\\/telosticta-bidayuh\\\/#breadcrumb\"},\"inLanguage\":\"fr-FR\",\"potentialAction\":[{\"@type\":\"ReadAction\",\"target\":[\"https:\\\/\\\/www.meslibellules.fr\\\/blog\\\/2025\\\/09\\\/06\\\/telosticta-bidayuh\\\/\"]}]},{\"@type\":\"ImageObject\",\"inLanguage\":\"fr-FR\",\"@id\":\"https:\\\/\\\/www.meslibellules.fr\\\/blog\\\/2025\\\/09\\\/06\\\/telosticta-bidayuh\\\/#primaryimage\",\"url\":\"https:\\\/\\\/www.meslibellules.fr\\\/blog\\\/wp-content\\\/uploads\\\/Telosticta-bidayuh-male-1.webp\",\"contentUrl\":\"https:\\\/\\\/www.meslibellules.fr\\\/blog\\\/wp-content\\\/uploads\\\/Telosticta-bidayuh-male-1.webp\"},{\"@type\":\"BreadcrumbList\",\"@id\":\"https:\\\/\\\/www.meslibellules.fr\\\/blog\\\/2025\\\/09\\\/06\\\/telosticta-bidayuh\\\/#breadcrumb\",\"itemListElement\":[{\"@type\":\"ListItem\",\"position\":1,\"name\":\"Accueil\",\"item\":\"https:\\\/\\\/www.meslibellules.fr\\\/blog\\\/\"},{\"@type\":\"ListItem\",\"position\":2,\"name\":\"Born\u00e9o, Sarawak &#8211; Telosticta bidayuh (Dow &amp; Orr, 2012)\"}]},{\"@type\":\"WebSite\",\"@id\":\"https:\\\/\\\/www.meslibellules.fr\\\/blog\\\/#website\",\"url\":\"https:\\\/\\\/www.meslibellules.fr\\\/blog\\\/\",\"name\":\"Mes Libellules\",\"description\":\"Pr\u00e9sentation des libellules rencontr\u00e9es dans le monde\",\"publisher\":{\"@id\":\"https:\\\/\\\/www.meslibellules.fr\\\/blog\\\/#\\\/schema\\\/person\\\/9aa3586f9dd053fcf329f43b8b053c77\"},\"potentialAction\":[{\"@type\":\"SearchAction\",\"target\":{\"@type\":\"EntryPoint\",\"urlTemplate\":\"https:\\\/\\\/www.meslibellules.fr\\\/blog\\\/?s={search_term_string}\"},\"query-input\":{\"@type\":\"PropertyValueSpecification\",\"valueRequired\":true,\"valueName\":\"search_term_string\"}}],\"inLanguage\":\"fr-FR\"},{\"@type\":[\"Person\",\"Organization\"],\"@id\":\"https:\\\/\\\/www.meslibellules.fr\\\/blog\\\/#\\\/schema\\\/person\\\/9aa3586f9dd053fcf329f43b8b053c77\",\"name\":\"Beno\u00eet Guillon\",\"image\":{\"@type\":\"ImageObject\",\"inLanguage\":\"fr-FR\",\"@id\":\"https:\\\/\\\/www.meslibellules.fr\\\/blog\\\/wp-content\\\/uploads\\\/cropped-avatar-150-pix.jpg\",\"url\":\"https:\\\/\\\/www.meslibellules.fr\\\/blog\\\/wp-content\\\/uploads\\\/cropped-avatar-150-pix.jpg\",\"contentUrl\":\"https:\\\/\\\/www.meslibellules.fr\\\/blog\\\/wp-content\\\/uploads\\\/cropped-avatar-150-pix.jpg\",\"width\":150,\"height\":137,\"caption\":\"Beno\u00eet Guillon\"},\"logo\":{\"@id\":\"https:\\\/\\\/www.meslibellules.fr\\\/blog\\\/wp-content\\\/uploads\\\/cropped-avatar-150-pix.jpg\"},\"sameAs\":[\"https:\\\/\\\/www.facebook.com\\\/benoit.guillon.96\\\/\"]}]}<\/script>\n<!-- \/ Yoast SEO plugin. -->","yoast_head_json":{"title":"Telosticta bidayuh - Mes Libellules","description":"Telosticta bidayuh m\u00e2le au Sarawak, description, identification, taille, habitat, distribution g\u00e9ographique, \u00e9tymologie","robots":{"index":"index","follow":"follow","max-snippet":"max-snippet:-1","max-image-preview":"max-image-preview:large","max-video-preview":"max-video-preview:-1"},"canonical":"https:\/\/www.meslibellules.fr\/blog\/2025\/09\/06\/telosticta-bidayuh\/","og_locale":"fr_FR","og_type":"article","og_title":"Telosticta bidayuh - Mes Libellules","og_description":"Telosticta bidayuh m\u00e2le au Sarawak, description, identification, taille, habitat, distribution g\u00e9ographique, \u00e9tymologie","og_url":"https:\/\/www.meslibellules.fr\/blog\/2025\/09\/06\/telosticta-bidayuh\/","og_site_name":"Mes Libellules","article_publisher":"https:\/\/www.facebook.com\/benoit.guillon.96\/","article_author":"https:\/\/www.facebook.com\/benoit.guillon.96\/","article_published_time":"2025-09-06T03:39:56+00:00","article_modified_time":"2025-09-07T05:25:16+00:00","og_image":[{"width":1717,"height":1204,"url":"https:\/\/www.meslibellules.fr\/blog\/wp-content\/uploads\/Telosticta-bidayuh-male-1.webp","type":"image\/webp"}],"author":"Beno\u00eet Guillon","twitter_card":"summary_large_image","twitter_misc":{"\u00c9crit par":"Beno\u00eet Guillon","Dur\u00e9e de lecture estim\u00e9e":"5 minutes"},"schema":{"@context":"https:\/\/schema.org","@graph":[{"@type":"Article","@id":"https:\/\/www.meslibellules.fr\/blog\/2025\/09\/06\/telosticta-bidayuh\/#article","isPartOf":{"@id":"https:\/\/www.meslibellules.fr\/blog\/2025\/09\/06\/telosticta-bidayuh\/"},"author":{"name":"Beno\u00eet Guillon","@id":"https:\/\/www.meslibellules.fr\/blog\/#\/schema\/person\/9aa3586f9dd053fcf329f43b8b053c77"},"headline":"Born\u00e9o, Sarawak &#8211; Telosticta bidayuh (Dow &amp; Orr, 2012)","datePublished":"2025-09-06T03:39:56+00:00","dateModified":"2025-09-07T05:25:16+00:00","mainEntityOfPage":{"@id":"https:\/\/www.meslibellules.fr\/blog\/2025\/09\/06\/telosticta-bidayuh\/"},"wordCount":662,"commentCount":0,"publisher":{"@id":"https:\/\/www.meslibellules.fr\/blog\/#\/schema\/person\/9aa3586f9dd053fcf329f43b8b053c77"},"image":{"@id":"https:\/\/www.meslibellules.fr\/blog\/2025\/09\/06\/telosticta-bidayuh\/#primaryimage"},"thumbnailUrl":"https:\/\/www.meslibellules.fr\/blog\/wp-content\/uploads\/Telosticta-bidayuh-male-1.webp","keywords":["Born\u00e9o - Sarawak","Platystictidae - Sarawak"],"articleSection":["Born\u00e9o -Sarawak","Platystictidae"],"inLanguage":"fr-FR","potentialAction":[{"@type":"CommentAction","name":"Comment","target":["https:\/\/www.meslibellules.fr\/blog\/2025\/09\/06\/telosticta-bidayuh\/#respond"]}]},{"@type":"WebPage","@id":"https:\/\/www.meslibellules.fr\/blog\/2025\/09\/06\/telosticta-bidayuh\/","url":"https:\/\/www.meslibellules.fr\/blog\/2025\/09\/06\/telosticta-bidayuh\/","name":"Telosticta bidayuh - Mes Libellules","isPartOf":{"@id":"https:\/\/www.meslibellules.fr\/blog\/#website"},"primaryImageOfPage":{"@id":"https:\/\/www.meslibellules.fr\/blog\/2025\/09\/06\/telosticta-bidayuh\/#primaryimage"},"image":{"@id":"https:\/\/www.meslibellules.fr\/blog\/2025\/09\/06\/telosticta-bidayuh\/#primaryimage"},"thumbnailUrl":"https:\/\/www.meslibellules.fr\/blog\/wp-content\/uploads\/Telosticta-bidayuh-male-1.webp","datePublished":"2025-09-06T03:39:56+00:00","dateModified":"2025-09-07T05:25:16+00:00","description":"Telosticta bidayuh m\u00e2le au Sarawak, description, identification, taille, habitat, distribution g\u00e9ographique, \u00e9tymologie","breadcrumb":{"@id":"https:\/\/www.meslibellules.fr\/blog\/2025\/09\/06\/telosticta-bidayuh\/#breadcrumb"},"inLanguage":"fr-FR","potentialAction":[{"@type":"ReadAction","target":["https:\/\/www.meslibellules.fr\/blog\/2025\/09\/06\/telosticta-bidayuh\/"]}]},{"@type":"ImageObject","inLanguage":"fr-FR","@id":"https:\/\/www.meslibellules.fr\/blog\/2025\/09\/06\/telosticta-bidayuh\/#primaryimage","url":"https:\/\/www.meslibellules.fr\/blog\/wp-content\/uploads\/Telosticta-bidayuh-male-1.webp","contentUrl":"https:\/\/www.meslibellules.fr\/blog\/wp-content\/uploads\/Telosticta-bidayuh-male-1.webp"},{"@type":"BreadcrumbList","@id":"https:\/\/www.meslibellules.fr\/blog\/2025\/09\/06\/telosticta-bidayuh\/#breadcrumb","itemListElement":[{"@type":"ListItem","position":1,"name":"Accueil","item":"https:\/\/www.meslibellules.fr\/blog\/"},{"@type":"ListItem","position":2,"name":"Born\u00e9o, Sarawak &#8211; Telosticta bidayuh (Dow &amp; Orr, 2012)"}]},{"@type":"WebSite","@id":"https:\/\/www.meslibellules.fr\/blog\/#website","url":"https:\/\/www.meslibellules.fr\/blog\/","name":"Mes Libellules","description":"Pr\u00e9sentation des libellules rencontr\u00e9es dans le monde","publisher":{"@id":"https:\/\/www.meslibellules.fr\/blog\/#\/schema\/person\/9aa3586f9dd053fcf329f43b8b053c77"},"potentialAction":[{"@type":"SearchAction","target":{"@type":"EntryPoint","urlTemplate":"https:\/\/www.meslibellules.fr\/blog\/?s={search_term_string}"},"query-input":{"@type":"PropertyValueSpecification","valueRequired":true,"valueName":"search_term_string"}}],"inLanguage":"fr-FR"},{"@type":["Person","Organization"],"@id":"https:\/\/www.meslibellules.fr\/blog\/#\/schema\/person\/9aa3586f9dd053fcf329f43b8b053c77","name":"Beno\u00eet Guillon","image":{"@type":"ImageObject","inLanguage":"fr-FR","@id":"https:\/\/www.meslibellules.fr\/blog\/wp-content\/uploads\/cropped-avatar-150-pix.jpg","url":"https:\/\/www.meslibellules.fr\/blog\/wp-content\/uploads\/cropped-avatar-150-pix.jpg","contentUrl":"https:\/\/www.meslibellules.fr\/blog\/wp-content\/uploads\/cropped-avatar-150-pix.jpg","width":150,"height":137,"caption":"Beno\u00eet Guillon"},"logo":{"@id":"https:\/\/www.meslibellules.fr\/blog\/wp-content\/uploads\/cropped-avatar-150-pix.jpg"},"sameAs":["https:\/\/www.facebook.com\/benoit.guillon.96\/"]}]}},"_links":{"self":[{"href":"https:\/\/www.meslibellules.fr\/blog\/wp-json\/wp\/v2\/posts\/26106","targetHints":{"allow":["GET"]}}],"collection":[{"href":"https:\/\/www.meslibellules.fr\/blog\/wp-json\/wp\/v2\/posts"}],"about":[{"href":"https:\/\/www.meslibellules.fr\/blog\/wp-json\/wp\/v2\/types\/post"}],"author":[{"embeddable":true,"href":"https:\/\/www.meslibellules.fr\/blog\/wp-json\/wp\/v2\/users\/1"}],"replies":[{"embeddable":true,"href":"https:\/\/www.meslibellules.fr\/blog\/wp-json\/wp\/v2\/comments?post=26106"}],"version-history":[{"count":9,"href":"https:\/\/www.meslibellules.fr\/blog\/wp-json\/wp\/v2\/posts\/26106\/revisions"}],"predecessor-version":[{"id":26143,"href":"https:\/\/www.meslibellules.fr\/blog\/wp-json\/wp\/v2\/posts\/26106\/revisions\/26143"}],"wp:attachment":[{"href":"https:\/\/www.meslibellules.fr\/blog\/wp-json\/wp\/v2\/media?parent=26106"}],"wp:term":[{"taxonomy":"category","embeddable":true,"href":"https:\/\/www.meslibellules.fr\/blog\/wp-json\/wp\/v2\/categories?post=26106"},{"taxonomy":"post_tag","embeddable":true,"href":"https:\/\/www.meslibellules.fr\/blog\/wp-json\/wp\/v2\/tags?post=26106"}],"curies":[{"name":"wp","href":"https:\/\/api.w.org\/{rel}","templated":true}]}}