{"id":26303,"date":"2025-10-03T21:09:30","date_gmt":"2025-10-03T19:09:30","guid":{"rendered":"https:\/\/www.meslibellules.fr\/blog\/?p=26303"},"modified":"2025-10-20T07:47:58","modified_gmt":"2025-10-20T05:47:58","slug":"amphicnemis-cf-dactylostyla","status":"publish","type":"post","link":"https:\/\/www.meslibellules.fr\/blog\/2025\/10\/03\/amphicnemis-cf-dactylostyla\/","title":{"rendered":"Born\u00e9o, Sarawak &#8211; Amphicnemis cf. dactylostyla"},"content":{"rendered":"\n<figure class=\"wp-block-image aligncenter size-full is-resized\"><a href=\"https:\/\/www.meslibellules.fr\/blog\/wp-content\/uploads\/Amphicnemis-dactylostyla-male-1.webp\"><img decoding=\"async\" width=\"2551\" height=\"1504\" data-src=\"https:\/\/www.meslibellules.fr\/blog\/wp-content\/uploads\/Amphicnemis-dactylostyla-male-1.webp\" alt=\"Amphicnemis cf. dactylostyla m\u00e2le, Sarawak, UNIMAS Campus, 25\/03\/2025\" class=\"wp-image-26302 lazyload\" style=\"--smush-placeholder-width: 2551px; --smush-placeholder-aspect-ratio: 2551\/1504;width:638px;height:auto\" data-srcset=\"https:\/\/www.meslibellules.fr\/blog\/wp-content\/uploads\/Amphicnemis-dactylostyla-male-1.webp 2551w, https:\/\/www.meslibellules.fr\/blog\/wp-content\/uploads\/Amphicnemis-dactylostyla-male-1-768x453.webp 768w, https:\/\/www.meslibellules.fr\/blog\/wp-content\/uploads\/Amphicnemis-dactylostyla-male-1-1536x906.webp 1536w, https:\/\/www.meslibellules.fr\/blog\/wp-content\/uploads\/Amphicnemis-dactylostyla-male-1-2048x1207.webp 2048w\" data-sizes=\"(max-width: 2551px) 100vw, 2551px\" src=\"data:image\/svg+xml;base64,PHN2ZyB3aWR0aD0iMSIgaGVpZ2h0PSIxIiB4bWxucz0iaHR0cDovL3d3dy53My5vcmcvMjAwMC9zdmciPjwvc3ZnPg==\" \/><\/a><figcaption class=\"wp-element-caption\">Amphicnemis cf. dactylostyla m\u00e2le, Sarawak, UNIMAS Campus, 25\/03\/2025<\/figcaption><\/figure>\n\n\n\n<p>Amphicnemis cf. dactylostyla est un Coenagrionidae, non encore d\u00e9crit, proche bien s\u00fbr de son cousin A. dactylostyla d\u00e9crit par Lieftinck, 1953 (1). Il fait partie d&rsquo;un genre tr\u00e8s difficile qui compte, pour l&rsquo;instant, 22 esp\u00e8ces en Asie et 12 \u00e0 Born\u00e9o.<br>Ils sont pour certains tr\u00e8s ressemblants et ne peuvent \u00eatre s\u00e9par\u00e9s que la pr\u00e9sence d&rsquo;une \u00e9ventuelle \u00e9pine sur le pronotum ou l&rsquo;examen minutieux des appendices anaux.<br>L&rsquo;identification a \u00e9t\u00e9 assur\u00e9e ici par Rory Dow, le sp\u00e9cialiste des odonates de cette grande ile, qui \u00e9tait sur le terrain avec nous et qui a utilis\u00e9 ce nom.<\/p>\n\n\n\n<figure class=\"wp-block-image aligncenter size-full is-resized\"><a href=\"https:\/\/www.meslibellules.fr\/blog\/wp-content\/uploads\/Amphicnemis-cf.-dactylostyla-male-2.webp\"><img decoding=\"async\" width=\"2532\" height=\"1504\" data-src=\"https:\/\/www.meslibellules.fr\/blog\/wp-content\/uploads\/Amphicnemis-cf.-dactylostyla-male-2.webp\" alt=\"Amphicnemis cf. dactylostyla m\u00e2le, Sarawak, UNIMAS Campus, 25\/03\/2025\" class=\"wp-image-26296 lazyload\" style=\"--smush-placeholder-width: 2532px; --smush-placeholder-aspect-ratio: 2532\/1504;width:659px;height:auto\" data-srcset=\"https:\/\/www.meslibellules.fr\/blog\/wp-content\/uploads\/Amphicnemis-cf.-dactylostyla-male-2.webp 2532w, https:\/\/www.meslibellules.fr\/blog\/wp-content\/uploads\/Amphicnemis-cf.-dactylostyla-male-2-768x456.webp 768w, https:\/\/www.meslibellules.fr\/blog\/wp-content\/uploads\/Amphicnemis-cf.-dactylostyla-male-2-1536x912.webp 1536w, https:\/\/www.meslibellules.fr\/blog\/wp-content\/uploads\/Amphicnemis-cf.-dactylostyla-male-2-2048x1217.webp 2048w\" data-sizes=\"(max-width: 2532px) 100vw, 2532px\" src=\"data:image\/svg+xml;base64,PHN2ZyB3aWR0aD0iMSIgaGVpZ2h0PSIxIiB4bWxucz0iaHR0cDovL3d3dy53My5vcmcvMjAwMC9zdmciPjwvc3ZnPg==\" \/><\/a><figcaption class=\"wp-element-caption\">Amphicnemis cf. dactylostyla m\u00e2le, Sarawak, UNIMAS Campus, 25\/03\/2025<\/figcaption><\/figure>\n\n\n\n<p>Ici, l&rsquo;identification est grandement facilit\u00e9e par le fait que les pt\u00e9rostigmas des ailes post\u00e9rieures sont jaunes, ceux des ant\u00e9rieures restant orange ou marron clair.<br>Ils se caract\u00e9risent par la couleur vert m\u00e9tallique des parties sup\u00e9rieures du thorax et de l&rsquo;abdomen alors que les parties inf\u00e9rieures sont jaunes, un dernier segment et des appendices tr\u00e8s clairs, cet abdomen \u00e9tant d\u00e9mesur\u00e9ment long par rapport au thorax.<br>En d\u00e9crivant A. dactylostyla, Lieftinck \u00e9crit : \u00ab\u00a0Cette nouvelle esp\u00e8ce est le troisi\u00e8me membre [avec A. platystyla et A. martini] d&rsquo;un petit groupe d&rsquo;Amphicnemis de Born\u00e9o, caract\u00e9ris\u00e9 par une combinaison de traits morphologiques. Les plus marquants sont la forme carr\u00e9e du pt\u00e9rostigma, le lobe prothoracique post\u00e9rieur non arm\u00e9 [sans \u00e9pine] et la courte branche inf\u00e9rieure des appendices anales sup\u00e9rieures du m\u00e2le.\u00a0\u00bb A. cf. dactylostyla est donc certainement une quatri\u00e8me esp\u00e8ce de ce petit groupe.<br><br>Il se diff\u00e9rencie cependant de ceux-ci par la coloration et forme des pt\u00e9rostigmas et celle des appendices anaux sup\u00e9rieurs (les inf\u00e9rieurs sont rudimentaires, et \u00e0 peine visible sur les photos).<\/p>\n\n\n\n<figure class=\"wp-block-gallery has-nested-images columns-default is-cropped wp-block-gallery-1 is-layout-flex wp-block-gallery-is-layout-flex\">\n<figure class=\"wp-block-image size-large\"><a href=\"https:\/\/www.meslibellules.fr\/blog\/wp-content\/uploads\/Amphicnemis-cf.-dactylostyla-male-appendices-anaux-6.webp\"><img decoding=\"async\" width=\"1165\" height=\"464\" data-id=\"26300\" data-src=\"https:\/\/www.meslibellules.fr\/blog\/wp-content\/uploads\/Amphicnemis-cf.-dactylostyla-male-appendices-anaux-6.webp\" alt=\"Amphicnemis cf. dactylostyla m\u00e2le, Sarawak, UNIMAS Campus, 25\/03\/2025\" class=\"wp-image-26300 lazyload\" data-srcset=\"https:\/\/www.meslibellules.fr\/blog\/wp-content\/uploads\/Amphicnemis-cf.-dactylostyla-male-appendices-anaux-6.webp 1165w, https:\/\/www.meslibellules.fr\/blog\/wp-content\/uploads\/Amphicnemis-cf.-dactylostyla-male-appendices-anaux-6-768x306.webp 768w\" data-sizes=\"(max-width: 1165px) 100vw, 1165px\" src=\"data:image\/svg+xml;base64,PHN2ZyB3aWR0aD0iMSIgaGVpZ2h0PSIxIiB4bWxucz0iaHR0cDovL3d3dy53My5vcmcvMjAwMC9zdmciPjwvc3ZnPg==\" style=\"--smush-placeholder-width: 1165px; --smush-placeholder-aspect-ratio: 1165\/464;\" \/><\/a><\/figure>\n\n\n\n<figure class=\"wp-block-image size-large\"><a href=\"https:\/\/www.meslibellules.fr\/blog\/wp-content\/uploads\/Amphicnemis-cf.-dactylostyla-male-appendices-anaux-5.webp\"><img decoding=\"async\" width=\"1178\" height=\"585\" data-id=\"26299\" data-src=\"https:\/\/www.meslibellules.fr\/blog\/wp-content\/uploads\/Amphicnemis-cf.-dactylostyla-male-appendices-anaux-5.webp\" alt=\"Amphicnemis cf. dactylostyla m\u00e2le, Sarawak, UNIMAS Campus, 25\/03\/2025\" class=\"wp-image-26299 lazyload\" data-srcset=\"https:\/\/www.meslibellules.fr\/blog\/wp-content\/uploads\/Amphicnemis-cf.-dactylostyla-male-appendices-anaux-5.webp 1178w, https:\/\/www.meslibellules.fr\/blog\/wp-content\/uploads\/Amphicnemis-cf.-dactylostyla-male-appendices-anaux-5-768x381.webp 768w\" data-sizes=\"(max-width: 1178px) 100vw, 1178px\" src=\"data:image\/svg+xml;base64,PHN2ZyB3aWR0aD0iMSIgaGVpZ2h0PSIxIiB4bWxucz0iaHR0cDovL3d3dy53My5vcmcvMjAwMC9zdmciPjwvc3ZnPg==\" style=\"--smush-placeholder-width: 1178px; --smush-placeholder-aspect-ratio: 1178\/585;\" \/><\/a><\/figure>\n<figcaption class=\"blocks-gallery-caption wp-element-caption\">Amphicnemis cf. dactylostyla m\u00e2le, Sarawak, UNIMAS Campus, 25\/03\/2025<\/figcaption><\/figure>\n\n\n\n<figure class=\"wp-block-image aligncenter size-full is-resized\"><a href=\"https:\/\/www.meslibellules.fr\/blog\/wp-content\/uploads\/Amphicnemis-dactylostyla-Lieftinck.webp\"><img decoding=\"async\" width=\"1234\" height=\"948\" data-src=\"https:\/\/www.meslibellules.fr\/blog\/wp-content\/uploads\/Amphicnemis-dactylostyla-Lieftinck.webp\" alt=\"Amphicnemis dactylostyla - Lieftinck\" class=\"wp-image-26311 lazyload\" style=\"--smush-placeholder-width: 1234px; --smush-placeholder-aspect-ratio: 1234\/948;width:582px;height:auto\" data-srcset=\"https:\/\/www.meslibellules.fr\/blog\/wp-content\/uploads\/Amphicnemis-dactylostyla-Lieftinck.webp 1234w, https:\/\/www.meslibellules.fr\/blog\/wp-content\/uploads\/Amphicnemis-dactylostyla-Lieftinck-768x590.webp 768w\" data-sizes=\"(max-width: 1234px) 100vw, 1234px\" src=\"data:image\/svg+xml;base64,PHN2ZyB3aWR0aD0iMSIgaGVpZ2h0PSIxIiB4bWxucz0iaHR0cDovL3d3dy53My5vcmcvMjAwMC9zdmciPjwvc3ZnPg==\" \/><\/a><figcaption class=\"wp-element-caption\">Amphicnemis dactylostyla &#8211; Lieftinck<\/figcaption><\/figure>\n\n\n\n<p>En fait, il est class\u00e9 par Dow (2), sous la rubrique <em>Amphicnemis martini complex<\/em> dans ce document de 2021, o\u00f9 il renvoie \u00e0 un d&rsquo;autre, dont Dow &amp; Reels, 2010 (3) o\u00f9 il \u00e9crit  \u00e0 propos de cet Amphicnemis sp. :\u00a0\u00bbProblematic Amphicnemis taxa that are the subject of ongoing investigation\u00a0\u00bb. Cette enqu\u00eate ou recherche n&rsquo;a apparemment pas encore abouti, puisqu&rsquo;en mars 2025, dans cette tourbi\u00e8re foresti\u00e8re, Rory Dow l&rsquo;appelle toujours A. cf. dactylostyla.<br><br><em>J<\/em>e ne connais pas sa taille, sans doute proche des autres Amphicnemis, moins de 40 mm.<\/p>\n\n\n\n<figure class=\"wp-block-image aligncenter size-full is-resized\"><a href=\"https:\/\/www.meslibellules.fr\/blog\/wp-content\/uploads\/Amphicnemis-cf.-dactylostyla-male-4.webp\"><img decoding=\"async\" width=\"2514\" height=\"1504\" data-src=\"https:\/\/www.meslibellules.fr\/blog\/wp-content\/uploads\/Amphicnemis-cf.-dactylostyla-male-4.webp\" alt=\"Amphicnemis cf. dactylostyla m\u00e2le, Sarawak, UNIMAS Campus, 25\/03\/2025\" class=\"wp-image-26298 lazyload\" style=\"--smush-placeholder-width: 2514px; --smush-placeholder-aspect-ratio: 2514\/1504;width:638px;height:auto\" data-srcset=\"https:\/\/www.meslibellules.fr\/blog\/wp-content\/uploads\/Amphicnemis-cf.-dactylostyla-male-4.webp 2514w, https:\/\/www.meslibellules.fr\/blog\/wp-content\/uploads\/Amphicnemis-cf.-dactylostyla-male-4-768x459.webp 768w, https:\/\/www.meslibellules.fr\/blog\/wp-content\/uploads\/Amphicnemis-cf.-dactylostyla-male-4-1536x919.webp 1536w, https:\/\/www.meslibellules.fr\/blog\/wp-content\/uploads\/Amphicnemis-cf.-dactylostyla-male-4-2048x1225.webp 2048w\" data-sizes=\"(max-width: 2514px) 100vw, 2514px\" src=\"data:image\/svg+xml;base64,PHN2ZyB3aWR0aD0iMSIgaGVpZ2h0PSIxIiB4bWxucz0iaHR0cDovL3d3dy53My5vcmcvMjAwMC9zdmciPjwvc3ZnPg==\" \/><\/a><figcaption class=\"wp-element-caption\">Amphicnemis cf. dactylostyla m\u00e2le, Sarawak, UNIMAS Campus, 25\/03\/2025<\/figcaption><\/figure>\n\n\n\n<p>Sa distribution n&rsquo;est \u00e9videmment pas connue avec pr\u00e9cision, il est certainement end\u00e9mique de Born\u00e9o, peut-\u00eatre m\u00eame du Sarawak.<br>Je suppose que cette femelle, trouv\u00e9e parmi ces m\u00e2les, est de la m\u00eame esp\u00e8ce ; les pt\u00e9rostigmas sont nettement plus ternes, comme c&rsquo;est souvent le cas pour les femelles de tous genres.<\/p>\n\n\n\n<figure class=\"wp-block-image aligncenter size-full is-resized\"><a href=\"https:\/\/www.meslibellules.fr\/blog\/wp-content\/uploads\/Amphicnemis-dactylostyla-femelle-1.webp\"><img decoding=\"async\" width=\"2537\" height=\"1504\" data-src=\"https:\/\/www.meslibellules.fr\/blog\/wp-content\/uploads\/Amphicnemis-dactylostyla-femelle-1.webp\" alt=\"Amphicnemis cf. dactylostyla femelle, Sarawak, UNIMAS Campus, 25\/03\/2025\" class=\"wp-image-26301 lazyload\" style=\"--smush-placeholder-width: 2537px; --smush-placeholder-aspect-ratio: 2537\/1504;width:639px;height:auto\" data-srcset=\"https:\/\/www.meslibellules.fr\/blog\/wp-content\/uploads\/Amphicnemis-dactylostyla-femelle-1.webp 2537w, https:\/\/www.meslibellules.fr\/blog\/wp-content\/uploads\/Amphicnemis-dactylostyla-femelle-1-768x455.webp 768w, https:\/\/www.meslibellules.fr\/blog\/wp-content\/uploads\/Amphicnemis-dactylostyla-femelle-1-1536x911.webp 1536w, https:\/\/www.meslibellules.fr\/blog\/wp-content\/uploads\/Amphicnemis-dactylostyla-femelle-1-2048x1214.webp 2048w\" data-sizes=\"(max-width: 2537px) 100vw, 2537px\" src=\"data:image\/svg+xml;base64,PHN2ZyB3aWR0aD0iMSIgaGVpZ2h0PSIxIiB4bWxucz0iaHR0cDovL3d3dy53My5vcmcvMjAwMC9zdmciPjwvc3ZnPg==\" \/><\/a><figcaption class=\"wp-element-caption\">Amphicnemis cf. dactylostyla femelle, Sarawak, UNIMAS Campus, 25\/03\/2025<\/figcaption><\/figure>\n\n\n\n<div style=\"height:46px\" aria-hidden=\"true\" class=\"wp-block-spacer\"><\/div>\n\n\n\n<div class=\"wp-block-media-text has-media-on-the-right is-stacked-on-mobile\"><div class=\"wp-block-media-text__content\">\n<p><strong>\u00c9tymologie<\/strong><br><strong>Amphicnemis<\/strong>&nbsp;(Selys, 1863) :&nbsp;<em>Amphi-<\/em>&nbsp;du grec&nbsp;<em>\u1f00\u03bc\u03c6\u03af<\/em>&nbsp;qui signifie&nbsp;<em>des deux c\u00f4t\u00e9s<\/em>&nbsp;et de&nbsp;<em>cnemis<\/em>&nbsp;qui signifie jambe ou tibia et a \u00e9t\u00e9 utilis\u00e9 pour cr\u00e9er de nombreux genres depuis les Platycnemis, genres qui n\u2019ont plus rien de particulier pour la largeur de leur tibia, mais ont des points communs de nervation.<br>Robin Ngiam &amp; Marcus Ng (3) proposent l\u2019explication suivante concernant&nbsp;<em>amphi<\/em>&nbsp;: Selys a cr\u00e9\u00e9 le genre Amphicnemis pour y placer A. wallacii qu\u2019il trouvait ressemblant avec Amphilestes macrocephala (maintenant&nbsp;<a href=\"https:\/\/www.meslibellules.fr\/voyages\/malaisie\/rhinagrion-macrocephalum\/rhinagrion-macrocephalum\/rhinagrion-macrocephalum-male-1big.jpg\">Rhinagrion macrocephalum<\/a>). Cette esp\u00e8ce pr\u00e9sente des points noirs&nbsp;<em>des deux c\u00f4t\u00e9s<\/em>&nbsp;du thorax. J\u2019ai bien du mal \u00e0 accepter cette version, ayant rencontr\u00e9 R. macrocephalum\u2026 mais je n\u2019ai pas d\u2019autre explication.<br><\/p>\n<\/div><figure class=\"wp-block-media-text__media\"><a href=\"https:\/\/www.meslibellules.fr\/blog\/wp-content\/uploads\/Amphicnemis-cf.-dactylostyla-male-3.webp\"><img decoding=\"async\" width=\"1517\" height=\"1204\" data-src=\"https:\/\/www.meslibellules.fr\/blog\/wp-content\/uploads\/Amphicnemis-cf.-dactylostyla-male-3.webp\" alt=\"Amphicnemis cf. dactylostyla m\u00e2le, Sarawak, UNIMAS Campus, 25\/03\/2025\" class=\"wp-image-26297 size-full lazyload\" data-srcset=\"https:\/\/www.meslibellules.fr\/blog\/wp-content\/uploads\/Amphicnemis-cf.-dactylostyla-male-3.webp 1517w, https:\/\/www.meslibellules.fr\/blog\/wp-content\/uploads\/Amphicnemis-cf.-dactylostyla-male-3-768x610.webp 768w\" data-sizes=\"(max-width: 1517px) 100vw, 1517px\" src=\"data:image\/svg+xml;base64,PHN2ZyB3aWR0aD0iMSIgaGVpZ2h0PSIxIiB4bWxucz0iaHR0cDovL3d3dy53My5vcmcvMjAwMC9zdmciPjwvc3ZnPg==\" style=\"--smush-placeholder-width: 1517px; --smush-placeholder-aspect-ratio: 1517\/1204;\" \/><\/a><\/figure><\/div>\n\n\n\n<p><strong>Dactylostyla<\/strong> du grec <em>daktulos<\/em> qui signifie <em>doigt<\/em> et de <em>styla<\/em> du grec <em>sylo<\/em> pour <em>colonne<\/em>, <em>pilier<\/em>, puis du latin <em>stylus<\/em>,qui signifie <em>poin\u00e7on<\/em> sans doute en r\u00e9f\u00e9rence \u00e0 la forme de la branche sup\u00e9rieure des appendices anaux sup\u00e9rieurs.<br><strong>Martini<\/strong> ( Ris, 1911) (4) ; Ris \u00e9crit (en allemand) : \u00a0\u00bb Le conseiller juridique, le Dr Martin, qui r\u00e9side \u00e0 Diessen, au bord du lac d&rsquo;Ammer, a eu la grande amabilit\u00e9 de me confier une collection d&rsquo;odonates qu&rsquo;il avait ramen\u00e9e de Born\u00e9o en 1910. \u00a0\u00bb Ludwig Martin (1858-1924) \u00e9tait un m\u00e9decin allemand qui v\u00e9cut et exer\u00e7a sa profession pendant un certain temps \u00e0 Palu, dans une ile du Sulawesi. Il collectionnait les insectes, principalement les l\u00e9pidopt\u00e8res, dans plusieurs \u00eeles d&rsquo;Indon\u00e9sie (alors colonie n\u00e9erlandaise des Indes orientales).<\/p>\n\n\n\n<div style=\"height:39px\" aria-hidden=\"true\" class=\"wp-block-spacer\"><\/div>\n\n\n\n<p>1- Lieftinck, 1953 &#8211; &nbsp;<a href=\"https:\/\/www.researchgate.net\/publication\/392425581_NEW_DRAGONFLIES_ODONATA_FROM_BORNEO_WITH_NOTES_ON_THEIR_HABITS_AND_LARVAE#fullTextFileContent\">New dragonflies (Odonata) from Borneo, with notes on their habits and larvae<\/a> &#8211; Treubia 22 (2): 381-406. P. 386.<br>2- Dow, 2021 \u2013&nbsp;<a href=\"https:\/\/www.researchgate.net\/profile\/Rory-Dow\/publication\/355475481_AN_ANNOTATED_CHECKLIST_OF_THE_ODONATA_INSECTA_KNOWN_FROM_SARAWAK_WITH_RECORDS_TO_DISTRICT_LEVEL\/links\/61727c9f766c4a211c0d8d6c\/AN-ANNOTATED-CHECKLIST-OF-THE-ODONATA-INSECTA-KNOWN-FROM-SARAWAK-WITH-RECORDS-TO-DISTRICT-LEVEL.pdf\">AN ANNOTATED CHECKLIST OF THE ODONATA (INSECTA) KNOWN FROM SARAWAK WITH RECORDS TO DISTRICT LEVEL<\/a>&nbsp;\u2013 Sarawak Museum Journal \u00b7 January 2021<br>3- Dow &amp; Reels, 2010 &#8211; T<a href=\"https:\/\/www.researchgate.net\/publication\/265167488_The_Odonata_of_three_National_Parks_in_Sarawak#fullTextFileContent\">he Odonata of three National Parks in Sarawak<\/a> &#8211; Agrion 14(1) : 14\u201319.<br>4- Fliedner, 2023 \u2013&nbsp;<a href=\"https:\/\/www.researchgate.net\/publication\/367150062_The_scientific_names_of_Ris'_odonate_taxa#fullTextFileContent\">The scientific names of Ris\u2019 odonate taxa<\/a>, IDF Report.<\/p>\n\n\n\n<div style=\"height:33px\" aria-hidden=\"true\" class=\"wp-block-spacer\"><\/div>\n\n\n\n<div class=\"wp-block-buttons is-vertical is-layout-flex wp-container-core-buttons-is-layout-fe9cc265 wp-block-buttons-is-layout-flex\">\n<div class=\"wp-block-button\"><a class=\"wp-block-button__link wp-element-button\" href=\"https:\/\/www.meslibellules.fr\/blog\/odonates-du-sarawak\/\">Accueil Sarawak<\/a><\/div>\n\n\n\n<div class=\"wp-block-button\"><a class=\"wp-block-button__link wp-element-button\" href=\"https:\/\/www.meslibellules.fr\/pagesweb\/divers\/liste-generale-odonates-du-site\/asia-odonates.php\">Listes des Odonates d&rsquo;Asie<\/a><\/div>\n\n\n\n<div class=\"wp-block-button\"><a class=\"wp-block-button__link wp-element-button\" href=\"https:\/\/www.meslibellules.fr\/pagesweb\/divers\/liste-generale-odonates-du-site\/all-odonates.php\">Listes continentales<\/a><\/div>\n<\/div>\n","protected":false},"excerpt":{"rendered":"<p>Amphicnemis cf. dactylostyla est un Coenagrionidae, non encore d\u00e9crit, proche bien s\u00fbr de son cousin A. dactylostyla d\u00e9crit par Lieftinck, 1953 (1). Il fait partie d&rsquo;un genre tr\u00e8s difficile qui compte, pour l&rsquo;instant, 22 esp\u00e8ces en Asie et 12 \u00e0 Born\u00e9o.Ils sont pour certains tr\u00e8s ressemblants et ne peuvent \u00eatre s\u00e9par\u00e9s que la pr\u00e9sence d&rsquo;une [&hellip;]<\/p>\n","protected":false},"author":1,"featured_media":0,"comment_status":"open","ping_status":"open","sticky":false,"template":"","format":"image","meta":{"site-sidebar-layout":"default","site-content-layout":"","ast-site-content-layout":"default","site-content-style":"default","site-sidebar-style":"default","ast-global-header-display":"","ast-banner-title-visibility":"","ast-main-header-display":"","ast-hfb-above-header-display":"","ast-hfb-below-header-display":"","ast-hfb-mobile-header-display":"","site-post-title":"","ast-breadcrumbs-content":"","ast-featured-img":"","footer-sml-layout":"","ast-disable-related-posts":"","theme-transparent-header-meta":"","adv-header-id-meta":"","stick-header-meta":"","header-above-stick-meta":"","header-main-stick-meta":"","header-below-stick-meta":"","astra-migrate-meta-layouts":"set","ast-page-background-enabled":"default","ast-page-background-meta":{"desktop":{"background-color":"var(--ast-global-color-4)","background-image":"","background-repeat":"repeat","background-position":"center center","background-size":"auto","background-attachment":"scroll","background-type":"","background-media":"","overlay-type":"","overlay-color":"","overlay-opacity":"","overlay-gradient":""},"tablet":{"background-color":"","background-image":"","background-repeat":"repeat","background-position":"center center","background-size":"auto","background-attachment":"scroll","background-type":"","background-media":"","overlay-type":"","overlay-color":"","overlay-opacity":"","overlay-gradient":""},"mobile":{"background-color":"","background-image":"","background-repeat":"repeat","background-position":"center center","background-size":"auto","background-attachment":"scroll","background-type":"","background-media":"","overlay-type":"","overlay-color":"","overlay-opacity":"","overlay-gradient":""}},"ast-content-background-meta":{"desktop":{"background-color":"var(--ast-global-color-5)","background-image":"","background-repeat":"repeat","background-position":"center center","background-size":"auto","background-attachment":"scroll","background-type":"","background-media":"","overlay-type":"","overlay-color":"","overlay-opacity":"","overlay-gradient":""},"tablet":{"background-color":"var(--ast-global-color-5)","background-image":"","background-repeat":"repeat","background-position":"center center","background-size":"auto","background-attachment":"scroll","background-type":"","background-media":"","overlay-type":"","overlay-color":"","overlay-opacity":"","overlay-gradient":""},"mobile":{"background-color":"var(--ast-global-color-5)","background-image":"","background-repeat":"repeat","background-position":"center center","background-size":"auto","background-attachment":"scroll","background-type":"","background-media":"","overlay-type":"","overlay-color":"","overlay-opacity":"","overlay-gradient":""}},"footnotes":""},"categories":[38596,38598],"tags":[38599,38638],"class_list":["post-26303","post","type-post","status-publish","format-image","hentry","category-borneo-sarawak","category-coenagrionidae-borneo-sarawak","tag-borneo-sarawak","tag-coenagrionidae-sarawak-2","post_format-post-format-image"],"yoast_head":"<!-- This site is optimized with the Yoast SEO plugin v27.5 - https:\/\/yoast.com\/product\/yoast-seo-wordpress\/ -->\n<title>Amphicnemis cf. dactylostyla - Mes Libellules<\/title>\n<meta name=\"description\" content=\"Amphicnemis cf. dactylostyla m\u00e2le et femelle au Sarawak, description, identification, taille, habitat, distribution g\u00e9ographique, \u00e9tymologie\" \/>\n<meta name=\"robots\" content=\"index, follow, max-snippet:-1, max-image-preview:large, max-video-preview:-1\" \/>\n<link rel=\"canonical\" href=\"https:\/\/www.meslibellules.fr\/blog\/2025\/10\/03\/amphicnemis-cf-dactylostyla\/\" \/>\n<meta property=\"og:locale\" content=\"fr_FR\" \/>\n<meta property=\"og:type\" content=\"article\" \/>\n<meta property=\"og:title\" content=\"Amphicnemis cf. dactylostyla - Mes Libellules\" \/>\n<meta property=\"og:description\" content=\"Amphicnemis cf. dactylostyla m\u00e2le et femelle au Sarawak, description, identification, taille, habitat, distribution g\u00e9ographique, \u00e9tymologie\" \/>\n<meta property=\"og:url\" content=\"https:\/\/www.meslibellules.fr\/blog\/2025\/10\/03\/amphicnemis-cf-dactylostyla\/\" \/>\n<meta property=\"og:site_name\" content=\"Mes Libellules\" \/>\n<meta property=\"article:publisher\" content=\"https:\/\/www.facebook.com\/benoit.guillon.96\/\" \/>\n<meta property=\"article:author\" content=\"https:\/\/www.facebook.com\/benoit.guillon.96\/\" \/>\n<meta property=\"article:published_time\" content=\"2025-10-03T19:09:30+00:00\" \/>\n<meta property=\"article:modified_time\" content=\"2025-10-20T05:47:58+00:00\" \/>\n<meta property=\"og:image\" content=\"https:\/\/www.meslibellules.fr\/blog\/wp-content\/uploads\/Amphicnemis-dactylostyla-male-1.webp\" \/>\n\t<meta property=\"og:image:width\" content=\"2551\" \/>\n\t<meta property=\"og:image:height\" content=\"1504\" \/>\n\t<meta property=\"og:image:type\" content=\"image\/webp\" \/>\n<meta name=\"author\" content=\"Beno\u00eet Guillon\" \/>\n<meta name=\"twitter:card\" content=\"summary_large_image\" \/>\n<meta name=\"twitter:label1\" content=\"\u00c9crit par\" \/>\n\t<meta name=\"twitter:data1\" content=\"Beno\u00eet Guillon\" \/>\n\t<meta name=\"twitter:label2\" content=\"Dur\u00e9e de lecture estim\u00e9e\" \/>\n\t<meta name=\"twitter:data2\" content=\"6 minutes\" \/>\n<script type=\"application\/ld+json\" class=\"yoast-schema-graph\">{\"@context\":\"https:\\\/\\\/schema.org\",\"@graph\":[{\"@type\":\"Article\",\"@id\":\"https:\\\/\\\/www.meslibellules.fr\\\/blog\\\/2025\\\/10\\\/03\\\/amphicnemis-cf-dactylostyla\\\/#article\",\"isPartOf\":{\"@id\":\"https:\\\/\\\/www.meslibellules.fr\\\/blog\\\/2025\\\/10\\\/03\\\/amphicnemis-cf-dactylostyla\\\/\"},\"author\":{\"name\":\"Beno\u00eet Guillon\",\"@id\":\"https:\\\/\\\/www.meslibellules.fr\\\/blog\\\/#\\\/schema\\\/person\\\/9aa3586f9dd053fcf329f43b8b053c77\"},\"headline\":\"Born\u00e9o, Sarawak &#8211; Amphicnemis cf. dactylostyla\",\"datePublished\":\"2025-10-03T19:09:30+00:00\",\"dateModified\":\"2025-10-20T05:47:58+00:00\",\"mainEntityOfPage\":{\"@id\":\"https:\\\/\\\/www.meslibellules.fr\\\/blog\\\/2025\\\/10\\\/03\\\/amphicnemis-cf-dactylostyla\\\/\"},\"wordCount\":844,\"commentCount\":0,\"publisher\":{\"@id\":\"https:\\\/\\\/www.meslibellules.fr\\\/blog\\\/#\\\/schema\\\/person\\\/9aa3586f9dd053fcf329f43b8b053c77\"},\"image\":{\"@id\":\"https:\\\/\\\/www.meslibellules.fr\\\/blog\\\/2025\\\/10\\\/03\\\/amphicnemis-cf-dactylostyla\\\/#primaryimage\"},\"thumbnailUrl\":\"https:\\\/\\\/www.meslibellules.fr\\\/blog\\\/wp-content\\\/uploads\\\/Amphicnemis-dactylostyla-male-1.webp\",\"keywords\":[\"Born\u00e9o - Sarawak\",\"Coenagrionidae - Sarawak\"],\"articleSection\":[\"Born\u00e9o -Sarawak\",\"Coenagrionidae\"],\"inLanguage\":\"fr-FR\",\"potentialAction\":[{\"@type\":\"CommentAction\",\"name\":\"Comment\",\"target\":[\"https:\\\/\\\/www.meslibellules.fr\\\/blog\\\/2025\\\/10\\\/03\\\/amphicnemis-cf-dactylostyla\\\/#respond\"]}]},{\"@type\":\"WebPage\",\"@id\":\"https:\\\/\\\/www.meslibellules.fr\\\/blog\\\/2025\\\/10\\\/03\\\/amphicnemis-cf-dactylostyla\\\/\",\"url\":\"https:\\\/\\\/www.meslibellules.fr\\\/blog\\\/2025\\\/10\\\/03\\\/amphicnemis-cf-dactylostyla\\\/\",\"name\":\"Amphicnemis cf. dactylostyla - Mes Libellules\",\"isPartOf\":{\"@id\":\"https:\\\/\\\/www.meslibellules.fr\\\/blog\\\/#website\"},\"primaryImageOfPage\":{\"@id\":\"https:\\\/\\\/www.meslibellules.fr\\\/blog\\\/2025\\\/10\\\/03\\\/amphicnemis-cf-dactylostyla\\\/#primaryimage\"},\"image\":{\"@id\":\"https:\\\/\\\/www.meslibellules.fr\\\/blog\\\/2025\\\/10\\\/03\\\/amphicnemis-cf-dactylostyla\\\/#primaryimage\"},\"thumbnailUrl\":\"https:\\\/\\\/www.meslibellules.fr\\\/blog\\\/wp-content\\\/uploads\\\/Amphicnemis-dactylostyla-male-1.webp\",\"datePublished\":\"2025-10-03T19:09:30+00:00\",\"dateModified\":\"2025-10-20T05:47:58+00:00\",\"description\":\"Amphicnemis cf. dactylostyla m\u00e2le et femelle au Sarawak, description, identification, taille, habitat, distribution g\u00e9ographique, \u00e9tymologie\",\"breadcrumb\":{\"@id\":\"https:\\\/\\\/www.meslibellules.fr\\\/blog\\\/2025\\\/10\\\/03\\\/amphicnemis-cf-dactylostyla\\\/#breadcrumb\"},\"inLanguage\":\"fr-FR\",\"potentialAction\":[{\"@type\":\"ReadAction\",\"target\":[\"https:\\\/\\\/www.meslibellules.fr\\\/blog\\\/2025\\\/10\\\/03\\\/amphicnemis-cf-dactylostyla\\\/\"]}]},{\"@type\":\"ImageObject\",\"inLanguage\":\"fr-FR\",\"@id\":\"https:\\\/\\\/www.meslibellules.fr\\\/blog\\\/2025\\\/10\\\/03\\\/amphicnemis-cf-dactylostyla\\\/#primaryimage\",\"url\":\"https:\\\/\\\/www.meslibellules.fr\\\/blog\\\/wp-content\\\/uploads\\\/Amphicnemis-dactylostyla-male-1.webp\",\"contentUrl\":\"https:\\\/\\\/www.meslibellules.fr\\\/blog\\\/wp-content\\\/uploads\\\/Amphicnemis-dactylostyla-male-1.webp\"},{\"@type\":\"BreadcrumbList\",\"@id\":\"https:\\\/\\\/www.meslibellules.fr\\\/blog\\\/2025\\\/10\\\/03\\\/amphicnemis-cf-dactylostyla\\\/#breadcrumb\",\"itemListElement\":[{\"@type\":\"ListItem\",\"position\":1,\"name\":\"Accueil\",\"item\":\"https:\\\/\\\/www.meslibellules.fr\\\/blog\\\/\"},{\"@type\":\"ListItem\",\"position\":2,\"name\":\"Born\u00e9o, Sarawak &#8211; Amphicnemis cf. dactylostyla\"}]},{\"@type\":\"WebSite\",\"@id\":\"https:\\\/\\\/www.meslibellules.fr\\\/blog\\\/#website\",\"url\":\"https:\\\/\\\/www.meslibellules.fr\\\/blog\\\/\",\"name\":\"Mes Libellules\",\"description\":\"Pr\u00e9sentation des libellules rencontr\u00e9es dans le monde\",\"publisher\":{\"@id\":\"https:\\\/\\\/www.meslibellules.fr\\\/blog\\\/#\\\/schema\\\/person\\\/9aa3586f9dd053fcf329f43b8b053c77\"},\"potentialAction\":[{\"@type\":\"SearchAction\",\"target\":{\"@type\":\"EntryPoint\",\"urlTemplate\":\"https:\\\/\\\/www.meslibellules.fr\\\/blog\\\/?s={search_term_string}\"},\"query-input\":{\"@type\":\"PropertyValueSpecification\",\"valueRequired\":true,\"valueName\":\"search_term_string\"}}],\"inLanguage\":\"fr-FR\"},{\"@type\":[\"Person\",\"Organization\"],\"@id\":\"https:\\\/\\\/www.meslibellules.fr\\\/blog\\\/#\\\/schema\\\/person\\\/9aa3586f9dd053fcf329f43b8b053c77\",\"name\":\"Beno\u00eet Guillon\",\"image\":{\"@type\":\"ImageObject\",\"inLanguage\":\"fr-FR\",\"@id\":\"https:\\\/\\\/www.meslibellules.fr\\\/blog\\\/wp-content\\\/uploads\\\/cropped-avatar-150-pix.jpg\",\"url\":\"https:\\\/\\\/www.meslibellules.fr\\\/blog\\\/wp-content\\\/uploads\\\/cropped-avatar-150-pix.jpg\",\"contentUrl\":\"https:\\\/\\\/www.meslibellules.fr\\\/blog\\\/wp-content\\\/uploads\\\/cropped-avatar-150-pix.jpg\",\"width\":150,\"height\":137,\"caption\":\"Beno\u00eet Guillon\"},\"logo\":{\"@id\":\"https:\\\/\\\/www.meslibellules.fr\\\/blog\\\/wp-content\\\/uploads\\\/cropped-avatar-150-pix.jpg\"},\"sameAs\":[\"https:\\\/\\\/www.facebook.com\\\/benoit.guillon.96\\\/\"]}]}<\/script>\n<!-- \/ Yoast SEO plugin. -->","yoast_head_json":{"title":"Amphicnemis cf. dactylostyla - Mes Libellules","description":"Amphicnemis cf. dactylostyla m\u00e2le et femelle au Sarawak, description, identification, taille, habitat, distribution g\u00e9ographique, \u00e9tymologie","robots":{"index":"index","follow":"follow","max-snippet":"max-snippet:-1","max-image-preview":"max-image-preview:large","max-video-preview":"max-video-preview:-1"},"canonical":"https:\/\/www.meslibellules.fr\/blog\/2025\/10\/03\/amphicnemis-cf-dactylostyla\/","og_locale":"fr_FR","og_type":"article","og_title":"Amphicnemis cf. dactylostyla - Mes Libellules","og_description":"Amphicnemis cf. dactylostyla m\u00e2le et femelle au Sarawak, description, identification, taille, habitat, distribution g\u00e9ographique, \u00e9tymologie","og_url":"https:\/\/www.meslibellules.fr\/blog\/2025\/10\/03\/amphicnemis-cf-dactylostyla\/","og_site_name":"Mes Libellules","article_publisher":"https:\/\/www.facebook.com\/benoit.guillon.96\/","article_author":"https:\/\/www.facebook.com\/benoit.guillon.96\/","article_published_time":"2025-10-03T19:09:30+00:00","article_modified_time":"2025-10-20T05:47:58+00:00","og_image":[{"width":2551,"height":1504,"url":"https:\/\/www.meslibellules.fr\/blog\/wp-content\/uploads\/Amphicnemis-dactylostyla-male-1.webp","type":"image\/webp"}],"author":"Beno\u00eet Guillon","twitter_card":"summary_large_image","twitter_misc":{"\u00c9crit par":"Beno\u00eet Guillon","Dur\u00e9e de lecture estim\u00e9e":"6 minutes"},"schema":{"@context":"https:\/\/schema.org","@graph":[{"@type":"Article","@id":"https:\/\/www.meslibellules.fr\/blog\/2025\/10\/03\/amphicnemis-cf-dactylostyla\/#article","isPartOf":{"@id":"https:\/\/www.meslibellules.fr\/blog\/2025\/10\/03\/amphicnemis-cf-dactylostyla\/"},"author":{"name":"Beno\u00eet Guillon","@id":"https:\/\/www.meslibellules.fr\/blog\/#\/schema\/person\/9aa3586f9dd053fcf329f43b8b053c77"},"headline":"Born\u00e9o, Sarawak &#8211; Amphicnemis cf. dactylostyla","datePublished":"2025-10-03T19:09:30+00:00","dateModified":"2025-10-20T05:47:58+00:00","mainEntityOfPage":{"@id":"https:\/\/www.meslibellules.fr\/blog\/2025\/10\/03\/amphicnemis-cf-dactylostyla\/"},"wordCount":844,"commentCount":0,"publisher":{"@id":"https:\/\/www.meslibellules.fr\/blog\/#\/schema\/person\/9aa3586f9dd053fcf329f43b8b053c77"},"image":{"@id":"https:\/\/www.meslibellules.fr\/blog\/2025\/10\/03\/amphicnemis-cf-dactylostyla\/#primaryimage"},"thumbnailUrl":"https:\/\/www.meslibellules.fr\/blog\/wp-content\/uploads\/Amphicnemis-dactylostyla-male-1.webp","keywords":["Born\u00e9o - Sarawak","Coenagrionidae - Sarawak"],"articleSection":["Born\u00e9o -Sarawak","Coenagrionidae"],"inLanguage":"fr-FR","potentialAction":[{"@type":"CommentAction","name":"Comment","target":["https:\/\/www.meslibellules.fr\/blog\/2025\/10\/03\/amphicnemis-cf-dactylostyla\/#respond"]}]},{"@type":"WebPage","@id":"https:\/\/www.meslibellules.fr\/blog\/2025\/10\/03\/amphicnemis-cf-dactylostyla\/","url":"https:\/\/www.meslibellules.fr\/blog\/2025\/10\/03\/amphicnemis-cf-dactylostyla\/","name":"Amphicnemis cf. dactylostyla - Mes Libellules","isPartOf":{"@id":"https:\/\/www.meslibellules.fr\/blog\/#website"},"primaryImageOfPage":{"@id":"https:\/\/www.meslibellules.fr\/blog\/2025\/10\/03\/amphicnemis-cf-dactylostyla\/#primaryimage"},"image":{"@id":"https:\/\/www.meslibellules.fr\/blog\/2025\/10\/03\/amphicnemis-cf-dactylostyla\/#primaryimage"},"thumbnailUrl":"https:\/\/www.meslibellules.fr\/blog\/wp-content\/uploads\/Amphicnemis-dactylostyla-male-1.webp","datePublished":"2025-10-03T19:09:30+00:00","dateModified":"2025-10-20T05:47:58+00:00","description":"Amphicnemis cf. dactylostyla m\u00e2le et femelle au Sarawak, description, identification, taille, habitat, distribution g\u00e9ographique, \u00e9tymologie","breadcrumb":{"@id":"https:\/\/www.meslibellules.fr\/blog\/2025\/10\/03\/amphicnemis-cf-dactylostyla\/#breadcrumb"},"inLanguage":"fr-FR","potentialAction":[{"@type":"ReadAction","target":["https:\/\/www.meslibellules.fr\/blog\/2025\/10\/03\/amphicnemis-cf-dactylostyla\/"]}]},{"@type":"ImageObject","inLanguage":"fr-FR","@id":"https:\/\/www.meslibellules.fr\/blog\/2025\/10\/03\/amphicnemis-cf-dactylostyla\/#primaryimage","url":"https:\/\/www.meslibellules.fr\/blog\/wp-content\/uploads\/Amphicnemis-dactylostyla-male-1.webp","contentUrl":"https:\/\/www.meslibellules.fr\/blog\/wp-content\/uploads\/Amphicnemis-dactylostyla-male-1.webp"},{"@type":"BreadcrumbList","@id":"https:\/\/www.meslibellules.fr\/blog\/2025\/10\/03\/amphicnemis-cf-dactylostyla\/#breadcrumb","itemListElement":[{"@type":"ListItem","position":1,"name":"Accueil","item":"https:\/\/www.meslibellules.fr\/blog\/"},{"@type":"ListItem","position":2,"name":"Born\u00e9o, Sarawak &#8211; Amphicnemis cf. dactylostyla"}]},{"@type":"WebSite","@id":"https:\/\/www.meslibellules.fr\/blog\/#website","url":"https:\/\/www.meslibellules.fr\/blog\/","name":"Mes Libellules","description":"Pr\u00e9sentation des libellules rencontr\u00e9es dans le monde","publisher":{"@id":"https:\/\/www.meslibellules.fr\/blog\/#\/schema\/person\/9aa3586f9dd053fcf329f43b8b053c77"},"potentialAction":[{"@type":"SearchAction","target":{"@type":"EntryPoint","urlTemplate":"https:\/\/www.meslibellules.fr\/blog\/?s={search_term_string}"},"query-input":{"@type":"PropertyValueSpecification","valueRequired":true,"valueName":"search_term_string"}}],"inLanguage":"fr-FR"},{"@type":["Person","Organization"],"@id":"https:\/\/www.meslibellules.fr\/blog\/#\/schema\/person\/9aa3586f9dd053fcf329f43b8b053c77","name":"Beno\u00eet Guillon","image":{"@type":"ImageObject","inLanguage":"fr-FR","@id":"https:\/\/www.meslibellules.fr\/blog\/wp-content\/uploads\/cropped-avatar-150-pix.jpg","url":"https:\/\/www.meslibellules.fr\/blog\/wp-content\/uploads\/cropped-avatar-150-pix.jpg","contentUrl":"https:\/\/www.meslibellules.fr\/blog\/wp-content\/uploads\/cropped-avatar-150-pix.jpg","width":150,"height":137,"caption":"Beno\u00eet Guillon"},"logo":{"@id":"https:\/\/www.meslibellules.fr\/blog\/wp-content\/uploads\/cropped-avatar-150-pix.jpg"},"sameAs":["https:\/\/www.facebook.com\/benoit.guillon.96\/"]}]}},"_links":{"self":[{"href":"https:\/\/www.meslibellules.fr\/blog\/wp-json\/wp\/v2\/posts\/26303","targetHints":{"allow":["GET"]}}],"collection":[{"href":"https:\/\/www.meslibellules.fr\/blog\/wp-json\/wp\/v2\/posts"}],"about":[{"href":"https:\/\/www.meslibellules.fr\/blog\/wp-json\/wp\/v2\/types\/post"}],"author":[{"embeddable":true,"href":"https:\/\/www.meslibellules.fr\/blog\/wp-json\/wp\/v2\/users\/1"}],"replies":[{"embeddable":true,"href":"https:\/\/www.meslibellules.fr\/blog\/wp-json\/wp\/v2\/comments?post=26303"}],"version-history":[{"count":16,"href":"https:\/\/www.meslibellules.fr\/blog\/wp-json\/wp\/v2\/posts\/26303\/revisions"}],"predecessor-version":[{"id":26368,"href":"https:\/\/www.meslibellules.fr\/blog\/wp-json\/wp\/v2\/posts\/26303\/revisions\/26368"}],"wp:attachment":[{"href":"https:\/\/www.meslibellules.fr\/blog\/wp-json\/wp\/v2\/media?parent=26303"}],"wp:term":[{"taxonomy":"category","embeddable":true,"href":"https:\/\/www.meslibellules.fr\/blog\/wp-json\/wp\/v2\/categories?post=26303"},{"taxonomy":"post_tag","embeddable":true,"href":"https:\/\/www.meslibellules.fr\/blog\/wp-json\/wp\/v2\/tags?post=26303"}],"curies":[{"name":"wp","href":"https:\/\/api.w.org\/{rel}","templated":true}]}}