{"id":26338,"date":"2025-10-14T12:14:12","date_gmt":"2025-10-14T10:14:12","guid":{"rendered":"https:\/\/www.meslibellules.fr\/blog\/?p=26338"},"modified":"2025-10-14T19:03:52","modified_gmt":"2025-10-14T17:03:52","slug":"libellago-hyalina","status":"publish","type":"post","link":"https:\/\/www.meslibellules.fr\/blog\/2025\/10\/14\/libellago-hyalina\/","title":{"rendered":"Born\u00e9o, Sarawak &#8211; Libellago hyalina (Selys, 1859)"},"content":{"rendered":"\n<figure class=\"wp-block-image aligncenter size-full is-resized\"><a href=\"https:\/\/www.meslibellules.fr\/blog\/wp-content\/uploads\/Libellago-hyalina-male-1.webp\"><img decoding=\"async\" width=\"2010\" height=\"1504\" data-src=\"https:\/\/www.meslibellules.fr\/blog\/wp-content\/uploads\/Libellago-hyalina-male-1.webp\" alt=\"Libellago hyalina m\u00e2le, Born\u00e9o, Lorong Matang Jaya, 19\/03\/2025\" class=\"wp-image-26334 lazyload\" style=\"--smush-placeholder-width: 2010px; --smush-placeholder-aspect-ratio: 2010\/1504;width:600px;height:auto\" data-srcset=\"https:\/\/www.meslibellules.fr\/blog\/wp-content\/uploads\/Libellago-hyalina-male-1.webp 2010w, https:\/\/www.meslibellules.fr\/blog\/wp-content\/uploads\/Libellago-hyalina-male-1-768x575.webp 768w, https:\/\/www.meslibellules.fr\/blog\/wp-content\/uploads\/Libellago-hyalina-male-1-1536x1149.webp 1536w\" data-sizes=\"(max-width: 2010px) 100vw, 2010px\" src=\"data:image\/svg+xml;base64,PHN2ZyB3aWR0aD0iMSIgaGVpZ2h0PSIxIiB4bWxucz0iaHR0cDovL3d3dy53My5vcmcvMjAwMC9zdmciPjwvc3ZnPg==\" \/><\/a><figcaption class=\"wp-element-caption\">Libellago hyalina m\u00e2le, Born\u00e9o, Lorong Matang Jaya, 19\/03\/2025<\/figcaption><\/figure>\n\n\n\n<p>Je n&rsquo;ai pas eu plus de chance qu&rsquo;en <a href=\"https:\/\/www.meslibellules.fr\/voyages\/malaisie\/libellago-hyalina\/libellago-hyalina.php\">Malaisie<\/a> pour photographier le tout petit Libellago hyalina ; nous avons pu en observer plusieurs le long d&rsquo;un tr\u00e8s profond foss\u00e9, <a href=\"https:\/\/www.meslibellules.fr\/blog\/wp-content\/uploads\/19-03-25-11-h-55-Lorong-Matang-Jaya-9b.webp\">au bord d&rsquo;une route<\/a> tr\u00e8s fr\u00e9quent\u00e9e pr\u00e8s de Kuching mais il a \u00e9t\u00e9 impossible de vraiment les approcher. La pente \u00e9tait trop forte et ils se sont montr\u00e9s tr\u00e8s timides, reculant d\u00e8s que l&rsquo;on parvenait \u00e0 2 m\u00e8tres.<br>J&rsquo;avais cru voir de vieux sujets en Malaisie, j&rsquo;avais trouv\u00e9 la couleur de l&rsquo;abdomen assez terne et je pensais les voir plus lumineux dans leur jeunesse.<\/p>\n\n\n\n<figure class=\"wp-block-image aligncenter size-full is-resized\"><a href=\"https:\/\/www.meslibellules.fr\/blog\/wp-content\/uploads\/Libellago-hyalina-male-2.webp\"><img decoding=\"async\" width=\"1468\" height=\"1204\" data-src=\"https:\/\/www.meslibellules.fr\/blog\/wp-content\/uploads\/Libellago-hyalina-male-2.webp\" alt=\"Libellago hyalina m\u00e2le, Born\u00e9o, Lorong Matang Jaya, 19\/03\/2025\" class=\"wp-image-26335 lazyload\" style=\"--smush-placeholder-width: 1468px; --smush-placeholder-aspect-ratio: 1468\/1204;width:549px;height:auto\" data-srcset=\"https:\/\/www.meslibellules.fr\/blog\/wp-content\/uploads\/Libellago-hyalina-male-2.webp 1468w, https:\/\/www.meslibellules.fr\/blog\/wp-content\/uploads\/Libellago-hyalina-male-2-768x630.webp 768w\" data-sizes=\"(max-width: 1468px) 100vw, 1468px\" src=\"data:image\/svg+xml;base64,PHN2ZyB3aWR0aD0iMSIgaGVpZ2h0PSIxIiB4bWxucz0iaHR0cDovL3d3dy53My5vcmcvMjAwMC9zdmciPjwvc3ZnPg==\" \/><\/a><figcaption class=\"wp-element-caption\">Libellago hyalina m\u00e2le, Born\u00e9o, Lorong Matang Jaya, 19\/03\/2025<\/figcaption><\/figure>\n\n\n\n<p>Mais non, ils ont le thorax tr\u00e8s sombre, presque noir, avec des reflets vert profond et un abdomen rouge violac\u00e9, une teinte  particuli\u00e8re et peu commune. Selys, qui l&rsquo;a d\u00e9crit sous le nom de <em>Micromerus hyalinus<\/em>, un genre aujourd&rsquo;hui disparu, voyait m\u00eame cet abdomen noir (sujet terni en collection) et parlait de l&rsquo;ensemble du corps <em>noir viol\u00e2tre<\/em>.<br>On remarque bien s\u00fbr ses ailes hyalines, ce qui est assez peu commun parmi les Chlorocyphidae.<\/p>\n\n\n\n<figure class=\"wp-block-image aligncenter size-full is-resized\"><a href=\"https:\/\/www.meslibellules.fr\/blog\/wp-content\/uploads\/Libellago-hyalina-male-3.webp\"><img decoding=\"async\" width=\"1890\" height=\"1204\" data-src=\"https:\/\/www.meslibellules.fr\/blog\/wp-content\/uploads\/Libellago-hyalina-male-3.webp\" alt=\"Clearwing gem male, Borneo, Lorong Matang Jaya 9b, 19\/03\/2025\" class=\"wp-image-26336 lazyload\" style=\"--smush-placeholder-width: 1890px; --smush-placeholder-aspect-ratio: 1890\/1204;width:667px;height:auto\" data-srcset=\"https:\/\/www.meslibellules.fr\/blog\/wp-content\/uploads\/Libellago-hyalina-male-3.webp 1890w, https:\/\/www.meslibellules.fr\/blog\/wp-content\/uploads\/Libellago-hyalina-male-3-768x489.webp 768w, https:\/\/www.meslibellules.fr\/blog\/wp-content\/uploads\/Libellago-hyalina-male-3-1536x978.webp 1536w\" data-sizes=\"(max-width: 1890px) 100vw, 1890px\" src=\"data:image\/svg+xml;base64,PHN2ZyB3aWR0aD0iMSIgaGVpZ2h0PSIxIiB4bWxucz0iaHR0cDovL3d3dy53My5vcmcvMjAwMC9zdmciPjwvc3ZnPg==\" \/><\/a><figcaption class=\"wp-element-caption\">Libellago hyalina m\u00e2le, Born\u00e9o, Lorong Matang Jaya, 19\/03\/2025<\/figcaption><\/figure>\n\n\n\n<p>Que ce soit \u00e0 Born\u00e9o ou ailleurs, son identification ne pose pas de probl\u00e8me si on additionne <em>ailes hyalines et abdomen violac\u00e9<\/em>.<br>Sa longueur totale n&rsquo;est que de 20 \u00e0 22 mm \u00e0 Singapour (2).<br><br>Lors de notre prospection en pirogue, avec Rory Dow, dans le Parc National de Maludam, <a href=\"https:\/\/www.meslibellules.fr\/blog\/wp-content\/uploads\/29-03-2025-Maludan-N.P.webp\">en pirogue<\/a>, nous avons eu la chance de contacter plusieurs femelles, mais la qualit\u00e9 des photos est al\u00e9atoire depuis une petite embarcation en mouvement&#8230;<br> Elles sont certainement jeunes, comme le montrent leurs yeux clairs et leurs pt\u00e9rostigmas blancs, mais l&rsquo;aile est toujours hyaline.<\/p>\n\n\n\n<figure class=\"wp-block-gallery aligncenter has-nested-images columns-default is-cropped wp-block-gallery-1 is-layout-flex wp-block-gallery-is-layout-flex\">\n<figure class=\"wp-block-image size-full\"><a href=\"https:\/\/www.meslibellules.fr\/blog\/wp-content\/uploads\/Libellago-hyalina-femelle-1.webp\"><img decoding=\"async\" width=\"1780\" height=\"1204\" data-id=\"26331\" data-src=\"https:\/\/www.meslibellules.fr\/blog\/wp-content\/uploads\/Libellago-hyalina-femelle-1.webp\" alt=\"Libellago hyalina femelle, Born\u00e9o, Taman Negara Maludam, 28\/03\/2025\" class=\"wp-image-26331 lazyload\" data-srcset=\"https:\/\/www.meslibellules.fr\/blog\/wp-content\/uploads\/Libellago-hyalina-femelle-1.webp 1780w, https:\/\/www.meslibellules.fr\/blog\/wp-content\/uploads\/Libellago-hyalina-femelle-1-768x519.webp 768w, https:\/\/www.meslibellules.fr\/blog\/wp-content\/uploads\/Libellago-hyalina-femelle-1-1536x1039.webp 1536w\" data-sizes=\"(max-width: 1780px) 100vw, 1780px\" src=\"data:image\/svg+xml;base64,PHN2ZyB3aWR0aD0iMSIgaGVpZ2h0PSIxIiB4bWxucz0iaHR0cDovL3d3dy53My5vcmcvMjAwMC9zdmciPjwvc3ZnPg==\" style=\"--smush-placeholder-width: 1780px; --smush-placeholder-aspect-ratio: 1780\/1204;\" \/><\/a><\/figure>\n\n\n\n<figure class=\"wp-block-image size-full\"><a href=\"https:\/\/www.meslibellules.fr\/blog\/wp-content\/uploads\/Libellago-hyalina-femelle-3.webp\"><img decoding=\"async\" width=\"1464\" height=\"1045\" data-id=\"26333\" data-src=\"https:\/\/www.meslibellules.fr\/blog\/wp-content\/uploads\/Libellago-hyalina-femelle-3.webp\" alt=\"Clearwing gem female, Borneo, Lorong Matang Jaya, 03\/19\/2025\" class=\"wp-image-26333 lazyload\" data-srcset=\"https:\/\/www.meslibellules.fr\/blog\/wp-content\/uploads\/Libellago-hyalina-femelle-3.webp 1464w, https:\/\/www.meslibellules.fr\/blog\/wp-content\/uploads\/Libellago-hyalina-femelle-3-768x548.webp 768w\" data-sizes=\"(max-width: 1464px) 100vw, 1464px\" src=\"data:image\/svg+xml;base64,PHN2ZyB3aWR0aD0iMSIgaGVpZ2h0PSIxIiB4bWxucz0iaHR0cDovL3d3dy53My5vcmcvMjAwMC9zdmciPjwvc3ZnPg==\" style=\"--smush-placeholder-width: 1464px; --smush-placeholder-aspect-ratio: 1464\/1045;\" \/><\/a><\/figure>\n<figcaption class=\"blocks-gallery-caption wp-element-caption\">Libellago hyalina femelle, Born\u00e9o, Taman Negara Maludam, 28\/03\/2025<\/figcaption><\/figure>\n\n\n\n<p>Le Clearwing gem, comme le nomme les anglosaxons  se plait en for\u00eat mar\u00e9cageuse ou sur des cours d&rsquo;eau lents en for\u00eat ; nous ne l&rsquo;avons toutefois rencontr\u00e9 qu&rsquo;en limite de ces zones, l\u00e0 o\u00f9 le soleil les atteint.<br><br>Sa distribution g\u00e9ographique s&rsquo;\u00e9tend du sud du Vietnam et du Cambodge, au sud de la Tha\u00eflande et \u00e0 travers la P\u00e9ninsule Malaise et Singapour jusqu&rsquo;\u00e0 Sumatra et Born\u00e9o. <br><a href=\"https:\/\/www.iucnredlist.org\/species\/167498\/6357861#geographic-range\">IUCN Red List<\/a>.<br><br>Les deux femelles ci-dessous, surprises en pleine conversation, ont l&rsquo;air vraiment \u00e9tonn\u00e9es de rencontrer des touristes dans cette zone. L&rsquo;esp\u00e8ce est bavarde et nous avons \u00e9galement rencontr\u00e9 <a href=\"https:\/\/www.meslibellules.fr\/blog\/wp-content\/uploads\/Elattoneura-aurantiaca-male-Libellago-hyalina-7.webp\">un m\u00e2le en conversation<\/a> avec un m\u00e2le Elattoneura aurantiaca !<\/p>\n\n\n\n<figure class=\"wp-block-image aligncenter is-resized\"><a href=\"https:\/\/www.meslibellules.fr\/blog\/wp-content\/uploads\/Libellago-hyalina-femelle-2.webp\"><img decoding=\"async\" width=\"1711\" height=\"1504\" data-src=\"https:\/\/www.meslibellules.fr\/blog\/wp-content\/uploads\/Libellago-hyalina-femelle-2.webp\" alt=\"Libellago hyalina femelle, Born\u00e9o, Taman Negara Maludam, 28\/03\/2025\" class=\"wp-image-26332 lazyload\" style=\"--smush-placeholder-width: 1711px; --smush-placeholder-aspect-ratio: 1711\/1504;width:497px;height:auto\" data-srcset=\"https:\/\/www.meslibellules.fr\/blog\/wp-content\/uploads\/Libellago-hyalina-femelle-2.webp 1711w, https:\/\/www.meslibellules.fr\/blog\/wp-content\/uploads\/Libellago-hyalina-femelle-2-768x675.webp 768w, https:\/\/www.meslibellules.fr\/blog\/wp-content\/uploads\/Libellago-hyalina-femelle-2-1536x1350.webp 1536w\" data-sizes=\"(max-width: 1711px) 100vw, 1711px\" src=\"data:image\/svg+xml;base64,PHN2ZyB3aWR0aD0iMSIgaGVpZ2h0PSIxIiB4bWxucz0iaHR0cDovL3d3dy53My5vcmcvMjAwMC9zdmciPjwvc3ZnPg==\" \/><\/a><\/figure>\n\n\n\n<p><strong>\u00c9tymologie<\/strong><br><strong>Libellago<\/strong>&nbsp;; le genre a \u00e9t\u00e9 cr\u00e9\u00e9 par Selys en 1840 et on pense qu\u2019il est form\u00e9 du latin&nbsp;<em>libellula<\/em>&nbsp;pour libellule et du suffixe&nbsp;<em>ago<\/em>, sans doute par imitation de la construction du terme&nbsp;<a href=\"https:\/\/www.cnrtl.fr\/etymologie\/virago\">virago, qui, en latin, signifie<\/a>&nbsp;\u00ab&nbsp;femme forte et courageuse comme un homme&nbsp;\u00bb et donc \u00e9ventuellement h\u00e9ro\u00efne (<em>vir<\/em>&nbsp;pour<em>&nbsp;homme<\/em>&nbsp;et&nbsp;<em>ago<\/em>&nbsp;=&nbsp;<em>?<\/em>&nbsp;\u00ab&nbsp;.&nbsp;Le suffixe -ago, ne semble pourtant pas avoir de signification qui expliquerait la construction des tr\u00e8s rares mots fran\u00e7ais qui l\u2019utilisent. C\u2019est l\u2019explication d\u00e9fendue tr\u00e8s succinctement par Ngiam et Ng (4).<br>Et j\u2019ai pass\u00e9 de longues heures \u00e0 essayer de confirmer cette hypoth\u00e8se ; et finalement, Selys, dans l\u2019Appendix de sa \u00ab&nbsp;<em>Monographie des libellulid\u00e9es d\u2019Europe<\/em>&nbsp;\u00bb (5) et plus pr\u00e9cis\u00e9ment dans sa \u00ab&nbsp;<em>Note sur le triangle disco\u00efdal des Libellulid\u00e9es<\/em>&nbsp;\u00bb \u00e9crit \u00e0 propos du genre Libellago :&nbsp;\u00ab\u00a0<em>Ce genre, tr\u00e8s-distinct sous tous les rapports, rappelle certaines Libellules. On peut, \u00e0 la rigueur, y d\u00e9couvrir un triangle disco\u00efdal, mais il ne diff\u00e8re pas, par sa construction, des autres cellules carr\u00e9es<\/em>\u00ab\u00a0. Il faut donc bien comprendre Libellago comme \u00ab&nbsp;ayant des similitudes avec les Libellules&nbsp;\u00bb sur le plan de la nervation.<br>Plus tard, je me suis aper\u00e7u que cette r\u00e9f\u00e9rence, que j\u2019ai eue tant de mal \u00e0 trouver, est dans&nbsp;<a href=\"https:\/\/fr.wikipedia.org\/wiki\/Libellago?utm_source=chatgpt.com\" target=\"_blank\" rel=\"noreferrer noopener\">Wikipedia<\/a>.<br><strong>Hyalina<\/strong>, du grec ancien <em>hyalinos<\/em>, qui signifie <em>transparent<\/em> (comme du cristal) se rapporte bien s\u00fbr \u00e0 ses ailes d\u00e9pourvues de marques color\u00e9es ; Selys \u00e9crit : \u00ab\u00a0le m\u00e2le est distinct de tous par ses ailes sup\u00e9rieures sans taches\u00a0\u00bb.<\/p>\n\n\n\n<div style=\"height:32px\" aria-hidden=\"true\" class=\"wp-block-spacer\"><\/div>\n\n\n\n<p style=\"font-size:14px\">1- Selys, 1859 \u2013&nbsp;<a href=\"https:\/\/www.biodiversitylibrary.org\/item\/113698#page\/460\/mode\/1up\">Additions au synopsis des Calopterygines<\/a>. Bulletins de l\u2019Acad\u00e9mie royale des sciences, des lettres et<br>des beaux-arts de Belgique. P. 447.<br>2- Robin Ngiam &amp; Marcus Ng &#8211; A photographic guide to the Dragonflies and Damselflies of Singapore &#8211; John Beaufoy Publishing \u2013 2022<\/p>\n\n\n\n<div style=\"height:29px\" aria-hidden=\"true\" class=\"wp-block-spacer\"><\/div>\n\n\n\n<div class=\"wp-block-buttons is-vertical is-layout-flex wp-container-core-buttons-is-layout-fe9cc265 wp-block-buttons-is-layout-flex\">\n<div class=\"wp-block-button\"><a class=\"wp-block-button__link wp-element-button\" href=\"https:\/\/www.meslibellules.fr\/blog\/odonates-du-sarawak\/\">Accueil Sarawak<\/a><\/div>\n\n\n\n<div class=\"wp-block-button\"><a class=\"wp-block-button__link wp-element-button\" href=\"https:\/\/www.meslibellules.fr\/pagesweb\/divers\/liste-generale-odonates-du-site\/asia-odonates.php\">Listes des Odonates d&rsquo;Asie<\/a><\/div>\n\n\n\n<div class=\"wp-block-button\"><a class=\"wp-block-button__link wp-element-button\" href=\"https:\/\/www.meslibellules.fr\/pagesweb\/divers\/liste-generale-odonates-du-site\/all-odonates.php\">Listes continentales<\/a><\/div>\n<\/div>\n","protected":false},"excerpt":{"rendered":"<p>Je n&rsquo;ai pas eu plus de chance qu&rsquo;en Malaisie pour photographier le tout petit Libellago hyalina ; nous avons pu en observer plusieurs le long d&rsquo;un tr\u00e8s profond foss\u00e9, au bord d&rsquo;une route tr\u00e8s fr\u00e9quent\u00e9e pr\u00e8s de Kuching mais il a \u00e9t\u00e9 impossible de vraiment les approcher. La pente \u00e9tait trop forte et ils se [&hellip;]<\/p>\n","protected":false},"author":1,"featured_media":0,"comment_status":"open","ping_status":"open","sticky":false,"template":"","format":"image","meta":{"site-sidebar-layout":"default","site-content-layout":"","ast-site-content-layout":"default","site-content-style":"default","site-sidebar-style":"default","ast-global-header-display":"","ast-banner-title-visibility":"","ast-main-header-display":"","ast-hfb-above-header-display":"","ast-hfb-below-header-display":"","ast-hfb-mobile-header-display":"","site-post-title":"","ast-breadcrumbs-content":"","ast-featured-img":"","footer-sml-layout":"","ast-disable-related-posts":"","theme-transparent-header-meta":"","adv-header-id-meta":"","stick-header-meta":"","header-above-stick-meta":"","header-main-stick-meta":"","header-below-stick-meta":"","astra-migrate-meta-layouts":"set","ast-page-background-enabled":"default","ast-page-background-meta":{"desktop":{"background-color":"var(--ast-global-color-4)","background-image":"","background-repeat":"repeat","background-position":"center center","background-size":"auto","background-attachment":"scroll","background-type":"","background-media":"","overlay-type":"","overlay-color":"","overlay-opacity":"","overlay-gradient":""},"tablet":{"background-color":"","background-image":"","background-repeat":"repeat","background-position":"center center","background-size":"auto","background-attachment":"scroll","background-type":"","background-media":"","overlay-type":"","overlay-color":"","overlay-opacity":"","overlay-gradient":""},"mobile":{"background-color":"","background-image":"","background-repeat":"repeat","background-position":"center center","background-size":"auto","background-attachment":"scroll","background-type":"","background-media":"","overlay-type":"","overlay-color":"","overlay-opacity":"","overlay-gradient":""}},"ast-content-background-meta":{"desktop":{"background-color":"var(--ast-global-color-5)","background-image":"","background-repeat":"repeat","background-position":"center center","background-size":"auto","background-attachment":"scroll","background-type":"","background-media":"","overlay-type":"","overlay-color":"","overlay-opacity":"","overlay-gradient":""},"tablet":{"background-color":"var(--ast-global-color-5)","background-image":"","background-repeat":"repeat","background-position":"center center","background-size":"auto","background-attachment":"scroll","background-type":"","background-media":"","overlay-type":"","overlay-color":"","overlay-opacity":"","overlay-gradient":""},"mobile":{"background-color":"var(--ast-global-color-5)","background-image":"","background-repeat":"repeat","background-position":"center center","background-size":"auto","background-attachment":"scroll","background-type":"","background-media":"","overlay-type":"","overlay-color":"","overlay-opacity":"","overlay-gradient":""}},"footnotes":""},"categories":[38596,38619],"tags":[38599],"class_list":["post-26338","post","type-post","status-publish","format-image","hentry","category-borneo-sarawak","category-chlorocyphidae-borneo-sarawak","tag-borneo-sarawak","post_format-post-format-image"],"yoast_head":"<!-- This site is optimized with the Yoast SEO plugin v27.5 - https:\/\/yoast.com\/product\/yoast-seo-wordpress\/ -->\n<title>Libellago hyalina - Mes Libellules<\/title>\n<meta name=\"description\" content=\"Libellago hyalina m\u00e2les et femelles au Sarawak, description, identification, taille, habitat, distribution g\u00e9ographique, \u00e9tymologie\" \/>\n<meta name=\"robots\" content=\"index, follow, max-snippet:-1, max-image-preview:large, max-video-preview:-1\" \/>\n<link rel=\"canonical\" href=\"https:\/\/www.meslibellules.fr\/blog\/2025\/10\/14\/libellago-hyalina\/\" \/>\n<meta property=\"og:locale\" content=\"fr_FR\" \/>\n<meta property=\"og:type\" content=\"article\" \/>\n<meta property=\"og:title\" content=\"Libellago hyalina - Mes Libellules\" \/>\n<meta property=\"og:description\" content=\"Libellago hyalina m\u00e2les et femelles au Sarawak, description, identification, taille, habitat, distribution g\u00e9ographique, \u00e9tymologie\" \/>\n<meta property=\"og:url\" content=\"https:\/\/www.meslibellules.fr\/blog\/2025\/10\/14\/libellago-hyalina\/\" \/>\n<meta property=\"og:site_name\" content=\"Mes Libellules\" \/>\n<meta property=\"article:publisher\" content=\"https:\/\/www.facebook.com\/benoit.guillon.96\/\" \/>\n<meta property=\"article:author\" content=\"https:\/\/www.facebook.com\/benoit.guillon.96\/\" \/>\n<meta property=\"article:published_time\" content=\"2025-10-14T10:14:12+00:00\" \/>\n<meta property=\"article:modified_time\" content=\"2025-10-14T17:03:52+00:00\" \/>\n<meta property=\"og:image\" content=\"https:\/\/www.meslibellules.fr\/blog\/wp-content\/uploads\/Libellago-hyalina-male-1.webp\" \/>\n\t<meta property=\"og:image:width\" content=\"2010\" \/>\n\t<meta property=\"og:image:height\" content=\"1504\" \/>\n\t<meta property=\"og:image:type\" content=\"image\/webp\" \/>\n<meta name=\"author\" content=\"Beno\u00eet Guillon\" \/>\n<meta name=\"twitter:card\" content=\"summary_large_image\" \/>\n<meta name=\"twitter:label1\" content=\"\u00c9crit par\" \/>\n\t<meta name=\"twitter:data1\" content=\"Beno\u00eet Guillon\" \/>\n\t<meta name=\"twitter:label2\" content=\"Dur\u00e9e de lecture estim\u00e9e\" \/>\n\t<meta name=\"twitter:data2\" content=\"5 minutes\" \/>\n<script type=\"application\/ld+json\" class=\"yoast-schema-graph\">{\"@context\":\"https:\\\/\\\/schema.org\",\"@graph\":[{\"@type\":\"Article\",\"@id\":\"https:\\\/\\\/www.meslibellules.fr\\\/blog\\\/2025\\\/10\\\/14\\\/libellago-hyalina\\\/#article\",\"isPartOf\":{\"@id\":\"https:\\\/\\\/www.meslibellules.fr\\\/blog\\\/2025\\\/10\\\/14\\\/libellago-hyalina\\\/\"},\"author\":{\"name\":\"Beno\u00eet Guillon\",\"@id\":\"https:\\\/\\\/www.meslibellules.fr\\\/blog\\\/#\\\/schema\\\/person\\\/9aa3586f9dd053fcf329f43b8b053c77\"},\"headline\":\"Born\u00e9o, Sarawak &#8211; Libellago hyalina (Selys, 1859)\",\"datePublished\":\"2025-10-14T10:14:12+00:00\",\"dateModified\":\"2025-10-14T17:03:52+00:00\",\"mainEntityOfPage\":{\"@id\":\"https:\\\/\\\/www.meslibellules.fr\\\/blog\\\/2025\\\/10\\\/14\\\/libellago-hyalina\\\/\"},\"wordCount\":774,\"commentCount\":0,\"publisher\":{\"@id\":\"https:\\\/\\\/www.meslibellules.fr\\\/blog\\\/#\\\/schema\\\/person\\\/9aa3586f9dd053fcf329f43b8b053c77\"},\"image\":{\"@id\":\"https:\\\/\\\/www.meslibellules.fr\\\/blog\\\/2025\\\/10\\\/14\\\/libellago-hyalina\\\/#primaryimage\"},\"thumbnailUrl\":\"https:\\\/\\\/www.meslibellules.fr\\\/blog\\\/wp-content\\\/uploads\\\/Libellago-hyalina-male-1.webp\",\"keywords\":[\"Born\u00e9o - Sarawak\"],\"articleSection\":[\"Born\u00e9o -Sarawak\",\"Chlorocyphidae\"],\"inLanguage\":\"fr-FR\",\"potentialAction\":[{\"@type\":\"CommentAction\",\"name\":\"Comment\",\"target\":[\"https:\\\/\\\/www.meslibellules.fr\\\/blog\\\/2025\\\/10\\\/14\\\/libellago-hyalina\\\/#respond\"]}]},{\"@type\":\"WebPage\",\"@id\":\"https:\\\/\\\/www.meslibellules.fr\\\/blog\\\/2025\\\/10\\\/14\\\/libellago-hyalina\\\/\",\"url\":\"https:\\\/\\\/www.meslibellules.fr\\\/blog\\\/2025\\\/10\\\/14\\\/libellago-hyalina\\\/\",\"name\":\"Libellago hyalina - Mes Libellules\",\"isPartOf\":{\"@id\":\"https:\\\/\\\/www.meslibellules.fr\\\/blog\\\/#website\"},\"primaryImageOfPage\":{\"@id\":\"https:\\\/\\\/www.meslibellules.fr\\\/blog\\\/2025\\\/10\\\/14\\\/libellago-hyalina\\\/#primaryimage\"},\"image\":{\"@id\":\"https:\\\/\\\/www.meslibellules.fr\\\/blog\\\/2025\\\/10\\\/14\\\/libellago-hyalina\\\/#primaryimage\"},\"thumbnailUrl\":\"https:\\\/\\\/www.meslibellules.fr\\\/blog\\\/wp-content\\\/uploads\\\/Libellago-hyalina-male-1.webp\",\"datePublished\":\"2025-10-14T10:14:12+00:00\",\"dateModified\":\"2025-10-14T17:03:52+00:00\",\"description\":\"Libellago hyalina m\u00e2les et femelles au Sarawak, description, identification, taille, habitat, distribution g\u00e9ographique, \u00e9tymologie\",\"breadcrumb\":{\"@id\":\"https:\\\/\\\/www.meslibellules.fr\\\/blog\\\/2025\\\/10\\\/14\\\/libellago-hyalina\\\/#breadcrumb\"},\"inLanguage\":\"fr-FR\",\"potentialAction\":[{\"@type\":\"ReadAction\",\"target\":[\"https:\\\/\\\/www.meslibellules.fr\\\/blog\\\/2025\\\/10\\\/14\\\/libellago-hyalina\\\/\"]}]},{\"@type\":\"ImageObject\",\"inLanguage\":\"fr-FR\",\"@id\":\"https:\\\/\\\/www.meslibellules.fr\\\/blog\\\/2025\\\/10\\\/14\\\/libellago-hyalina\\\/#primaryimage\",\"url\":\"https:\\\/\\\/www.meslibellules.fr\\\/blog\\\/wp-content\\\/uploads\\\/Libellago-hyalina-male-1.webp\",\"contentUrl\":\"https:\\\/\\\/www.meslibellules.fr\\\/blog\\\/wp-content\\\/uploads\\\/Libellago-hyalina-male-1.webp\"},{\"@type\":\"BreadcrumbList\",\"@id\":\"https:\\\/\\\/www.meslibellules.fr\\\/blog\\\/2025\\\/10\\\/14\\\/libellago-hyalina\\\/#breadcrumb\",\"itemListElement\":[{\"@type\":\"ListItem\",\"position\":1,\"name\":\"Accueil\",\"item\":\"https:\\\/\\\/www.meslibellules.fr\\\/blog\\\/\"},{\"@type\":\"ListItem\",\"position\":2,\"name\":\"Born\u00e9o, Sarawak &#8211; Libellago hyalina (Selys, 1859)\"}]},{\"@type\":\"WebSite\",\"@id\":\"https:\\\/\\\/www.meslibellules.fr\\\/blog\\\/#website\",\"url\":\"https:\\\/\\\/www.meslibellules.fr\\\/blog\\\/\",\"name\":\"Mes Libellules\",\"description\":\"Pr\u00e9sentation des libellules rencontr\u00e9es dans le monde\",\"publisher\":{\"@id\":\"https:\\\/\\\/www.meslibellules.fr\\\/blog\\\/#\\\/schema\\\/person\\\/9aa3586f9dd053fcf329f43b8b053c77\"},\"potentialAction\":[{\"@type\":\"SearchAction\",\"target\":{\"@type\":\"EntryPoint\",\"urlTemplate\":\"https:\\\/\\\/www.meslibellules.fr\\\/blog\\\/?s={search_term_string}\"},\"query-input\":{\"@type\":\"PropertyValueSpecification\",\"valueRequired\":true,\"valueName\":\"search_term_string\"}}],\"inLanguage\":\"fr-FR\"},{\"@type\":[\"Person\",\"Organization\"],\"@id\":\"https:\\\/\\\/www.meslibellules.fr\\\/blog\\\/#\\\/schema\\\/person\\\/9aa3586f9dd053fcf329f43b8b053c77\",\"name\":\"Beno\u00eet Guillon\",\"image\":{\"@type\":\"ImageObject\",\"inLanguage\":\"fr-FR\",\"@id\":\"https:\\\/\\\/www.meslibellules.fr\\\/blog\\\/wp-content\\\/uploads\\\/cropped-avatar-150-pix.jpg\",\"url\":\"https:\\\/\\\/www.meslibellules.fr\\\/blog\\\/wp-content\\\/uploads\\\/cropped-avatar-150-pix.jpg\",\"contentUrl\":\"https:\\\/\\\/www.meslibellules.fr\\\/blog\\\/wp-content\\\/uploads\\\/cropped-avatar-150-pix.jpg\",\"width\":150,\"height\":137,\"caption\":\"Beno\u00eet Guillon\"},\"logo\":{\"@id\":\"https:\\\/\\\/www.meslibellules.fr\\\/blog\\\/wp-content\\\/uploads\\\/cropped-avatar-150-pix.jpg\"},\"sameAs\":[\"https:\\\/\\\/www.facebook.com\\\/benoit.guillon.96\\\/\"]}]}<\/script>\n<!-- \/ Yoast SEO plugin. -->","yoast_head_json":{"title":"Libellago hyalina - Mes Libellules","description":"Libellago hyalina m\u00e2les et femelles au Sarawak, description, identification, taille, habitat, distribution g\u00e9ographique, \u00e9tymologie","robots":{"index":"index","follow":"follow","max-snippet":"max-snippet:-1","max-image-preview":"max-image-preview:large","max-video-preview":"max-video-preview:-1"},"canonical":"https:\/\/www.meslibellules.fr\/blog\/2025\/10\/14\/libellago-hyalina\/","og_locale":"fr_FR","og_type":"article","og_title":"Libellago hyalina - Mes Libellules","og_description":"Libellago hyalina m\u00e2les et femelles au Sarawak, description, identification, taille, habitat, distribution g\u00e9ographique, \u00e9tymologie","og_url":"https:\/\/www.meslibellules.fr\/blog\/2025\/10\/14\/libellago-hyalina\/","og_site_name":"Mes Libellules","article_publisher":"https:\/\/www.facebook.com\/benoit.guillon.96\/","article_author":"https:\/\/www.facebook.com\/benoit.guillon.96\/","article_published_time":"2025-10-14T10:14:12+00:00","article_modified_time":"2025-10-14T17:03:52+00:00","og_image":[{"width":2010,"height":1504,"url":"https:\/\/www.meslibellules.fr\/blog\/wp-content\/uploads\/Libellago-hyalina-male-1.webp","type":"image\/webp"}],"author":"Beno\u00eet Guillon","twitter_card":"summary_large_image","twitter_misc":{"\u00c9crit par":"Beno\u00eet Guillon","Dur\u00e9e de lecture estim\u00e9e":"5 minutes"},"schema":{"@context":"https:\/\/schema.org","@graph":[{"@type":"Article","@id":"https:\/\/www.meslibellules.fr\/blog\/2025\/10\/14\/libellago-hyalina\/#article","isPartOf":{"@id":"https:\/\/www.meslibellules.fr\/blog\/2025\/10\/14\/libellago-hyalina\/"},"author":{"name":"Beno\u00eet Guillon","@id":"https:\/\/www.meslibellules.fr\/blog\/#\/schema\/person\/9aa3586f9dd053fcf329f43b8b053c77"},"headline":"Born\u00e9o, Sarawak &#8211; Libellago hyalina (Selys, 1859)","datePublished":"2025-10-14T10:14:12+00:00","dateModified":"2025-10-14T17:03:52+00:00","mainEntityOfPage":{"@id":"https:\/\/www.meslibellules.fr\/blog\/2025\/10\/14\/libellago-hyalina\/"},"wordCount":774,"commentCount":0,"publisher":{"@id":"https:\/\/www.meslibellules.fr\/blog\/#\/schema\/person\/9aa3586f9dd053fcf329f43b8b053c77"},"image":{"@id":"https:\/\/www.meslibellules.fr\/blog\/2025\/10\/14\/libellago-hyalina\/#primaryimage"},"thumbnailUrl":"https:\/\/www.meslibellules.fr\/blog\/wp-content\/uploads\/Libellago-hyalina-male-1.webp","keywords":["Born\u00e9o - Sarawak"],"articleSection":["Born\u00e9o -Sarawak","Chlorocyphidae"],"inLanguage":"fr-FR","potentialAction":[{"@type":"CommentAction","name":"Comment","target":["https:\/\/www.meslibellules.fr\/blog\/2025\/10\/14\/libellago-hyalina\/#respond"]}]},{"@type":"WebPage","@id":"https:\/\/www.meslibellules.fr\/blog\/2025\/10\/14\/libellago-hyalina\/","url":"https:\/\/www.meslibellules.fr\/blog\/2025\/10\/14\/libellago-hyalina\/","name":"Libellago hyalina - Mes Libellules","isPartOf":{"@id":"https:\/\/www.meslibellules.fr\/blog\/#website"},"primaryImageOfPage":{"@id":"https:\/\/www.meslibellules.fr\/blog\/2025\/10\/14\/libellago-hyalina\/#primaryimage"},"image":{"@id":"https:\/\/www.meslibellules.fr\/blog\/2025\/10\/14\/libellago-hyalina\/#primaryimage"},"thumbnailUrl":"https:\/\/www.meslibellules.fr\/blog\/wp-content\/uploads\/Libellago-hyalina-male-1.webp","datePublished":"2025-10-14T10:14:12+00:00","dateModified":"2025-10-14T17:03:52+00:00","description":"Libellago hyalina m\u00e2les et femelles au Sarawak, description, identification, taille, habitat, distribution g\u00e9ographique, \u00e9tymologie","breadcrumb":{"@id":"https:\/\/www.meslibellules.fr\/blog\/2025\/10\/14\/libellago-hyalina\/#breadcrumb"},"inLanguage":"fr-FR","potentialAction":[{"@type":"ReadAction","target":["https:\/\/www.meslibellules.fr\/blog\/2025\/10\/14\/libellago-hyalina\/"]}]},{"@type":"ImageObject","inLanguage":"fr-FR","@id":"https:\/\/www.meslibellules.fr\/blog\/2025\/10\/14\/libellago-hyalina\/#primaryimage","url":"https:\/\/www.meslibellules.fr\/blog\/wp-content\/uploads\/Libellago-hyalina-male-1.webp","contentUrl":"https:\/\/www.meslibellules.fr\/blog\/wp-content\/uploads\/Libellago-hyalina-male-1.webp"},{"@type":"BreadcrumbList","@id":"https:\/\/www.meslibellules.fr\/blog\/2025\/10\/14\/libellago-hyalina\/#breadcrumb","itemListElement":[{"@type":"ListItem","position":1,"name":"Accueil","item":"https:\/\/www.meslibellules.fr\/blog\/"},{"@type":"ListItem","position":2,"name":"Born\u00e9o, Sarawak &#8211; Libellago hyalina (Selys, 1859)"}]},{"@type":"WebSite","@id":"https:\/\/www.meslibellules.fr\/blog\/#website","url":"https:\/\/www.meslibellules.fr\/blog\/","name":"Mes Libellules","description":"Pr\u00e9sentation des libellules rencontr\u00e9es dans le monde","publisher":{"@id":"https:\/\/www.meslibellules.fr\/blog\/#\/schema\/person\/9aa3586f9dd053fcf329f43b8b053c77"},"potentialAction":[{"@type":"SearchAction","target":{"@type":"EntryPoint","urlTemplate":"https:\/\/www.meslibellules.fr\/blog\/?s={search_term_string}"},"query-input":{"@type":"PropertyValueSpecification","valueRequired":true,"valueName":"search_term_string"}}],"inLanguage":"fr-FR"},{"@type":["Person","Organization"],"@id":"https:\/\/www.meslibellules.fr\/blog\/#\/schema\/person\/9aa3586f9dd053fcf329f43b8b053c77","name":"Beno\u00eet Guillon","image":{"@type":"ImageObject","inLanguage":"fr-FR","@id":"https:\/\/www.meslibellules.fr\/blog\/wp-content\/uploads\/cropped-avatar-150-pix.jpg","url":"https:\/\/www.meslibellules.fr\/blog\/wp-content\/uploads\/cropped-avatar-150-pix.jpg","contentUrl":"https:\/\/www.meslibellules.fr\/blog\/wp-content\/uploads\/cropped-avatar-150-pix.jpg","width":150,"height":137,"caption":"Beno\u00eet Guillon"},"logo":{"@id":"https:\/\/www.meslibellules.fr\/blog\/wp-content\/uploads\/cropped-avatar-150-pix.jpg"},"sameAs":["https:\/\/www.facebook.com\/benoit.guillon.96\/"]}]}},"_links":{"self":[{"href":"https:\/\/www.meslibellules.fr\/blog\/wp-json\/wp\/v2\/posts\/26338","targetHints":{"allow":["GET"]}}],"collection":[{"href":"https:\/\/www.meslibellules.fr\/blog\/wp-json\/wp\/v2\/posts"}],"about":[{"href":"https:\/\/www.meslibellules.fr\/blog\/wp-json\/wp\/v2\/types\/post"}],"author":[{"embeddable":true,"href":"https:\/\/www.meslibellules.fr\/blog\/wp-json\/wp\/v2\/users\/1"}],"replies":[{"embeddable":true,"href":"https:\/\/www.meslibellules.fr\/blog\/wp-json\/wp\/v2\/comments?post=26338"}],"version-history":[{"count":11,"href":"https:\/\/www.meslibellules.fr\/blog\/wp-json\/wp\/v2\/posts\/26338\/revisions"}],"predecessor-version":[{"id":26352,"href":"https:\/\/www.meslibellules.fr\/blog\/wp-json\/wp\/v2\/posts\/26338\/revisions\/26352"}],"wp:attachment":[{"href":"https:\/\/www.meslibellules.fr\/blog\/wp-json\/wp\/v2\/media?parent=26338"}],"wp:term":[{"taxonomy":"category","embeddable":true,"href":"https:\/\/www.meslibellules.fr\/blog\/wp-json\/wp\/v2\/categories?post=26338"},{"taxonomy":"post_tag","embeddable":true,"href":"https:\/\/www.meslibellules.fr\/blog\/wp-json\/wp\/v2\/tags?post=26338"}],"curies":[{"name":"wp","href":"https:\/\/api.w.org\/{rel}","templated":true}]}}