{"id":26355,"date":"2025-10-24T19:33:34","date_gmt":"2025-10-24T17:33:34","guid":{"rendered":"https:\/\/www.meslibellules.fr\/blog\/?p=26355"},"modified":"2025-10-24T19:33:36","modified_gmt":"2025-10-24T17:33:36","slug":"elattoneura-longispina","status":"publish","type":"post","link":"https:\/\/www.meslibellules.fr\/blog\/2025\/10\/24\/elattoneura-longispina\/","title":{"rendered":"Born\u00e9o, Sarawak &#8211; \u00ab\u00a0Elattoneura\u00a0\u00bb longispina (Lieftinck, 1937)"},"content":{"rendered":"\n<figure class=\"wp-block-image aligncenter size-full is-resized\"><a href=\"https:\/\/www.meslibellules.fr\/blog\/wp-content\/uploads\/Elattoneura-longispina-male-1.webp\"><img decoding=\"async\" width=\"2372\" height=\"1204\" data-src=\"https:\/\/www.meslibellules.fr\/blog\/wp-content\/uploads\/Elattoneura-longispina-male-1.webp\" alt=\"Elattoneura longispina m\u00e2le, Sarawak, Taman Negara Maludam, 28\/03\/2025\" class=\"wp-image-26353 lazyload\" style=\"--smush-placeholder-width: 2372px; --smush-placeholder-aspect-ratio: 2372\/1204;width:826px;height:auto\" data-srcset=\"https:\/\/www.meslibellules.fr\/blog\/wp-content\/uploads\/Elattoneura-longispina-male-1.webp 2372w, https:\/\/www.meslibellules.fr\/blog\/wp-content\/uploads\/Elattoneura-longispina-male-1-768x390.webp 768w, https:\/\/www.meslibellules.fr\/blog\/wp-content\/uploads\/Elattoneura-longispina-male-1-1536x780.webp 1536w, https:\/\/www.meslibellules.fr\/blog\/wp-content\/uploads\/Elattoneura-longispina-male-1-2048x1040.webp 2048w\" data-sizes=\"(max-width: 2372px) 100vw, 2372px\" src=\"data:image\/svg+xml;base64,PHN2ZyB3aWR0aD0iMSIgaGVpZ2h0PSIxIiB4bWxucz0iaHR0cDovL3d3dy53My5vcmcvMjAwMC9zdmciPjwvc3ZnPg==\" \/><\/a><figcaption class=\"wp-element-caption\">\u00ab\u00a0Elattoneura\u00a0\u00bb longispina m\u00e2le, Sarawak, Taman Negara Maludam, 28\/03\/2025<\/figcaption><\/figure>\n\n\n\n<p>Il est peu de dire que ce Platycnemididae, Elattoneura longispina, est rare. Avant nos photos, il n&rsquo;existait que deux images de Marcel Sylvius, au Kalimantan, sur <a href=\"https:\/\/www.inaturalist.org\/observations?subview=table&amp;taxon_id=561593\">iNaturalist<\/a>. C&rsquo;est d&rsquo;ailleurs le seul sujet que nous rencontrerons.<br>Je connaissais le genre Elattoneura pour avoir contact\u00e9\u00a0<a href=\"https:\/\/www.meslibellules.fr\/blog\/2020\/03\/09\/namibie-elattoneura-glauca-selys-1860\/\">E. glauca<\/a>\u00a0en Namibie ; j\u2019ai donc \u00e9t\u00e9 surpris de rencontrer d\u2019autres membres du genre au Sarawak. Mais, apr\u00e8s tout, Ischnura senegalensis, un autre zygopt\u00e8re, est aussi pr\u00e9sent en Afrique qu\u2019en Asie (et \u00e0 Born\u00e9o). Ceci pour dire que je n\u2019ai pas \u00e9t\u00e9 vraiment \u00e9t\u00e9 \u00e9tonn\u00e9 que Rory Dow (1) place des guillemets autour du nom de genre :\u00a0\u00bb Note that the southeast Asian species currently placed in Elattoneura\u00a0certainly\u00a0do not belong there, but are left there until the issue of their true genus is resolved, so inverted commas are used around the genus name to emphasise this.\u00a0\u00bb.<br><br>C&rsquo;est Rory Dow qui l&rsquo;a trouv\u00e9 alors que nous progressions \u00e0 pied, apr\u00e8s avoir laiss\u00e9 les pirogues, dans la for\u00eat mar\u00e9cageuse et tourbeuse du Parc National Maludam. La for\u00eat n&rsquo;est pas tr\u00e8s dense et il faut choisir son chemin pour progresser, \u00e0 travers la v\u00e9g\u00e9tation, les branches mortes et les trous cach\u00e9es sous l&rsquo;eau noire&#8230; Cela ne me r\u00e9ussira pas, un bain inattendu ruinera mon mat\u00e9riel photo, un quart d&rsquo;heure apr\u00e8s ces photos.<br><br>Il est visuellement extr\u00eamement proche de <a href=\"https:\/\/www.meslibellules.fr\/blog\/2025\/08\/10\/elattoneura-analis\/\" target=\"_blank\" rel=\"noreferrer noopener\">E. analis<\/a> mais s&rsquo;en distingue par diff\u00e9rents d\u00e9tails, entre autres une bande interoculaire incompl\u00e8te, l&rsquo;absence quasi totale de marque (une tr\u00e8s fine ligne au plus) sur la face dorsale du S2, les derniers segments sombres (adultes), alors que la partie apicale de la face dorsale du S9 et le S10 sont clairs pour E. analis.<\/p>\n\n\n\n<figure class=\"wp-block-image aligncenter size-full is-resized\"><a href=\"https:\/\/www.meslibellules.fr\/blog\/wp-content\/uploads\/Elattoneura-longispina-male-2.webp\"><img decoding=\"async\" width=\"2070\" height=\"1204\" data-src=\"https:\/\/www.meslibellules.fr\/blog\/wp-content\/uploads\/Elattoneura-longispina-male-2.webp\" alt=\"Elattoneura longispina m\u00e2le, Sarawak, Taman Negara Maludam, 28\/03\/2025\" class=\"wp-image-26354 lazyload\" style=\"--smush-placeholder-width: 2070px; --smush-placeholder-aspect-ratio: 2070\/1204;width:749px;height:auto\" data-srcset=\"https:\/\/www.meslibellules.fr\/blog\/wp-content\/uploads\/Elattoneura-longispina-male-2.webp 2070w, https:\/\/www.meslibellules.fr\/blog\/wp-content\/uploads\/Elattoneura-longispina-male-2-768x447.webp 768w, https:\/\/www.meslibellules.fr\/blog\/wp-content\/uploads\/Elattoneura-longispina-male-2-1536x893.webp 1536w, https:\/\/www.meslibellules.fr\/blog\/wp-content\/uploads\/Elattoneura-longispina-male-2-2048x1191.webp 2048w\" data-sizes=\"(max-width: 2070px) 100vw, 2070px\" src=\"data:image\/svg+xml;base64,PHN2ZyB3aWR0aD0iMSIgaGVpZ2h0PSIxIiB4bWxucz0iaHR0cDovL3d3dy53My5vcmcvMjAwMC9zdmciPjwvc3ZnPg==\" \/><\/a><figcaption class=\"wp-element-caption\">\u00ab\u00a0Elattoneura\u00a0\u00bb longispina m\u00e2le, Sarawak, Taman Negara Maludam, 28\/03\/2025<\/figcaption><\/figure>\n\n\n\n<p>Lieftinck nous dit que son abdomen, appendices anaux inclus, mesure 28-29 m, il atteint donc environ 34 mm au total.<br><br>Sa distribution est tr\u00e8s localis\u00e9e, \u00e9parpill\u00e9e, en d\u00e9clin sur Born\u00e9o, B\u00e9litung et la Malaisie P\u00e9ninsulaire.<br><a href=\"https:\/\/www.iucnredlist.org\/species\/135436679\/135436732\">IUCN Red List<\/a>.<\/p>\n\n\n\n<div class=\"wp-block-media-text is-stacked-on-mobile\"><figure class=\"wp-block-media-text__media\"><a href=\"https:\/\/www.meslibellules.fr\/blog\/wp-content\/uploads\/Lieftinck-1937-2.webp\"><img decoding=\"async\" width=\"961\" height=\"947\" data-src=\"https:\/\/www.meslibellules.fr\/blog\/wp-content\/uploads\/Lieftinck-1937-2.webp\" alt=\"Ellatoneura longispina appendices anaux vs E. analis - Lieftinck, 1937 (2)\" class=\"wp-image-26359 size-full lazyload\" data-srcset=\"https:\/\/www.meslibellules.fr\/blog\/wp-content\/uploads\/Lieftinck-1937-2.webp 961w, https:\/\/www.meslibellules.fr\/blog\/wp-content\/uploads\/Lieftinck-1937-2-768x757.webp 768w\" data-sizes=\"(max-width: 961px) 100vw, 961px\" src=\"data:image\/svg+xml;base64,PHN2ZyB3aWR0aD0iMSIgaGVpZ2h0PSIxIiB4bWxucz0iaHR0cDovL3d3dy53My5vcmcvMjAwMC9zdmciPjwvc3ZnPg==\" style=\"--smush-placeholder-width: 961px; --smush-placeholder-aspect-ratio: 961\/947;\" \/><\/a><\/figure><div class=\"wp-block-media-text__content\">\n<p><strong>\u00c9tymologie<\/strong><br><strong>Elattoneura\u00a0<\/strong>(3) du grec\u00a0<em>ellaton<\/em>, pour\u00a0<em>plus petit,<\/em>\u00a0et\u00a0<em>neuron<\/em>\u00a0qui en entomologie est traduit par\u00a0<em>nervure dans une aile<\/em>. Ceci en r\u00e9f\u00e9rence \u00e0 la longueur r\u00e9duite d\u2019une nervure qui fait r\u00e9f\u00e9rence dans la syst\u00e9matique des zygopt\u00e8res.<br><strong>Longispina<\/strong>, du latin <em>longus<\/em>, pour <em>long<\/em> et de <em>spina<\/em> qui signifie <em>\u00e9pine<\/em>. Lieftinck n&rsquo;\u00e9voque jamais la pr\u00e9sence d&rsquo;une \u00e9pine ; il ne d\u00e9crit pas les appendices anaux non plus, mais en donne un dessin comparatif, qui montre une forte \u00e9pine bien individualis\u00e9e sur les appendices anaux inf\u00e9rieurs, certainement \u00e0 l&rsquo;origine du nom d&rsquo;esp\u00e8ce.<\/p>\n\n\n\n<p><span style=\"font-size: 10pt;\">Ellatoneura longispina appendices anaux vs E. analis &#8211; Lieftinck, 1937 (2)<\/span><\/p>\n<\/div><\/div>\n\n\n\n<div style=\"height:53px\" aria-hidden=\"true\" class=\"wp-block-spacer\"><\/div>\n\n\n\n<p style=\"font-size:13px\">-1 Dow, Butler, Reels, Steinhoff, Stokvis &amp; Unggang,2019 \u2013\u00a0<a href=\"https:\/\/dragonflyfund.org\/wp-content\/uploads\/2024\/06\/FSSEAPIO_27_Dow_et_al_2019.pdf\">Faunistic Studies in Southeast Asian and Pacific Island Odonata<\/a>\u00a0\u2013 Journal of the International Dragonfly Fund \u2013 No. 27.<br>2- Lieftinck, 1937 \u2013\u00a0<a href=\"https:\/\/www.researchgate.net\/publication\/392420892_DESCRIPTIONS_AND_RECORDS_OF_SOUTHEAST_ASIATIC_ODONATA#fullTextFileContent\">Descriptions and records of South\u2013east Asiatic Odonata<\/a>. Treubia 16: 55\u2013119. P. 86.<br>3- <a href=\"https:\/\/www.researchgate.net\/publication\/327051371_Dragonflies_and_Damselflies_of_Namibia\">Dragonflies and Damselflies of Namibia<\/a>, Frank Suhling &amp; Andreas Martens, Gamsberg Macmillan, 2007<\/p>\n\n\n\n<div style=\"height:30px\" aria-hidden=\"true\" class=\"wp-block-spacer\"><\/div>\n\n\n\n<div class=\"wp-block-buttons is-vertical is-layout-flex wp-container-core-buttons-is-layout-fe9cc265 wp-block-buttons-is-layout-flex\">\n<div class=\"wp-block-button\"><a class=\"wp-block-button__link wp-element-button\" href=\"https:\/\/www.meslibellules.fr\/blog\/odonates-du-sarawak\/\">Accueil Sarawak<\/a><\/div>\n\n\n\n<div class=\"wp-block-button\"><a class=\"wp-block-button__link wp-element-button\" href=\"https:\/\/www.meslibellules.fr\/pagesweb\/divers\/liste-generale-odonates-du-site\/asia-odonates.php\">Listes des Odonates d&rsquo;Asie<\/a><\/div>\n\n\n\n<div class=\"wp-block-button\"><a class=\"wp-block-button__link wp-element-button\" href=\"https:\/\/www.meslibellules.fr\/pagesweb\/divers\/liste-generale-odonates-du-site\/all-odonates.php\">Listes continentales<\/a><\/div>\n<\/div>\n","protected":false},"excerpt":{"rendered":"<p>Il est peu de dire que ce Platycnemididae, Elattoneura longispina, est rare. Avant nos photos, il n&rsquo;existait que deux images de Marcel Sylvius, au Kalimantan, sur iNaturalist. C&rsquo;est d&rsquo;ailleurs le seul sujet que nous rencontrerons.Je connaissais le genre Elattoneura pour avoir contact\u00e9\u00a0E. glauca\u00a0en Namibie ; j\u2019ai donc \u00e9t\u00e9 surpris de rencontrer d\u2019autres membres du genre [&hellip;]<\/p>\n","protected":false},"author":1,"featured_media":0,"comment_status":"open","ping_status":"open","sticky":false,"template":"","format":"image","meta":{"site-sidebar-layout":"default","site-content-layout":"","ast-site-content-layout":"default","site-content-style":"default","site-sidebar-style":"default","ast-global-header-display":"","ast-banner-title-visibility":"","ast-main-header-display":"","ast-hfb-above-header-display":"","ast-hfb-below-header-display":"","ast-hfb-mobile-header-display":"","site-post-title":"","ast-breadcrumbs-content":"","ast-featured-img":"","footer-sml-layout":"","ast-disable-related-posts":"","theme-transparent-header-meta":"","adv-header-id-meta":"","stick-header-meta":"","header-above-stick-meta":"","header-main-stick-meta":"","header-below-stick-meta":"","astra-migrate-meta-layouts":"set","ast-page-background-enabled":"default","ast-page-background-meta":{"desktop":{"background-color":"var(--ast-global-color-4)","background-image":"","background-repeat":"repeat","background-position":"center center","background-size":"auto","background-attachment":"scroll","background-type":"","background-media":"","overlay-type":"","overlay-color":"","overlay-opacity":"","overlay-gradient":""},"tablet":{"background-color":"","background-image":"","background-repeat":"repeat","background-position":"center center","background-size":"auto","background-attachment":"scroll","background-type":"","background-media":"","overlay-type":"","overlay-color":"","overlay-opacity":"","overlay-gradient":""},"mobile":{"background-color":"","background-image":"","background-repeat":"repeat","background-position":"center center","background-size":"auto","background-attachment":"scroll","background-type":"","background-media":"","overlay-type":"","overlay-color":"","overlay-opacity":"","overlay-gradient":""}},"ast-content-background-meta":{"desktop":{"background-color":"var(--ast-global-color-5)","background-image":"","background-repeat":"repeat","background-position":"center center","background-size":"auto","background-attachment":"scroll","background-type":"","background-media":"","overlay-type":"","overlay-color":"","overlay-opacity":"","overlay-gradient":""},"tablet":{"background-color":"var(--ast-global-color-5)","background-image":"","background-repeat":"repeat","background-position":"center center","background-size":"auto","background-attachment":"scroll","background-type":"","background-media":"","overlay-type":"","overlay-color":"","overlay-opacity":"","overlay-gradient":""},"mobile":{"background-color":"var(--ast-global-color-5)","background-image":"","background-repeat":"repeat","background-position":"center center","background-size":"auto","background-attachment":"scroll","background-type":"","background-media":"","overlay-type":"","overlay-color":"","overlay-opacity":"","overlay-gradient":""}},"footnotes":""},"categories":[38596,38597],"tags":[38599,38616],"class_list":["post-26355","post","type-post","status-publish","format-image","hentry","category-borneo-sarawak","category-platycnemididae-borneo-sarawak","tag-borneo-sarawak","tag-platycnemididae-sarawak","post_format-post-format-image"],"yoast_head":"<!-- This site is optimized with the Yoast SEO plugin v27.5 - https:\/\/yoast.com\/product\/yoast-seo-wordpress\/ -->\n<title>Elattoneura longispina - Mes Libellules<\/title>\n<meta name=\"description\" content=\"Elattoneura longispina m\u00e2le au Sarawak, description, identification, taille, habitat, distribution g\u00e9ographique, \u00e9tymologie\" \/>\n<meta name=\"robots\" content=\"index, follow, max-snippet:-1, max-image-preview:large, max-video-preview:-1\" \/>\n<link rel=\"canonical\" href=\"https:\/\/www.meslibellules.fr\/blog\/2025\/10\/24\/elattoneura-longispina\/\" \/>\n<meta property=\"og:locale\" content=\"fr_FR\" \/>\n<meta property=\"og:type\" content=\"article\" \/>\n<meta property=\"og:title\" content=\"Elattoneura longispina - Mes Libellules\" \/>\n<meta property=\"og:description\" content=\"Elattoneura longispina m\u00e2le au Sarawak, description, identification, taille, habitat, distribution g\u00e9ographique, \u00e9tymologie\" \/>\n<meta property=\"og:url\" content=\"https:\/\/www.meslibellules.fr\/blog\/2025\/10\/24\/elattoneura-longispina\/\" \/>\n<meta property=\"og:site_name\" content=\"Mes Libellules\" \/>\n<meta property=\"article:publisher\" content=\"https:\/\/www.facebook.com\/benoit.guillon.96\/\" \/>\n<meta property=\"article:author\" content=\"https:\/\/www.facebook.com\/benoit.guillon.96\/\" \/>\n<meta property=\"article:published_time\" content=\"2025-10-24T17:33:34+00:00\" \/>\n<meta property=\"article:modified_time\" content=\"2025-10-24T17:33:36+00:00\" \/>\n<meta property=\"og:image\" content=\"https:\/\/www.meslibellules.fr\/blog\/wp-content\/uploads\/Elattoneura-longispina-male-1.webp\" \/>\n\t<meta property=\"og:image:width\" content=\"2372\" \/>\n\t<meta property=\"og:image:height\" content=\"1204\" \/>\n\t<meta property=\"og:image:type\" content=\"image\/webp\" \/>\n<meta name=\"author\" content=\"Beno\u00eet Guillon\" \/>\n<meta name=\"twitter:card\" content=\"summary_large_image\" \/>\n<meta name=\"twitter:label1\" content=\"\u00c9crit par\" \/>\n\t<meta name=\"twitter:data1\" content=\"Beno\u00eet Guillon\" \/>\n\t<meta name=\"twitter:label2\" content=\"Dur\u00e9e de lecture estim\u00e9e\" \/>\n\t<meta name=\"twitter:data2\" content=\"7 minutes\" \/>\n<script type=\"application\/ld+json\" class=\"yoast-schema-graph\">{\"@context\":\"https:\\\/\\\/schema.org\",\"@graph\":[{\"@type\":\"Article\",\"@id\":\"https:\\\/\\\/www.meslibellules.fr\\\/blog\\\/2025\\\/10\\\/24\\\/elattoneura-longispina\\\/#article\",\"isPartOf\":{\"@id\":\"https:\\\/\\\/www.meslibellules.fr\\\/blog\\\/2025\\\/10\\\/24\\\/elattoneura-longispina\\\/\"},\"author\":{\"name\":\"Beno\u00eet Guillon\",\"@id\":\"https:\\\/\\\/www.meslibellules.fr\\\/blog\\\/#\\\/schema\\\/person\\\/9aa3586f9dd053fcf329f43b8b053c77\"},\"headline\":\"Born\u00e9o, Sarawak &#8211; \u00ab\u00a0Elattoneura\u00a0\u00bb longispina (Lieftinck, 1937)\",\"datePublished\":\"2025-10-24T17:33:34+00:00\",\"dateModified\":\"2025-10-24T17:33:36+00:00\",\"mainEntityOfPage\":{\"@id\":\"https:\\\/\\\/www.meslibellules.fr\\\/blog\\\/2025\\\/10\\\/24\\\/elattoneura-longispina\\\/\"},\"wordCount\":533,\"commentCount\":0,\"publisher\":{\"@id\":\"https:\\\/\\\/www.meslibellules.fr\\\/blog\\\/#\\\/schema\\\/person\\\/9aa3586f9dd053fcf329f43b8b053c77\"},\"image\":{\"@id\":\"https:\\\/\\\/www.meslibellules.fr\\\/blog\\\/2025\\\/10\\\/24\\\/elattoneura-longispina\\\/#primaryimage\"},\"thumbnailUrl\":\"https:\\\/\\\/www.meslibellules.fr\\\/blog\\\/wp-content\\\/uploads\\\/Elattoneura-longispina-male-1.webp\",\"keywords\":[\"Born\u00e9o - Sarawak\",\"Platycnemididae - Sarawak\"],\"articleSection\":[\"Born\u00e9o -Sarawak\",\"Platycnemididae\"],\"inLanguage\":\"fr-FR\",\"potentialAction\":[{\"@type\":\"CommentAction\",\"name\":\"Comment\",\"target\":[\"https:\\\/\\\/www.meslibellules.fr\\\/blog\\\/2025\\\/10\\\/24\\\/elattoneura-longispina\\\/#respond\"]}]},{\"@type\":\"WebPage\",\"@id\":\"https:\\\/\\\/www.meslibellules.fr\\\/blog\\\/2025\\\/10\\\/24\\\/elattoneura-longispina\\\/\",\"url\":\"https:\\\/\\\/www.meslibellules.fr\\\/blog\\\/2025\\\/10\\\/24\\\/elattoneura-longispina\\\/\",\"name\":\"Elattoneura longispina - Mes Libellules\",\"isPartOf\":{\"@id\":\"https:\\\/\\\/www.meslibellules.fr\\\/blog\\\/#website\"},\"primaryImageOfPage\":{\"@id\":\"https:\\\/\\\/www.meslibellules.fr\\\/blog\\\/2025\\\/10\\\/24\\\/elattoneura-longispina\\\/#primaryimage\"},\"image\":{\"@id\":\"https:\\\/\\\/www.meslibellules.fr\\\/blog\\\/2025\\\/10\\\/24\\\/elattoneura-longispina\\\/#primaryimage\"},\"thumbnailUrl\":\"https:\\\/\\\/www.meslibellules.fr\\\/blog\\\/wp-content\\\/uploads\\\/Elattoneura-longispina-male-1.webp\",\"datePublished\":\"2025-10-24T17:33:34+00:00\",\"dateModified\":\"2025-10-24T17:33:36+00:00\",\"description\":\"Elattoneura longispina m\u00e2le au Sarawak, description, identification, taille, habitat, distribution g\u00e9ographique, \u00e9tymologie\",\"breadcrumb\":{\"@id\":\"https:\\\/\\\/www.meslibellules.fr\\\/blog\\\/2025\\\/10\\\/24\\\/elattoneura-longispina\\\/#breadcrumb\"},\"inLanguage\":\"fr-FR\",\"potentialAction\":[{\"@type\":\"ReadAction\",\"target\":[\"https:\\\/\\\/www.meslibellules.fr\\\/blog\\\/2025\\\/10\\\/24\\\/elattoneura-longispina\\\/\"]}]},{\"@type\":\"ImageObject\",\"inLanguage\":\"fr-FR\",\"@id\":\"https:\\\/\\\/www.meslibellules.fr\\\/blog\\\/2025\\\/10\\\/24\\\/elattoneura-longispina\\\/#primaryimage\",\"url\":\"https:\\\/\\\/www.meslibellules.fr\\\/blog\\\/wp-content\\\/uploads\\\/Elattoneura-longispina-male-1.webp\",\"contentUrl\":\"https:\\\/\\\/www.meslibellules.fr\\\/blog\\\/wp-content\\\/uploads\\\/Elattoneura-longispina-male-1.webp\"},{\"@type\":\"BreadcrumbList\",\"@id\":\"https:\\\/\\\/www.meslibellules.fr\\\/blog\\\/2025\\\/10\\\/24\\\/elattoneura-longispina\\\/#breadcrumb\",\"itemListElement\":[{\"@type\":\"ListItem\",\"position\":1,\"name\":\"Accueil\",\"item\":\"https:\\\/\\\/www.meslibellules.fr\\\/blog\\\/\"},{\"@type\":\"ListItem\",\"position\":2,\"name\":\"Born\u00e9o, Sarawak &#8211; \u00ab\u00a0Elattoneura\u00a0\u00bb longispina (Lieftinck, 1937)\"}]},{\"@type\":\"WebSite\",\"@id\":\"https:\\\/\\\/www.meslibellules.fr\\\/blog\\\/#website\",\"url\":\"https:\\\/\\\/www.meslibellules.fr\\\/blog\\\/\",\"name\":\"Mes Libellules\",\"description\":\"Pr\u00e9sentation des libellules rencontr\u00e9es dans le monde\",\"publisher\":{\"@id\":\"https:\\\/\\\/www.meslibellules.fr\\\/blog\\\/#\\\/schema\\\/person\\\/9aa3586f9dd053fcf329f43b8b053c77\"},\"potentialAction\":[{\"@type\":\"SearchAction\",\"target\":{\"@type\":\"EntryPoint\",\"urlTemplate\":\"https:\\\/\\\/www.meslibellules.fr\\\/blog\\\/?s={search_term_string}\"},\"query-input\":{\"@type\":\"PropertyValueSpecification\",\"valueRequired\":true,\"valueName\":\"search_term_string\"}}],\"inLanguage\":\"fr-FR\"},{\"@type\":[\"Person\",\"Organization\"],\"@id\":\"https:\\\/\\\/www.meslibellules.fr\\\/blog\\\/#\\\/schema\\\/person\\\/9aa3586f9dd053fcf329f43b8b053c77\",\"name\":\"Beno\u00eet Guillon\",\"image\":{\"@type\":\"ImageObject\",\"inLanguage\":\"fr-FR\",\"@id\":\"https:\\\/\\\/www.meslibellules.fr\\\/blog\\\/wp-content\\\/uploads\\\/cropped-avatar-150-pix.jpg\",\"url\":\"https:\\\/\\\/www.meslibellules.fr\\\/blog\\\/wp-content\\\/uploads\\\/cropped-avatar-150-pix.jpg\",\"contentUrl\":\"https:\\\/\\\/www.meslibellules.fr\\\/blog\\\/wp-content\\\/uploads\\\/cropped-avatar-150-pix.jpg\",\"width\":150,\"height\":137,\"caption\":\"Beno\u00eet Guillon\"},\"logo\":{\"@id\":\"https:\\\/\\\/www.meslibellules.fr\\\/blog\\\/wp-content\\\/uploads\\\/cropped-avatar-150-pix.jpg\"},\"sameAs\":[\"https:\\\/\\\/www.facebook.com\\\/benoit.guillon.96\\\/\"]}]}<\/script>\n<!-- \/ Yoast SEO plugin. -->","yoast_head_json":{"title":"Elattoneura longispina - Mes Libellules","description":"Elattoneura longispina m\u00e2le au Sarawak, description, identification, taille, habitat, distribution g\u00e9ographique, \u00e9tymologie","robots":{"index":"index","follow":"follow","max-snippet":"max-snippet:-1","max-image-preview":"max-image-preview:large","max-video-preview":"max-video-preview:-1"},"canonical":"https:\/\/www.meslibellules.fr\/blog\/2025\/10\/24\/elattoneura-longispina\/","og_locale":"fr_FR","og_type":"article","og_title":"Elattoneura longispina - Mes Libellules","og_description":"Elattoneura longispina m\u00e2le au Sarawak, description, identification, taille, habitat, distribution g\u00e9ographique, \u00e9tymologie","og_url":"https:\/\/www.meslibellules.fr\/blog\/2025\/10\/24\/elattoneura-longispina\/","og_site_name":"Mes Libellules","article_publisher":"https:\/\/www.facebook.com\/benoit.guillon.96\/","article_author":"https:\/\/www.facebook.com\/benoit.guillon.96\/","article_published_time":"2025-10-24T17:33:34+00:00","article_modified_time":"2025-10-24T17:33:36+00:00","og_image":[{"width":2372,"height":1204,"url":"https:\/\/www.meslibellules.fr\/blog\/wp-content\/uploads\/Elattoneura-longispina-male-1.webp","type":"image\/webp"}],"author":"Beno\u00eet Guillon","twitter_card":"summary_large_image","twitter_misc":{"\u00c9crit par":"Beno\u00eet Guillon","Dur\u00e9e de lecture estim\u00e9e":"7 minutes"},"schema":{"@context":"https:\/\/schema.org","@graph":[{"@type":"Article","@id":"https:\/\/www.meslibellules.fr\/blog\/2025\/10\/24\/elattoneura-longispina\/#article","isPartOf":{"@id":"https:\/\/www.meslibellules.fr\/blog\/2025\/10\/24\/elattoneura-longispina\/"},"author":{"name":"Beno\u00eet Guillon","@id":"https:\/\/www.meslibellules.fr\/blog\/#\/schema\/person\/9aa3586f9dd053fcf329f43b8b053c77"},"headline":"Born\u00e9o, Sarawak &#8211; \u00ab\u00a0Elattoneura\u00a0\u00bb longispina (Lieftinck, 1937)","datePublished":"2025-10-24T17:33:34+00:00","dateModified":"2025-10-24T17:33:36+00:00","mainEntityOfPage":{"@id":"https:\/\/www.meslibellules.fr\/blog\/2025\/10\/24\/elattoneura-longispina\/"},"wordCount":533,"commentCount":0,"publisher":{"@id":"https:\/\/www.meslibellules.fr\/blog\/#\/schema\/person\/9aa3586f9dd053fcf329f43b8b053c77"},"image":{"@id":"https:\/\/www.meslibellules.fr\/blog\/2025\/10\/24\/elattoneura-longispina\/#primaryimage"},"thumbnailUrl":"https:\/\/www.meslibellules.fr\/blog\/wp-content\/uploads\/Elattoneura-longispina-male-1.webp","keywords":["Born\u00e9o - Sarawak","Platycnemididae - Sarawak"],"articleSection":["Born\u00e9o -Sarawak","Platycnemididae"],"inLanguage":"fr-FR","potentialAction":[{"@type":"CommentAction","name":"Comment","target":["https:\/\/www.meslibellules.fr\/blog\/2025\/10\/24\/elattoneura-longispina\/#respond"]}]},{"@type":"WebPage","@id":"https:\/\/www.meslibellules.fr\/blog\/2025\/10\/24\/elattoneura-longispina\/","url":"https:\/\/www.meslibellules.fr\/blog\/2025\/10\/24\/elattoneura-longispina\/","name":"Elattoneura longispina - Mes Libellules","isPartOf":{"@id":"https:\/\/www.meslibellules.fr\/blog\/#website"},"primaryImageOfPage":{"@id":"https:\/\/www.meslibellules.fr\/blog\/2025\/10\/24\/elattoneura-longispina\/#primaryimage"},"image":{"@id":"https:\/\/www.meslibellules.fr\/blog\/2025\/10\/24\/elattoneura-longispina\/#primaryimage"},"thumbnailUrl":"https:\/\/www.meslibellules.fr\/blog\/wp-content\/uploads\/Elattoneura-longispina-male-1.webp","datePublished":"2025-10-24T17:33:34+00:00","dateModified":"2025-10-24T17:33:36+00:00","description":"Elattoneura longispina m\u00e2le au Sarawak, description, identification, taille, habitat, distribution g\u00e9ographique, \u00e9tymologie","breadcrumb":{"@id":"https:\/\/www.meslibellules.fr\/blog\/2025\/10\/24\/elattoneura-longispina\/#breadcrumb"},"inLanguage":"fr-FR","potentialAction":[{"@type":"ReadAction","target":["https:\/\/www.meslibellules.fr\/blog\/2025\/10\/24\/elattoneura-longispina\/"]}]},{"@type":"ImageObject","inLanguage":"fr-FR","@id":"https:\/\/www.meslibellules.fr\/blog\/2025\/10\/24\/elattoneura-longispina\/#primaryimage","url":"https:\/\/www.meslibellules.fr\/blog\/wp-content\/uploads\/Elattoneura-longispina-male-1.webp","contentUrl":"https:\/\/www.meslibellules.fr\/blog\/wp-content\/uploads\/Elattoneura-longispina-male-1.webp"},{"@type":"BreadcrumbList","@id":"https:\/\/www.meslibellules.fr\/blog\/2025\/10\/24\/elattoneura-longispina\/#breadcrumb","itemListElement":[{"@type":"ListItem","position":1,"name":"Accueil","item":"https:\/\/www.meslibellules.fr\/blog\/"},{"@type":"ListItem","position":2,"name":"Born\u00e9o, Sarawak &#8211; \u00ab\u00a0Elattoneura\u00a0\u00bb longispina (Lieftinck, 1937)"}]},{"@type":"WebSite","@id":"https:\/\/www.meslibellules.fr\/blog\/#website","url":"https:\/\/www.meslibellules.fr\/blog\/","name":"Mes Libellules","description":"Pr\u00e9sentation des libellules rencontr\u00e9es dans le monde","publisher":{"@id":"https:\/\/www.meslibellules.fr\/blog\/#\/schema\/person\/9aa3586f9dd053fcf329f43b8b053c77"},"potentialAction":[{"@type":"SearchAction","target":{"@type":"EntryPoint","urlTemplate":"https:\/\/www.meslibellules.fr\/blog\/?s={search_term_string}"},"query-input":{"@type":"PropertyValueSpecification","valueRequired":true,"valueName":"search_term_string"}}],"inLanguage":"fr-FR"},{"@type":["Person","Organization"],"@id":"https:\/\/www.meslibellules.fr\/blog\/#\/schema\/person\/9aa3586f9dd053fcf329f43b8b053c77","name":"Beno\u00eet Guillon","image":{"@type":"ImageObject","inLanguage":"fr-FR","@id":"https:\/\/www.meslibellules.fr\/blog\/wp-content\/uploads\/cropped-avatar-150-pix.jpg","url":"https:\/\/www.meslibellules.fr\/blog\/wp-content\/uploads\/cropped-avatar-150-pix.jpg","contentUrl":"https:\/\/www.meslibellules.fr\/blog\/wp-content\/uploads\/cropped-avatar-150-pix.jpg","width":150,"height":137,"caption":"Beno\u00eet Guillon"},"logo":{"@id":"https:\/\/www.meslibellules.fr\/blog\/wp-content\/uploads\/cropped-avatar-150-pix.jpg"},"sameAs":["https:\/\/www.facebook.com\/benoit.guillon.96\/"]}]}},"_links":{"self":[{"href":"https:\/\/www.meslibellules.fr\/blog\/wp-json\/wp\/v2\/posts\/26355","targetHints":{"allow":["GET"]}}],"collection":[{"href":"https:\/\/www.meslibellules.fr\/blog\/wp-json\/wp\/v2\/posts"}],"about":[{"href":"https:\/\/www.meslibellules.fr\/blog\/wp-json\/wp\/v2\/types\/post"}],"author":[{"embeddable":true,"href":"https:\/\/www.meslibellules.fr\/blog\/wp-json\/wp\/v2\/users\/1"}],"replies":[{"embeddable":true,"href":"https:\/\/www.meslibellules.fr\/blog\/wp-json\/wp\/v2\/comments?post=26355"}],"version-history":[{"count":8,"href":"https:\/\/www.meslibellules.fr\/blog\/wp-json\/wp\/v2\/posts\/26355\/revisions"}],"predecessor-version":[{"id":26367,"href":"https:\/\/www.meslibellules.fr\/blog\/wp-json\/wp\/v2\/posts\/26355\/revisions\/26367"}],"wp:attachment":[{"href":"https:\/\/www.meslibellules.fr\/blog\/wp-json\/wp\/v2\/media?parent=26355"}],"wp:term":[{"taxonomy":"category","embeddable":true,"href":"https:\/\/www.meslibellules.fr\/blog\/wp-json\/wp\/v2\/categories?post=26355"},{"taxonomy":"post_tag","embeddable":true,"href":"https:\/\/www.meslibellules.fr\/blog\/wp-json\/wp\/v2\/tags?post=26355"}],"curies":[{"name":"wp","href":"https:\/\/api.w.org\/{rel}","templated":true}]}}