{"id":26467,"date":"2025-10-29T11:44:15","date_gmt":"2025-10-29T10:44:15","guid":{"rendered":"https:\/\/www.meslibellules.fr\/blog\/?p=26467"},"modified":"2026-01-04T21:03:48","modified_gmt":"2026-01-04T20:03:48","slug":"prodasineura-dorsalis","status":"publish","type":"post","link":"https:\/\/www.meslibellules.fr\/blog\/2025\/10\/29\/prodasineura-dorsalis\/","title":{"rendered":"Born\u00e9o, Sarawak &#8211; Prodasineura dorsalis (Selys, 1830)"},"content":{"rendered":"\n<figure class=\"wp-block-image aligncenter size-full is-resized\"><a href=\"https:\/\/www.meslibellules.fr\/blog\/wp-content\/uploads\/Prodasineura-dorsalis-male-2-scaled.webp\"><img decoding=\"async\" width=\"2560\" height=\"1443\" data-src=\"https:\/\/www.meslibellules.fr\/blog\/wp-content\/uploads\/Prodasineura-dorsalis-male-2-scaled.webp\" alt=\"Prodasineura dorsalis m\u00e2le, Sarawak, Bung Ngiraja, 26\/03\/25\" class=\"wp-image-26461 lazyload\" style=\"--smush-placeholder-width: 2560px; --smush-placeholder-aspect-ratio: 2560\/1443;width:671px;height:auto\" data-srcset=\"https:\/\/www.meslibellules.fr\/blog\/wp-content\/uploads\/Prodasineura-dorsalis-male-2-scaled.webp 2560w, https:\/\/www.meslibellules.fr\/blog\/wp-content\/uploads\/Prodasineura-dorsalis-male-2-768x433.webp 768w, https:\/\/www.meslibellules.fr\/blog\/wp-content\/uploads\/Prodasineura-dorsalis-male-2-1536x866.webp 1536w, https:\/\/www.meslibellules.fr\/blog\/wp-content\/uploads\/Prodasineura-dorsalis-male-2-2048x1154.webp 2048w\" data-sizes=\"(max-width: 2560px) 100vw, 2560px\" src=\"data:image\/svg+xml;base64,PHN2ZyB3aWR0aD0iMSIgaGVpZ2h0PSIxIiB4bWxucz0iaHR0cDovL3d3dy53My5vcmcvMjAwMC9zdmciPjwvc3ZnPg==\" \/><\/a><figcaption class=\"wp-element-caption\">Prodasineura dorsalis m\u00e2le, Sarawak, Bung Ngiraja, 26\/03\/25 <\/figcaption><\/figure>\n\n\n\n<p>Prodasineura dorsalis, membre de la tr\u00e8s grande famille des Platycnemididae, est un odonate qui, en tout cas pour un odonatophile, vaut le voyage. L&rsquo;association du jaune lumineux, du noir brillant et des appendices anaux blancs est magnifique.<br>Il m&rsquo;a tout de suite fait penser \u00e0 une autre beaut\u00e9 de la m\u00eame famille,<a href=\"https:\/\/www.meslibellules.fr\/blog\/2024\/08\/17\/coeliccia-chromothorax-males\/\"> Coeliccia chromothorax<\/a> (ici en Tha\u00eflande) qui montre presque le m\u00eame habitus (mais qui n&rsquo;est pas pr\u00e9sent \u00e0 Born\u00e9o).<br>Mais sur place, je ne me suis pas souvenu de son cousin <a href=\"https:\/\/www.meslibellules.fr\/blog\/wp-content\/uploads\/2019\/01\/prodasineura-croconota.jpg\">Prodasineura croconota<\/a> que j&rsquo;avais rencontr\u00e9 au Vietnam, qui est encore bien plus proche (tr\u00e8s l\u00e9g\u00e8re diff\u00e9rence de forme de la tache dorsale thoracique) et qui ne s&rsquo;en distingue pratiquement que par la forme et la coloration des appendices anaux ; ce dernier n&rsquo;est pas pr\u00e9sent non plus \u00e0 Born\u00e9o.<br><br>Il existe 39 esp\u00e8ces de Prodasineura dans le monde, 11 \u00e0 Born\u00e9o, mais l&rsquo;identification est rendue ais\u00e9e sur l&rsquo;ile en raison de l&rsquo;\u00e9tendue in\u00e9gal\u00e9e de la coloration jaune, parfois orang\u00e9e,  sur la face dorsale du thorax.<\/p>\n\n\n\n<figure class=\"wp-block-gallery has-nested-images columns-default is-cropped wp-block-gallery-1 is-layout-flex wp-block-gallery-is-layout-flex\">\n<figure class=\"wp-block-image size-large\"><a href=\"https:\/\/www.meslibellules.fr\/blog\/wp-content\/uploads\/Prodasineura-dorsalis-male-7.webp\"><img decoding=\"async\" width=\"1137\" height=\"1504\" data-id=\"26466\" data-src=\"https:\/\/www.meslibellules.fr\/blog\/wp-content\/uploads\/Prodasineura-dorsalis-male-7.webp\" alt=\"Prodasineura dorsalis m\u00e2le, Sarawak, Bung Ngiraja, 26\/03\/25\" class=\"wp-image-26466 lazyload\" data-srcset=\"https:\/\/www.meslibellules.fr\/blog\/wp-content\/uploads\/Prodasineura-dorsalis-male-7.webp 1137w, https:\/\/www.meslibellules.fr\/blog\/wp-content\/uploads\/Prodasineura-dorsalis-male-7-768x1016.webp 768w\" data-sizes=\"(max-width: 1137px) 100vw, 1137px\" src=\"data:image\/svg+xml;base64,PHN2ZyB3aWR0aD0iMSIgaGVpZ2h0PSIxIiB4bWxucz0iaHR0cDovL3d3dy53My5vcmcvMjAwMC9zdmciPjwvc3ZnPg==\" style=\"--smush-placeholder-width: 1137px; --smush-placeholder-aspect-ratio: 1137\/1504;\" \/><\/a><\/figure>\n\n\n\n<figure class=\"wp-block-image size-large\"><a href=\"https:\/\/www.meslibellules.fr\/blog\/wp-content\/uploads\/Prodasineura-dorsalis-male-6.webp\"><img decoding=\"async\" width=\"1336\" height=\"1504\" data-id=\"26465\" data-src=\"https:\/\/www.meslibellules.fr\/blog\/wp-content\/uploads\/Prodasineura-dorsalis-male-6.webp\" alt=\"Prodasineura dorsalis m\u00e2le, Sarawak, Bung Ngiraja, 26\/03\/25\" class=\"wp-image-26465 lazyload\" data-srcset=\"https:\/\/www.meslibellules.fr\/blog\/wp-content\/uploads\/Prodasineura-dorsalis-male-6.webp 1336w, https:\/\/www.meslibellules.fr\/blog\/wp-content\/uploads\/Prodasineura-dorsalis-male-6-768x865.webp 768w\" data-sizes=\"(max-width: 1336px) 100vw, 1336px\" src=\"data:image\/svg+xml;base64,PHN2ZyB3aWR0aD0iMSIgaGVpZ2h0PSIxIiB4bWxucz0iaHR0cDovL3d3dy53My5vcmcvMjAwMC9zdmciPjwvc3ZnPg==\" style=\"--smush-placeholder-width: 1336px; --smush-placeholder-aspect-ratio: 1336\/1504;\" \/><\/a><\/figure>\n<figcaption class=\"blocks-gallery-caption wp-element-caption\">Prodasineura dorsalis m\u00e2le, Sarawak, Bung Ngiraja, 26\/03\/25 <\/figcaption><\/figure>\n\n\n\n<p>Selys (1) qui l&rsquo;appel\u00e9 Alloneura dorsalis mesure l&rsquo;abdomen \u00e0 30 mm et l&rsquo;aile post\u00e9rieure \u00e0 19 mm ; l&rsquo;insecte entier atteint environ 36 mm. Noter que l&rsquo;abdomen dans sa partie la plus \u00e9troite, au niveau du sixi\u00e8me segment, n&rsquo;atteint que 3 dixi\u00e8mes de mm.<\/p>\n\n\n\n<figure class=\"wp-block-gallery has-nested-images columns-default is-cropped wp-block-gallery-2 is-layout-flex wp-block-gallery-is-layout-flex\">\n<figure class=\"wp-block-image size-large\"><a href=\"https:\/\/www.meslibellules.fr\/blog\/wp-content\/uploads\/Prodasineura-dorsalis-male-3.webp\"><img decoding=\"async\" width=\"2015\" height=\"1204\" data-id=\"26462\" data-src=\"https:\/\/www.meslibellules.fr\/blog\/wp-content\/uploads\/Prodasineura-dorsalis-male-3.webp\" alt=\"Prodasineura dorsalis m\u00e2le, Sarawak, Bung Ngiraja, 26\/03\/25\" class=\"wp-image-26462 lazyload\" data-srcset=\"https:\/\/www.meslibellules.fr\/blog\/wp-content\/uploads\/Prodasineura-dorsalis-male-3.webp 2015w, https:\/\/www.meslibellules.fr\/blog\/wp-content\/uploads\/Prodasineura-dorsalis-male-3-768x459.webp 768w, https:\/\/www.meslibellules.fr\/blog\/wp-content\/uploads\/Prodasineura-dorsalis-male-3-1536x918.webp 1536w\" data-sizes=\"(max-width: 2015px) 100vw, 2015px\" src=\"data:image\/svg+xml;base64,PHN2ZyB3aWR0aD0iMSIgaGVpZ2h0PSIxIiB4bWxucz0iaHR0cDovL3d3dy53My5vcmcvMjAwMC9zdmciPjwvc3ZnPg==\" style=\"--smush-placeholder-width: 2015px; --smush-placeholder-aspect-ratio: 2015\/1204;\" \/><\/a><\/figure>\n\n\n\n<figure class=\"wp-block-image size-large\"><a href=\"https:\/\/www.meslibellules.fr\/blog\/wp-content\/uploads\/Prodasineura-dorsalis-male-4.webp\"><img decoding=\"async\" width=\"2180\" height=\"1204\" data-id=\"26463\" data-src=\"https:\/\/www.meslibellules.fr\/blog\/wp-content\/uploads\/Prodasineura-dorsalis-male-4.webp\" alt=\"Prodasineura dorsalis m\u00e2le, Sarawak, Bung Ngiraja, 26\/03\/25\" class=\"wp-image-26463 lazyload\" data-srcset=\"https:\/\/www.meslibellules.fr\/blog\/wp-content\/uploads\/Prodasineura-dorsalis-male-4.webp 2180w, https:\/\/www.meslibellules.fr\/blog\/wp-content\/uploads\/Prodasineura-dorsalis-male-4-768x424.webp 768w, https:\/\/www.meslibellules.fr\/blog\/wp-content\/uploads\/Prodasineura-dorsalis-male-4-1536x848.webp 1536w, https:\/\/www.meslibellules.fr\/blog\/wp-content\/uploads\/Prodasineura-dorsalis-male-4-2048x1131.webp 2048w\" data-sizes=\"(max-width: 2180px) 100vw, 2180px\" src=\"data:image\/svg+xml;base64,PHN2ZyB3aWR0aD0iMSIgaGVpZ2h0PSIxIiB4bWxucz0iaHR0cDovL3d3dy53My5vcmcvMjAwMC9zdmciPjwvc3ZnPg==\" style=\"--smush-placeholder-width: 2180px; --smush-placeholder-aspect-ratio: 2180\/1204;\" \/><\/a><\/figure>\n<figcaption class=\"blocks-gallery-caption wp-element-caption\">Prodasineura dorsalis m\u00e2le, Sarawak, Bung Ngiraja, 26\/03\/25 <\/figcaption><\/figure>\n\n\n\n<p>\u00c0 Bung Ngiraja, nous l&rsquo;avons rencontr\u00e9 en milieu collinaire, en for\u00eat dense, sur un ruisseau \u00e0 fond de rochers et de graviers, accompagn\u00e9 de Prodasineura haematosoma, Drepanosticta rufostigma, Euphaea impar, Devadatta podolestoides et Tyriobapta torrida pour ne citer que les plus proches. <br>Sur le campus de l&rsquo;universit\u00e9 de Kuching,  nous l&rsquo;avons observ\u00e9 sur <a href=\"http:\/\/Biotope UNIMAS Campus  de Kuching au Sarawak, 26\/03\/2025\">une tourbi\u00e8re foresti\u00e8re mar\u00e9cageuse<\/a> o\u00f9 la progression est difficile, non par la v\u00e9g\u00e9tation, mais par l&rsquo;eau noire et pi\u00e9geuse, pleine de trous de racines et de supports qui s&rsquo;effondrent. <\/p>\n\n\n\n<p>Il est \u00e0 noter que Selys mentionne \u00ab\u00a0<em>un triangle roux entre l&rsquo;ocelle lat\u00e9ral et les antennes<\/em>\u00a0\u00bb qui est absent pour les sujets que j&rsquo;ai photographi\u00e9s. Cependant, Dow, 2019 (2) reconnait une grande variabilit\u00e9 sur ce point, de l&rsquo;absence totale  de coloration \u00e0 une bande totale de coloration entre les deux yeux (p.16).<\/p>\n\n\n\n<figure class=\"wp-block-gallery has-nested-images columns-2 wp-block-gallery-3 is-layout-flex wp-block-gallery-is-layout-flex\">\n<figure class=\"wp-block-image size-large\"><a href=\"https:\/\/www.meslibellules.fr\/blog\/wp-content\/uploads\/Prodasineura-dorsalis-male-1.webp\"><img decoding=\"async\" width=\"1641\" height=\"1204\" data-id=\"26458\" data-src=\"https:\/\/www.meslibellules.fr\/blog\/wp-content\/uploads\/Prodasineura-dorsalis-male-1.webp\" alt=\"Prodasineura dorsalis m\u00e2le, Sarawak, Santubung National Park, 21\/03\/2025\" class=\"wp-image-26458 lazyload\" data-srcset=\"https:\/\/www.meslibellules.fr\/blog\/wp-content\/uploads\/Prodasineura-dorsalis-male-1.webp 1641w, https:\/\/www.meslibellules.fr\/blog\/wp-content\/uploads\/Prodasineura-dorsalis-male-1-768x563.webp 768w, https:\/\/www.meslibellules.fr\/blog\/wp-content\/uploads\/Prodasineura-dorsalis-male-1-1536x1127.webp 1536w\" data-sizes=\"(max-width: 1641px) 100vw, 1641px\" src=\"data:image\/svg+xml;base64,PHN2ZyB3aWR0aD0iMSIgaGVpZ2h0PSIxIiB4bWxucz0iaHR0cDovL3d3dy53My5vcmcvMjAwMC9zdmciPjwvc3ZnPg==\" style=\"--smush-placeholder-width: 1641px; --smush-placeholder-aspect-ratio: 1641\/1204;\" \/><\/a><\/figure>\n\n\n\n<figure class=\"wp-block-image size-large\"><a href=\"https:\/\/www.meslibellules.fr\/blog\/wp-content\/uploads\/Prodasineura-dorsalis-male-1bis.webp\"><img decoding=\"async\" width=\"1641\" height=\"1204\" data-id=\"26459\" data-src=\"https:\/\/www.meslibellules.fr\/blog\/wp-content\/uploads\/Prodasineura-dorsalis-male-1bis.webp\" alt=\"Prodasineura dorsalis m\u00e2le, Sarawak, Santubung National Park, 21\/03\/2025\" class=\"wp-image-26459 lazyload\" data-srcset=\"https:\/\/www.meslibellules.fr\/blog\/wp-content\/uploads\/Prodasineura-dorsalis-male-1bis.webp 1641w, https:\/\/www.meslibellules.fr\/blog\/wp-content\/uploads\/Prodasineura-dorsalis-male-1bis-768x563.webp 768w, https:\/\/www.meslibellules.fr\/blog\/wp-content\/uploads\/Prodasineura-dorsalis-male-1bis-1536x1127.webp 1536w\" data-sizes=\"(max-width: 1641px) 100vw, 1641px\" src=\"data:image\/svg+xml;base64,PHN2ZyB3aWR0aD0iMSIgaGVpZ2h0PSIxIiB4bWxucz0iaHR0cDovL3d3dy53My5vcmcvMjAwMC9zdmciPjwvc3ZnPg==\" style=\"--smush-placeholder-width: 1641px; --smush-placeholder-aspect-ratio: 1641\/1204;\" \/><\/a><\/figure>\n<\/figure>\n\n\n\n<figure class=\"wp-block-image aligncenter size-full is-resized\"><a href=\"https:\/\/www.meslibellules.fr\/blog\/wp-content\/uploads\/Prodasineura-dorsalis-male-1ter.webp\"><img decoding=\"async\" width=\"1641\" height=\"1204\" data-src=\"https:\/\/www.meslibellules.fr\/blog\/wp-content\/uploads\/Prodasineura-dorsalis-male-1ter.webp\" alt=\"Prodasineura dorsalis m\u00e2le, Sarawak, Santubung National Park, 21\/03\/2025\" class=\"wp-image-26460 lazyload\" style=\"--smush-placeholder-width: 1641px; --smush-placeholder-aspect-ratio: 1641\/1204;width:538px;height:auto\" data-srcset=\"https:\/\/www.meslibellules.fr\/blog\/wp-content\/uploads\/Prodasineura-dorsalis-male-1ter.webp 1641w, https:\/\/www.meslibellules.fr\/blog\/wp-content\/uploads\/Prodasineura-dorsalis-male-1ter-768x563.webp 768w, https:\/\/www.meslibellules.fr\/blog\/wp-content\/uploads\/Prodasineura-dorsalis-male-1ter-1536x1127.webp 1536w\" data-sizes=\"(max-width: 1641px) 100vw, 1641px\" src=\"data:image\/svg+xml;base64,PHN2ZyB3aWR0aD0iMSIgaGVpZ2h0PSIxIiB4bWxucz0iaHR0cDovL3d3dy53My5vcmcvMjAwMC9zdmciPjwvc3ZnPg==\" \/><\/a><figcaption class=\"wp-element-caption\">Prodasineura dorsalis m\u00e2le, Sarawak, Santubung National Park, 21\/03\/2025<\/figcaption><\/figure>\n\n\n\n<p>Les trois photos ci-dessus illustrent une situation fr\u00e9quente avec les odonates de for\u00eat dense ; le pr\u00e9-\u00e9clair du flash les fait tressaillir, voire s&rsquo;envoler bri\u00e8vement. La plupart du temps, ils se reposent au m\u00eame endroit ; le flash suivant provoquant le m\u00eame effet, mais ils finissent par s&rsquo;habituer \u00e0 \u00eatre des stars et s&rsquo;habituent finalement.<br>J&rsquo;ai donc bien involontairement photographi\u00e9 ce sujet en vol, effray\u00e9 par le pr\u00e9-\u00e9clair, les deux autres photos, ailes encore \u00e9cart\u00e9es, puis serr\u00e9es quand il s&rsquo;est repos\u00e9.<br><br>Il est end\u00e9mique de Born\u00e9o, o\u00f9 il est connu du Sarawak, de Brunei, de Sabah et de l&rsquo;extr\u00eame ouest du Kalimantan.<br><a href=\"https:\/\/www.iucnredlist.org\/species\/139386351\/139404113#geographic-range\">IUCN Red List<\/a>.<\/p>\n\n\n\n<figure class=\"wp-block-image aligncenter size-full is-resized\"><a href=\"https:\/\/www.meslibellules.fr\/blog\/wp-content\/uploads\/Prodasineura-dorsalis-male-5.webp\"><img decoding=\"async\" width=\"2152\" height=\"1204\" data-src=\"https:\/\/www.meslibellules.fr\/blog\/wp-content\/uploads\/Prodasineura-dorsalis-male-5.webp\" alt=\"Prodasineura dorsalis m\u00e2le, Sarawak, Bung Ngiraja, 26\/03\/25\" class=\"wp-image-26464 lazyload\" style=\"--smush-placeholder-width: 2152px; --smush-placeholder-aspect-ratio: 2152\/1204;width:698px;height:auto\" data-srcset=\"https:\/\/www.meslibellules.fr\/blog\/wp-content\/uploads\/Prodasineura-dorsalis-male-5.webp 2152w, https:\/\/www.meslibellules.fr\/blog\/wp-content\/uploads\/Prodasineura-dorsalis-male-5-768x430.webp 768w, https:\/\/www.meslibellules.fr\/blog\/wp-content\/uploads\/Prodasineura-dorsalis-male-5-1536x859.webp 1536w, https:\/\/www.meslibellules.fr\/blog\/wp-content\/uploads\/Prodasineura-dorsalis-male-5-2048x1146.webp 2048w\" data-sizes=\"(max-width: 2152px) 100vw, 2152px\" src=\"data:image\/svg+xml;base64,PHN2ZyB3aWR0aD0iMSIgaGVpZ2h0PSIxIiB4bWxucz0iaHR0cDovL3d3dy53My5vcmcvMjAwMC9zdmciPjwvc3ZnPg==\" \/><\/a><figcaption class=\"wp-element-caption\">Prodasineura dorsalis m\u00e2le, Sarawak, Bung Ngiraja, 26\/03\/25<\/figcaption><\/figure>\n\n\n\n<p><strong>\u00c9tymologie<\/strong><br><strong>Prodasineura<\/strong>\u00a0(Cowley, 1934) (3) ; je ne suis pas parvenu \u00e0 acc\u00e9der au document dans lequel Cowley s\u00e9pare ce genre des Disparoneura (Selys, 1860). Disparoneura signifie \u00ab\u00a0nervation \u00e0 part\u00a0\u00bb pour insister sur la particularit\u00e9 de celle-ci et Cowley conservant cette id\u00e9e, a cr\u00e9\u00e9 cette anagramme de Disparoneura, car ce genre pr\u00e9sente une nervation tr\u00e8s proche.<br><strong>Dorsalis<\/strong> ; Selys n&rsquo;explique pas pourquoi il a donn\u00e9 ce nom \u00e0 cet ex-Alloneura, il \u00e9crit simplement :\u00a0\u00bb Tout le devant du thorax roux\u00a0\u00bb.<br>Mais il est tr\u00e8s vraisemblable que le dos presque enti\u00e8rement jaune de cette esp\u00e8ce lui vaille son nom ; il ne connaissait pas P. croconota d\u00e9crit par Ris seulement en 1916.<\/p>\n\n\n\n<div style=\"height:30px\" aria-hidden=\"true\" class=\"wp-block-spacer\"><\/div>\n\n\n\n<p style=\"font-size:13px\">1- Selys, 1860 \u2013\u00a0<a href=\"https:\/\/www.biodiversitylibrary.org\/page\/36902815#page\/467\/mode\/1up\">Synopsis des Agrionines \u2013 Derni\u00e8re l\u00e9gion : Protoneura<\/a>\u00a0\u2013 p. 456 [Alloneura dorsalis].<br>2- Dow, 2019 \u2013<a href=\"https:\/\/www.researchgate.net\/publication\/338115581_Odonata_from_Sri_Aman_Division_south_and_west_of_the_Lupar_River_and_from_the_Kelingkang_Range_Sarawak#fullTextFileContent\">\u00a0Odonata from Sri Aman Division south and west of the Lupar River and from the Kelingkang Range, Sarawak<\/a>\u00a0\u2013 Journal of the International Dragonfly Fund 137 (1-26).<br>3- Cowley, 1934\u00a0\u2013 Notes on some generic names of Odonata \u2013\u00a0<em>Entomologist\u2019s Monthly Magazine<\/em>\u00a0-Volume 70, pages 240 \u00e0 247.<\/p>\n\n\n\n<div style=\"height:30px\" aria-hidden=\"true\" class=\"wp-block-spacer\"><\/div>\n\n\n\n<div class=\"wp-block-buttons is-vertical is-layout-flex wp-container-core-buttons-is-layout-fe9cc265 wp-block-buttons-is-layout-flex\">\n<div class=\"wp-block-button\"><a class=\"wp-block-button__link wp-element-button\" href=\"https:\/\/www.meslibellules.fr\/blog\/odonates-du-sarawak\/\">Accueil Sarawak<\/a><\/div>\n\n\n\n<div class=\"wp-block-button\"><a class=\"wp-block-button__link wp-element-button\" href=\"https:\/\/www.meslibellules.fr\/pagesweb\/divers\/liste-generale-odonates-du-site\/asia-odonates.php\">Listes des Odonates d&rsquo;Asie<\/a><\/div>\n\n\n\n<div class=\"wp-block-button\"><a class=\"wp-block-button__link wp-element-button\" href=\"https:\/\/www.meslibellules.fr\/pagesweb\/divers\/liste-generale-odonates-du-site\/all-odonates.php\">Listes continentales<\/a><\/div>\n<\/div>\n","protected":false},"excerpt":{"rendered":"<p>Prodasineura dorsalis, membre de la tr\u00e8s grande famille des Platycnemididae, est un odonate qui, en tout cas pour un odonatophile, vaut le voyage. L&rsquo;association du jaune lumineux, du noir brillant et des appendices anaux blancs est magnifique.Il m&rsquo;a tout de suite fait penser \u00e0 une autre beaut\u00e9 de la m\u00eame famille, Coeliccia chromothorax (ici en [&hellip;]<\/p>\n","protected":false},"author":1,"featured_media":0,"comment_status":"open","ping_status":"open","sticky":false,"template":"","format":"image","meta":{"site-sidebar-layout":"default","site-content-layout":"","ast-site-content-layout":"default","site-content-style":"default","site-sidebar-style":"default","ast-global-header-display":"","ast-banner-title-visibility":"","ast-main-header-display":"","ast-hfb-above-header-display":"","ast-hfb-below-header-display":"","ast-hfb-mobile-header-display":"","site-post-title":"","ast-breadcrumbs-content":"","ast-featured-img":"","footer-sml-layout":"","ast-disable-related-posts":"","theme-transparent-header-meta":"","adv-header-id-meta":"","stick-header-meta":"","header-above-stick-meta":"","header-main-stick-meta":"","header-below-stick-meta":"","astra-migrate-meta-layouts":"set","ast-page-background-enabled":"default","ast-page-background-meta":{"desktop":{"background-color":"var(--ast-global-color-4)","background-image":"","background-repeat":"repeat","background-position":"center center","background-size":"auto","background-attachment":"scroll","background-type":"","background-media":"","overlay-type":"","overlay-color":"","overlay-opacity":"","overlay-gradient":""},"tablet":{"background-color":"","background-image":"","background-repeat":"repeat","background-position":"center center","background-size":"auto","background-attachment":"scroll","background-type":"","background-media":"","overlay-type":"","overlay-color":"","overlay-opacity":"","overlay-gradient":""},"mobile":{"background-color":"","background-image":"","background-repeat":"repeat","background-position":"center center","background-size":"auto","background-attachment":"scroll","background-type":"","background-media":"","overlay-type":"","overlay-color":"","overlay-opacity":"","overlay-gradient":""}},"ast-content-background-meta":{"desktop":{"background-color":"var(--ast-global-color-5)","background-image":"","background-repeat":"repeat","background-position":"center center","background-size":"auto","background-attachment":"scroll","background-type":"","background-media":"","overlay-type":"","overlay-color":"","overlay-opacity":"","overlay-gradient":""},"tablet":{"background-color":"var(--ast-global-color-5)","background-image":"","background-repeat":"repeat","background-position":"center center","background-size":"auto","background-attachment":"scroll","background-type":"","background-media":"","overlay-type":"","overlay-color":"","overlay-opacity":"","overlay-gradient":""},"mobile":{"background-color":"var(--ast-global-color-5)","background-image":"","background-repeat":"repeat","background-position":"center center","background-size":"auto","background-attachment":"scroll","background-type":"","background-media":"","overlay-type":"","overlay-color":"","overlay-opacity":"","overlay-gradient":""}},"footnotes":""},"categories":[38596,38597],"tags":[38599,38616],"class_list":["post-26467","post","type-post","status-publish","format-image","hentry","category-borneo-sarawak","category-platycnemididae-borneo-sarawak","tag-borneo-sarawak","tag-platycnemididae-sarawak","post_format-post-format-image"],"yoast_head":"<!-- This site is optimized with the Yoast SEO plugin v27.5 - https:\/\/yoast.com\/product\/yoast-seo-wordpress\/ -->\n<title>Prodasineura dorsalis - Mes Libellules<\/title>\n<meta name=\"description\" content=\"Prodasineura dorsalis m\u00e2le au Sarawak, description, identification, taille, habitat, distribution g\u00e9ographique, \u00e9tymologie\" \/>\n<meta name=\"robots\" content=\"index, follow, max-snippet:-1, max-image-preview:large, max-video-preview:-1\" \/>\n<link rel=\"canonical\" href=\"https:\/\/www.meslibellules.fr\/blog\/2025\/10\/29\/prodasineura-dorsalis\/\" \/>\n<meta property=\"og:locale\" content=\"fr_FR\" \/>\n<meta property=\"og:type\" content=\"article\" \/>\n<meta property=\"og:title\" content=\"Prodasineura dorsalis - Mes Libellules\" \/>\n<meta property=\"og:description\" content=\"Prodasineura dorsalis m\u00e2le au Sarawak, description, identification, taille, habitat, distribution g\u00e9ographique, \u00e9tymologie\" \/>\n<meta property=\"og:url\" content=\"https:\/\/www.meslibellules.fr\/blog\/2025\/10\/29\/prodasineura-dorsalis\/\" \/>\n<meta property=\"og:site_name\" content=\"Mes Libellules\" \/>\n<meta property=\"article:publisher\" content=\"https:\/\/www.facebook.com\/benoit.guillon.96\/\" \/>\n<meta property=\"article:author\" content=\"https:\/\/www.facebook.com\/benoit.guillon.96\/\" \/>\n<meta property=\"article:published_time\" content=\"2025-10-29T10:44:15+00:00\" \/>\n<meta property=\"article:modified_time\" content=\"2026-01-04T20:03:48+00:00\" \/>\n<meta property=\"og:image\" content=\"https:\/\/www.meslibellules.fr\/blog\/wp-content\/uploads\/Prodasineura-dorsalis-male-2-scaled.webp\" \/>\n\t<meta property=\"og:image:width\" content=\"2560\" \/>\n\t<meta property=\"og:image:height\" content=\"1443\" \/>\n\t<meta property=\"og:image:type\" content=\"image\/webp\" \/>\n<meta name=\"author\" content=\"Beno\u00eet Guillon\" \/>\n<meta name=\"twitter:card\" content=\"summary_large_image\" \/>\n<meta name=\"twitter:label1\" content=\"\u00c9crit par\" \/>\n\t<meta name=\"twitter:data1\" content=\"Beno\u00eet Guillon\" \/>\n\t<meta name=\"twitter:label2\" content=\"Dur\u00e9e de lecture estim\u00e9e\" \/>\n\t<meta name=\"twitter:data2\" content=\"6 minutes\" \/>\n<script type=\"application\/ld+json\" class=\"yoast-schema-graph\">{\"@context\":\"https:\\\/\\\/schema.org\",\"@graph\":[{\"@type\":\"Article\",\"@id\":\"https:\\\/\\\/www.meslibellules.fr\\\/blog\\\/2025\\\/10\\\/29\\\/prodasineura-dorsalis\\\/#article\",\"isPartOf\":{\"@id\":\"https:\\\/\\\/www.meslibellules.fr\\\/blog\\\/2025\\\/10\\\/29\\\/prodasineura-dorsalis\\\/\"},\"author\":{\"name\":\"Beno\u00eet Guillon\",\"@id\":\"https:\\\/\\\/www.meslibellules.fr\\\/blog\\\/#\\\/schema\\\/person\\\/9aa3586f9dd053fcf329f43b8b053c77\"},\"headline\":\"Born\u00e9o, Sarawak &#8211; Prodasineura dorsalis (Selys, 1830)\",\"datePublished\":\"2025-10-29T10:44:15+00:00\",\"dateModified\":\"2026-01-04T20:03:48+00:00\",\"mainEntityOfPage\":{\"@id\":\"https:\\\/\\\/www.meslibellules.fr\\\/blog\\\/2025\\\/10\\\/29\\\/prodasineura-dorsalis\\\/\"},\"wordCount\":707,\"commentCount\":0,\"publisher\":{\"@id\":\"https:\\\/\\\/www.meslibellules.fr\\\/blog\\\/#\\\/schema\\\/person\\\/9aa3586f9dd053fcf329f43b8b053c77\"},\"image\":{\"@id\":\"https:\\\/\\\/www.meslibellules.fr\\\/blog\\\/2025\\\/10\\\/29\\\/prodasineura-dorsalis\\\/#primaryimage\"},\"thumbnailUrl\":\"https:\\\/\\\/www.meslibellules.fr\\\/blog\\\/wp-content\\\/uploads\\\/Prodasineura-dorsalis-male-2-scaled.webp\",\"keywords\":[\"Born\u00e9o - Sarawak\",\"Platycnemididae - Sarawak\"],\"articleSection\":[\"Born\u00e9o -Sarawak\",\"Platycnemididae\"],\"inLanguage\":\"fr-FR\",\"potentialAction\":[{\"@type\":\"CommentAction\",\"name\":\"Comment\",\"target\":[\"https:\\\/\\\/www.meslibellules.fr\\\/blog\\\/2025\\\/10\\\/29\\\/prodasineura-dorsalis\\\/#respond\"]}]},{\"@type\":\"WebPage\",\"@id\":\"https:\\\/\\\/www.meslibellules.fr\\\/blog\\\/2025\\\/10\\\/29\\\/prodasineura-dorsalis\\\/\",\"url\":\"https:\\\/\\\/www.meslibellules.fr\\\/blog\\\/2025\\\/10\\\/29\\\/prodasineura-dorsalis\\\/\",\"name\":\"Prodasineura dorsalis - Mes Libellules\",\"isPartOf\":{\"@id\":\"https:\\\/\\\/www.meslibellules.fr\\\/blog\\\/#website\"},\"primaryImageOfPage\":{\"@id\":\"https:\\\/\\\/www.meslibellules.fr\\\/blog\\\/2025\\\/10\\\/29\\\/prodasineura-dorsalis\\\/#primaryimage\"},\"image\":{\"@id\":\"https:\\\/\\\/www.meslibellules.fr\\\/blog\\\/2025\\\/10\\\/29\\\/prodasineura-dorsalis\\\/#primaryimage\"},\"thumbnailUrl\":\"https:\\\/\\\/www.meslibellules.fr\\\/blog\\\/wp-content\\\/uploads\\\/Prodasineura-dorsalis-male-2-scaled.webp\",\"datePublished\":\"2025-10-29T10:44:15+00:00\",\"dateModified\":\"2026-01-04T20:03:48+00:00\",\"description\":\"Prodasineura dorsalis m\u00e2le au Sarawak, description, identification, taille, habitat, distribution g\u00e9ographique, \u00e9tymologie\",\"breadcrumb\":{\"@id\":\"https:\\\/\\\/www.meslibellules.fr\\\/blog\\\/2025\\\/10\\\/29\\\/prodasineura-dorsalis\\\/#breadcrumb\"},\"inLanguage\":\"fr-FR\",\"potentialAction\":[{\"@type\":\"ReadAction\",\"target\":[\"https:\\\/\\\/www.meslibellules.fr\\\/blog\\\/2025\\\/10\\\/29\\\/prodasineura-dorsalis\\\/\"]}]},{\"@type\":\"ImageObject\",\"inLanguage\":\"fr-FR\",\"@id\":\"https:\\\/\\\/www.meslibellules.fr\\\/blog\\\/2025\\\/10\\\/29\\\/prodasineura-dorsalis\\\/#primaryimage\",\"url\":\"https:\\\/\\\/www.meslibellules.fr\\\/blog\\\/wp-content\\\/uploads\\\/Prodasineura-dorsalis-male-2-scaled.webp\",\"contentUrl\":\"https:\\\/\\\/www.meslibellules.fr\\\/blog\\\/wp-content\\\/uploads\\\/Prodasineura-dorsalis-male-2-scaled.webp\"},{\"@type\":\"BreadcrumbList\",\"@id\":\"https:\\\/\\\/www.meslibellules.fr\\\/blog\\\/2025\\\/10\\\/29\\\/prodasineura-dorsalis\\\/#breadcrumb\",\"itemListElement\":[{\"@type\":\"ListItem\",\"position\":1,\"name\":\"Accueil\",\"item\":\"https:\\\/\\\/www.meslibellules.fr\\\/blog\\\/\"},{\"@type\":\"ListItem\",\"position\":2,\"name\":\"Born\u00e9o, Sarawak &#8211; Prodasineura dorsalis (Selys, 1830)\"}]},{\"@type\":\"WebSite\",\"@id\":\"https:\\\/\\\/www.meslibellules.fr\\\/blog\\\/#website\",\"url\":\"https:\\\/\\\/www.meslibellules.fr\\\/blog\\\/\",\"name\":\"Mes Libellules\",\"description\":\"Pr\u00e9sentation des libellules rencontr\u00e9es dans le monde\",\"publisher\":{\"@id\":\"https:\\\/\\\/www.meslibellules.fr\\\/blog\\\/#\\\/schema\\\/person\\\/9aa3586f9dd053fcf329f43b8b053c77\"},\"potentialAction\":[{\"@type\":\"SearchAction\",\"target\":{\"@type\":\"EntryPoint\",\"urlTemplate\":\"https:\\\/\\\/www.meslibellules.fr\\\/blog\\\/?s={search_term_string}\"},\"query-input\":{\"@type\":\"PropertyValueSpecification\",\"valueRequired\":true,\"valueName\":\"search_term_string\"}}],\"inLanguage\":\"fr-FR\"},{\"@type\":[\"Person\",\"Organization\"],\"@id\":\"https:\\\/\\\/www.meslibellules.fr\\\/blog\\\/#\\\/schema\\\/person\\\/9aa3586f9dd053fcf329f43b8b053c77\",\"name\":\"Beno\u00eet Guillon\",\"image\":{\"@type\":\"ImageObject\",\"inLanguage\":\"fr-FR\",\"@id\":\"https:\\\/\\\/www.meslibellules.fr\\\/blog\\\/wp-content\\\/uploads\\\/cropped-avatar-150-pix.jpg\",\"url\":\"https:\\\/\\\/www.meslibellules.fr\\\/blog\\\/wp-content\\\/uploads\\\/cropped-avatar-150-pix.jpg\",\"contentUrl\":\"https:\\\/\\\/www.meslibellules.fr\\\/blog\\\/wp-content\\\/uploads\\\/cropped-avatar-150-pix.jpg\",\"width\":150,\"height\":137,\"caption\":\"Beno\u00eet Guillon\"},\"logo\":{\"@id\":\"https:\\\/\\\/www.meslibellules.fr\\\/blog\\\/wp-content\\\/uploads\\\/cropped-avatar-150-pix.jpg\"},\"sameAs\":[\"https:\\\/\\\/www.facebook.com\\\/benoit.guillon.96\\\/\"]}]}<\/script>\n<!-- \/ Yoast SEO plugin. -->","yoast_head_json":{"title":"Prodasineura dorsalis - Mes Libellules","description":"Prodasineura dorsalis m\u00e2le au Sarawak, description, identification, taille, habitat, distribution g\u00e9ographique, \u00e9tymologie","robots":{"index":"index","follow":"follow","max-snippet":"max-snippet:-1","max-image-preview":"max-image-preview:large","max-video-preview":"max-video-preview:-1"},"canonical":"https:\/\/www.meslibellules.fr\/blog\/2025\/10\/29\/prodasineura-dorsalis\/","og_locale":"fr_FR","og_type":"article","og_title":"Prodasineura dorsalis - Mes Libellules","og_description":"Prodasineura dorsalis m\u00e2le au Sarawak, description, identification, taille, habitat, distribution g\u00e9ographique, \u00e9tymologie","og_url":"https:\/\/www.meslibellules.fr\/blog\/2025\/10\/29\/prodasineura-dorsalis\/","og_site_name":"Mes Libellules","article_publisher":"https:\/\/www.facebook.com\/benoit.guillon.96\/","article_author":"https:\/\/www.facebook.com\/benoit.guillon.96\/","article_published_time":"2025-10-29T10:44:15+00:00","article_modified_time":"2026-01-04T20:03:48+00:00","og_image":[{"width":2560,"height":1443,"url":"https:\/\/www.meslibellules.fr\/blog\/wp-content\/uploads\/Prodasineura-dorsalis-male-2-scaled.webp","type":"image\/webp"}],"author":"Beno\u00eet Guillon","twitter_card":"summary_large_image","twitter_misc":{"\u00c9crit par":"Beno\u00eet Guillon","Dur\u00e9e de lecture estim\u00e9e":"6 minutes"},"schema":{"@context":"https:\/\/schema.org","@graph":[{"@type":"Article","@id":"https:\/\/www.meslibellules.fr\/blog\/2025\/10\/29\/prodasineura-dorsalis\/#article","isPartOf":{"@id":"https:\/\/www.meslibellules.fr\/blog\/2025\/10\/29\/prodasineura-dorsalis\/"},"author":{"name":"Beno\u00eet Guillon","@id":"https:\/\/www.meslibellules.fr\/blog\/#\/schema\/person\/9aa3586f9dd053fcf329f43b8b053c77"},"headline":"Born\u00e9o, Sarawak &#8211; Prodasineura dorsalis (Selys, 1830)","datePublished":"2025-10-29T10:44:15+00:00","dateModified":"2026-01-04T20:03:48+00:00","mainEntityOfPage":{"@id":"https:\/\/www.meslibellules.fr\/blog\/2025\/10\/29\/prodasineura-dorsalis\/"},"wordCount":707,"commentCount":0,"publisher":{"@id":"https:\/\/www.meslibellules.fr\/blog\/#\/schema\/person\/9aa3586f9dd053fcf329f43b8b053c77"},"image":{"@id":"https:\/\/www.meslibellules.fr\/blog\/2025\/10\/29\/prodasineura-dorsalis\/#primaryimage"},"thumbnailUrl":"https:\/\/www.meslibellules.fr\/blog\/wp-content\/uploads\/Prodasineura-dorsalis-male-2-scaled.webp","keywords":["Born\u00e9o - Sarawak","Platycnemididae - Sarawak"],"articleSection":["Born\u00e9o -Sarawak","Platycnemididae"],"inLanguage":"fr-FR","potentialAction":[{"@type":"CommentAction","name":"Comment","target":["https:\/\/www.meslibellules.fr\/blog\/2025\/10\/29\/prodasineura-dorsalis\/#respond"]}]},{"@type":"WebPage","@id":"https:\/\/www.meslibellules.fr\/blog\/2025\/10\/29\/prodasineura-dorsalis\/","url":"https:\/\/www.meslibellules.fr\/blog\/2025\/10\/29\/prodasineura-dorsalis\/","name":"Prodasineura dorsalis - Mes Libellules","isPartOf":{"@id":"https:\/\/www.meslibellules.fr\/blog\/#website"},"primaryImageOfPage":{"@id":"https:\/\/www.meslibellules.fr\/blog\/2025\/10\/29\/prodasineura-dorsalis\/#primaryimage"},"image":{"@id":"https:\/\/www.meslibellules.fr\/blog\/2025\/10\/29\/prodasineura-dorsalis\/#primaryimage"},"thumbnailUrl":"https:\/\/www.meslibellules.fr\/blog\/wp-content\/uploads\/Prodasineura-dorsalis-male-2-scaled.webp","datePublished":"2025-10-29T10:44:15+00:00","dateModified":"2026-01-04T20:03:48+00:00","description":"Prodasineura dorsalis m\u00e2le au Sarawak, description, identification, taille, habitat, distribution g\u00e9ographique, \u00e9tymologie","breadcrumb":{"@id":"https:\/\/www.meslibellules.fr\/blog\/2025\/10\/29\/prodasineura-dorsalis\/#breadcrumb"},"inLanguage":"fr-FR","potentialAction":[{"@type":"ReadAction","target":["https:\/\/www.meslibellules.fr\/blog\/2025\/10\/29\/prodasineura-dorsalis\/"]}]},{"@type":"ImageObject","inLanguage":"fr-FR","@id":"https:\/\/www.meslibellules.fr\/blog\/2025\/10\/29\/prodasineura-dorsalis\/#primaryimage","url":"https:\/\/www.meslibellules.fr\/blog\/wp-content\/uploads\/Prodasineura-dorsalis-male-2-scaled.webp","contentUrl":"https:\/\/www.meslibellules.fr\/blog\/wp-content\/uploads\/Prodasineura-dorsalis-male-2-scaled.webp"},{"@type":"BreadcrumbList","@id":"https:\/\/www.meslibellules.fr\/blog\/2025\/10\/29\/prodasineura-dorsalis\/#breadcrumb","itemListElement":[{"@type":"ListItem","position":1,"name":"Accueil","item":"https:\/\/www.meslibellules.fr\/blog\/"},{"@type":"ListItem","position":2,"name":"Born\u00e9o, Sarawak &#8211; Prodasineura dorsalis (Selys, 1830)"}]},{"@type":"WebSite","@id":"https:\/\/www.meslibellules.fr\/blog\/#website","url":"https:\/\/www.meslibellules.fr\/blog\/","name":"Mes Libellules","description":"Pr\u00e9sentation des libellules rencontr\u00e9es dans le monde","publisher":{"@id":"https:\/\/www.meslibellules.fr\/blog\/#\/schema\/person\/9aa3586f9dd053fcf329f43b8b053c77"},"potentialAction":[{"@type":"SearchAction","target":{"@type":"EntryPoint","urlTemplate":"https:\/\/www.meslibellules.fr\/blog\/?s={search_term_string}"},"query-input":{"@type":"PropertyValueSpecification","valueRequired":true,"valueName":"search_term_string"}}],"inLanguage":"fr-FR"},{"@type":["Person","Organization"],"@id":"https:\/\/www.meslibellules.fr\/blog\/#\/schema\/person\/9aa3586f9dd053fcf329f43b8b053c77","name":"Beno\u00eet Guillon","image":{"@type":"ImageObject","inLanguage":"fr-FR","@id":"https:\/\/www.meslibellules.fr\/blog\/wp-content\/uploads\/cropped-avatar-150-pix.jpg","url":"https:\/\/www.meslibellules.fr\/blog\/wp-content\/uploads\/cropped-avatar-150-pix.jpg","contentUrl":"https:\/\/www.meslibellules.fr\/blog\/wp-content\/uploads\/cropped-avatar-150-pix.jpg","width":150,"height":137,"caption":"Beno\u00eet Guillon"},"logo":{"@id":"https:\/\/www.meslibellules.fr\/blog\/wp-content\/uploads\/cropped-avatar-150-pix.jpg"},"sameAs":["https:\/\/www.facebook.com\/benoit.guillon.96\/"]}]}},"_links":{"self":[{"href":"https:\/\/www.meslibellules.fr\/blog\/wp-json\/wp\/v2\/posts\/26467","targetHints":{"allow":["GET"]}}],"collection":[{"href":"https:\/\/www.meslibellules.fr\/blog\/wp-json\/wp\/v2\/posts"}],"about":[{"href":"https:\/\/www.meslibellules.fr\/blog\/wp-json\/wp\/v2\/types\/post"}],"author":[{"embeddable":true,"href":"https:\/\/www.meslibellules.fr\/blog\/wp-json\/wp\/v2\/users\/1"}],"replies":[{"embeddable":true,"href":"https:\/\/www.meslibellules.fr\/blog\/wp-json\/wp\/v2\/comments?post=26467"}],"version-history":[{"count":16,"href":"https:\/\/www.meslibellules.fr\/blog\/wp-json\/wp\/v2\/posts\/26467\/revisions"}],"predecessor-version":[{"id":27722,"href":"https:\/\/www.meslibellules.fr\/blog\/wp-json\/wp\/v2\/posts\/26467\/revisions\/27722"}],"wp:attachment":[{"href":"https:\/\/www.meslibellules.fr\/blog\/wp-json\/wp\/v2\/media?parent=26467"}],"wp:term":[{"taxonomy":"category","embeddable":true,"href":"https:\/\/www.meslibellules.fr\/blog\/wp-json\/wp\/v2\/categories?post=26467"},{"taxonomy":"post_tag","embeddable":true,"href":"https:\/\/www.meslibellules.fr\/blog\/wp-json\/wp\/v2\/tags?post=26467"}],"curies":[{"name":"wp","href":"https:\/\/api.w.org\/{rel}","templated":true}]}}