{"id":2649,"date":"2019-03-27T14:53:36","date_gmt":"2019-03-27T13:53:36","guid":{"rendered":"http:\/\/www.meslibellules.fr\/blog\/?p=2649"},"modified":"2019-09-05T07:37:18","modified_gmt":"2019-09-05T05:37:18","slug":"vietnam-2018-pseudagrion-rubriceps-selys-1876","status":"publish","type":"post","link":"https:\/\/www.meslibellules.fr\/blog\/2019\/03\/27\/vietnam-2018-pseudagrion-rubriceps-selys-1876\/","title":{"rendered":"Vietnam 2018 &#8211; Pseudagrion rubriceps (Selys, 1876)  2\/2"},"content":{"rendered":"\n<figure class=\"wp-block-image\"><a href=\"https:\/\/www.meslibellules.fr\/blog\/wp-content\/uploads\/2019\/03\/pseudagrion-femelle.jpg\"><img decoding=\"async\" width=\"1988\" height=\"1204\" data-src=\"https:\/\/www.meslibellules.fr\/blog\/wp-content\/uploads\/2019\/03\/pseudagrion-femelle.jpg\" alt=\"Pseudagrion-rubriceps femelle, Vietnam, Tam Dao, 02\/06\/2018\" class=\"wp-image-2650 lazyload\" data-srcset=\"https:\/\/www.meslibellules.fr\/blog\/wp-content\/uploads\/2019\/03\/pseudagrion-femelle.jpg 1988w, https:\/\/www.meslibellules.fr\/blog\/wp-content\/uploads\/2019\/03\/pseudagrion-femelle-768x465.jpg 768w, https:\/\/www.meslibellules.fr\/blog\/wp-content\/uploads\/2019\/03\/pseudagrion-femelle-1200x727.jpg 1200w\" data-sizes=\"(max-width: 1988px) 100vw, 1988px\" src=\"data:image\/svg+xml;base64,PHN2ZyB3aWR0aD0iMSIgaGVpZ2h0PSIxIiB4bWxucz0iaHR0cDovL3d3dy53My5vcmcvMjAwMC9zdmciPjwvc3ZnPg==\" style=\"--smush-placeholder-width: 1988px; --smush-placeholder-aspect-ratio: 1988\/1204;\" \/><\/a><figcaption>Pseudagrion rubriceps femelle, Vietnam, Tam Dao, 02\/06\/2018<\/figcaption><\/figure>\n\n\n\n<p style=\"font-size:14px\">C&rsquo;est une des premi\u00e8res photos de ce nouveau s\u00e9jour au Vietnam, et je n&rsquo;ai que cette femelle en souvenir. J&rsquo;ai bien vu des m\u00e2les sur cette petite rivi\u00e8re de Tam Dao, mais je les ai n\u00e9glig\u00e9s, en ayant d\u00e9j\u00e0 photographi\u00e9s au Vietnam et ailleurs (Laos et Rajasthan), et surtout pensant en revoir plus tard&#8230; C&rsquo;est une femelle bien mature, ce qu&rsquo;on v\u00e9rifie par la pr\u00e9sence de boue sur son abdomen, qui t\u00e9moigne de pontes r\u00e9p\u00e9t\u00e9es.<br>D&rsquo;autres femelles dans les pages <a href=\"http:\/\/www.meslibellules.fr\/voyages\/laos\/pseudagrion-rubriceps\/pseudagrion-rubriceps-femelle-2.php\">Laos<\/a>.<\/p>\n\n\n\n\n\n<div class=\"wp-block-buttons is-vertical is-layout-flex wp-container-core-buttons-is-layout-fe9cc265 wp-block-buttons-is-layout-flex\">\n<div class=\"wp-block-button\"><a class=\"wp-block-button__link wp-element-button\" href=\"https:\/\/www.meslibellules.fr\/blog\/odonates-du-vietnam-2012-2018\/\">Accueil Vietnam<\/a><\/div>\n\n\n\n<div class=\"wp-block-button\"><a class=\"wp-block-button__link wp-element-button\" href=\"http:\/\/www.meslibellules.fr\/pagesweb\/divers\/liste-generale-odonates-du-site\/asia-odonates.php\">Liste Asie<\/a><\/div>\n\n\n\n<div class=\"wp-block-button\"><a class=\"wp-block-button__link wp-element-button\" href=\"https:\/\/www.meslibellules.fr\/blog\/\">Accueil<\/a><\/div>\n<\/div>\n","protected":false},"excerpt":{"rendered":"<p>C&rsquo;est une des premi\u00e8res photos de ce nouveau s\u00e9jour au Vietnam, et je n&rsquo;ai que cette femelle en souvenir. J&rsquo;ai bien vu des m\u00e2les sur cette petite rivi\u00e8re de Tam Dao, mais je les ai n\u00e9glig\u00e9s, en ayant d\u00e9j\u00e0 photographi\u00e9s au Vietnam et ailleurs (Laos et Rajasthan), et surtout pensant en revoir plus tard&#8230; C&rsquo;est [&hellip;]<\/p>\n","protected":false},"author":1,"featured_media":0,"comment_status":"open","ping_status":"open","sticky":false,"template":"","format":"image","meta":{"site-sidebar-layout":"default","site-content-layout":"","ast-site-content-layout":"default","site-content-style":"default","site-sidebar-style":"default","ast-global-header-display":"","ast-banner-title-visibility":"","ast-main-header-display":"","ast-hfb-above-header-display":"","ast-hfb-below-header-display":"","ast-hfb-mobile-header-display":"","site-post-title":"","ast-breadcrumbs-content":"","ast-featured-img":"","footer-sml-layout":"","ast-disable-related-posts":"","theme-transparent-header-meta":"","adv-header-id-meta":"","stick-header-meta":"","header-above-stick-meta":"","header-main-stick-meta":"","header-below-stick-meta":"","astra-migrate-meta-layouts":"default","ast-page-background-enabled":"default","ast-page-background-meta":{"desktop":{"background-color":"var(--ast-global-color-4)","background-image":"","background-repeat":"repeat","background-position":"center center","background-size":"auto","background-attachment":"scroll","background-type":"","background-media":"","overlay-type":"","overlay-color":"","overlay-opacity":"","overlay-gradient":""},"tablet":{"background-color":"","background-image":"","background-repeat":"repeat","background-position":"center center","background-size":"auto","background-attachment":"scroll","background-type":"","background-media":"","overlay-type":"","overlay-color":"","overlay-opacity":"","overlay-gradient":""},"mobile":{"background-color":"","background-image":"","background-repeat":"repeat","background-position":"center center","background-size":"auto","background-attachment":"scroll","background-type":"","background-media":"","overlay-type":"","overlay-color":"","overlay-opacity":"","overlay-gradient":""}},"ast-content-background-meta":{"desktop":{"background-color":"var(--ast-global-color-5)","background-image":"","background-repeat":"repeat","background-position":"center center","background-size":"auto","background-attachment":"scroll","background-type":"","background-media":"","overlay-type":"","overlay-color":"","overlay-opacity":"","overlay-gradient":""},"tablet":{"background-color":"var(--ast-global-color-5)","background-image":"","background-repeat":"repeat","background-position":"center center","background-size":"auto","background-attachment":"scroll","background-type":"","background-media":"","overlay-type":"","overlay-color":"","overlay-opacity":"","overlay-gradient":""},"mobile":{"background-color":"var(--ast-global-color-5)","background-image":"","background-repeat":"repeat","background-position":"center center","background-size":"auto","background-attachment":"scroll","background-type":"","background-media":"","overlay-type":"","overlay-color":"","overlay-opacity":"","overlay-gradient":""}},"footnotes":""},"categories":[20,54],"tags":[],"class_list":["post-2649","post","type-post","status-publish","format-image","hentry","category-coenagrionidae","category-vietnam","post_format-post-format-image"],"yoast_head":"<!-- This site is optimized with the Yoast SEO plugin v27.4 - https:\/\/yoast.com\/product\/yoast-seo-wordpress\/ -->\n<title>Vietnam 2018 - Pseudagrion rubriceps (Selys, 1876) 2\/2 - Mes Libellules<\/title>\n<meta name=\"robots\" content=\"index, follow, max-snippet:-1, max-image-preview:large, max-video-preview:-1\" \/>\n<link rel=\"canonical\" href=\"https:\/\/www.meslibellules.fr\/blog\/2019\/03\/27\/vietnam-2018-pseudagrion-rubriceps-selys-1876\/\" \/>\n<meta property=\"og:locale\" content=\"fr_FR\" \/>\n<meta property=\"og:type\" content=\"article\" \/>\n<meta property=\"og:title\" content=\"Vietnam 2018 - Pseudagrion rubriceps (Selys, 1876) 2\/2 - Mes Libellules\" \/>\n<meta property=\"og:description\" content=\"C&rsquo;est une des premi\u00e8res photos de ce nouveau s\u00e9jour au Vietnam, et je n&rsquo;ai que cette femelle en souvenir. J&rsquo;ai bien vu des m\u00e2les sur cette petite rivi\u00e8re de Tam Dao, mais je les ai n\u00e9glig\u00e9s, en ayant d\u00e9j\u00e0 photographi\u00e9s au Vietnam et ailleurs (Laos et Rajasthan), et surtout pensant en revoir plus tard&#8230; C&rsquo;est [&hellip;]\" \/>\n<meta property=\"og:url\" content=\"https:\/\/www.meslibellules.fr\/blog\/2019\/03\/27\/vietnam-2018-pseudagrion-rubriceps-selys-1876\/\" \/>\n<meta property=\"og:site_name\" content=\"Mes Libellules\" \/>\n<meta property=\"article:publisher\" content=\"https:\/\/www.facebook.com\/benoit.guillon.96\/\" \/>\n<meta property=\"article:author\" content=\"https:\/\/www.facebook.com\/benoit.guillon.96\/\" \/>\n<meta property=\"article:published_time\" content=\"2019-03-27T13:53:36+00:00\" \/>\n<meta property=\"article:modified_time\" content=\"2019-09-05T05:37:18+00:00\" \/>\n<meta property=\"og:image\" content=\"http:\/\/www.meslibellules.fr\/blog\/wp-content\/uploads\/2019\/03\/pseudagrion-femelle.jpg\" \/>\n<meta name=\"author\" content=\"Beno\u00eet Guillon\" \/>\n<meta name=\"twitter:card\" content=\"summary_large_image\" \/>\n<meta name=\"twitter:label1\" content=\"\u00c9crit par\" \/>\n\t<meta name=\"twitter:data1\" content=\"Beno\u00eet Guillon\" \/>\n\t<meta name=\"twitter:label2\" content=\"Dur\u00e9e de lecture estim\u00e9e\" \/>\n\t<meta name=\"twitter:data2\" content=\"1 minute\" \/>\n<script type=\"application\/ld+json\" class=\"yoast-schema-graph\">{\"@context\":\"https:\\\/\\\/schema.org\",\"@graph\":[{\"@type\":\"Article\",\"@id\":\"https:\\\/\\\/www.meslibellules.fr\\\/blog\\\/2019\\\/03\\\/27\\\/vietnam-2018-pseudagrion-rubriceps-selys-1876\\\/#article\",\"isPartOf\":{\"@id\":\"https:\\\/\\\/www.meslibellules.fr\\\/blog\\\/2019\\\/03\\\/27\\\/vietnam-2018-pseudagrion-rubriceps-selys-1876\\\/\"},\"author\":{\"name\":\"Beno\u00eet Guillon\",\"@id\":\"https:\\\/\\\/www.meslibellules.fr\\\/blog\\\/#\\\/schema\\\/person\\\/9aa3586f9dd053fcf329f43b8b053c77\"},\"headline\":\"Vietnam 2018 &#8211; Pseudagrion rubriceps (Selys, 1876) 2\\\/2\",\"datePublished\":\"2019-03-27T13:53:36+00:00\",\"dateModified\":\"2019-09-05T05:37:18+00:00\",\"mainEntityOfPage\":{\"@id\":\"https:\\\/\\\/www.meslibellules.fr\\\/blog\\\/2019\\\/03\\\/27\\\/vietnam-2018-pseudagrion-rubriceps-selys-1876\\\/\"},\"wordCount\":112,\"commentCount\":0,\"publisher\":{\"@id\":\"https:\\\/\\\/www.meslibellules.fr\\\/blog\\\/#\\\/schema\\\/person\\\/9aa3586f9dd053fcf329f43b8b053c77\"},\"image\":{\"@id\":\"https:\\\/\\\/www.meslibellules.fr\\\/blog\\\/2019\\\/03\\\/27\\\/vietnam-2018-pseudagrion-rubriceps-selys-1876\\\/#primaryimage\"},\"thumbnailUrl\":\"http:\\\/\\\/www.meslibellules.fr\\\/blog\\\/wp-content\\\/uploads\\\/2019\\\/03\\\/pseudagrion-femelle.jpg\",\"articleSection\":[\"Coenagrionidae\",\"Vietnam\"],\"inLanguage\":\"fr-FR\",\"potentialAction\":[{\"@type\":\"CommentAction\",\"name\":\"Comment\",\"target\":[\"https:\\\/\\\/www.meslibellules.fr\\\/blog\\\/2019\\\/03\\\/27\\\/vietnam-2018-pseudagrion-rubriceps-selys-1876\\\/#respond\"]}]},{\"@type\":\"WebPage\",\"@id\":\"https:\\\/\\\/www.meslibellules.fr\\\/blog\\\/2019\\\/03\\\/27\\\/vietnam-2018-pseudagrion-rubriceps-selys-1876\\\/\",\"url\":\"https:\\\/\\\/www.meslibellules.fr\\\/blog\\\/2019\\\/03\\\/27\\\/vietnam-2018-pseudagrion-rubriceps-selys-1876\\\/\",\"name\":\"Vietnam 2018 - Pseudagrion rubriceps (Selys, 1876) 2\\\/2 - Mes Libellules\",\"isPartOf\":{\"@id\":\"https:\\\/\\\/www.meslibellules.fr\\\/blog\\\/#website\"},\"primaryImageOfPage\":{\"@id\":\"https:\\\/\\\/www.meslibellules.fr\\\/blog\\\/2019\\\/03\\\/27\\\/vietnam-2018-pseudagrion-rubriceps-selys-1876\\\/#primaryimage\"},\"image\":{\"@id\":\"https:\\\/\\\/www.meslibellules.fr\\\/blog\\\/2019\\\/03\\\/27\\\/vietnam-2018-pseudagrion-rubriceps-selys-1876\\\/#primaryimage\"},\"thumbnailUrl\":\"http:\\\/\\\/www.meslibellules.fr\\\/blog\\\/wp-content\\\/uploads\\\/2019\\\/03\\\/pseudagrion-femelle.jpg\",\"datePublished\":\"2019-03-27T13:53:36+00:00\",\"dateModified\":\"2019-09-05T05:37:18+00:00\",\"breadcrumb\":{\"@id\":\"https:\\\/\\\/www.meslibellules.fr\\\/blog\\\/2019\\\/03\\\/27\\\/vietnam-2018-pseudagrion-rubriceps-selys-1876\\\/#breadcrumb\"},\"inLanguage\":\"fr-FR\",\"potentialAction\":[{\"@type\":\"ReadAction\",\"target\":[\"https:\\\/\\\/www.meslibellules.fr\\\/blog\\\/2019\\\/03\\\/27\\\/vietnam-2018-pseudagrion-rubriceps-selys-1876\\\/\"]}]},{\"@type\":\"ImageObject\",\"inLanguage\":\"fr-FR\",\"@id\":\"https:\\\/\\\/www.meslibellules.fr\\\/blog\\\/2019\\\/03\\\/27\\\/vietnam-2018-pseudagrion-rubriceps-selys-1876\\\/#primaryimage\",\"url\":\"http:\\\/\\\/www.meslibellules.fr\\\/blog\\\/wp-content\\\/uploads\\\/2019\\\/03\\\/pseudagrion-femelle.jpg\",\"contentUrl\":\"http:\\\/\\\/www.meslibellules.fr\\\/blog\\\/wp-content\\\/uploads\\\/2019\\\/03\\\/pseudagrion-femelle.jpg\"},{\"@type\":\"BreadcrumbList\",\"@id\":\"https:\\\/\\\/www.meslibellules.fr\\\/blog\\\/2019\\\/03\\\/27\\\/vietnam-2018-pseudagrion-rubriceps-selys-1876\\\/#breadcrumb\",\"itemListElement\":[{\"@type\":\"ListItem\",\"position\":1,\"name\":\"Accueil\",\"item\":\"https:\\\/\\\/www.meslibellules.fr\\\/blog\\\/\"},{\"@type\":\"ListItem\",\"position\":2,\"name\":\"Vietnam 2018 &#8211; Pseudagrion rubriceps (Selys, 1876) 2\\\/2\"}]},{\"@type\":\"WebSite\",\"@id\":\"https:\\\/\\\/www.meslibellules.fr\\\/blog\\\/#website\",\"url\":\"https:\\\/\\\/www.meslibellules.fr\\\/blog\\\/\",\"name\":\"Mes Libellules\",\"description\":\"Pr\u00e9sentation des libellules rencontr\u00e9es dans le monde\",\"publisher\":{\"@id\":\"https:\\\/\\\/www.meslibellules.fr\\\/blog\\\/#\\\/schema\\\/person\\\/9aa3586f9dd053fcf329f43b8b053c77\"},\"potentialAction\":[{\"@type\":\"SearchAction\",\"target\":{\"@type\":\"EntryPoint\",\"urlTemplate\":\"https:\\\/\\\/www.meslibellules.fr\\\/blog\\\/?s={search_term_string}\"},\"query-input\":{\"@type\":\"PropertyValueSpecification\",\"valueRequired\":true,\"valueName\":\"search_term_string\"}}],\"inLanguage\":\"fr-FR\"},{\"@type\":[\"Person\",\"Organization\"],\"@id\":\"https:\\\/\\\/www.meslibellules.fr\\\/blog\\\/#\\\/schema\\\/person\\\/9aa3586f9dd053fcf329f43b8b053c77\",\"name\":\"Beno\u00eet Guillon\",\"image\":{\"@type\":\"ImageObject\",\"inLanguage\":\"fr-FR\",\"@id\":\"https:\\\/\\\/www.meslibellules.fr\\\/blog\\\/wp-content\\\/uploads\\\/cropped-avatar-150-pix.jpg\",\"url\":\"https:\\\/\\\/www.meslibellules.fr\\\/blog\\\/wp-content\\\/uploads\\\/cropped-avatar-150-pix.jpg\",\"contentUrl\":\"https:\\\/\\\/www.meslibellules.fr\\\/blog\\\/wp-content\\\/uploads\\\/cropped-avatar-150-pix.jpg\",\"width\":150,\"height\":137,\"caption\":\"Beno\u00eet Guillon\"},\"logo\":{\"@id\":\"https:\\\/\\\/www.meslibellules.fr\\\/blog\\\/wp-content\\\/uploads\\\/cropped-avatar-150-pix.jpg\"},\"sameAs\":[\"https:\\\/\\\/www.facebook.com\\\/benoit.guillon.96\\\/\"]}]}<\/script>\n<!-- \/ Yoast SEO plugin. -->","yoast_head_json":{"title":"Vietnam 2018 - Pseudagrion rubriceps (Selys, 1876) 2\/2 - Mes Libellules","robots":{"index":"index","follow":"follow","max-snippet":"max-snippet:-1","max-image-preview":"max-image-preview:large","max-video-preview":"max-video-preview:-1"},"canonical":"https:\/\/www.meslibellules.fr\/blog\/2019\/03\/27\/vietnam-2018-pseudagrion-rubriceps-selys-1876\/","og_locale":"fr_FR","og_type":"article","og_title":"Vietnam 2018 - Pseudagrion rubriceps (Selys, 1876) 2\/2 - Mes Libellules","og_description":"C&rsquo;est une des premi\u00e8res photos de ce nouveau s\u00e9jour au Vietnam, et je n&rsquo;ai que cette femelle en souvenir. J&rsquo;ai bien vu des m\u00e2les sur cette petite rivi\u00e8re de Tam Dao, mais je les ai n\u00e9glig\u00e9s, en ayant d\u00e9j\u00e0 photographi\u00e9s au Vietnam et ailleurs (Laos et Rajasthan), et surtout pensant en revoir plus tard&#8230; C&rsquo;est [&hellip;]","og_url":"https:\/\/www.meslibellules.fr\/blog\/2019\/03\/27\/vietnam-2018-pseudagrion-rubriceps-selys-1876\/","og_site_name":"Mes Libellules","article_publisher":"https:\/\/www.facebook.com\/benoit.guillon.96\/","article_author":"https:\/\/www.facebook.com\/benoit.guillon.96\/","article_published_time":"2019-03-27T13:53:36+00:00","article_modified_time":"2019-09-05T05:37:18+00:00","og_image":[{"url":"http:\/\/www.meslibellules.fr\/blog\/wp-content\/uploads\/2019\/03\/pseudagrion-femelle.jpg","type":"","width":"","height":""}],"author":"Beno\u00eet Guillon","twitter_card":"summary_large_image","twitter_misc":{"\u00c9crit par":"Beno\u00eet Guillon","Dur\u00e9e de lecture estim\u00e9e":"1 minute"},"schema":{"@context":"https:\/\/schema.org","@graph":[{"@type":"Article","@id":"https:\/\/www.meslibellules.fr\/blog\/2019\/03\/27\/vietnam-2018-pseudagrion-rubriceps-selys-1876\/#article","isPartOf":{"@id":"https:\/\/www.meslibellules.fr\/blog\/2019\/03\/27\/vietnam-2018-pseudagrion-rubriceps-selys-1876\/"},"author":{"name":"Beno\u00eet Guillon","@id":"https:\/\/www.meslibellules.fr\/blog\/#\/schema\/person\/9aa3586f9dd053fcf329f43b8b053c77"},"headline":"Vietnam 2018 &#8211; Pseudagrion rubriceps (Selys, 1876) 2\/2","datePublished":"2019-03-27T13:53:36+00:00","dateModified":"2019-09-05T05:37:18+00:00","mainEntityOfPage":{"@id":"https:\/\/www.meslibellules.fr\/blog\/2019\/03\/27\/vietnam-2018-pseudagrion-rubriceps-selys-1876\/"},"wordCount":112,"commentCount":0,"publisher":{"@id":"https:\/\/www.meslibellules.fr\/blog\/#\/schema\/person\/9aa3586f9dd053fcf329f43b8b053c77"},"image":{"@id":"https:\/\/www.meslibellules.fr\/blog\/2019\/03\/27\/vietnam-2018-pseudagrion-rubriceps-selys-1876\/#primaryimage"},"thumbnailUrl":"http:\/\/www.meslibellules.fr\/blog\/wp-content\/uploads\/2019\/03\/pseudagrion-femelle.jpg","articleSection":["Coenagrionidae","Vietnam"],"inLanguage":"fr-FR","potentialAction":[{"@type":"CommentAction","name":"Comment","target":["https:\/\/www.meslibellules.fr\/blog\/2019\/03\/27\/vietnam-2018-pseudagrion-rubriceps-selys-1876\/#respond"]}]},{"@type":"WebPage","@id":"https:\/\/www.meslibellules.fr\/blog\/2019\/03\/27\/vietnam-2018-pseudagrion-rubriceps-selys-1876\/","url":"https:\/\/www.meslibellules.fr\/blog\/2019\/03\/27\/vietnam-2018-pseudagrion-rubriceps-selys-1876\/","name":"Vietnam 2018 - Pseudagrion rubriceps (Selys, 1876) 2\/2 - Mes Libellules","isPartOf":{"@id":"https:\/\/www.meslibellules.fr\/blog\/#website"},"primaryImageOfPage":{"@id":"https:\/\/www.meslibellules.fr\/blog\/2019\/03\/27\/vietnam-2018-pseudagrion-rubriceps-selys-1876\/#primaryimage"},"image":{"@id":"https:\/\/www.meslibellules.fr\/blog\/2019\/03\/27\/vietnam-2018-pseudagrion-rubriceps-selys-1876\/#primaryimage"},"thumbnailUrl":"http:\/\/www.meslibellules.fr\/blog\/wp-content\/uploads\/2019\/03\/pseudagrion-femelle.jpg","datePublished":"2019-03-27T13:53:36+00:00","dateModified":"2019-09-05T05:37:18+00:00","breadcrumb":{"@id":"https:\/\/www.meslibellules.fr\/blog\/2019\/03\/27\/vietnam-2018-pseudagrion-rubriceps-selys-1876\/#breadcrumb"},"inLanguage":"fr-FR","potentialAction":[{"@type":"ReadAction","target":["https:\/\/www.meslibellules.fr\/blog\/2019\/03\/27\/vietnam-2018-pseudagrion-rubriceps-selys-1876\/"]}]},{"@type":"ImageObject","inLanguage":"fr-FR","@id":"https:\/\/www.meslibellules.fr\/blog\/2019\/03\/27\/vietnam-2018-pseudagrion-rubriceps-selys-1876\/#primaryimage","url":"http:\/\/www.meslibellules.fr\/blog\/wp-content\/uploads\/2019\/03\/pseudagrion-femelle.jpg","contentUrl":"http:\/\/www.meslibellules.fr\/blog\/wp-content\/uploads\/2019\/03\/pseudagrion-femelle.jpg"},{"@type":"BreadcrumbList","@id":"https:\/\/www.meslibellules.fr\/blog\/2019\/03\/27\/vietnam-2018-pseudagrion-rubriceps-selys-1876\/#breadcrumb","itemListElement":[{"@type":"ListItem","position":1,"name":"Accueil","item":"https:\/\/www.meslibellules.fr\/blog\/"},{"@type":"ListItem","position":2,"name":"Vietnam 2018 &#8211; Pseudagrion rubriceps (Selys, 1876) 2\/2"}]},{"@type":"WebSite","@id":"https:\/\/www.meslibellules.fr\/blog\/#website","url":"https:\/\/www.meslibellules.fr\/blog\/","name":"Mes Libellules","description":"Pr\u00e9sentation des libellules rencontr\u00e9es dans le monde","publisher":{"@id":"https:\/\/www.meslibellules.fr\/blog\/#\/schema\/person\/9aa3586f9dd053fcf329f43b8b053c77"},"potentialAction":[{"@type":"SearchAction","target":{"@type":"EntryPoint","urlTemplate":"https:\/\/www.meslibellules.fr\/blog\/?s={search_term_string}"},"query-input":{"@type":"PropertyValueSpecification","valueRequired":true,"valueName":"search_term_string"}}],"inLanguage":"fr-FR"},{"@type":["Person","Organization"],"@id":"https:\/\/www.meslibellules.fr\/blog\/#\/schema\/person\/9aa3586f9dd053fcf329f43b8b053c77","name":"Beno\u00eet Guillon","image":{"@type":"ImageObject","inLanguage":"fr-FR","@id":"https:\/\/www.meslibellules.fr\/blog\/wp-content\/uploads\/cropped-avatar-150-pix.jpg","url":"https:\/\/www.meslibellules.fr\/blog\/wp-content\/uploads\/cropped-avatar-150-pix.jpg","contentUrl":"https:\/\/www.meslibellules.fr\/blog\/wp-content\/uploads\/cropped-avatar-150-pix.jpg","width":150,"height":137,"caption":"Beno\u00eet Guillon"},"logo":{"@id":"https:\/\/www.meslibellules.fr\/blog\/wp-content\/uploads\/cropped-avatar-150-pix.jpg"},"sameAs":["https:\/\/www.facebook.com\/benoit.guillon.96\/"]}]}},"_links":{"self":[{"href":"https:\/\/www.meslibellules.fr\/blog\/wp-json\/wp\/v2\/posts\/2649","targetHints":{"allow":["GET"]}}],"collection":[{"href":"https:\/\/www.meslibellules.fr\/blog\/wp-json\/wp\/v2\/posts"}],"about":[{"href":"https:\/\/www.meslibellules.fr\/blog\/wp-json\/wp\/v2\/types\/post"}],"author":[{"embeddable":true,"href":"https:\/\/www.meslibellules.fr\/blog\/wp-json\/wp\/v2\/users\/1"}],"replies":[{"embeddable":true,"href":"https:\/\/www.meslibellules.fr\/blog\/wp-json\/wp\/v2\/comments?post=2649"}],"version-history":[{"count":0,"href":"https:\/\/www.meslibellules.fr\/blog\/wp-json\/wp\/v2\/posts\/2649\/revisions"}],"wp:attachment":[{"href":"https:\/\/www.meslibellules.fr\/blog\/wp-json\/wp\/v2\/media?parent=2649"}],"wp:term":[{"taxonomy":"category","embeddable":true,"href":"https:\/\/www.meslibellules.fr\/blog\/wp-json\/wp\/v2\/categories?post=2649"},{"taxonomy":"post_tag","embeddable":true,"href":"https:\/\/www.meslibellules.fr\/blog\/wp-json\/wp\/v2\/tags?post=2649"}],"curies":[{"name":"wp","href":"https:\/\/api.w.org\/{rel}","templated":true}]}}