{"id":2671,"date":"2019-04-01T18:25:14","date_gmt":"2019-04-01T16:25:14","guid":{"rendered":"http:\/\/www.meslibellules.fr\/blog\/?p=2671"},"modified":"2023-09-10T07:47:50","modified_gmt":"2023-09-10T05:47:50","slug":"vietnam-2018-trithemis-pallidinervis-kirby-1889","status":"publish","type":"post","link":"https:\/\/www.meslibellules.fr\/blog\/2019\/04\/01\/vietnam-2018-trithemis-pallidinervis-kirby-1889\/","title":{"rendered":"Vietnam 2018 - Trithemis pallidinervis (Kirby, 1889)"},"content":{"rendered":"\n<figure class=\"wp-block-image\"><a href=\"https:\/\/www.meslibellules.fr\/blog\/wp-content\/uploads\/2019\/04\/trithemis-pallidinervis-femelle-3.jpg\"><img decoding=\"async\" width=\"1312\" height=\"1204\" data-src=\"https:\/\/www.meslibellules.fr\/blog\/wp-content\/uploads\/2019\/04\/trithemis-pallidinervis-femelle-3.jpg\" alt=\"Trithemis pallidinervis femelle, Vietnam, Van Long, 15\/06\/2018\" class=\"wp-image-2670 lazyload\" data-srcset=\"https:\/\/www.meslibellules.fr\/blog\/wp-content\/uploads\/2019\/04\/trithemis-pallidinervis-femelle-3.jpg 1312w, https:\/\/www.meslibellules.fr\/blog\/wp-content\/uploads\/2019\/04\/trithemis-pallidinervis-femelle-3-768x705.jpg 768w, https:\/\/www.meslibellules.fr\/blog\/wp-content\/uploads\/2019\/04\/trithemis-pallidinervis-femelle-3-1200x1101.jpg 1200w\" data-sizes=\"(max-width: 1312px) 100vw, 1312px\" src=\"data:image\/svg+xml;base64,PHN2ZyB3aWR0aD0iMSIgaGVpZ2h0PSIxIiB4bWxucz0iaHR0cDovL3d3dy53My5vcmcvMjAwMC9zdmciPjwvc3ZnPg==\" style=\"--smush-placeholder-width: 1312px; --smush-placeholder-aspect-ratio: 1312\/1204;\" \/><\/a><figcaption class=\"wp-element-caption\">Trithemis pallidinervis femelle, Vietnam, Van Long, 15\/06\/2018<\/figcaption><\/figure>\n\n\n\n<p class=\"wp-block-paragraph\" style=\"font-size:14px\">J'avais rencontr\u00e9 tr\u00e8s bri\u00e8vement et dans de mauvaises conditions le m\u00e2le Trithemis pallidinervis (Libellulidae) <a href=\"http:\/\/www.meslibellules.fr\/voyages\/rajasthan\/trithemis-pallidinervis\/trithemis-pallidinervis.php\">au Rajasthan<\/a> (Inde)\u202f; cette fois-ci, je n'ai vu qu'une jeune femelle, d'un peu plus pr\u00e8s, et en tout cas d'un peu plus haut... Elle se posait sur les rameaux \u00e9mergeant d'un grand \u00e9tang, \u00e0 Van Long, au niveau de la mer.<br>On remarque une particularit\u00e9 de ce tr\u00e8s \u00e9l\u00e9gant Dancing Dropwing ; la nervure costale, nervure la plus ant\u00e9rieure de l'aile est jaune clair au-del\u00e0 du pt\u00e9rostigma.<br>L'esp\u00e8ce mesure un peu plus de 40 mm.<\/p>\n\n\n\n<figure class=\"wp-block-image is-resized\"><a href=\"https:\/\/www.meslibellules.fr\/blog\/wp-content\/uploads\/2019\/04\/trithemis-pallidinervis-femelle.jpg\"><img decoding=\"async\" data-src=\"https:\/\/www.meslibellules.fr\/blog\/wp-content\/uploads\/2019\/04\/trithemis-pallidinervis-femelle.jpg\" alt=\"Trithemis pallidinervis femelle, Vietnam, Van Long, 15\/06\/2018\" class=\"wp-image-2668 lazyload\" style=\"--smush-placeholder-width: 1498px; --smush-placeholder-aspect-ratio: 1498\/1204;width:615px\" width=\"615\" data-srcset=\"https:\/\/www.meslibellules.fr\/blog\/wp-content\/uploads\/2019\/04\/trithemis-pallidinervis-femelle.jpg 1498w, https:\/\/www.meslibellules.fr\/blog\/wp-content\/uploads\/2019\/04\/trithemis-pallidinervis-femelle-768x617.jpg 768w, https:\/\/www.meslibellules.fr\/blog\/wp-content\/uploads\/2019\/04\/trithemis-pallidinervis-femelle-1200x964.jpg 1200w\" data-sizes=\"(max-width: 1498px) 100vw, 1498px\" src=\"data:image\/svg+xml;base64,PHN2ZyB3aWR0aD0iMSIgaGVpZ2h0PSIxIiB4bWxucz0iaHR0cDovL3d3dy53My5vcmcvMjAwMC9zdmciPjwvc3ZnPg==\" \/><\/a><figcaption class=\"wp-element-caption\">Trithemis pallidinervis femelle, Vietnam, Van Long, 15\/06\/2018<\/figcaption><\/figure>\n\n\n\n<p class=\"wp-block-paragraph\" style=\"font-size:14px\">On le rencontre depuis l'Iran jusqu'\u00e0 Ta\u00efwan et au sud jusqu'\u00e0 Sumatra et les Philippines.<br><a href=\"https:\/\/www.iucnredlist.org\/species\/167370\/6336121\">IUCN Red List<\/a><\/p>\n\n\n\n<figure class=\"wp-block-image is-resized\"><a href=\"https:\/\/www.meslibellules.fr\/blog\/wp-content\/uploads\/2019\/04\/trithemis-pallidinervis-femelle-2.jpg\"><img decoding=\"async\" data-src=\"https:\/\/www.meslibellules.fr\/blog\/wp-content\/uploads\/2019\/04\/trithemis-pallidinervis-femelle-2.jpg\" alt=\"Trithemis pallidinervis femelle, Vietnam, Van Long, 15\/06\/2018\" class=\"wp-image-2669 lazyload\" style=\"--smush-placeholder-width: 1453px; --smush-placeholder-aspect-ratio: 1453\/1204;width:615px\" width=\"615\" data-srcset=\"https:\/\/www.meslibellules.fr\/blog\/wp-content\/uploads\/2019\/04\/trithemis-pallidinervis-femelle-2.jpg 1453w, https:\/\/www.meslibellules.fr\/blog\/wp-content\/uploads\/2019\/04\/trithemis-pallidinervis-femelle-2-768x636.jpg 768w, https:\/\/www.meslibellules.fr\/blog\/wp-content\/uploads\/2019\/04\/trithemis-pallidinervis-femelle-2-1200x994.jpg 1200w\" data-sizes=\"(max-width: 1453px) 100vw, 1453px\" src=\"data:image\/svg+xml;base64,PHN2ZyB3aWR0aD0iMSIgaGVpZ2h0PSIxIiB4bWxucz0iaHR0cDovL3d3dy53My5vcmcvMjAwMC9zdmciPjwvc3ZnPg==\" \/><\/a><figcaption class=\"wp-element-caption\">Dancing Dropwing femelle, Vietnam, Van Long, 15\/06\/2018<\/figcaption><\/figure>\n\n\n\n<p class=\"wp-block-paragraph\">L'origine de son nom d'esp\u00e8ce provient de la finesse de sa nervation l\u00e9g\u00e8rement color\u00e9e qui est certainement responsable de l'impression de l\u00e9g\u00e8ret\u00e9 qu'elle donne.<br>Trithemis, du Latin\u00a0<em>Tri<\/em>\u00a0pour \"trois\" en r\u00e9f\u00e9rence au pronotum trilob\u00e9 et\u00a0<em>Themis<\/em>\u00a0d\u00e9esse grecque de l'ordre, de la justice. Hagen en 1861 a cr\u00e9\u00e9 plusieurs noms de genres termin\u00e9s par le suffixe Themis, sans doute parce que d'autres noms de libellules comportaient des noms de dieux comme Echo ou Nehalennia. Le nom de la d\u00e9esse de l'ordre est particuli\u00e8rement bien adapt\u00e9 \u00e0 la taxonomie, science qui vise \u00e0 d\u00e9crire et ordonner les familles, genres et esp\u00e8ces.<br>Pallidinervis, du latin\u00a0<em>pallid, pallidi<\/em>\u00a0signifiant p\u00e2le, et nervis du latin\u00a0<em>nerv, nervus<\/em>\u00a0signifiant nerf, tendon, ceci pour \u00e9voquer la transparence ou la faible coloration de la nervation de cette esp\u00e8ce.<\/p>\n\n\n\n<div style=\"height:46px\" aria-hidden=\"true\" class=\"wp-block-spacer\"><\/div>\n\n\n\n<div class=\"wp-block-buttons is-vertical is-layout-flex wp-container-core-buttons-is-layout-2c90304e wp-block-buttons-is-layout-flex\">\n<div class=\"wp-block-button\"><a class=\"wp-block-button__link wp-element-button\" href=\"https:\/\/www.meslibellules.fr\/blog\/odonates-du-vietnam-2012-2018\/\">Accueil Vietnam<\/a><\/div>\n\n\n\n<div class=\"wp-block-button\"><a class=\"wp-block-button__link wp-element-button\" href=\"http:\/\/www.meslibellules.fr\/pagesweb\/divers\/liste-generale-odonates-du-site\/asia-odonates.php\">Liste Asie<\/a><\/div>\n\n\n\n<div class=\"wp-block-button\"><a class=\"wp-block-button__link wp-element-button\" href=\"https:\/\/www.meslibellules.fr\/blog\/\">Accueil<\/a><\/div>\n<\/div>\n","protected":false},"excerpt":{"rendered":"<p>J'avais rencontr\u00e9 tr\u00e8s bri\u00e8vement et dans de mauvaises conditions le m\u00e2le Trithemis pallidinervis (Libellulidae) au Rajasthan (Inde)\u202f; cette fois-ci, je n'ai vu qu'une jeune femelle, d'un peu plus pr\u00e8s, et en tout cas d'un peu plus haut... Elle se posait sur les rameaux \u00e9mergeant d'un grand \u00e9tang, \u00e0 Van Long, au niveau de la mer.On [&hellip;]<\/p>\n","protected":false},"author":1,"featured_media":0,"comment_status":"open","ping_status":"open","sticky":false,"template":"","format":"image","meta":{"site-sidebar-layout":"default","site-content-layout":"","ast-site-content-layout":"default","site-content-style":"default","site-sidebar-style":"default","ast-global-header-display":"","ast-banner-title-visibility":"","ast-main-header-display":"","ast-hfb-above-header-display":"","ast-hfb-below-header-display":"","ast-hfb-mobile-header-display":"","site-post-title":"","ast-breadcrumbs-content":"","ast-featured-img":"","footer-sml-layout":"","ast-disable-related-posts":"","theme-transparent-header-meta":"","adv-header-id-meta":"","stick-header-meta":"","header-above-stick-meta":"","header-main-stick-meta":"","header-below-stick-meta":"","astra-migrate-meta-layouts":"set","ast-page-background-enabled":"default","ast-page-background-meta":{"desktop":{"background-color":"var(--ast-global-color-4)","background-image":"","background-repeat":"repeat","background-position":"center center","background-size":"auto","background-attachment":"scroll","background-type":"","background-media":"","overlay-type":"","overlay-color":"","overlay-opacity":"","overlay-gradient":""},"tablet":{"background-color":"","background-image":"","background-repeat":"repeat","background-position":"center center","background-size":"auto","background-attachment":"scroll","background-type":"","background-media":"","overlay-type":"","overlay-color":"","overlay-opacity":"","overlay-gradient":""},"mobile":{"background-color":"","background-image":"","background-repeat":"repeat","background-position":"center center","background-size":"auto","background-attachment":"scroll","background-type":"","background-media":"","overlay-type":"","overlay-color":"","overlay-opacity":"","overlay-gradient":""}},"ast-content-background-meta":{"desktop":{"background-color":"var(--ast-global-color-5)","background-image":"","background-repeat":"repeat","background-position":"center center","background-size":"auto","background-attachment":"scroll","background-type":"","background-media":"","overlay-type":"","overlay-color":"","overlay-opacity":"","overlay-gradient":""},"tablet":{"background-color":"var(--ast-global-color-5)","background-image":"","background-repeat":"repeat","background-position":"center center","background-size":"auto","background-attachment":"scroll","background-type":"","background-media":"","overlay-type":"","overlay-color":"","overlay-opacity":"","overlay-gradient":""},"mobile":{"background-color":"var(--ast-global-color-5)","background-image":"","background-repeat":"repeat","background-position":"center center","background-size":"auto","background-attachment":"scroll","background-type":"","background-media":"","overlay-type":"","overlay-color":"","overlay-opacity":"","overlay-gradient":""}},"footnotes":""},"categories":[15,54],"tags":[],"class_list":["post-2671","post","type-post","status-publish","format-image","hentry","category-libellulidae","category-vietnam","post_format-post-format-image"],"yoast_head":"<!-- This site is optimized with the Yoast SEO plugin v28.3 - https:\/\/yoast.com\/product\/yoast-seo-wordpress\/ -->\n<title>Trithemis pallidinervis - Mes Libellules<\/title>\n<meta name=\"description\" content=\"Trithemis pallidinervis femelle, description, identification, taille, habitat, distribution g\u00e9ographique, \u00e9tymologie\" \/>\n<meta name=\"robots\" content=\"index, follow, max-snippet:-1, max-image-preview:large, max-video-preview:-1\" \/>\n<link rel=\"canonical\" href=\"https:\/\/www.meslibellules.fr\/blog\/2019\/04\/01\/vietnam-2018-trithemis-pallidinervis-kirby-1889\/\" \/>\n<meta property=\"og:locale\" content=\"fr_FR\" \/>\n<meta property=\"og:type\" content=\"article\" \/>\n<meta property=\"og:title\" content=\"Trithemis pallidinervis - Mes Libellules\" \/>\n<meta property=\"og:description\" content=\"Trithemis pallidinervis femelle, description, identification, taille, habitat, distribution g\u00e9ographique, \u00e9tymologie\" \/>\n<meta property=\"og:url\" content=\"https:\/\/www.meslibellules.fr\/blog\/2019\/04\/01\/vietnam-2018-trithemis-pallidinervis-kirby-1889\/\" \/>\n<meta property=\"og:site_name\" content=\"Mes Libellules\" \/>\n<meta property=\"article:publisher\" content=\"https:\/\/www.facebook.com\/benoit.guillon.96\/\" \/>\n<meta property=\"article:author\" content=\"https:\/\/www.facebook.com\/benoit.guillon.96\/\" \/>\n<meta property=\"article:published_time\" content=\"2019-04-01T16:25:14+00:00\" \/>\n<meta property=\"article:modified_time\" content=\"2023-09-10T05:47:50+00:00\" \/>\n<meta property=\"og:image\" content=\"http:\/\/www.meslibellules.fr\/blog\/wp-content\/uploads\/2019\/04\/trithemis-pallidinervis-femelle-3.jpg\" \/>\n<meta name=\"author\" content=\"Beno\u00eet Guillon\" \/>\n<meta name=\"twitter:card\" content=\"summary_large_image\" \/>\n<meta name=\"twitter:label1\" content=\"\u00c9crit par\" \/>\n\t<meta name=\"twitter:data1\" content=\"Beno\u00eet Guillon\" \/>\n\t<meta name=\"twitter:label2\" content=\"Dur\u00e9e de lecture estim\u00e9e\" \/>\n\t<meta name=\"twitter:data2\" content=\"2 minutes\" \/>\n<script type=\"application\/ld+json\" class=\"yoast-schema-graph\">{\"@context\":\"https:\\\/\\\/schema.org\",\"@graph\":[{\"@type\":\"Article\",\"@id\":\"https:\\\/\\\/www.meslibellules.fr\\\/blog\\\/2019\\\/04\\\/01\\\/vietnam-2018-trithemis-pallidinervis-kirby-1889\\\/#article\",\"isPartOf\":{\"@id\":\"https:\\\/\\\/www.meslibellules.fr\\\/blog\\\/2019\\\/04\\\/01\\\/vietnam-2018-trithemis-pallidinervis-kirby-1889\\\/\"},\"author\":{\"name\":\"Beno\u00eet Guillon\",\"@id\":\"https:\\\/\\\/www.meslibellules.fr\\\/blog\\\/#\\\/schema\\\/person\\\/9aa3586f9dd053fcf329f43b8b053c77\"},\"headline\":\"Vietnam 2018 - Trithemis pallidinervis (Kirby, 1889)\",\"datePublished\":\"2019-04-01T16:25:14+00:00\",\"dateModified\":\"2023-09-10T05:47:50+00:00\",\"mainEntityOfPage\":{\"@id\":\"https:\\\/\\\/www.meslibellules.fr\\\/blog\\\/2019\\\/04\\\/01\\\/vietnam-2018-trithemis-pallidinervis-kirby-1889\\\/\"},\"wordCount\":298,\"commentCount\":0,\"publisher\":{\"@id\":\"https:\\\/\\\/www.meslibellules.fr\\\/blog\\\/#\\\/schema\\\/person\\\/9aa3586f9dd053fcf329f43b8b053c77\"},\"image\":{\"@id\":\"https:\\\/\\\/www.meslibellules.fr\\\/blog\\\/2019\\\/04\\\/01\\\/vietnam-2018-trithemis-pallidinervis-kirby-1889\\\/#primaryimage\"},\"thumbnailUrl\":\"http:\\\/\\\/www.meslibellules.fr\\\/blog\\\/wp-content\\\/uploads\\\/2019\\\/04\\\/trithemis-pallidinervis-femelle-3.jpg\",\"articleSection\":[\"Libellulidae\",\"Vietnam\"],\"inLanguage\":\"fr-FR\",\"potentialAction\":[{\"@type\":\"CommentAction\",\"name\":\"Comment\",\"target\":[\"https:\\\/\\\/www.meslibellules.fr\\\/blog\\\/2019\\\/04\\\/01\\\/vietnam-2018-trithemis-pallidinervis-kirby-1889\\\/#respond\"]}]},{\"@type\":\"WebPage\",\"@id\":\"https:\\\/\\\/www.meslibellules.fr\\\/blog\\\/2019\\\/04\\\/01\\\/vietnam-2018-trithemis-pallidinervis-kirby-1889\\\/\",\"url\":\"https:\\\/\\\/www.meslibellules.fr\\\/blog\\\/2019\\\/04\\\/01\\\/vietnam-2018-trithemis-pallidinervis-kirby-1889\\\/\",\"name\":\"Trithemis pallidinervis - Mes Libellules\",\"isPartOf\":{\"@id\":\"https:\\\/\\\/www.meslibellules.fr\\\/blog\\\/#website\"},\"primaryImageOfPage\":{\"@id\":\"https:\\\/\\\/www.meslibellules.fr\\\/blog\\\/2019\\\/04\\\/01\\\/vietnam-2018-trithemis-pallidinervis-kirby-1889\\\/#primaryimage\"},\"image\":{\"@id\":\"https:\\\/\\\/www.meslibellules.fr\\\/blog\\\/2019\\\/04\\\/01\\\/vietnam-2018-trithemis-pallidinervis-kirby-1889\\\/#primaryimage\"},\"thumbnailUrl\":\"http:\\\/\\\/www.meslibellules.fr\\\/blog\\\/wp-content\\\/uploads\\\/2019\\\/04\\\/trithemis-pallidinervis-femelle-3.jpg\",\"datePublished\":\"2019-04-01T16:25:14+00:00\",\"dateModified\":\"2023-09-10T05:47:50+00:00\",\"description\":\"Trithemis pallidinervis femelle, description, identification, taille, habitat, distribution g\u00e9ographique, \u00e9tymologie\",\"breadcrumb\":{\"@id\":\"https:\\\/\\\/www.meslibellules.fr\\\/blog\\\/2019\\\/04\\\/01\\\/vietnam-2018-trithemis-pallidinervis-kirby-1889\\\/#breadcrumb\"},\"inLanguage\":\"fr-FR\",\"potentialAction\":[{\"@type\":\"ReadAction\",\"target\":[\"https:\\\/\\\/www.meslibellules.fr\\\/blog\\\/2019\\\/04\\\/01\\\/vietnam-2018-trithemis-pallidinervis-kirby-1889\\\/\"]}]},{\"@type\":\"ImageObject\",\"inLanguage\":\"fr-FR\",\"@id\":\"https:\\\/\\\/www.meslibellules.fr\\\/blog\\\/2019\\\/04\\\/01\\\/vietnam-2018-trithemis-pallidinervis-kirby-1889\\\/#primaryimage\",\"url\":\"http:\\\/\\\/www.meslibellules.fr\\\/blog\\\/wp-content\\\/uploads\\\/2019\\\/04\\\/trithemis-pallidinervis-femelle-3.jpg\",\"contentUrl\":\"http:\\\/\\\/www.meslibellules.fr\\\/blog\\\/wp-content\\\/uploads\\\/2019\\\/04\\\/trithemis-pallidinervis-femelle-3.jpg\"},{\"@type\":\"BreadcrumbList\",\"@id\":\"https:\\\/\\\/www.meslibellules.fr\\\/blog\\\/2019\\\/04\\\/01\\\/vietnam-2018-trithemis-pallidinervis-kirby-1889\\\/#breadcrumb\",\"itemListElement\":[{\"@type\":\"ListItem\",\"position\":1,\"name\":\"Accueil\",\"item\":\"https:\\\/\\\/www.meslibellules.fr\\\/blog\\\/\"},{\"@type\":\"ListItem\",\"position\":2,\"name\":\"Vietnam 2018 &#8211; Trithemis pallidinervis (Kirby, 1889)\"}]},{\"@type\":\"WebSite\",\"@id\":\"https:\\\/\\\/www.meslibellules.fr\\\/blog\\\/#website\",\"url\":\"https:\\\/\\\/www.meslibellules.fr\\\/blog\\\/\",\"name\":\"Mes Libellules\",\"description\":\"Pr\u00e9sentation des libellules rencontr\u00e9es dans le monde\",\"publisher\":{\"@id\":\"https:\\\/\\\/www.meslibellules.fr\\\/blog\\\/#\\\/schema\\\/person\\\/9aa3586f9dd053fcf329f43b8b053c77\"},\"potentialAction\":[{\"@type\":\"SearchAction\",\"target\":{\"@type\":\"EntryPoint\",\"urlTemplate\":\"https:\\\/\\\/www.meslibellules.fr\\\/blog\\\/?s={search_term_string}\"},\"query-input\":{\"@type\":\"PropertyValueSpecification\",\"valueRequired\":true,\"valueName\":\"search_term_string\"}}],\"inLanguage\":\"fr-FR\"},{\"@type\":[\"Person\",\"Organization\"],\"@id\":\"https:\\\/\\\/www.meslibellules.fr\\\/blog\\\/#\\\/schema\\\/person\\\/9aa3586f9dd053fcf329f43b8b053c77\",\"name\":\"Beno\u00eet Guillon\",\"image\":{\"@type\":\"ImageObject\",\"inLanguage\":\"fr-FR\",\"@id\":\"https:\\\/\\\/www.meslibellules.fr\\\/blog\\\/wp-content\\\/uploads\\\/cropped-avatar-150-pix.jpg\",\"url\":\"https:\\\/\\\/www.meslibellules.fr\\\/blog\\\/wp-content\\\/uploads\\\/cropped-avatar-150-pix.jpg\",\"contentUrl\":\"https:\\\/\\\/www.meslibellules.fr\\\/blog\\\/wp-content\\\/uploads\\\/cropped-avatar-150-pix.jpg\",\"width\":150,\"height\":137,\"caption\":\"Beno\u00eet Guillon\"},\"logo\":{\"@id\":\"https:\\\/\\\/www.meslibellules.fr\\\/blog\\\/wp-content\\\/uploads\\\/cropped-avatar-150-pix.jpg\"},\"sameAs\":[\"https:\\\/\\\/www.facebook.com\\\/benoit.guillon.96\\\/\"]}]}<\/script>\n<!-- \/ Yoast SEO plugin. -->","yoast_head_json":{"title":"Trithemis pallidinervis - Mes Libellules","description":"Trithemis pallidinervis femelle, description, identification, taille, habitat, distribution g\u00e9ographique, \u00e9tymologie","robots":{"index":"index","follow":"follow","max-snippet":"max-snippet:-1","max-image-preview":"max-image-preview:large","max-video-preview":"max-video-preview:-1"},"canonical":"https:\/\/www.meslibellules.fr\/blog\/2019\/04\/01\/vietnam-2018-trithemis-pallidinervis-kirby-1889\/","og_locale":"fr_FR","og_type":"article","og_title":"Trithemis pallidinervis - Mes Libellules","og_description":"Trithemis pallidinervis femelle, description, identification, taille, habitat, distribution g\u00e9ographique, \u00e9tymologie","og_url":"https:\/\/www.meslibellules.fr\/blog\/2019\/04\/01\/vietnam-2018-trithemis-pallidinervis-kirby-1889\/","og_site_name":"Mes Libellules","article_publisher":"https:\/\/www.facebook.com\/benoit.guillon.96\/","article_author":"https:\/\/www.facebook.com\/benoit.guillon.96\/","article_published_time":"2019-04-01T16:25:14+00:00","article_modified_time":"2023-09-10T05:47:50+00:00","og_image":[{"url":"http:\/\/www.meslibellules.fr\/blog\/wp-content\/uploads\/2019\/04\/trithemis-pallidinervis-femelle-3.jpg","type":"","width":"","height":""}],"author":"Beno\u00eet Guillon","twitter_card":"summary_large_image","twitter_misc":{"\u00c9crit par":"Beno\u00eet Guillon","Dur\u00e9e de lecture estim\u00e9e":"2 minutes"},"schema":{"@context":"https:\/\/schema.org","@graph":[{"@type":"Article","@id":"https:\/\/www.meslibellules.fr\/blog\/2019\/04\/01\/vietnam-2018-trithemis-pallidinervis-kirby-1889\/#article","isPartOf":{"@id":"https:\/\/www.meslibellules.fr\/blog\/2019\/04\/01\/vietnam-2018-trithemis-pallidinervis-kirby-1889\/"},"author":{"name":"Beno\u00eet Guillon","@id":"https:\/\/www.meslibellules.fr\/blog\/#\/schema\/person\/9aa3586f9dd053fcf329f43b8b053c77"},"headline":"Vietnam 2018 - Trithemis pallidinervis (Kirby, 1889)","datePublished":"2019-04-01T16:25:14+00:00","dateModified":"2023-09-10T05:47:50+00:00","mainEntityOfPage":{"@id":"https:\/\/www.meslibellules.fr\/blog\/2019\/04\/01\/vietnam-2018-trithemis-pallidinervis-kirby-1889\/"},"wordCount":298,"commentCount":0,"publisher":{"@id":"https:\/\/www.meslibellules.fr\/blog\/#\/schema\/person\/9aa3586f9dd053fcf329f43b8b053c77"},"image":{"@id":"https:\/\/www.meslibellules.fr\/blog\/2019\/04\/01\/vietnam-2018-trithemis-pallidinervis-kirby-1889\/#primaryimage"},"thumbnailUrl":"http:\/\/www.meslibellules.fr\/blog\/wp-content\/uploads\/2019\/04\/trithemis-pallidinervis-femelle-3.jpg","articleSection":["Libellulidae","Vietnam"],"inLanguage":"fr-FR","potentialAction":[{"@type":"CommentAction","name":"Comment","target":["https:\/\/www.meslibellules.fr\/blog\/2019\/04\/01\/vietnam-2018-trithemis-pallidinervis-kirby-1889\/#respond"]}]},{"@type":"WebPage","@id":"https:\/\/www.meslibellules.fr\/blog\/2019\/04\/01\/vietnam-2018-trithemis-pallidinervis-kirby-1889\/","url":"https:\/\/www.meslibellules.fr\/blog\/2019\/04\/01\/vietnam-2018-trithemis-pallidinervis-kirby-1889\/","name":"Trithemis pallidinervis - Mes Libellules","isPartOf":{"@id":"https:\/\/www.meslibellules.fr\/blog\/#website"},"primaryImageOfPage":{"@id":"https:\/\/www.meslibellules.fr\/blog\/2019\/04\/01\/vietnam-2018-trithemis-pallidinervis-kirby-1889\/#primaryimage"},"image":{"@id":"https:\/\/www.meslibellules.fr\/blog\/2019\/04\/01\/vietnam-2018-trithemis-pallidinervis-kirby-1889\/#primaryimage"},"thumbnailUrl":"http:\/\/www.meslibellules.fr\/blog\/wp-content\/uploads\/2019\/04\/trithemis-pallidinervis-femelle-3.jpg","datePublished":"2019-04-01T16:25:14+00:00","dateModified":"2023-09-10T05:47:50+00:00","description":"Trithemis pallidinervis femelle, description, identification, taille, habitat, distribution g\u00e9ographique, \u00e9tymologie","breadcrumb":{"@id":"https:\/\/www.meslibellules.fr\/blog\/2019\/04\/01\/vietnam-2018-trithemis-pallidinervis-kirby-1889\/#breadcrumb"},"inLanguage":"fr-FR","potentialAction":[{"@type":"ReadAction","target":["https:\/\/www.meslibellules.fr\/blog\/2019\/04\/01\/vietnam-2018-trithemis-pallidinervis-kirby-1889\/"]}]},{"@type":"ImageObject","inLanguage":"fr-FR","@id":"https:\/\/www.meslibellules.fr\/blog\/2019\/04\/01\/vietnam-2018-trithemis-pallidinervis-kirby-1889\/#primaryimage","url":"http:\/\/www.meslibellules.fr\/blog\/wp-content\/uploads\/2019\/04\/trithemis-pallidinervis-femelle-3.jpg","contentUrl":"http:\/\/www.meslibellules.fr\/blog\/wp-content\/uploads\/2019\/04\/trithemis-pallidinervis-femelle-3.jpg"},{"@type":"BreadcrumbList","@id":"https:\/\/www.meslibellules.fr\/blog\/2019\/04\/01\/vietnam-2018-trithemis-pallidinervis-kirby-1889\/#breadcrumb","itemListElement":[{"@type":"ListItem","position":1,"name":"Accueil","item":"https:\/\/www.meslibellules.fr\/blog\/"},{"@type":"ListItem","position":2,"name":"Vietnam 2018 &#8211; Trithemis pallidinervis (Kirby, 1889)"}]},{"@type":"WebSite","@id":"https:\/\/www.meslibellules.fr\/blog\/#website","url":"https:\/\/www.meslibellules.fr\/blog\/","name":"Mes Libellules","description":"Pr\u00e9sentation des libellules rencontr\u00e9es dans le monde","publisher":{"@id":"https:\/\/www.meslibellules.fr\/blog\/#\/schema\/person\/9aa3586f9dd053fcf329f43b8b053c77"},"potentialAction":[{"@type":"SearchAction","target":{"@type":"EntryPoint","urlTemplate":"https:\/\/www.meslibellules.fr\/blog\/?s={search_term_string}"},"query-input":{"@type":"PropertyValueSpecification","valueRequired":true,"valueName":"search_term_string"}}],"inLanguage":"fr-FR"},{"@type":["Person","Organization"],"@id":"https:\/\/www.meslibellules.fr\/blog\/#\/schema\/person\/9aa3586f9dd053fcf329f43b8b053c77","name":"Beno\u00eet Guillon","image":{"@type":"ImageObject","inLanguage":"fr-FR","@id":"https:\/\/www.meslibellules.fr\/blog\/wp-content\/uploads\/cropped-avatar-150-pix.jpg","url":"https:\/\/www.meslibellules.fr\/blog\/wp-content\/uploads\/cropped-avatar-150-pix.jpg","contentUrl":"https:\/\/www.meslibellules.fr\/blog\/wp-content\/uploads\/cropped-avatar-150-pix.jpg","width":150,"height":137,"caption":"Beno\u00eet Guillon"},"logo":{"@id":"https:\/\/www.meslibellules.fr\/blog\/wp-content\/uploads\/cropped-avatar-150-pix.jpg"},"sameAs":["https:\/\/www.facebook.com\/benoit.guillon.96\/"]}]}},"_links":{"self":[{"href":"https:\/\/www.meslibellules.fr\/blog\/wp-json\/wp\/v2\/posts\/2671","targetHints":{"allow":["GET"]}}],"collection":[{"href":"https:\/\/www.meslibellules.fr\/blog\/wp-json\/wp\/v2\/posts"}],"about":[{"href":"https:\/\/www.meslibellules.fr\/blog\/wp-json\/wp\/v2\/types\/post"}],"author":[{"embeddable":true,"href":"https:\/\/www.meslibellules.fr\/blog\/wp-json\/wp\/v2\/users\/1"}],"replies":[{"embeddable":true,"href":"https:\/\/www.meslibellules.fr\/blog\/wp-json\/wp\/v2\/comments?post=2671"}],"version-history":[{"count":0,"href":"https:\/\/www.meslibellules.fr\/blog\/wp-json\/wp\/v2\/posts\/2671\/revisions"}],"wp:attachment":[{"href":"https:\/\/www.meslibellules.fr\/blog\/wp-json\/wp\/v2\/media?parent=2671"}],"wp:term":[{"taxonomy":"category","embeddable":true,"href":"https:\/\/www.meslibellules.fr\/blog\/wp-json\/wp\/v2\/categories?post=2671"},{"taxonomy":"post_tag","embeddable":true,"href":"https:\/\/www.meslibellules.fr\/blog\/wp-json\/wp\/v2\/tags?post=2671"}],"curies":[{"name":"wp","href":"https:\/\/api.w.org\/{rel}","templated":true}]}}