{"id":27018,"date":"2025-12-04T15:32:21","date_gmt":"2025-12-04T14:32:21","guid":{"rendered":"https:\/\/www.meslibellules.fr\/blog\/?p=27018"},"modified":"2025-12-05T09:25:45","modified_gmt":"2025-12-05T08:25:45","slug":"orthetrum-schneideri","status":"publish","type":"post","link":"https:\/\/www.meslibellules.fr\/blog\/2025\/12\/04\/orthetrum-schneideri\/","title":{"rendered":"Born\u00e9o, Sarawak &#8211; Orthetrum schneideri  F\u00f6rster, 1903"},"content":{"rendered":"\n<div style=\"height:15px\" aria-hidden=\"true\" class=\"wp-block-spacer\"><\/div>\n\n\n\n<p>Orthetrum schneideri fait partie du groupe <em>pruinosum<\/em> qui pose encore un probl\u00e8me taxonomique non r\u00e9solu, car on voit appara\u00eetre ces esp\u00e8ces dans certaines publications sous la forme de ssp. (sous-esp\u00e8ces) ou d&rsquo;esp\u00e8ces valides.<br><br>On ne d\u00e9crit plus que quatre (!) formes de cet Orthetrum pruinosum qui varient en fonction (entre autres) de l&rsquo;\u00e9tendue de la pruinosit\u00e9 blanch\u00e2tre\/bleu\u00e2tre sur l&rsquo;abdomen (<a href=\"https:\/\/www.meslibellules.fr\/blog\/wp-content\/uploads\/Orthetrum-migratum-6.webp\">O. migratum<\/a>, ici en Australie, est consid\u00e9r\u00e9e maintenant comme une esp\u00e8ce valide depuis Hawking, 2009) : <br>&#8211; pour <em><a href=\"https:\/\/www.meslibellules.fr\/voyages\/rajasthan\/orthetrum-pruinosum\/orthetrum-pruinosum-male\/orthetrum-pruinosum-male-3big.jpg\">pruinosum<\/a><\/em>, l&rsquo;abdomen n&rsquo;est pas du tout pruineux, la face est \u00ab\u00a0claire\u00a0\u00bb, les appendices anaux rouges, la tache alaire marron dor\u00e9.<br>&#8211; neglectum est tr\u00e8s proche de pruinosum et n&rsquo;en diff\u00e8re que par une extension plus importante de la coloration basale alaire, ce qui est difficile \u00e0 valider sans capture. On le rencontre au moins au Japon et en Chine.<br>&#8211; pour <em>clelia<\/em>, qui serait aux Philippines, Ta\u00efwan et au Sulawesi, les deux premiers segments sont couverts de cette pulv\u00e9rulence, la face est sombre, la tache basale est noire, les appendices anaux sont noirs.<br>&#8211; pour Orthetrum schneideri, les trois premiers segments sont blanch\u00e2tres, comme ci-dessous ; il serait en Malaisie p\u00e9ninsulaire, \u00e0 Born\u00e9o et \u00e0 Sumatra.<br><br>De plus, certains individus, comme au Timor, ne rentrent dans aucune case et m\u00e9langent les caract\u00e9ristiques donn\u00e9es plus haut.<br>Ces \u00e9l\u00e9ments d&rsquo;identification sont arrang\u00e9s depuis Seehausen, Malte, 2017 (1).<\/p>\n\n\n\n<figure class=\"wp-block-image aligncenter size-full is-resized\"><a href=\"https:\/\/www.meslibellules.fr\/blog\/wp-content\/uploads\/Orthetrum-schneideri-male-1-2.webp\"><img decoding=\"async\" width=\"2139\" height=\"1504\" data-src=\"https:\/\/www.meslibellules.fr\/blog\/wp-content\/uploads\/Orthetrum-schneideri-male-1-2.webp\" alt=\"Orthetrum schneideri m\u00e2le, Sarawak, Rivi\u00e8re Timuoh, Annah Rais Hot Spring, 24\/03\/2025\" class=\"wp-image-27016 lazyload\" style=\"--smush-placeholder-width: 2139px; --smush-placeholder-aspect-ratio: 2139\/1504;width:623px;height:auto\" data-srcset=\"https:\/\/www.meslibellules.fr\/blog\/wp-content\/uploads\/Orthetrum-schneideri-male-1-2.webp 2139w, https:\/\/www.meslibellules.fr\/blog\/wp-content\/uploads\/Orthetrum-schneideri-male-1-2-768x540.webp 768w, https:\/\/www.meslibellules.fr\/blog\/wp-content\/uploads\/Orthetrum-schneideri-male-1-2-1536x1080.webp 1536w, https:\/\/www.meslibellules.fr\/blog\/wp-content\/uploads\/Orthetrum-schneideri-male-1-2-2048x1440.webp 2048w\" data-sizes=\"(max-width: 2139px) 100vw, 2139px\" src=\"data:image\/svg+xml;base64,PHN2ZyB3aWR0aD0iMSIgaGVpZ2h0PSIxIiB4bWxucz0iaHR0cDovL3d3dy53My5vcmcvMjAwMC9zdmciPjwvc3ZnPg==\" \/><\/a><figcaption class=\"wp-element-caption\">Orthetrum schneideri m\u00e2le, Sarawak, Rivi\u00e8re Timuoh, Annah Rais Hot Spring, 24\/03\/2025<\/figcaption><\/figure>\n\n\n\n<p>Pourtant, dans Janra &amp; al., 2017 (2)  on lit qu&rsquo;une \u00e9tude de 2014 par Yong &amp; al. a montr\u00e9 que Othetrum schneideri \u00e9tait g\u00e9n\u00e9tiquement distinct de O. pruinosum neglectum. Notons enfin que O. schneideri est accept\u00e9 dans la liste de r\u00e9f\u00e9rence mondiale, la <a href=\"http:\/\/A moleculargenetic study of Orthetrum taxa conducted byYong et al. (2014) revealed that O. schneideri was genetically distinctfrom the widespread subspecies O. pruinosum neglectum Rambur, 1842, known from continental South Asia andJapan, and was grouped closest with Orthetrum chrysis (Selys, 1891).   (PDF) Observation of Orthetrum schneideri and Orthetrum pruinosum pruinosum occurring sympatrically in Sumatra, Indonesia. Available from: https:\/\/www.researchgate.net\/publication\/347507012_Observation_of_Orthetrum_schneideri_and_Orthetrum_pruinosum_pruinosum_occurring_sympatrically_in_Sumatra_Indonesia [accessed Dec 01 2025].\">World Odonata List<\/a>, 2025.<\/p>\n\n\n\n<figure class=\"wp-block-image aligncenter size-full is-resized\"><a href=\"https:\/\/www.meslibellules.fr\/blog\/wp-content\/uploads\/24-03-2025-14h24-Timuoh-River.webp\"><img decoding=\"async\" width=\"1604\" height=\"1204\" data-src=\"https:\/\/www.meslibellules.fr\/blog\/wp-content\/uploads\/24-03-2025-14h24-Timuoh-River.webp\" alt=\"Timuoh River, Annah Rais Hot Spring, Sarawak, 24\/03\/2025\" class=\"wp-image-27029 lazyload\" style=\"--smush-placeholder-width: 1604px; --smush-placeholder-aspect-ratio: 1604\/1204;width:579px;height:auto\" data-srcset=\"https:\/\/www.meslibellules.fr\/blog\/wp-content\/uploads\/24-03-2025-14h24-Timuoh-River.webp 1604w, https:\/\/www.meslibellules.fr\/blog\/wp-content\/uploads\/24-03-2025-14h24-Timuoh-River-768x576.webp 768w, https:\/\/www.meslibellules.fr\/blog\/wp-content\/uploads\/24-03-2025-14h24-Timuoh-River-1536x1153.webp 1536w\" data-sizes=\"(max-width: 1604px) 100vw, 1604px\" src=\"data:image\/svg+xml;base64,PHN2ZyB3aWR0aD0iMSIgaGVpZ2h0PSIxIiB4bWxucz0iaHR0cDovL3d3dy53My5vcmcvMjAwMC9zdmciPjwvc3ZnPg==\" \/><\/a><figcaption class=\"wp-element-caption\">Timuoh River, Annah Rais Hot Spring, Sarawak, 24\/03\/2025<\/figcaption><\/figure>\n\n\n\n<p>Ce seul sujet, que nous avons rencontr\u00e9 sur une rivi\u00e8re du Sarawak, correspond bien \u00e0 la description de F\u00f6rster (3) (en allemand)\u00a0: \u00a0\u00bb Le thorax et les trois premiers segments sont recouverts d&rsquo;une pruinosit\u00e9 (givr\u00e9) bleu clair avec l&rsquo;\u00e2ge, le reste de l&rsquo;abdomen est rouge.\u00a0\u00bb.<br>Son abdomen mesure 28 mm (environ 42 mm au total), son aile post\u00e9rieure 35.<br>Il se tenait sur la margelle de ces bassins qui isolaient des sources chaudes dans la rivi\u00e8re. Sans doute est-ce dans ces petites mares qu&rsquo;il a \u00e9t\u00e9 parasit\u00e9 par des dipt\u00e8res, peut-\u00eatre du genre Forcipomyia.<br>Sa pr\u00e9sence sur une rivi\u00e8re, son \u00e9ventuelle contamination au stade larvaire dans une mare montrent la diversit\u00e9 de son habitat.<\/p>\n\n\n\n<figure class=\"wp-block-image aligncenter size-full is-resized\"><a href=\"https:\/\/www.meslibellules.fr\/blog\/wp-content\/uploads\/Orthetrum-schneideri-male-1-2bis.webp\"><img decoding=\"async\" width=\"864\" height=\"666\" data-src=\"https:\/\/www.meslibellules.fr\/blog\/wp-content\/uploads\/Orthetrum-schneideri-male-1-2bis.webp\" alt=\"Orthetrum schneideri m\u00e2le, Sarawak, Rivi\u00e8re Timuoh, Annah Rais Hot Spring, 24\/03\/2025\" class=\"wp-image-27017 lazyload\" style=\"--smush-placeholder-width: 864px; --smush-placeholder-aspect-ratio: 864\/666;width:511px;height:auto\" data-srcset=\"https:\/\/www.meslibellules.fr\/blog\/wp-content\/uploads\/Orthetrum-schneideri-male-1-2bis.webp 864w, https:\/\/www.meslibellules.fr\/blog\/wp-content\/uploads\/Orthetrum-schneideri-male-1-2bis-768x592.webp 768w\" data-sizes=\"(max-width: 864px) 100vw, 864px\" src=\"data:image\/svg+xml;base64,PHN2ZyB3aWR0aD0iMSIgaGVpZ2h0PSIxIiB4bWxucz0iaHR0cDovL3d3dy53My5vcmcvMjAwMC9zdmciPjwvc3ZnPg==\" \/><\/a><figcaption class=\"wp-element-caption\">Orthetrum schneideri m\u00e2le, Sarawak, Rivi\u00e8re Timuoh, Annah Rais Hot Spring, 24\/03\/2025<\/figcaption><\/figure>\n\n\n\n<p>Il ne figure pas dans la UICN red List et sa distribution se limite actuellement et de fa\u00e7on assez impr\u00e9cise \u00e0 ce que j&rsquo;ai mentionn\u00e9 dans le premier paragraphe.<\/p>\n\n\n\n<p><strong>\u00c9tymologie<\/strong><br><strong>Orthetrum\u00a0<\/strong>(4) vient de deux mots grecs,\u00a0<em>orthos<\/em>\u00a0signifiant\u00a0<em>droit<\/em>\u00a0et\u00a0<em>etron<\/em>\u00a0\u00a0pour\u00a0<em>abdomen<\/em>, ceci pour signifier que les c\u00f4t\u00e9s de l\u2019abdomen sont parall\u00e8les. Ce nom de genre (neutre) cr\u00e9\u00e9 par Newman en 1833 a perdu sa pertinence avec la d\u00e9couverte de nouvelles esp\u00e8ces, mais le nom est rest\u00e9.<br><strong>Schneider<\/strong> est un hommage \u00e0 M. Gustav Schneider jr. qui a collect\u00e9 le sp\u00e9cimen \u00e0 Sumatra en 1899. Il \u00e9tait le fils de l&rsquo;entomologiste et marchand de sp\u00e9cimens d&rsquo;histoire naturelle plus connu, Gustav Schneider (1834\u20131900), de B\u00e2le.<\/p>\n\n\n\n<div style=\"height:36px\" aria-hidden=\"true\" class=\"wp-block-spacer\"><\/div>\n\n\n\n<p style=\"font-size:13px\">1- Seehausen, Malte, 2017 &#8211; <a href=\"https:\/\/www.researchgate.net\/publication\/317543575_Survey_of_Odonata_from_Timor_Island_with_description_of_the_female_of_Anax_georgius_Odonata_Aeshnidae\">Survey of Odonata from Timor Island, with description of the female of Anax georgius (Odonata: Aeshnidae). Faunistic Studies in Southeast Asian and Pacific Island Odonata<\/a>. 1-34.<br>2- Janra &amp; al., 2021 &#8211; <a href=\"https:\/\/www.researchgate.net\/publication\/347507012_Observation_of_Orthetrum_schneideri_and_Orthetrum_pruinosum_pruinosum_occurring_sympatrically_in_Sumatra_Indonesia\">Observation of Orthetrum schneideri and Orthetrum pruinosum pruinosum occurring sympatrically in Sumatra, Indonesia<\/a> &#8211; Agrion 25(1)<br>3- Forster, 1903 &#8211; <a href=\"https:\/\/www.biodiversitylibrary.org\/item\/254630#page\/551\/mode\/1up\">Odonaten aus Neu-Guinea III. Annales Musei Nationalis Hungarici<\/a>, 1: 509\u2013554. P. 541.<br>4- <a href=\"https:\/\/www.researchgate.net\/publication\/283318421_The_Naming_of_Australia's_Dragonflies#fullTextFileContent\">The Naming of Australia\u2019s Dragonflies<\/a>, Ian Endersby &amp; Heinrich Fliedner, Busybird publishing.<\/p>\n\n\n\n<div style=\"height:32px\" aria-hidden=\"true\" class=\"wp-block-spacer\"><\/div>\n\n\n\n<div class=\"wp-block-buttons is-vertical is-layout-flex wp-container-core-buttons-is-layout-fe9cc265 wp-block-buttons-is-layout-flex\">\n<div class=\"wp-block-button\"><a class=\"wp-block-button__link wp-element-button\" href=\"https:\/\/www.meslibellules.fr\/blog\/odonates-du-sarawak\/\">Accueil Sarawak<\/a><\/div>\n\n\n\n<div class=\"wp-block-button\"><a class=\"wp-block-button__link wp-element-button\" href=\"https:\/\/www.meslibellules.fr\/pagesweb\/divers\/liste-generale-odonates-du-site\/asia-odonates.php\">Listes des Odonates d&rsquo;Asie<\/a><\/div>\n\n\n\n<div class=\"wp-block-button\"><a class=\"wp-block-button__link wp-element-button\" href=\"https:\/\/www.meslibellules.fr\/pagesweb\/divers\/liste-generale-odonates-du-site\/all-odonates.php\">Listes continentales<\/a><\/div>\n<\/div>\n\n\n\n<p><\/p>\n","protected":false},"excerpt":{"rendered":"<p>Orthetrum schneideri fait partie du groupe pruinosum qui pose encore un probl\u00e8me taxonomique non r\u00e9solu, car on voit appara\u00eetre ces esp\u00e8ces dans certaines publications sous la forme de ssp. (sous-esp\u00e8ces) ou d&rsquo;esp\u00e8ces valides. On ne d\u00e9crit plus que quatre (!) formes de cet Orthetrum pruinosum qui varient en fonction (entre autres) de l&rsquo;\u00e9tendue de la [&hellip;]<\/p>\n","protected":false},"author":1,"featured_media":0,"comment_status":"open","ping_status":"open","sticky":false,"template":"","format":"image","meta":{"site-sidebar-layout":"default","site-content-layout":"","ast-site-content-layout":"default","site-content-style":"default","site-sidebar-style":"default","ast-global-header-display":"","ast-banner-title-visibility":"","ast-main-header-display":"","ast-hfb-above-header-display":"","ast-hfb-below-header-display":"","ast-hfb-mobile-header-display":"","site-post-title":"","ast-breadcrumbs-content":"","ast-featured-img":"","footer-sml-layout":"","ast-disable-related-posts":"","theme-transparent-header-meta":"","adv-header-id-meta":"","stick-header-meta":"","header-above-stick-meta":"","header-main-stick-meta":"","header-below-stick-meta":"","astra-migrate-meta-layouts":"set","ast-page-background-enabled":"default","ast-page-background-meta":{"desktop":{"background-color":"var(--ast-global-color-4)","background-image":"","background-repeat":"repeat","background-position":"center center","background-size":"auto","background-attachment":"scroll","background-type":"","background-media":"","overlay-type":"","overlay-color":"","overlay-opacity":"","overlay-gradient":""},"tablet":{"background-color":"","background-image":"","background-repeat":"repeat","background-position":"center center","background-size":"auto","background-attachment":"scroll","background-type":"","background-media":"","overlay-type":"","overlay-color":"","overlay-opacity":"","overlay-gradient":""},"mobile":{"background-color":"","background-image":"","background-repeat":"repeat","background-position":"center center","background-size":"auto","background-attachment":"scroll","background-type":"","background-media":"","overlay-type":"","overlay-color":"","overlay-opacity":"","overlay-gradient":""}},"ast-content-background-meta":{"desktop":{"background-color":"var(--ast-global-color-5)","background-image":"","background-repeat":"repeat","background-position":"center center","background-size":"auto","background-attachment":"scroll","background-type":"","background-media":"","overlay-type":"","overlay-color":"","overlay-opacity":"","overlay-gradient":""},"tablet":{"background-color":"var(--ast-global-color-5)","background-image":"","background-repeat":"repeat","background-position":"center center","background-size":"auto","background-attachment":"scroll","background-type":"","background-media":"","overlay-type":"","overlay-color":"","overlay-opacity":"","overlay-gradient":""},"mobile":{"background-color":"var(--ast-global-color-5)","background-image":"","background-repeat":"repeat","background-position":"center center","background-size":"auto","background-attachment":"scroll","background-type":"","background-media":"","overlay-type":"","overlay-color":"","overlay-opacity":"","overlay-gradient":""}},"footnotes":""},"categories":[38596,38606],"tags":[38599,38654],"class_list":["post-27018","post","type-post","status-publish","format-image","hentry","category-borneo-sarawak","category-libellulidae-borneo-sarawak","tag-borneo-sarawak","tag-sarawak-libellulidae","post_format-post-format-image"],"yoast_head":"<!-- This site is optimized with the Yoast SEO plugin v27.4 - https:\/\/yoast.com\/product\/yoast-seo-wordpress\/ -->\n<title>Orthetrum schneideri - Mes Libellules<\/title>\n<meta name=\"description\" content=\"Orthetrum schneideri m\u00e2le au Sarawak, description, identification, taille, habitat, distribution g\u00e9ographique, \u00e9tymologie\" \/>\n<meta name=\"robots\" content=\"index, follow, max-snippet:-1, max-image-preview:large, max-video-preview:-1\" \/>\n<link rel=\"canonical\" href=\"https:\/\/www.meslibellules.fr\/blog\/2025\/12\/04\/orthetrum-schneideri\/\" \/>\n<meta property=\"og:locale\" content=\"fr_FR\" \/>\n<meta property=\"og:type\" content=\"article\" \/>\n<meta property=\"og:title\" content=\"Orthetrum schneideri - Mes Libellules\" \/>\n<meta property=\"og:description\" content=\"Orthetrum schneideri m\u00e2le au Sarawak, description, identification, taille, habitat, distribution g\u00e9ographique, \u00e9tymologie\" \/>\n<meta property=\"og:url\" content=\"https:\/\/www.meslibellules.fr\/blog\/2025\/12\/04\/orthetrum-schneideri\/\" \/>\n<meta property=\"og:site_name\" content=\"Mes Libellules\" \/>\n<meta property=\"article:publisher\" content=\"https:\/\/www.facebook.com\/benoit.guillon.96\/\" \/>\n<meta property=\"article:author\" content=\"https:\/\/www.facebook.com\/benoit.guillon.96\/\" \/>\n<meta property=\"article:published_time\" content=\"2025-12-04T14:32:21+00:00\" \/>\n<meta property=\"article:modified_time\" content=\"2025-12-05T08:25:45+00:00\" \/>\n<meta property=\"og:image\" content=\"https:\/\/www.meslibellules.fr\/blog\/wp-content\/uploads\/Orthetrum-schneideri-male-1-2.webp\" \/>\n\t<meta property=\"og:image:width\" content=\"2139\" \/>\n\t<meta property=\"og:image:height\" content=\"1504\" \/>\n\t<meta property=\"og:image:type\" content=\"image\/webp\" \/>\n<meta name=\"author\" content=\"Beno\u00eet Guillon\" \/>\n<meta name=\"twitter:card\" content=\"summary_large_image\" \/>\n<meta name=\"twitter:label1\" content=\"\u00c9crit par\" \/>\n\t<meta name=\"twitter:data1\" content=\"Beno\u00eet Guillon\" \/>\n\t<meta name=\"twitter:label2\" content=\"Dur\u00e9e de lecture estim\u00e9e\" \/>\n\t<meta name=\"twitter:data2\" content=\"4 minutes\" \/>\n<script type=\"application\/ld+json\" class=\"yoast-schema-graph\">{\"@context\":\"https:\\\/\\\/schema.org\",\"@graph\":[{\"@type\":\"Article\",\"@id\":\"https:\\\/\\\/www.meslibellules.fr\\\/blog\\\/2025\\\/12\\\/04\\\/orthetrum-schneideri\\\/#article\",\"isPartOf\":{\"@id\":\"https:\\\/\\\/www.meslibellules.fr\\\/blog\\\/2025\\\/12\\\/04\\\/orthetrum-schneideri\\\/\"},\"author\":{\"name\":\"Beno\u00eet Guillon\",\"@id\":\"https:\\\/\\\/www.meslibellules.fr\\\/blog\\\/#\\\/schema\\\/person\\\/9aa3586f9dd053fcf329f43b8b053c77\"},\"headline\":\"Born\u00e9o, Sarawak &#8211; Orthetrum schneideri F\u00f6rster, 1903\",\"datePublished\":\"2025-12-04T14:32:21+00:00\",\"dateModified\":\"2025-12-05T08:25:45+00:00\",\"mainEntityOfPage\":{\"@id\":\"https:\\\/\\\/www.meslibellules.fr\\\/blog\\\/2025\\\/12\\\/04\\\/orthetrum-schneideri\\\/\"},\"wordCount\":651,\"commentCount\":0,\"publisher\":{\"@id\":\"https:\\\/\\\/www.meslibellules.fr\\\/blog\\\/#\\\/schema\\\/person\\\/9aa3586f9dd053fcf329f43b8b053c77\"},\"image\":{\"@id\":\"https:\\\/\\\/www.meslibellules.fr\\\/blog\\\/2025\\\/12\\\/04\\\/orthetrum-schneideri\\\/#primaryimage\"},\"thumbnailUrl\":\"https:\\\/\\\/www.meslibellules.fr\\\/blog\\\/wp-content\\\/uploads\\\/Orthetrum-schneideri-male-1-2.webp\",\"keywords\":[\"Born\u00e9o - Sarawak\",\"Sarawak - Libellulidae\"],\"articleSection\":[\"Born\u00e9o -Sarawak\",\"Libellulidae\"],\"inLanguage\":\"fr-FR\",\"potentialAction\":[{\"@type\":\"CommentAction\",\"name\":\"Comment\",\"target\":[\"https:\\\/\\\/www.meslibellules.fr\\\/blog\\\/2025\\\/12\\\/04\\\/orthetrum-schneideri\\\/#respond\"]}]},{\"@type\":\"WebPage\",\"@id\":\"https:\\\/\\\/www.meslibellules.fr\\\/blog\\\/2025\\\/12\\\/04\\\/orthetrum-schneideri\\\/\",\"url\":\"https:\\\/\\\/www.meslibellules.fr\\\/blog\\\/2025\\\/12\\\/04\\\/orthetrum-schneideri\\\/\",\"name\":\"Orthetrum schneideri - Mes Libellules\",\"isPartOf\":{\"@id\":\"https:\\\/\\\/www.meslibellules.fr\\\/blog\\\/#website\"},\"primaryImageOfPage\":{\"@id\":\"https:\\\/\\\/www.meslibellules.fr\\\/blog\\\/2025\\\/12\\\/04\\\/orthetrum-schneideri\\\/#primaryimage\"},\"image\":{\"@id\":\"https:\\\/\\\/www.meslibellules.fr\\\/blog\\\/2025\\\/12\\\/04\\\/orthetrum-schneideri\\\/#primaryimage\"},\"thumbnailUrl\":\"https:\\\/\\\/www.meslibellules.fr\\\/blog\\\/wp-content\\\/uploads\\\/Orthetrum-schneideri-male-1-2.webp\",\"datePublished\":\"2025-12-04T14:32:21+00:00\",\"dateModified\":\"2025-12-05T08:25:45+00:00\",\"description\":\"Orthetrum schneideri m\u00e2le au Sarawak, description, identification, taille, habitat, distribution g\u00e9ographique, \u00e9tymologie\",\"breadcrumb\":{\"@id\":\"https:\\\/\\\/www.meslibellules.fr\\\/blog\\\/2025\\\/12\\\/04\\\/orthetrum-schneideri\\\/#breadcrumb\"},\"inLanguage\":\"fr-FR\",\"potentialAction\":[{\"@type\":\"ReadAction\",\"target\":[\"https:\\\/\\\/www.meslibellules.fr\\\/blog\\\/2025\\\/12\\\/04\\\/orthetrum-schneideri\\\/\"]}]},{\"@type\":\"ImageObject\",\"inLanguage\":\"fr-FR\",\"@id\":\"https:\\\/\\\/www.meslibellules.fr\\\/blog\\\/2025\\\/12\\\/04\\\/orthetrum-schneideri\\\/#primaryimage\",\"url\":\"https:\\\/\\\/www.meslibellules.fr\\\/blog\\\/wp-content\\\/uploads\\\/Orthetrum-schneideri-male-1-2.webp\",\"contentUrl\":\"https:\\\/\\\/www.meslibellules.fr\\\/blog\\\/wp-content\\\/uploads\\\/Orthetrum-schneideri-male-1-2.webp\"},{\"@type\":\"BreadcrumbList\",\"@id\":\"https:\\\/\\\/www.meslibellules.fr\\\/blog\\\/2025\\\/12\\\/04\\\/orthetrum-schneideri\\\/#breadcrumb\",\"itemListElement\":[{\"@type\":\"ListItem\",\"position\":1,\"name\":\"Accueil\",\"item\":\"https:\\\/\\\/www.meslibellules.fr\\\/blog\\\/\"},{\"@type\":\"ListItem\",\"position\":2,\"name\":\"Born\u00e9o, Sarawak &#8211; Orthetrum schneideri F\u00f6rster, 1903\"}]},{\"@type\":\"WebSite\",\"@id\":\"https:\\\/\\\/www.meslibellules.fr\\\/blog\\\/#website\",\"url\":\"https:\\\/\\\/www.meslibellules.fr\\\/blog\\\/\",\"name\":\"Mes Libellules\",\"description\":\"Pr\u00e9sentation des libellules rencontr\u00e9es dans le monde\",\"publisher\":{\"@id\":\"https:\\\/\\\/www.meslibellules.fr\\\/blog\\\/#\\\/schema\\\/person\\\/9aa3586f9dd053fcf329f43b8b053c77\"},\"potentialAction\":[{\"@type\":\"SearchAction\",\"target\":{\"@type\":\"EntryPoint\",\"urlTemplate\":\"https:\\\/\\\/www.meslibellules.fr\\\/blog\\\/?s={search_term_string}\"},\"query-input\":{\"@type\":\"PropertyValueSpecification\",\"valueRequired\":true,\"valueName\":\"search_term_string\"}}],\"inLanguage\":\"fr-FR\"},{\"@type\":[\"Person\",\"Organization\"],\"@id\":\"https:\\\/\\\/www.meslibellules.fr\\\/blog\\\/#\\\/schema\\\/person\\\/9aa3586f9dd053fcf329f43b8b053c77\",\"name\":\"Beno\u00eet Guillon\",\"image\":{\"@type\":\"ImageObject\",\"inLanguage\":\"fr-FR\",\"@id\":\"https:\\\/\\\/www.meslibellules.fr\\\/blog\\\/wp-content\\\/uploads\\\/cropped-avatar-150-pix.jpg\",\"url\":\"https:\\\/\\\/www.meslibellules.fr\\\/blog\\\/wp-content\\\/uploads\\\/cropped-avatar-150-pix.jpg\",\"contentUrl\":\"https:\\\/\\\/www.meslibellules.fr\\\/blog\\\/wp-content\\\/uploads\\\/cropped-avatar-150-pix.jpg\",\"width\":150,\"height\":137,\"caption\":\"Beno\u00eet Guillon\"},\"logo\":{\"@id\":\"https:\\\/\\\/www.meslibellules.fr\\\/blog\\\/wp-content\\\/uploads\\\/cropped-avatar-150-pix.jpg\"},\"sameAs\":[\"https:\\\/\\\/www.facebook.com\\\/benoit.guillon.96\\\/\"]}]}<\/script>\n<!-- \/ Yoast SEO plugin. -->","yoast_head_json":{"title":"Orthetrum schneideri - Mes Libellules","description":"Orthetrum schneideri m\u00e2le au Sarawak, description, identification, taille, habitat, distribution g\u00e9ographique, \u00e9tymologie","robots":{"index":"index","follow":"follow","max-snippet":"max-snippet:-1","max-image-preview":"max-image-preview:large","max-video-preview":"max-video-preview:-1"},"canonical":"https:\/\/www.meslibellules.fr\/blog\/2025\/12\/04\/orthetrum-schneideri\/","og_locale":"fr_FR","og_type":"article","og_title":"Orthetrum schneideri - Mes Libellules","og_description":"Orthetrum schneideri m\u00e2le au Sarawak, description, identification, taille, habitat, distribution g\u00e9ographique, \u00e9tymologie","og_url":"https:\/\/www.meslibellules.fr\/blog\/2025\/12\/04\/orthetrum-schneideri\/","og_site_name":"Mes Libellules","article_publisher":"https:\/\/www.facebook.com\/benoit.guillon.96\/","article_author":"https:\/\/www.facebook.com\/benoit.guillon.96\/","article_published_time":"2025-12-04T14:32:21+00:00","article_modified_time":"2025-12-05T08:25:45+00:00","og_image":[{"width":2139,"height":1504,"url":"https:\/\/www.meslibellules.fr\/blog\/wp-content\/uploads\/Orthetrum-schneideri-male-1-2.webp","type":"image\/webp"}],"author":"Beno\u00eet Guillon","twitter_card":"summary_large_image","twitter_misc":{"\u00c9crit par":"Beno\u00eet Guillon","Dur\u00e9e de lecture estim\u00e9e":"4 minutes"},"schema":{"@context":"https:\/\/schema.org","@graph":[{"@type":"Article","@id":"https:\/\/www.meslibellules.fr\/blog\/2025\/12\/04\/orthetrum-schneideri\/#article","isPartOf":{"@id":"https:\/\/www.meslibellules.fr\/blog\/2025\/12\/04\/orthetrum-schneideri\/"},"author":{"name":"Beno\u00eet Guillon","@id":"https:\/\/www.meslibellules.fr\/blog\/#\/schema\/person\/9aa3586f9dd053fcf329f43b8b053c77"},"headline":"Born\u00e9o, Sarawak &#8211; Orthetrum schneideri F\u00f6rster, 1903","datePublished":"2025-12-04T14:32:21+00:00","dateModified":"2025-12-05T08:25:45+00:00","mainEntityOfPage":{"@id":"https:\/\/www.meslibellules.fr\/blog\/2025\/12\/04\/orthetrum-schneideri\/"},"wordCount":651,"commentCount":0,"publisher":{"@id":"https:\/\/www.meslibellules.fr\/blog\/#\/schema\/person\/9aa3586f9dd053fcf329f43b8b053c77"},"image":{"@id":"https:\/\/www.meslibellules.fr\/blog\/2025\/12\/04\/orthetrum-schneideri\/#primaryimage"},"thumbnailUrl":"https:\/\/www.meslibellules.fr\/blog\/wp-content\/uploads\/Orthetrum-schneideri-male-1-2.webp","keywords":["Born\u00e9o - Sarawak","Sarawak - Libellulidae"],"articleSection":["Born\u00e9o -Sarawak","Libellulidae"],"inLanguage":"fr-FR","potentialAction":[{"@type":"CommentAction","name":"Comment","target":["https:\/\/www.meslibellules.fr\/blog\/2025\/12\/04\/orthetrum-schneideri\/#respond"]}]},{"@type":"WebPage","@id":"https:\/\/www.meslibellules.fr\/blog\/2025\/12\/04\/orthetrum-schneideri\/","url":"https:\/\/www.meslibellules.fr\/blog\/2025\/12\/04\/orthetrum-schneideri\/","name":"Orthetrum schneideri - Mes Libellules","isPartOf":{"@id":"https:\/\/www.meslibellules.fr\/blog\/#website"},"primaryImageOfPage":{"@id":"https:\/\/www.meslibellules.fr\/blog\/2025\/12\/04\/orthetrum-schneideri\/#primaryimage"},"image":{"@id":"https:\/\/www.meslibellules.fr\/blog\/2025\/12\/04\/orthetrum-schneideri\/#primaryimage"},"thumbnailUrl":"https:\/\/www.meslibellules.fr\/blog\/wp-content\/uploads\/Orthetrum-schneideri-male-1-2.webp","datePublished":"2025-12-04T14:32:21+00:00","dateModified":"2025-12-05T08:25:45+00:00","description":"Orthetrum schneideri m\u00e2le au Sarawak, description, identification, taille, habitat, distribution g\u00e9ographique, \u00e9tymologie","breadcrumb":{"@id":"https:\/\/www.meslibellules.fr\/blog\/2025\/12\/04\/orthetrum-schneideri\/#breadcrumb"},"inLanguage":"fr-FR","potentialAction":[{"@type":"ReadAction","target":["https:\/\/www.meslibellules.fr\/blog\/2025\/12\/04\/orthetrum-schneideri\/"]}]},{"@type":"ImageObject","inLanguage":"fr-FR","@id":"https:\/\/www.meslibellules.fr\/blog\/2025\/12\/04\/orthetrum-schneideri\/#primaryimage","url":"https:\/\/www.meslibellules.fr\/blog\/wp-content\/uploads\/Orthetrum-schneideri-male-1-2.webp","contentUrl":"https:\/\/www.meslibellules.fr\/blog\/wp-content\/uploads\/Orthetrum-schneideri-male-1-2.webp"},{"@type":"BreadcrumbList","@id":"https:\/\/www.meslibellules.fr\/blog\/2025\/12\/04\/orthetrum-schneideri\/#breadcrumb","itemListElement":[{"@type":"ListItem","position":1,"name":"Accueil","item":"https:\/\/www.meslibellules.fr\/blog\/"},{"@type":"ListItem","position":2,"name":"Born\u00e9o, Sarawak &#8211; Orthetrum schneideri F\u00f6rster, 1903"}]},{"@type":"WebSite","@id":"https:\/\/www.meslibellules.fr\/blog\/#website","url":"https:\/\/www.meslibellules.fr\/blog\/","name":"Mes Libellules","description":"Pr\u00e9sentation des libellules rencontr\u00e9es dans le monde","publisher":{"@id":"https:\/\/www.meslibellules.fr\/blog\/#\/schema\/person\/9aa3586f9dd053fcf329f43b8b053c77"},"potentialAction":[{"@type":"SearchAction","target":{"@type":"EntryPoint","urlTemplate":"https:\/\/www.meslibellules.fr\/blog\/?s={search_term_string}"},"query-input":{"@type":"PropertyValueSpecification","valueRequired":true,"valueName":"search_term_string"}}],"inLanguage":"fr-FR"},{"@type":["Person","Organization"],"@id":"https:\/\/www.meslibellules.fr\/blog\/#\/schema\/person\/9aa3586f9dd053fcf329f43b8b053c77","name":"Beno\u00eet Guillon","image":{"@type":"ImageObject","inLanguage":"fr-FR","@id":"https:\/\/www.meslibellules.fr\/blog\/wp-content\/uploads\/cropped-avatar-150-pix.jpg","url":"https:\/\/www.meslibellules.fr\/blog\/wp-content\/uploads\/cropped-avatar-150-pix.jpg","contentUrl":"https:\/\/www.meslibellules.fr\/blog\/wp-content\/uploads\/cropped-avatar-150-pix.jpg","width":150,"height":137,"caption":"Beno\u00eet Guillon"},"logo":{"@id":"https:\/\/www.meslibellules.fr\/blog\/wp-content\/uploads\/cropped-avatar-150-pix.jpg"},"sameAs":["https:\/\/www.facebook.com\/benoit.guillon.96\/"]}]}},"_links":{"self":[{"href":"https:\/\/www.meslibellules.fr\/blog\/wp-json\/wp\/v2\/posts\/27018","targetHints":{"allow":["GET"]}}],"collection":[{"href":"https:\/\/www.meslibellules.fr\/blog\/wp-json\/wp\/v2\/posts"}],"about":[{"href":"https:\/\/www.meslibellules.fr\/blog\/wp-json\/wp\/v2\/types\/post"}],"author":[{"embeddable":true,"href":"https:\/\/www.meslibellules.fr\/blog\/wp-json\/wp\/v2\/users\/1"}],"replies":[{"embeddable":true,"href":"https:\/\/www.meslibellules.fr\/blog\/wp-json\/wp\/v2\/comments?post=27018"}],"version-history":[{"count":23,"href":"https:\/\/www.meslibellules.fr\/blog\/wp-json\/wp\/v2\/posts\/27018\/revisions"}],"predecessor-version":[{"id":27094,"href":"https:\/\/www.meslibellules.fr\/blog\/wp-json\/wp\/v2\/posts\/27018\/revisions\/27094"}],"wp:attachment":[{"href":"https:\/\/www.meslibellules.fr\/blog\/wp-json\/wp\/v2\/media?parent=27018"}],"wp:term":[{"taxonomy":"category","embeddable":true,"href":"https:\/\/www.meslibellules.fr\/blog\/wp-json\/wp\/v2\/categories?post=27018"},{"taxonomy":"post_tag","embeddable":true,"href":"https:\/\/www.meslibellules.fr\/blog\/wp-json\/wp\/v2\/tags?post=27018"}],"curies":[{"name":"wp","href":"https:\/\/api.w.org\/{rel}","templated":true}]}}