{"id":27080,"date":"2025-12-05T20:31:16","date_gmt":"2025-12-05T19:31:16","guid":{"rendered":"https:\/\/www.meslibellules.fr\/blog\/?p=27080"},"modified":"2025-12-05T20:31:17","modified_gmt":"2025-12-05T19:31:17","slug":"vestalis-amaryllis","status":"publish","type":"post","link":"https:\/\/www.meslibellules.fr\/blog\/2025\/12\/05\/vestalis-amaryllis\/","title":{"rendered":"Born\u00e9o, Sarawak &#8211; Vestalis amaryllis Lieftinck, 1865"},"content":{"rendered":"\n<figure class=\"wp-block-image aligncenter size-full is-resized\"><a href=\"https:\/\/www.meslibellules.fr\/blog\/wp-content\/uploads\/Vestalis-amaryllis-male-3.webp\"><img decoding=\"async\" width=\"2031\" height=\"1504\" data-src=\"https:\/\/www.meslibellules.fr\/blog\/wp-content\/uploads\/Vestalis-amaryllis-male-3.webp\" alt=\"Vestalis amaryllis m\u00e2le, Sarawak, Bung Ngiraja, 26\/03\/2025\" class=\"wp-image-27078 lazyload\" style=\"--smush-placeholder-width: 2031px; --smush-placeholder-aspect-ratio: 2031\/1504;width:640px;height:auto\" data-srcset=\"https:\/\/www.meslibellules.fr\/blog\/wp-content\/uploads\/Vestalis-amaryllis-male-3.webp 2031w, https:\/\/www.meslibellules.fr\/blog\/wp-content\/uploads\/Vestalis-amaryllis-male-3-768x569.webp 768w, https:\/\/www.meslibellules.fr\/blog\/wp-content\/uploads\/Vestalis-amaryllis-male-3-1536x1137.webp 1536w\" data-sizes=\"(max-width: 2031px) 100vw, 2031px\" src=\"data:image\/svg+xml;base64,PHN2ZyB3aWR0aD0iMSIgaGVpZ2h0PSIxIiB4bWxucz0iaHR0cDovL3d3dy53My5vcmcvMjAwMC9zdmciPjwvc3ZnPg==\" \/><\/a><figcaption class=\"wp-element-caption\">1- Vestalis amaryllis m\u00e2le, Sarawak, Bung Ngiraja, 26\/03\/2025<\/figcaption><\/figure>\n\n\n\n<p>Ce Vestalis amaryllis, Calopterygidae, est un des nombreux Vestalis que nous avons rencontr\u00e9s sur des ruisseaux alternants zones d&rsquo;ombres et places \u00e9clair\u00e9es, un biotope \u00e9galement affectionn\u00e9 par <a href=\"https:\/\/www.meslibellules.fr\/blog\/wp-content\/uploads\/Euphaea-impar-male-4.webp\">Euphaea impar<\/a> et <a href=\"https:\/\/www.meslibellules.fr\/blog\/wp-content\/uploads\/Drepanosticta-rufostigma-male-4.webp\">Drepanosticta rufostigma<\/a>, entre autres..<br>La zone que nous avons prospect\u00e9e compte plusieurs de ces Flashwing, comme les nomment les anglophiles ; sans doute Vestalis amarayllis et V.  amoena. Le probl\u00e8me est qu&rsquo;ils sont tr\u00e8s difficiles \u00e0 diff\u00e9rencier et qu&rsquo;ils n\u00e9cessitent une bonne vue des appendices anaux, ce qui n&rsquo;est pas un probl\u00e8me en soi ; mais la difficult\u00e9 est que les dessins qui font r\u00e9f\u00e9rence sont des vues ventrales, des vues, donc \u00ab\u00a0<em>par en-dessous<\/em>\u00a0\u00bb des appendices anaux, faits bien s\u00fbr sur des sujets en collection. <br>Comme ces dessins de Lieftinck (1).<\/p>\n\n\n\n<figure class=\"wp-block-image aligncenter size-full is-resized\"><a href=\"https:\/\/www.meslibellules.fr\/blog\/wp-content\/uploads\/Vestalis-amaryllis-Lieftick-1965.webp\"><img decoding=\"async\" width=\"902\" height=\"714\" data-src=\"https:\/\/www.meslibellules.fr\/blog\/wp-content\/uploads\/Vestalis-amaryllis-Lieftick-1965.webp\" alt=\"\" class=\"wp-image-27075 lazyload\" style=\"--smush-placeholder-width: 902px; --smush-placeholder-aspect-ratio: 902\/714;width:513px;height:auto\" data-srcset=\"https:\/\/www.meslibellules.fr\/blog\/wp-content\/uploads\/Vestalis-amaryllis-Lieftick-1965.webp 902w, https:\/\/www.meslibellules.fr\/blog\/wp-content\/uploads\/Vestalis-amaryllis-Lieftick-1965-768x608.webp 768w\" data-sizes=\"(max-width: 902px) 100vw, 902px\" src=\"data:image\/svg+xml;base64,PHN2ZyB3aWR0aD0iMSIgaGVpZ2h0PSIxIiB4bWxucz0iaHR0cDovL3d3dy53My5vcmcvMjAwMC9zdmciPjwvc3ZnPg==\" \/><\/a><\/figure>\n\n\n\n<p>Sur le terrain, il est impossible, sans perte de temps \u00e9norme, de capturer, puis de photographier. Nous avons fait le choix de photographier et en cons\u00e9quence certaines identifications sont impossibles.<br>Heureusement, pour cette esp\u00e8ce, Lieftinck a fourni une vue dorsale, un peu d\u00e9cal\u00e9e vers le centre, d&rsquo;un des appendices sup\u00e9rieurs de cette esp\u00e8ce, que j&rsquo;ai plac\u00e9 contre celui de mon sujet. Ce sont deux vues diff\u00e9rentes des appendices anaux d&rsquo;un m\u00eame sujet, le seul figur\u00e9 sur toutes les photos de cette page.<\/p>\n\n\n\n<figure class=\"wp-block-gallery aligncenter has-nested-images columns-default is-cropped wp-block-gallery-1 is-layout-flex wp-block-gallery-is-layout-flex\">\n<figure class=\"wp-block-image size-full\"><a href=\"https:\/\/www.meslibellules.fr\/blog\/wp-content\/uploads\/Vestalis-amaryllis-appendices-anaux-1bis.webp\"><img decoding=\"async\" width=\"698\" height=\"897\" data-id=\"27074\" data-src=\"https:\/\/www.meslibellules.fr\/blog\/wp-content\/uploads\/Vestalis-amaryllis-appendices-anaux-1bis.webp\" alt=\"Vestalis amaryllis m\u00e2le, appendices anaux, Sarawak, Bung Ngiraja, 26\/03\/2025\" class=\"wp-image-27074 lazyload\" src=\"data:image\/svg+xml;base64,PHN2ZyB3aWR0aD0iMSIgaGVpZ2h0PSIxIiB4bWxucz0iaHR0cDovL3d3dy53My5vcmcvMjAwMC9zdmciPjwvc3ZnPg==\" style=\"--smush-placeholder-width: 698px; --smush-placeholder-aspect-ratio: 698\/897;\" \/><\/a><\/figure>\n\n\n\n<figure class=\"wp-block-image size-full\"><img decoding=\"async\" width=\"473\" height=\"600\" data-id=\"27079\" data-src=\"https:\/\/www.meslibellules.fr\/blog\/wp-content\/uploads\/Vestalis-amaryllis-male-appendices-anaux-2.webp\" alt=\"Vestalis amaryllis m\u00e2le, appendices anaux, Sarawak, Bung Ngiraja, 26\/03\/2025\" class=\"wp-image-27079 lazyload\" src=\"data:image\/svg+xml;base64,PHN2ZyB3aWR0aD0iMSIgaGVpZ2h0PSIxIiB4bWxucz0iaHR0cDovL3d3dy53My5vcmcvMjAwMC9zdmciPjwvc3ZnPg==\" style=\"--smush-placeholder-width: 473px; --smush-placeholder-aspect-ratio: 473\/600;\" \/><\/figure>\n<figcaption class=\"blocks-gallery-caption wp-element-caption\">Vestalis amaryllis m\u00e2le, appendices anaux,  Sarawak, Bung Ngiraja, 26\/03\/2025<\/figcaption><\/figure>\n\n\n\n<p>J&rsquo;ai beaucoup d&rsquo;autres photos, certaines peut-\u00eatre de Vestalis amoena, d&rsquo;autres photos d&rsquo;appendices anaux, mais il m&rsquo;est impossible de les attribuer avec certitude \u00e0 l&rsquo;une ou l&rsquo;autre de ces esp\u00e8ces, tant que je ne trouverai pas de vues dorsales des appendices anaux. J&rsquo;ai voulu comparer mes photos \u00e0 celles du livre de Ngiam et Ng (2) qui montre V. amoena mais les auteurs ont repris les vues ventrales de Lieftinck.<\/p>\n\n\n\n<figure class=\"wp-block-image aligncenter size-full is-resized\"><a href=\"https:\/\/www.meslibellules.fr\/blog\/wp-content\/uploads\/Vestalis-amaryllis-male-1.webp\"><img decoding=\"async\" width=\"2345\" height=\"1504\" data-src=\"https:\/\/www.meslibellules.fr\/blog\/wp-content\/uploads\/Vestalis-amaryllis-male-1.webp\" alt=\"Vestalis amaryllis m\u00e2le, Sarawak, Bung Ngiraja, 26\/03\/2025\" class=\"wp-image-27076 lazyload\" style=\"--smush-placeholder-width: 2345px; --smush-placeholder-aspect-ratio: 2345\/1504;width:569px;height:auto\" data-srcset=\"https:\/\/www.meslibellules.fr\/blog\/wp-content\/uploads\/Vestalis-amaryllis-male-1.webp 2345w, https:\/\/www.meslibellules.fr\/blog\/wp-content\/uploads\/Vestalis-amaryllis-male-1-768x493.webp 768w, https:\/\/www.meslibellules.fr\/blog\/wp-content\/uploads\/Vestalis-amaryllis-male-1-1536x985.webp 1536w, https:\/\/www.meslibellules.fr\/blog\/wp-content\/uploads\/Vestalis-amaryllis-male-1-2048x1314.webp 2048w\" data-sizes=\"(max-width: 2345px) 100vw, 2345px\" src=\"data:image\/svg+xml;base64,PHN2ZyB3aWR0aD0iMSIgaGVpZ2h0PSIxIiB4bWxucz0iaHR0cDovL3d3dy53My5vcmcvMjAwMC9zdmciPjwvc3ZnPg==\" \/><\/a><figcaption class=\"wp-element-caption\">2- Vestalis amaryllis m\u00e2le, Sarawak, Bung Ngiraja, 26\/03\/2025<\/figcaption><\/figure>\n\n\n\n<p><em>Vestalis<\/em>\u00a0<em>amaryllis<\/em> est connu de  Born\u00e9o, des \u00eeles Bangka au large de Sumatra et des \u00eeles Balabac aux Philippines.<br><a href=\"https:\/\/www.iucnredlist.org\/species\/139121705\/139403803#geographic-range\">IUCN Red List<\/a>.<br>Il habite les petits ruisseaux tranquilles en for\u00eat (3), tout \u00e0 fait <a href=\"https:\/\/www.meslibellules.fr\/blog\/wp-content\/uploads\/26-03-25-12-h-29-Bung-Ngiraja-biotope-V.-amaryllis.webp\">l\u00e0 o\u00f9 nous l&rsquo;avons observ\u00e9<\/a>.<br>Son abdomen (1) mesure 40 \u00e0 48 mm, soit environ 55 mm au total.<\/p>\n\n\n\n<figure class=\"wp-block-image aligncenter size-full is-resized\"><a href=\"https:\/\/www.meslibellules.fr\/blog\/wp-content\/uploads\/Vestalis-amaryllis-male-2.webp\"><img decoding=\"async\" width=\"1421\" height=\"1504\" data-src=\"https:\/\/www.meslibellules.fr\/blog\/wp-content\/uploads\/Vestalis-amaryllis-male-2.webp\" alt=\"Vestalis amaryllis m\u00e2le, Sarawak, Bung Ngiraja, 26\/03\/2025\" class=\"wp-image-27077 lazyload\" style=\"--smush-placeholder-width: 1421px; --smush-placeholder-aspect-ratio: 1421\/1504;width:438px;height:auto\" data-srcset=\"https:\/\/www.meslibellules.fr\/blog\/wp-content\/uploads\/Vestalis-amaryllis-male-2.webp 1421w, https:\/\/www.meslibellules.fr\/blog\/wp-content\/uploads\/Vestalis-amaryllis-male-2-768x813.webp 768w\" data-sizes=\"(max-width: 1421px) 100vw, 1421px\" src=\"data:image\/svg+xml;base64,PHN2ZyB3aWR0aD0iMSIgaGVpZ2h0PSIxIiB4bWxucz0iaHR0cDovL3d3dy53My5vcmcvMjAwMC9zdmciPjwvc3ZnPg==\" \/><\/a><figcaption class=\"wp-element-caption\">3- Vestalis amaryllis m\u00e2le, Sarawak, Bung Ngiraja, 26\/03\/2025<\/figcaption><\/figure>\n\n\n\n<p><strong>\u00c9tymologie<\/strong><br><strong>Vestalis<\/strong> : ce nom de genre a \u00e9t\u00e9 cr\u00e9\u00e9 par Selys, 1853. Il a certainement suivi la tendance classique de l&rsquo;\u00e9poque d&rsquo;attribuer des noms historiques ou mythologiques au nom de genre ou d&rsquo;esp\u00e8ce. Les Vestales \u00e9taient les pr\u00eatresses vierges du culte de Vesta, d\u00e9esse du foyer, dans la Rome antique.<br><strong>Amaryllis<\/strong>, du grec ancien <em>amarullis<\/em> d\u00e9riv\u00e9 du verbe <em>amarysso<\/em> qui signifie <em>briller<\/em>, <em>\u00e9tinceler<\/em> et se r\u00e9f\u00e8re sans doute aux reflets renvoy\u00e9s par l&rsquo;habit m\u00e9tallique de ce zygopt\u00e8re.<\/p>\n\n\n\n<div style=\"height:30px\" aria-hidden=\"true\" class=\"wp-block-spacer\"><\/div>\n\n\n\n<p style=\"font-size:13px\">1- Lieftinck, 1965 \u2013\u00a0The<a href=\"https:\/\/www.biodiversitylibrary.org\/page\/28271816#page\/414\/mode\/1up\"> species-group of Vestalis amoena Selys, 1853, in Sundaland (Odonata, Calopterygidae)<\/a>.\u00a0<em>Tijdschrift voor entomologie<\/em>,\u00a0<em>108<\/em>, 325&#8211;364. P. 345.<br>2- Robin Ngiam &amp; Marcus Ng &#8211; A photographic guide to the Dragonflies and Damselflies of Singapore &#8211; John Beaufoy Publishing \u2013 2022<br>3- A Guide to the Dragonflies of Borneo,\u00a0their identification and biology. A.G. Orr, Natural History Publication (Borneo) \u2013 2003<br><\/p>\n\n\n\n<div style=\"height:30px\" aria-hidden=\"true\" class=\"wp-block-spacer\"><\/div>\n\n\n\n<div class=\"wp-block-buttons is-vertical is-layout-flex wp-container-core-buttons-is-layout-fe9cc265 wp-block-buttons-is-layout-flex\">\n<div class=\"wp-block-button\"><a class=\"wp-block-button__link wp-element-button\" href=\"https:\/\/www.meslibellules.fr\/blog\/odonates-du-sarawak\/\">Accueil Sarawak<\/a><\/div>\n\n\n\n<div class=\"wp-block-button\"><a class=\"wp-block-button__link wp-element-button\" href=\"https:\/\/www.meslibellules.fr\/pagesweb\/divers\/liste-generale-odonates-du-site\/asia-odonates.php\">Listes des Odonates d&rsquo;Asie<\/a><\/div>\n\n\n\n<div class=\"wp-block-button\"><a class=\"wp-block-button__link wp-element-button\" href=\"https:\/\/www.meslibellules.fr\/pagesweb\/divers\/liste-generale-odonates-du-site\/all-odonates.php\">Listes continentales<\/a><\/div>\n<\/div>\n","protected":false},"excerpt":{"rendered":"<p>Ce Vestalis amaryllis, Calopterygidae, est un des nombreux Vestalis que nous avons rencontr\u00e9s sur des ruisseaux alternants zones d&rsquo;ombres et places \u00e9clair\u00e9es, un biotope \u00e9galement affectionn\u00e9 par Euphaea impar et Drepanosticta rufostigma, entre autres..La zone que nous avons prospect\u00e9e compte plusieurs de ces Flashwing, comme les nomment les anglophiles ; sans doute Vestalis amarayllis et [&hellip;]<\/p>\n","protected":false},"author":1,"featured_media":0,"comment_status":"open","ping_status":"open","sticky":false,"template":"","format":"image","meta":{"site-sidebar-layout":"default","site-content-layout":"","ast-site-content-layout":"default","site-content-style":"default","site-sidebar-style":"default","ast-global-header-display":"","ast-banner-title-visibility":"","ast-main-header-display":"","ast-hfb-above-header-display":"","ast-hfb-below-header-display":"","ast-hfb-mobile-header-display":"","site-post-title":"","ast-breadcrumbs-content":"","ast-featured-img":"","footer-sml-layout":"","ast-disable-related-posts":"","theme-transparent-header-meta":"","adv-header-id-meta":"","stick-header-meta":"","header-above-stick-meta":"","header-main-stick-meta":"","header-below-stick-meta":"","astra-migrate-meta-layouts":"set","ast-page-background-enabled":"default","ast-page-background-meta":{"desktop":{"background-color":"var(--ast-global-color-4)","background-image":"","background-repeat":"repeat","background-position":"center center","background-size":"auto","background-attachment":"scroll","background-type":"","background-media":"","overlay-type":"","overlay-color":"","overlay-opacity":"","overlay-gradient":""},"tablet":{"background-color":"","background-image":"","background-repeat":"repeat","background-position":"center center","background-size":"auto","background-attachment":"scroll","background-type":"","background-media":"","overlay-type":"","overlay-color":"","overlay-opacity":"","overlay-gradient":""},"mobile":{"background-color":"","background-image":"","background-repeat":"repeat","background-position":"center center","background-size":"auto","background-attachment":"scroll","background-type":"","background-media":"","overlay-type":"","overlay-color":"","overlay-opacity":"","overlay-gradient":""}},"ast-content-background-meta":{"desktop":{"background-color":"var(--ast-global-color-5)","background-image":"","background-repeat":"repeat","background-position":"center center","background-size":"auto","background-attachment":"scroll","background-type":"","background-media":"","overlay-type":"","overlay-color":"","overlay-opacity":"","overlay-gradient":""},"tablet":{"background-color":"var(--ast-global-color-5)","background-image":"","background-repeat":"repeat","background-position":"center center","background-size":"auto","background-attachment":"scroll","background-type":"","background-media":"","overlay-type":"","overlay-color":"","overlay-opacity":"","overlay-gradient":""},"mobile":{"background-color":"var(--ast-global-color-5)","background-image":"","background-repeat":"repeat","background-position":"center center","background-size":"auto","background-attachment":"scroll","background-type":"","background-media":"","overlay-type":"","overlay-color":"","overlay-opacity":"","overlay-gradient":""}},"footnotes":""},"categories":[38596,38629],"tags":[38656,38631],"class_list":["post-27080","post","type-post","status-publish","format-image","hentry","category-borneo-sarawak","category-calopterygidae-borneo-sarawak","tag-bornea-sarawak","tag-calopterygidae-borneo","post_format-post-format-image"],"yoast_head":"<!-- This site is optimized with the Yoast SEO plugin v27.4 - https:\/\/yoast.com\/product\/yoast-seo-wordpress\/ -->\n<title>Vestalis amaryllis - Mes Libellules<\/title>\n<meta name=\"description\" content=\"Vestalis amaryllis au Sarawak, description, identification, taille, habitat, distribution g\u00e9ographique, \u00e9tymologie\" \/>\n<meta name=\"robots\" content=\"index, follow, max-snippet:-1, max-image-preview:large, max-video-preview:-1\" \/>\n<link rel=\"canonical\" href=\"https:\/\/www.meslibellules.fr\/blog\/2025\/12\/05\/vestalis-amaryllis\/\" \/>\n<meta property=\"og:locale\" content=\"fr_FR\" \/>\n<meta property=\"og:type\" content=\"article\" \/>\n<meta property=\"og:title\" content=\"Vestalis amaryllis - Mes Libellules\" \/>\n<meta property=\"og:description\" content=\"Vestalis amaryllis au Sarawak, description, identification, taille, habitat, distribution g\u00e9ographique, \u00e9tymologie\" \/>\n<meta property=\"og:url\" content=\"https:\/\/www.meslibellules.fr\/blog\/2025\/12\/05\/vestalis-amaryllis\/\" \/>\n<meta property=\"og:site_name\" content=\"Mes Libellules\" \/>\n<meta property=\"article:publisher\" content=\"https:\/\/www.facebook.com\/benoit.guillon.96\/\" \/>\n<meta property=\"article:author\" content=\"https:\/\/www.facebook.com\/benoit.guillon.96\/\" \/>\n<meta property=\"article:published_time\" content=\"2025-12-05T19:31:16+00:00\" \/>\n<meta property=\"article:modified_time\" content=\"2025-12-05T19:31:17+00:00\" \/>\n<meta property=\"og:image\" content=\"https:\/\/www.meslibellules.fr\/blog\/wp-content\/uploads\/Vestalis-amaryllis-male-3.webp\" \/>\n\t<meta property=\"og:image:width\" content=\"2031\" \/>\n\t<meta property=\"og:image:height\" content=\"1504\" \/>\n\t<meta property=\"og:image:type\" content=\"image\/webp\" \/>\n<meta name=\"author\" content=\"Beno\u00eet Guillon\" \/>\n<meta name=\"twitter:card\" content=\"summary_large_image\" \/>\n<meta name=\"twitter:label1\" content=\"\u00c9crit par\" \/>\n\t<meta name=\"twitter:data1\" content=\"Beno\u00eet Guillon\" \/>\n\t<meta name=\"twitter:label2\" content=\"Dur\u00e9e de lecture estim\u00e9e\" \/>\n\t<meta name=\"twitter:data2\" content=\"8 minutes\" \/>\n<script type=\"application\/ld+json\" class=\"yoast-schema-graph\">{\"@context\":\"https:\\\/\\\/schema.org\",\"@graph\":[{\"@type\":\"Article\",\"@id\":\"https:\\\/\\\/www.meslibellules.fr\\\/blog\\\/2025\\\/12\\\/05\\\/vestalis-amaryllis\\\/#article\",\"isPartOf\":{\"@id\":\"https:\\\/\\\/www.meslibellules.fr\\\/blog\\\/2025\\\/12\\\/05\\\/vestalis-amaryllis\\\/\"},\"author\":{\"name\":\"Beno\u00eet Guillon\",\"@id\":\"https:\\\/\\\/www.meslibellules.fr\\\/blog\\\/#\\\/schema\\\/person\\\/9aa3586f9dd053fcf329f43b8b053c77\"},\"headline\":\"Born\u00e9o, Sarawak &#8211; Vestalis amaryllis Lieftinck, 1865\",\"datePublished\":\"2025-12-05T19:31:16+00:00\",\"dateModified\":\"2025-12-05T19:31:17+00:00\",\"mainEntityOfPage\":{\"@id\":\"https:\\\/\\\/www.meslibellules.fr\\\/blog\\\/2025\\\/12\\\/05\\\/vestalis-amaryllis\\\/\"},\"wordCount\":536,\"commentCount\":0,\"publisher\":{\"@id\":\"https:\\\/\\\/www.meslibellules.fr\\\/blog\\\/#\\\/schema\\\/person\\\/9aa3586f9dd053fcf329f43b8b053c77\"},\"image\":{\"@id\":\"https:\\\/\\\/www.meslibellules.fr\\\/blog\\\/2025\\\/12\\\/05\\\/vestalis-amaryllis\\\/#primaryimage\"},\"thumbnailUrl\":\"https:\\\/\\\/www.meslibellules.fr\\\/blog\\\/wp-content\\\/uploads\\\/Vestalis-amaryllis-male-3.webp\",\"keywords\":[\"Born\u00e9\u00e0 Sarawak\",\"Calopterygidae - Borneo\"],\"articleSection\":[\"Born\u00e9o -Sarawak\",\"Calopterygidae\"],\"inLanguage\":\"fr-FR\",\"potentialAction\":[{\"@type\":\"CommentAction\",\"name\":\"Comment\",\"target\":[\"https:\\\/\\\/www.meslibellules.fr\\\/blog\\\/2025\\\/12\\\/05\\\/vestalis-amaryllis\\\/#respond\"]}]},{\"@type\":\"WebPage\",\"@id\":\"https:\\\/\\\/www.meslibellules.fr\\\/blog\\\/2025\\\/12\\\/05\\\/vestalis-amaryllis\\\/\",\"url\":\"https:\\\/\\\/www.meslibellules.fr\\\/blog\\\/2025\\\/12\\\/05\\\/vestalis-amaryllis\\\/\",\"name\":\"Vestalis amaryllis - Mes Libellules\",\"isPartOf\":{\"@id\":\"https:\\\/\\\/www.meslibellules.fr\\\/blog\\\/#website\"},\"primaryImageOfPage\":{\"@id\":\"https:\\\/\\\/www.meslibellules.fr\\\/blog\\\/2025\\\/12\\\/05\\\/vestalis-amaryllis\\\/#primaryimage\"},\"image\":{\"@id\":\"https:\\\/\\\/www.meslibellules.fr\\\/blog\\\/2025\\\/12\\\/05\\\/vestalis-amaryllis\\\/#primaryimage\"},\"thumbnailUrl\":\"https:\\\/\\\/www.meslibellules.fr\\\/blog\\\/wp-content\\\/uploads\\\/Vestalis-amaryllis-male-3.webp\",\"datePublished\":\"2025-12-05T19:31:16+00:00\",\"dateModified\":\"2025-12-05T19:31:17+00:00\",\"description\":\"Vestalis amaryllis au Sarawak, description, identification, taille, habitat, distribution g\u00e9ographique, \u00e9tymologie\",\"breadcrumb\":{\"@id\":\"https:\\\/\\\/www.meslibellules.fr\\\/blog\\\/2025\\\/12\\\/05\\\/vestalis-amaryllis\\\/#breadcrumb\"},\"inLanguage\":\"fr-FR\",\"potentialAction\":[{\"@type\":\"ReadAction\",\"target\":[\"https:\\\/\\\/www.meslibellules.fr\\\/blog\\\/2025\\\/12\\\/05\\\/vestalis-amaryllis\\\/\"]}]},{\"@type\":\"ImageObject\",\"inLanguage\":\"fr-FR\",\"@id\":\"https:\\\/\\\/www.meslibellules.fr\\\/blog\\\/2025\\\/12\\\/05\\\/vestalis-amaryllis\\\/#primaryimage\",\"url\":\"https:\\\/\\\/www.meslibellules.fr\\\/blog\\\/wp-content\\\/uploads\\\/Vestalis-amaryllis-male-3.webp\",\"contentUrl\":\"https:\\\/\\\/www.meslibellules.fr\\\/blog\\\/wp-content\\\/uploads\\\/Vestalis-amaryllis-male-3.webp\"},{\"@type\":\"BreadcrumbList\",\"@id\":\"https:\\\/\\\/www.meslibellules.fr\\\/blog\\\/2025\\\/12\\\/05\\\/vestalis-amaryllis\\\/#breadcrumb\",\"itemListElement\":[{\"@type\":\"ListItem\",\"position\":1,\"name\":\"Accueil\",\"item\":\"https:\\\/\\\/www.meslibellules.fr\\\/blog\\\/\"},{\"@type\":\"ListItem\",\"position\":2,\"name\":\"Born\u00e9o, Sarawak &#8211; Vestalis amaryllis Lieftinck, 1865\"}]},{\"@type\":\"WebSite\",\"@id\":\"https:\\\/\\\/www.meslibellules.fr\\\/blog\\\/#website\",\"url\":\"https:\\\/\\\/www.meslibellules.fr\\\/blog\\\/\",\"name\":\"Mes Libellules\",\"description\":\"Pr\u00e9sentation des libellules rencontr\u00e9es dans le monde\",\"publisher\":{\"@id\":\"https:\\\/\\\/www.meslibellules.fr\\\/blog\\\/#\\\/schema\\\/person\\\/9aa3586f9dd053fcf329f43b8b053c77\"},\"potentialAction\":[{\"@type\":\"SearchAction\",\"target\":{\"@type\":\"EntryPoint\",\"urlTemplate\":\"https:\\\/\\\/www.meslibellules.fr\\\/blog\\\/?s={search_term_string}\"},\"query-input\":{\"@type\":\"PropertyValueSpecification\",\"valueRequired\":true,\"valueName\":\"search_term_string\"}}],\"inLanguage\":\"fr-FR\"},{\"@type\":[\"Person\",\"Organization\"],\"@id\":\"https:\\\/\\\/www.meslibellules.fr\\\/blog\\\/#\\\/schema\\\/person\\\/9aa3586f9dd053fcf329f43b8b053c77\",\"name\":\"Beno\u00eet Guillon\",\"image\":{\"@type\":\"ImageObject\",\"inLanguage\":\"fr-FR\",\"@id\":\"https:\\\/\\\/www.meslibellules.fr\\\/blog\\\/wp-content\\\/uploads\\\/cropped-avatar-150-pix.jpg\",\"url\":\"https:\\\/\\\/www.meslibellules.fr\\\/blog\\\/wp-content\\\/uploads\\\/cropped-avatar-150-pix.jpg\",\"contentUrl\":\"https:\\\/\\\/www.meslibellules.fr\\\/blog\\\/wp-content\\\/uploads\\\/cropped-avatar-150-pix.jpg\",\"width\":150,\"height\":137,\"caption\":\"Beno\u00eet Guillon\"},\"logo\":{\"@id\":\"https:\\\/\\\/www.meslibellules.fr\\\/blog\\\/wp-content\\\/uploads\\\/cropped-avatar-150-pix.jpg\"},\"sameAs\":[\"https:\\\/\\\/www.facebook.com\\\/benoit.guillon.96\\\/\"]}]}<\/script>\n<!-- \/ Yoast SEO plugin. -->","yoast_head_json":{"title":"Vestalis amaryllis - Mes Libellules","description":"Vestalis amaryllis au Sarawak, description, identification, taille, habitat, distribution g\u00e9ographique, \u00e9tymologie","robots":{"index":"index","follow":"follow","max-snippet":"max-snippet:-1","max-image-preview":"max-image-preview:large","max-video-preview":"max-video-preview:-1"},"canonical":"https:\/\/www.meslibellules.fr\/blog\/2025\/12\/05\/vestalis-amaryllis\/","og_locale":"fr_FR","og_type":"article","og_title":"Vestalis amaryllis - Mes Libellules","og_description":"Vestalis amaryllis au Sarawak, description, identification, taille, habitat, distribution g\u00e9ographique, \u00e9tymologie","og_url":"https:\/\/www.meslibellules.fr\/blog\/2025\/12\/05\/vestalis-amaryllis\/","og_site_name":"Mes Libellules","article_publisher":"https:\/\/www.facebook.com\/benoit.guillon.96\/","article_author":"https:\/\/www.facebook.com\/benoit.guillon.96\/","article_published_time":"2025-12-05T19:31:16+00:00","article_modified_time":"2025-12-05T19:31:17+00:00","og_image":[{"width":2031,"height":1504,"url":"https:\/\/www.meslibellules.fr\/blog\/wp-content\/uploads\/Vestalis-amaryllis-male-3.webp","type":"image\/webp"}],"author":"Beno\u00eet Guillon","twitter_card":"summary_large_image","twitter_misc":{"\u00c9crit par":"Beno\u00eet Guillon","Dur\u00e9e de lecture estim\u00e9e":"8 minutes"},"schema":{"@context":"https:\/\/schema.org","@graph":[{"@type":"Article","@id":"https:\/\/www.meslibellules.fr\/blog\/2025\/12\/05\/vestalis-amaryllis\/#article","isPartOf":{"@id":"https:\/\/www.meslibellules.fr\/blog\/2025\/12\/05\/vestalis-amaryllis\/"},"author":{"name":"Beno\u00eet Guillon","@id":"https:\/\/www.meslibellules.fr\/blog\/#\/schema\/person\/9aa3586f9dd053fcf329f43b8b053c77"},"headline":"Born\u00e9o, Sarawak &#8211; Vestalis amaryllis Lieftinck, 1865","datePublished":"2025-12-05T19:31:16+00:00","dateModified":"2025-12-05T19:31:17+00:00","mainEntityOfPage":{"@id":"https:\/\/www.meslibellules.fr\/blog\/2025\/12\/05\/vestalis-amaryllis\/"},"wordCount":536,"commentCount":0,"publisher":{"@id":"https:\/\/www.meslibellules.fr\/blog\/#\/schema\/person\/9aa3586f9dd053fcf329f43b8b053c77"},"image":{"@id":"https:\/\/www.meslibellules.fr\/blog\/2025\/12\/05\/vestalis-amaryllis\/#primaryimage"},"thumbnailUrl":"https:\/\/www.meslibellules.fr\/blog\/wp-content\/uploads\/Vestalis-amaryllis-male-3.webp","keywords":["Born\u00e9\u00e0 Sarawak","Calopterygidae - Borneo"],"articleSection":["Born\u00e9o -Sarawak","Calopterygidae"],"inLanguage":"fr-FR","potentialAction":[{"@type":"CommentAction","name":"Comment","target":["https:\/\/www.meslibellules.fr\/blog\/2025\/12\/05\/vestalis-amaryllis\/#respond"]}]},{"@type":"WebPage","@id":"https:\/\/www.meslibellules.fr\/blog\/2025\/12\/05\/vestalis-amaryllis\/","url":"https:\/\/www.meslibellules.fr\/blog\/2025\/12\/05\/vestalis-amaryllis\/","name":"Vestalis amaryllis - Mes Libellules","isPartOf":{"@id":"https:\/\/www.meslibellules.fr\/blog\/#website"},"primaryImageOfPage":{"@id":"https:\/\/www.meslibellules.fr\/blog\/2025\/12\/05\/vestalis-amaryllis\/#primaryimage"},"image":{"@id":"https:\/\/www.meslibellules.fr\/blog\/2025\/12\/05\/vestalis-amaryllis\/#primaryimage"},"thumbnailUrl":"https:\/\/www.meslibellules.fr\/blog\/wp-content\/uploads\/Vestalis-amaryllis-male-3.webp","datePublished":"2025-12-05T19:31:16+00:00","dateModified":"2025-12-05T19:31:17+00:00","description":"Vestalis amaryllis au Sarawak, description, identification, taille, habitat, distribution g\u00e9ographique, \u00e9tymologie","breadcrumb":{"@id":"https:\/\/www.meslibellules.fr\/blog\/2025\/12\/05\/vestalis-amaryllis\/#breadcrumb"},"inLanguage":"fr-FR","potentialAction":[{"@type":"ReadAction","target":["https:\/\/www.meslibellules.fr\/blog\/2025\/12\/05\/vestalis-amaryllis\/"]}]},{"@type":"ImageObject","inLanguage":"fr-FR","@id":"https:\/\/www.meslibellules.fr\/blog\/2025\/12\/05\/vestalis-amaryllis\/#primaryimage","url":"https:\/\/www.meslibellules.fr\/blog\/wp-content\/uploads\/Vestalis-amaryllis-male-3.webp","contentUrl":"https:\/\/www.meslibellules.fr\/blog\/wp-content\/uploads\/Vestalis-amaryllis-male-3.webp"},{"@type":"BreadcrumbList","@id":"https:\/\/www.meslibellules.fr\/blog\/2025\/12\/05\/vestalis-amaryllis\/#breadcrumb","itemListElement":[{"@type":"ListItem","position":1,"name":"Accueil","item":"https:\/\/www.meslibellules.fr\/blog\/"},{"@type":"ListItem","position":2,"name":"Born\u00e9o, Sarawak &#8211; Vestalis amaryllis Lieftinck, 1865"}]},{"@type":"WebSite","@id":"https:\/\/www.meslibellules.fr\/blog\/#website","url":"https:\/\/www.meslibellules.fr\/blog\/","name":"Mes Libellules","description":"Pr\u00e9sentation des libellules rencontr\u00e9es dans le monde","publisher":{"@id":"https:\/\/www.meslibellules.fr\/blog\/#\/schema\/person\/9aa3586f9dd053fcf329f43b8b053c77"},"potentialAction":[{"@type":"SearchAction","target":{"@type":"EntryPoint","urlTemplate":"https:\/\/www.meslibellules.fr\/blog\/?s={search_term_string}"},"query-input":{"@type":"PropertyValueSpecification","valueRequired":true,"valueName":"search_term_string"}}],"inLanguage":"fr-FR"},{"@type":["Person","Organization"],"@id":"https:\/\/www.meslibellules.fr\/blog\/#\/schema\/person\/9aa3586f9dd053fcf329f43b8b053c77","name":"Beno\u00eet Guillon","image":{"@type":"ImageObject","inLanguage":"fr-FR","@id":"https:\/\/www.meslibellules.fr\/blog\/wp-content\/uploads\/cropped-avatar-150-pix.jpg","url":"https:\/\/www.meslibellules.fr\/blog\/wp-content\/uploads\/cropped-avatar-150-pix.jpg","contentUrl":"https:\/\/www.meslibellules.fr\/blog\/wp-content\/uploads\/cropped-avatar-150-pix.jpg","width":150,"height":137,"caption":"Beno\u00eet Guillon"},"logo":{"@id":"https:\/\/www.meslibellules.fr\/blog\/wp-content\/uploads\/cropped-avatar-150-pix.jpg"},"sameAs":["https:\/\/www.facebook.com\/benoit.guillon.96\/"]}]}},"_links":{"self":[{"href":"https:\/\/www.meslibellules.fr\/blog\/wp-json\/wp\/v2\/posts\/27080","targetHints":{"allow":["GET"]}}],"collection":[{"href":"https:\/\/www.meslibellules.fr\/blog\/wp-json\/wp\/v2\/posts"}],"about":[{"href":"https:\/\/www.meslibellules.fr\/blog\/wp-json\/wp\/v2\/types\/post"}],"author":[{"embeddable":true,"href":"https:\/\/www.meslibellules.fr\/blog\/wp-json\/wp\/v2\/users\/1"}],"replies":[{"embeddable":true,"href":"https:\/\/www.meslibellules.fr\/blog\/wp-json\/wp\/v2\/comments?post=27080"}],"version-history":[{"count":6,"href":"https:\/\/www.meslibellules.fr\/blog\/wp-json\/wp\/v2\/posts\/27080\/revisions"}],"predecessor-version":[{"id":27088,"href":"https:\/\/www.meslibellules.fr\/blog\/wp-json\/wp\/v2\/posts\/27080\/revisions\/27088"}],"wp:attachment":[{"href":"https:\/\/www.meslibellules.fr\/blog\/wp-json\/wp\/v2\/media?parent=27080"}],"wp:term":[{"taxonomy":"category","embeddable":true,"href":"https:\/\/www.meslibellules.fr\/blog\/wp-json\/wp\/v2\/categories?post=27080"},{"taxonomy":"post_tag","embeddable":true,"href":"https:\/\/www.meslibellules.fr\/blog\/wp-json\/wp\/v2\/tags?post=27080"}],"curies":[{"name":"wp","href":"https:\/\/api.w.org\/{rel}","templated":true}]}}