{"id":27173,"date":"2025-12-10T17:48:29","date_gmt":"2025-12-10T16:48:29","guid":{"rendered":"https:\/\/www.meslibellules.fr\/blog\/?p=27173"},"modified":"2025-12-11T08:07:14","modified_gmt":"2025-12-11T07:07:14","slug":"brachythemis-contaminata","status":"publish","type":"post","link":"https:\/\/www.meslibellules.fr\/blog\/2025\/12\/10\/brachythemis-contaminata\/","title":{"rendered":"Tha\u00eflande &#8211; Brachythemis contaminata (Fabricius, 1793)"},"content":{"rendered":"\n<figure class=\"wp-block-image aligncenter size-full is-resized\"><a href=\"https:\/\/www.meslibellules.fr\/blog\/wp-content\/uploads\/Brachythemis-contaminata-male-1.webp\"><img decoding=\"async\" width=\"2063\" height=\"1504\" data-src=\"https:\/\/www.meslibellules.fr\/blog\/wp-content\/uploads\/Brachythemis-contaminata-male-1.webp\" alt=\"Brachythemis contaminata m\u00e2le, Tha\u00eflande, Lodge Nok Chan Mee Na \u00e0 Chom Thong, 02\/06\/2024\" class=\"wp-image-27165 lazyload\" style=\"--smush-placeholder-width: 2063px; --smush-placeholder-aspect-ratio: 2063\/1504;aspect-ratio:1.3717085119412125;width:567px;height:auto\" data-srcset=\"https:\/\/www.meslibellules.fr\/blog\/wp-content\/uploads\/Brachythemis-contaminata-male-1.webp 2063w, https:\/\/www.meslibellules.fr\/blog\/wp-content\/uploads\/Brachythemis-contaminata-male-1-768x560.webp 768w, https:\/\/www.meslibellules.fr\/blog\/wp-content\/uploads\/Brachythemis-contaminata-male-1-1536x1120.webp 1536w, https:\/\/www.meslibellules.fr\/blog\/wp-content\/uploads\/Brachythemis-contaminata-male-1-2048x1493.webp 2048w\" data-sizes=\"(max-width: 2063px) 100vw, 2063px\" src=\"data:image\/svg+xml;base64,PHN2ZyB3aWR0aD0iMSIgaGVpZ2h0PSIxIiB4bWxucz0iaHR0cDovL3d3dy53My5vcmcvMjAwMC9zdmciPjwvc3ZnPg==\" \/><\/a><figcaption class=\"wp-element-caption\">Brachythemis contaminata m\u00e2le, Tha\u00eflande, Lodge Nok Chan Mee Na \u00e0 Chom Thong, 02\/06\/2024<\/figcaption><\/figure>\n\n\n\n<p>Brachythemis contaminata (Libellulidae) est un odonate tr\u00e8s commun en Asie, localement tr\u00e8s abondant, mais ce n&rsquo;est pas pour autant qu&rsquo;il n&rsquo;est pas magnifique. Il est variable pour l&rsquo;\u00e9tendue et l&rsquo;intensit\u00e9 de la coloration alaire et des nervures ant\u00e9rieures, en fonction de la g\u00e9ographie et, bien s\u00fbr, selon son \u00e2ge (ontog\u00e9nie).<br>Il n&rsquo;est pas possible de confondre les m\u00e2les matures avec une autre libellule en raison de leur coloration orange assez unique parmi les odonates, en tout cas en Asie (une petite ressemblance avec les Perithemis am\u00e9ricains, par exemple <a href=\"https:\/\/www.meslibellules.fr\/blog\/wp-content\/uploads\/perithemis-domitia-2.jpg\">Perithemis Domitia<\/a> (au Mexique)).<\/p>\n\n\n\n<figure class=\"wp-block-gallery has-nested-images columns-default is-cropped wp-block-gallery-1 is-layout-flex wp-block-gallery-is-layout-flex\">\n<figure class=\"wp-block-image size-large\" style=\"margin-top:var(--wp--preset--spacing--40);margin-bottom:var(--wp--preset--spacing--40)\"><a href=\"https:\/\/www.meslibellules.fr\/blog\/wp-content\/uploads\/Brachythemis-contaminata-male-4.webp\"><img decoding=\"async\" width=\"1521\" height=\"1504\" data-id=\"27170\" data-src=\"https:\/\/www.meslibellules.fr\/blog\/wp-content\/uploads\/Brachythemis-contaminata-male-4.webp\" alt=\"Brachythemis contaminata m\u00e2le, Tha\u00eflande, mare de l'arboretum de Chiang Mai, 25\/04\/2024\" class=\"wp-image-27170 lazyload\" data-srcset=\"https:\/\/www.meslibellules.fr\/blog\/wp-content\/uploads\/Brachythemis-contaminata-male-4.webp 1521w, https:\/\/www.meslibellules.fr\/blog\/wp-content\/uploads\/Brachythemis-contaminata-male-4-768x759.webp 768w\" data-sizes=\"(max-width: 1521px) 100vw, 1521px\" src=\"data:image\/svg+xml;base64,PHN2ZyB3aWR0aD0iMSIgaGVpZ2h0PSIxIiB4bWxucz0iaHR0cDovL3d3dy53My5vcmcvMjAwMC9zdmciPjwvc3ZnPg==\" style=\"--smush-placeholder-width: 1521px; --smush-placeholder-aspect-ratio: 1521\/1504;\" \/><\/a><\/figure>\n\n\n\n<figure class=\"wp-block-image size-large\"><a href=\"https:\/\/www.meslibellules.fr\/blog\/wp-content\/uploads\/Brachythemis-contaminata-male-2.webp\"><img decoding=\"async\" width=\"1268\" height=\"1504\" data-id=\"27166\" data-src=\"https:\/\/www.meslibellules.fr\/blog\/wp-content\/uploads\/Brachythemis-contaminata-male-2.webp\" alt=\"Ditch Jewel male, Thailand,  Nok Chan Mee Na Lodge near Chom Thong, 06\/02\/2024\" class=\"wp-image-27166 lazyload\" data-srcset=\"https:\/\/www.meslibellules.fr\/blog\/wp-content\/uploads\/Brachythemis-contaminata-male-2.webp 1268w, https:\/\/www.meslibellules.fr\/blog\/wp-content\/uploads\/Brachythemis-contaminata-male-2-768x911.webp 768w\" data-sizes=\"(max-width: 1268px) 100vw, 1268px\" src=\"data:image\/svg+xml;base64,PHN2ZyB3aWR0aD0iMSIgaGVpZ2h0PSIxIiB4bWxucz0iaHR0cDovL3d3dy53My5vcmcvMjAwMC9zdmciPjwvc3ZnPg==\" style=\"--smush-placeholder-width: 1268px; --smush-placeholder-aspect-ratio: 1268\/1504;\" \/><\/a><\/figure>\n<figcaption class=\"blocks-gallery-caption wp-element-caption\">Brachythemis contaminata m\u00e2le, Tha\u00eflande, mare de l&rsquo;arboretum de Chiang Mai, 25\/04\/2024 &amp; Lodge Nok Chan Mee Na \u00e0 Chom Thong, 02\/06\/2024<\/figcaption><\/figure>\n\n\n\n<p>Un d\u00e9tail permet de reconna\u00eetre l&rsquo;appartenance au genre Brachythemis ; les yeux ont une structure unique parmi les Libellulidae et portent d&rsquo;\u00e9tonnants dessins \u00e0 leur surface. Ils font penser \u00e0 une raret\u00e9, \u00e9galement vue en Namibie, <a href=\"https:\/\/www.meslibellules.fr\/blog\/2020\/02\/26\/namibie-parazyxomma-flavicans-martin-1908\/\" target=\"_blank\" rel=\"noreferrer noopener\">Parazyxomma flavicans<\/a>.<br>Cet aspect est particuli\u00e8rement visible sur les m\u00e2les jeunes et les femelles. <br>Il est possible que cette particularit\u00e9 soit l&rsquo;expression d&rsquo;une singularit\u00e9 fonctionnelle de ces yeux, qui seraient particuli\u00e8rement adapt\u00e9s \u00e0 surveiller ce qui se passe au-dessus d&rsquo;eux, que ce soit pour attraper des proies ou pr\u00e9venir un danger. En effet, et cela est soulign\u00e9 par leur nom g\u00e9n\u00e9rique anglais de <em>Groundling<\/em> (<em>ground<\/em>, pour <em>sol<\/em> et <em>ling<\/em> pour <em>petite chose<\/em>&#8230;), ces odonates se posent tr\u00e8s souvent au sol.<br><br>Comme tous les odonates dont l&rsquo;aire de r\u00e9partition est tr\u00e8s importante, il porte d&rsquo;autres noms vernaculaires, comme Orange-winged Groundling, Asian Groundling, Common Amberwing.<\/p>\n\n\n\n<figure class=\"wp-block-gallery has-nested-images columns-4 is-cropped wp-block-gallery-2 is-layout-flex wp-block-gallery-is-layout-flex\">\n<figure class=\"wp-block-image size-full\"><a href=\"https:\/\/www.meslibellules.fr\/blog\/wp-content\/uploads\/Brachythemis-contaminata-male-3.webp\"><img decoding=\"async\" width=\"1797\" height=\"1204\" data-id=\"27169\" data-src=\"https:\/\/www.meslibellules.fr\/blog\/wp-content\/uploads\/Brachythemis-contaminata-male-3.webp\" alt=\"Ditch Jewel male, Thailand,  Nok Chan Mee Na Lodge near Chom Thong, 06\/02\/2024\" class=\"wp-image-27169 lazyload\" data-srcset=\"https:\/\/www.meslibellules.fr\/blog\/wp-content\/uploads\/Brachythemis-contaminata-male-3.webp 1797w, https:\/\/www.meslibellules.fr\/blog\/wp-content\/uploads\/Brachythemis-contaminata-male-3-768x515.webp 768w, https:\/\/www.meslibellules.fr\/blog\/wp-content\/uploads\/Brachythemis-contaminata-male-3-1536x1029.webp 1536w\" data-sizes=\"(max-width: 1797px) 100vw, 1797px\" src=\"data:image\/svg+xml;base64,PHN2ZyB3aWR0aD0iMSIgaGVpZ2h0PSIxIiB4bWxucz0iaHR0cDovL3d3dy53My5vcmcvMjAwMC9zdmciPjwvc3ZnPg==\" style=\"--smush-placeholder-width: 1797px; --smush-placeholder-aspect-ratio: 1797\/1204;\" \/><\/a><\/figure>\n\n\n\n<figure class=\"wp-block-image size-full\"><a href=\"https:\/\/www.meslibellules.fr\/blog\/wp-content\/uploads\/brachythemis-lacustris-male-6.jpg\"><img decoding=\"async\" width=\"973\" height=\"884\" data-id=\"5718\" data-src=\"https:\/\/www.meslibellules.fr\/blog\/wp-content\/uploads\/brachythemis-lacustris-male-6.jpg\" alt=\"Brachythemis lacustris m\u00e2le, Namibie, Divundu sur l'Okavango, 12\/02\/2020\" class=\"wp-image-5718 lazyload\" data-srcset=\"https:\/\/www.meslibellules.fr\/blog\/wp-content\/uploads\/\/brachythemis-lacustris-male-6.jpg 973w, https:\/\/www.meslibellules.fr\/blog\/wp-content\/uploads\/\/brachythemis-lacustris-male-6-768x698.jpg 768w\" data-sizes=\"(max-width: 973px) 100vw, 973px\" src=\"data:image\/svg+xml;base64,PHN2ZyB3aWR0aD0iMSIgaGVpZ2h0PSIxIiB4bWxucz0iaHR0cDovL3d3dy53My5vcmcvMjAwMC9zdmciPjwvc3ZnPg==\" style=\"--smush-placeholder-width: 973px; --smush-placeholder-aspect-ratio: 973\/884;\" \/><\/a><\/figure>\n\n\n\n<figure class=\"wp-block-image size-full\"><a href=\"https:\/\/www.meslibellules.fr\/blog\/wp-content\/uploads\/Brachythemis-leucosticta-femelle-yeux.webp\"><img decoding=\"async\" width=\"1038\" height=\"928\" data-id=\"27174\" data-src=\"https:\/\/www.meslibellules.fr\/blog\/wp-content\/uploads\/Brachythemis-leucosticta-femelle-yeux.webp\" alt=\"Brachythemis leucosticta femelle, yeux, Namibie, Rundu, 20\/02\/2020\" class=\"wp-image-27174 lazyload\" data-srcset=\"https:\/\/www.meslibellules.fr\/blog\/wp-content\/uploads\/Brachythemis-leucosticta-femelle-yeux.webp 1038w, https:\/\/www.meslibellules.fr\/blog\/wp-content\/uploads\/Brachythemis-leucosticta-femelle-yeux-768x687.webp 768w\" data-sizes=\"(max-width: 1038px) 100vw, 1038px\" src=\"data:image\/svg+xml;base64,PHN2ZyB3aWR0aD0iMSIgaGVpZ2h0PSIxIiB4bWxucz0iaHR0cDovL3d3dy53My5vcmcvMjAwMC9zdmciPjwvc3ZnPg==\" style=\"--smush-placeholder-width: 1038px; --smush-placeholder-aspect-ratio: 1038\/928;\" \/><\/a><\/figure>\n\n\n\n<figure class=\"wp-block-image size-full\"><a href=\"https:\/\/www.meslibellules.fr\/blog\/wp-content\/uploads\/Brachythemis-impartita-male-emergent-bis.webp\"><img decoding=\"async\" width=\"1062\" height=\"1013\" data-id=\"27175\" data-src=\"https:\/\/www.meslibellules.fr\/blog\/wp-content\/uploads\/Brachythemis-impartita-male-emergent-bis.webp\" alt=\"Brachythemis impartita m\u00e2le \u00e9mergent, yeux, \u00c9thiopie, lac Lugano, 01\/11\/2018\" class=\"wp-image-27175 lazyload\" data-srcset=\"https:\/\/www.meslibellules.fr\/blog\/wp-content\/uploads\/Brachythemis-impartita-male-emergent-bis.webp 1062w, https:\/\/www.meslibellules.fr\/blog\/wp-content\/uploads\/Brachythemis-impartita-male-emergent-bis-768x733.webp 768w\" data-sizes=\"(max-width: 1062px) 100vw, 1062px\" src=\"data:image\/svg+xml;base64,PHN2ZyB3aWR0aD0iMSIgaGVpZ2h0PSIxIiB4bWxucz0iaHR0cDovL3d3dy53My5vcmcvMjAwMC9zdmciPjwvc3ZnPg==\" style=\"--smush-placeholder-width: 1062px; --smush-placeholder-aspect-ratio: 1062\/1013;\" \/><\/a><\/figure>\n<figcaption class=\"blocks-gallery-caption wp-element-caption\">Brachythemis contaminata m\u00e2le, Tha\u00eflande, Lodge Nok Chan Mee Na \u00e0 Chom Thong, 02\/06\/2024<br>Brachythemis lacustris m\u00e2le, Namibie, Divundu sur l&rsquo;Okavango, 12\/02\/2020<br>Brachythemis leucosticta femelle, Namibie, Rundu, 20\/02\/2020<br>Brachythemis impartita m\u00e2le \u00e9mergent, yeux, \u00c9thiopie, lac Lugano, 01\/11\/2018<\/figcaption><\/figure>\n\n\n\n<p>En Inde (Singh, 2022) l&rsquo;abdomen du m\u00e2le mesure 18-21 mm, son aile post\u00e9rieure 20-23 mm.<br>\u00c0 Singapour (Ngiam &amp; Ng, 2022), l&rsquo;aile post\u00e9rieure atteint 21-23 mm et la longueur totale 29-31 mm.<br><br>On les rencontre, souvent en nombre, pr\u00e8s des zones mar\u00e9cageuses des rivi\u00e8res, des mares, des canaux d&rsquo;irrigation, toutes sortes d&rsquo;habitats, m\u00eame pollu\u00e9s et charg\u00e9s des d\u00e9bris des activit\u00e9s humaines. Voil\u00e0 une libellule qui n&rsquo;est absolument pas une garantie d&rsquo;eaux saines !<\/p>\n\n\n\n<figure class=\"wp-block-image aligncenter size-full is-resized\"><a href=\"https:\/\/www.meslibellules.fr\/blog\/wp-content\/uploads\/Brachythemis-contaminata-male-6.webp\"><img decoding=\"async\" width=\"1885\" height=\"1504\" data-src=\"https:\/\/www.meslibellules.fr\/blog\/wp-content\/uploads\/Brachythemis-contaminata-male-6.webp\" alt=\"Brachythemis contaminata m\u00e2le, Tha\u00eflande, Southern Campus Chiang Mai, 01\/06\/2024\" class=\"wp-image-27172 lazyload\" style=\"--smush-placeholder-width: 1885px; --smush-placeholder-aspect-ratio: 1885\/1504;aspect-ratio:1.253335628819833;width:529px;height:auto\" data-srcset=\"https:\/\/www.meslibellules.fr\/blog\/wp-content\/uploads\/Brachythemis-contaminata-male-6.webp 1885w, https:\/\/www.meslibellules.fr\/blog\/wp-content\/uploads\/Brachythemis-contaminata-male-6-768x613.webp 768w, https:\/\/www.meslibellules.fr\/blog\/wp-content\/uploads\/Brachythemis-contaminata-male-6-1536x1226.webp 1536w\" data-sizes=\"(max-width: 1885px) 100vw, 1885px\" src=\"data:image\/svg+xml;base64,PHN2ZyB3aWR0aD0iMSIgaGVpZ2h0PSIxIiB4bWxucz0iaHR0cDovL3d3dy53My5vcmcvMjAwMC9zdmciPjwvc3ZnPg==\" \/><\/a><figcaption class=\"wp-element-caption\">Brachythemis contaminata m\u00e2le, Tha\u00eflande, Southern Campus Chiang Mai, 01\/06\/2024<\/figcaption><\/figure>\n\n\n\n<p>Ci-dessus, un sujet en cours de maturation ; les ailes sont largement envahies de coloration ambr\u00e9e, mais l&rsquo;abdomen reste partiellement clair, m\u00eame si les yeux sont d\u00e9j\u00e0 bien sombres.<br><br>Je n&rsquo;ai pas photographi\u00e9 de femelle en Tha\u00eflande, mais comme il est tr\u00e8s largement r\u00e9pandu en Asie et je l&rsquo;avais heureusement rencontr\u00e9 dans d&rsquo;autres pays voisins ou un peu plus \u00e9loign\u00e9s : <a href=\"https:\/\/www.meslibellules.fr\/blog\/2019\/04\/11\/vietnam-2018-ditch-jewel\/\">Vietnam<\/a>, <a href=\"https:\/\/www.meslibellules.fr\/voyages\/cambodge\/brachyth_contam\/brachyth_contam.php\">Cambodge<\/a>, <a href=\"https:\/\/www.meslibellules.fr\/voyages\/laos\/brachythemis-contaminata\/brachythemis-contaminata-male-1.php\">Laos<\/a>, <a href=\"https:\/\/www.meslibellules.fr\/voyages\/srilanka\/brachythemis-contaminata\/brachythemis-contaminata-1.php\">Sri Lanka<\/a>, <a href=\"https:\/\/www.meslibellules.fr\/voyages\/malaisie\/brachythemis-contaminata\/brachythemis-contaminata-male-1.php\">Malaisie<\/a>\u00a0et <a href=\"https:\/\/www.meslibellules.fr\/voyages\/rajasthan\/brachythemis-contaminata\/brachythemis-contaminata-male.php\">Rajasthan<\/a>.<br><br>Il est pr\u00e9sent de l&rsquo;ouest de l&rsquo;Inde au Japon \u00e0 travers le sud de la Chine, Hong Kong et Ta\u00efwan. On le trouve \u00e9galement aux Philippines, dans la p\u00e9ninsule Malaise, et en Indon\u00e9sie.<br><a href=\"https:\/\/www.iucnredlist.org\/species\/167368\/6335347\">IUCN Red List<\/a>.<br><br>Ci&#8211;dessous un sujet plus jeune dont l&rsquo;abdomen est encore jaune, les taches alaires encore limit\u00e9es.<\/p>\n\n\n\n<figure class=\"wp-block-image aligncenter size-full is-resized\"><a href=\"https:\/\/www.meslibellules.fr\/blog\/wp-content\/uploads\/Brachythemis-contaminata-male-5.webp\"><img decoding=\"async\" width=\"2476\" height=\"1504\" data-src=\"https:\/\/www.meslibellules.fr\/blog\/wp-content\/uploads\/Brachythemis-contaminata-male-5.webp\" alt=\"Brachythemis contaminata m\u00e2le, Tha\u00eflande, Lodge Nok Chan Mee Na \u00e0 Chom Thong, 01\/06\/2024\" class=\"wp-image-27171 lazyload\" style=\"--smush-placeholder-width: 2476px; --smush-placeholder-aspect-ratio: 2476\/1504;aspect-ratio:1.6463138851198553;width:627px;height:auto\" data-srcset=\"https:\/\/www.meslibellules.fr\/blog\/wp-content\/uploads\/Brachythemis-contaminata-male-5.webp 2476w, https:\/\/www.meslibellules.fr\/blog\/wp-content\/uploads\/Brachythemis-contaminata-male-5-768x467.webp 768w, https:\/\/www.meslibellules.fr\/blog\/wp-content\/uploads\/Brachythemis-contaminata-male-5-1536x933.webp 1536w, https:\/\/www.meslibellules.fr\/blog\/wp-content\/uploads\/Brachythemis-contaminata-male-5-2048x1244.webp 2048w\" data-sizes=\"(max-width: 2476px) 100vw, 2476px\" src=\"data:image\/svg+xml;base64,PHN2ZyB3aWR0aD0iMSIgaGVpZ2h0PSIxIiB4bWxucz0iaHR0cDovL3d3dy53My5vcmcvMjAwMC9zdmciPjwvc3ZnPg==\" \/><\/a><figcaption class=\"wp-element-caption\">Brachythemis contaminata m\u00e2le, Tha\u00eflande, Lodge Nok Chan Mee Na \u00e0 Chom Thong, 01\/06\/2024<\/figcaption><\/figure>\n\n\n\n<p><strong>\u00c9tymologie<\/strong><br><strong>Brachythemis<\/strong>\u00a0; du grec\u00a0<em>brachy<\/em>\u00a0pour\u00a0<em>court<\/em>, pour insister sur l\u2019abdomen court et trapu. Et, de Th\u00e9mis, d\u00e9esse grecque de l\u2019Ordre et de la Justice. Ce nom respecte la\u00a0<em>mode<\/em>\u00a0en cours d\u2019attribuer des noms relevant de l\u2019histoire ou de la mythologie. De plus, le choix de cette d\u00e9esse est particuli\u00e8rement adapt\u00e9 au classement et au respect des r\u00e8gles qu\u2019implique la taxonomie.<br><strong>Contaminata<\/strong>, du latin\u00a0<em>contaminatus<\/em>, souill\u00e9, impur. Le Dr. Heinrich Fliedner (Fliedner, 2006) propose qu\u2019on explique cette curieuse d\u00e9nomination par le fait que \u00ab\u00a0<em>la coloration ocre dans la partie proximale des ailes est plus fonc\u00e9e pr\u00e8s du milieu de la c\u00f4te (ou bord costal)<\/em>.\u00a0\u00bb Je suis assez sceptique car je ne vois pas ce que cette suggestion explique, ni ce qui est souill\u00e9 ou impur, et on ne peut pas douter des qualit\u00e9s de latiniste scientifique de Fabricius.<br>Aussi, je pense plut\u00f4t que Fabricius, qui n\u2019a pas l\u2019habitude d\u2019observer et de d\u00e9crire des odonates aux ailes color\u00e9es, a eu en main un sujet qui avait beaucoup et longtemps voyag\u00e9 (des mois, pour le moins) ; un sujet dess\u00e9ch\u00e9, terni et dont les ailes sont souill\u00e9s, pour lui, au sens propre.<br>Fabricius qui vivait au Danemark, nous dit en effet que le sujet qu\u2019il d\u00e9crit vient d\u2019Inde, de la collection de T\u00f8nder Lund (1753\u20131832). Il pr\u00e9cise \u00ab\u00a0<em>L. 6 maculatae<\/em>\u00a0\u00bb ; c\u2019est la sixi\u00e8me\u00a0<em>Libellula<\/em>\u00a0aux ailes macul\u00e9es qu\u2019il d\u00e9crit dans son\u00a0<em>Entomologia Systematica<\/em>. Puis, plus loin : \u00ab\u00a0<em>Toutes les ailes blanches, avec une grande ombre, jaune<\/em> \u00bb\u00a0.<\/p>\n\n\n\n<figure class=\"wp-block-image aligncenter size-full is-resized\"><a href=\"https:\/\/www.meslibellules.fr\/blog\/wp-content\/uploads\/Fabricius-1793.webp\"><img decoding=\"async\" width=\"1751\" height=\"502\" data-src=\"https:\/\/www.meslibellules.fr\/blog\/wp-content\/uploads\/Fabricius-1793.webp\" alt=\"\" class=\"wp-image-27159 lazyload\" style=\"--smush-placeholder-width: 1751px; --smush-placeholder-aspect-ratio: 1751\/502;aspect-ratio:3.4882606612362244;width:715px;height:auto\" data-srcset=\"https:\/\/www.meslibellules.fr\/blog\/wp-content\/uploads\/Fabricius-1793.webp 1751w, https:\/\/www.meslibellules.fr\/blog\/wp-content\/uploads\/Fabricius-1793-768x220.webp 768w, https:\/\/www.meslibellules.fr\/blog\/wp-content\/uploads\/Fabricius-1793-1536x440.webp 1536w\" data-sizes=\"(max-width: 1751px) 100vw, 1751px\" src=\"data:image\/svg+xml;base64,PHN2ZyB3aWR0aD0iMSIgaGVpZ2h0PSIxIiB4bWxucz0iaHR0cDovL3d3dy53My5vcmcvMjAwMC9zdmciPjwvc3ZnPg==\" \/><\/a><figcaption class=\"wp-element-caption\">Fabricius, 1793 &#8211; Entomologia systematica<\/figcaption><\/figure>\n\n\n\n<div style=\"height:30px\" aria-hidden=\"true\" class=\"wp-block-spacer\"><\/div>\n\n\n\n<p><strong>Fabricius, 1793<\/strong>&nbsp;\u2013 Fabricius, Johann Christian, Proft, Christian Gottlob (Kopenhagen), Mohr, Christian Friedrich (Kiel), &amp; Storch, \u2026 (Kopenhagen). (1792).&nbsp;<a href=\"https:\/\/www.biodiversitylibrary.org\/page\/52726921#page\/394\/mode\/1up\">Entomologia systematica emandata et aucta. Secundum classes, ordines, genera, species adjectis synonimis, locis, observationibus descriptionibus<\/a>&nbsp;(Vol. 2, p. 382). impensis Christ. Gottl. Proft. https:\/\/www.biodiversitylibrary.org\/page\/52726921<br><strong>Fliedner, 2006<\/strong>&nbsp;\u2013&nbsp;<a href=\"https:\/\/www.zobodat.at\/pdf\/Virgo_9_I-XXVIII.pdf\">The scientific names of the Odonata in Burmeister\u2019s \u00ab&nbsp;Handbuch der Entomologie&nbsp;\u00bb<\/a><br><strong>Ngiam &amp; Ng, 2022<\/strong> &#8211; A photographic guide to the Dragonflies and Damselflies of Singapore &#8211; John Beaufoy Publishing <br><strong>Singh, 2022 <\/strong>&#8211; Field Guide to the Dragonflies &amp; Damselflies of Northwest india, \u2013 Bishen Singh Mahendra Pal Singh<\/p>\n\n\n\n<div style=\"height:32px\" aria-hidden=\"true\" class=\"wp-block-spacer\"><\/div>\n\n\n\n<div class=\"wp-block-buttons is-vertical is-layout-flex wp-container-core-buttons-is-layout-16cda065 wp-block-buttons-is-layout-flex\">\n<div class=\"wp-block-button\"><a class=\"wp-block-button__link wp-element-button\" href=\"https:\/\/www.meslibellules.fr\/blog\/libellules-de-thailande\/\">Accueil Tha\u00eflande<\/a><\/div>\n\n\n\n<div class=\"wp-block-button\"><a class=\"wp-block-button__link wp-element-button\" href=\"http:\/\/www.meslibellules.fr\/pagesweb\/divers\/liste-generale-odonates-du-site\/asia-odonates.php\">Liste Asie<\/a><\/div>\n\n\n\n<div class=\"wp-block-button\"><a class=\"wp-block-button__link wp-element-button\" href=\"https:\/\/www.meslibellules.fr\/blog\/\">Accueil<\/a><\/div>\n<\/div>\n","protected":false},"excerpt":{"rendered":"<p>Brachythemis contaminata (Libellulidae) est un odonate tr\u00e8s commun en Asie, localement tr\u00e8s abondant, mais ce n&rsquo;est pas pour autant qu&rsquo;il n&rsquo;est pas magnifique. Il est variable pour l&rsquo;\u00e9tendue et l&rsquo;intensit\u00e9 de la coloration alaire et des nervures ant\u00e9rieures, en fonction de la g\u00e9ographie et, bien s\u00fbr, selon son \u00e2ge (ontog\u00e9nie).Il n&rsquo;est pas possible de confondre [&hellip;]<\/p>\n","protected":false},"author":1,"featured_media":0,"comment_status":"open","ping_status":"open","sticky":false,"template":"","format":"image","meta":{"site-sidebar-layout":"default","site-content-layout":"","ast-site-content-layout":"default","site-content-style":"default","site-sidebar-style":"default","ast-global-header-display":"","ast-banner-title-visibility":"","ast-main-header-display":"","ast-hfb-above-header-display":"","ast-hfb-below-header-display":"","ast-hfb-mobile-header-display":"","site-post-title":"","ast-breadcrumbs-content":"","ast-featured-img":"","footer-sml-layout":"","ast-disable-related-posts":"","theme-transparent-header-meta":"","adv-header-id-meta":"","stick-header-meta":"","header-above-stick-meta":"","header-main-stick-meta":"","header-below-stick-meta":"","astra-migrate-meta-layouts":"set","ast-page-background-enabled":"default","ast-page-background-meta":{"desktop":{"background-color":"var(--ast-global-color-4)","background-image":"","background-repeat":"repeat","background-position":"center center","background-size":"auto","background-attachment":"scroll","background-type":"","background-media":"","overlay-type":"","overlay-color":"","overlay-opacity":"","overlay-gradient":""},"tablet":{"background-color":"","background-image":"","background-repeat":"repeat","background-position":"center center","background-size":"auto","background-attachment":"scroll","background-type":"","background-media":"","overlay-type":"","overlay-color":"","overlay-opacity":"","overlay-gradient":""},"mobile":{"background-color":"","background-image":"","background-repeat":"repeat","background-position":"center center","background-size":"auto","background-attachment":"scroll","background-type":"","background-media":"","overlay-type":"","overlay-color":"","overlay-opacity":"","overlay-gradient":""}},"ast-content-background-meta":{"desktop":{"background-color":"var(--ast-global-color-5)","background-image":"","background-repeat":"repeat","background-position":"center center","background-size":"auto","background-attachment":"scroll","background-type":"","background-media":"","overlay-type":"","overlay-color":"","overlay-opacity":"","overlay-gradient":""},"tablet":{"background-color":"var(--ast-global-color-5)","background-image":"","background-repeat":"repeat","background-position":"center center","background-size":"auto","background-attachment":"scroll","background-type":"","background-media":"","overlay-type":"","overlay-color":"","overlay-opacity":"","overlay-gradient":""},"mobile":{"background-color":"var(--ast-global-color-5)","background-image":"","background-repeat":"repeat","background-position":"center center","background-size":"auto","background-attachment":"scroll","background-type":"","background-media":"","overlay-type":"","overlay-color":"","overlay-opacity":"","overlay-gradient":""}},"footnotes":""},"categories":[38544,1379],"tags":[38536],"class_list":["post-27173","post","type-post","status-publish","format-image","hentry","category-libellulidae-thailande-2","category-thailande","tag-libellulidae-thailande","post_format-post-format-image"],"yoast_head":"<!-- This site is optimized with the Yoast SEO plugin v27.4 - https:\/\/yoast.com\/product\/yoast-seo-wordpress\/ -->\n<title>Brachythemis contaminata - Mes Libellules<\/title>\n<meta name=\"description\" content=\"Brachythemis contaminata en Tha\u00eflande, description, identification, taille, habitat, distribution g\u00e9ographique, \u00e9tymologie\" \/>\n<meta name=\"robots\" content=\"index, follow, max-snippet:-1, max-image-preview:large, max-video-preview:-1\" \/>\n<link rel=\"canonical\" href=\"https:\/\/www.meslibellules.fr\/blog\/2025\/12\/10\/brachythemis-contaminata\/\" \/>\n<meta property=\"og:locale\" content=\"fr_FR\" \/>\n<meta property=\"og:type\" content=\"article\" \/>\n<meta property=\"og:title\" content=\"Brachythemis contaminata - Mes Libellules\" \/>\n<meta property=\"og:description\" content=\"Brachythemis contaminata en Tha\u00eflande, description, identification, taille, habitat, distribution g\u00e9ographique, \u00e9tymologie\" \/>\n<meta property=\"og:url\" content=\"https:\/\/www.meslibellules.fr\/blog\/2025\/12\/10\/brachythemis-contaminata\/\" \/>\n<meta property=\"og:site_name\" content=\"Mes Libellules\" \/>\n<meta property=\"article:publisher\" content=\"https:\/\/www.facebook.com\/benoit.guillon.96\/\" \/>\n<meta property=\"article:author\" content=\"https:\/\/www.facebook.com\/benoit.guillon.96\/\" \/>\n<meta property=\"article:published_time\" content=\"2025-12-10T16:48:29+00:00\" \/>\n<meta property=\"article:modified_time\" content=\"2025-12-11T07:07:14+00:00\" \/>\n<meta property=\"og:image\" content=\"https:\/\/www.meslibellules.fr\/blog\/wp-content\/uploads\/Brachythemis-contaminata-male-1.webp\" \/>\n\t<meta property=\"og:image:width\" content=\"2063\" \/>\n\t<meta property=\"og:image:height\" content=\"1504\" \/>\n\t<meta property=\"og:image:type\" content=\"image\/webp\" \/>\n<meta name=\"author\" content=\"Beno\u00eet Guillon\" \/>\n<meta name=\"twitter:card\" content=\"summary_large_image\" \/>\n<meta name=\"twitter:label1\" content=\"\u00c9crit par\" \/>\n\t<meta name=\"twitter:data1\" content=\"Beno\u00eet Guillon\" \/>\n\t<meta name=\"twitter:label2\" content=\"Dur\u00e9e de lecture estim\u00e9e\" \/>\n\t<meta name=\"twitter:data2\" content=\"7 minutes\" \/>\n<script type=\"application\/ld+json\" class=\"yoast-schema-graph\">{\"@context\":\"https:\\\/\\\/schema.org\",\"@graph\":[{\"@type\":\"Article\",\"@id\":\"https:\\\/\\\/www.meslibellules.fr\\\/blog\\\/2025\\\/12\\\/10\\\/brachythemis-contaminata\\\/#article\",\"isPartOf\":{\"@id\":\"https:\\\/\\\/www.meslibellules.fr\\\/blog\\\/2025\\\/12\\\/10\\\/brachythemis-contaminata\\\/\"},\"author\":{\"name\":\"Beno\u00eet Guillon\",\"@id\":\"https:\\\/\\\/www.meslibellules.fr\\\/blog\\\/#\\\/schema\\\/person\\\/9aa3586f9dd053fcf329f43b8b053c77\"},\"headline\":\"Tha\u00eflande &#8211; Brachythemis contaminata (Fabricius, 1793)\",\"datePublished\":\"2025-12-10T16:48:29+00:00\",\"dateModified\":\"2025-12-11T07:07:14+00:00\",\"mainEntityOfPage\":{\"@id\":\"https:\\\/\\\/www.meslibellules.fr\\\/blog\\\/2025\\\/12\\\/10\\\/brachythemis-contaminata\\\/\"},\"wordCount\":955,\"commentCount\":0,\"publisher\":{\"@id\":\"https:\\\/\\\/www.meslibellules.fr\\\/blog\\\/#\\\/schema\\\/person\\\/9aa3586f9dd053fcf329f43b8b053c77\"},\"image\":{\"@id\":\"https:\\\/\\\/www.meslibellules.fr\\\/blog\\\/2025\\\/12\\\/10\\\/brachythemis-contaminata\\\/#primaryimage\"},\"thumbnailUrl\":\"https:\\\/\\\/www.meslibellules.fr\\\/blog\\\/wp-content\\\/uploads\\\/Brachythemis-contaminata-male-1.webp\",\"keywords\":[\"Libellulidae - Tha\u00eflande\"],\"articleSection\":[\"Libellulidae\",\"Tha\u00eflande\"],\"inLanguage\":\"fr-FR\",\"potentialAction\":[{\"@type\":\"CommentAction\",\"name\":\"Comment\",\"target\":[\"https:\\\/\\\/www.meslibellules.fr\\\/blog\\\/2025\\\/12\\\/10\\\/brachythemis-contaminata\\\/#respond\"]}]},{\"@type\":\"WebPage\",\"@id\":\"https:\\\/\\\/www.meslibellules.fr\\\/blog\\\/2025\\\/12\\\/10\\\/brachythemis-contaminata\\\/\",\"url\":\"https:\\\/\\\/www.meslibellules.fr\\\/blog\\\/2025\\\/12\\\/10\\\/brachythemis-contaminata\\\/\",\"name\":\"Brachythemis contaminata - Mes Libellules\",\"isPartOf\":{\"@id\":\"https:\\\/\\\/www.meslibellules.fr\\\/blog\\\/#website\"},\"primaryImageOfPage\":{\"@id\":\"https:\\\/\\\/www.meslibellules.fr\\\/blog\\\/2025\\\/12\\\/10\\\/brachythemis-contaminata\\\/#primaryimage\"},\"image\":{\"@id\":\"https:\\\/\\\/www.meslibellules.fr\\\/blog\\\/2025\\\/12\\\/10\\\/brachythemis-contaminata\\\/#primaryimage\"},\"thumbnailUrl\":\"https:\\\/\\\/www.meslibellules.fr\\\/blog\\\/wp-content\\\/uploads\\\/Brachythemis-contaminata-male-1.webp\",\"datePublished\":\"2025-12-10T16:48:29+00:00\",\"dateModified\":\"2025-12-11T07:07:14+00:00\",\"description\":\"Brachythemis contaminata en Tha\u00eflande, description, identification, taille, habitat, distribution g\u00e9ographique, \u00e9tymologie\",\"breadcrumb\":{\"@id\":\"https:\\\/\\\/www.meslibellules.fr\\\/blog\\\/2025\\\/12\\\/10\\\/brachythemis-contaminata\\\/#breadcrumb\"},\"inLanguage\":\"fr-FR\",\"potentialAction\":[{\"@type\":\"ReadAction\",\"target\":[\"https:\\\/\\\/www.meslibellules.fr\\\/blog\\\/2025\\\/12\\\/10\\\/brachythemis-contaminata\\\/\"]}]},{\"@type\":\"ImageObject\",\"inLanguage\":\"fr-FR\",\"@id\":\"https:\\\/\\\/www.meslibellules.fr\\\/blog\\\/2025\\\/12\\\/10\\\/brachythemis-contaminata\\\/#primaryimage\",\"url\":\"https:\\\/\\\/www.meslibellules.fr\\\/blog\\\/wp-content\\\/uploads\\\/Brachythemis-contaminata-male-1.webp\",\"contentUrl\":\"https:\\\/\\\/www.meslibellules.fr\\\/blog\\\/wp-content\\\/uploads\\\/Brachythemis-contaminata-male-1.webp\"},{\"@type\":\"BreadcrumbList\",\"@id\":\"https:\\\/\\\/www.meslibellules.fr\\\/blog\\\/2025\\\/12\\\/10\\\/brachythemis-contaminata\\\/#breadcrumb\",\"itemListElement\":[{\"@type\":\"ListItem\",\"position\":1,\"name\":\"Accueil\",\"item\":\"https:\\\/\\\/www.meslibellules.fr\\\/blog\\\/\"},{\"@type\":\"ListItem\",\"position\":2,\"name\":\"Tha\u00eflande &#8211; Brachythemis contaminata (Fabricius, 1793)\"}]},{\"@type\":\"WebSite\",\"@id\":\"https:\\\/\\\/www.meslibellules.fr\\\/blog\\\/#website\",\"url\":\"https:\\\/\\\/www.meslibellules.fr\\\/blog\\\/\",\"name\":\"Mes Libellules\",\"description\":\"Pr\u00e9sentation des libellules rencontr\u00e9es dans le monde\",\"publisher\":{\"@id\":\"https:\\\/\\\/www.meslibellules.fr\\\/blog\\\/#\\\/schema\\\/person\\\/9aa3586f9dd053fcf329f43b8b053c77\"},\"potentialAction\":[{\"@type\":\"SearchAction\",\"target\":{\"@type\":\"EntryPoint\",\"urlTemplate\":\"https:\\\/\\\/www.meslibellules.fr\\\/blog\\\/?s={search_term_string}\"},\"query-input\":{\"@type\":\"PropertyValueSpecification\",\"valueRequired\":true,\"valueName\":\"search_term_string\"}}],\"inLanguage\":\"fr-FR\"},{\"@type\":[\"Person\",\"Organization\"],\"@id\":\"https:\\\/\\\/www.meslibellules.fr\\\/blog\\\/#\\\/schema\\\/person\\\/9aa3586f9dd053fcf329f43b8b053c77\",\"name\":\"Beno\u00eet Guillon\",\"image\":{\"@type\":\"ImageObject\",\"inLanguage\":\"fr-FR\",\"@id\":\"https:\\\/\\\/www.meslibellules.fr\\\/blog\\\/wp-content\\\/uploads\\\/cropped-avatar-150-pix.jpg\",\"url\":\"https:\\\/\\\/www.meslibellules.fr\\\/blog\\\/wp-content\\\/uploads\\\/cropped-avatar-150-pix.jpg\",\"contentUrl\":\"https:\\\/\\\/www.meslibellules.fr\\\/blog\\\/wp-content\\\/uploads\\\/cropped-avatar-150-pix.jpg\",\"width\":150,\"height\":137,\"caption\":\"Beno\u00eet Guillon\"},\"logo\":{\"@id\":\"https:\\\/\\\/www.meslibellules.fr\\\/blog\\\/wp-content\\\/uploads\\\/cropped-avatar-150-pix.jpg\"},\"sameAs\":[\"https:\\\/\\\/www.facebook.com\\\/benoit.guillon.96\\\/\"]}]}<\/script>\n<!-- \/ Yoast SEO plugin. -->","yoast_head_json":{"title":"Brachythemis contaminata - Mes Libellules","description":"Brachythemis contaminata en Tha\u00eflande, description, identification, taille, habitat, distribution g\u00e9ographique, \u00e9tymologie","robots":{"index":"index","follow":"follow","max-snippet":"max-snippet:-1","max-image-preview":"max-image-preview:large","max-video-preview":"max-video-preview:-1"},"canonical":"https:\/\/www.meslibellules.fr\/blog\/2025\/12\/10\/brachythemis-contaminata\/","og_locale":"fr_FR","og_type":"article","og_title":"Brachythemis contaminata - Mes Libellules","og_description":"Brachythemis contaminata en Tha\u00eflande, description, identification, taille, habitat, distribution g\u00e9ographique, \u00e9tymologie","og_url":"https:\/\/www.meslibellules.fr\/blog\/2025\/12\/10\/brachythemis-contaminata\/","og_site_name":"Mes Libellules","article_publisher":"https:\/\/www.facebook.com\/benoit.guillon.96\/","article_author":"https:\/\/www.facebook.com\/benoit.guillon.96\/","article_published_time":"2025-12-10T16:48:29+00:00","article_modified_time":"2025-12-11T07:07:14+00:00","og_image":[{"width":2063,"height":1504,"url":"https:\/\/www.meslibellules.fr\/blog\/wp-content\/uploads\/Brachythemis-contaminata-male-1.webp","type":"image\/webp"}],"author":"Beno\u00eet Guillon","twitter_card":"summary_large_image","twitter_misc":{"\u00c9crit par":"Beno\u00eet Guillon","Dur\u00e9e de lecture estim\u00e9e":"7 minutes"},"schema":{"@context":"https:\/\/schema.org","@graph":[{"@type":"Article","@id":"https:\/\/www.meslibellules.fr\/blog\/2025\/12\/10\/brachythemis-contaminata\/#article","isPartOf":{"@id":"https:\/\/www.meslibellules.fr\/blog\/2025\/12\/10\/brachythemis-contaminata\/"},"author":{"name":"Beno\u00eet Guillon","@id":"https:\/\/www.meslibellules.fr\/blog\/#\/schema\/person\/9aa3586f9dd053fcf329f43b8b053c77"},"headline":"Tha\u00eflande &#8211; Brachythemis contaminata (Fabricius, 1793)","datePublished":"2025-12-10T16:48:29+00:00","dateModified":"2025-12-11T07:07:14+00:00","mainEntityOfPage":{"@id":"https:\/\/www.meslibellules.fr\/blog\/2025\/12\/10\/brachythemis-contaminata\/"},"wordCount":955,"commentCount":0,"publisher":{"@id":"https:\/\/www.meslibellules.fr\/blog\/#\/schema\/person\/9aa3586f9dd053fcf329f43b8b053c77"},"image":{"@id":"https:\/\/www.meslibellules.fr\/blog\/2025\/12\/10\/brachythemis-contaminata\/#primaryimage"},"thumbnailUrl":"https:\/\/www.meslibellules.fr\/blog\/wp-content\/uploads\/Brachythemis-contaminata-male-1.webp","keywords":["Libellulidae - Tha\u00eflande"],"articleSection":["Libellulidae","Tha\u00eflande"],"inLanguage":"fr-FR","potentialAction":[{"@type":"CommentAction","name":"Comment","target":["https:\/\/www.meslibellules.fr\/blog\/2025\/12\/10\/brachythemis-contaminata\/#respond"]}]},{"@type":"WebPage","@id":"https:\/\/www.meslibellules.fr\/blog\/2025\/12\/10\/brachythemis-contaminata\/","url":"https:\/\/www.meslibellules.fr\/blog\/2025\/12\/10\/brachythemis-contaminata\/","name":"Brachythemis contaminata - Mes Libellules","isPartOf":{"@id":"https:\/\/www.meslibellules.fr\/blog\/#website"},"primaryImageOfPage":{"@id":"https:\/\/www.meslibellules.fr\/blog\/2025\/12\/10\/brachythemis-contaminata\/#primaryimage"},"image":{"@id":"https:\/\/www.meslibellules.fr\/blog\/2025\/12\/10\/brachythemis-contaminata\/#primaryimage"},"thumbnailUrl":"https:\/\/www.meslibellules.fr\/blog\/wp-content\/uploads\/Brachythemis-contaminata-male-1.webp","datePublished":"2025-12-10T16:48:29+00:00","dateModified":"2025-12-11T07:07:14+00:00","description":"Brachythemis contaminata en Tha\u00eflande, description, identification, taille, habitat, distribution g\u00e9ographique, \u00e9tymologie","breadcrumb":{"@id":"https:\/\/www.meslibellules.fr\/blog\/2025\/12\/10\/brachythemis-contaminata\/#breadcrumb"},"inLanguage":"fr-FR","potentialAction":[{"@type":"ReadAction","target":["https:\/\/www.meslibellules.fr\/blog\/2025\/12\/10\/brachythemis-contaminata\/"]}]},{"@type":"ImageObject","inLanguage":"fr-FR","@id":"https:\/\/www.meslibellules.fr\/blog\/2025\/12\/10\/brachythemis-contaminata\/#primaryimage","url":"https:\/\/www.meslibellules.fr\/blog\/wp-content\/uploads\/Brachythemis-contaminata-male-1.webp","contentUrl":"https:\/\/www.meslibellules.fr\/blog\/wp-content\/uploads\/Brachythemis-contaminata-male-1.webp"},{"@type":"BreadcrumbList","@id":"https:\/\/www.meslibellules.fr\/blog\/2025\/12\/10\/brachythemis-contaminata\/#breadcrumb","itemListElement":[{"@type":"ListItem","position":1,"name":"Accueil","item":"https:\/\/www.meslibellules.fr\/blog\/"},{"@type":"ListItem","position":2,"name":"Tha\u00eflande &#8211; Brachythemis contaminata (Fabricius, 1793)"}]},{"@type":"WebSite","@id":"https:\/\/www.meslibellules.fr\/blog\/#website","url":"https:\/\/www.meslibellules.fr\/blog\/","name":"Mes Libellules","description":"Pr\u00e9sentation des libellules rencontr\u00e9es dans le monde","publisher":{"@id":"https:\/\/www.meslibellules.fr\/blog\/#\/schema\/person\/9aa3586f9dd053fcf329f43b8b053c77"},"potentialAction":[{"@type":"SearchAction","target":{"@type":"EntryPoint","urlTemplate":"https:\/\/www.meslibellules.fr\/blog\/?s={search_term_string}"},"query-input":{"@type":"PropertyValueSpecification","valueRequired":true,"valueName":"search_term_string"}}],"inLanguage":"fr-FR"},{"@type":["Person","Organization"],"@id":"https:\/\/www.meslibellules.fr\/blog\/#\/schema\/person\/9aa3586f9dd053fcf329f43b8b053c77","name":"Beno\u00eet Guillon","image":{"@type":"ImageObject","inLanguage":"fr-FR","@id":"https:\/\/www.meslibellules.fr\/blog\/wp-content\/uploads\/cropped-avatar-150-pix.jpg","url":"https:\/\/www.meslibellules.fr\/blog\/wp-content\/uploads\/cropped-avatar-150-pix.jpg","contentUrl":"https:\/\/www.meslibellules.fr\/blog\/wp-content\/uploads\/cropped-avatar-150-pix.jpg","width":150,"height":137,"caption":"Beno\u00eet Guillon"},"logo":{"@id":"https:\/\/www.meslibellules.fr\/blog\/wp-content\/uploads\/cropped-avatar-150-pix.jpg"},"sameAs":["https:\/\/www.facebook.com\/benoit.guillon.96\/"]}]}},"_links":{"self":[{"href":"https:\/\/www.meslibellules.fr\/blog\/wp-json\/wp\/v2\/posts\/27173","targetHints":{"allow":["GET"]}}],"collection":[{"href":"https:\/\/www.meslibellules.fr\/blog\/wp-json\/wp\/v2\/posts"}],"about":[{"href":"https:\/\/www.meslibellules.fr\/blog\/wp-json\/wp\/v2\/types\/post"}],"author":[{"embeddable":true,"href":"https:\/\/www.meslibellules.fr\/blog\/wp-json\/wp\/v2\/users\/1"}],"replies":[{"embeddable":true,"href":"https:\/\/www.meslibellules.fr\/blog\/wp-json\/wp\/v2\/comments?post=27173"}],"version-history":[{"count":10,"href":"https:\/\/www.meslibellules.fr\/blog\/wp-json\/wp\/v2\/posts\/27173\/revisions"}],"predecessor-version":[{"id":27215,"href":"https:\/\/www.meslibellules.fr\/blog\/wp-json\/wp\/v2\/posts\/27173\/revisions\/27215"}],"wp:attachment":[{"href":"https:\/\/www.meslibellules.fr\/blog\/wp-json\/wp\/v2\/media?parent=27173"}],"wp:term":[{"taxonomy":"category","embeddable":true,"href":"https:\/\/www.meslibellules.fr\/blog\/wp-json\/wp\/v2\/categories?post=27173"},{"taxonomy":"post_tag","embeddable":true,"href":"https:\/\/www.meslibellules.fr\/blog\/wp-json\/wp\/v2\/tags?post=27173"}],"curies":[{"name":"wp","href":"https:\/\/api.w.org\/{rel}","templated":true}]}}