{"id":2719,"date":"2019-04-08T14:27:00","date_gmt":"2019-04-08T12:27:00","guid":{"rendered":"http:\/\/www.meslibellules.fr\/blog\/?p=2719"},"modified":"2025-02-01T13:30:37","modified_gmt":"2025-02-01T12:30:37","slug":"vietnam-2018-atratothemis-reelsi","status":"publish","type":"post","link":"https:\/\/www.meslibellules.fr\/blog\/2019\/04\/08\/vietnam-2018-atratothemis-reelsi\/","title":{"rendered":"Vietnam 2018 &#8211; Atratothemis reelsi (Wilson, 2005)"},"content":{"rendered":"\n<figure class=\"wp-block-image aligncenter is-resized\"><a href=\"https:\/\/www.meslibellules.fr\/blog\/wp-content\/uploads\/2019\/04\/atratothemis-reelsi.jpg\"><img decoding=\"async\" width=\"1913\" height=\"1204\" data-src=\"https:\/\/www.meslibellules.fr\/blog\/wp-content\/uploads\/2019\/04\/atratothemis-reelsi.jpg\" alt=\"Atratothemis reelsi, Vietnam, Pia Oac, 05\/06\/2019\" class=\"wp-image-2717 lazyload\" style=\"--smush-placeholder-width: 1913px; --smush-placeholder-aspect-ratio: 1913\/1204;width:722px;height:auto\" data-srcset=\"https:\/\/www.meslibellules.fr\/blog\/wp-content\/uploads\/2019\/04\/atratothemis-reelsi.jpg 1913w, https:\/\/www.meslibellules.fr\/blog\/wp-content\/uploads\/2019\/04\/atratothemis-reelsi-768x483.jpg 768w, https:\/\/www.meslibellules.fr\/blog\/wp-content\/uploads\/2019\/04\/atratothemis-reelsi-1200x755.jpg 1200w\" data-sizes=\"(max-width: 1913px) 100vw, 1913px\" src=\"data:image\/svg+xml;base64,PHN2ZyB3aWR0aD0iMSIgaGVpZ2h0PSIxIiB4bWxucz0iaHR0cDovL3d3dy53My5vcmcvMjAwMC9zdmciPjwvc3ZnPg==\" \/><\/a><figcaption class=\"wp-element-caption\">Atratothemis reelsi, Vietnam, Pia Oac, 05\/06\/2018<\/figcaption><\/figure>\n\n\n\n<p style=\"font-size:15px\">C&rsquo;est une esp\u00e8ce \u00e9tonnante, car elle n&rsquo;a \u00e9t\u00e9 d\u00e9couverte qu&rsquo;en 1998, dans la province chinoise du Guangxi, et il a fallu cr\u00e9er un genre pour elle seule. Atratothemis reelsi (Libellulidae) ressemble au Rhyothemis, et par l&rsquo;extr\u00eame largeur de l&rsquo;aile post\u00e9rieure \u00e0  Pantala flavescens ; il a d&rsquo;ailleurs \u00e9t\u00e9 class\u00e9 dans la sous-famille des Pantalinae. Mais ce serait du genre Camacina qu&rsquo;il serait le plus proche, un genre que je n&rsquo;ai jamais vu (lacune r\u00e9par\u00e9e en 2022).<br><br>Wilson (<em>Odonata of Guangxi Zhuang Autonomous Region, China, part II: Anisoptera, International Journal of Odonatology, Mars 2005, Keith D. P. Wilson<\/em>) donne l&rsquo;\u00e9tymologie de cette nouvelle esp\u00e8ce&nbsp;: <br><strong>Atratothemis<\/strong> pour Themis v\u00eatue en noir (<em>Atratus<\/em> en latin signifie habill\u00e9e en noir). &nbsp;En Themis, on reconnait le nom de la d\u00e9esse de L\u2019Ordre et de la Justice, fr\u00e9quemment utilis\u00e9 pour nommer des Libellulidae, par imitation de ce que faisaient les anciens en utilisant des noms issus de la mythologie.<br><strong> reelsi<\/strong> est un hommage \u00e0 Graham Reel, odonatologue.<\/p>\n\n\n\n<figure class=\"wp-block-image aligncenter is-resized\"><a href=\"https:\/\/www.meslibellules.fr\/blog\/wp-content\/uploads\/2019\/04\/atratothemis-reels-2i.jpg\"><img decoding=\"async\" width=\"1478\" height=\"1204\" data-src=\"https:\/\/www.meslibellules.fr\/blog\/wp-content\/uploads\/2019\/04\/atratothemis-reels-2i.jpg\" alt=\"Atratothemis reelsi, Vietnam, Pia Oac, 05\/06\/2019\" class=\"wp-image-2718 lazyload\" style=\"--smush-placeholder-width: 1478px; --smush-placeholder-aspect-ratio: 1478\/1204;width:571px;height:auto\" data-srcset=\"https:\/\/www.meslibellules.fr\/blog\/wp-content\/uploads\/2019\/04\/atratothemis-reels-2i.jpg 1478w, https:\/\/www.meslibellules.fr\/blog\/wp-content\/uploads\/2019\/04\/atratothemis-reels-2i-768x626.jpg 768w, https:\/\/www.meslibellules.fr\/blog\/wp-content\/uploads\/2019\/04\/atratothemis-reels-2i-1200x978.jpg 1200w\" data-sizes=\"(max-width: 1478px) 100vw, 1478px\" src=\"data:image\/svg+xml;base64,PHN2ZyB3aWR0aD0iMSIgaGVpZ2h0PSIxIiB4bWxucz0iaHR0cDovL3d3dy53My5vcmcvMjAwMC9zdmciPjwvc3ZnPg==\" \/><\/a><figcaption class=\"wp-element-caption\">Atratothemis reelsi, Vietnam, Pia Oac, 05\/06\/2018<\/figcaption><\/figure>\n\n\n\n<p style=\"font-size:15px\">Peu de choses sont connues sur cette esp\u00e8ce. Elle mesure sans doute un peu plus de 40 mm au total alors que son aile post\u00e9rieure atteint 43.5 mm.<br>Nous l&rsquo;avons rencontr\u00e9 sur une petite mare, envahie de lentilles d&rsquo;eau, \u00e0 environ 1200 m d&rsquo;altitude sur laquelle des Ceriagrion auranticum essayaient de pondre. Nous avons m\u00eame assist\u00e9 \u00e0 un accouplement en vol, que j&rsquo;ai photographi\u00e9, et dont j&rsquo;ai supprim\u00e9 toutes les photos&#8230;<br>C&rsquo;est Tom Kompier qui a d\u00e9couvert l&rsquo;esp\u00e8ce au Vietnam en 2015 ; elle est connue du sud de la Chine (Guangxi, Guizhou, Hainan) et au moins de Tha\u00eflande et du Laos.<br><a href=\"https:\/\/www.iucnredlist.org\/species\/193933\/2291163\">IUCN Red List<\/a><\/p>\n\n\n\n<div style=\"height:100px\" aria-hidden=\"true\" class=\"wp-block-spacer\"><\/div>\n\n\n\n<div class=\"wp-block-buttons is-vertical is-layout-flex wp-container-core-buttons-is-layout-fe9cc265 wp-block-buttons-is-layout-flex\">\n<div class=\"wp-block-button\"><a class=\"wp-block-button__link wp-element-button\" href=\"https:\/\/www.meslibellules.fr\/blog\/odonates-du-vietnam-2012-2018\/\">Accueil Vietnam<\/a><\/div>\n\n\n\n<div class=\"wp-block-button\"><a class=\"wp-block-button__link wp-element-button\" href=\"http:\/\/www.meslibellules.fr\/pagesweb\/divers\/liste-generale-odonates-du-site\/asia-odonates.php\">Liste Asie<\/a><\/div>\n\n\n\n<div class=\"wp-block-button\"><a class=\"wp-block-button__link wp-element-button\" href=\"https:\/\/www.meslibellules.fr\/blog\/\">Accueil<\/a><\/div>\n<\/div>\n","protected":false},"excerpt":{"rendered":"<p>C&rsquo;est une esp\u00e8ce \u00e9tonnante, car elle n&rsquo;a \u00e9t\u00e9 d\u00e9couverte qu&rsquo;en 1998, dans la province chinoise du Guangxi, et il a fallu cr\u00e9er un genre pour elle seule. Atratothemis reelsi (Libellulidae) ressemble au Rhyothemis, et par l&rsquo;extr\u00eame largeur de l&rsquo;aile post\u00e9rieure \u00e0 Pantala flavescens ; il a d&rsquo;ailleurs \u00e9t\u00e9 class\u00e9 dans la sous-famille des Pantalinae. Mais [&hellip;]<\/p>\n","protected":false},"author":1,"featured_media":0,"comment_status":"open","ping_status":"open","sticky":false,"template":"","format":"image","meta":{"site-sidebar-layout":"default","site-content-layout":"","ast-site-content-layout":"default","site-content-style":"default","site-sidebar-style":"default","ast-global-header-display":"","ast-banner-title-visibility":"","ast-main-header-display":"","ast-hfb-above-header-display":"","ast-hfb-below-header-display":"","ast-hfb-mobile-header-display":"","site-post-title":"","ast-breadcrumbs-content":"","ast-featured-img":"","footer-sml-layout":"","ast-disable-related-posts":"","theme-transparent-header-meta":"","adv-header-id-meta":"","stick-header-meta":"","header-above-stick-meta":"","header-main-stick-meta":"","header-below-stick-meta":"","astra-migrate-meta-layouts":"set","ast-page-background-enabled":"default","ast-page-background-meta":{"desktop":{"background-color":"var(--ast-global-color-4)","background-image":"","background-repeat":"repeat","background-position":"center center","background-size":"auto","background-attachment":"scroll","background-type":"","background-media":"","overlay-type":"","overlay-color":"","overlay-opacity":"","overlay-gradient":""},"tablet":{"background-color":"","background-image":"","background-repeat":"repeat","background-position":"center center","background-size":"auto","background-attachment":"scroll","background-type":"","background-media":"","overlay-type":"","overlay-color":"","overlay-opacity":"","overlay-gradient":""},"mobile":{"background-color":"","background-image":"","background-repeat":"repeat","background-position":"center center","background-size":"auto","background-attachment":"scroll","background-type":"","background-media":"","overlay-type":"","overlay-color":"","overlay-opacity":"","overlay-gradient":""}},"ast-content-background-meta":{"desktop":{"background-color":"var(--ast-global-color-5)","background-image":"","background-repeat":"repeat","background-position":"center center","background-size":"auto","background-attachment":"scroll","background-type":"","background-media":"","overlay-type":"","overlay-color":"","overlay-opacity":"","overlay-gradient":""},"tablet":{"background-color":"var(--ast-global-color-5)","background-image":"","background-repeat":"repeat","background-position":"center center","background-size":"auto","background-attachment":"scroll","background-type":"","background-media":"","overlay-type":"","overlay-color":"","overlay-opacity":"","overlay-gradient":""},"mobile":{"background-color":"var(--ast-global-color-5)","background-image":"","background-repeat":"repeat","background-position":"center center","background-size":"auto","background-attachment":"scroll","background-type":"","background-media":"","overlay-type":"","overlay-color":"","overlay-opacity":"","overlay-gradient":""}},"footnotes":""},"categories":[15,54],"tags":[],"class_list":["post-2719","post","type-post","status-publish","format-image","hentry","category-libellulidae","category-vietnam","post_format-post-format-image"],"yoast_head":"<!-- This site is optimized with the Yoast SEO plugin v27.5 - https:\/\/yoast.com\/product\/yoast-seo-wordpress\/ -->\n<title>Atratothemis reelsi - Mes Libellules<\/title>\n<meta name=\"description\" content=\"Atratothemis reelsi m\u00e2le au Vietnam, identification, description, habitat, taille, distribution g\u00e9ographique, \u00e9tymologie\" \/>\n<meta name=\"robots\" content=\"index, follow, max-snippet:-1, max-image-preview:large, max-video-preview:-1\" \/>\n<link rel=\"canonical\" href=\"https:\/\/www.meslibellules.fr\/blog\/2019\/04\/08\/vietnam-2018-atratothemis-reelsi\/\" \/>\n<meta property=\"og:locale\" content=\"fr_FR\" \/>\n<meta property=\"og:type\" content=\"article\" \/>\n<meta property=\"og:title\" content=\"Atratothemis reelsi - Mes Libellules\" \/>\n<meta property=\"og:description\" content=\"Atratothemis reelsi m\u00e2le au Vietnam, identification, description, habitat, taille, distribution g\u00e9ographique, \u00e9tymologie\" \/>\n<meta property=\"og:url\" content=\"https:\/\/www.meslibellules.fr\/blog\/2019\/04\/08\/vietnam-2018-atratothemis-reelsi\/\" \/>\n<meta property=\"og:site_name\" content=\"Mes Libellules\" \/>\n<meta property=\"article:publisher\" content=\"https:\/\/www.facebook.com\/benoit.guillon.96\/\" \/>\n<meta property=\"article:author\" content=\"https:\/\/www.facebook.com\/benoit.guillon.96\/\" \/>\n<meta property=\"article:published_time\" content=\"2019-04-08T12:27:00+00:00\" \/>\n<meta property=\"article:modified_time\" content=\"2025-02-01T12:30:37+00:00\" \/>\n<meta property=\"og:image\" content=\"http:\/\/www.meslibellules.fr\/blog\/wp-content\/uploads\/2019\/04\/atratothemis-reelsi.jpg\" \/>\n<meta name=\"author\" content=\"Beno\u00eet Guillon\" \/>\n<meta name=\"twitter:card\" content=\"summary_large_image\" \/>\n<meta name=\"twitter:label1\" content=\"\u00c9crit par\" \/>\n\t<meta name=\"twitter:data1\" content=\"Beno\u00eet Guillon\" \/>\n\t<meta name=\"twitter:label2\" content=\"Dur\u00e9e de lecture estim\u00e9e\" \/>\n\t<meta name=\"twitter:data2\" content=\"2 minutes\" \/>\n<script type=\"application\/ld+json\" class=\"yoast-schema-graph\">{\"@context\":\"https:\\\/\\\/schema.org\",\"@graph\":[{\"@type\":\"Article\",\"@id\":\"https:\\\/\\\/www.meslibellules.fr\\\/blog\\\/2019\\\/04\\\/08\\\/vietnam-2018-atratothemis-reelsi\\\/#article\",\"isPartOf\":{\"@id\":\"https:\\\/\\\/www.meslibellules.fr\\\/blog\\\/2019\\\/04\\\/08\\\/vietnam-2018-atratothemis-reelsi\\\/\"},\"author\":{\"name\":\"Beno\u00eet Guillon\",\"@id\":\"https:\\\/\\\/www.meslibellules.fr\\\/blog\\\/#\\\/schema\\\/person\\\/9aa3586f9dd053fcf329f43b8b053c77\"},\"headline\":\"Vietnam 2018 &#8211; Atratothemis reelsi (Wilson, 2005)\",\"datePublished\":\"2019-04-08T12:27:00+00:00\",\"dateModified\":\"2025-02-01T12:30:37+00:00\",\"mainEntityOfPage\":{\"@id\":\"https:\\\/\\\/www.meslibellules.fr\\\/blog\\\/2019\\\/04\\\/08\\\/vietnam-2018-atratothemis-reelsi\\\/\"},\"wordCount\":305,\"commentCount\":2,\"publisher\":{\"@id\":\"https:\\\/\\\/www.meslibellules.fr\\\/blog\\\/#\\\/schema\\\/person\\\/9aa3586f9dd053fcf329f43b8b053c77\"},\"image\":{\"@id\":\"https:\\\/\\\/www.meslibellules.fr\\\/blog\\\/2019\\\/04\\\/08\\\/vietnam-2018-atratothemis-reelsi\\\/#primaryimage\"},\"thumbnailUrl\":\"http:\\\/\\\/www.meslibellules.fr\\\/blog\\\/wp-content\\\/uploads\\\/2019\\\/04\\\/atratothemis-reelsi.jpg\",\"articleSection\":[\"Libellulidae\",\"Vietnam\"],\"inLanguage\":\"fr-FR\",\"potentialAction\":[{\"@type\":\"CommentAction\",\"name\":\"Comment\",\"target\":[\"https:\\\/\\\/www.meslibellules.fr\\\/blog\\\/2019\\\/04\\\/08\\\/vietnam-2018-atratothemis-reelsi\\\/#respond\"]}]},{\"@type\":\"WebPage\",\"@id\":\"https:\\\/\\\/www.meslibellules.fr\\\/blog\\\/2019\\\/04\\\/08\\\/vietnam-2018-atratothemis-reelsi\\\/\",\"url\":\"https:\\\/\\\/www.meslibellules.fr\\\/blog\\\/2019\\\/04\\\/08\\\/vietnam-2018-atratothemis-reelsi\\\/\",\"name\":\"Atratothemis reelsi - Mes Libellules\",\"isPartOf\":{\"@id\":\"https:\\\/\\\/www.meslibellules.fr\\\/blog\\\/#website\"},\"primaryImageOfPage\":{\"@id\":\"https:\\\/\\\/www.meslibellules.fr\\\/blog\\\/2019\\\/04\\\/08\\\/vietnam-2018-atratothemis-reelsi\\\/#primaryimage\"},\"image\":{\"@id\":\"https:\\\/\\\/www.meslibellules.fr\\\/blog\\\/2019\\\/04\\\/08\\\/vietnam-2018-atratothemis-reelsi\\\/#primaryimage\"},\"thumbnailUrl\":\"http:\\\/\\\/www.meslibellules.fr\\\/blog\\\/wp-content\\\/uploads\\\/2019\\\/04\\\/atratothemis-reelsi.jpg\",\"datePublished\":\"2019-04-08T12:27:00+00:00\",\"dateModified\":\"2025-02-01T12:30:37+00:00\",\"description\":\"Atratothemis reelsi m\u00e2le au Vietnam, identification, description, habitat, taille, distribution g\u00e9ographique, \u00e9tymologie\",\"breadcrumb\":{\"@id\":\"https:\\\/\\\/www.meslibellules.fr\\\/blog\\\/2019\\\/04\\\/08\\\/vietnam-2018-atratothemis-reelsi\\\/#breadcrumb\"},\"inLanguage\":\"fr-FR\",\"potentialAction\":[{\"@type\":\"ReadAction\",\"target\":[\"https:\\\/\\\/www.meslibellules.fr\\\/blog\\\/2019\\\/04\\\/08\\\/vietnam-2018-atratothemis-reelsi\\\/\"]}]},{\"@type\":\"ImageObject\",\"inLanguage\":\"fr-FR\",\"@id\":\"https:\\\/\\\/www.meslibellules.fr\\\/blog\\\/2019\\\/04\\\/08\\\/vietnam-2018-atratothemis-reelsi\\\/#primaryimage\",\"url\":\"http:\\\/\\\/www.meslibellules.fr\\\/blog\\\/wp-content\\\/uploads\\\/2019\\\/04\\\/atratothemis-reelsi.jpg\",\"contentUrl\":\"http:\\\/\\\/www.meslibellules.fr\\\/blog\\\/wp-content\\\/uploads\\\/2019\\\/04\\\/atratothemis-reelsi.jpg\"},{\"@type\":\"BreadcrumbList\",\"@id\":\"https:\\\/\\\/www.meslibellules.fr\\\/blog\\\/2019\\\/04\\\/08\\\/vietnam-2018-atratothemis-reelsi\\\/#breadcrumb\",\"itemListElement\":[{\"@type\":\"ListItem\",\"position\":1,\"name\":\"Accueil\",\"item\":\"https:\\\/\\\/www.meslibellules.fr\\\/blog\\\/\"},{\"@type\":\"ListItem\",\"position\":2,\"name\":\"Vietnam 2018 &#8211; Atratothemis reelsi (Wilson, 2005)\"}]},{\"@type\":\"WebSite\",\"@id\":\"https:\\\/\\\/www.meslibellules.fr\\\/blog\\\/#website\",\"url\":\"https:\\\/\\\/www.meslibellules.fr\\\/blog\\\/\",\"name\":\"Mes Libellules\",\"description\":\"Pr\u00e9sentation des libellules rencontr\u00e9es dans le monde\",\"publisher\":{\"@id\":\"https:\\\/\\\/www.meslibellules.fr\\\/blog\\\/#\\\/schema\\\/person\\\/9aa3586f9dd053fcf329f43b8b053c77\"},\"potentialAction\":[{\"@type\":\"SearchAction\",\"target\":{\"@type\":\"EntryPoint\",\"urlTemplate\":\"https:\\\/\\\/www.meslibellules.fr\\\/blog\\\/?s={search_term_string}\"},\"query-input\":{\"@type\":\"PropertyValueSpecification\",\"valueRequired\":true,\"valueName\":\"search_term_string\"}}],\"inLanguage\":\"fr-FR\"},{\"@type\":[\"Person\",\"Organization\"],\"@id\":\"https:\\\/\\\/www.meslibellules.fr\\\/blog\\\/#\\\/schema\\\/person\\\/9aa3586f9dd053fcf329f43b8b053c77\",\"name\":\"Beno\u00eet Guillon\",\"image\":{\"@type\":\"ImageObject\",\"inLanguage\":\"fr-FR\",\"@id\":\"https:\\\/\\\/www.meslibellules.fr\\\/blog\\\/wp-content\\\/uploads\\\/cropped-avatar-150-pix.jpg\",\"url\":\"https:\\\/\\\/www.meslibellules.fr\\\/blog\\\/wp-content\\\/uploads\\\/cropped-avatar-150-pix.jpg\",\"contentUrl\":\"https:\\\/\\\/www.meslibellules.fr\\\/blog\\\/wp-content\\\/uploads\\\/cropped-avatar-150-pix.jpg\",\"width\":150,\"height\":137,\"caption\":\"Beno\u00eet Guillon\"},\"logo\":{\"@id\":\"https:\\\/\\\/www.meslibellules.fr\\\/blog\\\/wp-content\\\/uploads\\\/cropped-avatar-150-pix.jpg\"},\"sameAs\":[\"https:\\\/\\\/www.facebook.com\\\/benoit.guillon.96\\\/\"]}]}<\/script>\n<!-- \/ Yoast SEO plugin. -->","yoast_head_json":{"title":"Atratothemis reelsi - Mes Libellules","description":"Atratothemis reelsi m\u00e2le au Vietnam, identification, description, habitat, taille, distribution g\u00e9ographique, \u00e9tymologie","robots":{"index":"index","follow":"follow","max-snippet":"max-snippet:-1","max-image-preview":"max-image-preview:large","max-video-preview":"max-video-preview:-1"},"canonical":"https:\/\/www.meslibellules.fr\/blog\/2019\/04\/08\/vietnam-2018-atratothemis-reelsi\/","og_locale":"fr_FR","og_type":"article","og_title":"Atratothemis reelsi - Mes Libellules","og_description":"Atratothemis reelsi m\u00e2le au Vietnam, identification, description, habitat, taille, distribution g\u00e9ographique, \u00e9tymologie","og_url":"https:\/\/www.meslibellules.fr\/blog\/2019\/04\/08\/vietnam-2018-atratothemis-reelsi\/","og_site_name":"Mes Libellules","article_publisher":"https:\/\/www.facebook.com\/benoit.guillon.96\/","article_author":"https:\/\/www.facebook.com\/benoit.guillon.96\/","article_published_time":"2019-04-08T12:27:00+00:00","article_modified_time":"2025-02-01T12:30:37+00:00","og_image":[{"url":"http:\/\/www.meslibellules.fr\/blog\/wp-content\/uploads\/2019\/04\/atratothemis-reelsi.jpg","type":"","width":"","height":""}],"author":"Beno\u00eet Guillon","twitter_card":"summary_large_image","twitter_misc":{"\u00c9crit par":"Beno\u00eet Guillon","Dur\u00e9e de lecture estim\u00e9e":"2 minutes"},"schema":{"@context":"https:\/\/schema.org","@graph":[{"@type":"Article","@id":"https:\/\/www.meslibellules.fr\/blog\/2019\/04\/08\/vietnam-2018-atratothemis-reelsi\/#article","isPartOf":{"@id":"https:\/\/www.meslibellules.fr\/blog\/2019\/04\/08\/vietnam-2018-atratothemis-reelsi\/"},"author":{"name":"Beno\u00eet Guillon","@id":"https:\/\/www.meslibellules.fr\/blog\/#\/schema\/person\/9aa3586f9dd053fcf329f43b8b053c77"},"headline":"Vietnam 2018 &#8211; Atratothemis reelsi (Wilson, 2005)","datePublished":"2019-04-08T12:27:00+00:00","dateModified":"2025-02-01T12:30:37+00:00","mainEntityOfPage":{"@id":"https:\/\/www.meslibellules.fr\/blog\/2019\/04\/08\/vietnam-2018-atratothemis-reelsi\/"},"wordCount":305,"commentCount":2,"publisher":{"@id":"https:\/\/www.meslibellules.fr\/blog\/#\/schema\/person\/9aa3586f9dd053fcf329f43b8b053c77"},"image":{"@id":"https:\/\/www.meslibellules.fr\/blog\/2019\/04\/08\/vietnam-2018-atratothemis-reelsi\/#primaryimage"},"thumbnailUrl":"http:\/\/www.meslibellules.fr\/blog\/wp-content\/uploads\/2019\/04\/atratothemis-reelsi.jpg","articleSection":["Libellulidae","Vietnam"],"inLanguage":"fr-FR","potentialAction":[{"@type":"CommentAction","name":"Comment","target":["https:\/\/www.meslibellules.fr\/blog\/2019\/04\/08\/vietnam-2018-atratothemis-reelsi\/#respond"]}]},{"@type":"WebPage","@id":"https:\/\/www.meslibellules.fr\/blog\/2019\/04\/08\/vietnam-2018-atratothemis-reelsi\/","url":"https:\/\/www.meslibellules.fr\/blog\/2019\/04\/08\/vietnam-2018-atratothemis-reelsi\/","name":"Atratothemis reelsi - Mes Libellules","isPartOf":{"@id":"https:\/\/www.meslibellules.fr\/blog\/#website"},"primaryImageOfPage":{"@id":"https:\/\/www.meslibellules.fr\/blog\/2019\/04\/08\/vietnam-2018-atratothemis-reelsi\/#primaryimage"},"image":{"@id":"https:\/\/www.meslibellules.fr\/blog\/2019\/04\/08\/vietnam-2018-atratothemis-reelsi\/#primaryimage"},"thumbnailUrl":"http:\/\/www.meslibellules.fr\/blog\/wp-content\/uploads\/2019\/04\/atratothemis-reelsi.jpg","datePublished":"2019-04-08T12:27:00+00:00","dateModified":"2025-02-01T12:30:37+00:00","description":"Atratothemis reelsi m\u00e2le au Vietnam, identification, description, habitat, taille, distribution g\u00e9ographique, \u00e9tymologie","breadcrumb":{"@id":"https:\/\/www.meslibellules.fr\/blog\/2019\/04\/08\/vietnam-2018-atratothemis-reelsi\/#breadcrumb"},"inLanguage":"fr-FR","potentialAction":[{"@type":"ReadAction","target":["https:\/\/www.meslibellules.fr\/blog\/2019\/04\/08\/vietnam-2018-atratothemis-reelsi\/"]}]},{"@type":"ImageObject","inLanguage":"fr-FR","@id":"https:\/\/www.meslibellules.fr\/blog\/2019\/04\/08\/vietnam-2018-atratothemis-reelsi\/#primaryimage","url":"http:\/\/www.meslibellules.fr\/blog\/wp-content\/uploads\/2019\/04\/atratothemis-reelsi.jpg","contentUrl":"http:\/\/www.meslibellules.fr\/blog\/wp-content\/uploads\/2019\/04\/atratothemis-reelsi.jpg"},{"@type":"BreadcrumbList","@id":"https:\/\/www.meslibellules.fr\/blog\/2019\/04\/08\/vietnam-2018-atratothemis-reelsi\/#breadcrumb","itemListElement":[{"@type":"ListItem","position":1,"name":"Accueil","item":"https:\/\/www.meslibellules.fr\/blog\/"},{"@type":"ListItem","position":2,"name":"Vietnam 2018 &#8211; Atratothemis reelsi (Wilson, 2005)"}]},{"@type":"WebSite","@id":"https:\/\/www.meslibellules.fr\/blog\/#website","url":"https:\/\/www.meslibellules.fr\/blog\/","name":"Mes Libellules","description":"Pr\u00e9sentation des libellules rencontr\u00e9es dans le monde","publisher":{"@id":"https:\/\/www.meslibellules.fr\/blog\/#\/schema\/person\/9aa3586f9dd053fcf329f43b8b053c77"},"potentialAction":[{"@type":"SearchAction","target":{"@type":"EntryPoint","urlTemplate":"https:\/\/www.meslibellules.fr\/blog\/?s={search_term_string}"},"query-input":{"@type":"PropertyValueSpecification","valueRequired":true,"valueName":"search_term_string"}}],"inLanguage":"fr-FR"},{"@type":["Person","Organization"],"@id":"https:\/\/www.meslibellules.fr\/blog\/#\/schema\/person\/9aa3586f9dd053fcf329f43b8b053c77","name":"Beno\u00eet Guillon","image":{"@type":"ImageObject","inLanguage":"fr-FR","@id":"https:\/\/www.meslibellules.fr\/blog\/wp-content\/uploads\/cropped-avatar-150-pix.jpg","url":"https:\/\/www.meslibellules.fr\/blog\/wp-content\/uploads\/cropped-avatar-150-pix.jpg","contentUrl":"https:\/\/www.meslibellules.fr\/blog\/wp-content\/uploads\/cropped-avatar-150-pix.jpg","width":150,"height":137,"caption":"Beno\u00eet Guillon"},"logo":{"@id":"https:\/\/www.meslibellules.fr\/blog\/wp-content\/uploads\/cropped-avatar-150-pix.jpg"},"sameAs":["https:\/\/www.facebook.com\/benoit.guillon.96\/"]}]}},"_links":{"self":[{"href":"https:\/\/www.meslibellules.fr\/blog\/wp-json\/wp\/v2\/posts\/2719","targetHints":{"allow":["GET"]}}],"collection":[{"href":"https:\/\/www.meslibellules.fr\/blog\/wp-json\/wp\/v2\/posts"}],"about":[{"href":"https:\/\/www.meslibellules.fr\/blog\/wp-json\/wp\/v2\/types\/post"}],"author":[{"embeddable":true,"href":"https:\/\/www.meslibellules.fr\/blog\/wp-json\/wp\/v2\/users\/1"}],"replies":[{"embeddable":true,"href":"https:\/\/www.meslibellules.fr\/blog\/wp-json\/wp\/v2\/comments?post=2719"}],"version-history":[{"count":0,"href":"https:\/\/www.meslibellules.fr\/blog\/wp-json\/wp\/v2\/posts\/2719\/revisions"}],"wp:attachment":[{"href":"https:\/\/www.meslibellules.fr\/blog\/wp-json\/wp\/v2\/media?parent=2719"}],"wp:term":[{"taxonomy":"category","embeddable":true,"href":"https:\/\/www.meslibellules.fr\/blog\/wp-json\/wp\/v2\/categories?post=2719"},{"taxonomy":"post_tag","embeddable":true,"href":"https:\/\/www.meslibellules.fr\/blog\/wp-json\/wp\/v2\/tags?post=2719"}],"curies":[{"name":"wp","href":"https:\/\/api.w.org\/{rel}","templated":true}]}}