{"id":2759,"date":"2019-04-18T12:45:23","date_gmt":"2019-04-18T10:45:23","guid":{"rendered":"http:\/\/www.meslibellules.fr\/blog\/?p=2759"},"modified":"2024-08-16T14:08:49","modified_gmt":"2024-08-16T12:08:49","slug":"coeliccia-chromothorax","status":"publish","type":"post","link":"https:\/\/www.meslibellules.fr\/blog\/2019\/04\/18\/coeliccia-chromothorax\/","title":{"rendered":"Vietnam 2018 &#8211; Coeliccia chromothorax (Selys, 1891)"},"content":{"rendered":"\n<figure class=\"wp-block-image aligncenter is-resized\"><a href=\"https:\/\/www.meslibellules.fr\/blog\/wp-content\/uploads\/2019\/04\/coeliccia-chromothorax.jpg\"><img decoding=\"async\" width=\"1082\" height=\"1204\" data-src=\"https:\/\/www.meslibellules.fr\/blog\/wp-content\/uploads\/2019\/04\/coeliccia-chromothorax.jpg\" alt=\"Coeliccia chromothorax m\u00e2le, Vietnam, Xuan Son, 09\/06\/2018\" class=\"wp-image-2756 lazyload\" style=\"--smush-placeholder-width: 1082px; --smush-placeholder-aspect-ratio: 1082\/1204;width:458px;height:auto\" data-srcset=\"https:\/\/www.meslibellules.fr\/blog\/wp-content\/uploads\/2019\/04\/coeliccia-chromothorax.jpg 1082w, https:\/\/www.meslibellules.fr\/blog\/wp-content\/uploads\/2019\/04\/coeliccia-chromothorax-768x855.jpg 768w\" data-sizes=\"(max-width: 1082px) 100vw, 1082px\" src=\"data:image\/svg+xml;base64,PHN2ZyB3aWR0aD0iMSIgaGVpZ2h0PSIxIiB4bWxucz0iaHR0cDovL3d3dy53My5vcmcvMjAwMC9zdmciPjwvc3ZnPg==\" \/><\/a><figcaption class=\"wp-element-caption\">Coeliccia chromothorax m\u00e2le, Vietnam, Xuan Son, 09\/06\/2018<\/figcaption><\/figure>\n\n\n\n<p style=\"font-size:15px\">Encore un Coeliccia tr\u00e8s \u00e9l\u00e9gant avec un fort contraste entre le noir de son abdomen et de sa t\u00eate et le jaune tr\u00e8s vif de son thorax et de son dernier segment abdominal.<br>Je l&rsquo;avais d\u00e9j\u00e0 rencontr\u00e9 <a href=\"http:\/\/www.meslibellules.fr\/voyages\/laos\/coelicciachromo\/coelicciachromo1.php\">au Laos<\/a> en sous-bois inond\u00e9. Ici, il se trouvait sur un talus presque au bord de la route, non loin d&rsquo;une rivi\u00e8re assez large, ravag\u00e9e par des travaux.<\/p>\n\n\n\n<figure class=\"wp-block-image aligncenter is-resized\"><a href=\"https:\/\/www.meslibellules.fr\/blog\/wp-content\/uploads\/2019\/04\/coeliccia-chromothorax-2.jpg\"><img decoding=\"async\" width=\"1637\" height=\"1204\" data-src=\"https:\/\/www.meslibellules.fr\/blog\/wp-content\/uploads\/2019\/04\/coeliccia-chromothorax-2.jpg\" alt=\"Coeliccia chromothorax m\u00e2le, Vietnam, Xuan Son, 09\/06\/2018\" class=\"wp-image-2757 lazyload\" style=\"--smush-placeholder-width: 1637px; --smush-placeholder-aspect-ratio: 1637\/1204;width:530px;height:auto\" data-srcset=\"https:\/\/www.meslibellules.fr\/blog\/wp-content\/uploads\/2019\/04\/coeliccia-chromothorax-2.jpg 1637w, https:\/\/www.meslibellules.fr\/blog\/wp-content\/uploads\/2019\/04\/coeliccia-chromothorax-2-768x565.jpg 768w, https:\/\/www.meslibellules.fr\/blog\/wp-content\/uploads\/2019\/04\/coeliccia-chromothorax-2-1200x883.jpg 1200w\" data-sizes=\"(max-width: 1637px) 100vw, 1637px\" src=\"data:image\/svg+xml;base64,PHN2ZyB3aWR0aD0iMSIgaGVpZ2h0PSIxIiB4bWxucz0iaHR0cDovL3d3dy53My5vcmcvMjAwMC9zdmciPjwvc3ZnPg==\" \/><\/a><figcaption class=\"wp-element-caption\">Coeliccia chromothorax m\u00e2le, Vietnam, Xuan Son, 09\/06\/2018<\/figcaption><\/figure>\n\n\n\n<p style=\"font-size:15px\">Il porte tellement de jaune sur le thorax qu&rsquo;il faut de la bonne volont\u00e9 pour le confondre avec un autre, le plus proche \u00e9tant peut-\u00eatre <a href=\"https:\/\/www.meslibellules.fr\/blog\/2018\/12\/28\/vietnam-2018-coeliccia-scutellum\/\">Coeliccia scutellum<\/a>. Noter le dernier segment et les appendices anaux clairs ; les ailes semblent encore brillantes, c&rsquo;est sans doute un jeune sujet dont la maturation de la coloration n&rsquo;est pas termin\u00e9e.<\/p>\n\n\n\n<figure class=\"wp-block-image aligncenter is-resized\"><a href=\"https:\/\/www.meslibellules.fr\/blog\/wp-content\/uploads\/2019\/04\/coeliccia-chromothorax-3.jpg\"><img decoding=\"async\" width=\"1165\" height=\"1204\" data-src=\"https:\/\/www.meslibellules.fr\/blog\/wp-content\/uploads\/2019\/04\/coeliccia-chromothorax-3.jpg\" alt=\"Coeliccia chromothorax m\u00e2le, Vietnam, Xuan Son, 09\/06\/2018\" class=\"wp-image-2758 lazyload\" style=\"--smush-placeholder-width: 1165px; --smush-placeholder-aspect-ratio: 1165\/1204;width:476px;height:auto\" data-srcset=\"https:\/\/www.meslibellules.fr\/blog\/wp-content\/uploads\/2019\/04\/coeliccia-chromothorax-3.jpg 1165w, https:\/\/www.meslibellules.fr\/blog\/wp-content\/uploads\/2019\/04\/coeliccia-chromothorax-3-768x794.jpg 768w\" data-sizes=\"(max-width: 1165px) 100vw, 1165px\" src=\"data:image\/svg+xml;base64,PHN2ZyB3aWR0aD0iMSIgaGVpZ2h0PSIxIiB4bWxucz0iaHR0cDovL3d3dy53My5vcmcvMjAwMC9zdmciPjwvc3ZnPg==\" \/><\/a><figcaption class=\"wp-element-caption\">Coeliccia chromothorax m\u00e2le, Vietnam, Xuan Son, 09\/06\/2018<\/figcaption><\/figure>\n\n\n\n<p style=\"font-size:15px\">L&rsquo;IUCN nous dit qu&rsquo;on le rencontre en Chine (sans plus de pr\u00e9cisions, mais j&rsquo;imagine qu&rsquo;il n&rsquo;est pr\u00e9sent que dans l&rsquo;extr\u00eame sud), au Myanmar, au Laos et donc au Vietnam.<br><a href=\"https:\/\/www.iucnredlist.org\/species\/167493\/176213208\">IUCN Red List<\/a><br><br>[Je n&rsquo;ai pas r\u00e9ussi \u00e0 trouver la description originale de Selys qui avait nomm\u00e9 l&rsquo;esp\u00e8ce Calicnemis chromothorax et c&rsquo;est Kirby, en 1890, qui a cr\u00e9\u00e9 ce genre.]<br>En 2024, alors que je fais des recherches pour les odonates observ\u00e9s en Tha\u00eflande, j&rsquo;ai fini par mettre la main sur la publication de Selys (1).<\/p>\n\n\n\n<div style=\"height:30px\" aria-hidden=\"true\" class=\"wp-block-spacer\"><\/div>\n\n\n\n<p style=\"font-size:13px\">1- Selys, 1891,\u00a0<a href=\"https:\/\/www.biodiversitylibrary.org\/page\/30149944#page\/516\/mode\/1up\">Viaggio di Leonardo Fea in Birmania e regione vicine<\/a>. XXXII. Odonates.p 502<\/p>\n\n\n\n<div style=\"height:48px\" aria-hidden=\"true\" class=\"wp-block-spacer\"><\/div>\n\n\n\n<div class=\"wp-block-buttons is-vertical is-layout-flex wp-container-core-buttons-is-layout-fe9cc265 wp-block-buttons-is-layout-flex\">\n<div class=\"wp-block-button\"><a class=\"wp-block-button__link wp-element-button\" href=\"https:\/\/www.meslibellules.fr\/blog\/odonates-du-vietnam-2012-2018\/\">Accueil Vietnam<\/a><\/div>\n\n\n\n<div class=\"wp-block-button\"><a class=\"wp-block-button__link wp-element-button\" href=\"http:\/\/www.meslibellules.fr\/pagesweb\/divers\/liste-generale-odonates-du-site\/asia-odonates.php\">Liste Asie<\/a><\/div>\n\n\n\n<div class=\"wp-block-button\"><a class=\"wp-block-button__link wp-element-button\" href=\"https:\/\/www.meslibellules.fr\/blog\/\">Accueil<\/a><\/div>\n<\/div>\n","protected":false},"excerpt":{"rendered":"<p>Encore un Coeliccia tr\u00e8s \u00e9l\u00e9gant avec un fort contraste entre le noir de son abdomen et de sa t\u00eate et le jaune tr\u00e8s vif de son thorax et de son dernier segment abdominal.Je l&rsquo;avais d\u00e9j\u00e0 rencontr\u00e9 au Laos en sous-bois inond\u00e9. Ici, il se trouvait sur un talus presque au bord de la route, non [&hellip;]<\/p>\n","protected":false},"author":1,"featured_media":0,"comment_status":"open","ping_status":"open","sticky":false,"template":"","format":"image","meta":{"site-sidebar-layout":"default","site-content-layout":"","ast-site-content-layout":"default","site-content-style":"default","site-sidebar-style":"default","ast-global-header-display":"","ast-banner-title-visibility":"","ast-main-header-display":"","ast-hfb-above-header-display":"","ast-hfb-below-header-display":"","ast-hfb-mobile-header-display":"","site-post-title":"","ast-breadcrumbs-content":"","ast-featured-img":"","footer-sml-layout":"","ast-disable-related-posts":"","theme-transparent-header-meta":"","adv-header-id-meta":"","stick-header-meta":"","header-above-stick-meta":"","header-main-stick-meta":"","header-below-stick-meta":"","astra-migrate-meta-layouts":"set","ast-page-background-enabled":"default","ast-page-background-meta":{"desktop":{"background-color":"var(--ast-global-color-4)","background-image":"","background-repeat":"repeat","background-position":"center center","background-size":"auto","background-attachment":"scroll","background-type":"","background-media":"","overlay-type":"","overlay-color":"","overlay-opacity":"","overlay-gradient":""},"tablet":{"background-color":"","background-image":"","background-repeat":"repeat","background-position":"center center","background-size":"auto","background-attachment":"scroll","background-type":"","background-media":"","overlay-type":"","overlay-color":"","overlay-opacity":"","overlay-gradient":""},"mobile":{"background-color":"","background-image":"","background-repeat":"repeat","background-position":"center center","background-size":"auto","background-attachment":"scroll","background-type":"","background-media":"","overlay-type":"","overlay-color":"","overlay-opacity":"","overlay-gradient":""}},"ast-content-background-meta":{"desktop":{"background-color":"var(--ast-global-color-5)","background-image":"","background-repeat":"repeat","background-position":"center center","background-size":"auto","background-attachment":"scroll","background-type":"","background-media":"","overlay-type":"","overlay-color":"","overlay-opacity":"","overlay-gradient":""},"tablet":{"background-color":"var(--ast-global-color-5)","background-image":"","background-repeat":"repeat","background-position":"center center","background-size":"auto","background-attachment":"scroll","background-type":"","background-media":"","overlay-type":"","overlay-color":"","overlay-opacity":"","overlay-gradient":""},"mobile":{"background-color":"var(--ast-global-color-5)","background-image":"","background-repeat":"repeat","background-position":"center center","background-size":"auto","background-attachment":"scroll","background-type":"","background-media":"","overlay-type":"","overlay-color":"","overlay-opacity":"","overlay-gradient":""}},"footnotes":""},"categories":[1,16,54],"tags":[],"class_list":["post-2759","post","type-post","status-publish","format-image","hentry","category-non-classe","category-platycnemididae","category-vietnam","post_format-post-format-image"],"yoast_head":"<!-- This site is optimized with the Yoast SEO plugin v27.5 - https:\/\/yoast.com\/product\/yoast-seo-wordpress\/ -->\n<title>Coeliccia chromothorax - Mes Libellules<\/title>\n<meta name=\"description\" content=\"Coeliccia chromothorax m\u00e2le au Vietnam, description, identification, taille, habitat, distribution g\u00e9ographique\" \/>\n<meta name=\"robots\" content=\"index, follow, max-snippet:-1, max-image-preview:large, max-video-preview:-1\" \/>\n<link rel=\"canonical\" href=\"https:\/\/www.meslibellules.fr\/blog\/2019\/04\/18\/coeliccia-chromothorax\/\" \/>\n<meta property=\"og:locale\" content=\"fr_FR\" \/>\n<meta property=\"og:type\" content=\"article\" \/>\n<meta property=\"og:title\" content=\"Coeliccia chromothorax - Mes Libellules\" \/>\n<meta property=\"og:description\" content=\"Coeliccia chromothorax m\u00e2le au Vietnam, description, identification, taille, habitat, distribution g\u00e9ographique\" \/>\n<meta property=\"og:url\" content=\"https:\/\/www.meslibellules.fr\/blog\/2019\/04\/18\/coeliccia-chromothorax\/\" \/>\n<meta property=\"og:site_name\" content=\"Mes Libellules\" \/>\n<meta property=\"article:publisher\" content=\"https:\/\/www.facebook.com\/benoit.guillon.96\/\" \/>\n<meta property=\"article:author\" content=\"https:\/\/www.facebook.com\/benoit.guillon.96\/\" \/>\n<meta property=\"article:published_time\" content=\"2019-04-18T10:45:23+00:00\" \/>\n<meta property=\"article:modified_time\" content=\"2024-08-16T12:08:49+00:00\" \/>\n<meta property=\"og:image\" content=\"http:\/\/www.meslibellules.fr\/blog\/wp-content\/uploads\/2019\/04\/coeliccia-chromothorax.jpg\" \/>\n<meta name=\"author\" content=\"Beno\u00eet Guillon\" \/>\n<meta name=\"twitter:card\" content=\"summary_large_image\" \/>\n<meta name=\"twitter:label1\" content=\"\u00c9crit par\" \/>\n\t<meta name=\"twitter:data1\" content=\"Beno\u00eet Guillon\" \/>\n\t<meta name=\"twitter:label2\" content=\"Dur\u00e9e de lecture estim\u00e9e\" \/>\n\t<meta name=\"twitter:data2\" content=\"2 minutes\" \/>\n<script type=\"application\/ld+json\" class=\"yoast-schema-graph\">{\"@context\":\"https:\\\/\\\/schema.org\",\"@graph\":[{\"@type\":\"Article\",\"@id\":\"https:\\\/\\\/www.meslibellules.fr\\\/blog\\\/2019\\\/04\\\/18\\\/coeliccia-chromothorax\\\/#article\",\"isPartOf\":{\"@id\":\"https:\\\/\\\/www.meslibellules.fr\\\/blog\\\/2019\\\/04\\\/18\\\/coeliccia-chromothorax\\\/\"},\"author\":{\"name\":\"Beno\u00eet Guillon\",\"@id\":\"https:\\\/\\\/www.meslibellules.fr\\\/blog\\\/#\\\/schema\\\/person\\\/9aa3586f9dd053fcf329f43b8b053c77\"},\"headline\":\"Vietnam 2018 &#8211; Coeliccia chromothorax (Selys, 1891)\",\"datePublished\":\"2019-04-18T10:45:23+00:00\",\"dateModified\":\"2024-08-16T12:08:49+00:00\",\"mainEntityOfPage\":{\"@id\":\"https:\\\/\\\/www.meslibellules.fr\\\/blog\\\/2019\\\/04\\\/18\\\/coeliccia-chromothorax\\\/\"},\"wordCount\":273,\"commentCount\":0,\"publisher\":{\"@id\":\"https:\\\/\\\/www.meslibellules.fr\\\/blog\\\/#\\\/schema\\\/person\\\/9aa3586f9dd053fcf329f43b8b053c77\"},\"image\":{\"@id\":\"https:\\\/\\\/www.meslibellules.fr\\\/blog\\\/2019\\\/04\\\/18\\\/coeliccia-chromothorax\\\/#primaryimage\"},\"thumbnailUrl\":\"http:\\\/\\\/www.meslibellules.fr\\\/blog\\\/wp-content\\\/uploads\\\/2019\\\/04\\\/coeliccia-chromothorax.jpg\",\"articleSection\":{\"1\":\"Platycnemididae\",\"2\":\"Vietnam\"},\"inLanguage\":\"fr-FR\",\"potentialAction\":[{\"@type\":\"CommentAction\",\"name\":\"Comment\",\"target\":[\"https:\\\/\\\/www.meslibellules.fr\\\/blog\\\/2019\\\/04\\\/18\\\/coeliccia-chromothorax\\\/#respond\"]}]},{\"@type\":\"WebPage\",\"@id\":\"https:\\\/\\\/www.meslibellules.fr\\\/blog\\\/2019\\\/04\\\/18\\\/coeliccia-chromothorax\\\/\",\"url\":\"https:\\\/\\\/www.meslibellules.fr\\\/blog\\\/2019\\\/04\\\/18\\\/coeliccia-chromothorax\\\/\",\"name\":\"Coeliccia chromothorax - Mes Libellules\",\"isPartOf\":{\"@id\":\"https:\\\/\\\/www.meslibellules.fr\\\/blog\\\/#website\"},\"primaryImageOfPage\":{\"@id\":\"https:\\\/\\\/www.meslibellules.fr\\\/blog\\\/2019\\\/04\\\/18\\\/coeliccia-chromothorax\\\/#primaryimage\"},\"image\":{\"@id\":\"https:\\\/\\\/www.meslibellules.fr\\\/blog\\\/2019\\\/04\\\/18\\\/coeliccia-chromothorax\\\/#primaryimage\"},\"thumbnailUrl\":\"http:\\\/\\\/www.meslibellules.fr\\\/blog\\\/wp-content\\\/uploads\\\/2019\\\/04\\\/coeliccia-chromothorax.jpg\",\"datePublished\":\"2019-04-18T10:45:23+00:00\",\"dateModified\":\"2024-08-16T12:08:49+00:00\",\"description\":\"Coeliccia chromothorax m\u00e2le au Vietnam, description, identification, taille, habitat, distribution g\u00e9ographique\",\"breadcrumb\":{\"@id\":\"https:\\\/\\\/www.meslibellules.fr\\\/blog\\\/2019\\\/04\\\/18\\\/coeliccia-chromothorax\\\/#breadcrumb\"},\"inLanguage\":\"fr-FR\",\"potentialAction\":[{\"@type\":\"ReadAction\",\"target\":[\"https:\\\/\\\/www.meslibellules.fr\\\/blog\\\/2019\\\/04\\\/18\\\/coeliccia-chromothorax\\\/\"]}]},{\"@type\":\"ImageObject\",\"inLanguage\":\"fr-FR\",\"@id\":\"https:\\\/\\\/www.meslibellules.fr\\\/blog\\\/2019\\\/04\\\/18\\\/coeliccia-chromothorax\\\/#primaryimage\",\"url\":\"http:\\\/\\\/www.meslibellules.fr\\\/blog\\\/wp-content\\\/uploads\\\/2019\\\/04\\\/coeliccia-chromothorax.jpg\",\"contentUrl\":\"http:\\\/\\\/www.meslibellules.fr\\\/blog\\\/wp-content\\\/uploads\\\/2019\\\/04\\\/coeliccia-chromothorax.jpg\"},{\"@type\":\"BreadcrumbList\",\"@id\":\"https:\\\/\\\/www.meslibellules.fr\\\/blog\\\/2019\\\/04\\\/18\\\/coeliccia-chromothorax\\\/#breadcrumb\",\"itemListElement\":[{\"@type\":\"ListItem\",\"position\":1,\"name\":\"Accueil\",\"item\":\"https:\\\/\\\/www.meslibellules.fr\\\/blog\\\/\"},{\"@type\":\"ListItem\",\"position\":2,\"name\":\"Vietnam 2018 &#8211; Coeliccia chromothorax (Selys, 1891)\"}]},{\"@type\":\"WebSite\",\"@id\":\"https:\\\/\\\/www.meslibellules.fr\\\/blog\\\/#website\",\"url\":\"https:\\\/\\\/www.meslibellules.fr\\\/blog\\\/\",\"name\":\"Mes Libellules\",\"description\":\"Pr\u00e9sentation des libellules rencontr\u00e9es dans le monde\",\"publisher\":{\"@id\":\"https:\\\/\\\/www.meslibellules.fr\\\/blog\\\/#\\\/schema\\\/person\\\/9aa3586f9dd053fcf329f43b8b053c77\"},\"potentialAction\":[{\"@type\":\"SearchAction\",\"target\":{\"@type\":\"EntryPoint\",\"urlTemplate\":\"https:\\\/\\\/www.meslibellules.fr\\\/blog\\\/?s={search_term_string}\"},\"query-input\":{\"@type\":\"PropertyValueSpecification\",\"valueRequired\":true,\"valueName\":\"search_term_string\"}}],\"inLanguage\":\"fr-FR\"},{\"@type\":[\"Person\",\"Organization\"],\"@id\":\"https:\\\/\\\/www.meslibellules.fr\\\/blog\\\/#\\\/schema\\\/person\\\/9aa3586f9dd053fcf329f43b8b053c77\",\"name\":\"Beno\u00eet Guillon\",\"image\":{\"@type\":\"ImageObject\",\"inLanguage\":\"fr-FR\",\"@id\":\"https:\\\/\\\/www.meslibellules.fr\\\/blog\\\/wp-content\\\/uploads\\\/cropped-avatar-150-pix.jpg\",\"url\":\"https:\\\/\\\/www.meslibellules.fr\\\/blog\\\/wp-content\\\/uploads\\\/cropped-avatar-150-pix.jpg\",\"contentUrl\":\"https:\\\/\\\/www.meslibellules.fr\\\/blog\\\/wp-content\\\/uploads\\\/cropped-avatar-150-pix.jpg\",\"width\":150,\"height\":137,\"caption\":\"Beno\u00eet Guillon\"},\"logo\":{\"@id\":\"https:\\\/\\\/www.meslibellules.fr\\\/blog\\\/wp-content\\\/uploads\\\/cropped-avatar-150-pix.jpg\"},\"sameAs\":[\"https:\\\/\\\/www.facebook.com\\\/benoit.guillon.96\\\/\"]}]}<\/script>\n<!-- \/ Yoast SEO plugin. -->","yoast_head_json":{"title":"Coeliccia chromothorax - Mes Libellules","description":"Coeliccia chromothorax m\u00e2le au Vietnam, description, identification, taille, habitat, distribution g\u00e9ographique","robots":{"index":"index","follow":"follow","max-snippet":"max-snippet:-1","max-image-preview":"max-image-preview:large","max-video-preview":"max-video-preview:-1"},"canonical":"https:\/\/www.meslibellules.fr\/blog\/2019\/04\/18\/coeliccia-chromothorax\/","og_locale":"fr_FR","og_type":"article","og_title":"Coeliccia chromothorax - Mes Libellules","og_description":"Coeliccia chromothorax m\u00e2le au Vietnam, description, identification, taille, habitat, distribution g\u00e9ographique","og_url":"https:\/\/www.meslibellules.fr\/blog\/2019\/04\/18\/coeliccia-chromothorax\/","og_site_name":"Mes Libellules","article_publisher":"https:\/\/www.facebook.com\/benoit.guillon.96\/","article_author":"https:\/\/www.facebook.com\/benoit.guillon.96\/","article_published_time":"2019-04-18T10:45:23+00:00","article_modified_time":"2024-08-16T12:08:49+00:00","og_image":[{"url":"http:\/\/www.meslibellules.fr\/blog\/wp-content\/uploads\/2019\/04\/coeliccia-chromothorax.jpg","type":"","width":"","height":""}],"author":"Beno\u00eet Guillon","twitter_card":"summary_large_image","twitter_misc":{"\u00c9crit par":"Beno\u00eet Guillon","Dur\u00e9e de lecture estim\u00e9e":"2 minutes"},"schema":{"@context":"https:\/\/schema.org","@graph":[{"@type":"Article","@id":"https:\/\/www.meslibellules.fr\/blog\/2019\/04\/18\/coeliccia-chromothorax\/#article","isPartOf":{"@id":"https:\/\/www.meslibellules.fr\/blog\/2019\/04\/18\/coeliccia-chromothorax\/"},"author":{"name":"Beno\u00eet Guillon","@id":"https:\/\/www.meslibellules.fr\/blog\/#\/schema\/person\/9aa3586f9dd053fcf329f43b8b053c77"},"headline":"Vietnam 2018 &#8211; Coeliccia chromothorax (Selys, 1891)","datePublished":"2019-04-18T10:45:23+00:00","dateModified":"2024-08-16T12:08:49+00:00","mainEntityOfPage":{"@id":"https:\/\/www.meslibellules.fr\/blog\/2019\/04\/18\/coeliccia-chromothorax\/"},"wordCount":273,"commentCount":0,"publisher":{"@id":"https:\/\/www.meslibellules.fr\/blog\/#\/schema\/person\/9aa3586f9dd053fcf329f43b8b053c77"},"image":{"@id":"https:\/\/www.meslibellules.fr\/blog\/2019\/04\/18\/coeliccia-chromothorax\/#primaryimage"},"thumbnailUrl":"http:\/\/www.meslibellules.fr\/blog\/wp-content\/uploads\/2019\/04\/coeliccia-chromothorax.jpg","articleSection":{"1":"Platycnemididae","2":"Vietnam"},"inLanguage":"fr-FR","potentialAction":[{"@type":"CommentAction","name":"Comment","target":["https:\/\/www.meslibellules.fr\/blog\/2019\/04\/18\/coeliccia-chromothorax\/#respond"]}]},{"@type":"WebPage","@id":"https:\/\/www.meslibellules.fr\/blog\/2019\/04\/18\/coeliccia-chromothorax\/","url":"https:\/\/www.meslibellules.fr\/blog\/2019\/04\/18\/coeliccia-chromothorax\/","name":"Coeliccia chromothorax - Mes Libellules","isPartOf":{"@id":"https:\/\/www.meslibellules.fr\/blog\/#website"},"primaryImageOfPage":{"@id":"https:\/\/www.meslibellules.fr\/blog\/2019\/04\/18\/coeliccia-chromothorax\/#primaryimage"},"image":{"@id":"https:\/\/www.meslibellules.fr\/blog\/2019\/04\/18\/coeliccia-chromothorax\/#primaryimage"},"thumbnailUrl":"http:\/\/www.meslibellules.fr\/blog\/wp-content\/uploads\/2019\/04\/coeliccia-chromothorax.jpg","datePublished":"2019-04-18T10:45:23+00:00","dateModified":"2024-08-16T12:08:49+00:00","description":"Coeliccia chromothorax m\u00e2le au Vietnam, description, identification, taille, habitat, distribution g\u00e9ographique","breadcrumb":{"@id":"https:\/\/www.meslibellules.fr\/blog\/2019\/04\/18\/coeliccia-chromothorax\/#breadcrumb"},"inLanguage":"fr-FR","potentialAction":[{"@type":"ReadAction","target":["https:\/\/www.meslibellules.fr\/blog\/2019\/04\/18\/coeliccia-chromothorax\/"]}]},{"@type":"ImageObject","inLanguage":"fr-FR","@id":"https:\/\/www.meslibellules.fr\/blog\/2019\/04\/18\/coeliccia-chromothorax\/#primaryimage","url":"http:\/\/www.meslibellules.fr\/blog\/wp-content\/uploads\/2019\/04\/coeliccia-chromothorax.jpg","contentUrl":"http:\/\/www.meslibellules.fr\/blog\/wp-content\/uploads\/2019\/04\/coeliccia-chromothorax.jpg"},{"@type":"BreadcrumbList","@id":"https:\/\/www.meslibellules.fr\/blog\/2019\/04\/18\/coeliccia-chromothorax\/#breadcrumb","itemListElement":[{"@type":"ListItem","position":1,"name":"Accueil","item":"https:\/\/www.meslibellules.fr\/blog\/"},{"@type":"ListItem","position":2,"name":"Vietnam 2018 &#8211; Coeliccia chromothorax (Selys, 1891)"}]},{"@type":"WebSite","@id":"https:\/\/www.meslibellules.fr\/blog\/#website","url":"https:\/\/www.meslibellules.fr\/blog\/","name":"Mes Libellules","description":"Pr\u00e9sentation des libellules rencontr\u00e9es dans le monde","publisher":{"@id":"https:\/\/www.meslibellules.fr\/blog\/#\/schema\/person\/9aa3586f9dd053fcf329f43b8b053c77"},"potentialAction":[{"@type":"SearchAction","target":{"@type":"EntryPoint","urlTemplate":"https:\/\/www.meslibellules.fr\/blog\/?s={search_term_string}"},"query-input":{"@type":"PropertyValueSpecification","valueRequired":true,"valueName":"search_term_string"}}],"inLanguage":"fr-FR"},{"@type":["Person","Organization"],"@id":"https:\/\/www.meslibellules.fr\/blog\/#\/schema\/person\/9aa3586f9dd053fcf329f43b8b053c77","name":"Beno\u00eet Guillon","image":{"@type":"ImageObject","inLanguage":"fr-FR","@id":"https:\/\/www.meslibellules.fr\/blog\/wp-content\/uploads\/cropped-avatar-150-pix.jpg","url":"https:\/\/www.meslibellules.fr\/blog\/wp-content\/uploads\/cropped-avatar-150-pix.jpg","contentUrl":"https:\/\/www.meslibellules.fr\/blog\/wp-content\/uploads\/cropped-avatar-150-pix.jpg","width":150,"height":137,"caption":"Beno\u00eet Guillon"},"logo":{"@id":"https:\/\/www.meslibellules.fr\/blog\/wp-content\/uploads\/cropped-avatar-150-pix.jpg"},"sameAs":["https:\/\/www.facebook.com\/benoit.guillon.96\/"]}]}},"_links":{"self":[{"href":"https:\/\/www.meslibellules.fr\/blog\/wp-json\/wp\/v2\/posts\/2759","targetHints":{"allow":["GET"]}}],"collection":[{"href":"https:\/\/www.meslibellules.fr\/blog\/wp-json\/wp\/v2\/posts"}],"about":[{"href":"https:\/\/www.meslibellules.fr\/blog\/wp-json\/wp\/v2\/types\/post"}],"author":[{"embeddable":true,"href":"https:\/\/www.meslibellules.fr\/blog\/wp-json\/wp\/v2\/users\/1"}],"replies":[{"embeddable":true,"href":"https:\/\/www.meslibellules.fr\/blog\/wp-json\/wp\/v2\/comments?post=2759"}],"version-history":[{"count":0,"href":"https:\/\/www.meslibellules.fr\/blog\/wp-json\/wp\/v2\/posts\/2759\/revisions"}],"wp:attachment":[{"href":"https:\/\/www.meslibellules.fr\/blog\/wp-json\/wp\/v2\/media?parent=2759"}],"wp:term":[{"taxonomy":"category","embeddable":true,"href":"https:\/\/www.meslibellules.fr\/blog\/wp-json\/wp\/v2\/categories?post=2759"},{"taxonomy":"post_tag","embeddable":true,"href":"https:\/\/www.meslibellules.fr\/blog\/wp-json\/wp\/v2\/tags?post=2759"}],"curies":[{"name":"wp","href":"https:\/\/api.w.org\/{rel}","templated":true}]}}