{"id":2881,"date":"2019-05-13T18:46:50","date_gmt":"2019-05-13T16:46:50","guid":{"rendered":"http:\/\/www.meslibellules.fr\/blog\/?p=2881"},"modified":"2025-07-28T06:15:14","modified_gmt":"2025-07-28T04:15:14","slug":"vietnam-2018-neurothemis-fulvia","status":"publish","type":"post","link":"https:\/\/www.meslibellules.fr\/blog\/2019\/05\/13\/vietnam-2018-neurothemis-fulvia\/","title":{"rendered":"Vietnam 2018 &#8211; Neurothemis fulvia (Drury, 1773)"},"content":{"rendered":"\n<figure class=\"wp-block-image aligncenter is-resized\"><a href=\"https:\/\/www.meslibellules.fr\/blog\/wp-content\/uploads\/2019\/05\/neurothemis-fulvia.jpg\"><img decoding=\"async\" width=\"1594\" height=\"1204\" data-src=\"https:\/\/www.meslibellules.fr\/blog\/wp-content\/uploads\/2019\/05\/neurothemis-fulvia.jpg\" alt=\"Neurothemis fulvia m\u00e2le, Vietnam, Pia Oac, 06\/06\/2018\" class=\"wp-image-2878 lazyload\" style=\"--smush-placeholder-width: 1594px; --smush-placeholder-aspect-ratio: 1594\/1204;width:538px;height:406px\" data-srcset=\"https:\/\/www.meslibellules.fr\/blog\/wp-content\/uploads\/2019\/05\/neurothemis-fulvia.jpg 1594w, https:\/\/www.meslibellules.fr\/blog\/wp-content\/uploads\/2019\/05\/neurothemis-fulvia-768x580.jpg 768w, https:\/\/www.meslibellules.fr\/blog\/wp-content\/uploads\/2019\/05\/neurothemis-fulvia-1200x906.jpg 1200w\" data-sizes=\"(max-width: 1594px) 100vw, 1594px\" src=\"data:image\/svg+xml;base64,PHN2ZyB3aWR0aD0iMSIgaGVpZ2h0PSIxIiB4bWxucz0iaHR0cDovL3d3dy53My5vcmcvMjAwMC9zdmciPjwvc3ZnPg==\" \/><\/a><figcaption class=\"wp-element-caption\">Neurothemis fulvia m\u00e2le, Vietnam, Pia Oac, 06\/06\/2018<\/figcaption><\/figure>\n\n\n\n<p style=\"font-size:14px\">J&rsquo;avais d\u00e9j\u00e0 rencontr\u00e9 Neurothemis fulvia au <a aria-label=\"Laos (s\u2019ouvre dans un nouvel onglet)\" href=\"http:\/\/www.meslibellules.fr\/voyages\/laos\/neurothfulv\/neurothemis-fulvia-1.php\" target=\"_blank\" rel=\"noreferrer noopener\">Laos<\/a>, au <a aria-label=\"Cambodge (s\u2019ouvre dans un nouvel onglet)\" href=\"http:\/\/www.meslibellules.fr\/voyages\/cambodge\/neurothful\/neurothfulv1.php\" target=\"_blank\" rel=\"noreferrer noopener\">Cambodge<\/a> et au Vietnam, mais je le trouve toujours aussi spectaculaire surtout quand il se pose ainsi, les ailes plus basses que l&rsquo;abdomen et le thorax, et les ailes ant\u00e9rieures encore plus basses que les post\u00e9rieures\u202f; de ce fait les ailes ant\u00e9rieures paraissent tr\u00e8s courtes\u202f!<br>Noter l&rsquo;espace sous-costal noirci jusqu&rsquo;au nodus, ce qui est beaucoup plus visible pour les femelles.<br>Je n&rsquo;ai donc pas pass\u00e9 beaucoup de temps avec lui. On trouvera les renseignements habituels sur l&rsquo;esp\u00e8ce et bien d&rsquo;autres photos dans les pages que je lui ai consacr\u00e9es au <a href=\"https:\/\/www.meslibellules.fr\/voyages\/cambodge\/neurothful\/neurothfulv1.php\">Cambodge<\/a> et au <a href=\"https:\/\/www.meslibellules.fr\/voyages\/laos\/neurothfulv\/neurothemis-fulvia-1.php\">Laos<\/a>.<\/p>\n\n\n\n<figure class=\"wp-block-image aligncenter is-resized\"><a href=\"https:\/\/www.meslibellules.fr\/blog\/wp-content\/uploads\/2019\/05\/neurothemis-fulvia-2.jpg\"><img decoding=\"async\" width=\"1569\" height=\"1004\" data-src=\"https:\/\/www.meslibellules.fr\/blog\/wp-content\/uploads\/2019\/05\/neurothemis-fulvia-2.jpg\" alt=\"Fulvous forest Skimmer male, Vietnam, Cuc Phuong, 06\/14\/2018\" class=\"wp-image-2879 lazyload\" style=\"--smush-placeholder-width: 1569px; --smush-placeholder-aspect-ratio: 1569\/1004;width:615px\" data-srcset=\"https:\/\/www.meslibellules.fr\/blog\/wp-content\/uploads\/2019\/05\/neurothemis-fulvia-2.jpg 1569w, https:\/\/www.meslibellules.fr\/blog\/wp-content\/uploads\/2019\/05\/neurothemis-fulvia-2-768x491.jpg 768w, https:\/\/www.meslibellules.fr\/blog\/wp-content\/uploads\/2019\/05\/neurothemis-fulvia-2-1200x768.jpg 1200w\" data-sizes=\"(max-width: 1569px) 100vw, 1569px\" src=\"data:image\/svg+xml;base64,PHN2ZyB3aWR0aD0iMSIgaGVpZ2h0PSIxIiB4bWxucz0iaHR0cDovL3d3dy53My5vcmcvMjAwMC9zdmciPjwvc3ZnPg==\" \/><\/a><figcaption class=\"wp-element-caption\">Neurothemis fulvia m\u00e2le, Vietnam, Cuc Phuong, 14\/06\/2018<\/figcaption><\/figure>\n\n\n\n<p style=\"font-size:14px\">La distribution du Fulvous Forest Skimmer, son nom vernaculaire anglais, s&rsquo;\u00e9tend du sud de l&rsquo;Inde au sud de la Chine jusqu&rsquo;\u00e0 Ta\u00efwan, et au sud \u00e0 travers la Malaisie jusqu&rsquo;\u00e0 Sumatra.<br><a href=\"https:\/\/www.iucnredlist.org\/species\/167275\/6321268\">IUCN Red List<\/a>.<br><br>Et les femelles sont tout aussi spectaculaires et la coloration de l&rsquo;aile ant\u00e9rieure peut-\u00eatre compl\u00e8te\u00a0:<\/p>\n\n\n\n<figure class=\"wp-block-image aligncenter is-resized\"><a href=\"https:\/\/www.meslibellules.fr\/blog\/wp-content\/uploads\/2019\/05\/neurothemis-fulvia-femelle.jpg\"><img decoding=\"async\" width=\"1444\" height=\"1004\" data-src=\"https:\/\/www.meslibellules.fr\/blog\/wp-content\/uploads\/2019\/05\/neurothemis-fulvia-femelle.jpg\" alt=\"Neurothemis fulvia femelle, Vietnam, Huu Lien, 03\/06\/2018\" class=\"wp-image-2880 lazyload\" style=\"--smush-placeholder-width: 1444px; --smush-placeholder-aspect-ratio: 1444\/1004;width:615px\" data-srcset=\"https:\/\/www.meslibellules.fr\/blog\/wp-content\/uploads\/2019\/05\/neurothemis-fulvia-femelle.jpg 1444w, https:\/\/www.meslibellules.fr\/blog\/wp-content\/uploads\/2019\/05\/neurothemis-fulvia-femelle-768x534.jpg 768w, https:\/\/www.meslibellules.fr\/blog\/wp-content\/uploads\/2019\/05\/neurothemis-fulvia-femelle-1200x834.jpg 1200w\" data-sizes=\"(max-width: 1444px) 100vw, 1444px\" src=\"data:image\/svg+xml;base64,PHN2ZyB3aWR0aD0iMSIgaGVpZ2h0PSIxIiB4bWxucz0iaHR0cDovL3d3dy53My5vcmcvMjAwMC9zdmciPjwvc3ZnPg==\" \/><\/a><figcaption class=\"wp-element-caption\">Neurothemis fulvia femelle, Vietnam, Huu Lien, 03\/06\/2018<\/figcaption><\/figure>\n\n\n\n<p><strong>\u00c9tymologie<\/strong><br><strong>Neurothemis<\/strong>\u00a0(1), du grec\u00a0<em>neuro<\/em>\u00a0pour \u2013<em>nerf\u00a0<\/em>ou plut\u00f4t \u2013<em>nervure des ailes<\/em>\u00a0en entomologie, et de Themis \u2013 d\u00e9esse grecque de l\u2019ordre et de la justice, qui a \u00e9t\u00e9 utilis\u00e9 de nombreuses fois depuis Hagen (1861). Le nom de la d\u00e9esse de l\u2019ordre est particuli\u00e8rement bien adapt\u00e9 \u00e0 la taxonomie, science qui vise \u00e0 d\u00e9crire et ordonner les familles, genres et esp\u00e8ces. Brauer a cr\u00e9\u00e9 ce nom de genre en 1867 pour remplacer le genre Polyneura, cr\u00e9\u00e9 par Rambur en 1842, car ce dernier \u00e9tait d\u00e9j\u00e0 utilis\u00e9 chez les H\u00e9mipt\u00e8res. Ce nom de genre, comme le nom actuel, \u00e9tait destin\u00e9 \u00e0 insister sur le grand nombre de cellules de leurs ailes.<br><strong>Fulvia<\/strong> en latin se rapporte \u00e0 une femme du clan des Fulvii, une des plus illustres famille pl\u00e9b\u00e9ienne de Rome. Drury suit simplement la tendance de l&rsquo;\u00e9poque en piochant dans l&rsquo;histoire et la mythologie de la Rome Antique, une des Fulvia c\u00e9l\u00e8bre fut l&rsquo;\u00e9pouse de Marc Antoine.<\/p>\n\n\n\n<div style=\"height:31px\" aria-hidden=\"true\" class=\"wp-block-spacer\"><\/div>\n\n\n\n\n\n<div class=\"wp-block-buttons is-vertical is-layout-flex wp-container-core-buttons-is-layout-fe9cc265 wp-block-buttons-is-layout-flex\">\n<div class=\"wp-block-button\"><a class=\"wp-block-button__link wp-element-button\" href=\"https:\/\/www.meslibellules.fr\/blog\/odonates-du-vietnam-2012-2018\/\">Accueil Vietnam<\/a><\/div>\n\n\n\n<div class=\"wp-block-button\"><a class=\"wp-block-button__link wp-element-button\" href=\"http:\/\/www.meslibellules.fr\/pagesweb\/divers\/liste-generale-odonates-du-site\/asia-odonates.php\">Liste Asie<\/a><\/div>\n\n\n\n<div class=\"wp-block-button\"><a class=\"wp-block-button__link wp-element-button\" href=\"https:\/\/www.meslibellules.fr\/blog\/\">Accueil<\/a><\/div>\n<\/div>\n","protected":false},"excerpt":{"rendered":"<p>J&rsquo;avais d\u00e9j\u00e0 rencontr\u00e9 Neurothemis fulvia au Laos, au Cambodge et au Vietnam, mais je le trouve toujours aussi spectaculaire surtout quand il se pose ainsi, les ailes plus basses que l&rsquo;abdomen et le thorax, et les ailes ant\u00e9rieures encore plus basses que les post\u00e9rieures\u202f; de ce fait les ailes ant\u00e9rieures paraissent tr\u00e8s courtes\u202f!Noter l&rsquo;espace sous-costal [&hellip;]<\/p>\n","protected":false},"author":1,"featured_media":0,"comment_status":"open","ping_status":"open","sticky":false,"template":"","format":"image","meta":{"site-sidebar-layout":"default","site-content-layout":"","ast-site-content-layout":"default","site-content-style":"default","site-sidebar-style":"default","ast-global-header-display":"","ast-banner-title-visibility":"","ast-main-header-display":"","ast-hfb-above-header-display":"","ast-hfb-below-header-display":"","ast-hfb-mobile-header-display":"","site-post-title":"","ast-breadcrumbs-content":"","ast-featured-img":"","footer-sml-layout":"","ast-disable-related-posts":"","theme-transparent-header-meta":"","adv-header-id-meta":"","stick-header-meta":"","header-above-stick-meta":"","header-main-stick-meta":"","header-below-stick-meta":"","astra-migrate-meta-layouts":"set","ast-page-background-enabled":"default","ast-page-background-meta":{"desktop":{"background-color":"var(--ast-global-color-4)","background-image":"","background-repeat":"repeat","background-position":"center center","background-size":"auto","background-attachment":"scroll","background-type":"","background-media":"","overlay-type":"","overlay-color":"","overlay-opacity":"","overlay-gradient":""},"tablet":{"background-color":"","background-image":"","background-repeat":"repeat","background-position":"center center","background-size":"auto","background-attachment":"scroll","background-type":"","background-media":"","overlay-type":"","overlay-color":"","overlay-opacity":"","overlay-gradient":""},"mobile":{"background-color":"","background-image":"","background-repeat":"repeat","background-position":"center center","background-size":"auto","background-attachment":"scroll","background-type":"","background-media":"","overlay-type":"","overlay-color":"","overlay-opacity":"","overlay-gradient":""}},"ast-content-background-meta":{"desktop":{"background-color":"var(--ast-global-color-5)","background-image":"","background-repeat":"repeat","background-position":"center center","background-size":"auto","background-attachment":"scroll","background-type":"","background-media":"","overlay-type":"","overlay-color":"","overlay-opacity":"","overlay-gradient":""},"tablet":{"background-color":"var(--ast-global-color-5)","background-image":"","background-repeat":"repeat","background-position":"center center","background-size":"auto","background-attachment":"scroll","background-type":"","background-media":"","overlay-type":"","overlay-color":"","overlay-opacity":"","overlay-gradient":""},"mobile":{"background-color":"var(--ast-global-color-5)","background-image":"","background-repeat":"repeat","background-position":"center center","background-size":"auto","background-attachment":"scroll","background-type":"","background-media":"","overlay-type":"","overlay-color":"","overlay-opacity":"","overlay-gradient":""}},"footnotes":""},"categories":[15,54],"tags":[],"class_list":["post-2881","post","type-post","status-publish","format-image","hentry","category-libellulidae","category-vietnam","post_format-post-format-image"],"yoast_head":"<!-- This site is optimized with the Yoast SEO plugin v27.4 - https:\/\/yoast.com\/product\/yoast-seo-wordpress\/ -->\n<title>Neurothemis fulvia - Mes Libellules<\/title>\n<meta name=\"description\" content=\"Neurothemis fulvia m\u00e2les et femelles, description, identification, taille, habitat, distribution g\u00e9ographique, \u00e9tymologie\" \/>\n<meta name=\"robots\" content=\"index, follow, max-snippet:-1, max-image-preview:large, max-video-preview:-1\" \/>\n<link rel=\"canonical\" href=\"https:\/\/www.meslibellules.fr\/blog\/2019\/05\/13\/vietnam-2018-neurothemis-fulvia\/\" \/>\n<meta property=\"og:locale\" content=\"fr_FR\" \/>\n<meta property=\"og:type\" content=\"article\" \/>\n<meta property=\"og:title\" content=\"Neurothemis fulvia - Mes Libellules\" \/>\n<meta property=\"og:description\" content=\"Neurothemis fulvia m\u00e2les et femelles, description, identification, taille, habitat, distribution g\u00e9ographique, \u00e9tymologie\" \/>\n<meta property=\"og:url\" content=\"https:\/\/www.meslibellules.fr\/blog\/2019\/05\/13\/vietnam-2018-neurothemis-fulvia\/\" \/>\n<meta property=\"og:site_name\" content=\"Mes Libellules\" \/>\n<meta property=\"article:publisher\" content=\"https:\/\/www.facebook.com\/benoit.guillon.96\/\" \/>\n<meta property=\"article:author\" content=\"https:\/\/www.facebook.com\/benoit.guillon.96\/\" \/>\n<meta property=\"article:published_time\" content=\"2019-05-13T16:46:50+00:00\" \/>\n<meta property=\"article:modified_time\" content=\"2025-07-28T04:15:14+00:00\" \/>\n<meta property=\"og:image\" content=\"http:\/\/www.meslibellules.fr\/blog\/wp-content\/uploads\/2019\/05\/neurothemis-fulvia.jpg\" \/>\n<meta name=\"author\" content=\"Beno\u00eet Guillon\" \/>\n<meta name=\"twitter:card\" content=\"summary_large_image\" \/>\n<meta name=\"twitter:label1\" content=\"\u00c9crit par\" \/>\n\t<meta name=\"twitter:data1\" content=\"Beno\u00eet Guillon\" \/>\n\t<meta name=\"twitter:label2\" content=\"Dur\u00e9e de lecture estim\u00e9e\" \/>\n\t<meta name=\"twitter:data2\" content=\"5 minutes\" \/>\n<script type=\"application\/ld+json\" class=\"yoast-schema-graph\">{\"@context\":\"https:\\\/\\\/schema.org\",\"@graph\":[{\"@type\":\"Article\",\"@id\":\"https:\\\/\\\/www.meslibellules.fr\\\/blog\\\/2019\\\/05\\\/13\\\/vietnam-2018-neurothemis-fulvia\\\/#article\",\"isPartOf\":{\"@id\":\"https:\\\/\\\/www.meslibellules.fr\\\/blog\\\/2019\\\/05\\\/13\\\/vietnam-2018-neurothemis-fulvia\\\/\"},\"author\":{\"name\":\"Beno\u00eet Guillon\",\"@id\":\"https:\\\/\\\/www.meslibellules.fr\\\/blog\\\/#\\\/schema\\\/person\\\/9aa3586f9dd053fcf329f43b8b053c77\"},\"headline\":\"Vietnam 2018 &#8211; Neurothemis fulvia (Drury, 1773)\",\"datePublished\":\"2019-05-13T16:46:50+00:00\",\"dateModified\":\"2025-07-28T04:15:14+00:00\",\"mainEntityOfPage\":{\"@id\":\"https:\\\/\\\/www.meslibellules.fr\\\/blog\\\/2019\\\/05\\\/13\\\/vietnam-2018-neurothemis-fulvia\\\/\"},\"wordCount\":364,\"commentCount\":0,\"publisher\":{\"@id\":\"https:\\\/\\\/www.meslibellules.fr\\\/blog\\\/#\\\/schema\\\/person\\\/9aa3586f9dd053fcf329f43b8b053c77\"},\"image\":{\"@id\":\"https:\\\/\\\/www.meslibellules.fr\\\/blog\\\/2019\\\/05\\\/13\\\/vietnam-2018-neurothemis-fulvia\\\/#primaryimage\"},\"thumbnailUrl\":\"http:\\\/\\\/www.meslibellules.fr\\\/blog\\\/wp-content\\\/uploads\\\/2019\\\/05\\\/neurothemis-fulvia.jpg\",\"articleSection\":[\"Libellulidae\",\"Vietnam\"],\"inLanguage\":\"fr-FR\",\"potentialAction\":[{\"@type\":\"CommentAction\",\"name\":\"Comment\",\"target\":[\"https:\\\/\\\/www.meslibellules.fr\\\/blog\\\/2019\\\/05\\\/13\\\/vietnam-2018-neurothemis-fulvia\\\/#respond\"]}]},{\"@type\":\"WebPage\",\"@id\":\"https:\\\/\\\/www.meslibellules.fr\\\/blog\\\/2019\\\/05\\\/13\\\/vietnam-2018-neurothemis-fulvia\\\/\",\"url\":\"https:\\\/\\\/www.meslibellules.fr\\\/blog\\\/2019\\\/05\\\/13\\\/vietnam-2018-neurothemis-fulvia\\\/\",\"name\":\"Neurothemis fulvia - Mes Libellules\",\"isPartOf\":{\"@id\":\"https:\\\/\\\/www.meslibellules.fr\\\/blog\\\/#website\"},\"primaryImageOfPage\":{\"@id\":\"https:\\\/\\\/www.meslibellules.fr\\\/blog\\\/2019\\\/05\\\/13\\\/vietnam-2018-neurothemis-fulvia\\\/#primaryimage\"},\"image\":{\"@id\":\"https:\\\/\\\/www.meslibellules.fr\\\/blog\\\/2019\\\/05\\\/13\\\/vietnam-2018-neurothemis-fulvia\\\/#primaryimage\"},\"thumbnailUrl\":\"http:\\\/\\\/www.meslibellules.fr\\\/blog\\\/wp-content\\\/uploads\\\/2019\\\/05\\\/neurothemis-fulvia.jpg\",\"datePublished\":\"2019-05-13T16:46:50+00:00\",\"dateModified\":\"2025-07-28T04:15:14+00:00\",\"description\":\"Neurothemis fulvia m\u00e2les et femelles, description, identification, taille, habitat, distribution g\u00e9ographique, \u00e9tymologie\",\"breadcrumb\":{\"@id\":\"https:\\\/\\\/www.meslibellules.fr\\\/blog\\\/2019\\\/05\\\/13\\\/vietnam-2018-neurothemis-fulvia\\\/#breadcrumb\"},\"inLanguage\":\"fr-FR\",\"potentialAction\":[{\"@type\":\"ReadAction\",\"target\":[\"https:\\\/\\\/www.meslibellules.fr\\\/blog\\\/2019\\\/05\\\/13\\\/vietnam-2018-neurothemis-fulvia\\\/\"]}]},{\"@type\":\"ImageObject\",\"inLanguage\":\"fr-FR\",\"@id\":\"https:\\\/\\\/www.meslibellules.fr\\\/blog\\\/2019\\\/05\\\/13\\\/vietnam-2018-neurothemis-fulvia\\\/#primaryimage\",\"url\":\"http:\\\/\\\/www.meslibellules.fr\\\/blog\\\/wp-content\\\/uploads\\\/2019\\\/05\\\/neurothemis-fulvia.jpg\",\"contentUrl\":\"http:\\\/\\\/www.meslibellules.fr\\\/blog\\\/wp-content\\\/uploads\\\/2019\\\/05\\\/neurothemis-fulvia.jpg\"},{\"@type\":\"BreadcrumbList\",\"@id\":\"https:\\\/\\\/www.meslibellules.fr\\\/blog\\\/2019\\\/05\\\/13\\\/vietnam-2018-neurothemis-fulvia\\\/#breadcrumb\",\"itemListElement\":[{\"@type\":\"ListItem\",\"position\":1,\"name\":\"Accueil\",\"item\":\"https:\\\/\\\/www.meslibellules.fr\\\/blog\\\/\"},{\"@type\":\"ListItem\",\"position\":2,\"name\":\"Vietnam 2018 &#8211; Neurothemis fulvia (Drury, 1773)\"}]},{\"@type\":\"WebSite\",\"@id\":\"https:\\\/\\\/www.meslibellules.fr\\\/blog\\\/#website\",\"url\":\"https:\\\/\\\/www.meslibellules.fr\\\/blog\\\/\",\"name\":\"Mes Libellules\",\"description\":\"Pr\u00e9sentation des libellules rencontr\u00e9es dans le monde\",\"publisher\":{\"@id\":\"https:\\\/\\\/www.meslibellules.fr\\\/blog\\\/#\\\/schema\\\/person\\\/9aa3586f9dd053fcf329f43b8b053c77\"},\"potentialAction\":[{\"@type\":\"SearchAction\",\"target\":{\"@type\":\"EntryPoint\",\"urlTemplate\":\"https:\\\/\\\/www.meslibellules.fr\\\/blog\\\/?s={search_term_string}\"},\"query-input\":{\"@type\":\"PropertyValueSpecification\",\"valueRequired\":true,\"valueName\":\"search_term_string\"}}],\"inLanguage\":\"fr-FR\"},{\"@type\":[\"Person\",\"Organization\"],\"@id\":\"https:\\\/\\\/www.meslibellules.fr\\\/blog\\\/#\\\/schema\\\/person\\\/9aa3586f9dd053fcf329f43b8b053c77\",\"name\":\"Beno\u00eet Guillon\",\"image\":{\"@type\":\"ImageObject\",\"inLanguage\":\"fr-FR\",\"@id\":\"https:\\\/\\\/www.meslibellules.fr\\\/blog\\\/wp-content\\\/uploads\\\/cropped-avatar-150-pix.jpg\",\"url\":\"https:\\\/\\\/www.meslibellules.fr\\\/blog\\\/wp-content\\\/uploads\\\/cropped-avatar-150-pix.jpg\",\"contentUrl\":\"https:\\\/\\\/www.meslibellules.fr\\\/blog\\\/wp-content\\\/uploads\\\/cropped-avatar-150-pix.jpg\",\"width\":150,\"height\":137,\"caption\":\"Beno\u00eet Guillon\"},\"logo\":{\"@id\":\"https:\\\/\\\/www.meslibellules.fr\\\/blog\\\/wp-content\\\/uploads\\\/cropped-avatar-150-pix.jpg\"},\"sameAs\":[\"https:\\\/\\\/www.facebook.com\\\/benoit.guillon.96\\\/\"]}]}<\/script>\n<!-- \/ Yoast SEO plugin. -->","yoast_head_json":{"title":"Neurothemis fulvia - Mes Libellules","description":"Neurothemis fulvia m\u00e2les et femelles, description, identification, taille, habitat, distribution g\u00e9ographique, \u00e9tymologie","robots":{"index":"index","follow":"follow","max-snippet":"max-snippet:-1","max-image-preview":"max-image-preview:large","max-video-preview":"max-video-preview:-1"},"canonical":"https:\/\/www.meslibellules.fr\/blog\/2019\/05\/13\/vietnam-2018-neurothemis-fulvia\/","og_locale":"fr_FR","og_type":"article","og_title":"Neurothemis fulvia - Mes Libellules","og_description":"Neurothemis fulvia m\u00e2les et femelles, description, identification, taille, habitat, distribution g\u00e9ographique, \u00e9tymologie","og_url":"https:\/\/www.meslibellules.fr\/blog\/2019\/05\/13\/vietnam-2018-neurothemis-fulvia\/","og_site_name":"Mes Libellules","article_publisher":"https:\/\/www.facebook.com\/benoit.guillon.96\/","article_author":"https:\/\/www.facebook.com\/benoit.guillon.96\/","article_published_time":"2019-05-13T16:46:50+00:00","article_modified_time":"2025-07-28T04:15:14+00:00","og_image":[{"url":"http:\/\/www.meslibellules.fr\/blog\/wp-content\/uploads\/2019\/05\/neurothemis-fulvia.jpg","type":"","width":"","height":""}],"author":"Beno\u00eet Guillon","twitter_card":"summary_large_image","twitter_misc":{"\u00c9crit par":"Beno\u00eet Guillon","Dur\u00e9e de lecture estim\u00e9e":"5 minutes"},"schema":{"@context":"https:\/\/schema.org","@graph":[{"@type":"Article","@id":"https:\/\/www.meslibellules.fr\/blog\/2019\/05\/13\/vietnam-2018-neurothemis-fulvia\/#article","isPartOf":{"@id":"https:\/\/www.meslibellules.fr\/blog\/2019\/05\/13\/vietnam-2018-neurothemis-fulvia\/"},"author":{"name":"Beno\u00eet Guillon","@id":"https:\/\/www.meslibellules.fr\/blog\/#\/schema\/person\/9aa3586f9dd053fcf329f43b8b053c77"},"headline":"Vietnam 2018 &#8211; Neurothemis fulvia (Drury, 1773)","datePublished":"2019-05-13T16:46:50+00:00","dateModified":"2025-07-28T04:15:14+00:00","mainEntityOfPage":{"@id":"https:\/\/www.meslibellules.fr\/blog\/2019\/05\/13\/vietnam-2018-neurothemis-fulvia\/"},"wordCount":364,"commentCount":0,"publisher":{"@id":"https:\/\/www.meslibellules.fr\/blog\/#\/schema\/person\/9aa3586f9dd053fcf329f43b8b053c77"},"image":{"@id":"https:\/\/www.meslibellules.fr\/blog\/2019\/05\/13\/vietnam-2018-neurothemis-fulvia\/#primaryimage"},"thumbnailUrl":"http:\/\/www.meslibellules.fr\/blog\/wp-content\/uploads\/2019\/05\/neurothemis-fulvia.jpg","articleSection":["Libellulidae","Vietnam"],"inLanguage":"fr-FR","potentialAction":[{"@type":"CommentAction","name":"Comment","target":["https:\/\/www.meslibellules.fr\/blog\/2019\/05\/13\/vietnam-2018-neurothemis-fulvia\/#respond"]}]},{"@type":"WebPage","@id":"https:\/\/www.meslibellules.fr\/blog\/2019\/05\/13\/vietnam-2018-neurothemis-fulvia\/","url":"https:\/\/www.meslibellules.fr\/blog\/2019\/05\/13\/vietnam-2018-neurothemis-fulvia\/","name":"Neurothemis fulvia - Mes Libellules","isPartOf":{"@id":"https:\/\/www.meslibellules.fr\/blog\/#website"},"primaryImageOfPage":{"@id":"https:\/\/www.meslibellules.fr\/blog\/2019\/05\/13\/vietnam-2018-neurothemis-fulvia\/#primaryimage"},"image":{"@id":"https:\/\/www.meslibellules.fr\/blog\/2019\/05\/13\/vietnam-2018-neurothemis-fulvia\/#primaryimage"},"thumbnailUrl":"http:\/\/www.meslibellules.fr\/blog\/wp-content\/uploads\/2019\/05\/neurothemis-fulvia.jpg","datePublished":"2019-05-13T16:46:50+00:00","dateModified":"2025-07-28T04:15:14+00:00","description":"Neurothemis fulvia m\u00e2les et femelles, description, identification, taille, habitat, distribution g\u00e9ographique, \u00e9tymologie","breadcrumb":{"@id":"https:\/\/www.meslibellules.fr\/blog\/2019\/05\/13\/vietnam-2018-neurothemis-fulvia\/#breadcrumb"},"inLanguage":"fr-FR","potentialAction":[{"@type":"ReadAction","target":["https:\/\/www.meslibellules.fr\/blog\/2019\/05\/13\/vietnam-2018-neurothemis-fulvia\/"]}]},{"@type":"ImageObject","inLanguage":"fr-FR","@id":"https:\/\/www.meslibellules.fr\/blog\/2019\/05\/13\/vietnam-2018-neurothemis-fulvia\/#primaryimage","url":"http:\/\/www.meslibellules.fr\/blog\/wp-content\/uploads\/2019\/05\/neurothemis-fulvia.jpg","contentUrl":"http:\/\/www.meslibellules.fr\/blog\/wp-content\/uploads\/2019\/05\/neurothemis-fulvia.jpg"},{"@type":"BreadcrumbList","@id":"https:\/\/www.meslibellules.fr\/blog\/2019\/05\/13\/vietnam-2018-neurothemis-fulvia\/#breadcrumb","itemListElement":[{"@type":"ListItem","position":1,"name":"Accueil","item":"https:\/\/www.meslibellules.fr\/blog\/"},{"@type":"ListItem","position":2,"name":"Vietnam 2018 &#8211; Neurothemis fulvia (Drury, 1773)"}]},{"@type":"WebSite","@id":"https:\/\/www.meslibellules.fr\/blog\/#website","url":"https:\/\/www.meslibellules.fr\/blog\/","name":"Mes Libellules","description":"Pr\u00e9sentation des libellules rencontr\u00e9es dans le monde","publisher":{"@id":"https:\/\/www.meslibellules.fr\/blog\/#\/schema\/person\/9aa3586f9dd053fcf329f43b8b053c77"},"potentialAction":[{"@type":"SearchAction","target":{"@type":"EntryPoint","urlTemplate":"https:\/\/www.meslibellules.fr\/blog\/?s={search_term_string}"},"query-input":{"@type":"PropertyValueSpecification","valueRequired":true,"valueName":"search_term_string"}}],"inLanguage":"fr-FR"},{"@type":["Person","Organization"],"@id":"https:\/\/www.meslibellules.fr\/blog\/#\/schema\/person\/9aa3586f9dd053fcf329f43b8b053c77","name":"Beno\u00eet Guillon","image":{"@type":"ImageObject","inLanguage":"fr-FR","@id":"https:\/\/www.meslibellules.fr\/blog\/wp-content\/uploads\/cropped-avatar-150-pix.jpg","url":"https:\/\/www.meslibellules.fr\/blog\/wp-content\/uploads\/cropped-avatar-150-pix.jpg","contentUrl":"https:\/\/www.meslibellules.fr\/blog\/wp-content\/uploads\/cropped-avatar-150-pix.jpg","width":150,"height":137,"caption":"Beno\u00eet Guillon"},"logo":{"@id":"https:\/\/www.meslibellules.fr\/blog\/wp-content\/uploads\/cropped-avatar-150-pix.jpg"},"sameAs":["https:\/\/www.facebook.com\/benoit.guillon.96\/"]}]}},"_links":{"self":[{"href":"https:\/\/www.meslibellules.fr\/blog\/wp-json\/wp\/v2\/posts\/2881","targetHints":{"allow":["GET"]}}],"collection":[{"href":"https:\/\/www.meslibellules.fr\/blog\/wp-json\/wp\/v2\/posts"}],"about":[{"href":"https:\/\/www.meslibellules.fr\/blog\/wp-json\/wp\/v2\/types\/post"}],"author":[{"embeddable":true,"href":"https:\/\/www.meslibellules.fr\/blog\/wp-json\/wp\/v2\/users\/1"}],"replies":[{"embeddable":true,"href":"https:\/\/www.meslibellules.fr\/blog\/wp-json\/wp\/v2\/comments?post=2881"}],"version-history":[{"count":2,"href":"https:\/\/www.meslibellules.fr\/blog\/wp-json\/wp\/v2\/posts\/2881\/revisions"}],"predecessor-version":[{"id":25646,"href":"https:\/\/www.meslibellules.fr\/blog\/wp-json\/wp\/v2\/posts\/2881\/revisions\/25646"}],"wp:attachment":[{"href":"https:\/\/www.meslibellules.fr\/blog\/wp-json\/wp\/v2\/media?parent=2881"}],"wp:term":[{"taxonomy":"category","embeddable":true,"href":"https:\/\/www.meslibellules.fr\/blog\/wp-json\/wp\/v2\/categories?post=2881"},{"taxonomy":"post_tag","embeddable":true,"href":"https:\/\/www.meslibellules.fr\/blog\/wp-json\/wp\/v2\/tags?post=2881"}],"curies":[{"name":"wp","href":"https:\/\/api.w.org\/{rel}","templated":true}]}}