{"id":2891,"date":"2019-05-14T18:44:49","date_gmt":"2019-05-14T16:44:49","guid":{"rendered":"http:\/\/www.meslibellules.fr\/blog\/?p=2891"},"modified":"2024-04-27T13:30:09","modified_gmt":"2024-04-27T11:30:09","slug":"ischnura-elegans-galerie-2","status":"publish","type":"post","link":"https:\/\/www.meslibellules.fr\/blog\/2019\/05\/14\/ischnura-elegans-galerie-2\/","title":{"rendered":"Ischnura elegans &#8211; Galerie 2"},"content":{"rendered":"\n<figure class=\"wp-block-image aligncenter is-resized\"><a href=\"https:\/\/www.meslibellules.fr\/blog\/wp-content\/uploads\/2019\/05\/ischnura-elegans-femele-galerie-3big.jpg\"><img decoding=\"async\" width=\"1167\" height=\"1004\" data-src=\"https:\/\/www.meslibellules.fr\/blog\/wp-content\/uploads\/2019\/05\/ischnura-elegans-femele-galerie-3big.jpg\" alt=\"Ischnura elegans femelle immature, type A ou &quot;violacea&quot;, Beaupr\u00e9au (France-49), 14\/05\/2019\" class=\"wp-image-2890 lazyload\" style=\"--smush-placeholder-width: 1167px; --smush-placeholder-aspect-ratio: 1167\/1004;width:460px;height:448px\" data-srcset=\"https:\/\/www.meslibellules.fr\/blog\/wp-content\/uploads\/2019\/05\/ischnura-elegans-femele-galerie-3big.jpg 1167w, https:\/\/www.meslibellules.fr\/blog\/wp-content\/uploads\/2019\/05\/ischnura-elegans-femele-galerie-3big-768x661.jpg 768w\" data-sizes=\"(max-width: 1167px) 100vw, 1167px\" src=\"data:image\/svg+xml;base64,PHN2ZyB3aWR0aD0iMSIgaGVpZ2h0PSIxIiB4bWxucz0iaHR0cDovL3d3dy53My5vcmcvMjAwMC9zdmciPjwvc3ZnPg==\" \/><\/a><figcaption class=\"wp-element-caption\">Ischnura elegans femelle immature, type A ou \u00ab\u00a0violacea\u00a0\u00bb, Beaupr\u00e9au (France-49), 14\/05\/2019<\/figcaption><\/figure>\n\n\n\n<figure class=\"wp-block-image aligncenter is-resized\"><a href=\"https:\/\/www.meslibellules.fr\/blog\/wp-content\/uploads\/2019\/05\/ischnongle.jpg\"><img decoding=\"async\" width=\"1432\" height=\"1004\" data-src=\"https:\/\/www.meslibellules.fr\/blog\/wp-content\/uploads\/2019\/05\/ischnongle.jpg\" alt=\"Ischnura elegans femelle, Gennes sur Loire (France - 49), 26\/05\/2012\" class=\"wp-image-3005 lazyload\" style=\"--smush-placeholder-width: 1432px; --smush-placeholder-aspect-ratio: 1432\/1004;width:460px;height:350px\" data-srcset=\"https:\/\/www.meslibellules.fr\/blog\/wp-content\/uploads\/2019\/05\/ischnongle.jpg 1432w, https:\/\/www.meslibellules.fr\/blog\/wp-content\/uploads\/2019\/05\/ischnongle-768x538.jpg 768w, https:\/\/www.meslibellules.fr\/blog\/wp-content\/uploads\/2019\/05\/ischnongle-1200x841.jpg 1200w\" data-sizes=\"(max-width: 1432px) 100vw, 1432px\" src=\"data:image\/svg+xml;base64,PHN2ZyB3aWR0aD0iMSIgaGVpZ2h0PSIxIiB4bWxucz0iaHR0cDovL3d3dy53My5vcmcvMjAwMC9zdmciPjwvc3ZnPg==\" \/><\/a><figcaption class=\"wp-element-caption\">Ischnura elegans femelle infuscans, Gennes sur Loire (France &#8211; 49), 26\/05\/2012<\/figcaption><\/figure>\n\n\n\n<figure class=\"wp-block-image aligncenter size-large is-resized\"><a href=\"https:\/\/www.meslibellules.fr\/blog\/wp-content\/uploads\/ischnura-elegans-femelle-galerie-4.jpg\"><img decoding=\"async\" width=\"1231\" height=\"1004\" data-src=\"https:\/\/www.meslibellules.fr\/blog\/wp-content\/uploads\/ischnura-elegans-femelle-galerie-4.jpg\" alt=\"Ischnura elegans femelle immature type violacea Andrez\u00e9 (France-49), 22\/04\/2021\" class=\"wp-image-8654 lazyload\" style=\"--smush-placeholder-width: 1231px; --smush-placeholder-aspect-ratio: 1231\/1004;width:460px;height:342px\" data-srcset=\"https:\/\/www.meslibellules.fr\/blog\/wp-content\/uploads\/\/ischnura-elegans-femelle-galerie-4.jpg 1231w, https:\/\/www.meslibellules.fr\/blog\/wp-content\/uploads\/\/ischnura-elegans-femelle-galerie-4-768x626.jpg 768w, https:\/\/www.meslibellules.fr\/blog\/wp-content\/uploads\/\/ischnura-elegans-femelle-galerie-4-1200x979.jpg 1200w\" data-sizes=\"(max-width: 1231px) 100vw, 1231px\" src=\"data:image\/svg+xml;base64,PHN2ZyB3aWR0aD0iMSIgaGVpZ2h0PSIxIiB4bWxucz0iaHR0cDovL3d3dy53My5vcmcvMjAwMC9zdmciPjwvc3ZnPg==\" \/><\/a><figcaption class=\"wp-element-caption\">Ischnura elegans femelle immature type violacea Andrez\u00e9 (France-49), 22\/04\/2021<\/figcaption><\/figure>\n\n\n\n<figure class=\"wp-block-image aligncenter size-large is-resized\"><a href=\"https:\/\/www.meslibellules.fr\/blog\/wp-content\/uploads\/ielegans-coccinelle.jpg\"><img decoding=\"async\" width=\"1873\" height=\"884\" data-src=\"https:\/\/www.meslibellules.fr\/blog\/wp-content\/uploads\/ielegans-coccinelle.jpg\" alt=\"\" class=\"wp-image-8909 lazyload\" style=\"--smush-placeholder-width: 1873px; --smush-placeholder-aspect-ratio: 1873\/884;width:615px\" data-srcset=\"https:\/\/www.meslibellules.fr\/blog\/wp-content\/uploads\/\/ielegans-coccinelle.jpg 1873w, https:\/\/www.meslibellules.fr\/blog\/wp-content\/uploads\/\/ielegans-coccinelle-768x362.jpg 768w, https:\/\/www.meslibellules.fr\/blog\/wp-content\/uploads\/\/ielegans-coccinelle-1536x725.jpg 1536w, https:\/\/www.meslibellules.fr\/blog\/wp-content\/uploads\/\/ielegans-coccinelle-1200x566.jpg 1200w\" data-sizes=\"(max-width: 1873px) 100vw, 1873px\" src=\"data:image\/svg+xml;base64,PHN2ZyB3aWR0aD0iMSIgaGVpZ2h0PSIxIiB4bWxucz0iaHR0cDovL3d3dy53My5vcmcvMjAwMC9zdmciPjwvc3ZnPg==\" \/><\/a><figcaption class=\"wp-element-caption\">Ischnura elegans et une amie, Villedieu-la-Blou\u00e8re (France-49), 18\/05\/2021<\/figcaption><\/figure>\n\n\n\n<figure class=\"wp-block-image aligncenter size-large is-resized\"><a href=\"https:\/\/www.meslibellules.fr\/blog\/wp-content\/uploads\/ischnura-elegans-accouplement-5.jpg\"><img decoding=\"async\" width=\"1660\" height=\"1204\" data-src=\"https:\/\/www.meslibellules.fr\/blog\/wp-content\/uploads\/ischnura-elegans-accouplement-5.jpg\" alt=\"Ischnura elegans accouplement avec femelle violacea, Saint Br\u00e9vin (France-44), 28\/05\/2020\" class=\"wp-image-9353 lazyload\" style=\"--smush-placeholder-width: 1660px; --smush-placeholder-aspect-ratio: 1660\/1204;width:460px;height:346px\" data-srcset=\"https:\/\/www.meslibellules.fr\/blog\/wp-content\/uploads\/\/ischnura-elegans-accouplement-5.jpg 1660w, https:\/\/www.meslibellules.fr\/blog\/wp-content\/uploads\/\/ischnura-elegans-accouplement-5-768x557.jpg 768w, https:\/\/www.meslibellules.fr\/blog\/wp-content\/uploads\/\/ischnura-elegans-accouplement-5-1536x1114.jpg 1536w, https:\/\/www.meslibellules.fr\/blog\/wp-content\/uploads\/\/ischnura-elegans-accouplement-5-1200x870.jpg 1200w\" data-sizes=\"(max-width: 1660px) 100vw, 1660px\" src=\"data:image\/svg+xml;base64,PHN2ZyB3aWR0aD0iMSIgaGVpZ2h0PSIxIiB4bWxucz0iaHR0cDovL3d3dy53My5vcmcvMjAwMC9zdmciPjwvc3ZnPg==\" \/><\/a><figcaption class=\"wp-element-caption\">Ischnura elegans accouplement avec femelle violacea, Saint Br\u00e9vin (France-44), 28\/05\/2020<\/figcaption><\/figure>\n\n\n\n<figure class=\"wp-block-image aligncenter size-full is-resized\"><a href=\"https:\/\/www.meslibellules.fr\/blog\/wp-content\/uploads\/Ischnura-elegans-jeune-male-dent-du-pronotum.webp\"><img decoding=\"async\" width=\"1179\" height=\"1204\" data-src=\"https:\/\/www.meslibellules.fr\/blog\/wp-content\/uploads\/Ischnura-elegans-jeune-male-dent-du-pronotum.webp\" alt=\"Ischnura elegans jeune m\u00e2le, dent du pronotum, Beaupr\u00e9au (F-49), 27\/04\/2024\" class=\"wp-image-19516 lazyload\" style=\"--smush-placeholder-width: 1179px; --smush-placeholder-aspect-ratio: 1179\/1204;width:468px;height:auto\" data-srcset=\"https:\/\/www.meslibellules.fr\/blog\/wp-content\/uploads\/Ischnura-elegans-jeune-male-dent-du-pronotum.webp 1179w, https:\/\/www.meslibellules.fr\/blog\/wp-content\/uploads\/Ischnura-elegans-jeune-male-dent-du-pronotum-768x784.webp 768w\" data-sizes=\"(max-width: 1179px) 100vw, 1179px\" src=\"data:image\/svg+xml;base64,PHN2ZyB3aWR0aD0iMSIgaGVpZ2h0PSIxIiB4bWxucz0iaHR0cDovL3d3dy53My5vcmcvMjAwMC9zdmciPjwvc3ZnPg==\" \/><\/a><figcaption class=\"wp-element-caption\">Ischnura elegans jeune m\u00e2le, dent du pronotum, Beaupr\u00e9au (F-49), 27\/04\/2024<\/figcaption><\/figure>\n\n\n\n\n\n<figure class=\"wp-block-image\"><a href=\"http:\/\/www.meslibellules.fr\/pagesweb\/coenagrionidae\/ischnura\/ischnura-elegans\/ischnura-elegans-galerie-1.php\"><img decoding=\"async\" width=\"100\" height=\"20\" data-src=\"https:\/\/www.meslibellules.fr\/blog\/wp-content\/uploads\/2019\/05\/retour.gif\" alt=\"\" class=\"wp-image-2894 lazyload\" src=\"data:image\/svg+xml;base64,PHN2ZyB3aWR0aD0iMSIgaGVpZ2h0PSIxIiB4bWxucz0iaHR0cDovL3d3dy53My5vcmcvMjAwMC9zdmciPjwvc3ZnPg==\" style=\"--smush-placeholder-width: 100px; --smush-placeholder-aspect-ratio: 100\/20;\" \/><\/a><\/figure>\n\n\n\n<figure class=\"wp-block-image\"><a href=\"http:\/\/www.meslibellules.fr\/pagesweb\/coenagrionidae\/ischnura\/ischnura-elegans\/ischnura-elegans-accueil.php\"><img decoding=\"async\" width=\"100\" height=\"20\" data-src=\"https:\/\/www.meslibellules.fr\/blog\/wp-content\/uploads\/2019\/05\/accueilielegans.gif\" alt=\"\" class=\"wp-image-2893 lazyload\" src=\"data:image\/svg+xml;base64,PHN2ZyB3aWR0aD0iMSIgaGVpZ2h0PSIxIiB4bWxucz0iaHR0cDovL3d3dy53My5vcmcvMjAwMC9zdmciPjwvc3ZnPg==\" style=\"--smush-placeholder-width: 100px; --smush-placeholder-aspect-ratio: 100\/20;\" \/><\/a><\/figure>\n\n\n\n<p><\/p>\n","protected":false},"excerpt":{"rendered":"","protected":false},"author":1,"featured_media":0,"comment_status":"open","ping_status":"open","sticky":false,"template":"","format":"image","meta":{"site-sidebar-layout":"default","site-content-layout":"","ast-site-content-layout":"default","site-content-style":"default","site-sidebar-style":"default","ast-global-header-display":"","ast-banner-title-visibility":"","ast-main-header-display":"","ast-hfb-above-header-display":"","ast-hfb-below-header-display":"","ast-hfb-mobile-header-display":"","site-post-title":"","ast-breadcrumbs-content":"","ast-featured-img":"","footer-sml-layout":"","ast-disable-related-posts":"","theme-transparent-header-meta":"","adv-header-id-meta":"","stick-header-meta":"","header-above-stick-meta":"","header-main-stick-meta":"","header-below-stick-meta":"","astra-migrate-meta-layouts":"set","ast-page-background-enabled":"default","ast-page-background-meta":{"desktop":{"background-color":"var(--ast-global-color-4)","background-image":"","background-repeat":"repeat","background-position":"center center","background-size":"auto","background-attachment":"scroll","background-type":"","background-media":"","overlay-type":"","overlay-color":"","overlay-opacity":"","overlay-gradient":""},"tablet":{"background-color":"","background-image":"","background-repeat":"repeat","background-position":"center center","background-size":"auto","background-attachment":"scroll","background-type":"","background-media":"","overlay-type":"","overlay-color":"","overlay-opacity":"","overlay-gradient":""},"mobile":{"background-color":"","background-image":"","background-repeat":"repeat","background-position":"center center","background-size":"auto","background-attachment":"scroll","background-type":"","background-media":"","overlay-type":"","overlay-color":"","overlay-opacity":"","overlay-gradient":""}},"ast-content-background-meta":{"desktop":{"background-color":"var(--ast-global-color-5)","background-image":"","background-repeat":"repeat","background-position":"center center","background-size":"auto","background-attachment":"scroll","background-type":"","background-media":"","overlay-type":"","overlay-color":"","overlay-opacity":"","overlay-gradient":""},"tablet":{"background-color":"var(--ast-global-color-5)","background-image":"","background-repeat":"repeat","background-position":"center center","background-size":"auto","background-attachment":"scroll","background-type":"","background-media":"","overlay-type":"","overlay-color":"","overlay-opacity":"","overlay-gradient":""},"mobile":{"background-color":"var(--ast-global-color-5)","background-image":"","background-repeat":"repeat","background-position":"center center","background-size":"auto","background-attachment":"scroll","background-type":"","background-media":"","overlay-type":"","overlay-color":"","overlay-opacity":"","overlay-gradient":""}},"footnotes":""},"categories":[60,55,61],"tags":[],"class_list":["post-2891","post","type-post","status-publish","format-image","hentry","category-coenagrionidae-france","category-france","category-ischnura-elegans","post_format-post-format-image"],"yoast_head":"<!-- This site is optimized with the Yoast SEO plugin v27.5 - https:\/\/yoast.com\/product\/yoast-seo-wordpress\/ -->\n<title>Ischnura elegans - Galerie 2 - Mes Libellules<\/title>\n<meta name=\"robots\" content=\"index, follow, max-snippet:-1, max-image-preview:large, max-video-preview:-1\" \/>\n<link rel=\"canonical\" href=\"https:\/\/www.meslibellules.fr\/blog\/2019\/05\/14\/ischnura-elegans-galerie-2\/\" \/>\n<meta property=\"og:locale\" content=\"fr_FR\" \/>\n<meta property=\"og:type\" content=\"article\" \/>\n<meta property=\"og:title\" content=\"Ischnura elegans - Galerie 2 - Mes Libellules\" \/>\n<meta property=\"og:url\" content=\"https:\/\/www.meslibellules.fr\/blog\/2019\/05\/14\/ischnura-elegans-galerie-2\/\" \/>\n<meta property=\"og:site_name\" content=\"Mes Libellules\" \/>\n<meta property=\"article:publisher\" content=\"https:\/\/www.facebook.com\/benoit.guillon.96\/\" \/>\n<meta property=\"article:author\" content=\"https:\/\/www.facebook.com\/benoit.guillon.96\/\" \/>\n<meta property=\"article:published_time\" content=\"2019-05-14T16:44:49+00:00\" \/>\n<meta property=\"article:modified_time\" content=\"2024-04-27T11:30:09+00:00\" \/>\n<meta property=\"og:image\" content=\"http:\/\/www.meslibellules.fr\/blog\/wp-content\/uploads\/2019\/05\/ischnura-elegans-femele-galerie-3big.jpg\" \/>\n<meta name=\"author\" content=\"Beno\u00eet Guillon\" \/>\n<meta name=\"twitter:card\" content=\"summary_large_image\" \/>\n<meta name=\"twitter:label1\" content=\"\u00c9crit par\" \/>\n\t<meta name=\"twitter:data1\" content=\"Beno\u00eet Guillon\" \/>\n\t<meta name=\"twitter:label2\" content=\"Dur\u00e9e de lecture estim\u00e9e\" \/>\n\t<meta name=\"twitter:data2\" content=\"4 minutes\" \/>\n<script type=\"application\/ld+json\" class=\"yoast-schema-graph\">{\"@context\":\"https:\\\/\\\/schema.org\",\"@graph\":[{\"@type\":\"Article\",\"@id\":\"https:\\\/\\\/www.meslibellules.fr\\\/blog\\\/2019\\\/05\\\/14\\\/ischnura-elegans-galerie-2\\\/#article\",\"isPartOf\":{\"@id\":\"https:\\\/\\\/www.meslibellules.fr\\\/blog\\\/2019\\\/05\\\/14\\\/ischnura-elegans-galerie-2\\\/\"},\"author\":{\"name\":\"Beno\u00eet Guillon\",\"@id\":\"https:\\\/\\\/www.meslibellules.fr\\\/blog\\\/#\\\/schema\\\/person\\\/9aa3586f9dd053fcf329f43b8b053c77\"},\"headline\":\"Ischnura elegans &#8211; Galerie 2\",\"datePublished\":\"2019-05-14T16:44:49+00:00\",\"dateModified\":\"2024-04-27T11:30:09+00:00\",\"mainEntityOfPage\":{\"@id\":\"https:\\\/\\\/www.meslibellules.fr\\\/blog\\\/2019\\\/05\\\/14\\\/ischnura-elegans-galerie-2\\\/\"},\"wordCount\":61,\"commentCount\":0,\"publisher\":{\"@id\":\"https:\\\/\\\/www.meslibellules.fr\\\/blog\\\/#\\\/schema\\\/person\\\/9aa3586f9dd053fcf329f43b8b053c77\"},\"image\":{\"@id\":\"https:\\\/\\\/www.meslibellules.fr\\\/blog\\\/2019\\\/05\\\/14\\\/ischnura-elegans-galerie-2\\\/#primaryimage\"},\"thumbnailUrl\":\"http:\\\/\\\/www.meslibellules.fr\\\/blog\\\/wp-content\\\/uploads\\\/2019\\\/05\\\/ischnura-elegans-femele-galerie-3big.jpg\",\"articleSection\":[\"Coenagrionidae\",\"France\",\"Ischnura elegans\"],\"inLanguage\":\"fr-FR\",\"potentialAction\":[{\"@type\":\"CommentAction\",\"name\":\"Comment\",\"target\":[\"https:\\\/\\\/www.meslibellules.fr\\\/blog\\\/2019\\\/05\\\/14\\\/ischnura-elegans-galerie-2\\\/#respond\"]}]},{\"@type\":\"WebPage\",\"@id\":\"https:\\\/\\\/www.meslibellules.fr\\\/blog\\\/2019\\\/05\\\/14\\\/ischnura-elegans-galerie-2\\\/\",\"url\":\"https:\\\/\\\/www.meslibellules.fr\\\/blog\\\/2019\\\/05\\\/14\\\/ischnura-elegans-galerie-2\\\/\",\"name\":\"Ischnura elegans - Galerie 2 - Mes Libellules\",\"isPartOf\":{\"@id\":\"https:\\\/\\\/www.meslibellules.fr\\\/blog\\\/#website\"},\"primaryImageOfPage\":{\"@id\":\"https:\\\/\\\/www.meslibellules.fr\\\/blog\\\/2019\\\/05\\\/14\\\/ischnura-elegans-galerie-2\\\/#primaryimage\"},\"image\":{\"@id\":\"https:\\\/\\\/www.meslibellules.fr\\\/blog\\\/2019\\\/05\\\/14\\\/ischnura-elegans-galerie-2\\\/#primaryimage\"},\"thumbnailUrl\":\"http:\\\/\\\/www.meslibellules.fr\\\/blog\\\/wp-content\\\/uploads\\\/2019\\\/05\\\/ischnura-elegans-femele-galerie-3big.jpg\",\"datePublished\":\"2019-05-14T16:44:49+00:00\",\"dateModified\":\"2024-04-27T11:30:09+00:00\",\"breadcrumb\":{\"@id\":\"https:\\\/\\\/www.meslibellules.fr\\\/blog\\\/2019\\\/05\\\/14\\\/ischnura-elegans-galerie-2\\\/#breadcrumb\"},\"inLanguage\":\"fr-FR\",\"potentialAction\":[{\"@type\":\"ReadAction\",\"target\":[\"https:\\\/\\\/www.meslibellules.fr\\\/blog\\\/2019\\\/05\\\/14\\\/ischnura-elegans-galerie-2\\\/\"]}]},{\"@type\":\"ImageObject\",\"inLanguage\":\"fr-FR\",\"@id\":\"https:\\\/\\\/www.meslibellules.fr\\\/blog\\\/2019\\\/05\\\/14\\\/ischnura-elegans-galerie-2\\\/#primaryimage\",\"url\":\"http:\\\/\\\/www.meslibellules.fr\\\/blog\\\/wp-content\\\/uploads\\\/2019\\\/05\\\/ischnura-elegans-femele-galerie-3big.jpg\",\"contentUrl\":\"http:\\\/\\\/www.meslibellules.fr\\\/blog\\\/wp-content\\\/uploads\\\/2019\\\/05\\\/ischnura-elegans-femele-galerie-3big.jpg\"},{\"@type\":\"BreadcrumbList\",\"@id\":\"https:\\\/\\\/www.meslibellules.fr\\\/blog\\\/2019\\\/05\\\/14\\\/ischnura-elegans-galerie-2\\\/#breadcrumb\",\"itemListElement\":[{\"@type\":\"ListItem\",\"position\":1,\"name\":\"Accueil\",\"item\":\"https:\\\/\\\/www.meslibellules.fr\\\/blog\\\/\"},{\"@type\":\"ListItem\",\"position\":2,\"name\":\"Ischnura elegans &#8211; Galerie 2\"}]},{\"@type\":\"WebSite\",\"@id\":\"https:\\\/\\\/www.meslibellules.fr\\\/blog\\\/#website\",\"url\":\"https:\\\/\\\/www.meslibellules.fr\\\/blog\\\/\",\"name\":\"Mes Libellules\",\"description\":\"Pr\u00e9sentation des libellules rencontr\u00e9es dans le monde\",\"publisher\":{\"@id\":\"https:\\\/\\\/www.meslibellules.fr\\\/blog\\\/#\\\/schema\\\/person\\\/9aa3586f9dd053fcf329f43b8b053c77\"},\"potentialAction\":[{\"@type\":\"SearchAction\",\"target\":{\"@type\":\"EntryPoint\",\"urlTemplate\":\"https:\\\/\\\/www.meslibellules.fr\\\/blog\\\/?s={search_term_string}\"},\"query-input\":{\"@type\":\"PropertyValueSpecification\",\"valueRequired\":true,\"valueName\":\"search_term_string\"}}],\"inLanguage\":\"fr-FR\"},{\"@type\":[\"Person\",\"Organization\"],\"@id\":\"https:\\\/\\\/www.meslibellules.fr\\\/blog\\\/#\\\/schema\\\/person\\\/9aa3586f9dd053fcf329f43b8b053c77\",\"name\":\"Beno\u00eet Guillon\",\"image\":{\"@type\":\"ImageObject\",\"inLanguage\":\"fr-FR\",\"@id\":\"https:\\\/\\\/www.meslibellules.fr\\\/blog\\\/wp-content\\\/uploads\\\/cropped-avatar-150-pix.jpg\",\"url\":\"https:\\\/\\\/www.meslibellules.fr\\\/blog\\\/wp-content\\\/uploads\\\/cropped-avatar-150-pix.jpg\",\"contentUrl\":\"https:\\\/\\\/www.meslibellules.fr\\\/blog\\\/wp-content\\\/uploads\\\/cropped-avatar-150-pix.jpg\",\"width\":150,\"height\":137,\"caption\":\"Beno\u00eet Guillon\"},\"logo\":{\"@id\":\"https:\\\/\\\/www.meslibellules.fr\\\/blog\\\/wp-content\\\/uploads\\\/cropped-avatar-150-pix.jpg\"},\"sameAs\":[\"https:\\\/\\\/www.facebook.com\\\/benoit.guillon.96\\\/\"]}]}<\/script>\n<!-- \/ Yoast SEO plugin. -->","yoast_head_json":{"title":"Ischnura elegans - Galerie 2 - Mes Libellules","robots":{"index":"index","follow":"follow","max-snippet":"max-snippet:-1","max-image-preview":"max-image-preview:large","max-video-preview":"max-video-preview:-1"},"canonical":"https:\/\/www.meslibellules.fr\/blog\/2019\/05\/14\/ischnura-elegans-galerie-2\/","og_locale":"fr_FR","og_type":"article","og_title":"Ischnura elegans - Galerie 2 - Mes Libellules","og_url":"https:\/\/www.meslibellules.fr\/blog\/2019\/05\/14\/ischnura-elegans-galerie-2\/","og_site_name":"Mes Libellules","article_publisher":"https:\/\/www.facebook.com\/benoit.guillon.96\/","article_author":"https:\/\/www.facebook.com\/benoit.guillon.96\/","article_published_time":"2019-05-14T16:44:49+00:00","article_modified_time":"2024-04-27T11:30:09+00:00","og_image":[{"url":"http:\/\/www.meslibellules.fr\/blog\/wp-content\/uploads\/2019\/05\/ischnura-elegans-femele-galerie-3big.jpg","type":"","width":"","height":""}],"author":"Beno\u00eet Guillon","twitter_card":"summary_large_image","twitter_misc":{"\u00c9crit par":"Beno\u00eet Guillon","Dur\u00e9e de lecture estim\u00e9e":"4 minutes"},"schema":{"@context":"https:\/\/schema.org","@graph":[{"@type":"Article","@id":"https:\/\/www.meslibellules.fr\/blog\/2019\/05\/14\/ischnura-elegans-galerie-2\/#article","isPartOf":{"@id":"https:\/\/www.meslibellules.fr\/blog\/2019\/05\/14\/ischnura-elegans-galerie-2\/"},"author":{"name":"Beno\u00eet Guillon","@id":"https:\/\/www.meslibellules.fr\/blog\/#\/schema\/person\/9aa3586f9dd053fcf329f43b8b053c77"},"headline":"Ischnura elegans &#8211; Galerie 2","datePublished":"2019-05-14T16:44:49+00:00","dateModified":"2024-04-27T11:30:09+00:00","mainEntityOfPage":{"@id":"https:\/\/www.meslibellules.fr\/blog\/2019\/05\/14\/ischnura-elegans-galerie-2\/"},"wordCount":61,"commentCount":0,"publisher":{"@id":"https:\/\/www.meslibellules.fr\/blog\/#\/schema\/person\/9aa3586f9dd053fcf329f43b8b053c77"},"image":{"@id":"https:\/\/www.meslibellules.fr\/blog\/2019\/05\/14\/ischnura-elegans-galerie-2\/#primaryimage"},"thumbnailUrl":"http:\/\/www.meslibellules.fr\/blog\/wp-content\/uploads\/2019\/05\/ischnura-elegans-femele-galerie-3big.jpg","articleSection":["Coenagrionidae","France","Ischnura elegans"],"inLanguage":"fr-FR","potentialAction":[{"@type":"CommentAction","name":"Comment","target":["https:\/\/www.meslibellules.fr\/blog\/2019\/05\/14\/ischnura-elegans-galerie-2\/#respond"]}]},{"@type":"WebPage","@id":"https:\/\/www.meslibellules.fr\/blog\/2019\/05\/14\/ischnura-elegans-galerie-2\/","url":"https:\/\/www.meslibellules.fr\/blog\/2019\/05\/14\/ischnura-elegans-galerie-2\/","name":"Ischnura elegans - Galerie 2 - Mes Libellules","isPartOf":{"@id":"https:\/\/www.meslibellules.fr\/blog\/#website"},"primaryImageOfPage":{"@id":"https:\/\/www.meslibellules.fr\/blog\/2019\/05\/14\/ischnura-elegans-galerie-2\/#primaryimage"},"image":{"@id":"https:\/\/www.meslibellules.fr\/blog\/2019\/05\/14\/ischnura-elegans-galerie-2\/#primaryimage"},"thumbnailUrl":"http:\/\/www.meslibellules.fr\/blog\/wp-content\/uploads\/2019\/05\/ischnura-elegans-femele-galerie-3big.jpg","datePublished":"2019-05-14T16:44:49+00:00","dateModified":"2024-04-27T11:30:09+00:00","breadcrumb":{"@id":"https:\/\/www.meslibellules.fr\/blog\/2019\/05\/14\/ischnura-elegans-galerie-2\/#breadcrumb"},"inLanguage":"fr-FR","potentialAction":[{"@type":"ReadAction","target":["https:\/\/www.meslibellules.fr\/blog\/2019\/05\/14\/ischnura-elegans-galerie-2\/"]}]},{"@type":"ImageObject","inLanguage":"fr-FR","@id":"https:\/\/www.meslibellules.fr\/blog\/2019\/05\/14\/ischnura-elegans-galerie-2\/#primaryimage","url":"http:\/\/www.meslibellules.fr\/blog\/wp-content\/uploads\/2019\/05\/ischnura-elegans-femele-galerie-3big.jpg","contentUrl":"http:\/\/www.meslibellules.fr\/blog\/wp-content\/uploads\/2019\/05\/ischnura-elegans-femele-galerie-3big.jpg"},{"@type":"BreadcrumbList","@id":"https:\/\/www.meslibellules.fr\/blog\/2019\/05\/14\/ischnura-elegans-galerie-2\/#breadcrumb","itemListElement":[{"@type":"ListItem","position":1,"name":"Accueil","item":"https:\/\/www.meslibellules.fr\/blog\/"},{"@type":"ListItem","position":2,"name":"Ischnura elegans &#8211; Galerie 2"}]},{"@type":"WebSite","@id":"https:\/\/www.meslibellules.fr\/blog\/#website","url":"https:\/\/www.meslibellules.fr\/blog\/","name":"Mes Libellules","description":"Pr\u00e9sentation des libellules rencontr\u00e9es dans le monde","publisher":{"@id":"https:\/\/www.meslibellules.fr\/blog\/#\/schema\/person\/9aa3586f9dd053fcf329f43b8b053c77"},"potentialAction":[{"@type":"SearchAction","target":{"@type":"EntryPoint","urlTemplate":"https:\/\/www.meslibellules.fr\/blog\/?s={search_term_string}"},"query-input":{"@type":"PropertyValueSpecification","valueRequired":true,"valueName":"search_term_string"}}],"inLanguage":"fr-FR"},{"@type":["Person","Organization"],"@id":"https:\/\/www.meslibellules.fr\/blog\/#\/schema\/person\/9aa3586f9dd053fcf329f43b8b053c77","name":"Beno\u00eet Guillon","image":{"@type":"ImageObject","inLanguage":"fr-FR","@id":"https:\/\/www.meslibellules.fr\/blog\/wp-content\/uploads\/cropped-avatar-150-pix.jpg","url":"https:\/\/www.meslibellules.fr\/blog\/wp-content\/uploads\/cropped-avatar-150-pix.jpg","contentUrl":"https:\/\/www.meslibellules.fr\/blog\/wp-content\/uploads\/cropped-avatar-150-pix.jpg","width":150,"height":137,"caption":"Beno\u00eet Guillon"},"logo":{"@id":"https:\/\/www.meslibellules.fr\/blog\/wp-content\/uploads\/cropped-avatar-150-pix.jpg"},"sameAs":["https:\/\/www.facebook.com\/benoit.guillon.96\/"]}]}},"_links":{"self":[{"href":"https:\/\/www.meslibellules.fr\/blog\/wp-json\/wp\/v2\/posts\/2891","targetHints":{"allow":["GET"]}}],"collection":[{"href":"https:\/\/www.meslibellules.fr\/blog\/wp-json\/wp\/v2\/posts"}],"about":[{"href":"https:\/\/www.meslibellules.fr\/blog\/wp-json\/wp\/v2\/types\/post"}],"author":[{"embeddable":true,"href":"https:\/\/www.meslibellules.fr\/blog\/wp-json\/wp\/v2\/users\/1"}],"replies":[{"embeddable":true,"href":"https:\/\/www.meslibellules.fr\/blog\/wp-json\/wp\/v2\/comments?post=2891"}],"version-history":[{"count":0,"href":"https:\/\/www.meslibellules.fr\/blog\/wp-json\/wp\/v2\/posts\/2891\/revisions"}],"wp:attachment":[{"href":"https:\/\/www.meslibellules.fr\/blog\/wp-json\/wp\/v2\/media?parent=2891"}],"wp:term":[{"taxonomy":"category","embeddable":true,"href":"https:\/\/www.meslibellules.fr\/blog\/wp-json\/wp\/v2\/categories?post=2891"},{"taxonomy":"post_tag","embeddable":true,"href":"https:\/\/www.meslibellules.fr\/blog\/wp-json\/wp\/v2\/tags?post=2891"}],"curies":[{"name":"wp","href":"https:\/\/api.w.org\/{rel}","templated":true}]}}