{"id":29078,"date":"2026-04-26T08:54:31","date_gmt":"2026-04-26T06:54:31","guid":{"rendered":"https:\/\/www.meslibellules.fr\/blog\/?p=29078"},"modified":"2026-04-26T08:54:32","modified_gmt":"2026-04-26T06:54:32","slug":"ischnura-graellsii-femelle","status":"publish","type":"post","link":"https:\/\/www.meslibellules.fr\/blog\/2026\/04\/26\/ischnura-graellsii-femelle\/","title":{"rendered":"Ischnura graellsii femelle (Rambur, 1842)"},"content":{"rendered":"\n<figure class=\"wp-block-image aligncenter size-full is-resized\"><a href=\"https:\/\/www.meslibellules.fr\/blog\/wp-content\/uploads\/Ischnura-graellsii-femelle-androchrome-scaled.webp\"><img decoding=\"async\" width=\"2560\" height=\"1349\" data-src=\"https:\/\/www.meslibellules.fr\/blog\/wp-content\/uploads\/Ischnura-graellsii-femelle-androchrome-scaled.webp\" alt=\"Ischnura graellsii femelle androchrome, Portugal, Lisbonne, 14\/04\/2026\" class=\"wp-image-28986 lazyload\" style=\"--smush-placeholder-width: 2560px; --smush-placeholder-aspect-ratio: 2560\/1349;aspect-ratio:1.8977483788979765;width:691px;height:auto\" data-srcset=\"https:\/\/www.meslibellules.fr\/blog\/wp-content\/uploads\/Ischnura-graellsii-femelle-androchrome-scaled.webp 2560w, https:\/\/www.meslibellules.fr\/blog\/wp-content\/uploads\/Ischnura-graellsii-femelle-androchrome-768x405.webp 768w, https:\/\/www.meslibellules.fr\/blog\/wp-content\/uploads\/Ischnura-graellsii-femelle-androchrome-1536x809.webp 1536w, https:\/\/www.meslibellules.fr\/blog\/wp-content\/uploads\/Ischnura-graellsii-femelle-androchrome-2048x1079.webp 2048w\" data-sizes=\"(max-width: 2560px) 100vw, 2560px\" src=\"data:image\/svg+xml;base64,PHN2ZyB3aWR0aD0iMSIgaGVpZ2h0PSIxIiB4bWxucz0iaHR0cDovL3d3dy53My5vcmcvMjAwMC9zdmciPjwvc3ZnPg==\" \/><\/a><figcaption class=\"wp-element-caption\">Ischnura graellsii <strong>femelle<\/strong> <strong>androchrome<\/strong>,  Portugal, Lisbonne, 14\/04\/2026<\/figcaption><\/figure>\n\n\n\n<p>Ischnura graellsii femelle est aussi attrayante que sa cousine I. elegans par les diff\u00e9rentes colorations dont elle se pare, en fonction de son \u00e2ge et de la forme \u00e0 laquelle elle appartient. Elle diff\u00e8re le plus souvent des m\u00e2les par sa coloration et par au moins un d\u00e9tail du motif thoracique : ses bandes ant\u00e9hum\u00e9rales sont nettement plus larges que celles des m\u00e2les, semblables \u00e0 celles des femelles I. elegans.<br>Une fois matures, ces femelles peuvent \u00eatre : <br>&#8211; androchromes, soit de la m\u00eame couleur que les m\u00e2les, comme ci-dessus. On ne peut alors les distinguer des m\u00e2les que par la largeur de la bande ant\u00e9hum\u00e9rale et bien s\u00fbr, les appendices anaux et l&rsquo;absence de saillie des appendices g\u00e9nitaux secondaires sous le deuxi\u00e8me segment (S2). <br>&#8211; orange terne, brun-ocre, forme dite <em>aurantiaca<\/em> (une jeune femelle ci-dessous).<br>&#8211; vertes ou <em>ternes<\/em> (brown).<\/p>\n\n\n\n<figure class=\"wp-block-gallery aligncenter has-nested-images columns-default is-cropped wp-block-gallery-1 is-layout-flex wp-block-gallery-is-layout-flex\">\n<figure class=\"wp-block-image size-full\"><a href=\"https:\/\/www.meslibellules.fr\/blog\/wp-content\/uploads\/Ischnura-graellsii-femelle-orange-1-scaled.webp\"><img decoding=\"async\" width=\"2560\" height=\"1474\" data-id=\"28987\" data-src=\"https:\/\/www.meslibellules.fr\/blog\/wp-content\/uploads\/Ischnura-graellsii-femelle-orange-1-scaled.webp\" alt=\"Ischnura graellsii femelle aurantiaca, Portugal, Lisbonne, 14\/04\/2026\" class=\"wp-image-28987 lazyload\" data-srcset=\"https:\/\/www.meslibellules.fr\/blog\/wp-content\/uploads\/Ischnura-graellsii-femelle-orange-1-scaled.webp 2560w, https:\/\/www.meslibellules.fr\/blog\/wp-content\/uploads\/Ischnura-graellsii-femelle-orange-1-768x442.webp 768w, https:\/\/www.meslibellules.fr\/blog\/wp-content\/uploads\/Ischnura-graellsii-femelle-orange-1-1536x884.webp 1536w, https:\/\/www.meslibellules.fr\/blog\/wp-content\/uploads\/Ischnura-graellsii-femelle-orange-1-2048x1179.webp 2048w\" data-sizes=\"(max-width: 2560px) 100vw, 2560px\" src=\"data:image\/svg+xml;base64,PHN2ZyB3aWR0aD0iMSIgaGVpZ2h0PSIxIiB4bWxucz0iaHR0cDovL3d3dy53My5vcmcvMjAwMC9zdmciPjwvc3ZnPg==\" style=\"--smush-placeholder-width: 2560px; --smush-placeholder-aspect-ratio: 2560\/1474;\" \/><\/a><\/figure>\n\n\n\n<figure class=\"wp-block-image size-full\"><a href=\"https:\/\/www.meslibellules.fr\/blog\/wp-content\/uploads\/Ischnura-graellsii-femelle-verte-U1-scaled.webp\"><img decoding=\"async\" width=\"2560\" height=\"1326\" data-id=\"29085\" data-src=\"https:\/\/www.meslibellules.fr\/blog\/wp-content\/uploads\/Ischnura-graellsii-femelle-verte-U1-scaled.webp\" alt=\"Ischnura graellsii femelle verte, Portugal, Lisbonne, 14\/04\/2026\" class=\"wp-image-29085 lazyload\" data-srcset=\"https:\/\/www.meslibellules.fr\/blog\/wp-content\/uploads\/Ischnura-graellsii-femelle-verte-U1-scaled.webp 2560w, https:\/\/www.meslibellules.fr\/blog\/wp-content\/uploads\/Ischnura-graellsii-femelle-verte-U1-768x398.webp 768w, https:\/\/www.meslibellules.fr\/blog\/wp-content\/uploads\/Ischnura-graellsii-femelle-verte-U1-1536x796.webp 1536w, https:\/\/www.meslibellules.fr\/blog\/wp-content\/uploads\/Ischnura-graellsii-femelle-verte-U1-2048x1061.webp 2048w\" data-sizes=\"(max-width: 2560px) 100vw, 2560px\" src=\"data:image\/svg+xml;base64,PHN2ZyB3aWR0aD0iMSIgaGVpZ2h0PSIxIiB4bWxucz0iaHR0cDovL3d3dy53My5vcmcvMjAwMC9zdmciPjwvc3ZnPg==\" style=\"--smush-placeholder-width: 2560px; --smush-placeholder-aspect-ratio: 2560\/1326;\" \/><\/a><\/figure>\n<figcaption class=\"blocks-gallery-caption wp-element-caption\">Ischnura graellsii : jeune femelle aurantiaca \u00e0 G &#8211;  femelle verte\/brune \u00e0 F &#8211;  Portugal, Lisbonne, 14\/04\/2026<\/figcaption><\/figure>\n\n\n\n<div style=\"height:28px\" aria-hidden=\"true\" class=\"wp-block-spacer\"><\/div>\n\n\n\n<div class=\"wp-block-media-text is-stacked-on-mobile\" style=\"grid-template-columns:41% auto\"><figure class=\"wp-block-media-text__media\"><a href=\"https:\/\/www.meslibellules.fr\/blog\/wp-content\/uploads\/Ischnura-graellsii-femelles-Cordero-Rivera-1990.webp\"><img decoding=\"async\" width=\"768\" height=\"754\" data-src=\"https:\/\/www.meslibellules.fr\/blog\/wp-content\/uploads\/Ischnura-graellsii-femelles-Cordero-Rivera-1990.webp\" alt=\"\" class=\"wp-image-29086 size-full lazyload\" src=\"data:image\/svg+xml;base64,PHN2ZyB3aWR0aD0iMSIgaGVpZ2h0PSIxIiB4bWxucz0iaHR0cDovL3d3dy53My5vcmcvMjAwMC9zdmciPjwvc3ZnPg==\" style=\"--smush-placeholder-width: 768px; --smush-placeholder-aspect-ratio: 768\/754;\" \/><\/a><\/figure><div class=\"wp-block-media-text__content\">\n<p>Ces 3 types de femelles matures sont issus, selon Cordero-Rivera (1990), de 3 formes de femelles immatures comme le montre son graphique ci-contre :<br>\u2013 Certaines blanch\u00e2tres deviennent bleues (androchromes).<br>\u2013 D&rsquo;autres <em>violet-clair<\/em> passant par le vert-olive deviennent brunes.<br>\u2013 Les derni\u00e8res passent du orange-clair au brun-ocre.<br><br>L&rsquo;ontog\u00e9nie de l&rsquo;<em>Ischnure magrhib\u00e9rique<\/em> semble donc diff\u00e9rente de celle des femelles de l&rsquo;I. \u00e9l\u00e9gante dont <a href=\"https:\/\/www.meslibellules.fr\/blog\/wp-content\/uploads\/ontogenie-fem-ischneleg-1.jpg\">je montre ici l&rsquo;\u00e9volution<\/a> et pour lesquelles on n&rsquo;aurait que deux formes de femelles immatures.<br>Il est int\u00e9ressant de noter que pour toutes, la couleur finale est atteinte en 9 \u00e0 10 jours.<\/p>\n<\/div><\/div>\n\n\n\n<div style=\"height:30px\" aria-hidden=\"true\" class=\"wp-block-spacer\"><\/div>\n\n\n\n<p>L\u00e0 o\u00f9 j&rsquo;ai rencontr\u00e9 ces femelles, il n&rsquo;y a pas de risque de les confondre avec celles d&rsquo;Ischnura elegans qui sont tr\u00e8s rarement contact\u00e9es, loin \u00e0 l&rsquo;est, \u00e0 la fronti\u00e8re espagnole. Quand les deux esp\u00e8ces sont susceptibles d&rsquo;\u00eatre pr\u00e9sentes, s\u00e9parer les esp\u00e8ces n&rsquo;est possible qu&rsquo;en examinant le pronotum. Cette comparaison des pronotums, ci-dessous, est issue des dessins que l&rsquo;on trouve dans <em>le<\/em> Dijkstra et al. (2020).<br>Attention, sur une vue de profil, le bord post\u00e9rieur est <em>l\u00e9g\u00e8rement<\/em> relev\u00e9, pas autant que celui de I. elegans, mais cela ne simplifie pas\u2026 Voir, en particulier, le pronotum de la femelle verte\/terne ci-dessus.<\/p>\n\n\n\n<div class=\"wp-block-media-text is-stacked-on-mobile\"><figure class=\"wp-block-media-text__media\"><a href=\"https:\/\/www.meslibellules.fr\/blog\/wp-content\/uploads\/Pronotum-femelles-elegans-vs-graellsii.webp\"><img decoding=\"async\" width=\"914\" height=\"400\" data-src=\"https:\/\/www.meslibellules.fr\/blog\/wp-content\/uploads\/Pronotum-femelles-elegans-vs-graellsii.webp\" alt=\"Pronotum des femelles elegans vs graellsii, d'apr\u00e8s Dijkstra et al. (2020)\" class=\"wp-image-29091 size-full lazyload\" data-srcset=\"https:\/\/www.meslibellules.fr\/blog\/wp-content\/uploads\/Pronotum-femelles-elegans-vs-graellsii.webp 914w, https:\/\/www.meslibellules.fr\/blog\/wp-content\/uploads\/Pronotum-femelles-elegans-vs-graellsii-768x336.webp 768w\" data-sizes=\"(max-width: 914px) 100vw, 914px\" src=\"data:image\/svg+xml;base64,PHN2ZyB3aWR0aD0iMSIgaGVpZ2h0PSIxIiB4bWxucz0iaHR0cDovL3d3dy53My5vcmcvMjAwMC9zdmciPjwvc3ZnPg==\" style=\"--smush-placeholder-width: 914px; --smush-placeholder-aspect-ratio: 914\/400;\" \/><\/a><\/figure><div class=\"wp-block-media-text__content\">\n<figure class=\"wp-block-image size-full\"><a href=\"https:\/\/www.meslibellules.fr\/blog\/wp-content\/uploads\/Ischnura-graellsii-femelle-orange-2.webp\"><img decoding=\"async\" width=\"1943\" height=\"1504\" data-src=\"https:\/\/www.meslibellules.fr\/blog\/wp-content\/uploads\/Ischnura-graellsii-femelle-orange-2.webp\" alt=\"Ischnura graellsii femelle aurantiaca, Portugal, Lisbonne, 14\/04\/2026\" class=\"wp-image-28988 lazyload\" data-srcset=\"https:\/\/www.meslibellules.fr\/blog\/wp-content\/uploads\/Ischnura-graellsii-femelle-orange-2.webp 1943w, https:\/\/www.meslibellules.fr\/blog\/wp-content\/uploads\/Ischnura-graellsii-femelle-orange-2-768x594.webp 768w, https:\/\/www.meslibellules.fr\/blog\/wp-content\/uploads\/Ischnura-graellsii-femelle-orange-2-1536x1189.webp 1536w\" data-sizes=\"(max-width: 1943px) 100vw, 1943px\" src=\"data:image\/svg+xml;base64,PHN2ZyB3aWR0aD0iMSIgaGVpZ2h0PSIxIiB4bWxucz0iaHR0cDovL3d3dy53My5vcmcvMjAwMC9zdmciPjwvc3ZnPg==\" style=\"--smush-placeholder-width: 1943px; --smush-placeholder-aspect-ratio: 1943\/1504;\" \/><\/a><figcaption class=\"wp-element-caption\">Ischnura graellsii femelle aurantiaca,  Portugal, Lisbonne, 14\/04\/2026<\/figcaption><\/figure>\n<\/div><\/div>\n\n\n\n<p>J&rsquo;ai surtout rencontr\u00e9 des femelles roses, qui semblaient jeunes, et \u00e9volueraient sans doute vers la forme que Cordero-Rivera qualifie d&rsquo;infuscans. Elles avaient toutes un S8 partiellement noir ; sauf la derni\u00e8re, en bas \u00e0 droite de cette petite galerie, plut\u00f4t \u00ab\u00a0blanche\u00a0\u00bb (whitish) qui deviendra sans doute androchrome.C&rsquo;es<\/p>\n\n\n\n<figure class=\"wp-block-gallery has-nested-images columns-2 is-cropped wp-block-gallery-2 is-layout-flex wp-block-gallery-is-layout-flex\">\n<figure class=\"wp-block-image size-large\"><a href=\"https:\/\/www.meslibellules.fr\/blog\/wp-content\/uploads\/Ischnura-graellsii-femelle-rose-U4-scaled.webp\"><img decoding=\"async\" width=\"2560\" height=\"1385\" data-id=\"29082\" data-src=\"https:\/\/www.meslibellules.fr\/blog\/wp-content\/uploads\/Ischnura-graellsii-femelle-rose-U4-scaled.webp\" alt=\"Ischnura graellsii femelle rose, Portugal, Lisbonne, 14\/04\/2026\" class=\"wp-image-29082 lazyload\" data-srcset=\"https:\/\/www.meslibellules.fr\/blog\/wp-content\/uploads\/Ischnura-graellsii-femelle-rose-U4-scaled.webp 2560w, https:\/\/www.meslibellules.fr\/blog\/wp-content\/uploads\/Ischnura-graellsii-femelle-rose-U4-768x415.webp 768w, https:\/\/www.meslibellules.fr\/blog\/wp-content\/uploads\/Ischnura-graellsii-femelle-rose-U4-1536x831.webp 1536w, https:\/\/www.meslibellules.fr\/blog\/wp-content\/uploads\/Ischnura-graellsii-femelle-rose-U4-2048x1108.webp 2048w\" data-sizes=\"(max-width: 2560px) 100vw, 2560px\" src=\"data:image\/svg+xml;base64,PHN2ZyB3aWR0aD0iMSIgaGVpZ2h0PSIxIiB4bWxucz0iaHR0cDovL3d3dy53My5vcmcvMjAwMC9zdmciPjwvc3ZnPg==\" style=\"--smush-placeholder-width: 2560px; --smush-placeholder-aspect-ratio: 2560\/1385;\" \/><\/a><figcaption class=\"wp-element-caption\">I<\/figcaption><\/figure>\n\n\n\n<figure class=\"wp-block-image size-large\"><img decoding=\"async\" width=\"2560\" height=\"1485\" data-id=\"29081\" data-src=\"https:\/\/www.meslibellules.fr\/blog\/wp-content\/uploads\/Ischnura-graellsii-femelle-rose-U3-scaled.webp\" alt=\"Ischnura graellsii femelle rose, Portugal, Lisbonne, 14\/04\/2026\" class=\"wp-image-29081 lazyload\" data-srcset=\"https:\/\/www.meslibellules.fr\/blog\/wp-content\/uploads\/Ischnura-graellsii-femelle-rose-U3-scaled.webp 2560w, https:\/\/www.meslibellules.fr\/blog\/wp-content\/uploads\/Ischnura-graellsii-femelle-rose-U3-768x445.webp 768w, https:\/\/www.meslibellules.fr\/blog\/wp-content\/uploads\/Ischnura-graellsii-femelle-rose-U3-1536x891.webp 1536w, https:\/\/www.meslibellules.fr\/blog\/wp-content\/uploads\/Ischnura-graellsii-femelle-rose-U3-2048x1188.webp 2048w\" data-sizes=\"(max-width: 2560px) 100vw, 2560px\" src=\"data:image\/svg+xml;base64,PHN2ZyB3aWR0aD0iMSIgaGVpZ2h0PSIxIiB4bWxucz0iaHR0cDovL3d3dy53My5vcmcvMjAwMC9zdmciPjwvc3ZnPg==\" style=\"--smush-placeholder-width: 2560px; --smush-placeholder-aspect-ratio: 2560\/1485;\" \/><\/figure>\n\n\n\n<figure class=\"wp-block-image size-large\"><img decoding=\"async\" width=\"2407\" height=\"1504\" data-id=\"29080\" data-src=\"https:\/\/www.meslibellules.fr\/blog\/wp-content\/uploads\/Ischnura-graellsii-femelle-rose-U2.webp\" alt=\"Ischnure marghrib\u00e9rique femelle rose, Portugal, Lisbonne, 14\/04\/2026\" class=\"wp-image-29080 lazyload\" data-srcset=\"https:\/\/www.meslibellules.fr\/blog\/wp-content\/uploads\/Ischnura-graellsii-femelle-rose-U2.webp 2407w, https:\/\/www.meslibellules.fr\/blog\/wp-content\/uploads\/Ischnura-graellsii-femelle-rose-U2-768x480.webp 768w, https:\/\/www.meslibellules.fr\/blog\/wp-content\/uploads\/Ischnura-graellsii-femelle-rose-U2-1536x960.webp 1536w, https:\/\/www.meslibellules.fr\/blog\/wp-content\/uploads\/Ischnura-graellsii-femelle-rose-U2-2048x1280.webp 2048w\" data-sizes=\"(max-width: 2407px) 100vw, 2407px\" src=\"data:image\/svg+xml;base64,PHN2ZyB3aWR0aD0iMSIgaGVpZ2h0PSIxIiB4bWxucz0iaHR0cDovL3d3dy53My5vcmcvMjAwMC9zdmciPjwvc3ZnPg==\" style=\"--smush-placeholder-width: 2407px; --smush-placeholder-aspect-ratio: 2407\/1504;\" \/><\/figure>\n\n\n\n<figure class=\"wp-block-image size-large\"><img decoding=\"async\" width=\"2158\" height=\"1204\" data-id=\"29084\" data-src=\"https:\/\/www.meslibellules.fr\/blog\/wp-content\/uploads\/Ischnura-graellsii-femelle-rose-U6.webp\" alt=\"Ischnura graellsii femelle rose, Portugal, Lisbonne, 14\/04\/2026\" class=\"wp-image-29084 lazyload\" data-srcset=\"https:\/\/www.meslibellules.fr\/blog\/wp-content\/uploads\/Ischnura-graellsii-femelle-rose-U6.webp 2158w, https:\/\/www.meslibellules.fr\/blog\/wp-content\/uploads\/Ischnura-graellsii-femelle-rose-U6-768x428.webp 768w, https:\/\/www.meslibellules.fr\/blog\/wp-content\/uploads\/Ischnura-graellsii-femelle-rose-U6-1536x857.webp 1536w, https:\/\/www.meslibellules.fr\/blog\/wp-content\/uploads\/Ischnura-graellsii-femelle-rose-U6-2048x1143.webp 2048w\" data-sizes=\"(max-width: 2158px) 100vw, 2158px\" src=\"data:image\/svg+xml;base64,PHN2ZyB3aWR0aD0iMSIgaGVpZ2h0PSIxIiB4bWxucz0iaHR0cDovL3d3dy53My5vcmcvMjAwMC9zdmciPjwvc3ZnPg==\" style=\"--smush-placeholder-width: 2158px; --smush-placeholder-aspect-ratio: 2158\/1204;\" \/><\/figure>\n<\/figure>\n\n\n\n<p>C&rsquo;est toujours un plaisir de rencontrer ces femelles, surtout quand elles sont en nombre et offrent un spectre de couleurs \u00e9tonnant.<\/p>\n\n\n\n<figure class=\"wp-block-gallery aligncenter has-nested-images columns-default is-cropped wp-block-gallery-3 is-layout-flex wp-block-gallery-is-layout-flex\">\n<figure class=\"wp-block-image size-full\" style=\"margin-top:var(--wp--preset--spacing--50);margin-right:0;margin-bottom:var(--wp--preset--spacing--50);margin-left:0\"><a href=\"https:\/\/www.meslibellules.fr\/blog\/wp-content\/uploads\/Ischnura-graellsii-femelle-orange-U3-scaled.webp\"><img decoding=\"async\" width=\"2560\" height=\"1241\" data-id=\"29079\" data-src=\"https:\/\/www.meslibellules.fr\/blog\/wp-content\/uploads\/Ischnura-graellsii-femelle-orange-U3-scaled.webp\" alt=\"Ischnura graellsii femelle aurantiaca, Portugal, Lisbonne, 14\/04\/2026\" class=\"wp-image-29079 lazyload\" data-srcset=\"https:\/\/www.meslibellules.fr\/blog\/wp-content\/uploads\/Ischnura-graellsii-femelle-orange-U3-scaled.webp 2560w, https:\/\/www.meslibellules.fr\/blog\/wp-content\/uploads\/Ischnura-graellsii-femelle-orange-U3-768x372.webp 768w, https:\/\/www.meslibellules.fr\/blog\/wp-content\/uploads\/Ischnura-graellsii-femelle-orange-U3-1536x744.webp 1536w, https:\/\/www.meslibellules.fr\/blog\/wp-content\/uploads\/Ischnura-graellsii-femelle-orange-U3-2048x993.webp 2048w\" data-sizes=\"(max-width: 2560px) 100vw, 2560px\" src=\"data:image\/svg+xml;base64,PHN2ZyB3aWR0aD0iMSIgaGVpZ2h0PSIxIiB4bWxucz0iaHR0cDovL3d3dy53My5vcmcvMjAwMC9zdmciPjwvc3ZnPg==\" style=\"--smush-placeholder-width: 2560px; --smush-placeholder-aspect-ratio: 2560\/1241;\" \/><\/a><\/figure>\n\n\n\n<figure class=\"wp-block-image size-full\"><a href=\"https:\/\/www.meslibellules.fr\/blog\/wp-content\/uploads\/Ischnura-graellsii-femelle-orange-1-scaled.webp\"><img decoding=\"async\" width=\"2560\" height=\"1474\" data-id=\"28987\" data-src=\"https:\/\/www.meslibellules.fr\/blog\/wp-content\/uploads\/Ischnura-graellsii-femelle-orange-1-scaled.webp\" alt=\"Ischnure marghrib\u00e9rique femelle aurantiaca, Portugal, Lisbonne, 14\/04\/2026\" class=\"wp-image-28987 lazyload\" data-srcset=\"https:\/\/www.meslibellules.fr\/blog\/wp-content\/uploads\/Ischnura-graellsii-femelle-orange-1-scaled.webp 2560w, https:\/\/www.meslibellules.fr\/blog\/wp-content\/uploads\/Ischnura-graellsii-femelle-orange-1-768x442.webp 768w, https:\/\/www.meslibellules.fr\/blog\/wp-content\/uploads\/Ischnura-graellsii-femelle-orange-1-1536x884.webp 1536w, https:\/\/www.meslibellules.fr\/blog\/wp-content\/uploads\/Ischnura-graellsii-femelle-orange-1-2048x1179.webp 2048w\" data-sizes=\"(max-width: 2560px) 100vw, 2560px\" src=\"data:image\/svg+xml;base64,PHN2ZyB3aWR0aD0iMSIgaGVpZ2h0PSIxIiB4bWxucz0iaHR0cDovL3d3dy53My5vcmcvMjAwMC9zdmciPjwvc3ZnPg==\" style=\"--smush-placeholder-width: 2560px; --smush-placeholder-aspect-ratio: 2560\/1474;\" \/><\/a><\/figure>\n<figcaption class=\"blocks-gallery-caption wp-element-caption\">Ischnura graellsii femelle aurantiaca, Portugal, Lisbonne, 14\/04\/2026<\/figcaption><\/figure>\n\n\n\n<div style=\"height:29px\" aria-hidden=\"true\" class=\"wp-block-spacer\"><\/div>\n\n\n\n<p style=\"font-size:13px\"><strong>Cordero-Rivera A., 1990<\/strong> &#8211; <a href=\"https:\/\/www.researchgate.net\/publication\/247650777_The_inheritance_of_female_polymorphism_in_the_damselfly_Ischnura_graellsii_Rambur_Odonata_Coenagrionidae\">The inheritance of female polymorphism in the damselfly Ischnura graellsii (Rambur) (Odonata: Coenagrionidae)<\/a> &#8211; &nbsp;Heredity 64(3):341-346.<br><strong>Dijkstra, K.-D.B., A. Schr\u00f6ter &amp; R. Lewington. 2020<\/strong>&nbsp;\u2013&nbsp;<em>Field Guide to the Dragonflies of Britain and Europe. Second edition<\/em>. Bloomsbury Publishing, London.<\/p>\n\n\n\n<div style=\"height:32px\" aria-hidden=\"true\" class=\"wp-block-spacer\"><\/div>\n\n\n\n<div class=\"wp-block-buttons is-vertical is-layout-flex wp-container-core-buttons-is-layout-fe9cc265 wp-block-buttons-is-layout-flex\">\n<div class=\"wp-block-button\"><a class=\"wp-block-button__link wp-element-button\" href=\"https:\/\/www.meslibellules.fr\/blog\/ischnura-graellsii\/\">Accueil Ischnura graellsii<\/a><\/div>\n\n\n\n<div class=\"wp-block-button\"><a class=\"wp-block-button__link wp-element-button\" href=\"https:\/\/www.meslibellules.fr\/blog\/libellules-de-france-odonates-de-france\/\">Accueil odonates de France<\/a><\/div>\n\n\n\n<div class=\"wp-block-button\"><a class=\"wp-block-button__link wp-element-button\" href=\"https:\/\/www.meslibellules.fr\/blog\/\">Accueil<\/a><\/div>\n<\/div>\n","protected":false},"excerpt":{"rendered":"<p>Ischnura graellsii femelle est aussi attrayante que sa cousine I. elegans par les diff\u00e9rentes colorations dont elle se pare, en fonction de son \u00e2ge et de la forme \u00e0 laquelle elle appartient. Elle diff\u00e8re le plus souvent des m\u00e2les par sa coloration et par au moins un d\u00e9tail du motif thoracique : ses bandes ant\u00e9hum\u00e9rales [&hellip;]<\/p>\n","protected":false},"author":1,"featured_media":0,"comment_status":"open","ping_status":"open","sticky":false,"template":"","format":"image","meta":{"site-sidebar-layout":"default","site-content-layout":"","ast-site-content-layout":"default","site-content-style":"default","site-sidebar-style":"default","ast-global-header-display":"","ast-banner-title-visibility":"","ast-main-header-display":"","ast-hfb-above-header-display":"","ast-hfb-below-header-display":"","ast-hfb-mobile-header-display":"","site-post-title":"","ast-breadcrumbs-content":"","ast-featured-img":"","footer-sml-layout":"","ast-disable-related-posts":"","theme-transparent-header-meta":"","adv-header-id-meta":"","stick-header-meta":"","header-above-stick-meta":"","header-main-stick-meta":"","header-below-stick-meta":"","astra-migrate-meta-layouts":"set","ast-page-background-enabled":"default","ast-page-background-meta":{"desktop":{"background-color":"var(--ast-global-color-4)","background-image":"","background-repeat":"repeat","background-position":"center center","background-size":"auto","background-attachment":"scroll","background-type":"","background-media":"","overlay-type":"","overlay-color":"","overlay-opacity":"","overlay-gradient":""},"tablet":{"background-color":"","background-image":"","background-repeat":"repeat","background-position":"center center","background-size":"auto","background-attachment":"scroll","background-type":"","background-media":"","overlay-type":"","overlay-color":"","overlay-opacity":"","overlay-gradient":""},"mobile":{"background-color":"","background-image":"","background-repeat":"repeat","background-position":"center center","background-size":"auto","background-attachment":"scroll","background-type":"","background-media":"","overlay-type":"","overlay-color":"","overlay-opacity":"","overlay-gradient":""}},"ast-content-background-meta":{"desktop":{"background-color":"var(--ast-global-color-5)","background-image":"","background-repeat":"repeat","background-position":"center center","background-size":"auto","background-attachment":"scroll","background-type":"","background-media":"","overlay-type":"","overlay-color":"","overlay-opacity":"","overlay-gradient":""},"tablet":{"background-color":"var(--ast-global-color-5)","background-image":"","background-repeat":"repeat","background-position":"center center","background-size":"auto","background-attachment":"scroll","background-type":"","background-media":"","overlay-type":"","overlay-color":"","overlay-opacity":"","overlay-gradient":""},"mobile":{"background-color":"var(--ast-global-color-5)","background-image":"","background-repeat":"repeat","background-position":"center center","background-size":"auto","background-attachment":"scroll","background-type":"","background-media":"","overlay-type":"","overlay-color":"","overlay-opacity":"","overlay-gradient":""}},"footnotes":""},"categories":[1290],"tags":[],"class_list":["post-29078","post","type-post","status-publish","format-image","hentry","category-non-classe-fr","post_format-post-format-image"],"yoast_head":"<!-- This site is optimized with the Yoast SEO plugin v27.4 - https:\/\/yoast.com\/product\/yoast-seo-wordpress\/ -->\n<title>Ischnura graellsii femelle - Mes Libellules<\/title>\n<meta name=\"description\" content=\"Ischnura graellsii femelle au Portugal, identification, ontog\u00e9nie et diff\u00e9rentes formes, crit\u00e8res du pronotum et de la bande ant\u00e9hum\u00e9rale\" \/>\n<meta name=\"robots\" content=\"index, follow, max-snippet:-1, max-image-preview:large, max-video-preview:-1\" \/>\n<link rel=\"canonical\" href=\"https:\/\/www.meslibellules.fr\/blog\/2026\/04\/26\/ischnura-graellsii-femelle\/\" \/>\n<meta property=\"og:locale\" content=\"fr_FR\" \/>\n<meta property=\"og:type\" content=\"article\" \/>\n<meta property=\"og:title\" content=\"Ischnura graellsii femelle - Mes Libellules\" \/>\n<meta property=\"og:description\" content=\"Ischnura graellsii femelle au Portugal, identification, ontog\u00e9nie et diff\u00e9rentes formes, crit\u00e8res du pronotum et de la bande ant\u00e9hum\u00e9rale\" \/>\n<meta property=\"og:url\" content=\"https:\/\/www.meslibellules.fr\/blog\/2026\/04\/26\/ischnura-graellsii-femelle\/\" \/>\n<meta property=\"og:site_name\" content=\"Mes Libellules\" \/>\n<meta property=\"article:publisher\" content=\"https:\/\/www.facebook.com\/benoit.guillon.96\/\" \/>\n<meta property=\"article:author\" content=\"https:\/\/www.facebook.com\/benoit.guillon.96\/\" \/>\n<meta property=\"article:published_time\" content=\"2026-04-26T06:54:31+00:00\" \/>\n<meta property=\"article:modified_time\" content=\"2026-04-26T06:54:32+00:00\" \/>\n<meta property=\"og:image\" content=\"https:\/\/www.meslibellules.fr\/blog\/wp-content\/uploads\/Ischnura-graellsii-femelle-androchrome-scaled.webp\" \/>\n\t<meta property=\"og:image:width\" content=\"2560\" \/>\n\t<meta property=\"og:image:height\" content=\"1349\" \/>\n\t<meta property=\"og:image:type\" content=\"image\/webp\" \/>\n<meta name=\"author\" content=\"Beno\u00eet Guillon\" \/>\n<meta name=\"twitter:card\" content=\"summary_large_image\" \/>\n<meta name=\"twitter:label1\" content=\"\u00c9crit par\" \/>\n\t<meta name=\"twitter:data1\" content=\"Beno\u00eet Guillon\" \/>\n\t<meta name=\"twitter:label2\" content=\"Dur\u00e9e de lecture estim\u00e9e\" \/>\n\t<meta name=\"twitter:data2\" content=\"5 minutes\" \/>\n<script type=\"application\/ld+json\" class=\"yoast-schema-graph\">{\"@context\":\"https:\\\/\\\/schema.org\",\"@graph\":[{\"@type\":\"Article\",\"@id\":\"https:\\\/\\\/www.meslibellules.fr\\\/blog\\\/2026\\\/04\\\/26\\\/ischnura-graellsii-femelle\\\/#article\",\"isPartOf\":{\"@id\":\"https:\\\/\\\/www.meslibellules.fr\\\/blog\\\/2026\\\/04\\\/26\\\/ischnura-graellsii-femelle\\\/\"},\"author\":{\"name\":\"Beno\u00eet Guillon\",\"@id\":\"https:\\\/\\\/www.meslibellules.fr\\\/blog\\\/#\\\/schema\\\/person\\\/9aa3586f9dd053fcf329f43b8b053c77\"},\"headline\":\"Ischnura graellsii femelle (Rambur, 1842)\",\"datePublished\":\"2026-04-26T06:54:31+00:00\",\"dateModified\":\"2026-04-26T06:54:32+00:00\",\"mainEntityOfPage\":{\"@id\":\"https:\\\/\\\/www.meslibellules.fr\\\/blog\\\/2026\\\/04\\\/26\\\/ischnura-graellsii-femelle\\\/\"},\"wordCount\":531,\"commentCount\":0,\"publisher\":{\"@id\":\"https:\\\/\\\/www.meslibellules.fr\\\/blog\\\/#\\\/schema\\\/person\\\/9aa3586f9dd053fcf329f43b8b053c77\"},\"image\":{\"@id\":\"https:\\\/\\\/www.meslibellules.fr\\\/blog\\\/2026\\\/04\\\/26\\\/ischnura-graellsii-femelle\\\/#primaryimage\"},\"thumbnailUrl\":\"https:\\\/\\\/www.meslibellules.fr\\\/blog\\\/wp-content\\\/uploads\\\/Ischnura-graellsii-femelle-androchrome-scaled.webp\",\"inLanguage\":\"fr-FR\",\"potentialAction\":[{\"@type\":\"CommentAction\",\"name\":\"Comment\",\"target\":[\"https:\\\/\\\/www.meslibellules.fr\\\/blog\\\/2026\\\/04\\\/26\\\/ischnura-graellsii-femelle\\\/#respond\"]}]},{\"@type\":\"WebPage\",\"@id\":\"https:\\\/\\\/www.meslibellules.fr\\\/blog\\\/2026\\\/04\\\/26\\\/ischnura-graellsii-femelle\\\/\",\"url\":\"https:\\\/\\\/www.meslibellules.fr\\\/blog\\\/2026\\\/04\\\/26\\\/ischnura-graellsii-femelle\\\/\",\"name\":\"Ischnura graellsii femelle - Mes Libellules\",\"isPartOf\":{\"@id\":\"https:\\\/\\\/www.meslibellules.fr\\\/blog\\\/#website\"},\"primaryImageOfPage\":{\"@id\":\"https:\\\/\\\/www.meslibellules.fr\\\/blog\\\/2026\\\/04\\\/26\\\/ischnura-graellsii-femelle\\\/#primaryimage\"},\"image\":{\"@id\":\"https:\\\/\\\/www.meslibellules.fr\\\/blog\\\/2026\\\/04\\\/26\\\/ischnura-graellsii-femelle\\\/#primaryimage\"},\"thumbnailUrl\":\"https:\\\/\\\/www.meslibellules.fr\\\/blog\\\/wp-content\\\/uploads\\\/Ischnura-graellsii-femelle-androchrome-scaled.webp\",\"datePublished\":\"2026-04-26T06:54:31+00:00\",\"dateModified\":\"2026-04-26T06:54:32+00:00\",\"description\":\"Ischnura graellsii femelle au Portugal, identification, ontog\u00e9nie et diff\u00e9rentes formes, crit\u00e8res du pronotum et de la bande ant\u00e9hum\u00e9rale\",\"breadcrumb\":{\"@id\":\"https:\\\/\\\/www.meslibellules.fr\\\/blog\\\/2026\\\/04\\\/26\\\/ischnura-graellsii-femelle\\\/#breadcrumb\"},\"inLanguage\":\"fr-FR\",\"potentialAction\":[{\"@type\":\"ReadAction\",\"target\":[\"https:\\\/\\\/www.meslibellules.fr\\\/blog\\\/2026\\\/04\\\/26\\\/ischnura-graellsii-femelle\\\/\"]}]},{\"@type\":\"ImageObject\",\"inLanguage\":\"fr-FR\",\"@id\":\"https:\\\/\\\/www.meslibellules.fr\\\/blog\\\/2026\\\/04\\\/26\\\/ischnura-graellsii-femelle\\\/#primaryimage\",\"url\":\"https:\\\/\\\/www.meslibellules.fr\\\/blog\\\/wp-content\\\/uploads\\\/Ischnura-graellsii-femelle-androchrome-scaled.webp\",\"contentUrl\":\"https:\\\/\\\/www.meslibellules.fr\\\/blog\\\/wp-content\\\/uploads\\\/Ischnura-graellsii-femelle-androchrome-scaled.webp\",\"width\":2560,\"height\":1349,\"caption\":\"Ischnura graellsii femelle androchrome, Portugal, Lisbonne, 14\\\/04\\\/2026\"},{\"@type\":\"BreadcrumbList\",\"@id\":\"https:\\\/\\\/www.meslibellules.fr\\\/blog\\\/2026\\\/04\\\/26\\\/ischnura-graellsii-femelle\\\/#breadcrumb\",\"itemListElement\":[{\"@type\":\"ListItem\",\"position\":1,\"name\":\"Accueil\",\"item\":\"https:\\\/\\\/www.meslibellules.fr\\\/blog\\\/\"},{\"@type\":\"ListItem\",\"position\":2,\"name\":\"Ischnura graellsii femelle (Rambur, 1842)\"}]},{\"@type\":\"WebSite\",\"@id\":\"https:\\\/\\\/www.meslibellules.fr\\\/blog\\\/#website\",\"url\":\"https:\\\/\\\/www.meslibellules.fr\\\/blog\\\/\",\"name\":\"Mes Libellules\",\"description\":\"Pr\u00e9sentation des libellules rencontr\u00e9es dans le monde\",\"publisher\":{\"@id\":\"https:\\\/\\\/www.meslibellules.fr\\\/blog\\\/#\\\/schema\\\/person\\\/9aa3586f9dd053fcf329f43b8b053c77\"},\"potentialAction\":[{\"@type\":\"SearchAction\",\"target\":{\"@type\":\"EntryPoint\",\"urlTemplate\":\"https:\\\/\\\/www.meslibellules.fr\\\/blog\\\/?s={search_term_string}\"},\"query-input\":{\"@type\":\"PropertyValueSpecification\",\"valueRequired\":true,\"valueName\":\"search_term_string\"}}],\"inLanguage\":\"fr-FR\"},{\"@type\":[\"Person\",\"Organization\"],\"@id\":\"https:\\\/\\\/www.meslibellules.fr\\\/blog\\\/#\\\/schema\\\/person\\\/9aa3586f9dd053fcf329f43b8b053c77\",\"name\":\"Beno\u00eet Guillon\",\"image\":{\"@type\":\"ImageObject\",\"inLanguage\":\"fr-FR\",\"@id\":\"https:\\\/\\\/www.meslibellules.fr\\\/blog\\\/wp-content\\\/uploads\\\/cropped-avatar-150-pix.jpg\",\"url\":\"https:\\\/\\\/www.meslibellules.fr\\\/blog\\\/wp-content\\\/uploads\\\/cropped-avatar-150-pix.jpg\",\"contentUrl\":\"https:\\\/\\\/www.meslibellules.fr\\\/blog\\\/wp-content\\\/uploads\\\/cropped-avatar-150-pix.jpg\",\"width\":150,\"height\":137,\"caption\":\"Beno\u00eet Guillon\"},\"logo\":{\"@id\":\"https:\\\/\\\/www.meslibellules.fr\\\/blog\\\/wp-content\\\/uploads\\\/cropped-avatar-150-pix.jpg\"},\"sameAs\":[\"https:\\\/\\\/www.facebook.com\\\/benoit.guillon.96\\\/\"]}]}<\/script>\n<!-- \/ Yoast SEO plugin. -->","yoast_head_json":{"title":"Ischnura graellsii femelle - Mes Libellules","description":"Ischnura graellsii femelle au Portugal, identification, ontog\u00e9nie et diff\u00e9rentes formes, crit\u00e8res du pronotum et de la bande ant\u00e9hum\u00e9rale","robots":{"index":"index","follow":"follow","max-snippet":"max-snippet:-1","max-image-preview":"max-image-preview:large","max-video-preview":"max-video-preview:-1"},"canonical":"https:\/\/www.meslibellules.fr\/blog\/2026\/04\/26\/ischnura-graellsii-femelle\/","og_locale":"fr_FR","og_type":"article","og_title":"Ischnura graellsii femelle - Mes Libellules","og_description":"Ischnura graellsii femelle au Portugal, identification, ontog\u00e9nie et diff\u00e9rentes formes, crit\u00e8res du pronotum et de la bande ant\u00e9hum\u00e9rale","og_url":"https:\/\/www.meslibellules.fr\/blog\/2026\/04\/26\/ischnura-graellsii-femelle\/","og_site_name":"Mes Libellules","article_publisher":"https:\/\/www.facebook.com\/benoit.guillon.96\/","article_author":"https:\/\/www.facebook.com\/benoit.guillon.96\/","article_published_time":"2026-04-26T06:54:31+00:00","article_modified_time":"2026-04-26T06:54:32+00:00","og_image":[{"width":2560,"height":1349,"url":"https:\/\/www.meslibellules.fr\/blog\/wp-content\/uploads\/Ischnura-graellsii-femelle-androchrome-scaled.webp","type":"image\/webp"}],"author":"Beno\u00eet Guillon","twitter_card":"summary_large_image","twitter_misc":{"\u00c9crit par":"Beno\u00eet Guillon","Dur\u00e9e de lecture estim\u00e9e":"5 minutes"},"schema":{"@context":"https:\/\/schema.org","@graph":[{"@type":"Article","@id":"https:\/\/www.meslibellules.fr\/blog\/2026\/04\/26\/ischnura-graellsii-femelle\/#article","isPartOf":{"@id":"https:\/\/www.meslibellules.fr\/blog\/2026\/04\/26\/ischnura-graellsii-femelle\/"},"author":{"name":"Beno\u00eet Guillon","@id":"https:\/\/www.meslibellules.fr\/blog\/#\/schema\/person\/9aa3586f9dd053fcf329f43b8b053c77"},"headline":"Ischnura graellsii femelle (Rambur, 1842)","datePublished":"2026-04-26T06:54:31+00:00","dateModified":"2026-04-26T06:54:32+00:00","mainEntityOfPage":{"@id":"https:\/\/www.meslibellules.fr\/blog\/2026\/04\/26\/ischnura-graellsii-femelle\/"},"wordCount":531,"commentCount":0,"publisher":{"@id":"https:\/\/www.meslibellules.fr\/blog\/#\/schema\/person\/9aa3586f9dd053fcf329f43b8b053c77"},"image":{"@id":"https:\/\/www.meslibellules.fr\/blog\/2026\/04\/26\/ischnura-graellsii-femelle\/#primaryimage"},"thumbnailUrl":"https:\/\/www.meslibellules.fr\/blog\/wp-content\/uploads\/Ischnura-graellsii-femelle-androchrome-scaled.webp","inLanguage":"fr-FR","potentialAction":[{"@type":"CommentAction","name":"Comment","target":["https:\/\/www.meslibellules.fr\/blog\/2026\/04\/26\/ischnura-graellsii-femelle\/#respond"]}]},{"@type":"WebPage","@id":"https:\/\/www.meslibellules.fr\/blog\/2026\/04\/26\/ischnura-graellsii-femelle\/","url":"https:\/\/www.meslibellules.fr\/blog\/2026\/04\/26\/ischnura-graellsii-femelle\/","name":"Ischnura graellsii femelle - Mes Libellules","isPartOf":{"@id":"https:\/\/www.meslibellules.fr\/blog\/#website"},"primaryImageOfPage":{"@id":"https:\/\/www.meslibellules.fr\/blog\/2026\/04\/26\/ischnura-graellsii-femelle\/#primaryimage"},"image":{"@id":"https:\/\/www.meslibellules.fr\/blog\/2026\/04\/26\/ischnura-graellsii-femelle\/#primaryimage"},"thumbnailUrl":"https:\/\/www.meslibellules.fr\/blog\/wp-content\/uploads\/Ischnura-graellsii-femelle-androchrome-scaled.webp","datePublished":"2026-04-26T06:54:31+00:00","dateModified":"2026-04-26T06:54:32+00:00","description":"Ischnura graellsii femelle au Portugal, identification, ontog\u00e9nie et diff\u00e9rentes formes, crit\u00e8res du pronotum et de la bande ant\u00e9hum\u00e9rale","breadcrumb":{"@id":"https:\/\/www.meslibellules.fr\/blog\/2026\/04\/26\/ischnura-graellsii-femelle\/#breadcrumb"},"inLanguage":"fr-FR","potentialAction":[{"@type":"ReadAction","target":["https:\/\/www.meslibellules.fr\/blog\/2026\/04\/26\/ischnura-graellsii-femelle\/"]}]},{"@type":"ImageObject","inLanguage":"fr-FR","@id":"https:\/\/www.meslibellules.fr\/blog\/2026\/04\/26\/ischnura-graellsii-femelle\/#primaryimage","url":"https:\/\/www.meslibellules.fr\/blog\/wp-content\/uploads\/Ischnura-graellsii-femelle-androchrome-scaled.webp","contentUrl":"https:\/\/www.meslibellules.fr\/blog\/wp-content\/uploads\/Ischnura-graellsii-femelle-androchrome-scaled.webp","width":2560,"height":1349,"caption":"Ischnura graellsii femelle androchrome, Portugal, Lisbonne, 14\/04\/2026"},{"@type":"BreadcrumbList","@id":"https:\/\/www.meslibellules.fr\/blog\/2026\/04\/26\/ischnura-graellsii-femelle\/#breadcrumb","itemListElement":[{"@type":"ListItem","position":1,"name":"Accueil","item":"https:\/\/www.meslibellules.fr\/blog\/"},{"@type":"ListItem","position":2,"name":"Ischnura graellsii femelle (Rambur, 1842)"}]},{"@type":"WebSite","@id":"https:\/\/www.meslibellules.fr\/blog\/#website","url":"https:\/\/www.meslibellules.fr\/blog\/","name":"Mes Libellules","description":"Pr\u00e9sentation des libellules rencontr\u00e9es dans le monde","publisher":{"@id":"https:\/\/www.meslibellules.fr\/blog\/#\/schema\/person\/9aa3586f9dd053fcf329f43b8b053c77"},"potentialAction":[{"@type":"SearchAction","target":{"@type":"EntryPoint","urlTemplate":"https:\/\/www.meslibellules.fr\/blog\/?s={search_term_string}"},"query-input":{"@type":"PropertyValueSpecification","valueRequired":true,"valueName":"search_term_string"}}],"inLanguage":"fr-FR"},{"@type":["Person","Organization"],"@id":"https:\/\/www.meslibellules.fr\/blog\/#\/schema\/person\/9aa3586f9dd053fcf329f43b8b053c77","name":"Beno\u00eet Guillon","image":{"@type":"ImageObject","inLanguage":"fr-FR","@id":"https:\/\/www.meslibellules.fr\/blog\/wp-content\/uploads\/cropped-avatar-150-pix.jpg","url":"https:\/\/www.meslibellules.fr\/blog\/wp-content\/uploads\/cropped-avatar-150-pix.jpg","contentUrl":"https:\/\/www.meslibellules.fr\/blog\/wp-content\/uploads\/cropped-avatar-150-pix.jpg","width":150,"height":137,"caption":"Beno\u00eet Guillon"},"logo":{"@id":"https:\/\/www.meslibellules.fr\/blog\/wp-content\/uploads\/cropped-avatar-150-pix.jpg"},"sameAs":["https:\/\/www.facebook.com\/benoit.guillon.96\/"]}]}},"_links":{"self":[{"href":"https:\/\/www.meslibellules.fr\/blog\/wp-json\/wp\/v2\/posts\/29078","targetHints":{"allow":["GET"]}}],"collection":[{"href":"https:\/\/www.meslibellules.fr\/blog\/wp-json\/wp\/v2\/posts"}],"about":[{"href":"https:\/\/www.meslibellules.fr\/blog\/wp-json\/wp\/v2\/types\/post"}],"author":[{"embeddable":true,"href":"https:\/\/www.meslibellules.fr\/blog\/wp-json\/wp\/v2\/users\/1"}],"replies":[{"embeddable":true,"href":"https:\/\/www.meslibellules.fr\/blog\/wp-json\/wp\/v2\/comments?post=29078"}],"version-history":[{"count":10,"href":"https:\/\/www.meslibellules.fr\/blog\/wp-json\/wp\/v2\/posts\/29078\/revisions"}],"predecessor-version":[{"id":29098,"href":"https:\/\/www.meslibellules.fr\/blog\/wp-json\/wp\/v2\/posts\/29078\/revisions\/29098"}],"wp:attachment":[{"href":"https:\/\/www.meslibellules.fr\/blog\/wp-json\/wp\/v2\/media?parent=29078"}],"wp:term":[{"taxonomy":"category","embeddable":true,"href":"https:\/\/www.meslibellules.fr\/blog\/wp-json\/wp\/v2\/categories?post=29078"},{"taxonomy":"post_tag","embeddable":true,"href":"https:\/\/www.meslibellules.fr\/blog\/wp-json\/wp\/v2\/tags?post=29078"}],"curies":[{"name":"wp","href":"https:\/\/api.w.org\/{rel}","templated":true}]}}