{"id":29105,"date":"2026-04-27T05:03:11","date_gmt":"2026-04-27T03:03:11","guid":{"rendered":"https:\/\/www.meslibellules.fr\/blog\/?p=29105"},"modified":"2026-04-27T05:03:13","modified_gmt":"2026-04-27T03:03:13","slug":"sapho-bicolor","status":"publish","type":"post","link":"https:\/\/www.meslibellules.fr\/blog\/2026\/04\/27\/sapho-bicolor\/","title":{"rendered":"Ghana &#8211; Sapho bicolor Selys, 1853"},"content":{"rendered":"\n<figure class=\"wp-block-image aligncenter size-full is-resized\"><a href=\"https:\/\/www.meslibellules.fr\/blog\/wp-content\/uploads\/Sapho-bicolor-male-1.webp\"><img decoding=\"async\" width=\"1516\" height=\"1004\" data-src=\"https:\/\/www.meslibellules.fr\/blog\/wp-content\/uploads\/Sapho-bicolor-male-1.webp\" alt=\"Sapho bicolor m\u00e2le, Ghana, Kakum National Park, 13\/01\/2026\" class=\"wp-image-29103 lazyload\" style=\"--smush-placeholder-width: 1516px; --smush-placeholder-aspect-ratio: 1516\/1004;aspect-ratio:1.5099818511796734;width:602px;height:auto\" data-srcset=\"https:\/\/www.meslibellules.fr\/blog\/wp-content\/uploads\/Sapho-bicolor-male-1.webp 1516w, https:\/\/www.meslibellules.fr\/blog\/wp-content\/uploads\/Sapho-bicolor-male-1-768x509.webp 768w\" data-sizes=\"(max-width: 1516px) 100vw, 1516px\" src=\"data:image\/svg+xml;base64,PHN2ZyB3aWR0aD0iMSIgaGVpZ2h0PSIxIiB4bWxucz0iaHR0cDovL3d3dy53My5vcmcvMjAwMC9zdmciPjwvc3ZnPg==\" \/><\/a><figcaption class=\"wp-element-caption\">Sapho bicolor m\u00e2le, Ghana, Kakum National Park, 13\/01\/2026<\/figcaption><\/figure>\n\n\n\n<p>Nous avons rencontr\u00e9 Sapho bicolor \u00e0 plusieurs reprises, mais il s&rsquo;est av\u00e9r\u00e9 impossible \u00e0 approcher malgr\u00e9 toutes mes tentatives ; je pense qu&rsquo;il d\u00e9collait d\u00e8s que j&rsquo;arrivais \u00e0 5 m\u00e8tres de lui. Et pas de chance, j&rsquo;utilisais encore ce jour un Full Frame, qui fait para\u00eetre le sujet encore plus \u00e9loign\u00e9. J&rsquo;en suis tr\u00e8s f\u00e2ch\u00e9 car c&rsquo;est un odonate magnifique et mes photos ne lui rendent pas hommage.<br><br>Le genre, end\u00e9mique d&rsquo;Afrique tropicale, compte sept esp\u00e8ces (<a href=\"https:\/\/www.odonatacentral.org\/app\/#\/wol\/\" target=\"_blank\" rel=\"noreferrer noopener\">World Odonata List<\/a>) et il diff\u00e8re du genre Umma, principalement par le fait que ses sujets sont plus robustes, avec des pt\u00e9rostigmas plus grands, et arborent souvent des ailes color\u00e9es (ADDO (2023)). Mais il n&rsquo;est pas impossible qu&rsquo;un jour les genres soient fusionn\u00e9s dans le genre Sapho qui aurait la pr\u00e9s\u00e9ance&#8230;<br><br>Il n&rsquo;y a que deux repr\u00e9sentants du genre au Ghana et ils sont faciles \u00e0 s\u00e9parer puisque S. ciliata montre des ailes enti\u00e8rement color\u00e9es. Sapho bicolor est de plus le seul Calopterygidae en Afrique \u00e0 montrer de telles ailes larges avec une d\u00e9marcation de couleur si marqu\u00e9e. Il est \u00e0 noter que dans le centre de l&rsquo;Afrique on d\u00e9crit une forme <em>superba<\/em>, pour laquelle la zone sombre est bord\u00e9e d&rsquo;une zone diffuse blanch\u00e2tre ou blanche magnifique.<br>Il a \u00e9t\u00e9 d\u00e9crit par Selys qui donne son abdomen pour 44-45 mm, soit une longueur totale d&rsquo;environ 59 mm.<\/p>\n\n\n\n<div style=\"height:31px\" aria-hidden=\"true\" class=\"wp-block-spacer\"><\/div>\n\n\n\n<div class=\"wp-block-media-text is-stacked-on-mobile\" style=\"grid-template-columns:42% auto\"><figure class=\"wp-block-media-text__media\"><a href=\"https:\/\/www.meslibellules.fr\/blog\/wp-content\/uploads\/Sapho-bicolor-male-2.webp\"><img decoding=\"async\" width=\"909\" height=\"1204\" data-src=\"https:\/\/www.meslibellules.fr\/blog\/wp-content\/uploads\/Sapho-bicolor-male-2.webp\" alt=\"Sapho bicolor m\u00e2le, Ghana, Kakum National Park, 13\/01\/2026\" class=\"wp-image-29104 size-full lazyload\" data-srcset=\"https:\/\/www.meslibellules.fr\/blog\/wp-content\/uploads\/Sapho-bicolor-male-2.webp 909w, https:\/\/www.meslibellules.fr\/blog\/wp-content\/uploads\/Sapho-bicolor-male-2-768x1017.webp 768w\" data-sizes=\"(max-width: 909px) 100vw, 909px\" src=\"data:image\/svg+xml;base64,PHN2ZyB3aWR0aD0iMSIgaGVpZ2h0PSIxIiB4bWxucz0iaHR0cDovL3d3dy53My5vcmcvMjAwMC9zdmciPjwvc3ZnPg==\" style=\"--smush-placeholder-width: 909px; --smush-placeholder-aspect-ratio: 909\/1204;\" \/><\/a><\/figure><div class=\"wp-block-media-text__content\">\n<p>C&rsquo;est un habitant de ruisseaux de for\u00eats, tr\u00e8s \u00e0 l&rsquo;ombre, mais c&rsquo;est dans un environnement perturb\u00e9 de broussailles et d&rsquo;arbres tomb\u00e9s, dans une zone mar\u00e9cageuse, que ces photos ont \u00e9t\u00e9 r\u00e9alis\u00e9es. Il est parfois difficile, dans la jungle, de savoir si un ruisseau n&rsquo;est pas cach\u00e9 \u00e0 quelques m\u00e8tres dans la v\u00e9g\u00e9tation.<br><br>Sa distribution s&rsquo;\u00e9tend de la Guin\u00e9e, de la Sierra Leone et du Lib\u00e9ria au Gabon, au Cameroun, aux deux Congo et \u00e0 la R\u00e9publique centrafricaine. Il n&rsquo;est cependant pas connu actuellement au B\u00e9nin.<br><a href=\"https:\/\/www.iucnredlist.org\/species\/184207\/75086823\">IUCN Red List<\/a>.<\/p>\n<\/div><\/div>\n\n\n\n<div style=\"height:30px\" aria-hidden=\"true\" class=\"wp-block-spacer\"><\/div>\n\n\n\n<p><strong>\u00c9tymologie<\/strong><br><strong>Sapho<\/strong> fait r\u00e9f\u00e9rence \u00e0 Sappho ou Sapho, po\u00e9tesse grecque de l&rsquo;Antiquit\u00e9 (VII\u1d49 si\u00e8cle av. J.-C.) originaire de l&rsquo;\u00eele de Lesbos. Selys, dans son Synopsis des Calopt\u00e9rygines, cr\u00e9e de nombreux genres et multiplie les r\u00e9f\u00e9rences \u00e0 la mythologie ou \u00e0 l&rsquo;histoire ; des genres se voient ainsi nomm\u00e9s Phaon (passeur sur l&rsquo;\u00eele de Lesbos dont Sappho tombera amoureuse) et Cleis (pr\u00e9nom de la m\u00e8re et de la fille de Sappho). Voir Fliedner (2006).<br><strong>Bicolor<\/strong> est tout simplement l&rsquo;adjectif latin <em>bicolore<\/em> qui se rapporte bien s\u00fbr aux ailes de cet odonate.<\/p>\n\n\n\n<div style=\"height:49px\" aria-hidden=\"true\" class=\"wp-block-spacer\"><\/div>\n\n\n\n<p style=\"font-size:13px\"><strong>Dijkstra, K.-D.B (editor ADDO), 2023<\/strong>\u00a0\u2013\u00a0<a href=\"https:\/\/web.archive.org\/web\/20231207155033\/http:\/\/addo.adu.org.za\/index.php?taxon_id=5300\" target=\"_blank\" rel=\"noreferrer noopener\">African Dragonflies and Damselflies (ADDO)<\/a>\u00a0\u2013\u00a0Genus Sapho\u00a0\u2013 [Le lien peut ne pas fonctionner ; lien\u00a0<em>web.archive<\/em>\u00a0\u00e0 partir du site ADDO, maintenant hors ligne.]<br><strong>Fliedner, 2006<\/strong>.\u00a0<a href=\"https:\/\/www.zobodat.at\/pdf\/Virgo_9_I-XXVIII.pdf\">The scientific names of the Odonata in Burmeister\u2019s \u00ab\u00a0Handbuch der Entomologie\u00a0\u00bb<\/a>.<br><strong>Selys-Longchamps, Edm. de., 1853<\/strong> &#8211;\u00a0<a href=\"https:\/\/www.biodiversitylibrary.org\/page\/2728662#page\/35\/mode\/1up\" target=\"_blank\" rel=\"noreferrer noopener\">Synopsis des Calopt\u00e9rygines<\/a>. Bull. Acad. Belg. 20, Annexe, 1-73 \u2013 P. 21.<\/p>\n\n\n\n<div style=\"height:30px\" aria-hidden=\"true\" class=\"wp-block-spacer\"><\/div>\n\n\n\n<div class=\"wp-block-buttons is-vertical is-layout-flex wp-container-core-buttons-is-layout-fe9cc265 wp-block-buttons-is-layout-flex\">\n<div class=\"wp-block-button\"><a class=\"wp-block-button__link wp-element-button\" href=\"https:\/\/www.meslibellules.fr\/blog\/libellules-du-ghana-odonates-of-ghana\/\">Accueil Ghana<\/a><\/div>\n\n\n\n<div class=\"wp-block-button\"><a class=\"wp-block-button__link wp-element-button\" href=\"http:\/\/www.meslibellules.fr\/pagesweb\/divers\/liste-generale-odonates-du-site\/africa-odonates.php\">Liste africaine<\/a><\/div>\n\n\n\n<div class=\"wp-block-button\"><a class=\"wp-block-button__link wp-element-button\" href=\"https:\/\/www.meslibellules.fr\/blog\/\">Accueil<\/a><\/div>\n<\/div>\n","protected":false},"excerpt":{"rendered":"<p>Nous avons rencontr\u00e9 Sapho bicolor \u00e0 plusieurs reprises, mais il s&rsquo;est av\u00e9r\u00e9 impossible \u00e0 approcher malgr\u00e9 toutes mes tentatives ; je pense qu&rsquo;il d\u00e9collait d\u00e8s que j&rsquo;arrivais \u00e0 5 m\u00e8tres de lui. Et pas de chance, j&rsquo;utilisais encore ce jour un Full Frame, qui fait para\u00eetre le sujet encore plus \u00e9loign\u00e9. J&rsquo;en suis tr\u00e8s f\u00e2ch\u00e9 [&hellip;]<\/p>\n","protected":false},"author":1,"featured_media":0,"comment_status":"open","ping_status":"open","sticky":false,"template":"","format":"image","meta":{"site-sidebar-layout":"default","site-content-layout":"","ast-site-content-layout":"default","site-content-style":"default","site-sidebar-style":"default","ast-global-header-display":"","ast-banner-title-visibility":"","ast-main-header-display":"","ast-hfb-above-header-display":"","ast-hfb-below-header-display":"","ast-hfb-mobile-header-display":"","site-post-title":"","ast-breadcrumbs-content":"","ast-featured-img":"","footer-sml-layout":"","ast-disable-related-posts":"","theme-transparent-header-meta":"","adv-header-id-meta":"","stick-header-meta":"","header-above-stick-meta":"","header-main-stick-meta":"","header-below-stick-meta":"","astra-migrate-meta-layouts":"set","ast-page-background-enabled":"default","ast-page-background-meta":{"desktop":{"background-color":"var(--ast-global-color-4)","background-image":"","background-repeat":"repeat","background-position":"center center","background-size":"auto","background-attachment":"scroll","background-type":"","background-media":"","overlay-type":"","overlay-color":"","overlay-opacity":"","overlay-gradient":""},"tablet":{"background-color":"","background-image":"","background-repeat":"repeat","background-position":"center center","background-size":"auto","background-attachment":"scroll","background-type":"","background-media":"","overlay-type":"","overlay-color":"","overlay-opacity":"","overlay-gradient":""},"mobile":{"background-color":"","background-image":"","background-repeat":"repeat","background-position":"center center","background-size":"auto","background-attachment":"scroll","background-type":"","background-media":"","overlay-type":"","overlay-color":"","overlay-opacity":"","overlay-gradient":""}},"ast-content-background-meta":{"desktop":{"background-color":"var(--ast-global-color-5)","background-image":"","background-repeat":"repeat","background-position":"center center","background-size":"auto","background-attachment":"scroll","background-type":"","background-media":"","overlay-type":"","overlay-color":"","overlay-opacity":"","overlay-gradient":""},"tablet":{"background-color":"var(--ast-global-color-5)","background-image":"","background-repeat":"repeat","background-position":"center center","background-size":"auto","background-attachment":"scroll","background-type":"","background-media":"","overlay-type":"","overlay-color":"","overlay-opacity":"","overlay-gradient":""},"mobile":{"background-color":"var(--ast-global-color-5)","background-image":"","background-repeat":"repeat","background-position":"center center","background-size":"auto","background-attachment":"scroll","background-type":"","background-media":"","overlay-type":"","overlay-color":"","overlay-opacity":"","overlay-gradient":""}},"footnotes":""},"categories":[38800,38663],"tags":[],"class_list":["post-29105","post","type-post","status-publish","format-image","hentry","category-calopterygidae-ghana","category-ghana","post_format-post-format-image"],"yoast_head":"<!-- This site is optimized with the Yoast SEO plugin v27.4 - https:\/\/yoast.com\/product\/yoast-seo-wordpress\/ -->\n<title>Sapho bicolor - Mes Libellules<\/title>\n<meta name=\"description\" content=\"Sapho bicolor m\u00e2le au Ghana, description, identification, taille, habitat, distribution g\u00e9ographique, \u00e9tymologie\" \/>\n<meta name=\"robots\" content=\"index, follow, max-snippet:-1, max-image-preview:large, max-video-preview:-1\" \/>\n<link rel=\"canonical\" href=\"https:\/\/www.meslibellules.fr\/blog\/2026\/04\/27\/sapho-bicolor\/\" \/>\n<meta property=\"og:locale\" content=\"fr_FR\" \/>\n<meta property=\"og:type\" content=\"article\" \/>\n<meta property=\"og:title\" content=\"Sapho bicolor - Mes Libellules\" \/>\n<meta property=\"og:description\" content=\"Sapho bicolor m\u00e2le au Ghana, description, identification, taille, habitat, distribution g\u00e9ographique, \u00e9tymologie\" \/>\n<meta property=\"og:url\" content=\"https:\/\/www.meslibellules.fr\/blog\/2026\/04\/27\/sapho-bicolor\/\" \/>\n<meta property=\"og:site_name\" content=\"Mes Libellules\" \/>\n<meta property=\"article:publisher\" content=\"https:\/\/www.facebook.com\/benoit.guillon.96\/\" \/>\n<meta property=\"article:author\" content=\"https:\/\/www.facebook.com\/benoit.guillon.96\/\" \/>\n<meta property=\"article:published_time\" content=\"2026-04-27T03:03:11+00:00\" \/>\n<meta property=\"article:modified_time\" content=\"2026-04-27T03:03:13+00:00\" \/>\n<meta property=\"og:image\" content=\"https:\/\/www.meslibellules.fr\/blog\/wp-content\/uploads\/Sapho-bicolor-male-1.webp\" \/>\n\t<meta property=\"og:image:width\" content=\"1516\" \/>\n\t<meta property=\"og:image:height\" content=\"1004\" \/>\n\t<meta property=\"og:image:type\" content=\"image\/webp\" \/>\n<meta name=\"author\" content=\"Beno\u00eet Guillon\" \/>\n<meta name=\"twitter:card\" content=\"summary_large_image\" \/>\n<meta name=\"twitter:label1\" content=\"\u00c9crit par\" \/>\n\t<meta name=\"twitter:data1\" content=\"Beno\u00eet Guillon\" \/>\n\t<meta name=\"twitter:label2\" content=\"Dur\u00e9e de lecture estim\u00e9e\" \/>\n\t<meta name=\"twitter:data2\" content=\"3 minutes\" \/>\n<script type=\"application\/ld+json\" class=\"yoast-schema-graph\">{\"@context\":\"https:\\\/\\\/schema.org\",\"@graph\":[{\"@type\":\"Article\",\"@id\":\"https:\\\/\\\/www.meslibellules.fr\\\/blog\\\/2026\\\/04\\\/27\\\/sapho-bicolor\\\/#article\",\"isPartOf\":{\"@id\":\"https:\\\/\\\/www.meslibellules.fr\\\/blog\\\/2026\\\/04\\\/27\\\/sapho-bicolor\\\/\"},\"author\":{\"name\":\"Beno\u00eet Guillon\",\"@id\":\"https:\\\/\\\/www.meslibellules.fr\\\/blog\\\/#\\\/schema\\\/person\\\/9aa3586f9dd053fcf329f43b8b053c77\"},\"headline\":\"Ghana &#8211; Sapho bicolor Selys, 1853\",\"datePublished\":\"2026-04-27T03:03:11+00:00\",\"dateModified\":\"2026-04-27T03:03:13+00:00\",\"mainEntityOfPage\":{\"@id\":\"https:\\\/\\\/www.meslibellules.fr\\\/blog\\\/2026\\\/04\\\/27\\\/sapho-bicolor\\\/\"},\"wordCount\":528,\"commentCount\":0,\"publisher\":{\"@id\":\"https:\\\/\\\/www.meslibellules.fr\\\/blog\\\/#\\\/schema\\\/person\\\/9aa3586f9dd053fcf329f43b8b053c77\"},\"image\":{\"@id\":\"https:\\\/\\\/www.meslibellules.fr\\\/blog\\\/2026\\\/04\\\/27\\\/sapho-bicolor\\\/#primaryimage\"},\"thumbnailUrl\":\"https:\\\/\\\/www.meslibellules.fr\\\/blog\\\/wp-content\\\/uploads\\\/Sapho-bicolor-male-1.webp\",\"articleSection\":[\"Calopterygidae\",\"Ghana\"],\"inLanguage\":\"fr-FR\",\"potentialAction\":[{\"@type\":\"CommentAction\",\"name\":\"Comment\",\"target\":[\"https:\\\/\\\/www.meslibellules.fr\\\/blog\\\/2026\\\/04\\\/27\\\/sapho-bicolor\\\/#respond\"]}]},{\"@type\":\"WebPage\",\"@id\":\"https:\\\/\\\/www.meslibellules.fr\\\/blog\\\/2026\\\/04\\\/27\\\/sapho-bicolor\\\/\",\"url\":\"https:\\\/\\\/www.meslibellules.fr\\\/blog\\\/2026\\\/04\\\/27\\\/sapho-bicolor\\\/\",\"name\":\"Sapho bicolor - Mes Libellules\",\"isPartOf\":{\"@id\":\"https:\\\/\\\/www.meslibellules.fr\\\/blog\\\/#website\"},\"primaryImageOfPage\":{\"@id\":\"https:\\\/\\\/www.meslibellules.fr\\\/blog\\\/2026\\\/04\\\/27\\\/sapho-bicolor\\\/#primaryimage\"},\"image\":{\"@id\":\"https:\\\/\\\/www.meslibellules.fr\\\/blog\\\/2026\\\/04\\\/27\\\/sapho-bicolor\\\/#primaryimage\"},\"thumbnailUrl\":\"https:\\\/\\\/www.meslibellules.fr\\\/blog\\\/wp-content\\\/uploads\\\/Sapho-bicolor-male-1.webp\",\"datePublished\":\"2026-04-27T03:03:11+00:00\",\"dateModified\":\"2026-04-27T03:03:13+00:00\",\"description\":\"Sapho bicolor m\u00e2le au Ghana, description, identification, taille, habitat, distribution g\u00e9ographique, \u00e9tymologie\",\"breadcrumb\":{\"@id\":\"https:\\\/\\\/www.meslibellules.fr\\\/blog\\\/2026\\\/04\\\/27\\\/sapho-bicolor\\\/#breadcrumb\"},\"inLanguage\":\"fr-FR\",\"potentialAction\":[{\"@type\":\"ReadAction\",\"target\":[\"https:\\\/\\\/www.meslibellules.fr\\\/blog\\\/2026\\\/04\\\/27\\\/sapho-bicolor\\\/\"]}]},{\"@type\":\"ImageObject\",\"inLanguage\":\"fr-FR\",\"@id\":\"https:\\\/\\\/www.meslibellules.fr\\\/blog\\\/2026\\\/04\\\/27\\\/sapho-bicolor\\\/#primaryimage\",\"url\":\"https:\\\/\\\/www.meslibellules.fr\\\/blog\\\/wp-content\\\/uploads\\\/Sapho-bicolor-male-1.webp\",\"contentUrl\":\"https:\\\/\\\/www.meslibellules.fr\\\/blog\\\/wp-content\\\/uploads\\\/Sapho-bicolor-male-1.webp\"},{\"@type\":\"BreadcrumbList\",\"@id\":\"https:\\\/\\\/www.meslibellules.fr\\\/blog\\\/2026\\\/04\\\/27\\\/sapho-bicolor\\\/#breadcrumb\",\"itemListElement\":[{\"@type\":\"ListItem\",\"position\":1,\"name\":\"Accueil\",\"item\":\"https:\\\/\\\/www.meslibellules.fr\\\/blog\\\/\"},{\"@type\":\"ListItem\",\"position\":2,\"name\":\"Ghana &#8211; Sapho bicolor Selys, 1853\"}]},{\"@type\":\"WebSite\",\"@id\":\"https:\\\/\\\/www.meslibellules.fr\\\/blog\\\/#website\",\"url\":\"https:\\\/\\\/www.meslibellules.fr\\\/blog\\\/\",\"name\":\"Mes Libellules\",\"description\":\"Pr\u00e9sentation des libellules rencontr\u00e9es dans le monde\",\"publisher\":{\"@id\":\"https:\\\/\\\/www.meslibellules.fr\\\/blog\\\/#\\\/schema\\\/person\\\/9aa3586f9dd053fcf329f43b8b053c77\"},\"potentialAction\":[{\"@type\":\"SearchAction\",\"target\":{\"@type\":\"EntryPoint\",\"urlTemplate\":\"https:\\\/\\\/www.meslibellules.fr\\\/blog\\\/?s={search_term_string}\"},\"query-input\":{\"@type\":\"PropertyValueSpecification\",\"valueRequired\":true,\"valueName\":\"search_term_string\"}}],\"inLanguage\":\"fr-FR\"},{\"@type\":[\"Person\",\"Organization\"],\"@id\":\"https:\\\/\\\/www.meslibellules.fr\\\/blog\\\/#\\\/schema\\\/person\\\/9aa3586f9dd053fcf329f43b8b053c77\",\"name\":\"Beno\u00eet Guillon\",\"image\":{\"@type\":\"ImageObject\",\"inLanguage\":\"fr-FR\",\"@id\":\"https:\\\/\\\/www.meslibellules.fr\\\/blog\\\/wp-content\\\/uploads\\\/cropped-avatar-150-pix.jpg\",\"url\":\"https:\\\/\\\/www.meslibellules.fr\\\/blog\\\/wp-content\\\/uploads\\\/cropped-avatar-150-pix.jpg\",\"contentUrl\":\"https:\\\/\\\/www.meslibellules.fr\\\/blog\\\/wp-content\\\/uploads\\\/cropped-avatar-150-pix.jpg\",\"width\":150,\"height\":137,\"caption\":\"Beno\u00eet Guillon\"},\"logo\":{\"@id\":\"https:\\\/\\\/www.meslibellules.fr\\\/blog\\\/wp-content\\\/uploads\\\/cropped-avatar-150-pix.jpg\"},\"sameAs\":[\"https:\\\/\\\/www.facebook.com\\\/benoit.guillon.96\\\/\"]}]}<\/script>\n<!-- \/ Yoast SEO plugin. -->","yoast_head_json":{"title":"Sapho bicolor - Mes Libellules","description":"Sapho bicolor m\u00e2le au Ghana, description, identification, taille, habitat, distribution g\u00e9ographique, \u00e9tymologie","robots":{"index":"index","follow":"follow","max-snippet":"max-snippet:-1","max-image-preview":"max-image-preview:large","max-video-preview":"max-video-preview:-1"},"canonical":"https:\/\/www.meslibellules.fr\/blog\/2026\/04\/27\/sapho-bicolor\/","og_locale":"fr_FR","og_type":"article","og_title":"Sapho bicolor - Mes Libellules","og_description":"Sapho bicolor m\u00e2le au Ghana, description, identification, taille, habitat, distribution g\u00e9ographique, \u00e9tymologie","og_url":"https:\/\/www.meslibellules.fr\/blog\/2026\/04\/27\/sapho-bicolor\/","og_site_name":"Mes Libellules","article_publisher":"https:\/\/www.facebook.com\/benoit.guillon.96\/","article_author":"https:\/\/www.facebook.com\/benoit.guillon.96\/","article_published_time":"2026-04-27T03:03:11+00:00","article_modified_time":"2026-04-27T03:03:13+00:00","og_image":[{"width":1516,"height":1004,"url":"https:\/\/www.meslibellules.fr\/blog\/wp-content\/uploads\/Sapho-bicolor-male-1.webp","type":"image\/webp"}],"author":"Beno\u00eet Guillon","twitter_card":"summary_large_image","twitter_misc":{"\u00c9crit par":"Beno\u00eet Guillon","Dur\u00e9e de lecture estim\u00e9e":"3 minutes"},"schema":{"@context":"https:\/\/schema.org","@graph":[{"@type":"Article","@id":"https:\/\/www.meslibellules.fr\/blog\/2026\/04\/27\/sapho-bicolor\/#article","isPartOf":{"@id":"https:\/\/www.meslibellules.fr\/blog\/2026\/04\/27\/sapho-bicolor\/"},"author":{"name":"Beno\u00eet Guillon","@id":"https:\/\/www.meslibellules.fr\/blog\/#\/schema\/person\/9aa3586f9dd053fcf329f43b8b053c77"},"headline":"Ghana &#8211; Sapho bicolor Selys, 1853","datePublished":"2026-04-27T03:03:11+00:00","dateModified":"2026-04-27T03:03:13+00:00","mainEntityOfPage":{"@id":"https:\/\/www.meslibellules.fr\/blog\/2026\/04\/27\/sapho-bicolor\/"},"wordCount":528,"commentCount":0,"publisher":{"@id":"https:\/\/www.meslibellules.fr\/blog\/#\/schema\/person\/9aa3586f9dd053fcf329f43b8b053c77"},"image":{"@id":"https:\/\/www.meslibellules.fr\/blog\/2026\/04\/27\/sapho-bicolor\/#primaryimage"},"thumbnailUrl":"https:\/\/www.meslibellules.fr\/blog\/wp-content\/uploads\/Sapho-bicolor-male-1.webp","articleSection":["Calopterygidae","Ghana"],"inLanguage":"fr-FR","potentialAction":[{"@type":"CommentAction","name":"Comment","target":["https:\/\/www.meslibellules.fr\/blog\/2026\/04\/27\/sapho-bicolor\/#respond"]}]},{"@type":"WebPage","@id":"https:\/\/www.meslibellules.fr\/blog\/2026\/04\/27\/sapho-bicolor\/","url":"https:\/\/www.meslibellules.fr\/blog\/2026\/04\/27\/sapho-bicolor\/","name":"Sapho bicolor - Mes Libellules","isPartOf":{"@id":"https:\/\/www.meslibellules.fr\/blog\/#website"},"primaryImageOfPage":{"@id":"https:\/\/www.meslibellules.fr\/blog\/2026\/04\/27\/sapho-bicolor\/#primaryimage"},"image":{"@id":"https:\/\/www.meslibellules.fr\/blog\/2026\/04\/27\/sapho-bicolor\/#primaryimage"},"thumbnailUrl":"https:\/\/www.meslibellules.fr\/blog\/wp-content\/uploads\/Sapho-bicolor-male-1.webp","datePublished":"2026-04-27T03:03:11+00:00","dateModified":"2026-04-27T03:03:13+00:00","description":"Sapho bicolor m\u00e2le au Ghana, description, identification, taille, habitat, distribution g\u00e9ographique, \u00e9tymologie","breadcrumb":{"@id":"https:\/\/www.meslibellules.fr\/blog\/2026\/04\/27\/sapho-bicolor\/#breadcrumb"},"inLanguage":"fr-FR","potentialAction":[{"@type":"ReadAction","target":["https:\/\/www.meslibellules.fr\/blog\/2026\/04\/27\/sapho-bicolor\/"]}]},{"@type":"ImageObject","inLanguage":"fr-FR","@id":"https:\/\/www.meslibellules.fr\/blog\/2026\/04\/27\/sapho-bicolor\/#primaryimage","url":"https:\/\/www.meslibellules.fr\/blog\/wp-content\/uploads\/Sapho-bicolor-male-1.webp","contentUrl":"https:\/\/www.meslibellules.fr\/blog\/wp-content\/uploads\/Sapho-bicolor-male-1.webp"},{"@type":"BreadcrumbList","@id":"https:\/\/www.meslibellules.fr\/blog\/2026\/04\/27\/sapho-bicolor\/#breadcrumb","itemListElement":[{"@type":"ListItem","position":1,"name":"Accueil","item":"https:\/\/www.meslibellules.fr\/blog\/"},{"@type":"ListItem","position":2,"name":"Ghana &#8211; Sapho bicolor Selys, 1853"}]},{"@type":"WebSite","@id":"https:\/\/www.meslibellules.fr\/blog\/#website","url":"https:\/\/www.meslibellules.fr\/blog\/","name":"Mes Libellules","description":"Pr\u00e9sentation des libellules rencontr\u00e9es dans le monde","publisher":{"@id":"https:\/\/www.meslibellules.fr\/blog\/#\/schema\/person\/9aa3586f9dd053fcf329f43b8b053c77"},"potentialAction":[{"@type":"SearchAction","target":{"@type":"EntryPoint","urlTemplate":"https:\/\/www.meslibellules.fr\/blog\/?s={search_term_string}"},"query-input":{"@type":"PropertyValueSpecification","valueRequired":true,"valueName":"search_term_string"}}],"inLanguage":"fr-FR"},{"@type":["Person","Organization"],"@id":"https:\/\/www.meslibellules.fr\/blog\/#\/schema\/person\/9aa3586f9dd053fcf329f43b8b053c77","name":"Beno\u00eet Guillon","image":{"@type":"ImageObject","inLanguage":"fr-FR","@id":"https:\/\/www.meslibellules.fr\/blog\/wp-content\/uploads\/cropped-avatar-150-pix.jpg","url":"https:\/\/www.meslibellules.fr\/blog\/wp-content\/uploads\/cropped-avatar-150-pix.jpg","contentUrl":"https:\/\/www.meslibellules.fr\/blog\/wp-content\/uploads\/cropped-avatar-150-pix.jpg","width":150,"height":137,"caption":"Beno\u00eet Guillon"},"logo":{"@id":"https:\/\/www.meslibellules.fr\/blog\/wp-content\/uploads\/cropped-avatar-150-pix.jpg"},"sameAs":["https:\/\/www.facebook.com\/benoit.guillon.96\/"]}]}},"_links":{"self":[{"href":"https:\/\/www.meslibellules.fr\/blog\/wp-json\/wp\/v2\/posts\/29105","targetHints":{"allow":["GET"]}}],"collection":[{"href":"https:\/\/www.meslibellules.fr\/blog\/wp-json\/wp\/v2\/posts"}],"about":[{"href":"https:\/\/www.meslibellules.fr\/blog\/wp-json\/wp\/v2\/types\/post"}],"author":[{"embeddable":true,"href":"https:\/\/www.meslibellules.fr\/blog\/wp-json\/wp\/v2\/users\/1"}],"replies":[{"embeddable":true,"href":"https:\/\/www.meslibellules.fr\/blog\/wp-json\/wp\/v2\/comments?post=29105"}],"version-history":[{"count":7,"href":"https:\/\/www.meslibellules.fr\/blog\/wp-json\/wp\/v2\/posts\/29105\/revisions"}],"predecessor-version":[{"id":29112,"href":"https:\/\/www.meslibellules.fr\/blog\/wp-json\/wp\/v2\/posts\/29105\/revisions\/29112"}],"wp:attachment":[{"href":"https:\/\/www.meslibellules.fr\/blog\/wp-json\/wp\/v2\/media?parent=29105"}],"wp:term":[{"taxonomy":"category","embeddable":true,"href":"https:\/\/www.meslibellules.fr\/blog\/wp-json\/wp\/v2\/categories?post=29105"},{"taxonomy":"post_tag","embeddable":true,"href":"https:\/\/www.meslibellules.fr\/blog\/wp-json\/wp\/v2\/tags?post=29105"}],"curies":[{"name":"wp","href":"https:\/\/api.w.org\/{rel}","templated":true}]}}